{"id":9817,"date":"2020-04-30T22:08:12","date_gmt":"2020-04-30T19:08:12","guid":{"rendered":"https:\/\/www.oitchau.com.br\/blog\/?p=9817"},"modified":"2023-09-04T16:18:41","modified_gmt":"2023-09-04T13:18:41","slug":"profissional-4-0-como-serao-os-perfis-do-futuro","status":"publish","type":"post","link":"https:\/\/www.oitchau.com.br\/blog\/profissional-4-0-como-serao-os-perfis-do-futuro\/","title":{"rendered":"Profissional 4.0: Como ser\u00e3o os perfis do futuro?"},"content":{"rendered":"\r\n<p>Voc\u00ea sabe o que \u00e9 o Profissional 4.0, que \u00e9 considerado como o trabalhador do futuro? Ele faz parte da <a href=\"https:\/\/www.oitchau.com.br\/blog\/industria-4-0-como-uma-empresa-pode-se-beneficiar-do-conceito\/\">ind\u00fastria 4.0<\/a>, que \u00e9 resultado da quarta revolu\u00e7\u00e3o industrial, que, por sua vez, \u00e9 ilustrada pelo avan\u00e7o dos sistemas industriais de produ\u00e7\u00e3o.<\/p>\r\n\r\n\r\n\r\n<p>Nela, o processo produtivo automatizado \u00e9 deixado de lado, assim, para um sistema elaborado que se baseia nas tecnologias e na velocidade de transforma\u00e7\u00e3o por elas permitida.<\/p>\r\n\r\n\r\n\r\n<p>Entenda, abaixo, como funciona essa nova forma de presta\u00e7\u00e3o de servi\u00e7os e, tamb\u00e9m, quais as principais caracter\u00edsticas e o perfil do Profissional 4.0.<\/p>\r\n\r\n\r\n\r\n<h2 class=\"wp-block-heading\">Principais caracter\u00edsticas da Ind\u00fastria 4.0<\/h2>\r\n\r\n\r\n\r\n<p>O conceito 4.0, que inclui n\u00e3o s\u00f3 os processos industriais, mas tamb\u00e9m os profissionais deles, foi apresentado pela primeira vez em 2011 em uma apresenta\u00e7\u00e3o de um projeto com novas estrat\u00e9gias direcionadas para tecnologia do governo alem\u00e3o, em Hannover.<\/p>\r\n<p><span data-sheets-value=\"{&quot;1&quot;:2,&quot;2&quot;:&quot;\n\t\t&lt;!--HubSpot Call-to-Action Code --&gt;\n\t\t&lt;span class=&quot;hs-cta-wrapper&quot; id=&quot;hs-cta-wrapper-6acdca5c-9f99-442a-86c3-8dc79fc2915e&quot;&gt;\n\t\t&lt;span class=&quot;hs-cta-node hs-cta-6acdca5c-9f99-442a-86c3-8dc79fc2915e&quot; id=&quot;6acdca5c-9f99-442a-86c3-8dc79fc2915e&quot;&gt;\n\t\t&lt;!--[if lte IE 8]&gt;\n\t\t&lt;div id=&quot;hs-cta-ie-element&quot;&gt;&lt;\/div&gt;\n\t\t&lt;![endif]--&gt;\n\t\t&lt;a href=&quot;https:\/\/cta-redirect.hubspot.com\/cta\/redirect\/20984162\/6acdca5c-9f99-442a-86c3-8dc79fc2915e&quot; &gt;\n\t\t&lt;img class=&quot;hs-cta-img&quot; id=&quot;hs-cta-img-6acdca5c-9f99-442a-86c3-8dc79fc2915e&quot; style=&quot;border-width:0px;&quot; src=&quot;https:\/\/no-cache.hubspot.com\/cta\/default\/20984162\/6acdca5c-9f99-442a-86c3-8dc79fc2915e.png&quot;  alt=&quot;New call-to-action&quot;\/&gt;\n\t\t&lt;\/a&gt;\n\t\t&lt;\/span&gt;\n\t\t&lt;script charset=&quot;utf-8&quot; src=&quot;\/\/js.hubspot.com\/cta\/current.js&quot;&gt;&lt;\/script&gt;\n\t\t&lt;script&gt;\n\t\thbspt.cta.load(20984162, &#039;6acdca5c-9f99-442a-86c3-8dc79fc2915e&#039;, {});\n\t\t&lt;\/script&gt;\n\t\t&lt;\/span&gt;\n\t\t&lt;!-- end HubSpot Call-to-Action Code --&gt;\n\t\t&quot;}\" data-sheets-userformat=\"{&quot;2&quot;:899,&quot;3&quot;:{&quot;1&quot;:0},&quot;4&quot;:{&quot;1&quot;:2,&quot;2&quot;:16777215},&quot;10&quot;:1,&quot;11&quot;:4,&quot;12&quot;:0}\">\n\t\t<!--HubSpot Call-to-Action Code -->\n\t\t<span class=\"hs-cta-wrapper\" id=\"hs-cta-wrapper-6acdca5c-9f99-442a-86c3-8dc79fc2915e\">\n\t\t<span class=\"hs-cta-node hs-cta-6acdca5c-9f99-442a-86c3-8dc79fc2915e\" id=\"6acdca5c-9f99-442a-86c3-8dc79fc2915e\">\n\t\t<!--[if lte IE 8]>\n\t\t<div id=\"hs-cta-ie-element\"><\/div>\n\t\t<![endif]-->\n\t\t<a href=\"https:\/\/cta-redirect.hubspot.com\/cta\/redirect\/20984162\/6acdca5c-9f99-442a-86c3-8dc79fc2915e\" >\n\t\t<img decoding=\"async\" class=\"hs-cta-img\" id=\"hs-cta-img-6acdca5c-9f99-442a-86c3-8dc79fc2915e\" style=\"border-width:0px;\" src=\"https:\/\/no-cache.hubspot.com\/cta\/default\/20984162\/6acdca5c-9f99-442a-86c3-8dc79fc2915e.png\"  alt=\"New call-to-action\"\/>\n\t\t<\/a>\n\t\t<\/span>\n\t\t<script charset=\"utf-8\" src=\"\/\/js.hubspot.com\/cta\/current.js\"><\/script>\n\t\t<script>\n\t\thbspt.cta.load(20984162, '6acdca5c-9f99-442a-86c3-8dc79fc2915e', {});\n\t\t<\/script>\n\t\t<\/span>\n\t\t<!-- end HubSpot Call-to-Action Code -->\n\t\t<\/span><\/p>\r\n\r\n\r\n\r\n<p>A ind\u00fastria 4.0, assim, diz respeito \u00e0s inova\u00e7\u00f5es na <a href=\"https:\/\/www.oitchau.com.br\/blog\/como-a-tecnologia-tem-mudado-a-vida-de-viajantes-corporativos\/\">tecnologia <\/a>e \u00e0 automa\u00e7\u00e3o dos processos e nesse movimento.<\/p>\r\n\r\n\r\n\r\n<p>Essa revolu\u00e7\u00e3o da tecnologia se d\u00e1 por meio da automatiza\u00e7\u00e3o dos processos produtivos e, tamb\u00e9m, das fun\u00e7\u00f5es. Assim, ele agrega valor aos profissionais, que nesse sistema podem priorizar sua aten\u00e7\u00e3o nas atividades que buscam a melhoria do ambiente de trabalho.<\/p>\r\n\r\n\r\n\r\n<p>Dessa forma, no sistema de produ\u00e7\u00e3o 4.0 ocorre a uni\u00e3o entre as tecnologias, compondo um cen\u00e1rio inovador e revolucion\u00e1rio para o cen\u00e1rio industrial.<\/p>\r\n\r\n\r\n\r\n<p>Dentre as ferramentas que s\u00e3o utilizadas pelo sistema e profissional 4.0 est\u00e1, por exemplo, a <a href=\"https:\/\/www.oitchau.com.br\/blog\/machine-learning-como-ferramenta-de-rh\/\">intelig\u00eancia artificial (AI)<\/a>, que corresponde a uma evolu\u00e7\u00e3o da computa\u00e7\u00e3o e pode ser ilustrada por um hardware ou um software que, por sua vez, responde de forma inteligente aos padr\u00f5es de um banco de dados. Isso, portanto, otimiza a produ\u00e7\u00e3o e os sistemas internos empresariais.<\/p>\r\n\r\n\r\n\r\n<p>Assim, um dos pilares da produ\u00e7\u00e3o 4.0 \u00e9 a intelig\u00eancia artificial, pela internet das coisas (integra\u00e7\u00e3o de ferramentas utilizadas no dia a dia) e pelos sistemas de nuvem, que correspondem ao armazenamento de arquivos ou banco de dados em servidores acessados pela internet.<\/p>\r\n\r\n\r\n\r\n<p>Isso, portanto, tem o poder de agilizar e transformar toda a cadeia produtiva de um neg\u00f3cio.<\/p>\r\n\r\n\r\n\r\n<p>Al\u00e9m disso, a ind\u00fastria 4.0 possui algumas importantes caracter\u00edsticas que devem ser consideradas, principalmente condizentes \u00e0 comunica\u00e7\u00e3o e interliga\u00e7\u00e3o entre os sistemas utilizados e os profissionais 4.0 envolvidos.<\/p>\r\n\r\n\r\n\r\n<p>A integra\u00e7\u00e3o, <a href=\"https:\/\/www.oitchau.com.br\/blog\/5-falhas-de-comunicacao-interna-mais-comuns-nas-empresas\/\">comunica\u00e7\u00e3o<\/a>, transpar\u00eancia e agilidade s\u00e3o, assim, as principais bases do trabalho dentro do sistema ilustrado pela revolu\u00e7\u00e3o industrial moderna.<\/p>\r\n\r\n\r\n\r\n<h2 class=\"wp-block-heading\">Profissional 4.0<\/h2>\r\n\r\n\r\n\r\n<p>Primeiramente, cabe ressaltar que o conceito de Profissional 4.0 est\u00e1 intimamente relacionado \u00e0 pr\u00f3pria ind\u00fastria 4.0. Isso porque \u00e9 esta que vai delimitar, com suas necessidades e modus operandi, qual \u00e9 o seu profissional e o perfil desejado.<\/p>\r\n\r\n\r\n\r\n<p>Uma vez que a nova revolu\u00e7\u00e3o industrial pretende lan\u00e7ar uma nova forma de atua\u00e7\u00e3o nas empresas e, portanto, dentro do pr\u00f3prio mercado, \u00e9 \u00f3bvio que as rela\u00e7\u00f5es trabalhistas tamb\u00e9m sofreriam influ\u00eancia.<\/p>\r\n\r\n\r\n\r\n<p>S\u00e3o diversas as habilidades exigidas pela nova forma de produ\u00e7\u00e3o, necess\u00e1rias para que o trabalhador se enquadre nela.<\/p>\r\n\r\n\r\n\r\n<p>O mercado de trabalho proposto deixa de lado trabalhos prestados pelo empregado de forma mec\u00e2nica. Dessa forma, as m\u00e1quinas \u00e9 que passam a ser utilizadas como apoio para a proposi\u00e7\u00e3o e execu\u00e7\u00e3o de solu\u00e7\u00f5es personalizadas, criativas e eficientes.<\/p>\r\n\r\n\r\n\r\n<p>A efici\u00eancia dos processos \u00e9 prioridade, portanto, o que exige, tamb\u00e9m, que o Profissional 4.0 seja igualmente eficiente, eis que adotam a automatiza\u00e7\u00e3o de tarefas burocr\u00e1ticas e operacionais e, assim, dedica\u00e7\u00e3o integral nas tarefas que realmente exigem sua aten\u00e7\u00e3o.<\/p>\r\n\r\n\r\n\r\n<h2 class=\"wp-block-heading\">Caracter\u00edsticas do Profissional 4.0<\/h2>\r\n\r\n\r\n\r\n<p>Em primeiro lugar, a flexibilidade \u00e9 uma das caracter\u00edsticas principais do profissional buscado por esse novo modelo de trabalho. Assim, \u00e9 preciso que haja o dom\u00ednio de novas tecnologias ao mesmo tempo em que se t\u00eam compet\u00eancias emocionais.<\/p>\r\n\r\n\r\n\r\n<p>Uma forma\u00e7\u00e3o multidisciplinar e flex\u00edvel faz parte do conjunto de aptid\u00f5es fundamentais do novo mercado.<\/p>\r\n\r\n\r\n\r\n<p>Dessa forma, h\u00e1 exig\u00eancia e necessidade de profissionais que estejam atentos \u00e0s mudan\u00e7as que est\u00e3o sendo propostas e, portanto, preparados para atender as novas demandas.<\/p>\r\n\r\n\r\n\r\n<p>Em segundo lugar est\u00e1 a agilidade, que deve estar presente sem que isso atrapalhe a qualidade da execu\u00e7\u00e3o das atividades que demandam a aten\u00e7\u00e3o e trabalho humano.<\/p>\r\n\r\n\r\n\r\n<p>\u00c9 necess\u00e1ria a domina\u00e7\u00e3o da tecnologia, assim como a capacidade de atuar dentro de um ambiente corporativo na qualidade de l\u00edderes.<\/p>\r\n\r\n\r\n\r\n<p>A multidisciplinaridade \u00e9 outra importante caracter\u00edstica do Profissional 4.0. Isso porque \u00e9 necess\u00e1rio que ele tenha conhecimento, t\u00e9cnica e criatividade para trabalhar com a tecnologia ao mesmo tempo em que prop\u00f5e solu\u00e7\u00f5es para problemas nas mais diversas \u00e1reas. Portanto, \u00e9 preciso se manter atualizado para n\u00e3o ficar para tr\u00e1s.<\/p>\r\n\r\n\r\n\r\n<p>Um dos importantes conhecimentos, por exemplo, \u00e9 sobre o Big Data, que corresponde a uma tecnologia inovadora que realiza a coleta de um grande n\u00famero de informa\u00e7\u00f5es com base em diversas fontes.<\/p>\r\n\r\n\r\n\r\n<p>Essa ferramenta \u00e9 fundamental para os processos de tomada de decis\u00e3o necess\u00e1rios na ind\u00fastria 4.0.<\/p>\r\n\r\n\r\n\r\n<p>Ou seja, \u00e9 de fundamental import\u00e2ncia que esse profissional seja capaz de analisar os dados disponibilizados, definindo de maneira eficiente o melhor direcionamento para as estrat\u00e9gias da organiza\u00e7\u00e3o.<\/p>\r\n\r\n\r\n\r\n<p>Dessa maneira, o profissional 4.0 passa a ser muito interessante para uma empresa, de forma que sua contrata\u00e7\u00e3o \u00e9 ben\u00e9fica para o desenvolvimento das atividades e reestrutura\u00e7\u00e3o do modo de opera\u00e7\u00e3o. Isso porque esse trabalhador promove sua auto capacita\u00e7\u00e3o de forma cont\u00ednua.<\/p>\r\n\r\n\r\n\r\n<p>Tecnologia, coopera\u00e7\u00e3o, lideran\u00e7a, cultura e habilidades, comp\u00f5e os pilares da ind\u00fastria 4.0, de forma que o profissional 4.0 deve ter essas caracter\u00edsticas, al\u00e9m de agilidade, flexibilidade e multidisciplinaridade.<\/p>\r\n\r\n\r\n\r\n<h2 class=\"wp-block-heading\">Mudan\u00e7as geradas pelo advento do Profissional 4.0<\/h2>\r\n\r\n\r\n\r\n<p>A ind\u00fastria 4.0 e, consequentemente, o Profissional 4.0, tendem a aumentar o n\u00famero de pessoas com alta qualifica\u00e7\u00e3o aumente no mercado.<\/p>\r\n\r\n\r\n\r\n<p>Diante disso, o trabalho em equipe tamb\u00e9m tende a ser valorizado, eis que \u00e9 poss\u00edvel utilizar diversos profissionais qualificados num trabalho conjunto que, assim, pode ter diversas solu\u00e7\u00f5es inteligentes propostas, assim como ser solucionado de forma mais r\u00e1pida.<\/p>\r\n<p><span data-sheets-value=\"{&quot;1&quot;:2,&quot;2&quot;:&quot;\n\t\t&lt;!--HubSpot Call-to-Action Code --&gt;\n\t\t&lt;span class=&quot;hs-cta-wrapper&quot; id=&quot;hs-cta-wrapper-ec397c35-df8c-47f2-ac98-58378522ad1f&quot;&gt;\n\t\t&lt;span class=&quot;hs-cta-node hs-cta-ec397c35-df8c-47f2-ac98-58378522ad1f&quot; id=&quot;ec397c35-df8c-47f2-ac98-58378522ad1f&quot;&gt;\n\t\t&lt;!--[if lte IE 8]&gt;\n\t\t&lt;div id=&quot;hs-cta-ie-element&quot;&gt;&lt;\/div&gt;\n\t\t&lt;![endif]--&gt;\n\t\t&lt;a href=&quot;https:\/\/cta-redirect.hubspot.com\/cta\/redirect\/20984162\/ec397c35-df8c-47f2-ac98-58378522ad1f&quot; &gt;\n\t\t&lt;img class=&quot;hs-cta-img&quot; id=&quot;hs-cta-img-ec397c35-df8c-47f2-ac98-58378522ad1f&quot; style=&quot;border-width:0px;&quot; src=&quot;https:\/\/no-cache.hubspot.com\/cta\/default\/20984162\/ec397c35-df8c-47f2-ac98-58378522ad1f.png&quot;  alt=&quot;New call-to-action&quot;\/&gt;\n\t\t&lt;\/a&gt;\n\t\t&lt;\/span&gt;\n\t\t&lt;script charset=&quot;utf-8&quot; src=&quot;\/\/js.hubspot.com\/cta\/current.js&quot;&gt;&lt;\/script&gt;\n\t\t&lt;script&gt;\n\t\thbspt.cta.load(20984162, &#039;ec397c35-df8c-47f2-ac98-58378522ad1f&#039;, {});\n\t\t&lt;\/script&gt;\n\t\t&lt;\/span&gt;\n\t\t&lt;!-- end HubSpot Call-to-Action Code --&gt;\n\t\t&quot;}\" data-sheets-userformat=\"{&quot;2&quot;:899,&quot;3&quot;:{&quot;1&quot;:0},&quot;4&quot;:{&quot;1&quot;:2,&quot;2&quot;:16777215},&quot;10&quot;:1,&quot;11&quot;:4,&quot;12&quot;:0}\">\n\t\t<!--HubSpot Call-to-Action Code -->\n\t\t<span class=\"hs-cta-wrapper\" id=\"hs-cta-wrapper-ec397c35-df8c-47f2-ac98-58378522ad1f\">\n\t\t<span class=\"hs-cta-node hs-cta-ec397c35-df8c-47f2-ac98-58378522ad1f\" id=\"ec397c35-df8c-47f2-ac98-58378522ad1f\">\n\t\t<!--[if lte IE 8]>\n\t\t<div id=\"hs-cta-ie-element\"><\/div>\n\t\t<![endif]-->\n\t\t<a href=\"https:\/\/cta-redirect.hubspot.com\/cta\/redirect\/20984162\/ec397c35-df8c-47f2-ac98-58378522ad1f\" >\n\t\t<img decoding=\"async\" class=\"hs-cta-img\" id=\"hs-cta-img-ec397c35-df8c-47f2-ac98-58378522ad1f\" style=\"border-width:0px;\" src=\"https:\/\/no-cache.hubspot.com\/cta\/default\/20984162\/ec397c35-df8c-47f2-ac98-58378522ad1f.png\"  alt=\"New call-to-action\"\/>\n\t\t<\/a>\n\t\t<\/span>\n\t\t<script charset=\"utf-8\" src=\"\/\/js.hubspot.com\/cta\/current.js\"><\/script>\n\t\t<script>\n\t\thbspt.cta.load(20984162, 'ec397c35-df8c-47f2-ac98-58378522ad1f', {});\n\t\t<\/script>\n\t\t<\/span>\n\t\t<!-- end HubSpot Call-to-Action Code -->\n\t\t<\/span><\/p>\r\n\r\n\r\n\r\n<p>O desenvolvimento de novas e diversas habilidades ser\u00e1 algo exigido de quem quer adentrar nessa nova era e n\u00e3o se tornar obsoleto. Assim, a tend\u00eancia \u00e9 que haja o aumento de procura por cursos e informa\u00e7\u00f5es, de forma que a qualifica\u00e7\u00e3o dos profissionais tamb\u00e9m ser\u00e1 maximizada.<\/p>\r\n\r\n\r\n\r\n<p>Dentre as necessidades que ser\u00e3o buscadas pelo aspirante a Profissional 4.0 est\u00e3o o desenvolvimento da capacidade de trabalhar conjuntamente com rob\u00f4s colaborativos para aumentar a produtividade.<\/p>\r\n\r\n\r\n\r\n<p>A flexibilidade e a capacidade de se adaptar \u00e0s mudan\u00e7as necess\u00e1rias, com o desenvolvimento de um modo de trabalho eficiente e a constante atualiza\u00e7\u00e3o quanto ao conhecimento dos <a href=\"https:\/\/www.oitchau.com.br\/blog\/gestao-de-processos-na-empresa-quando-e-hora-de-um-upgrade\/\">processos<\/a>, ser\u00e1 um dos pontos cruciais dessa nova ind\u00fastria e do profissional que a comp\u00f5e.<\/p>\r\n\r\n\r\n\r\n<p>Ter vis\u00e3o ampla, portanto, \u00e9 de enorme import\u00e2ncia.<\/p>\r\n\r\n\r\n\r\n<p>Contudo, \u00e9 importante ressaltar que ter uma vis\u00e3o e atua\u00e7\u00e3o multidisciplinar n\u00e3o significa, por outro lado, que o conhecimento t\u00e9cnico se torna desimportante.<\/p>\r\n\r\n\r\n\r\n<p>A forma\u00e7\u00e3o t\u00e9cnica, principalmente em cursos universit\u00e1rios que atuem em \u00e1reas da tecnologia, como computa\u00e7\u00e3o ou mecatr\u00f4nica, ou nas engenharias, pode ser um ponto de destaque no curr\u00edculo do profissional 4.0.<\/p>\r\n\r\n\r\n\r\n<p>Entretanto, n\u00e3o parar na gradua\u00e7\u00e3o \u00e9 importante. Embora o curso t\u00e9cnico representado pelo terceiro grau ainda mantenha sua import\u00e2ncia, a especializa\u00e7\u00e3o em diversas frentes e ter ao menos conhecimento b\u00e1sico em outras \u00e1reas, \u00e9 primordial.<\/p>\r\n\r\n\r\n\r\n<p>Dessa forma, o profissional 4.0 \u00e9 aquele que possui interesse em tecnologia, seja apto \u00e0 inova\u00e7\u00e3o e, principalmente, tenha curiosidade para aprender e acompanhar uma ind\u00fastria que tende a se reinventar constantemente.<\/p>\r\n\r\n\r\n\r\n<p>Dentre as principais profiss\u00f5es que devem ser muito valorizadas num futuro pr\u00f3xima s\u00e3o aquelas interligadas \u00e0 ind\u00fastria digital. Uma delas \u00e9 a de cientista de dados industriais, que \u00e9 o profissional respons\u00e1vel por fazer an\u00e1lises avan\u00e7adas de dados.<\/p>\r\n\r\n\r\n\r\n<p>O coordenador de rob\u00f3tica, que interage com os rob\u00f4s no ch\u00e3o de f\u00e1brica, tamb\u00e9m tende a ser valorizado e cada vez mais buscado.<\/p>\r\n\r\n\r\n\r\n<p><strong>Veja tamb\u00e9m:<\/strong>\u00a0<a href=\"https:\/\/www.oitchau.com.br\/blog\/gestao-do-trabalho-quando-se-preocupar-com-ponto\/\">Gest\u00e3o do trabalho: quando se preocupar com o ponto?<\/a><\/p>\r\n\r\n\r\n\r\n<p><em>Gostou das dicas sobre profissional 4.0? Deixe o seu coment\u00e1rio e compartilhe estas dicas em suas redes sociais! Siga-nos tamb\u00e9m no\u00a0<\/em><a href=\"https:\/\/www.instagram.com\/oitchaubr\/\"><em>Instagram<\/em><\/a><em>!<\/em><\/p>\r\n","protected":false},"excerpt":{"rendered":"<p>Voc\u00ea sabe o que \u00e9 o Profissional 4.0, que \u00e9 considerado como o trabalhador do futuro? Ele faz parte da ind\u00fastria 4.0, que \u00e9 resultado da quarta revolu\u00e7\u00e3o industrial, que, por sua vez, \u00e9 ilustrada pelo avan\u00e7o dos sistemas industriais de produ\u00e7\u00e3o. Nela, o processo produtivo automatizado \u00e9 deixado de lado, assim, para um sistema [&hellip;]<\/p>\n","protected":false},"author":11,"featured_media":31944,"comment_status":"closed","ping_status":"open","sticky":false,"template":"","format":"standard","meta":{"content-type":"","footnotes":""},"categories":[17710],"tags":[13595,11264,13594],"yoast_head":"<!-- This site is optimized with the Yoast SEO Premium plugin v22.2 (Yoast SEO v22.2) - https:\/\/yoast.com\/wordpress\/plugins\/seo\/ -->\n<title>Profissional 4.0: Como ser\u00e3o os perfis do futuro? | Oitchau<\/title>\n<meta name=\"description\" content=\"O conceito de Profissional 4.0 est\u00e1 intimamente relacionado \u00e0 pr\u00f3pria ind\u00fastria 4.0. Entenda mais sobre esse perfil profissional aqui com a gente.\" \/>\n<meta name=\"robots\" content=\"index, follow, max-snippet:-1, max-image-preview:large, max-video-preview:-1\" \/>\n<link rel=\"canonical\" href=\"https:\/\/www.oitchau.com.br\/blog\/profissional-4-0-como-serao-os-perfis-do-futuro\/\" \/>\n<meta property=\"og:locale\" content=\"pt_BR\" \/>\n<meta property=\"og:type\" content=\"article\" \/>\n<meta property=\"og:title\" content=\"Profissional 4.0: Como ser\u00e3o os perfis do futuro?\" \/>\n<meta property=\"og:description\" content=\"O conceito de Profissional 4.0 est\u00e1 intimamente relacionado \u00e0 pr\u00f3pria ind\u00fastria 4.0. Entenda mais sobre esse perfil profissional aqui com a gente.\" \/>\n<meta property=\"og:url\" content=\"https:\/\/www.oitchau.com.br\/blog\/profissional-4-0-como-serao-os-perfis-do-futuro\/\" \/>\n<meta property=\"og:site_name\" content=\"Controle de Ponto &amp; Timesheets\" \/>\n<meta property=\"article:publisher\" content=\"https:\/\/www.facebook.com\/oitchaubr\/\" \/>\n<meta property=\"article:published_time\" content=\"2020-04-30T19:08:12+00:00\" \/>\n<meta property=\"article:modified_time\" content=\"2023-09-04T13:18:41+00:00\" \/>\n<meta property=\"og:image\" content=\"https:\/\/storage.googleapis.com\/oitchaublog\/2020\/04\/477bedfe-profissional-4.0.png\" \/>\n\t<meta property=\"og:image:width\" content=\"1982\" \/>\n\t<meta property=\"og:image:height\" content=\"800\" \/>\n\t<meta property=\"og:image:type\" content=\"image\/png\" \/>\n<meta name=\"author\" content=\"Aline Mesquita\" \/>\n<meta name=\"twitter:card\" content=\"summary_large_image\" \/>\n<meta name=\"twitter:creator\" content=\"@oitchaubr\" \/>\n<meta name=\"twitter:site\" content=\"@oitchaubr\" \/>\n<meta name=\"twitter:label1\" content=\"Written by\" \/>\n\t<meta name=\"twitter:data1\" content=\"Aline Mesquita\" \/>\n\t<meta name=\"twitter:label2\" content=\"Est. reading time\" \/>\n\t<meta name=\"twitter:data2\" content=\"7 minutos\" \/>\n<script type=\"application\/ld+json\" class=\"yoast-schema-graph\">{\"@context\":\"https:\/\/schema.org\",\"@graph\":[{\"@type\":[\"Article\",\"BlogPosting\"],\"@id\":\"https:\/\/www.oitchau.com.br\/blog\/profissional-4-0-como-serao-os-perfis-do-futuro\/#article\",\"isPartOf\":{\"@id\":\"https:\/\/www.oitchau.com.br\/blog\/profissional-4-0-como-serao-os-perfis-do-futuro\/\"},\"author\":{\"name\":\"Aline Mesquita\",\"@id\":\"https:\/\/www.oitchau.com.br\/blog\/#\/schema\/person\/40ba65f8664531ffe1465f6cb9d82430\"},\"headline\":\"Profissional 4.0: Como ser\u00e3o os perfis do futuro?\",\"datePublished\":\"2020-04-30T19:08:12+00:00\",\"dateModified\":\"2023-09-04T13:18:41+00:00\",\"mainEntityOfPage\":{\"@id\":\"https:\/\/www.oitchau.com.br\/blog\/profissional-4-0-como-serao-os-perfis-do-futuro\/\"},\"wordCount\":1424,\"publisher\":{\"@id\":\"https:\/\/www.oitchau.com.br\/blog\/#organization\"},\"image\":{\"@id\":\"https:\/\/www.oitchau.com.br\/blog\/profissional-4-0-como-serao-os-perfis-do-futuro\/#primaryimage\"},\"thumbnailUrl\":\"https:\/\/storage.googleapis.com\/oitchaublog\/2020\/04\/477bedfe-profissional-4.0.png\",\"keywords\":[\"futuro\",\"inova\u00e7\u00e3o\",\"profissional 4.0\"],\"articleSection\":[\"Departamento pessoal\"],\"inLanguage\":\"pt-BR\"},{\"@type\":\"WebPage\",\"@id\":\"https:\/\/www.oitchau.com.br\/blog\/profissional-4-0-como-serao-os-perfis-do-futuro\/\",\"url\":\"https:\/\/www.oitchau.com.br\/blog\/profissional-4-0-como-serao-os-perfis-do-futuro\/\",\"name\":\"Profissional 4.0: Como ser\u00e3o os perfis do futuro? | Oitchau\",\"isPartOf\":{\"@id\":\"https:\/\/www.oitchau.com.br\/blog\/#website\"},\"primaryImageOfPage\":{\"@id\":\"https:\/\/www.oitchau.com.br\/blog\/profissional-4-0-como-serao-os-perfis-do-futuro\/#primaryimage\"},\"image\":{\"@id\":\"https:\/\/www.oitchau.com.br\/blog\/profissional-4-0-como-serao-os-perfis-do-futuro\/#primaryimage\"},\"thumbnailUrl\":\"https:\/\/storage.googleapis.com\/oitchaublog\/2020\/04\/477bedfe-profissional-4.0.png\",\"datePublished\":\"2020-04-30T19:08:12+00:00\",\"dateModified\":\"2023-09-04T13:18:41+00:00\",\"description\":\"O conceito de Profissional 4.0 est\u00e1 intimamente relacionado \u00e0 pr\u00f3pria ind\u00fastria 4.0. Entenda mais sobre esse perfil profissional aqui com a gente.\",\"breadcrumb\":{\"@id\":\"https:\/\/www.oitchau.com.br\/blog\/profissional-4-0-como-serao-os-perfis-do-futuro\/#breadcrumb\"},\"inLanguage\":\"pt-BR\",\"potentialAction\":[{\"@type\":\"ReadAction\",\"target\":[\"https:\/\/www.oitchau.com.br\/blog\/profissional-4-0-como-serao-os-perfis-do-futuro\/\"]}]},{\"@type\":\"ImageObject\",\"inLanguage\":\"pt-BR\",\"@id\":\"https:\/\/www.oitchau.com.br\/blog\/profissional-4-0-como-serao-os-perfis-do-futuro\/#primaryimage\",\"url\":\"https:\/\/storage.googleapis.com\/oitchaublog\/2020\/04\/477bedfe-profissional-4.0.png\",\"contentUrl\":\"https:\/\/storage.googleapis.com\/oitchaublog\/2020\/04\/477bedfe-profissional-4.0.png\",\"width\":1982,\"height\":800,\"caption\":\"ilustra\u00e7\u00e3o de profissional 4.0\"},{\"@type\":\"BreadcrumbList\",\"@id\":\"https:\/\/www.oitchau.com.br\/blog\/profissional-4-0-como-serao-os-perfis-do-futuro\/#breadcrumb\",\"itemListElement\":[{\"@type\":\"ListItem\",\"position\":1,\"name\":\"Blog\",\"item\":\"https:\/\/www.oitchau.com.br\/blog\/\"},{\"@type\":\"ListItem\",\"position\":2,\"name\":\"Profissional 4.0: Como ser\u00e3o os perfis do futuro?\"}]},{\"@type\":\"WebSite\",\"@id\":\"https:\/\/www.oitchau.com.br\/blog\/#website\",\"url\":\"https:\/\/www.oitchau.com.br\/blog\/\",\"name\":\"Controle de Ponto & Timesheets\",\"description\":\"\",\"publisher\":{\"@id\":\"https:\/\/www.oitchau.com.br\/blog\/#organization\"},\"potentialAction\":[{\"@type\":\"SearchAction\",\"target\":{\"@type\":\"EntryPoint\",\"urlTemplate\":\"https:\/\/www.oitchau.com.br\/blog\/?s={search_term_string}\"},\"query-input\":\"required name=search_term_string\"}],\"inLanguage\":\"pt-BR\"},{\"@type\":\"Organization\",\"@id\":\"https:\/\/www.oitchau.com.br\/blog\/#organization\",\"name\":\"Oitchau\",\"url\":\"https:\/\/www.oitchau.com.br\/blog\/\",\"logo\":{\"@type\":\"ImageObject\",\"inLanguage\":\"pt-BR\",\"@id\":\"https:\/\/www.oitchau.com.br\/blog\/#\/schema\/logo\/image\/\",\"url\":\"https:\/\/storage.googleapis.com\/oitchaublog\/2024\/03\/a0e65c6f-design-sem-nome-20.png\",\"contentUrl\":\"https:\/\/storage.googleapis.com\/oitchaublog\/2024\/03\/a0e65c6f-design-sem-nome-20.png\",\"width\":696,\"height\":696,\"caption\":\"Oitchau\"},\"image\":{\"@id\":\"https:\/\/www.oitchau.com.br\/blog\/#\/schema\/logo\/image\/\"},\"sameAs\":[\"https:\/\/www.facebook.com\/oitchaubr\/\",\"https:\/\/twitter.com\/oitchaubr\",\"https:\/\/instagram.com\/oitchaubr\"],\"description\":\"A Oitchau \u00e9 uma solu\u00e7\u00e3o completa para gest\u00e3o de tempo dos colaboradores, atrav\u00e9s de suas solu\u00e7\u00f5es de controle de ponto & timesheets, ela permite que gestores, RH e DP possam gerenciar desde a jornada de trabalho de funcion\u00e1rios at\u00e9 a gest\u00e3o de tempo em projetos. Elevando o n\u00edvel estrat\u00e9gico do neg\u00f3cio de forma inteligente e assertiva, potencializando seus resultados e garantindo compliance com a Lei.\",\"email\":\"contato@oitchau.com.br\",\"telephone\":\"+551142102846\",\"foundingDate\":\"2016-01-01\",\"numberOfEmployees\":{\"@type\":\"QuantitativeValue\",\"minValue\":\"51\",\"maxValue\":\"200\"}},{\"@type\":\"Person\",\"@id\":\"https:\/\/www.oitchau.com.br\/blog\/#\/schema\/person\/40ba65f8664531ffe1465f6cb9d82430\",\"name\":\"Aline Mesquita\",\"url\":\"https:\/\/www.oitchau.com.br\/blog\/author\/aline\/\"}]}<\/script>\n<!-- \/ Yoast SEO Premium plugin. -->","yoast_head_json":{"title":"Profissional 4.0: Como ser\u00e3o os perfis do futuro? | Oitchau","description":"O conceito de Profissional 4.0 est\u00e1 intimamente relacionado \u00e0 pr\u00f3pria ind\u00fastria 4.0. Entenda mais sobre esse perfil profissional aqui com a gente.","robots":{"index":"index","follow":"follow","max-snippet":"max-snippet:-1","max-image-preview":"max-image-preview:large","max-video-preview":"max-video-preview:-1"},"canonical":"https:\/\/www.oitchau.com.br\/blog\/profissional-4-0-como-serao-os-perfis-do-futuro\/","og_locale":"pt_BR","og_type":"article","og_title":"Profissional 4.0: Como ser\u00e3o os perfis do futuro?","og_description":"O conceito de Profissional 4.0 est\u00e1 intimamente relacionado \u00e0 pr\u00f3pria ind\u00fastria 4.0. Entenda mais sobre esse perfil profissional aqui com a gente.","og_url":"https:\/\/www.oitchau.com.br\/blog\/profissional-4-0-como-serao-os-perfis-do-futuro\/","og_site_name":"Controle de Ponto &amp; Timesheets","article_publisher":"https:\/\/www.facebook.com\/oitchaubr\/","article_published_time":"2020-04-30T19:08:12+00:00","article_modified_time":"2023-09-04T13:18:41+00:00","og_image":[{"width":1982,"height":800,"url":"https:\/\/storage.googleapis.com\/oitchaublog\/2020\/04\/477bedfe-profissional-4.0.png","type":"image\/png"}],"author":"Aline Mesquita","twitter_card":"summary_large_image","twitter_creator":"@oitchaubr","twitter_site":"@oitchaubr","twitter_misc":{"Written by":"Aline Mesquita","Est. reading time":"7 minutos"},"schema":{"@context":"https:\/\/schema.org","@graph":[{"@type":["Article","BlogPosting"],"@id":"https:\/\/www.oitchau.com.br\/blog\/profissional-4-0-como-serao-os-perfis-do-futuro\/#article","isPartOf":{"@id":"https:\/\/www.oitchau.com.br\/blog\/profissional-4-0-como-serao-os-perfis-do-futuro\/"},"author":{"name":"Aline Mesquita","@id":"https:\/\/www.oitchau.com.br\/blog\/#\/schema\/person\/40ba65f8664531ffe1465f6cb9d82430"},"headline":"Profissional 4.0: Como ser\u00e3o os perfis do futuro?","datePublished":"2020-04-30T19:08:12+00:00","dateModified":"2023-09-04T13:18:41+00:00","mainEntityOfPage":{"@id":"https:\/\/www.oitchau.com.br\/blog\/profissional-4-0-como-serao-os-perfis-do-futuro\/"},"wordCount":1424,"publisher":{"@id":"https:\/\/www.oitchau.com.br\/blog\/#organization"},"image":{"@id":"https:\/\/www.oitchau.com.br\/blog\/profissional-4-0-como-serao-os-perfis-do-futuro\/#primaryimage"},"thumbnailUrl":"https:\/\/storage.googleapis.com\/oitchaublog\/2020\/04\/477bedfe-profissional-4.0.png","keywords":["futuro","inova\u00e7\u00e3o","profissional 4.0"],"articleSection":["Departamento pessoal"],"inLanguage":"pt-BR"},{"@type":"WebPage","@id":"https:\/\/www.oitchau.com.br\/blog\/profissional-4-0-como-serao-os-perfis-do-futuro\/","url":"https:\/\/www.oitchau.com.br\/blog\/profissional-4-0-como-serao-os-perfis-do-futuro\/","name":"Profissional 4.0: Como ser\u00e3o os perfis do futuro? | Oitchau","isPartOf":{"@id":"https:\/\/www.oitchau.com.br\/blog\/#website"},"primaryImageOfPage":{"@id":"https:\/\/www.oitchau.com.br\/blog\/profissional-4-0-como-serao-os-perfis-do-futuro\/#primaryimage"},"image":{"@id":"https:\/\/www.oitchau.com.br\/blog\/profissional-4-0-como-serao-os-perfis-do-futuro\/#primaryimage"},"thumbnailUrl":"https:\/\/storage.googleapis.com\/oitchaublog\/2020\/04\/477bedfe-profissional-4.0.png","datePublished":"2020-04-30T19:08:12+00:00","dateModified":"2023-09-04T13:18:41+00:00","description":"O conceito de Profissional 4.0 est\u00e1 intimamente relacionado \u00e0 pr\u00f3pria ind\u00fastria 4.0. Entenda mais sobre esse perfil profissional aqui com a gente.","breadcrumb":{"@id":"https:\/\/www.oitchau.com.br\/blog\/profissional-4-0-como-serao-os-perfis-do-futuro\/#breadcrumb"},"inLanguage":"pt-BR","potentialAction":[{"@type":"ReadAction","target":["https:\/\/www.oitchau.com.br\/blog\/profissional-4-0-como-serao-os-perfis-do-futuro\/"]}]},{"@type":"ImageObject","inLanguage":"pt-BR","@id":"https:\/\/www.oitchau.com.br\/blog\/profissional-4-0-como-serao-os-perfis-do-futuro\/#primaryimage","url":"https:\/\/storage.googleapis.com\/oitchaublog\/2020\/04\/477bedfe-profissional-4.0.png","contentUrl":"https:\/\/storage.googleapis.com\/oitchaublog\/2020\/04\/477bedfe-profissional-4.0.png","width":1982,"height":800,"caption":"ilustra\u00e7\u00e3o de profissional 4.0"},{"@type":"BreadcrumbList","@id":"https:\/\/www.oitchau.com.br\/blog\/profissional-4-0-como-serao-os-perfis-do-futuro\/#breadcrumb","itemListElement":[{"@type":"ListItem","position":1,"name":"Blog","item":"https:\/\/www.oitchau.com.br\/blog\/"},{"@type":"ListItem","position":2,"name":"Profissional 4.0: Como ser\u00e3o os perfis do futuro?"}]},{"@type":"WebSite","@id":"https:\/\/www.oitchau.com.br\/blog\/#website","url":"https:\/\/www.oitchau.com.br\/blog\/","name":"Controle de Ponto & Timesheets","description":"","publisher":{"@id":"https:\/\/www.oitchau.com.br\/blog\/#organization"},"potentialAction":[{"@type":"SearchAction","target":{"@type":"EntryPoint","urlTemplate":"https:\/\/www.oitchau.com.br\/blog\/?s={search_term_string}"},"query-input":"required name=search_term_string"}],"inLanguage":"pt-BR"},{"@type":"Organization","@id":"https:\/\/www.oitchau.com.br\/blog\/#organization","name":"Oitchau","url":"https:\/\/www.oitchau.com.br\/blog\/","logo":{"@type":"ImageObject","inLanguage":"pt-BR","@id":"https:\/\/www.oitchau.com.br\/blog\/#\/schema\/logo\/image\/","url":"https:\/\/storage.googleapis.com\/oitchaublog\/2024\/03\/a0e65c6f-design-sem-nome-20.png","contentUrl":"https:\/\/storage.googleapis.com\/oitchaublog\/2024\/03\/a0e65c6f-design-sem-nome-20.png","width":696,"height":696,"caption":"Oitchau"},"image":{"@id":"https:\/\/www.oitchau.com.br\/blog\/#\/schema\/logo\/image\/"},"sameAs":["https:\/\/www.facebook.com\/oitchaubr\/","https:\/\/twitter.com\/oitchaubr","https:\/\/instagram.com\/oitchaubr"],"description":"A Oitchau \u00e9 uma solu\u00e7\u00e3o completa para gest\u00e3o de tempo dos colaboradores, atrav\u00e9s de suas solu\u00e7\u00f5es de controle de ponto & timesheets, ela permite que gestores, RH e DP possam gerenciar desde a jornada de trabalho de funcion\u00e1rios at\u00e9 a gest\u00e3o de tempo em projetos. Elevando o n\u00edvel estrat\u00e9gico do neg\u00f3cio de forma inteligente e assertiva, potencializando seus resultados e garantindo compliance com a Lei.","email":"contato@oitchau.com.br","telephone":"+551142102846","foundingDate":"2016-01-01","numberOfEmployees":{"@type":"QuantitativeValue","minValue":"51","maxValue":"200"}},{"@type":"Person","@id":"https:\/\/www.oitchau.com.br\/blog\/#\/schema\/person\/40ba65f8664531ffe1465f6cb9d82430","name":"Aline Mesquita","url":"https:\/\/www.oitchau.com.br\/blog\/author\/aline\/"}]}},"_links":{"self":[{"href":"https:\/\/www.oitchau.com.br\/blog\/wp-json\/wp\/v2\/posts\/9817"}],"collection":[{"href":"https:\/\/www.oitchau.com.br\/blog\/wp-json\/wp\/v2\/posts"}],"about":[{"href":"https:\/\/www.oitchau.com.br\/blog\/wp-json\/wp\/v2\/types\/post"}],"author":[{"embeddable":true,"href":"https:\/\/www.oitchau.com.br\/blog\/wp-json\/wp\/v2\/users\/11"}],"replies":[{"embeddable":true,"href":"https:\/\/www.oitchau.com.br\/blog\/wp-json\/wp\/v2\/comments?post=9817"}],"version-history":[{"count":1,"href":"https:\/\/www.oitchau.com.br\/blog\/wp-json\/wp\/v2\/posts\/9817\/revisions"}],"predecessor-version":[{"id":31945,"href":"https:\/\/www.oitchau.com.br\/blog\/wp-json\/wp\/v2\/posts\/9817\/revisions\/31945"}],"wp:featuredmedia":[{"embeddable":true,"href":"https:\/\/www.oitchau.com.br\/blog\/wp-json\/wp\/v2\/media\/31944"}],"wp:attachment":[{"href":"https:\/\/www.oitchau.com.br\/blog\/wp-json\/wp\/v2\/media?parent=9817"}],"wp:term":[{"taxonomy":"category","embeddable":true,"href":"https:\/\/www.oitchau.com.br\/blog\/wp-json\/wp\/v2\/categories?post=9817"},{"taxonomy":"post_tag","embeddable":true,"href":"https:\/\/www.oitchau.com.br\/blog\/wp-json\/wp\/v2\/tags?post=9817"}],"curies":[{"name":"wp","href":"https:\/\/api.w.org\/{rel}","templated":true}]}}