{"id":8802,"date":"2020-02-26T23:34:53","date_gmt":"2020-02-26T20:34:53","guid":{"rendered":"https:\/\/www.oitchau.com.br\/blog\/?p=8802"},"modified":"2024-07-23T11:37:58","modified_gmt":"2024-07-23T08:37:58","slug":"os-melhores-eventos-de-rh-que-voce-nao-pode-perder","status":"publish","type":"post","link":"https:\/\/www.oitchau.com.br\/blog\/os-melhores-eventos-de-rh-que-voce-nao-pode-perder\/","title":{"rendered":"Os melhores eventos de RH que voc\u00ea n\u00e3o pode perder"},"content":{"rendered":"\r\n<p>Profissionais de todos os segmentos produtivos precisam estar atentos \u00e0s novidades do mercado e as tend\u00eancias para levar estas informa\u00e7\u00f5es \u00e0s suas empresas. Todos os anos os <strong><em>eventos de RH<\/em><\/strong> trazem dicas, novidades e diferenciais que ir\u00e3o ditar este setor nas empresas de todo o pa\u00eds.<\/p>\r\n\r\n\r\n\r\n<p>Os melhores eventos de RH geralmente acontecem anualmente e a participa\u00e7\u00e3o do gestor pode fazer diferen\u00e7a em suas estrat\u00e9gias. Nestas ocasi\u00f5es, empresas, profissionais e especialistas trocam informa\u00e7\u00f5es e realizam neg\u00f3cios que contribuem para o desenvolvimento do processo de gest\u00e3o de pessoas como um todo. Veja a seguir quais s\u00e3o os melhores e os principais eventos de RH!<\/p>\r\n<p><span data-sheets-value=\"{&quot;1&quot;:2,&quot;2&quot;:&quot;\n\t\t&lt;!--HubSpot Call-to-Action Code --&gt;\n\t\t&lt;span class=&quot;hs-cta-wrapper&quot; id=&quot;hs-cta-wrapper-2d58bf85-20cb-45a8-b326-b8b7f3d549ea&quot;&gt;\n\t\t&lt;span class=&quot;hs-cta-node hs-cta-2d58bf85-20cb-45a8-b326-b8b7f3d549ea&quot; id=&quot;2d58bf85-20cb-45a8-b326-b8b7f3d549ea&quot;&gt;\n\t\t&lt;!--[if lte IE 8]&gt;\n\t\t&lt;div id=&quot;hs-cta-ie-element&quot;&gt;&lt;\/div&gt;\n\t\t&lt;![endif]--&gt;\n\t\t&lt;a href=&quot;https:\/\/cta-redirect.hubspot.com\/cta\/redirect\/20984162\/2d58bf85-20cb-45a8-b326-b8b7f3d549ea&quot; &gt;\n\t\t&lt;img class=&quot;hs-cta-img&quot; id=&quot;hs-cta-img-2d58bf85-20cb-45a8-b326-b8b7f3d549ea&quot; style=&quot;border-width:0px;&quot; src=&quot;https:\/\/no-cache.hubspot.com\/cta\/default\/20984162\/2d58bf85-20cb-45a8-b326-b8b7f3d549ea.png&quot;  alt=&quot;New call-to-action&quot;\/&gt;\n\t\t&lt;\/a&gt;\n\t\t&lt;\/span&gt;\n\t\t&lt;script charset=&quot;utf-8&quot; src=&quot;\/\/js.hubspot.com\/cta\/current.js&quot;&gt;&lt;\/script&gt;\n\t\t&lt;script&gt;\n\t\thbspt.cta.load(20984162, &#039;2d58bf85-20cb-45a8-b326-b8b7f3d549ea&#039;, {});\n\t\t&lt;\/script&gt;\n\t\t&lt;\/span&gt;\n\t\t&lt;!-- end HubSpot Call-to-Action Code --&gt;\n\t\t&quot;}\" data-sheets-userformat=\"{&quot;2&quot;:899,&quot;3&quot;:{&quot;1&quot;:0},&quot;4&quot;:{&quot;1&quot;:2,&quot;2&quot;:16777215},&quot;10&quot;:1,&quot;11&quot;:4,&quot;12&quot;:0}\">\n\t\t<!--HubSpot Call-to-Action Code -->\n\t\t<span class=\"hs-cta-wrapper\" id=\"hs-cta-wrapper-2d58bf85-20cb-45a8-b326-b8b7f3d549ea\">\n\t\t<span class=\"hs-cta-node hs-cta-2d58bf85-20cb-45a8-b326-b8b7f3d549ea\" id=\"2d58bf85-20cb-45a8-b326-b8b7f3d549ea\">\n\t\t<!--[if lte IE 8]>\n\t\t<div id=\"hs-cta-ie-element\"><\/div>\n\t\t<![endif]-->\n\t\t<a href=\"https:\/\/cta-redirect.hubspot.com\/cta\/redirect\/20984162\/2d58bf85-20cb-45a8-b326-b8b7f3d549ea\" >\n\t\t<img decoding=\"async\" class=\"hs-cta-img\" id=\"hs-cta-img-2d58bf85-20cb-45a8-b326-b8b7f3d549ea\" style=\"border-width:0px;\" src=\"https:\/\/no-cache.hubspot.com\/cta\/default\/20984162\/2d58bf85-20cb-45a8-b326-b8b7f3d549ea.png\"  alt=\"New call-to-action\"\/>\n\t\t<\/a>\n\t\t<\/span>\n\t\t<script charset=\"utf-8\" src=\"\/\/js.hubspot.com\/cta\/current.js\"><\/script>\n\t\t<script>\n\t\thbspt.cta.load(20984162, '2d58bf85-20cb-45a8-b326-b8b7f3d549ea', {});\n\t\t<\/script>\n\t\t<\/span>\n\t\t<!-- end HubSpot Call-to-Action Code -->\n\t\t<\/span><\/p>\r\n\r\n\r\n\r\n<h2 class=\"wp-block-heading\"><strong>Por que participar dos eventos de RH?<\/strong><\/h2>\r\n\r\n\r\n\r\n<p>Os eventos de RH s\u00e3o uma boa oportunidade de ampliar o seu conhecimento sobre novas metodologias e ferramentas, conferir as tend\u00eancias do setor, realizar capacita\u00e7\u00f5es e atualiza\u00e7\u00f5es e aumentar o networking com outros profissionais da \u00e1rea, al\u00e9m de conhecer os servi\u00e7os mais inovadores do mercado.<\/p>\r\n\r\n\r\n\r\n<h2 class=\"wp-block-heading\"><strong>Principais eventos de RH do pa\u00eds<\/strong><\/h2>\r\n\r\n\r\n\r\n<p>Veja a seguir os principais eventos de RH do Brasil e participe em 2020:<\/p>\r\n\r\n\r\n\r\n<h2 class=\"wp-block-heading\"><strong>CONARH<\/strong><\/h2>\r\n\r\n\r\n\r\n<p>O Congresso Nacional sobre Gest\u00e3o de Pessoas (CONARH) \u00e9 um dos maiores e mais importantes eventos de RH do mundo e o principal do Brasil. Ele \u00e9 promovido pela Associa\u00e7\u00e3o Brasileira de Recursos Humanos (ABRH-Brasil). Al\u00e9m disso, em paralelo a este evento, ocorre a EXPO ABRH \u2014 uma feira de neg\u00f3cio, que traz as principais tend\u00eancias do mercado de gest\u00e3o de pessoas. O evento acontece entre 11, 12 a 13 de agosto, em S\u00e3o Paulo. Este \u00e9 o <a href=\"https:\/\/www.conarh.org.br\/\">site oficial<\/a> com as atra\u00e7\u00f5es da pr\u00f3xima edi\u00e7\u00e3o e informa\u00e7\u00f5es sobre reservas. As inscri\u00e7\u00f5es est\u00e3o abertas.<\/p>\r\n\r\n\r\n\r\n<h2 class=\"wp-block-heading\"><strong>RHResults<\/strong><\/h2>\r\n\r\n\r\n\r\n<p>O HR4results 2020 \u00e9 o maior evento de inova\u00e7\u00e3o em RH da Am\u00e9rica Latina, e na vers\u00e3o 2020 s\u00e3o esperadas 5 mil pessoas. O evento traz os principais nomes da \u00e1rea e prop\u00f5e a troca de experi\u00eancias para renovar processos e a\u00e7\u00f5es na gest\u00e3o de pessoas.<\/p>\r\n\r\n\r\n\r\n<h2 class=\"wp-block-heading\"><strong>EXPORH<\/strong><\/h2>\r\n\r\n\r\n\r\n<p>Este evento acontecer\u00e1 entre 13 e 14 de maio, na cidade de Guarulhos e promete contar com 60 expositores e um p\u00fablico de 2 mil participantes. Trata-se de um evento completo, que neste ano deve explorar temas como a gest\u00e3o 4.0 e a transforma\u00e7\u00e3o que inova o RH. Saiba mais <a href=\"https:\/\/www.exporhguarulhos.com.br\/\">neste link<\/a>.<\/p>\r\n\r\n\r\n\r\n<h2 class=\"wp-block-heading\"><strong>CDIC &#8211; Congresso de Diversidade e Inclus\u00e3o Corporativa<\/strong><\/h2>\r\n\r\n\r\n\r\n<p>Como a diversidade, a inclus\u00e3o e a responsabilidade social s\u00e3o temas recorrentes em RH, aconteceu entre os dias 29 e 30 de janeiro o Congresso de Diversidade e Inclus\u00e3o Corporativa, com uma abordagem mais horizontalizada de gest\u00e3o de pessoas, e mesmo tendo passado a data, o congresso \u00e9 anual. O evento reuniu especialistas da \u00e1rea e trouxe novas ideais para uma cultura organizacional mais humanizada e sustent\u00e1vel. Saiba <a href=\"https:\/\/blueprintt.co\/diversidade-e-inclusao-corporativa\/?utm_source=google&amp;utm_medium=cpc&amp;utm_campaign=engajamento&amp;utm_term=LP&amp;gclid=CjwKCAiAy9jyBRA6EiwAeclQhKgAA_qgOA60jHBToCCbJ2n-W5XMyJfTVAPS0QVMkGLq8Lp-RXdZShoCbCMQAvD_BwE\">mais neste link<\/a>!<\/p>\r\n\r\n\r\n\r\n<h2 class=\"wp-block-heading\"><strong>F\u00f3rum Capital Humano <\/strong><\/h2>\r\n\r\n\r\n\r\n<p>Acontecer\u00e1 18 de junho, em S\u00e3o Paulo, com dura\u00e7\u00e3o das 08h \u00e0s 18h. A ideia \u00e9 apresentar cases com novos modelos de remunera\u00e7\u00e3o, programas de mentoria, avalia\u00e7\u00e3o de desempenho e diversas atividades de RH. Os pontos altos do evento \u00e9 o conte\u00fado especializado, o networking e a atualiza\u00e7\u00e3o. Saiba mais <a href=\"http:\/\/www.forumcapitalhumano.com.br\/\">neste link<\/a>.<\/p>\r\n\r\n\r\n\r\n<h2 class=\"wp-block-heading\"><strong>Congerhi <\/strong><\/h2>\r\n\r\n\r\n\r\n<p>Acontecer\u00e1 em 20 e 21 de mar\u00e7o e est\u00e1 na 5\u00aa edi\u00e7\u00e3o. Trata-se do Congresso de Gest\u00e3o e Recursos Humanos do Interior, em Bauru. O evento aborda neste ano &#8220;a inova\u00e7\u00e3o e as mudan\u00e7as trazidas pela tecnologia e pelas transforma\u00e7\u00f5es no mercado de trabalho, pois elas t\u00eam sinalizado que estamos vivendo um per\u00edodo de transi\u00e7\u00e3o e transforma\u00e7\u00e3o.&#8221; Tamb\u00e9m traz uma reflex\u00e3o sobre o futuro do RH. As inscri\u00e7\u00f5es est\u00e3o abertas \u2013 <a href=\"https:\/\/www.sympla.com.br\/congerhi---congresso-de-gestao-e-recursos-humanos-do-interior---4-edicao__401184\">acesse este link<\/a> e fa\u00e7a a sua reserva.<\/p>\r\n\r\n\r\n\r\n<h2 class=\"wp-block-heading\"><strong>RHRio<\/strong><\/h2>\r\n\r\n\r\n\r\n<p>Este evento acontece entre 26 e 27 de maio no Rio do Janeiro. Neste ano a proposta \u00e9 o tema &#8220;Vis\u00f5es para uma nova d\u00e9cada&#8221;. \u00c9 considerado um dos maiores eventos de RH do Brasil. O evento traz ainda oficinas diversificadas, ferramentas e palestras e outras a\u00e7\u00f5es integradoras. As inscri\u00e7\u00f5es j\u00e1 est\u00e3o abertas e podem ser feitas no <a href=\"https:\/\/rhrio.com.br\/\">site oficial<\/a>.<\/p>\r\n\r\n\r\n\r\n<h2 class=\"wp-block-heading\"><strong>CONCARH <\/strong><\/h2>\r\n\r\n\r\n\r\n<p>Este evento acontece entre 15 a 17 de julho, em Florian\u00f3polis, e \u00e9 um dos principais eventos de RH do Brasil. Est\u00e1 na sua edi\u00e7\u00e3o comemorativa de 30 anos. O Congresso Catarinense sobre Gest\u00e3o de Pessoas aborda neste ano temas de lideran\u00e7a e carreira, bem como espa\u00e7os de conhecimento e experimenta\u00e7\u00e3o.<\/p>\r\n\r\n\r\n\r\n<p>Ser\u00e3o mais de 50 palestrantes e mais de 40 horas de conte\u00fado e intera\u00e7\u00f5es. Acontece paralelamente o EXPOCARH, focado para networking e gera\u00e7\u00e3o de neg\u00f3cios. <a href=\"https:\/\/www.concarh.com.br\/\">Fa\u00e7a a sua inscri\u00e7\u00e3o<\/a> neste link.<\/p>\r\n<p><span data-sheets-value=\"{&quot;1&quot;:2,&quot;2&quot;:&quot;\n\t\t&lt;!--HubSpot Call-to-Action Code --&gt;\n\t\t&lt;span class=&quot;hs-cta-wrapper&quot; id=&quot;hs-cta-wrapper-185aa72c-8a6f-48f2-9ad7-b99651976528&quot;&gt;\n\t\t&lt;span class=&quot;hs-cta-node hs-cta-185aa72c-8a6f-48f2-9ad7-b99651976528&quot; id=&quot;185aa72c-8a6f-48f2-9ad7-b99651976528&quot;&gt;\n\t\t&lt;!--[if lte IE 8]&gt;\n\t\t&lt;div id=&quot;hs-cta-ie-element&quot;&gt;&lt;\/div&gt;\n\t\t&lt;![endif]--&gt;\n\t\t&lt;a href=&quot;https:\/\/cta-redirect.hubspot.com\/cta\/redirect\/20984162\/185aa72c-8a6f-48f2-9ad7-b99651976528&quot; &gt;\n\t\t&lt;img class=&quot;hs-cta-img&quot; id=&quot;hs-cta-img-185aa72c-8a6f-48f2-9ad7-b99651976528&quot; style=&quot;border-width:0px;&quot; src=&quot;https:\/\/no-cache.hubspot.com\/cta\/default\/20984162\/185aa72c-8a6f-48f2-9ad7-b99651976528.png&quot;  alt=&quot;New call-to-action&quot;\/&gt;\n\t\t&lt;\/a&gt;\n\t\t&lt;\/span&gt;\n\t\t&lt;script charset=&quot;utf-8&quot; src=&quot;\/\/js.hubspot.com\/cta\/current.js&quot;&gt;&lt;\/script&gt;\n\t\t&lt;script&gt;\n\t\thbspt.cta.load(20984162, &#039;185aa72c-8a6f-48f2-9ad7-b99651976528&#039;, {});\n\t\t&lt;\/script&gt;\n\t\t&lt;\/span&gt;\n\t\t&lt;!-- end HubSpot Call-to-Action Code --&gt;\n\t\t&quot;}\" data-sheets-userformat=\"{&quot;2&quot;:899,&quot;3&quot;:{&quot;1&quot;:0},&quot;4&quot;:{&quot;1&quot;:2,&quot;2&quot;:16777215},&quot;10&quot;:1,&quot;11&quot;:4,&quot;12&quot;:0}\">\n\t\t<!--HubSpot Call-to-Action Code -->\n\t\t<span class=\"hs-cta-wrapper\" id=\"hs-cta-wrapper-185aa72c-8a6f-48f2-9ad7-b99651976528\">\n\t\t<span class=\"hs-cta-node hs-cta-185aa72c-8a6f-48f2-9ad7-b99651976528\" id=\"185aa72c-8a6f-48f2-9ad7-b99651976528\">\n\t\t<!--[if lte IE 8]>\n\t\t<div id=\"hs-cta-ie-element\"><\/div>\n\t\t<![endif]-->\n\t\t<a href=\"https:\/\/cta-redirect.hubspot.com\/cta\/redirect\/20984162\/185aa72c-8a6f-48f2-9ad7-b99651976528\" >\n\t\t<img decoding=\"async\" class=\"hs-cta-img\" id=\"hs-cta-img-185aa72c-8a6f-48f2-9ad7-b99651976528\" style=\"border-width:0px;\" src=\"https:\/\/no-cache.hubspot.com\/cta\/default\/20984162\/185aa72c-8a6f-48f2-9ad7-b99651976528.png\"  alt=\"New call-to-action\"\/>\n\t\t<\/a>\n\t\t<\/span>\n\t\t<script charset=\"utf-8\" src=\"\/\/js.hubspot.com\/cta\/current.js\"><\/script>\n\t\t<script>\n\t\thbspt.cta.load(20984162, '185aa72c-8a6f-48f2-9ad7-b99651976528', {});\n\t\t<\/script>\n\t\t<\/span>\n\t\t<!-- end HubSpot Call-to-Action Code -->\n\t\t<\/span><\/p>\r\n\r\n\r\n\r\n<h2 class=\"wp-block-heading\"><strong>HSM Expo<\/strong><\/h2>\r\n\r\n\r\n\r\n<p>O HSM Expo neste ano traz como tema a diversidade, o neo-humanismo e a ambidestria na empresa. Com apresenta\u00e7\u00f5es de grandes especialistas do mercado, o evento acontece entre 09, 10 e 11 de novembro, em S\u00e3o Paulo-SP. Fa\u00e7a a sua inscri\u00e7\u00e3o e saiba mais sobre o evento <a href=\"https:\/\/www.hsm.com.br\/expo-20\/\">neste link<\/a>.<\/p>\r\n\r\n\r\n\r\n<p>H\u00e1 outros regionais importantes para cada estado que vale a pena o gestor estar atento.<\/p>\r\n\r\n\r\n\r\n<p><strong>Veja tamb\u00e9m:<\/strong> <a href=\"https:\/\/www.oitchau.com.br\/blog\/entenda-tudo-sobre-a-lei-da-inclusao-social-para-empresas\/\">Entenda tudo sobre a Lei da Inclus\u00e3o Social para Empresas<\/a><\/p>\r\n\r\n\r\n\r\n<p><em>Gostou das dicas sobre os melhores eventos de RH para participar? Deixe o seu coment\u00e1rio e compartilhe estas dicas em suas redes sociais! Siga-nos tamb\u00e9m no <\/em><a href=\"https:\/\/www.instagram.com\/oitchaubr\/\"><em>Instagram<\/em><\/a><em>!<\/em><\/p>\r\n","protected":false},"excerpt":{"rendered":"<p>Profissionais de todos os segmentos produtivos precisam estar atentos \u00e0s novidades do mercado e as tend\u00eancias para levar estas informa\u00e7\u00f5es \u00e0s suas empresas. Todos os anos os eventos de RH trazem dicas, novidades e diferenciais que ir\u00e3o ditar este setor nas empresas de todo o pa\u00eds. Os melhores eventos de RH geralmente acontecem anualmente e [&hellip;]<\/p>\n","protected":false},"author":16,"featured_media":34713,"comment_status":"closed","ping_status":"open","sticky":false,"template":"","format":"standard","meta":{"content-type":"","footnotes":""},"categories":[17643],"tags":[12322,12324,12321,12323,12325],"yoast_head":"<!-- This site is optimized with the Yoast SEO Premium plugin v22.2 (Yoast SEO v22.2) - https:\/\/yoast.com\/wordpress\/plugins\/seo\/ -->\n<title>Os melhores eventos de RH que voc\u00ea n\u00e3o pode perder<\/title>\n<meta name=\"description\" content=\"Conhe\u00e7a os melhores eventos de RH que voc\u00ea n\u00e3o pode perder. Veja quais s\u00e3o as tend\u00eancias e novidades do setor participando destes eventos.\" \/>\n<meta name=\"robots\" content=\"index, follow, max-snippet:-1, max-image-preview:large, max-video-preview:-1\" \/>\n<link rel=\"canonical\" href=\"https:\/\/www.oitchau.com.br\/blog\/os-melhores-eventos-de-rh-que-voce-nao-pode-perder\/\" \/>\n<meta property=\"og:locale\" content=\"pt_BR\" \/>\n<meta property=\"og:type\" content=\"article\" \/>\n<meta property=\"og:title\" content=\"Os melhores eventos de RH que voc\u00ea n\u00e3o pode perder\" \/>\n<meta property=\"og:description\" content=\"Conhe\u00e7a os melhores eventos de RH que voc\u00ea n\u00e3o pode perder. Veja quais s\u00e3o as tend\u00eancias e novidades do setor participando destes eventos.\" \/>\n<meta property=\"og:url\" content=\"https:\/\/www.oitchau.com.br\/blog\/os-melhores-eventos-de-rh-que-voce-nao-pode-perder\/\" \/>\n<meta property=\"og:site_name\" content=\"Controle de Ponto &amp; Timesheets\" \/>\n<meta property=\"article:publisher\" content=\"https:\/\/www.facebook.com\/oitchaubr\/\" \/>\n<meta property=\"article:published_time\" content=\"2020-02-26T20:34:53+00:00\" \/>\n<meta property=\"article:modified_time\" content=\"2024-07-23T08:37:58+00:00\" \/>\n<meta property=\"og:image\" content=\"https:\/\/storage.googleapis.com\/oitchaublog\/2020\/02\/17e4f963-eventos-de-rh.png\" \/>\n\t<meta property=\"og:image:width\" content=\"1982\" \/>\n\t<meta property=\"og:image:height\" content=\"800\" \/>\n\t<meta property=\"og:image:type\" content=\"image\/png\" \/>\n<meta name=\"author\" content=\"Julia Neves\" \/>\n<meta name=\"twitter:card\" content=\"summary_large_image\" \/>\n<meta name=\"twitter:creator\" content=\"@oitchaubr\" \/>\n<meta name=\"twitter:site\" content=\"@oitchaubr\" \/>\n<meta name=\"twitter:label1\" content=\"Written by\" \/>\n\t<meta name=\"twitter:data1\" content=\"Julia Neves\" \/>\n\t<meta name=\"twitter:label2\" content=\"Est. reading time\" \/>\n\t<meta name=\"twitter:data2\" content=\"5 minutos\" \/>\n<script type=\"application\/ld+json\" class=\"yoast-schema-graph\">{\"@context\":\"https:\/\/schema.org\",\"@graph\":[{\"@type\":[\"Article\",\"BlogPosting\"],\"@id\":\"https:\/\/www.oitchau.com.br\/blog\/os-melhores-eventos-de-rh-que-voce-nao-pode-perder\/#article\",\"isPartOf\":{\"@id\":\"https:\/\/www.oitchau.com.br\/blog\/os-melhores-eventos-de-rh-que-voce-nao-pode-perder\/\"},\"author\":{\"name\":\"Julia Neves\",\"@id\":\"https:\/\/www.oitchau.com.br\/blog\/#\/schema\/person\/2d537dd5d364d6364dbe306bf11644f3\"},\"headline\":\"Os melhores eventos de RH que voc\u00ea n\u00e3o pode perder\",\"datePublished\":\"2020-02-26T20:34:53+00:00\",\"dateModified\":\"2024-07-23T08:37:58+00:00\",\"mainEntityOfPage\":{\"@id\":\"https:\/\/www.oitchau.com.br\/blog\/os-melhores-eventos-de-rh-que-voce-nao-pode-perder\/\"},\"wordCount\":931,\"publisher\":{\"@id\":\"https:\/\/www.oitchau.com.br\/blog\/#organization\"},\"image\":{\"@id\":\"https:\/\/www.oitchau.com.br\/blog\/os-melhores-eventos-de-rh-que-voce-nao-pode-perder\/#primaryimage\"},\"thumbnailUrl\":\"https:\/\/storage.googleapis.com\/oitchaublog\/2020\/02\/17e4f963-eventos-de-rh.png\",\"keywords\":[\"Conarh\",\"Concarh\",\"eventos de RH\",\"HSM Expo\",\"tend\u00eancias\"],\"articleSection\":[\"Recursos Humanos\"],\"inLanguage\":\"pt-BR\"},{\"@type\":\"WebPage\",\"@id\":\"https:\/\/www.oitchau.com.br\/blog\/os-melhores-eventos-de-rh-que-voce-nao-pode-perder\/\",\"url\":\"https:\/\/www.oitchau.com.br\/blog\/os-melhores-eventos-de-rh-que-voce-nao-pode-perder\/\",\"name\":\"Os melhores eventos de RH que voc\u00ea n\u00e3o pode perder\",\"isPartOf\":{\"@id\":\"https:\/\/www.oitchau.com.br\/blog\/#website\"},\"primaryImageOfPage\":{\"@id\":\"https:\/\/www.oitchau.com.br\/blog\/os-melhores-eventos-de-rh-que-voce-nao-pode-perder\/#primaryimage\"},\"image\":{\"@id\":\"https:\/\/www.oitchau.com.br\/blog\/os-melhores-eventos-de-rh-que-voce-nao-pode-perder\/#primaryimage\"},\"thumbnailUrl\":\"https:\/\/storage.googleapis.com\/oitchaublog\/2020\/02\/17e4f963-eventos-de-rh.png\",\"datePublished\":\"2020-02-26T20:34:53+00:00\",\"dateModified\":\"2024-07-23T08:37:58+00:00\",\"description\":\"Conhe\u00e7a os melhores eventos de RH que voc\u00ea n\u00e3o pode perder. Veja quais s\u00e3o as tend\u00eancias e novidades do setor participando destes eventos.\",\"breadcrumb\":{\"@id\":\"https:\/\/www.oitchau.com.br\/blog\/os-melhores-eventos-de-rh-que-voce-nao-pode-perder\/#breadcrumb\"},\"inLanguage\":\"pt-BR\",\"potentialAction\":[{\"@type\":\"ReadAction\",\"target\":[\"https:\/\/www.oitchau.com.br\/blog\/os-melhores-eventos-de-rh-que-voce-nao-pode-perder\/\"]}]},{\"@type\":\"ImageObject\",\"inLanguage\":\"pt-BR\",\"@id\":\"https:\/\/www.oitchau.com.br\/blog\/os-melhores-eventos-de-rh-que-voce-nao-pode-perder\/#primaryimage\",\"url\":\"https:\/\/storage.googleapis.com\/oitchaublog\/2020\/02\/17e4f963-eventos-de-rh.png\",\"contentUrl\":\"https:\/\/storage.googleapis.com\/oitchaublog\/2020\/02\/17e4f963-eventos-de-rh.png\",\"width\":1982,\"height\":800,\"caption\":\"eventos de RH\"},{\"@type\":\"BreadcrumbList\",\"@id\":\"https:\/\/www.oitchau.com.br\/blog\/os-melhores-eventos-de-rh-que-voce-nao-pode-perder\/#breadcrumb\",\"itemListElement\":[{\"@type\":\"ListItem\",\"position\":1,\"name\":\"Blog\",\"item\":\"https:\/\/www.oitchau.com.br\/blog\/\"},{\"@type\":\"ListItem\",\"position\":2,\"name\":\"Os melhores eventos de RH que voc\u00ea n\u00e3o pode perder\"}]},{\"@type\":\"WebSite\",\"@id\":\"https:\/\/www.oitchau.com.br\/blog\/#website\",\"url\":\"https:\/\/www.oitchau.com.br\/blog\/\",\"name\":\"Controle de Ponto & Timesheets\",\"description\":\"\",\"publisher\":{\"@id\":\"https:\/\/www.oitchau.com.br\/blog\/#organization\"},\"potentialAction\":[{\"@type\":\"SearchAction\",\"target\":{\"@type\":\"EntryPoint\",\"urlTemplate\":\"https:\/\/www.oitchau.com.br\/blog\/?s={search_term_string}\"},\"query-input\":\"required name=search_term_string\"}],\"inLanguage\":\"pt-BR\"},{\"@type\":\"Organization\",\"@id\":\"https:\/\/www.oitchau.com.br\/blog\/#organization\",\"name\":\"Oitchau\",\"url\":\"https:\/\/www.oitchau.com.br\/blog\/\",\"logo\":{\"@type\":\"ImageObject\",\"inLanguage\":\"pt-BR\",\"@id\":\"https:\/\/www.oitchau.com.br\/blog\/#\/schema\/logo\/image\/\",\"url\":\"https:\/\/storage.googleapis.com\/oitchaublog\/2024\/03\/a0e65c6f-design-sem-nome-20.png\",\"contentUrl\":\"https:\/\/storage.googleapis.com\/oitchaublog\/2024\/03\/a0e65c6f-design-sem-nome-20.png\",\"width\":696,\"height\":696,\"caption\":\"Oitchau\"},\"image\":{\"@id\":\"https:\/\/www.oitchau.com.br\/blog\/#\/schema\/logo\/image\/\"},\"sameAs\":[\"https:\/\/www.facebook.com\/oitchaubr\/\",\"https:\/\/twitter.com\/oitchaubr\",\"https:\/\/instagram.com\/oitchaubr\"],\"description\":\"A Oitchau \u00e9 uma solu\u00e7\u00e3o completa para gest\u00e3o de tempo dos colaboradores, atrav\u00e9s de suas solu\u00e7\u00f5es de controle de ponto & timesheets, ela permite que gestores, RH e DP possam gerenciar desde a jornada de trabalho de funcion\u00e1rios at\u00e9 a gest\u00e3o de tempo em projetos. Elevando o n\u00edvel estrat\u00e9gico do neg\u00f3cio de forma inteligente e assertiva, potencializando seus resultados e garantindo compliance com a Lei.\",\"email\":\"contato@oitchau.com.br\",\"telephone\":\"+551142102846\",\"foundingDate\":\"2016-01-01\",\"numberOfEmployees\":{\"@type\":\"QuantitativeValue\",\"minValue\":\"51\",\"maxValue\":\"200\"}},{\"@type\":\"Person\",\"@id\":\"https:\/\/www.oitchau.com.br\/blog\/#\/schema\/person\/2d537dd5d364d6364dbe306bf11644f3\",\"name\":\"Julia Neves\",\"url\":\"https:\/\/www.oitchau.com.br\/blog\/author\/julia\/\"}]}<\/script>\n<!-- \/ Yoast SEO Premium plugin. -->","yoast_head_json":{"title":"Os melhores eventos de RH que voc\u00ea n\u00e3o pode perder","description":"Conhe\u00e7a os melhores eventos de RH que voc\u00ea n\u00e3o pode perder. Veja quais s\u00e3o as tend\u00eancias e novidades do setor participando destes eventos.","robots":{"index":"index","follow":"follow","max-snippet":"max-snippet:-1","max-image-preview":"max-image-preview:large","max-video-preview":"max-video-preview:-1"},"canonical":"https:\/\/www.oitchau.com.br\/blog\/os-melhores-eventos-de-rh-que-voce-nao-pode-perder\/","og_locale":"pt_BR","og_type":"article","og_title":"Os melhores eventos de RH que voc\u00ea n\u00e3o pode perder","og_description":"Conhe\u00e7a os melhores eventos de RH que voc\u00ea n\u00e3o pode perder. Veja quais s\u00e3o as tend\u00eancias e novidades do setor participando destes eventos.","og_url":"https:\/\/www.oitchau.com.br\/blog\/os-melhores-eventos-de-rh-que-voce-nao-pode-perder\/","og_site_name":"Controle de Ponto &amp; Timesheets","article_publisher":"https:\/\/www.facebook.com\/oitchaubr\/","article_published_time":"2020-02-26T20:34:53+00:00","article_modified_time":"2024-07-23T08:37:58+00:00","og_image":[{"width":1982,"height":800,"url":"https:\/\/storage.googleapis.com\/oitchaublog\/2020\/02\/17e4f963-eventos-de-rh.png","type":"image\/png"}],"author":"Julia Neves","twitter_card":"summary_large_image","twitter_creator":"@oitchaubr","twitter_site":"@oitchaubr","twitter_misc":{"Written by":"Julia Neves","Est. reading time":"5 minutos"},"schema":{"@context":"https:\/\/schema.org","@graph":[{"@type":["Article","BlogPosting"],"@id":"https:\/\/www.oitchau.com.br\/blog\/os-melhores-eventos-de-rh-que-voce-nao-pode-perder\/#article","isPartOf":{"@id":"https:\/\/www.oitchau.com.br\/blog\/os-melhores-eventos-de-rh-que-voce-nao-pode-perder\/"},"author":{"name":"Julia Neves","@id":"https:\/\/www.oitchau.com.br\/blog\/#\/schema\/person\/2d537dd5d364d6364dbe306bf11644f3"},"headline":"Os melhores eventos de RH que voc\u00ea n\u00e3o pode perder","datePublished":"2020-02-26T20:34:53+00:00","dateModified":"2024-07-23T08:37:58+00:00","mainEntityOfPage":{"@id":"https:\/\/www.oitchau.com.br\/blog\/os-melhores-eventos-de-rh-que-voce-nao-pode-perder\/"},"wordCount":931,"publisher":{"@id":"https:\/\/www.oitchau.com.br\/blog\/#organization"},"image":{"@id":"https:\/\/www.oitchau.com.br\/blog\/os-melhores-eventos-de-rh-que-voce-nao-pode-perder\/#primaryimage"},"thumbnailUrl":"https:\/\/storage.googleapis.com\/oitchaublog\/2020\/02\/17e4f963-eventos-de-rh.png","keywords":["Conarh","Concarh","eventos de RH","HSM Expo","tend\u00eancias"],"articleSection":["Recursos Humanos"],"inLanguage":"pt-BR"},{"@type":"WebPage","@id":"https:\/\/www.oitchau.com.br\/blog\/os-melhores-eventos-de-rh-que-voce-nao-pode-perder\/","url":"https:\/\/www.oitchau.com.br\/blog\/os-melhores-eventos-de-rh-que-voce-nao-pode-perder\/","name":"Os melhores eventos de RH que voc\u00ea n\u00e3o pode perder","isPartOf":{"@id":"https:\/\/www.oitchau.com.br\/blog\/#website"},"primaryImageOfPage":{"@id":"https:\/\/www.oitchau.com.br\/blog\/os-melhores-eventos-de-rh-que-voce-nao-pode-perder\/#primaryimage"},"image":{"@id":"https:\/\/www.oitchau.com.br\/blog\/os-melhores-eventos-de-rh-que-voce-nao-pode-perder\/#primaryimage"},"thumbnailUrl":"https:\/\/storage.googleapis.com\/oitchaublog\/2020\/02\/17e4f963-eventos-de-rh.png","datePublished":"2020-02-26T20:34:53+00:00","dateModified":"2024-07-23T08:37:58+00:00","description":"Conhe\u00e7a os melhores eventos de RH que voc\u00ea n\u00e3o pode perder. Veja quais s\u00e3o as tend\u00eancias e novidades do setor participando destes eventos.","breadcrumb":{"@id":"https:\/\/www.oitchau.com.br\/blog\/os-melhores-eventos-de-rh-que-voce-nao-pode-perder\/#breadcrumb"},"inLanguage":"pt-BR","potentialAction":[{"@type":"ReadAction","target":["https:\/\/www.oitchau.com.br\/blog\/os-melhores-eventos-de-rh-que-voce-nao-pode-perder\/"]}]},{"@type":"ImageObject","inLanguage":"pt-BR","@id":"https:\/\/www.oitchau.com.br\/blog\/os-melhores-eventos-de-rh-que-voce-nao-pode-perder\/#primaryimage","url":"https:\/\/storage.googleapis.com\/oitchaublog\/2020\/02\/17e4f963-eventos-de-rh.png","contentUrl":"https:\/\/storage.googleapis.com\/oitchaublog\/2020\/02\/17e4f963-eventos-de-rh.png","width":1982,"height":800,"caption":"eventos de RH"},{"@type":"BreadcrumbList","@id":"https:\/\/www.oitchau.com.br\/blog\/os-melhores-eventos-de-rh-que-voce-nao-pode-perder\/#breadcrumb","itemListElement":[{"@type":"ListItem","position":1,"name":"Blog","item":"https:\/\/www.oitchau.com.br\/blog\/"},{"@type":"ListItem","position":2,"name":"Os melhores eventos de RH que voc\u00ea n\u00e3o pode perder"}]},{"@type":"WebSite","@id":"https:\/\/www.oitchau.com.br\/blog\/#website","url":"https:\/\/www.oitchau.com.br\/blog\/","name":"Controle de Ponto & Timesheets","description":"","publisher":{"@id":"https:\/\/www.oitchau.com.br\/blog\/#organization"},"potentialAction":[{"@type":"SearchAction","target":{"@type":"EntryPoint","urlTemplate":"https:\/\/www.oitchau.com.br\/blog\/?s={search_term_string}"},"query-input":"required name=search_term_string"}],"inLanguage":"pt-BR"},{"@type":"Organization","@id":"https:\/\/www.oitchau.com.br\/blog\/#organization","name":"Oitchau","url":"https:\/\/www.oitchau.com.br\/blog\/","logo":{"@type":"ImageObject","inLanguage":"pt-BR","@id":"https:\/\/www.oitchau.com.br\/blog\/#\/schema\/logo\/image\/","url":"https:\/\/storage.googleapis.com\/oitchaublog\/2024\/03\/a0e65c6f-design-sem-nome-20.png","contentUrl":"https:\/\/storage.googleapis.com\/oitchaublog\/2024\/03\/a0e65c6f-design-sem-nome-20.png","width":696,"height":696,"caption":"Oitchau"},"image":{"@id":"https:\/\/www.oitchau.com.br\/blog\/#\/schema\/logo\/image\/"},"sameAs":["https:\/\/www.facebook.com\/oitchaubr\/","https:\/\/twitter.com\/oitchaubr","https:\/\/instagram.com\/oitchaubr"],"description":"A Oitchau \u00e9 uma solu\u00e7\u00e3o completa para gest\u00e3o de tempo dos colaboradores, atrav\u00e9s de suas solu\u00e7\u00f5es de controle de ponto & timesheets, ela permite que gestores, RH e DP possam gerenciar desde a jornada de trabalho de funcion\u00e1rios at\u00e9 a gest\u00e3o de tempo em projetos. Elevando o n\u00edvel estrat\u00e9gico do neg\u00f3cio de forma inteligente e assertiva, potencializando seus resultados e garantindo compliance com a Lei.","email":"contato@oitchau.com.br","telephone":"+551142102846","foundingDate":"2016-01-01","numberOfEmployees":{"@type":"QuantitativeValue","minValue":"51","maxValue":"200"}},{"@type":"Person","@id":"https:\/\/www.oitchau.com.br\/blog\/#\/schema\/person\/2d537dd5d364d6364dbe306bf11644f3","name":"Julia Neves","url":"https:\/\/www.oitchau.com.br\/blog\/author\/julia\/"}]}},"_links":{"self":[{"href":"https:\/\/www.oitchau.com.br\/blog\/wp-json\/wp\/v2\/posts\/8802"}],"collection":[{"href":"https:\/\/www.oitchau.com.br\/blog\/wp-json\/wp\/v2\/posts"}],"about":[{"href":"https:\/\/www.oitchau.com.br\/blog\/wp-json\/wp\/v2\/types\/post"}],"author":[{"embeddable":true,"href":"https:\/\/www.oitchau.com.br\/blog\/wp-json\/wp\/v2\/users\/16"}],"replies":[{"embeddable":true,"href":"https:\/\/www.oitchau.com.br\/blog\/wp-json\/wp\/v2\/comments?post=8802"}],"version-history":[{"count":1,"href":"https:\/\/www.oitchau.com.br\/blog\/wp-json\/wp\/v2\/posts\/8802\/revisions"}],"predecessor-version":[{"id":34714,"href":"https:\/\/www.oitchau.com.br\/blog\/wp-json\/wp\/v2\/posts\/8802\/revisions\/34714"}],"wp:featuredmedia":[{"embeddable":true,"href":"https:\/\/www.oitchau.com.br\/blog\/wp-json\/wp\/v2\/media\/34713"}],"wp:attachment":[{"href":"https:\/\/www.oitchau.com.br\/blog\/wp-json\/wp\/v2\/media?parent=8802"}],"wp:term":[{"taxonomy":"category","embeddable":true,"href":"https:\/\/www.oitchau.com.br\/blog\/wp-json\/wp\/v2\/categories?post=8802"},{"taxonomy":"post_tag","embeddable":true,"href":"https:\/\/www.oitchau.com.br\/blog\/wp-json\/wp\/v2\/tags?post=8802"}],"curies":[{"name":"wp","href":"https:\/\/api.w.org\/{rel}","templated":true}]}}