{"id":8639,"date":"2020-02-20T19:33:09","date_gmt":"2020-02-20T16:33:09","guid":{"rendered":"https:\/\/www.oitchau.com.br\/blog\/?p=8639"},"modified":"2024-07-23T11:28:13","modified_gmt":"2024-07-23T08:28:13","slug":"setor-pessoal-o-que-faz-e-qual-e-a-sua-importancia-para-a-empresa","status":"publish","type":"post","link":"https:\/\/www.oitchau.com.br\/blog\/setor-pessoal-o-que-faz-e-qual-e-a-sua-importancia-para-a-empresa\/","title":{"rendered":"Setor Pessoal: O que faz e qual \u00e9 a sua import\u00e2ncia para a empresa"},"content":{"rendered":"\r\n<p>O <strong><em>setor pessoal<\/em><\/strong> \u00e9 um departamento recorrente em toda empresa. \u00c9 ele quem lida diretamente com a gest\u00e3o do quadro de colaboradores da organiza\u00e7\u00e3o e por garantir as melhores condi\u00e7\u00f5es de trabalho.<\/p>\r\n<p><span data-sheets-value=\"{&quot;1&quot;:2,&quot;2&quot;:&quot;\n\t\t&lt;!--HubSpot Call-to-Action Code --&gt;\n\t\t&lt;span class=&quot;hs-cta-wrapper&quot; id=&quot;hs-cta-wrapper-185aa72c-8a6f-48f2-9ad7-b99651976528&quot;&gt;\n\t\t&lt;span class=&quot;hs-cta-node hs-cta-185aa72c-8a6f-48f2-9ad7-b99651976528&quot; id=&quot;185aa72c-8a6f-48f2-9ad7-b99651976528&quot;&gt;\n\t\t&lt;!--[if lte IE 8]&gt;\n\t\t&lt;div id=&quot;hs-cta-ie-element&quot;&gt;&lt;\/div&gt;\n\t\t&lt;![endif]--&gt;\n\t\t&lt;a href=&quot;https:\/\/cta-redirect.hubspot.com\/cta\/redirect\/20984162\/185aa72c-8a6f-48f2-9ad7-b99651976528&quot; &gt;\n\t\t&lt;img class=&quot;hs-cta-img&quot; id=&quot;hs-cta-img-185aa72c-8a6f-48f2-9ad7-b99651976528&quot; style=&quot;border-width:0px;&quot; src=&quot;https:\/\/no-cache.hubspot.com\/cta\/default\/20984162\/185aa72c-8a6f-48f2-9ad7-b99651976528.png&quot;  alt=&quot;New call-to-action&quot;\/&gt;\n\t\t&lt;\/a&gt;\n\t\t&lt;\/span&gt;\n\t\t&lt;script charset=&quot;utf-8&quot; src=&quot;\/\/js.hubspot.com\/cta\/current.js&quot;&gt;&lt;\/script&gt;\n\t\t&lt;script&gt;\n\t\thbspt.cta.load(20984162, &#039;185aa72c-8a6f-48f2-9ad7-b99651976528&#039;, {});\n\t\t&lt;\/script&gt;\n\t\t&lt;\/span&gt;\n\t\t&lt;!-- end HubSpot Call-to-Action Code --&gt;\n\t\t&quot;}\" data-sheets-userformat=\"{&quot;2&quot;:899,&quot;3&quot;:{&quot;1&quot;:0},&quot;4&quot;:{&quot;1&quot;:2,&quot;2&quot;:16777215},&quot;10&quot;:1,&quot;11&quot;:4,&quot;12&quot;:0}\">\n\t\t<!--HubSpot Call-to-Action Code -->\n\t\t<span class=\"hs-cta-wrapper\" id=\"hs-cta-wrapper-185aa72c-8a6f-48f2-9ad7-b99651976528\">\n\t\t<span class=\"hs-cta-node hs-cta-185aa72c-8a6f-48f2-9ad7-b99651976528\" id=\"185aa72c-8a6f-48f2-9ad7-b99651976528\">\n\t\t<!--[if lte IE 8]>\n\t\t<div id=\"hs-cta-ie-element\"><\/div>\n\t\t<![endif]-->\n\t\t<a href=\"https:\/\/cta-redirect.hubspot.com\/cta\/redirect\/20984162\/185aa72c-8a6f-48f2-9ad7-b99651976528\" >\n\t\t<img decoding=\"async\" class=\"hs-cta-img\" id=\"hs-cta-img-185aa72c-8a6f-48f2-9ad7-b99651976528\" style=\"border-width:0px;\" src=\"https:\/\/no-cache.hubspot.com\/cta\/default\/20984162\/185aa72c-8a6f-48f2-9ad7-b99651976528.png\"  alt=\"New call-to-action\"\/>\n\t\t<\/a>\n\t\t<\/span>\n\t\t<script charset=\"utf-8\" src=\"\/\/js.hubspot.com\/cta\/current.js\"><\/script>\n\t\t<script>\n\t\thbspt.cta.load(20984162, '185aa72c-8a6f-48f2-9ad7-b99651976528', {});\n\t\t<\/script>\n\t\t<\/span>\n\t\t<!-- end HubSpot Call-to-Action Code -->\n\t\t<\/span><\/p>\r\n\r\n\r\n\r\n<p>O setor pessoal \u00e9 cada vez mais estrat\u00e9gico para o neg\u00f3cio. Veja a seguir como aproveitar melhor este setor em seu planejamento e para ter diferencia\u00e7\u00e3o no mercado.<\/p>\r\n\r\n\r\n\r\n<h2 class=\"wp-block-heading\"><strong>Setor pessoal \u2013 O que \u00e9?<\/strong><\/h2>\r\n\r\n\r\n\r\n<p>O setor pessoal nas empresas recebe diferentes nomes: recursos humanos, departamento pessoal, desenvolvimento humano e organizacional, etc. Na verdade, \u00e9 comum o setor pessoal acabar sendo confundido com o recursos humanos. No entanto, possui fun\u00e7\u00f5es muito diferentes dentro da administra\u00e7\u00e3o de uma empresa. \u00c9 o setor que gere todos os talentos da organiza\u00e7\u00e3o e a sua rela\u00e7\u00e3o com o mercado como <a href=\"https:\/\/www.oitchau.com.br\/blog\/employer-branding-por-que-ficar-de-olho-no-assunto\/\">marca empregadora<\/a>.<\/p>\r\n\r\n\r\n\r\n<p>Os profissionais dedicados ao setor pessoal atuam em quest\u00f5es de outros demais colaboradores. E o processo do setor pessoal \u00e9 bastante complexo abrange o recrutamento e sele\u00e7\u00e3o, o pagamento de sal\u00e1rios, controle de ponto, f\u00e9rias, licen\u00e7as, transporte, treinamento e capacita\u00e7\u00e3o, desligamento, etc. H\u00e1 uma s\u00e9rie de atividades necess\u00e1rias que envolvem diferentes profissionais.<\/p>\r\n\r\n\r\n\r\n<h3 class=\"wp-block-heading\">Documenta\u00e7\u00e3o<\/h3>\r\n\r\n\r\n\r\n<p>Esta \u00e1rea \u00e9 tamb\u00e9m respons\u00e1vel pela documenta\u00e7\u00e3o do pessoal, quest\u00f5es burocr\u00e1ticas envolvidas no processo trabalhista e legais, o interm\u00e9dio entre a empresa e os \u00f3rg\u00e3os p\u00fablicos, contato com contadores e outros parceiros externos, etc.<\/p>\r\n\r\n\r\n\r\n<p>Por muito tempo o setor pessoal tinha um car\u00e1ter mais burocr\u00e1tico \u2013 ligado aos processos de recrutamento, folha de pagamento, etc. Atualmente, al\u00e9m de ser um importante centro de custo, \u00e9 um setor estrat\u00e9gico, que acompanha e participa ativamente da tomada de decis\u00e3o da empresa.<\/p>\r\n\r\n\r\n\r\n<h2 class=\"wp-block-heading\"><strong>Recursos Humanos X Setor Pessoal<\/strong><\/h2>\r\n\r\n\r\n\r\n<p>Vale a pena verificar a diferen\u00e7a entre o RH e o setor pessoal para construir estrat\u00e9gias mais din\u00e2micas e bem distribu\u00eddas. O RH \u00e9 respons\u00e1vel pela valoriza\u00e7\u00e3o e motiva\u00e7\u00e3o dos funcion\u00e1rios, e tem um car\u00e1ter mais abrangente. J\u00e1 o setor pessoal lida melhor com as quest\u00f5es burocr\u00e1ticas da empresa e sua equipe, relativas a legisla\u00e7\u00e3o trabalhista e a previd\u00eancia.<\/p>\r\n\r\n\r\n\r\n<p>Apesar de serem bem distintas, ambos os segmentos atuam conjuntamente e s\u00f3 t\u00eam sucesso quando h\u00e1 esta simbiose. Isso porque as rotinas trabalhistas precisam ser executadas adequadamente para que o neg\u00f3cio tenha \u00eaxito. E para isso, a equipe deve se manter atualizada e alinhada.<\/p>\r\n\r\n\r\n\r\n<p>\u00c9 importante dizer que em pequenos e m\u00e9dios neg\u00f3cios n\u00e3o h\u00e1 grande diferen\u00e7a entre Recursos Humanos de setor pessoal \u2013 em geral, \u00e9 nas grandes empresas que isso fica distinto. Para um bom desempenho de relacionamento com os colaboradores e resultados mais estrat\u00e9gicos, a gest\u00e3o legal em rela\u00e7\u00e3o ao trabalho e a sua documenta\u00e7\u00e3o em dia \u00e9 essencial.<\/p>\r\n\r\n\r\n\r\n<h2 class=\"wp-block-heading\"><strong>Principais rotinas do Setor Pessoal<\/strong><\/h2>\r\n\r\n\r\n\r\n<p>O setor pessoal deve ser um local organizado e estruturado, com equipe bem preparada e recursos condizentes com a sua rotina. A sua rotina \u00e9 baseada na gest\u00e3o dos colaboradores ap\u00f3s a admiss\u00e3o por meio de treinamentos, supervis\u00e3o e esclarecimento de d\u00favidas.<\/p>\r\n\r\n\r\n\r\n<p>\u00c9 importante gerir tamb\u00e9m a presen\u00e7a dos mesmos no ambiente de trabalho, controlando as suas entradas e sa\u00eddas por meio do controle de ponto, a fim de realizar os c\u00e1lculos de sal\u00e1rios, impostos, das folhas de pagamento e acordos com a legisla\u00e7\u00e3o trabalhista.<\/p>\r\n\r\n\r\n\r\n<p>Vejamos a seguir algumas rotinas deste processo na pr\u00e1tica:<\/p>\r\n\r\n\r\n\r\n<h3 class=\"wp-block-heading\"><strong>Processos de admiss\u00e3o <\/strong><\/h3>\r\n\r\n\r\n\r\n<p>A contrata\u00e7\u00e3o de novos funcion\u00e1rios requer alguns cuidados e obriga\u00e7\u00f5es, como \u00e9 o caso da capta\u00e7\u00e3o da documenta\u00e7\u00e3o necess\u00e1ria para se efetivar esse processo, por exemplo. O registro na carteira, a aplica\u00e7\u00e3o de formul\u00e1rios de exames m\u00e9dicos, cadastramento do colaborador junto aos sistemas fiscalizadores do governo s\u00e3o exemplos de atividades dos processos de admiss\u00e3o.<\/p>\r\n\r\n\r\n\r\n<h3 class=\"wp-block-heading\"><strong>Controle de ponto<\/strong><\/h3>\r\n\r\n\r\n\r\n<p>O <a href=\"https:\/\/www.oitchau.com.br\/blog\/controle-de-ponto-para-pequenas-empresas\/\">controle de ponto<\/a> \u00e9 outra responsabilidade do setor pessoal. \u00c9 importante controlar as entradas e sa\u00eddas que uma empresa e gerir a jornada di\u00e1ria de trabalho, as pausas e faltas de seus funcion\u00e1rios, respeitando as premissas legais.<\/p>\r\n\r\n\r\n\r\n<p>Atrav\u00e9s de um sistema \u00e9 poss\u00edvel realizar as manuten\u00e7\u00f5es necess\u00e1rias facilmente. Os sistemas integrados \u2013 como \u00e9 a <strong><em>plataforma Oitchau<\/em><\/strong> \u2013 permitem mais assertividade na hora de registrar e manter os dados que impactar\u00e3o na gera\u00e7\u00e3o de documentos comprobat\u00f3rios e na folha de pagamento.<\/p>\r\n\r\n\r\n\r\n<h3 class=\"wp-block-heading\"><strong>Inscri\u00e7\u00e3o no PIS\/FGTS<\/strong><\/h3>\r\n\r\n\r\n\r\n<p>Cadastrar cada novo funcion\u00e1rio no Programa de Integra\u00e7\u00e3o Social (PIS) e realizar o c\u00e1lculo do Fundo de Garantia por Tempo de Servi\u00e7o (FGTS) \u00e9 responsabilidade do setor pessoal.<\/p>\r\n\r\n\r\n\r\n<p>Com isso, ficam tamb\u00e9m definidos os valores que s\u00e3o repassados para o setor financeiro, que ir\u00e1 realizar os dep\u00f3sitos e garantir que a empresa cumpra com as leis trabalhistas.<\/p>\r\n\r\n\r\n\r\n<h3 class=\"wp-block-heading\"><strong>Entrega de benef\u00edcios<\/strong><\/h3>\r\n\r\n\r\n\r\n<p>A distribui\u00e7\u00e3o adequada dos benef\u00edcios mensais, como vale-transporte e cesta b\u00e1sica, \u00e9 fun\u00e7\u00e3o do setor pessoal. \u00c9 ele que faz a gest\u00e3o de quais s\u00e3o os colaboradores que t\u00eam direito aos benef\u00edcios ou quando devem ser suspensos.<\/p>\r\n\r\n\r\n\r\n<h3 class=\"wp-block-heading\"><strong>Folha de pagamento<\/strong><\/h3>\r\n\r\n\r\n\r\n<p>A folha de pagamento \u00e9 uma das principais fun\u00e7\u00f5es do setor pessoal. E isso pode exigir muita aten\u00e7\u00e3o, j\u00e1 que envolve diversos fatores, como o sal\u00e1rio, benef\u00edcios, d\u00e9cimo terceiro, al\u00e9m dos recolhimento de taxas, como imposto de renda, contribui\u00e7\u00e3o sindical, INSS e FGTS.<\/p>\r\n\r\n\r\n\r\n<h3 class=\"wp-block-heading\"><strong>Gerenciamento de f\u00e9rias e licen\u00e7as<\/strong><\/h3>\r\n\r\n\r\n\r\n<p>\u00c9 tarefa muito importante gerir as licen\u00e7as, atestados, f\u00e9rias e outros afastamentos de algu\u00e9m da equipe. \u00c9 o setor pessoal que faz isso, integrando os eventos necess\u00e1rios com a folha de pagamento e realizando o contato com os \u00f3rg\u00e3os p\u00fablicos necess\u00e1rios.<\/p>\r\n\r\n\r\n\r\n<h3 class=\"wp-block-heading\"><strong>Fornecimento de dados a \u00f3rg\u00e3os oficiais<\/strong><\/h3>\r\n\r\n\r\n\r\n<p>O setor pessoal faz a media\u00e7\u00e3o da empresa com as entidades governamentais, transmitindo as informa\u00e7\u00f5es de cunho social dos trabalhadores da empresa. \u00c9 o caso das informa\u00e7\u00f5es previstas ao eSocial, CAGED (Cadastro Geral de Empregados e Desempregados), RAIS (Rela\u00e7\u00e3o Anual de Informa\u00e7\u00f5es Sociais), entre outros.<\/p>\r\n<p><span data-sheets-value=\"{&quot;1&quot;:2,&quot;2&quot;:&quot;\n\t\t&lt;!--HubSpot Call-to-Action Code --&gt;\n\t\t&lt;span class=&quot;hs-cta-wrapper&quot; id=&quot;hs-cta-wrapper-959cb07d-ca53-460c-a412-b4c81d2c1122&quot;&gt;\n\t\t&lt;span class=&quot;hs-cta-node hs-cta-959cb07d-ca53-460c-a412-b4c81d2c1122&quot; id=&quot;959cb07d-ca53-460c-a412-b4c81d2c1122&quot;&gt;\n\t\t&lt;!--[if lte IE 8]&gt;\n\t\t&lt;div id=&quot;hs-cta-ie-element&quot;&gt;&lt;\/div&gt;\n\t\t&lt;![endif]--&gt;\n\t\t&lt;a href=&quot;https:\/\/cta-redirect.hubspot.com\/cta\/redirect\/20984162\/959cb07d-ca53-460c-a412-b4c81d2c1122&quot; &gt;\n\t\t&lt;img class=&quot;hs-cta-img&quot; id=&quot;hs-cta-img-959cb07d-ca53-460c-a412-b4c81d2c1122&quot; style=&quot;border-width:0px;&quot; src=&quot;https:\/\/no-cache.hubspot.com\/cta\/default\/20984162\/959cb07d-ca53-460c-a412-b4c81d2c1122.png&quot;  alt=&quot;New call-to-action&quot;\/&gt;\n\t\t&lt;\/a&gt;\n\t\t&lt;\/span&gt;\n\t\t&lt;script charset=&quot;utf-8&quot; src=&quot;\/\/js.hubspot.com\/cta\/current.js&quot;&gt;&lt;\/script&gt;\n\t\t&lt;script&gt;\n\t\thbspt.cta.load(20984162, &#039;959cb07d-ca53-460c-a412-b4c81d2c1122&#039;, {});\n\t\t&lt;\/script&gt;\n\t\t&lt;\/span&gt;\n\t\t&lt;!-- end HubSpot Call-to-Action Code --&gt;\n\t\t&quot;}\" data-sheets-userformat=\"{&quot;2&quot;:899,&quot;3&quot;:{&quot;1&quot;:0},&quot;4&quot;:{&quot;1&quot;:2,&quot;2&quot;:16777215},&quot;10&quot;:1,&quot;11&quot;:4,&quot;12&quot;:0}\">\n\t\t<!--HubSpot Call-to-Action Code -->\n\t\t<span class=\"hs-cta-wrapper\" id=\"hs-cta-wrapper-959cb07d-ca53-460c-a412-b4c81d2c1122\">\n\t\t<span class=\"hs-cta-node hs-cta-959cb07d-ca53-460c-a412-b4c81d2c1122\" id=\"959cb07d-ca53-460c-a412-b4c81d2c1122\">\n\t\t<!--[if lte IE 8]>\n\t\t<div id=\"hs-cta-ie-element\"><\/div>\n\t\t<![endif]-->\n\t\t<a href=\"https:\/\/cta-redirect.hubspot.com\/cta\/redirect\/20984162\/959cb07d-ca53-460c-a412-b4c81d2c1122\" >\n\t\t<img decoding=\"async\" class=\"hs-cta-img\" id=\"hs-cta-img-959cb07d-ca53-460c-a412-b4c81d2c1122\" style=\"border-width:0px;\" src=\"https:\/\/no-cache.hubspot.com\/cta\/default\/20984162\/959cb07d-ca53-460c-a412-b4c81d2c1122.png\"  alt=\"New call-to-action\"\/>\n\t\t<\/a>\n\t\t<\/span>\n\t\t<script charset=\"utf-8\" src=\"\/\/js.hubspot.com\/cta\/current.js\"><\/script>\n\t\t<script>\n\t\thbspt.cta.load(20984162, '959cb07d-ca53-460c-a412-b4c81d2c1122', {});\n\t\t<\/script>\n\t\t<\/span>\n\t\t<!-- end HubSpot Call-to-Action Code -->\n\t\t<\/span><\/p>\r\n\r\n\r\n\r\n<p><strong>Veja tamb\u00e9m:<\/strong> <a href=\"https:\/\/www.oitchau.com.br\/blog\/terceirizados-como-fazer-o-controle-de-ponto-entenda\/\">Terceirizados: como fazer o controle de ponto? Entenda!<\/a><\/p>\r\n\r\n\r\n\r\n<p><em>Gostou das dicas sobre setor pessoal? Deixe o seu coment\u00e1rio e compartilhe estas dicas em suas redes sociais! Siga-nos tamb\u00e9m no <\/em><a href=\"https:\/\/www.instagram.com\/oitchaubr\/\"><em>Instagram<\/em><\/a><em>!<\/em><\/p>\r\n","protected":false},"excerpt":{"rendered":"<p>O setor pessoal \u00e9 um departamento recorrente em toda empresa. \u00c9 ele quem lida diretamente com a gest\u00e3o do quadro de colaboradores da organiza\u00e7\u00e3o e por garantir as melhores condi\u00e7\u00f5es de trabalho. O setor pessoal \u00e9 cada vez mais estrat\u00e9gico para o neg\u00f3cio. Veja a seguir como aproveitar melhor este setor em seu planejamento e [&hellip;]<\/p>\n","protected":false},"author":16,"featured_media":34697,"comment_status":"closed","ping_status":"open","sticky":false,"template":"","format":"standard","meta":{"content-type":"","footnotes":""},"categories":[17710],"tags":[12114,10887,240,12113],"yoast_head":"<!-- This site is optimized with the Yoast SEO Premium plugin v22.2 (Yoast SEO v22.2) - https:\/\/yoast.com\/wordpress\/plugins\/seo\/ -->\n<title>Setor Pessoal: O que faz e qual \u00e9 a sua import\u00e2ncia para a empresa<\/title>\n<meta name=\"description\" content=\"Saiba mais sobre o Setor Pessoal: O que faz e qual \u00e9 a sua import\u00e2ncia para a empresa. Veja como o setor pode ser estrat\u00e9gico para o seu neg\u00f3cio.\" \/>\n<meta name=\"robots\" content=\"index, follow, max-snippet:-1, max-image-preview:large, max-video-preview:-1\" \/>\n<link rel=\"canonical\" href=\"https:\/\/www.oitchau.com.br\/blog\/setor-pessoal-o-que-faz-e-qual-e-a-sua-importancia-para-a-empresa\/\" \/>\n<meta property=\"og:locale\" content=\"pt_BR\" \/>\n<meta property=\"og:type\" content=\"article\" \/>\n<meta property=\"og:title\" content=\"Setor Pessoal: O que faz e qual \u00e9 a sua import\u00e2ncia para a empresa\" \/>\n<meta property=\"og:description\" content=\"Saiba mais sobre o Setor Pessoal: O que faz e qual \u00e9 a sua import\u00e2ncia para a empresa. Veja como o setor pode ser estrat\u00e9gico para o seu neg\u00f3cio.\" \/>\n<meta property=\"og:url\" content=\"https:\/\/www.oitchau.com.br\/blog\/setor-pessoal-o-que-faz-e-qual-e-a-sua-importancia-para-a-empresa\/\" \/>\n<meta property=\"og:site_name\" content=\"Controle de Ponto &amp; Timesheets\" \/>\n<meta property=\"article:publisher\" content=\"https:\/\/www.facebook.com\/oitchaubr\/\" \/>\n<meta property=\"article:published_time\" content=\"2020-02-20T16:33:09+00:00\" \/>\n<meta property=\"article:modified_time\" content=\"2024-07-23T08:28:13+00:00\" \/>\n<meta property=\"og:image\" content=\"https:\/\/storage.googleapis.com\/oitchaublog\/2020\/02\/7bc65c7c-setor-pessoal.png\" \/>\n\t<meta property=\"og:image:width\" content=\"1982\" \/>\n\t<meta property=\"og:image:height\" content=\"800\" \/>\n\t<meta property=\"og:image:type\" content=\"image\/png\" \/>\n<meta name=\"author\" content=\"Julia Neves\" \/>\n<meta name=\"twitter:card\" content=\"summary_large_image\" \/>\n<meta name=\"twitter:creator\" content=\"@oitchaubr\" \/>\n<meta name=\"twitter:site\" content=\"@oitchaubr\" \/>\n<meta name=\"twitter:label1\" content=\"Written by\" \/>\n\t<meta name=\"twitter:data1\" content=\"Julia Neves\" \/>\n\t<meta name=\"twitter:label2\" content=\"Est. reading time\" \/>\n\t<meta name=\"twitter:data2\" content=\"6 minutos\" \/>\n<script type=\"application\/ld+json\" class=\"yoast-schema-graph\">{\"@context\":\"https:\/\/schema.org\",\"@graph\":[{\"@type\":[\"Article\",\"BlogPosting\"],\"@id\":\"https:\/\/www.oitchau.com.br\/blog\/setor-pessoal-o-que-faz-e-qual-e-a-sua-importancia-para-a-empresa\/#article\",\"isPartOf\":{\"@id\":\"https:\/\/www.oitchau.com.br\/blog\/setor-pessoal-o-que-faz-e-qual-e-a-sua-importancia-para-a-empresa\/\"},\"author\":{\"name\":\"Julia Neves\",\"@id\":\"https:\/\/www.oitchau.com.br\/blog\/#\/schema\/person\/2d537dd5d364d6364dbe306bf11644f3\"},\"headline\":\"Setor Pessoal: O que faz e qual \u00e9 a sua import\u00e2ncia para a empresa\",\"datePublished\":\"2020-02-20T16:33:09+00:00\",\"dateModified\":\"2024-07-23T08:28:13+00:00\",\"mainEntityOfPage\":{\"@id\":\"https:\/\/www.oitchau.com.br\/blog\/setor-pessoal-o-que-faz-e-qual-e-a-sua-importancia-para-a-empresa\/\"},\"wordCount\":1083,\"publisher\":{\"@id\":\"https:\/\/www.oitchau.com.br\/blog\/#organization\"},\"image\":{\"@id\":\"https:\/\/www.oitchau.com.br\/blog\/setor-pessoal-o-que-faz-e-qual-e-a-sua-importancia-para-a-empresa\/#primaryimage\"},\"thumbnailUrl\":\"https:\/\/storage.googleapis.com\/oitchaublog\/2020\/02\/7bc65c7c-setor-pessoal.png\",\"keywords\":[\"DP\",\"gest\u00e3o de pessoas\",\"recursos humanos\",\"setor pessoal\"],\"articleSection\":[\"Departamento pessoal\"],\"inLanguage\":\"pt-BR\"},{\"@type\":\"WebPage\",\"@id\":\"https:\/\/www.oitchau.com.br\/blog\/setor-pessoal-o-que-faz-e-qual-e-a-sua-importancia-para-a-empresa\/\",\"url\":\"https:\/\/www.oitchau.com.br\/blog\/setor-pessoal-o-que-faz-e-qual-e-a-sua-importancia-para-a-empresa\/\",\"name\":\"Setor Pessoal: O que faz e qual \u00e9 a sua import\u00e2ncia para a empresa\",\"isPartOf\":{\"@id\":\"https:\/\/www.oitchau.com.br\/blog\/#website\"},\"primaryImageOfPage\":{\"@id\":\"https:\/\/www.oitchau.com.br\/blog\/setor-pessoal-o-que-faz-e-qual-e-a-sua-importancia-para-a-empresa\/#primaryimage\"},\"image\":{\"@id\":\"https:\/\/www.oitchau.com.br\/blog\/setor-pessoal-o-que-faz-e-qual-e-a-sua-importancia-para-a-empresa\/#primaryimage\"},\"thumbnailUrl\":\"https:\/\/storage.googleapis.com\/oitchaublog\/2020\/02\/7bc65c7c-setor-pessoal.png\",\"datePublished\":\"2020-02-20T16:33:09+00:00\",\"dateModified\":\"2024-07-23T08:28:13+00:00\",\"description\":\"Saiba mais sobre o Setor Pessoal: O que faz e qual \u00e9 a sua import\u00e2ncia para a empresa. Veja como o setor pode ser estrat\u00e9gico para o seu neg\u00f3cio.\",\"breadcrumb\":{\"@id\":\"https:\/\/www.oitchau.com.br\/blog\/setor-pessoal-o-que-faz-e-qual-e-a-sua-importancia-para-a-empresa\/#breadcrumb\"},\"inLanguage\":\"pt-BR\",\"potentialAction\":[{\"@type\":\"ReadAction\",\"target\":[\"https:\/\/www.oitchau.com.br\/blog\/setor-pessoal-o-que-faz-e-qual-e-a-sua-importancia-para-a-empresa\/\"]}]},{\"@type\":\"ImageObject\",\"inLanguage\":\"pt-BR\",\"@id\":\"https:\/\/www.oitchau.com.br\/blog\/setor-pessoal-o-que-faz-e-qual-e-a-sua-importancia-para-a-empresa\/#primaryimage\",\"url\":\"https:\/\/storage.googleapis.com\/oitchaublog\/2020\/02\/7bc65c7c-setor-pessoal.png\",\"contentUrl\":\"https:\/\/storage.googleapis.com\/oitchaublog\/2020\/02\/7bc65c7c-setor-pessoal.png\",\"width\":1982,\"height\":800,\"caption\":\"setor pessoal\"},{\"@type\":\"BreadcrumbList\",\"@id\":\"https:\/\/www.oitchau.com.br\/blog\/setor-pessoal-o-que-faz-e-qual-e-a-sua-importancia-para-a-empresa\/#breadcrumb\",\"itemListElement\":[{\"@type\":\"ListItem\",\"position\":1,\"name\":\"Blog\",\"item\":\"https:\/\/www.oitchau.com.br\/blog\/\"},{\"@type\":\"ListItem\",\"position\":2,\"name\":\"Setor Pessoal: O que faz e qual \u00e9 a sua import\u00e2ncia para a empresa\"}]},{\"@type\":\"WebSite\",\"@id\":\"https:\/\/www.oitchau.com.br\/blog\/#website\",\"url\":\"https:\/\/www.oitchau.com.br\/blog\/\",\"name\":\"Controle de Ponto & Timesheets\",\"description\":\"\",\"publisher\":{\"@id\":\"https:\/\/www.oitchau.com.br\/blog\/#organization\"},\"potentialAction\":[{\"@type\":\"SearchAction\",\"target\":{\"@type\":\"EntryPoint\",\"urlTemplate\":\"https:\/\/www.oitchau.com.br\/blog\/?s={search_term_string}\"},\"query-input\":\"required name=search_term_string\"}],\"inLanguage\":\"pt-BR\"},{\"@type\":\"Organization\",\"@id\":\"https:\/\/www.oitchau.com.br\/blog\/#organization\",\"name\":\"Oitchau\",\"url\":\"https:\/\/www.oitchau.com.br\/blog\/\",\"logo\":{\"@type\":\"ImageObject\",\"inLanguage\":\"pt-BR\",\"@id\":\"https:\/\/www.oitchau.com.br\/blog\/#\/schema\/logo\/image\/\",\"url\":\"https:\/\/storage.googleapis.com\/oitchaublog\/2024\/03\/a0e65c6f-design-sem-nome-20.png\",\"contentUrl\":\"https:\/\/storage.googleapis.com\/oitchaublog\/2024\/03\/a0e65c6f-design-sem-nome-20.png\",\"width\":696,\"height\":696,\"caption\":\"Oitchau\"},\"image\":{\"@id\":\"https:\/\/www.oitchau.com.br\/blog\/#\/schema\/logo\/image\/\"},\"sameAs\":[\"https:\/\/www.facebook.com\/oitchaubr\/\",\"https:\/\/twitter.com\/oitchaubr\",\"https:\/\/instagram.com\/oitchaubr\"],\"description\":\"A Oitchau \u00e9 uma solu\u00e7\u00e3o completa para gest\u00e3o de tempo dos colaboradores, atrav\u00e9s de suas solu\u00e7\u00f5es de controle de ponto & timesheets, ela permite que gestores, RH e DP possam gerenciar desde a jornada de trabalho de funcion\u00e1rios at\u00e9 a gest\u00e3o de tempo em projetos. Elevando o n\u00edvel estrat\u00e9gico do neg\u00f3cio de forma inteligente e assertiva, potencializando seus resultados e garantindo compliance com a Lei.\",\"email\":\"contato@oitchau.com.br\",\"telephone\":\"+551142102846\",\"foundingDate\":\"2016-01-01\",\"numberOfEmployees\":{\"@type\":\"QuantitativeValue\",\"minValue\":\"51\",\"maxValue\":\"200\"}},{\"@type\":\"Person\",\"@id\":\"https:\/\/www.oitchau.com.br\/blog\/#\/schema\/person\/2d537dd5d364d6364dbe306bf11644f3\",\"name\":\"Julia Neves\",\"url\":\"https:\/\/www.oitchau.com.br\/blog\/author\/julia\/\"}]}<\/script>\n<!-- \/ Yoast SEO Premium plugin. -->","yoast_head_json":{"title":"Setor Pessoal: O que faz e qual \u00e9 a sua import\u00e2ncia para a empresa","description":"Saiba mais sobre o Setor Pessoal: O que faz e qual \u00e9 a sua import\u00e2ncia para a empresa. Veja como o setor pode ser estrat\u00e9gico para o seu neg\u00f3cio.","robots":{"index":"index","follow":"follow","max-snippet":"max-snippet:-1","max-image-preview":"max-image-preview:large","max-video-preview":"max-video-preview:-1"},"canonical":"https:\/\/www.oitchau.com.br\/blog\/setor-pessoal-o-que-faz-e-qual-e-a-sua-importancia-para-a-empresa\/","og_locale":"pt_BR","og_type":"article","og_title":"Setor Pessoal: O que faz e qual \u00e9 a sua import\u00e2ncia para a empresa","og_description":"Saiba mais sobre o Setor Pessoal: O que faz e qual \u00e9 a sua import\u00e2ncia para a empresa. Veja como o setor pode ser estrat\u00e9gico para o seu neg\u00f3cio.","og_url":"https:\/\/www.oitchau.com.br\/blog\/setor-pessoal-o-que-faz-e-qual-e-a-sua-importancia-para-a-empresa\/","og_site_name":"Controle de Ponto &amp; Timesheets","article_publisher":"https:\/\/www.facebook.com\/oitchaubr\/","article_published_time":"2020-02-20T16:33:09+00:00","article_modified_time":"2024-07-23T08:28:13+00:00","og_image":[{"width":1982,"height":800,"url":"https:\/\/storage.googleapis.com\/oitchaublog\/2020\/02\/7bc65c7c-setor-pessoal.png","type":"image\/png"}],"author":"Julia Neves","twitter_card":"summary_large_image","twitter_creator":"@oitchaubr","twitter_site":"@oitchaubr","twitter_misc":{"Written by":"Julia Neves","Est. reading time":"6 minutos"},"schema":{"@context":"https:\/\/schema.org","@graph":[{"@type":["Article","BlogPosting"],"@id":"https:\/\/www.oitchau.com.br\/blog\/setor-pessoal-o-que-faz-e-qual-e-a-sua-importancia-para-a-empresa\/#article","isPartOf":{"@id":"https:\/\/www.oitchau.com.br\/blog\/setor-pessoal-o-que-faz-e-qual-e-a-sua-importancia-para-a-empresa\/"},"author":{"name":"Julia Neves","@id":"https:\/\/www.oitchau.com.br\/blog\/#\/schema\/person\/2d537dd5d364d6364dbe306bf11644f3"},"headline":"Setor Pessoal: O que faz e qual \u00e9 a sua import\u00e2ncia para a empresa","datePublished":"2020-02-20T16:33:09+00:00","dateModified":"2024-07-23T08:28:13+00:00","mainEntityOfPage":{"@id":"https:\/\/www.oitchau.com.br\/blog\/setor-pessoal-o-que-faz-e-qual-e-a-sua-importancia-para-a-empresa\/"},"wordCount":1083,"publisher":{"@id":"https:\/\/www.oitchau.com.br\/blog\/#organization"},"image":{"@id":"https:\/\/www.oitchau.com.br\/blog\/setor-pessoal-o-que-faz-e-qual-e-a-sua-importancia-para-a-empresa\/#primaryimage"},"thumbnailUrl":"https:\/\/storage.googleapis.com\/oitchaublog\/2020\/02\/7bc65c7c-setor-pessoal.png","keywords":["DP","gest\u00e3o de pessoas","recursos humanos","setor pessoal"],"articleSection":["Departamento pessoal"],"inLanguage":"pt-BR"},{"@type":"WebPage","@id":"https:\/\/www.oitchau.com.br\/blog\/setor-pessoal-o-que-faz-e-qual-e-a-sua-importancia-para-a-empresa\/","url":"https:\/\/www.oitchau.com.br\/blog\/setor-pessoal-o-que-faz-e-qual-e-a-sua-importancia-para-a-empresa\/","name":"Setor Pessoal: O que faz e qual \u00e9 a sua import\u00e2ncia para a empresa","isPartOf":{"@id":"https:\/\/www.oitchau.com.br\/blog\/#website"},"primaryImageOfPage":{"@id":"https:\/\/www.oitchau.com.br\/blog\/setor-pessoal-o-que-faz-e-qual-e-a-sua-importancia-para-a-empresa\/#primaryimage"},"image":{"@id":"https:\/\/www.oitchau.com.br\/blog\/setor-pessoal-o-que-faz-e-qual-e-a-sua-importancia-para-a-empresa\/#primaryimage"},"thumbnailUrl":"https:\/\/storage.googleapis.com\/oitchaublog\/2020\/02\/7bc65c7c-setor-pessoal.png","datePublished":"2020-02-20T16:33:09+00:00","dateModified":"2024-07-23T08:28:13+00:00","description":"Saiba mais sobre o Setor Pessoal: O que faz e qual \u00e9 a sua import\u00e2ncia para a empresa. Veja como o setor pode ser estrat\u00e9gico para o seu neg\u00f3cio.","breadcrumb":{"@id":"https:\/\/www.oitchau.com.br\/blog\/setor-pessoal-o-que-faz-e-qual-e-a-sua-importancia-para-a-empresa\/#breadcrumb"},"inLanguage":"pt-BR","potentialAction":[{"@type":"ReadAction","target":["https:\/\/www.oitchau.com.br\/blog\/setor-pessoal-o-que-faz-e-qual-e-a-sua-importancia-para-a-empresa\/"]}]},{"@type":"ImageObject","inLanguage":"pt-BR","@id":"https:\/\/www.oitchau.com.br\/blog\/setor-pessoal-o-que-faz-e-qual-e-a-sua-importancia-para-a-empresa\/#primaryimage","url":"https:\/\/storage.googleapis.com\/oitchaublog\/2020\/02\/7bc65c7c-setor-pessoal.png","contentUrl":"https:\/\/storage.googleapis.com\/oitchaublog\/2020\/02\/7bc65c7c-setor-pessoal.png","width":1982,"height":800,"caption":"setor pessoal"},{"@type":"BreadcrumbList","@id":"https:\/\/www.oitchau.com.br\/blog\/setor-pessoal-o-que-faz-e-qual-e-a-sua-importancia-para-a-empresa\/#breadcrumb","itemListElement":[{"@type":"ListItem","position":1,"name":"Blog","item":"https:\/\/www.oitchau.com.br\/blog\/"},{"@type":"ListItem","position":2,"name":"Setor Pessoal: O que faz e qual \u00e9 a sua import\u00e2ncia para a empresa"}]},{"@type":"WebSite","@id":"https:\/\/www.oitchau.com.br\/blog\/#website","url":"https:\/\/www.oitchau.com.br\/blog\/","name":"Controle de Ponto & Timesheets","description":"","publisher":{"@id":"https:\/\/www.oitchau.com.br\/blog\/#organization"},"potentialAction":[{"@type":"SearchAction","target":{"@type":"EntryPoint","urlTemplate":"https:\/\/www.oitchau.com.br\/blog\/?s={search_term_string}"},"query-input":"required name=search_term_string"}],"inLanguage":"pt-BR"},{"@type":"Organization","@id":"https:\/\/www.oitchau.com.br\/blog\/#organization","name":"Oitchau","url":"https:\/\/www.oitchau.com.br\/blog\/","logo":{"@type":"ImageObject","inLanguage":"pt-BR","@id":"https:\/\/www.oitchau.com.br\/blog\/#\/schema\/logo\/image\/","url":"https:\/\/storage.googleapis.com\/oitchaublog\/2024\/03\/a0e65c6f-design-sem-nome-20.png","contentUrl":"https:\/\/storage.googleapis.com\/oitchaublog\/2024\/03\/a0e65c6f-design-sem-nome-20.png","width":696,"height":696,"caption":"Oitchau"},"image":{"@id":"https:\/\/www.oitchau.com.br\/blog\/#\/schema\/logo\/image\/"},"sameAs":["https:\/\/www.facebook.com\/oitchaubr\/","https:\/\/twitter.com\/oitchaubr","https:\/\/instagram.com\/oitchaubr"],"description":"A Oitchau \u00e9 uma solu\u00e7\u00e3o completa para gest\u00e3o de tempo dos colaboradores, atrav\u00e9s de suas solu\u00e7\u00f5es de controle de ponto & timesheets, ela permite que gestores, RH e DP possam gerenciar desde a jornada de trabalho de funcion\u00e1rios at\u00e9 a gest\u00e3o de tempo em projetos. Elevando o n\u00edvel estrat\u00e9gico do neg\u00f3cio de forma inteligente e assertiva, potencializando seus resultados e garantindo compliance com a Lei.","email":"contato@oitchau.com.br","telephone":"+551142102846","foundingDate":"2016-01-01","numberOfEmployees":{"@type":"QuantitativeValue","minValue":"51","maxValue":"200"}},{"@type":"Person","@id":"https:\/\/www.oitchau.com.br\/blog\/#\/schema\/person\/2d537dd5d364d6364dbe306bf11644f3","name":"Julia Neves","url":"https:\/\/www.oitchau.com.br\/blog\/author\/julia\/"}]}},"_links":{"self":[{"href":"https:\/\/www.oitchau.com.br\/blog\/wp-json\/wp\/v2\/posts\/8639"}],"collection":[{"href":"https:\/\/www.oitchau.com.br\/blog\/wp-json\/wp\/v2\/posts"}],"about":[{"href":"https:\/\/www.oitchau.com.br\/blog\/wp-json\/wp\/v2\/types\/post"}],"author":[{"embeddable":true,"href":"https:\/\/www.oitchau.com.br\/blog\/wp-json\/wp\/v2\/users\/16"}],"replies":[{"embeddable":true,"href":"https:\/\/www.oitchau.com.br\/blog\/wp-json\/wp\/v2\/comments?post=8639"}],"version-history":[{"count":1,"href":"https:\/\/www.oitchau.com.br\/blog\/wp-json\/wp\/v2\/posts\/8639\/revisions"}],"predecessor-version":[{"id":34698,"href":"https:\/\/www.oitchau.com.br\/blog\/wp-json\/wp\/v2\/posts\/8639\/revisions\/34698"}],"wp:featuredmedia":[{"embeddable":true,"href":"https:\/\/www.oitchau.com.br\/blog\/wp-json\/wp\/v2\/media\/34697"}],"wp:attachment":[{"href":"https:\/\/www.oitchau.com.br\/blog\/wp-json\/wp\/v2\/media?parent=8639"}],"wp:term":[{"taxonomy":"category","embeddable":true,"href":"https:\/\/www.oitchau.com.br\/blog\/wp-json\/wp\/v2\/categories?post=8639"},{"taxonomy":"post_tag","embeddable":true,"href":"https:\/\/www.oitchau.com.br\/blog\/wp-json\/wp\/v2\/tags?post=8639"}],"curies":[{"name":"wp","href":"https:\/\/api.w.org\/{rel}","templated":true}]}}