{"id":8092,"date":"2020-01-31T03:48:39","date_gmt":"2020-01-31T00:48:39","guid":{"rendered":"https:\/\/www.oitchau.com.br\/blog\/?p=8092"},"modified":"2024-07-22T20:44:13","modified_gmt":"2024-07-22T17:44:13","slug":"carteira-de-trabalho-verde-e-amarela-entenda-seu-funcionamento","status":"publish","type":"post","link":"https:\/\/www.oitchau.com.br\/blog\/carteira-de-trabalho-verde-e-amarela-entenda-seu-funcionamento\/","title":{"rendered":"Carteira de trabalho verde e amarela: entenda seu funcionamento"},"content":{"rendered":"\r\n<p>Desde o ano de 2019, est\u00e1 em vigor a chamada <strong><em>carteira de trabalho verde e amarela<\/em><\/strong>, uma a\u00e7\u00e3o institu\u00edda pelo Governo Federal que traz mudan\u00e7as para trabalhadores e empresas \u2013 principalmente entre a popula\u00e7\u00e3o mais jovem.<\/p>\r\n\r\n\r\n\r\n<p>Com esta nova carteira, o governo visa ter impacto no novo regime de capitaliza\u00e7\u00e3o previdenci\u00e1ria. A medida constar\u00e1 na Proposta de Emenda \u00e0 Constitui\u00e7\u00e3o (PEC) da Reforma da Previd\u00eancia. Veja a seguir o que muda e o que \u00e9 a carteira de trabalho verde e amarela.<\/p>\r\n\r\n\r\n\r\n<h2 class=\"wp-block-heading\"><strong>O que \u00e9 a carteira de trabalho verde e amarela?<\/strong><\/h2>\r\n\r\n\r\n\r\n<p>A carteira verde e amarela \u00e9 destinada principalmente aos jovens trabalhadores e traz novas altera\u00e7\u00f5es para a CLT. Vale dizer que o Governo Federal editou a MP 905, de 11 de Novembro de 2019, instituindo o contrato de trabalho \u201cVerde e Amarelo\u201d, alterando a legisla\u00e7\u00e3o trabalhista e previdenci\u00e1ria. Segundo o governo, o objetivo \u00e9 gerar novos empregos para jovens, flexibilizando a contrata\u00e7\u00e3o para as empresas.<\/p>\r\n\r\n\r\n\r\n<p>O Ministro da Economia Paulo Guedes diz que a nova carteira de trabalho verde e amarela \u00e9 uma resposta a um sistema previdenci\u00e1rio deficit\u00e1rio e criticou a legisla\u00e7\u00e3o trabalhista baseada na Consolida\u00e7\u00e3o das Leis do Trabalho (CLT).<\/p>\r\n\r\n\r\n\r\n<p>Para ele, os 46 milh\u00f5es de brasileiros que est\u00e3o na informalidade est\u00e3o na informalidade por causa dos altos encargos trabalhistas e isso causa um rombo na Previd\u00eancia, exigindo novas medidas para facilitar a contrata\u00e7\u00e3o. E estes um dia ficar\u00e3o velhos e precisar\u00e3o se aposentar. Mas a conta n\u00e3o fecha: nem a da previd\u00eancia e nem a do governo.<\/p>\r\n\r\n\r\n\r\n<p>Aliada a ideia de carteira de trabalho verde e amarela est\u00e3o as propostas de sistema de capitaliza\u00e7\u00e3o para a aposentadoria, que supostamente visa o crescimento econ\u00f4mico, mas n\u00e3o responde a determinadas quest\u00f5es sobre a progress\u00e3o futura deste sistema.<\/p>\r\n\r\n\r\n\r\n<h2 class=\"wp-block-heading\"><strong>Saiba o que \u00e9 o Contrato Verde e Amarelo na CLT<\/strong><\/h2>\r\n\r\n\r\n\r\n<p>A <a target=\"_blank\" href=\"http:\/\/www.planalto.gov.br\/ccivil_03\/_ato2019-2022\/2019\/Mpv\/mpv905.htm\" rel=\"noopener\">Medida Provis\u00f3ria n\u00ba 905\/2019<\/a>, que alterou muitos pontos da Consolida\u00e7\u00e3o das Leis do Trabalho (CLT), e trouxe a carteira de trabalho verde e amarela, instituiu tamb\u00e9m o chamado Programa Emprego Verde e Amarelo, indicando um novo modelo de contrato de trabalho com o objetivo de estimular a contrata\u00e7\u00e3o de jovens no in\u00edcio de carreira.<\/p>\r\n\r\n\r\n\r\n<p>Com esta novidade, as novas contrata\u00e7\u00f5es ficam limitadas a 20% da m\u00e9dia dos empregados registrados entre 01 de janeiro de 2019 e 31 de outubro de 2019.\u00a0 Se a empresa, por exemplo, tiver 10 funcion\u00e1rios, poder\u00e1 contratar dois colaboradores nesta categoria.<\/p>\r\n\r\n\r\n\r\n<p>Vale ressaltar que, durante o prazo de 180 dias, contado da data da sua dispensa, n\u00e3o ocorrem recontrata\u00e7\u00f5es de trabalhadores para esta modalidade, excluindo-se o menor aprendiz, contrato de experi\u00eancia, trabalho intermitente e trabalho avulso.<\/p>\r\n\r\n\r\n\r\n<p>\u00c9 importante dizer que o Contrato de Trabalho Verde e Amarelo \u00e9 por prazo determinado, de at\u00e9 24 meses, mas pode ser aplicado em qualquer tipo de atividade, transit\u00f3ria ou permanente. Al\u00e9m disso, o t\u00e9rmino do programa desta modalidade termina em 31 de dezembro de 2022.<\/p>\r\n\r\n\r\n\r\n<h2 class=\"wp-block-heading\"><strong>Direitos garantidos da nova carteira verde e amarela<\/strong><\/h2>\r\n\r\n\r\n\r\n<p>Estes s\u00e3o os direitos assegurados ao trabalhador conforme a Constitui\u00e7\u00e3o Federal:<\/p>\r\n\r\n\r\n\r\n<ul>\r\n<li>F\u00e9rias anuais de 30 dias;<\/li>\r\n<li>Descanso semanal remunerado;<\/li>\r\n<li>13\u00ba sal\u00e1rio;<\/li>\r\n<li>Jornada de trabalho n\u00e3o superior a 8 horas di\u00e1rias;<\/li>\r\n<li>Adicional noturno;<\/li>\r\n<li>Sal\u00e1rio m\u00ednimo;<\/li>\r\n<li>Horas extras;<\/li>\r\n<li>Aviso pr\u00e9vio;<\/li>\r\n<li>Adicional de insalubridade e periculosidade;<\/li>\r\n<li>Licen\u00e7a paternidade e licen\u00e7a maternidade;<\/li>\r\n<li>FGTS;<\/li>\r\n<li>E outros, previstos no artigo 7\u00ba da nossa Constitui\u00e7\u00e3o Federal.<\/li>\r\n<\/ul>\r\n<p><span data-sheets-value=\"{&quot;1&quot;:2,&quot;2&quot;:&quot;\n\t\t&lt;!--HubSpot Call-to-Action Code --&gt;\n\t\t&lt;span class=&quot;hs-cta-wrapper&quot; id=&quot;hs-cta-wrapper-ec397c35-df8c-47f2-ac98-58378522ad1f&quot;&gt;\n\t\t&lt;span class=&quot;hs-cta-node hs-cta-ec397c35-df8c-47f2-ac98-58378522ad1f&quot; id=&quot;ec397c35-df8c-47f2-ac98-58378522ad1f&quot;&gt;\n\t\t&lt;!--[if lte IE 8]&gt;\n\t\t&lt;div id=&quot;hs-cta-ie-element&quot;&gt;&lt;\/div&gt;\n\t\t&lt;![endif]--&gt;\n\t\t&lt;a href=&quot;https:\/\/cta-redirect.hubspot.com\/cta\/redirect\/20984162\/ec397c35-df8c-47f2-ac98-58378522ad1f&quot; &gt;\n\t\t&lt;img class=&quot;hs-cta-img&quot; id=&quot;hs-cta-img-ec397c35-df8c-47f2-ac98-58378522ad1f&quot; style=&quot;border-width:0px;&quot; src=&quot;https:\/\/no-cache.hubspot.com\/cta\/default\/20984162\/ec397c35-df8c-47f2-ac98-58378522ad1f.png&quot;  alt=&quot;New call-to-action&quot;\/&gt;\n\t\t&lt;\/a&gt;\n\t\t&lt;\/span&gt;\n\t\t&lt;script charset=&quot;utf-8&quot; src=&quot;\/\/js.hubspot.com\/cta\/current.js&quot;&gt;&lt;\/script&gt;\n\t\t&lt;script&gt;\n\t\thbspt.cta.load(20984162, &#039;ec397c35-df8c-47f2-ac98-58378522ad1f&#039;, {});\n\t\t&lt;\/script&gt;\n\t\t&lt;\/span&gt;\n\t\t&lt;!-- end HubSpot Call-to-Action Code --&gt;\n\t\t&quot;}\" data-sheets-userformat=\"{&quot;2&quot;:897,&quot;3&quot;:{&quot;1&quot;:0},&quot;10&quot;:1,&quot;11&quot;:4,&quot;12&quot;:0}\">\n\t\t<!--HubSpot Call-to-Action Code -->\n\t\t<span class=\"hs-cta-wrapper\" id=\"hs-cta-wrapper-ec397c35-df8c-47f2-ac98-58378522ad1f\">\n\t\t<span class=\"hs-cta-node hs-cta-ec397c35-df8c-47f2-ac98-58378522ad1f\" id=\"ec397c35-df8c-47f2-ac98-58378522ad1f\">\n\t\t<!--[if lte IE 8]>\n\t\t<div id=\"hs-cta-ie-element\"><\/div>\n\t\t<![endif]-->\n\t\t<a href=\"https:\/\/cta-redirect.hubspot.com\/cta\/redirect\/20984162\/ec397c35-df8c-47f2-ac98-58378522ad1f\" >\n\t\t<img decoding=\"async\" class=\"hs-cta-img\" id=\"hs-cta-img-ec397c35-df8c-47f2-ac98-58378522ad1f\" style=\"border-width:0px;\" src=\"https:\/\/no-cache.hubspot.com\/cta\/default\/20984162\/ec397c35-df8c-47f2-ac98-58378522ad1f.png\"  alt=\"New call-to-action\"\/>\n\t\t<\/a>\n\t\t<\/span>\n\t\t<script charset=\"utf-8\" src=\"\/\/js.hubspot.com\/cta\/current.js\"><\/script>\n\t\t<script>\n\t\thbspt.cta.load(20984162, 'ec397c35-df8c-47f2-ac98-58378522ad1f', {});\n\t\t<\/script>\n\t\t<\/span>\n\t\t<!-- end HubSpot Call-to-Action Code -->\n\t\t<\/span><\/p>\r\n\r\n\r\n\r\n<p>No entanto, n\u00e3o ser\u00e3o agregados os benef\u00edcios previstos em conven\u00e7\u00f5es, acordos ou diss\u00eddios coletivos nesta nova carteira de trabalho verde e amarela, como veremos a seguir.<\/p>\r\n\r\n\r\n\r\n<h2 class=\"wp-block-heading\"><strong>Vantagens e desvantagens da carteira verde e amarela<\/strong><\/h2>\r\n\r\n\r\n\r\n<p>A carteira de trabalho verde e amarela traz algumas novidades:<\/p>\r\n\r\n\r\n\r\n<ul>\r\n<li><strong>Domingos e feriados<\/strong> \u2013 Outra novidade, j\u00e1 bastante divulgada, \u00e9 a libera\u00e7\u00e3o de trabalho aos domingos, permitindo o n\u00e3o pagamento da hora dobrada, desde que haja a compensa\u00e7\u00e3o (folga).<\/li>\r\n<\/ul>\r\n\r\n\r\n\r\n<ul>\r\n<li><strong>Seguro acidente privatizado<\/strong> \u2013 A nova lei abre precedente para a contrata\u00e7\u00e3o de seguro privado para acidentes pessoais, a partir de acordo individual entre empregado e empregador. A ideia \u00e9 estimular as atividades das seguradoras, diminuindo, no entanto, o adicional por periculosidade, que cai dos 30% \u2013 antes garantidos pela CLT \u2013 para 5%. Al\u00e9m disso, haver\u00e1 nova classifica\u00e7\u00e3o de exposi\u00e7\u00e3o ao perigo.<\/li>\r\n<\/ul>\r\n\r\n\r\n\r\n<ul>\r\n<li><strong>Bancos <\/strong>\u2013 Os banc\u00e1rios perder\u00e3o a jornada de seis horas. As horas extras passam a valer apenas a partir da oitava hora de jornada.<\/li>\r\n<\/ul>\r\n<p><span data-sheets-value=\"{&quot;1&quot;:2,&quot;2&quot;:&quot;\n\t\t&lt;!--HubSpot Call-to-Action Code --&gt;\n\t\t&lt;span class=&quot;hs-cta-wrapper&quot; id=&quot;hs-cta-wrapper-81566fb5-4d0b-42f9-9a61-1de0874dcc44&quot;&gt;\n\t\t&lt;span class=&quot;hs-cta-node hs-cta-81566fb5-4d0b-42f9-9a61-1de0874dcc44&quot; id=&quot;81566fb5-4d0b-42f9-9a61-1de0874dcc44&quot;&gt;\n\t\t&lt;!--[if lte IE 8]&gt;\n\t\t&lt;div id=&quot;hs-cta-ie-element&quot;&gt;&lt;\/div&gt;\n\t\t&lt;![endif]--&gt;\n\t\t&lt;a href=&quot;https:\/\/cta-redirect.hubspot.com\/cta\/redirect\/20984162\/81566fb5-4d0b-42f9-9a61-1de0874dcc44&quot; &gt;\n\t\t&lt;img class=&quot;hs-cta-img&quot; id=&quot;hs-cta-img-81566fb5-4d0b-42f9-9a61-1de0874dcc44&quot; style=&quot;border-width:0px;&quot; src=&quot;https:\/\/no-cache.hubspot.com\/cta\/default\/20984162\/81566fb5-4d0b-42f9-9a61-1de0874dcc44.png&quot;  alt=&quot;New call-to-action&quot;\/&gt;\n\t\t&lt;\/a&gt;\n\t\t&lt;\/span&gt;\n\t\t&lt;script charset=&quot;utf-8&quot; src=&quot;\/\/js.hubspot.com\/cta\/current.js&quot;&gt;&lt;\/script&gt;\n\t\t&lt;script&gt;\n\t\thbspt.cta.load(20984162, &#039;81566fb5-4d0b-42f9-9a61-1de0874dcc44&#039;, {});\n\t\t&lt;\/script&gt;\n\t\t&lt;\/span&gt;\n\t\t&lt;!-- end HubSpot Call-to-Action Code --&gt;\n\t\t&quot;}\" data-sheets-userformat=\"{&quot;2&quot;:897,&quot;3&quot;:{&quot;1&quot;:0},&quot;10&quot;:1,&quot;11&quot;:4,&quot;12&quot;:0}\">\n\t\t<!--HubSpot Call-to-Action Code -->\n\t\t<span class=\"hs-cta-wrapper\" id=\"hs-cta-wrapper-81566fb5-4d0b-42f9-9a61-1de0874dcc44\">\n\t\t<span class=\"hs-cta-node hs-cta-81566fb5-4d0b-42f9-9a61-1de0874dcc44\" id=\"81566fb5-4d0b-42f9-9a61-1de0874dcc44\">\n\t\t<!--[if lte IE 8]>\n\t\t<div id=\"hs-cta-ie-element\"><\/div>\n\t\t<![endif]-->\n\t\t<a href=\"https:\/\/cta-redirect.hubspot.com\/cta\/redirect\/20984162\/81566fb5-4d0b-42f9-9a61-1de0874dcc44\" >\n\t\t<img decoding=\"async\" class=\"hs-cta-img\" id=\"hs-cta-img-81566fb5-4d0b-42f9-9a61-1de0874dcc44\" style=\"border-width:0px;\" src=\"https:\/\/no-cache.hubspot.com\/cta\/default\/20984162\/81566fb5-4d0b-42f9-9a61-1de0874dcc44.png\"  alt=\"New call-to-action\"\/>\n\t\t<\/a>\n\t\t<\/span>\n\t\t<script charset=\"utf-8\" src=\"\/\/js.hubspot.com\/cta\/current.js\"><\/script>\n\t\t<script>\n\t\thbspt.cta.load(20984162, '81566fb5-4d0b-42f9-9a61-1de0874dcc44', {});\n\t\t<\/script>\n\t\t<\/span>\n\t\t<!-- end HubSpot Call-to-Action Code -->\n\t\t<\/span><\/p>\r\n\r\n\r\n\r\n<ul>\r\n<li><strong>Multas trabalhistas<\/strong> &#8211; O \u00cdndice Nacional de Pre\u00e7os ao Consumidor Amplo Especial (IPCA-E) passa a ser crit\u00e9rio de atualiza\u00e7\u00e3o dos cr\u00e9ditos decorrentes de condena\u00e7\u00e3o judicial.<\/li>\r\n<\/ul>\r\n\r\n\r\n\r\n<ul>\r\n<li><strong>Alimenta\u00e7\u00e3o<\/strong> \u2013 Deixa de ser contabilizada nos impostos trabalhistas.<\/li>\r\n<\/ul>\r\n\r\n\r\n\r\n<ul>\r\n<li><strong>Terceira inst\u00e2ncia<\/strong> &#8211; As infra\u00e7\u00f5es relacionadas ao mundo do trabalho saem do ambiente judici\u00e1rio para uma \u201cterceira inst\u00e2ncia\u201d, um conselho vinculado \u00e0 Secretaria de Trabalho da Secretaria Especial de Previd\u00eancia e Trabalho do Minist\u00e9rio da Economia.<\/li>\r\n<\/ul>\r\n\r\n\r\n\r\n<p><strong>Veja tamb\u00e9m:<\/strong> <a href=\"https:\/\/www.oitchau.com.br\/blog\/o-que-e-nps-como-aplicar-o-conceito-no-rh-da-empresa\/\">O que \u00e9 NPS? Como aplicar o conceito no RH da empresa?<\/a><\/p>\r\n\r\n\r\n\r\n<p><em>Gostou das dicas sobre a nova carteira de trabalho verde e amarela? Deixe o seu coment\u00e1rio e compartilhe estas dicas em suas redes sociais!\u00a0<\/em><\/p>\r\n","protected":false},"excerpt":{"rendered":"<p>Desde o ano de 2019, est\u00e1 em vigor a chamada carteira de trabalho verde e amarela, uma a\u00e7\u00e3o institu\u00edda pelo Governo Federal que traz mudan\u00e7as para trabalhadores e empresas \u2013 principalmente entre a popula\u00e7\u00e3o mais jovem. Com esta nova carteira, o governo visa ter impacto no novo regime de capitaliza\u00e7\u00e3o previdenci\u00e1ria. A medida constar\u00e1 na [&hellip;]<\/p>\n","protected":false},"author":16,"featured_media":34650,"comment_status":"closed","ping_status":"open","sticky":false,"template":"","format":"standard","meta":{"content-type":"","footnotes":""},"categories":[224],"tags":[11507,11506,11505,11508,11509],"yoast_head":"<!-- This site is optimized with the Yoast SEO Premium plugin v22.2 (Yoast SEO v22.2) - https:\/\/yoast.com\/wordpress\/plugins\/seo\/ -->\n<title>Carteira de trabalho verde e amarela: entenda o funcionamento - Oitchau<\/title>\n<meta name=\"description\" content=\"Saiba tudo sobre aCarteira de trabalho verde e amarela. Descubra o que muda com esta nova a\u00e7\u00e3o do Governo Federal nesse post!\" \/>\n<meta name=\"robots\" content=\"index, follow, max-snippet:-1, max-image-preview:large, max-video-preview:-1\" \/>\n<link rel=\"canonical\" href=\"https:\/\/www.oitchau.com.br\/blog\/carteira-de-trabalho-verde-e-amarela-entenda-seu-funcionamento\/\" \/>\n<meta property=\"og:locale\" content=\"pt_BR\" \/>\n<meta property=\"og:type\" content=\"article\" \/>\n<meta property=\"og:title\" content=\"Carteira de trabalho verde e amarela: entenda seu funcionamento\" \/>\n<meta property=\"og:description\" content=\"Saiba tudo sobre Carteira de trabalho verde e amarela: entenda seu funcionamento. Saiba o que muda com esta nova a\u00e7\u00e3o do Governo Federal.\" \/>\n<meta property=\"og:url\" content=\"https:\/\/www.oitchau.com.br\/blog\/carteira-de-trabalho-verde-e-amarela-entenda-seu-funcionamento\/\" \/>\n<meta property=\"og:site_name\" content=\"Controle de Ponto &amp; Timesheets\" \/>\n<meta property=\"article:publisher\" content=\"https:\/\/www.facebook.com\/oitchaubr\/\" \/>\n<meta property=\"article:published_time\" content=\"2020-01-31T00:48:39+00:00\" \/>\n<meta property=\"article:modified_time\" content=\"2024-07-22T17:44:13+00:00\" \/>\n<meta property=\"og:image\" content=\"https:\/\/storage.googleapis.com\/oitchaublog\/2020\/01\/f2159798-carteira-de-trabalho-verde-e-amarela.jpg\" \/>\n\t<meta property=\"og:image:width\" content=\"1982\" \/>\n\t<meta property=\"og:image:height\" content=\"800\" \/>\n\t<meta property=\"og:image:type\" content=\"image\/jpeg\" \/>\n<meta name=\"author\" content=\"Julia Neves\" \/>\n<meta name=\"twitter:card\" content=\"summary_large_image\" \/>\n<meta name=\"twitter:title\" content=\"Carteira de trabalho verde e amarela: entenda seu funcionamento\" \/>\n<meta name=\"twitter:creator\" content=\"@oitchaubr\" \/>\n<meta name=\"twitter:site\" content=\"@oitchaubr\" \/>\n<meta name=\"twitter:label1\" content=\"Written by\" \/>\n\t<meta name=\"twitter:data1\" content=\"Julia Neves\" \/>\n\t<meta name=\"twitter:label2\" content=\"Est. reading time\" \/>\n\t<meta name=\"twitter:data2\" content=\"5 minutos\" \/>\n<script type=\"application\/ld+json\" class=\"yoast-schema-graph\">{\"@context\":\"https:\/\/schema.org\",\"@graph\":[{\"@type\":[\"Article\",\"BlogPosting\"],\"@id\":\"https:\/\/www.oitchau.com.br\/blog\/carteira-de-trabalho-verde-e-amarela-entenda-seu-funcionamento\/#article\",\"isPartOf\":{\"@id\":\"https:\/\/www.oitchau.com.br\/blog\/carteira-de-trabalho-verde-e-amarela-entenda-seu-funcionamento\/\"},\"author\":{\"name\":\"Julia Neves\",\"@id\":\"https:\/\/www.oitchau.com.br\/blog\/#\/schema\/person\/2d537dd5d364d6364dbe306bf11644f3\"},\"headline\":\"Carteira de trabalho verde e amarela: entenda seu funcionamento\",\"datePublished\":\"2020-01-31T00:48:39+00:00\",\"dateModified\":\"2024-07-22T17:44:13+00:00\",\"mainEntityOfPage\":{\"@id\":\"https:\/\/www.oitchau.com.br\/blog\/carteira-de-trabalho-verde-e-amarela-entenda-seu-funcionamento\/\"},\"wordCount\":894,\"publisher\":{\"@id\":\"https:\/\/www.oitchau.com.br\/blog\/#organization\"},\"image\":{\"@id\":\"https:\/\/www.oitchau.com.br\/blog\/carteira-de-trabalho-verde-e-amarela-entenda-seu-funcionamento\/#primaryimage\"},\"thumbnailUrl\":\"https:\/\/storage.googleapis.com\/oitchaublog\/2020\/01\/f2159798-carteira-de-trabalho-verde-e-amarela.jpg\",\"keywords\":[\"carteira assinada\",\"carteira de trabalho\",\"carteira de trabalho verde e amarela\",\"jovens\",\"mudan\u00e7as na lei\"],\"articleSection\":[\"Gest\u00e3o de Pessoas\"],\"inLanguage\":\"pt-BR\"},{\"@type\":\"WebPage\",\"@id\":\"https:\/\/www.oitchau.com.br\/blog\/carteira-de-trabalho-verde-e-amarela-entenda-seu-funcionamento\/\",\"url\":\"https:\/\/www.oitchau.com.br\/blog\/carteira-de-trabalho-verde-e-amarela-entenda-seu-funcionamento\/\",\"name\":\"Carteira de trabalho verde e amarela: entenda o funcionamento - Oitchau\",\"isPartOf\":{\"@id\":\"https:\/\/www.oitchau.com.br\/blog\/#website\"},\"primaryImageOfPage\":{\"@id\":\"https:\/\/www.oitchau.com.br\/blog\/carteira-de-trabalho-verde-e-amarela-entenda-seu-funcionamento\/#primaryimage\"},\"image\":{\"@id\":\"https:\/\/www.oitchau.com.br\/blog\/carteira-de-trabalho-verde-e-amarela-entenda-seu-funcionamento\/#primaryimage\"},\"thumbnailUrl\":\"https:\/\/storage.googleapis.com\/oitchaublog\/2020\/01\/f2159798-carteira-de-trabalho-verde-e-amarela.jpg\",\"datePublished\":\"2020-01-31T00:48:39+00:00\",\"dateModified\":\"2024-07-22T17:44:13+00:00\",\"description\":\"Saiba tudo sobre aCarteira de trabalho verde e amarela. Descubra o que muda com esta nova a\u00e7\u00e3o do Governo Federal nesse post!\",\"breadcrumb\":{\"@id\":\"https:\/\/www.oitchau.com.br\/blog\/carteira-de-trabalho-verde-e-amarela-entenda-seu-funcionamento\/#breadcrumb\"},\"inLanguage\":\"pt-BR\",\"potentialAction\":[{\"@type\":\"ReadAction\",\"target\":[\"https:\/\/www.oitchau.com.br\/blog\/carteira-de-trabalho-verde-e-amarela-entenda-seu-funcionamento\/\"]}]},{\"@type\":\"ImageObject\",\"inLanguage\":\"pt-BR\",\"@id\":\"https:\/\/www.oitchau.com.br\/blog\/carteira-de-trabalho-verde-e-amarela-entenda-seu-funcionamento\/#primaryimage\",\"url\":\"https:\/\/storage.googleapis.com\/oitchaublog\/2020\/01\/f2159798-carteira-de-trabalho-verde-e-amarela.jpg\",\"contentUrl\":\"https:\/\/storage.googleapis.com\/oitchaublog\/2020\/01\/f2159798-carteira-de-trabalho-verde-e-amarela.jpg\",\"width\":1982,\"height\":800,\"caption\":\"carteira de trabalho verde e amarela\"},{\"@type\":\"BreadcrumbList\",\"@id\":\"https:\/\/www.oitchau.com.br\/blog\/carteira-de-trabalho-verde-e-amarela-entenda-seu-funcionamento\/#breadcrumb\",\"itemListElement\":[{\"@type\":\"ListItem\",\"position\":1,\"name\":\"Blog\",\"item\":\"https:\/\/www.oitchau.com.br\/blog\/\"},{\"@type\":\"ListItem\",\"position\":2,\"name\":\"Carteira de trabalho verde e amarela: entenda seu funcionamento\"}]},{\"@type\":\"WebSite\",\"@id\":\"https:\/\/www.oitchau.com.br\/blog\/#website\",\"url\":\"https:\/\/www.oitchau.com.br\/blog\/\",\"name\":\"Controle de Ponto & Timesheets\",\"description\":\"\",\"publisher\":{\"@id\":\"https:\/\/www.oitchau.com.br\/blog\/#organization\"},\"potentialAction\":[{\"@type\":\"SearchAction\",\"target\":{\"@type\":\"EntryPoint\",\"urlTemplate\":\"https:\/\/www.oitchau.com.br\/blog\/?s={search_term_string}\"},\"query-input\":\"required name=search_term_string\"}],\"inLanguage\":\"pt-BR\"},{\"@type\":\"Organization\",\"@id\":\"https:\/\/www.oitchau.com.br\/blog\/#organization\",\"name\":\"Oitchau\",\"url\":\"https:\/\/www.oitchau.com.br\/blog\/\",\"logo\":{\"@type\":\"ImageObject\",\"inLanguage\":\"pt-BR\",\"@id\":\"https:\/\/www.oitchau.com.br\/blog\/#\/schema\/logo\/image\/\",\"url\":\"https:\/\/storage.googleapis.com\/oitchaublog\/2024\/03\/a0e65c6f-design-sem-nome-20.png\",\"contentUrl\":\"https:\/\/storage.googleapis.com\/oitchaublog\/2024\/03\/a0e65c6f-design-sem-nome-20.png\",\"width\":696,\"height\":696,\"caption\":\"Oitchau\"},\"image\":{\"@id\":\"https:\/\/www.oitchau.com.br\/blog\/#\/schema\/logo\/image\/\"},\"sameAs\":[\"https:\/\/www.facebook.com\/oitchaubr\/\",\"https:\/\/twitter.com\/oitchaubr\",\"https:\/\/instagram.com\/oitchaubr\"],\"description\":\"A Oitchau \u00e9 uma solu\u00e7\u00e3o completa para gest\u00e3o de tempo dos colaboradores, atrav\u00e9s de suas solu\u00e7\u00f5es de controle de ponto & timesheets, ela permite que gestores, RH e DP possam gerenciar desde a jornada de trabalho de funcion\u00e1rios at\u00e9 a gest\u00e3o de tempo em projetos. Elevando o n\u00edvel estrat\u00e9gico do neg\u00f3cio de forma inteligente e assertiva, potencializando seus resultados e garantindo compliance com a Lei.\",\"email\":\"contato@oitchau.com.br\",\"telephone\":\"+551142102846\",\"foundingDate\":\"2016-01-01\",\"numberOfEmployees\":{\"@type\":\"QuantitativeValue\",\"minValue\":\"51\",\"maxValue\":\"200\"}},{\"@type\":\"Person\",\"@id\":\"https:\/\/www.oitchau.com.br\/blog\/#\/schema\/person\/2d537dd5d364d6364dbe306bf11644f3\",\"name\":\"Julia Neves\",\"url\":\"https:\/\/www.oitchau.com.br\/blog\/author\/julia\/\"}]}<\/script>\n<!-- \/ Yoast SEO Premium plugin. -->","yoast_head_json":{"title":"Carteira de trabalho verde e amarela: entenda o funcionamento - Oitchau","description":"Saiba tudo sobre aCarteira de trabalho verde e amarela. Descubra o que muda com esta nova a\u00e7\u00e3o do Governo Federal nesse post!","robots":{"index":"index","follow":"follow","max-snippet":"max-snippet:-1","max-image-preview":"max-image-preview:large","max-video-preview":"max-video-preview:-1"},"canonical":"https:\/\/www.oitchau.com.br\/blog\/carteira-de-trabalho-verde-e-amarela-entenda-seu-funcionamento\/","og_locale":"pt_BR","og_type":"article","og_title":"Carteira de trabalho verde e amarela: entenda seu funcionamento","og_description":"Saiba tudo sobre Carteira de trabalho verde e amarela: entenda seu funcionamento. Saiba o que muda com esta nova a\u00e7\u00e3o do Governo Federal.","og_url":"https:\/\/www.oitchau.com.br\/blog\/carteira-de-trabalho-verde-e-amarela-entenda-seu-funcionamento\/","og_site_name":"Controle de Ponto &amp; Timesheets","article_publisher":"https:\/\/www.facebook.com\/oitchaubr\/","article_published_time":"2020-01-31T00:48:39+00:00","article_modified_time":"2024-07-22T17:44:13+00:00","og_image":[{"width":1982,"height":800,"url":"https:\/\/storage.googleapis.com\/oitchaublog\/2020\/01\/f2159798-carteira-de-trabalho-verde-e-amarela.jpg","type":"image\/jpeg"}],"author":"Julia Neves","twitter_card":"summary_large_image","twitter_title":"Carteira de trabalho verde e amarela: entenda seu funcionamento","twitter_creator":"@oitchaubr","twitter_site":"@oitchaubr","twitter_misc":{"Written by":"Julia Neves","Est. reading time":"5 minutos"},"schema":{"@context":"https:\/\/schema.org","@graph":[{"@type":["Article","BlogPosting"],"@id":"https:\/\/www.oitchau.com.br\/blog\/carteira-de-trabalho-verde-e-amarela-entenda-seu-funcionamento\/#article","isPartOf":{"@id":"https:\/\/www.oitchau.com.br\/blog\/carteira-de-trabalho-verde-e-amarela-entenda-seu-funcionamento\/"},"author":{"name":"Julia Neves","@id":"https:\/\/www.oitchau.com.br\/blog\/#\/schema\/person\/2d537dd5d364d6364dbe306bf11644f3"},"headline":"Carteira de trabalho verde e amarela: entenda seu funcionamento","datePublished":"2020-01-31T00:48:39+00:00","dateModified":"2024-07-22T17:44:13+00:00","mainEntityOfPage":{"@id":"https:\/\/www.oitchau.com.br\/blog\/carteira-de-trabalho-verde-e-amarela-entenda-seu-funcionamento\/"},"wordCount":894,"publisher":{"@id":"https:\/\/www.oitchau.com.br\/blog\/#organization"},"image":{"@id":"https:\/\/www.oitchau.com.br\/blog\/carteira-de-trabalho-verde-e-amarela-entenda-seu-funcionamento\/#primaryimage"},"thumbnailUrl":"https:\/\/storage.googleapis.com\/oitchaublog\/2020\/01\/f2159798-carteira-de-trabalho-verde-e-amarela.jpg","keywords":["carteira assinada","carteira de trabalho","carteira de trabalho verde e amarela","jovens","mudan\u00e7as na lei"],"articleSection":["Gest\u00e3o de Pessoas"],"inLanguage":"pt-BR"},{"@type":"WebPage","@id":"https:\/\/www.oitchau.com.br\/blog\/carteira-de-trabalho-verde-e-amarela-entenda-seu-funcionamento\/","url":"https:\/\/www.oitchau.com.br\/blog\/carteira-de-trabalho-verde-e-amarela-entenda-seu-funcionamento\/","name":"Carteira de trabalho verde e amarela: entenda o funcionamento - Oitchau","isPartOf":{"@id":"https:\/\/www.oitchau.com.br\/blog\/#website"},"primaryImageOfPage":{"@id":"https:\/\/www.oitchau.com.br\/blog\/carteira-de-trabalho-verde-e-amarela-entenda-seu-funcionamento\/#primaryimage"},"image":{"@id":"https:\/\/www.oitchau.com.br\/blog\/carteira-de-trabalho-verde-e-amarela-entenda-seu-funcionamento\/#primaryimage"},"thumbnailUrl":"https:\/\/storage.googleapis.com\/oitchaublog\/2020\/01\/f2159798-carteira-de-trabalho-verde-e-amarela.jpg","datePublished":"2020-01-31T00:48:39+00:00","dateModified":"2024-07-22T17:44:13+00:00","description":"Saiba tudo sobre aCarteira de trabalho verde e amarela. Descubra o que muda com esta nova a\u00e7\u00e3o do Governo Federal nesse post!","breadcrumb":{"@id":"https:\/\/www.oitchau.com.br\/blog\/carteira-de-trabalho-verde-e-amarela-entenda-seu-funcionamento\/#breadcrumb"},"inLanguage":"pt-BR","potentialAction":[{"@type":"ReadAction","target":["https:\/\/www.oitchau.com.br\/blog\/carteira-de-trabalho-verde-e-amarela-entenda-seu-funcionamento\/"]}]},{"@type":"ImageObject","inLanguage":"pt-BR","@id":"https:\/\/www.oitchau.com.br\/blog\/carteira-de-trabalho-verde-e-amarela-entenda-seu-funcionamento\/#primaryimage","url":"https:\/\/storage.googleapis.com\/oitchaublog\/2020\/01\/f2159798-carteira-de-trabalho-verde-e-amarela.jpg","contentUrl":"https:\/\/storage.googleapis.com\/oitchaublog\/2020\/01\/f2159798-carteira-de-trabalho-verde-e-amarela.jpg","width":1982,"height":800,"caption":"carteira de trabalho verde e amarela"},{"@type":"BreadcrumbList","@id":"https:\/\/www.oitchau.com.br\/blog\/carteira-de-trabalho-verde-e-amarela-entenda-seu-funcionamento\/#breadcrumb","itemListElement":[{"@type":"ListItem","position":1,"name":"Blog","item":"https:\/\/www.oitchau.com.br\/blog\/"},{"@type":"ListItem","position":2,"name":"Carteira de trabalho verde e amarela: entenda seu funcionamento"}]},{"@type":"WebSite","@id":"https:\/\/www.oitchau.com.br\/blog\/#website","url":"https:\/\/www.oitchau.com.br\/blog\/","name":"Controle de Ponto & Timesheets","description":"","publisher":{"@id":"https:\/\/www.oitchau.com.br\/blog\/#organization"},"potentialAction":[{"@type":"SearchAction","target":{"@type":"EntryPoint","urlTemplate":"https:\/\/www.oitchau.com.br\/blog\/?s={search_term_string}"},"query-input":"required name=search_term_string"}],"inLanguage":"pt-BR"},{"@type":"Organization","@id":"https:\/\/www.oitchau.com.br\/blog\/#organization","name":"Oitchau","url":"https:\/\/www.oitchau.com.br\/blog\/","logo":{"@type":"ImageObject","inLanguage":"pt-BR","@id":"https:\/\/www.oitchau.com.br\/blog\/#\/schema\/logo\/image\/","url":"https:\/\/storage.googleapis.com\/oitchaublog\/2024\/03\/a0e65c6f-design-sem-nome-20.png","contentUrl":"https:\/\/storage.googleapis.com\/oitchaublog\/2024\/03\/a0e65c6f-design-sem-nome-20.png","width":696,"height":696,"caption":"Oitchau"},"image":{"@id":"https:\/\/www.oitchau.com.br\/blog\/#\/schema\/logo\/image\/"},"sameAs":["https:\/\/www.facebook.com\/oitchaubr\/","https:\/\/twitter.com\/oitchaubr","https:\/\/instagram.com\/oitchaubr"],"description":"A Oitchau \u00e9 uma solu\u00e7\u00e3o completa para gest\u00e3o de tempo dos colaboradores, atrav\u00e9s de suas solu\u00e7\u00f5es de controle de ponto & timesheets, ela permite que gestores, RH e DP possam gerenciar desde a jornada de trabalho de funcion\u00e1rios at\u00e9 a gest\u00e3o de tempo em projetos. Elevando o n\u00edvel estrat\u00e9gico do neg\u00f3cio de forma inteligente e assertiva, potencializando seus resultados e garantindo compliance com a Lei.","email":"contato@oitchau.com.br","telephone":"+551142102846","foundingDate":"2016-01-01","numberOfEmployees":{"@type":"QuantitativeValue","minValue":"51","maxValue":"200"}},{"@type":"Person","@id":"https:\/\/www.oitchau.com.br\/blog\/#\/schema\/person\/2d537dd5d364d6364dbe306bf11644f3","name":"Julia Neves","url":"https:\/\/www.oitchau.com.br\/blog\/author\/julia\/"}]}},"_links":{"self":[{"href":"https:\/\/www.oitchau.com.br\/blog\/wp-json\/wp\/v2\/posts\/8092"}],"collection":[{"href":"https:\/\/www.oitchau.com.br\/blog\/wp-json\/wp\/v2\/posts"}],"about":[{"href":"https:\/\/www.oitchau.com.br\/blog\/wp-json\/wp\/v2\/types\/post"}],"author":[{"embeddable":true,"href":"https:\/\/www.oitchau.com.br\/blog\/wp-json\/wp\/v2\/users\/16"}],"replies":[{"embeddable":true,"href":"https:\/\/www.oitchau.com.br\/blog\/wp-json\/wp\/v2\/comments?post=8092"}],"version-history":[{"count":3,"href":"https:\/\/www.oitchau.com.br\/blog\/wp-json\/wp\/v2\/posts\/8092\/revisions"}],"predecessor-version":[{"id":34651,"href":"https:\/\/www.oitchau.com.br\/blog\/wp-json\/wp\/v2\/posts\/8092\/revisions\/34651"}],"wp:featuredmedia":[{"embeddable":true,"href":"https:\/\/www.oitchau.com.br\/blog\/wp-json\/wp\/v2\/media\/34650"}],"wp:attachment":[{"href":"https:\/\/www.oitchau.com.br\/blog\/wp-json\/wp\/v2\/media?parent=8092"}],"wp:term":[{"taxonomy":"category","embeddable":true,"href":"https:\/\/www.oitchau.com.br\/blog\/wp-json\/wp\/v2\/categories?post=8092"},{"taxonomy":"post_tag","embeddable":true,"href":"https:\/\/www.oitchau.com.br\/blog\/wp-json\/wp\/v2\/tags?post=8092"}],"curies":[{"name":"wp","href":"https:\/\/api.w.org\/{rel}","templated":true}]}}