{"id":6382,"date":"2019-12-18T22:11:04","date_gmt":"2019-12-18T19:11:04","guid":{"rendered":"https:\/\/www.oitchau.com.br\/blog\/?p=6382"},"modified":"2024-07-22T03:00:24","modified_gmt":"2024-07-22T00:00:24","slug":"agenda-tributaria-2020-confira-a-programacao-para-as-empresas","status":"publish","type":"post","link":"https:\/\/www.oitchau.com.br\/blog\/agenda-tributaria-2020-confira-a-programacao-para-as-empresas\/","title":{"rendered":"Agenda tribut\u00e1ria 2020: confira a programa\u00e7\u00e3o para as empresas"},"content":{"rendered":"<p><span style=\"font-weight: 400;\">A agenda tribut\u00e1ria existe para que os contribuintes, sejam eles pessoa f\u00edsica ou jur\u00eddica, cumpram com uma s\u00e9rie de obriga\u00e7\u00f5es fiscais relacionadas \u00e0s suas atividades financeiras ao longo de cada ano.<\/span><\/p>\n<p><span style=\"font-weight: 400;\">Especificamente para as empresas, as leis s\u00e3o mais r\u00edgidas. E, para evitar sofrer qualquer tipo de san\u00e7\u00e3o ou multa, decorrentes da falta de cumprimento de prazos e valores, a organiza\u00e7\u00e3o que busca se manter em dia com o Fisco precisa desenvolver uma boa gest\u00e3o fiscal e estar atenta a essa agenda do governo.<\/span><\/p>\n<p><span data-sheets-value=\"{&quot;1&quot;:2,&quot;2&quot;:&quot;\n\t\t&lt;!--HubSpot Call-to-Action Code --&gt;\n\t\t&lt;span class=&quot;hs-cta-wrapper&quot; id=&quot;hs-cta-wrapper-959cb07d-ca53-460c-a412-b4c81d2c1122&quot;&gt;\n\t\t&lt;span class=&quot;hs-cta-node hs-cta-959cb07d-ca53-460c-a412-b4c81d2c1122&quot; id=&quot;959cb07d-ca53-460c-a412-b4c81d2c1122&quot;&gt;\n\t\t&lt;!--[if lte IE 8]&gt;\n\t\t&lt;div id=&quot;hs-cta-ie-element&quot;&gt;&lt;\/div&gt;\n\t\t&lt;![endif]--&gt;\n\t\t&lt;a href=&quot;https:\/\/cta-redirect.hubspot.com\/cta\/redirect\/20984162\/959cb07d-ca53-460c-a412-b4c81d2c1122&quot; &gt;\n\t\t&lt;img class=&quot;hs-cta-img&quot; id=&quot;hs-cta-img-959cb07d-ca53-460c-a412-b4c81d2c1122&quot; style=&quot;border-width:0px;&quot; src=&quot;https:\/\/no-cache.hubspot.com\/cta\/default\/20984162\/959cb07d-ca53-460c-a412-b4c81d2c1122.png&quot;  alt=&quot;New call-to-action&quot;\/&gt;\n\t\t&lt;\/a&gt;\n\t\t&lt;\/span&gt;\n\t\t&lt;script charset=&quot;utf-8&quot; src=&quot;\/\/js.hubspot.com\/cta\/current.js&quot;&gt;&lt;\/script&gt;\n\t\t&lt;script&gt;\n\t\thbspt.cta.load(20984162, &#039;959cb07d-ca53-460c-a412-b4c81d2c1122&#039;, {});\n\t\t&lt;\/script&gt;\n\t\t&lt;\/span&gt;\n\t\t&lt;!-- end HubSpot Call-to-Action Code --&gt;\n\t\t&quot;}\" data-sheets-userformat=\"{&quot;2&quot;:899,&quot;3&quot;:{&quot;1&quot;:0},&quot;4&quot;:{&quot;1&quot;:2,&quot;2&quot;:16777215},&quot;10&quot;:1,&quot;11&quot;:4,&quot;12&quot;:0}\">\n\t\t<!--HubSpot Call-to-Action Code -->\n\t\t<span class=\"hs-cta-wrapper\" id=\"hs-cta-wrapper-959cb07d-ca53-460c-a412-b4c81d2c1122\">\n\t\t<span class=\"hs-cta-node hs-cta-959cb07d-ca53-460c-a412-b4c81d2c1122\" id=\"959cb07d-ca53-460c-a412-b4c81d2c1122\">\n\t\t<!--[if lte IE 8]>\n\t\t<div id=\"hs-cta-ie-element\"><\/div>\n\t\t<![endif]-->\n\t\t<a href=\"https:\/\/cta-redirect.hubspot.com\/cta\/redirect\/20984162\/959cb07d-ca53-460c-a412-b4c81d2c1122\" >\n\t\t<img decoding=\"async\" class=\"hs-cta-img\" id=\"hs-cta-img-959cb07d-ca53-460c-a412-b4c81d2c1122\" style=\"border-width:0px;\" src=\"https:\/\/no-cache.hubspot.com\/cta\/default\/20984162\/959cb07d-ca53-460c-a412-b4c81d2c1122.png\"  alt=\"New call-to-action\"\/>\n\t\t<\/a>\n\t\t<\/span>\n\t\t<script charset=\"utf-8\" src=\"\/\/js.hubspot.com\/cta\/current.js\"><\/script>\n\t\t<script>\n\t\thbspt.cta.load(20984162, '959cb07d-ca53-460c-a412-b4c81d2c1122', {});\n\t\t<\/script>\n\t\t<\/span>\n\t\t<!-- end HubSpot Call-to-Action Code -->\n\t\t<\/span><\/p>\n<p><span style=\"font-weight: 400;\">Por conta da complexidade das leis no Brasil que tratam do tema e, tamb\u00e9m da quantidade de obriga\u00e7\u00f5es as quais as corpora\u00e7\u00f5es s\u00e3o submetidas, \u00e9 essencial deixar tudo muito bem organizado, para que n\u00e3o existam erros e nem atrasos neste importante processo.<\/span><\/p>\n<p><span style=\"font-weight: 400;\">Sob este contexto, preparamos este artigo com o intuito de ajudar a sua empresa a se preparar para ficar em dia com as obriga\u00e7\u00f5es ao longo do ano. Acompanhe a seguir!<\/span><\/p>\n<h2><b>O que \u00e9 agenda tribut\u00e1ria?<\/b><\/h2>\n<p><span style=\"font-weight: 400;\">Em linhas gerais, a regularidade de um neg\u00f3cio precisa passar pela organiza\u00e7\u00e3o dos seus expedientes administrativos e fiscais. Isso significa que, por tr\u00e1s de todos os processos ligados ao core business, existem tamb\u00e9m diversas atividades burocr\u00e1ticas, muitas delas impostas por legisla\u00e7\u00f5es obrigat\u00f3rias.<\/span><\/p>\n<p><span style=\"font-weight: 400;\">Neste sentido, com a entrada de um novo ano, renova-se o ciclo de obriga\u00e7\u00f5es fiscais, de modo que se inicia tamb\u00e9m um novo calend\u00e1rio e uma nova agenda tribut\u00e1ria. Desta forma, o gestor, o empres\u00e1rio ou o contador precisam estar atentos, programando a empresa para cumprir com todas essas normativas corretamente.<\/span><\/p>\n<p><span style=\"font-weight: 400;\">Isso porque as arrecada\u00e7\u00f5es de impostos, por se tratarem de exa\u00e7\u00f5es de car\u00e1ter financeiro, requerem um certo grau de planejamento para que se consiga honr\u00e1-las sem que isso represente nenhum tipo de insufici\u00eancia ao caixa do neg\u00f3cio e nem inviabilize novos investimentos, por exemplo.<\/span><\/p>\n<h2><b>Quais s\u00e3o as principais obriga\u00e7\u00f5es fiscais da agenda tribut\u00e1ria para empresas?<\/b><\/h2>\n<p><span style=\"font-weight: 400;\">Conforme mencionamos acima, a lei brasileira \u00e9 bastante r\u00edgida em se tratando de obriga\u00e7\u00f5es fiscais. Atualmente, h\u00e1 diferentes tributos, datas e al\u00edquotas a serem observados pelo contribuinte. Vamos elencar os mais comuns:<\/span><\/p>\n<h3><b>1. EFD-Reinf<\/b><\/h3>\n<p><span style=\"font-weight: 400;\">A EFD-Reinf (Escritura\u00e7\u00e3o Fiscal Digital de Reten\u00e7\u00f5es e Outras Informa\u00e7\u00f5es Fiscais) \u00e9 uma<a href=\"https:\/\/www.oitchau.com.br\/blog\/obrigacoes-acessorias-como-organiza-las-de-forma-eficiente\/\"> obriga\u00e7\u00e3o acess\u00f3ria<\/a> integrante do SPED \u2013 o Sistema P\u00fablico de Escritura\u00e7\u00e3o Digital. Trata-se de um documento digital com informa\u00e7\u00f5es sobre servi\u00e7os prestados e recebidos por empresas enquadradas nos mais diversos Regimes Tribut\u00e1rios.<\/span><\/p>\n<p><span style=\"font-weight: 400;\">Para facilitar, o seu cronograma de entrega dentro da agenda tribut\u00e1ria foi dividido em grupos e deve seguir os seguintes prazos:<\/span><\/p>\n<ul>\n<li><span style=\"font-weight: 400;\">Grupo 1: a partir de janeiro de 2020, para empresas com receita anual maior que 78 milh\u00f5es em 2019;<\/span><\/li>\n<li><span style=\"font-weight: 400;\">Grupo 2: tamb\u00e9m a partir de janeiro de 2020, para as demais empresas ou entidades;<\/span><\/li>\n<li><span style=\"font-weight: 400;\">Grupo 3: a partir de julho de 2020, para entidades sem fins lucrativos, tais como ONGs, para os produtores rurais pessoa f\u00edsica e as pessoas f\u00edsicas (empregadores) optantes pelo Simples Nacional;<\/span><\/li>\n<li><span style=\"font-weight: 400;\">Grupo 4: ainda sem data prevista pela Receita. Abrange \u00f3rg\u00e3os p\u00fablicos e organiza\u00e7\u00f5es internacionais.<\/span><\/li>\n<\/ul>\n<h3><b>2. DIRF<\/b><\/h3>\n<p><span style=\"font-weight: 400;\">Seguindo o que determina a <a href=\"http:\/\/normas.receita.fazenda.gov.br\/sijut2consulta\/link.action?visao=anotado&amp;idAto=105149\">IN RFB 1.915\/2019<\/a>, a DIRF 2020 dever\u00e1 ser apresentada at\u00e9 o dia 28 de fevereiro de 2020, por meio do Programa Gerador de Declara\u00e7\u00f5es de 2020.<\/span><\/p>\n<p><span style=\"font-weight: 400;\">A declara\u00e7\u00e3o tamb\u00e9m \u00e9 classificada como obriga\u00e7\u00e3o tribut\u00e1ria acess\u00f3ria devida por todas as pessoas jur\u00eddicas\u00a0 \u2013 independentemente da forma de tributa\u00e7\u00e3o perante o imposto de renda.<\/span><\/p>\n<p><span style=\"font-weight: 400;\">O objetivo do dispositivo \u00e9 prover informa\u00e7\u00f5es relativas aos benefici\u00e1rios, valores dos pagamentos, cr\u00e9ditos, e reten\u00e7\u00f5es do IRF (Imposto de Renda na Fonte).<\/span><\/p>\n<p><span style=\"font-weight: 400;\">Para tanto, a empresa deve observar os valores que obrigam o envio, sendo eles:<\/span><\/p>\n<ul>\n<li><span style=\"font-weight: 400;\">Profissional assalariado com remunera\u00e7\u00e3o anual igual ou superior a R$28.559,70;<\/span><\/li>\n<li><span style=\"font-weight: 400;\">Calcular a renda anual, sem v\u00ednculo empregat\u00edcio, acima de R$6.000,00, relativas a royalties ou alugu\u00e9is;<\/span><\/li>\n<li><span style=\"font-weight: 400;\">Pagar dividendos e lucros em patamar anual igual ou superior a R$28.559,70, a partir de 1996, a s\u00f3cio de microempresa (ME) ou empresa de pequeno porte (EPP).<\/span><\/li>\n<\/ul>\n<h3><b>\u00a03. ECD<\/b><\/h3>\n<p><span style=\"font-weight: 400;\">A Escritura\u00e7\u00e3o Cont\u00e1bil Digital (ECD) n\u00e3o \u00e9 uma obriga\u00e7\u00e3o que est\u00e1 dentro da agenda tribut\u00e1ria aplic\u00e1vel para todas as empresas, mas somente \u00e0quelas obrigadas a manter uma escritura\u00e7\u00e3o cont\u00e1bil em conformidade com a legisla\u00e7\u00e3o comercial \u2014 livro di\u00e1rio, raz\u00e3o, seus auxiliares e livro de balancetes, balan\u00e7os e fichas.<\/span><\/p>\n<p><span style=\"font-weight: 400;\">Neste sentido, a ECD deve ser entregue at\u00e9 o \u00faltimo dia \u00fatil de maio de 2020, dia 31.<\/span><\/p>\n<h3><b>4. ECF<\/b><\/h3>\n<p><span style=\"font-weight: 400;\">Ao contr\u00e1rio do que acontece com a ECD, a Escritura\u00e7\u00e3o Cont\u00e1bil Fiscal (ECF), que tem como objetivo substituir a Declara\u00e7\u00e3o de Imposto de Renda da Pessoa Jur\u00eddica (DIPJ), \u00e9 obrigat\u00f3ria para praticamente todas as empresas.<\/span><\/p>\n<p><span style=\"font-weight: 400;\">Quanto a essa obriga\u00e7\u00e3o, \u00e9 importante estar atento ao seu prazo de entrega, o que poder\u00e1 ser feito at\u00e9 o \u00faltimo dia \u00fatil de julho de 2020 (dia 31).<\/span><\/p>\n<h2><b>Como organizar a empresa para a entrega das obriga\u00e7\u00f5es fiscais da agenda tribut\u00e1ria?<\/b><\/h2>\n<p><span style=\"font-weight: 400;\">De maneira geral, o cumprimento das obriga\u00e7\u00f5es fiscais depende de uma boa organiza\u00e7\u00e3o interna da agenda tribut\u00e1ria de cada corpora\u00e7\u00e3o Por este motivo, \u00e9 essencial adotar algumas medidas para otimizar a execu\u00e7\u00e3o desse tipo de processo, evitando erros. Tendo isso em mente, listamos algumas atitudes que podem contribuir para a correta entrega das obriga\u00e7\u00f5es da sua empresa.\u00a0<\/span><\/p>\n<h3><b>Foque na organiza\u00e7\u00e3o da documenta\u00e7\u00e3o\u00a0<\/b><\/h3>\n<p><span style=\"font-weight: 400;\">O ambiente das obriga\u00e7\u00f5es fiscais \u00e9 burocr\u00e1tico e t\u00e9cnico, logo, lidar com o mesmo requer\u00a0 transpar\u00eancia e visibilidade sobre as atividades e responsabilidades do neg\u00f3cio. Neste contexto, \u00e9 de suma import\u00e2ncia manter uma boa documenta\u00e7\u00e3o em todos os setores da empresa.<\/span><\/p>\n<p><span style=\"font-weight: 400;\">Os documentos fiscais s\u00e3o a base para a otimiza\u00e7\u00e3o do tempo, al\u00e9m de serem a garantia de que tudo est\u00e1 em conformidade com as exig\u00eancias da legisla\u00e7\u00e3o.<\/span><\/p>\n<h3><b>Invista em uma equipe capacitada<\/b><\/h3>\n<p><span style=\"font-weight: 400;\">A forma como se lida com o setor fiscal\/cont\u00e1bil da empresa \u00e9 fundamental para a garantia de seu sucesso. Contudo, esta ainda \u00e9 uma \u00e1rea bastante t\u00e9cnica, a qual exige conhecimentos espec\u00edficos sobre a legisla\u00e7\u00e3o e as rotinas envolvidas no cumprimento das obriga\u00e7\u00f5es.<\/span><\/p>\n<p><span style=\"font-weight: 400;\">Por essa e muitas outras raz\u00f5es, \u00e9 fundamental que a empresa capacite bem as suas equipes, preparando-as para lidar com efici\u00eancia com expedientes burocr\u00e1ticos e, principalmente, com as mudan\u00e7as constantes da legisla\u00e7\u00e3o. Essa \u00e9 uma postura essencial para manter a regularidade do neg\u00f3cio, evitando erros por desatualiza\u00e7\u00e3o.<\/span><\/p>\n<h3><b>Desenvolva um planejamento tribut\u00e1rio<\/b><\/h3>\n<p><span style=\"font-weight: 400;\">Mais uma a\u00e7\u00e3o indispens\u00e1vel o bom funcionamento dessa \u00e1rea \u00e9 tra\u00e7ar um plano. O chamado planejamento tribut\u00e1rio \u00e9 uma a\u00e7\u00e3o preventiva que visa organizar e antecipar as obriga\u00e7\u00f5es da empresa, de modo a prepar\u00e1-la da melhor maneira para o cumprimento.<\/span><\/p>\n<p><span style=\"font-weight: 400;\">O planejamento \u00e9 a chave para a organiza\u00e7\u00e3o financeira, al\u00e9m de ser essencial para evitar surpresas e erros em c\u00e1lculos, enquadramentos e demais quesitos necess\u00e1rios ao compliance do neg\u00f3cio.<\/span><\/p>\n<h3>Qual a data de entrega da DCTF?<\/h3>\n<div class=\"wWOJcd\" tabindex=\"0\" role=\"button\" aria-controls=\"exacc_zFIhYtmRAd7R1sQPp_-fSA2\" aria-expanded=\"true\" aria-labelledby=\"exacc_zFIhYtmRAd7R1sQPp_-fSA1\">\n<div id=\"exacc_zFIhYtmRAd7R1sQPp_-fSA1\" class=\"iDjcJe IX9Lgd wwB5gf\">A Declara\u00e7\u00e3o de D\u00e9bitos e Cr\u00e9ditos Tribut\u00e1rios Federais, deve ser entregue at\u00e9 o d\u00e9cimo quinto dia \u00fatil, do segundo m\u00eas ap\u00f3s gerar a ocorr\u00eancia, e deve estar sendo utilizado junto ao PGD, Programa Gerador de Declara\u00e7\u00e3o e j\u00e1 est\u00e1 liberada para o ano de 2022.<\/div>\n<div class=\"YsGUOb\"><\/div>\n<div class=\"r21Kzd\" data-hveid=\"CAYQAQ\" data-ved=\"2ahUKEwjZp4bNj6v2AhXeqJUCHaf_BwkQuk56BAgGEAE\">E precisa ser feito a entrega sem que haja multas, Um exemplo se os fatores foram gerados dia 21 no m\u00eas de outubro,\u00a0o \u00faltimo prazo de entrega vai encerrar no dia 21 de dezembro de 2021, contabilizando dois meses posteriores.<\/div>\n<div data-hveid=\"CAYQAQ\" data-ved=\"2ahUKEwjZp4bNj6v2AhXeqJUCHaf_BwkQuk56BAgGEAE\"><span data-sheets-value=\"{&quot;1&quot;:2,&quot;2&quot;:&quot;\n\t\t&lt;!--HubSpot Call-to-Action Code --&gt;\n\t\t&lt;span class=&quot;hs-cta-wrapper&quot; id=&quot;hs-cta-wrapper-185aa72c-8a6f-48f2-9ad7-b99651976528&quot;&gt;\n\t\t&lt;span class=&quot;hs-cta-node hs-cta-185aa72c-8a6f-48f2-9ad7-b99651976528&quot; id=&quot;185aa72c-8a6f-48f2-9ad7-b99651976528&quot;&gt;\n\t\t&lt;!--[if lte IE 8]&gt;\n\t\t&lt;div id=&quot;hs-cta-ie-element&quot;&gt;&lt;\/div&gt;\n\t\t&lt;![endif]--&gt;\n\t\t&lt;a href=&quot;https:\/\/cta-redirect.hubspot.com\/cta\/redirect\/20984162\/185aa72c-8a6f-48f2-9ad7-b99651976528&quot; &gt;\n\t\t&lt;img class=&quot;hs-cta-img&quot; id=&quot;hs-cta-img-185aa72c-8a6f-48f2-9ad7-b99651976528&quot; style=&quot;border-width:0px;&quot; src=&quot;https:\/\/no-cache.hubspot.com\/cta\/default\/20984162\/185aa72c-8a6f-48f2-9ad7-b99651976528.png&quot;  alt=&quot;New call-to-action&quot;\/&gt;\n\t\t&lt;\/a&gt;\n\t\t&lt;\/span&gt;\n\t\t&lt;script charset=&quot;utf-8&quot; src=&quot;\/\/js.hubspot.com\/cta\/current.js&quot;&gt;&lt;\/script&gt;\n\t\t&lt;script&gt;\n\t\thbspt.cta.load(20984162, &#039;185aa72c-8a6f-48f2-9ad7-b99651976528&#039;, {});\n\t\t&lt;\/script&gt;\n\t\t&lt;\/span&gt;\n\t\t&lt;!-- end HubSpot Call-to-Action Code --&gt;\n\t\t&quot;}\" data-sheets-userformat=\"{&quot;2&quot;:899,&quot;3&quot;:{&quot;1&quot;:0},&quot;4&quot;:{&quot;1&quot;:2,&quot;2&quot;:16777215},&quot;10&quot;:1,&quot;11&quot;:4,&quot;12&quot;:0}\">\n\t\t<!--HubSpot Call-to-Action Code -->\n\t\t<span class=\"hs-cta-wrapper\" id=\"hs-cta-wrapper-185aa72c-8a6f-48f2-9ad7-b99651976528\">\n\t\t<span class=\"hs-cta-node hs-cta-185aa72c-8a6f-48f2-9ad7-b99651976528\" id=\"185aa72c-8a6f-48f2-9ad7-b99651976528\">\n\t\t<!--[if lte IE 8]>\n\t\t<div id=\"hs-cta-ie-element\"><\/div>\n\t\t<![endif]-->\n\t\t<a href=\"https:\/\/cta-redirect.hubspot.com\/cta\/redirect\/20984162\/185aa72c-8a6f-48f2-9ad7-b99651976528\" >\n\t\t<img decoding=\"async\" class=\"hs-cta-img\" id=\"hs-cta-img-185aa72c-8a6f-48f2-9ad7-b99651976528\" style=\"border-width:0px;\" src=\"https:\/\/no-cache.hubspot.com\/cta\/default\/20984162\/185aa72c-8a6f-48f2-9ad7-b99651976528.png\"  alt=\"New call-to-action\"\/>\n\t\t<\/a>\n\t\t<\/span>\n\t\t<script charset=\"utf-8\" src=\"\/\/js.hubspot.com\/cta\/current.js\"><\/script>\n\t\t<script>\n\t\thbspt.cta.load(20984162, '185aa72c-8a6f-48f2-9ad7-b99651976528', {});\n\t\t<\/script>\n\t\t<\/span>\n\t\t<!-- end HubSpot Call-to-Action Code -->\n\t\t<\/span><\/div>\n<\/div>\n<h3>Qual o vencimento do SPED?<\/h3>\n<p>O Sistema P\u00fablico de Escritura\u00e7\u00e3o Digital, deve ser enviado at\u00e9 o dia 20 do m\u00eas seguinte ao que foi gerado os servi\u00e7os. Ex.: Os fatores foram iniciados at\u00e9 o dia 20 de janeiro, sendo assim\u00a0 vencimento da SPED ser\u00e1 no dia 20 de fevereiro.<\/p>\n<h3>Qual vencimento DARF?<\/h3>\n<p>O Documento de Arrecada\u00e7\u00e3o de Receitas Federais, deve ser pago durante o 1\u00ba e 5\u00ba dia \u00faltimo referente ao m\u00eas seguinte a folha de pagamento, esse prazo deve ser mantido para que n\u00e3o haja a compensa\u00e7\u00e3o de multas a empresa.<\/p>\n","protected":false},"excerpt":{"rendered":"<p>A agenda tribut\u00e1ria existe para que os contribuintes, sejam eles pessoa f\u00edsica ou jur\u00eddica, cumpram com uma s\u00e9rie de obriga\u00e7\u00f5es fiscais relacionadas \u00e0s suas atividades financeiras ao longo de cada ano. Especificamente para as empresas, as leis s\u00e3o mais r\u00edgidas. E, para evitar sofrer qualquer tipo de san\u00e7\u00e3o ou multa, decorrentes da falta de cumprimento [&hellip;]<\/p>\n","protected":false},"author":16,"featured_media":34576,"comment_status":"closed","ping_status":"open","sticky":false,"template":"","format":"standard","meta":{"content-type":"","footnotes":""},"categories":[1789],"tags":[],"yoast_head":"<!-- This site is optimized with the Yoast SEO Premium plugin v22.2 (Yoast SEO v22.2) - https:\/\/yoast.com\/wordpress\/plugins\/seo\/ -->\n<title>Agenda tribut\u00e1ria 2020: confira a programa\u00e7\u00e3o para as empresas | Oitchau<\/title>\n<meta name=\"description\" content=\"Conhecer a agenda tribut\u00e1ria brasileira pode ajudar a empresa a evitar multas e penaliza\u00e7\u00f5es graves por conta da falta de pagamento de impostos. Entenda.\" \/>\n<meta name=\"robots\" content=\"index, follow, max-snippet:-1, max-image-preview:large, max-video-preview:-1\" \/>\n<link rel=\"canonical\" href=\"https:\/\/www.oitchau.com.br\/blog\/agenda-tributaria-2020-confira-a-programacao-para-as-empresas\/\" \/>\n<meta property=\"og:locale\" content=\"pt_BR\" \/>\n<meta property=\"og:type\" content=\"article\" \/>\n<meta property=\"og:title\" content=\"Agenda tribut\u00e1ria 2020: confira a programa\u00e7\u00e3o para as empresas\" \/>\n<meta property=\"og:description\" content=\"Conhecer a agenda tribut\u00e1ria brasileira pode ajudar a empresa a evitar multas e penaliza\u00e7\u00f5es graves por conta da falta de pagamento de impostos. Entenda.\" \/>\n<meta property=\"og:url\" content=\"https:\/\/www.oitchau.com.br\/blog\/agenda-tributaria-2020-confira-a-programacao-para-as-empresas\/\" \/>\n<meta property=\"og:site_name\" content=\"Controle de Ponto &amp; Timesheets\" \/>\n<meta property=\"article:publisher\" content=\"https:\/\/www.facebook.com\/oitchaubr\/\" \/>\n<meta property=\"article:published_time\" content=\"2019-12-18T19:11:04+00:00\" \/>\n<meta property=\"article:modified_time\" content=\"2024-07-22T00:00:24+00:00\" \/>\n<meta property=\"og:image\" content=\"https:\/\/storage.googleapis.com\/oitchaublog\/2019\/12\/532120cf-agenda-tributaria.png\" \/>\n\t<meta property=\"og:image:width\" content=\"1982\" \/>\n\t<meta property=\"og:image:height\" content=\"800\" \/>\n\t<meta property=\"og:image:type\" content=\"image\/png\" \/>\n<meta name=\"author\" content=\"Julia Neves\" \/>\n<meta name=\"twitter:card\" content=\"summary_large_image\" \/>\n<meta name=\"twitter:creator\" content=\"@oitchaubr\" \/>\n<meta name=\"twitter:site\" content=\"@oitchaubr\" \/>\n<meta name=\"twitter:label1\" content=\"Written by\" \/>\n\t<meta name=\"twitter:data1\" content=\"Julia Neves\" \/>\n\t<meta name=\"twitter:label2\" content=\"Est. reading time\" \/>\n\t<meta name=\"twitter:data2\" content=\"8 minutos\" \/>\n<script type=\"application\/ld+json\" class=\"yoast-schema-graph\">{\"@context\":\"https:\/\/schema.org\",\"@graph\":[{\"@type\":[\"Article\",\"BlogPosting\"],\"@id\":\"https:\/\/www.oitchau.com.br\/blog\/agenda-tributaria-2020-confira-a-programacao-para-as-empresas\/#article\",\"isPartOf\":{\"@id\":\"https:\/\/www.oitchau.com.br\/blog\/agenda-tributaria-2020-confira-a-programacao-para-as-empresas\/\"},\"author\":{\"name\":\"Julia Neves\",\"@id\":\"https:\/\/www.oitchau.com.br\/blog\/#\/schema\/person\/2d537dd5d364d6364dbe306bf11644f3\"},\"headline\":\"Agenda tribut\u00e1ria 2020: confira a programa\u00e7\u00e3o para as empresas\",\"datePublished\":\"2019-12-18T19:11:04+00:00\",\"dateModified\":\"2024-07-22T00:00:24+00:00\",\"mainEntityOfPage\":{\"@id\":\"https:\/\/www.oitchau.com.br\/blog\/agenda-tributaria-2020-confira-a-programacao-para-as-empresas\/\"},\"wordCount\":1410,\"publisher\":{\"@id\":\"https:\/\/www.oitchau.com.br\/blog\/#organization\"},\"image\":{\"@id\":\"https:\/\/www.oitchau.com.br\/blog\/agenda-tributaria-2020-confira-a-programacao-para-as-empresas\/#primaryimage\"},\"thumbnailUrl\":\"https:\/\/storage.googleapis.com\/oitchaublog\/2019\/12\/532120cf-agenda-tributaria.png\",\"articleSection\":[\"Contabilidade\"],\"inLanguage\":\"pt-BR\"},{\"@type\":\"WebPage\",\"@id\":\"https:\/\/www.oitchau.com.br\/blog\/agenda-tributaria-2020-confira-a-programacao-para-as-empresas\/\",\"url\":\"https:\/\/www.oitchau.com.br\/blog\/agenda-tributaria-2020-confira-a-programacao-para-as-empresas\/\",\"name\":\"Agenda tribut\u00e1ria 2020: confira a programa\u00e7\u00e3o para as empresas | Oitchau\",\"isPartOf\":{\"@id\":\"https:\/\/www.oitchau.com.br\/blog\/#website\"},\"primaryImageOfPage\":{\"@id\":\"https:\/\/www.oitchau.com.br\/blog\/agenda-tributaria-2020-confira-a-programacao-para-as-empresas\/#primaryimage\"},\"image\":{\"@id\":\"https:\/\/www.oitchau.com.br\/blog\/agenda-tributaria-2020-confira-a-programacao-para-as-empresas\/#primaryimage\"},\"thumbnailUrl\":\"https:\/\/storage.googleapis.com\/oitchaublog\/2019\/12\/532120cf-agenda-tributaria.png\",\"datePublished\":\"2019-12-18T19:11:04+00:00\",\"dateModified\":\"2024-07-22T00:00:24+00:00\",\"description\":\"Conhecer a agenda tribut\u00e1ria brasileira pode ajudar a empresa a evitar multas e penaliza\u00e7\u00f5es graves por conta da falta de pagamento de impostos. Entenda.\",\"breadcrumb\":{\"@id\":\"https:\/\/www.oitchau.com.br\/blog\/agenda-tributaria-2020-confira-a-programacao-para-as-empresas\/#breadcrumb\"},\"inLanguage\":\"pt-BR\",\"potentialAction\":[{\"@type\":\"ReadAction\",\"target\":[\"https:\/\/www.oitchau.com.br\/blog\/agenda-tributaria-2020-confira-a-programacao-para-as-empresas\/\"]}]},{\"@type\":\"ImageObject\",\"inLanguage\":\"pt-BR\",\"@id\":\"https:\/\/www.oitchau.com.br\/blog\/agenda-tributaria-2020-confira-a-programacao-para-as-empresas\/#primaryimage\",\"url\":\"https:\/\/storage.googleapis.com\/oitchaublog\/2019\/12\/532120cf-agenda-tributaria.png\",\"contentUrl\":\"https:\/\/storage.googleapis.com\/oitchaublog\/2019\/12\/532120cf-agenda-tributaria.png\",\"width\":1982,\"height\":800,\"caption\":\"agenda tribut\u00e1ria\"},{\"@type\":\"BreadcrumbList\",\"@id\":\"https:\/\/www.oitchau.com.br\/blog\/agenda-tributaria-2020-confira-a-programacao-para-as-empresas\/#breadcrumb\",\"itemListElement\":[{\"@type\":\"ListItem\",\"position\":1,\"name\":\"Blog\",\"item\":\"https:\/\/www.oitchau.com.br\/blog\/\"},{\"@type\":\"ListItem\",\"position\":2,\"name\":\"Agenda tribut\u00e1ria 2020: confira a programa\u00e7\u00e3o para as empresas\"}]},{\"@type\":\"WebSite\",\"@id\":\"https:\/\/www.oitchau.com.br\/blog\/#website\",\"url\":\"https:\/\/www.oitchau.com.br\/blog\/\",\"name\":\"Controle de Ponto & Timesheets\",\"description\":\"\",\"publisher\":{\"@id\":\"https:\/\/www.oitchau.com.br\/blog\/#organization\"},\"potentialAction\":[{\"@type\":\"SearchAction\",\"target\":{\"@type\":\"EntryPoint\",\"urlTemplate\":\"https:\/\/www.oitchau.com.br\/blog\/?s={search_term_string}\"},\"query-input\":\"required name=search_term_string\"}],\"inLanguage\":\"pt-BR\"},{\"@type\":\"Organization\",\"@id\":\"https:\/\/www.oitchau.com.br\/blog\/#organization\",\"name\":\"Oitchau\",\"url\":\"https:\/\/www.oitchau.com.br\/blog\/\",\"logo\":{\"@type\":\"ImageObject\",\"inLanguage\":\"pt-BR\",\"@id\":\"https:\/\/www.oitchau.com.br\/blog\/#\/schema\/logo\/image\/\",\"url\":\"https:\/\/storage.googleapis.com\/oitchaublog\/2024\/03\/a0e65c6f-design-sem-nome-20.png\",\"contentUrl\":\"https:\/\/storage.googleapis.com\/oitchaublog\/2024\/03\/a0e65c6f-design-sem-nome-20.png\",\"width\":696,\"height\":696,\"caption\":\"Oitchau\"},\"image\":{\"@id\":\"https:\/\/www.oitchau.com.br\/blog\/#\/schema\/logo\/image\/\"},\"sameAs\":[\"https:\/\/www.facebook.com\/oitchaubr\/\",\"https:\/\/twitter.com\/oitchaubr\",\"https:\/\/instagram.com\/oitchaubr\"],\"description\":\"A Oitchau \u00e9 uma solu\u00e7\u00e3o completa para gest\u00e3o de tempo dos colaboradores, atrav\u00e9s de suas solu\u00e7\u00f5es de controle de ponto & timesheets, ela permite que gestores, RH e DP possam gerenciar desde a jornada de trabalho de funcion\u00e1rios at\u00e9 a gest\u00e3o de tempo em projetos. Elevando o n\u00edvel estrat\u00e9gico do neg\u00f3cio de forma inteligente e assertiva, potencializando seus resultados e garantindo compliance com a Lei.\",\"email\":\"contato@oitchau.com.br\",\"telephone\":\"+551142102846\",\"foundingDate\":\"2016-01-01\",\"numberOfEmployees\":{\"@type\":\"QuantitativeValue\",\"minValue\":\"51\",\"maxValue\":\"200\"}},{\"@type\":\"Person\",\"@id\":\"https:\/\/www.oitchau.com.br\/blog\/#\/schema\/person\/2d537dd5d364d6364dbe306bf11644f3\",\"name\":\"Julia Neves\",\"url\":\"https:\/\/www.oitchau.com.br\/blog\/author\/julia\/\"}]}<\/script>\n<!-- \/ Yoast SEO Premium plugin. -->","yoast_head_json":{"title":"Agenda tribut\u00e1ria 2020: confira a programa\u00e7\u00e3o para as empresas | Oitchau","description":"Conhecer a agenda tribut\u00e1ria brasileira pode ajudar a empresa a evitar multas e penaliza\u00e7\u00f5es graves por conta da falta de pagamento de impostos. Entenda.","robots":{"index":"index","follow":"follow","max-snippet":"max-snippet:-1","max-image-preview":"max-image-preview:large","max-video-preview":"max-video-preview:-1"},"canonical":"https:\/\/www.oitchau.com.br\/blog\/agenda-tributaria-2020-confira-a-programacao-para-as-empresas\/","og_locale":"pt_BR","og_type":"article","og_title":"Agenda tribut\u00e1ria 2020: confira a programa\u00e7\u00e3o para as empresas","og_description":"Conhecer a agenda tribut\u00e1ria brasileira pode ajudar a empresa a evitar multas e penaliza\u00e7\u00f5es graves por conta da falta de pagamento de impostos. Entenda.","og_url":"https:\/\/www.oitchau.com.br\/blog\/agenda-tributaria-2020-confira-a-programacao-para-as-empresas\/","og_site_name":"Controle de Ponto &amp; Timesheets","article_publisher":"https:\/\/www.facebook.com\/oitchaubr\/","article_published_time":"2019-12-18T19:11:04+00:00","article_modified_time":"2024-07-22T00:00:24+00:00","og_image":[{"width":1982,"height":800,"url":"https:\/\/storage.googleapis.com\/oitchaublog\/2019\/12\/532120cf-agenda-tributaria.png","type":"image\/png"}],"author":"Julia Neves","twitter_card":"summary_large_image","twitter_creator":"@oitchaubr","twitter_site":"@oitchaubr","twitter_misc":{"Written by":"Julia Neves","Est. reading time":"8 minutos"},"schema":{"@context":"https:\/\/schema.org","@graph":[{"@type":["Article","BlogPosting"],"@id":"https:\/\/www.oitchau.com.br\/blog\/agenda-tributaria-2020-confira-a-programacao-para-as-empresas\/#article","isPartOf":{"@id":"https:\/\/www.oitchau.com.br\/blog\/agenda-tributaria-2020-confira-a-programacao-para-as-empresas\/"},"author":{"name":"Julia Neves","@id":"https:\/\/www.oitchau.com.br\/blog\/#\/schema\/person\/2d537dd5d364d6364dbe306bf11644f3"},"headline":"Agenda tribut\u00e1ria 2020: confira a programa\u00e7\u00e3o para as empresas","datePublished":"2019-12-18T19:11:04+00:00","dateModified":"2024-07-22T00:00:24+00:00","mainEntityOfPage":{"@id":"https:\/\/www.oitchau.com.br\/blog\/agenda-tributaria-2020-confira-a-programacao-para-as-empresas\/"},"wordCount":1410,"publisher":{"@id":"https:\/\/www.oitchau.com.br\/blog\/#organization"},"image":{"@id":"https:\/\/www.oitchau.com.br\/blog\/agenda-tributaria-2020-confira-a-programacao-para-as-empresas\/#primaryimage"},"thumbnailUrl":"https:\/\/storage.googleapis.com\/oitchaublog\/2019\/12\/532120cf-agenda-tributaria.png","articleSection":["Contabilidade"],"inLanguage":"pt-BR"},{"@type":"WebPage","@id":"https:\/\/www.oitchau.com.br\/blog\/agenda-tributaria-2020-confira-a-programacao-para-as-empresas\/","url":"https:\/\/www.oitchau.com.br\/blog\/agenda-tributaria-2020-confira-a-programacao-para-as-empresas\/","name":"Agenda tribut\u00e1ria 2020: confira a programa\u00e7\u00e3o para as empresas | Oitchau","isPartOf":{"@id":"https:\/\/www.oitchau.com.br\/blog\/#website"},"primaryImageOfPage":{"@id":"https:\/\/www.oitchau.com.br\/blog\/agenda-tributaria-2020-confira-a-programacao-para-as-empresas\/#primaryimage"},"image":{"@id":"https:\/\/www.oitchau.com.br\/blog\/agenda-tributaria-2020-confira-a-programacao-para-as-empresas\/#primaryimage"},"thumbnailUrl":"https:\/\/storage.googleapis.com\/oitchaublog\/2019\/12\/532120cf-agenda-tributaria.png","datePublished":"2019-12-18T19:11:04+00:00","dateModified":"2024-07-22T00:00:24+00:00","description":"Conhecer a agenda tribut\u00e1ria brasileira pode ajudar a empresa a evitar multas e penaliza\u00e7\u00f5es graves por conta da falta de pagamento de impostos. Entenda.","breadcrumb":{"@id":"https:\/\/www.oitchau.com.br\/blog\/agenda-tributaria-2020-confira-a-programacao-para-as-empresas\/#breadcrumb"},"inLanguage":"pt-BR","potentialAction":[{"@type":"ReadAction","target":["https:\/\/www.oitchau.com.br\/blog\/agenda-tributaria-2020-confira-a-programacao-para-as-empresas\/"]}]},{"@type":"ImageObject","inLanguage":"pt-BR","@id":"https:\/\/www.oitchau.com.br\/blog\/agenda-tributaria-2020-confira-a-programacao-para-as-empresas\/#primaryimage","url":"https:\/\/storage.googleapis.com\/oitchaublog\/2019\/12\/532120cf-agenda-tributaria.png","contentUrl":"https:\/\/storage.googleapis.com\/oitchaublog\/2019\/12\/532120cf-agenda-tributaria.png","width":1982,"height":800,"caption":"agenda tribut\u00e1ria"},{"@type":"BreadcrumbList","@id":"https:\/\/www.oitchau.com.br\/blog\/agenda-tributaria-2020-confira-a-programacao-para-as-empresas\/#breadcrumb","itemListElement":[{"@type":"ListItem","position":1,"name":"Blog","item":"https:\/\/www.oitchau.com.br\/blog\/"},{"@type":"ListItem","position":2,"name":"Agenda tribut\u00e1ria 2020: confira a programa\u00e7\u00e3o para as empresas"}]},{"@type":"WebSite","@id":"https:\/\/www.oitchau.com.br\/blog\/#website","url":"https:\/\/www.oitchau.com.br\/blog\/","name":"Controle de Ponto & Timesheets","description":"","publisher":{"@id":"https:\/\/www.oitchau.com.br\/blog\/#organization"},"potentialAction":[{"@type":"SearchAction","target":{"@type":"EntryPoint","urlTemplate":"https:\/\/www.oitchau.com.br\/blog\/?s={search_term_string}"},"query-input":"required name=search_term_string"}],"inLanguage":"pt-BR"},{"@type":"Organization","@id":"https:\/\/www.oitchau.com.br\/blog\/#organization","name":"Oitchau","url":"https:\/\/www.oitchau.com.br\/blog\/","logo":{"@type":"ImageObject","inLanguage":"pt-BR","@id":"https:\/\/www.oitchau.com.br\/blog\/#\/schema\/logo\/image\/","url":"https:\/\/storage.googleapis.com\/oitchaublog\/2024\/03\/a0e65c6f-design-sem-nome-20.png","contentUrl":"https:\/\/storage.googleapis.com\/oitchaublog\/2024\/03\/a0e65c6f-design-sem-nome-20.png","width":696,"height":696,"caption":"Oitchau"},"image":{"@id":"https:\/\/www.oitchau.com.br\/blog\/#\/schema\/logo\/image\/"},"sameAs":["https:\/\/www.facebook.com\/oitchaubr\/","https:\/\/twitter.com\/oitchaubr","https:\/\/instagram.com\/oitchaubr"],"description":"A Oitchau \u00e9 uma solu\u00e7\u00e3o completa para gest\u00e3o de tempo dos colaboradores, atrav\u00e9s de suas solu\u00e7\u00f5es de controle de ponto & timesheets, ela permite que gestores, RH e DP possam gerenciar desde a jornada de trabalho de funcion\u00e1rios at\u00e9 a gest\u00e3o de tempo em projetos. Elevando o n\u00edvel estrat\u00e9gico do neg\u00f3cio de forma inteligente e assertiva, potencializando seus resultados e garantindo compliance com a Lei.","email":"contato@oitchau.com.br","telephone":"+551142102846","foundingDate":"2016-01-01","numberOfEmployees":{"@type":"QuantitativeValue","minValue":"51","maxValue":"200"}},{"@type":"Person","@id":"https:\/\/www.oitchau.com.br\/blog\/#\/schema\/person\/2d537dd5d364d6364dbe306bf11644f3","name":"Julia Neves","url":"https:\/\/www.oitchau.com.br\/blog\/author\/julia\/"}]}},"_links":{"self":[{"href":"https:\/\/www.oitchau.com.br\/blog\/wp-json\/wp\/v2\/posts\/6382"}],"collection":[{"href":"https:\/\/www.oitchau.com.br\/blog\/wp-json\/wp\/v2\/posts"}],"about":[{"href":"https:\/\/www.oitchau.com.br\/blog\/wp-json\/wp\/v2\/types\/post"}],"author":[{"embeddable":true,"href":"https:\/\/www.oitchau.com.br\/blog\/wp-json\/wp\/v2\/users\/16"}],"replies":[{"embeddable":true,"href":"https:\/\/www.oitchau.com.br\/blog\/wp-json\/wp\/v2\/comments?post=6382"}],"version-history":[{"count":2,"href":"https:\/\/www.oitchau.com.br\/blog\/wp-json\/wp\/v2\/posts\/6382\/revisions"}],"predecessor-version":[{"id":34577,"href":"https:\/\/www.oitchau.com.br\/blog\/wp-json\/wp\/v2\/posts\/6382\/revisions\/34577"}],"wp:featuredmedia":[{"embeddable":true,"href":"https:\/\/www.oitchau.com.br\/blog\/wp-json\/wp\/v2\/media\/34576"}],"wp:attachment":[{"href":"https:\/\/www.oitchau.com.br\/blog\/wp-json\/wp\/v2\/media?parent=6382"}],"wp:term":[{"taxonomy":"category","embeddable":true,"href":"https:\/\/www.oitchau.com.br\/blog\/wp-json\/wp\/v2\/categories?post=6382"},{"taxonomy":"post_tag","embeddable":true,"href":"https:\/\/www.oitchau.com.br\/blog\/wp-json\/wp\/v2\/tags?post=6382"}],"curies":[{"name":"wp","href":"https:\/\/api.w.org\/{rel}","templated":true}]}}