{"id":6012,"date":"2019-11-29T17:44:18","date_gmt":"2019-11-29T14:44:18","guid":{"rendered":"https:\/\/www.oitchau.com.br\/blog\/?p=6012"},"modified":"2024-03-27T16:17:03","modified_gmt":"2024-03-27T13:17:03","slug":"carteira-de-trabalho-digital","status":"publish","type":"post","link":"https:\/\/www.oitchau.com.br\/blog\/carteira-de-trabalho-digital\/","title":{"rendered":"Carteira de trabalho digital: como funciona?"},"content":{"rendered":"<p><span style=\"font-weight: 400;\">A carteira de trabalho digital foi lan\u00e7ada juntamente com a chegada da<\/span> Lei da Liberdade Econ\u00f4mica<span style=\"font-weight: 400;\">.<\/span><\/p>\n<p><span style=\"font-weight: 400;\">Com ela, os profissionais poder\u00e3o fazer a emiss\u00e3o da sua CTPS por meio eletr\u00f4nico, com o n\u00famero do CPF como identifica\u00e7\u00e3o \u00fanica.<\/span><\/p>\n<p><span style=\"font-weight: 400;\">As carteiras f\u00edsicas continuar\u00e3o a ser impressas, por\u00e9m, de forma excepcional.<\/span><\/p>\n<p><span style=\"font-weight: 400;\">Com tantas altera\u00e7\u00f5es, \u00e9 import\u00e2ncia que trabalhadores e empresas fiquem atentos em rela\u00e7\u00e3o ao seu papel, cada um observando seus direitos e obriga\u00e7\u00f5es para que tudo corra de forma mais tranquila poss\u00edvel.<\/span><\/p>\n<p><span style=\"font-weight: 400;\">Quer aprender um pouco mais sobre esse assunto? Acompanhe a seguir!<\/span><\/p>\n<ul>\n<li><a href=\"https:\/\/www.oitchau.com.br\/blog\/carteira-de-trabalho-digital\/#:~:text=de%20identifica%C3%A7%C3%A3o%20civil%3F-,Para%20que%20serve%20a%20carteira%20de%20trabalho%3F,-Criada%20em%201969\"><span style=\"font-weight: 400;\">Para que serve a carteira de trabalho?<\/span><\/a><\/li>\n<li><a href=\"https:\/\/www.oitchau.com.br\/blog\/carteira-de-trabalho-digital\/#:~:text=ambos%20da%20CLT.-,Como%20funciona%20a%20carteira%20de%20trabalho%20digital%3F,-Anteriormente%20%C3%A0%20Lei\"><span style=\"font-weight: 400;\">Como funciona a carteira de trabalho digital?<\/span><\/a><\/li>\n<li><a href=\"https:\/\/www.oitchau.com.br\/blog\/carteira-de-trabalho-digital\/#:~:text=que%20foram%20inseridas.-,O%20que%20efetivamente%20mudou%20com%20o%20surgimento%20da%20CTPS%20digital%3F,-A%20Carteira%20de\"><span style=\"font-weight: 400;\">O que efetivamente mudou com o surgimento da CTPS digital?<\/span><\/a><\/li>\n<li><a href=\"https:\/\/www.oitchau.com.br\/blog\/carteira-de-trabalho-digital\/#:~:text=revogadas%20desde%20ent%C3%A3o.-,Quem%20tem%20Carteira%20de%20Trabalho%20Digital%20tem%20que%20fazer%20a%20f%C3%ADsica%3F,-N%C3%A3o%2C%20quem%20possui\"><span style=\"font-weight: 400;\">Quem tem Carteira de Trabalho Digital tem que fazer a f\u00edsica?<\/span><\/a><\/li>\n<li><a href=\"https:\/\/www.oitchau.com.br\/blog\/carteira-de-trabalho-digital\/#:~:text=a%20vers%C3%A3o%20digital.-,O%20que%20fazer%20com%20a%20carteira%20de%20trabalho%20antiga%3F,-Quem%20j%C3%A1%20tinha\"><span style=\"font-weight: 400;\">O que fazer com a carteira de trabalho antiga?<\/span><\/a><\/li>\n<li><a href=\"https:\/\/www.oitchau.com.br\/blog\/carteira-de-trabalho-digital\/#:~:text=ou%20pela%20internet.-,Como%20ver%20minha%20carteira%20de%20trabalho%20pela%20internet%3F,-Para%20acessar%20sua\"><span style=\"font-weight: 400;\">Como ver minha carteira de trabalho pela internet?<\/span><\/a><\/li>\n<li><a href=\"https:\/\/www.oitchau.com.br\/blog\/carteira-de-trabalho-digital\/#:~:text=auxiliar%20os%20usu%C3%A1rios.-,Como%20consultar%20a%20Carteira%20de%20Trabalho%20Digital%3F,-Para%20consultar%20a\"><span style=\"font-weight: 400;\">Como consultar a Carteira de Trabalho Digital?<\/span><\/a><\/li>\n<li><a href=\"https:\/\/www.oitchau.com.br\/blog\/carteira-de-trabalho-digital\/#:~:text=na%20p%C3%A1gina%20inicial.-,Como%20ver%20o%20n%C3%BAmero%20da%20Carteira%20de%20Trabalho%20Digital%3F,-Nesse%20momento%2C%20para\"><span style=\"font-weight: 400;\">Como ver o n\u00famero da Carteira de Trabalho Digital?<\/span><\/a><\/li>\n<li><a href=\"https:\/\/www.oitchau.com.br\/blog\/carteira-de-trabalho-digital\/#:~:text=site%20ou%20aplicativo.-,Qual%20%C3%A9%20o%20aplicativo%20que%20baixa%20a%20Carteira%20de%20Trabalho%20Digital%3F,-De%20forma%20geral\"><span style=\"font-weight: 400;\">Qual \u00e9 o aplicativo que baixa a Carteira de Trabalho Digital?<\/span><\/a><\/li>\n<li><a href=\"https:\/\/www.oitchau.com.br\/blog\/carteira-de-trabalho-digital\/#:~:text=de%20Trabalho%20Digital.-,Qual%20o%20papel%20do%20empregador%20com%20o%20novo%20formato%20da%20CTPS%3F,-Na%20pr%C3%A1tica%2C%20no\"><span style=\"font-weight: 400;\">Qual o papel do empregador com o novo formato da CTPS?<\/span><\/a><\/li>\n<li><a href=\"https:\/\/www.oitchau.com.br\/blog\/carteira-de-trabalho-digital\/#:~:text=Quais%20s%C3%A3o%20os%20cuidados%20que%20a%20carteira%20de%20trabalho%20digital%20requer%3F%C2%A0%C2%A0\"><span style=\"font-weight: 400;\">Quais s\u00e3o os cuidados que a carteira de trabalho digital requer?<\/span><\/a><\/li>\n<li><a href=\"https:\/\/www.oitchau.com.br\/blog\/carteira-de-trabalho-digital\/#:~:text=Posso%20usar%20a%20Carteira%20de%20Trabalho%20Digital%20para%20fins%20de%20identifica%C3%A7%C3%A3o%20civil%3F%C2%A0%C2%A0\"><span style=\"font-weight: 400;\">Posso usar a Carteira de Trabalho Digital para fins de identifica\u00e7\u00e3o civil?<\/span><\/a><\/li>\n<\/ul>\n<h2><b>Para que serve a carteira de trabalho?<\/b><\/h2>\n<p><span style=\"font-weight: 400;\">Criada em 1969, a famosa CTPS, Carteira de Trabalho e Previd\u00eancia Social, \u00e9 um documento obrigat\u00f3rio para todos os profissionais que exercem atividades remuneradas.<\/span><\/p>\n<p><span style=\"font-weight: 400;\">\u00c9 na carteira que s\u00e3o registrados, de forma resumida, todos os acontecimentos relacionados a vida profissional do trabalhador.<\/span><\/p>\n<p><span style=\"font-weight: 400;\">Al\u00e9m das informa\u00e7\u00f5es referentes \u00e0 sua admiss\u00e3o, devem ser anotadas as altera\u00e7\u00f5es de sal\u00e1rio, mudan\u00e7a de local de trabalho, pagamento e gozo de f\u00e9rias,<\/span><a href=\"https:\/\/www.oitchau.com.br\/blog\/13-salario-ele-pode-ser-parcelado-ao-longo-do-ano\/\"> <b>13\u00b0 sal\u00e1rio<\/b><\/a><span style=\"font-weight: 400;\">, rescis\u00e3o, dentre outras movimenta\u00e7\u00f5es.\u00a0<\/span><\/p>\n<p><span style=\"font-weight: 400;\">A carteira, por guardar tais informa\u00e7\u00f5es, serve como documento comprobat\u00f3rio em a\u00e7\u00f5es trabalhistas e para a obten\u00e7\u00e3o de direitos como:<\/span><\/p>\n<ul>\n<li style=\"font-weight: 400;\" aria-level=\"1\"><span style=\"font-weight: 400;\">Seguro desemprego,<\/span><\/li>\n<li style=\"font-weight: 400;\" aria-level=\"1\"><span style=\"font-weight: 400;\">FGTS,<\/span><\/li>\n<li style=\"font-weight: 400;\" aria-level=\"1\"><span style=\"font-weight: 400;\">Aposentadoria,<\/span><\/li>\n<li style=\"font-weight: 400;\" aria-level=\"1\"><span style=\"font-weight: 400;\">Sal\u00e1rio maternidade,<\/span><\/li>\n<li style=\"font-weight: 400;\" aria-level=\"1\"><span style=\"font-weight: 400;\">Aux\u00edlio doen\u00e7a, entre outros.<\/span><\/li>\n<\/ul>\n<p><span style=\"font-weight: 400;\">O empregador que deixa de registrar os acontecimentos citados acima fica sujeito a receber um auto de infra\u00e7\u00e3o prevista no artigo 29, inciso 3\u00b0 e \u00e0 procedimentos administrativos previstos nos artigos 36 a 39, ambos da CLT.<\/span><\/p>\n<p><span style=\"font-weight: 400;\">\n\t\t<!--HubSpot Call-to-Action Code -->\n\t\t<span class=\"hs-cta-wrapper\" id=\"hs-cta-wrapper-ec397c35-df8c-47f2-ac98-58378522ad1f\">\n\t\t<span class=\"hs-cta-node hs-cta-ec397c35-df8c-47f2-ac98-58378522ad1f\" id=\"ec397c35-df8c-47f2-ac98-58378522ad1f\">\n\t\t<!--[if lte IE 8]>\n\t\t<div id=\"hs-cta-ie-element\"><\/div>\n\t\t<![endif]-->\n\t\t<a href=\"https:\/\/cta-redirect.hubspot.com\/cta\/redirect\/20984162\/ec397c35-df8c-47f2-ac98-58378522ad1f\" >\n\t\t<img decoding=\"async\" class=\"hs-cta-img\" id=\"hs-cta-img-ec397c35-df8c-47f2-ac98-58378522ad1f\" style=\"border-width:0px;\" src=\"https:\/\/no-cache.hubspot.com\/cta\/default\/20984162\/ec397c35-df8c-47f2-ac98-58378522ad1f.png\"  alt=\"New call-to-action\"\/>\n\t\t<\/a>\n\t\t<\/span>\n\t\t<script charset=\"utf-8\" src=\"\/\/js.hubspot.com\/cta\/current.js\"><\/script>\n\t\t<script>\n\t\thbspt.cta.load(20984162, 'ec397c35-df8c-47f2-ac98-58378522ad1f', {});\n\t\t<\/script>\n\t\t<\/span>\n\t\t<!-- end HubSpot Call-to-Action Code -->\n\t\t<\/span><\/p>\n<h2><b>Como funciona a carteira de trabalho digital?<\/b><\/h2>\n<p><span style=\"font-weight: 400;\">Anteriormente \u00e0 Lei n\u00ba 13.874, o modelo de carteira virtual j\u00e1 existia no Brasil, entretanto tinha um uso muito limitado.<\/span><\/p>\n<p><span style=\"font-weight: 400;\">Servia apenas como forma de acessar informa\u00e7\u00f5es sobre o trabalhador, n\u00e3o tendo validade para saque de benef\u00edcios como FGTS ou<\/span><a href=\"https:\/\/www.oitchau.com.br\/blog\/calculo-do-seguro-desemprego-descomplicado\/\"> <b>seguro desemprego<\/b><\/a><span style=\"font-weight: 400;\">.<\/span><\/p>\n<p><span style=\"font-weight: 400;\">Agora, a carteira de trabalho digital j\u00e1 \u00e9 aceita nacionalmente para qualquer tipo de necessidade legal.<\/span><\/p>\n<p><span style=\"font-weight: 400;\">Para emitir uma CTPS tradicional, o trabalhador teria que se dirigir com hor\u00e1rio marcado at\u00e9 um posto de atendimento autorizado pelo Minist\u00e9rio do Trabalho, portando RG e n\u00famero do PIS.\u00a0<\/span><\/p>\n<p><span style=\"font-weight: 400;\">Durante a transi\u00e7\u00e3o, os profissionais que j\u00e1 possuem a carteira impressa n\u00e3o precisar\u00e3o fazer a migra\u00e7\u00e3o para a digital, pois a mesma continuar\u00e1 sendo v\u00e1lida.<\/span><\/p>\n<p><span style=\"font-weight: 400;\">Quem for emitir a primeira ou segunda via do documento j\u00e1 se enquadrar\u00e1 na digitaliza\u00e7\u00e3o.<\/span><\/p>\n<p><span style=\"font-weight: 400;\">Essa nova realidade representa um ganho muito grande no que diz respeito a agilidade em rela\u00e7\u00e3o ao tempo do processo de emiss\u00e3o.<\/span><\/p>\n<p><span style=\"font-weight: 400;\">A CTPS levava de sete a dez dias \u00fateis para ficar pronta, enquanto a virtual \u00e9 disponibilizada no mesmo dia.<\/span><\/p>\n<p><span style=\"font-weight: 400;\">Os empregadores podem verificar todos os antecedentes do colaborador via internet.<\/span><\/p>\n<p><span style=\"font-weight: 400;\">Outro ponto de mudan\u00e7a \u00e9 as empresas passaram a ter cinco dias \u00fateis, contados a partir da contrata\u00e7\u00e3o de um trabalhador, para fazer as anota\u00e7\u00f5es em sua carteira.<\/span><\/p>\n<p><span style=\"font-weight: 400;\">O prazo antes, era de 48 horas \u00fateis. Ap\u00f3s esse registro, o profissional tem at\u00e9 48 horas para poder acessar online as informa\u00e7\u00f5es que foram inseridas.<\/span><\/p>\n<h2><b>O que efetivamente mudou com o surgimento da CTPS digital?<\/b><\/h2>\n<p><span style=\"font-weight: 400;\">A Carteira de Trabalho do tipo digital j\u00e1 existia desde 2017 e se tornou obrigat\u00f3ria em 2019. Isso n\u00e3o quer dizer que seu surgimento tenha sido silencioso e sem causar impactos realmente not\u00e1veis.<\/span><\/p>\n<p><span style=\"font-weight: 400;\">Com a CTPS digital criou-se a possibilidade de que o documento f\u00edsico fosse realmente substitu\u00eddo pelo digital. At\u00e9 2019 eles coexistiam e a op\u00e7\u00e3o digital n\u00e3o servia para substituir a f\u00edsica.<\/span><\/p>\n<p><span style=\"font-weight: 400;\">Outra quest\u00e3o interessante se refere \u00e0s informa\u00e7\u00f5es da CTPS. At\u00e9 ent\u00e3o ela contava com todos os dados sobre f\u00e9rias, altera\u00e7\u00f5es de jornada contratual, mudan\u00e7a de cargo e outras quest\u00f5es relevantes.<\/span><\/p>\n<p><span style=\"font-weight: 400;\">Agora todas essas informa\u00e7\u00f5es se encontram no eSocial, que substitui a necessidade de reanota\u00e7\u00e3o de tais dados na CTPS. Isso facilita o acesso \u00e0 informa\u00e7\u00e3o ao mesmo tempo em que limita a burocracia imposta \u00e0s empresas.<\/span><\/p>\n<p><span style=\"font-weight: 400;\">O surgimento da CTPS digital permitiu \u00e0s empresas cumprir de forma mais r\u00e1pida alguns requisitos que s\u00e3o impostos por lei.<\/span><\/p>\n<p><span style=\"font-weight: 400;\">Ao mesmo tempo ela trabalha junto ao eSocial para que os \u00f3rg\u00e3os p\u00fablicos cheguem mais rapidamente a um mesmo dado.<\/span><\/p>\n<p><span style=\"font-weight: 400;\">Isso dispensa a necessidade de acesso a diversos canais diferentes para se reunir dados que poderiam ser dispostos conjuntamente.\u00a0<\/span><\/p>\n<p><span style=\"font-weight: 400;\">N\u00e3o \u00e9 \u00e0 toa algumas previs\u00f5es do documento no formato digital e centraliza\u00e7\u00e3o de dados est\u00e3o na Lei da Liberdade Econ\u00f4mica, que se ilustra pela Lei 13874\/2014.<\/span><\/p>\n<p><span style=\"font-weight: 400;\">Mesmo assim cabe lembrar que algumas das previs\u00f5es foram revogadas desde ent\u00e3o.<\/span><\/p>\n<h2><b>Quem tem Carteira de Trabalho Digital tem que fazer a f\u00edsica?<\/b><\/h2>\n<p><span style=\"font-weight: 400;\">N\u00e3o, quem possui a Carteira de Trabalho Digital n\u00e3o precisa fazer a vers\u00e3o f\u00edsica. Afinal, a Carteira de Trabalho Digital tem validade legal e substitui completamente a vers\u00e3o impressa da Carteira de Trabalho e Previd\u00eancia Social (CTPS).<\/span><\/p>\n<p><span style=\"font-weight: 400;\">Em outras palavras, a partir do momento em que o trabalhador possui a Carteira de Trabalho Digital, todas as informa\u00e7\u00f5es e registros de emprego estar\u00e3o dispon\u00edveis eletronicamente, atrav\u00e9s do aplicativo ou site oficial do governo.<\/span><\/p>\n<p><span style=\"font-weight: 400;\">Al\u00e9m disso, essa vers\u00e3o digital \u00e9 reconhecida legalmente e possui a mesma validade que a vers\u00e3o f\u00edsica.<\/span><\/p>\n<p><span style=\"font-weight: 400;\">Portanto, n\u00e3o \u00e9 necess\u00e1rio manter ou solicitar a vers\u00e3o f\u00edsica da carteira de trabalho se voc\u00ea j\u00e1 tem a vers\u00e3o digital.<\/span><\/p>\n<h2><b>O que fazer com a carteira de trabalho antiga?<\/b><\/h2>\n<p><span style=\"font-weight: 400;\">Quem j\u00e1 tinha a CTPS em formato f\u00edsico deve guard\u00e1-la. Afinal, ela continua sendo um documento para comprovar seu tempo de trabalho anterior.<\/span><\/p>\n<p><span style=\"font-weight: 400;\">Mesmo com a carteira de trabalho digital podendo mostrar contratos de trabalho antigos, \u00e9 importante nesses casos conservar o documento original.<\/span><\/p>\n<p><span style=\"font-weight: 400;\">O que muda \u00e9 que, daqui para frente, para todos os<\/span><a href=\"https:\/\/www.oitchau.com.br\/blog\/contrato-de-trabalho-guia-para-os-principais-tipos\/\"> <span style=\"font-weight: 400;\">contratos de trabalho<\/span><\/a><span style=\"font-weight: 400;\"> (novos ou j\u00e1 existentes), todas as anota\u00e7\u00f5es (f\u00e9rias, sal\u00e1rio, etc) ser\u00e3o feitas apenas eletronicamente e o profissional poder\u00e1 acompanh\u00e1-las de qualquer lugar pelo aplicativo ou pela internet.<\/span><\/p>\n<h2><b>Como ver minha carteira de trabalho pela internet?<\/b><\/h2>\n<p><span style=\"font-weight: 400;\">Para acessar sua Carteira de Trabalho Digital pela internet, \u00e9 simples e voc\u00ea pode seguir estes passos:<\/span><\/p>\n<ol>\n<li style=\"font-weight: 400;\" aria-level=\"1\"><span style=\"font-weight: 400;\">Acesse o site oficial do governo brasileiro: https:\/\/www.gov.br\/pt-br.<\/span><\/li>\n<li style=\"font-weight: 400;\" aria-level=\"1\"><span style=\"font-weight: 400;\">No menu principal, clique em &#8220;Trabalho&#8221; ou procure por &#8220;Carteira de Trabalho Digital&#8221;. Geralmente, voc\u00ea vai encontrar essa op\u00e7\u00e3o em se\u00e7\u00f5es relacionadas a emprego, trabalho ou servi\u00e7os p\u00fablicos.<\/span><\/li>\n<li style=\"font-weight: 400;\" aria-level=\"1\"><span style=\"font-weight: 400;\">Na p\u00e1gina da Carteira de Trabalho Digital, voc\u00ea provavelmente deve encontrar um bot\u00e3o ou link para acesso ao servi\u00e7o. Dependendo do site, pode ser necess\u00e1rio fazer login com sua conta gov.br ou utilizar o acesso atrav\u00e9s do seu CPF.<\/span><\/li>\n<li style=\"font-weight: 400;\" aria-level=\"1\"><span style=\"font-weight: 400;\">Ap\u00f3s fazer login, voc\u00ea deve ter acesso \u00e0 sua Carteira de Trabalho Digital, onde poder\u00e1 visualizar seus registros de emprego, sal\u00e1rios, benef\u00edcios e demais informa\u00e7\u00f5es relacionadas \u00e0 sua vida profissional.<\/span><\/li>\n<\/ol>\n<p><span style=\"font-weight: 400;\">Por\u00e9m, se tiver algum problema ou d\u00favida durante o processo, verifique se h\u00e1 instru\u00e7\u00f5es espec\u00edficas fornecidas no pr\u00f3prio site ou entre em contato com o suporte t\u00e9cnico dispon\u00edvel para auxiliar os usu\u00e1rios.<\/span><\/p>\n<h2><b>Como consultar a Carteira de Trabalho Digital?<\/b><\/h2>\n<p><span style=\"font-weight: 400;\">Para consultar a sua Carteira de Trabalho Digital, voc\u00ea pode seguir alguns passos, como:<\/span><\/p>\n<ol>\n<li style=\"font-weight: 400;\" aria-level=\"1\"><span style=\"font-weight: 400;\">Acesse o site ou aplicativo &#8220;Carteira de Trabalho Digital&#8221;, disponibilizado pelo governo brasileiro.<\/span><\/li>\n<li style=\"font-weight: 400;\" aria-level=\"1\"><span style=\"font-weight: 400;\">Fa\u00e7a login no sistema. Geralmente, \u00e9 poss\u00edvel fazer login utilizando o seu CPF e uma senha previamente cadastrada.<\/span><\/li>\n<li style=\"font-weight: 400;\" aria-level=\"1\"><span style=\"font-weight: 400;\">Ap\u00f3s o login, voc\u00ea tem acesso \u00e0 sua Carteira de Trabalho Digital.<\/span><\/li>\n<\/ol>\n<p><span style=\"font-weight: 400;\">Atrav\u00e9s da Carteira de Trabalho Digital voc\u00ea vai poder visualizar todos os seus registros de emprego, incluindo informa\u00e7\u00f5es sobre v\u00ednculos empregat\u00edcios, sal\u00e1rios, per\u00edodos de trabalho, f\u00e9rias, entre outros detalhes importantes relacionados \u00e0 sua vida profissional.<\/span><\/p>\n<ol>\n<li style=\"font-weight: 400;\" aria-level=\"1\"><span style=\"font-weight: 400;\">Al\u00e9m disso, dependendo da plataforma, voc\u00ea tamb\u00e9m pode realizar outras a\u00e7\u00f5es, como incluir anota\u00e7\u00f5es pessoais, solicitar a habilita\u00e7\u00e3o para o seguro-desemprego, entre outros servi\u00e7os relacionados.<\/span><\/li>\n<\/ol>\n<p><span style=\"font-weight: 400;\">Al\u00e9m disso, se voc\u00ea estiver usando o aplicativo da Carteira de Trabalho Digital em um dispositivo m\u00f3vel, o processo geralmente \u00e9 bastante intuitivo, com op\u00e7\u00f5es de navega\u00e7\u00e3o e consulta claramente dispon\u00edveis.<\/span><\/p>\n<p><span style=\"font-weight: 400;\">Por outro lado, se estiver acessando pelo site, as instru\u00e7\u00f5es devem estar apresentadas de forma clara na p\u00e1gina inicial.<\/span><\/p>\n<h2><b>Como ver o n\u00famero da Carteira de Trabalho Digital?<\/b><\/h2>\n<p><span style=\"font-weight: 400;\">Nesse momento, para visualizar o n\u00famero da sua Carteira de Trabalho Digital, voc\u00ea pode seguir algumas etapas simples, como:<\/span><\/p>\n<ol>\n<li style=\"font-weight: 400;\" aria-level=\"1\"><span style=\"font-weight: 400;\">Acesse o site ou aplicativo oficial da Carteira de Trabalho Digital, disponibilizado pelo governo brasileiro.<\/span><\/li>\n<li style=\"font-weight: 400;\" aria-level=\"1\"><span style=\"font-weight: 400;\">Fa\u00e7a login no sistema utilizando as suas credenciais de acesso. Isso geralmente envolve inserir o seu CPF e uma senha previamente cadastrada.<\/span><\/li>\n<li style=\"font-weight: 400;\" aria-level=\"1\"><span style=\"font-weight: 400;\">Ap\u00f3s o login, navegue at\u00e9 a se\u00e7\u00e3o ou aba onde s\u00e3o exibidos os detalhes da sua Carteira de Trabalho Digital.<\/span><\/li>\n<\/ol>\n<p><span style=\"font-weight: 400;\">Geralmente, o n\u00famero da sua carteira estar\u00e1 claramente vis\u00edvel nesta se\u00e7\u00e3o, junto com outras informa\u00e7\u00f5es pessoais e registros de emprego.<\/span><\/p>\n<ol>\n<li style=\"font-weight: 400;\" aria-level=\"1\"><span style=\"font-weight: 400;\">Se necess\u00e1rio, role a p\u00e1gina ou navegue pelo aplicativo para encontrar o campo que exibe o n\u00famero da sua Carteira de Trabalho Digital. Ele pode estar localizado em diferentes partes da tela, dependendo do layout espec\u00edfico do site ou aplicativo.<\/span><\/li>\n<li style=\"font-weight: 400;\" aria-level=\"1\"><span style=\"font-weight: 400;\">Uma vez encontrado, anote ou memorize o n\u00famero da sua Carteira de Trabalho Digital para futuras consultas ou refer\u00eancias.<\/span><\/li>\n<\/ol>\n<p><span style=\"font-weight: 400;\">Se voc\u00ea estiver enfrentando dificuldades para encontrar o n\u00famero da sua Carteira de Trabalho Digital, verifique se h\u00e1 op\u00e7\u00f5es de suporte ou ajuda dispon\u00edveis no pr\u00f3prio site ou aplicativo.<\/span><\/p>\n<h2><b>Qual \u00e9 o aplicativo que baixa a Carteira de Trabalho Digital?<\/b><\/h2>\n<p><span style=\"font-weight: 400;\">De forma geral, o aplicativo oficial para baixar a Carteira de Trabalho Digital \u00e9 o &#8220;Carteira de Trabalho Digital&#8221;, desenvolvido pelo Governo Federal do Brasil.<\/span><\/p>\n<p><span style=\"font-weight: 400;\">Este aplicativo est\u00e1 dispon\u00edvel gratuitamente para download em dispositivos m\u00f3veis nas lojas de aplicativos, como a App Store para dispositivos iOS (iPhone) e o Google Play Store para dispositivos Android.<\/span><\/p>\n<p><span style=\"font-weight: 400;\">Nesse contexto, para encontrar e baixar o aplicativo, siga estas etapas simples:<\/span><\/p>\n<ol>\n<li style=\"font-weight: 400;\" aria-level=\"1\"><span style=\"font-weight: 400;\">Abra a loja de aplicativos no seu dispositivo m\u00f3vel. No caso de dispositivos iOS, abra a App Store, enquanto para dispositivos Android, abra o Google Play Store.<\/span><\/li>\n<li style=\"font-weight: 400;\" aria-level=\"1\"><span style=\"font-weight: 400;\">Na barra de pesquisa, digite &#8220;Carteira de Trabalho Digital&#8221; e pressione &#8220;Buscar&#8221; (ou o \u00edcone de pesquisa).<\/span><\/li>\n<li style=\"font-weight: 400;\" aria-level=\"1\"><span style=\"font-weight: 400;\">O aplicativo oficial dever\u00e1 aparecer nos resultados da pesquisa. Certifique-se de selecionar o aplicativo correto, desenvolvido pelo Minist\u00e9rio da Economia.<\/span><\/li>\n<li style=\"font-weight: 400;\" aria-level=\"1\"><span style=\"font-weight: 400;\">Clique no bot\u00e3o de download ou instala\u00e7\u00e3o para baixar e instalar o aplicativo no seu dispositivo.<\/span><\/li>\n<li style=\"font-weight: 400;\" aria-level=\"1\"><span style=\"font-weight: 400;\">Ap\u00f3s a instala\u00e7\u00e3o ser conclu\u00edda, voc\u00ea poder\u00e1 abrir o aplicativo e seguir as instru\u00e7\u00f5es para fazer login (utilizando seu CPF e uma senha previamente cadastrada) e acessar sua Carteira de Trabalho Digital.<\/span><\/li>\n<\/ol>\n<p><span style=\"font-weight: 400;\">\u00c9 importante lembrar de sempre se certificar de baixar o aplicativo oficial para garantir a seguran\u00e7a dos seus dados e a integridade das informa\u00e7\u00f5es da sua Carteira de Trabalho Digital.<\/span><\/p>\n<h2><b>Qual o papel do empregador com o novo formato da CTPS?<\/b><\/h2>\n<p><span style=\"font-weight: 400;\">Na pr\u00e1tica, no ato da contrata\u00e7\u00e3o, os profissionais n\u00e3o precisam mais apresentar a antiga carteira, informar o seu CPF \u00e0 empresa j\u00e1 \u00e9 o suficiente.<\/span><\/p>\n<p><span style=\"font-weight: 400;\">Esta \u00e9 a \u00fanica informa\u00e7\u00e3o que o empregador precisa para registrar o seu novo empregado.<\/span><\/p>\n<p><span style=\"font-weight: 400;\">\u00c9 v\u00e1lido lembrar, como j\u00e1 mencionamos acima, que a empresa tem o prazo de cinco dias para registrar a nova admiss\u00e3o na carteira de trabalho digital.\u00a0<\/span><\/p>\n<p><span style=\"font-weight: 400;\">Outro ponto importante, n\u00e3o confunda este prazo com o per\u00edodo estipulado para o envio da admiss\u00e3o ao<\/span><a href=\"https:\/\/www.oitchau.com.br\/blog\/as-mudancas-do-esocial-para-a-empresa\/\"> <span style=\"font-weight: 400;\">eSocial<\/span><\/a><span style=\"font-weight: 400;\">. Mas vamos entender isto melhor.<\/span><\/p>\n<p><span style=\"font-weight: 400;\">Se a empresa j\u00e1 aderiu ao eSocial, basta registrar o trabalhador no seu sistema de folha de pagamento at\u00e9 um dia antes do in\u00edcio do trabalho do empregado.<\/span><\/p>\n<p><span style=\"font-weight: 400;\">Os dados do trabalhador alimentam a base do eSocial que replica as informa\u00e7\u00f5es ao ambiente da CTPS digital do trabalhador.<\/span><\/p>\n<p><span style=\"font-weight: 400;\">Se o empregador optar por enviar apenas a admiss\u00e3o preliminar, n\u00e3o esque\u00e7a que o prazo \u00e9 de 5 dias para enviar as informa\u00e7\u00f5es de sal\u00e1rio, data de admiss\u00e3o, que no caso j\u00e1 \u00e9 enviada na pr\u00e9-admiss\u00e3o e tamb\u00e9m as condi\u00e7\u00f5es especiais de trabalho se houver.<\/span><\/p>\n<h2><b>Quais s\u00e3o os cuidados que a carteira de trabalho digital requer?\u00a0\u00a0<\/b><\/h2>\n<p><span style=\"font-weight: 400;\">Em primeiro lugar, \u00e9 necess\u00e1rio esclarecer que a CTPS digital corresponde a um sistema seguro. E a seguran\u00e7a \u00e9 refor\u00e7ada pela integra\u00e7\u00e3o na base de dados do Minist\u00e9rio da Economia de informa\u00e7\u00f5es presentes no Caged, no PIS e eSocial.<\/span><\/p>\n<p><span style=\"font-weight: 400;\">Isso, ent\u00e3o, dificulta a\u00e7\u00f5es fraudulentas e falsifica\u00e7\u00e3o de informa\u00e7\u00f5es. Contudo, a seguran\u00e7a do sistema n\u00e3o dispensa cuidados no uso dele e da CTPS digital.<\/span><\/p>\n<p><span style=\"font-weight: 400;\">Em primeiro lugar, os colaboradores devem se certificar de ter uma senha forte e que n\u00e3o repita sequ\u00eancias \u00f3bvias, como datas ou documentos.<\/span><\/p>\n<p><span style=\"font-weight: 400;\">Igualmente, deve ficar atento a eventuais contatos de terceiros fazendo-se passar por algum \u00f3rg\u00e3o p\u00fablico.<\/span><\/p>\n<p><span style=\"font-weight: 400;\">A senha do aplicativo da<\/span><a href=\"https:\/\/www.oitchau.com.br\/blog\/ctps-digital-o-que-muda-para-o-rh\/\"> <span style=\"font-weight: 400;\">CTPS digital<\/span><\/a><span style=\"font-weight: 400;\"> jamais deve ser compartilhada com terceiros, portanto. Ainda, em eventual d\u00favida, contate os \u00f3rg\u00e3os para se certificar da idoneidade das mensagens.<\/span><\/p>\n<p><span style=\"font-weight: 400;\">Ainda, a empresa precisa treinar os respons\u00e1veis pelo acesso aos dados de CTPS Digital quanto \u00e0 necessidade de sigilo de informa\u00e7\u00f5es. Igualmente, de protocolos de seguran\u00e7a, especialmente em tempos de LGPD.<\/span><\/p>\n<h2><b>Posso usar a Carteira de Trabalho Digital para fins de identifica\u00e7\u00e3o civil?\u00a0\u00a0<\/b><\/h2>\n<p><span style=\"font-weight: 400;\">N\u00e3o! Mesmo que seja uma pr\u00e1tica at\u00e9 que comum no Brasil, a vers\u00e3o digital n\u00e3o pode ser utilizada como documento de identifica\u00e7\u00e3o civil.<\/span><\/p>\n<p><span style=\"font-weight: 400;\">J\u00e1 que n\u00e3o h\u00e1 previs\u00e3o legal que preveja o uso do documento digital para fins de comprova\u00e7\u00e3o de identidade, tal qual o faz o RG, a CNH ou as carteiras profissionais.<\/span><\/p>\n<p>Para mais conte\u00fados como este, acompanhe o nosso <a href=\"https:\/\/www.oitchau.com.br\/blog\/\">blog<\/a>!<\/p>\n","protected":false},"excerpt":{"rendered":"<p>A carteira de trabalho digital foi lan\u00e7ada juntamente com a chegada da Lei da Liberdade Econ\u00f4mica. Com ela, os profissionais poder\u00e3o fazer a emiss\u00e3o da sua CTPS por meio eletr\u00f4nico, com o n\u00famero do CPF como identifica\u00e7\u00e3o \u00fanica. As carteiras f\u00edsicas continuar\u00e3o a ser impressas, por\u00e9m, de forma excepcional. Com tantas altera\u00e7\u00f5es, \u00e9 import\u00e2ncia que [&hellip;]<\/p>\n","protected":false},"author":16,"featured_media":33505,"comment_status":"closed","ping_status":"open","sticky":false,"template":"","format":"standard","meta":{"content-type":"","footnotes":""},"categories":[225],"tags":[11506,17446,258,2067],"yoast_head":"<!-- This site is optimized with the Yoast SEO Premium plugin v22.2 (Yoast SEO v22.2) - https:\/\/yoast.com\/wordpress\/plugins\/seo\/ -->\n<title>Carteira de trabalho digital: Como funciona e como usar - Oitchau<\/title>\n<meta name=\"description\" content=\"A Carteira de Trabalho Digital \u00e9 a moderniza\u00e7\u00e3o da j\u00e1 conhecida carteira impressa, confira suas fun\u00e7\u00f5es, como emiti-la e muito mais no artigo a seguir!\" \/>\n<meta name=\"robots\" content=\"index, follow, max-snippet:-1, max-image-preview:large, max-video-preview:-1\" \/>\n<link rel=\"canonical\" href=\"https:\/\/www.oitchau.com.br\/blog\/carteira-de-trabalho-digital\/\" \/>\n<meta property=\"og:locale\" content=\"pt_BR\" \/>\n<meta property=\"og:type\" content=\"article\" \/>\n<meta property=\"og:title\" content=\"Carteira de trabalho digital: como funciona?\" \/>\n<meta property=\"og:description\" content=\"A Carteira de Trabalho Digital \u00e9 a moderniza\u00e7\u00e3o da j\u00e1 conhecida carteira impressa, confira suas fun\u00e7\u00f5es, como emiti-la e muito mais no artigo a seguir!\" \/>\n<meta property=\"og:url\" content=\"https:\/\/www.oitchau.com.br\/blog\/carteira-de-trabalho-digital\/\" \/>\n<meta property=\"og:site_name\" content=\"Controle de Ponto &amp; Timesheets\" \/>\n<meta property=\"article:publisher\" content=\"https:\/\/www.facebook.com\/oitchaubr\/\" \/>\n<meta property=\"article:published_time\" content=\"2019-11-29T14:44:18+00:00\" \/>\n<meta property=\"article:modified_time\" content=\"2024-03-27T13:17:03+00:00\" \/>\n<meta property=\"og:image\" content=\"https:\/\/storage.googleapis.com\/oitchaublog\/2019\/11\/2d55af6e-carteira-de-trabalho-digital.png\" \/>\n\t<meta property=\"og:image:width\" content=\"1982\" \/>\n\t<meta property=\"og:image:height\" content=\"800\" \/>\n\t<meta property=\"og:image:type\" content=\"image\/png\" \/>\n<meta name=\"author\" content=\"Julia Neves\" \/>\n<meta name=\"twitter:card\" content=\"summary_large_image\" \/>\n<meta name=\"twitter:creator\" content=\"@oitchaubr\" \/>\n<meta name=\"twitter:site\" content=\"@oitchaubr\" \/>\n<meta name=\"twitter:label1\" content=\"Written by\" \/>\n\t<meta name=\"twitter:data1\" content=\"Julia Neves\" \/>\n\t<meta name=\"twitter:label2\" content=\"Est. reading time\" \/>\n\t<meta name=\"twitter:data2\" content=\"13 minutos\" \/>\n<script type=\"application\/ld+json\" class=\"yoast-schema-graph\">{\"@context\":\"https:\/\/schema.org\",\"@graph\":[{\"@type\":[\"Article\",\"BlogPosting\"],\"@id\":\"https:\/\/www.oitchau.com.br\/blog\/carteira-de-trabalho-digital\/#article\",\"isPartOf\":{\"@id\":\"https:\/\/www.oitchau.com.br\/blog\/carteira-de-trabalho-digital\/\"},\"author\":{\"name\":\"Julia Neves\",\"@id\":\"https:\/\/www.oitchau.com.br\/blog\/#\/schema\/person\/2d537dd5d364d6364dbe306bf11644f3\"},\"headline\":\"Carteira de trabalho digital: como funciona?\",\"datePublished\":\"2019-11-29T14:44:18+00:00\",\"dateModified\":\"2024-03-27T13:17:03+00:00\",\"mainEntityOfPage\":{\"@id\":\"https:\/\/www.oitchau.com.br\/blog\/carteira-de-trabalho-digital\/\"},\"wordCount\":2453,\"publisher\":{\"@id\":\"https:\/\/www.oitchau.com.br\/blog\/#organization\"},\"image\":{\"@id\":\"https:\/\/www.oitchau.com.br\/blog\/carteira-de-trabalho-digital\/#primaryimage\"},\"thumbnailUrl\":\"https:\/\/storage.googleapis.com\/oitchaublog\/2019\/11\/2d55af6e-carteira-de-trabalho-digital.png\",\"keywords\":[\"carteira de trabalho\",\"carteira de trabalho digital\",\"CLT\",\"leis trabalhistas\"],\"articleSection\":[\"Leis\"],\"inLanguage\":\"pt-BR\"},{\"@type\":\"WebPage\",\"@id\":\"https:\/\/www.oitchau.com.br\/blog\/carteira-de-trabalho-digital\/\",\"url\":\"https:\/\/www.oitchau.com.br\/blog\/carteira-de-trabalho-digital\/\",\"name\":\"Carteira de trabalho digital: Como funciona e como usar - Oitchau\",\"isPartOf\":{\"@id\":\"https:\/\/www.oitchau.com.br\/blog\/#website\"},\"primaryImageOfPage\":{\"@id\":\"https:\/\/www.oitchau.com.br\/blog\/carteira-de-trabalho-digital\/#primaryimage\"},\"image\":{\"@id\":\"https:\/\/www.oitchau.com.br\/blog\/carteira-de-trabalho-digital\/#primaryimage\"},\"thumbnailUrl\":\"https:\/\/storage.googleapis.com\/oitchaublog\/2019\/11\/2d55af6e-carteira-de-trabalho-digital.png\",\"datePublished\":\"2019-11-29T14:44:18+00:00\",\"dateModified\":\"2024-03-27T13:17:03+00:00\",\"description\":\"A Carteira de Trabalho Digital \u00e9 a moderniza\u00e7\u00e3o da j\u00e1 conhecida carteira impressa, confira suas fun\u00e7\u00f5es, como emiti-la e muito mais no artigo a seguir!\",\"breadcrumb\":{\"@id\":\"https:\/\/www.oitchau.com.br\/blog\/carteira-de-trabalho-digital\/#breadcrumb\"},\"inLanguage\":\"pt-BR\",\"potentialAction\":[{\"@type\":\"ReadAction\",\"target\":[\"https:\/\/www.oitchau.com.br\/blog\/carteira-de-trabalho-digital\/\"]}]},{\"@type\":\"ImageObject\",\"inLanguage\":\"pt-BR\",\"@id\":\"https:\/\/www.oitchau.com.br\/blog\/carteira-de-trabalho-digital\/#primaryimage\",\"url\":\"https:\/\/storage.googleapis.com\/oitchaublog\/2019\/11\/2d55af6e-carteira-de-trabalho-digital.png\",\"contentUrl\":\"https:\/\/storage.googleapis.com\/oitchaublog\/2019\/11\/2d55af6e-carteira-de-trabalho-digital.png\",\"width\":1982,\"height\":800,\"caption\":\"carteira de trabalho digital\"},{\"@type\":\"BreadcrumbList\",\"@id\":\"https:\/\/www.oitchau.com.br\/blog\/carteira-de-trabalho-digital\/#breadcrumb\",\"itemListElement\":[{\"@type\":\"ListItem\",\"position\":1,\"name\":\"Blog\",\"item\":\"https:\/\/www.oitchau.com.br\/blog\/\"},{\"@type\":\"ListItem\",\"position\":2,\"name\":\"Carteira de trabalho digital: como funciona?\"}]},{\"@type\":\"WebSite\",\"@id\":\"https:\/\/www.oitchau.com.br\/blog\/#website\",\"url\":\"https:\/\/www.oitchau.com.br\/blog\/\",\"name\":\"Controle de Ponto & Timesheets\",\"description\":\"\",\"publisher\":{\"@id\":\"https:\/\/www.oitchau.com.br\/blog\/#organization\"},\"potentialAction\":[{\"@type\":\"SearchAction\",\"target\":{\"@type\":\"EntryPoint\",\"urlTemplate\":\"https:\/\/www.oitchau.com.br\/blog\/?s={search_term_string}\"},\"query-input\":\"required name=search_term_string\"}],\"inLanguage\":\"pt-BR\"},{\"@type\":\"Organization\",\"@id\":\"https:\/\/www.oitchau.com.br\/blog\/#organization\",\"name\":\"Oitchau\",\"url\":\"https:\/\/www.oitchau.com.br\/blog\/\",\"logo\":{\"@type\":\"ImageObject\",\"inLanguage\":\"pt-BR\",\"@id\":\"https:\/\/www.oitchau.com.br\/blog\/#\/schema\/logo\/image\/\",\"url\":\"https:\/\/storage.googleapis.com\/oitchaublog\/2024\/03\/a0e65c6f-design-sem-nome-20.png\",\"contentUrl\":\"https:\/\/storage.googleapis.com\/oitchaublog\/2024\/03\/a0e65c6f-design-sem-nome-20.png\",\"width\":696,\"height\":696,\"caption\":\"Oitchau\"},\"image\":{\"@id\":\"https:\/\/www.oitchau.com.br\/blog\/#\/schema\/logo\/image\/\"},\"sameAs\":[\"https:\/\/www.facebook.com\/oitchaubr\/\",\"https:\/\/twitter.com\/oitchaubr\",\"https:\/\/instagram.com\/oitchaubr\"],\"description\":\"A Oitchau \u00e9 uma solu\u00e7\u00e3o completa para gest\u00e3o de tempo dos colaboradores, atrav\u00e9s de suas solu\u00e7\u00f5es de controle de ponto & timesheets, ela permite que gestores, RH e DP possam gerenciar desde a jornada de trabalho de funcion\u00e1rios at\u00e9 a gest\u00e3o de tempo em projetos. Elevando o n\u00edvel estrat\u00e9gico do neg\u00f3cio de forma inteligente e assertiva, potencializando seus resultados e garantindo compliance com a Lei.\",\"email\":\"contato@oitchau.com.br\",\"telephone\":\"+551142102846\",\"foundingDate\":\"2016-01-01\",\"numberOfEmployees\":{\"@type\":\"QuantitativeValue\",\"minValue\":\"51\",\"maxValue\":\"200\"}},{\"@type\":\"Person\",\"@id\":\"https:\/\/www.oitchau.com.br\/blog\/#\/schema\/person\/2d537dd5d364d6364dbe306bf11644f3\",\"name\":\"Julia Neves\",\"url\":\"https:\/\/www.oitchau.com.br\/blog\/author\/julia\/\"}]}<\/script>\n<!-- \/ Yoast SEO Premium plugin. -->","yoast_head_json":{"title":"Carteira de trabalho digital: Como funciona e como usar - Oitchau","description":"A Carteira de Trabalho Digital \u00e9 a moderniza\u00e7\u00e3o da j\u00e1 conhecida carteira impressa, confira suas fun\u00e7\u00f5es, como emiti-la e muito mais no artigo a seguir!","robots":{"index":"index","follow":"follow","max-snippet":"max-snippet:-1","max-image-preview":"max-image-preview:large","max-video-preview":"max-video-preview:-1"},"canonical":"https:\/\/www.oitchau.com.br\/blog\/carteira-de-trabalho-digital\/","og_locale":"pt_BR","og_type":"article","og_title":"Carteira de trabalho digital: como funciona?","og_description":"A Carteira de Trabalho Digital \u00e9 a moderniza\u00e7\u00e3o da j\u00e1 conhecida carteira impressa, confira suas fun\u00e7\u00f5es, como emiti-la e muito mais no artigo a seguir!","og_url":"https:\/\/www.oitchau.com.br\/blog\/carteira-de-trabalho-digital\/","og_site_name":"Controle de Ponto &amp; Timesheets","article_publisher":"https:\/\/www.facebook.com\/oitchaubr\/","article_published_time":"2019-11-29T14:44:18+00:00","article_modified_time":"2024-03-27T13:17:03+00:00","og_image":[{"width":1982,"height":800,"url":"https:\/\/storage.googleapis.com\/oitchaublog\/2019\/11\/2d55af6e-carteira-de-trabalho-digital.png","type":"image\/png"}],"author":"Julia Neves","twitter_card":"summary_large_image","twitter_creator":"@oitchaubr","twitter_site":"@oitchaubr","twitter_misc":{"Written by":"Julia Neves","Est. reading time":"13 minutos"},"schema":{"@context":"https:\/\/schema.org","@graph":[{"@type":["Article","BlogPosting"],"@id":"https:\/\/www.oitchau.com.br\/blog\/carteira-de-trabalho-digital\/#article","isPartOf":{"@id":"https:\/\/www.oitchau.com.br\/blog\/carteira-de-trabalho-digital\/"},"author":{"name":"Julia Neves","@id":"https:\/\/www.oitchau.com.br\/blog\/#\/schema\/person\/2d537dd5d364d6364dbe306bf11644f3"},"headline":"Carteira de trabalho digital: como funciona?","datePublished":"2019-11-29T14:44:18+00:00","dateModified":"2024-03-27T13:17:03+00:00","mainEntityOfPage":{"@id":"https:\/\/www.oitchau.com.br\/blog\/carteira-de-trabalho-digital\/"},"wordCount":2453,"publisher":{"@id":"https:\/\/www.oitchau.com.br\/blog\/#organization"},"image":{"@id":"https:\/\/www.oitchau.com.br\/blog\/carteira-de-trabalho-digital\/#primaryimage"},"thumbnailUrl":"https:\/\/storage.googleapis.com\/oitchaublog\/2019\/11\/2d55af6e-carteira-de-trabalho-digital.png","keywords":["carteira de trabalho","carteira de trabalho digital","CLT","leis trabalhistas"],"articleSection":["Leis"],"inLanguage":"pt-BR"},{"@type":"WebPage","@id":"https:\/\/www.oitchau.com.br\/blog\/carteira-de-trabalho-digital\/","url":"https:\/\/www.oitchau.com.br\/blog\/carteira-de-trabalho-digital\/","name":"Carteira de trabalho digital: Como funciona e como usar - Oitchau","isPartOf":{"@id":"https:\/\/www.oitchau.com.br\/blog\/#website"},"primaryImageOfPage":{"@id":"https:\/\/www.oitchau.com.br\/blog\/carteira-de-trabalho-digital\/#primaryimage"},"image":{"@id":"https:\/\/www.oitchau.com.br\/blog\/carteira-de-trabalho-digital\/#primaryimage"},"thumbnailUrl":"https:\/\/storage.googleapis.com\/oitchaublog\/2019\/11\/2d55af6e-carteira-de-trabalho-digital.png","datePublished":"2019-11-29T14:44:18+00:00","dateModified":"2024-03-27T13:17:03+00:00","description":"A Carteira de Trabalho Digital \u00e9 a moderniza\u00e7\u00e3o da j\u00e1 conhecida carteira impressa, confira suas fun\u00e7\u00f5es, como emiti-la e muito mais no artigo a seguir!","breadcrumb":{"@id":"https:\/\/www.oitchau.com.br\/blog\/carteira-de-trabalho-digital\/#breadcrumb"},"inLanguage":"pt-BR","potentialAction":[{"@type":"ReadAction","target":["https:\/\/www.oitchau.com.br\/blog\/carteira-de-trabalho-digital\/"]}]},{"@type":"ImageObject","inLanguage":"pt-BR","@id":"https:\/\/www.oitchau.com.br\/blog\/carteira-de-trabalho-digital\/#primaryimage","url":"https:\/\/storage.googleapis.com\/oitchaublog\/2019\/11\/2d55af6e-carteira-de-trabalho-digital.png","contentUrl":"https:\/\/storage.googleapis.com\/oitchaublog\/2019\/11\/2d55af6e-carteira-de-trabalho-digital.png","width":1982,"height":800,"caption":"carteira de trabalho digital"},{"@type":"BreadcrumbList","@id":"https:\/\/www.oitchau.com.br\/blog\/carteira-de-trabalho-digital\/#breadcrumb","itemListElement":[{"@type":"ListItem","position":1,"name":"Blog","item":"https:\/\/www.oitchau.com.br\/blog\/"},{"@type":"ListItem","position":2,"name":"Carteira de trabalho digital: como funciona?"}]},{"@type":"WebSite","@id":"https:\/\/www.oitchau.com.br\/blog\/#website","url":"https:\/\/www.oitchau.com.br\/blog\/","name":"Controle de Ponto & Timesheets","description":"","publisher":{"@id":"https:\/\/www.oitchau.com.br\/blog\/#organization"},"potentialAction":[{"@type":"SearchAction","target":{"@type":"EntryPoint","urlTemplate":"https:\/\/www.oitchau.com.br\/blog\/?s={search_term_string}"},"query-input":"required name=search_term_string"}],"inLanguage":"pt-BR"},{"@type":"Organization","@id":"https:\/\/www.oitchau.com.br\/blog\/#organization","name":"Oitchau","url":"https:\/\/www.oitchau.com.br\/blog\/","logo":{"@type":"ImageObject","inLanguage":"pt-BR","@id":"https:\/\/www.oitchau.com.br\/blog\/#\/schema\/logo\/image\/","url":"https:\/\/storage.googleapis.com\/oitchaublog\/2024\/03\/a0e65c6f-design-sem-nome-20.png","contentUrl":"https:\/\/storage.googleapis.com\/oitchaublog\/2024\/03\/a0e65c6f-design-sem-nome-20.png","width":696,"height":696,"caption":"Oitchau"},"image":{"@id":"https:\/\/www.oitchau.com.br\/blog\/#\/schema\/logo\/image\/"},"sameAs":["https:\/\/www.facebook.com\/oitchaubr\/","https:\/\/twitter.com\/oitchaubr","https:\/\/instagram.com\/oitchaubr"],"description":"A Oitchau \u00e9 uma solu\u00e7\u00e3o completa para gest\u00e3o de tempo dos colaboradores, atrav\u00e9s de suas solu\u00e7\u00f5es de controle de ponto & timesheets, ela permite que gestores, RH e DP possam gerenciar desde a jornada de trabalho de funcion\u00e1rios at\u00e9 a gest\u00e3o de tempo em projetos. Elevando o n\u00edvel estrat\u00e9gico do neg\u00f3cio de forma inteligente e assertiva, potencializando seus resultados e garantindo compliance com a Lei.","email":"contato@oitchau.com.br","telephone":"+551142102846","foundingDate":"2016-01-01","numberOfEmployees":{"@type":"QuantitativeValue","minValue":"51","maxValue":"200"}},{"@type":"Person","@id":"https:\/\/www.oitchau.com.br\/blog\/#\/schema\/person\/2d537dd5d364d6364dbe306bf11644f3","name":"Julia Neves","url":"https:\/\/www.oitchau.com.br\/blog\/author\/julia\/"}]}},"_links":{"self":[{"href":"https:\/\/www.oitchau.com.br\/blog\/wp-json\/wp\/v2\/posts\/6012"}],"collection":[{"href":"https:\/\/www.oitchau.com.br\/blog\/wp-json\/wp\/v2\/posts"}],"about":[{"href":"https:\/\/www.oitchau.com.br\/blog\/wp-json\/wp\/v2\/types\/post"}],"author":[{"embeddable":true,"href":"https:\/\/www.oitchau.com.br\/blog\/wp-json\/wp\/v2\/users\/16"}],"replies":[{"embeddable":true,"href":"https:\/\/www.oitchau.com.br\/blog\/wp-json\/wp\/v2\/comments?post=6012"}],"version-history":[{"count":4,"href":"https:\/\/www.oitchau.com.br\/blog\/wp-json\/wp\/v2\/posts\/6012\/revisions"}],"predecessor-version":[{"id":33507,"href":"https:\/\/www.oitchau.com.br\/blog\/wp-json\/wp\/v2\/posts\/6012\/revisions\/33507"}],"wp:featuredmedia":[{"embeddable":true,"href":"https:\/\/www.oitchau.com.br\/blog\/wp-json\/wp\/v2\/media\/33505"}],"wp:attachment":[{"href":"https:\/\/www.oitchau.com.br\/blog\/wp-json\/wp\/v2\/media?parent=6012"}],"wp:term":[{"taxonomy":"category","embeddable":true,"href":"https:\/\/www.oitchau.com.br\/blog\/wp-json\/wp\/v2\/categories?post=6012"},{"taxonomy":"post_tag","embeddable":true,"href":"https:\/\/www.oitchau.com.br\/blog\/wp-json\/wp\/v2\/tags?post=6012"}],"curies":[{"name":"wp","href":"https:\/\/api.w.org\/{rel}","templated":true}]}}