{"id":5263,"date":"2019-11-05T19:10:42","date_gmt":"2019-11-05T16:10:42","guid":{"rendered":"https:\/\/www.oitchau.com.br\/blog\/?p=5263"},"modified":"2024-07-19T20:56:25","modified_gmt":"2024-07-19T17:56:25","slug":"epi-e-seu-uso-indispensavel-no-cotidiano-de-trabalho","status":"publish","type":"post","link":"https:\/\/www.oitchau.com.br\/blog\/epi-e-seu-uso-indispensavel-no-cotidiano-de-trabalho\/","title":{"rendered":"A import\u00e2ncia do uso de EPI: Equipamento de Prote\u00e7\u00e3o Individual"},"content":{"rendered":"<p><span style=\"font-weight: 400;\">O EPI \u00e9 uma ferramenta extremamente importante na rotina dos profissionais que lidam com atividades que colocam em risco o seu bem-estar f\u00edsico, e, em muitos casos, suas vidas. Isso porque esse tipo de equipamento \u00e9 destinado exclusivamente para proteger a sa\u00fade e integridade f\u00edsica desses trabalhadores.<\/span><\/p>\n<p><span style=\"font-weight: 400;\">O Brasil \u00e9 o quarto no ranking de pa\u00edses que mais registram <a href=\"https:\/\/www.oitchau.com.br\/blog\/sipat-prevenindo-acidentes-no-ambiente-de-trabalho\/\">acidentes de trabalho<\/a>, de acordo com a \u00faltima pesquisa da Cipa, principal \u00f3rg\u00e3o de preven\u00e7\u00e3o de acidentes de trabalho no pa\u00eds. O mau uso e, at\u00e9 mesmo, a aus\u00eancia da utiliza\u00e7\u00e3o de capacetes foi listado como principal fator motivador dos acidentes ocupacionais.<\/span><\/p>\n<p><span data-sheets-value=\"{&quot;1&quot;:2,&quot;2&quot;:&quot;\n\t\t&lt;!--HubSpot Call-to-Action Code --&gt;\n\t\t&lt;span class=&quot;hs-cta-wrapper&quot; id=&quot;hs-cta-wrapper-185aa72c-8a6f-48f2-9ad7-b99651976528&quot;&gt;\n\t\t&lt;span class=&quot;hs-cta-node hs-cta-185aa72c-8a6f-48f2-9ad7-b99651976528&quot; id=&quot;185aa72c-8a6f-48f2-9ad7-b99651976528&quot;&gt;\n\t\t&lt;!--[if lte IE 8]&gt;\n\t\t&lt;div id=&quot;hs-cta-ie-element&quot;&gt;&lt;\/div&gt;\n\t\t&lt;![endif]--&gt;\n\t\t&lt;a href=&quot;https:\/\/cta-redirect.hubspot.com\/cta\/redirect\/20984162\/185aa72c-8a6f-48f2-9ad7-b99651976528&quot; &gt;\n\t\t&lt;img class=&quot;hs-cta-img&quot; id=&quot;hs-cta-img-185aa72c-8a6f-48f2-9ad7-b99651976528&quot; style=&quot;border-width:0px;&quot; src=&quot;https:\/\/no-cache.hubspot.com\/cta\/default\/20984162\/185aa72c-8a6f-48f2-9ad7-b99651976528.png&quot;  alt=&quot;New call-to-action&quot;\/&gt;\n\t\t&lt;\/a&gt;\n\t\t&lt;\/span&gt;\n\t\t&lt;script charset=&quot;utf-8&quot; src=&quot;\/\/js.hubspot.com\/cta\/current.js&quot;&gt;&lt;\/script&gt;\n\t\t&lt;script&gt;\n\t\thbspt.cta.load(20984162, &#039;185aa72c-8a6f-48f2-9ad7-b99651976528&#039;, {});\n\t\t&lt;\/script&gt;\n\t\t&lt;\/span&gt;\n\t\t&lt;!-- end HubSpot Call-to-Action Code --&gt;\n\t\t&quot;}\" data-sheets-userformat=\"{&quot;2&quot;:899,&quot;3&quot;:{&quot;1&quot;:0},&quot;4&quot;:{&quot;1&quot;:2,&quot;2&quot;:16777215},&quot;10&quot;:1,&quot;11&quot;:4,&quot;12&quot;:0}\">\n\t\t<!--HubSpot Call-to-Action Code -->\n\t\t<span class=\"hs-cta-wrapper\" id=\"hs-cta-wrapper-185aa72c-8a6f-48f2-9ad7-b99651976528\">\n\t\t<span class=\"hs-cta-node hs-cta-185aa72c-8a6f-48f2-9ad7-b99651976528\" id=\"185aa72c-8a6f-48f2-9ad7-b99651976528\">\n\t\t<!--[if lte IE 8]>\n\t\t<div id=\"hs-cta-ie-element\"><\/div>\n\t\t<![endif]-->\n\t\t<a href=\"https:\/\/cta-redirect.hubspot.com\/cta\/redirect\/20984162\/185aa72c-8a6f-48f2-9ad7-b99651976528\" >\n\t\t<img decoding=\"async\" class=\"hs-cta-img\" id=\"hs-cta-img-185aa72c-8a6f-48f2-9ad7-b99651976528\" style=\"border-width:0px;\" src=\"https:\/\/no-cache.hubspot.com\/cta\/default\/20984162\/185aa72c-8a6f-48f2-9ad7-b99651976528.png\"  alt=\"New call-to-action\"\/>\n\t\t<\/a>\n\t\t<\/span>\n\t\t<script charset=\"utf-8\" src=\"\/\/js.hubspot.com\/cta\/current.js\"><\/script>\n\t\t<script>\n\t\thbspt.cta.load(20984162, '185aa72c-8a6f-48f2-9ad7-b99651976528', {});\n\t\t<\/script>\n\t\t<\/span>\n\t\t<!-- end HubSpot Call-to-Action Code -->\n\t\t<\/span><\/p>\n<p><span style=\"font-weight: 400;\">Neste cen\u00e1rio preocupante, a discuss\u00e3o sobre seguran\u00e7a pessoal deve estar sempre em pauta nas empresas. Tendo isso em mente, a seguir, neste artigo, vamos abordar mais aspectos sobre o tema. Acompanhe!<\/span><\/p>\n<h2><b>O que \u00e9 EPI?<\/b><\/h2>\n<p><span style=\"font-weight: 400;\">O Equipamento de Prote\u00e7\u00e3o Individual (EPI) representa todo dispositivo ou acess\u00f3rio de uso individual que protege um profissional contra poss\u00edveis riscos, principalmente aqueles capazes de amea\u00e7ar a sua sa\u00fade e seguran\u00e7a no trabalho, evitando acidentes e doen\u00e7as ocupacionais.<\/span><\/p>\n<p><span style=\"font-weight: 400;\">Os itens s\u00e3o determinados pela Norma Regulamentadora n\u00ba 06 (NR-06), do <a href=\"http:\/\/trabalho.gov.br\/\">Minist\u00e9rio do Trabalho e Emprego (MTE)<\/a>, e devem garantir que os trabalhadores tenham um alto desempenho no servi\u00e7o, sem descartar a possibilidade de estarem seguros.<\/span><\/p>\n<p><span style=\"font-weight: 400;\">\u00c9 responsabilidade de todo empregador oferecer toda a indument\u00e1ria necess\u00e1ria aos seus colaboradores, al\u00e9m de trein\u00e1-los e orient\u00e1-los quanto ao uso correto e manuten\u00e7\u00e3o desses equipamentos. Junto a isso, o profissional precisa obrigatoriamente usar e cuidar dessas ferramentas.<\/span><\/p>\n<h2><b>O que pode ser considerado EPI?<\/b><\/h2>\n<p><span style=\"font-weight: 400;\">Para que uma organiza\u00e7\u00e3o possa conhecer todos os equipamentos de prote\u00e7\u00e3o individual que devem ser fornecidos aos seus colaboradores, antes, \u00e9 necess\u00e1rio elaborar um estudo dos riscos ocupacionais. Esse tipo de trabalho facilita a identifica\u00e7\u00e3o dos perigos dentro da planta industrial, por exemplo, e ajuda a empresa a reduzi-los ou neutraliz\u00e1-los.<\/span><\/p>\n<p><span style=\"font-weight: 400;\">Listamos exemplos de EPI. Confira abaixo:<\/span><\/p>\n<ul>\n<li><span style=\"font-weight: 400;\">Capacetes;\u00a0<\/span><\/li>\n<li><span style=\"font-weight: 400;\">\u00d3culos;<\/span><\/li>\n<li><span style=\"font-weight: 400;\">Protetor auricular;<\/span><\/li>\n<li><span style=\"font-weight: 400;\">Abafadores de ru\u00eddos;<\/span><\/li>\n<li><span style=\"font-weight: 400;\">M\u00e1scaras respirat\u00f3rias;<\/span><\/li>\n<li><span style=\"font-weight: 400;\">Luvas;<\/span><\/li>\n<li><span style=\"font-weight: 400;\">Cal\u00e7ados;<\/span><\/li>\n<li><span style=\"font-weight: 400;\">Cintur\u00e3o;<\/span><\/li>\n<li><span style=\"font-weight: 400;\">Protetor Solar;<\/span><\/li>\n<li><span style=\"font-weight: 400;\">Dentre muitos outros.<\/span><\/li>\n<\/ul>\n<p><span style=\"font-weight: 400;\">\u00c9 v\u00e1lido ressaltar que os equipamentos de prote\u00e7\u00e3o devem ser entregues aos profissionais de forma gratuita, em perfeitas condi\u00e7\u00f5es de uso e, principalmente, com a Certifica\u00e7\u00e3o de Aprova\u00e7\u00e3o (CA), que no Brasil \u00e9 de cunho obrigat\u00f3rio para todo tipo de item destinado para este fim existente no mercado.<\/span><\/p>\n<h2><b>Quais profissionais devem usar esse tipo de equipamento?<\/b><\/h2>\n<p><span style=\"font-weight: 400;\">Primeiramente, para se certificar que as regras de seguran\u00e7a do trabalho sejam cumpridas, como j\u00e1 mencionamos mais acima, toda organiza\u00e7\u00e3o deve realizar um estudo dos poss\u00edveis riscos em seu ambiente interno ou para a realiza\u00e7\u00e3o das respectivas fun\u00e7\u00f5es que a empresa oferece. A partir desse passo, \u00e9 emitido um relat\u00f3rio sobre quais ferramentas s\u00e3o necess\u00e1rias para proteger os trabalhadores das \u00e1reas.<\/span><\/p>\n<p><span style=\"font-weight: 400;\">Um ponto relevante a ser citado \u00e9 que nem todos os colaboradores necessitam de EPI, pois nem todos os cargos oferecem riscos. Esses equipamentos se fazem obrigat\u00f3rios apenas para todas as atividades que oferecem riscos diretos de acidentes.<\/span><\/p>\n<p><span style=\"font-weight: 400;\">No entanto, mesmo que o equipamento individual n\u00e3o seja necess\u00e1rio em determinadas \u00e1reas, pode acontecer da empresa ter que disponibilizar os EPCs (Equipamentos de Prote\u00e7\u00e3o Coletiva) que s\u00e3o utilizados para a prote\u00e7\u00e3o coletiva do ambiente.<\/span><\/p>\n<h2><b>Como saber se o EPI \u00e9 adequado ao risco que o profissional corre?<\/b><\/h2>\n<p><span style=\"font-weight: 400;\">A escolha das ferramentas de prote\u00e7\u00e3o adequadas com certeza n\u00e3o ser\u00e1 uma tarefa f\u00e1cil. Por isso, ela deve ser feita pela empresa mediante a orienta\u00e7\u00e3o de um profissional tecnicamente habilitado.<\/span><\/p>\n<p><span style=\"font-weight: 400;\">Ou seja, nesse processo de escolha, \u00e9 aconselh\u00e1vel que o empregador solicite a orienta\u00e7\u00e3o da Comiss\u00e3o Interna de Preven\u00e7\u00e3o de Acidentes (CIPA), ou ainda, na falta desta, o profissional que tenha conhecimento da NR-05 e os trabalhadores que utilizar\u00e3o os equipamentos individuais.\u00a0<\/span><\/p>\n<p><span style=\"font-weight: 400;\">A participa\u00e7\u00e3o dos colaboradores nesse processo \u00e9 fundamental, pois quando essas etapas n\u00e3o s\u00e3o obedecidas, \u00e9 comum surgirem reclama\u00e7\u00f5es dos mesmos quanto \u00e0 inefic\u00e1cia e desconforto dos itens em quest\u00e3o.<\/span><\/p>\n<h2><b>Atente-se ao registro da entrega dos equipamentos de prote\u00e7\u00e3o<\/b><\/h2>\n<p><span style=\"font-weight: 400;\">Todo empregador, seguindo ainda o que determina a NR-06, deve fazer a entrega de um EPI adequado ao risco, em perfeito estado de conserva\u00e7\u00e3o e funcionando sempre que:<\/span><\/p>\n<p style=\"text-align: left; padding-left: 40px;\"><em><span style=\"font-weight: 400;\">\u201cAs medidas de ordem geral n\u00e3o ofere\u00e7am completa prote\u00e7\u00e3o contra os riscos de acidentes do trabalho ou de doen\u00e7as profissionais e do trabalho;<br \/>\n<\/span><span style=\"font-weight: 400;\"><br \/>\n<\/span><\/em><em><span style=\"font-weight: 400;\">Enquanto as medidas de prote\u00e7\u00e3o coletiva estiverem sendo implantadas;<\/span><\/em><\/p>\n<p style=\"text-align: left; padding-left: 40px;\"><em><span style=\"font-weight: 400;\">E, para atender as situa\u00e7\u00f5es de emerg\u00eancia.\u201d<\/span><\/em><\/p>\n<p><span style=\"font-weight: 400;\">No entanto, precisamos frisar que, essa distribui\u00e7\u00e3o de equipamentos deve ser devidamente registrada. Tudo isso \u00e9 para a empresa ter um controle sobre quais colaboradores est\u00e3o protegidos, al\u00e9m de servir como prova, ao gerar os efeitos legais, caso vir a ocorrer reclama\u00e7\u00f5es trabalhistas.<\/span><\/p>\n<h2><b>\u00c9 importante respeitar o prazo de substitui\u00e7\u00e3o do EPI<\/b><\/h2>\n<p><span style=\"font-weight: 400;\">A troca do equipamento de prote\u00e7\u00e3o individual precisa ocorrer com uma certa periodicidade, do contr\u00e1rio ele pode deixar de apresentar a efic\u00e1cia necess\u00e1ria para a prote\u00e7\u00e3o da sa\u00fade e integridade f\u00edsica dos profissionais.<\/span><\/p>\n<p><span style=\"font-weight: 400;\">Quem define esse prazo para substitui\u00e7\u00e3o tamb\u00e9m \u00e9 a comiss\u00e3o interna de preven\u00e7\u00e3o de acidentes da empresa. Portanto, o EPI dever\u00e1 ser substitu\u00eddo sempre que este prazo for vencido.\u00a0<\/span><\/p>\n<p><span style=\"font-weight: 400;\">Al\u00e9m disso, a substitui\u00e7\u00e3o tamb\u00e9m dever\u00e1 ser realizada quando algum item for extraviado ou danificado, pois o trabalhador n\u00e3o pode ficar sem a prote\u00e7\u00e3o do mesmo. Neste caso, \u00e9 importante destacar que a responsabilidade pelo dano ou extravio for do colaborador, o empregador poder\u00e1 cobrar desse profissional o custo pela sua reposi\u00e7\u00e3o. Quando isso acontece, no modelo de ficha para registrar a entrega desses equipamentos, o qual sugerimos mais acima,\u00a0 existe um campo que se assinalado autorizar\u00e1 esse desconto.<\/span><\/p>\n<h2><b>Outras considera\u00e7\u00f5es importantes<\/b><\/h2>\n<p><b>Outras considera\u00e7\u00f5es importantes<\/b><\/p>\n<p><span style=\"font-weight: 400;\">Como podemos ver, os equipamentos de prote\u00e7\u00e3o individual s\u00e3o itens extremamente importantes em nosso dia a dia. \u00c9 fundamental que todo o colaborador saiba como utilizar, conservar e comunicar aos seus superiores caso haja necessidade de substitui\u00e7\u00e3o do item.<\/span><\/p>\n<p><span style=\"font-weight: 400;\">Por isso, os treinamentos anuais para capacitar os trabalhadores e lembr\u00e1-los sobre a import\u00e2ncia do assunto se fazem necess\u00e1rios. Esses treinamentos devem ser ministrados por profissionais tecnicamente habilitados.<\/span><\/p>\n<p><span data-sheets-value=\"{&quot;1&quot;:2,&quot;2&quot;:&quot;\n\t\t&lt;!--HubSpot Call-to-Action Code --&gt;\n\t\t&lt;span class=&quot;hs-cta-wrapper&quot; id=&quot;hs-cta-wrapper-959cb07d-ca53-460c-a412-b4c81d2c1122&quot;&gt;\n\t\t&lt;span class=&quot;hs-cta-node hs-cta-959cb07d-ca53-460c-a412-b4c81d2c1122&quot; id=&quot;959cb07d-ca53-460c-a412-b4c81d2c1122&quot;&gt;\n\t\t&lt;!--[if lte IE 8]&gt;\n\t\t&lt;div id=&quot;hs-cta-ie-element&quot;&gt;&lt;\/div&gt;\n\t\t&lt;![endif]--&gt;\n\t\t&lt;a href=&quot;https:\/\/cta-redirect.hubspot.com\/cta\/redirect\/20984162\/959cb07d-ca53-460c-a412-b4c81d2c1122&quot; &gt;\n\t\t&lt;img class=&quot;hs-cta-img&quot; id=&quot;hs-cta-img-959cb07d-ca53-460c-a412-b4c81d2c1122&quot; style=&quot;border-width:0px;&quot; src=&quot;https:\/\/no-cache.hubspot.com\/cta\/default\/20984162\/959cb07d-ca53-460c-a412-b4c81d2c1122.png&quot;  alt=&quot;New call-to-action&quot;\/&gt;\n\t\t&lt;\/a&gt;\n\t\t&lt;\/span&gt;\n\t\t&lt;script charset=&quot;utf-8&quot; src=&quot;\/\/js.hubspot.com\/cta\/current.js&quot;&gt;&lt;\/script&gt;\n\t\t&lt;script&gt;\n\t\thbspt.cta.load(20984162, &#039;959cb07d-ca53-460c-a412-b4c81d2c1122&#039;, {});\n\t\t&lt;\/script&gt;\n\t\t&lt;\/span&gt;\n\t\t&lt;!-- end HubSpot Call-to-Action Code --&gt;\n\t\t&quot;}\" data-sheets-userformat=\"{&quot;2&quot;:899,&quot;3&quot;:{&quot;1&quot;:0},&quot;4&quot;:{&quot;1&quot;:2,&quot;2&quot;:16777215},&quot;10&quot;:1,&quot;11&quot;:4,&quot;12&quot;:0}\">\n\t\t<!--HubSpot Call-to-Action Code -->\n\t\t<span class=\"hs-cta-wrapper\" id=\"hs-cta-wrapper-959cb07d-ca53-460c-a412-b4c81d2c1122\">\n\t\t<span class=\"hs-cta-node hs-cta-959cb07d-ca53-460c-a412-b4c81d2c1122\" id=\"959cb07d-ca53-460c-a412-b4c81d2c1122\">\n\t\t<!--[if lte IE 8]>\n\t\t<div id=\"hs-cta-ie-element\"><\/div>\n\t\t<![endif]-->\n\t\t<a href=\"https:\/\/cta-redirect.hubspot.com\/cta\/redirect\/20984162\/959cb07d-ca53-460c-a412-b4c81d2c1122\" >\n\t\t<img decoding=\"async\" class=\"hs-cta-img\" id=\"hs-cta-img-959cb07d-ca53-460c-a412-b4c81d2c1122\" style=\"border-width:0px;\" src=\"https:\/\/no-cache.hubspot.com\/cta\/default\/20984162\/959cb07d-ca53-460c-a412-b4c81d2c1122.png\"  alt=\"New call-to-action\"\/>\n\t\t<\/a>\n\t\t<\/span>\n\t\t<script charset=\"utf-8\" src=\"\/\/js.hubspot.com\/cta\/current.js\"><\/script>\n\t\t<script>\n\t\thbspt.cta.load(20984162, '959cb07d-ca53-460c-a412-b4c81d2c1122', {});\n\t\t<\/script>\n\t\t<\/span>\n\t\t<!-- end HubSpot Call-to-Action Code -->\n\t\t<\/span><\/p>\n<p><span style=\"font-weight: 400;\">Para registro, o empregador deve elaborar uma ata de presen\u00e7a com o conte\u00fado program\u00e1tico, identifica\u00e7\u00e3o e qualifica\u00e7\u00e3o do instrutor e emitir um certificado individual ao final do treinamento com sua assinatura, a do funcion\u00e1rio e a do instrutor.<\/span><\/p>\n<p><span style=\"font-weight: 400;\">Invista na seguran\u00e7a de seus colaboradores e da sua empresa. Prevenir acidentes \u00e9 uma atitude econ\u00f4mica, inteligente e muito produtiva. Criar um <a href=\"https:\/\/www.oitchau.com.br\/blog\/melhore-a-energia-do-trabalho-com-feng-shui-e-cultura-organizacional\/\">ambiente de trabalho<\/a> seguro depende de todos.<\/span><\/p>\n","protected":false},"excerpt":{"rendered":"<p>O EPI \u00e9 uma ferramenta extremamente importante na rotina dos profissionais que lidam com atividades que colocam em risco o seu bem-estar f\u00edsico, e, em muitos casos, suas vidas. Isso porque esse tipo de equipamento \u00e9 destinado exclusivamente para proteger a sa\u00fade e integridade f\u00edsica desses trabalhadores. O Brasil \u00e9 o quarto no ranking de [&hellip;]<\/p>\n","protected":false},"author":16,"featured_media":34491,"comment_status":"closed","ping_status":"open","sticky":false,"template":"","format":"standard","meta":{"content-type":"","footnotes":""},"categories":[224,225],"tags":[],"yoast_head":"<!-- This site is optimized with the Yoast SEO Premium plugin v22.2 (Yoast SEO v22.2) - https:\/\/yoast.com\/wordpress\/plugins\/seo\/ -->\n<title>A import\u00e2ncia do uso de EPI: Equipamento de Prote\u00e7\u00e3o Individual | Oitchau<\/title>\n<meta name=\"description\" content=\"O EPI serve para proteger a sa\u00fade e integridade f\u00edsica dos colaboradores que exercem atividades que os colocam risco. Leia mais sobre o assunto.\" \/>\n<meta name=\"robots\" content=\"index, follow, max-snippet:-1, max-image-preview:large, max-video-preview:-1\" \/>\n<link rel=\"canonical\" href=\"https:\/\/www.oitchau.com.br\/blog\/epi-e-seu-uso-indispensavel-no-cotidiano-de-trabalho\/\" \/>\n<meta property=\"og:locale\" content=\"pt_BR\" \/>\n<meta property=\"og:type\" content=\"article\" \/>\n<meta property=\"og:title\" content=\"A import\u00e2ncia do uso de EPI: Equipamento de Prote\u00e7\u00e3o Individual\" \/>\n<meta property=\"og:description\" content=\"O EPI serve para proteger a sa\u00fade e integridade f\u00edsica dos colaboradores que exercem atividades que os colocam risco. Leia mais sobre o assunto.\" \/>\n<meta property=\"og:url\" content=\"https:\/\/www.oitchau.com.br\/blog\/epi-e-seu-uso-indispensavel-no-cotidiano-de-trabalho\/\" \/>\n<meta property=\"og:site_name\" content=\"Controle de Ponto &amp; Timesheets\" \/>\n<meta property=\"article:publisher\" content=\"https:\/\/www.facebook.com\/oitchaubr\/\" \/>\n<meta property=\"article:published_time\" content=\"2019-11-05T16:10:42+00:00\" \/>\n<meta property=\"article:modified_time\" content=\"2024-07-19T17:56:25+00:00\" \/>\n<meta property=\"og:image\" content=\"https:\/\/storage.googleapis.com\/oitchaublog\/2019\/11\/4e83e67f-epi.png\" \/>\n\t<meta property=\"og:image:width\" content=\"1982\" \/>\n\t<meta property=\"og:image:height\" content=\"800\" \/>\n\t<meta property=\"og:image:type\" content=\"image\/png\" \/>\n<meta name=\"author\" content=\"Julia Neves\" \/>\n<meta name=\"twitter:card\" content=\"summary_large_image\" \/>\n<meta name=\"twitter:creator\" content=\"@oitchaubr\" \/>\n<meta name=\"twitter:site\" content=\"@oitchaubr\" \/>\n<meta name=\"twitter:label1\" content=\"Written by\" \/>\n\t<meta name=\"twitter:data1\" content=\"Julia Neves\" \/>\n\t<meta name=\"twitter:label2\" content=\"Est. reading time\" \/>\n\t<meta name=\"twitter:data2\" content=\"7 minutos\" \/>\n<script type=\"application\/ld+json\" class=\"yoast-schema-graph\">{\"@context\":\"https:\/\/schema.org\",\"@graph\":[{\"@type\":[\"Article\",\"BlogPosting\"],\"@id\":\"https:\/\/www.oitchau.com.br\/blog\/epi-e-seu-uso-indispensavel-no-cotidiano-de-trabalho\/#article\",\"isPartOf\":{\"@id\":\"https:\/\/www.oitchau.com.br\/blog\/epi-e-seu-uso-indispensavel-no-cotidiano-de-trabalho\/\"},\"author\":{\"name\":\"Julia Neves\",\"@id\":\"https:\/\/www.oitchau.com.br\/blog\/#\/schema\/person\/2d537dd5d364d6364dbe306bf11644f3\"},\"headline\":\"A import\u00e2ncia do uso de EPI: Equipamento de Prote\u00e7\u00e3o Individual\",\"datePublished\":\"2019-11-05T16:10:42+00:00\",\"dateModified\":\"2024-07-19T17:56:25+00:00\",\"mainEntityOfPage\":{\"@id\":\"https:\/\/www.oitchau.com.br\/blog\/epi-e-seu-uso-indispensavel-no-cotidiano-de-trabalho\/\"},\"wordCount\":1179,\"publisher\":{\"@id\":\"https:\/\/www.oitchau.com.br\/blog\/#organization\"},\"image\":{\"@id\":\"https:\/\/www.oitchau.com.br\/blog\/epi-e-seu-uso-indispensavel-no-cotidiano-de-trabalho\/#primaryimage\"},\"thumbnailUrl\":\"https:\/\/storage.googleapis.com\/oitchaublog\/2019\/11\/4e83e67f-epi.png\",\"articleSection\":[\"Gest\u00e3o de Pessoas\",\"Leis\"],\"inLanguage\":\"pt-BR\"},{\"@type\":\"WebPage\",\"@id\":\"https:\/\/www.oitchau.com.br\/blog\/epi-e-seu-uso-indispensavel-no-cotidiano-de-trabalho\/\",\"url\":\"https:\/\/www.oitchau.com.br\/blog\/epi-e-seu-uso-indispensavel-no-cotidiano-de-trabalho\/\",\"name\":\"A import\u00e2ncia do uso de EPI: Equipamento de Prote\u00e7\u00e3o Individual | Oitchau\",\"isPartOf\":{\"@id\":\"https:\/\/www.oitchau.com.br\/blog\/#website\"},\"primaryImageOfPage\":{\"@id\":\"https:\/\/www.oitchau.com.br\/blog\/epi-e-seu-uso-indispensavel-no-cotidiano-de-trabalho\/#primaryimage\"},\"image\":{\"@id\":\"https:\/\/www.oitchau.com.br\/blog\/epi-e-seu-uso-indispensavel-no-cotidiano-de-trabalho\/#primaryimage\"},\"thumbnailUrl\":\"https:\/\/storage.googleapis.com\/oitchaublog\/2019\/11\/4e83e67f-epi.png\",\"datePublished\":\"2019-11-05T16:10:42+00:00\",\"dateModified\":\"2024-07-19T17:56:25+00:00\",\"description\":\"O EPI serve para proteger a sa\u00fade e integridade f\u00edsica dos colaboradores que exercem atividades que os colocam risco. Leia mais sobre o assunto.\",\"breadcrumb\":{\"@id\":\"https:\/\/www.oitchau.com.br\/blog\/epi-e-seu-uso-indispensavel-no-cotidiano-de-trabalho\/#breadcrumb\"},\"inLanguage\":\"pt-BR\",\"potentialAction\":[{\"@type\":\"ReadAction\",\"target\":[\"https:\/\/www.oitchau.com.br\/blog\/epi-e-seu-uso-indispensavel-no-cotidiano-de-trabalho\/\"]}]},{\"@type\":\"ImageObject\",\"inLanguage\":\"pt-BR\",\"@id\":\"https:\/\/www.oitchau.com.br\/blog\/epi-e-seu-uso-indispensavel-no-cotidiano-de-trabalho\/#primaryimage\",\"url\":\"https:\/\/storage.googleapis.com\/oitchaublog\/2019\/11\/4e83e67f-epi.png\",\"contentUrl\":\"https:\/\/storage.googleapis.com\/oitchaublog\/2019\/11\/4e83e67f-epi.png\",\"width\":1982,\"height\":800,\"caption\":\"EPI\"},{\"@type\":\"BreadcrumbList\",\"@id\":\"https:\/\/www.oitchau.com.br\/blog\/epi-e-seu-uso-indispensavel-no-cotidiano-de-trabalho\/#breadcrumb\",\"itemListElement\":[{\"@type\":\"ListItem\",\"position\":1,\"name\":\"Blog\",\"item\":\"https:\/\/www.oitchau.com.br\/blog\/\"},{\"@type\":\"ListItem\",\"position\":2,\"name\":\"A import\u00e2ncia do uso de EPI: Equipamento de Prote\u00e7\u00e3o Individual\"}]},{\"@type\":\"WebSite\",\"@id\":\"https:\/\/www.oitchau.com.br\/blog\/#website\",\"url\":\"https:\/\/www.oitchau.com.br\/blog\/\",\"name\":\"Controle de Ponto & Timesheets\",\"description\":\"\",\"publisher\":{\"@id\":\"https:\/\/www.oitchau.com.br\/blog\/#organization\"},\"potentialAction\":[{\"@type\":\"SearchAction\",\"target\":{\"@type\":\"EntryPoint\",\"urlTemplate\":\"https:\/\/www.oitchau.com.br\/blog\/?s={search_term_string}\"},\"query-input\":\"required name=search_term_string\"}],\"inLanguage\":\"pt-BR\"},{\"@type\":\"Organization\",\"@id\":\"https:\/\/www.oitchau.com.br\/blog\/#organization\",\"name\":\"Oitchau\",\"url\":\"https:\/\/www.oitchau.com.br\/blog\/\",\"logo\":{\"@type\":\"ImageObject\",\"inLanguage\":\"pt-BR\",\"@id\":\"https:\/\/www.oitchau.com.br\/blog\/#\/schema\/logo\/image\/\",\"url\":\"https:\/\/storage.googleapis.com\/oitchaublog\/2024\/03\/a0e65c6f-design-sem-nome-20.png\",\"contentUrl\":\"https:\/\/storage.googleapis.com\/oitchaublog\/2024\/03\/a0e65c6f-design-sem-nome-20.png\",\"width\":696,\"height\":696,\"caption\":\"Oitchau\"},\"image\":{\"@id\":\"https:\/\/www.oitchau.com.br\/blog\/#\/schema\/logo\/image\/\"},\"sameAs\":[\"https:\/\/www.facebook.com\/oitchaubr\/\",\"https:\/\/twitter.com\/oitchaubr\",\"https:\/\/instagram.com\/oitchaubr\"],\"description\":\"A Oitchau \u00e9 uma solu\u00e7\u00e3o completa para gest\u00e3o de tempo dos colaboradores, atrav\u00e9s de suas solu\u00e7\u00f5es de controle de ponto & timesheets, ela permite que gestores, RH e DP possam gerenciar desde a jornada de trabalho de funcion\u00e1rios at\u00e9 a gest\u00e3o de tempo em projetos. Elevando o n\u00edvel estrat\u00e9gico do neg\u00f3cio de forma inteligente e assertiva, potencializando seus resultados e garantindo compliance com a Lei.\",\"email\":\"contato@oitchau.com.br\",\"telephone\":\"+551142102846\",\"foundingDate\":\"2016-01-01\",\"numberOfEmployees\":{\"@type\":\"QuantitativeValue\",\"minValue\":\"51\",\"maxValue\":\"200\"}},{\"@type\":\"Person\",\"@id\":\"https:\/\/www.oitchau.com.br\/blog\/#\/schema\/person\/2d537dd5d364d6364dbe306bf11644f3\",\"name\":\"Julia Neves\",\"url\":\"https:\/\/www.oitchau.com.br\/blog\/author\/julia\/\"}]}<\/script>\n<!-- \/ Yoast SEO Premium plugin. -->","yoast_head_json":{"title":"A import\u00e2ncia do uso de EPI: Equipamento de Prote\u00e7\u00e3o Individual | Oitchau","description":"O EPI serve para proteger a sa\u00fade e integridade f\u00edsica dos colaboradores que exercem atividades que os colocam risco. Leia mais sobre o assunto.","robots":{"index":"index","follow":"follow","max-snippet":"max-snippet:-1","max-image-preview":"max-image-preview:large","max-video-preview":"max-video-preview:-1"},"canonical":"https:\/\/www.oitchau.com.br\/blog\/epi-e-seu-uso-indispensavel-no-cotidiano-de-trabalho\/","og_locale":"pt_BR","og_type":"article","og_title":"A import\u00e2ncia do uso de EPI: Equipamento de Prote\u00e7\u00e3o Individual","og_description":"O EPI serve para proteger a sa\u00fade e integridade f\u00edsica dos colaboradores que exercem atividades que os colocam risco. Leia mais sobre o assunto.","og_url":"https:\/\/www.oitchau.com.br\/blog\/epi-e-seu-uso-indispensavel-no-cotidiano-de-trabalho\/","og_site_name":"Controle de Ponto &amp; Timesheets","article_publisher":"https:\/\/www.facebook.com\/oitchaubr\/","article_published_time":"2019-11-05T16:10:42+00:00","article_modified_time":"2024-07-19T17:56:25+00:00","og_image":[{"width":1982,"height":800,"url":"https:\/\/storage.googleapis.com\/oitchaublog\/2019\/11\/4e83e67f-epi.png","type":"image\/png"}],"author":"Julia Neves","twitter_card":"summary_large_image","twitter_creator":"@oitchaubr","twitter_site":"@oitchaubr","twitter_misc":{"Written by":"Julia Neves","Est. reading time":"7 minutos"},"schema":{"@context":"https:\/\/schema.org","@graph":[{"@type":["Article","BlogPosting"],"@id":"https:\/\/www.oitchau.com.br\/blog\/epi-e-seu-uso-indispensavel-no-cotidiano-de-trabalho\/#article","isPartOf":{"@id":"https:\/\/www.oitchau.com.br\/blog\/epi-e-seu-uso-indispensavel-no-cotidiano-de-trabalho\/"},"author":{"name":"Julia Neves","@id":"https:\/\/www.oitchau.com.br\/blog\/#\/schema\/person\/2d537dd5d364d6364dbe306bf11644f3"},"headline":"A import\u00e2ncia do uso de EPI: Equipamento de Prote\u00e7\u00e3o Individual","datePublished":"2019-11-05T16:10:42+00:00","dateModified":"2024-07-19T17:56:25+00:00","mainEntityOfPage":{"@id":"https:\/\/www.oitchau.com.br\/blog\/epi-e-seu-uso-indispensavel-no-cotidiano-de-trabalho\/"},"wordCount":1179,"publisher":{"@id":"https:\/\/www.oitchau.com.br\/blog\/#organization"},"image":{"@id":"https:\/\/www.oitchau.com.br\/blog\/epi-e-seu-uso-indispensavel-no-cotidiano-de-trabalho\/#primaryimage"},"thumbnailUrl":"https:\/\/storage.googleapis.com\/oitchaublog\/2019\/11\/4e83e67f-epi.png","articleSection":["Gest\u00e3o de Pessoas","Leis"],"inLanguage":"pt-BR"},{"@type":"WebPage","@id":"https:\/\/www.oitchau.com.br\/blog\/epi-e-seu-uso-indispensavel-no-cotidiano-de-trabalho\/","url":"https:\/\/www.oitchau.com.br\/blog\/epi-e-seu-uso-indispensavel-no-cotidiano-de-trabalho\/","name":"A import\u00e2ncia do uso de EPI: Equipamento de Prote\u00e7\u00e3o Individual | Oitchau","isPartOf":{"@id":"https:\/\/www.oitchau.com.br\/blog\/#website"},"primaryImageOfPage":{"@id":"https:\/\/www.oitchau.com.br\/blog\/epi-e-seu-uso-indispensavel-no-cotidiano-de-trabalho\/#primaryimage"},"image":{"@id":"https:\/\/www.oitchau.com.br\/blog\/epi-e-seu-uso-indispensavel-no-cotidiano-de-trabalho\/#primaryimage"},"thumbnailUrl":"https:\/\/storage.googleapis.com\/oitchaublog\/2019\/11\/4e83e67f-epi.png","datePublished":"2019-11-05T16:10:42+00:00","dateModified":"2024-07-19T17:56:25+00:00","description":"O EPI serve para proteger a sa\u00fade e integridade f\u00edsica dos colaboradores que exercem atividades que os colocam risco. Leia mais sobre o assunto.","breadcrumb":{"@id":"https:\/\/www.oitchau.com.br\/blog\/epi-e-seu-uso-indispensavel-no-cotidiano-de-trabalho\/#breadcrumb"},"inLanguage":"pt-BR","potentialAction":[{"@type":"ReadAction","target":["https:\/\/www.oitchau.com.br\/blog\/epi-e-seu-uso-indispensavel-no-cotidiano-de-trabalho\/"]}]},{"@type":"ImageObject","inLanguage":"pt-BR","@id":"https:\/\/www.oitchau.com.br\/blog\/epi-e-seu-uso-indispensavel-no-cotidiano-de-trabalho\/#primaryimage","url":"https:\/\/storage.googleapis.com\/oitchaublog\/2019\/11\/4e83e67f-epi.png","contentUrl":"https:\/\/storage.googleapis.com\/oitchaublog\/2019\/11\/4e83e67f-epi.png","width":1982,"height":800,"caption":"EPI"},{"@type":"BreadcrumbList","@id":"https:\/\/www.oitchau.com.br\/blog\/epi-e-seu-uso-indispensavel-no-cotidiano-de-trabalho\/#breadcrumb","itemListElement":[{"@type":"ListItem","position":1,"name":"Blog","item":"https:\/\/www.oitchau.com.br\/blog\/"},{"@type":"ListItem","position":2,"name":"A import\u00e2ncia do uso de EPI: Equipamento de Prote\u00e7\u00e3o Individual"}]},{"@type":"WebSite","@id":"https:\/\/www.oitchau.com.br\/blog\/#website","url":"https:\/\/www.oitchau.com.br\/blog\/","name":"Controle de Ponto & Timesheets","description":"","publisher":{"@id":"https:\/\/www.oitchau.com.br\/blog\/#organization"},"potentialAction":[{"@type":"SearchAction","target":{"@type":"EntryPoint","urlTemplate":"https:\/\/www.oitchau.com.br\/blog\/?s={search_term_string}"},"query-input":"required name=search_term_string"}],"inLanguage":"pt-BR"},{"@type":"Organization","@id":"https:\/\/www.oitchau.com.br\/blog\/#organization","name":"Oitchau","url":"https:\/\/www.oitchau.com.br\/blog\/","logo":{"@type":"ImageObject","inLanguage":"pt-BR","@id":"https:\/\/www.oitchau.com.br\/blog\/#\/schema\/logo\/image\/","url":"https:\/\/storage.googleapis.com\/oitchaublog\/2024\/03\/a0e65c6f-design-sem-nome-20.png","contentUrl":"https:\/\/storage.googleapis.com\/oitchaublog\/2024\/03\/a0e65c6f-design-sem-nome-20.png","width":696,"height":696,"caption":"Oitchau"},"image":{"@id":"https:\/\/www.oitchau.com.br\/blog\/#\/schema\/logo\/image\/"},"sameAs":["https:\/\/www.facebook.com\/oitchaubr\/","https:\/\/twitter.com\/oitchaubr","https:\/\/instagram.com\/oitchaubr"],"description":"A Oitchau \u00e9 uma solu\u00e7\u00e3o completa para gest\u00e3o de tempo dos colaboradores, atrav\u00e9s de suas solu\u00e7\u00f5es de controle de ponto & timesheets, ela permite que gestores, RH e DP possam gerenciar desde a jornada de trabalho de funcion\u00e1rios at\u00e9 a gest\u00e3o de tempo em projetos. Elevando o n\u00edvel estrat\u00e9gico do neg\u00f3cio de forma inteligente e assertiva, potencializando seus resultados e garantindo compliance com a Lei.","email":"contato@oitchau.com.br","telephone":"+551142102846","foundingDate":"2016-01-01","numberOfEmployees":{"@type":"QuantitativeValue","minValue":"51","maxValue":"200"}},{"@type":"Person","@id":"https:\/\/www.oitchau.com.br\/blog\/#\/schema\/person\/2d537dd5d364d6364dbe306bf11644f3","name":"Julia Neves","url":"https:\/\/www.oitchau.com.br\/blog\/author\/julia\/"}]}},"_links":{"self":[{"href":"https:\/\/www.oitchau.com.br\/blog\/wp-json\/wp\/v2\/posts\/5263"}],"collection":[{"href":"https:\/\/www.oitchau.com.br\/blog\/wp-json\/wp\/v2\/posts"}],"about":[{"href":"https:\/\/www.oitchau.com.br\/blog\/wp-json\/wp\/v2\/types\/post"}],"author":[{"embeddable":true,"href":"https:\/\/www.oitchau.com.br\/blog\/wp-json\/wp\/v2\/users\/16"}],"replies":[{"embeddable":true,"href":"https:\/\/www.oitchau.com.br\/blog\/wp-json\/wp\/v2\/comments?post=5263"}],"version-history":[{"count":1,"href":"https:\/\/www.oitchau.com.br\/blog\/wp-json\/wp\/v2\/posts\/5263\/revisions"}],"predecessor-version":[{"id":34492,"href":"https:\/\/www.oitchau.com.br\/blog\/wp-json\/wp\/v2\/posts\/5263\/revisions\/34492"}],"wp:featuredmedia":[{"embeddable":true,"href":"https:\/\/www.oitchau.com.br\/blog\/wp-json\/wp\/v2\/media\/34491"}],"wp:attachment":[{"href":"https:\/\/www.oitchau.com.br\/blog\/wp-json\/wp\/v2\/media?parent=5263"}],"wp:term":[{"taxonomy":"category","embeddable":true,"href":"https:\/\/www.oitchau.com.br\/blog\/wp-json\/wp\/v2\/categories?post=5263"},{"taxonomy":"post_tag","embeddable":true,"href":"https:\/\/www.oitchau.com.br\/blog\/wp-json\/wp\/v2\/tags?post=5263"}],"curies":[{"name":"wp","href":"https:\/\/api.w.org\/{rel}","templated":true}]}}