{"id":4620,"date":"2019-10-10T16:19:47","date_gmt":"2019-10-10T13:19:47","guid":{"rendered":"https:\/\/www.oitchau.com.br\/blog\/?p=4620"},"modified":"2024-07-19T17:09:10","modified_gmt":"2024-07-19T14:09:10","slug":"outubro-rosa-inspira-cuidado-com-a-saude-nas-corporacoes","status":"publish","type":"post","link":"https:\/\/www.oitchau.com.br\/blog\/outubro-rosa-inspira-cuidado-com-a-saude-nas-corporacoes\/","title":{"rendered":"Outubro Rosa inspira cuidado com a sa\u00fade nas corpora\u00e7\u00f5es"},"content":{"rendered":"<p><span style=\"font-weight: 400;\">\u00a0A campanha do <a href=\"https:\/\/www.inca.gov.br\/campanhas\/outubro-rosa\/2019\/outubro-rosa-2019\">Outubro Rosa<\/a> acontece todos os anos: ela foi desenvolvida em um esfor\u00e7o global para aumentar a conscientiza\u00e7\u00e3o e disseminar informa\u00e7\u00f5es sobre o c\u00e2ncer de mama nas mulheres.\u00a0<\/span><\/p>\n<p><span style=\"font-weight: 400;\">Durante todo o m\u00eas de outubro, mundialmente, as pessoas promovem diversas iniciativas que educam homens e mulheres para se atentarem aos exames de preven\u00e7\u00e3o e detec\u00e7\u00e3o precoce do c\u00e2ncer, bem como quais s\u00e3o seus sinais e sintomas. Essa como\u00e7\u00e3o internacional pela causa teve in\u00edcio na d\u00e9cada de 1990, por meio da Funda\u00e7\u00e3o Susan G. Komen for the Cure.<\/span><\/p>\n<p><span data-sheets-value=\"{&quot;1&quot;:2,&quot;2&quot;:&quot;\n\t\t&lt;!--HubSpot Call-to-Action Code --&gt;\n\t\t&lt;span class=&quot;hs-cta-wrapper&quot; id=&quot;hs-cta-wrapper-185aa72c-8a6f-48f2-9ad7-b99651976528&quot;&gt;\n\t\t&lt;span class=&quot;hs-cta-node hs-cta-185aa72c-8a6f-48f2-9ad7-b99651976528&quot; id=&quot;185aa72c-8a6f-48f2-9ad7-b99651976528&quot;&gt;\n\t\t&lt;!--[if lte IE 8]&gt;\n\t\t&lt;div id=&quot;hs-cta-ie-element&quot;&gt;&lt;\/div&gt;\n\t\t&lt;![endif]--&gt;\n\t\t&lt;a href=&quot;https:\/\/cta-redirect.hubspot.com\/cta\/redirect\/20984162\/185aa72c-8a6f-48f2-9ad7-b99651976528&quot; &gt;\n\t\t&lt;img class=&quot;hs-cta-img&quot; id=&quot;hs-cta-img-185aa72c-8a6f-48f2-9ad7-b99651976528&quot; style=&quot;border-width:0px;&quot; src=&quot;https:\/\/no-cache.hubspot.com\/cta\/default\/20984162\/185aa72c-8a6f-48f2-9ad7-b99651976528.png&quot;  alt=&quot;New call-to-action&quot;\/&gt;\n\t\t&lt;\/a&gt;\n\t\t&lt;\/span&gt;\n\t\t&lt;script charset=&quot;utf-8&quot; src=&quot;\/\/js.hubspot.com\/cta\/current.js&quot;&gt;&lt;\/script&gt;\n\t\t&lt;script&gt;\n\t\thbspt.cta.load(20984162, &#039;185aa72c-8a6f-48f2-9ad7-b99651976528&#039;, {});\n\t\t&lt;\/script&gt;\n\t\t&lt;\/span&gt;\n\t\t&lt;!-- end HubSpot Call-to-Action Code --&gt;\n\t\t&quot;}\" data-sheets-userformat=\"{&quot;2&quot;:899,&quot;3&quot;:{&quot;1&quot;:0},&quot;4&quot;:{&quot;1&quot;:2,&quot;2&quot;:16777215},&quot;10&quot;:1,&quot;11&quot;:4,&quot;12&quot;:0}\">\n\t\t<!--HubSpot Call-to-Action Code -->\n\t\t<span class=\"hs-cta-wrapper\" id=\"hs-cta-wrapper-185aa72c-8a6f-48f2-9ad7-b99651976528\">\n\t\t<span class=\"hs-cta-node hs-cta-185aa72c-8a6f-48f2-9ad7-b99651976528\" id=\"185aa72c-8a6f-48f2-9ad7-b99651976528\">\n\t\t<!--[if lte IE 8]>\n\t\t<div id=\"hs-cta-ie-element\"><\/div>\n\t\t<![endif]-->\n\t\t<a href=\"https:\/\/cta-redirect.hubspot.com\/cta\/redirect\/20984162\/185aa72c-8a6f-48f2-9ad7-b99651976528\" >\n\t\t<img decoding=\"async\" class=\"hs-cta-img\" id=\"hs-cta-img-185aa72c-8a6f-48f2-9ad7-b99651976528\" style=\"border-width:0px;\" src=\"https:\/\/no-cache.hubspot.com\/cta\/default\/20984162\/185aa72c-8a6f-48f2-9ad7-b99651976528.png\"  alt=\"New call-to-action\"\/>\n\t\t<\/a>\n\t\t<\/span>\n\t\t<script charset=\"utf-8\" src=\"\/\/js.hubspot.com\/cta\/current.js\"><\/script>\n\t\t<script>\n\t\thbspt.cta.load(20984162, '185aa72c-8a6f-48f2-9ad7-b99651976528', {});\n\t\t<\/script>\n\t\t<\/span>\n\t\t<!-- end HubSpot Call-to-Action Code -->\n\t\t<\/span><\/p>\n<p><span style=\"font-weight: 400;\">Aqui no Brasil, o movimento come\u00e7ou a ganhar propor\u00e7\u00f5es nacionais a partir do ano de 2010, quando o Minist\u00e9rio da Sa\u00fade passou a promover debates, eventos t\u00e9cnicos e apresenta\u00e7\u00f5es sobre o tema, al\u00e9m de produzir materiais e muitos outros recursos educativos.<\/span><\/p>\n<p><span style=\"font-weight: 400;\">A seguir, vamos abordar mais aspectos sobre o tema e a import\u00e2ncia de abord\u00e1-lo na sua empresa. Acompanhe!<\/span><\/p>\n<h2><b>Outubro Rosa: mais dados sobre o c\u00e2ncer de mama<\/b><\/h2>\n<p><span style=\"font-weight: 400;\">Todos os anos, o c\u00e2ncer de mama mata mais de 500.000 mulheres em todo o mundo \u2014\u00a0 esse tipo de c\u00e2ncer \u00e9 o terceiro mais diagnosticado entre o g\u00eanero. Em locais com pouco acesso a informa\u00e7\u00e3o, a maioria das mulheres com c\u00e2ncer de mama \u00e9 diagnosticada em um est\u00e1gio avan\u00e7ado da doen\u00e7a, resultando em baixas taxas de sobreviv\u00eancia.\u00a0<\/span><\/p>\n<p><span style=\"font-weight: 400;\">Neste contexto, torna-se fundamental a divulga\u00e7\u00e3o em massa para colocarmos o assunto em evid\u00eancia, e assim atingir o maior n\u00famero de pessoas poss\u00edvel com esses dados. \u00c9 por esse motivo, inclusive, que quando o m\u00eas de outubro se inicia, empresas, times de futebol, transportes p\u00fablicos, emissoras de TV, etc., todos passam a aderir o rosa, que foi declarada a cor oficial da campanha pela American Cancer Society.<\/span><\/p>\n<p><span style=\"font-weight: 400;\">\u00c9 fundamental ressaltarmos que, no caso do c\u00e2ncer de mama, o autoexame pode ser um aliado, mas n\u00e3o substitui a mamografia \u2014 uma radiografia das mamas, capaz de detectar altera\u00e7\u00f5es mais precoces. O exame deve ser feito a cada 2 anos por todas as mulheres entre 50 e 69 anos de idade.<\/span><\/p>\n<h2><b>Por que devo promover o Outubro Rosa na minha empresa?<\/b><\/h2>\n<p><span style=\"font-weight: 400;\">A ado\u00e7\u00e3o ativa da campanha do Outubro Rosa pode trazer vantagens n\u00e3o somente para a organiza\u00e7\u00e3o, como tamb\u00e9m para os seus colaboradores. Aqui est\u00e3o tr\u00eas motivos que v\u00e3o te inspirar a aderir \u00e0 causa:<\/span><\/p>\n<h4><b>1.Aumento da conscientiza\u00e7\u00e3o sobre o c\u00e2ncer<\/b><\/h4>\n<p><span style=\"font-weight: 400;\">Divulgar quais s\u00e3o os exames necess\u00e1rios todos os anos e onde encontrar os profissionais certos tem o efeito de conscientizar ambos os g\u00eaneros sobre o tema, criar uma rotina de observa\u00e7\u00e3o do pr\u00f3prio corpo e\u00a0 alertar sobre a gravidade da doen\u00e7a. E, embora o assunto seja constantemente discutido na m\u00eddia, \u00e9 importante refor\u00e7\u00e1-lo tamb\u00e9m no ambiente corporativo para que a sua relev\u00e2ncia seja enfatizada.<\/span><\/p>\n<h4><b>2.Pode ser positivo reunir os colaboradores em prol de uma causa<\/b><\/h4>\n<p><span style=\"font-weight: 400;\">Aproveitar as oportunidades de engajar os colaboradores pode ser uma atitude que trar\u00e1 retorno por meio da sensa\u00e7\u00e3o de pertencimento provocada nesses profissionais. \u00c9 uma \u00f3tima chance de demonstrar que a empresa os v\u00ea n\u00e3o apenas como n\u00fameros.\u00a0<\/span><\/p>\n<p><span style=\"font-weight: 400;\">Para uma empresa, estar envolvida em causas sociais relacionadas a sa\u00fade e bem-estar \u00e9 essencial na constru\u00e7\u00e3o de uma imagem positiva e, consequentemente, para um maior envolvimento dos seus colaboradores com o trabalho.<\/span><\/p>\n<h4><b>3.Promove o cuidado com a sa\u00fade<\/b><\/h4>\n<p><span style=\"font-weight: 400;\">A\u00e7\u00f5es de autocuidado e sa\u00fade ajudam n\u00e3o s\u00f3 no cotidiano dos profissionais, mas impactam tamb\u00e9m no pleno funcionamento da corpora\u00e7\u00e3o. Afinal, para que o fluxo de bons resultados continue, a empresa precisa de trabalhadores saud\u00e1veis, neste sentido, campanhas com o Outubro Rosa ajudam a incentivar o cuidado pr\u00f3prio das pessoas.<\/span><\/p>\n<h2><b>Eventos que ajudam a promover a campanha<\/b><\/h2>\n<p><span style=\"font-weight: 400;\">A organiza\u00e7\u00e3o pode organizar algumas a\u00e7\u00f5es internas para incentivar a participa\u00e7\u00e3o e engajar os colaboradores a replicarem as informa\u00e7\u00f5es. Abaixo sugerimos uma s\u00e9rie delas:<\/span><\/p>\n<ul>\n<li><span style=\"font-weight: 400;\">Convidar m\u00e9dicos e pessoas que venceram a doen\u00e7a para palestrarem na empresa;<\/span><\/li>\n<li><span style=\"font-weight: 400;\">Organizar um caf\u00e9 da manh\u00e3 e apresentar slides sobre o tema;<\/span><\/li>\n<li><span style=\"font-weight: 400;\">Incentivar os profissionais a usarem rosa durante o m\u00eas de outubro;<\/span><\/li>\n<li><span style=\"font-weight: 400;\">Promover caminhadas e corridas beneficentes;<\/span><\/li>\n<li><span style=\"font-weight: 400;\">Distribuir broches com o la\u00e7o rosa, s\u00edmbolo que representa a campanha.<\/span><\/li>\n<\/ul>\n<p><span style=\"font-weight: 400;\">Essas s\u00e3o apenas algumas ideias do que voc\u00ea pode promover na empresa. Lembre-se de que o importante \u00e9 trabalhar o tema, seja por uma iniciativa mais simples ou por meio de uma estrat\u00e9gias mais elaboradas, com mais recursos e tempo.<\/span><\/p>\n<p><b>Apoio ao empreendedorismo social<\/b><\/p>\n<p><span style=\"font-weight: 400;\">Para aquelas organiza\u00e7\u00f5es que querem ir mais a fundo nesta frente durante o Outubro Rosa, o mercado de startups oferece uma infinidade de possibilidades: existem empresas que atuam diretamente na causa, fornecendo iniciativas empreendedoras para resgatar a autoestima feminina de pacientes com c\u00e2ncer, por exemplo.<\/span><\/p>\n<p><span style=\"font-weight: 400;\">Buscamos tr\u00eas exemplos diferentes para mostrar que apoiar o empreendedorismo social pode ser uma boa sa\u00edda para fazer mais pela conscientiza\u00e7\u00e3o. Confira.<\/span><\/p>\n<h4><b>1.Vestimenta adequada<\/b><\/h4>\n<p><span style=\"font-weight: 400;\">Ao enfrentar o c\u00e2ncer de mama, a mulher pode ser submetida a uma mastectomia \u2014\u00a0 o procedimento cir\u00fargico que consiste na retirada da mama. Al\u00e9m da dor f\u00edsica e emocional, pode haver dificuldade em encontrar determinadas pe\u00e7as de vestu\u00e1rio para mulheres que se sujeitaram \u00e0 opera\u00e7\u00e3o.<\/span><\/p>\n<p><span style=\"font-weight: 400;\">Para reduzir esse desconforto gerado pelo sentimento de inadequa\u00e7\u00e3o, as marcas de roupas decidiram criar linhas especiais para esse p\u00fablico. Tem todo tipo de pe\u00e7a de roupa, tops, biqu\u00ednis e suti\u00e3s, tudo \u00e9 confeccionado para que as mulheres v\u00edtimas do c\u00e2ncer consigam manter sua autoestima em alta.<\/span><\/p>\n<h4><b>2.Hora da medica\u00e7\u00e3o<\/b><\/h4>\n<p><span style=\"font-weight: 400;\">A quimioterapia aliada a medicamentos costuma ser outra abordagem comum no tratamento do c\u00e2ncer, sendo fundamental que os rem\u00e9dios de uso cont\u00ednuo sejam administrados corretamente, caso contr\u00e1rio todo o tratamento \u00e9 comprometido.<\/span><\/p>\n<p><span style=\"font-weight: 400;\">Neste sentido, j\u00e1 existem no mercado aplicativos e plataformas que conectam as pacientes \u00e0s farm\u00e1cias, alertando via mensagem sempre que um medicamento est\u00e1 pr\u00f3ximo de acabar e precisa ser reposto, encaminhando a compra junto ao estabelecimento de sua prefer\u00eancia.\u00a0<\/span><\/p>\n<p><span style=\"font-weight: 400;\">Al\u00e9m de pacientes com c\u00e2ncer, pessoas com outras doen\u00e7as cr\u00f4nicas tamb\u00e9m podem fazer o uso da ferramenta gratuitamente.<\/span><\/p>\n<h4><b>3.Est\u00edmulo \u00e0 ousadia<\/b><\/h4>\n<p><span style=\"font-weight: 400;\">A perda do cabelo e a retirada da mama atingem de maneira profunda a autoestima das portadoras da doen\u00e7a: ambos s\u00e3o desdobramentos comuns durante o tratamento do c\u00e2ncer.\u00a0<\/span><\/p>\n<p><span style=\"font-weight: 400;\">Neste contexto, os est\u00fadios de tatuagem abrem suas portas para reduzir o impacto negativo causado por essas sequelas.\u00a0<\/span><\/p>\n<p><span data-sheets-value=\"{&quot;1&quot;:2,&quot;2&quot;:&quot;\n\t\t&lt;!--HubSpot Call-to-Action Code --&gt;\n\t\t&lt;span class=&quot;hs-cta-wrapper&quot; id=&quot;hs-cta-wrapper-2d58bf85-20cb-45a8-b326-b8b7f3d549ea&quot;&gt;\n\t\t&lt;span class=&quot;hs-cta-node hs-cta-2d58bf85-20cb-45a8-b326-b8b7f3d549ea&quot; id=&quot;2d58bf85-20cb-45a8-b326-b8b7f3d549ea&quot;&gt;\n\t\t&lt;!--[if lte IE 8]&gt;\n\t\t&lt;div id=&quot;hs-cta-ie-element&quot;&gt;&lt;\/div&gt;\n\t\t&lt;![endif]--&gt;\n\t\t&lt;a href=&quot;https:\/\/cta-redirect.hubspot.com\/cta\/redirect\/20984162\/2d58bf85-20cb-45a8-b326-b8b7f3d549ea&quot; &gt;\n\t\t&lt;img class=&quot;hs-cta-img&quot; id=&quot;hs-cta-img-2d58bf85-20cb-45a8-b326-b8b7f3d549ea&quot; style=&quot;border-width:0px;&quot; src=&quot;https:\/\/no-cache.hubspot.com\/cta\/default\/20984162\/2d58bf85-20cb-45a8-b326-b8b7f3d549ea.png&quot;  alt=&quot;New call-to-action&quot;\/&gt;\n\t\t&lt;\/a&gt;\n\t\t&lt;\/span&gt;\n\t\t&lt;script charset=&quot;utf-8&quot; src=&quot;\/\/js.hubspot.com\/cta\/current.js&quot;&gt;&lt;\/script&gt;\n\t\t&lt;script&gt;\n\t\thbspt.cta.load(20984162, &#039;2d58bf85-20cb-45a8-b326-b8b7f3d549ea&#039;, {});\n\t\t&lt;\/script&gt;\n\t\t&lt;\/span&gt;\n\t\t&lt;!-- end HubSpot Call-to-Action Code --&gt;\n\t\t&quot;}\" data-sheets-userformat=\"{&quot;2&quot;:899,&quot;3&quot;:{&quot;1&quot;:0},&quot;4&quot;:{&quot;1&quot;:2,&quot;2&quot;:16777215},&quot;10&quot;:1,&quot;11&quot;:4,&quot;12&quot;:0}\">\n\t\t<!--HubSpot Call-to-Action Code -->\n\t\t<span class=\"hs-cta-wrapper\" id=\"hs-cta-wrapper-2d58bf85-20cb-45a8-b326-b8b7f3d549ea\">\n\t\t<span class=\"hs-cta-node hs-cta-2d58bf85-20cb-45a8-b326-b8b7f3d549ea\" id=\"2d58bf85-20cb-45a8-b326-b8b7f3d549ea\">\n\t\t<!--[if lte IE 8]>\n\t\t<div id=\"hs-cta-ie-element\"><\/div>\n\t\t<![endif]-->\n\t\t<a href=\"https:\/\/cta-redirect.hubspot.com\/cta\/redirect\/20984162\/2d58bf85-20cb-45a8-b326-b8b7f3d549ea\" >\n\t\t<img decoding=\"async\" class=\"hs-cta-img\" id=\"hs-cta-img-2d58bf85-20cb-45a8-b326-b8b7f3d549ea\" style=\"border-width:0px;\" src=\"https:\/\/no-cache.hubspot.com\/cta\/default\/20984162\/2d58bf85-20cb-45a8-b326-b8b7f3d549ea.png\"  alt=\"New call-to-action\"\/>\n\t\t<\/a>\n\t\t<\/span>\n\t\t<script charset=\"utf-8\" src=\"\/\/js.hubspot.com\/cta\/current.js\"><\/script>\n\t\t<script>\n\t\thbspt.cta.load(20984162, '2d58bf85-20cb-45a8-b326-b8b7f3d549ea', {});\n\t\t<\/script>\n\t\t<\/span>\n\t\t<!-- end HubSpot Call-to-Action Code -->\n\t\t<\/span><\/p>\n<p><span style=\"font-weight: 400;\">Na pr\u00e1tica, durante todo o m\u00eas da campanha do Outubro Rosa, os tatuadores convocam as mulheres que enfrentaram o c\u00e2ncer de mama e desejam cobrir cicatrizes ou reconstruir suas aur\u00e9olas e mamilos atrav\u00e9s de t\u00e9cnicas de tatuagem. As interven\u00e7\u00f5es art\u00edsticas s\u00e3o realizadas sem custos.<\/span><\/p>\n","protected":false},"excerpt":{"rendered":"<p>\u00a0A campanha do Outubro Rosa acontece todos os anos: ela foi desenvolvida em um esfor\u00e7o global para aumentar a conscientiza\u00e7\u00e3o e disseminar informa\u00e7\u00f5es sobre o c\u00e2ncer de mama nas mulheres.\u00a0 Durante todo o m\u00eas de outubro, mundialmente, as pessoas promovem diversas iniciativas que educam homens e mulheres para se atentarem aos exames de preven\u00e7\u00e3o e [&hellip;]<\/p>\n","protected":false},"author":16,"featured_media":34439,"comment_status":"closed","ping_status":"open","sticky":false,"template":"","format":"standard","meta":{"content-type":"","footnotes":""},"categories":[3103],"tags":[],"yoast_head":"<!-- This site is optimized with the Yoast SEO Premium plugin v22.2 (Yoast SEO v22.2) - https:\/\/yoast.com\/wordpress\/plugins\/seo\/ -->\n<title>Outubro Rosa inspira cuidado com a sa\u00fade nas corpora\u00e7\u00f5es | Oitchau<\/title>\n<meta name=\"description\" content=\"O Outubro Rosa deve ressaltar a preocupa\u00e7\u00e3o das empresas em rela\u00e7\u00e3o a sa\u00fade de suas colaboradoras. Veja sobre a import\u00e2ncia de aderir \u00e0 campanha.\" \/>\n<meta name=\"robots\" content=\"index, follow, max-snippet:-1, max-image-preview:large, max-video-preview:-1\" \/>\n<link rel=\"canonical\" href=\"https:\/\/www.oitchau.com.br\/blog\/outubro-rosa-inspira-cuidado-com-a-saude-nas-corporacoes\/\" \/>\n<meta property=\"og:locale\" content=\"pt_BR\" \/>\n<meta property=\"og:type\" content=\"article\" \/>\n<meta property=\"og:title\" content=\"Outubro Rosa inspira cuidado com a sa\u00fade nas corpora\u00e7\u00f5es\" \/>\n<meta property=\"og:description\" content=\"O Outubro Rosa deve ressaltar a preocupa\u00e7\u00e3o das empresas em rela\u00e7\u00e3o a sa\u00fade de suas colaboradoras. Veja sobre a import\u00e2ncia de aderir \u00e0 campanha.\" \/>\n<meta property=\"og:url\" content=\"https:\/\/www.oitchau.com.br\/blog\/outubro-rosa-inspira-cuidado-com-a-saude-nas-corporacoes\/\" \/>\n<meta property=\"og:site_name\" content=\"Controle de Ponto &amp; Timesheets\" \/>\n<meta property=\"article:publisher\" content=\"https:\/\/www.facebook.com\/oitchaubr\/\" \/>\n<meta property=\"article:published_time\" content=\"2019-10-10T13:19:47+00:00\" \/>\n<meta property=\"article:modified_time\" content=\"2024-07-19T14:09:10+00:00\" \/>\n<meta property=\"og:image\" content=\"https:\/\/storage.googleapis.com\/oitchaublog\/2019\/10\/da6bd799-outubro-rosa.png\" \/>\n\t<meta property=\"og:image:width\" content=\"1982\" \/>\n\t<meta property=\"og:image:height\" content=\"800\" \/>\n\t<meta property=\"og:image:type\" content=\"image\/png\" \/>\n<meta name=\"author\" content=\"Julia Neves\" \/>\n<meta name=\"twitter:card\" content=\"summary_large_image\" \/>\n<meta name=\"twitter:creator\" content=\"@oitchaubr\" \/>\n<meta name=\"twitter:site\" content=\"@oitchaubr\" \/>\n<meta name=\"twitter:label1\" content=\"Written by\" \/>\n\t<meta name=\"twitter:data1\" content=\"Julia Neves\" \/>\n\t<meta name=\"twitter:label2\" content=\"Est. reading time\" \/>\n\t<meta name=\"twitter:data2\" content=\"7 minutos\" \/>\n<script type=\"application\/ld+json\" class=\"yoast-schema-graph\">{\"@context\":\"https:\/\/schema.org\",\"@graph\":[{\"@type\":[\"Article\",\"BlogPosting\"],\"@id\":\"https:\/\/www.oitchau.com.br\/blog\/outubro-rosa-inspira-cuidado-com-a-saude-nas-corporacoes\/#article\",\"isPartOf\":{\"@id\":\"https:\/\/www.oitchau.com.br\/blog\/outubro-rosa-inspira-cuidado-com-a-saude-nas-corporacoes\/\"},\"author\":{\"name\":\"Julia Neves\",\"@id\":\"https:\/\/www.oitchau.com.br\/blog\/#\/schema\/person\/2d537dd5d364d6364dbe306bf11644f3\"},\"headline\":\"Outubro Rosa inspira cuidado com a sa\u00fade nas corpora\u00e7\u00f5es\",\"datePublished\":\"2019-10-10T13:19:47+00:00\",\"dateModified\":\"2024-07-19T14:09:10+00:00\",\"mainEntityOfPage\":{\"@id\":\"https:\/\/www.oitchau.com.br\/blog\/outubro-rosa-inspira-cuidado-com-a-saude-nas-corporacoes\/\"},\"wordCount\":1206,\"publisher\":{\"@id\":\"https:\/\/www.oitchau.com.br\/blog\/#organization\"},\"image\":{\"@id\":\"https:\/\/www.oitchau.com.br\/blog\/outubro-rosa-inspira-cuidado-com-a-saude-nas-corporacoes\/#primaryimage\"},\"thumbnailUrl\":\"https:\/\/storage.googleapis.com\/oitchaublog\/2019\/10\/da6bd799-outubro-rosa.png\",\"articleSection\":[\"Inova\u00e7\u00e3o\"],\"inLanguage\":\"pt-BR\"},{\"@type\":\"WebPage\",\"@id\":\"https:\/\/www.oitchau.com.br\/blog\/outubro-rosa-inspira-cuidado-com-a-saude-nas-corporacoes\/\",\"url\":\"https:\/\/www.oitchau.com.br\/blog\/outubro-rosa-inspira-cuidado-com-a-saude-nas-corporacoes\/\",\"name\":\"Outubro Rosa inspira cuidado com a sa\u00fade nas corpora\u00e7\u00f5es | Oitchau\",\"isPartOf\":{\"@id\":\"https:\/\/www.oitchau.com.br\/blog\/#website\"},\"primaryImageOfPage\":{\"@id\":\"https:\/\/www.oitchau.com.br\/blog\/outubro-rosa-inspira-cuidado-com-a-saude-nas-corporacoes\/#primaryimage\"},\"image\":{\"@id\":\"https:\/\/www.oitchau.com.br\/blog\/outubro-rosa-inspira-cuidado-com-a-saude-nas-corporacoes\/#primaryimage\"},\"thumbnailUrl\":\"https:\/\/storage.googleapis.com\/oitchaublog\/2019\/10\/da6bd799-outubro-rosa.png\",\"datePublished\":\"2019-10-10T13:19:47+00:00\",\"dateModified\":\"2024-07-19T14:09:10+00:00\",\"description\":\"O Outubro Rosa deve ressaltar a preocupa\u00e7\u00e3o das empresas em rela\u00e7\u00e3o a sa\u00fade de suas colaboradoras. Veja sobre a import\u00e2ncia de aderir \u00e0 campanha.\",\"breadcrumb\":{\"@id\":\"https:\/\/www.oitchau.com.br\/blog\/outubro-rosa-inspira-cuidado-com-a-saude-nas-corporacoes\/#breadcrumb\"},\"inLanguage\":\"pt-BR\",\"potentialAction\":[{\"@type\":\"ReadAction\",\"target\":[\"https:\/\/www.oitchau.com.br\/blog\/outubro-rosa-inspira-cuidado-com-a-saude-nas-corporacoes\/\"]}]},{\"@type\":\"ImageObject\",\"inLanguage\":\"pt-BR\",\"@id\":\"https:\/\/www.oitchau.com.br\/blog\/outubro-rosa-inspira-cuidado-com-a-saude-nas-corporacoes\/#primaryimage\",\"url\":\"https:\/\/storage.googleapis.com\/oitchaublog\/2019\/10\/da6bd799-outubro-rosa.png\",\"contentUrl\":\"https:\/\/storage.googleapis.com\/oitchaublog\/2019\/10\/da6bd799-outubro-rosa.png\",\"width\":1982,\"height\":800,\"caption\":\"outubro rosa\"},{\"@type\":\"BreadcrumbList\",\"@id\":\"https:\/\/www.oitchau.com.br\/blog\/outubro-rosa-inspira-cuidado-com-a-saude-nas-corporacoes\/#breadcrumb\",\"itemListElement\":[{\"@type\":\"ListItem\",\"position\":1,\"name\":\"Blog\",\"item\":\"https:\/\/www.oitchau.com.br\/blog\/\"},{\"@type\":\"ListItem\",\"position\":2,\"name\":\"Outubro Rosa inspira cuidado com a sa\u00fade nas corpora\u00e7\u00f5es\"}]},{\"@type\":\"WebSite\",\"@id\":\"https:\/\/www.oitchau.com.br\/blog\/#website\",\"url\":\"https:\/\/www.oitchau.com.br\/blog\/\",\"name\":\"Controle de Ponto & Timesheets\",\"description\":\"\",\"publisher\":{\"@id\":\"https:\/\/www.oitchau.com.br\/blog\/#organization\"},\"potentialAction\":[{\"@type\":\"SearchAction\",\"target\":{\"@type\":\"EntryPoint\",\"urlTemplate\":\"https:\/\/www.oitchau.com.br\/blog\/?s={search_term_string}\"},\"query-input\":\"required name=search_term_string\"}],\"inLanguage\":\"pt-BR\"},{\"@type\":\"Organization\",\"@id\":\"https:\/\/www.oitchau.com.br\/blog\/#organization\",\"name\":\"Oitchau\",\"url\":\"https:\/\/www.oitchau.com.br\/blog\/\",\"logo\":{\"@type\":\"ImageObject\",\"inLanguage\":\"pt-BR\",\"@id\":\"https:\/\/www.oitchau.com.br\/blog\/#\/schema\/logo\/image\/\",\"url\":\"https:\/\/storage.googleapis.com\/oitchaublog\/2024\/03\/a0e65c6f-design-sem-nome-20.png\",\"contentUrl\":\"https:\/\/storage.googleapis.com\/oitchaublog\/2024\/03\/a0e65c6f-design-sem-nome-20.png\",\"width\":696,\"height\":696,\"caption\":\"Oitchau\"},\"image\":{\"@id\":\"https:\/\/www.oitchau.com.br\/blog\/#\/schema\/logo\/image\/\"},\"sameAs\":[\"https:\/\/www.facebook.com\/oitchaubr\/\",\"https:\/\/twitter.com\/oitchaubr\",\"https:\/\/instagram.com\/oitchaubr\"],\"description\":\"A Oitchau \u00e9 uma solu\u00e7\u00e3o completa para gest\u00e3o de tempo dos colaboradores, atrav\u00e9s de suas solu\u00e7\u00f5es de controle de ponto & timesheets, ela permite que gestores, RH e DP possam gerenciar desde a jornada de trabalho de funcion\u00e1rios at\u00e9 a gest\u00e3o de tempo em projetos. Elevando o n\u00edvel estrat\u00e9gico do neg\u00f3cio de forma inteligente e assertiva, potencializando seus resultados e garantindo compliance com a Lei.\",\"email\":\"contato@oitchau.com.br\",\"telephone\":\"+551142102846\",\"foundingDate\":\"2016-01-01\",\"numberOfEmployees\":{\"@type\":\"QuantitativeValue\",\"minValue\":\"51\",\"maxValue\":\"200\"}},{\"@type\":\"Person\",\"@id\":\"https:\/\/www.oitchau.com.br\/blog\/#\/schema\/person\/2d537dd5d364d6364dbe306bf11644f3\",\"name\":\"Julia Neves\",\"url\":\"https:\/\/www.oitchau.com.br\/blog\/author\/julia\/\"}]}<\/script>\n<!-- \/ Yoast SEO Premium plugin. -->","yoast_head_json":{"title":"Outubro Rosa inspira cuidado com a sa\u00fade nas corpora\u00e7\u00f5es | Oitchau","description":"O Outubro Rosa deve ressaltar a preocupa\u00e7\u00e3o das empresas em rela\u00e7\u00e3o a sa\u00fade de suas colaboradoras. Veja sobre a import\u00e2ncia de aderir \u00e0 campanha.","robots":{"index":"index","follow":"follow","max-snippet":"max-snippet:-1","max-image-preview":"max-image-preview:large","max-video-preview":"max-video-preview:-1"},"canonical":"https:\/\/www.oitchau.com.br\/blog\/outubro-rosa-inspira-cuidado-com-a-saude-nas-corporacoes\/","og_locale":"pt_BR","og_type":"article","og_title":"Outubro Rosa inspira cuidado com a sa\u00fade nas corpora\u00e7\u00f5es","og_description":"O Outubro Rosa deve ressaltar a preocupa\u00e7\u00e3o das empresas em rela\u00e7\u00e3o a sa\u00fade de suas colaboradoras. Veja sobre a import\u00e2ncia de aderir \u00e0 campanha.","og_url":"https:\/\/www.oitchau.com.br\/blog\/outubro-rosa-inspira-cuidado-com-a-saude-nas-corporacoes\/","og_site_name":"Controle de Ponto &amp; Timesheets","article_publisher":"https:\/\/www.facebook.com\/oitchaubr\/","article_published_time":"2019-10-10T13:19:47+00:00","article_modified_time":"2024-07-19T14:09:10+00:00","og_image":[{"width":1982,"height":800,"url":"https:\/\/storage.googleapis.com\/oitchaublog\/2019\/10\/da6bd799-outubro-rosa.png","type":"image\/png"}],"author":"Julia Neves","twitter_card":"summary_large_image","twitter_creator":"@oitchaubr","twitter_site":"@oitchaubr","twitter_misc":{"Written by":"Julia Neves","Est. reading time":"7 minutos"},"schema":{"@context":"https:\/\/schema.org","@graph":[{"@type":["Article","BlogPosting"],"@id":"https:\/\/www.oitchau.com.br\/blog\/outubro-rosa-inspira-cuidado-com-a-saude-nas-corporacoes\/#article","isPartOf":{"@id":"https:\/\/www.oitchau.com.br\/blog\/outubro-rosa-inspira-cuidado-com-a-saude-nas-corporacoes\/"},"author":{"name":"Julia Neves","@id":"https:\/\/www.oitchau.com.br\/blog\/#\/schema\/person\/2d537dd5d364d6364dbe306bf11644f3"},"headline":"Outubro Rosa inspira cuidado com a sa\u00fade nas corpora\u00e7\u00f5es","datePublished":"2019-10-10T13:19:47+00:00","dateModified":"2024-07-19T14:09:10+00:00","mainEntityOfPage":{"@id":"https:\/\/www.oitchau.com.br\/blog\/outubro-rosa-inspira-cuidado-com-a-saude-nas-corporacoes\/"},"wordCount":1206,"publisher":{"@id":"https:\/\/www.oitchau.com.br\/blog\/#organization"},"image":{"@id":"https:\/\/www.oitchau.com.br\/blog\/outubro-rosa-inspira-cuidado-com-a-saude-nas-corporacoes\/#primaryimage"},"thumbnailUrl":"https:\/\/storage.googleapis.com\/oitchaublog\/2019\/10\/da6bd799-outubro-rosa.png","articleSection":["Inova\u00e7\u00e3o"],"inLanguage":"pt-BR"},{"@type":"WebPage","@id":"https:\/\/www.oitchau.com.br\/blog\/outubro-rosa-inspira-cuidado-com-a-saude-nas-corporacoes\/","url":"https:\/\/www.oitchau.com.br\/blog\/outubro-rosa-inspira-cuidado-com-a-saude-nas-corporacoes\/","name":"Outubro Rosa inspira cuidado com a sa\u00fade nas corpora\u00e7\u00f5es | Oitchau","isPartOf":{"@id":"https:\/\/www.oitchau.com.br\/blog\/#website"},"primaryImageOfPage":{"@id":"https:\/\/www.oitchau.com.br\/blog\/outubro-rosa-inspira-cuidado-com-a-saude-nas-corporacoes\/#primaryimage"},"image":{"@id":"https:\/\/www.oitchau.com.br\/blog\/outubro-rosa-inspira-cuidado-com-a-saude-nas-corporacoes\/#primaryimage"},"thumbnailUrl":"https:\/\/storage.googleapis.com\/oitchaublog\/2019\/10\/da6bd799-outubro-rosa.png","datePublished":"2019-10-10T13:19:47+00:00","dateModified":"2024-07-19T14:09:10+00:00","description":"O Outubro Rosa deve ressaltar a preocupa\u00e7\u00e3o das empresas em rela\u00e7\u00e3o a sa\u00fade de suas colaboradoras. Veja sobre a import\u00e2ncia de aderir \u00e0 campanha.","breadcrumb":{"@id":"https:\/\/www.oitchau.com.br\/blog\/outubro-rosa-inspira-cuidado-com-a-saude-nas-corporacoes\/#breadcrumb"},"inLanguage":"pt-BR","potentialAction":[{"@type":"ReadAction","target":["https:\/\/www.oitchau.com.br\/blog\/outubro-rosa-inspira-cuidado-com-a-saude-nas-corporacoes\/"]}]},{"@type":"ImageObject","inLanguage":"pt-BR","@id":"https:\/\/www.oitchau.com.br\/blog\/outubro-rosa-inspira-cuidado-com-a-saude-nas-corporacoes\/#primaryimage","url":"https:\/\/storage.googleapis.com\/oitchaublog\/2019\/10\/da6bd799-outubro-rosa.png","contentUrl":"https:\/\/storage.googleapis.com\/oitchaublog\/2019\/10\/da6bd799-outubro-rosa.png","width":1982,"height":800,"caption":"outubro rosa"},{"@type":"BreadcrumbList","@id":"https:\/\/www.oitchau.com.br\/blog\/outubro-rosa-inspira-cuidado-com-a-saude-nas-corporacoes\/#breadcrumb","itemListElement":[{"@type":"ListItem","position":1,"name":"Blog","item":"https:\/\/www.oitchau.com.br\/blog\/"},{"@type":"ListItem","position":2,"name":"Outubro Rosa inspira cuidado com a sa\u00fade nas corpora\u00e7\u00f5es"}]},{"@type":"WebSite","@id":"https:\/\/www.oitchau.com.br\/blog\/#website","url":"https:\/\/www.oitchau.com.br\/blog\/","name":"Controle de Ponto & Timesheets","description":"","publisher":{"@id":"https:\/\/www.oitchau.com.br\/blog\/#organization"},"potentialAction":[{"@type":"SearchAction","target":{"@type":"EntryPoint","urlTemplate":"https:\/\/www.oitchau.com.br\/blog\/?s={search_term_string}"},"query-input":"required name=search_term_string"}],"inLanguage":"pt-BR"},{"@type":"Organization","@id":"https:\/\/www.oitchau.com.br\/blog\/#organization","name":"Oitchau","url":"https:\/\/www.oitchau.com.br\/blog\/","logo":{"@type":"ImageObject","inLanguage":"pt-BR","@id":"https:\/\/www.oitchau.com.br\/blog\/#\/schema\/logo\/image\/","url":"https:\/\/storage.googleapis.com\/oitchaublog\/2024\/03\/a0e65c6f-design-sem-nome-20.png","contentUrl":"https:\/\/storage.googleapis.com\/oitchaublog\/2024\/03\/a0e65c6f-design-sem-nome-20.png","width":696,"height":696,"caption":"Oitchau"},"image":{"@id":"https:\/\/www.oitchau.com.br\/blog\/#\/schema\/logo\/image\/"},"sameAs":["https:\/\/www.facebook.com\/oitchaubr\/","https:\/\/twitter.com\/oitchaubr","https:\/\/instagram.com\/oitchaubr"],"description":"A Oitchau \u00e9 uma solu\u00e7\u00e3o completa para gest\u00e3o de tempo dos colaboradores, atrav\u00e9s de suas solu\u00e7\u00f5es de controle de ponto & timesheets, ela permite que gestores, RH e DP possam gerenciar desde a jornada de trabalho de funcion\u00e1rios at\u00e9 a gest\u00e3o de tempo em projetos. Elevando o n\u00edvel estrat\u00e9gico do neg\u00f3cio de forma inteligente e assertiva, potencializando seus resultados e garantindo compliance com a Lei.","email":"contato@oitchau.com.br","telephone":"+551142102846","foundingDate":"2016-01-01","numberOfEmployees":{"@type":"QuantitativeValue","minValue":"51","maxValue":"200"}},{"@type":"Person","@id":"https:\/\/www.oitchau.com.br\/blog\/#\/schema\/person\/2d537dd5d364d6364dbe306bf11644f3","name":"Julia Neves","url":"https:\/\/www.oitchau.com.br\/blog\/author\/julia\/"}]}},"_links":{"self":[{"href":"https:\/\/www.oitchau.com.br\/blog\/wp-json\/wp\/v2\/posts\/4620"}],"collection":[{"href":"https:\/\/www.oitchau.com.br\/blog\/wp-json\/wp\/v2\/posts"}],"about":[{"href":"https:\/\/www.oitchau.com.br\/blog\/wp-json\/wp\/v2\/types\/post"}],"author":[{"embeddable":true,"href":"https:\/\/www.oitchau.com.br\/blog\/wp-json\/wp\/v2\/users\/16"}],"replies":[{"embeddable":true,"href":"https:\/\/www.oitchau.com.br\/blog\/wp-json\/wp\/v2\/comments?post=4620"}],"version-history":[{"count":1,"href":"https:\/\/www.oitchau.com.br\/blog\/wp-json\/wp\/v2\/posts\/4620\/revisions"}],"predecessor-version":[{"id":34440,"href":"https:\/\/www.oitchau.com.br\/blog\/wp-json\/wp\/v2\/posts\/4620\/revisions\/34440"}],"wp:featuredmedia":[{"embeddable":true,"href":"https:\/\/www.oitchau.com.br\/blog\/wp-json\/wp\/v2\/media\/34439"}],"wp:attachment":[{"href":"https:\/\/www.oitchau.com.br\/blog\/wp-json\/wp\/v2\/media?parent=4620"}],"wp:term":[{"taxonomy":"category","embeddable":true,"href":"https:\/\/www.oitchau.com.br\/blog\/wp-json\/wp\/v2\/categories?post=4620"},{"taxonomy":"post_tag","embeddable":true,"href":"https:\/\/www.oitchau.com.br\/blog\/wp-json\/wp\/v2\/tags?post=4620"}],"curies":[{"name":"wp","href":"https:\/\/api.w.org\/{rel}","templated":true}]}}