{"id":4411,"date":"2019-09-25T16:18:18","date_gmt":"2019-09-25T13:18:18","guid":{"rendered":"https:\/\/www.oitchau.com.br\/blog\/?p=4411"},"modified":"2024-07-18T22:16:09","modified_gmt":"2024-07-18T19:16:09","slug":"gdpr-como-se-aplica-ao-brasil","status":"publish","type":"post","link":"https:\/\/www.oitchau.com.br\/blog\/gdpr-como-se-aplica-ao-brasil\/","title":{"rendered":"GDPR: Como se aplica ao Brasil? Saiba mais!"},"content":{"rendered":"<p><span style=\"font-weight: 400;\">GDPR \u00e9 uma sigla para General Data Protection Regulation, ou em portugu\u00eas, Lei Geral de Prote\u00e7\u00e3o de Dados Pessoais (<a target=\"_blank\" href=\"https:\/\/www.oitchau.com.br\/blog\/lgpd\/\" rel=\"noopener\">LGPD<\/a>), que consiste em uma lei a qual visa garantir a privacidade e a seguran\u00e7a dos dados de usu\u00e1rios da web que vivem nos pa\u00edses membros da Uni\u00e3o Europeia.<\/span><\/p>\n<p><span data-sheets-value=\"{&quot;1&quot;:2,&quot;2&quot;:&quot;\n\t\t&lt;!--HubSpot Call-to-Action Code --&gt;\n\t\t&lt;span class=&quot;hs-cta-wrapper&quot; id=&quot;hs-cta-wrapper-3abae1c4-c415-4a64-85f6-a77616aa6cf3&quot;&gt;\n\t\t&lt;span class=&quot;hs-cta-node hs-cta-3abae1c4-c415-4a64-85f6-a77616aa6cf3&quot; id=&quot;3abae1c4-c415-4a64-85f6-a77616aa6cf3&quot;&gt;\n\t\t&lt;!--[if lte IE 8]&gt;\n\t\t&lt;div id=&quot;hs-cta-ie-element&quot;&gt;&lt;\/div&gt;\n\t\t&lt;![endif]--&gt;\n\t\t&lt;a href=&quot;https:\/\/cta-redirect.hubspot.com\/cta\/redirect\/20984162\/3abae1c4-c415-4a64-85f6-a77616aa6cf3&quot; &gt;\n\t\t&lt;img class=&quot;hs-cta-img&quot; id=&quot;hs-cta-img-3abae1c4-c415-4a64-85f6-a77616aa6cf3&quot; style=&quot;border-width:0px;&quot; src=&quot;https:\/\/no-cache.hubspot.com\/cta\/default\/20984162\/3abae1c4-c415-4a64-85f6-a77616aa6cf3.png&quot;  alt=&quot;New call-to-action&quot;\/&gt;\n\t\t&lt;\/a&gt;\n\t\t&lt;\/span&gt;\n\t\t&lt;script charset=&quot;utf-8&quot; src=&quot;\/\/js.hubspot.com\/cta\/current.js&quot;&gt;&lt;\/script&gt;\n\t\t&lt;script&gt;\n\t\thbspt.cta.load(20984162, &#039;3abae1c4-c415-4a64-85f6-a77616aa6cf3&#039;, {});\n\t\t&lt;\/script&gt;\n\t\t&lt;\/span&gt;\n\t\t&lt;!-- end HubSpot Call-to-Action Code --&gt;\n\t\t&quot;}\" data-sheets-userformat=\"{&quot;2&quot;:899,&quot;3&quot;:{&quot;1&quot;:0},&quot;4&quot;:{&quot;1&quot;:2,&quot;2&quot;:16777215},&quot;10&quot;:1,&quot;11&quot;:4,&quot;12&quot;:0}\">\n\t\t<!--HubSpot Call-to-Action Code -->\n\t\t<span class=\"hs-cta-wrapper\" id=\"hs-cta-wrapper-3abae1c4-c415-4a64-85f6-a77616aa6cf3\">\n\t\t<span class=\"hs-cta-node hs-cta-3abae1c4-c415-4a64-85f6-a77616aa6cf3\" id=\"3abae1c4-c415-4a64-85f6-a77616aa6cf3\">\n\t\t<!--[if lte IE 8]>\n\t\t<div id=\"hs-cta-ie-element\"><\/div>\n\t\t<![endif]-->\n\t\t<a href=\"https:\/\/cta-redirect.hubspot.com\/cta\/redirect\/20984162\/3abae1c4-c415-4a64-85f6-a77616aa6cf3\" >\n\t\t<img decoding=\"async\" class=\"hs-cta-img\" id=\"hs-cta-img-3abae1c4-c415-4a64-85f6-a77616aa6cf3\" style=\"border-width:0px;\" src=\"https:\/\/no-cache.hubspot.com\/cta\/default\/20984162\/3abae1c4-c415-4a64-85f6-a77616aa6cf3.png\"  alt=\"New call-to-action\"\/>\n\t\t<\/a>\n\t\t<\/span>\n\t\t<script charset=\"utf-8\" src=\"\/\/js.hubspot.com\/cta\/current.js\"><\/script>\n\t\t<script>\n\t\thbspt.cta.load(20984162, '3abae1c4-c415-4a64-85f6-a77616aa6cf3', {});\n\t\t<\/script>\n\t\t<\/span>\n\t\t<!-- end HubSpot Call-to-Action Code -->\n\t\t<\/span><\/p>\n<p><span style=\"font-weight: 400;\">Esse tipo de documento foi criado como resposta \u00e0 press\u00e3o da sociedade no geral por controles mais r\u00edgidos sobre a capta\u00e7\u00e3o, armazenamento e utiliza\u00e7\u00e3o das informa\u00e7\u00f5es dos usu\u00e1rios de servi\u00e7os digitais.\u00a0<\/span><\/p>\n<p><span style=\"font-weight: 400;\">Suas principais diretrizes s\u00e3o a prote\u00e7\u00e3o da privacidade desses dados repassados a empresas e o direitos das pessoas de solicitarem essas informa\u00e7\u00f5es a qualquer momento, bem como a obriga\u00e7\u00e3o das corpora\u00e7\u00f5es de eliminarem os dados, caso seja da vontade do usu\u00e1rio.<\/span><\/p>\n<p><span style=\"font-weight: 400;\">Neste artigo, vamos abordar mais aspectos sobre o assunto, para entender como ele tamb\u00e9m afeta o Brasil. Acompanhe a seguir!<\/span><\/p>\n<h2>O que prop\u00f5e o GDPR?<\/h2>\n<p><span style=\"font-weight: 400;\">Como citamos brevemente acima, al\u00e9m de refor\u00e7ar a seguran\u00e7a das informa\u00e7\u00f5es pessoais dos indiv\u00edduos, um dos pontos-chave do GDPR \u00e9 monitorar para que as organiza\u00e7\u00f5es tenham uma maior responsabilidade ao tratar dos dados sens\u00edveis dos seus clientes.<\/span><\/p>\n<p><span style=\"font-weight: 400;\">O alicerce dessas normas est\u00e1 firmado na transpar\u00eancia. Por exemplo, as corpora\u00e7\u00f5es devem relatar ao governo imediatamente sobre poss\u00edveis vazamentos de dados ao governo.<\/span><\/p>\n<p><span style=\"font-weight: 400;\">Al\u00e9m disso, outro aspecto alterado \u00e9 em rela\u00e7\u00e3o ao rastreamento das atividades dos usu\u00e1rios na internet, que passou a ser mais limitado por parte das organiza\u00e7\u00f5es. <\/span><\/p>\n<p><span style=\"font-weight: 400;\">As publicidades e an\u00fancios online n\u00e3o podem ser t\u00e3o personalizados e com base no comportamento de consumo das pessoas. <\/span><span style=\"font-weight: 400;\">Ali\u00e1s, ainda sobre esses dados, as normas tamb\u00e9m pro\u00edbem que haja uma transfer\u00eancia da Uni\u00e3o Europeia para outros pa\u00edses de fora. <\/span><\/p>\n<p><span style=\"font-weight: 400;\">Se isso for necess\u00e1rio, para que seja poss\u00edvel, deve ser averiguado antes se esses pa\u00edses atendem a uma s\u00e9rie de leis de prote\u00e7\u00e3o de dados, devendo ser consideradas minimamente satisfat\u00f3rias pelo Parlamento Europeu.<\/span><\/p>\n<h2>Como afeta a legisla\u00e7\u00e3o brasileira de prote\u00e7\u00e3o de dados?<\/h2>\n<p><span style=\"font-weight: 400;\">As obriga\u00e7\u00f5es trazidas pelo GDPR ultrapassam o territ\u00f3rio europeu: organiza\u00e7\u00f5es do mundo todo est\u00e3o sujeitas \u00e0 lei, caso fa\u00e7am a coleta de dados dos cidad\u00e3os do Velho Continente.<\/span><\/p>\n<p><span style=\"font-weight: 400;\">Quem tem presta\u00e7\u00e3o de servi\u00e7os ou mant\u00e9m rela\u00e7\u00f5es comerciais com empresas ou pessoas nos pa\u00edses do bloco europeu, precisa seguir suas regras. Bem como lida com dados pessoais de cidad\u00e3os residentes na Europa, mesmo que n\u00e3o tenha sede f\u00edsica no continente.<\/span><\/p>\n<p><span style=\"font-weight: 400;\">Por outro lado, \u00e9 v\u00e1lido lembrar que o Brasil tamb\u00e9m possui diversas normas que t\u00eam o objetivo de garantir a privacidade e seguran\u00e7a dos seus usu\u00e1rios na internet, como o Marco Civil (<a target=\"_blank\" href=\"http:\/\/www.planalto.gov.br\/CCIVIL_03\/_Ato2011-2014\/2014\/Lei\/L12965.htm\" rel=\"noopener\">Lei n\u00ba 12.965<\/a>) e a j\u00e1 sancionada Lei de Prote\u00e7\u00e3o de Dados Pessoais (<a target=\"_blank\" href=\"http:\/\/www.planalto.gov.br\/ccivil_03\/_Ato2015-2018\/2018\/Lei\/L13709.htm\" rel=\"noopener\">LGPD<\/a>), que entrar\u00e1 em vig\u00eancia a partir de 2020.\u00a0<\/span><\/p>\n<h2>Resumo da lei<\/h2>\n<p><span style=\"font-weight: 400;\">Entre as obriga\u00e7\u00f5es das empresas, de acordo com o GDPR, est\u00e3o, de forma resumida:<\/span><\/p>\n<ul>\n<li><span style=\"font-weight: 400;\"><span style=\"font-weight: 400;\">As organiza\u00e7\u00f5es devem utilizar uma linguagem transparente, concisa e acess\u00edvel para comunicar as pessoas sobre que tipo de informa\u00e7\u00e3o coletada, inclusive sempre que isso for solicitado;<\/span><\/span><\/li>\n<li><span style=\"font-weight: 400;\"><span style=\"font-weight: 400;\">Tamb\u00e9m deve ser informado, ao fazer essa coleta, para quais fins exatamente esses dados ser\u00e3o utilizados;<\/span><\/span><\/li>\n<li><span style=\"font-weight: 400;\"><span style=\"font-weight: 400;\">O consumidor precisa consentir a capta\u00e7\u00e3o e armazenamento de cada dado colhido pela empresa;<\/span><\/span><\/li>\n<li><span style=\"font-weight: 400;\"><span style=\"font-weight: 400;\">Usu\u00e1rios t\u00eam o direito de pedir a elimina\u00e7\u00e3o ou o interrompimento de processamento de suas informa\u00e7\u00f5es a qualquer momento;<\/span><\/span><\/li>\n<li><span style=\"font-weight: 400;\"><span style=\"font-weight: 400;\">Qualquer vazamento ou viola\u00e7\u00e3o dos dados devem ser informados \u00e0s autoridades europeias em at\u00e9 72 horas;<\/span><\/span><\/li>\n<li><span style=\"font-weight: 400;\">Fica a cargo das empresas, tanto no Brasil, quanto na Europa, investirem no cuidado da seguran\u00e7a digital pr\u00f3pria, para ter esse controle e n\u00e3o ser penalizado numa poss\u00edvel quebra da lei.<\/span><\/li>\n<\/ul>\n<p><span style=\"font-weight: 400;\">\u00c9 bom lembrar que, no mercado j\u00e1 existem, inclusive, diversas consultorias que se prop\u00f5em a ajudar essas empresas a se enquadrarem nos quesitos e exig\u00eancias de seguran\u00e7a.<\/span><\/p>\n<h2>Quem n\u00e3o segue as orienta\u00e7\u00f5es do GDPR pode ser punido?<\/h2>\n<p><span style=\"font-weight: 400;\">Em tempos de informa\u00e7\u00e3o acess\u00edvel em segundos e internet globalizada, n\u00e3o resta d\u00favidas de que os preju\u00edzos causados por um esc\u00e2ndalo em rela\u00e7\u00e3o ao vazamento de dados, ou sua m\u00e1 utiliza\u00e7\u00e3o, pode levar qualquer empresa a grandes crises de marketing.\u00a0<\/span><\/p>\n<p><span style=\"font-weight: 400;\">Isso acontece porque o trabalho digital \u00e9 muito forte para a maioria das organiza\u00e7\u00f5es nos dias de hoje, consequentemente, oferecer um ambiente cibern\u00e9tico que n\u00e3o seja considerado seguro pode trazer danos irrevers\u00edveis \u00e0 imagem e credibilidade de determinada marca.<\/span><\/p>\n<p><span style=\"font-weight: 400;\">Em termos punitivos para o descumprimento do GDPR,\u00a0 no caso de vazamento de informa\u00e7\u00f5es, por exemplo, se a empresa deixar de notificar o pa\u00eds europeu afetado, poder\u00e1 pagar uma ou mais multas de 10 milh\u00f5es de euros ou 2% do seu faturamento internacional \u2014 o que pode vir a ser maior.<\/span><\/p>\n<p><span style=\"font-weight: 400;\">Neste ponto \u00e9 v\u00e1lido frisar que infra\u00e7\u00f5es mais graves podem dobrar tanto o valor, quanto a porcentagem da receita.<\/span><\/p>\n<p><span style=\"font-weight: 400;\">No caso de empresas de fora da UE, que tenham filiais instaladas no continente, a responsabiliza\u00e7\u00e3o ocorrer\u00e1 pelo pr\u00f3prio Estado-membro.\u00a0<\/span><\/p>\n<p><span style=\"font-weight: 400;\">J\u00e1 as corpora\u00e7\u00f5es que apenas atendem cidad\u00e3os europeus ou conduzem neg\u00f3cios na Europa, sem presen\u00e7a f\u00edsica, dever\u00e3o apontar um representante legal em territ\u00f3rio europeu.<\/span><\/p>\n<h2><strong>Entenda quais s\u00e3o as obriga\u00e7\u00f5es do GDPR<\/strong><\/h2>\n<p>O documento publicado do GDPR \u00e9 extenso e bem detalhado, s\u00e3o dezenas de p\u00e1ginas separadas por 11 cap\u00edtulos. Vamos resumir os principais pontos para que seja poss\u00edvel entender a abrang\u00eancia.<\/p>\n<h3><strong>Direito ao esquecimento<\/strong><\/h3>\n<p>As empresas, com o direito do esquecimento, s\u00e3o obrigadas a excluir todos os registros de informa\u00e7\u00f5es pessoais que n\u00e3o sejam importantes para fins estat\u00edsticos, cient\u00edficos, de sa\u00fade p\u00fablica ou para o exerc\u00edcio da liberdade de express\u00e3o.<\/p>\n<p>Essa medida visa a prote\u00e7\u00e3o das informa\u00e7\u00f5es pessoais que circulam na Internet, para evitar que os dados sejam utilizados indevidamente.<\/p>\n<h3><strong>Prote\u00e7\u00e3o para os menores de idade<\/strong><\/h3>\n<p>Existe um cap\u00edtulo especial dedicado \u00e0 prote\u00e7\u00e3o dos menores de idade, para evitar que aconte\u00e7a uma exposi\u00e7\u00e3o indevida com os menores de idade na internet. Para que qualquer informa\u00e7\u00e3o seja utilizada, ser\u00e1 necess\u00e1rio o consentimento expresso dos pais.<\/p>\n<p>Um exemplo disso \u00e9 o consentimento dos pais para que menores de idade possam se cadastrar nas redes sociais. A medida n\u00e3o \u00e9 exclusiva apenas para redes sociais, \u00e9 apenas um exemplo da prote\u00e7\u00e3o e o cuidado com os menores de idade.<\/p>\n<h3><strong>Permiss\u00e3o dos usu\u00e1rios para a utiliza\u00e7\u00e3o dos dados<\/strong><\/h3>\n<p>Para que seja poss\u00edvel processar os dados pessoais, a empresa em quest\u00e3o necessita solicitar a permiss\u00e3o de forma clara, e que seja afirmativa de cada um dos usu\u00e1rios. S\u00f3 dessa forma, ser\u00e1 poss\u00edvel realizar o processamento das informa\u00e7\u00f5es.<\/p>\n<p>Ainda falando sobre permiss\u00e3o de utiliza\u00e7\u00e3o de informa\u00e7\u00e3o, as empresas que coletarem e processarem as informa\u00e7\u00f5es pessoais dos seus usu\u00e1rios, precisam explicar de forma clara as pol\u00edticas de privacidade, de maneira que n\u00e3o deixe d\u00favidas sobre sua utiliza\u00e7\u00e3o.<\/p>\n<h3><strong>Portabilidade de dados<\/strong><\/h3>\n<p>Os usu\u00e1rios t\u00eam o direito de solicitar a transfer\u00eancia dos seus dados pessoais, sem que exista nenhum tipo de restri\u00e7\u00e3o, de um servi\u00e7o conectado para o outro. A portabilidade de dados acontece da forma bem parecida de como acontece atualmente a portabilidade de operadora de celular.<\/p>\n<h3><strong>Vazamento de informa\u00e7\u00f5es sens\u00edveis<\/strong><\/h3>\n<p>Caso aconte\u00e7a a invas\u00e3o por hackers dos servidores de alguma empresa onde os seus dados pessoais est\u00e3o armazenados, a empresa respons\u00e1vel pelas informa\u00e7\u00f5es deve comunicar em at\u00e9 72h ap\u00f3s o conhecimento de tal fato para seus usu\u00e1rios.<\/p>\n<h3><strong>Profissional respons\u00e1vel pela coleta de informa\u00e7\u00f5es \u2013 Controlador de dados<\/strong><\/h3>\n<p>A GDPR exige que as empresas que est\u00e3o coletando e processando informa\u00e7\u00f5es pessoais de usu\u00e1rios, devem ter um profissional respons\u00e1vel pelo tratamento das informa\u00e7\u00f5es, chamado de controlador de dados.<\/p>\n<p>Esse profissional deve demonstrar que a empresa est\u00e1 seguindo o regulamento corretamente, em conformidade com a legisla\u00e7\u00e3o.<\/p>\n<h2><strong>Como criar procedimentos para o tratamento de dados que respeitem as regras da GDPR?<\/strong><\/h2>\n<p>As empresas precisam se adaptar com as novas regras, sendo importante estabelecer procedimentos para que garanta a execu\u00e7\u00e3o das normas no processamento das informa\u00e7\u00f5es. Veja algumas dicas.<\/p>\n<h3><strong>Fa\u00e7a um mapeamento dos cen\u00e1rios<\/strong><\/h3>\n<p>Primeiramente, deve ser identificado quais s\u00e3o os dados que devem ser protegidos, e quais s\u00e3o os processos que precisam ser executados para a coleta e para o processamento.<\/p>\n<h3><strong>Estabele\u00e7a n\u00edveis de acesso <\/strong><\/h3>\n<p>Deve ser estabelecido dentro da governan\u00e7a de informa\u00e7\u00f5es, quem possui acesso aos dados dos clientes, sendo eles classificados por tipo de informa\u00e7\u00e3o. Quanto mais sens\u00edvel a informa\u00e7\u00e3o, menos acessos devem ser concedidos.<\/p>\n<h3><strong>Cria\u00e7\u00e3o de processos de preven\u00e7\u00e3o e detec\u00e7\u00e3o de falhas\/fraudes<\/strong><\/h3>\n<p>Todos os acessos devem ser controlados, para saber se a utiliza\u00e7\u00e3o est\u00e1 sendo realizada corretamente. E os dados confidenciais devem ter acesso restrito, para minimizar os riscos de acessos indevidos e vazamentos de informa\u00e7\u00f5es.<\/p>\n<h2>Outras considera\u00e7\u00f5es<\/h2>\n<p><span style=\"font-weight: 400;\">A aten\u00e7\u00e3o aos dados e \u00e0 privacidade dos usu\u00e1rios da web \u00e9 um tema extremamente atual e cada vez mais importante no que se refere a prote\u00e7\u00e3o, seguran\u00e7a e a constru\u00e7\u00e3o de um relacionamento de confian\u00e7a entre consumidores e empresas.<\/span><\/p>\n<p><span style=\"font-weight: 400;\">Neste sentido, mesmo fora da jurisdi\u00e7\u00e3o do GDPR, essa preocupa\u00e7\u00e3o deve ser incentivada, e o quanto antes as organiza\u00e7\u00f5es precisam se ajustar aos princ\u00edpios \u00e9ticos mais rigorosos.<\/span><\/p>\n<p><span data-sheets-value=\"{&quot;1&quot;:2,&quot;2&quot;:&quot;\n\t\t&lt;!--HubSpot Call-to-Action Code --&gt;\n\t\t&lt;span class=&quot;hs-cta-wrapper&quot; id=&quot;hs-cta-wrapper-185aa72c-8a6f-48f2-9ad7-b99651976528&quot;&gt;\n\t\t&lt;span class=&quot;hs-cta-node hs-cta-185aa72c-8a6f-48f2-9ad7-b99651976528&quot; id=&quot;185aa72c-8a6f-48f2-9ad7-b99651976528&quot;&gt;\n\t\t&lt;!--[if lte IE 8]&gt;\n\t\t&lt;div id=&quot;hs-cta-ie-element&quot;&gt;&lt;\/div&gt;\n\t\t&lt;![endif]--&gt;\n\t\t&lt;a href=&quot;https:\/\/cta-redirect.hubspot.com\/cta\/redirect\/20984162\/185aa72c-8a6f-48f2-9ad7-b99651976528&quot; &gt;\n\t\t&lt;img class=&quot;hs-cta-img&quot; id=&quot;hs-cta-img-185aa72c-8a6f-48f2-9ad7-b99651976528&quot; style=&quot;border-width:0px;&quot; src=&quot;https:\/\/no-cache.hubspot.com\/cta\/default\/20984162\/185aa72c-8a6f-48f2-9ad7-b99651976528.png&quot;  alt=&quot;New call-to-action&quot;\/&gt;\n\t\t&lt;\/a&gt;\n\t\t&lt;\/span&gt;\n\t\t&lt;script charset=&quot;utf-8&quot; src=&quot;\/\/js.hubspot.com\/cta\/current.js&quot;&gt;&lt;\/script&gt;\n\t\t&lt;script&gt;\n\t\thbspt.cta.load(20984162, &#039;185aa72c-8a6f-48f2-9ad7-b99651976528&#039;, {});\n\t\t&lt;\/script&gt;\n\t\t&lt;\/span&gt;\n\t\t&lt;!-- end HubSpot Call-to-Action Code --&gt;\n\t\t&quot;}\" data-sheets-userformat=\"{&quot;2&quot;:899,&quot;3&quot;:{&quot;1&quot;:0},&quot;4&quot;:{&quot;1&quot;:2,&quot;2&quot;:16777215},&quot;10&quot;:1,&quot;11&quot;:4,&quot;12&quot;:0}\">\n\t\t<!--HubSpot Call-to-Action Code -->\n\t\t<span class=\"hs-cta-wrapper\" id=\"hs-cta-wrapper-185aa72c-8a6f-48f2-9ad7-b99651976528\">\n\t\t<span class=\"hs-cta-node hs-cta-185aa72c-8a6f-48f2-9ad7-b99651976528\" id=\"185aa72c-8a6f-48f2-9ad7-b99651976528\">\n\t\t<!--[if lte IE 8]>\n\t\t<div id=\"hs-cta-ie-element\"><\/div>\n\t\t<![endif]-->\n\t\t<a href=\"https:\/\/cta-redirect.hubspot.com\/cta\/redirect\/20984162\/185aa72c-8a6f-48f2-9ad7-b99651976528\" >\n\t\t<img decoding=\"async\" class=\"hs-cta-img\" id=\"hs-cta-img-185aa72c-8a6f-48f2-9ad7-b99651976528\" style=\"border-width:0px;\" src=\"https:\/\/no-cache.hubspot.com\/cta\/default\/20984162\/185aa72c-8a6f-48f2-9ad7-b99651976528.png\"  alt=\"New call-to-action\"\/>\n\t\t<\/a>\n\t\t<\/span>\n\t\t<script charset=\"utf-8\" src=\"\/\/js.hubspot.com\/cta\/current.js\"><\/script>\n\t\t<script>\n\t\thbspt.cta.load(20984162, '185aa72c-8a6f-48f2-9ad7-b99651976528', {});\n\t\t<\/script>\n\t\t<\/span>\n\t\t<!-- end HubSpot Call-to-Action Code -->\n\t\t<\/span><\/p>\n<p><span style=\"font-weight: 400;\">As leis de prote\u00e7\u00e3o de dados, seja aqui no Brasil, na Europa, ou em qualquer lugar do mundo, buscam dar um poder maior para toda a sociedade, que deve ter conhecimento de quem armazena e manipula seus dados pessoais. <\/span><\/p>\n<p><span style=\"font-weight: 400;\">E, mesmo que ainda n\u00e3o seja uma exig\u00eancia legal na realidade brasileira, por exemplo, j\u00e1 \u00e9 considerado um diferencial competitivo crucial para demonstrar que o neg\u00f3cio se importa com essa discuss\u00e3o.<\/span><\/p>\n<p><strong>Veja tamb\u00e9m: <\/strong><a href=\"https:\/\/www.oitchau.com.br\/blog\/scale-up-8-motivos-para-entender-mais-sobre-assunto\/\">Scale-up: 8 diferen\u00e7as para entender mais sobre assunto<\/a><\/p>\n<p><em>Gostou das dicas sobre o <span style=\"font-weight: 400;\">GDPR<\/span>?<\/em>\u00a0<em>Deixe o seu coment\u00e1rio e compartilhe estas dicas em suas redes sociais! Siga-nos tamb\u00e9m no\u00a0<\/em><a href=\"https:\/\/www.instagram.com\/oitchaubr\/\"><em>Instagram<\/em><\/a><em>! Acesse o site da Oitchau e conhe\u00e7a outras novidades.<\/em><\/p>\n","protected":false},"excerpt":{"rendered":"<p>GDPR \u00e9 uma sigla para General Data Protection Regulation, ou em portugu\u00eas, Lei Geral de Prote\u00e7\u00e3o de Dados Pessoais (LGPD), que consiste em uma lei a qual visa garantir a privacidade e a seguran\u00e7a dos dados de usu\u00e1rios da web que vivem nos pa\u00edses membros da Uni\u00e3o Europeia. Esse tipo de documento foi criado como [&hellip;]<\/p>\n","protected":false},"author":16,"featured_media":34372,"comment_status":"closed","ping_status":"open","sticky":false,"template":"","format":"standard","meta":{"content-type":"","footnotes":""},"categories":[4,225],"tags":[],"yoast_head":"<!-- This site is optimized with the Yoast SEO Premium plugin v22.2 (Yoast SEO v22.2) - https:\/\/yoast.com\/wordpress\/plugins\/seo\/ -->\n<title>GDPR: Como se aplica ao Brasil? Saiba mais! | Oitchau<\/title>\n<meta name=\"description\" content=\"O GDPR \u00e9 o regulamento de prote\u00e7\u00e3o de dados dos usu\u00e1rios da internet Uni\u00e3o Europeia. Conhe\u00e7a mais sobre os seus aspectos e como se aplica ao Brasil.\" \/>\n<meta name=\"robots\" content=\"index, follow, max-snippet:-1, max-image-preview:large, max-video-preview:-1\" \/>\n<link rel=\"canonical\" href=\"https:\/\/www.oitchau.com.br\/blog\/gdpr-como-se-aplica-ao-brasil\/\" \/>\n<meta property=\"og:locale\" content=\"pt_BR\" \/>\n<meta property=\"og:type\" content=\"article\" \/>\n<meta property=\"og:title\" content=\"GDPR: Como se aplica ao Brasil? Saiba mais!\" \/>\n<meta property=\"og:description\" content=\"O GDPR \u00e9 o regulamento de prote\u00e7\u00e3o de dados dos usu\u00e1rios da internet Uni\u00e3o Europeia. Conhe\u00e7a mais sobre os seus aspectos e como se aplica ao Brasil.\" \/>\n<meta property=\"og:url\" content=\"https:\/\/www.oitchau.com.br\/blog\/gdpr-como-se-aplica-ao-brasil\/\" \/>\n<meta property=\"og:site_name\" content=\"Controle de Ponto &amp; Timesheets\" \/>\n<meta property=\"article:publisher\" content=\"https:\/\/www.facebook.com\/oitchaubr\/\" \/>\n<meta property=\"article:published_time\" content=\"2019-09-25T13:18:18+00:00\" \/>\n<meta property=\"article:modified_time\" content=\"2024-07-18T19:16:09+00:00\" \/>\n<meta property=\"og:image\" content=\"https:\/\/storage.googleapis.com\/oitchaublog\/2019\/09\/8b615ec7-gdpr.png\" \/>\n\t<meta property=\"og:image:width\" content=\"1982\" \/>\n\t<meta property=\"og:image:height\" content=\"800\" \/>\n\t<meta property=\"og:image:type\" content=\"image\/png\" \/>\n<meta name=\"author\" content=\"Julia Neves\" \/>\n<meta name=\"twitter:card\" content=\"summary_large_image\" \/>\n<meta name=\"twitter:creator\" content=\"@oitchaubr\" \/>\n<meta name=\"twitter:site\" content=\"@oitchaubr\" \/>\n<meta name=\"twitter:label1\" content=\"Written by\" \/>\n\t<meta name=\"twitter:data1\" content=\"Julia Neves\" \/>\n\t<meta name=\"twitter:label2\" content=\"Est. reading time\" \/>\n\t<meta name=\"twitter:data2\" content=\"9 minutos\" \/>\n<script type=\"application\/ld+json\" class=\"yoast-schema-graph\">{\"@context\":\"https:\/\/schema.org\",\"@graph\":[{\"@type\":[\"Article\",\"BlogPosting\"],\"@id\":\"https:\/\/www.oitchau.com.br\/blog\/gdpr-como-se-aplica-ao-brasil\/#article\",\"isPartOf\":{\"@id\":\"https:\/\/www.oitchau.com.br\/blog\/gdpr-como-se-aplica-ao-brasil\/\"},\"author\":{\"name\":\"Julia Neves\",\"@id\":\"https:\/\/www.oitchau.com.br\/blog\/#\/schema\/person\/2d537dd5d364d6364dbe306bf11644f3\"},\"headline\":\"GDPR: Como se aplica ao Brasil? Saiba mais!\",\"datePublished\":\"2019-09-25T13:18:18+00:00\",\"dateModified\":\"2024-07-18T19:16:09+00:00\",\"mainEntityOfPage\":{\"@id\":\"https:\/\/www.oitchau.com.br\/blog\/gdpr-como-se-aplica-ao-brasil\/\"},\"wordCount\":1788,\"publisher\":{\"@id\":\"https:\/\/www.oitchau.com.br\/blog\/#organization\"},\"image\":{\"@id\":\"https:\/\/www.oitchau.com.br\/blog\/gdpr-como-se-aplica-ao-brasil\/#primaryimage\"},\"thumbnailUrl\":\"https:\/\/storage.googleapis.com\/oitchaublog\/2019\/09\/8b615ec7-gdpr.png\",\"articleSection\":[\"Empreendedorismo\",\"Leis\"],\"inLanguage\":\"pt-BR\"},{\"@type\":\"WebPage\",\"@id\":\"https:\/\/www.oitchau.com.br\/blog\/gdpr-como-se-aplica-ao-brasil\/\",\"url\":\"https:\/\/www.oitchau.com.br\/blog\/gdpr-como-se-aplica-ao-brasil\/\",\"name\":\"GDPR: Como se aplica ao Brasil? Saiba mais! | Oitchau\",\"isPartOf\":{\"@id\":\"https:\/\/www.oitchau.com.br\/blog\/#website\"},\"primaryImageOfPage\":{\"@id\":\"https:\/\/www.oitchau.com.br\/blog\/gdpr-como-se-aplica-ao-brasil\/#primaryimage\"},\"image\":{\"@id\":\"https:\/\/www.oitchau.com.br\/blog\/gdpr-como-se-aplica-ao-brasil\/#primaryimage\"},\"thumbnailUrl\":\"https:\/\/storage.googleapis.com\/oitchaublog\/2019\/09\/8b615ec7-gdpr.png\",\"datePublished\":\"2019-09-25T13:18:18+00:00\",\"dateModified\":\"2024-07-18T19:16:09+00:00\",\"description\":\"O GDPR \u00e9 o regulamento de prote\u00e7\u00e3o de dados dos usu\u00e1rios da internet Uni\u00e3o Europeia. Conhe\u00e7a mais sobre os seus aspectos e como se aplica ao Brasil.\",\"breadcrumb\":{\"@id\":\"https:\/\/www.oitchau.com.br\/blog\/gdpr-como-se-aplica-ao-brasil\/#breadcrumb\"},\"inLanguage\":\"pt-BR\",\"potentialAction\":[{\"@type\":\"ReadAction\",\"target\":[\"https:\/\/www.oitchau.com.br\/blog\/gdpr-como-se-aplica-ao-brasil\/\"]}]},{\"@type\":\"ImageObject\",\"inLanguage\":\"pt-BR\",\"@id\":\"https:\/\/www.oitchau.com.br\/blog\/gdpr-como-se-aplica-ao-brasil\/#primaryimage\",\"url\":\"https:\/\/storage.googleapis.com\/oitchaublog\/2019\/09\/8b615ec7-gdpr.png\",\"contentUrl\":\"https:\/\/storage.googleapis.com\/oitchaublog\/2019\/09\/8b615ec7-gdpr.png\",\"width\":1982,\"height\":800,\"caption\":\"GDPR\"},{\"@type\":\"BreadcrumbList\",\"@id\":\"https:\/\/www.oitchau.com.br\/blog\/gdpr-como-se-aplica-ao-brasil\/#breadcrumb\",\"itemListElement\":[{\"@type\":\"ListItem\",\"position\":1,\"name\":\"Blog\",\"item\":\"https:\/\/www.oitchau.com.br\/blog\/\"},{\"@type\":\"ListItem\",\"position\":2,\"name\":\"GDPR: Como se aplica ao Brasil? Saiba mais!\"}]},{\"@type\":\"WebSite\",\"@id\":\"https:\/\/www.oitchau.com.br\/blog\/#website\",\"url\":\"https:\/\/www.oitchau.com.br\/blog\/\",\"name\":\"Controle de Ponto & Timesheets\",\"description\":\"\",\"publisher\":{\"@id\":\"https:\/\/www.oitchau.com.br\/blog\/#organization\"},\"potentialAction\":[{\"@type\":\"SearchAction\",\"target\":{\"@type\":\"EntryPoint\",\"urlTemplate\":\"https:\/\/www.oitchau.com.br\/blog\/?s={search_term_string}\"},\"query-input\":\"required name=search_term_string\"}],\"inLanguage\":\"pt-BR\"},{\"@type\":\"Organization\",\"@id\":\"https:\/\/www.oitchau.com.br\/blog\/#organization\",\"name\":\"Oitchau\",\"url\":\"https:\/\/www.oitchau.com.br\/blog\/\",\"logo\":{\"@type\":\"ImageObject\",\"inLanguage\":\"pt-BR\",\"@id\":\"https:\/\/www.oitchau.com.br\/blog\/#\/schema\/logo\/image\/\",\"url\":\"https:\/\/storage.googleapis.com\/oitchaublog\/2024\/03\/a0e65c6f-design-sem-nome-20.png\",\"contentUrl\":\"https:\/\/storage.googleapis.com\/oitchaublog\/2024\/03\/a0e65c6f-design-sem-nome-20.png\",\"width\":696,\"height\":696,\"caption\":\"Oitchau\"},\"image\":{\"@id\":\"https:\/\/www.oitchau.com.br\/blog\/#\/schema\/logo\/image\/\"},\"sameAs\":[\"https:\/\/www.facebook.com\/oitchaubr\/\",\"https:\/\/twitter.com\/oitchaubr\",\"https:\/\/instagram.com\/oitchaubr\"],\"description\":\"A Oitchau \u00e9 uma solu\u00e7\u00e3o completa para gest\u00e3o de tempo dos colaboradores, atrav\u00e9s de suas solu\u00e7\u00f5es de controle de ponto & timesheets, ela permite que gestores, RH e DP possam gerenciar desde a jornada de trabalho de funcion\u00e1rios at\u00e9 a gest\u00e3o de tempo em projetos. Elevando o n\u00edvel estrat\u00e9gico do neg\u00f3cio de forma inteligente e assertiva, potencializando seus resultados e garantindo compliance com a Lei.\",\"email\":\"contato@oitchau.com.br\",\"telephone\":\"+551142102846\",\"foundingDate\":\"2016-01-01\",\"numberOfEmployees\":{\"@type\":\"QuantitativeValue\",\"minValue\":\"51\",\"maxValue\":\"200\"}},{\"@type\":\"Person\",\"@id\":\"https:\/\/www.oitchau.com.br\/blog\/#\/schema\/person\/2d537dd5d364d6364dbe306bf11644f3\",\"name\":\"Julia Neves\",\"url\":\"https:\/\/www.oitchau.com.br\/blog\/author\/julia\/\"}]}<\/script>\n<!-- \/ Yoast SEO Premium plugin. -->","yoast_head_json":{"title":"GDPR: Como se aplica ao Brasil? Saiba mais! | Oitchau","description":"O GDPR \u00e9 o regulamento de prote\u00e7\u00e3o de dados dos usu\u00e1rios da internet Uni\u00e3o Europeia. Conhe\u00e7a mais sobre os seus aspectos e como se aplica ao Brasil.","robots":{"index":"index","follow":"follow","max-snippet":"max-snippet:-1","max-image-preview":"max-image-preview:large","max-video-preview":"max-video-preview:-1"},"canonical":"https:\/\/www.oitchau.com.br\/blog\/gdpr-como-se-aplica-ao-brasil\/","og_locale":"pt_BR","og_type":"article","og_title":"GDPR: Como se aplica ao Brasil? Saiba mais!","og_description":"O GDPR \u00e9 o regulamento de prote\u00e7\u00e3o de dados dos usu\u00e1rios da internet Uni\u00e3o Europeia. Conhe\u00e7a mais sobre os seus aspectos e como se aplica ao Brasil.","og_url":"https:\/\/www.oitchau.com.br\/blog\/gdpr-como-se-aplica-ao-brasil\/","og_site_name":"Controle de Ponto &amp; Timesheets","article_publisher":"https:\/\/www.facebook.com\/oitchaubr\/","article_published_time":"2019-09-25T13:18:18+00:00","article_modified_time":"2024-07-18T19:16:09+00:00","og_image":[{"width":1982,"height":800,"url":"https:\/\/storage.googleapis.com\/oitchaublog\/2019\/09\/8b615ec7-gdpr.png","type":"image\/png"}],"author":"Julia Neves","twitter_card":"summary_large_image","twitter_creator":"@oitchaubr","twitter_site":"@oitchaubr","twitter_misc":{"Written by":"Julia Neves","Est. reading time":"9 minutos"},"schema":{"@context":"https:\/\/schema.org","@graph":[{"@type":["Article","BlogPosting"],"@id":"https:\/\/www.oitchau.com.br\/blog\/gdpr-como-se-aplica-ao-brasil\/#article","isPartOf":{"@id":"https:\/\/www.oitchau.com.br\/blog\/gdpr-como-se-aplica-ao-brasil\/"},"author":{"name":"Julia Neves","@id":"https:\/\/www.oitchau.com.br\/blog\/#\/schema\/person\/2d537dd5d364d6364dbe306bf11644f3"},"headline":"GDPR: Como se aplica ao Brasil? Saiba mais!","datePublished":"2019-09-25T13:18:18+00:00","dateModified":"2024-07-18T19:16:09+00:00","mainEntityOfPage":{"@id":"https:\/\/www.oitchau.com.br\/blog\/gdpr-como-se-aplica-ao-brasil\/"},"wordCount":1788,"publisher":{"@id":"https:\/\/www.oitchau.com.br\/blog\/#organization"},"image":{"@id":"https:\/\/www.oitchau.com.br\/blog\/gdpr-como-se-aplica-ao-brasil\/#primaryimage"},"thumbnailUrl":"https:\/\/storage.googleapis.com\/oitchaublog\/2019\/09\/8b615ec7-gdpr.png","articleSection":["Empreendedorismo","Leis"],"inLanguage":"pt-BR"},{"@type":"WebPage","@id":"https:\/\/www.oitchau.com.br\/blog\/gdpr-como-se-aplica-ao-brasil\/","url":"https:\/\/www.oitchau.com.br\/blog\/gdpr-como-se-aplica-ao-brasil\/","name":"GDPR: Como se aplica ao Brasil? Saiba mais! | Oitchau","isPartOf":{"@id":"https:\/\/www.oitchau.com.br\/blog\/#website"},"primaryImageOfPage":{"@id":"https:\/\/www.oitchau.com.br\/blog\/gdpr-como-se-aplica-ao-brasil\/#primaryimage"},"image":{"@id":"https:\/\/www.oitchau.com.br\/blog\/gdpr-como-se-aplica-ao-brasil\/#primaryimage"},"thumbnailUrl":"https:\/\/storage.googleapis.com\/oitchaublog\/2019\/09\/8b615ec7-gdpr.png","datePublished":"2019-09-25T13:18:18+00:00","dateModified":"2024-07-18T19:16:09+00:00","description":"O GDPR \u00e9 o regulamento de prote\u00e7\u00e3o de dados dos usu\u00e1rios da internet Uni\u00e3o Europeia. Conhe\u00e7a mais sobre os seus aspectos e como se aplica ao Brasil.","breadcrumb":{"@id":"https:\/\/www.oitchau.com.br\/blog\/gdpr-como-se-aplica-ao-brasil\/#breadcrumb"},"inLanguage":"pt-BR","potentialAction":[{"@type":"ReadAction","target":["https:\/\/www.oitchau.com.br\/blog\/gdpr-como-se-aplica-ao-brasil\/"]}]},{"@type":"ImageObject","inLanguage":"pt-BR","@id":"https:\/\/www.oitchau.com.br\/blog\/gdpr-como-se-aplica-ao-brasil\/#primaryimage","url":"https:\/\/storage.googleapis.com\/oitchaublog\/2019\/09\/8b615ec7-gdpr.png","contentUrl":"https:\/\/storage.googleapis.com\/oitchaublog\/2019\/09\/8b615ec7-gdpr.png","width":1982,"height":800,"caption":"GDPR"},{"@type":"BreadcrumbList","@id":"https:\/\/www.oitchau.com.br\/blog\/gdpr-como-se-aplica-ao-brasil\/#breadcrumb","itemListElement":[{"@type":"ListItem","position":1,"name":"Blog","item":"https:\/\/www.oitchau.com.br\/blog\/"},{"@type":"ListItem","position":2,"name":"GDPR: Como se aplica ao Brasil? Saiba mais!"}]},{"@type":"WebSite","@id":"https:\/\/www.oitchau.com.br\/blog\/#website","url":"https:\/\/www.oitchau.com.br\/blog\/","name":"Controle de Ponto & Timesheets","description":"","publisher":{"@id":"https:\/\/www.oitchau.com.br\/blog\/#organization"},"potentialAction":[{"@type":"SearchAction","target":{"@type":"EntryPoint","urlTemplate":"https:\/\/www.oitchau.com.br\/blog\/?s={search_term_string}"},"query-input":"required name=search_term_string"}],"inLanguage":"pt-BR"},{"@type":"Organization","@id":"https:\/\/www.oitchau.com.br\/blog\/#organization","name":"Oitchau","url":"https:\/\/www.oitchau.com.br\/blog\/","logo":{"@type":"ImageObject","inLanguage":"pt-BR","@id":"https:\/\/www.oitchau.com.br\/blog\/#\/schema\/logo\/image\/","url":"https:\/\/storage.googleapis.com\/oitchaublog\/2024\/03\/a0e65c6f-design-sem-nome-20.png","contentUrl":"https:\/\/storage.googleapis.com\/oitchaublog\/2024\/03\/a0e65c6f-design-sem-nome-20.png","width":696,"height":696,"caption":"Oitchau"},"image":{"@id":"https:\/\/www.oitchau.com.br\/blog\/#\/schema\/logo\/image\/"},"sameAs":["https:\/\/www.facebook.com\/oitchaubr\/","https:\/\/twitter.com\/oitchaubr","https:\/\/instagram.com\/oitchaubr"],"description":"A Oitchau \u00e9 uma solu\u00e7\u00e3o completa para gest\u00e3o de tempo dos colaboradores, atrav\u00e9s de suas solu\u00e7\u00f5es de controle de ponto & timesheets, ela permite que gestores, RH e DP possam gerenciar desde a jornada de trabalho de funcion\u00e1rios at\u00e9 a gest\u00e3o de tempo em projetos. Elevando o n\u00edvel estrat\u00e9gico do neg\u00f3cio de forma inteligente e assertiva, potencializando seus resultados e garantindo compliance com a Lei.","email":"contato@oitchau.com.br","telephone":"+551142102846","foundingDate":"2016-01-01","numberOfEmployees":{"@type":"QuantitativeValue","minValue":"51","maxValue":"200"}},{"@type":"Person","@id":"https:\/\/www.oitchau.com.br\/blog\/#\/schema\/person\/2d537dd5d364d6364dbe306bf11644f3","name":"Julia Neves","url":"https:\/\/www.oitchau.com.br\/blog\/author\/julia\/"}]}},"_links":{"self":[{"href":"https:\/\/www.oitchau.com.br\/blog\/wp-json\/wp\/v2\/posts\/4411"}],"collection":[{"href":"https:\/\/www.oitchau.com.br\/blog\/wp-json\/wp\/v2\/posts"}],"about":[{"href":"https:\/\/www.oitchau.com.br\/blog\/wp-json\/wp\/v2\/types\/post"}],"author":[{"embeddable":true,"href":"https:\/\/www.oitchau.com.br\/blog\/wp-json\/wp\/v2\/users\/16"}],"replies":[{"embeddable":true,"href":"https:\/\/www.oitchau.com.br\/blog\/wp-json\/wp\/v2\/comments?post=4411"}],"version-history":[{"count":2,"href":"https:\/\/www.oitchau.com.br\/blog\/wp-json\/wp\/v2\/posts\/4411\/revisions"}],"predecessor-version":[{"id":34374,"href":"https:\/\/www.oitchau.com.br\/blog\/wp-json\/wp\/v2\/posts\/4411\/revisions\/34374"}],"wp:featuredmedia":[{"embeddable":true,"href":"https:\/\/www.oitchau.com.br\/blog\/wp-json\/wp\/v2\/media\/34372"}],"wp:attachment":[{"href":"https:\/\/www.oitchau.com.br\/blog\/wp-json\/wp\/v2\/media?parent=4411"}],"wp:term":[{"taxonomy":"category","embeddable":true,"href":"https:\/\/www.oitchau.com.br\/blog\/wp-json\/wp\/v2\/categories?post=4411"},{"taxonomy":"post_tag","embeddable":true,"href":"https:\/\/www.oitchau.com.br\/blog\/wp-json\/wp\/v2\/tags?post=4411"}],"curies":[{"name":"wp","href":"https:\/\/api.w.org\/{rel}","templated":true}]}}