{"id":4328,"date":"2019-09-20T23:37:59","date_gmt":"2019-09-20T20:37:59","guid":{"rendered":"https:\/\/www.oitchau.com.br\/blog\/?p=4328"},"modified":"2024-02-07T14:20:45","modified_gmt":"2024-02-07T11:20:45","slug":"ponto-facultativo-o-que-e-como-funciona","status":"publish","type":"post","link":"https:\/\/www.oitchau.com.br\/blog\/ponto-facultativo-o-que-e-como-funciona\/","title":{"rendered":"Ponto facultativo: o que \u00e9 e como funciona?"},"content":{"rendered":"<p><span style=\"font-weight: 400;\">O ponto facultativo ainda \u00e9 um aspecto que gera bastante d\u00favida entre os profissionais de gest\u00e3o e empreendedores. <\/span><span style=\"font-weight: 400;\">Afinal, nem sempre todos conhecem o seu significado, como funciona e a diferen\u00e7a entre ele e os feriados.<\/span><\/p>\n<p><span style=\"font-weight: 400;\">E para esclarecer estas e outras d\u00favidas, vamos detalhar o que \u00e9 o ponto facultativo e como ele se aplica no <a href=\"https:\/\/www.oitchau.com.br\/\">controle de ponto<\/a> e rotina das empresas.<\/span><\/p>\n<p><span style=\"font-weight: 400;\">Aproveite o conte\u00fado!<\/span><\/p>\n<ul>\n<li><a href=\"https:\/\/www.oitchau.com.br\/blog\/ponto-facultativo-o-que-e-como-funciona\/#:~:text=recebe%20hora%20extra%3F-,O%20que%20%C3%A9%20ponto%20facultativo%3F,-O%20ponto%20facultativo\"><span style=\"font-weight: 400;\">O que \u00e9 ponto facultativo?<\/span><\/a><\/li>\n<li><a href=\"https:\/\/www.oitchau.com.br\/blog\/ponto-facultativo-o-que-e-como-funciona\/#:~:text=aos%20seus%20colaboradores.-,Qual%20a%20diferen%C3%A7a%20entre%20feriado%20e%20ponto%20facultativo%3F,-A%20diferen%C3%A7a%20entre\"><span style=\"font-weight: 400;\">Qual a diferen\u00e7a entre feriado e ponto facultativo?<\/span><\/a><\/li>\n<li><a href=\"https:\/\/www.oitchau.com.br\/blog\/ponto-facultativo-o-que-e-como-funciona\/#:~:text=posterior%20dessas%20horas.-,Feriado%20municipal%20%C3%A9%20facultativo%3F,-Os%20feriados%20municipais\"><span style=\"font-weight: 400;\">Feriado municipal \u00e9 facultativo?<\/span><\/a>\n<ul>\n<li><a href=\"https:\/\/www.oitchau.com.br\/blog\/ponto-facultativo-o-que-e-como-funciona\/#:~:text=realiza%C3%A7%C3%A3o%20da%20compensa%C3%A7%C3%A3o.-,Colaborador%20trabalha%20em%20uma%20cidade%20diferente%20da%20que%20mora.%20Como%20funciona%3F,-No%20cotidiano%20das\"><span style=\"font-weight: 400;\">Colaborador trabalha em uma cidade diferente da que mora: como funciona?<\/span><\/a><\/li>\n<li><a href=\"https:\/\/www.oitchau.com.br\/blog\/ponto-facultativo-o-que-e-como-funciona\/#:~:text=sede%20da%20empresa.-,Colaborador%20em%20trabalho%20remoto%3A%20como%20funciona%3F,-Esse%20%C3%A9%20um\"><span style=\"font-weight: 400;\">Colaborador em trabalho remoto: como funciona?<\/span><\/a><\/li>\n<\/ul>\n<\/li>\n<li><a href=\"https:\/\/www.oitchau.com.br\/blog\/ponto-facultativo-o-que-e-como-funciona\/#:~:text=presenciais%20ou%20remotos.-,Feriados%20e%20pontos%20facultativos%202023,-Quais%20s%C3%A3o%20os\"><span style=\"font-weight: 400;\">Feriados e pontos facultativos 2024<\/span><\/a>\n<ul>\n<li><a href=\"https:\/\/www.oitchau.com.br\/blog\/ponto-facultativo-o-que-e-como-funciona\/#:~:text=pontos%20facultativos%202023-,Quais%20s%C3%A3o%20os%20pontos%20facultativos%202023%3F,-Os%20pontos%20facultativos\"><span style=\"font-weight: 400;\">Quais s\u00e3o os pontos facultativos 2024?<\/span><\/a><\/li>\n<li><a href=\"https:\/\/www.oitchau.com.br\/blog\/ponto-facultativo-o-que-e-como-funciona\/#:~:text=Corpus%20Christi.-,Quais%20s%C3%A3o%20os%20feriados%202023%3F,-Os%20feriados%20obrigat%C3%B3rios%2C%20em\"><span style=\"font-weight: 400;\">Quais s\u00e3o os feriados 2024?<\/span><\/a><\/li>\n<\/ul>\n<\/li>\n<li><a href=\"https:\/\/www.oitchau.com.br\/blog\/ponto-facultativo-o-que-e-como-funciona\/#:~:text=compensa%C3%A7%C3%A3o%20ao%20colaborador.-,Feriados%20e%20ponto%20facultativos%202024,-Quais%20s%C3%A3o%20os\"><span style=\"font-weight: 400;\">Feriados e ponto facultativos 2024<\/span><\/a>\n<ul>\n<li><a href=\"https:\/\/www.oitchau.com.br\/blog\/ponto-facultativo-o-que-e-como-funciona\/#:~:text=ponto%20facultativos%202024-,Quais%20s%C3%A3o%20os%20pontos%20facultativos%202024%3F,-Lembrando%20que%20ainda\"><span style=\"font-weight: 400;\">Quais s\u00e3o os pontos facultativos 2024?<\/span><\/a><\/li>\n<li><a href=\"https:\/\/www.oitchau.com.br\/blog\/ponto-facultativo-o-que-e-como-funciona\/#:~:text=maio%3A%20Corpus%20Christi.-,Quais%20s%C3%A3o%20os%20feriados%202023%3F,-Os%20feriados%20obrigat%C3%B3rios\"><span style=\"font-weight: 400;\">Quais s\u00e3o os feriados 2024?<\/span><\/a><\/li>\n<\/ul>\n<\/li>\n<li><a href=\"https:\/\/www.oitchau.com.br\/blog\/ponto-facultativo-o-que-e-como-funciona\/#:~:text=compensa%C3%A7%C3%A3o%20ao%20colaborador.-,Pode%20descontar%20o%20dia%20de%20feriado%3F,-N%C3%A3o%2C%20o%20dia\"><span style=\"font-weight: 400;\">Pode descontar o dia de feriado?<\/span><\/a><\/li>\n<li><a href=\"https:\/\/www.oitchau.com.br\/blog\/ponto-facultativo-o-que-e-como-funciona\/#:~:text=dia%20%C3%BAtil%20posterior.-,O%20que%20acontece%20se%20o%20colaborador%20se%20recusar%20a%20trabalhar%20no%20feriado%3F,-O%20primeiro%20ponto\"><span style=\"font-weight: 400;\">O que acontece se o colaborador se recusar a trabalhar no feriado?<\/span><\/a><\/li>\n<li><a href=\"https:\/\/www.oitchau.com.br\/blog\/ponto-facultativo-o-que-e-como-funciona\/#:~:text=a%20pr%C3%B3pria%20CLT.-,Pode%20trabalhar%20em%20ponto%20facultativo%3F,-A%20resposta%20%C3%A9\"><span style=\"font-weight: 400;\">Pode trabalhar em ponto facultativo?<\/span><\/a><\/li>\n<li><a href=\"https:\/\/www.oitchau.com.br\/blog\/ponto-facultativo-o-que-e-como-funciona\/#:~:text=trabalho%20na%20empresa.-,Carnaval%20%C3%A9%20feriado%20ou%20ponto%20facultativo%3F,-O%20Carnaval%20%C3%A9\"><span style=\"font-weight: 400;\">Carnaval \u00e9 feriado ou ponto facultativo?<\/span><\/a><\/li>\n<li><a href=\"https:\/\/www.oitchau.com.br\/blog\/ponto-facultativo-o-que-e-como-funciona\/#:~:text=dias%20da%20festividade.-,Corpus%20Christi%20%C3%A9%20feriado%20ou%20ponto%20facultativo%3F,-Assim%20como%20o\"><span style=\"font-weight: 400;\">Corpus Christi \u00e9 feriado ou ponto facultativo?<\/span><\/a><\/li>\n<li><a href=\"https:\/\/www.oitchau.com.br\/blog\/ponto-facultativo-o-que-e-como-funciona\/#:~:text=durante%20este%20per%C3%ADodo.-,Como%20organizar%20os%20feriados%20e%20dias%20de%20ponto%20facultativo%3F,-Organizar%20os%20feriados\"><span style=\"font-weight: 400;\">Como organizar os feriados e dias de ponto facultativo?<\/span><\/a><\/li>\n<li><a href=\"https:\/\/www.oitchau.com.br\/blog\/ponto-facultativo-o-que-e-como-funciona\/#:~:text=em%20pontos%20facultativos.-,Quem%20trabalha%20no%20ponto%20facultativo%20recebe%20hora%20extra%3F,-N%C3%A3o%2C%20isso%20porque\"><span style=\"font-weight: 400;\">Quem trabalha no ponto facultativo recebe hora extra?<\/span><\/a><\/li>\n<\/ul>\n<h2><b>O que \u00e9 ponto facultativo?<\/b><\/h2>\n<p><span style=\"font-weight: 400;\">O ponto facultativo \u00e9 um termo amplamente utilizado no contexto da legisla\u00e7\u00e3o trabalhista do Brasil.<\/span><\/p>\n<p><span style=\"font-weight: 400;\">S\u00e3o datas importantes, normalmente vinculadas a comemora\u00e7\u00f5es ou fatos hist\u00f3ricos, mas que n\u00e3o s\u00e3o feriados obrigat\u00f3rios e em que a empresa ou \u00f3rg\u00e3o p\u00fablico tem a op\u00e7\u00e3o de conceder folga (ou n\u00e3o) aos seus colaboradores.<\/span><\/p>\n<h2><b>Qual a diferen\u00e7a entre feriado e ponto facultativo?<\/b><\/h2>\n<p><span style=\"font-weight: 400;\">\n\t\t<!--HubSpot Call-to-Action Code -->\n\t\t<span class=\"hs-cta-wrapper\" id=\"hs-cta-wrapper-81566fb5-4d0b-42f9-9a61-1de0874dcc44\">\n\t\t<span class=\"hs-cta-node hs-cta-81566fb5-4d0b-42f9-9a61-1de0874dcc44\" id=\"81566fb5-4d0b-42f9-9a61-1de0874dcc44\">\n\t\t<!--[if lte IE 8]>\n\t\t<div id=\"hs-cta-ie-element\"><\/div>\n\t\t<![endif]-->\n\t\t<a href=\"https:\/\/cta-redirect.hubspot.com\/cta\/redirect\/20984162\/81566fb5-4d0b-42f9-9a61-1de0874dcc44\" >\n\t\t<img decoding=\"async\" class=\"hs-cta-img\" id=\"hs-cta-img-81566fb5-4d0b-42f9-9a61-1de0874dcc44\" style=\"border-width:0px;\" src=\"https:\/\/no-cache.hubspot.com\/cta\/default\/20984162\/81566fb5-4d0b-42f9-9a61-1de0874dcc44.png\"  alt=\"New call-to-action\"\/>\n\t\t<\/a>\n\t\t<\/span>\n\t\t<script charset=\"utf-8\" src=\"\/\/js.hubspot.com\/cta\/current.js\"><\/script>\n\t\t<script>\n\t\thbspt.cta.load(20984162, '81566fb5-4d0b-42f9-9a61-1de0874dcc44', {});\n\t\t<\/script>\n\t\t<\/span>\n\t\t<!-- end HubSpot Call-to-Action Code -->\n\t\t<\/span><\/p>\n<p><span style=\"font-weight: 400;\">A diferen\u00e7a entre feriado e ponto facultativo est\u00e1 na obrigatoriedade (ou n\u00e3o) de folga aos colaboradores.<\/span><\/p>\n<p><span style=\"font-weight: 400;\">Nos feriados, \u00e9 orientado por lei que as empresas definam este dia como folga sem preju\u00edzos \u00e0 remunera\u00e7\u00e3o.<\/span><\/p>\n<p><span style=\"font-weight: 400;\">Aqui \u00e9 importante observar os feriados e pontos facultativos de acordo com os calend\u00e1rios nacionais, estaduais e municipais ou ainda os acordos coletivos de cada localidade.<\/span><\/p>\n<p><span style=\"font-weight: 400;\">Caso o empregador mantenha este dia como de trabalho normal, cabe \u00e0 empresa remunerar o colaborador com 100% de adicional, o dobro, e n\u00e3o apenas com os 50% normais de horas extras, ou ainda a compensa\u00e7\u00e3o do feriado com folga em dia \u00fatil posterior.<\/span><\/p>\n<p><span style=\"font-weight: 400;\">J\u00e1 nos pontos facultativos, a decis\u00e3o de conceder ou n\u00e3o a folga fica a total crit\u00e9rio da empresa.<\/span><\/p>\n<p><span style=\"font-weight: 400;\">Al\u00e9m disso, aqui n\u00e3o se aplica o pagamento de adicionais de horas extras ou ainda a compensa\u00e7\u00e3o posterior dessas horas.<\/span><\/p>\n<h2><b>Feriado municipal \u00e9 facultativo?<\/b><\/h2>\n<p><span style=\"font-weight: 400;\">Os feriados municipais tamb\u00e9m podem gerar confus\u00e3o quanto \u00e0 obrigatoriedade de folga.\u00a0<\/span><\/p>\n<p><span style=\"font-weight: 400;\">Os feriados municipais n\u00e3o s\u00e3o considerados ponto facultativo, seguindo a mesma l\u00f3gica dos feriados estaduais e nacionais.<\/span><\/p>\n<p><span style=\"font-weight: 400;\">Assim, as empresas que operam na regi\u00e3o s\u00e3o orientadas a conceder a folga remunerada aos seus colaboradores.<\/span><\/p>\n<p><span style=\"font-weight: 400;\">Caso n\u00e3o seja poss\u00edvel, deve ser feito o pagamento das horas trabalhadas com o adicional devido ou a realiza\u00e7\u00e3o da compensa\u00e7\u00e3o.<\/span><\/p>\n<h3><b>Colaborador trabalha em uma cidade diferente da que mora: como funciona?<\/b><\/h3>\n<p><span style=\"font-weight: 400;\">No cotidiano das empresas, costuma ser comum o fato de um colaborador precisar se locomover da cidade na qual reside, para trabalhar em outro munic\u00edpio.\u00a0<\/span><\/p>\n<p><span style=\"font-weight: 400;\">Por exemplo, no estado de S\u00e3o Paulo essa pr\u00e1tica \u00e9 habitual: muitos trabalhadores s\u00e3o empregados na capital e residem nas regi\u00f5es metropolitanas.<\/span><\/p>\n<p><span style=\"font-weight: 400;\">Neste contexto, pode haver uma certa confus\u00e3o no c\u00e1lculo desse ponto facultativo dos profissionais.<\/span><\/p>\n<p><span style=\"font-weight: 400;\">Tenha em mente que, as datas facultativas s\u00e3o consideradas de acordo com a cidade local da empresa, mesmo que a mesma tenha muitas filiais.<\/span><\/p>\n<p><span style=\"font-weight: 400;\">Na pr\u00e1tica, para exemplificar: se o colaborador trabalha no centro de SP, por\u00e9m reside em Cajamar, o mesmo tem a possibilidade de folgar em dias como 25 de janeiro (Anivers\u00e1rio da Cidade de S\u00e3o Paulo) e 9 de julho (Dia da Revolu\u00e7\u00e3o Constitucionalista).\u00a0<\/span><\/p>\n<p><span style=\"font-weight: 400;\">Nos dias considerados como feriados municipais ou pontos facultativos no munic\u00edpio em que o profissional reside, ele n\u00e3o tem direito a folga.\u00a0<\/span><\/p>\n<p><span style=\"font-weight: 400;\">Isso porque feriados municipais n\u00e3o s\u00e3o pontos facultativos e n\u00e3o interferem na jornada de trabalho de outro munic\u00edpio.\u00a0<\/span><\/p>\n<p><span style=\"font-weight: 400;\">Neste caso, o trabalhador s\u00f3 n\u00e3o dever\u00e1 comparecer ao expediente normal se o feriado fosse na cidade sede da empresa.<\/span><\/p>\n<h3><b>Colaborador em trabalho remoto: como funciona?<\/b><\/h3>\n<p><span style=\"font-weight: 400;\">Esse \u00e9 um ponto que gera muita d\u00favida aos profissionais de RH, principalmente ap\u00f3s a Reforma Trabalhista, com a inclus\u00e3o dessa categoria no texto da legisla\u00e7\u00e3o.<\/span><\/p>\n<p><span style=\"font-weight: 400;\">A regra de feriados, adicionais e compensa\u00e7\u00f5es s\u00e3o as mesmas para o colaborador da modalidade presencial e remoto.<\/span><\/p>\n<p><span style=\"font-weight: 400;\">Dessa forma, deve ser observada a localidade da sede da empresa e se nela \u00e9 feriado, considerando os calend\u00e1rios nacionais, estaduais, municipais e acordos coletivos de trabalho.<\/span><\/p>\n<p><span style=\"font-weight: 400;\">Caso seja feriado, a empresa pode determinar pela suspens\u00e3o das atividades ou pelo expediente normal, mediante o pagamento de adicional ou compensa\u00e7\u00e3o.<\/span><\/p>\n<p><span style=\"font-weight: 400;\">Essa determina\u00e7\u00e3o da empresa pode se aplicar a todos os colaboradores, sejam eles presenciais ou remotos.<\/span><\/p>\n<h2><b>Feriados e pontos facultativos 2024<\/b><\/h2>\n<h3><b>Quais s\u00e3o os pontos facultativos 2024?<\/b><\/h3>\n<p><span style=\"font-weight: 400;\">Os pontos facultativos podem sofrer varia\u00e7\u00f5es, por\u00e9m destacamos os principais em \u00e2mbito nacional:<\/span><\/p>\n<ul>\n<li style=\"font-weight: 400;\" aria-level=\"1\"><span style=\"font-weight: 400;\">Carnaval (incluindo a Quarta-feira de Cinzas);<\/span><\/li>\n<li style=\"font-weight: 400;\" aria-level=\"1\"><span style=\"font-weight: 400;\">Corpus Christi.<\/span><\/li>\n<\/ul>\n<h3><b>Quais s\u00e3o os feriados 2024?<\/b><\/h3>\n<p><span style=\"font-weight: 400;\">Os feriados obrigat\u00f3rios, em \u00e2mbito nacional, s\u00e3o:<\/span><\/p>\n<ul>\n<li style=\"font-weight: 400;\" aria-level=\"1\"><span style=\"font-weight: 400;\">1 de janeiro: Confraterniza\u00e7\u00e3o Universal;<\/span><\/li>\n<li style=\"font-weight: 400;\" aria-level=\"1\"><span style=\"font-weight: 400;\">7 de abril: Paix\u00e3o de Cristo;<\/span><\/li>\n<li style=\"font-weight: 400;\" aria-level=\"1\"><span style=\"font-weight: 400;\">9 de abril: P\u00e1scoa;<\/span><\/li>\n<li style=\"font-weight: 400;\" aria-level=\"1\"><span style=\"font-weight: 400;\">21 de abril: Tiradentes;<\/span><\/li>\n<li style=\"font-weight: 400;\" aria-level=\"1\"><span style=\"font-weight: 400;\">1 de maio: Dia Mundial do Trabalho;<\/span><\/li>\n<li style=\"font-weight: 400;\" aria-level=\"1\"><span style=\"font-weight: 400;\">7 de setembro: Independ\u00eancia do Brasil;<\/span><\/li>\n<li style=\"font-weight: 400;\" aria-level=\"1\"><span style=\"font-weight: 400;\">12 de outubro: Nossa Senhora Aparecida;<\/span><\/li>\n<li style=\"font-weight: 400;\" aria-level=\"1\"><span style=\"font-weight: 400;\">2 de novembro: Finados;<\/span><\/li>\n<li style=\"font-weight: 400;\" aria-level=\"1\"><span style=\"font-weight: 400;\">15 de novembro: Proclama\u00e7\u00e3o da Rep\u00fablica;<\/span><\/li>\n<li style=\"font-weight: 400;\" aria-level=\"1\"><span style=\"font-weight: 400;\">25 de dezembro: Natal.<\/span><\/li>\n<\/ul>\n<p><span style=\"font-weight: 400;\">Importante lembrar que devem ser observados ainda os feriados obrigat\u00f3rios determinados pelos governos estaduais, prefeituras municipais e que s\u00e3o objeto de acordos coletivos de trabalho em cada localidade.\u00a0<\/span><\/p>\n<p><span style=\"font-weight: 400;\">Nestes dias, as empresas s\u00e3o orientadas, por lei, a n\u00e3o funcionarem. Caso n\u00e3o exista essa possibilidade, cabe o pagamento do adicional ou compensa\u00e7\u00e3o ao colaborador.<\/span><\/p>\n<h2><b>Feriados e ponto facultativos 2024<\/b><\/h2>\n<h3><b>Quais s\u00e3o os pontos facultativos 2024?<\/b><\/h3>\n<p><span style=\"font-weight: 400;\">Lembrando que ainda podem receber varia\u00e7\u00f5es, mas os principais pontos facultativos nacionais s\u00e3o:<\/span><\/p>\n<ul>\n<li style=\"font-weight: 400;\" aria-level=\"1\"><span style=\"font-weight: 400;\">12, 13 e 14 de fevereiro: Carnaval (incluindo a Segunda e Ter\u00e7a de carnaval e Quarta-feira de Cinzas);<\/span><\/li>\n<li style=\"font-weight: 400;\" aria-level=\"1\"><span style=\"font-weight: 400;\">30 de maio: Corpus Christi.<\/span><\/li>\n<\/ul>\n<h3><b>Quais s\u00e3o os feriados 2024?<\/b><\/h3>\n<p><span style=\"font-weight: 400;\">Os feriados obrigat\u00f3rios programados para 2024 s\u00e3o:<\/span><\/p>\n<ul>\n<li style=\"font-weight: 400;\" aria-level=\"1\"><span style=\"font-weight: 400;\">1 de janeiro: Confraterniza\u00e7\u00e3o Universal;<\/span><\/li>\n<li style=\"font-weight: 400;\" aria-level=\"1\"><span style=\"font-weight: 400;\">29 de mar\u00e7o: Paix\u00e3o de Cristo;<\/span><\/li>\n<li style=\"font-weight: 400;\" aria-level=\"1\"><span style=\"font-weight: 400;\">31 de mar\u00e7o: P\u00e1scoa;<\/span><\/li>\n<li style=\"font-weight: 400;\" aria-level=\"1\"><span style=\"font-weight: 400;\">21 de abril: Tiradentes;<\/span><\/li>\n<li style=\"font-weight: 400;\" aria-level=\"1\"><span style=\"font-weight: 400;\">1 de maio: Dia Mundial do Trabalho;<\/span><\/li>\n<li style=\"font-weight: 400;\" aria-level=\"1\"><span style=\"font-weight: 400;\">7 de setembro: Independ\u00eancia do Brasil;<\/span><\/li>\n<li style=\"font-weight: 400;\" aria-level=\"1\"><span style=\"font-weight: 400;\">12 de outubro: Nossa Senhora Aparecida;<\/span><\/li>\n<li style=\"font-weight: 400;\" aria-level=\"1\"><span style=\"font-weight: 400;\">2 de novembro: Finados;<\/span><\/li>\n<li style=\"font-weight: 400;\" aria-level=\"1\"><span style=\"font-weight: 400;\">15 de novembro: Proclama\u00e7\u00e3o da Rep\u00fablica;<\/span><\/li>\n<li style=\"font-weight: 400;\" aria-level=\"1\"><span style=\"font-weight: 400;\">25 de dezembro: Natal.<\/span><\/li>\n<\/ul>\n<p><span style=\"font-weight: 400;\">Importante lembrar que devem ser observados ainda os feriados obrigat\u00f3rios determinados pelos governos estaduais, prefeituras municipais e que s\u00e3o objeto de acordos coletivos de trabalho em cada localidade.\u00a0<\/span><\/p>\n<p><span style=\"font-weight: 400;\">Nesses dias, as empresas s\u00e3o obrigadas, por lei, a n\u00e3o funcionarem. Caso n\u00e3o exista essa possibilidade, cabe o pagamento do adicional ou compensa\u00e7\u00e3o ao colaborador.<\/span><\/p>\n<h2><b>Pode descontar o dia de feriado?<\/b><\/h2>\n<p><span style=\"font-weight: 400;\">N\u00e3o, o dia de feriado n\u00e3o pode ser descontado do colaborador. A pr\u00f3pria CLT estabelece o feriado como dia de descanso remunerado sem a possibilidade de compensa\u00e7\u00e3o posterior.<\/span><\/p>\n<p><span style=\"font-weight: 400;\">Dessa forma, o dia de feriado \u00e9 um dia de descanso ao qual o colaborador tem direito, n\u00e3o podendo haver nenhuma cobran\u00e7a para compensa\u00e7\u00e3o futura ou qualquer preju\u00edzo \u00e0 remunera\u00e7\u00e3o.<\/span><\/p>\n<p><span style=\"font-weight: 400;\">Pelo contr\u00e1rio, se a empresa mantiver o dia de feriado com expediente normal, deve compensar o colaborador com adicional de 100% de horas extras, ou seja, o dobro &#8211; muito diferente da hora extra convencional, que \u00e9 de 50% &#8211; ou compensar o colaborador com folga no dia \u00fatil posterior.<\/span><\/p>\n<h2><b>O que acontece se o colaborador se recusar a trabalhar no feriado?<\/b><\/h2>\n<p><span style=\"font-weight: 400;\">O primeiro ponto a esclarecer \u00e9 de que as empresas n\u00e3o s\u00e3o obrigadas a suspender suas atividades aos feriados, principalmente os ramos de bares, restaurantes e similares.<\/span><\/p>\n<p><span style=\"font-weight: 400;\">Por\u00e9m, quando decidem pelo funcionamento, geram a obrigatoriedade de remunerar os colaboradores com o adicional de 100% de horas extras, ou seja, o dobro, ou ainda compensar esse dia de trabalho com folga no dia \u00fatil posterior.<\/span><\/p>\n<p><span style=\"font-weight: 400;\">Entendendo isso, a empresa pode sim convocar o colaborador para o dia de trabalho no feriado e este, por sua vez, n\u00e3o pode simplesmente faltar sem nenhuma justificativa.<\/span><\/p>\n<p><span style=\"font-weight: 400;\">Caso isso aconte\u00e7a, a empresa pode penalizar o colaborador com advert\u00eancia, suspens\u00e3o do trabalho ou at\u00e9, dependendo do preju\u00edzo causado pela aus\u00eancia injustificada ou pela sua reincid\u00eancia, o in\u00edcio de um processo de demiss\u00e3o por justa causa.<\/span><\/p>\n<p><span style=\"font-weight: 400;\">Mas \u00e9 importante tamb\u00e9m lembrar que, a falta do colaborador ao trabalho no feriado, seja ela justificada ou n\u00e3o, n\u00e3o pode implicar em desconto ou preju\u00edzo na remunera\u00e7\u00e3o, de acordo com a pr\u00f3pria CLT.<\/span><\/p>\n<h2><b>Pode trabalhar em ponto facultativo?<\/b><\/h2>\n<p><span style=\"font-weight: 400;\">A resposta \u00e9 sim, pode haver expediente de trabalho normal nos dias de ponto facultativo, sejam eles nacionais, estaduais, municipais ou objeto de acordos coletivos de trabalho.<\/span><\/p>\n<p><span style=\"font-weight: 400;\">\u00c9 sempre bom lembrar que os pontos facultativos s\u00e3o datas importantes, normalmente vinculadas a fatos hist\u00f3ricos ou ainda comemora\u00e7\u00f5es, mas que n\u00e3o fazem parte do calend\u00e1rio de feriados obrigat\u00f3rios.<\/span><\/p>\n<p><span style=\"font-weight: 400;\">Essa \u00e9 uma d\u00favida comum, principalmente aos profissionais de RH, que precisam conhecer as regras para planejar melhor as rotinas e expedientes de trabalho na empresa.<\/span><\/p>\n<h2><b>Carnaval \u00e9 feriado ou ponto facultativo?<\/b><\/h2>\n<p><span style=\"font-weight: 400;\">\n\t\t<!--HubSpot Call-to-Action Code -->\n\t\t<span class=\"hs-cta-wrapper\" id=\"hs-cta-wrapper-81566fb5-4d0b-42f9-9a61-1de0874dcc44\">\n\t\t<span class=\"hs-cta-node hs-cta-81566fb5-4d0b-42f9-9a61-1de0874dcc44\" id=\"81566fb5-4d0b-42f9-9a61-1de0874dcc44\">\n\t\t<!--[if lte IE 8]>\n\t\t<div id=\"hs-cta-ie-element\"><\/div>\n\t\t<![endif]-->\n\t\t<a href=\"https:\/\/cta-redirect.hubspot.com\/cta\/redirect\/20984162\/81566fb5-4d0b-42f9-9a61-1de0874dcc44\" >\n\t\t<img decoding=\"async\" class=\"hs-cta-img\" id=\"hs-cta-img-81566fb5-4d0b-42f9-9a61-1de0874dcc44\" style=\"border-width:0px;\" src=\"https:\/\/no-cache.hubspot.com\/cta\/default\/20984162\/81566fb5-4d0b-42f9-9a61-1de0874dcc44.png\"  alt=\"New call-to-action\"\/>\n\t\t<\/a>\n\t\t<\/span>\n\t\t<script charset=\"utf-8\" src=\"\/\/js.hubspot.com\/cta\/current.js\"><\/script>\n\t\t<script>\n\t\thbspt.cta.load(20984162, '81566fb5-4d0b-42f9-9a61-1de0874dcc44', {});\n\t\t<\/script>\n\t\t<\/span>\n\t\t<!-- end HubSpot Call-to-Action Code -->\n\t\t<\/span><\/p>\n<p><span style=\"font-weight: 400;\">O Carnaval \u00e9 uma das datas festivas mais aguardadas no Brasil, por\u00e9m \u00e9 considerado um ponto facultativo, n\u00e3o um feriado nacional.\u00a0<\/span><\/p>\n<p><span style=\"font-weight: 400;\">A grande maioria das pessoas acredita que ele \u00e9 um feriado, uma vez que milh\u00f5es de pessoas viajam nesse feriado e a grande maioria das empresas suspende seu funcionamento.<\/span><\/p>\n<p><span style=\"font-weight: 400;\">Isso n\u00e3o se restringe \u00e0 ter\u00e7a-feira da festividade, mas \u00e0 segunda-feira e \u00e0 quarta-feira subsequente, conhecida como Quarta-Feira de Cinzas, que d\u00e1 in\u00edcio ao per\u00edodo religioso da quaresma e define o dia do feriado de P\u00e1scoa.<\/span><\/p>\n<p><span style=\"font-weight: 400;\">Isso significa que, embora muitas empresas, \u00f3rg\u00e3os p\u00fablicos e institui\u00e7\u00f5es optem por conceder folga durante esse per\u00edodo, n\u00e3o h\u00e1 obrigatoriedade de paralisa\u00e7\u00e3o das atividades.\u00a0<\/span><\/p>\n<p><span style=\"font-weight: 400;\">Especialmente nos setores como ind\u00fastria e com\u00e9rcio, \u00e9 comum que as empresas solicitem a continuidade do trabalho dos colaboradores durante os dias da festividade.<\/span><\/p>\n<h2><b>Corpus Christi \u00e9 feriado ou ponto facultativo?<\/b><\/h2>\n<p><span style=\"font-weight: 400;\">Assim como o Carnaval, o feriado religioso de Corpus Christi \u00e9 considerado um ponto facultativo nacional.<\/span><\/p>\n<p><span style=\"font-weight: 400;\">Dessa forma, as empresas podem optar ou n\u00e3o pelo funcionamento durante este per\u00edodo.<\/span><\/p>\n<h2><b>Como organizar os feriados e dias de ponto facultativo?<\/b><\/h2>\n<p><span style=\"font-weight: 400;\">Organizar os feriados e pontos facultativos requer um planejamento cuidadoso e a considera\u00e7\u00e3o das necessidades e demandas da empresa.<\/span><\/p>\n<p><span style=\"font-weight: 400;\">Assim, \u00e9 necess\u00e1rio:<\/span><\/p>\n<ul>\n<li style=\"font-weight: 400;\" aria-level=\"1\"><span style=\"font-weight: 400;\">Criar um calend\u00e1rio anual com todas as datas de feriados e pontos facultativos;<\/span><\/li>\n<li style=\"font-weight: 400;\" aria-level=\"1\"><span style=\"font-weight: 400;\">Comunicar antecipadamente os colaboradores sobre os dias de folga;<\/span><\/li>\n<li style=\"font-weight: 400;\" aria-level=\"1\"><span style=\"font-weight: 400;\">Estabelecer uma pol\u00edtica interna clara em rela\u00e7\u00e3o aos feriados e pontos facultativos;<\/span><\/li>\n<li style=\"font-weight: 400;\" aria-level=\"1\"><span style=\"font-weight: 400;\">Oferecer flexibilidade aos colaboradores para decidirem sobre a folga nos pontos facultativos, com compensa\u00e7\u00e3o posterior;<\/span><\/li>\n<li style=\"font-weight: 400;\" aria-level=\"1\"><span style=\"font-weight: 400;\">Garantir cobertura necess\u00e1ria para as atividades essenciais durante os feriados e pontos facultativos n\u00e3o trabalhados;<\/span><\/li>\n<li style=\"font-weight: 400;\" aria-level=\"1\"><span style=\"font-weight: 400;\">Planejar a compensa\u00e7\u00e3o de horas trabalhadas caso a empresa n\u00e3o funcione em pontos facultativos.<\/span><\/li>\n<\/ul>\n<p><span style=\"font-weight: 400;\">\n\t\t<!--HubSpot Call-to-Action Code -->\n\t\t<span class=\"hs-cta-wrapper\" id=\"hs-cta-wrapper-185aa72c-8a6f-48f2-9ad7-b99651976528\">\n\t\t<span class=\"hs-cta-node hs-cta-185aa72c-8a6f-48f2-9ad7-b99651976528\" id=\"185aa72c-8a6f-48f2-9ad7-b99651976528\">\n\t\t<!--[if lte IE 8]>\n\t\t<div id=\"hs-cta-ie-element\"><\/div>\n\t\t<![endif]-->\n\t\t<a href=\"https:\/\/cta-redirect.hubspot.com\/cta\/redirect\/20984162\/185aa72c-8a6f-48f2-9ad7-b99651976528\" >\n\t\t<img decoding=\"async\" class=\"hs-cta-img\" id=\"hs-cta-img-185aa72c-8a6f-48f2-9ad7-b99651976528\" style=\"border-width:0px;\" src=\"https:\/\/no-cache.hubspot.com\/cta\/default\/20984162\/185aa72c-8a6f-48f2-9ad7-b99651976528.png\"  alt=\"New call-to-action\"\/>\n\t\t<\/a>\n\t\t<\/span>\n\t\t<script charset=\"utf-8\" src=\"\/\/js.hubspot.com\/cta\/current.js\"><\/script>\n\t\t<script>\n\t\thbspt.cta.load(20984162, '185aa72c-8a6f-48f2-9ad7-b99651976528', {});\n\t\t<\/script>\n\t\t<\/span>\n\t\t<!-- end HubSpot Call-to-Action Code -->\n\t\t<\/span><\/p>\n<h2><b>Quem trabalha no ponto facultativo recebe hora extra?<\/b><\/h2>\n<p><span style=\"font-weight: 400;\">N\u00e3o, isso porque o ponto facultativo \u00e9 um dia de trabalho comum, sendo uma op\u00e7\u00e3o da empresa definir folga ou n\u00e3o.<\/span><\/p>\n<p><span style=\"font-weight: 400;\">\u00c9 v\u00e1lido ressaltar que, se um colaborador faltar no dia de ponto facultativo, ele pode receber descontos em seu sal\u00e1rio normalmente.<\/span><\/p>\n<p><span style=\"font-weight: 400;\">No entanto, caso a empresa deseje aplicar a folga no ponto facultativo, o ideal \u00e9 que o colaborador realize a compensa\u00e7\u00e3o das horas que n\u00e3o ser\u00e3o trabalhadas.<\/span><\/p>\n<p><span style=\"font-weight: 400;\">Assim, ser\u00e1 necess\u00e1rio gerar horas extras para que elas sejam compensadas no dia do ponto facultativo.<\/span><\/p>\n<p><span style=\"font-weight: 400;\">Uma das formas de gerenciar estas horas \u00e9 por meio de um controle de horas extras. E voc\u00ea pode baixar a nossa planilha agora e j\u00e1 come\u00e7ar a planejar as compensa\u00e7\u00f5es da sua equipe!<\/span><\/p>\n<p><span style=\"font-weight: 400;\">\n\t\t<!--HubSpot Call-to-Action Code -->\n\t\t<span class=\"hs-cta-wrapper\" id=\"hs-cta-wrapper-81566fb5-4d0b-42f9-9a61-1de0874dcc44\">\n\t\t<span class=\"hs-cta-node hs-cta-81566fb5-4d0b-42f9-9a61-1de0874dcc44\" id=\"81566fb5-4d0b-42f9-9a61-1de0874dcc44\">\n\t\t<!--[if lte IE 8]>\n\t\t<div id=\"hs-cta-ie-element\"><\/div>\n\t\t<![endif]-->\n\t\t<a href=\"https:\/\/cta-redirect.hubspot.com\/cta\/redirect\/20984162\/81566fb5-4d0b-42f9-9a61-1de0874dcc44\" >\n\t\t<img decoding=\"async\" class=\"hs-cta-img\" id=\"hs-cta-img-81566fb5-4d0b-42f9-9a61-1de0874dcc44\" style=\"border-width:0px;\" src=\"https:\/\/no-cache.hubspot.com\/cta\/default\/20984162\/81566fb5-4d0b-42f9-9a61-1de0874dcc44.png\"  alt=\"New call-to-action\"\/>\n\t\t<\/a>\n\t\t<\/span>\n\t\t<script charset=\"utf-8\" src=\"\/\/js.hubspot.com\/cta\/current.js\"><\/script>\n\t\t<script>\n\t\thbspt.cta.load(20984162, '81566fb5-4d0b-42f9-9a61-1de0874dcc44', {});\n\t\t<\/script>\n\t\t<\/span>\n\t\t<!-- end HubSpot Call-to-Action Code -->\n\t\t<\/span><\/p>\n","protected":false},"excerpt":{"rendered":"<p>O ponto facultativo ainda \u00e9 um aspecto que gera bastante d\u00favida entre os profissionais de gest\u00e3o e empreendedores. Afinal, nem sempre todos conhecem o seu significado, como funciona e a diferen\u00e7a entre ele e os feriados. E para esclarecer estas e outras d\u00favidas, vamos detalhar o que \u00e9 o ponto facultativo e como ele se [&hellip;]<\/p>\n","protected":false},"author":16,"featured_media":31644,"comment_status":"closed","ping_status":"open","sticky":false,"template":"","format":"standard","meta":{"content-type":"","footnotes":""},"categories":[15965],"tags":[],"yoast_head":"<!-- This site is optimized with the Yoast SEO Premium plugin v22.2 (Yoast SEO v22.2) - https:\/\/yoast.com\/wordpress\/plugins\/seo\/ -->\n<title>Ponto Facultativo: O que \u00e9? Quais os principais? - Oitchau<\/title>\n<meta name=\"description\" content=\"Descubra o que \u00e9 o ponto facultativo, qual a sua diferen\u00e7a dos feriados e quais s\u00e3o os principais pontos facultativos no Brasil!\" \/>\n<meta name=\"robots\" content=\"index, follow, max-snippet:-1, max-image-preview:large, max-video-preview:-1\" \/>\n<link rel=\"canonical\" href=\"https:\/\/www.oitchau.com.br\/blog\/ponto-facultativo-o-que-e-como-funciona\/\" \/>\n<meta property=\"og:locale\" content=\"pt_BR\" \/>\n<meta property=\"og:type\" content=\"article\" \/>\n<meta property=\"og:title\" content=\"Ponto facultativo: o que \u00e9 e como funciona?\" \/>\n<meta property=\"og:description\" content=\"Descubra o que \u00e9 o ponto facultativo, qual a sua diferen\u00e7a dos feriados e quais s\u00e3o os principais pontos facultativos no Brasil!\" \/>\n<meta property=\"og:url\" content=\"https:\/\/www.oitchau.com.br\/blog\/ponto-facultativo-o-que-e-como-funciona\/\" \/>\n<meta property=\"og:site_name\" content=\"Controle de Ponto &amp; Timesheets\" \/>\n<meta property=\"article:publisher\" content=\"https:\/\/www.facebook.com\/oitchaubr\/\" \/>\n<meta property=\"article:published_time\" content=\"2019-09-20T20:37:59+00:00\" \/>\n<meta property=\"article:modified_time\" content=\"2024-02-07T11:20:45+00:00\" \/>\n<meta property=\"og:image\" content=\"https:\/\/storage.googleapis.com\/oitchaublog\/2019\/09\/35ebfef7-ponto-facultativo.png\" \/>\n\t<meta property=\"og:image:width\" content=\"1982\" \/>\n\t<meta property=\"og:image:height\" content=\"800\" \/>\n\t<meta property=\"og:image:type\" content=\"image\/png\" \/>\n<meta name=\"author\" content=\"Julia Neves\" \/>\n<meta name=\"twitter:card\" content=\"summary_large_image\" \/>\n<meta name=\"twitter:creator\" content=\"@oitchaubr\" \/>\n<meta name=\"twitter:site\" content=\"@oitchaubr\" \/>\n<meta name=\"twitter:label1\" content=\"Written by\" \/>\n\t<meta name=\"twitter:data1\" content=\"Julia Neves\" \/>\n\t<meta name=\"twitter:label2\" content=\"Est. reading time\" \/>\n\t<meta name=\"twitter:data2\" content=\"7 minutos\" \/>\n<script type=\"application\/ld+json\" class=\"yoast-schema-graph\">{\"@context\":\"https:\/\/schema.org\",\"@graph\":[{\"@type\":[\"Article\",\"BlogPosting\"],\"@id\":\"https:\/\/www.oitchau.com.br\/blog\/ponto-facultativo-o-que-e-como-funciona\/#article\",\"isPartOf\":{\"@id\":\"https:\/\/www.oitchau.com.br\/blog\/ponto-facultativo-o-que-e-como-funciona\/\"},\"author\":{\"name\":\"Julia Neves\",\"@id\":\"https:\/\/www.oitchau.com.br\/blog\/#\/schema\/person\/2d537dd5d364d6364dbe306bf11644f3\"},\"headline\":\"Ponto facultativo: o que \u00e9 e como funciona?\",\"datePublished\":\"2019-09-20T20:37:59+00:00\",\"dateModified\":\"2024-02-07T11:20:45+00:00\",\"mainEntityOfPage\":{\"@id\":\"https:\/\/www.oitchau.com.br\/blog\/ponto-facultativo-o-que-e-como-funciona\/\"},\"wordCount\":2047,\"publisher\":{\"@id\":\"https:\/\/www.oitchau.com.br\/blog\/#organization\"},\"image\":{\"@id\":\"https:\/\/www.oitchau.com.br\/blog\/ponto-facultativo-o-que-e-como-funciona\/#primaryimage\"},\"thumbnailUrl\":\"https:\/\/storage.googleapis.com\/oitchaublog\/2019\/09\/35ebfef7-ponto-facultativo.png\",\"articleSection\":[\"Jornada &amp; Ponto\"],\"inLanguage\":\"pt-BR\"},{\"@type\":\"WebPage\",\"@id\":\"https:\/\/www.oitchau.com.br\/blog\/ponto-facultativo-o-que-e-como-funciona\/\",\"url\":\"https:\/\/www.oitchau.com.br\/blog\/ponto-facultativo-o-que-e-como-funciona\/\",\"name\":\"Ponto Facultativo: O que \u00e9? Quais os principais? - Oitchau\",\"isPartOf\":{\"@id\":\"https:\/\/www.oitchau.com.br\/blog\/#website\"},\"primaryImageOfPage\":{\"@id\":\"https:\/\/www.oitchau.com.br\/blog\/ponto-facultativo-o-que-e-como-funciona\/#primaryimage\"},\"image\":{\"@id\":\"https:\/\/www.oitchau.com.br\/blog\/ponto-facultativo-o-que-e-como-funciona\/#primaryimage\"},\"thumbnailUrl\":\"https:\/\/storage.googleapis.com\/oitchaublog\/2019\/09\/35ebfef7-ponto-facultativo.png\",\"datePublished\":\"2019-09-20T20:37:59+00:00\",\"dateModified\":\"2024-02-07T11:20:45+00:00\",\"description\":\"Descubra o que \u00e9 o ponto facultativo, qual a sua diferen\u00e7a dos feriados e quais s\u00e3o os principais pontos facultativos no Brasil!\",\"breadcrumb\":{\"@id\":\"https:\/\/www.oitchau.com.br\/blog\/ponto-facultativo-o-que-e-como-funciona\/#breadcrumb\"},\"inLanguage\":\"pt-BR\",\"potentialAction\":[{\"@type\":\"ReadAction\",\"target\":[\"https:\/\/www.oitchau.com.br\/blog\/ponto-facultativo-o-que-e-como-funciona\/\"]}]},{\"@type\":\"ImageObject\",\"inLanguage\":\"pt-BR\",\"@id\":\"https:\/\/www.oitchau.com.br\/blog\/ponto-facultativo-o-que-e-como-funciona\/#primaryimage\",\"url\":\"https:\/\/storage.googleapis.com\/oitchaublog\/2019\/09\/35ebfef7-ponto-facultativo.png\",\"contentUrl\":\"https:\/\/storage.googleapis.com\/oitchaublog\/2019\/09\/35ebfef7-ponto-facultativo.png\",\"width\":1982,\"height\":800,\"caption\":\"ilustra\u00e7\u00e3o de ponto facultativo\"},{\"@type\":\"BreadcrumbList\",\"@id\":\"https:\/\/www.oitchau.com.br\/blog\/ponto-facultativo-o-que-e-como-funciona\/#breadcrumb\",\"itemListElement\":[{\"@type\":\"ListItem\",\"position\":1,\"name\":\"Blog\",\"item\":\"https:\/\/www.oitchau.com.br\/blog\/\"},{\"@type\":\"ListItem\",\"position\":2,\"name\":\"Ponto facultativo: o que \u00e9 e como funciona?\"}]},{\"@type\":\"WebSite\",\"@id\":\"https:\/\/www.oitchau.com.br\/blog\/#website\",\"url\":\"https:\/\/www.oitchau.com.br\/blog\/\",\"name\":\"Controle de Ponto & Timesheets\",\"description\":\"\",\"publisher\":{\"@id\":\"https:\/\/www.oitchau.com.br\/blog\/#organization\"},\"potentialAction\":[{\"@type\":\"SearchAction\",\"target\":{\"@type\":\"EntryPoint\",\"urlTemplate\":\"https:\/\/www.oitchau.com.br\/blog\/?s={search_term_string}\"},\"query-input\":\"required name=search_term_string\"}],\"inLanguage\":\"pt-BR\"},{\"@type\":\"Organization\",\"@id\":\"https:\/\/www.oitchau.com.br\/blog\/#organization\",\"name\":\"Oitchau\",\"url\":\"https:\/\/www.oitchau.com.br\/blog\/\",\"logo\":{\"@type\":\"ImageObject\",\"inLanguage\":\"pt-BR\",\"@id\":\"https:\/\/www.oitchau.com.br\/blog\/#\/schema\/logo\/image\/\",\"url\":\"https:\/\/storage.googleapis.com\/oitchaublog\/2024\/03\/a0e65c6f-design-sem-nome-20.png\",\"contentUrl\":\"https:\/\/storage.googleapis.com\/oitchaublog\/2024\/03\/a0e65c6f-design-sem-nome-20.png\",\"width\":696,\"height\":696,\"caption\":\"Oitchau\"},\"image\":{\"@id\":\"https:\/\/www.oitchau.com.br\/blog\/#\/schema\/logo\/image\/\"},\"sameAs\":[\"https:\/\/www.facebook.com\/oitchaubr\/\",\"https:\/\/twitter.com\/oitchaubr\",\"https:\/\/instagram.com\/oitchaubr\"],\"description\":\"A Oitchau \u00e9 uma solu\u00e7\u00e3o completa para gest\u00e3o de tempo dos colaboradores, atrav\u00e9s de suas solu\u00e7\u00f5es de controle de ponto & timesheets, ela permite que gestores, RH e DP possam gerenciar desde a jornada de trabalho de funcion\u00e1rios at\u00e9 a gest\u00e3o de tempo em projetos. Elevando o n\u00edvel estrat\u00e9gico do neg\u00f3cio de forma inteligente e assertiva, potencializando seus resultados e garantindo compliance com a Lei.\",\"email\":\"contato@oitchau.com.br\",\"telephone\":\"+551142102846\",\"foundingDate\":\"2016-01-01\",\"numberOfEmployees\":{\"@type\":\"QuantitativeValue\",\"minValue\":\"51\",\"maxValue\":\"200\"}},{\"@type\":\"Person\",\"@id\":\"https:\/\/www.oitchau.com.br\/blog\/#\/schema\/person\/2d537dd5d364d6364dbe306bf11644f3\",\"name\":\"Julia Neves\",\"url\":\"https:\/\/www.oitchau.com.br\/blog\/author\/julia\/\"}]}<\/script>\n<!-- \/ Yoast SEO Premium plugin. -->","yoast_head_json":{"title":"Ponto Facultativo: O que \u00e9? Quais os principais? - Oitchau","description":"Descubra o que \u00e9 o ponto facultativo, qual a sua diferen\u00e7a dos feriados e quais s\u00e3o os principais pontos facultativos no Brasil!","robots":{"index":"index","follow":"follow","max-snippet":"max-snippet:-1","max-image-preview":"max-image-preview:large","max-video-preview":"max-video-preview:-1"},"canonical":"https:\/\/www.oitchau.com.br\/blog\/ponto-facultativo-o-que-e-como-funciona\/","og_locale":"pt_BR","og_type":"article","og_title":"Ponto facultativo: o que \u00e9 e como funciona?","og_description":"Descubra o que \u00e9 o ponto facultativo, qual a sua diferen\u00e7a dos feriados e quais s\u00e3o os principais pontos facultativos no Brasil!","og_url":"https:\/\/www.oitchau.com.br\/blog\/ponto-facultativo-o-que-e-como-funciona\/","og_site_name":"Controle de Ponto &amp; Timesheets","article_publisher":"https:\/\/www.facebook.com\/oitchaubr\/","article_published_time":"2019-09-20T20:37:59+00:00","article_modified_time":"2024-02-07T11:20:45+00:00","og_image":[{"width":1982,"height":800,"url":"https:\/\/storage.googleapis.com\/oitchaublog\/2019\/09\/35ebfef7-ponto-facultativo.png","type":"image\/png"}],"author":"Julia Neves","twitter_card":"summary_large_image","twitter_creator":"@oitchaubr","twitter_site":"@oitchaubr","twitter_misc":{"Written by":"Julia Neves","Est. reading time":"7 minutos"},"schema":{"@context":"https:\/\/schema.org","@graph":[{"@type":["Article","BlogPosting"],"@id":"https:\/\/www.oitchau.com.br\/blog\/ponto-facultativo-o-que-e-como-funciona\/#article","isPartOf":{"@id":"https:\/\/www.oitchau.com.br\/blog\/ponto-facultativo-o-que-e-como-funciona\/"},"author":{"name":"Julia Neves","@id":"https:\/\/www.oitchau.com.br\/blog\/#\/schema\/person\/2d537dd5d364d6364dbe306bf11644f3"},"headline":"Ponto facultativo: o que \u00e9 e como funciona?","datePublished":"2019-09-20T20:37:59+00:00","dateModified":"2024-02-07T11:20:45+00:00","mainEntityOfPage":{"@id":"https:\/\/www.oitchau.com.br\/blog\/ponto-facultativo-o-que-e-como-funciona\/"},"wordCount":2047,"publisher":{"@id":"https:\/\/www.oitchau.com.br\/blog\/#organization"},"image":{"@id":"https:\/\/www.oitchau.com.br\/blog\/ponto-facultativo-o-que-e-como-funciona\/#primaryimage"},"thumbnailUrl":"https:\/\/storage.googleapis.com\/oitchaublog\/2019\/09\/35ebfef7-ponto-facultativo.png","articleSection":["Jornada &amp; Ponto"],"inLanguage":"pt-BR"},{"@type":"WebPage","@id":"https:\/\/www.oitchau.com.br\/blog\/ponto-facultativo-o-que-e-como-funciona\/","url":"https:\/\/www.oitchau.com.br\/blog\/ponto-facultativo-o-que-e-como-funciona\/","name":"Ponto Facultativo: O que \u00e9? Quais os principais? - Oitchau","isPartOf":{"@id":"https:\/\/www.oitchau.com.br\/blog\/#website"},"primaryImageOfPage":{"@id":"https:\/\/www.oitchau.com.br\/blog\/ponto-facultativo-o-que-e-como-funciona\/#primaryimage"},"image":{"@id":"https:\/\/www.oitchau.com.br\/blog\/ponto-facultativo-o-que-e-como-funciona\/#primaryimage"},"thumbnailUrl":"https:\/\/storage.googleapis.com\/oitchaublog\/2019\/09\/35ebfef7-ponto-facultativo.png","datePublished":"2019-09-20T20:37:59+00:00","dateModified":"2024-02-07T11:20:45+00:00","description":"Descubra o que \u00e9 o ponto facultativo, qual a sua diferen\u00e7a dos feriados e quais s\u00e3o os principais pontos facultativos no Brasil!","breadcrumb":{"@id":"https:\/\/www.oitchau.com.br\/blog\/ponto-facultativo-o-que-e-como-funciona\/#breadcrumb"},"inLanguage":"pt-BR","potentialAction":[{"@type":"ReadAction","target":["https:\/\/www.oitchau.com.br\/blog\/ponto-facultativo-o-que-e-como-funciona\/"]}]},{"@type":"ImageObject","inLanguage":"pt-BR","@id":"https:\/\/www.oitchau.com.br\/blog\/ponto-facultativo-o-que-e-como-funciona\/#primaryimage","url":"https:\/\/storage.googleapis.com\/oitchaublog\/2019\/09\/35ebfef7-ponto-facultativo.png","contentUrl":"https:\/\/storage.googleapis.com\/oitchaublog\/2019\/09\/35ebfef7-ponto-facultativo.png","width":1982,"height":800,"caption":"ilustra\u00e7\u00e3o de ponto facultativo"},{"@type":"BreadcrumbList","@id":"https:\/\/www.oitchau.com.br\/blog\/ponto-facultativo-o-que-e-como-funciona\/#breadcrumb","itemListElement":[{"@type":"ListItem","position":1,"name":"Blog","item":"https:\/\/www.oitchau.com.br\/blog\/"},{"@type":"ListItem","position":2,"name":"Ponto facultativo: o que \u00e9 e como funciona?"}]},{"@type":"WebSite","@id":"https:\/\/www.oitchau.com.br\/blog\/#website","url":"https:\/\/www.oitchau.com.br\/blog\/","name":"Controle de Ponto & Timesheets","description":"","publisher":{"@id":"https:\/\/www.oitchau.com.br\/blog\/#organization"},"potentialAction":[{"@type":"SearchAction","target":{"@type":"EntryPoint","urlTemplate":"https:\/\/www.oitchau.com.br\/blog\/?s={search_term_string}"},"query-input":"required name=search_term_string"}],"inLanguage":"pt-BR"},{"@type":"Organization","@id":"https:\/\/www.oitchau.com.br\/blog\/#organization","name":"Oitchau","url":"https:\/\/www.oitchau.com.br\/blog\/","logo":{"@type":"ImageObject","inLanguage":"pt-BR","@id":"https:\/\/www.oitchau.com.br\/blog\/#\/schema\/logo\/image\/","url":"https:\/\/storage.googleapis.com\/oitchaublog\/2024\/03\/a0e65c6f-design-sem-nome-20.png","contentUrl":"https:\/\/storage.googleapis.com\/oitchaublog\/2024\/03\/a0e65c6f-design-sem-nome-20.png","width":696,"height":696,"caption":"Oitchau"},"image":{"@id":"https:\/\/www.oitchau.com.br\/blog\/#\/schema\/logo\/image\/"},"sameAs":["https:\/\/www.facebook.com\/oitchaubr\/","https:\/\/twitter.com\/oitchaubr","https:\/\/instagram.com\/oitchaubr"],"description":"A Oitchau \u00e9 uma solu\u00e7\u00e3o completa para gest\u00e3o de tempo dos colaboradores, atrav\u00e9s de suas solu\u00e7\u00f5es de controle de ponto & timesheets, ela permite que gestores, RH e DP possam gerenciar desde a jornada de trabalho de funcion\u00e1rios at\u00e9 a gest\u00e3o de tempo em projetos. Elevando o n\u00edvel estrat\u00e9gico do neg\u00f3cio de forma inteligente e assertiva, potencializando seus resultados e garantindo compliance com a Lei.","email":"contato@oitchau.com.br","telephone":"+551142102846","foundingDate":"2016-01-01","numberOfEmployees":{"@type":"QuantitativeValue","minValue":"51","maxValue":"200"}},{"@type":"Person","@id":"https:\/\/www.oitchau.com.br\/blog\/#\/schema\/person\/2d537dd5d364d6364dbe306bf11644f3","name":"Julia Neves","url":"https:\/\/www.oitchau.com.br\/blog\/author\/julia\/"}]}},"_links":{"self":[{"href":"https:\/\/www.oitchau.com.br\/blog\/wp-json\/wp\/v2\/posts\/4328"}],"collection":[{"href":"https:\/\/www.oitchau.com.br\/blog\/wp-json\/wp\/v2\/posts"}],"about":[{"href":"https:\/\/www.oitchau.com.br\/blog\/wp-json\/wp\/v2\/types\/post"}],"author":[{"embeddable":true,"href":"https:\/\/www.oitchau.com.br\/blog\/wp-json\/wp\/v2\/users\/16"}],"replies":[{"embeddable":true,"href":"https:\/\/www.oitchau.com.br\/blog\/wp-json\/wp\/v2\/comments?post=4328"}],"version-history":[{"count":4,"href":"https:\/\/www.oitchau.com.br\/blog\/wp-json\/wp\/v2\/posts\/4328\/revisions"}],"predecessor-version":[{"id":32918,"href":"https:\/\/www.oitchau.com.br\/blog\/wp-json\/wp\/v2\/posts\/4328\/revisions\/32918"}],"wp:featuredmedia":[{"embeddable":true,"href":"https:\/\/www.oitchau.com.br\/blog\/wp-json\/wp\/v2\/media\/31644"}],"wp:attachment":[{"href":"https:\/\/www.oitchau.com.br\/blog\/wp-json\/wp\/v2\/media?parent=4328"}],"wp:term":[{"taxonomy":"category","embeddable":true,"href":"https:\/\/www.oitchau.com.br\/blog\/wp-json\/wp\/v2\/categories?post=4328"},{"taxonomy":"post_tag","embeddable":true,"href":"https:\/\/www.oitchau.com.br\/blog\/wp-json\/wp\/v2\/tags?post=4328"}],"curies":[{"name":"wp","href":"https:\/\/api.w.org\/{rel}","templated":true}]}}