{"id":4233,"date":"2019-10-02T21:03:25","date_gmt":"2019-10-02T18:03:25","guid":{"rendered":"https:\/\/www.oitchau.com.br\/blog\/?p=4233"},"modified":"2024-04-16T14:54:42","modified_gmt":"2024-04-16T11:54:42","slug":"licenca-paternidade","status":"publish","type":"post","link":"https:\/\/www.oitchau.com.br\/blog\/licenca-paternidade\/","title":{"rendered":"Licen\u00e7a paternidade: veja como funciona!"},"content":{"rendered":"<p><span style=\"font-weight: 400;\">A chegada de um beb\u00ea \u00e9 um momento emocionante na vida de qualquer fam\u00edlia, e para os pais, especialmente, \u00e9 um per\u00edodo de grande expectativa e responsabilidade. <\/span><span style=\"font-weight: 400;\">Nesse contexto, a licen\u00e7a paternidade desempenha um papel fundamental, garantindo aos pais o direito de dedicarem tempo \u00e0 adapta\u00e7\u00e3o e cuidado com o novo membro da fam\u00edlia.\u00a0<\/span><\/p>\n<p><span style=\"font-weight: 400;\">E \u00e9 exatamente por isso que neste artigo vamos explicar detalhadamente como funciona a licen\u00e7a paternidade, abordando quest\u00f5es como sua dura\u00e7\u00e3o, quem tem direito a ela e como solicitar.\u00a0<\/span><\/p>\n<p><span style=\"font-weight: 400;\">Acompanhe!<\/span><\/p>\n<ul>\n<li><a href=\"https:\/\/www.oitchau.com.br\/blog\/licenca-paternidade\/#:~:text=com%20a%20empresa-,O%20que%20%C3%A9%20a%20licen%C3%A7a%20paternidade%3F,-A%20licen%C3%A7a%20paternidade\"><span style=\"font-weight: 400;\">O que \u00e9 a licen\u00e7a paternidade?<\/span><\/a>\n<ul>\n<li><a href=\"https:\/\/www.oitchau.com.br\/blog\/licenca-paternidade\/#:~:text=momentos%20de%20vida.-,O%20que%20diz%20a%20CLT%20sobre%20a%20licen%C3%A7a%20paternidade%3F,-A%20CLT%20estabelece\"><span style=\"font-weight: 400;\">O que diz a CLT sobre a licen\u00e7a paternidade?<\/span><\/a><\/li>\n<\/ul>\n<\/li>\n<li><a href=\"https:\/\/www.oitchau.com.br\/blog\/licenca-paternidade\/#:~:text=at%C3%A9%2020%20dias.-,Como%20funciona%20a%20licen%C3%A7a%20paternidade%3F,-Como%20vimos%2C%20a\"><span style=\"font-weight: 400;\">Como funciona a licen\u00e7a paternidade?<\/span><\/a>\n<ul>\n<li><a href=\"https:\/\/www.oitchau.com.br\/blog\/licenca-paternidade\/#:~:text=per%C3%ADodo%20de%20afastamento.-,Quantos%20dias%20de%20licen%C3%A7a%20paternidade%20na%20CLT%3F,-De%20acordo%20com\"><span style=\"font-weight: 400;\">Quantos dias de licen\u00e7a paternidade na CLT?<\/span><\/a><\/li>\n<li><a href=\"https:\/\/www.oitchau.com.br\/blog\/licenca-paternidade\/#:~:text=dias%20de%20vida.-,Quem%20tem%20direito%20%C3%A0%20licen%C3%A7a%20paternidade%20de%2020%20dias%3F,-A%20licen%C3%A7a%20paternidade\"><span style=\"font-weight: 400;\">Quem tem direito \u00e0 licen\u00e7a paternidade de 20 dias?<\/span><\/a><\/li>\n<li><a href=\"https:\/\/www.oitchau.com.br\/blog\/licenca-paternidade\/#:~:text=extens%C3%A3o%20do%20per%C3%ADodo.-,%C3%89%20poss%C3%ADvel%20prorrogar%20a%20licen%C3%A7a%20paternidade%3F,-A%20possibilidade%20de\"><span style=\"font-weight: 400;\">\u00c9 poss\u00edvel prorrogar a licen\u00e7a paternidade?<\/span><\/a><\/li>\n<li><a href=\"https:\/\/www.oitchau.com.br\/blog\/licenca-paternidade\/#:~:text=internas%20da%20organiza%C3%A7%C3%A3o.-,Pais%20adotivos%20t%C3%AAm%20direito%20%C3%A0%20licen%C3%A7a%20paternidade%3F,-Sim%2C%20pais%20adotivos\"><span style=\"font-weight: 400;\">Pais adotivos t\u00eam direito \u00e0 licen\u00e7a paternidade?<\/span><\/a><\/li>\n<\/ul>\n<\/li>\n<li><a href=\"https:\/\/www.oitchau.com.br\/blog\/licenca-paternidade\/#:~:text=Como%20contar%20os%205%20dias%20da%20licen%C3%A7a%3F\"><span style=\"font-weight: 400;\">Como contar os 5 dias da licen\u00e7a paternidade?<\/span><\/a><\/li>\n<li><a href=\"https:\/\/www.oitchau.com.br\/blog\/licenca-paternidade\/#:~:text=per%C3%ADodo%20de%20afastamento.-,O%20colaborador%20est%C3%A1%20de%20f%C3%A9rias%20e%20o%20filho%20nasceu.%20Como%20funciona%3F,-Se%20um%20colaborador\"><span style=\"font-weight: 400;\">O colaborador est\u00e1 de f\u00e9rias e o filho nasceu. Como funciona?<\/span><\/a><\/li>\n<li><a href=\"https:\/\/www.oitchau.com.br\/blog\/licenca-paternidade\/#:~:text=Como%20dar%20entrada%20na%20licen%C3%A7a%3F\"><span style=\"font-weight: 400;\">Como dar entrada na licen\u00e7a paternidade?<\/span><\/a>\n<ul>\n<li><a href=\"https:\/\/www.oitchau.com.br\/blog\/licenca-paternidade\/#:~:text=como%20proceder.%20Veja%3A-,Informe%20%C3%A0%20empresa,-Assim%20que%20o\"><span style=\"font-weight: 400;\">Informe \u00e0 empresa<\/span><\/a><\/li>\n<li><a href=\"https:\/\/www.oitchau.com.br\/blog\/licenca-paternidade\/#:~:text=interno%20da%20empresa.-,Apresente%20a%20documenta%C3%A7%C3%A3o%20necess%C3%A1ria,-Ap%C3%B3s%20o%20nascimento\"><span style=\"font-weight: 400;\">Apresente a documenta\u00e7\u00e3o necess\u00e1ria<\/span><\/a><\/li>\n<li><a href=\"https:\/\/www.oitchau.com.br\/blog\/licenca-paternidade\/#:~:text=documenta%C3%A7%C3%A3o%20judicial%20correspondente.-,Verifique%20os%20procedimentos%20internos%20da%20empresa,-Cada%20empresa%20pode\"><span style=\"font-weight: 400;\">Verifique os procedimentos internos da empresa<\/span><\/a><\/li>\n<li><a href=\"https:\/\/www.oitchau.com.br\/blog\/licenca-paternidade\/#:~:text=fornecidas%20pela%20empresa.-,Respeite%20os%20prazos,-%C3%89%20importante%20respeitar\"><span style=\"font-weight: 400;\">Respeite os prazos<\/span><\/a><\/li>\n<li><a href=\"https:\/\/www.oitchau.com.br\/blog\/licenca-paternidade\/#:~:text=aus%C3%AAncia%20do%20colaborador.-,Mantenha%2Dse%20em%20contato%20com%20a%20empresa,-Durante%20o%20per%C3%ADodo\"><span style=\"font-weight: 400;\">Mantenha-se em contato com a empresa<\/span><\/a><\/li>\n<\/ul>\n<\/li>\n<\/ul>\n<h2><b>O que \u00e9 a licen\u00e7a paternidade?<\/b><\/h2>\n<p><span style=\"font-weight: 400;\">A licen\u00e7a paternidade \u00e9 um direito concedido aos pais para que possam se ausentar do trabalho e dedicar tempo ao cuidado de seus filhos rec\u00e9m-nascidos ou adotados nos primeiros dias de vida.<\/span><\/p>\n<p><span style=\"font-weight: 400;\">Esse per\u00edodo de <\/span><a href=\"https:\/\/www.oitchau.com.br\/blog\/licenca-remunerada-tudo-que-voce-precisa-saber\/\"><span style=\"font-weight: 400;\">afastamento remunerado<\/span><\/a><span style=\"font-weight: 400;\"> tem como objetivo promover o v\u00ednculo familiar e garantir os cuidados necess\u00e1rios com o beb\u00ea durante os primeiros momentos de vida.<\/span><\/p>\n<p><span data-sheets-root=\"1\" data-sheets-value=\"{&quot;1&quot;:2,&quot;2&quot;:&quot;\n\t\t&lt;!--HubSpot Call-to-Action Code --&gt;\n\t\t&lt;span class=&quot;hs-cta-wrapper&quot; id=&quot;hs-cta-wrapper-96076816-f212-465a-af54-a08f74320c76&quot;&gt;\n\t\t&lt;span class=&quot;hs-cta-node hs-cta-96076816-f212-465a-af54-a08f74320c76&quot; id=&quot;96076816-f212-465a-af54-a08f74320c76&quot;&gt;\n\t\t&lt;!--[if lte IE 8]&gt;\n\t\t&lt;div id=&quot;hs-cta-ie-element&quot;&gt;&lt;\/div&gt;\n\t\t&lt;![endif]--&gt;\n\t\t&lt;a href=&quot;https:\/\/cta-redirect.hubspot.com\/cta\/redirect\/20984162\/96076816-f212-465a-af54-a08f74320c76&quot; &gt;\n\t\t&lt;img class=&quot;hs-cta-img&quot; id=&quot;hs-cta-img-96076816-f212-465a-af54-a08f74320c76&quot; style=&quot;border-width:0px;&quot; src=&quot;https:\/\/no-cache.hubspot.com\/cta\/default\/20984162\/96076816-f212-465a-af54-a08f74320c76.png&quot;  alt=&quot;New call-to-action&quot;\/&gt;\n\t\t&lt;\/a&gt;\n\t\t&lt;\/span&gt;\n\t\t&lt;script charset=&quot;utf-8&quot; src=&quot;\/\/js.hubspot.com\/cta\/current.js&quot;&gt;&lt;\/script&gt;\n\t\t&lt;script&gt;\n\t\thbspt.cta.load(20984162, &#039;96076816-f212-465a-af54-a08f74320c76&#039;, {});\n\t\t&lt;\/script&gt;\n\t\t&lt;\/span&gt;\n\t\t&lt;!-- end HubSpot Call-to-Action Code --&gt;\n\t\t&quot;}\" data-sheets-userformat=\"{&quot;2&quot;:897,&quot;3&quot;:{&quot;1&quot;:0},&quot;10&quot;:1,&quot;11&quot;:4,&quot;12&quot;:0}\">\n\t\t<!--HubSpot Call-to-Action Code -->\n\t\t<span class=\"hs-cta-wrapper\" id=\"hs-cta-wrapper-96076816-f212-465a-af54-a08f74320c76\">\n\t\t<span class=\"hs-cta-node hs-cta-96076816-f212-465a-af54-a08f74320c76\" id=\"96076816-f212-465a-af54-a08f74320c76\">\n\t\t<!--[if lte IE 8]>\n\t\t<div id=\"hs-cta-ie-element\"><\/div>\n\t\t<![endif]-->\n\t\t<a href=\"https:\/\/cta-redirect.hubspot.com\/cta\/redirect\/20984162\/96076816-f212-465a-af54-a08f74320c76\" >\n\t\t<img decoding=\"async\" class=\"hs-cta-img\" id=\"hs-cta-img-96076816-f212-465a-af54-a08f74320c76\" style=\"border-width:0px;\" src=\"https:\/\/no-cache.hubspot.com\/cta\/default\/20984162\/96076816-f212-465a-af54-a08f74320c76.png\"  alt=\"New call-to-action\"\/>\n\t\t<\/a>\n\t\t<\/span>\n\t\t<script charset=\"utf-8\" src=\"\/\/js.hubspot.com\/cta\/current.js\"><\/script>\n\t\t<script>\n\t\thbspt.cta.load(20984162, '96076816-f212-465a-af54-a08f74320c76', {});\n\t\t<\/script>\n\t\t<\/span>\n\t\t<!-- end HubSpot Call-to-Action Code -->\n\t\t<\/span><\/p>\n<h3><b>O que diz a CLT sobre a licen\u00e7a paternidade?<\/b><\/h3>\n<p><span style=\"font-weight: 400;\">A CLT estabelece os direitos trabalhistas dos trabalhadores, incluindo disposi\u00e7\u00f5es relacionadas \u00e0 licen\u00e7a paternidade.<\/span><\/p>\n<p><span style=\"font-weight: 400;\">De acordo com a CLT, os pais t\u00eam direito a 5 dias corridos de licen\u00e7a paternidade para cuidar de seus filhos rec\u00e9m-nascidos ou adotados.<\/span><\/p>\n<p><span style=\"font-weight: 400;\">Essa licen\u00e7a est\u00e1 prevista no artigo 473 da CLT, que trata das hip\u00f3teses de aus\u00eancia do trabalho sem preju\u00edzo do sal\u00e1rio.<\/span><\/p>\n<p><span style=\"font-weight: 400;\">Al\u00e9m disso, o inciso III deste artigo prev\u00ea a licen\u00e7a paternidade como uma das situa\u00e7\u00f5es em que o colaborador pode se ausentar do trabalho sem preju\u00edzo de sua remunera\u00e7\u00e3o.<\/span><\/p>\n<p><i><span style=\"font-weight: 400;\">Art. 473 &#8211; O empregado poder\u00e1 deixar de comparecer ao servi\u00e7o sem preju\u00edzo do sal\u00e1rio:<\/span><\/i><\/p>\n<p><i><span style=\"font-weight: 400;\">III &#8211; por 5 (cinco) dias consecutivos, em caso de nascimento de filho, de ado\u00e7\u00e3o ou de guarda compartilhada;<\/span><\/i><\/p>\n<p><span style=\"font-weight: 400;\">Al\u00e9m dos 5 dias garantidos pela CLT, existem outras disposi\u00e7\u00f5es legais que podem ampliar o per\u00edodo de licen\u00e7a paternidade.<\/span><\/p>\n<p><span style=\"font-weight: 400;\">Por exemplo, o Programa Empresa Cidad\u00e3 permite que as empresas que aderirem ao programa concedam aos seus colaboradores uma licen\u00e7a paternidade estendida de at\u00e9 20 dias.<\/span><\/p>\n<h2><b>Como funciona a licen\u00e7a paternidade?<\/b><\/h2>\n<p><span style=\"font-weight: 400;\">Como vimos, a licen\u00e7a paternidade \u00e9 um benef\u00edcio concedido aos pais para que possam se ausentar do trabalho e cuidar de seus filhos rec\u00e9m-nascidos ou adotados nos primeiros dias de vida.<\/span><\/p>\n<ul>\n<li style=\"font-weight: 400;\" aria-level=\"1\"><span style=\"font-weight: 400;\">Dura\u00e7\u00e3o de 5 dias: para a maioria dos pais empregados sob o regime CLT, a dura\u00e7\u00e3o \u00e9 de 5 dias corridos, come\u00e7ando a partir do dia do nascimento do filho;<\/span><\/li>\n<li style=\"font-weight: 400;\" aria-level=\"1\"><span style=\"font-weight: 400;\">Extens\u00e3o para at\u00e9 20 dias: empregados de empresas que aderiram ao programa Empresa Cidad\u00e3 podem ter a licen\u00e7a estendida para at\u00e9 20 dias. A ades\u00e3o ao programa \u00e9 volunt\u00e1ria por parte das empresas, que em troca recebem incentivos fiscais;<\/span><\/li>\n<li style=\"font-weight: 400;\" aria-level=\"1\"><span style=\"font-weight: 400;\">Remunera\u00e7\u00e3o: a licen\u00e7a \u00e9 remunerada integralmente, e o pai recebe seu sal\u00e1rio normal durante o per\u00edodo de afastamento.<\/span><\/li>\n<\/ul>\n<h3><b>Quantos dias de licen\u00e7a paternidade na CLT?<\/b><\/h3>\n<p><span style=\"font-weight: 400;\">De acordo com a CLT, os pais t\u00eam direito a 5 dias corridos de aus\u00eancia ao trabalho a t\u00edtulo de licen\u00e7a.<\/span><\/p>\n<p><span style=\"font-weight: 400;\">Como vimos, esse per\u00edodo \u00e9 estabelecido pela legisla\u00e7\u00e3o trabalhista e tem como objetivo permitir que os pais dediquem tempo aos cuidados com o filho rec\u00e9m-nascido ou adotado nos primeiros dias de vida.<\/span><\/p>\n<h3><span style=\"font-weight: 400;\">Quem tem direito \u00e0 licen\u00e7a paternidade de 20 dias?<\/span><\/h3>\n<p><span style=\"font-weight: 400;\">A licen\u00e7a paternidade estendida de 20 dias \u00e9 um benef\u00edcio concedido a alguns pais em situa\u00e7\u00f5es espec\u00edficas.<\/span><\/p>\n<p><span style=\"font-weight: 400;\">Esse direito \u00e9 garantido apenas aos colaboradores de empresas que participam do Programa Empresa Cidad\u00e3, uma iniciativa governamental que visa incentivar a\u00e7\u00f5es de responsabilidade social por parte das organiza\u00e7\u00f5es.<\/span><\/p>\n<p><span style=\"font-weight: 400;\">Dessa forma, para usufruir da licen\u00e7a paternidade de 20 dias, o pai precisa trabalhar em uma empresa que aderiu ao Programa Empresa Cidad\u00e3 e cumprir os requisitos estabelecidos pela legisla\u00e7\u00e3o.<\/span><\/p>\n<p><span style=\"font-weight: 400;\">Esses requisitos podem variar, mas incluem a comprova\u00e7\u00e3o do nascimento ou ado\u00e7\u00e3o do filho, al\u00e9m do cumprimento de outros crit\u00e9rios espec\u00edficos definidos pelo programa.<\/span><\/p>\n<p><span style=\"font-weight: 400;\">\u00c9 importante ressaltar que nem todos os pais t\u00eam direito \u00e0 licen\u00e7a paternidade de 20 dias. Esse benef\u00edcio \u00e9 concedido apenas em casos espec\u00edficos e est\u00e1 sujeito \u00e0s regras e regulamentos do Programa Empresa Cidad\u00e3.<\/span><\/p>\n<p><span style=\"font-weight: 400;\">A empresa tamb\u00e9m pode oferecer <\/span><a href=\"https:\/\/www.oitchau.com.br\/blog\/como-construir-politica-de-beneficios\/\"><span style=\"font-weight: 400;\">pol\u00edticas internas<\/span><\/a><span style=\"font-weight: 400;\"> pr\u00f3prias, garantindo a extens\u00e3o do per\u00edodo.<\/span><\/p>\n<h3><span style=\"font-weight: 400;\">\u00c9 poss\u00edvel prorrogar a licen\u00e7a paternidade?<\/span><\/h3>\n<p><span style=\"font-weight: 400;\">A possibilidade de prorrogar a licen\u00e7a depende de a empresa estar inscrita no programa Empresa Cidad\u00e3. Originalmente, a licen\u00e7a paternidade garantida pela lei \u00e9 de 5 dias corridos. Entretanto, com a ades\u00e3o ao programa Empresa Cidad\u00e3, as empresas podem estender essa licen\u00e7a para at\u00e9 20 dias.<\/span><\/p>\n<p><span style=\"font-weight: 400;\">No entanto, a prorroga\u00e7\u00e3o para al\u00e9m dos 20 dias s\u00f3 pode ser feita por meio da oferta do benef\u00edcio descrito em pol\u00edticas internas da organiza\u00e7\u00e3o.<\/span><\/p>\n<p><span data-sheets-root=\"1\" data-sheets-value=\"{&quot;1&quot;:2,&quot;2&quot;:&quot;\n\t\t&lt;!--HubSpot Call-to-Action Code --&gt;\n\t\t&lt;span class=&quot;hs-cta-wrapper&quot; id=&quot;hs-cta-wrapper-96076816-f212-465a-af54-a08f74320c76&quot;&gt;\n\t\t&lt;span class=&quot;hs-cta-node hs-cta-96076816-f212-465a-af54-a08f74320c76&quot; id=&quot;96076816-f212-465a-af54-a08f74320c76&quot;&gt;\n\t\t&lt;!--[if lte IE 8]&gt;\n\t\t&lt;div id=&quot;hs-cta-ie-element&quot;&gt;&lt;\/div&gt;\n\t\t&lt;![endif]--&gt;\n\t\t&lt;a href=&quot;https:\/\/cta-redirect.hubspot.com\/cta\/redirect\/20984162\/96076816-f212-465a-af54-a08f74320c76&quot; &gt;\n\t\t&lt;img class=&quot;hs-cta-img&quot; id=&quot;hs-cta-img-96076816-f212-465a-af54-a08f74320c76&quot; style=&quot;border-width:0px;&quot; src=&quot;https:\/\/no-cache.hubspot.com\/cta\/default\/20984162\/96076816-f212-465a-af54-a08f74320c76.png&quot;  alt=&quot;New call-to-action&quot;\/&gt;\n\t\t&lt;\/a&gt;\n\t\t&lt;\/span&gt;\n\t\t&lt;script charset=&quot;utf-8&quot; src=&quot;\/\/js.hubspot.com\/cta\/current.js&quot;&gt;&lt;\/script&gt;\n\t\t&lt;script&gt;\n\t\thbspt.cta.load(20984162, &#039;96076816-f212-465a-af54-a08f74320c76&#039;, {});\n\t\t&lt;\/script&gt;\n\t\t&lt;\/span&gt;\n\t\t&lt;!-- end HubSpot Call-to-Action Code --&gt;\n\t\t&quot;}\" data-sheets-userformat=\"{&quot;2&quot;:897,&quot;3&quot;:{&quot;1&quot;:0},&quot;10&quot;:1,&quot;11&quot;:4,&quot;12&quot;:0}\">\n\t\t<!--HubSpot Call-to-Action Code -->\n\t\t<span class=\"hs-cta-wrapper\" id=\"hs-cta-wrapper-96076816-f212-465a-af54-a08f74320c76\">\n\t\t<span class=\"hs-cta-node hs-cta-96076816-f212-465a-af54-a08f74320c76\" id=\"96076816-f212-465a-af54-a08f74320c76\">\n\t\t<!--[if lte IE 8]>\n\t\t<div id=\"hs-cta-ie-element\"><\/div>\n\t\t<![endif]-->\n\t\t<a href=\"https:\/\/cta-redirect.hubspot.com\/cta\/redirect\/20984162\/96076816-f212-465a-af54-a08f74320c76\" >\n\t\t<img decoding=\"async\" class=\"hs-cta-img\" id=\"hs-cta-img-96076816-f212-465a-af54-a08f74320c76\" style=\"border-width:0px;\" src=\"https:\/\/no-cache.hubspot.com\/cta\/default\/20984162\/96076816-f212-465a-af54-a08f74320c76.png\"  alt=\"New call-to-action\"\/>\n\t\t<\/a>\n\t\t<\/span>\n\t\t<script charset=\"utf-8\" src=\"\/\/js.hubspot.com\/cta\/current.js\"><\/script>\n\t\t<script>\n\t\thbspt.cta.load(20984162, '96076816-f212-465a-af54-a08f74320c76', {});\n\t\t<\/script>\n\t\t<\/span>\n\t\t<!-- end HubSpot Call-to-Action Code -->\n\t\t<\/span><\/p>\n<h3><span style=\"font-weight: 400;\">Pais adotivos t\u00eam direito \u00e0 licen\u00e7a paternidade?<\/span><\/h3>\n<p><span style=\"font-weight: 400;\">Sim, pais adotivos t\u00eam direito \u00e0 licen\u00e7a no Brasil.\u00a0<\/span><\/p>\n<p><span style=\"font-weight: 400;\">A legisla\u00e7\u00e3o trabalhista brasileira trata a ado\u00e7\u00e3o com os mesmos direitos concedidos aos pais biol\u00f3gicos em rela\u00e7\u00e3o \u00e0 licen\u00e7a paternidade.\u00a0<\/span><\/p>\n<p><span style=\"font-weight: 400;\">Isso significa que, assim como os pais biol\u00f3gicos, os pais adotivos tamb\u00e9m t\u00eam direito a se afastar do trabalho para se dedicar ao cuidado e \u00e0 adapta\u00e7\u00e3o da crian\u00e7a rec\u00e9m-chegada \u00e0 fam\u00edlia.<\/span><\/p>\n<h2><b>Como contar os 5 dias da licen\u00e7a?<\/b><\/h2>\n<p><span style=\"font-weight: 400;\">Os dias s\u00e3o contados a partir do primeiro dia \u00fatil ap\u00f3s o nascimento do filho. Por exemplo, se o beb\u00ea nasceu em uma segunda-feira, o pai poder\u00e1 se ausentar do trabalho a partir dessa data e contar 5 dias corridos, incluindo os dias \u00fateis da semana.<\/span><\/p>\n<p><span style=\"font-weight: 400;\">Se houver feriados ou folgas durante esse per\u00edodo, eles tamb\u00e9m ser\u00e3o considerados na contagem. Afinal, a licen\u00e7a paternidade \u00e9 sempre contada em dias corridos, independentemente de serem dias \u00fateis ou n\u00e3o.<\/span><\/p>\n<p><span style=\"font-weight: 400;\">Portanto, para calcular corretamente os 5 dias da licen\u00e7a paternidade, o pai deve apresentar o dia exato do nascimento do filho e come\u00e7ar a contar a partir do pr\u00f3ximo dia \u00fatil, incluindo todos os dias consecutivos at\u00e9 completar o per\u00edodo de afastamento.<\/span><\/p>\n<h2><b>O colaborador est\u00e1 de f\u00e9rias e o filho nasceu. Como funciona?<\/b><\/h2>\n<p><span style=\"font-weight: 400;\">Se um colaborador estiver de f\u00e9rias no momento em que seu filho nascer, ele ainda ter\u00e1 direito \u00e0 licen\u00e7a paternidade ap\u00f3s o t\u00e9rmino de suas <\/span><a href=\"https:\/\/www.oitchau.com.br\/features\/vacations\/\"><span style=\"font-weight: 400;\">f\u00e9rias<\/span><\/a><span style=\"font-weight: 400;\">.<\/span><\/p>\n<p><span style=\"font-weight: 400;\">Nesse caso, os dias de licen\u00e7a paternidade come\u00e7ar\u00e3o a contar a partir do retorno do colaborador ao trabalho.<\/span><\/p>\n<p><span style=\"font-weight: 400;\">Por exemplo, se um pai estiver de f\u00e9rias quando seu filho nascer e suas f\u00e9rias terminarem em uma segunda-feira, ele poder\u00e1 iniciar sua licen\u00e7a paternidade a partir desse dia, usufruindo dos 5 dias corridos de afastamento do trabalho para cuidar do rec\u00e9m-nascido.<\/span><\/p>\n<p><span style=\"font-weight: 400;\">Por\u00e9m, \u00e9 importante que o colaborador comunique \u00e0 empresa sobre o nascimento do filho e sua inten\u00e7\u00e3o de se ausentar do trabalho para usufruir da licen\u00e7a paternidade.<\/span><\/p>\n<p><span style=\"font-weight: 400;\">Assim, a empresa poder\u00e1 organizar adequadamente sua volta ao trabalho ap\u00f3s o per\u00edodo de afastamento.<\/span><\/p>\n<h2><b>Como dar entrada na licen\u00e7a?<\/b><\/h2>\n<p><span style=\"font-weight: 400;\">Para dar entrada na licen\u00e7a paternidade, o colaborador deve seguir alguns passos b\u00e1sicos, garantindo que o processo seja realizado de maneira eficiente e sem contratempos.<\/span><\/p>\n<p><span style=\"font-weight: 400;\">Pensando nisso, resolvemos tamb\u00e9m trazer abaixo um guia simples de como proceder. Veja:<\/span><\/p>\n<h3><b>Informe \u00e0 empresa<\/b><\/h3>\n<p><span style=\"font-weight: 400;\">Assim que o filho nascer, o pai deve informar imediatamente \u00e0 empresa sobre o nascimento e sua inten\u00e7\u00e3o de usufruir da licen\u00e7a paternidade.<\/span><\/p>\n<p><span style=\"font-weight: 400;\">Esse comunicado pode ser feito pessoalmente, por e-mail ou por meio de qualquer outro canal de comunica\u00e7\u00e3o interno da empresa.<\/span><\/p>\n<h3><b>Apresente a documenta\u00e7\u00e3o necess\u00e1ria<\/b><\/h3>\n<p><span style=\"font-weight: 400;\">Ap\u00f3s o nascimento ou ado\u00e7\u00e3o da crian\u00e7a, o pai deve fornecer ao empregador um documento oficial que comprove o evento. Isso envolve a apresenta\u00e7\u00e3o da certid\u00e3o de nascimento ou, no caso de ado\u00e7\u00e3o, a documenta\u00e7\u00e3o judicial correspondente.<\/span><\/p>\n<h3><b>Verifique os procedimentos internos da empresa<\/b><\/h3>\n<p><span style=\"font-weight: 400;\">Cada empresa pode ter seus pr\u00f3prios procedimentos e formul\u00e1rios espec\u00edficos para solicitar a licen\u00e7a paternidade.<\/span><\/p>\n<p><span style=\"font-weight: 400;\">Nesse caso, o colaborador deve estar ciente desses procedimentos e seguir as orienta\u00e7\u00f5es fornecidas pela empresa.<\/span><\/p>\n<h3><b>Respeite os prazos<\/b><\/h3>\n<p><span style=\"font-weight: 400;\">\u00c9 importante respeitar os prazos estabelecidos pela empresa para solicitar a licen\u00e7a paternidade.<\/span><\/p>\n<p><span style=\"font-weight: 400;\">Assim, a solicita\u00e7\u00e3o deve ser feita logo ap\u00f3s o nascimento do filho, para que a empresa possa fazer os devidos ajustes em rela\u00e7\u00e3o \u00e0 aus\u00eancia do colaborador.<\/span><\/p>\n<h3><b>Mantenha-se em contato com a empresa<\/b><\/h3>\n<p><span style=\"font-weight: 400;\">Durante o per\u00edodo de licen\u00e7a paternidade, \u00e9 recomend\u00e1vel manter contato regular com a empresa, informando sobre seu retorno ao trabalho e esclarecendo qualquer d\u00favida ou problema que possa surgir.<\/span><\/p>\n<p><span style=\"font-weight: 400;\">Para saber mais conte\u00fados como este, baixe agora o nosso guia!<\/span><\/p>\n<p><span data-sheets-root=\"1\" data-sheets-value=\"{&quot;1&quot;:2,&quot;2&quot;:&quot;\n\t\t&lt;!--HubSpot Call-to-Action Code --&gt;\n\t\t&lt;span class=&quot;hs-cta-wrapper&quot; id=&quot;hs-cta-wrapper-96076816-f212-465a-af54-a08f74320c76&quot;&gt;\n\t\t&lt;span class=&quot;hs-cta-node hs-cta-96076816-f212-465a-af54-a08f74320c76&quot; id=&quot;96076816-f212-465a-af54-a08f74320c76&quot;&gt;\n\t\t&lt;!--[if lte IE 8]&gt;\n\t\t&lt;div id=&quot;hs-cta-ie-element&quot;&gt;&lt;\/div&gt;\n\t\t&lt;![endif]--&gt;\n\t\t&lt;a href=&quot;https:\/\/cta-redirect.hubspot.com\/cta\/redirect\/20984162\/96076816-f212-465a-af54-a08f74320c76&quot; &gt;\n\t\t&lt;img class=&quot;hs-cta-img&quot; id=&quot;hs-cta-img-96076816-f212-465a-af54-a08f74320c76&quot; style=&quot;border-width:0px;&quot; src=&quot;https:\/\/no-cache.hubspot.com\/cta\/default\/20984162\/96076816-f212-465a-af54-a08f74320c76.png&quot;  alt=&quot;New call-to-action&quot;\/&gt;\n\t\t&lt;\/a&gt;\n\t\t&lt;\/span&gt;\n\t\t&lt;script charset=&quot;utf-8&quot; src=&quot;\/\/js.hubspot.com\/cta\/current.js&quot;&gt;&lt;\/script&gt;\n\t\t&lt;script&gt;\n\t\thbspt.cta.load(20984162, &#039;96076816-f212-465a-af54-a08f74320c76&#039;, {});\n\t\t&lt;\/script&gt;\n\t\t&lt;\/span&gt;\n\t\t&lt;!-- end HubSpot Call-to-Action Code --&gt;\n\t\t&quot;}\" data-sheets-userformat=\"{&quot;2&quot;:897,&quot;3&quot;:{&quot;1&quot;:0},&quot;10&quot;:1,&quot;11&quot;:4,&quot;12&quot;:0}\">\n\t\t<!--HubSpot Call-to-Action Code -->\n\t\t<span class=\"hs-cta-wrapper\" id=\"hs-cta-wrapper-96076816-f212-465a-af54-a08f74320c76\">\n\t\t<span class=\"hs-cta-node hs-cta-96076816-f212-465a-af54-a08f74320c76\" id=\"96076816-f212-465a-af54-a08f74320c76\">\n\t\t<!--[if lte IE 8]>\n\t\t<div id=\"hs-cta-ie-element\"><\/div>\n\t\t<![endif]-->\n\t\t<a href=\"https:\/\/cta-redirect.hubspot.com\/cta\/redirect\/20984162\/96076816-f212-465a-af54-a08f74320c76\" >\n\t\t<img decoding=\"async\" class=\"hs-cta-img\" id=\"hs-cta-img-96076816-f212-465a-af54-a08f74320c76\" style=\"border-width:0px;\" src=\"https:\/\/no-cache.hubspot.com\/cta\/default\/20984162\/96076816-f212-465a-af54-a08f74320c76.png\"  alt=\"New call-to-action\"\/>\n\t\t<\/a>\n\t\t<\/span>\n\t\t<script charset=\"utf-8\" src=\"\/\/js.hubspot.com\/cta\/current.js\"><\/script>\n\t\t<script>\n\t\thbspt.cta.load(20984162, '96076816-f212-465a-af54-a08f74320c76', {});\n\t\t<\/script>\n\t\t<\/span>\n\t\t<!-- end HubSpot Call-to-Action Code -->\n\t\t<\/span><\/p>\n","protected":false},"excerpt":{"rendered":"<p>A chegada de um beb\u00ea \u00e9 um momento emocionante na vida de qualquer fam\u00edlia, e para os pais, especialmente, \u00e9 um per\u00edodo de grande expectativa e responsabilidade. Nesse contexto, a licen\u00e7a paternidade desempenha um papel fundamental, garantindo aos pais o direito de dedicarem tempo \u00e0 adapta\u00e7\u00e3o e cuidado com o novo membro da fam\u00edlia.\u00a0 E [&hellip;]<\/p>\n","protected":false},"author":16,"featured_media":33711,"comment_status":"closed","ping_status":"open","sticky":false,"template":"","format":"standard","meta":{"content-type":"","footnotes":""},"categories":[225],"tags":[258,2067,13438,240],"yoast_head":"<!-- This site is optimized with the Yoast SEO Premium plugin v22.2 (Yoast SEO v22.2) - https:\/\/yoast.com\/wordpress\/plugins\/seo\/ -->\n<title>Licen\u00e7a paternidade: o que \u00e9 e quantos dias? | Oitchau<\/title>\n<meta name=\"description\" content=\"A licen\u00e7a paternidade \u00e9 um benef\u00edcio garantido pela constitui\u00e7\u00e3o federal para que os pais acompanhem seus filhos rec\u00e9m-nascidos. Leia mais!\" \/>\n<meta name=\"robots\" content=\"index, follow, max-snippet:-1, max-image-preview:large, max-video-preview:-1\" \/>\n<link rel=\"canonical\" href=\"https:\/\/www.oitchau.com.br\/blog\/licenca-paternidade\/\" \/>\n<meta property=\"og:locale\" content=\"pt_BR\" \/>\n<meta property=\"og:type\" content=\"article\" \/>\n<meta property=\"og:title\" content=\"Licen\u00e7a paternidade: veja como funciona!\" \/>\n<meta property=\"og:description\" content=\"A licen\u00e7a paternidade \u00e9 um benef\u00edcio garantido pela constitui\u00e7\u00e3o federal para que os pais acompanhem seus filhos rec\u00e9m-nascidos. Leia mais!\" \/>\n<meta property=\"og:url\" content=\"https:\/\/www.oitchau.com.br\/blog\/licenca-paternidade\/\" \/>\n<meta property=\"og:site_name\" content=\"Controle de Ponto &amp; Timesheets\" \/>\n<meta property=\"article:publisher\" content=\"https:\/\/www.facebook.com\/oitchaubr\/\" \/>\n<meta property=\"article:published_time\" content=\"2019-10-02T18:03:25+00:00\" \/>\n<meta property=\"article:modified_time\" content=\"2024-04-16T11:54:42+00:00\" \/>\n<meta property=\"og:image\" content=\"https:\/\/storage.googleapis.com\/oitchaublog\/2019\/10\/fed92dbf-licenca-paternidade.png\" \/>\n\t<meta property=\"og:image:width\" content=\"1982\" \/>\n\t<meta property=\"og:image:height\" content=\"800\" \/>\n\t<meta property=\"og:image:type\" content=\"image\/png\" \/>\n<meta name=\"author\" content=\"Julia Neves\" \/>\n<meta name=\"twitter:card\" content=\"summary_large_image\" \/>\n<meta name=\"twitter:creator\" content=\"@oitchaubr\" \/>\n<meta name=\"twitter:site\" content=\"@oitchaubr\" \/>\n<meta name=\"twitter:label1\" content=\"Written by\" \/>\n\t<meta name=\"twitter:data1\" content=\"Julia Neves\" \/>\n\t<meta name=\"twitter:label2\" content=\"Est. reading time\" \/>\n\t<meta name=\"twitter:data2\" content=\"9 minutos\" \/>\n<script type=\"application\/ld+json\" class=\"yoast-schema-graph\">{\"@context\":\"https:\/\/schema.org\",\"@graph\":[{\"@type\":[\"Article\",\"BlogPosting\"],\"@id\":\"https:\/\/www.oitchau.com.br\/blog\/licenca-paternidade\/#article\",\"isPartOf\":{\"@id\":\"https:\/\/www.oitchau.com.br\/blog\/licenca-paternidade\/\"},\"author\":{\"name\":\"Julia Neves\",\"@id\":\"https:\/\/www.oitchau.com.br\/blog\/#\/schema\/person\/2d537dd5d364d6364dbe306bf11644f3\"},\"headline\":\"Licen\u00e7a paternidade: veja como funciona!\",\"datePublished\":\"2019-10-02T18:03:25+00:00\",\"dateModified\":\"2024-04-16T11:54:42+00:00\",\"mainEntityOfPage\":{\"@id\":\"https:\/\/www.oitchau.com.br\/blog\/licenca-paternidade\/\"},\"wordCount\":1589,\"publisher\":{\"@id\":\"https:\/\/www.oitchau.com.br\/blog\/#organization\"},\"image\":{\"@id\":\"https:\/\/www.oitchau.com.br\/blog\/licenca-paternidade\/#primaryimage\"},\"thumbnailUrl\":\"https:\/\/storage.googleapis.com\/oitchaublog\/2019\/10\/fed92dbf-licenca-paternidade.png\",\"keywords\":[\"CLT\",\"leis trabalhistas\",\"Licen\u00e7a paternidade\",\"recursos humanos\"],\"articleSection\":[\"Leis\"],\"inLanguage\":\"pt-BR\"},{\"@type\":\"WebPage\",\"@id\":\"https:\/\/www.oitchau.com.br\/blog\/licenca-paternidade\/\",\"url\":\"https:\/\/www.oitchau.com.br\/blog\/licenca-paternidade\/\",\"name\":\"Licen\u00e7a paternidade: o que \u00e9 e quantos dias? | Oitchau\",\"isPartOf\":{\"@id\":\"https:\/\/www.oitchau.com.br\/blog\/#website\"},\"primaryImageOfPage\":{\"@id\":\"https:\/\/www.oitchau.com.br\/blog\/licenca-paternidade\/#primaryimage\"},\"image\":{\"@id\":\"https:\/\/www.oitchau.com.br\/blog\/licenca-paternidade\/#primaryimage\"},\"thumbnailUrl\":\"https:\/\/storage.googleapis.com\/oitchaublog\/2019\/10\/fed92dbf-licenca-paternidade.png\",\"datePublished\":\"2019-10-02T18:03:25+00:00\",\"dateModified\":\"2024-04-16T11:54:42+00:00\",\"description\":\"A licen\u00e7a paternidade \u00e9 um benef\u00edcio garantido pela constitui\u00e7\u00e3o federal para que os pais acompanhem seus filhos rec\u00e9m-nascidos. Leia mais!\",\"breadcrumb\":{\"@id\":\"https:\/\/www.oitchau.com.br\/blog\/licenca-paternidade\/#breadcrumb\"},\"inLanguage\":\"pt-BR\",\"potentialAction\":[{\"@type\":\"ReadAction\",\"target\":[\"https:\/\/www.oitchau.com.br\/blog\/licenca-paternidade\/\"]}]},{\"@type\":\"ImageObject\",\"inLanguage\":\"pt-BR\",\"@id\":\"https:\/\/www.oitchau.com.br\/blog\/licenca-paternidade\/#primaryimage\",\"url\":\"https:\/\/storage.googleapis.com\/oitchaublog\/2019\/10\/fed92dbf-licenca-paternidade.png\",\"contentUrl\":\"https:\/\/storage.googleapis.com\/oitchaublog\/2019\/10\/fed92dbf-licenca-paternidade.png\",\"width\":1982,\"height\":800,\"caption\":\"licen\u00e7a paternidade\"},{\"@type\":\"BreadcrumbList\",\"@id\":\"https:\/\/www.oitchau.com.br\/blog\/licenca-paternidade\/#breadcrumb\",\"itemListElement\":[{\"@type\":\"ListItem\",\"position\":1,\"name\":\"Blog\",\"item\":\"https:\/\/www.oitchau.com.br\/blog\/\"},{\"@type\":\"ListItem\",\"position\":2,\"name\":\"Licen\u00e7a paternidade: veja como funciona!\"}]},{\"@type\":\"WebSite\",\"@id\":\"https:\/\/www.oitchau.com.br\/blog\/#website\",\"url\":\"https:\/\/www.oitchau.com.br\/blog\/\",\"name\":\"Controle de Ponto & Timesheets\",\"description\":\"\",\"publisher\":{\"@id\":\"https:\/\/www.oitchau.com.br\/blog\/#organization\"},\"potentialAction\":[{\"@type\":\"SearchAction\",\"target\":{\"@type\":\"EntryPoint\",\"urlTemplate\":\"https:\/\/www.oitchau.com.br\/blog\/?s={search_term_string}\"},\"query-input\":\"required name=search_term_string\"}],\"inLanguage\":\"pt-BR\"},{\"@type\":\"Organization\",\"@id\":\"https:\/\/www.oitchau.com.br\/blog\/#organization\",\"name\":\"Oitchau\",\"url\":\"https:\/\/www.oitchau.com.br\/blog\/\",\"logo\":{\"@type\":\"ImageObject\",\"inLanguage\":\"pt-BR\",\"@id\":\"https:\/\/www.oitchau.com.br\/blog\/#\/schema\/logo\/image\/\",\"url\":\"https:\/\/storage.googleapis.com\/oitchaublog\/2024\/03\/a0e65c6f-design-sem-nome-20.png\",\"contentUrl\":\"https:\/\/storage.googleapis.com\/oitchaublog\/2024\/03\/a0e65c6f-design-sem-nome-20.png\",\"width\":696,\"height\":696,\"caption\":\"Oitchau\"},\"image\":{\"@id\":\"https:\/\/www.oitchau.com.br\/blog\/#\/schema\/logo\/image\/\"},\"sameAs\":[\"https:\/\/www.facebook.com\/oitchaubr\/\",\"https:\/\/twitter.com\/oitchaubr\",\"https:\/\/instagram.com\/oitchaubr\"],\"description\":\"A Oitchau \u00e9 uma solu\u00e7\u00e3o completa para gest\u00e3o de tempo dos colaboradores, atrav\u00e9s de suas solu\u00e7\u00f5es de controle de ponto & timesheets, ela permite que gestores, RH e DP possam gerenciar desde a jornada de trabalho de funcion\u00e1rios at\u00e9 a gest\u00e3o de tempo em projetos. Elevando o n\u00edvel estrat\u00e9gico do neg\u00f3cio de forma inteligente e assertiva, potencializando seus resultados e garantindo compliance com a Lei.\",\"email\":\"contato@oitchau.com.br\",\"telephone\":\"+551142102846\",\"foundingDate\":\"2016-01-01\",\"numberOfEmployees\":{\"@type\":\"QuantitativeValue\",\"minValue\":\"51\",\"maxValue\":\"200\"}},{\"@type\":\"Person\",\"@id\":\"https:\/\/www.oitchau.com.br\/blog\/#\/schema\/person\/2d537dd5d364d6364dbe306bf11644f3\",\"name\":\"Julia Neves\",\"url\":\"https:\/\/www.oitchau.com.br\/blog\/author\/julia\/\"}]}<\/script>\n<!-- \/ Yoast SEO Premium plugin. -->","yoast_head_json":{"title":"Licen\u00e7a paternidade: o que \u00e9 e quantos dias? | Oitchau","description":"A licen\u00e7a paternidade \u00e9 um benef\u00edcio garantido pela constitui\u00e7\u00e3o federal para que os pais acompanhem seus filhos rec\u00e9m-nascidos. Leia mais!","robots":{"index":"index","follow":"follow","max-snippet":"max-snippet:-1","max-image-preview":"max-image-preview:large","max-video-preview":"max-video-preview:-1"},"canonical":"https:\/\/www.oitchau.com.br\/blog\/licenca-paternidade\/","og_locale":"pt_BR","og_type":"article","og_title":"Licen\u00e7a paternidade: veja como funciona!","og_description":"A licen\u00e7a paternidade \u00e9 um benef\u00edcio garantido pela constitui\u00e7\u00e3o federal para que os pais acompanhem seus filhos rec\u00e9m-nascidos. Leia mais!","og_url":"https:\/\/www.oitchau.com.br\/blog\/licenca-paternidade\/","og_site_name":"Controle de Ponto &amp; Timesheets","article_publisher":"https:\/\/www.facebook.com\/oitchaubr\/","article_published_time":"2019-10-02T18:03:25+00:00","article_modified_time":"2024-04-16T11:54:42+00:00","og_image":[{"width":1982,"height":800,"url":"https:\/\/storage.googleapis.com\/oitchaublog\/2019\/10\/fed92dbf-licenca-paternidade.png","type":"image\/png"}],"author":"Julia Neves","twitter_card":"summary_large_image","twitter_creator":"@oitchaubr","twitter_site":"@oitchaubr","twitter_misc":{"Written by":"Julia Neves","Est. reading time":"9 minutos"},"schema":{"@context":"https:\/\/schema.org","@graph":[{"@type":["Article","BlogPosting"],"@id":"https:\/\/www.oitchau.com.br\/blog\/licenca-paternidade\/#article","isPartOf":{"@id":"https:\/\/www.oitchau.com.br\/blog\/licenca-paternidade\/"},"author":{"name":"Julia Neves","@id":"https:\/\/www.oitchau.com.br\/blog\/#\/schema\/person\/2d537dd5d364d6364dbe306bf11644f3"},"headline":"Licen\u00e7a paternidade: veja como funciona!","datePublished":"2019-10-02T18:03:25+00:00","dateModified":"2024-04-16T11:54:42+00:00","mainEntityOfPage":{"@id":"https:\/\/www.oitchau.com.br\/blog\/licenca-paternidade\/"},"wordCount":1589,"publisher":{"@id":"https:\/\/www.oitchau.com.br\/blog\/#organization"},"image":{"@id":"https:\/\/www.oitchau.com.br\/blog\/licenca-paternidade\/#primaryimage"},"thumbnailUrl":"https:\/\/storage.googleapis.com\/oitchaublog\/2019\/10\/fed92dbf-licenca-paternidade.png","keywords":["CLT","leis trabalhistas","Licen\u00e7a paternidade","recursos humanos"],"articleSection":["Leis"],"inLanguage":"pt-BR"},{"@type":"WebPage","@id":"https:\/\/www.oitchau.com.br\/blog\/licenca-paternidade\/","url":"https:\/\/www.oitchau.com.br\/blog\/licenca-paternidade\/","name":"Licen\u00e7a paternidade: o que \u00e9 e quantos dias? | Oitchau","isPartOf":{"@id":"https:\/\/www.oitchau.com.br\/blog\/#website"},"primaryImageOfPage":{"@id":"https:\/\/www.oitchau.com.br\/blog\/licenca-paternidade\/#primaryimage"},"image":{"@id":"https:\/\/www.oitchau.com.br\/blog\/licenca-paternidade\/#primaryimage"},"thumbnailUrl":"https:\/\/storage.googleapis.com\/oitchaublog\/2019\/10\/fed92dbf-licenca-paternidade.png","datePublished":"2019-10-02T18:03:25+00:00","dateModified":"2024-04-16T11:54:42+00:00","description":"A licen\u00e7a paternidade \u00e9 um benef\u00edcio garantido pela constitui\u00e7\u00e3o federal para que os pais acompanhem seus filhos rec\u00e9m-nascidos. Leia mais!","breadcrumb":{"@id":"https:\/\/www.oitchau.com.br\/blog\/licenca-paternidade\/#breadcrumb"},"inLanguage":"pt-BR","potentialAction":[{"@type":"ReadAction","target":["https:\/\/www.oitchau.com.br\/blog\/licenca-paternidade\/"]}]},{"@type":"ImageObject","inLanguage":"pt-BR","@id":"https:\/\/www.oitchau.com.br\/blog\/licenca-paternidade\/#primaryimage","url":"https:\/\/storage.googleapis.com\/oitchaublog\/2019\/10\/fed92dbf-licenca-paternidade.png","contentUrl":"https:\/\/storage.googleapis.com\/oitchaublog\/2019\/10\/fed92dbf-licenca-paternidade.png","width":1982,"height":800,"caption":"licen\u00e7a paternidade"},{"@type":"BreadcrumbList","@id":"https:\/\/www.oitchau.com.br\/blog\/licenca-paternidade\/#breadcrumb","itemListElement":[{"@type":"ListItem","position":1,"name":"Blog","item":"https:\/\/www.oitchau.com.br\/blog\/"},{"@type":"ListItem","position":2,"name":"Licen\u00e7a paternidade: veja como funciona!"}]},{"@type":"WebSite","@id":"https:\/\/www.oitchau.com.br\/blog\/#website","url":"https:\/\/www.oitchau.com.br\/blog\/","name":"Controle de Ponto & Timesheets","description":"","publisher":{"@id":"https:\/\/www.oitchau.com.br\/blog\/#organization"},"potentialAction":[{"@type":"SearchAction","target":{"@type":"EntryPoint","urlTemplate":"https:\/\/www.oitchau.com.br\/blog\/?s={search_term_string}"},"query-input":"required name=search_term_string"}],"inLanguage":"pt-BR"},{"@type":"Organization","@id":"https:\/\/www.oitchau.com.br\/blog\/#organization","name":"Oitchau","url":"https:\/\/www.oitchau.com.br\/blog\/","logo":{"@type":"ImageObject","inLanguage":"pt-BR","@id":"https:\/\/www.oitchau.com.br\/blog\/#\/schema\/logo\/image\/","url":"https:\/\/storage.googleapis.com\/oitchaublog\/2024\/03\/a0e65c6f-design-sem-nome-20.png","contentUrl":"https:\/\/storage.googleapis.com\/oitchaublog\/2024\/03\/a0e65c6f-design-sem-nome-20.png","width":696,"height":696,"caption":"Oitchau"},"image":{"@id":"https:\/\/www.oitchau.com.br\/blog\/#\/schema\/logo\/image\/"},"sameAs":["https:\/\/www.facebook.com\/oitchaubr\/","https:\/\/twitter.com\/oitchaubr","https:\/\/instagram.com\/oitchaubr"],"description":"A Oitchau \u00e9 uma solu\u00e7\u00e3o completa para gest\u00e3o de tempo dos colaboradores, atrav\u00e9s de suas solu\u00e7\u00f5es de controle de ponto & timesheets, ela permite que gestores, RH e DP possam gerenciar desde a jornada de trabalho de funcion\u00e1rios at\u00e9 a gest\u00e3o de tempo em projetos. Elevando o n\u00edvel estrat\u00e9gico do neg\u00f3cio de forma inteligente e assertiva, potencializando seus resultados e garantindo compliance com a Lei.","email":"contato@oitchau.com.br","telephone":"+551142102846","foundingDate":"2016-01-01","numberOfEmployees":{"@type":"QuantitativeValue","minValue":"51","maxValue":"200"}},{"@type":"Person","@id":"https:\/\/www.oitchau.com.br\/blog\/#\/schema\/person\/2d537dd5d364d6364dbe306bf11644f3","name":"Julia Neves","url":"https:\/\/www.oitchau.com.br\/blog\/author\/julia\/"}]}},"_links":{"self":[{"href":"https:\/\/www.oitchau.com.br\/blog\/wp-json\/wp\/v2\/posts\/4233"}],"collection":[{"href":"https:\/\/www.oitchau.com.br\/blog\/wp-json\/wp\/v2\/posts"}],"about":[{"href":"https:\/\/www.oitchau.com.br\/blog\/wp-json\/wp\/v2\/types\/post"}],"author":[{"embeddable":true,"href":"https:\/\/www.oitchau.com.br\/blog\/wp-json\/wp\/v2\/users\/16"}],"replies":[{"embeddable":true,"href":"https:\/\/www.oitchau.com.br\/blog\/wp-json\/wp\/v2\/comments?post=4233"}],"version-history":[{"count":5,"href":"https:\/\/www.oitchau.com.br\/blog\/wp-json\/wp\/v2\/posts\/4233\/revisions"}],"predecessor-version":[{"id":33713,"href":"https:\/\/www.oitchau.com.br\/blog\/wp-json\/wp\/v2\/posts\/4233\/revisions\/33713"}],"wp:featuredmedia":[{"embeddable":true,"href":"https:\/\/www.oitchau.com.br\/blog\/wp-json\/wp\/v2\/media\/33711"}],"wp:attachment":[{"href":"https:\/\/www.oitchau.com.br\/blog\/wp-json\/wp\/v2\/media?parent=4233"}],"wp:term":[{"taxonomy":"category","embeddable":true,"href":"https:\/\/www.oitchau.com.br\/blog\/wp-json\/wp\/v2\/categories?post=4233"},{"taxonomy":"post_tag","embeddable":true,"href":"https:\/\/www.oitchau.com.br\/blog\/wp-json\/wp\/v2\/tags?post=4233"}],"curies":[{"name":"wp","href":"https:\/\/api.w.org\/{rel}","templated":true}]}}