{"id":36687,"date":"2026-01-20T21:03:15","date_gmt":"2026-01-20T18:03:15","guid":{"rendered":"https:\/\/www.oitchau.com.br\/blog\/?p=36687"},"modified":"2026-01-20T21:03:15","modified_gmt":"2026-01-20T18:03:15","slug":"horas-in-itinere-no-agro","status":"publish","type":"post","link":"https:\/\/www.oitchau.com.br\/blog\/horas-in-itinere-no-agro\/","title":{"rendered":"Horas in itinere no agro: quando s\u00e3o devidas e como evitar passivos trabalhistas"},"content":{"rendered":"<p><span style=\"font-weight: 400;\">As horas in itinere no agroneg\u00f3cio seguem como um dos temas que mais geram d\u00favidas entre RHs, \u00e1reas jur\u00eddicas e lideran\u00e7as operacionais do campo, especialmente ap\u00f3s as mudan\u00e7as trazidas pela Reforma Trabalhista.\u00a0<\/span><\/p>\n<p><span style=\"font-weight: 400;\">A legisla\u00e7\u00e3o alterou o tratamento do tempo de deslocamento, mas a realidade do agro \u2014 com opera\u00e7\u00f5es remotas, transporte pr\u00f3prio e acordos coletivos regionais \u2014 manteve o assunto no centro das discuss\u00f5es trabalhistas.<\/span><\/p>\n<p><span style=\"font-weight: 400;\">A seguir, entenda quando podem ser exigidas no agroneg\u00f3cio, o que mudou com a Reforma Trabalhista e quais estrat\u00e9gias de RH ajudam a prevenir passivos trabalhistas, conectando legisla\u00e7\u00e3o, pr\u00e1tica e <\/span><a href=\"https:\/\/www.oitchau.com.br\/\"><span style=\"font-weight: 400;\">gest\u00e3o de jornada<\/span><\/a><span style=\"font-weight: 400;\"> baseada em dados.<\/span><\/p>\n<h2><span style=\"font-weight: 400;\">O que s\u00e3o horas in itinere?\u00a0<\/span><\/h2>\n<p><span style=\"font-weight: 400;\">As <\/span><a href=\"https:\/\/www.oitchau.com.br\/blog\/aprenda-tudo-sobre-horas-in-itinere\/\"><span style=\"font-weight: 400;\">horas in itinere<\/span><\/a><span style=\"font-weight: 400;\"> s\u00e3o o tempo gasto no deslocamento entre a resid\u00eancia e o local de trabalho quando o acesso \u00e9 dif\u00edcil e o transporte \u00e9 fornecido pela empresa.\u00a0<\/span><\/p>\n<p><span style=\"font-weight: 400;\">Esse conceito existiu de forma expressa na legisla\u00e7\u00e3o trabalhista brasileira at\u00e9 a Reforma Trabalhista de 2017.<\/span><\/p>\n<p><span style=\"font-weight: 400;\">Antes da altera\u00e7\u00e3o legal, o entendimento era de que, se o local de trabalho n\u00e3o fosse servido por transporte p\u00fablico regular e a empresa disponibilizasse condu\u00e7\u00e3o pr\u00f3pria, o tempo de trajeto deveria integrar a jornada.\u00a0<\/span><\/p>\n<p><span style=\"font-weight: 400;\">Esse cen\u00e1rio gerou impactos relevantes em setores com opera\u00e7\u00f5es fora dos centros urbanos.<\/span><\/p>\n<p><span style=\"font-weight: 400;\">\n\t\t<!--HubSpot Call-to-Action Code -->\n\t\t<span class=\"hs-cta-wrapper\" id=\"hs-cta-wrapper-68acec24-1642-4b04-a249-1845cd830d4c\">\n\t\t<span class=\"hs-cta-node hs-cta-68acec24-1642-4b04-a249-1845cd830d4c\" id=\"68acec24-1642-4b04-a249-1845cd830d4c\">\n\t\t<!--[if lte IE 8]>\n\t\t<div id=\"hs-cta-ie-element\"><\/div>\n\t\t<![endif]-->\n\t\t<a href=\"https:\/\/cta-redirect.hubspot.com\/cta\/redirect\/20984162\/68acec24-1642-4b04-a249-1845cd830d4c\" >\n\t\t<img decoding=\"async\" class=\"hs-cta-img\" id=\"hs-cta-img-68acec24-1642-4b04-a249-1845cd830d4c\" style=\"border-width:0px;\" src=\"https:\/\/no-cache.hubspot.com\/cta\/default\/20984162\/68acec24-1642-4b04-a249-1845cd830d4c.png\"  alt=\"New call-to-action\"\/>\n\t\t<\/a>\n\t\t<\/span>\n\t\t<script charset=\"utf-8\" src=\"\/\/js.hubspot.com\/cta\/current.js\"><\/script>\n\t\t<script>\n\t\thbspt.cta.load(20984162, '68acec24-1642-4b04-a249-1845cd830d4c', {});\n\t\t<\/script>\n\t\t<\/span>\n\t\t<!-- end HubSpot Call-to-Action Code -->\n\t\t<\/span><\/p>\n<p><span style=\"font-weight: 400;\">Com a Reforma Trabalhista (Lei n\u00ba 13.467\/2017), o texto da CLT foi modificado e passou a estabelecer que o tempo de deslocamento, ainda que em transporte fornecido pela empresa, n\u00e3o \u00e9 considerado tempo \u00e0 disposi\u00e7\u00e3o.\u00a0<\/span><\/p>\n<p><span style=\"font-weight: 400;\">A partir da\u00ed, as horas in itinere deixaram de existir como obriga\u00e7\u00e3o legal autom\u00e1tica.<\/span><\/p>\n<h2><span style=\"font-weight: 400;\">Horas in itinere no agro: por que esse tema \u00e9 t\u00e3o relevante?\u00a0<\/span><\/h2>\n<p><span style=\"font-weight: 400;\">O agroneg\u00f3cio concentra opera\u00e7\u00f5es em \u00e1reas remotas, turnos extensos e transporte organizado pela empresa.\u00a0<\/span><\/p>\n<p><span style=\"font-weight: 400;\">E essa combina\u00e7\u00e3o aumenta a judicializa\u00e7\u00e3o quando regras n\u00e3o est\u00e3o claras.<\/span><\/p>\n<h3><span style=\"font-weight: 400;\">Por que as horas in itinere s\u00e3o comuns no agroneg\u00f3cio?\u00a0<\/span><\/h3>\n<p><span style=\"font-weight: 400;\">Boa grande parte das opera\u00e7\u00f5es ocorre fora da malha urbana e longe de transporte p\u00fablico regular. Fazendas, usinas, \u00e1reas de plantio e unidades industriais rurais exigem deslocamentos longos e estruturados.<\/span><\/p>\n<p><span style=\"font-weight: 400;\">Historicamente, o fornecimento de transporte foi a solu\u00e7\u00e3o para viabilizar a opera\u00e7\u00e3o. Com isso, o tempo de trajeto passou a fazer parte das discuss\u00f5es sobre jornada, <\/span><a href=\"https:\/\/www.oitchau.com.br\/features\/banco-de-horas\/\"><span style=\"font-weight: 400;\">horas extras<\/span><\/a><span style=\"font-weight: 400;\"> e reflexos legais.<\/span><\/p>\n<p><span style=\"font-weight: 400;\">Assim, o risco n\u00e3o est\u00e1 apenas na dist\u00e2ncia, mas na falta de padroniza\u00e7\u00e3o sobre como esse tempo \u00e9 tratado internamente.<\/span><\/p>\n<h3><span style=\"font-weight: 400;\">Atividades rurais em locais de dif\u00edcil acesso caracterizam horas in itinere?\u00a0<\/span><\/h3>\n<p><span style=\"font-weight: 400;\">N\u00e3o, por si s\u00f3. A dificuldade de acesso deixou de ser crit\u00e9rio legal suficiente para caracterizar horas in itinere ap\u00f3s 2017.<\/span><\/p>\n<p><span style=\"font-weight: 400;\">At\u00e9 o momento, o simples fato de a atividade ocorrer em local remoto n\u00e3o gera direito autom\u00e1tico ao c\u00f4mputo do deslocamento como jornada. O elemento determinante passou a ser a exist\u00eancia de previs\u00e3o em instrumento coletivo.<\/span><\/p>\n<p><span style=\"font-weight: 400;\">Na pr\u00e1tica, a Justi\u00e7a do Trabalho avalia:<\/span><\/p>\n<ul>\n<li style=\"font-weight: 400;\" aria-level=\"1\"><span style=\"font-weight: 400;\">Se h\u00e1 <\/span><a href=\"https:\/\/www.oitchau.com.br\/blog\/acordo-coletivo-e-convencao-coletiva\/\"><span style=\"font-weight: 400;\">acordo ou conven\u00e7\u00e3o coletiva<\/span><\/a><span style=\"font-weight: 400;\"> v\u00e1lida;<\/span><\/li>\n<li style=\"font-weight: 400;\" aria-level=\"1\"><span style=\"font-weight: 400;\">O conte\u00fado da cl\u00e1usula relacionada ao deslocamento;<\/span><\/li>\n<li style=\"font-weight: 400;\" aria-level=\"1\"><span style=\"font-weight: 400;\">A forma como a empresa aplica essa previs\u00e3o no dia a dia.<\/span><\/li>\n<\/ul>\n<p><span style=\"font-weight: 400;\">Sem previs\u00e3o coletiva, o entendimento majorit\u00e1rio \u00e9 de que o deslocamento n\u00e3o integra a jornada, mesmo em \u00e1reas rurais de dif\u00edcil acesso.<\/span><\/p>\n<h3><span style=\"font-weight: 400;\">O transporte fornecido pelo empregador no agro gera horas in itinere?<\/span><\/h3>\n<p><span style=\"font-weight: 400;\">N\u00e3o gera automaticamente. O fornecimento de transporte, isoladamente, n\u00e3o obriga o pagamento de horas in itinere no agro.<\/span><\/p>\n<p><span style=\"font-weight: 400;\">Antes da Reforma, transporte fornecido era um dos pilares para o reconhecimento do direito. Hoje, esse crit\u00e9rio foi afastado pela legisla\u00e7\u00e3o.<\/span><\/p>\n<p><span style=\"font-weight: 400;\">Ainda assim, o transporte pr\u00f3prio continua sendo um fator sens\u00edvel em a\u00e7\u00f5es trabalhistas, pois:<\/span><\/p>\n<ul>\n<li style=\"font-weight: 400;\" aria-level=\"1\"><span style=\"font-weight: 400;\">Define hor\u00e1rios de sa\u00edda e retorno;<\/span><\/li>\n<li style=\"font-weight: 400;\" aria-level=\"1\"><span style=\"font-weight: 400;\">Cria registros indiretos de deslocamento;<\/span><\/li>\n<li style=\"font-weight: 400;\" aria-level=\"1\"><span style=\"font-weight: 400;\">Pode ser interpretado \u00e0 luz de cl\u00e1usulas coletivas existentes.<\/span><\/li>\n<\/ul>\n<h2><span style=\"font-weight: 400;\">As horas in itinere acabaram no agro?\u00a0<\/span><\/h2>\n<p><span style=\"font-weight: 400;\">Como regra legal, sim. Como possibilidade negocial, n\u00e3o. Essa distin\u00e7\u00e3o \u00e9 o ponto central para evitar erros de interpreta\u00e7\u00e3o no setor.<\/span><\/p>\n<p><span style=\"font-weight: 400;\">A Reforma Trabalhista retirou da legisla\u00e7\u00e3o a obriga\u00e7\u00e3o de pagar o tempo de deslocamento como jornada, inclusive em atividades rurais e em locais de dif\u00edcil acesso. Com isso, as horas in itinere deixaram de existir como direito autom\u00e1tico no agroneg\u00f3cio.<\/span><\/p>\n<p><span style=\"font-weight: 400;\">No entanto, o tema n\u00e3o desapareceu da realidade pr\u00e1tica. Ele migrou do campo legal para o campo negocial, passando a depender exclusivamente do que est\u00e1 previsto em acordos ou conven\u00e7\u00f5es coletivas.<\/span><\/p>\n<p><span style=\"font-weight: 400;\">O risco surge quando a empresa:<\/span><\/p>\n<ul>\n<li style=\"font-weight: 400;\" aria-level=\"1\"><span style=\"font-weight: 400;\">Desconsidera cl\u00e1usulas ainda vigentes;<\/span><\/li>\n<li style=\"font-weight: 400;\" aria-level=\"1\"><span style=\"font-weight: 400;\">Aplica pr\u00e1ticas antigas sem respaldo atual;<\/span><\/li>\n<li style=\"font-weight: 400;\" aria-level=\"1\"><span style=\"font-weight: 400;\">N\u00e3o documenta corretamente sua pol\u00edtica de jornada e transporte.<\/span><\/li>\n<\/ul>\n<p><span style=\"font-weight: 400;\">\n\t\t<!--HubSpot Call-to-Action Code -->\n\t\t<span class=\"hs-cta-wrapper\" id=\"hs-cta-wrapper-68acec24-1642-4b04-a249-1845cd830d4c\">\n\t\t<span class=\"hs-cta-node hs-cta-68acec24-1642-4b04-a249-1845cd830d4c\" id=\"68acec24-1642-4b04-a249-1845cd830d4c\">\n\t\t<!--[if lte IE 8]>\n\t\t<div id=\"hs-cta-ie-element\"><\/div>\n\t\t<![endif]-->\n\t\t<a href=\"https:\/\/cta-redirect.hubspot.com\/cta\/redirect\/20984162\/68acec24-1642-4b04-a249-1845cd830d4c\" >\n\t\t<img decoding=\"async\" class=\"hs-cta-img\" id=\"hs-cta-img-68acec24-1642-4b04-a249-1845cd830d4c\" style=\"border-width:0px;\" src=\"https:\/\/no-cache.hubspot.com\/cta\/default\/20984162\/68acec24-1642-4b04-a249-1845cd830d4c.png\"  alt=\"New call-to-action\"\/>\n\t\t<\/a>\n\t\t<\/span>\n\t\t<script charset=\"utf-8\" src=\"\/\/js.hubspot.com\/cta\/current.js\"><\/script>\n\t\t<script>\n\t\thbspt.cta.load(20984162, '68acec24-1642-4b04-a249-1845cd830d4c', {});\n\t\t<\/script>\n\t\t<\/span>\n\t\t<!-- end HubSpot Call-to-Action Code -->\n\t\t<\/span><\/p>\n<h3><span style=\"font-weight: 400;\">Acordo coletivo pode prever pagamento de horas in itinere?\u00a0<\/span><\/h3>\n<p><span style=\"font-weight: 400;\">Sim. A negocia\u00e7\u00e3o coletiva pode prever o pagamento de horas in itinere, mesmo ap\u00f3s a Reforma Trabalhista.<\/span><\/p>\n<p><span style=\"font-weight: 400;\">A legisla\u00e7\u00e3o atual permite que sindicatos e empresas negociem condi\u00e7\u00f5es espec\u00edficas relacionadas ao deslocamento, desde que a cl\u00e1usula seja clara, v\u00e1lida e formalmente registrada. No agroneg\u00f3cio, \u00e9 comum encontrar previs\u00f5es como:<\/span><\/p>\n<ul>\n<li style=\"font-weight: 400;\" aria-level=\"1\"><span style=\"font-weight: 400;\">Minutos fixos di\u00e1rios de deslocamento;<\/span><\/li>\n<li style=\"font-weight: 400;\" aria-level=\"1\"><span style=\"font-weight: 400;\">Pagamento com natureza indenizat\u00f3ria;<\/span><\/li>\n<li style=\"font-weight: 400;\" aria-level=\"1\"><span style=\"font-weight: 400;\">Exclus\u00e3o de reflexos em horas extras, <\/span><a href=\"https:\/\/www.oitchau.com.br\/blog\/descanso-semanal-remunerado\/\"><span style=\"font-weight: 400;\">DSR<\/span><\/a><span style=\"font-weight: 400;\"> e adicionais;<\/span><\/li>\n<li style=\"font-weight: 400;\" aria-level=\"1\"><span style=\"font-weight: 400;\">Limita\u00e7\u00e3o territorial ou por tipo de atividade.<\/span><\/li>\n<\/ul>\n<p><span style=\"font-weight: 400;\">Dessa forma, a validade da cl\u00e1usula depende menos do nome \u201choras in itinere\u201d e mais do conte\u00fado efetivo do que foi pactuado.<\/span><\/p>\n<h2><span style=\"font-weight: 400;\">Como evitar passivos trabalhistas com horas in itinere?\u00a0<\/span><\/h2>\n<p><span style=\"font-weight: 400;\">No agroneg\u00f3cio, o passivo n\u00e3o nasce do deslocamento em si, mas da falta de controle, rastreabilidade e coer\u00eancia entre pr\u00e1tica operacional e o que est\u00e1 formalizado.<\/span><\/p>\n<p><span style=\"font-weight: 400;\">\u00c9 nesse contexto que solu\u00e7\u00f5es como o Oitchau ganham relev\u00e2ncia estrat\u00e9gica!<\/span><\/p>\n<p><span style=\"font-weight: 400;\">Ao centralizar a gest\u00e3o de jornadas, escalas, regras e exce\u00e7\u00f5es em um \u00fanico ambiente, o RH passa a operar com previsibilidade e seguran\u00e7a jur\u00eddica, reduzindo interpreta\u00e7\u00f5es subjetivas em fiscaliza\u00e7\u00f5es e a\u00e7\u00f5es trabalhistas.<\/span><\/p>\n<p><span style=\"font-weight: 400;\">Com o Oitchau, o seu DP:<\/span><\/p>\n<ul>\n<li style=\"font-weight: 400;\" aria-level=\"1\"><span style=\"font-weight: 400;\">Centraliza o controle de jornada em opera\u00e7\u00f5es rurais;<\/span><\/li>\n<li style=\"font-weight: 400;\" aria-level=\"1\"><span style=\"font-weight: 400;\">Aplica regras por regi\u00e3o e acordo coletivo;<\/span><\/li>\n<li style=\"font-weight: 400;\" aria-level=\"1\"><span style=\"font-weight: 400;\">Gera registros rastre\u00e1veis para auditorias;<\/span><\/li>\n<li style=\"font-weight: 400;\" aria-level=\"1\"><span style=\"font-weight: 400;\">Identifica desvios de jornada rapidamente;<\/span><\/li>\n<li style=\"font-weight: 400;\" aria-level=\"1\"><span style=\"font-weight: 400;\">Padroniza escalas e hor\u00e1rios no campo;<\/span><\/li>\n<li style=\"font-weight: 400;\" aria-level=\"1\"><span style=\"font-weight: 400;\">Opera com ponto offline em \u00e1reas sem conex\u00e3o;<\/span><\/li>\n<li style=\"font-weight: 400;\" aria-level=\"1\"><span style=\"font-weight: 400;\">Fortalece a defesa jur\u00eddica da empresa.<\/span><\/li>\n<\/ul>\n<p><span style=\"font-weight: 400;\">Acesse e conhe\u00e7a a ferramenta!<\/span><\/p>\n<p><span style=\"font-weight: 400;\">\n\t\t<!--HubSpot Call-to-Action Code -->\n\t\t<span class=\"hs-cta-wrapper\" id=\"hs-cta-wrapper-68acec24-1642-4b04-a249-1845cd830d4c\">\n\t\t<span class=\"hs-cta-node hs-cta-68acec24-1642-4b04-a249-1845cd830d4c\" id=\"68acec24-1642-4b04-a249-1845cd830d4c\">\n\t\t<!--[if lte IE 8]>\n\t\t<div id=\"hs-cta-ie-element\"><\/div>\n\t\t<![endif]-->\n\t\t<a href=\"https:\/\/cta-redirect.hubspot.com\/cta\/redirect\/20984162\/68acec24-1642-4b04-a249-1845cd830d4c\" >\n\t\t<img decoding=\"async\" class=\"hs-cta-img\" id=\"hs-cta-img-68acec24-1642-4b04-a249-1845cd830d4c\" style=\"border-width:0px;\" src=\"https:\/\/no-cache.hubspot.com\/cta\/default\/20984162\/68acec24-1642-4b04-a249-1845cd830d4c.png\"  alt=\"New call-to-action\"\/>\n\t\t<\/a>\n\t\t<\/span>\n\t\t<script charset=\"utf-8\" src=\"\/\/js.hubspot.com\/cta\/current.js\"><\/script>\n\t\t<script>\n\t\thbspt.cta.load(20984162, '68acec24-1642-4b04-a249-1845cd830d4c', {});\n\t\t<\/script>\n\t\t<\/span>\n\t\t<!-- end HubSpot Call-to-Action Code -->\n\t\t<\/span><\/p>\n<h2><span style=\"font-weight: 400;\">FAQ\u00a0<\/span><\/h2>\n<h3><span style=\"font-weight: 400;\">Horas in itinere s\u00e3o obrigat\u00f3rias no trabalho rural?\u00a0<\/span><\/h3>\n<p><span style=\"font-weight: 400;\">N\u00e3o. As horas in itinere deixaram de ser obrigat\u00f3rias no trabalho rural ap\u00f3s a Reforma Trabalhista de 2017, que alterou a CLT e passou a estabelecer que o tempo de deslocamento entre a resid\u00eancia e o local de trabalho n\u00e3o integra a jornada, ainda que o acesso seja dif\u00edcil ou haja transporte fornecido pela empresa, salvo quando existir previs\u00e3o expressa em acordo ou conven\u00e7\u00e3o coletiva.<\/span><\/p>\n<h3><span style=\"font-weight: 400;\">Quem trabalha em fazenda tem direito ao tempo de deslocamento?\u00a0<\/span><\/h3>\n<p><span style=\"font-weight: 400;\">N\u00e3o automaticamente. O fato de a atividade ser exercida em fazenda ou \u00e1rea rural n\u00e3o gera, por si s\u00f3, o direito ao c\u00f4mputo do deslocamento como jornada, sendo necess\u00e1rio verificar se h\u00e1 cl\u00e1usula espec\u00edfica em instrumento coletivo que preveja o pagamento ou a indeniza\u00e7\u00e3o desse tempo.<\/span><\/p>\n<h3><span style=\"font-weight: 400;\">O empregador \u00e9 obrigado a pagar transporte e deslocamento?\u00a0<\/span><\/h3>\n<p><span style=\"font-weight: 400;\">N\u00e3o h\u00e1 obriga\u00e7\u00e3o legal de pagar o tempo de deslocamento como jornada de trabalho, pois transporte e jornada s\u00e3o tratados como conceitos distintos na legisla\u00e7\u00e3o atual, permitindo que a empresa forne\u00e7a condu\u00e7\u00e3o por necessidade operacional sem que isso gere, por si s\u00f3, o dever de remunerar o trajeto, salvo previs\u00e3o coletiva.<\/span><\/p>\n<h3><span style=\"font-weight: 400;\">Existe multa por n\u00e3o pagar horas in itinere?<\/span><\/h3>\n<p><span style=\"font-weight: 400;\">N\u00e3o existe multa autom\u00e1tica prevista em lei pelo n\u00e3o pagamento de horas in itinere, sendo que penalidades e condena\u00e7\u00f5es s\u00f3 ocorrem quando h\u00e1 descumprimento de acordo ou conven\u00e7\u00e3o coletiva vigente ou decis\u00e3o judicial que reconhe\u00e7a o direito ao pagamento do deslocamento.<\/span><\/p>\n","protected":false},"excerpt":{"rendered":"<p>As horas in itinere no agroneg\u00f3cio seguem como um dos temas que mais geram d\u00favidas entre RHs, \u00e1reas jur\u00eddicas e lideran\u00e7as operacionais do campo, especialmente ap\u00f3s as mudan\u00e7as trazidas pela Reforma Trabalhista.\u00a0 A legisla\u00e7\u00e3o alterou o tratamento do tempo de deslocamento, mas a realidade do agro \u2014 com opera\u00e7\u00f5es remotas, transporte pr\u00f3prio e acordos coletivos [&hellip;]<\/p>\n","protected":false},"author":24,"featured_media":36688,"comment_status":"closed","ping_status":"open","sticky":false,"template":"","format":"standard","meta":{"content-type":"","footnotes":""},"categories":[15965],"tags":[],"yoast_head":"<!-- This site is optimized with the Yoast SEO Premium plugin v22.2 (Yoast SEO v22.2) - https:\/\/yoast.com\/wordpress\/plugins\/seo\/ -->\n<title>Horas in itinere no agro: quando s\u00e3o devidas e como evitar passivos trabalhistas | Oitchau<\/title>\n<meta name=\"description\" content=\"Entenda o que s\u00e3o horas in itinere, quando podem ser exigidas no agroneg\u00f3cio, o que mudou com a Reforma Trabalhista e como o RH pode prevenir passivos com gest\u00e3o baseada em dados.\" \/>\n<meta name=\"robots\" content=\"index, follow, max-snippet:-1, max-image-preview:large, max-video-preview:-1\" \/>\n<link rel=\"canonical\" href=\"https:\/\/www.oitchau.com.br\/blog\/horas-in-itinere-no-agro\/\" \/>\n<meta property=\"og:locale\" content=\"pt_BR\" \/>\n<meta property=\"og:type\" content=\"article\" \/>\n<meta property=\"og:title\" content=\"Horas in itinere no agro: quando s\u00e3o devidas e como evitar passivos trabalhistas\" \/>\n<meta property=\"og:description\" content=\"Entenda o que s\u00e3o horas in itinere, quando podem ser exigidas no agroneg\u00f3cio, o que mudou com a Reforma Trabalhista e como o RH pode prevenir passivos com gest\u00e3o baseada em dados.\" \/>\n<meta property=\"og:url\" content=\"https:\/\/www.oitchau.com.br\/blog\/horas-in-itinere-no-agro\/\" \/>\n<meta property=\"og:site_name\" content=\"Controle de Ponto &amp; Timesheets\" \/>\n<meta property=\"article:publisher\" content=\"https:\/\/www.facebook.com\/oitchaubr\/\" \/>\n<meta property=\"article:published_time\" content=\"2026-01-20T18:03:15+00:00\" \/>\n<meta property=\"og:image\" content=\"https:\/\/storage.googleapis.com\/oitchaublog\/2026\/01\/1e10233f-image_fx-4.jpg\" \/>\n\t<meta property=\"og:image:width\" content=\"1408\" \/>\n\t<meta property=\"og:image:height\" content=\"768\" \/>\n\t<meta property=\"og:image:type\" content=\"image\/jpeg\" \/>\n<meta name=\"author\" content=\"Amanda Laranjeira\" \/>\n<meta name=\"twitter:card\" content=\"summary_large_image\" \/>\n<meta name=\"twitter:creator\" content=\"@oitchaubr\" \/>\n<meta name=\"twitter:site\" content=\"@oitchaubr\" \/>\n<meta name=\"twitter:label1\" content=\"Written by\" \/>\n\t<meta name=\"twitter:data1\" content=\"Amanda Laranjeira\" \/>\n\t<meta name=\"twitter:label2\" content=\"Est. reading time\" \/>\n\t<meta name=\"twitter:data2\" content=\"7 minutos\" \/>\n<script type=\"application\/ld+json\" class=\"yoast-schema-graph\">{\"@context\":\"https:\/\/schema.org\",\"@graph\":[{\"@type\":[\"Article\",\"BlogPosting\"],\"@id\":\"https:\/\/www.oitchau.com.br\/blog\/horas-in-itinere-no-agro\/#article\",\"isPartOf\":{\"@id\":\"https:\/\/www.oitchau.com.br\/blog\/horas-in-itinere-no-agro\/\"},\"author\":{\"name\":\"Amanda Laranjeira\",\"@id\":\"https:\/\/www.oitchau.com.br\/blog\/#\/schema\/person\/1041f3bd0e2490b50b5bee5d0fb9b533\"},\"headline\":\"Horas in itinere no agro: quando s\u00e3o devidas e como evitar passivos trabalhistas\",\"datePublished\":\"2026-01-20T18:03:15+00:00\",\"dateModified\":\"2026-01-20T18:03:15+00:00\",\"mainEntityOfPage\":{\"@id\":\"https:\/\/www.oitchau.com.br\/blog\/horas-in-itinere-no-agro\/\"},\"wordCount\":1384,\"publisher\":{\"@id\":\"https:\/\/www.oitchau.com.br\/blog\/#organization\"},\"image\":{\"@id\":\"https:\/\/www.oitchau.com.br\/blog\/horas-in-itinere-no-agro\/#primaryimage\"},\"thumbnailUrl\":\"https:\/\/storage.googleapis.com\/oitchaublog\/2026\/01\/1e10233f-image_fx-4.jpg\",\"articleSection\":[\"Jornada &amp; Ponto\"],\"inLanguage\":\"pt-BR\"},{\"@type\":\"WebPage\",\"@id\":\"https:\/\/www.oitchau.com.br\/blog\/horas-in-itinere-no-agro\/\",\"url\":\"https:\/\/www.oitchau.com.br\/blog\/horas-in-itinere-no-agro\/\",\"name\":\"Horas in itinere no agro: quando s\u00e3o devidas e como evitar passivos trabalhistas | Oitchau\",\"isPartOf\":{\"@id\":\"https:\/\/www.oitchau.com.br\/blog\/#website\"},\"primaryImageOfPage\":{\"@id\":\"https:\/\/www.oitchau.com.br\/blog\/horas-in-itinere-no-agro\/#primaryimage\"},\"image\":{\"@id\":\"https:\/\/www.oitchau.com.br\/blog\/horas-in-itinere-no-agro\/#primaryimage\"},\"thumbnailUrl\":\"https:\/\/storage.googleapis.com\/oitchaublog\/2026\/01\/1e10233f-image_fx-4.jpg\",\"datePublished\":\"2026-01-20T18:03:15+00:00\",\"dateModified\":\"2026-01-20T18:03:15+00:00\",\"description\":\"Entenda o que s\u00e3o horas in itinere, quando podem ser exigidas no agroneg\u00f3cio, o que mudou com a Reforma Trabalhista e como o RH pode prevenir passivos com gest\u00e3o baseada em dados.\",\"breadcrumb\":{\"@id\":\"https:\/\/www.oitchau.com.br\/blog\/horas-in-itinere-no-agro\/#breadcrumb\"},\"inLanguage\":\"pt-BR\",\"potentialAction\":[{\"@type\":\"ReadAction\",\"target\":[\"https:\/\/www.oitchau.com.br\/blog\/horas-in-itinere-no-agro\/\"]}]},{\"@type\":\"ImageObject\",\"inLanguage\":\"pt-BR\",\"@id\":\"https:\/\/www.oitchau.com.br\/blog\/horas-in-itinere-no-agro\/#primaryimage\",\"url\":\"https:\/\/storage.googleapis.com\/oitchaublog\/2026\/01\/1e10233f-image_fx-4.jpg\",\"contentUrl\":\"https:\/\/storage.googleapis.com\/oitchaublog\/2026\/01\/1e10233f-image_fx-4.jpg\",\"width\":1408,\"height\":768,\"caption\":\"horas in itinere no agro\"},{\"@type\":\"BreadcrumbList\",\"@id\":\"https:\/\/www.oitchau.com.br\/blog\/horas-in-itinere-no-agro\/#breadcrumb\",\"itemListElement\":[{\"@type\":\"ListItem\",\"position\":1,\"name\":\"Blog\",\"item\":\"https:\/\/www.oitchau.com.br\/blog\/\"},{\"@type\":\"ListItem\",\"position\":2,\"name\":\"Horas in itinere no agro: quando s\u00e3o devidas e como evitar passivos trabalhistas\"}]},{\"@type\":\"WebSite\",\"@id\":\"https:\/\/www.oitchau.com.br\/blog\/#website\",\"url\":\"https:\/\/www.oitchau.com.br\/blog\/\",\"name\":\"Controle de Ponto & Timesheets\",\"description\":\"\",\"publisher\":{\"@id\":\"https:\/\/www.oitchau.com.br\/blog\/#organization\"},\"potentialAction\":[{\"@type\":\"SearchAction\",\"target\":{\"@type\":\"EntryPoint\",\"urlTemplate\":\"https:\/\/www.oitchau.com.br\/blog\/?s={search_term_string}\"},\"query-input\":\"required name=search_term_string\"}],\"inLanguage\":\"pt-BR\"},{\"@type\":\"Organization\",\"@id\":\"https:\/\/www.oitchau.com.br\/blog\/#organization\",\"name\":\"Oitchau\",\"url\":\"https:\/\/www.oitchau.com.br\/blog\/\",\"logo\":{\"@type\":\"ImageObject\",\"inLanguage\":\"pt-BR\",\"@id\":\"https:\/\/www.oitchau.com.br\/blog\/#\/schema\/logo\/image\/\",\"url\":\"https:\/\/storage.googleapis.com\/oitchaublog\/2024\/03\/a0e65c6f-design-sem-nome-20.png\",\"contentUrl\":\"https:\/\/storage.googleapis.com\/oitchaublog\/2024\/03\/a0e65c6f-design-sem-nome-20.png\",\"width\":696,\"height\":696,\"caption\":\"Oitchau\"},\"image\":{\"@id\":\"https:\/\/www.oitchau.com.br\/blog\/#\/schema\/logo\/image\/\"},\"sameAs\":[\"https:\/\/www.facebook.com\/oitchaubr\/\",\"https:\/\/twitter.com\/oitchaubr\",\"https:\/\/instagram.com\/oitchaubr\"],\"description\":\"A Oitchau \u00e9 uma solu\u00e7\u00e3o completa para gest\u00e3o de tempo dos colaboradores, atrav\u00e9s de suas solu\u00e7\u00f5es de controle de ponto & timesheets, ela permite que gestores, RH e DP possam gerenciar desde a jornada de trabalho de funcion\u00e1rios at\u00e9 a gest\u00e3o de tempo em projetos. Elevando o n\u00edvel estrat\u00e9gico do neg\u00f3cio de forma inteligente e assertiva, potencializando seus resultados e garantindo compliance com a Lei.\",\"email\":\"contato@oitchau.com.br\",\"telephone\":\"+551142102846\",\"foundingDate\":\"2016-01-01\",\"numberOfEmployees\":{\"@type\":\"QuantitativeValue\",\"minValue\":\"51\",\"maxValue\":\"200\"}},{\"@type\":\"Person\",\"@id\":\"https:\/\/www.oitchau.com.br\/blog\/#\/schema\/person\/1041f3bd0e2490b50b5bee5d0fb9b533\",\"name\":\"Amanda Laranjeira\",\"url\":\"https:\/\/www.oitchau.com.br\/blog\/author\/amanda\/\"}]}<\/script>\n<!-- \/ Yoast SEO Premium plugin. -->","yoast_head_json":{"title":"Horas in itinere no agro: quando s\u00e3o devidas e como evitar passivos trabalhistas | Oitchau","description":"Entenda o que s\u00e3o horas in itinere, quando podem ser exigidas no agroneg\u00f3cio, o que mudou com a Reforma Trabalhista e como o RH pode prevenir passivos com gest\u00e3o baseada em dados.","robots":{"index":"index","follow":"follow","max-snippet":"max-snippet:-1","max-image-preview":"max-image-preview:large","max-video-preview":"max-video-preview:-1"},"canonical":"https:\/\/www.oitchau.com.br\/blog\/horas-in-itinere-no-agro\/","og_locale":"pt_BR","og_type":"article","og_title":"Horas in itinere no agro: quando s\u00e3o devidas e como evitar passivos trabalhistas","og_description":"Entenda o que s\u00e3o horas in itinere, quando podem ser exigidas no agroneg\u00f3cio, o que mudou com a Reforma Trabalhista e como o RH pode prevenir passivos com gest\u00e3o baseada em dados.","og_url":"https:\/\/www.oitchau.com.br\/blog\/horas-in-itinere-no-agro\/","og_site_name":"Controle de Ponto &amp; Timesheets","article_publisher":"https:\/\/www.facebook.com\/oitchaubr\/","article_published_time":"2026-01-20T18:03:15+00:00","og_image":[{"width":1408,"height":768,"url":"https:\/\/storage.googleapis.com\/oitchaublog\/2026\/01\/1e10233f-image_fx-4.jpg","type":"image\/jpeg"}],"author":"Amanda Laranjeira","twitter_card":"summary_large_image","twitter_creator":"@oitchaubr","twitter_site":"@oitchaubr","twitter_misc":{"Written by":"Amanda Laranjeira","Est. reading time":"7 minutos"},"schema":{"@context":"https:\/\/schema.org","@graph":[{"@type":["Article","BlogPosting"],"@id":"https:\/\/www.oitchau.com.br\/blog\/horas-in-itinere-no-agro\/#article","isPartOf":{"@id":"https:\/\/www.oitchau.com.br\/blog\/horas-in-itinere-no-agro\/"},"author":{"name":"Amanda Laranjeira","@id":"https:\/\/www.oitchau.com.br\/blog\/#\/schema\/person\/1041f3bd0e2490b50b5bee5d0fb9b533"},"headline":"Horas in itinere no agro: quando s\u00e3o devidas e como evitar passivos trabalhistas","datePublished":"2026-01-20T18:03:15+00:00","dateModified":"2026-01-20T18:03:15+00:00","mainEntityOfPage":{"@id":"https:\/\/www.oitchau.com.br\/blog\/horas-in-itinere-no-agro\/"},"wordCount":1384,"publisher":{"@id":"https:\/\/www.oitchau.com.br\/blog\/#organization"},"image":{"@id":"https:\/\/www.oitchau.com.br\/blog\/horas-in-itinere-no-agro\/#primaryimage"},"thumbnailUrl":"https:\/\/storage.googleapis.com\/oitchaublog\/2026\/01\/1e10233f-image_fx-4.jpg","articleSection":["Jornada &amp; Ponto"],"inLanguage":"pt-BR"},{"@type":"WebPage","@id":"https:\/\/www.oitchau.com.br\/blog\/horas-in-itinere-no-agro\/","url":"https:\/\/www.oitchau.com.br\/blog\/horas-in-itinere-no-agro\/","name":"Horas in itinere no agro: quando s\u00e3o devidas e como evitar passivos trabalhistas | Oitchau","isPartOf":{"@id":"https:\/\/www.oitchau.com.br\/blog\/#website"},"primaryImageOfPage":{"@id":"https:\/\/www.oitchau.com.br\/blog\/horas-in-itinere-no-agro\/#primaryimage"},"image":{"@id":"https:\/\/www.oitchau.com.br\/blog\/horas-in-itinere-no-agro\/#primaryimage"},"thumbnailUrl":"https:\/\/storage.googleapis.com\/oitchaublog\/2026\/01\/1e10233f-image_fx-4.jpg","datePublished":"2026-01-20T18:03:15+00:00","dateModified":"2026-01-20T18:03:15+00:00","description":"Entenda o que s\u00e3o horas in itinere, quando podem ser exigidas no agroneg\u00f3cio, o que mudou com a Reforma Trabalhista e como o RH pode prevenir passivos com gest\u00e3o baseada em dados.","breadcrumb":{"@id":"https:\/\/www.oitchau.com.br\/blog\/horas-in-itinere-no-agro\/#breadcrumb"},"inLanguage":"pt-BR","potentialAction":[{"@type":"ReadAction","target":["https:\/\/www.oitchau.com.br\/blog\/horas-in-itinere-no-agro\/"]}]},{"@type":"ImageObject","inLanguage":"pt-BR","@id":"https:\/\/www.oitchau.com.br\/blog\/horas-in-itinere-no-agro\/#primaryimage","url":"https:\/\/storage.googleapis.com\/oitchaublog\/2026\/01\/1e10233f-image_fx-4.jpg","contentUrl":"https:\/\/storage.googleapis.com\/oitchaublog\/2026\/01\/1e10233f-image_fx-4.jpg","width":1408,"height":768,"caption":"horas in itinere no agro"},{"@type":"BreadcrumbList","@id":"https:\/\/www.oitchau.com.br\/blog\/horas-in-itinere-no-agro\/#breadcrumb","itemListElement":[{"@type":"ListItem","position":1,"name":"Blog","item":"https:\/\/www.oitchau.com.br\/blog\/"},{"@type":"ListItem","position":2,"name":"Horas in itinere no agro: quando s\u00e3o devidas e como evitar passivos trabalhistas"}]},{"@type":"WebSite","@id":"https:\/\/www.oitchau.com.br\/blog\/#website","url":"https:\/\/www.oitchau.com.br\/blog\/","name":"Controle de Ponto & Timesheets","description":"","publisher":{"@id":"https:\/\/www.oitchau.com.br\/blog\/#organization"},"potentialAction":[{"@type":"SearchAction","target":{"@type":"EntryPoint","urlTemplate":"https:\/\/www.oitchau.com.br\/blog\/?s={search_term_string}"},"query-input":"required name=search_term_string"}],"inLanguage":"pt-BR"},{"@type":"Organization","@id":"https:\/\/www.oitchau.com.br\/blog\/#organization","name":"Oitchau","url":"https:\/\/www.oitchau.com.br\/blog\/","logo":{"@type":"ImageObject","inLanguage":"pt-BR","@id":"https:\/\/www.oitchau.com.br\/blog\/#\/schema\/logo\/image\/","url":"https:\/\/storage.googleapis.com\/oitchaublog\/2024\/03\/a0e65c6f-design-sem-nome-20.png","contentUrl":"https:\/\/storage.googleapis.com\/oitchaublog\/2024\/03\/a0e65c6f-design-sem-nome-20.png","width":696,"height":696,"caption":"Oitchau"},"image":{"@id":"https:\/\/www.oitchau.com.br\/blog\/#\/schema\/logo\/image\/"},"sameAs":["https:\/\/www.facebook.com\/oitchaubr\/","https:\/\/twitter.com\/oitchaubr","https:\/\/instagram.com\/oitchaubr"],"description":"A Oitchau \u00e9 uma solu\u00e7\u00e3o completa para gest\u00e3o de tempo dos colaboradores, atrav\u00e9s de suas solu\u00e7\u00f5es de controle de ponto & timesheets, ela permite que gestores, RH e DP possam gerenciar desde a jornada de trabalho de funcion\u00e1rios at\u00e9 a gest\u00e3o de tempo em projetos. Elevando o n\u00edvel estrat\u00e9gico do neg\u00f3cio de forma inteligente e assertiva, potencializando seus resultados e garantindo compliance com a Lei.","email":"contato@oitchau.com.br","telephone":"+551142102846","foundingDate":"2016-01-01","numberOfEmployees":{"@type":"QuantitativeValue","minValue":"51","maxValue":"200"}},{"@type":"Person","@id":"https:\/\/www.oitchau.com.br\/blog\/#\/schema\/person\/1041f3bd0e2490b50b5bee5d0fb9b533","name":"Amanda Laranjeira","url":"https:\/\/www.oitchau.com.br\/blog\/author\/amanda\/"}]}},"_links":{"self":[{"href":"https:\/\/www.oitchau.com.br\/blog\/wp-json\/wp\/v2\/posts\/36687"}],"collection":[{"href":"https:\/\/www.oitchau.com.br\/blog\/wp-json\/wp\/v2\/posts"}],"about":[{"href":"https:\/\/www.oitchau.com.br\/blog\/wp-json\/wp\/v2\/types\/post"}],"author":[{"embeddable":true,"href":"https:\/\/www.oitchau.com.br\/blog\/wp-json\/wp\/v2\/users\/24"}],"replies":[{"embeddable":true,"href":"https:\/\/www.oitchau.com.br\/blog\/wp-json\/wp\/v2\/comments?post=36687"}],"version-history":[{"count":1,"href":"https:\/\/www.oitchau.com.br\/blog\/wp-json\/wp\/v2\/posts\/36687\/revisions"}],"predecessor-version":[{"id":36689,"href":"https:\/\/www.oitchau.com.br\/blog\/wp-json\/wp\/v2\/posts\/36687\/revisions\/36689"}],"wp:featuredmedia":[{"embeddable":true,"href":"https:\/\/www.oitchau.com.br\/blog\/wp-json\/wp\/v2\/media\/36688"}],"wp:attachment":[{"href":"https:\/\/www.oitchau.com.br\/blog\/wp-json\/wp\/v2\/media?parent=36687"}],"wp:term":[{"taxonomy":"category","embeddable":true,"href":"https:\/\/www.oitchau.com.br\/blog\/wp-json\/wp\/v2\/categories?post=36687"},{"taxonomy":"post_tag","embeddable":true,"href":"https:\/\/www.oitchau.com.br\/blog\/wp-json\/wp\/v2\/tags?post=36687"}],"curies":[{"name":"wp","href":"https:\/\/api.w.org\/{rel}","templated":true}]}}