{"id":36670,"date":"2025-12-12T08:00:03","date_gmt":"2025-12-12T05:00:03","guid":{"rendered":"https:\/\/www.oitchau.com.br\/blog\/?p=36670"},"modified":"2025-12-10T21:54:06","modified_gmt":"2025-12-10T18:54:06","slug":"nova-escala-de-trabalho","status":"publish","type":"post","link":"https:\/\/www.oitchau.com.br\/blog\/nova-escala-de-trabalho\/","title":{"rendered":"Nova escala de trabalho: o que muda, quando come\u00e7a e como se preparar"},"content":{"rendered":"<p><span style=\"font-weight: 400;\">A discuss\u00e3o sobre a nova escala de trabalho ganhou for\u00e7a com a proposta de reduzir a jornada semanal para 40 horas e substituir o modelo 6&#215;1 como padr\u00e3o.\u00a0<\/span><\/p>\n<p><span style=\"font-weight: 400;\">A mudan\u00e7a impacta diretamente empresas, RH e opera\u00e7\u00f5es que funcionam todos os dias da semana.<\/span><\/p>\n<p><span style=\"font-weight: 400;\">Neste artigo, voc\u00ea entender\u00e1 o que \u00e9 a nova escala, quando ela come\u00e7a, quais setores ser\u00e3o mais afetados e como se preparar com anteced\u00eancia na sua <a href=\"https:\/\/www.oitchau.com.br\/features\/shifts\/\">gest\u00e3o de escalas<\/a>.<\/span><\/p>\n<h2><span style=\"font-weight: 400;\">O que \u00e9 a nova escala de trabalho?\u00a0<\/span><\/h2>\n<p><span style=\"font-weight: 400;\">A nova escala de trabalho \u00e9 a proposta do governo para modernizar a legisla\u00e7\u00e3o trabalhista e adotar uma jornada semanal de at\u00e9 40 horas, em vez das atuais 44 horas previstas na CLT.<\/span><\/p>\n<p><span style=\"font-weight: 400;\">Na pr\u00e1tica, isso significa reorganizar a forma como as empresas distribuem <a href=\"https:\/\/www.oitchau.com.br\/features\/schedules\/\">turnos<\/a>, folgas e cargas hor\u00e1rias.\u00a0<\/span><\/p>\n<p><span style=\"font-weight: 400;\">O <a href=\"https:\/\/www.oitchau.com.br\/blog\/escala-6-1-conheca-tudo-sobre-essa-jornada-de-trabalho\/\">modelo 6&#215;1<\/a> \u2014 seis dias de trabalho para um de descanso \u2014 deixa de ser refer\u00eancia, dando espa\u00e7o para escalas como 5&#215;2, com mais equil\u00edbrio entre trabalho e descanso.<\/span><\/p>\n<p><span style=\"font-weight: 400;\">Embora ainda esteja em fase de discuss\u00e3o, o tema j\u00e1 exige aten\u00e7\u00e3o do RH, que precisa avaliar impactos, custos e adapta\u00e7\u00f5es poss\u00edveis para diferentes opera\u00e7\u00f5es.<\/span><\/p>\n<p><span data-sheets-root=\"1\">\n\t\t<!--HubSpot Call-to-Action Code -->\n\t\t<span class=\"hs-cta-wrapper\" id=\"hs-cta-wrapper-53f075fd-7816-41f5-b09a-dc3b0e544e9d\">\n\t\t<span class=\"hs-cta-node hs-cta-53f075fd-7816-41f5-b09a-dc3b0e544e9d\" id=\"53f075fd-7816-41f5-b09a-dc3b0e544e9d\">\n\t\t<!--[if lte IE 8]>\n\t\t<div id=\"hs-cta-ie-element\"><\/div>\n\t\t<![endif]-->\n\t\t<a href=\"https:\/\/cta-redirect.hubspot.com\/cta\/redirect\/20984162\/53f075fd-7816-41f5-b09a-dc3b0e544e9d\" >\n\t\t<img decoding=\"async\" class=\"hs-cta-img\" id=\"hs-cta-img-53f075fd-7816-41f5-b09a-dc3b0e544e9d\" style=\"border-width:0px;\" src=\"https:\/\/no-cache.hubspot.com\/cta\/default\/20984162\/53f075fd-7816-41f5-b09a-dc3b0e544e9d.png\"  alt=\"New call-to-action\"\/>\n\t\t<\/a>\n\t\t<\/span>\n\t\t<script charset=\"utf-8\" src=\"\/\/js.hubspot.com\/cta\/current.js\"><\/script>\n\t\t<script>\n\t\thbspt.cta.load(20984162, '53f075fd-7816-41f5-b09a-dc3b0e544e9d', {});\n\t\t<\/script>\n\t\t<\/span>\n\t\t<!-- end HubSpot Call-to-Action Code -->\n\t\t<br \/>\n<\/span><\/p>\n<h2><span style=\"font-weight: 400;\">Quando come\u00e7a a nova escala de trabalho?\u00a0<\/span><\/h2>\n<p><span style=\"font-weight: 400;\">A nova escala n\u00e3o entra em vigor imediatamente. Ela depende de aprova\u00e7\u00e3o do projeto de lei, regulamenta\u00e7\u00e3o e um per\u00edodo oficial de transi\u00e7\u00e3o.<\/span><\/p>\n<p><span style=\"font-weight: 400;\">O governo indica que a ado\u00e7\u00e3o ser\u00e1 gradual, permitindo que empresas reorganizem suas equipes antes que a escala se torne obrigat\u00f3ria.<\/span><\/p>\n<p><span style=\"font-weight: 400;\">Enquanto isso, o RH pode se antecipar fazendo simula\u00e7\u00f5es de jornada, revisando contratos e avaliando o impacto da <a href=\"https:\/\/www.oitchau.com.br\/blog\/reducao-de-carga-horaria\/\">redu\u00e7\u00e3o de horas<\/a> no dimensionamento da equipe.<\/span><\/p>\n<h2><span style=\"font-weight: 400;\">Quais setores ser\u00e3o mais impactados com a nova escala de trabalho?\u00a0<\/span><\/h2>\n<p><span style=\"font-weight: 400;\">A mudan\u00e7a afeta todos os segmentos, mas com intensidade maior em setores que operam diariamente, especialmente aos finais de semana. Entre os mais impactados est\u00e3o:<\/span><\/p>\n<ul>\n<li style=\"font-weight: 400;\" aria-level=\"1\"><span style=\"font-weight: 400;\">Varejo;<\/span><\/li>\n<li style=\"font-weight: 400;\" aria-level=\"1\"><span style=\"font-weight: 400;\">Hotelaria e turismo;<\/span><\/li>\n<li style=\"font-weight: 400;\" aria-level=\"1\"><span style=\"font-weight: 400;\">Sa\u00fade (hospitais, cl\u00ednicas, emerg\u00eancias);<\/span><\/li>\n<li style=\"font-weight: 400;\" aria-level=\"1\"><span style=\"font-weight: 400;\">Alimenta\u00e7\u00e3o e bares;<\/span><\/li>\n<li style=\"font-weight: 400;\" aria-level=\"1\"><span style=\"font-weight: 400;\">Transporte e log\u00edstica;<\/span><\/li>\n<li style=\"font-weight: 400;\" aria-level=\"1\"><span style=\"font-weight: 400;\"><a href=\"https:\/\/www.oitchau.com.br\/solutions\/factories\/\">Ind\u00fastrias<\/a> com opera\u00e7\u00e3o 24\/7.<\/span><\/li>\n<\/ul>\n<p><span style=\"font-weight: 400;\">Esses segmentos trabalham com alta demanda cont\u00ednua e devem reorganizar revezamentos, criar mais grupos de trabalho e, em alguns casos, ampliar o quadro de funcion\u00e1rios para manter a cobertura.<\/span><\/p>\n<h2><span style=\"font-weight: 400;\">O que muda na pr\u00e1tica com a nova escala de trabalho?\u00a0<\/span><\/h2>\n<p><span style=\"font-weight: 400;\">A primeira mudan\u00e7a \u00e9 a redu\u00e7\u00e3o do limite semanal, que impacta diretamente a distribui\u00e7\u00e3o das jornadas. Com a nova escala:<\/span><\/p>\n<ul>\n<li style=\"font-weight: 400;\" aria-level=\"1\"><span style=\"font-weight: 400;\">O 6&#215;1 deixa de ser refer\u00eancia;<\/span><\/li>\n<li style=\"font-weight: 400;\" aria-level=\"1\"><span style=\"font-weight: 400;\">A <a href=\"https:\/\/www.oitchau.com.br\/blog\/escala-5-x-2-entenda\/\">escala 5&#215;2<\/a> se torna o modelo mais comum;<\/span><\/li>\n<li style=\"font-weight: 400;\" aria-level=\"1\"><span style=\"font-weight: 400;\">O descanso semanal aumenta;<\/span><\/li>\n<li style=\"font-weight: 400;\" aria-level=\"1\"><span style=\"font-weight: 400;\">Haver\u00e1 mais necessidade de planejamento de equipe;<\/span><\/li>\n<li style=\"font-weight: 400;\" aria-level=\"1\"><span style=\"font-weight: 400;\">Empresas podem ter que contratar mais profissionais para manter o atendimento.<\/span><\/li>\n<\/ul>\n<p><span style=\"font-weight: 400;\">Al\u00e9m disso, contratos de trabalho, pol\u00edticas internas e pr\u00e1ticas de registro de ponto precisar\u00e3o ser atualizadas para garantir conformidade com a nova carga hor\u00e1ria.<\/span><\/p>\n<h2><span style=\"font-weight: 400;\">Como vai funcionar a escala 5&#215;2 no novo cen\u00e1rio?\u00a0<\/span><\/h2>\n<p><span style=\"font-weight: 400;\">A escala 5&#215;2 prev\u00ea cinco dias de trabalho e dois dias de descanso semanal.\u00a0<\/span><\/p>\n<p><span style=\"font-weight: 400;\">No novo cen\u00e1rio, ela pode funcionar de tr\u00eas formas principais:<\/span><\/p>\n<ol>\n<li style=\"font-weight: 400;\" aria-level=\"1\"><span style=\"font-weight: 400;\">5&#215;2 fixo: folgas sempre nos mesmos dois dias.<\/span><\/li>\n<li style=\"font-weight: 400;\" aria-level=\"1\"><span style=\"font-weight: 400;\">5&#215;2 com revezamento: folgas alternadas para garantir cobertura aos finais de semana.<\/span><\/li>\n<li style=\"font-weight: 400;\" aria-level=\"1\"><span style=\"font-weight: 400;\">5&#215;2 com grupos rotativos: ideal para empresas que funcionam 7 dias por semana.<\/span><\/li>\n<\/ol>\n<p><span style=\"font-weight: 400;\">Para setores como varejo, hotelaria e alimenta\u00e7\u00e3o, o revezamento ser\u00e1 essencial para evitar sobrecarga e garantir atendimento cont\u00ednuo.<\/span><\/p>\n<p><span style=\"font-weight: 400;\">Com a redu\u00e7\u00e3o da jornada semanal, o RH tamb\u00e9m precisar\u00e1 aplicar c\u00e1lculos mais precisos de dimensionamento de equipes.<\/span><\/p>\n<h2><span style=\"font-weight: 400;\">A nova escala significa semana de 4 dias?\u00a0<\/span><\/h2>\n<p><span style=\"font-weight: 400;\">N\u00e3o. A nova escala trata apenas da redu\u00e7\u00e3o da jornada m\u00e1xima para 40 horas semanais, n\u00e3o da implementa\u00e7\u00e3o de quatro dias de trabalho.<\/span><\/p>\n<p><span style=\"font-weight: 400;\">A semana de quatro dias \u00e9 outro debate, depende de <a href=\"https:\/\/www.oitchau.com.br\/blog\/acordo-coletivo-e-convencao-coletiva\/\">acordos coletivos<\/a> e ainda n\u00e3o faz parte da proposta oficial da nova escala.<\/span><\/p>\n<p><span style=\"font-weight: 400;\">Portanto, mesmo com a mudan\u00e7a, a maioria das empresas continuar\u00e1 funcionando entre cinco e sete dias por semana, organizando turnos conforme sua opera\u00e7\u00e3o.<\/span><\/p>\n<h2><span style=\"font-weight: 400;\">Como o Oitchau ajuda sua empresa a se preparar para a nova jornada de trabalho<\/span><\/h2>\n<p><span style=\"font-weight: 400;\">O Oitchau facilita a transi\u00e7\u00e3o para a nova escala de trabalho ao permitir que o RH teste diferentes modelos de jornada, organize turnos e visualize, na pr\u00e1tica, como cada ajuste impacta o dia a dia da opera\u00e7\u00e3o.\u00a0<\/span><\/p>\n<p><span style=\"font-weight: 400;\">Em vez de planilhas e c\u00e1lculos manuais, tudo acontece em um s\u00f3 lugar, com regras configuradas conforme a realidade de cada setor.<\/span><\/p>\n<p><span style=\"font-weight: 400;\">Ao conectar escala, ponto e folha, o sistema mant\u00e9m as informa\u00e7\u00f5es alinhadas e evita desencontros entre o que foi planejado e o que realmente aconteceu.<\/span><\/p>\n<p><span style=\"font-weight: 400;\">Isso d\u00e1 mais seguran\u00e7a para organizar folgas, controlar limites semanais e acompanhar as mudan\u00e7as exigidas pela nova legisla\u00e7\u00e3o, sem sustos na hora do fechamento.<\/span><\/p>\n<p><span style=\"font-weight: 400;\">Quer ver de perto como tudo isso funciona? Acesse agora e fa\u00e7a o seu teste sem compromisso!<\/span><\/p>\n<p><span data-sheets-root=\"1\">\n\t\t<!--HubSpot Call-to-Action Code -->\n\t\t<span class=\"hs-cta-wrapper\" id=\"hs-cta-wrapper-53f075fd-7816-41f5-b09a-dc3b0e544e9d\">\n\t\t<span class=\"hs-cta-node hs-cta-53f075fd-7816-41f5-b09a-dc3b0e544e9d\" id=\"53f075fd-7816-41f5-b09a-dc3b0e544e9d\">\n\t\t<!--[if lte IE 8]>\n\t\t<div id=\"hs-cta-ie-element\"><\/div>\n\t\t<![endif]-->\n\t\t<a href=\"https:\/\/cta-redirect.hubspot.com\/cta\/redirect\/20984162\/53f075fd-7816-41f5-b09a-dc3b0e544e9d\" >\n\t\t<img decoding=\"async\" class=\"hs-cta-img\" id=\"hs-cta-img-53f075fd-7816-41f5-b09a-dc3b0e544e9d\" style=\"border-width:0px;\" src=\"https:\/\/no-cache.hubspot.com\/cta\/default\/20984162\/53f075fd-7816-41f5-b09a-dc3b0e544e9d.png\"  alt=\"New call-to-action\"\/>\n\t\t<\/a>\n\t\t<\/span>\n\t\t<script charset=\"utf-8\" src=\"\/\/js.hubspot.com\/cta\/current.js\"><\/script>\n\t\t<script>\n\t\thbspt.cta.load(20984162, '53f075fd-7816-41f5-b09a-dc3b0e544e9d', {});\n\t\t<\/script>\n\t\t<\/span>\n\t\t<!-- end HubSpot Call-to-Action Code -->\n\t\t<br \/>\n<\/span><\/p>\n<h2><span style=\"font-weight: 400;\">Perguntas frequentes<\/span><\/h2>\n<h3><span style=\"font-weight: 400;\">A nova escala de 40 horas semanais j\u00e1 foi aprovada? Quando entra em vigor?\u00a0<\/span><\/h3>\n<p><span style=\"font-weight: 400;\">Ainda \u00e9 projeto de lei. N\u00e3o h\u00e1 data definida para entrada em vigor, mas o governo fala em implanta\u00e7\u00e3o gradual ap\u00f3s aprova\u00e7\u00e3o e regulamenta\u00e7\u00e3o.<\/span><\/p>\n<h3><span style=\"font-weight: 400;\">Minha empresa \u00e9 obrigada a adotar a escala 5&#215;2?\u00a0<\/span><\/h3>\n<p><span style=\"font-weight: 400;\">N\u00e3o obrigatoriamente o 5&#215;2 fixo. O que ser\u00e1 obrigat\u00f3rio \u00e9 respeitar o limite de 40 horas semanais e garantir o descanso semanal de 24h consecutivas. A escala 5&#215;2 com revezamento ou grupos rotativos ser\u00e1 a solu\u00e7\u00e3o mais comum em opera\u00e7\u00f5es 7 dias por semana.<\/span><\/p>\n<h3><span style=\"font-weight: 400;\">Se hoje trabalhamos 44 horas (ex.: 8h48 por dia de segunda a s\u00e1bado), o que muda na pr\u00e1tica?\u00a0<\/span><\/h3>\n<p><span style=\"font-weight: 400;\">Ser\u00e3o 4 horas a menos por semana. A empresa pode redistribuir (ex.: 8h por dia de segunda a sexta) ou criar turnos\/revezamentos para cobrir s\u00e1bados, domingos e feriados.<\/span><\/p>\n","protected":false},"excerpt":{"rendered":"<p>A discuss\u00e3o sobre a nova escala de trabalho ganhou for\u00e7a com a proposta de reduzir a jornada semanal para 40 horas e substituir o modelo 6&#215;1 como padr\u00e3o.\u00a0 A mudan\u00e7a impacta diretamente empresas, RH e opera\u00e7\u00f5es que funcionam todos os dias da semana. Neste artigo, voc\u00ea entender\u00e1 o que \u00e9 a nova escala, quando ela [&hellip;]<\/p>\n","protected":false},"author":24,"featured_media":36671,"comment_status":"closed","ping_status":"open","sticky":false,"template":"","format":"standard","meta":{"content-type":"","footnotes":""},"categories":[18014],"tags":[],"yoast_head":"<!-- This site is optimized with the Yoast SEO Premium plugin v22.2 (Yoast SEO v22.2) - https:\/\/yoast.com\/wordpress\/plugins\/seo\/ -->\n<title>Nova escala de trabalho: o que muda, quando come\u00e7a e como se preparar | Oitchau<\/title>\n<meta name=\"description\" content=\"A nova escala de trabalho semanais pode substituir o 6x1 e mudar a rotina das empresas. Veja o que muda, quem ser\u00e1 afetado e como o RH pode se preparar.\" \/>\n<meta name=\"robots\" content=\"index, follow, max-snippet:-1, max-image-preview:large, max-video-preview:-1\" \/>\n<link rel=\"canonical\" href=\"https:\/\/www.oitchau.com.br\/blog\/nova-escala-de-trabalho\/\" \/>\n<meta property=\"og:locale\" content=\"pt_BR\" \/>\n<meta property=\"og:type\" content=\"article\" \/>\n<meta property=\"og:title\" content=\"Nova escala de trabalho: o que muda, quando come\u00e7a e como se preparar\" \/>\n<meta property=\"og:description\" content=\"A nova escala de trabalho semanais pode substituir o 6x1 e mudar a rotina das empresas. Veja o que muda, quem ser\u00e1 afetado e como o RH pode se preparar.\" \/>\n<meta property=\"og:url\" content=\"https:\/\/www.oitchau.com.br\/blog\/nova-escala-de-trabalho\/\" \/>\n<meta property=\"og:site_name\" content=\"Controle de Ponto &amp; Timesheets\" \/>\n<meta property=\"article:publisher\" content=\"https:\/\/www.facebook.com\/oitchaubr\/\" \/>\n<meta property=\"article:published_time\" content=\"2025-12-12T05:00:03+00:00\" \/>\n<meta property=\"article:modified_time\" content=\"2025-12-10T18:54:06+00:00\" \/>\n<meta property=\"og:image\" content=\"https:\/\/storage.googleapis.com\/oitchaublog\/2025\/12\/45f83782-image_fx-5.jpg\" \/>\n\t<meta property=\"og:image:width\" content=\"1365\" \/>\n\t<meta property=\"og:image:height\" content=\"768\" \/>\n\t<meta property=\"og:image:type\" content=\"image\/jpeg\" \/>\n<meta name=\"author\" content=\"Amanda Laranjeira\" \/>\n<meta name=\"twitter:card\" content=\"summary_large_image\" \/>\n<meta name=\"twitter:creator\" content=\"@oitchaubr\" \/>\n<meta name=\"twitter:site\" content=\"@oitchaubr\" \/>\n<meta name=\"twitter:label1\" content=\"Written by\" \/>\n\t<meta name=\"twitter:data1\" content=\"Amanda Laranjeira\" \/>\n\t<meta name=\"twitter:label2\" content=\"Est. reading time\" \/>\n\t<meta name=\"twitter:data2\" content=\"6 minutos\" \/>\n<script type=\"application\/ld+json\" class=\"yoast-schema-graph\">{\"@context\":\"https:\/\/schema.org\",\"@graph\":[{\"@type\":[\"Article\",\"BlogPosting\"],\"@id\":\"https:\/\/www.oitchau.com.br\/blog\/nova-escala-de-trabalho\/#article\",\"isPartOf\":{\"@id\":\"https:\/\/www.oitchau.com.br\/blog\/nova-escala-de-trabalho\/\"},\"author\":{\"name\":\"Amanda Laranjeira\",\"@id\":\"https:\/\/www.oitchau.com.br\/blog\/#\/schema\/person\/1041f3bd0e2490b50b5bee5d0fb9b533\"},\"headline\":\"Nova escala de trabalho: o que muda, quando come\u00e7a e como se preparar\",\"datePublished\":\"2025-12-12T05:00:03+00:00\",\"dateModified\":\"2025-12-10T18:54:06+00:00\",\"mainEntityOfPage\":{\"@id\":\"https:\/\/www.oitchau.com.br\/blog\/nova-escala-de-trabalho\/\"},\"wordCount\":1007,\"publisher\":{\"@id\":\"https:\/\/www.oitchau.com.br\/blog\/#organization\"},\"image\":{\"@id\":\"https:\/\/www.oitchau.com.br\/blog\/nova-escala-de-trabalho\/#primaryimage\"},\"thumbnailUrl\":\"https:\/\/storage.googleapis.com\/oitchaublog\/2025\/12\/45f83782-image_fx-5.jpg\",\"articleSection\":[\"Gest\u00e3o de Escalas\"],\"inLanguage\":\"pt-BR\"},{\"@type\":\"WebPage\",\"@id\":\"https:\/\/www.oitchau.com.br\/blog\/nova-escala-de-trabalho\/\",\"url\":\"https:\/\/www.oitchau.com.br\/blog\/nova-escala-de-trabalho\/\",\"name\":\"Nova escala de trabalho: o que muda, quando come\u00e7a e como se preparar | Oitchau\",\"isPartOf\":{\"@id\":\"https:\/\/www.oitchau.com.br\/blog\/#website\"},\"primaryImageOfPage\":{\"@id\":\"https:\/\/www.oitchau.com.br\/blog\/nova-escala-de-trabalho\/#primaryimage\"},\"image\":{\"@id\":\"https:\/\/www.oitchau.com.br\/blog\/nova-escala-de-trabalho\/#primaryimage\"},\"thumbnailUrl\":\"https:\/\/storage.googleapis.com\/oitchaublog\/2025\/12\/45f83782-image_fx-5.jpg\",\"datePublished\":\"2025-12-12T05:00:03+00:00\",\"dateModified\":\"2025-12-10T18:54:06+00:00\",\"description\":\"A nova escala de trabalho semanais pode substituir o 6x1 e mudar a rotina das empresas. Veja o que muda, quem ser\u00e1 afetado e como o RH pode se preparar.\",\"breadcrumb\":{\"@id\":\"https:\/\/www.oitchau.com.br\/blog\/nova-escala-de-trabalho\/#breadcrumb\"},\"inLanguage\":\"pt-BR\",\"potentialAction\":[{\"@type\":\"ReadAction\",\"target\":[\"https:\/\/www.oitchau.com.br\/blog\/nova-escala-de-trabalho\/\"]}]},{\"@type\":\"ImageObject\",\"inLanguage\":\"pt-BR\",\"@id\":\"https:\/\/www.oitchau.com.br\/blog\/nova-escala-de-trabalho\/#primaryimage\",\"url\":\"https:\/\/storage.googleapis.com\/oitchaublog\/2025\/12\/45f83782-image_fx-5.jpg\",\"contentUrl\":\"https:\/\/storage.googleapis.com\/oitchaublog\/2025\/12\/45f83782-image_fx-5.jpg\",\"width\":1365,\"height\":768,\"caption\":\"Nova escala de trabalho\"},{\"@type\":\"BreadcrumbList\",\"@id\":\"https:\/\/www.oitchau.com.br\/blog\/nova-escala-de-trabalho\/#breadcrumb\",\"itemListElement\":[{\"@type\":\"ListItem\",\"position\":1,\"name\":\"Blog\",\"item\":\"https:\/\/www.oitchau.com.br\/blog\/\"},{\"@type\":\"ListItem\",\"position\":2,\"name\":\"Nova escala de trabalho: o que muda, quando come\u00e7a e como se preparar\"}]},{\"@type\":\"WebSite\",\"@id\":\"https:\/\/www.oitchau.com.br\/blog\/#website\",\"url\":\"https:\/\/www.oitchau.com.br\/blog\/\",\"name\":\"Controle de Ponto & Timesheets\",\"description\":\"\",\"publisher\":{\"@id\":\"https:\/\/www.oitchau.com.br\/blog\/#organization\"},\"potentialAction\":[{\"@type\":\"SearchAction\",\"target\":{\"@type\":\"EntryPoint\",\"urlTemplate\":\"https:\/\/www.oitchau.com.br\/blog\/?s={search_term_string}\"},\"query-input\":\"required name=search_term_string\"}],\"inLanguage\":\"pt-BR\"},{\"@type\":\"Organization\",\"@id\":\"https:\/\/www.oitchau.com.br\/blog\/#organization\",\"name\":\"Oitchau\",\"url\":\"https:\/\/www.oitchau.com.br\/blog\/\",\"logo\":{\"@type\":\"ImageObject\",\"inLanguage\":\"pt-BR\",\"@id\":\"https:\/\/www.oitchau.com.br\/blog\/#\/schema\/logo\/image\/\",\"url\":\"https:\/\/storage.googleapis.com\/oitchaublog\/2024\/03\/a0e65c6f-design-sem-nome-20.png\",\"contentUrl\":\"https:\/\/storage.googleapis.com\/oitchaublog\/2024\/03\/a0e65c6f-design-sem-nome-20.png\",\"width\":696,\"height\":696,\"caption\":\"Oitchau\"},\"image\":{\"@id\":\"https:\/\/www.oitchau.com.br\/blog\/#\/schema\/logo\/image\/\"},\"sameAs\":[\"https:\/\/www.facebook.com\/oitchaubr\/\",\"https:\/\/twitter.com\/oitchaubr\",\"https:\/\/instagram.com\/oitchaubr\"],\"description\":\"A Oitchau \u00e9 uma solu\u00e7\u00e3o completa para gest\u00e3o de tempo dos colaboradores, atrav\u00e9s de suas solu\u00e7\u00f5es de controle de ponto & timesheets, ela permite que gestores, RH e DP possam gerenciar desde a jornada de trabalho de funcion\u00e1rios at\u00e9 a gest\u00e3o de tempo em projetos. Elevando o n\u00edvel estrat\u00e9gico do neg\u00f3cio de forma inteligente e assertiva, potencializando seus resultados e garantindo compliance com a Lei.\",\"email\":\"contato@oitchau.com.br\",\"telephone\":\"+551142102846\",\"foundingDate\":\"2016-01-01\",\"numberOfEmployees\":{\"@type\":\"QuantitativeValue\",\"minValue\":\"51\",\"maxValue\":\"200\"}},{\"@type\":\"Person\",\"@id\":\"https:\/\/www.oitchau.com.br\/blog\/#\/schema\/person\/1041f3bd0e2490b50b5bee5d0fb9b533\",\"name\":\"Amanda Laranjeira\",\"url\":\"https:\/\/www.oitchau.com.br\/blog\/author\/amanda\/\"}]}<\/script>\n<!-- \/ Yoast SEO Premium plugin. -->","yoast_head_json":{"title":"Nova escala de trabalho: o que muda, quando come\u00e7a e como se preparar | Oitchau","description":"A nova escala de trabalho semanais pode substituir o 6x1 e mudar a rotina das empresas. Veja o que muda, quem ser\u00e1 afetado e como o RH pode se preparar.","robots":{"index":"index","follow":"follow","max-snippet":"max-snippet:-1","max-image-preview":"max-image-preview:large","max-video-preview":"max-video-preview:-1"},"canonical":"https:\/\/www.oitchau.com.br\/blog\/nova-escala-de-trabalho\/","og_locale":"pt_BR","og_type":"article","og_title":"Nova escala de trabalho: o que muda, quando come\u00e7a e como se preparar","og_description":"A nova escala de trabalho semanais pode substituir o 6x1 e mudar a rotina das empresas. Veja o que muda, quem ser\u00e1 afetado e como o RH pode se preparar.","og_url":"https:\/\/www.oitchau.com.br\/blog\/nova-escala-de-trabalho\/","og_site_name":"Controle de Ponto &amp; Timesheets","article_publisher":"https:\/\/www.facebook.com\/oitchaubr\/","article_published_time":"2025-12-12T05:00:03+00:00","article_modified_time":"2025-12-10T18:54:06+00:00","og_image":[{"width":1365,"height":768,"url":"https:\/\/storage.googleapis.com\/oitchaublog\/2025\/12\/45f83782-image_fx-5.jpg","type":"image\/jpeg"}],"author":"Amanda Laranjeira","twitter_card":"summary_large_image","twitter_creator":"@oitchaubr","twitter_site":"@oitchaubr","twitter_misc":{"Written by":"Amanda Laranjeira","Est. reading time":"6 minutos"},"schema":{"@context":"https:\/\/schema.org","@graph":[{"@type":["Article","BlogPosting"],"@id":"https:\/\/www.oitchau.com.br\/blog\/nova-escala-de-trabalho\/#article","isPartOf":{"@id":"https:\/\/www.oitchau.com.br\/blog\/nova-escala-de-trabalho\/"},"author":{"name":"Amanda Laranjeira","@id":"https:\/\/www.oitchau.com.br\/blog\/#\/schema\/person\/1041f3bd0e2490b50b5bee5d0fb9b533"},"headline":"Nova escala de trabalho: o que muda, quando come\u00e7a e como se preparar","datePublished":"2025-12-12T05:00:03+00:00","dateModified":"2025-12-10T18:54:06+00:00","mainEntityOfPage":{"@id":"https:\/\/www.oitchau.com.br\/blog\/nova-escala-de-trabalho\/"},"wordCount":1007,"publisher":{"@id":"https:\/\/www.oitchau.com.br\/blog\/#organization"},"image":{"@id":"https:\/\/www.oitchau.com.br\/blog\/nova-escala-de-trabalho\/#primaryimage"},"thumbnailUrl":"https:\/\/storage.googleapis.com\/oitchaublog\/2025\/12\/45f83782-image_fx-5.jpg","articleSection":["Gest\u00e3o de Escalas"],"inLanguage":"pt-BR"},{"@type":"WebPage","@id":"https:\/\/www.oitchau.com.br\/blog\/nova-escala-de-trabalho\/","url":"https:\/\/www.oitchau.com.br\/blog\/nova-escala-de-trabalho\/","name":"Nova escala de trabalho: o que muda, quando come\u00e7a e como se preparar | Oitchau","isPartOf":{"@id":"https:\/\/www.oitchau.com.br\/blog\/#website"},"primaryImageOfPage":{"@id":"https:\/\/www.oitchau.com.br\/blog\/nova-escala-de-trabalho\/#primaryimage"},"image":{"@id":"https:\/\/www.oitchau.com.br\/blog\/nova-escala-de-trabalho\/#primaryimage"},"thumbnailUrl":"https:\/\/storage.googleapis.com\/oitchaublog\/2025\/12\/45f83782-image_fx-5.jpg","datePublished":"2025-12-12T05:00:03+00:00","dateModified":"2025-12-10T18:54:06+00:00","description":"A nova escala de trabalho semanais pode substituir o 6x1 e mudar a rotina das empresas. Veja o que muda, quem ser\u00e1 afetado e como o RH pode se preparar.","breadcrumb":{"@id":"https:\/\/www.oitchau.com.br\/blog\/nova-escala-de-trabalho\/#breadcrumb"},"inLanguage":"pt-BR","potentialAction":[{"@type":"ReadAction","target":["https:\/\/www.oitchau.com.br\/blog\/nova-escala-de-trabalho\/"]}]},{"@type":"ImageObject","inLanguage":"pt-BR","@id":"https:\/\/www.oitchau.com.br\/blog\/nova-escala-de-trabalho\/#primaryimage","url":"https:\/\/storage.googleapis.com\/oitchaublog\/2025\/12\/45f83782-image_fx-5.jpg","contentUrl":"https:\/\/storage.googleapis.com\/oitchaublog\/2025\/12\/45f83782-image_fx-5.jpg","width":1365,"height":768,"caption":"Nova escala de trabalho"},{"@type":"BreadcrumbList","@id":"https:\/\/www.oitchau.com.br\/blog\/nova-escala-de-trabalho\/#breadcrumb","itemListElement":[{"@type":"ListItem","position":1,"name":"Blog","item":"https:\/\/www.oitchau.com.br\/blog\/"},{"@type":"ListItem","position":2,"name":"Nova escala de trabalho: o que muda, quando come\u00e7a e como se preparar"}]},{"@type":"WebSite","@id":"https:\/\/www.oitchau.com.br\/blog\/#website","url":"https:\/\/www.oitchau.com.br\/blog\/","name":"Controle de Ponto & Timesheets","description":"","publisher":{"@id":"https:\/\/www.oitchau.com.br\/blog\/#organization"},"potentialAction":[{"@type":"SearchAction","target":{"@type":"EntryPoint","urlTemplate":"https:\/\/www.oitchau.com.br\/blog\/?s={search_term_string}"},"query-input":"required name=search_term_string"}],"inLanguage":"pt-BR"},{"@type":"Organization","@id":"https:\/\/www.oitchau.com.br\/blog\/#organization","name":"Oitchau","url":"https:\/\/www.oitchau.com.br\/blog\/","logo":{"@type":"ImageObject","inLanguage":"pt-BR","@id":"https:\/\/www.oitchau.com.br\/blog\/#\/schema\/logo\/image\/","url":"https:\/\/storage.googleapis.com\/oitchaublog\/2024\/03\/a0e65c6f-design-sem-nome-20.png","contentUrl":"https:\/\/storage.googleapis.com\/oitchaublog\/2024\/03\/a0e65c6f-design-sem-nome-20.png","width":696,"height":696,"caption":"Oitchau"},"image":{"@id":"https:\/\/www.oitchau.com.br\/blog\/#\/schema\/logo\/image\/"},"sameAs":["https:\/\/www.facebook.com\/oitchaubr\/","https:\/\/twitter.com\/oitchaubr","https:\/\/instagram.com\/oitchaubr"],"description":"A Oitchau \u00e9 uma solu\u00e7\u00e3o completa para gest\u00e3o de tempo dos colaboradores, atrav\u00e9s de suas solu\u00e7\u00f5es de controle de ponto & timesheets, ela permite que gestores, RH e DP possam gerenciar desde a jornada de trabalho de funcion\u00e1rios at\u00e9 a gest\u00e3o de tempo em projetos. Elevando o n\u00edvel estrat\u00e9gico do neg\u00f3cio de forma inteligente e assertiva, potencializando seus resultados e garantindo compliance com a Lei.","email":"contato@oitchau.com.br","telephone":"+551142102846","foundingDate":"2016-01-01","numberOfEmployees":{"@type":"QuantitativeValue","minValue":"51","maxValue":"200"}},{"@type":"Person","@id":"https:\/\/www.oitchau.com.br\/blog\/#\/schema\/person\/1041f3bd0e2490b50b5bee5d0fb9b533","name":"Amanda Laranjeira","url":"https:\/\/www.oitchau.com.br\/blog\/author\/amanda\/"}]}},"_links":{"self":[{"href":"https:\/\/www.oitchau.com.br\/blog\/wp-json\/wp\/v2\/posts\/36670"}],"collection":[{"href":"https:\/\/www.oitchau.com.br\/blog\/wp-json\/wp\/v2\/posts"}],"about":[{"href":"https:\/\/www.oitchau.com.br\/blog\/wp-json\/wp\/v2\/types\/post"}],"author":[{"embeddable":true,"href":"https:\/\/www.oitchau.com.br\/blog\/wp-json\/wp\/v2\/users\/24"}],"replies":[{"embeddable":true,"href":"https:\/\/www.oitchau.com.br\/blog\/wp-json\/wp\/v2\/comments?post=36670"}],"version-history":[{"count":1,"href":"https:\/\/www.oitchau.com.br\/blog\/wp-json\/wp\/v2\/posts\/36670\/revisions"}],"predecessor-version":[{"id":36672,"href":"https:\/\/www.oitchau.com.br\/blog\/wp-json\/wp\/v2\/posts\/36670\/revisions\/36672"}],"wp:featuredmedia":[{"embeddable":true,"href":"https:\/\/www.oitchau.com.br\/blog\/wp-json\/wp\/v2\/media\/36671"}],"wp:attachment":[{"href":"https:\/\/www.oitchau.com.br\/blog\/wp-json\/wp\/v2\/media?parent=36670"}],"wp:term":[{"taxonomy":"category","embeddable":true,"href":"https:\/\/www.oitchau.com.br\/blog\/wp-json\/wp\/v2\/categories?post=36670"},{"taxonomy":"post_tag","embeddable":true,"href":"https:\/\/www.oitchau.com.br\/blog\/wp-json\/wp\/v2\/tags?post=36670"}],"curies":[{"name":"wp","href":"https:\/\/api.w.org\/{rel}","templated":true}]}}