{"id":36606,"date":"2025-10-23T20:06:34","date_gmt":"2025-10-23T17:06:34","guid":{"rendered":"https:\/\/www.oitchau.com.br\/blog\/?p=36606"},"modified":"2025-10-23T20:06:34","modified_gmt":"2025-10-23T17:06:34","slug":"black-friday","status":"publish","type":"post","link":"https:\/\/www.oitchau.com.br\/blog\/black-friday\/","title":{"rendered":"Black Friday e escalas: prepare sua equipe para o pico de vendas"},"content":{"rendered":"<p><span style=\"font-weight: 400;\">A Black Friday \u00e9 o maior teste de efici\u00eancia operacional para o varejo. Em poucos dias o volume de clientes, vendas e entregas pode multiplicar, exigindo da opera\u00e7\u00e3o um desempenho muito acima da m\u00e9dia.<\/span><\/p>\n<p><span style=\"font-weight: 400;\">E, para dar conta dessa demanda sem comprometer a produtividade ou o bem-estar das equipes, o segredo est\u00e1 no planejamento das <a href=\"https:\/\/www.oitchau.com.br\/features\/shifts\">escalas de trabalho<\/a>.<\/span><\/p>\n<p><span style=\"font-weight: 400;\">Mais do que refor\u00e7ar o quadro de funcion\u00e1rios, a Black Friday exige uma gest\u00e3o precisa: equilibrar turnos, controlar jornadas, prever pausas e evitar sobrecarga. Quando o RH e os gestores atuam de forma integrada, \u00e9 poss\u00edvel atravessar o per\u00edodo de alta com efici\u00eancia, conformidade e resultados sustent\u00e1veis.<\/span><\/p>\n<p><span style=\"font-weight: 400;\">Neste artigo, voc\u00ea vai entender como preparar sua equipe para o pico de vendas da Black Friday e como a gest\u00e3o inteligente de escalas pode fazer toda a diferen\u00e7a no desempenho do seu neg\u00f3cio.<\/span><\/p>\n<h2><span style=\"font-weight: 400;\">Por que a Black Friday exige uma prepara\u00e7\u00e3o especial no varejo?<\/span><\/h2>\n<p><span style=\"font-weight: 400;\">Durante a Black Friday, o movimento de clientes e pedidos dispara em lojas f\u00edsicas e no e-commerce.<\/span><\/p>\n<p><span style=\"font-weight: 400;\">O resultado \u00e9 um cen\u00e1rio que exige:<\/span><\/p>\n<ul>\n<li style=\"font-weight: 400;\" aria-level=\"1\"><span style=\"font-weight: 400;\">Refor\u00e7o nas equipes de atendimento, estoque e log\u00edstica;<\/span><\/li>\n<li style=\"font-weight: 400;\" aria-level=\"1\"><span style=\"font-weight: 400;\">Ajuste nas jornadas para cobrir hor\u00e1rios estendidos;<\/span><\/li>\n<li style=\"font-weight: 400;\" aria-level=\"1\"><span style=\"font-weight: 400;\">Planejamento de folgas e compensa\u00e7\u00f5es conforme a CLT;<\/span><\/li>\n<li style=\"font-weight: 400;\" aria-level=\"1\"><span style=\"font-weight: 400;\">Monitoramento rigoroso das horas extras e intervalos.<\/span><\/li>\n<\/ul>\n<p><span style=\"font-weight: 400;\">O planejamento antecipado permite manter a produtividade sem sobrecarregar o time. Assim, escalas mal estruturadas n\u00e3o afetam apenas a opera\u00e7\u00e3o, mas elas refletem diretamente na experi\u00eancia do consumidor.<\/span><\/p>\n<p><span style=\"font-weight: 400;\">Os principais problemas observados s\u00e3o:<\/span><\/p>\n<ul>\n<li style=\"font-weight: 400;\" aria-level=\"1\"><span style=\"font-weight: 400;\">Falta de cobertura em hor\u00e1rios cr\u00edticos;<\/span><\/li>\n<li style=\"font-weight: 400;\" aria-level=\"1\"><span style=\"font-weight: 400;\">Atrasos por trocas mal comunicadas;<\/span><\/li>\n<li style=\"font-weight: 400;\" aria-level=\"1\"><span style=\"font-weight: 400;\">Jornadas acima do limite legal;<\/span><\/li>\n<li style=\"font-weight: 400;\" aria-level=\"1\"><span style=\"font-weight: 400;\">Cansa\u00e7o f\u00edsico e mental dos colaboradores<\/span><\/li>\n<\/ul>\n<p><span style=\"font-weight: 400;\">Por isso, preparar a equipe para o pico de vendas da Black Friday vai al\u00e9m de cumprir a carga hor\u00e1ria: \u00e9 garantir que o planejamento operacional suporte o ritmo da demanda, mantendo a qualidade do atendimento e a produtividade.<\/span><\/p>\n<h2><span style=\"font-weight: 400;\">Como planejar as escalas de trabalho para a Black Friday?<\/span><\/h2>\n<h3><span style=\"font-weight: 400;\">Antecipe picos de demanda e dimensione suas equipes<\/span><\/h3>\n<p><span style=\"font-weight: 400;\">O planejamento de escalas come\u00e7a muito antes da \u00faltima semana de novembro.<\/span><\/p>\n<p><span style=\"font-weight: 400;\">A recomenda\u00e7\u00e3o \u00e9 que o gestor, com apoio do RH, identifique os hor\u00e1rios e dias de maior movimento a partir de dados hist\u00f3ricos e relat\u00f3rios de ponto.<\/span><\/p>\n<p><span style=\"font-weight: 400;\">Com base nesses dados, \u00e9 poss\u00edvel prever a necessidade de refor\u00e7o em determinados per\u00edodos.\u00a0<\/span><\/p>\n<p><span style=\"font-weight: 400;\">Por exemplo, em hor\u00e1rios de abertura de loja, p\u00f3s-almo\u00e7o e fechamento \u2014 e ajustar o n\u00famero de colaboradores conforme a opera\u00e7\u00e3o.<\/span><\/p>\n<p><span data-sheets-root=\"1\">\n\t\t<!--HubSpot Call-to-Action Code -->\n\t\t<span class=\"hs-cta-wrapper\" id=\"hs-cta-wrapper-53f075fd-7816-41f5-b09a-dc3b0e544e9d\">\n\t\t<span class=\"hs-cta-node hs-cta-53f075fd-7816-41f5-b09a-dc3b0e544e9d\" id=\"53f075fd-7816-41f5-b09a-dc3b0e544e9d\">\n\t\t<!--[if lte IE 8]>\n\t\t<div id=\"hs-cta-ie-element\"><\/div>\n\t\t<![endif]-->\n\t\t<a href=\"https:\/\/cta-redirect.hubspot.com\/cta\/redirect\/20984162\/53f075fd-7816-41f5-b09a-dc3b0e544e9d\" >\n\t\t<img decoding=\"async\" class=\"hs-cta-img\" id=\"hs-cta-img-53f075fd-7816-41f5-b09a-dc3b0e544e9d\" style=\"border-width:0px;\" src=\"https:\/\/no-cache.hubspot.com\/cta\/default\/20984162\/53f075fd-7816-41f5-b09a-dc3b0e544e9d.png\"  alt=\"New call-to-action\"\/>\n\t\t<\/a>\n\t\t<\/span>\n\t\t<script charset=\"utf-8\" src=\"\/\/js.hubspot.com\/cta\/current.js\"><\/script>\n\t\t<script>\n\t\thbspt.cta.load(20984162, '53f075fd-7816-41f5-b09a-dc3b0e544e9d', {});\n\t\t<\/script>\n\t\t<\/span>\n\t\t<!-- end HubSpot Call-to-Action Code -->\n\t\t<br \/>\n<\/span><\/p>\n<h3><span style=\"font-weight: 400;\">Distribua turnos de forma estrat\u00e9gica para cobrir todos os hor\u00e1rios<\/span><\/h3>\n<p><span style=\"font-weight: 400;\">A distribui\u00e7\u00e3o equilibrada das escalas \u00e9 fundamental para manter o desempenho operacional sem sobrecarregar ningu\u00e9m.<\/span><\/p>\n<p><span style=\"font-weight: 400;\">Turnos sobrepostos podem ser necess\u00e1rios em hor\u00e1rios cr\u00edticos, enquanto hor\u00e1rios de menor movimento permitem reduzir o efetivo.<\/span><\/p>\n<p><span style=\"font-weight: 400;\">Al\u00e9m disso, \u00e9 importante definir respons\u00e1veis por setores estrat\u00e9gicos (caixa, estoque, atendimento, p\u00f3s-venda) para evitar gargalos e garantir cobertura total ao longo do dia.<\/span><\/p>\n<h3><span style=\"font-weight: 400;\">Garanta o cumprimento das pausas e dos descansos obrigat\u00f3rios<\/span><\/h3>\n<p><span style=\"font-weight: 400;\">Mesmo em per\u00edodos de alta demanda, o cumprimento das pausas previstas pela CLT \u00e9 inegoci\u00e1vel.<\/span><\/p>\n<p><span style=\"font-weight: 400;\">O artigo 71 da CLT, por exemplo, determina intervalo m\u00ednimo de 1 hora para jornadas acima de 6 horas, e <a href=\"https:\/\/www.oitchau.com.br\/blog\/descanso-semanal-remunerado\/\">descanso semanal remunerado<\/a> ap\u00f3s seis dias consecutivos de trabalho.<\/span><\/p>\n<p><i><span style=\"font-weight: 400;\">Art. 71 &#8211; Em qualquer trabalho cont\u00ednuo, cuja dura\u00e7\u00e3o exceda de 6 (seis) horas, \u00e9 obrigat\u00f3ria a concess\u00e3o de um intervalo para repouso ou alimenta\u00e7\u00e3o, o qual ser\u00e1, no m\u00ednimo, de 1 (uma) hora e, salvo acordo escrito ou contrato coletivo em contr\u00e1rio, n\u00e3o poder\u00e1 exceder de 2 (duas) horas.<\/span><\/i><\/p>\n<p><span style=\"font-weight: 400;\">O desafio \u00e9 conciliar essas pausas com a din\u00e2mica do varejo, e isso s\u00f3 \u00e9 poss\u00edvel com um bom sistema de gest\u00e3o de escalas que sinalize automaticamente as folgas e impe\u00e7a a sobreposi\u00e7\u00e3o de turnos.<\/span><\/p>\n<h2><span style=\"font-weight: 400;\">Comunica\u00e7\u00e3o e engajamento: dois aliados na semana da Black Friday<\/span><\/h2>\n<p><span style=\"font-weight: 400;\">A anteced\u00eancia na comunica\u00e7\u00e3o evita surpresas e reduz o estresse no time.<\/span><\/p>\n<p><span style=\"font-weight: 400;\">Quando o colaborador conhece sua escala com dias ou semanas de anteced\u00eancia, ele consegue se organizar melhor e se compromete mais com o resultado.<\/span><\/p>\n<p><span style=\"font-weight: 400;\">No varejo, mudan\u00e7as de \u00faltima hora s\u00e3o inevit\u00e1veis \u2014 mas podem ser gerenciadas com mais efici\u00eancia quando as equipes j\u00e1 t\u00eam clareza sobre seus hor\u00e1rios e responsabilidades.<\/span><\/p>\n<p><span style=\"font-weight: 400;\">Al\u00e9m disso, trocas e faltas imprevistas s\u00e3o uma das principais causas de desorganiza\u00e7\u00e3o durante a Black Friday.<\/span><\/p>\n<p><span style=\"font-weight: 400;\">Uma boa pr\u00e1tica \u00e9 utilizar ferramentas que centralizem os pedidos de aus\u00eancia e permitam que o gestor visualize em tempo real a disponibilidade da equipe.<\/span><\/p>\n<p><span style=\"font-weight: 400;\">Al\u00e9m disso, envolver o time no processo de escala \u2014 com transpar\u00eancia e di\u00e1logo \u2014 fortalece o senso de pertencimento e reduz as resist\u00eancias \u00e0s mudan\u00e7as necess\u00e1rias nesse per\u00edodo.<\/span><\/p>\n<h2><span style=\"font-weight: 400;\">Dicas para evitar horas extras e imprevistos durante o evento<\/span><\/h2>\n<p><span style=\"font-weight: 400;\">Durante a Black Friday, \u00e9 natural que o ritmo de trabalho seja mais intenso e as equipes operem sob maior press\u00e3o.<\/span><\/p>\n<p><span style=\"font-weight: 400;\">No entanto, isso n\u00e3o precisa resultar em custos elevados com <a href=\"https:\/\/www.oitchau.com.br\/blog\/horas-extras-voce-sabe-como-calcular-veja-aqui\/\">horas extras<\/a> ou em imprevistos que afetem a opera\u00e7\u00e3o.<\/span><\/p>\n<p><span style=\"font-weight: 400;\">Com planejamento e o uso de dados, \u00e9 poss\u00edvel manter o equil\u00edbrio entre desempenho e conformidade legal \u2014 mesmo nos per\u00edodos de maior movimento.<\/span><\/p>\n<p><span style=\"font-weight: 400;\">Confira algumas pr\u00e1ticas que ajudam gestores e RH a manter o controle durante o evento:<\/span><\/p>\n<ul>\n<li style=\"font-weight: 400;\" aria-level=\"1\"><span style=\"font-weight: 400;\">Analise dados hist\u00f3ricos de jornada e vendas: entenda o comportamento das equipes em campanhas anteriores para projetar turnos mais realistas e evitar sobreposi\u00e7\u00e3o de hor\u00e1rios;<\/span><\/li>\n<li style=\"font-weight: 400;\" aria-level=\"1\"><span style=\"font-weight: 400;\">Planeje jornadas com base na demanda: dimensione os turnos conforme o fluxo previsto de clientes, refor\u00e7ando o atendimento nos hor\u00e1rios de pico e reduzindo o quadro em per\u00edodos de baixa;<\/span><\/li>\n<li style=\"font-weight: 400;\" aria-level=\"1\"><span style=\"font-weight: 400;\">Defina pol\u00edticas claras para horas extras: estabele\u00e7a limites e crit\u00e9rios de aprova\u00e7\u00e3o antecipadamente, evitando autoriza\u00e7\u00f5es de \u00faltima hora que geram custos desnecess\u00e1rios;<\/span><\/li>\n<li style=\"font-weight: 400;\" aria-level=\"1\"><span style=\"font-weight: 400;\">Monitore o cumprimento de pausas e intervalos: use sistemas de ponto integrados \u00e0 escala para garantir o respeito aos descansos obrigat\u00f3rios e prevenir autua\u00e7\u00f5es;<\/span><\/li>\n<li style=\"font-weight: 400;\" aria-level=\"1\"><span style=\"font-weight: 400;\">Centralize as solicita\u00e7\u00f5es de aus\u00eancia e troca de turno: evite que altera\u00e7\u00f5es sejam feitas por canais informais (como mensagens) e mantenha o hist\u00f3rico em uma \u00fanica plataforma;<\/span><\/li>\n<li style=\"font-weight: 400;\" aria-level=\"1\"><span style=\"font-weight: 400;\">Mantenha comunica\u00e7\u00e3o constante com l\u00edderes de loja: atualiza\u00e7\u00f5es em tempo real sobre presen\u00e7a, atrasos e folgas evitam que imprevistos se tornem problemas operacionais.<\/span><\/li>\n<li style=\"font-weight: 400;\" aria-level=\"1\"><span style=\"font-weight: 400;\">Utilize dashboards de acompanhamento: durante o evento, monitore indicadores como horas extras acumuladas, absente\u00edsmo e cobertura de jornada para agir antes que o problema cres\u00e7a;<\/span><\/li>\n<li style=\"font-weight: 400;\" aria-level=\"1\"><span style=\"font-weight: 400;\">Planeje um time de apoio de prontid\u00e3o: colaboradores extras ou de retaguarda garantem resposta r\u00e1pida a imprevistos sem precisar acionar horas adicionais de outros turnos.<\/span><\/li>\n<\/ul>\n<p><span style=\"font-weight: 400;\">Com essas medidas, o gestor consegue atravessar o per\u00edodo da Black Friday com opera\u00e7\u00f5es equilibradas, custos controlados e equipes mais engajadas, entregando o m\u00e1ximo desempenho sem ultrapassar os limites da jornada legal.<\/span><\/p>\n<h2><span style=\"font-weight: 400;\">P\u00f3s-Black Friday: como usar os dados das escalas para melhorar as pr\u00f3ximas campanhas?<\/span><\/h2>\n<p><span style=\"font-weight: 400;\">Encerrar a Black Friday n\u00e3o significa encerrar o trabalho de gest\u00e3o.<\/span><\/p>\n<p><span style=\"font-weight: 400;\">O per\u00edodo p\u00f3s-evento \u00e9 uma oportunidade estrat\u00e9gica para analisar tudo o que funcionou e o que pode ser aprimorado.<\/span><\/p>\n<p><span style=\"font-weight: 400;\">Os dados coletados pelas escalas de trabalho revelam padr\u00f5es de comportamento, efici\u00eancia operacional e pontos cr\u00edticos da jornada.<\/span><\/p>\n<p><span style=\"font-weight: 400;\">Ao transform\u00e1-los em indicadores, o RH e os gestores conseguem planejar as pr\u00f3ximas campanhas com mais precis\u00e3o, menos custos e maior produtividade.<\/span><\/p>\n<h3><span style=\"font-weight: 400;\">Analise o desempenho por jornada e equipe<\/span><\/h3>\n<p><span style=\"font-weight: 400;\">Ap\u00f3s o evento, \u00e9 essencial transformar os dados em aprendizado.<\/span><\/p>\n<p><span style=\"font-weight: 400;\">Acompanhar indicadores como pontualidade, taxa de <a href=\"https:\/\/www.oitchau.com.br\/blog\/absenteismo-no-trabalho-principais-causas-e-o-que-fazer\/\">absente\u00edsmo<\/a>, horas extras e produtividade por equipe ajuda o RH a identificar o que funcionou e o que precisa ser ajustado.<\/span><\/p>\n<p><span style=\"font-weight: 400;\">Essas informa\u00e7\u00f5es s\u00e3o fundamentais para criar estrat\u00e9gias mais precisas para o Natal, Ano Novo e outras campanhas sazonais.<\/span><\/p>\n<h3><span style=\"font-weight: 400;\">Identifique gargalos e oportunidades de otimiza\u00e7\u00e3o<\/span><\/h3>\n<p><span style=\"font-weight: 400;\">Al\u00e9m de produtividade, \u00e9 importante acompanhar m\u00e9tricas como:<\/span><\/p>\n<ul>\n<li style=\"font-weight: 400;\" aria-level=\"1\"><span style=\"font-weight: 400;\">Custo de m\u00e3o de obra por hora trabalhada;<\/span><\/li>\n<li style=\"font-weight: 400;\" aria-level=\"1\"><span style=\"font-weight: 400;\">\u00cdndice de ader\u00eancia \u00e0 escala planejada;<\/span><\/li>\n<li style=\"font-weight: 400;\" aria-level=\"1\"><span style=\"font-weight: 400;\">Percentual de horas extras versus programadas;<\/span><\/li>\n<li style=\"font-weight: 400;\" aria-level=\"1\"><span style=\"font-weight: 400;\">Tempo m\u00e9dio de resposta a solicita\u00e7\u00f5es de troca.<\/span><\/li>\n<\/ul>\n<p><span style=\"font-weight: 400;\">Esses dados revelam o grau de efici\u00eancia e apontam \u00e1reas que precisam de ajuste.<\/span><\/p>\n<h3><span style=\"font-weight: 400;\">Identifique gargalos e oportunidades de otimiza\u00e7\u00e3o<\/span><\/h3>\n<p><span style=\"font-weight: 400;\">Com as informa\u00e7\u00f5es em m\u00e3os, o RH e os gestores podem:<\/span><\/p>\n<ul>\n<li style=\"font-weight: 400;\" aria-level=\"1\"><span style=\"font-weight: 400;\">Redistribuir responsabilidades entre setores;<\/span><\/li>\n<li style=\"font-weight: 400;\" aria-level=\"1\"><span style=\"font-weight: 400;\">Ajustar pol\u00edticas de descanso e pausas;<\/span><\/li>\n<li style=\"font-weight: 400;\" aria-level=\"1\"><span style=\"font-weight: 400;\">Implementar treinamentos para equipes de baixo desempenho;<\/span><\/li>\n<li style=\"font-weight: 400;\" aria-level=\"1\"><span style=\"font-weight: 400;\">Refor\u00e7ar a comunica\u00e7\u00e3o e os canais internos.<\/span><\/li>\n<\/ul>\n<p><span style=\"font-weight: 400;\">O objetivo \u00e9 transformar o aprendizado da Black Friday em melhoria cont\u00ednua da opera\u00e7\u00e3o.<\/span><\/p>\n<h2><span style=\"font-weight: 400;\">Conhe\u00e7a o Gest\u00e3o de Escalas da Oitchau<\/span><\/h2>\n<p><span style=\"font-weight: 400;\">Com o Gest\u00e3o de Escalas da Oitchau, o RH e os gestores ganham uma ferramenta completa para planejar, automatizar e monitorar jornadas em segundos.<\/span><\/p>\n<ul>\n<li style=\"font-weight: 400;\" aria-level=\"1\"><span style=\"font-weight: 400;\">Crie modelos de escala (5&#215;2, 6&#215;1, 12&#215;36) e personalize conforme as pol\u00edticas internas ou conven\u00e7\u00f5es coletivas;<\/span><\/li>\n<li style=\"font-weight: 400;\" aria-level=\"1\"><span style=\"font-weight: 400;\">Gerencie escalas por loja, fun\u00e7\u00e3o ou equipe, com total visibilidade do planejamento;<\/span><\/li>\n<li style=\"font-weight: 400;\" aria-level=\"1\"><span style=\"font-weight: 400;\">Notifique automaticamente os colaboradores sobre atualiza\u00e7\u00f5es ou trocas de turno;<\/span><\/li>\n<li style=\"font-weight: 400;\" aria-level=\"1\"><span style=\"font-weight: 400;\">Centralize pedidos de aus\u00eancia e folgas, evitando erros manuais;<\/span><\/li>\n<li style=\"font-weight: 400;\" aria-level=\"1\"><span style=\"font-weight: 400;\">Acompanhe limites de jornada e descansos obrigat\u00f3rios, garantindo conformidade com a CLT.<\/span><\/li>\n<\/ul>\n<p><span style=\"font-weight: 400;\">Durante a Black Friday \u2014 e em qualquer outro pico de vendas \u2014 essa previsibilidade \u00e9 essencial para garantir equil\u00edbrio entre produtividade e bem-estar da equipe.<\/span><\/p>\n<p><span style=\"font-weight: 400;\">Conhe\u00e7a mais sobre o Gest\u00e3o de Escalas da Oitchau e descubra como transformar o seu planejamento em uma opera\u00e7\u00e3o realmente eficiente.<\/span><\/p>\n<p><span data-sheets-root=\"1\">\n\t\t<!--HubSpot Call-to-Action Code -->\n\t\t<span class=\"hs-cta-wrapper\" id=\"hs-cta-wrapper-53f075fd-7816-41f5-b09a-dc3b0e544e9d\">\n\t\t<span class=\"hs-cta-node hs-cta-53f075fd-7816-41f5-b09a-dc3b0e544e9d\" id=\"53f075fd-7816-41f5-b09a-dc3b0e544e9d\">\n\t\t<!--[if lte IE 8]>\n\t\t<div id=\"hs-cta-ie-element\"><\/div>\n\t\t<![endif]-->\n\t\t<a href=\"https:\/\/cta-redirect.hubspot.com\/cta\/redirect\/20984162\/53f075fd-7816-41f5-b09a-dc3b0e544e9d\" >\n\t\t<img decoding=\"async\" class=\"hs-cta-img\" id=\"hs-cta-img-53f075fd-7816-41f5-b09a-dc3b0e544e9d\" style=\"border-width:0px;\" src=\"https:\/\/no-cache.hubspot.com\/cta\/default\/20984162\/53f075fd-7816-41f5-b09a-dc3b0e544e9d.png\"  alt=\"New call-to-action\"\/>\n\t\t<\/a>\n\t\t<\/span>\n\t\t<script charset=\"utf-8\" src=\"\/\/js.hubspot.com\/cta\/current.js\"><\/script>\n\t\t<script>\n\t\thbspt.cta.load(20984162, '53f075fd-7816-41f5-b09a-dc3b0e544e9d', {});\n\t\t<\/script>\n\t\t<\/span>\n\t\t<!-- end HubSpot Call-to-Action Code -->\n\t\t<br \/>\n<\/span><\/p>\n","protected":false},"excerpt":{"rendered":"<p>A Black Friday \u00e9 o maior teste de efici\u00eancia operacional para o varejo. Em poucos dias o volume de clientes, vendas e entregas pode multiplicar, exigindo da opera\u00e7\u00e3o um desempenho muito acima da m\u00e9dia. E, para dar conta dessa demanda sem comprometer a produtividade ou o bem-estar das equipes, o segredo est\u00e1 no planejamento das [&hellip;]<\/p>\n","protected":false},"author":24,"featured_media":36607,"comment_status":"closed","ping_status":"open","sticky":false,"template":"","format":"standard","meta":{"content-type":"","footnotes":""},"categories":[18014,3104],"tags":[],"yoast_head":"<!-- This site is optimized with the Yoast SEO Premium plugin v22.2 (Yoast SEO v22.2) - https:\/\/yoast.com\/wordpress\/plugins\/seo\/ -->\n<title>Black Friday e escalas: prepare sua equipe para o pico de vendas | Oitchau<\/title>\n<meta name=\"description\" content=\"Prepare sua equipe para a Black Friday com uma gest\u00e3o de escalas eficiente. Garanta produtividade, conformidade e equil\u00edbrio durante o pico de vendas.\" \/>\n<meta name=\"robots\" content=\"index, follow, max-snippet:-1, max-image-preview:large, max-video-preview:-1\" \/>\n<link rel=\"canonical\" href=\"https:\/\/www.oitchau.com.br\/blog\/black-friday\/\" \/>\n<meta property=\"og:locale\" content=\"pt_BR\" \/>\n<meta property=\"og:type\" content=\"article\" \/>\n<meta property=\"og:title\" content=\"Black Friday e escalas: prepare sua equipe para o pico de vendas\" \/>\n<meta property=\"og:description\" content=\"Prepare sua equipe para a Black Friday com uma gest\u00e3o de escalas eficiente. Garanta produtividade, conformidade e equil\u00edbrio durante o pico de vendas.\" \/>\n<meta property=\"og:url\" content=\"https:\/\/www.oitchau.com.br\/blog\/black-friday\/\" \/>\n<meta property=\"og:site_name\" content=\"Controle de Ponto &amp; Timesheets\" \/>\n<meta property=\"article:publisher\" content=\"https:\/\/www.facebook.com\/oitchaubr\/\" \/>\n<meta property=\"article:published_time\" content=\"2025-10-23T17:06:34+00:00\" \/>\n<meta property=\"og:image\" content=\"https:\/\/storage.googleapis.com\/oitchaublog\/2025\/10\/255f8b5b-black-friday.png\" \/>\n\t<meta property=\"og:image:width\" content=\"1982\" \/>\n\t<meta property=\"og:image:height\" content=\"800\" \/>\n\t<meta property=\"og:image:type\" content=\"image\/png\" \/>\n<meta name=\"author\" content=\"Amanda Laranjeira\" \/>\n<meta name=\"twitter:card\" content=\"summary_large_image\" \/>\n<meta name=\"twitter:creator\" content=\"@oitchaubr\" \/>\n<meta name=\"twitter:site\" content=\"@oitchaubr\" \/>\n<meta name=\"twitter:label1\" content=\"Written by\" \/>\n\t<meta name=\"twitter:data1\" content=\"Amanda Laranjeira\" \/>\n\t<meta name=\"twitter:label2\" content=\"Est. reading time\" \/>\n\t<meta name=\"twitter:data2\" content=\"9 minutos\" \/>\n<script type=\"application\/ld+json\" class=\"yoast-schema-graph\">{\"@context\":\"https:\/\/schema.org\",\"@graph\":[{\"@type\":[\"Article\",\"BlogPosting\"],\"@id\":\"https:\/\/www.oitchau.com.br\/blog\/black-friday\/#article\",\"isPartOf\":{\"@id\":\"https:\/\/www.oitchau.com.br\/blog\/black-friday\/\"},\"author\":{\"name\":\"Amanda Laranjeira\",\"@id\":\"https:\/\/www.oitchau.com.br\/blog\/#\/schema\/person\/1041f3bd0e2490b50b5bee5d0fb9b533\"},\"headline\":\"Black Friday e escalas: prepare sua equipe para o pico de vendas\",\"datePublished\":\"2025-10-23T17:06:34+00:00\",\"dateModified\":\"2025-10-23T17:06:34+00:00\",\"mainEntityOfPage\":{\"@id\":\"https:\/\/www.oitchau.com.br\/blog\/black-friday\/\"},\"wordCount\":1637,\"publisher\":{\"@id\":\"https:\/\/www.oitchau.com.br\/blog\/#organization\"},\"image\":{\"@id\":\"https:\/\/www.oitchau.com.br\/blog\/black-friday\/#primaryimage\"},\"thumbnailUrl\":\"https:\/\/storage.googleapis.com\/oitchaublog\/2025\/10\/255f8b5b-black-friday.png\",\"articleSection\":[\"Gest\u00e3o de Escalas\",\"Vendas\"],\"inLanguage\":\"pt-BR\"},{\"@type\":\"WebPage\",\"@id\":\"https:\/\/www.oitchau.com.br\/blog\/black-friday\/\",\"url\":\"https:\/\/www.oitchau.com.br\/blog\/black-friday\/\",\"name\":\"Black Friday e escalas: prepare sua equipe para o pico de vendas | Oitchau\",\"isPartOf\":{\"@id\":\"https:\/\/www.oitchau.com.br\/blog\/#website\"},\"primaryImageOfPage\":{\"@id\":\"https:\/\/www.oitchau.com.br\/blog\/black-friday\/#primaryimage\"},\"image\":{\"@id\":\"https:\/\/www.oitchau.com.br\/blog\/black-friday\/#primaryimage\"},\"thumbnailUrl\":\"https:\/\/storage.googleapis.com\/oitchaublog\/2025\/10\/255f8b5b-black-friday.png\",\"datePublished\":\"2025-10-23T17:06:34+00:00\",\"dateModified\":\"2025-10-23T17:06:34+00:00\",\"description\":\"Prepare sua equipe para a Black Friday com uma gest\u00e3o de escalas eficiente. Garanta produtividade, conformidade e equil\u00edbrio durante o pico de vendas.\",\"breadcrumb\":{\"@id\":\"https:\/\/www.oitchau.com.br\/blog\/black-friday\/#breadcrumb\"},\"inLanguage\":\"pt-BR\",\"potentialAction\":[{\"@type\":\"ReadAction\",\"target\":[\"https:\/\/www.oitchau.com.br\/blog\/black-friday\/\"]}]},{\"@type\":\"ImageObject\",\"inLanguage\":\"pt-BR\",\"@id\":\"https:\/\/www.oitchau.com.br\/blog\/black-friday\/#primaryimage\",\"url\":\"https:\/\/storage.googleapis.com\/oitchaublog\/2025\/10\/255f8b5b-black-friday.png\",\"contentUrl\":\"https:\/\/storage.googleapis.com\/oitchaublog\/2025\/10\/255f8b5b-black-friday.png\",\"width\":1982,\"height\":800,\"caption\":\"Black Friday\"},{\"@type\":\"BreadcrumbList\",\"@id\":\"https:\/\/www.oitchau.com.br\/blog\/black-friday\/#breadcrumb\",\"itemListElement\":[{\"@type\":\"ListItem\",\"position\":1,\"name\":\"Blog\",\"item\":\"https:\/\/www.oitchau.com.br\/blog\/\"},{\"@type\":\"ListItem\",\"position\":2,\"name\":\"Black Friday e escalas: prepare sua equipe para o pico de vendas\"}]},{\"@type\":\"WebSite\",\"@id\":\"https:\/\/www.oitchau.com.br\/blog\/#website\",\"url\":\"https:\/\/www.oitchau.com.br\/blog\/\",\"name\":\"Controle de Ponto & Timesheets\",\"description\":\"\",\"publisher\":{\"@id\":\"https:\/\/www.oitchau.com.br\/blog\/#organization\"},\"potentialAction\":[{\"@type\":\"SearchAction\",\"target\":{\"@type\":\"EntryPoint\",\"urlTemplate\":\"https:\/\/www.oitchau.com.br\/blog\/?s={search_term_string}\"},\"query-input\":\"required name=search_term_string\"}],\"inLanguage\":\"pt-BR\"},{\"@type\":\"Organization\",\"@id\":\"https:\/\/www.oitchau.com.br\/blog\/#organization\",\"name\":\"Oitchau\",\"url\":\"https:\/\/www.oitchau.com.br\/blog\/\",\"logo\":{\"@type\":\"ImageObject\",\"inLanguage\":\"pt-BR\",\"@id\":\"https:\/\/www.oitchau.com.br\/blog\/#\/schema\/logo\/image\/\",\"url\":\"https:\/\/storage.googleapis.com\/oitchaublog\/2024\/03\/a0e65c6f-design-sem-nome-20.png\",\"contentUrl\":\"https:\/\/storage.googleapis.com\/oitchaublog\/2024\/03\/a0e65c6f-design-sem-nome-20.png\",\"width\":696,\"height\":696,\"caption\":\"Oitchau\"},\"image\":{\"@id\":\"https:\/\/www.oitchau.com.br\/blog\/#\/schema\/logo\/image\/\"},\"sameAs\":[\"https:\/\/www.facebook.com\/oitchaubr\/\",\"https:\/\/twitter.com\/oitchaubr\",\"https:\/\/instagram.com\/oitchaubr\"],\"description\":\"A Oitchau \u00e9 uma solu\u00e7\u00e3o completa para gest\u00e3o de tempo dos colaboradores, atrav\u00e9s de suas solu\u00e7\u00f5es de controle de ponto & timesheets, ela permite que gestores, RH e DP possam gerenciar desde a jornada de trabalho de funcion\u00e1rios at\u00e9 a gest\u00e3o de tempo em projetos. Elevando o n\u00edvel estrat\u00e9gico do neg\u00f3cio de forma inteligente e assertiva, potencializando seus resultados e garantindo compliance com a Lei.\",\"email\":\"contato@oitchau.com.br\",\"telephone\":\"+551142102846\",\"foundingDate\":\"2016-01-01\",\"numberOfEmployees\":{\"@type\":\"QuantitativeValue\",\"minValue\":\"51\",\"maxValue\":\"200\"}},{\"@type\":\"Person\",\"@id\":\"https:\/\/www.oitchau.com.br\/blog\/#\/schema\/person\/1041f3bd0e2490b50b5bee5d0fb9b533\",\"name\":\"Amanda Laranjeira\",\"url\":\"https:\/\/www.oitchau.com.br\/blog\/author\/amanda\/\"}]}<\/script>\n<!-- \/ Yoast SEO Premium plugin. -->","yoast_head_json":{"title":"Black Friday e escalas: prepare sua equipe para o pico de vendas | Oitchau","description":"Prepare sua equipe para a Black Friday com uma gest\u00e3o de escalas eficiente. Garanta produtividade, conformidade e equil\u00edbrio durante o pico de vendas.","robots":{"index":"index","follow":"follow","max-snippet":"max-snippet:-1","max-image-preview":"max-image-preview:large","max-video-preview":"max-video-preview:-1"},"canonical":"https:\/\/www.oitchau.com.br\/blog\/black-friday\/","og_locale":"pt_BR","og_type":"article","og_title":"Black Friday e escalas: prepare sua equipe para o pico de vendas","og_description":"Prepare sua equipe para a Black Friday com uma gest\u00e3o de escalas eficiente. Garanta produtividade, conformidade e equil\u00edbrio durante o pico de vendas.","og_url":"https:\/\/www.oitchau.com.br\/blog\/black-friday\/","og_site_name":"Controle de Ponto &amp; Timesheets","article_publisher":"https:\/\/www.facebook.com\/oitchaubr\/","article_published_time":"2025-10-23T17:06:34+00:00","og_image":[{"width":1982,"height":800,"url":"https:\/\/storage.googleapis.com\/oitchaublog\/2025\/10\/255f8b5b-black-friday.png","type":"image\/png"}],"author":"Amanda Laranjeira","twitter_card":"summary_large_image","twitter_creator":"@oitchaubr","twitter_site":"@oitchaubr","twitter_misc":{"Written by":"Amanda Laranjeira","Est. reading time":"9 minutos"},"schema":{"@context":"https:\/\/schema.org","@graph":[{"@type":["Article","BlogPosting"],"@id":"https:\/\/www.oitchau.com.br\/blog\/black-friday\/#article","isPartOf":{"@id":"https:\/\/www.oitchau.com.br\/blog\/black-friday\/"},"author":{"name":"Amanda Laranjeira","@id":"https:\/\/www.oitchau.com.br\/blog\/#\/schema\/person\/1041f3bd0e2490b50b5bee5d0fb9b533"},"headline":"Black Friday e escalas: prepare sua equipe para o pico de vendas","datePublished":"2025-10-23T17:06:34+00:00","dateModified":"2025-10-23T17:06:34+00:00","mainEntityOfPage":{"@id":"https:\/\/www.oitchau.com.br\/blog\/black-friday\/"},"wordCount":1637,"publisher":{"@id":"https:\/\/www.oitchau.com.br\/blog\/#organization"},"image":{"@id":"https:\/\/www.oitchau.com.br\/blog\/black-friday\/#primaryimage"},"thumbnailUrl":"https:\/\/storage.googleapis.com\/oitchaublog\/2025\/10\/255f8b5b-black-friday.png","articleSection":["Gest\u00e3o de Escalas","Vendas"],"inLanguage":"pt-BR"},{"@type":"WebPage","@id":"https:\/\/www.oitchau.com.br\/blog\/black-friday\/","url":"https:\/\/www.oitchau.com.br\/blog\/black-friday\/","name":"Black Friday e escalas: prepare sua equipe para o pico de vendas | Oitchau","isPartOf":{"@id":"https:\/\/www.oitchau.com.br\/blog\/#website"},"primaryImageOfPage":{"@id":"https:\/\/www.oitchau.com.br\/blog\/black-friday\/#primaryimage"},"image":{"@id":"https:\/\/www.oitchau.com.br\/blog\/black-friday\/#primaryimage"},"thumbnailUrl":"https:\/\/storage.googleapis.com\/oitchaublog\/2025\/10\/255f8b5b-black-friday.png","datePublished":"2025-10-23T17:06:34+00:00","dateModified":"2025-10-23T17:06:34+00:00","description":"Prepare sua equipe para a Black Friday com uma gest\u00e3o de escalas eficiente. Garanta produtividade, conformidade e equil\u00edbrio durante o pico de vendas.","breadcrumb":{"@id":"https:\/\/www.oitchau.com.br\/blog\/black-friday\/#breadcrumb"},"inLanguage":"pt-BR","potentialAction":[{"@type":"ReadAction","target":["https:\/\/www.oitchau.com.br\/blog\/black-friday\/"]}]},{"@type":"ImageObject","inLanguage":"pt-BR","@id":"https:\/\/www.oitchau.com.br\/blog\/black-friday\/#primaryimage","url":"https:\/\/storage.googleapis.com\/oitchaublog\/2025\/10\/255f8b5b-black-friday.png","contentUrl":"https:\/\/storage.googleapis.com\/oitchaublog\/2025\/10\/255f8b5b-black-friday.png","width":1982,"height":800,"caption":"Black Friday"},{"@type":"BreadcrumbList","@id":"https:\/\/www.oitchau.com.br\/blog\/black-friday\/#breadcrumb","itemListElement":[{"@type":"ListItem","position":1,"name":"Blog","item":"https:\/\/www.oitchau.com.br\/blog\/"},{"@type":"ListItem","position":2,"name":"Black Friday e escalas: prepare sua equipe para o pico de vendas"}]},{"@type":"WebSite","@id":"https:\/\/www.oitchau.com.br\/blog\/#website","url":"https:\/\/www.oitchau.com.br\/blog\/","name":"Controle de Ponto & Timesheets","description":"","publisher":{"@id":"https:\/\/www.oitchau.com.br\/blog\/#organization"},"potentialAction":[{"@type":"SearchAction","target":{"@type":"EntryPoint","urlTemplate":"https:\/\/www.oitchau.com.br\/blog\/?s={search_term_string}"},"query-input":"required name=search_term_string"}],"inLanguage":"pt-BR"},{"@type":"Organization","@id":"https:\/\/www.oitchau.com.br\/blog\/#organization","name":"Oitchau","url":"https:\/\/www.oitchau.com.br\/blog\/","logo":{"@type":"ImageObject","inLanguage":"pt-BR","@id":"https:\/\/www.oitchau.com.br\/blog\/#\/schema\/logo\/image\/","url":"https:\/\/storage.googleapis.com\/oitchaublog\/2024\/03\/a0e65c6f-design-sem-nome-20.png","contentUrl":"https:\/\/storage.googleapis.com\/oitchaublog\/2024\/03\/a0e65c6f-design-sem-nome-20.png","width":696,"height":696,"caption":"Oitchau"},"image":{"@id":"https:\/\/www.oitchau.com.br\/blog\/#\/schema\/logo\/image\/"},"sameAs":["https:\/\/www.facebook.com\/oitchaubr\/","https:\/\/twitter.com\/oitchaubr","https:\/\/instagram.com\/oitchaubr"],"description":"A Oitchau \u00e9 uma solu\u00e7\u00e3o completa para gest\u00e3o de tempo dos colaboradores, atrav\u00e9s de suas solu\u00e7\u00f5es de controle de ponto & timesheets, ela permite que gestores, RH e DP possam gerenciar desde a jornada de trabalho de funcion\u00e1rios at\u00e9 a gest\u00e3o de tempo em projetos. Elevando o n\u00edvel estrat\u00e9gico do neg\u00f3cio de forma inteligente e assertiva, potencializando seus resultados e garantindo compliance com a Lei.","email":"contato@oitchau.com.br","telephone":"+551142102846","foundingDate":"2016-01-01","numberOfEmployees":{"@type":"QuantitativeValue","minValue":"51","maxValue":"200"}},{"@type":"Person","@id":"https:\/\/www.oitchau.com.br\/blog\/#\/schema\/person\/1041f3bd0e2490b50b5bee5d0fb9b533","name":"Amanda Laranjeira","url":"https:\/\/www.oitchau.com.br\/blog\/author\/amanda\/"}]}},"_links":{"self":[{"href":"https:\/\/www.oitchau.com.br\/blog\/wp-json\/wp\/v2\/posts\/36606"}],"collection":[{"href":"https:\/\/www.oitchau.com.br\/blog\/wp-json\/wp\/v2\/posts"}],"about":[{"href":"https:\/\/www.oitchau.com.br\/blog\/wp-json\/wp\/v2\/types\/post"}],"author":[{"embeddable":true,"href":"https:\/\/www.oitchau.com.br\/blog\/wp-json\/wp\/v2\/users\/24"}],"replies":[{"embeddable":true,"href":"https:\/\/www.oitchau.com.br\/blog\/wp-json\/wp\/v2\/comments?post=36606"}],"version-history":[{"count":1,"href":"https:\/\/www.oitchau.com.br\/blog\/wp-json\/wp\/v2\/posts\/36606\/revisions"}],"predecessor-version":[{"id":36608,"href":"https:\/\/www.oitchau.com.br\/blog\/wp-json\/wp\/v2\/posts\/36606\/revisions\/36608"}],"wp:featuredmedia":[{"embeddable":true,"href":"https:\/\/www.oitchau.com.br\/blog\/wp-json\/wp\/v2\/media\/36607"}],"wp:attachment":[{"href":"https:\/\/www.oitchau.com.br\/blog\/wp-json\/wp\/v2\/media?parent=36606"}],"wp:term":[{"taxonomy":"category","embeddable":true,"href":"https:\/\/www.oitchau.com.br\/blog\/wp-json\/wp\/v2\/categories?post=36606"},{"taxonomy":"post_tag","embeddable":true,"href":"https:\/\/www.oitchau.com.br\/blog\/wp-json\/wp\/v2\/tags?post=36606"}],"curies":[{"name":"wp","href":"https:\/\/api.w.org\/{rel}","templated":true}]}}