{"id":33211,"date":"2024-04-03T21:47:33","date_gmt":"2024-04-03T18:47:33","guid":{"rendered":"https:\/\/www.oitchau.com.br\/blog\/?p=33211"},"modified":"2024-04-04T07:20:49","modified_gmt":"2024-04-04T04:20:49","slug":"viagem-de-trabalho","status":"publish","type":"post","link":"https:\/\/www.oitchau.com.br\/blog\/viagem-de-trabalho\/","title":{"rendered":"Viagem de trabalho: tudo que voc\u00ea precisa saber!"},"content":{"rendered":"<p>A viagem de trabalho \u00e9 comum em diferentes setores. Elas podem ocorrer por in\u00fameros motivos, como reuni\u00f5es com clientes em outra localidade, visita a filiais da empresa ou treinamentos externos.<\/p>\n<p>Independentemente do motivo pelo qual ocorre, ela impacta na <a target=\"_blank\" href=\"https:\/\/www.oitchau.com.br\/features\/schedules\/\" rel=\"noopener\">jornada de trabalho<\/a> e, consequentemente, na remunera\u00e7\u00e3o que cabe ao empregado.<\/p>\n<p><span data-sheets-root=\"1\" data-sheets-value=\"{&quot;1&quot;:2,&quot;2&quot;:&quot;\n\t\t&lt;!--HubSpot Call-to-Action Code --&gt;\n\t\t&lt;span class=&quot;hs-cta-wrapper&quot; id=&quot;hs-cta-wrapper-560ecccb-bc2f-4c4d-a9c2-f94b382b9a46&quot;&gt;\n\t\t&lt;span class=&quot;hs-cta-node hs-cta-560ecccb-bc2f-4c4d-a9c2-f94b382b9a46&quot; id=&quot;560ecccb-bc2f-4c4d-a9c2-f94b382b9a46&quot;&gt;\n\t\t&lt;!--[if lte IE 8]&gt;\n\t\t&lt;div id=&quot;hs-cta-ie-element&quot;&gt;&lt;\/div&gt;\n\t\t&lt;![endif]--&gt;\n\t\t&lt;a href=&quot;https:\/\/cta-redirect.hubspot.com\/cta\/redirect\/20984162\/560ecccb-bc2f-4c4d-a9c2-f94b382b9a46&quot; &gt;\n\t\t&lt;img class=&quot;hs-cta-img&quot; id=&quot;hs-cta-img-560ecccb-bc2f-4c4d-a9c2-f94b382b9a46&quot; style=&quot;border-width:0px;&quot; src=&quot;https:\/\/no-cache.hubspot.com\/cta\/default\/20984162\/560ecccb-bc2f-4c4d-a9c2-f94b382b9a46.png&quot;  alt=&quot;New call-to-action&quot;\/&gt;\n\t\t&lt;\/a&gt;\n\t\t&lt;\/span&gt;\n\t\t&lt;script charset=&quot;utf-8&quot; src=&quot;\/\/js.hubspot.com\/cta\/current.js&quot;&gt;&lt;\/script&gt;\n\t\t&lt;script&gt;\n\t\thbspt.cta.load(20984162, &#039;560ecccb-bc2f-4c4d-a9c2-f94b382b9a46&#039;, {});\n\t\t&lt;\/script&gt;\n\t\t&lt;\/span&gt;\n\t\t&lt;!-- end HubSpot Call-to-Action Code --&gt;\n\t\t&quot;}\" data-sheets-userformat=\"{&quot;2&quot;:897,&quot;3&quot;:{&quot;1&quot;:0},&quot;10&quot;:1,&quot;11&quot;:4,&quot;12&quot;:0}\">\n\t\t<!--HubSpot Call-to-Action Code -->\n\t\t<span class=\"hs-cta-wrapper\" id=\"hs-cta-wrapper-560ecccb-bc2f-4c4d-a9c2-f94b382b9a46\">\n\t\t<span class=\"hs-cta-node hs-cta-560ecccb-bc2f-4c4d-a9c2-f94b382b9a46\" id=\"560ecccb-bc2f-4c4d-a9c2-f94b382b9a46\">\n\t\t<!--[if lte IE 8]>\n\t\t<div id=\"hs-cta-ie-element\"><\/div>\n\t\t<![endif]-->\n\t\t<a href=\"https:\/\/cta-redirect.hubspot.com\/cta\/redirect\/20984162\/560ecccb-bc2f-4c4d-a9c2-f94b382b9a46\" >\n\t\t<img decoding=\"async\" class=\"hs-cta-img\" id=\"hs-cta-img-560ecccb-bc2f-4c4d-a9c2-f94b382b9a46\" style=\"border-width:0px;\" src=\"https:\/\/no-cache.hubspot.com\/cta\/default\/20984162\/560ecccb-bc2f-4c4d-a9c2-f94b382b9a46.png\"  alt=\"New call-to-action\"\/>\n\t\t<\/a>\n\t\t<\/span>\n\t\t<script charset=\"utf-8\" src=\"\/\/js.hubspot.com\/cta\/current.js\"><\/script>\n\t\t<script>\n\t\thbspt.cta.load(20984162, '560ecccb-bc2f-4c4d-a9c2-f94b382b9a46', {});\n\t\t<\/script>\n\t\t<\/span>\n\t\t<!-- end HubSpot Call-to-Action Code -->\n\t\t<\/span><\/p>\n<p>Ap\u00f3s a Reforma Trabalhista a interpreta\u00e7\u00e3o sobre as viagens a trabalho sofreu algumas altera\u00e7\u00f5es. Isso mudou, tamb\u00e9m, algumas das obriga\u00e7\u00f5es do empregador, o que requer aten\u00e7\u00e3o das empresas, especialmente em rela\u00e7\u00e3o \u00e0 jornada.<\/p>\n<h2>O que se considera como viagem de trabalho?<\/h2>\n<p>As viagens de trabalho incluem todos os deslocamentos que o colaborador realiza em favor de suas atividades profissionais.<\/p>\n<p>Por isso, englobam reuni\u00f5es externas, visitas a outras filiais, treinamentos em outras localidades, eventos corporativos, entre outras coisas.<\/p>\n<p>\u00c9 importante ressaltar que a viagem de trabalho n\u00e3o tem uma quilometragem m\u00ednima, assim como n\u00e3o requer a pernoite em outro local. Basta o deslocamento para que se considere que ela ocorreu.<\/p>\n<h2>Quanto tempo pode durar uma viagem de trabalho?<\/h2>\n<p>A lei n\u00e3o estabelece um tempo m\u00e1ximo de deslocamento ou aus\u00eancia. Na verdade, a regulamenta\u00e7\u00e3o trabalhista para esse assunto \u00e9 bastante escassa. Com base nisso, entende-se que qualquer deslocamento pode ser considerado uma viagem de trabalho, independente do meio de transporte, dist\u00e2ncia, pernoite ou qualquer outra condi\u00e7\u00e3o.<\/p>\n<h2>Como ficam as despesas das viagens de trabalho?<\/h2>\n<p>As despesas de deslocamento, hospedagem e alimenta\u00e7\u00e3o devem ser custeadas pelo empregador. Para isso, cabe ao trabalhador apresentar comprovantes delas ap\u00f3s o seu retorno.<\/p>\n<p>Em muitas empresas \u00e9 comum que o trabalhador apresente um or\u00e7amento com uma m\u00e9dia de poss\u00edveis despesas antes mesmo da viagem.<\/p>\n<p>Com isso, o empregador antecipa o valor para que o trabalhador n\u00e3o precise arcar, em um primeiro momento, do pr\u00f3prio bolso.<\/p>\n<p>Antecipar as despesas ou reembols\u00e1-las depender\u00e1 das <a target=\"_blank\" href=\"https:\/\/www.oitchau.com.br\/blog\/politicas-de-rh-entenda\/\" rel=\"noopener\">pol\u00edticas internas da empresa<\/a>. O importante \u00e9 que ela arque com elas, pois n\u00e3o podem depender do trabalhador.<\/p>\n<p>Outro ponto importante referente \u00e0s despesas de viagem de trabalho \u00e9 que elas n\u00e3o integram o <a target=\"_blank\" href=\"https:\/\/www.oitchau.com.br\/blog\/salario-e-remuneracao-qual-a-diferenca-entre-eles\/\" rel=\"noopener\">sal\u00e1rio do trabalhador<\/a>. Portanto, n\u00e3o geram reflexos sobre horas extras e FGTS, por exemplo.<\/p>\n<p>At\u00e9 2017, ano da Reforma Trabalhista, caso o valor ultrapassasse 50% do sal\u00e1rio do empregado, o valor das despesas era considerado como parte do sal\u00e1rio.<\/p>\n<h2>Tempo de deslocamento em viagens de trabalho conta como hora trabalhada?<\/h2>\n<p>Sim, conta, porque o trabalhador est\u00e1 \u00e0 disposi\u00e7\u00e3o do empregador. Isso \u00e9 v\u00e1lido para tempo de estrada, espera para conex\u00e3o de voos, atrasos em voos e outros tipos de transporte, etc.<\/p>\n<p>Contudo, \u00e9 importante diferenciar o deslocamento em viagens daquele entre a resid\u00eancia do colaborador, as ditas <em>horas in itinere.<\/em><\/p>\n<p>Antes da reforma das leis trabalhistas, que ocorreu em 2017, a lei determinava que em algumas situa\u00e7\u00f5es as <a target=\"_blank\" href=\"https:\/\/www.oitchau.com.br\/blog\/aprenda-tudo-sobre-horas-in-itinere\/\" rel=\"noopener\"><em>horas in itinere<\/em><\/a> seriam consideradas como labor extraordin\u00e1rio. Ou seja, contavam para a jornada, mas como horas extras.<\/p>\n<p>Isso mudou em 2017, quando a lei excluiu a possibilidade de se considerar esse deslocamento como tempo \u00e0 disposi\u00e7\u00e3o.<\/p>\n<p>Todavia, em rela\u00e7\u00e3o \u00e0s viagens isso muda. Caso o tempo de deslocamento ocorra dentro da jornada do trabalhador, n\u00e3o geram horas extras. Agora, caso ocorram fora do hor\u00e1rio de trabalho ou extrapolem o n\u00famero de horas di\u00e1rias de trabalho, ser\u00e3o extraordin\u00e1rias.<\/p>\n<p>Ou seja, dever\u00e3o ser pagas como extras, com o respectivo adicional.<\/p>\n<p>Veja um exemplo: o trabalhador n\u00e3o compareceu \u00e0 empresa para, no seu hor\u00e1rio de trabalho, realizar o deslocamento para outro local. A viagem demandou 8 horas, o tempo de jornada, de modo que n\u00e3o gera pagamento adicional.<\/p>\n<p>Agora, caso a viagem seja maior do que o tempo de jornada, ou se ocorrer ap\u00f3s a presta\u00e7\u00e3o de servi\u00e7os, todo o tempo que ultrapassa o tempo de trabalho normal dever\u00e1 ser pago como extra.<\/p>\n<p>J\u00e1 o tempo de hospedagem, quando o trabalhador j\u00e1 realizou o check-in no hotel, n\u00e3o \u00e9 tempo \u00e0 disposi\u00e7\u00e3o. Isso s\u00f3 muda caso, durante a estadia, o trabalhador realize atividades profissionais.<\/p>\n<h2>A empresa precisa controlar o hor\u00e1rio dos trabalhadores em viagem?<\/h2>\n<p>Sim, precisa. O tempo de viagem \u00e9 um tempo \u00e0 disposi\u00e7\u00e3o. Por isso, sempre que o trabalhador estiver em deslocamento para outro munic\u00edpio, em reuni\u00f5es, audi\u00eancias ou realizando atividades de trabalho em computador, isso far\u00e1 parte da jornada.<\/p>\n<p>Apenas o momento de hospedagem, em que ele est\u00e1 em hotel ou semelhante, n\u00e3o contar\u00e1 como jornada. A \u00fanica exce\u00e7\u00e3o \u00e9 o caso em que, mesmo que j\u00e1 hospedado, ele use o tempo para realizar atividades profissionais.<\/p>\n<p>Portanto, \u00e9 crucial que as empresas controlem o hor\u00e1rio de trabalho dos colaboradores, mesmo que eles estejam em viagem.<\/p>\n<h2>Como controlar a jornada durante a viagem de trabalho?<\/h2>\n<p>A melhor forma de controlar as horas de trabalho durante as viagens de trabalho \u00e9 ao contar com um <a href=\"https:\/\/www.oitchau.com.br\/\"><strong>controle de ponto digital<\/strong><\/a>, como o da Oitchau. Essa \u00e9 uma ferramenta dotada de uma s\u00e9rie de funcionalidades interessantes.<\/p>\n<p>Por exemplo, o controle Oitchau permite a marca\u00e7\u00e3o de ponto presencial, no quiosque, bem como remota, por meio de um aplicativo por celular. Para isso, ele se utiliza da leitura biom\u00e9trica facial.<\/p>\n<p>Nas marca\u00e7\u00f5es remotas, o sistema \u00e9 capaz de determinar qual era a localiza\u00e7\u00e3o do trabalhador quando ele registrou o ponto.<\/p>\n<p><span data-sheets-root=\"1\" data-sheets-value=\"{&quot;1&quot;:2,&quot;2&quot;:&quot;\n\t\t&lt;!--HubSpot Call-to-Action Code --&gt;\n\t\t&lt;span class=&quot;hs-cta-wrapper&quot; id=&quot;hs-cta-wrapper-68acec24-1642-4b04-a249-1845cd830d4c&quot;&gt;\n\t\t&lt;span class=&quot;hs-cta-node hs-cta-68acec24-1642-4b04-a249-1845cd830d4c&quot; id=&quot;68acec24-1642-4b04-a249-1845cd830d4c&quot;&gt;\n\t\t&lt;!--[if lte IE 8]&gt;\n\t\t&lt;div id=&quot;hs-cta-ie-element&quot;&gt;&lt;\/div&gt;\n\t\t&lt;![endif]--&gt;\n\t\t&lt;a href=&quot;https:\/\/cta-redirect.hubspot.com\/cta\/redirect\/20984162\/68acec24-1642-4b04-a249-1845cd830d4c&quot; &gt;\n\t\t&lt;img class=&quot;hs-cta-img&quot; id=&quot;hs-cta-img-68acec24-1642-4b04-a249-1845cd830d4c&quot; style=&quot;border-width:0px;&quot; src=&quot;https:\/\/no-cache.hubspot.com\/cta\/default\/20984162\/68acec24-1642-4b04-a249-1845cd830d4c.png&quot;  alt=&quot;New call-to-action&quot;\/&gt;\n\t\t&lt;\/a&gt;\n\t\t&lt;\/span&gt;\n\t\t&lt;script charset=&quot;utf-8&quot; src=&quot;\/\/js.hubspot.com\/cta\/current.js&quot;&gt;&lt;\/script&gt;\n\t\t&lt;script&gt;\n\t\thbspt.cta.load(20984162, &#039;68acec24-1642-4b04-a249-1845cd830d4c&#039;, {});\n\t\t&lt;\/script&gt;\n\t\t&lt;\/span&gt;\n\t\t&lt;!-- end HubSpot Call-to-Action Code --&gt;\n\t\t&quot;}\" data-sheets-userformat=\"{&quot;2&quot;:897,&quot;3&quot;:{&quot;1&quot;:0},&quot;10&quot;:1,&quot;11&quot;:4,&quot;12&quot;:0}\">\n\t\t<!--HubSpot Call-to-Action Code -->\n\t\t<span class=\"hs-cta-wrapper\" id=\"hs-cta-wrapper-68acec24-1642-4b04-a249-1845cd830d4c\">\n\t\t<span class=\"hs-cta-node hs-cta-68acec24-1642-4b04-a249-1845cd830d4c\" id=\"68acec24-1642-4b04-a249-1845cd830d4c\">\n\t\t<!--[if lte IE 8]>\n\t\t<div id=\"hs-cta-ie-element\"><\/div>\n\t\t<![endif]-->\n\t\t<a href=\"https:\/\/cta-redirect.hubspot.com\/cta\/redirect\/20984162\/68acec24-1642-4b04-a249-1845cd830d4c\" >\n\t\t<img decoding=\"async\" class=\"hs-cta-img\" id=\"hs-cta-img-68acec24-1642-4b04-a249-1845cd830d4c\" style=\"border-width:0px;\" src=\"https:\/\/no-cache.hubspot.com\/cta\/default\/20984162\/68acec24-1642-4b04-a249-1845cd830d4c.png\"  alt=\"New call-to-action\"\/>\n\t\t<\/a>\n\t\t<\/span>\n\t\t<script charset=\"utf-8\" src=\"\/\/js.hubspot.com\/cta\/current.js\"><\/script>\n\t\t<script>\n\t\thbspt.cta.load(20984162, '68acec24-1642-4b04-a249-1845cd830d4c', {});\n\t\t<\/script>\n\t\t<\/span>\n\t\t<!-- end HubSpot Call-to-Action Code -->\n\t\t<\/span><\/p>\n<p>Os hor\u00e1rios marcados ficam dispon\u00edveis no sistema logo ap\u00f3s sua marca\u00e7\u00e3o. As informa\u00e7\u00f5es ficam dispon\u00edveis na nuvem e permitem consulta a qualquer momento. Elas s\u00e3o protegidas contra manipula\u00e7\u00f5es.<\/p>\n<p>Assim que recebe as informa\u00e7\u00f5es de registro, o sistema atualiza os dados ali presentes em rela\u00e7\u00e3o \u00e0 jornada di\u00e1ria, semanal ou mensal, \u00e0s horas extras, n\u00famero de horas noturnas, atrasos, faltas dentre outras coisas.<\/p>\n<p>Ao processar essas informa\u00e7\u00f5es, o sistema tamb\u00e9m calcula o valor das horas, conforme os adicionais aplic\u00e1veis. Por isso, ele tanto permite o controle de horas em qualquer lugar, como tamb\u00e9m dispensa o RH de realizar os c\u00e1lculos de forma manual.<\/p>\n<p>\u00c9 poss\u00edvel integrar o sistema com ferramentas de <a target=\"_blank\" href=\"https:\/\/www.oitchau.com.br\/blog\/folha-de-pagamento\/\" rel=\"noopener\">folhas de pagamento<\/a>. Com isso, \u00e9 poss\u00edvel migrar informa\u00e7\u00f5es de um para o outro automaticamente.<\/p>\n<p>Diante de tudo isso, contar com um sistema digital de ponto \u00e9 uma vantagem para a empresa n\u00e3o apenas para o controle de horas de viagem de trabalho, mas para a gest\u00e3o de horas de todos os colaboradores, internos e externos, presenciais ou remotos.<\/p>\n<p>Essa \u00e9 uma ferramenta que agiliza processos importantes de gest\u00e3o de pessoas. Ele tem a capacidade de desburocratizar o RH e fazer dele mais produtivo.<\/p>\n","protected":false},"excerpt":{"rendered":"<p>A viagem de trabalho \u00e9 comum em diferentes setores. Elas podem ocorrer por in\u00fameros motivos, como reuni\u00f5es com clientes em outra localidade, visita a filiais da empresa ou treinamentos externos. Independentemente do motivo pelo qual ocorre, ela impacta na jornada de trabalho e, consequentemente, na remunera\u00e7\u00e3o que cabe ao empregado. Ap\u00f3s a Reforma Trabalhista a [&hellip;]<\/p>\n","protected":false},"author":11,"featured_media":33595,"comment_status":"closed","ping_status":"open","sticky":false,"template":"","format":"standard","meta":{"content-type":"","footnotes":""},"categories":[224],"tags":[],"yoast_head":"<!-- This site is optimized with the Yoast SEO Premium plugin v22.2 (Yoast SEO v22.2) - https:\/\/yoast.com\/wordpress\/plugins\/seo\/ -->\n<title>Viagem de trabalho: tudo que voc\u00ea precisa saber! | Oitchau<\/title>\n<meta name=\"description\" content=\"A viagem de trabalho acontece em in\u00fameros segmentos e seguem regras, tanto CLT quanto internas da pr\u00f3pria empresa. Entenda mais a seguir!\" \/>\n<meta name=\"robots\" content=\"index, follow, max-snippet:-1, max-image-preview:large, max-video-preview:-1\" \/>\n<link rel=\"canonical\" href=\"https:\/\/www.oitchau.com.br\/blog\/viagem-de-trabalho\/\" \/>\n<meta property=\"og:locale\" content=\"pt_BR\" \/>\n<meta property=\"og:type\" content=\"article\" \/>\n<meta property=\"og:title\" content=\"Viagem de trabalho: tudo que voc\u00ea precisa saber!\" \/>\n<meta property=\"og:description\" content=\"A viagem de trabalho acontece em in\u00fameros segmentos e seguem regras, tanto CLT quanto internas da pr\u00f3pria empresa. Entenda mais a seguir!\" \/>\n<meta property=\"og:url\" content=\"https:\/\/www.oitchau.com.br\/blog\/viagem-de-trabalho\/\" \/>\n<meta property=\"og:site_name\" content=\"Controle de Ponto &amp; Timesheets\" \/>\n<meta property=\"article:publisher\" content=\"https:\/\/www.facebook.com\/oitchaubr\/\" \/>\n<meta property=\"article:published_time\" content=\"2024-04-03T18:47:33+00:00\" \/>\n<meta property=\"article:modified_time\" content=\"2024-04-04T04:20:49+00:00\" \/>\n<meta property=\"og:image\" content=\"https:\/\/storage.googleapis.com\/oitchaublog\/2024\/03\/d19b0af0-viagem-de-trabalho.png\" \/>\n\t<meta property=\"og:image:width\" content=\"1982\" \/>\n\t<meta property=\"og:image:height\" content=\"800\" \/>\n\t<meta property=\"og:image:type\" content=\"image\/png\" \/>\n<meta name=\"author\" content=\"Aline Mesquita\" \/>\n<meta name=\"twitter:card\" content=\"summary_large_image\" \/>\n<meta name=\"twitter:creator\" content=\"@oitchaubr\" \/>\n<meta name=\"twitter:site\" content=\"@oitchaubr\" \/>\n<meta name=\"twitter:label1\" content=\"Written by\" \/>\n\t<meta name=\"twitter:data1\" content=\"Aline Mesquita\" \/>\n\t<meta name=\"twitter:label2\" content=\"Est. reading time\" \/>\n\t<meta name=\"twitter:data2\" content=\"6 minutos\" \/>\n<script type=\"application\/ld+json\" class=\"yoast-schema-graph\">{\"@context\":\"https:\/\/schema.org\",\"@graph\":[{\"@type\":[\"Article\",\"BlogPosting\"],\"@id\":\"https:\/\/www.oitchau.com.br\/blog\/viagem-de-trabalho\/#article\",\"isPartOf\":{\"@id\":\"https:\/\/www.oitchau.com.br\/blog\/viagem-de-trabalho\/\"},\"author\":{\"name\":\"Aline Mesquita\",\"@id\":\"https:\/\/www.oitchau.com.br\/blog\/#\/schema\/person\/40ba65f8664531ffe1465f6cb9d82430\"},\"headline\":\"Viagem de trabalho: tudo que voc\u00ea precisa saber!\",\"datePublished\":\"2024-04-03T18:47:33+00:00\",\"dateModified\":\"2024-04-04T04:20:49+00:00\",\"mainEntityOfPage\":{\"@id\":\"https:\/\/www.oitchau.com.br\/blog\/viagem-de-trabalho\/\"},\"wordCount\":1135,\"publisher\":{\"@id\":\"https:\/\/www.oitchau.com.br\/blog\/#organization\"},\"image\":{\"@id\":\"https:\/\/www.oitchau.com.br\/blog\/viagem-de-trabalho\/#primaryimage\"},\"thumbnailUrl\":\"https:\/\/storage.googleapis.com\/oitchaublog\/2024\/03\/d19b0af0-viagem-de-trabalho.png\",\"articleSection\":[\"Gest\u00e3o de Pessoas\"],\"inLanguage\":\"pt-BR\"},{\"@type\":\"WebPage\",\"@id\":\"https:\/\/www.oitchau.com.br\/blog\/viagem-de-trabalho\/\",\"url\":\"https:\/\/www.oitchau.com.br\/blog\/viagem-de-trabalho\/\",\"name\":\"Viagem de trabalho: tudo que voc\u00ea precisa saber! | Oitchau\",\"isPartOf\":{\"@id\":\"https:\/\/www.oitchau.com.br\/blog\/#website\"},\"primaryImageOfPage\":{\"@id\":\"https:\/\/www.oitchau.com.br\/blog\/viagem-de-trabalho\/#primaryimage\"},\"image\":{\"@id\":\"https:\/\/www.oitchau.com.br\/blog\/viagem-de-trabalho\/#primaryimage\"},\"thumbnailUrl\":\"https:\/\/storage.googleapis.com\/oitchaublog\/2024\/03\/d19b0af0-viagem-de-trabalho.png\",\"datePublished\":\"2024-04-03T18:47:33+00:00\",\"dateModified\":\"2024-04-04T04:20:49+00:00\",\"description\":\"A viagem de trabalho acontece em in\u00fameros segmentos e seguem regras, tanto CLT quanto internas da pr\u00f3pria empresa. Entenda mais a seguir!\",\"breadcrumb\":{\"@id\":\"https:\/\/www.oitchau.com.br\/blog\/viagem-de-trabalho\/#breadcrumb\"},\"inLanguage\":\"pt-BR\",\"potentialAction\":[{\"@type\":\"ReadAction\",\"target\":[\"https:\/\/www.oitchau.com.br\/blog\/viagem-de-trabalho\/\"]}]},{\"@type\":\"ImageObject\",\"inLanguage\":\"pt-BR\",\"@id\":\"https:\/\/www.oitchau.com.br\/blog\/viagem-de-trabalho\/#primaryimage\",\"url\":\"https:\/\/storage.googleapis.com\/oitchaublog\/2024\/03\/d19b0af0-viagem-de-trabalho.png\",\"contentUrl\":\"https:\/\/storage.googleapis.com\/oitchaublog\/2024\/03\/d19b0af0-viagem-de-trabalho.png\",\"width\":1982,\"height\":800,\"caption\":\"ilustra\u00e7\u00e3o de avi\u00e3o e globo, representando uma viagem de trabalho\"},{\"@type\":\"BreadcrumbList\",\"@id\":\"https:\/\/www.oitchau.com.br\/blog\/viagem-de-trabalho\/#breadcrumb\",\"itemListElement\":[{\"@type\":\"ListItem\",\"position\":1,\"name\":\"Blog\",\"item\":\"https:\/\/www.oitchau.com.br\/blog\/\"},{\"@type\":\"ListItem\",\"position\":2,\"name\":\"Viagem de trabalho: tudo que voc\u00ea precisa saber!\"}]},{\"@type\":\"WebSite\",\"@id\":\"https:\/\/www.oitchau.com.br\/blog\/#website\",\"url\":\"https:\/\/www.oitchau.com.br\/blog\/\",\"name\":\"Controle de Ponto & Timesheets\",\"description\":\"\",\"publisher\":{\"@id\":\"https:\/\/www.oitchau.com.br\/blog\/#organization\"},\"potentialAction\":[{\"@type\":\"SearchAction\",\"target\":{\"@type\":\"EntryPoint\",\"urlTemplate\":\"https:\/\/www.oitchau.com.br\/blog\/?s={search_term_string}\"},\"query-input\":\"required name=search_term_string\"}],\"inLanguage\":\"pt-BR\"},{\"@type\":\"Organization\",\"@id\":\"https:\/\/www.oitchau.com.br\/blog\/#organization\",\"name\":\"Oitchau\",\"url\":\"https:\/\/www.oitchau.com.br\/blog\/\",\"logo\":{\"@type\":\"ImageObject\",\"inLanguage\":\"pt-BR\",\"@id\":\"https:\/\/www.oitchau.com.br\/blog\/#\/schema\/logo\/image\/\",\"url\":\"https:\/\/storage.googleapis.com\/oitchaublog\/2024\/03\/a0e65c6f-design-sem-nome-20.png\",\"contentUrl\":\"https:\/\/storage.googleapis.com\/oitchaublog\/2024\/03\/a0e65c6f-design-sem-nome-20.png\",\"width\":696,\"height\":696,\"caption\":\"Oitchau\"},\"image\":{\"@id\":\"https:\/\/www.oitchau.com.br\/blog\/#\/schema\/logo\/image\/\"},\"sameAs\":[\"https:\/\/www.facebook.com\/oitchaubr\/\",\"https:\/\/twitter.com\/oitchaubr\",\"https:\/\/instagram.com\/oitchaubr\"],\"description\":\"A Oitchau \u00e9 uma solu\u00e7\u00e3o completa para gest\u00e3o de tempo dos colaboradores, atrav\u00e9s de suas solu\u00e7\u00f5es de controle de ponto & timesheets, ela permite que gestores, RH e DP possam gerenciar desde a jornada de trabalho de funcion\u00e1rios at\u00e9 a gest\u00e3o de tempo em projetos. Elevando o n\u00edvel estrat\u00e9gico do neg\u00f3cio de forma inteligente e assertiva, potencializando seus resultados e garantindo compliance com a Lei.\",\"email\":\"contato@oitchau.com.br\",\"telephone\":\"+551142102846\",\"foundingDate\":\"2016-01-01\",\"numberOfEmployees\":{\"@type\":\"QuantitativeValue\",\"minValue\":\"51\",\"maxValue\":\"200\"}},{\"@type\":\"Person\",\"@id\":\"https:\/\/www.oitchau.com.br\/blog\/#\/schema\/person\/40ba65f8664531ffe1465f6cb9d82430\",\"name\":\"Aline Mesquita\",\"url\":\"https:\/\/www.oitchau.com.br\/blog\/author\/aline\/\"}]}<\/script>\n<!-- \/ Yoast SEO Premium plugin. -->","yoast_head_json":{"title":"Viagem de trabalho: tudo que voc\u00ea precisa saber! | Oitchau","description":"A viagem de trabalho acontece em in\u00fameros segmentos e seguem regras, tanto CLT quanto internas da pr\u00f3pria empresa. Entenda mais a seguir!","robots":{"index":"index","follow":"follow","max-snippet":"max-snippet:-1","max-image-preview":"max-image-preview:large","max-video-preview":"max-video-preview:-1"},"canonical":"https:\/\/www.oitchau.com.br\/blog\/viagem-de-trabalho\/","og_locale":"pt_BR","og_type":"article","og_title":"Viagem de trabalho: tudo que voc\u00ea precisa saber!","og_description":"A viagem de trabalho acontece em in\u00fameros segmentos e seguem regras, tanto CLT quanto internas da pr\u00f3pria empresa. Entenda mais a seguir!","og_url":"https:\/\/www.oitchau.com.br\/blog\/viagem-de-trabalho\/","og_site_name":"Controle de Ponto &amp; Timesheets","article_publisher":"https:\/\/www.facebook.com\/oitchaubr\/","article_published_time":"2024-04-03T18:47:33+00:00","article_modified_time":"2024-04-04T04:20:49+00:00","og_image":[{"width":1982,"height":800,"url":"https:\/\/storage.googleapis.com\/oitchaublog\/2024\/03\/d19b0af0-viagem-de-trabalho.png","type":"image\/png"}],"author":"Aline Mesquita","twitter_card":"summary_large_image","twitter_creator":"@oitchaubr","twitter_site":"@oitchaubr","twitter_misc":{"Written by":"Aline Mesquita","Est. reading time":"6 minutos"},"schema":{"@context":"https:\/\/schema.org","@graph":[{"@type":["Article","BlogPosting"],"@id":"https:\/\/www.oitchau.com.br\/blog\/viagem-de-trabalho\/#article","isPartOf":{"@id":"https:\/\/www.oitchau.com.br\/blog\/viagem-de-trabalho\/"},"author":{"name":"Aline Mesquita","@id":"https:\/\/www.oitchau.com.br\/blog\/#\/schema\/person\/40ba65f8664531ffe1465f6cb9d82430"},"headline":"Viagem de trabalho: tudo que voc\u00ea precisa saber!","datePublished":"2024-04-03T18:47:33+00:00","dateModified":"2024-04-04T04:20:49+00:00","mainEntityOfPage":{"@id":"https:\/\/www.oitchau.com.br\/blog\/viagem-de-trabalho\/"},"wordCount":1135,"publisher":{"@id":"https:\/\/www.oitchau.com.br\/blog\/#organization"},"image":{"@id":"https:\/\/www.oitchau.com.br\/blog\/viagem-de-trabalho\/#primaryimage"},"thumbnailUrl":"https:\/\/storage.googleapis.com\/oitchaublog\/2024\/03\/d19b0af0-viagem-de-trabalho.png","articleSection":["Gest\u00e3o de Pessoas"],"inLanguage":"pt-BR"},{"@type":"WebPage","@id":"https:\/\/www.oitchau.com.br\/blog\/viagem-de-trabalho\/","url":"https:\/\/www.oitchau.com.br\/blog\/viagem-de-trabalho\/","name":"Viagem de trabalho: tudo que voc\u00ea precisa saber! | Oitchau","isPartOf":{"@id":"https:\/\/www.oitchau.com.br\/blog\/#website"},"primaryImageOfPage":{"@id":"https:\/\/www.oitchau.com.br\/blog\/viagem-de-trabalho\/#primaryimage"},"image":{"@id":"https:\/\/www.oitchau.com.br\/blog\/viagem-de-trabalho\/#primaryimage"},"thumbnailUrl":"https:\/\/storage.googleapis.com\/oitchaublog\/2024\/03\/d19b0af0-viagem-de-trabalho.png","datePublished":"2024-04-03T18:47:33+00:00","dateModified":"2024-04-04T04:20:49+00:00","description":"A viagem de trabalho acontece em in\u00fameros segmentos e seguem regras, tanto CLT quanto internas da pr\u00f3pria empresa. Entenda mais a seguir!","breadcrumb":{"@id":"https:\/\/www.oitchau.com.br\/blog\/viagem-de-trabalho\/#breadcrumb"},"inLanguage":"pt-BR","potentialAction":[{"@type":"ReadAction","target":["https:\/\/www.oitchau.com.br\/blog\/viagem-de-trabalho\/"]}]},{"@type":"ImageObject","inLanguage":"pt-BR","@id":"https:\/\/www.oitchau.com.br\/blog\/viagem-de-trabalho\/#primaryimage","url":"https:\/\/storage.googleapis.com\/oitchaublog\/2024\/03\/d19b0af0-viagem-de-trabalho.png","contentUrl":"https:\/\/storage.googleapis.com\/oitchaublog\/2024\/03\/d19b0af0-viagem-de-trabalho.png","width":1982,"height":800,"caption":"ilustra\u00e7\u00e3o de avi\u00e3o e globo, representando uma viagem de trabalho"},{"@type":"BreadcrumbList","@id":"https:\/\/www.oitchau.com.br\/blog\/viagem-de-trabalho\/#breadcrumb","itemListElement":[{"@type":"ListItem","position":1,"name":"Blog","item":"https:\/\/www.oitchau.com.br\/blog\/"},{"@type":"ListItem","position":2,"name":"Viagem de trabalho: tudo que voc\u00ea precisa saber!"}]},{"@type":"WebSite","@id":"https:\/\/www.oitchau.com.br\/blog\/#website","url":"https:\/\/www.oitchau.com.br\/blog\/","name":"Controle de Ponto & Timesheets","description":"","publisher":{"@id":"https:\/\/www.oitchau.com.br\/blog\/#organization"},"potentialAction":[{"@type":"SearchAction","target":{"@type":"EntryPoint","urlTemplate":"https:\/\/www.oitchau.com.br\/blog\/?s={search_term_string}"},"query-input":"required name=search_term_string"}],"inLanguage":"pt-BR"},{"@type":"Organization","@id":"https:\/\/www.oitchau.com.br\/blog\/#organization","name":"Oitchau","url":"https:\/\/www.oitchau.com.br\/blog\/","logo":{"@type":"ImageObject","inLanguage":"pt-BR","@id":"https:\/\/www.oitchau.com.br\/blog\/#\/schema\/logo\/image\/","url":"https:\/\/storage.googleapis.com\/oitchaublog\/2024\/03\/a0e65c6f-design-sem-nome-20.png","contentUrl":"https:\/\/storage.googleapis.com\/oitchaublog\/2024\/03\/a0e65c6f-design-sem-nome-20.png","width":696,"height":696,"caption":"Oitchau"},"image":{"@id":"https:\/\/www.oitchau.com.br\/blog\/#\/schema\/logo\/image\/"},"sameAs":["https:\/\/www.facebook.com\/oitchaubr\/","https:\/\/twitter.com\/oitchaubr","https:\/\/instagram.com\/oitchaubr"],"description":"A Oitchau \u00e9 uma solu\u00e7\u00e3o completa para gest\u00e3o de tempo dos colaboradores, atrav\u00e9s de suas solu\u00e7\u00f5es de controle de ponto & timesheets, ela permite que gestores, RH e DP possam gerenciar desde a jornada de trabalho de funcion\u00e1rios at\u00e9 a gest\u00e3o de tempo em projetos. Elevando o n\u00edvel estrat\u00e9gico do neg\u00f3cio de forma inteligente e assertiva, potencializando seus resultados e garantindo compliance com a Lei.","email":"contato@oitchau.com.br","telephone":"+551142102846","foundingDate":"2016-01-01","numberOfEmployees":{"@type":"QuantitativeValue","minValue":"51","maxValue":"200"}},{"@type":"Person","@id":"https:\/\/www.oitchau.com.br\/blog\/#\/schema\/person\/40ba65f8664531ffe1465f6cb9d82430","name":"Aline Mesquita","url":"https:\/\/www.oitchau.com.br\/blog\/author\/aline\/"}]}},"_links":{"self":[{"href":"https:\/\/www.oitchau.com.br\/blog\/wp-json\/wp\/v2\/posts\/33211"}],"collection":[{"href":"https:\/\/www.oitchau.com.br\/blog\/wp-json\/wp\/v2\/posts"}],"about":[{"href":"https:\/\/www.oitchau.com.br\/blog\/wp-json\/wp\/v2\/types\/post"}],"author":[{"embeddable":true,"href":"https:\/\/www.oitchau.com.br\/blog\/wp-json\/wp\/v2\/users\/11"}],"replies":[{"embeddable":true,"href":"https:\/\/www.oitchau.com.br\/blog\/wp-json\/wp\/v2\/comments?post=33211"}],"version-history":[{"count":2,"href":"https:\/\/www.oitchau.com.br\/blog\/wp-json\/wp\/v2\/posts\/33211\/revisions"}],"predecessor-version":[{"id":33602,"href":"https:\/\/www.oitchau.com.br\/blog\/wp-json\/wp\/v2\/posts\/33211\/revisions\/33602"}],"wp:featuredmedia":[{"embeddable":true,"href":"https:\/\/www.oitchau.com.br\/blog\/wp-json\/wp\/v2\/media\/33595"}],"wp:attachment":[{"href":"https:\/\/www.oitchau.com.br\/blog\/wp-json\/wp\/v2\/media?parent=33211"}],"wp:term":[{"taxonomy":"category","embeddable":true,"href":"https:\/\/www.oitchau.com.br\/blog\/wp-json\/wp\/v2\/categories?post=33211"},{"taxonomy":"post_tag","embeddable":true,"href":"https:\/\/www.oitchau.com.br\/blog\/wp-json\/wp\/v2\/tags?post=33211"}],"curies":[{"name":"wp","href":"https:\/\/api.w.org\/{rel}","templated":true}]}}