{"id":32849,"date":"2024-01-30T08:32:54","date_gmt":"2024-01-30T05:32:54","guid":{"rendered":"https:\/\/www.oitchau.com.br\/blog\/?p=32849"},"modified":"2024-01-29T23:51:04","modified_gmt":"2024-01-29T20:51:04","slug":"programa-de-desenvolvimento-de-lideranca","status":"publish","type":"post","link":"https:\/\/www.oitchau.com.br\/blog\/programa-de-desenvolvimento-de-lideranca\/","title":{"rendered":"Programa de desenvolvimento de lideran\u00e7a (PDL): desenvolva em 9 passos!"},"content":{"rendered":"<p><span style=\"font-weight: 400;\">O programa de desenvolvimento de <a href=\"https:\/\/www.oitchau.com.br\/leadership\/\">lideran\u00e7a<\/a> (PDL) emerge como uma estrat\u00e9gia vital em um mercado cada vez mais din\u00e2mico e competitivo.\u00a0<\/span><\/p>\n<p><span style=\"font-weight: 400;\">No entanto, saber por onde come\u00e7ar o desenvolvimento dos l\u00edderes \u00e9 um dos grandes desafios do RH. Isso porque este \u00e9 um processo que n\u00e3o ser generalizado, devendo se concentrar nas particularidades de cada lideran\u00e7a, pontos de melhoria e necessidades da empresa.<\/span><\/p>\n<p><span style=\"font-weight: 400;\">A seguir, descubra o que \u00e9 o PDL, como ele funciona, quais os seus impactos e 9 passos para desenvolver o da sua empresa!<\/span><\/p>\n<h2><span style=\"font-weight: 400;\">Qual o impacto das lideran\u00e7as nos resultados da empresa?<\/span><\/h2>\n<p><span style=\"font-weight: 400;\">Os resultados de uma empresa s\u00e3o gerados por seus colaboradores, que executam processos e estrat\u00e9gias para que os objetivos estrat\u00e9gicos sejam alcan\u00e7ados e superados.<\/span><\/p>\n<p><span style=\"font-weight: 400;\">No entanto, \u00e9 preciso lembrar que, entre a for\u00e7a operacional e as estrat\u00e9gias da empresa, existe um fator decisivo que pode impactar positiva ou negativamente na performance e <a href=\"https:\/\/www.oitchau.com.br\/blog\/engajamento-de-colaboradores\/\">engajamento dos colaboradores<\/a>: a lideran\u00e7a.<\/span><\/p>\n<p><span style=\"font-weight: 400;\">Isso porque impacto das lideran\u00e7as nos resultados da empresa \u00e9 profundo e multifacetado, refletindo diretamente no desempenho, na cultura organizacional, na motiva\u00e7\u00e3o dos colaboradores e na capacidade de adapta\u00e7\u00e3o e inova\u00e7\u00e3o da empresa.\u00a0<\/span><\/p>\n<p><span style=\"font-weight: 400;\">Afinal, l\u00edderes eficazes s\u00e3o catalisadores de transforma\u00e7\u00f5es positivas, e seus efeitos podem ser observados em diversas \u00e1reas, como:<\/span><\/p>\n<ul>\n<li style=\"font-weight: 400;\" aria-level=\"1\"><span style=\"font-weight: 400;\">Gest\u00e3o de conflitos;<\/span><\/li>\n<li style=\"font-weight: 400;\" aria-level=\"1\"><span style=\"font-weight: 400;\">Comunica\u00e7\u00e3o interna;<\/span><\/li>\n<li style=\"font-weight: 400;\" aria-level=\"1\"><span style=\"font-weight: 400;\">Gest\u00e3o da mudan\u00e7a;<\/span><\/li>\n<li style=\"font-weight: 400;\" aria-level=\"1\"><span style=\"font-weight: 400;\">Sustentabilidade corporativa;<\/span><\/li>\n<li style=\"font-weight: 400;\" aria-level=\"1\"><span style=\"font-weight: 400;\">Reten\u00e7\u00e3o de talentos;<\/span><\/li>\n<li style=\"font-weight: 400;\" aria-level=\"1\"><span style=\"font-weight: 400;\">Constru\u00e7\u00e3o de relacionamentos;<\/span><\/li>\n<li style=\"font-weight: 400;\" aria-level=\"1\"><span style=\"font-weight: 400;\">Identifica\u00e7\u00e3o e <a href=\"https:\/\/www.oitchau.com.br\/blog\/matriz-de-risco-no-rh\/\">gest\u00e3o de riscos<\/a>;<\/span><\/li>\n<li style=\"font-weight: 400;\" aria-level=\"1\"><span style=\"font-weight: 400;\">Responsabilidade social corporativa;<\/span><\/li>\n<li style=\"font-weight: 400;\" aria-level=\"1\"><span style=\"font-weight: 400;\">Efici\u00eancia operacional;<\/span><\/li>\n<li style=\"font-weight: 400;\" aria-level=\"1\"><span style=\"font-weight: 400;\">Desempenho e produtividade;<\/span><\/li>\n<li style=\"font-weight: 400;\" aria-level=\"1\"><span style=\"font-weight: 400;\">Clima organizacional;<\/span><\/li>\n<li style=\"font-weight: 400;\" aria-level=\"1\"><span style=\"font-weight: 400;\">Inova\u00e7\u00e3o e adapta\u00e7\u00e3o;<\/span><\/li>\n<li style=\"font-weight: 400;\" aria-level=\"1\"><span style=\"font-weight: 400;\">Tomada de decis\u00e3o;<\/span><\/li>\n<li style=\"font-weight: 400;\" aria-level=\"1\"><span style=\"font-weight: 400;\">Desenvolvimento de talentos;<\/span><\/li>\n<li style=\"font-weight: 400;\" aria-level=\"1\"><span style=\"font-weight: 400;\">Alinhamento estrat\u00e9gico.<\/span><\/li>\n<\/ul>\n<p><span style=\"font-weight: 400;\">\n\t\t<!--HubSpot Call-to-Action Code -->\n\t\t<span class=\"hs-cta-wrapper\" id=\"hs-cta-wrapper-f79d34fa-00bd-4f8a-baa1-490acb57550e\">\n\t\t<span class=\"hs-cta-node hs-cta-f79d34fa-00bd-4f8a-baa1-490acb57550e\" id=\"f79d34fa-00bd-4f8a-baa1-490acb57550e\">\n\t\t<!--[if lte IE 8]>\n\t\t<div id=\"hs-cta-ie-element\"><\/div>\n\t\t<![endif]-->\n\t\t<a href=\"https:\/\/cta-redirect.hubspot.com\/cta\/redirect\/20984162\/f79d34fa-00bd-4f8a-baa1-490acb57550e\" >\n\t\t<img decoding=\"async\" class=\"hs-cta-img\" id=\"hs-cta-img-f79d34fa-00bd-4f8a-baa1-490acb57550e\" style=\"border-width:0px;\" src=\"https:\/\/no-cache.hubspot.com\/cta\/default\/20984162\/f79d34fa-00bd-4f8a-baa1-490acb57550e.png\"  alt=\"New call-to-action\"\/>\n\t\t<\/a>\n\t\t<\/span>\n\t\t<script charset=\"utf-8\" src=\"\/\/js.hubspot.com\/cta\/current.js\"><\/script>\n\t\t<script>\n\t\thbspt.cta.load(20984162, 'f79d34fa-00bd-4f8a-baa1-490acb57550e', {});\n\t\t<\/script>\n\t\t<\/span>\n\t\t<!-- end HubSpot Call-to-Action Code -->\n\t\t<\/span><\/p>\n<p><span style=\"font-weight: 400;\">Assim, as lideran\u00e7as exercem uma forte influ\u00eancia nos resultados dos colaboradores, que, em consequ\u00eancia, s\u00e3o os respons\u00e1veis pelo alcance de objetivos da empresa.<\/span><\/p>\n<p><span style=\"font-weight: 400;\">Com 76% dos l\u00edderes de RH relatando a sobrecarga nas responsabilidades dos gestores, conforme aponta a <\/span><a href=\"https:\/\/www.gartner.com\/en\/human-resources\/trends\/top-priorities-for-hr-leaders\"><span style=\"font-weight: 400;\">Gartner<\/span><\/a><span style=\"font-weight: 400;\">, a capacita\u00e7\u00e3o de l\u00edderes se mostra n\u00e3o apenas relevante, mas essencial.\u00a0<\/span><\/p>\n<p><span style=\"font-weight: 400;\">Dessa forma, quando as lideran\u00e7as n\u00e3o est\u00e3o contribuindo para o desenvolvimento dos colaboradores e a realiza\u00e7\u00e3o de um trabalho de sucesso, todos os objetivos e estrat\u00e9gias organizacionais s\u00e3o afetados.<\/span><\/p>\n<p><span style=\"font-weight: 400;\">Inclusive, estudos j\u00e1 comprovaram que os l\u00edderes s\u00e3o um dos principais fatores de bem-estar para os colaboradores. Um exemplo \u00e9 o <\/span><a href=\"https:\/\/g1.globo.com\/economia\/concursos-e-emprego\/noticia\/2019\/11\/22\/8-em-cada-10-profissionais-pedem-demissao-por-causa-do-chefe-veja-os-motivos.ghtml\"><span style=\"font-weight: 400;\">estudo<\/span><\/a><span style=\"font-weight: 400;\"> feito pela consultoria Michael Page, no qual foi identificado que 8 em cada 10 profissionais pedem demiss\u00e3o por causa do chefe.<\/span><\/p>\n<p><span style=\"font-weight: 400;\">Dessa forma, investir em programas de desenvolvimento de lideran\u00e7a \u00e9 uma estrat\u00e9gia inteligente e necess\u00e1ria para empresas que visam prosperar em um mercado cada vez mais desafiador.<\/span><\/p>\n<h2><span style=\"font-weight: 400;\">O que \u00e9 um PDL de lideran\u00e7a?<\/span><\/h2>\n<p><span style=\"font-weight: 400;\">Ter l\u00edderes de resultados dentro do time \u00e9 um dos grandes objetivos de todas as empresas. Afinal, eles s\u00e3o os respons\u00e1veis por guiar os colaboradores para o alcance dos resultados organizacionais.<\/span><\/p>\n<p><span style=\"font-weight: 400;\">No entanto, nenhum profissional nasce pronto. E, assim como outras soft skills, a lideran\u00e7a \u00e9 trein\u00e1vel e pode ser desenvolvida nos indiv\u00edduos que est\u00e3o dispostos a assumir o desafio.<\/span><\/p>\n<p><span style=\"font-weight: 400;\">E para isso, as empresas passaram a investir em estrat\u00e9gias que viabilizassem n\u00e3o s\u00f3 a identifica\u00e7\u00e3o, mas tamb\u00e9m a forma\u00e7\u00e3o de lideran\u00e7as para o futuro.<\/span><\/p>\n<p><span style=\"font-weight: 400;\">Um programa de desenvolvimento de lideran\u00e7a (PDL) \u00e9 uma iniciativa estruturada destinada a aprimorar as compet\u00eancias e habilidades de indiv\u00edduos dentro de uma organiza\u00e7\u00e3o para que assumam pap\u00e9is de lideran\u00e7a de forma eficaz.\u00a0<\/span><\/p>\n<p><span style=\"font-weight: 400;\">Aqui, o PDL \u00e9 crucial para preparar l\u00edderes atuais e futuros para enfrentar os desafios do ambiente corporativo contempor\u00e2neo e para garantir que a gest\u00e3o da empresa esteja alinhada com suas metas estrat\u00e9gicas e culturais.<\/span><\/p>\n<p><span style=\"font-weight: 400;\">Assim, este processo pode incluir fatores como:<\/span><\/p>\n<ul>\n<li style=\"font-weight: 400;\" aria-level=\"1\"><span style=\"font-weight: 400;\">Treinamento formal;<\/span><\/li>\n<li style=\"font-weight: 400;\" aria-level=\"1\"><span style=\"font-weight: 400;\">Desenvolvimento de habilidades pr\u00e1ticas;<\/span><\/li>\n<li style=\"font-weight: 400;\" aria-level=\"1\"><span style=\"font-weight: 400;\">Feedback cont\u00ednuo;<\/span><\/li>\n<li style=\"font-weight: 400;\" aria-level=\"1\"><span style=\"font-weight: 400;\">Coaching e mentoria;<\/span><\/li>\n<li style=\"font-weight: 400;\" aria-level=\"1\"><span style=\"font-weight: 400;\"><a href=\"https:\/\/www.oitchau.com.br\/features\/project-time-management\/\">Projetos<\/a> de lideran\u00e7a;<\/span><\/li>\n<li style=\"font-weight: 400;\" aria-level=\"1\"><span style=\"font-weight: 400;\">Networking e colabora\u00e7\u00e3o;<\/span><\/li>\n<li style=\"font-weight: 400;\" aria-level=\"1\"><span style=\"font-weight: 400;\">Avalia\u00e7\u00e3o e acompanhamento.<\/span><\/li>\n<\/ul>\n<h2><span style=\"font-weight: 400;\">Qual o objetivo de um programa de lideran\u00e7a?<\/span><\/h2>\n<p><span style=\"font-weight: 400;\">O objetivo principal de um programa de lideran\u00e7a \u00e9 capacitar profissionais para que se tornem l\u00edderes efetivos, capazes de guiar suas equipes e a organiza\u00e7\u00e3o rumo ao sucesso e \u00e0 excel\u00eancia.<\/span><\/p>\n<p><span style=\"font-weight: 400;\">Isso envolve n\u00e3o apenas o desenvolvimento de habilidades t\u00e9cnicas e gerenciais, mas tamb\u00e9m o cultivo de qualidades como vis\u00e3o estrat\u00e9gica, capacidade de comunica\u00e7\u00e3o, e intelig\u00eancia emocional.\u00a0<\/span><\/p>\n<p><span style=\"font-weight: 400;\">Al\u00e9m disso, um programa de lideran\u00e7a bem desenvolvido busca promover um entendimento profundo da cultura e dos valores da empresa, garantindo que as a\u00e7\u00f5es e decis\u00f5es dos l\u00edderes estejam alinhadas com os objetivos organizacionais.<\/span><\/p>\n<p><span style=\"font-weight: 400;\">Um programa de lideran\u00e7a bem estruturado visa, portanto, atingir os seguintes objetivos principais:<\/span><\/p>\n<ul>\n<li style=\"font-weight: 400;\" aria-level=\"1\"><span style=\"font-weight: 400;\">Desenvolvimento de habilidades gerenciais;<\/span><\/li>\n<li style=\"font-weight: 400;\" aria-level=\"1\"><span style=\"font-weight: 400;\">Cultivo de intelig\u00eancia emocional;<\/span><\/li>\n<li style=\"font-weight: 400;\" aria-level=\"1\"><span style=\"font-weight: 400;\">Aprimoramento da comunica\u00e7\u00e3o efetiva;<\/span><\/li>\n<li style=\"font-weight: 400;\" aria-level=\"1\"><span style=\"font-weight: 400;\">Fomento da vis\u00e3o estrat\u00e9gica;<\/span><\/li>\n<li style=\"font-weight: 400;\" aria-level=\"1\"><span style=\"font-weight: 400;\">Alinhamento com a cultura organizacional;<\/span><\/li>\n<li style=\"font-weight: 400;\" aria-level=\"1\"><span style=\"font-weight: 400;\">Promo\u00e7\u00e3o de inova\u00e7\u00e3o e adapta\u00e7\u00e3o;<\/span><\/li>\n<li style=\"font-weight: 400;\" aria-level=\"1\"><span style=\"font-weight: 400;\">Constru\u00e7\u00e3o de equipes de alto desempenho.<\/span><\/li>\n<\/ul>\n<p><span style=\"font-weight: 400;\">Assim, ao atingir esses objetivos, o programa de lideran\u00e7a assegura que a empresa esteja preparada n\u00e3o apenas para enfrentar os desafios atuais, mas tamb\u00e9m para antecipar e se adaptar \u00e0s mudan\u00e7as do futuro, mantendo-se sempre \u00e0 frente em um mercado competitivo.<\/span><\/p>\n<h2><span style=\"font-weight: 400;\">Quais problemas o PDL pode solucionar?<\/span><\/h2>\n<p><span style=\"font-weight: 400;\">Ao focar no aprimoramento das habilidades de lideran\u00e7a, o PDL oferece solu\u00e7\u00f5es para problemas comuns enfrentados pelas empresas, contribuindo significativamente para a melhoria do desempenho, da efici\u00eancia operacional e da sa\u00fade organizacional.\u00a0<\/span><\/p>\n<p><span style=\"font-weight: 400;\">A partir disso, ao preparar l\u00edderes para gerenciar equipes de forma mais efetiva, comunicar-se claramente e tomar decis\u00f5es estrat\u00e9gicas, o PDL desempenha um papel fundamental na supera\u00e7\u00e3o de obst\u00e1culos que podem impedir o crescimento e o sucesso da empresa.<\/span><\/p>\n<p><span style=\"font-weight: 400;\">Assim, alguns desses problemas s\u00e3o:<\/span><\/p>\n<ul>\n<li style=\"font-weight: 400;\" aria-level=\"1\"><span style=\"font-weight: 400;\">Gest\u00e3o ineficaz;<\/span><\/li>\n<li style=\"font-weight: 400;\" aria-level=\"1\"><span style=\"font-weight: 400;\">Comunica\u00e7\u00e3o deficit\u00e1ria;<\/span><\/li>\n<li style=\"font-weight: 400;\" aria-level=\"1\"><span style=\"font-weight: 400;\">Baixo engajamento e motiva\u00e7\u00e3o da equipe;<\/span><\/li>\n<li style=\"font-weight: 400;\" aria-level=\"1\"><span style=\"font-weight: 400;\">Resist\u00eancia \u00e0 mudan\u00e7a;<\/span><\/li>\n<li style=\"font-weight: 400;\" aria-level=\"1\"><span style=\"font-weight: 400;\">Conflitos internos;<\/span><\/li>\n<li style=\"font-weight: 400;\" aria-level=\"1\"><span style=\"font-weight: 400;\">Falta de alinhamento estrat\u00e9gico;<\/span><\/li>\n<li style=\"font-weight: 400;\" aria-level=\"1\"><span style=\"font-weight: 400;\">Dificuldades na tomada de decis\u00e3o;<\/span><\/li>\n<li style=\"font-weight: 400;\" aria-level=\"1\"><span style=\"font-weight: 400;\">Defici\u00eancias em intelig\u00eancia emocional;<\/span><\/li>\n<li style=\"font-weight: 400;\" aria-level=\"1\"><span style=\"font-weight: 400;\">Gest\u00e3o inadequada de talentos;<\/span><\/li>\n<li style=\"font-weight: 400;\" aria-level=\"1\"><span style=\"font-weight: 400;\">Inova\u00e7\u00e3o e criatividade insuficientes.<\/span><\/li>\n<\/ul>\n<h2><span style=\"font-weight: 400;\">Quais habilidades um l\u00edder precisa desenvolver?<\/span><\/h2>\n<p><span style=\"font-weight: 400;\">Liderar n\u00e3o foi e nunca deve ser considerada uma atividade simples. Isso porque gerir e desenvolver pessoas \u00e9 uma das principais responsabilidades em uma empresa.<\/span><\/p>\n<p><span style=\"font-weight: 400;\">Assim, para que um l\u00edder seja verdadeiramente completo, existem algumas habilidades que devem ser estimuladas dentro de um programa de desenvolvimento de lideran\u00e7as, como:<\/span><\/p>\n<ul>\n<li style=\"font-weight: 400;\" aria-level=\"1\"><span style=\"font-weight: 400;\">Intelig\u00eancia emocional: entender e gerenciar suas pr\u00f3prias emo\u00e7\u00f5es e as dos outros, fomentando a empatia e a comunica\u00e7\u00e3o eficaz;<\/span><\/li>\n<li style=\"font-weight: 400;\" aria-level=\"1\"><span style=\"font-weight: 400;\">Comunica\u00e7\u00e3o assertiva: habilidade de comunicar ideias e feedback de maneira clara, respeitosa e persuasiva;<\/span><\/li>\n<li style=\"font-weight: 400;\" aria-level=\"1\"><span style=\"font-weight: 400;\">Tomada de decis\u00e3o estrat\u00e9gica: analisar informa\u00e7\u00f5es, prever consequ\u00eancias e tomar decis\u00f5es que alinhem com os objetivos de longo prazo da empresa;<\/span><\/li>\n<li style=\"font-weight: 400;\" aria-level=\"1\"><span style=\"font-weight: 400;\">Gest\u00e3o de conflitos: identificar, entender e resolver desentendimentos de forma eficaz e construtiva;<\/span><\/li>\n<li style=\"font-weight: 400;\" aria-level=\"1\"><span style=\"font-weight: 400;\">Lideran\u00e7a inspiradora: motivar e inspirar os membros da equipe, incentivando-os a alcan\u00e7ar seu potencial m\u00e1ximo;<\/span><\/li>\n<li style=\"font-weight: 400;\" aria-level=\"1\"><span style=\"font-weight: 400;\">Vis\u00e3o estrat\u00e9gica: entender o panorama do mercado e da organiza\u00e7\u00e3o, definindo estrat\u00e9gias alinhadas com as metas de longo prazo;<\/span><\/li>\n<li style=\"font-weight: 400;\" aria-level=\"1\"><span style=\"font-weight: 400;\">Adaptabilidade e flexibilidade: se ajustar rapidamente a mudan\u00e7as e lidar eficientemente com a incerteza e a complexidade;<\/span><\/li>\n<li style=\"font-weight: 400;\" aria-level=\"1\"><span style=\"font-weight: 400;\">Desenvolvimento de talentos: identificar, nutrir e reter talentos, garantindo o crescimento da equipe e da organiza\u00e7\u00e3o;<\/span><\/li>\n<li style=\"font-weight: 400;\" aria-level=\"1\"><span style=\"font-weight: 400;\">Gest\u00e3o do tempo e prioriza\u00e7\u00e3o: gerenciar efetivamente o pr\u00f3prio tempo e o da equipe, garantindo que as prioridades sejam atendidas de forma eficiente;<\/span><\/li>\n<li style=\"font-weight: 400;\" aria-level=\"1\"><span style=\"font-weight: 400;\">Responsabilidade e integridade: agir com \u00e9tica, transpar\u00eancia e responsabilidade em todas as a\u00e7\u00f5es;<\/span><\/li>\n<li style=\"font-weight: 400;\" aria-level=\"1\"><span style=\"font-weight: 400;\">Gest\u00e3o de mudan\u00e7as: liderar e gerenciar efetivamente as transi\u00e7\u00f5es, preparando a equipe para adaptar-se a novos processos, tecnologias ou dire\u00e7\u00f5es estrat\u00e9gicas;<\/span><\/li>\n<li style=\"font-weight: 400;\" aria-level=\"1\"><span style=\"font-weight: 400;\">Fomento da cultura organizacional: cultivar e refor\u00e7ar os valores e princ\u00edpios da empresa, promovendo uma cultura de engajamento, inova\u00e7\u00e3o e colabora\u00e7\u00e3o.<\/span><\/li>\n<\/ul>\n<h2><span style=\"font-weight: 400;\">Como criar um programa de desenvolvimento de lideran\u00e7a?<\/span><\/h2>\n<p><span style=\"font-weight: 400;\">Para criar um Programa de Desenvolvimento de Lideran\u00e7a (PDL) eficaz e abrangente, \u00e9 essencial seguir uma abordagem estruturada, focada n\u00e3o apenas no aprimoramento das habilidades dos l\u00edderes, mas tamb\u00e9m no alinhamento dessas habilidades com os objetivos da organiza\u00e7\u00e3o.<\/span><\/p>\n<p><span style=\"font-weight: 400;\">Veja um passo a passo completo!<\/span><\/p>\n<h3><span style=\"font-weight: 400;\">Avalia\u00e7\u00e3o das necessidades<\/span><\/h3>\n<p><span style=\"font-weight: 400;\">Come\u00e7amos com a Avalia\u00e7\u00e3o das Necessidades, que \u00e9 o alicerce do programa. Este passo envolve uma an\u00e1lise meticulosa das compet\u00eancias atuais dos l\u00edderes e das lacunas que precisam ser preenchidas. Utilizar m\u00e9todos como avalia\u00e7\u00f5es de desempenho e feedback 360 graus pode fornecer insights valiosos sobre as necessidades de desenvolvimento espec\u00edficas de cada l\u00edder.<\/span><\/p>\n<h3><span style=\"font-weight: 400;\">Defini\u00e7\u00e3o de objetivos e compet\u00eancias-chave<\/span><\/h3>\n<p><span style=\"font-weight: 400;\">Em seguida, passamos para a Defini\u00e7\u00e3o de Objetivos e Compet\u00eancias-chave.\u00a0<\/span><\/p>\n<p><span style=\"font-weight: 400;\">Aqui, estabelecemos metas claras para o PDL, alinhando-as com a vis\u00e3o estrat\u00e9gica da empresa. Identificamos as compet\u00eancias essenciais que os l\u00edderes precisam desenvolver, garantindo que essas compet\u00eancias estejam em sincronia com as necessidades identificadas na etapa anterior.<\/span><\/p>\n<h3><span style=\"font-weight: 400;\">Desenvolvimento do conte\u00fado program\u00e1tico<\/span><\/h3>\n<p><span style=\"font-weight: 400;\">Nesta fase, devem ser criados materiais educativos que s\u00e3o tanto relevantes quanto envolventes, como m\u00f3dulos de treinamento sobre lideran\u00e7a situacional e tomada de decis\u00e3o estrat\u00e9gica.\u00a0<\/span><\/p>\n<p><span style=\"font-weight: 400;\">O conte\u00fado deve ser projetado para n\u00e3o apenas transmitir conhecimento, mas tamb\u00e9m para instigar os l\u00edderes a aplicar esse conhecimento em cen\u00e1rios pr\u00e1ticos.<\/span><\/p>\n<h3><span style=\"font-weight: 400;\">Metodologia de ensino<\/span><\/h3>\n<p><span style=\"font-weight: 400;\">O formato \u00e9 crucial para o sucesso do programa.\u00a0<\/span><\/p>\n<p><span style=\"font-weight: 400;\">A aprendizagem efetiva ocorre quando combinamos m\u00e9todos formais, como cursos e semin\u00e1rios, com m\u00e9todos pr\u00e1ticos, como simula\u00e7\u00f5es de lideran\u00e7a e projetos reais, e m\u00e9todos sociais, como grupos de discuss\u00e3o e sess\u00f5es de networking.\u00a0<\/span><\/p>\n<p><span style=\"font-weight: 400;\">Esta abordagem hol\u00edstica facilita a assimila\u00e7\u00e3o do conhecimento e incentiva a aplica\u00e7\u00e3o pr\u00e1tica das habilidades aprendidas.<\/span><\/p>\n<h3><span style=\"font-weight: 400;\">Implementa\u00e7\u00e3o do programa<\/span><\/h3>\n<p><span style=\"font-weight: 400;\">Esta fase envolve a log\u00edstica pr\u00e1tica de executar o PDL, incluindo a defini\u00e7\u00e3o de um cronograma, a sele\u00e7\u00e3o dos participantes e a organiza\u00e7\u00e3o dos recursos necess\u00e1rios.\u00a0<\/span><\/p>\n<p><span style=\"font-weight: 400;\">A flexibilidade \u00e9 fundamental, permitindo ajustes no programa com base no feedback dos participantes e nas necessidades emergentes.<\/span><\/p>\n<h3><span style=\"font-weight: 400;\">Coaching e mentoria<\/span><\/h3>\n<p><span style=\"font-weight: 400;\">Associar l\u00edderes emergentes a mentores experientes proporciona uma orienta\u00e7\u00e3o personalizada que \u00e9 inestim\u00e1vel para o desenvolvimento de lideran\u00e7a.\u00a0<\/span><\/p>\n<p><span style=\"font-weight: 400;\">Esta rela\u00e7\u00e3o de mentoria oferece suporte, conselhos e insights que v\u00e3o al\u00e9m do treinamento formal, facilitando o crescimento pessoal e profissional dos l\u00edderes.<\/span><\/p>\n<h3><span style=\"font-weight: 400;\">Avalia\u00e7\u00e3o e feedback<\/span><\/h3>\n<p><span style=\"font-weight: 400;\">Ap\u00f3s a implementa\u00e7\u00e3o, a avalia\u00e7\u00e3o e feedback s\u00e3o essenciais para medir a efic\u00e1cia do programa.\u00a0<\/span><\/p>\n<p><span style=\"font-weight: 400;\">Utilizando uma combina\u00e7\u00e3o de avalia\u00e7\u00f5es, feedback dos participantes e indicadores de desempenho, podemos avaliar o impacto do PDL e identificar \u00e1reas que necessitam de ajustes ou melhorias.<\/span><\/p>\n<h3><span style=\"font-weight: 400;\">Budget de RH<\/span><\/h3>\n<p><span style=\"font-weight: 400;\">Um aspecto frequentemente subestimado, mas crucial, \u00e9 o <a href=\"https:\/\/www.oitchau.com.br\/blog\/budget-de-rh\/\">budget de RH<\/a>.\u00a0<\/span><\/p>\n<p><span style=\"font-weight: 400;\">Alocar um or\u00e7amento adequado para o PDL \u00e9 vital para cobrir todos os custos associados, desde instrutores at\u00e9 recursos tecnol\u00f3gicos.\u00a0<\/span><\/p>\n<p><span style=\"font-weight: 400;\">Assim, um planejamento financeiro cuidadoso assegura que o programa n\u00e3o apenas seja vi\u00e1vel do ponto de vista financeiro, mas tamb\u00e9m que maximize o retorno sobre o investimento, refletido no aumento da produtividade e na reten\u00e7\u00e3o de talentos.<\/span><\/p>\n<h3><span style=\"font-weight: 400;\">Ajustes e melhoria cont\u00ednua<\/span><\/h3>\n<p><span style=\"font-weight: 400;\">Por fim, o PDL \u00e9 um processo cont\u00ednuo, n\u00e3o um evento \u00fanico.<\/span><\/p>\n<p><span style=\"font-weight: 400;\">Isso significa revisar e atualizar regularmente o PDL para incorporar novas tend\u00eancias de lideran\u00e7a, feedback dos participantes e mudan\u00e7as estrat\u00e9gicas na empresa.<\/span><\/p>\n<h2><span style=\"font-weight: 400;\">Quais indicadores usar para acompanhar os resultados das lideran\u00e7as?<\/span><\/h2>\n<p><span style=\"font-weight: 400;\">E al\u00e9m de aplicar o programa de desenvolvimento de l\u00edderes, \u00e9 preciso tamb\u00e9m acompanhar os resultados e poss\u00edveis mudan\u00e7as geradas com o PDL. Para isso, \u00e9 essencial contar com o uso de indicadores.<\/span><\/p>\n<p><span style=\"font-weight: 400;\">Aqui, voc\u00ea vai observar que os indicadores trazem uma percep\u00e7\u00e3o dos resultados dos colaboradores. Isso se deve ao fato de que os resultados das lideran\u00e7as est\u00e3o atrelados aos resultados das equipes.<\/span><\/p>\n<p><span style=\"font-weight: 400;\">\n\t\t<!--HubSpot Call-to-Action Code -->\n\t\t<span class=\"hs-cta-wrapper\" id=\"hs-cta-wrapper-2d58bf85-20cb-45a8-b326-b8b7f3d549ea\">\n\t\t<span class=\"hs-cta-node hs-cta-2d58bf85-20cb-45a8-b326-b8b7f3d549ea\" id=\"2d58bf85-20cb-45a8-b326-b8b7f3d549ea\">\n\t\t<!--[if lte IE 8]>\n\t\t<div id=\"hs-cta-ie-element\"><\/div>\n\t\t<![endif]-->\n\t\t<a href=\"https:\/\/cta-redirect.hubspot.com\/cta\/redirect\/20984162\/2d58bf85-20cb-45a8-b326-b8b7f3d549ea\" >\n\t\t<img decoding=\"async\" class=\"hs-cta-img\" id=\"hs-cta-img-2d58bf85-20cb-45a8-b326-b8b7f3d549ea\" style=\"border-width:0px;\" src=\"https:\/\/no-cache.hubspot.com\/cta\/default\/20984162\/2d58bf85-20cb-45a8-b326-b8b7f3d549ea.png\"  alt=\"New call-to-action\"\/>\n\t\t<\/a>\n\t\t<\/span>\n\t\t<script charset=\"utf-8\" src=\"\/\/js.hubspot.com\/cta\/current.js\"><\/script>\n\t\t<script>\n\t\thbspt.cta.load(20984162, '2d58bf85-20cb-45a8-b326-b8b7f3d549ea', {});\n\t\t<\/script>\n\t\t<\/span>\n\t\t<!-- end HubSpot Call-to-Action Code -->\n\t\t<\/span><\/p>\n<p><span style=\"font-weight: 400;\">Dessa forma, quando os resultados do time s\u00e3o positivos, \u00e9 poss\u00edvel inferir que eles surgiram por meio da interven\u00e7\u00e3o de seus l\u00edderes.<\/span><\/p>\n<h3><span style=\"font-weight: 400;\">Satisfa\u00e7\u00e3o dos colaboradores com as lideran\u00e7as<\/span><\/h3>\n<p><span style=\"font-weight: 400;\">Dentre os principais indicadores, a satisfa\u00e7\u00e3o dos colaboradores com as lideran\u00e7as \u00e9 um dos mais impactantes no processo de avalia\u00e7\u00e3o. Isso porque este indicador reflete a percep\u00e7\u00e3o positiva ou negativa dos liderados sobre seus gestores.<\/span><\/p>\n<p><span style=\"font-weight: 400;\">Assim, este indicador pode ser avaliado de forma isolada durante a <a href=\"https:\/\/www.oitchau.com.br\/blog\/pesquisa-de-clima-organizacional-como-fazer\/\">pesquisa de clima organizacional<\/a>.<\/span><\/p>\n<h3><span style=\"font-weight: 400;\">Desempenho da equipe<\/span><\/h3>\n<p><span style=\"font-weight: 400;\">Este indicador avalia a efic\u00e1cia com que uma equipe atinge seus objetivos e metas. Como mencionamos, um bom desempenho de equipe est\u00e1 frequentemente ligado a uma lideran\u00e7a eficaz, comunica\u00e7\u00e3o clara e colabora\u00e7\u00e3o efetiva.<\/span><\/p>\n<p><span style=\"font-weight: 400;\">Para calcular, defina metas claras e mensur\u00e1veis.\u00a0<\/span><\/p>\n<p><span style=\"font-weight: 400;\">O desempenho da equipe pode ser calculado como a porcentagem de metas alcan\u00e7adas ou atrav\u00e9s de m\u00e9tricas espec\u00edficas de desempenho, dependendo dos objetivos, como:<\/span><\/p>\n<ul>\n<li style=\"font-weight: 400;\" aria-level=\"1\"><span style=\"font-weight: 400;\">Vendas realizadas;<\/span><\/li>\n<li style=\"font-weight: 400;\" aria-level=\"1\"><span style=\"font-weight: 400;\">Projetos conclu\u00eddos;<\/span><\/li>\n<li style=\"font-weight: 400;\" aria-level=\"1\"><span style=\"font-weight: 400;\">Entregas no prazo.<\/span><\/li>\n<\/ul>\n<h3><span style=\"font-weight: 400;\">Engajamento dos colaboradores<\/span><\/h3>\n<p><span style=\"font-weight: 400;\">O indicador reflete o n\u00edvel de comprometimento, entusiasmo e dedica\u00e7\u00e3o dos colaboradores. Assim, colaboradores engajados tendem a mostrar maior produtividade, melhor qualidade de trabalho e menor rotatividade.<\/span><\/p>\n<p><span style=\"font-weight: 400;\">Ele tamb\u00e9m pode ser avaliado com o uso da pesquisa de clima, abordando perguntas sobre o comprometimento dos colaboradores com a miss\u00e3o da empresa, sua vontade de recomendar a empresa como um bom lugar para trabalhar, e seu n\u00edvel de motiva\u00e7\u00e3o.<\/span><\/p>\n<p><span style=\"font-weight: 400;\">Aqui, o \u00edndice de engajamento pode ser calculado pela m\u00e9dia das respostas.<\/span><\/p>\n<h3><span style=\"font-weight: 400;\">Melhoria de processos<\/span><\/h3>\n<p><span style=\"font-weight: 400;\">Este indicador mede a efic\u00e1cia das iniciativas de melhoria cont\u00ednua na otimiza\u00e7\u00e3o dos processos de trabalho. Processos eficientes podem aumentar a produtividade e reduzir custos.<\/span><\/p>\n<p><span data-sheets-root=\"1\" data-sheets-value=\"{&quot;1&quot;:2,&quot;2&quot;:&quot;\n\t\t&lt;!--HubSpot Call-to-Action Code --&gt;\n\t\t&lt;span class=&quot;hs-cta-wrapper&quot; id=&quot;hs-cta-wrapper-ec397c35-df8c-47f2-ac98-58378522ad1f&quot;&gt;\n\t\t&lt;span class=&quot;hs-cta-node hs-cta-ec397c35-df8c-47f2-ac98-58378522ad1f&quot; id=&quot;ec397c35-df8c-47f2-ac98-58378522ad1f&quot;&gt;\n\t\t&lt;!--[if lte IE 8]&gt;\n\t\t&lt;div id=&quot;hs-cta-ie-element&quot;&gt;&lt;\/div&gt;\n\t\t&lt;![endif]--&gt;\n\t\t&lt;a href=&quot;https:\/\/cta-redirect.hubspot.com\/cta\/redirect\/20984162\/ec397c35-df8c-47f2-ac98-58378522ad1f&quot; &gt;\n\t\t&lt;img class=&quot;hs-cta-img&quot; id=&quot;hs-cta-img-ec397c35-df8c-47f2-ac98-58378522ad1f&quot; style=&quot;border-width:0px;&quot; src=&quot;https:\/\/no-cache.hubspot.com\/cta\/default\/20984162\/ec397c35-df8c-47f2-ac98-58378522ad1f.png&quot;  alt=&quot;New call-to-action&quot;\/&gt;\n\t\t&lt;\/a&gt;\n\t\t&lt;\/span&gt;\n\t\t&lt;script charset=&quot;utf-8&quot; src=&quot;\/\/js.hubspot.com\/cta\/current.js&quot;&gt;&lt;\/script&gt;\n\t\t&lt;script&gt;\n\t\thbspt.cta.load(20984162, &#039;ec397c35-df8c-47f2-ac98-58378522ad1f&#039;, {});\n\t\t&lt;\/script&gt;\n\t\t&lt;\/span&gt;\n\t\t&lt;!-- end HubSpot Call-to-Action Code --&gt;\n\t\t&quot;}\" data-sheets-userformat=\"{&quot;2&quot;:897,&quot;3&quot;:{&quot;1&quot;:0},&quot;10&quot;:1,&quot;11&quot;:4,&quot;12&quot;:0}\">\n\t\t<!--HubSpot Call-to-Action Code -->\n\t\t<span class=\"hs-cta-wrapper\" id=\"hs-cta-wrapper-ec397c35-df8c-47f2-ac98-58378522ad1f\">\n\t\t<span class=\"hs-cta-node hs-cta-ec397c35-df8c-47f2-ac98-58378522ad1f\" id=\"ec397c35-df8c-47f2-ac98-58378522ad1f\">\n\t\t<!--[if lte IE 8]>\n\t\t<div id=\"hs-cta-ie-element\"><\/div>\n\t\t<![endif]-->\n\t\t<a href=\"https:\/\/cta-redirect.hubspot.com\/cta\/redirect\/20984162\/ec397c35-df8c-47f2-ac98-58378522ad1f\" >\n\t\t<img decoding=\"async\" class=\"hs-cta-img\" id=\"hs-cta-img-ec397c35-df8c-47f2-ac98-58378522ad1f\" style=\"border-width:0px;\" src=\"https:\/\/no-cache.hubspot.com\/cta\/default\/20984162\/ec397c35-df8c-47f2-ac98-58378522ad1f.png\"  alt=\"New call-to-action\"\/>\n\t\t<\/a>\n\t\t<\/span>\n\t\t<script charset=\"utf-8\" src=\"\/\/js.hubspot.com\/cta\/current.js\"><\/script>\n\t\t<script>\n\t\thbspt.cta.load(20984162, 'ec397c35-df8c-47f2-ac98-58378522ad1f', {});\n\t\t<\/script>\n\t\t<\/span>\n\t\t<!-- end HubSpot Call-to-Action Code -->\n\t\t<\/span><\/p>\n<p><span style=\"font-weight: 400;\">Para isso, identifique m\u00e9tricas espec\u00edficas para cada processo (por exemplo, tempo de ciclo, custo, erros) antes e depois das melhorias. O indicador de melhoria de processos pode ser calculado pela diferen\u00e7a de desempenho entre os dois estados.<\/span><\/p>\n<p><span style=\"font-weight: 400;\">Como voc\u00ea percebeu, o programa de desenvolvimento de lideran\u00e7as \u00e9 um processo cont\u00ednuo e que deve olhar para a particularidade de cada colaborador inserido no processo.<\/span><\/p>\n<p><span style=\"font-weight: 400;\">Al\u00e9m disso, ele deve estar conectado com outras estrat\u00e9gias de gest\u00e3o de pessoas para a gera\u00e7\u00e3o de resultados efetivos.<\/span><\/p>\n<p><a href=\"https:\/\/www.oitchau.com.br\/blog\"><span style=\"font-weight: 400;\">Acompanhe o nosso blog<\/span><\/a><span style=\"font-weight: 400;\"> e esteja sempre atualizado sobre os principais temas!<\/span><\/p>\n<p>&nbsp;<\/p>\n","protected":false},"excerpt":{"rendered":"<p>O programa de desenvolvimento de lideran\u00e7a (PDL) emerge como uma estrat\u00e9gia vital em um mercado cada vez mais din\u00e2mico e competitivo.\u00a0 No entanto, saber por onde come\u00e7ar o desenvolvimento dos l\u00edderes \u00e9 um dos grandes desafios do RH. Isso porque este \u00e9 um processo que n\u00e3o ser generalizado, devendo se concentrar nas particularidades de cada [&hellip;]<\/p>\n","protected":false},"author":24,"featured_media":32850,"comment_status":"closed","ping_status":"open","sticky":false,"template":"","format":"standard","meta":{"content-type":"","footnotes":""},"categories":[224],"tags":[],"yoast_head":"<!-- This site is optimized with the Yoast SEO Premium plugin v22.2 (Yoast SEO v22.2) - https:\/\/yoast.com\/wordpress\/plugins\/seo\/ -->\n<title>Programa de desenvolvimento de lideran\u00e7a (PDL): desenvolva em 9 passos! | Oitchau<\/title>\n<meta name=\"description\" content=\"Entenda como funciona um programa de desenvolvimento de lideran\u00e7a, quais os impactos nos resultados da sua empresa e como desenvolver!\" \/>\n<meta name=\"robots\" content=\"index, follow, max-snippet:-1, max-image-preview:large, max-video-preview:-1\" \/>\n<link rel=\"canonical\" href=\"https:\/\/www.oitchau.com.br\/blog\/programa-de-desenvolvimento-de-lideranca\/\" \/>\n<meta property=\"og:locale\" content=\"pt_BR\" \/>\n<meta property=\"og:type\" content=\"article\" \/>\n<meta property=\"og:title\" content=\"Programa de desenvolvimento de lideran\u00e7a (PDL): desenvolva em 9 passos!\" \/>\n<meta property=\"og:description\" content=\"Entenda como funciona um programa de desenvolvimento de lideran\u00e7a, quais os impactos nos resultados da sua empresa e como desenvolver!\" \/>\n<meta property=\"og:url\" content=\"https:\/\/www.oitchau.com.br\/blog\/programa-de-desenvolvimento-de-lideranca\/\" \/>\n<meta property=\"og:site_name\" content=\"Controle de Ponto &amp; Timesheets\" \/>\n<meta property=\"article:publisher\" content=\"https:\/\/www.facebook.com\/oitchaubr\/\" \/>\n<meta property=\"article:published_time\" content=\"2024-01-30T05:32:54+00:00\" \/>\n<meta property=\"article:modified_time\" content=\"2024-01-29T20:51:04+00:00\" \/>\n<meta property=\"og:image\" content=\"https:\/\/storage.googleapis.com\/oitchaublog\/2024\/01\/0038106f-programa-de-desenvolvimento-de-lideranca.png\" \/>\n\t<meta property=\"og:image:width\" content=\"1982\" \/>\n\t<meta property=\"og:image:height\" content=\"800\" \/>\n\t<meta property=\"og:image:type\" content=\"image\/png\" \/>\n<meta name=\"author\" content=\"Amanda Laranjeira\" \/>\n<meta name=\"twitter:card\" content=\"summary_large_image\" \/>\n<meta name=\"twitter:creator\" content=\"@oitchaubr\" \/>\n<meta name=\"twitter:site\" content=\"@oitchaubr\" \/>\n<meta name=\"twitter:label1\" content=\"Written by\" \/>\n\t<meta name=\"twitter:data1\" content=\"Amanda Laranjeira\" \/>\n\t<meta name=\"twitter:label2\" content=\"Est. reading time\" \/>\n\t<meta name=\"twitter:data2\" content=\"12 minutos\" \/>\n<script type=\"application\/ld+json\" class=\"yoast-schema-graph\">{\"@context\":\"https:\/\/schema.org\",\"@graph\":[{\"@type\":[\"Article\",\"BlogPosting\"],\"@id\":\"https:\/\/www.oitchau.com.br\/blog\/programa-de-desenvolvimento-de-lideranca\/#article\",\"isPartOf\":{\"@id\":\"https:\/\/www.oitchau.com.br\/blog\/programa-de-desenvolvimento-de-lideranca\/\"},\"author\":{\"name\":\"Amanda Laranjeira\",\"@id\":\"https:\/\/www.oitchau.com.br\/blog\/#\/schema\/person\/1041f3bd0e2490b50b5bee5d0fb9b533\"},\"headline\":\"Programa de desenvolvimento de lideran\u00e7a (PDL): desenvolva em 9 passos!\",\"datePublished\":\"2024-01-30T05:32:54+00:00\",\"dateModified\":\"2024-01-29T20:51:04+00:00\",\"mainEntityOfPage\":{\"@id\":\"https:\/\/www.oitchau.com.br\/blog\/programa-de-desenvolvimento-de-lideranca\/\"},\"wordCount\":2431,\"publisher\":{\"@id\":\"https:\/\/www.oitchau.com.br\/blog\/#organization\"},\"image\":{\"@id\":\"https:\/\/www.oitchau.com.br\/blog\/programa-de-desenvolvimento-de-lideranca\/#primaryimage\"},\"thumbnailUrl\":\"https:\/\/storage.googleapis.com\/oitchaublog\/2024\/01\/0038106f-programa-de-desenvolvimento-de-lideranca.png\",\"articleSection\":[\"Gest\u00e3o de Pessoas\"],\"inLanguage\":\"pt-BR\"},{\"@type\":\"WebPage\",\"@id\":\"https:\/\/www.oitchau.com.br\/blog\/programa-de-desenvolvimento-de-lideranca\/\",\"url\":\"https:\/\/www.oitchau.com.br\/blog\/programa-de-desenvolvimento-de-lideranca\/\",\"name\":\"Programa de desenvolvimento de lideran\u00e7a (PDL): desenvolva em 9 passos! | Oitchau\",\"isPartOf\":{\"@id\":\"https:\/\/www.oitchau.com.br\/blog\/#website\"},\"primaryImageOfPage\":{\"@id\":\"https:\/\/www.oitchau.com.br\/blog\/programa-de-desenvolvimento-de-lideranca\/#primaryimage\"},\"image\":{\"@id\":\"https:\/\/www.oitchau.com.br\/blog\/programa-de-desenvolvimento-de-lideranca\/#primaryimage\"},\"thumbnailUrl\":\"https:\/\/storage.googleapis.com\/oitchaublog\/2024\/01\/0038106f-programa-de-desenvolvimento-de-lideranca.png\",\"datePublished\":\"2024-01-30T05:32:54+00:00\",\"dateModified\":\"2024-01-29T20:51:04+00:00\",\"description\":\"Entenda como funciona um programa de desenvolvimento de lideran\u00e7a, quais os impactos nos resultados da sua empresa e como desenvolver!\",\"breadcrumb\":{\"@id\":\"https:\/\/www.oitchau.com.br\/blog\/programa-de-desenvolvimento-de-lideranca\/#breadcrumb\"},\"inLanguage\":\"pt-BR\",\"potentialAction\":[{\"@type\":\"ReadAction\",\"target\":[\"https:\/\/www.oitchau.com.br\/blog\/programa-de-desenvolvimento-de-lideranca\/\"]}]},{\"@type\":\"ImageObject\",\"inLanguage\":\"pt-BR\",\"@id\":\"https:\/\/www.oitchau.com.br\/blog\/programa-de-desenvolvimento-de-lideranca\/#primaryimage\",\"url\":\"https:\/\/storage.googleapis.com\/oitchaublog\/2024\/01\/0038106f-programa-de-desenvolvimento-de-lideranca.png\",\"contentUrl\":\"https:\/\/storage.googleapis.com\/oitchaublog\/2024\/01\/0038106f-programa-de-desenvolvimento-de-lideranca.png\",\"width\":1982,\"height\":800,\"caption\":\"Programa de desenvolvimento de lideran\u00e7a\"},{\"@type\":\"BreadcrumbList\",\"@id\":\"https:\/\/www.oitchau.com.br\/blog\/programa-de-desenvolvimento-de-lideranca\/#breadcrumb\",\"itemListElement\":[{\"@type\":\"ListItem\",\"position\":1,\"name\":\"Blog\",\"item\":\"https:\/\/www.oitchau.com.br\/blog\/\"},{\"@type\":\"ListItem\",\"position\":2,\"name\":\"Programa de desenvolvimento de lideran\u00e7a (PDL): desenvolva em 9 passos!\"}]},{\"@type\":\"WebSite\",\"@id\":\"https:\/\/www.oitchau.com.br\/blog\/#website\",\"url\":\"https:\/\/www.oitchau.com.br\/blog\/\",\"name\":\"Controle de Ponto & Timesheets\",\"description\":\"\",\"publisher\":{\"@id\":\"https:\/\/www.oitchau.com.br\/blog\/#organization\"},\"potentialAction\":[{\"@type\":\"SearchAction\",\"target\":{\"@type\":\"EntryPoint\",\"urlTemplate\":\"https:\/\/www.oitchau.com.br\/blog\/?s={search_term_string}\"},\"query-input\":\"required name=search_term_string\"}],\"inLanguage\":\"pt-BR\"},{\"@type\":\"Organization\",\"@id\":\"https:\/\/www.oitchau.com.br\/blog\/#organization\",\"name\":\"Oitchau\",\"url\":\"https:\/\/www.oitchau.com.br\/blog\/\",\"logo\":{\"@type\":\"ImageObject\",\"inLanguage\":\"pt-BR\",\"@id\":\"https:\/\/www.oitchau.com.br\/blog\/#\/schema\/logo\/image\/\",\"url\":\"https:\/\/storage.googleapis.com\/oitchaublog\/2024\/03\/a0e65c6f-design-sem-nome-20.png\",\"contentUrl\":\"https:\/\/storage.googleapis.com\/oitchaublog\/2024\/03\/a0e65c6f-design-sem-nome-20.png\",\"width\":696,\"height\":696,\"caption\":\"Oitchau\"},\"image\":{\"@id\":\"https:\/\/www.oitchau.com.br\/blog\/#\/schema\/logo\/image\/\"},\"sameAs\":[\"https:\/\/www.facebook.com\/oitchaubr\/\",\"https:\/\/twitter.com\/oitchaubr\",\"https:\/\/instagram.com\/oitchaubr\"],\"description\":\"A Oitchau \u00e9 uma solu\u00e7\u00e3o completa para gest\u00e3o de tempo dos colaboradores, atrav\u00e9s de suas solu\u00e7\u00f5es de controle de ponto & timesheets, ela permite que gestores, RH e DP possam gerenciar desde a jornada de trabalho de funcion\u00e1rios at\u00e9 a gest\u00e3o de tempo em projetos. Elevando o n\u00edvel estrat\u00e9gico do neg\u00f3cio de forma inteligente e assertiva, potencializando seus resultados e garantindo compliance com a Lei.\",\"email\":\"contato@oitchau.com.br\",\"telephone\":\"+551142102846\",\"foundingDate\":\"2016-01-01\",\"numberOfEmployees\":{\"@type\":\"QuantitativeValue\",\"minValue\":\"51\",\"maxValue\":\"200\"}},{\"@type\":\"Person\",\"@id\":\"https:\/\/www.oitchau.com.br\/blog\/#\/schema\/person\/1041f3bd0e2490b50b5bee5d0fb9b533\",\"name\":\"Amanda Laranjeira\",\"url\":\"https:\/\/www.oitchau.com.br\/blog\/author\/amanda\/\"}]}<\/script>\n<!-- \/ Yoast SEO Premium plugin. -->","yoast_head_json":{"title":"Programa de desenvolvimento de lideran\u00e7a (PDL): desenvolva em 9 passos! | Oitchau","description":"Entenda como funciona um programa de desenvolvimento de lideran\u00e7a, quais os impactos nos resultados da sua empresa e como desenvolver!","robots":{"index":"index","follow":"follow","max-snippet":"max-snippet:-1","max-image-preview":"max-image-preview:large","max-video-preview":"max-video-preview:-1"},"canonical":"https:\/\/www.oitchau.com.br\/blog\/programa-de-desenvolvimento-de-lideranca\/","og_locale":"pt_BR","og_type":"article","og_title":"Programa de desenvolvimento de lideran\u00e7a (PDL): desenvolva em 9 passos!","og_description":"Entenda como funciona um programa de desenvolvimento de lideran\u00e7a, quais os impactos nos resultados da sua empresa e como desenvolver!","og_url":"https:\/\/www.oitchau.com.br\/blog\/programa-de-desenvolvimento-de-lideranca\/","og_site_name":"Controle de Ponto &amp; Timesheets","article_publisher":"https:\/\/www.facebook.com\/oitchaubr\/","article_published_time":"2024-01-30T05:32:54+00:00","article_modified_time":"2024-01-29T20:51:04+00:00","og_image":[{"width":1982,"height":800,"url":"https:\/\/storage.googleapis.com\/oitchaublog\/2024\/01\/0038106f-programa-de-desenvolvimento-de-lideranca.png","type":"image\/png"}],"author":"Amanda Laranjeira","twitter_card":"summary_large_image","twitter_creator":"@oitchaubr","twitter_site":"@oitchaubr","twitter_misc":{"Written by":"Amanda Laranjeira","Est. reading time":"12 minutos"},"schema":{"@context":"https:\/\/schema.org","@graph":[{"@type":["Article","BlogPosting"],"@id":"https:\/\/www.oitchau.com.br\/blog\/programa-de-desenvolvimento-de-lideranca\/#article","isPartOf":{"@id":"https:\/\/www.oitchau.com.br\/blog\/programa-de-desenvolvimento-de-lideranca\/"},"author":{"name":"Amanda Laranjeira","@id":"https:\/\/www.oitchau.com.br\/blog\/#\/schema\/person\/1041f3bd0e2490b50b5bee5d0fb9b533"},"headline":"Programa de desenvolvimento de lideran\u00e7a (PDL): desenvolva em 9 passos!","datePublished":"2024-01-30T05:32:54+00:00","dateModified":"2024-01-29T20:51:04+00:00","mainEntityOfPage":{"@id":"https:\/\/www.oitchau.com.br\/blog\/programa-de-desenvolvimento-de-lideranca\/"},"wordCount":2431,"publisher":{"@id":"https:\/\/www.oitchau.com.br\/blog\/#organization"},"image":{"@id":"https:\/\/www.oitchau.com.br\/blog\/programa-de-desenvolvimento-de-lideranca\/#primaryimage"},"thumbnailUrl":"https:\/\/storage.googleapis.com\/oitchaublog\/2024\/01\/0038106f-programa-de-desenvolvimento-de-lideranca.png","articleSection":["Gest\u00e3o de Pessoas"],"inLanguage":"pt-BR"},{"@type":"WebPage","@id":"https:\/\/www.oitchau.com.br\/blog\/programa-de-desenvolvimento-de-lideranca\/","url":"https:\/\/www.oitchau.com.br\/blog\/programa-de-desenvolvimento-de-lideranca\/","name":"Programa de desenvolvimento de lideran\u00e7a (PDL): desenvolva em 9 passos! | Oitchau","isPartOf":{"@id":"https:\/\/www.oitchau.com.br\/blog\/#website"},"primaryImageOfPage":{"@id":"https:\/\/www.oitchau.com.br\/blog\/programa-de-desenvolvimento-de-lideranca\/#primaryimage"},"image":{"@id":"https:\/\/www.oitchau.com.br\/blog\/programa-de-desenvolvimento-de-lideranca\/#primaryimage"},"thumbnailUrl":"https:\/\/storage.googleapis.com\/oitchaublog\/2024\/01\/0038106f-programa-de-desenvolvimento-de-lideranca.png","datePublished":"2024-01-30T05:32:54+00:00","dateModified":"2024-01-29T20:51:04+00:00","description":"Entenda como funciona um programa de desenvolvimento de lideran\u00e7a, quais os impactos nos resultados da sua empresa e como desenvolver!","breadcrumb":{"@id":"https:\/\/www.oitchau.com.br\/blog\/programa-de-desenvolvimento-de-lideranca\/#breadcrumb"},"inLanguage":"pt-BR","potentialAction":[{"@type":"ReadAction","target":["https:\/\/www.oitchau.com.br\/blog\/programa-de-desenvolvimento-de-lideranca\/"]}]},{"@type":"ImageObject","inLanguage":"pt-BR","@id":"https:\/\/www.oitchau.com.br\/blog\/programa-de-desenvolvimento-de-lideranca\/#primaryimage","url":"https:\/\/storage.googleapis.com\/oitchaublog\/2024\/01\/0038106f-programa-de-desenvolvimento-de-lideranca.png","contentUrl":"https:\/\/storage.googleapis.com\/oitchaublog\/2024\/01\/0038106f-programa-de-desenvolvimento-de-lideranca.png","width":1982,"height":800,"caption":"Programa de desenvolvimento de lideran\u00e7a"},{"@type":"BreadcrumbList","@id":"https:\/\/www.oitchau.com.br\/blog\/programa-de-desenvolvimento-de-lideranca\/#breadcrumb","itemListElement":[{"@type":"ListItem","position":1,"name":"Blog","item":"https:\/\/www.oitchau.com.br\/blog\/"},{"@type":"ListItem","position":2,"name":"Programa de desenvolvimento de lideran\u00e7a (PDL): desenvolva em 9 passos!"}]},{"@type":"WebSite","@id":"https:\/\/www.oitchau.com.br\/blog\/#website","url":"https:\/\/www.oitchau.com.br\/blog\/","name":"Controle de Ponto & Timesheets","description":"","publisher":{"@id":"https:\/\/www.oitchau.com.br\/blog\/#organization"},"potentialAction":[{"@type":"SearchAction","target":{"@type":"EntryPoint","urlTemplate":"https:\/\/www.oitchau.com.br\/blog\/?s={search_term_string}"},"query-input":"required name=search_term_string"}],"inLanguage":"pt-BR"},{"@type":"Organization","@id":"https:\/\/www.oitchau.com.br\/blog\/#organization","name":"Oitchau","url":"https:\/\/www.oitchau.com.br\/blog\/","logo":{"@type":"ImageObject","inLanguage":"pt-BR","@id":"https:\/\/www.oitchau.com.br\/blog\/#\/schema\/logo\/image\/","url":"https:\/\/storage.googleapis.com\/oitchaublog\/2024\/03\/a0e65c6f-design-sem-nome-20.png","contentUrl":"https:\/\/storage.googleapis.com\/oitchaublog\/2024\/03\/a0e65c6f-design-sem-nome-20.png","width":696,"height":696,"caption":"Oitchau"},"image":{"@id":"https:\/\/www.oitchau.com.br\/blog\/#\/schema\/logo\/image\/"},"sameAs":["https:\/\/www.facebook.com\/oitchaubr\/","https:\/\/twitter.com\/oitchaubr","https:\/\/instagram.com\/oitchaubr"],"description":"A Oitchau \u00e9 uma solu\u00e7\u00e3o completa para gest\u00e3o de tempo dos colaboradores, atrav\u00e9s de suas solu\u00e7\u00f5es de controle de ponto & timesheets, ela permite que gestores, RH e DP possam gerenciar desde a jornada de trabalho de funcion\u00e1rios at\u00e9 a gest\u00e3o de tempo em projetos. Elevando o n\u00edvel estrat\u00e9gico do neg\u00f3cio de forma inteligente e assertiva, potencializando seus resultados e garantindo compliance com a Lei.","email":"contato@oitchau.com.br","telephone":"+551142102846","foundingDate":"2016-01-01","numberOfEmployees":{"@type":"QuantitativeValue","minValue":"51","maxValue":"200"}},{"@type":"Person","@id":"https:\/\/www.oitchau.com.br\/blog\/#\/schema\/person\/1041f3bd0e2490b50b5bee5d0fb9b533","name":"Amanda Laranjeira","url":"https:\/\/www.oitchau.com.br\/blog\/author\/amanda\/"}]}},"_links":{"self":[{"href":"https:\/\/www.oitchau.com.br\/blog\/wp-json\/wp\/v2\/posts\/32849"}],"collection":[{"href":"https:\/\/www.oitchau.com.br\/blog\/wp-json\/wp\/v2\/posts"}],"about":[{"href":"https:\/\/www.oitchau.com.br\/blog\/wp-json\/wp\/v2\/types\/post"}],"author":[{"embeddable":true,"href":"https:\/\/www.oitchau.com.br\/blog\/wp-json\/wp\/v2\/users\/24"}],"replies":[{"embeddable":true,"href":"https:\/\/www.oitchau.com.br\/blog\/wp-json\/wp\/v2\/comments?post=32849"}],"version-history":[{"count":1,"href":"https:\/\/www.oitchau.com.br\/blog\/wp-json\/wp\/v2\/posts\/32849\/revisions"}],"predecessor-version":[{"id":32851,"href":"https:\/\/www.oitchau.com.br\/blog\/wp-json\/wp\/v2\/posts\/32849\/revisions\/32851"}],"wp:featuredmedia":[{"embeddable":true,"href":"https:\/\/www.oitchau.com.br\/blog\/wp-json\/wp\/v2\/media\/32850"}],"wp:attachment":[{"href":"https:\/\/www.oitchau.com.br\/blog\/wp-json\/wp\/v2\/media?parent=32849"}],"wp:term":[{"taxonomy":"category","embeddable":true,"href":"https:\/\/www.oitchau.com.br\/blog\/wp-json\/wp\/v2\/categories?post=32849"},{"taxonomy":"post_tag","embeddable":true,"href":"https:\/\/www.oitchau.com.br\/blog\/wp-json\/wp\/v2\/tags?post=32849"}],"curies":[{"name":"wp","href":"https:\/\/api.w.org\/{rel}","templated":true}]}}