{"id":32769,"date":"2024-01-23T16:07:03","date_gmt":"2024-01-23T13:07:03","guid":{"rendered":"https:\/\/www.oitchau.com.br\/blog\/?p=32769"},"modified":"2024-01-23T16:07:03","modified_gmt":"2024-01-23T13:07:03","slug":"diversidade-e-inclusao","status":"publish","type":"post","link":"https:\/\/www.oitchau.com.br\/blog\/diversidade-e-inclusao\/","title":{"rendered":"Diversidade e inclus\u00e3o: o que s\u00e3o, quais as diferen\u00e7as e como promover na empresa"},"content":{"rendered":"<p><span style=\"font-weight: 400;\">Em um mundo corporativo cada vez mais interconectado e diversificado, os conceitos de diversidade e inclus\u00e3o surgem como pilares fundamentais para o sucesso e a sustentabilidade das organiza\u00e7\u00f5es.\u00a0<\/span><\/p>\n<p><span style=\"font-weight: 400;\">E apesar de frequentemente mencionados em conjunto, \u00e9 essencial entender que diversidade e inclus\u00e3o s\u00e3o conceitos distintos, cada um abordando aspectos diferentes, por\u00e9m complementares, dentro do ambiente empresarial.\u00a0<\/span><\/p>\n<p><span style=\"font-weight: 400;\">Neste artigo, veja o que \u00e9 diversidade e inclus\u00e3o, como as empresas est\u00e3o trabalhando esses pontos em suas pol\u00edticas e rotinas, quais os impactos nos resultados organizacionais e quais estrat\u00e9gias aplicar para fortalecer essa <\/span><a href=\"https:\/\/www.oitchau.com.br\/blog\/cultura-organizacional-da-empresa\/\"><span style=\"font-weight: 400;\">cultura<\/span><\/a><span style=\"font-weight: 400;\">.<\/span><\/p>\n<p><span style=\"font-weight: 400;\">Acompanhe!<\/span><\/p>\n<h2><span style=\"font-weight: 400;\">O que significa inclus\u00e3o e diversidade?<\/span><\/h2>\n<p><span style=\"font-weight: 400;\">Apesar de serem dois termos que est\u00e3o sempre andando juntos em meio \u00e0s conversas sobre gest\u00e3o de pessoas e <\/span><a href=\"https:\/\/www.oitchau.com.br\/blog\/as-maiores-qualidades-que-uma-boa-lideranca-deve-ter\/\"><span style=\"font-weight: 400;\">lideran\u00e7a<\/span><\/a><span style=\"font-weight: 400;\">, \u00e9 importante entender que cada um trata de um aspecto diferente e essencial nas empresas.<\/span><\/p>\n<p><span style=\"font-weight: 400;\">Isso porque enquanto a inclus\u00e3o trata sobre a promo\u00e7\u00e3o de ambientes nos quais todas as pessoas estejam sintam-se pertencentes do grupo, a diversidade aborda a variedade de caracter\u00edsticas dos indiv\u00edduos nas empresas.<\/span><\/p>\n<p><span style=\"font-weight: 400;\">Assim, a sinergia entre inclus\u00e3o e diversidade promove um ambiente onde a riqueza de ideias, backgrounds e perspectivas \u00e9 totalmente aproveitada, levando a uma maior inova\u00e7\u00e3o, criatividade e efici\u00eancia.\u00a0<\/span><\/p>\n<p><span style=\"font-weight: 400;\">Isso porque ambientes que efetivamente integram inclus\u00e3o e diversidade s\u00e3o aqueles onde todos os membros se sentem valorizados e capazes de contribuir com seu m\u00e1ximo potencial.<\/span><\/p>\n<h3><span style=\"font-weight: 400;\">Qual a diferen\u00e7a entre diversidade e inclus\u00e3o?<\/span><\/h3>\n<p><span style=\"font-weight: 400;\">Diversidade e inclus\u00e3o s\u00e3o conceitos que frequentemente andam juntos, mas t\u00eam significados distintos e complementares dentro de organiza\u00e7\u00f5es.<\/span><\/p>\n<p><span style=\"font-weight: 400;\">Diversidade refere-se \u00e0 presen\u00e7a de diferen\u00e7as dentro de um coletivo ou organiza\u00e7\u00e3o. Isso inclui, mas n\u00e3o est\u00e1 limitado a:<\/span><\/p>\n<ul>\n<li style=\"font-weight: 400;\" aria-level=\"1\"><span style=\"font-weight: 400;\">Etnia;<\/span><\/li>\n<li style=\"font-weight: 400;\" aria-level=\"1\"><span style=\"font-weight: 400;\">G\u00eanero;<\/span><\/li>\n<li style=\"font-weight: 400;\" aria-level=\"1\"><span style=\"font-weight: 400;\">Idade;<\/span><\/li>\n<li style=\"font-weight: 400;\" aria-level=\"1\"><span style=\"font-weight: 400;\">Experi\u00eancia.<\/span><\/li>\n<\/ul>\n<p><span style=\"font-weight: 400;\">Assim, em um contexto organizacional, a diversidade foca em ter uma ampla gama de caracter\u00edsticas, experi\u00eancias e perspectivas representadas na for\u00e7a de trabalho.<\/span><\/p>\n<p><span style=\"font-weight: 400;\">J\u00e1 inclus\u00e3o, por outro lado, \u00e9 sobre como as diferen\u00e7as s\u00e3o valorizadas e integradas na vida cotidiana de uma organiza\u00e7\u00e3o. \u00c9 o grau em que os membros de uma organiza\u00e7\u00e3o se sentem respeitados, aceitos e valorizados.\u00a0<\/span><\/p>\n<p><span style=\"font-weight: 400;\">Assim, a inclus\u00e3o envolve a cria\u00e7\u00e3o de ambientes onde qualquer indiv\u00edduo ou grupo pode ser e se sentir acolhido, respeitado, apoiado e capaz de participar plenamente.\u00a0<\/span><\/p>\n<p><span style=\"font-weight: 400;\">Enquanto a diversidade pode ser vista como as vari\u00e1veis, a inclus\u00e3o \u00e9 fazer com que o &#8220;mix&#8221; funcione harmoniosamente.<\/span><\/p>\n<h2><span style=\"font-weight: 400;\">Qual a import\u00e2ncia da diversidade e inclus\u00e3o?<\/span><\/h2>\n<p><span style=\"font-weight: 400;\">A import\u00e2ncia da diversidade e inclus\u00e3o nas empresas transcende o cumprimento de cotas ou a cria\u00e7\u00e3o de uma imagem positiva.\u00a0<\/span><\/p>\n<p><span style=\"font-weight: 400;\">De acordo com o estudo feito pela consultoria da <\/span><a href=\"https:\/\/www.mckinsey.com\/capabilities\/people-and-organizational-performance\/our-insights\/delivering-through-diversity\/pt-BR\"><span style=\"font-weight: 400;\">McKinsey &amp; Company<\/span><\/a><span style=\"font-weight: 400;\">, empresas com maior diversidade de g\u00eanero em suas equipes executivas eram 21% mais propensas a experimentar uma rentabilidade acima da m\u00e9dia do que empresas com menor diversidade. Quando o foco era a diversidade \u00e9tnica, essa probabilidade subia para 33%.<\/span><\/p>\n<p><span style=\"font-weight: 400;\">Al\u00e9m disso, um estudo feito pela <\/span><a href=\"https:\/\/www.bcg.com\/publications\/2018\/how-diverse-leadership-teams-boost-innovation\"><span style=\"font-weight: 400;\">Boston Consulting Group (BCG)<\/span><\/a><span style=\"font-weight: 400;\"> apontou que empresas com maior diversidade cultural t\u00eam 19% a mais de receitas provenientes de inova\u00e7\u00e3o. Isso significa que a diversidade n\u00e3o apenas contribui para um ambiente mais justo e equitativo, mas tamb\u00e9m impulsiona a capacidade de inova\u00e7\u00e3o das empresas.<\/span><\/p>\n<p><span style=\"font-weight: 400;\">E em mais um estudo, feito pela <\/span><a href=\"https:\/\/pt.surveymonkey.com\/curiosity\/toolkits\/\"><span style=\"font-weight: 400;\">SurveyMonkey<\/span><\/a><span style=\"font-weight: 400;\">, 78% dos profissionais consideram importante trabalhar em uma organiza\u00e7\u00e3o que prioriza a diversidade.<\/span><\/p>\n<p><span style=\"font-weight: 400;\">Assim, est\u00e1 cientificamente comprovado que equipes diversificadas e inclusivas s\u00e3o mais inovadoras, tomam decis\u00f5es melhores e mais r\u00e1pidas e obt\u00eam melhores resultados financeiros.\u00a0<\/span><\/p>\n<p><span style=\"font-weight: 400;\">Desse modo, investir em diversidade e inclus\u00e3o gera benef\u00edcios como:<\/span><\/p>\n<ul>\n<li style=\"font-weight: 400;\" aria-level=\"1\"><span style=\"font-weight: 400;\">Aumento da inova\u00e7\u00e3o e criatividade;<\/span><\/li>\n<li style=\"font-weight: 400;\" aria-level=\"1\"><span style=\"font-weight: 400;\">Melhoria na tomada de decis\u00e3o;<\/span><\/li>\n<li style=\"font-weight: 400;\" aria-level=\"1\"><span style=\"font-weight: 400;\">Aumento da competitividade no mercado;<\/span><\/li>\n<li style=\"font-weight: 400;\" aria-level=\"1\"><span style=\"font-weight: 400;\">Impacto positivo no desempenho financeiro;<\/span><\/li>\n<li style=\"font-weight: 400;\" aria-level=\"1\"><span style=\"font-weight: 400;\">Atra\u00e7\u00e3o e reten\u00e7\u00e3o de talentos;<\/span><\/li>\n<li style=\"font-weight: 400;\" aria-level=\"1\"><span style=\"font-weight: 400;\">Melhoria do clima organizacional;<\/span><\/li>\n<li style=\"font-weight: 400;\" aria-level=\"1\"><span style=\"font-weight: 400;\">Alcance de novos mercados;<\/span><\/li>\n<li style=\"font-weight: 400;\" aria-level=\"1\"><span style=\"font-weight: 400;\">Compliance legal e reputacional;<\/span><\/li>\n<li style=\"font-weight: 400;\" aria-level=\"1\"><span style=\"font-weight: 400;\">Engajamento e produtividade dos funcion\u00e1rios;<\/span><\/li>\n<li style=\"font-weight: 400;\" aria-level=\"1\"><span style=\"font-weight: 400;\">Flexibilidade e adapta\u00e7\u00e3o.<\/span><\/li>\n<\/ul>\n<p><span style=\"font-weight: 400;\">A diversidade traz uma riqueza de perspectivas que podem impulsionar a criatividade e a inova\u00e7\u00e3o, enquanto a inclus\u00e3o assegura que todos os membros da equipe possam contribuir para o seu potencial m\u00e1ximo.<\/span><\/p>\n<h2><span style=\"font-weight: 400;\">O que \u00e9 uma pol\u00edtica de diversidade?<\/span><\/h2>\n<p><span style=\"font-weight: 400;\">Uma pol\u00edtica de diversidade \u00e9 um conjunto formal de diretrizes e pr\u00e1ticas adotadas por uma organiza\u00e7\u00e3o para promover, respeitar e valorizar a diversidade em todas as suas formas dentro do ambiente de trabalho.\u00a0<\/span><\/p>\n<p><span style=\"font-weight: 400;\">Assim, o objetivo principal dessa pol\u00edtica \u00e9 criar um ambiente inclusivo onde todas as diferen\u00e7as individuais sejam reconhecidas, valorizadas e utilizadas para contribuir para o sucesso da organiza\u00e7\u00e3o.<\/span><\/p>\n<p><span style=\"font-weight: 400;\">A pol\u00edtica de diversidade n\u00e3o \u00e9 apenas uma declara\u00e7\u00e3o de boas inten\u00e7\u00f5es, mas uma estrat\u00e9gia concreta que requer comprometimento, recursos e a\u00e7\u00e3o cont\u00ednua para ser eficaz.\u00a0<\/span><\/p>\n<p><span style=\"font-weight: 400;\">E quando implementada com sucesso, ela pode ajudar a melhorar o desempenho organizacional, impulsionar a inova\u00e7\u00e3o, atrair e <\/span><a href=\"https:\/\/www.oitchau.com.br\/blog\/como-reter-talentos-na-sua-empresa-5-estrategias\/\"><span style=\"font-weight: 400;\">reter talentos<\/span><\/a><span style=\"font-weight: 400;\">, e construir uma reputa\u00e7\u00e3o positiva no mercado e na comunidade.<\/span><\/p>\n<p><span style=\"font-weight: 400;\">Para isso, a pol\u00edtica de diversidade serve para:<\/span><\/p>\n<ul>\n<li style=\"font-weight: 400;\" aria-level=\"1\"><span style=\"font-weight: 400;\">Promover igualdade de oportunidades;<\/span><\/li>\n<li style=\"font-weight: 400;\" aria-level=\"1\"><span style=\"font-weight: 400;\">Combater a discrimina\u00e7\u00e3o;<\/span><\/li>\n<li style=\"font-weight: 400;\" aria-level=\"1\"><span style=\"font-weight: 400;\">Aumentar a conscientiza\u00e7\u00e3o e educa\u00e7\u00e3o;<\/span><\/li>\n<li style=\"font-weight: 400;\" aria-level=\"1\"><span style=\"font-weight: 400;\">Melhorar o recrutamento e a reten\u00e7\u00e3o;<\/span><\/li>\n<li style=\"font-weight: 400;\" aria-level=\"1\"><span style=\"font-weight: 400;\">Encorajar a participa\u00e7\u00e3o e a colabora\u00e7\u00e3o.<\/span><\/li>\n<\/ul>\n<h2><span style=\"font-weight: 400;\">O que faz um analista de diversidade e inclus\u00e3o?<\/span><\/h2>\n<p><span style=\"font-weight: 400;\">Um analista de diversidade e inclus\u00e3o desempenha um papel crucial na promo\u00e7\u00e3o e implementa\u00e7\u00e3o de estrat\u00e9gias que fomentam um ambiente de trabalho acolhedor e inclusivo para todos os funcion\u00e1rios, independentemente de suas diferen\u00e7as individuais.\u00a0<\/span><\/p>\n<p><span style=\"font-weight: 400;\">Assim, este profissional \u00e9 parte essencial na constru\u00e7\u00e3o de uma cultura organizacional que valoriza a diversidade e promove a igualdade.<\/span><\/p>\n<p><span style=\"font-weight: 400;\">Dessa forma, as responsabilidades de um analista de diversidade e inclus\u00e3o podem ser amplas e variadas, dependendo do tamanho e do setor da organiza\u00e7\u00e3o, e podem incluir:<\/span><\/p>\n<ul>\n<li style=\"font-weight: 400;\" aria-level=\"1\"><span style=\"font-weight: 400;\">Conduzir avalia\u00e7\u00f5es regulares das pol\u00edticas, procedimentos e pr\u00e1ticas da organiza\u00e7\u00e3o para identificar \u00e1reas de melhoria relacionadas \u00e0 diversidade e inclus\u00e3o;<\/span><\/li>\n<li style=\"font-weight: 400;\" aria-level=\"1\"><span style=\"font-weight: 400;\">Desenvolver estrat\u00e9gias detalhadas para abordar essas \u00e1reas e promover um ambiente mais inclusivo;<\/span><\/li>\n<li style=\"font-weight: 400;\" aria-level=\"1\"><span style=\"font-weight: 400;\">Criar e gerenciar programas e iniciativas que promovam um ambiente de trabalho diversificado e inclusivo;<\/span><\/li>\n<li style=\"font-weight: 400;\" aria-level=\"1\"><span style=\"font-weight: 400;\">Isso pode incluir o desenvolvimento de programas de treinamento, a realiza\u00e7\u00e3o de eventos de sensibiliza\u00e7\u00e3o e a implementa\u00e7\u00e3o de projetos espec\u00edficos que visem melhorar a inclus\u00e3o e a diversidade;<\/span><\/li>\n<li style=\"font-weight: 400;\" aria-level=\"1\"><span style=\"font-weight: 400;\">Desenvolver e oferecer programas de treinamento educacional para aumentar a consci\u00eancia sobre diversidade e inclus\u00e3o entre os funcion\u00e1rios e a lideran\u00e7a;<\/span><\/li>\n<li style=\"font-weight: 400;\" aria-level=\"1\"><span style=\"font-weight: 400;\">Realiza\u00e7\u00e3o de workshops, semin\u00e1rios e outras sess\u00f5es educativas;<\/span><\/li>\n<li style=\"font-weight: 400;\" aria-level=\"1\"><span style=\"font-weight: 400;\">Ajudar a garantir que as pr\u00e1ticas de contrata\u00e7\u00e3o sejam justas e promovam a inclus\u00e3o;<\/span><\/li>\n<li style=\"font-weight: 400;\" aria-level=\"1\"><span style=\"font-weight: 400;\">Estabelecer m\u00e9tricas para avaliar a efic\u00e1cia das iniciativas de diversidade e inclus\u00e3o;<\/span><\/li>\n<li style=\"font-weight: 400;\" aria-level=\"1\"><span style=\"font-weight: 400;\">Preparar e apresentar relat\u00f3rios sobre o progresso em rela\u00e7\u00e3o a essas m\u00e9tricas e fazer recomenda\u00e7\u00f5es baseadas em dados para melhorias cont\u00ednuas;<\/span><\/li>\n<li style=\"font-weight: 400;\" aria-level=\"1\"><span style=\"font-weight: 400;\">Servir como um recurso para quest\u00f5es relacionadas \u00e0 diversidade e inclus\u00e3o, oferecendo suporte e orienta\u00e7\u00e3o aos funcion\u00e1rios e \u00e0 lideran\u00e7a;<\/span><\/li>\n<li style=\"font-weight: 400;\" aria-level=\"1\"><span style=\"font-weight: 400;\">Estabelecer e manter parcerias com organiza\u00e7\u00f5es externas e grupos comunit\u00e1rios para apoiar e promover iniciativas de diversidade e inclus\u00e3o fora da empresa;<\/span><\/li>\n<li style=\"font-weight: 400;\" aria-level=\"1\"><span style=\"font-weight: 400;\">Auxiliar na cria\u00e7\u00e3o e manuten\u00e7\u00e3o de redes de funcion\u00e1rios e grupos de afinidade que apoiam minorias e promovem um ambiente de trabalho inclusivo.<\/span><\/li>\n<\/ul>\n<p><span style=\"font-weight: 400;\">\n\t\t<!--HubSpot Call-to-Action Code -->\n\t\t<span class=\"hs-cta-wrapper\" id=\"hs-cta-wrapper-6acdca5c-9f99-442a-86c3-8dc79fc2915e\">\n\t\t<span class=\"hs-cta-node hs-cta-6acdca5c-9f99-442a-86c3-8dc79fc2915e\" id=\"6acdca5c-9f99-442a-86c3-8dc79fc2915e\">\n\t\t<!--[if lte IE 8]>\n\t\t<div id=\"hs-cta-ie-element\"><\/div>\n\t\t<![endif]-->\n\t\t<a href=\"https:\/\/cta-redirect.hubspot.com\/cta\/redirect\/20984162\/6acdca5c-9f99-442a-86c3-8dc79fc2915e\" >\n\t\t<img decoding=\"async\" class=\"hs-cta-img\" id=\"hs-cta-img-6acdca5c-9f99-442a-86c3-8dc79fc2915e\" style=\"border-width:0px;\" src=\"https:\/\/no-cache.hubspot.com\/cta\/default\/20984162\/6acdca5c-9f99-442a-86c3-8dc79fc2915e.png\"  alt=\"New call-to-action\"\/>\n\t\t<\/a>\n\t\t<\/span>\n\t\t<script charset=\"utf-8\" src=\"\/\/js.hubspot.com\/cta\/current.js\"><\/script>\n\t\t<script>\n\t\thbspt.cta.load(20984162, '6acdca5c-9f99-442a-86c3-8dc79fc2915e', {});\n\t\t<\/script>\n\t\t<\/span>\n\t\t<!-- end HubSpot Call-to-Action Code -->\n\t\t<\/span><\/p>\n<h2><span style=\"font-weight: 400;\">Como promover a cultura da diversidade e a inclus\u00e3o nas empresas?<\/span><\/h2>\n<p><span style=\"font-weight: 400;\">Fortalecer a cultura da diversidade e a inclus\u00e3o nas empresas \u00e9 um processo cont\u00ednuo que exige comprometimento e a\u00e7\u00e3o estrat\u00e9gica.\u00a0<\/span><\/p>\n<p><span style=\"font-weight: 400;\">Assim, as organiza\u00e7\u00f5es podem adotar v\u00e1rias abordagens e pr\u00e1ticas para promover um ambiente de trabalho mais inclusivo e diversificado.\u00a0<\/span><\/p>\n<p><span style=\"font-weight: 400;\">Veja alguns exemplos de pr\u00e1ticas que podem facilitar este processo.<\/span><\/p>\n<h3><span style=\"font-weight: 400;\">Comprometimento que vem de cima<\/span><\/h3>\n<p><span style=\"font-weight: 400;\">A mudan\u00e7a come\u00e7a no topo. Os l\u00edderes devem demonstrar um compromisso genu\u00edno com a diversidade e a inclus\u00e3o, n\u00e3o apenas em palavras, mas em a\u00e7\u00f5es.\u00a0<\/span><\/p>\n<p><span style=\"font-weight: 400;\">Isso inclui investir em forma\u00e7\u00e3o, liderar pelo exemplo e estabelecer metas claras e mensur\u00e1veis para a diversidade e inclus\u00e3o.<\/span><\/p>\n<h3><span style=\"font-weight: 400;\">Pol\u00edticas e pr\u00e1ticas esclarecidas<\/span><\/h3>\n<p><span style=\"font-weight: 400;\">Desenvolver e implementar pol\u00edticas que promovam a igualdade de oportunidades e combatam discrimina\u00e7\u00e3o em todas as suas formas.\u00a0<\/span><\/p>\n<p><span style=\"font-weight: 400;\">Isso tamb\u00e9m passa por revisar regularmente as pol\u00edticas e pr\u00e1ticas existentes para garantir que elas n\u00e3o criem barreiras inadvertidas para a inclus\u00e3o.<\/span><\/p>\n<h3><span style=\"font-weight: 400;\">Treinamento e desenvolvimento<\/span><\/h3>\n<p><span style=\"font-weight: 400;\">Oferecer programas de <\/span><a href=\"https:\/\/www.oitchau.com.br\/blog\/treinamento-online-como-funciona-qual-a-importancia\/\"><span style=\"font-weight: 400;\">treinamento<\/span><\/a><span style=\"font-weight: 400;\"> para sensibilizar todos os funcion\u00e1rios sobre a import\u00e2ncia da diversidade e da inclus\u00e3o.\u00a0<\/span><\/p>\n<p><span style=\"font-weight: 400;\">Isso pode incluir treinamento sobre preconceito inconsciente, comunica\u00e7\u00e3o intercultural, empatia e respeito m\u00fatuo.<\/span><\/p>\n<h3><span style=\"font-weight: 400;\">Recrutamento e progress\u00e3o de carreira<\/span><\/h3>\n<p><span style=\"font-weight: 400;\">Adotar pr\u00e1ticas de recrutamento que promovam a diversidade, como a elabora\u00e7\u00e3o de descri\u00e7\u00f5es de cargo inclusivas e a utiliza\u00e7\u00e3o de pain\u00e9is de entrevistas diversificados.\u00a0<\/span><\/p>\n<p><span style=\"font-weight: 400;\">Al\u00e9m disso, garantir que os processos de promo\u00e7\u00e3o e progress\u00e3o de carreira sejam justos e transparentes.<\/span><\/p>\n<h3><span style=\"font-weight: 400;\">Feedback e di\u00e1logo aberto<\/span><\/h3>\n<p><span style=\"font-weight: 400;\">Encorajar e facilitar um di\u00e1logo aberto sobre diversidade e inclus\u00e3o, permitindo que os funcion\u00e1rios compartilhem suas experi\u00eancias e ideias, realizando pesquisas, grupos focais, ou reuni\u00f5es regulares.<\/span><\/p>\n<h3><span style=\"font-weight: 400;\">Reconhecimento e celebra\u00e7\u00e3o da diversidade<\/span><\/h3>\n<p><span style=\"font-weight: 400;\">Reconhecer e celebrar as diferen\u00e7as dentro da organiza\u00e7\u00e3o, seja por meio de eventos, campanhas de conscientiza\u00e7\u00e3o ou comunica\u00e7\u00e3o interna, ajudando a criar um ambiente de trabalho onde todos se sentem valorizados e inclu\u00eddos.<\/span><\/p>\n<h3><span style=\"font-weight: 400;\">Monitoramento e avalia\u00e7\u00e3o cont\u00ednua<\/span><\/h3>\n<p><span style=\"font-weight: 400;\">Estabelecer indicadores de desempenho chave (<\/span><a href=\"https:\/\/www.oitchau.com.br\/blog\/key-performance-indicator\/\"><span style=\"font-weight: 400;\">KPIs<\/span><\/a><span style=\"font-weight: 400;\">) para monitorar o progresso em diversidade e inclus\u00e3o e ajustar as estrat\u00e9gias conforme necess\u00e1rio.\u00a0<\/span><\/p>\n<p><span style=\"font-weight: 400;\">E alguns deles s\u00e3o:<\/span><\/p>\n<ul>\n<li style=\"font-weight: 400;\" aria-level=\"1\"><span style=\"font-weight: 400;\">Composi\u00e7\u00e3o da for\u00e7a de trabalho;<\/span><\/li>\n<li style=\"font-weight: 400;\" aria-level=\"1\"><span style=\"font-weight: 400;\">Taxas de contrata\u00e7\u00e3o;<\/span><\/li>\n<li style=\"font-weight: 400;\" aria-level=\"1\"><span style=\"font-weight: 400;\">Taxas de promo\u00e7\u00e3o e <\/span><span style=\"font-weight: 400;\">de reten\u00e7\u00e3o;<\/span><\/li>\n<li style=\"font-weight: 400;\" aria-level=\"1\"><span style=\"font-weight: 400;\">Resultados de pesquisas de clima organizacional;<\/span><\/li>\n<li style=\"font-weight: 400;\" aria-level=\"1\"><span style=\"font-weight: 400;\">Feedback de clientes e parceiros sobre pr\u00e1ticas de diversidade e inclus\u00e3o;<\/span><\/li>\n<li style=\"font-weight: 400;\" aria-level=\"1\"><span style=\"font-weight: 400;\">Impacto das iniciativas de diversidade e inclus\u00e3o nos resultados do neg\u00f3cio.<\/span><\/li>\n<\/ul>\n<p><span style=\"font-weight: 400;\">\n\t\t<!--HubSpot Call-to-Action Code -->\n\t\t<span class=\"hs-cta-wrapper\" id=\"hs-cta-wrapper-2d58bf85-20cb-45a8-b326-b8b7f3d549ea\">\n\t\t<span class=\"hs-cta-node hs-cta-2d58bf85-20cb-45a8-b326-b8b7f3d549ea\" id=\"2d58bf85-20cb-45a8-b326-b8b7f3d549ea\">\n\t\t<!--[if lte IE 8]>\n\t\t<div id=\"hs-cta-ie-element\"><\/div>\n\t\t<![endif]-->\n\t\t<a href=\"https:\/\/cta-redirect.hubspot.com\/cta\/redirect\/20984162\/2d58bf85-20cb-45a8-b326-b8b7f3d549ea\" >\n\t\t<img decoding=\"async\" class=\"hs-cta-img\" id=\"hs-cta-img-2d58bf85-20cb-45a8-b326-b8b7f3d549ea\" style=\"border-width:0px;\" src=\"https:\/\/no-cache.hubspot.com\/cta\/default\/20984162\/2d58bf85-20cb-45a8-b326-b8b7f3d549ea.png\"  alt=\"New call-to-action\"\/>\n\t\t<\/a>\n\t\t<\/span>\n\t\t<script charset=\"utf-8\" src=\"\/\/js.hubspot.com\/cta\/current.js\"><\/script>\n\t\t<script>\n\t\thbspt.cta.load(20984162, '2d58bf85-20cb-45a8-b326-b8b7f3d549ea', {});\n\t\t<\/script>\n\t\t<\/span>\n\t\t<!-- end HubSpot Call-to-Action Code -->\n\t\t<\/span><\/p>\n<p><span style=\"font-weight: 400;\">Ao reconhecer e investir em diversidade e inclus\u00e3o, as organiza\u00e7\u00f5es n\u00e3o apenas promovem um ambiente de trabalho mais justo e equitativo, mas tamb\u00e9m se colocam em uma posi\u00e7\u00e3o estrat\u00e9gica para enfrentar os desafios e aproveitar as oportunidades em um ambiente de neg\u00f3cios globalizado e em constante mudan\u00e7a.<\/span><\/p>\n<p><span style=\"font-weight: 400;\">E para manter-se atualizado sobre os principais temas de RH, gest\u00e3o de pessoas e cultura, acompanhe o nosso <\/span><a href=\"https:\/\/www.oitchau.com.br\/blog\"><span style=\"font-weight: 400;\">blog<\/span><\/a><span style=\"font-weight: 400;\">!<\/span><\/p>\n","protected":false},"excerpt":{"rendered":"<p>Em um mundo corporativo cada vez mais interconectado e diversificado, os conceitos de diversidade e inclus\u00e3o surgem como pilares fundamentais para o sucesso e a sustentabilidade das organiza\u00e7\u00f5es.\u00a0 E apesar de frequentemente mencionados em conjunto, \u00e9 essencial entender que diversidade e inclus\u00e3o s\u00e3o conceitos distintos, cada um abordando aspectos diferentes, por\u00e9m complementares, dentro do ambiente [&hellip;]<\/p>\n","protected":false},"author":24,"featured_media":32774,"comment_status":"closed","ping_status":"open","sticky":false,"template":"","format":"standard","meta":{"content-type":"","footnotes":""},"categories":[224],"tags":[],"yoast_head":"<!-- This site is optimized with the Yoast SEO Premium plugin v22.2 (Yoast SEO v22.2) - https:\/\/yoast.com\/wordpress\/plugins\/seo\/ -->\n<title>Diversidade e inclus\u00e3o: o que s\u00e3o, quais as diferen\u00e7as e como promover na empresa | Oitchau<\/title>\n<meta name=\"description\" content=\"Entenda o impacto das estrat\u00e9gias de diversidade e inclus\u00e3o nas empresas, saiba as diferen\u00e7as entre os termos e confira a\u00e7\u00f5es para promover essa cultura!\" \/>\n<meta name=\"robots\" content=\"index, follow, max-snippet:-1, max-image-preview:large, max-video-preview:-1\" \/>\n<link rel=\"canonical\" href=\"https:\/\/www.oitchau.com.br\/blog\/diversidade-e-inclusao\/\" \/>\n<meta property=\"og:locale\" content=\"pt_BR\" \/>\n<meta property=\"og:type\" content=\"article\" \/>\n<meta property=\"og:title\" content=\"Diversidade e inclus\u00e3o: o que s\u00e3o, quais as diferen\u00e7as e como promover na empresa\" \/>\n<meta property=\"og:description\" content=\"Entenda o impacto das estrat\u00e9gias de diversidade e inclus\u00e3o nas empresas, saiba as diferen\u00e7as entre os termos e confira a\u00e7\u00f5es para promover essa cultura!\" \/>\n<meta property=\"og:url\" content=\"https:\/\/www.oitchau.com.br\/blog\/diversidade-e-inclusao\/\" \/>\n<meta property=\"og:site_name\" content=\"Controle de Ponto &amp; Timesheets\" \/>\n<meta property=\"article:publisher\" content=\"https:\/\/www.facebook.com\/oitchaubr\/\" \/>\n<meta property=\"article:published_time\" content=\"2024-01-23T13:07:03+00:00\" \/>\n<meta property=\"og:image\" content=\"https:\/\/storage.googleapis.com\/oitchaublog\/2024\/01\/19992aaf-diversidade-e-inclusao.png\" \/>\n\t<meta property=\"og:image:width\" content=\"1982\" \/>\n\t<meta property=\"og:image:height\" content=\"800\" \/>\n\t<meta property=\"og:image:type\" content=\"image\/png\" \/>\n<meta name=\"author\" content=\"Amanda Laranjeira\" \/>\n<meta name=\"twitter:card\" content=\"summary_large_image\" \/>\n<meta name=\"twitter:creator\" content=\"@oitchaubr\" \/>\n<meta name=\"twitter:site\" content=\"@oitchaubr\" \/>\n<meta name=\"twitter:label1\" content=\"Written by\" \/>\n\t<meta name=\"twitter:data1\" content=\"Amanda Laranjeira\" \/>\n\t<meta name=\"twitter:label2\" content=\"Est. reading time\" \/>\n\t<meta name=\"twitter:data2\" content=\"9 minutos\" \/>\n<script type=\"application\/ld+json\" class=\"yoast-schema-graph\">{\"@context\":\"https:\/\/schema.org\",\"@graph\":[{\"@type\":[\"Article\",\"BlogPosting\"],\"@id\":\"https:\/\/www.oitchau.com.br\/blog\/diversidade-e-inclusao\/#article\",\"isPartOf\":{\"@id\":\"https:\/\/www.oitchau.com.br\/blog\/diversidade-e-inclusao\/\"},\"author\":{\"name\":\"Amanda Laranjeira\",\"@id\":\"https:\/\/www.oitchau.com.br\/blog\/#\/schema\/person\/1041f3bd0e2490b50b5bee5d0fb9b533\"},\"headline\":\"Diversidade e inclus\u00e3o: o que s\u00e3o, quais as diferen\u00e7as e como promover na empresa\",\"datePublished\":\"2024-01-23T13:07:03+00:00\",\"dateModified\":\"2024-01-23T13:07:03+00:00\",\"mainEntityOfPage\":{\"@id\":\"https:\/\/www.oitchau.com.br\/blog\/diversidade-e-inclusao\/\"},\"wordCount\":1785,\"publisher\":{\"@id\":\"https:\/\/www.oitchau.com.br\/blog\/#organization\"},\"image\":{\"@id\":\"https:\/\/www.oitchau.com.br\/blog\/diversidade-e-inclusao\/#primaryimage\"},\"thumbnailUrl\":\"https:\/\/storage.googleapis.com\/oitchaublog\/2024\/01\/19992aaf-diversidade-e-inclusao.png\",\"articleSection\":[\"Gest\u00e3o de Pessoas\"],\"inLanguage\":\"pt-BR\"},{\"@type\":\"WebPage\",\"@id\":\"https:\/\/www.oitchau.com.br\/blog\/diversidade-e-inclusao\/\",\"url\":\"https:\/\/www.oitchau.com.br\/blog\/diversidade-e-inclusao\/\",\"name\":\"Diversidade e inclus\u00e3o: o que s\u00e3o, quais as diferen\u00e7as e como promover na empresa | Oitchau\",\"isPartOf\":{\"@id\":\"https:\/\/www.oitchau.com.br\/blog\/#website\"},\"primaryImageOfPage\":{\"@id\":\"https:\/\/www.oitchau.com.br\/blog\/diversidade-e-inclusao\/#primaryimage\"},\"image\":{\"@id\":\"https:\/\/www.oitchau.com.br\/blog\/diversidade-e-inclusao\/#primaryimage\"},\"thumbnailUrl\":\"https:\/\/storage.googleapis.com\/oitchaublog\/2024\/01\/19992aaf-diversidade-e-inclusao.png\",\"datePublished\":\"2024-01-23T13:07:03+00:00\",\"dateModified\":\"2024-01-23T13:07:03+00:00\",\"description\":\"Entenda o impacto das estrat\u00e9gias de diversidade e inclus\u00e3o nas empresas, saiba as diferen\u00e7as entre os termos e confira a\u00e7\u00f5es para promover essa cultura!\",\"breadcrumb\":{\"@id\":\"https:\/\/www.oitchau.com.br\/blog\/diversidade-e-inclusao\/#breadcrumb\"},\"inLanguage\":\"pt-BR\",\"potentialAction\":[{\"@type\":\"ReadAction\",\"target\":[\"https:\/\/www.oitchau.com.br\/blog\/diversidade-e-inclusao\/\"]}]},{\"@type\":\"ImageObject\",\"inLanguage\":\"pt-BR\",\"@id\":\"https:\/\/www.oitchau.com.br\/blog\/diversidade-e-inclusao\/#primaryimage\",\"url\":\"https:\/\/storage.googleapis.com\/oitchaublog\/2024\/01\/19992aaf-diversidade-e-inclusao.png\",\"contentUrl\":\"https:\/\/storage.googleapis.com\/oitchaublog\/2024\/01\/19992aaf-diversidade-e-inclusao.png\",\"width\":1982,\"height\":800,\"caption\":\"Ilustra\u00e7\u00e3o diversidade e inclus\u00e3o\"},{\"@type\":\"BreadcrumbList\",\"@id\":\"https:\/\/www.oitchau.com.br\/blog\/diversidade-e-inclusao\/#breadcrumb\",\"itemListElement\":[{\"@type\":\"ListItem\",\"position\":1,\"name\":\"Blog\",\"item\":\"https:\/\/www.oitchau.com.br\/blog\/\"},{\"@type\":\"ListItem\",\"position\":2,\"name\":\"Diversidade e inclus\u00e3o: o que s\u00e3o, quais as diferen\u00e7as e como promover na empresa\"}]},{\"@type\":\"WebSite\",\"@id\":\"https:\/\/www.oitchau.com.br\/blog\/#website\",\"url\":\"https:\/\/www.oitchau.com.br\/blog\/\",\"name\":\"Controle de Ponto & Timesheets\",\"description\":\"\",\"publisher\":{\"@id\":\"https:\/\/www.oitchau.com.br\/blog\/#organization\"},\"potentialAction\":[{\"@type\":\"SearchAction\",\"target\":{\"@type\":\"EntryPoint\",\"urlTemplate\":\"https:\/\/www.oitchau.com.br\/blog\/?s={search_term_string}\"},\"query-input\":\"required name=search_term_string\"}],\"inLanguage\":\"pt-BR\"},{\"@type\":\"Organization\",\"@id\":\"https:\/\/www.oitchau.com.br\/blog\/#organization\",\"name\":\"Oitchau\",\"url\":\"https:\/\/www.oitchau.com.br\/blog\/\",\"logo\":{\"@type\":\"ImageObject\",\"inLanguage\":\"pt-BR\",\"@id\":\"https:\/\/www.oitchau.com.br\/blog\/#\/schema\/logo\/image\/\",\"url\":\"https:\/\/storage.googleapis.com\/oitchaublog\/2024\/03\/a0e65c6f-design-sem-nome-20.png\",\"contentUrl\":\"https:\/\/storage.googleapis.com\/oitchaublog\/2024\/03\/a0e65c6f-design-sem-nome-20.png\",\"width\":696,\"height\":696,\"caption\":\"Oitchau\"},\"image\":{\"@id\":\"https:\/\/www.oitchau.com.br\/blog\/#\/schema\/logo\/image\/\"},\"sameAs\":[\"https:\/\/www.facebook.com\/oitchaubr\/\",\"https:\/\/twitter.com\/oitchaubr\",\"https:\/\/instagram.com\/oitchaubr\"],\"description\":\"A Oitchau \u00e9 uma solu\u00e7\u00e3o completa para gest\u00e3o de tempo dos colaboradores, atrav\u00e9s de suas solu\u00e7\u00f5es de controle de ponto & timesheets, ela permite que gestores, RH e DP possam gerenciar desde a jornada de trabalho de funcion\u00e1rios at\u00e9 a gest\u00e3o de tempo em projetos. Elevando o n\u00edvel estrat\u00e9gico do neg\u00f3cio de forma inteligente e assertiva, potencializando seus resultados e garantindo compliance com a Lei.\",\"email\":\"contato@oitchau.com.br\",\"telephone\":\"+551142102846\",\"foundingDate\":\"2016-01-01\",\"numberOfEmployees\":{\"@type\":\"QuantitativeValue\",\"minValue\":\"51\",\"maxValue\":\"200\"}},{\"@type\":\"Person\",\"@id\":\"https:\/\/www.oitchau.com.br\/blog\/#\/schema\/person\/1041f3bd0e2490b50b5bee5d0fb9b533\",\"name\":\"Amanda Laranjeira\",\"url\":\"https:\/\/www.oitchau.com.br\/blog\/author\/amanda\/\"}]}<\/script>\n<!-- \/ Yoast SEO Premium plugin. -->","yoast_head_json":{"title":"Diversidade e inclus\u00e3o: o que s\u00e3o, quais as diferen\u00e7as e como promover na empresa | Oitchau","description":"Entenda o impacto das estrat\u00e9gias de diversidade e inclus\u00e3o nas empresas, saiba as diferen\u00e7as entre os termos e confira a\u00e7\u00f5es para promover essa cultura!","robots":{"index":"index","follow":"follow","max-snippet":"max-snippet:-1","max-image-preview":"max-image-preview:large","max-video-preview":"max-video-preview:-1"},"canonical":"https:\/\/www.oitchau.com.br\/blog\/diversidade-e-inclusao\/","og_locale":"pt_BR","og_type":"article","og_title":"Diversidade e inclus\u00e3o: o que s\u00e3o, quais as diferen\u00e7as e como promover na empresa","og_description":"Entenda o impacto das estrat\u00e9gias de diversidade e inclus\u00e3o nas empresas, saiba as diferen\u00e7as entre os termos e confira a\u00e7\u00f5es para promover essa cultura!","og_url":"https:\/\/www.oitchau.com.br\/blog\/diversidade-e-inclusao\/","og_site_name":"Controle de Ponto &amp; Timesheets","article_publisher":"https:\/\/www.facebook.com\/oitchaubr\/","article_published_time":"2024-01-23T13:07:03+00:00","og_image":[{"width":1982,"height":800,"url":"https:\/\/storage.googleapis.com\/oitchaublog\/2024\/01\/19992aaf-diversidade-e-inclusao.png","type":"image\/png"}],"author":"Amanda Laranjeira","twitter_card":"summary_large_image","twitter_creator":"@oitchaubr","twitter_site":"@oitchaubr","twitter_misc":{"Written by":"Amanda Laranjeira","Est. reading time":"9 minutos"},"schema":{"@context":"https:\/\/schema.org","@graph":[{"@type":["Article","BlogPosting"],"@id":"https:\/\/www.oitchau.com.br\/blog\/diversidade-e-inclusao\/#article","isPartOf":{"@id":"https:\/\/www.oitchau.com.br\/blog\/diversidade-e-inclusao\/"},"author":{"name":"Amanda Laranjeira","@id":"https:\/\/www.oitchau.com.br\/blog\/#\/schema\/person\/1041f3bd0e2490b50b5bee5d0fb9b533"},"headline":"Diversidade e inclus\u00e3o: o que s\u00e3o, quais as diferen\u00e7as e como promover na empresa","datePublished":"2024-01-23T13:07:03+00:00","dateModified":"2024-01-23T13:07:03+00:00","mainEntityOfPage":{"@id":"https:\/\/www.oitchau.com.br\/blog\/diversidade-e-inclusao\/"},"wordCount":1785,"publisher":{"@id":"https:\/\/www.oitchau.com.br\/blog\/#organization"},"image":{"@id":"https:\/\/www.oitchau.com.br\/blog\/diversidade-e-inclusao\/#primaryimage"},"thumbnailUrl":"https:\/\/storage.googleapis.com\/oitchaublog\/2024\/01\/19992aaf-diversidade-e-inclusao.png","articleSection":["Gest\u00e3o de Pessoas"],"inLanguage":"pt-BR"},{"@type":"WebPage","@id":"https:\/\/www.oitchau.com.br\/blog\/diversidade-e-inclusao\/","url":"https:\/\/www.oitchau.com.br\/blog\/diversidade-e-inclusao\/","name":"Diversidade e inclus\u00e3o: o que s\u00e3o, quais as diferen\u00e7as e como promover na empresa | Oitchau","isPartOf":{"@id":"https:\/\/www.oitchau.com.br\/blog\/#website"},"primaryImageOfPage":{"@id":"https:\/\/www.oitchau.com.br\/blog\/diversidade-e-inclusao\/#primaryimage"},"image":{"@id":"https:\/\/www.oitchau.com.br\/blog\/diversidade-e-inclusao\/#primaryimage"},"thumbnailUrl":"https:\/\/storage.googleapis.com\/oitchaublog\/2024\/01\/19992aaf-diversidade-e-inclusao.png","datePublished":"2024-01-23T13:07:03+00:00","dateModified":"2024-01-23T13:07:03+00:00","description":"Entenda o impacto das estrat\u00e9gias de diversidade e inclus\u00e3o nas empresas, saiba as diferen\u00e7as entre os termos e confira a\u00e7\u00f5es para promover essa cultura!","breadcrumb":{"@id":"https:\/\/www.oitchau.com.br\/blog\/diversidade-e-inclusao\/#breadcrumb"},"inLanguage":"pt-BR","potentialAction":[{"@type":"ReadAction","target":["https:\/\/www.oitchau.com.br\/blog\/diversidade-e-inclusao\/"]}]},{"@type":"ImageObject","inLanguage":"pt-BR","@id":"https:\/\/www.oitchau.com.br\/blog\/diversidade-e-inclusao\/#primaryimage","url":"https:\/\/storage.googleapis.com\/oitchaublog\/2024\/01\/19992aaf-diversidade-e-inclusao.png","contentUrl":"https:\/\/storage.googleapis.com\/oitchaublog\/2024\/01\/19992aaf-diversidade-e-inclusao.png","width":1982,"height":800,"caption":"Ilustra\u00e7\u00e3o diversidade e inclus\u00e3o"},{"@type":"BreadcrumbList","@id":"https:\/\/www.oitchau.com.br\/blog\/diversidade-e-inclusao\/#breadcrumb","itemListElement":[{"@type":"ListItem","position":1,"name":"Blog","item":"https:\/\/www.oitchau.com.br\/blog\/"},{"@type":"ListItem","position":2,"name":"Diversidade e inclus\u00e3o: o que s\u00e3o, quais as diferen\u00e7as e como promover na empresa"}]},{"@type":"WebSite","@id":"https:\/\/www.oitchau.com.br\/blog\/#website","url":"https:\/\/www.oitchau.com.br\/blog\/","name":"Controle de Ponto & Timesheets","description":"","publisher":{"@id":"https:\/\/www.oitchau.com.br\/blog\/#organization"},"potentialAction":[{"@type":"SearchAction","target":{"@type":"EntryPoint","urlTemplate":"https:\/\/www.oitchau.com.br\/blog\/?s={search_term_string}"},"query-input":"required name=search_term_string"}],"inLanguage":"pt-BR"},{"@type":"Organization","@id":"https:\/\/www.oitchau.com.br\/blog\/#organization","name":"Oitchau","url":"https:\/\/www.oitchau.com.br\/blog\/","logo":{"@type":"ImageObject","inLanguage":"pt-BR","@id":"https:\/\/www.oitchau.com.br\/blog\/#\/schema\/logo\/image\/","url":"https:\/\/storage.googleapis.com\/oitchaublog\/2024\/03\/a0e65c6f-design-sem-nome-20.png","contentUrl":"https:\/\/storage.googleapis.com\/oitchaublog\/2024\/03\/a0e65c6f-design-sem-nome-20.png","width":696,"height":696,"caption":"Oitchau"},"image":{"@id":"https:\/\/www.oitchau.com.br\/blog\/#\/schema\/logo\/image\/"},"sameAs":["https:\/\/www.facebook.com\/oitchaubr\/","https:\/\/twitter.com\/oitchaubr","https:\/\/instagram.com\/oitchaubr"],"description":"A Oitchau \u00e9 uma solu\u00e7\u00e3o completa para gest\u00e3o de tempo dos colaboradores, atrav\u00e9s de suas solu\u00e7\u00f5es de controle de ponto & timesheets, ela permite que gestores, RH e DP possam gerenciar desde a jornada de trabalho de funcion\u00e1rios at\u00e9 a gest\u00e3o de tempo em projetos. Elevando o n\u00edvel estrat\u00e9gico do neg\u00f3cio de forma inteligente e assertiva, potencializando seus resultados e garantindo compliance com a Lei.","email":"contato@oitchau.com.br","telephone":"+551142102846","foundingDate":"2016-01-01","numberOfEmployees":{"@type":"QuantitativeValue","minValue":"51","maxValue":"200"}},{"@type":"Person","@id":"https:\/\/www.oitchau.com.br\/blog\/#\/schema\/person\/1041f3bd0e2490b50b5bee5d0fb9b533","name":"Amanda Laranjeira","url":"https:\/\/www.oitchau.com.br\/blog\/author\/amanda\/"}]}},"_links":{"self":[{"href":"https:\/\/www.oitchau.com.br\/blog\/wp-json\/wp\/v2\/posts\/32769"}],"collection":[{"href":"https:\/\/www.oitchau.com.br\/blog\/wp-json\/wp\/v2\/posts"}],"about":[{"href":"https:\/\/www.oitchau.com.br\/blog\/wp-json\/wp\/v2\/types\/post"}],"author":[{"embeddable":true,"href":"https:\/\/www.oitchau.com.br\/blog\/wp-json\/wp\/v2\/users\/24"}],"replies":[{"embeddable":true,"href":"https:\/\/www.oitchau.com.br\/blog\/wp-json\/wp\/v2\/comments?post=32769"}],"version-history":[{"count":1,"href":"https:\/\/www.oitchau.com.br\/blog\/wp-json\/wp\/v2\/posts\/32769\/revisions"}],"predecessor-version":[{"id":32775,"href":"https:\/\/www.oitchau.com.br\/blog\/wp-json\/wp\/v2\/posts\/32769\/revisions\/32775"}],"wp:featuredmedia":[{"embeddable":true,"href":"https:\/\/www.oitchau.com.br\/blog\/wp-json\/wp\/v2\/media\/32774"}],"wp:attachment":[{"href":"https:\/\/www.oitchau.com.br\/blog\/wp-json\/wp\/v2\/media?parent=32769"}],"wp:term":[{"taxonomy":"category","embeddable":true,"href":"https:\/\/www.oitchau.com.br\/blog\/wp-json\/wp\/v2\/categories?post=32769"},{"taxonomy":"post_tag","embeddable":true,"href":"https:\/\/www.oitchau.com.br\/blog\/wp-json\/wp\/v2\/tags?post=32769"}],"curies":[{"name":"wp","href":"https:\/\/api.w.org\/{rel}","templated":true}]}}