{"id":32478,"date":"2023-12-01T03:50:50","date_gmt":"2023-12-01T00:50:50","guid":{"rendered":"https:\/\/www.oitchau.com.br\/blog\/?p=32478"},"modified":"2024-03-18T21:23:27","modified_gmt":"2024-03-18T18:23:27","slug":"substituicao-da-dirf-pelo-esocial","status":"publish","type":"post","link":"https:\/\/www.oitchau.com.br\/blog\/substituicao-da-dirf-pelo-esocial\/","title":{"rendered":"Substitui\u00e7\u00e3o da DIRF pelo eSocial: como vai funcionar?"},"content":{"rendered":"<p><span style=\"font-weight: 400;\">A DIRF tem desempenhado um papel crucial nas obriga\u00e7\u00f5es tribut\u00e1rias acess\u00f3rias no Brasil, sendo uma declara\u00e7\u00e3o essencial para pessoas jur\u00eddicas e f\u00edsicas que realizam pagamentos sujeitos \u00e0 reten\u00e7\u00e3o do Imposto de Renda na Fonte (IRRF).\u00a0<\/span><\/p>\n<p><span style=\"font-weight: 400;\">Contudo, o cen\u00e1rio est\u00e1 prestes a passar por uma transforma\u00e7\u00e3o significativa com a transi\u00e7\u00e3o da declara\u00e7\u00e3o para o eSocial, gerando um impacto nas rotinas de DP.<\/span><\/p>\n<p><span style=\"font-weight: 400;\">Quer saber mais sobre como vai funcionar a substitui\u00e7\u00e3o? Acompanhe o artigo!<\/span><\/p>\n<ul>\n<li><a href=\"https:\/\/www.oitchau.com.br\/blog\/substituicao-da-dirf-pelo-esocial\/#:~:text=a%20DIRF%202024%3F-,O%20que%20%C3%A9%20a%20DIRF%3F,-A%20DIRF%20(Declara%C3%A7%C3%A3o\"><span style=\"font-weight: 400;\">O que \u00e9 a DIRF?<\/span><\/a><\/li>\n<li><a href=\"https:\/\/www.oitchau.com.br\/blog\/substituicao-da-dirf-pelo-esocial\/#:~:text=pens%C3%A3o%2C%20entre%20outros.-,O%20que%20%C3%A9%20o%20eSocial%3F,-O%20eSocial%20%C3%A9\"><span style=\"font-weight: 400;\">O que \u00e9 o eSocial?<\/span><\/a><\/li>\n<li><a href=\"https:\/\/www.oitchau.com.br\/blog\/substituicao-da-dirf-pelo-esocial\/#:~:text=para%20as%20empresas.-,Quem%20envia%20eSocial%20precisa%20enviar%20DIRF%3F,-Antes%2C%20sim!\"><span style=\"font-weight: 400;\">Quem envia eSocial precisa enviar DIRF?<\/span><\/a><\/li>\n<li><a href=\"https:\/\/www.oitchau.com.br\/blog\/substituicao-da-dirf-pelo-esocial\/#:~:text=privada%2C%20entre%20outros.-,Substitui%C3%A7%C3%A3o%20da%20DIRF%20pelo%20eSocial%3A%20vai%20acabar%20a%20DIRF%3F,-Sim%2C%20a%20Declara%C3%A7%C3%A3o\"><span style=\"font-weight: 400;\">Substitui\u00e7\u00e3o da DIRF pelo eSocial: vai acabar a DIRF?<\/span><\/a><\/li>\n<li><a href=\"https:\/\/www.oitchau.com.br\/blog\/substituicao-da-dirf-pelo-esocial\/#:~:text=outras%20obriga%C3%A7%C3%B5es%20acess%C3%B3rias.-,Qual%20o%20objetivo%20da%20substitui%C3%A7%C3%A3o%20da%20DIRF%20pelo%20eSocial%3F,-O%20objetivo%20dessa\"><span style=\"font-weight: 400;\">Qual o objetivo da substitui\u00e7\u00e3o da DIRF pelo eSocial?<\/span><\/a><\/li>\n<li><a href=\"https:\/\/www.oitchau.com.br\/blog\/substituicao-da-dirf-pelo-esocial\/#:~:text=para%20as%20empresas.-,Quando%20a%20DIRF%20ser%C3%A1%20substitu%C3%ADda%20pelo%20eSocial%3F,-A%20Declara%C3%A7%C3%A3o%20do\"><span style=\"font-weight: 400;\">Quando a DIRF ser\u00e1 substitu\u00edda pelo eSocial?<\/span><\/a><\/li>\n<li><a href=\"https:\/\/www.oitchau.com.br\/blog\/substituicao-da-dirf-pelo-esocial\/#:~:text=partir%20de%202025.-,Quais%20as%20vantagens%20da%20substitui%C3%A7%C3%A3o%20da%20DIRF%20pelo%20eSocial%3F,-A%20substitui%C3%A7%C3%A3o%20da\"><span style=\"font-weight: 400;\">Quais as vantagens da substitui\u00e7\u00e3o da DIRF pelo eSocial?<\/span><\/a>\n<ul>\n<li><a href=\"https:\/\/www.oitchau.com.br\/blog\/substituicao-da-dirf-pelo-esocial\/#:~:text=v%C3%A1rias%20vantagens%2C%20incluindo%3A-,Simplifica%C3%A7%C3%A3o%20do%20cumprimento%20das%20obriga%C3%A7%C3%B5es%20da%20empresa%20com%20o%20governo,-Com%20a%20substitui%C3%A7%C3%A3o\"><span style=\"font-weight: 400;\">Simplifica\u00e7\u00e3o do cumprimento das obriga\u00e7\u00f5es da empresa com o governo<\/span><\/a><\/li>\n<li><a href=\"https:\/\/www.oitchau.com.br\/blog\/substituicao-da-dirf-pelo-esocial\/#:~:text=um%20%C3%BAnico%20documento.-,Elimina%C3%A7%C3%A3o%20da%20redund%C3%A2ncia%20e%20aprimoramento%20da%20qualidade%20das%20informa%C3%A7%C3%B5es%20prestadas,-O%20eSocial%20visa\"><span style=\"font-weight: 400;\">Elimina\u00e7\u00e3o da redund\u00e2ncia e aprimoramento da qualidade das informa\u00e7\u00f5es prestadas<\/span><\/a><\/li>\n<li><a href=\"https:\/\/www.oitchau.com.br\/blog\/substituicao-da-dirf-pelo-esocial\/#:~:text=DIRF.-,Viabiliza%C3%A7%C3%A3o%20da%20garantia%20de%20direitos%20previdenci%C3%A1rios%20e%20trabalhistas,-O%20eSocial%20tamb%C3%A9m\"><span style=\"font-weight: 400;\">Viabiliza\u00e7\u00e3o da garantia de direitos previdenci\u00e1rios e trabalhistas<\/span><\/a><\/li>\n<\/ul>\n<\/li>\n<li><a href=\"https:\/\/www.oitchau.com.br\/blog\/substituicao-da-dirf-pelo-esocial\/#:~:text=previdenci%C3%A1rios%20e%20trabalhistas-,Quais%20s%C3%A3o%20as%20principais%20mudan%C3%A7as%20previstas%20com%20o%20fim%20da%20DIRF%3F,-As%20principais%20mudan%C3%A7as\"><span style=\"font-weight: 400;\">Quais s\u00e3o as principais mudan\u00e7as previstas com o fim da DIRF?<\/span><\/a><\/li>\n<li><a href=\"https:\/\/www.oitchau.com.br\/blog\/substituicao-da-dirf-pelo-esocial\/#:~:text=%C3%A0%20Receita%20Federal.-,Como%20o%20RH%20pode%20se%20preparar%20para%20essa%20mudan%C3%A7a%3F,-O%20RH%20pode\"><span style=\"font-weight: 400;\">Como o RH pode se preparar para essa mudan\u00e7a?<\/span><\/a>\n<ul>\n<li><a href=\"https:\/\/www.oitchau.com.br\/blog\/substituicao-da-dirf-pelo-esocial\/#:~:text=Veja%20a%20seguir!-,Capacita%C3%A7%C3%A3o%20dos%20colaboradores,-%C3%89%20importante%20que\"><span style=\"font-weight: 400;\">Capacita\u00e7\u00e3o dos colaboradores<\/span><\/a><\/li>\n<li><a href=\"https:\/\/www.oitchau.com.br\/blog\/substituicao-da-dirf-pelo-esocial\/#:~:text=com%20menos%20risco.-,Entendimento%20das%20mudan%C3%A7as,-%C3%89%20crucial%20entender\"><span style=\"font-weight: 400;\">Entendimento das mudan\u00e7as<\/span><\/a><\/li>\n<li><a href=\"https:\/\/www.oitchau.com.br\/blog\/substituicao-da-dirf-pelo-esocial\/#:~:text=fim%20da%20DIRF.-,Prepara%C3%A7%C3%A3o%20para%20a%20entrega%20mensal%20de%20informa%C3%A7%C3%B5es,-Com%20a%20substitui%C3%A7%C3%A3o\"><span style=\"font-weight: 400;\">Prepara\u00e7\u00e3o para a entrega mensal de informa\u00e7\u00f5es<\/span><\/a><\/li>\n<li><a href=\"https:\/\/www.oitchau.com.br\/blog\/substituicao-da-dirf-pelo-esocial\/#:~:text=essa%20nova%20rotina.-,Uso%20de%20tecnologia,-A%20tecnologia%20pode\"><span style=\"font-weight: 400;\">Uso de tecnologia<\/span><\/a><\/li>\n<\/ul>\n<\/li>\n<li><a href=\"https:\/\/www.oitchau.com.br\/blog\/substituicao-da-dirf-pelo-esocial\/#:~:text=sejam%20enviadas%20corretamente-,Como%20fica%20a%20DIRF%202024%3F,-Com%20a%20publica%C3%A7%C3%A3o\"><span style=\"font-weight: 400;\">Como fica a DIRF 2024?<\/span><\/a><\/li>\n<\/ul>\n<h2><b>O que \u00e9 a DIRF?<\/b><\/h2>\n<p><span style=\"font-weight: 400;\">A<\/span><a href=\"https:\/\/www.oitchau.com.br\/blog\/dirf\/\"> <span style=\"font-weight: 400;\">DIRF<\/span><\/a><span style=\"font-weight: 400;\"> (Declara\u00e7\u00e3o do Imposto de Renda Retido na Fonte) \u00e9 uma obriga\u00e7\u00e3o tribut\u00e1ria acess\u00f3ria.\u00a0<\/span><\/p>\n<p><span style=\"font-weight: 400;\">Assim, ela consiste em uma declara\u00e7\u00e3o feita por pessoas jur\u00eddicas e f\u00edsicas que pagaram ou creditaram rendimentos sobre os quais tenha incidido reten\u00e7\u00e3o do Imposto de Renda na Fonte (IRRF), mesmo que em um \u00fanico m\u00eas do ano-calend\u00e1rio anterior.<\/span><\/p>\n<p><span style=\"font-weight: 400;\">O principal objetivo da DIRF \u00e9 fornecer \u00e0 Receita Federal informa\u00e7\u00f5es sobre os valores retidos na fonte, possibilitando o cruzamento de dados e a verifica\u00e7\u00e3o da consist\u00eancia das informa\u00e7\u00f5es prestadas pelos contribuintes.\u00a0<\/span><\/p>\n<p><span style=\"font-weight: 400;\">Essa declara\u00e7\u00e3o \u00e9 fundamental para o controle fiscal e para garantir que a tributa\u00e7\u00e3o sobre os rendimentos esteja correta.<\/span><\/p>\n<p><span style=\"font-weight: 400;\">Dessa forma, as informa\u00e7\u00f5es contidas na DIRF incluem dados sobre pagamentos efetuados a pessoas f\u00edsicas, como:<\/span><\/p>\n<ul>\n<li style=\"font-weight: 400;\" aria-level=\"1\"><span style=\"font-weight: 400;\">Sal\u00e1rios;<\/span><\/li>\n<li style=\"font-weight: 400;\" aria-level=\"1\"><span style=\"font-weight: 400;\">Honor\u00e1rios;<\/span><\/li>\n<li style=\"font-weight: 400;\" aria-level=\"1\"><a href=\"https:\/\/www.oitchau.com.br\/blog\/como-calcular-comissao-de-colaboradores\/\"><span style=\"font-weight: 400;\">Comiss\u00f5es<\/span><\/a><span style=\"font-weight: 400;\">;<\/span><\/li>\n<li style=\"font-weight: 400;\" aria-level=\"1\"><span style=\"font-weight: 400;\">Alugueis.<\/span><\/li>\n<\/ul>\n<p><span style=\"font-weight: 400;\">E todos esses valores houveram reten\u00e7\u00e3o de Imposto de Renda na Fonte.\u00a0<\/span><\/p>\n<p><span style=\"font-weight: 400;\">Al\u00e9m disso, a DIRF tamb\u00e9m abrange informa\u00e7\u00f5es sobre pagamentos a planos de assist\u00eancia \u00e0 sa\u00fade, contribui\u00e7\u00f5es a entidades de previd\u00eancia privada, benefici\u00e1rios de pens\u00e3o, entre outros.<\/span><\/p>\n<h2><b>O que \u00e9 o eSocial?<\/b><\/h2>\n<p><span style=\"font-weight: 400;\">O<\/span><a href=\"https:\/\/www.oitchau.com.br\/blog\/o-sistema-esocial-e-suas-vantagens\/\"> <span style=\"font-weight: 400;\">eSocial<\/span><\/a><span style=\"font-weight: 400;\"> \u00e9 um sistema do governo federal do Brasil que tem como objetivo unificar o envio de informa\u00e7\u00f5es fiscais, previdenci\u00e1rias e trabalhistas relacionadas aos trabalhadores das empresas.\u00a0<\/span><\/p>\n<p><span style=\"font-weight: 400;\">Ele integra diversos \u00f3rg\u00e3os governamentais, como a Receita Federal, o Minist\u00e9rio do Trabalho, o Instituto Nacional do Seguro Social (<\/span><a href=\"https:\/\/www.oitchau.com.br\/blog\/inss-tudo-sobre\/\"><span style=\"font-weight: 400;\">INSS<\/span><\/a><span style=\"font-weight: 400;\">) e a Caixa Econ\u00f4mica Federal.<\/span><\/p>\n<p><span style=\"font-weight: 400;\">A principal proposta do eSocial \u00e9 simplificar e modernizar o cumprimento das obriga\u00e7\u00f5es fiscais, previdenci\u00e1rias e trabalhistas por parte das empresas, eliminando redund\u00e2ncias e facilitando o acesso do governo a informa\u00e7\u00f5es mais precisas e em tempo real.\u00a0<\/span><\/p>\n<p><span style=\"font-weight: 400;\">Por meio do eSocial, as empresas devem prestar informa\u00e7\u00f5es sobre seus funcion\u00e1rios, como admiss\u00f5es, demiss\u00f5es, folha de pagamento, horas extras, afastamentos, f\u00e9rias, entre outros eventos trabalhistas.<\/span><\/p>\n<p><span style=\"font-weight: 400;\">O sistema tem como benef\u00edcios a redu\u00e7\u00e3o da burocracia, a elimina\u00e7\u00e3o da necessidade de diversas declara\u00e7\u00f5es separadas e a facilita\u00e7\u00e3o no acompanhamento e fiscaliza\u00e7\u00e3o das obriga\u00e7\u00f5es tribut\u00e1rias e trabalhistas.\u00a0<\/span><\/p>\n<p><span style=\"font-weight: 400;\">Para as empresas, o eSocial representa uma mudan\u00e7a significativa na forma como lidam com as informa\u00e7\u00f5es relacionadas aos seus colaboradores.<\/span><\/p>\n<p><span style=\"font-weight: 400;\">\u00c9 importante ressaltar que o eSocial \u00e9 obrigat\u00f3rio para empresas de todos os portes, incluindo microempresas e empresas de pequeno porte, e sua implementa\u00e7\u00e3o ocorre em fases, de acordo com o cronograma estabelecido pelas autoridades.\u00a0<\/span><\/p>\n<p><span style=\"font-weight: 400;\">Assim, a n\u00e3o conformidade com as exig\u00eancias do eSocial pode resultar em penalidades e multas para as empresas.<\/span><\/p>\n<h2><b>Quem envia eSocial precisa enviar DIRF?<\/b><\/h2>\n<p><span style=\"font-weight: 400;\">Antes, sim!<\/span><\/p>\n<p><span style=\"font-weight: 400;\">As empresas que utilizam o eSocial para o envio das informa\u00e7\u00f5es trabalhistas, previdenci\u00e1rias e fiscais ainda precisavam enviar a DIRF (Declara\u00e7\u00e3o do Imposto de Renda Retido na Fonte).\u00a0<\/span><\/p>\n<p><span style=\"font-weight: 400;\">O eSocial e a DIRF s\u00e3o obriga\u00e7\u00f5es tribut\u00e1rias distintas, e ambas s\u00e3o parte do conjunto de normas e sistemas implementados pelo governo brasileiro para a gest\u00e3o e fiscaliza\u00e7\u00e3o das rela\u00e7\u00f5es de trabalho.<\/span><\/p>\n<p><span style=\"font-weight: 400;\">O eSocial concentra informa\u00e7\u00f5es detalhadas sobre os trabalhadores, abrangendo eventos como admiss\u00f5es, demiss\u00f5es, folha de pagamento, f\u00e9rias, entre outros.\u00a0<\/span><\/p>\n<p><span style=\"font-weight: 400;\">Ele visa facilitar a presta\u00e7\u00e3o de informa\u00e7\u00f5es ao governo de forma unificada e simplificada.<\/span><\/p>\n<p><span style=\"font-weight: 400;\">Por outro lado, a DIRF era uma declara\u00e7\u00e3o espec\u00edfica relacionada ao Imposto de Renda Retido na Fonte (IRRF).\u00a0<\/span><\/p>\n<p><span style=\"font-weight: 400;\">A DIRF tamb\u00e9m incluia informa\u00e7\u00f5es sobre valores retidos e repassados a planos de sa\u00fade, entidades de previd\u00eancia privada, entre outros.<\/span><\/p>\n<h2><b>Substitui\u00e7\u00e3o da DIRF pelo eSocial: vai acabar a DIRF?<\/b><\/h2>\n<p><span style=\"font-weight: 400;\">Sim, a Declara\u00e7\u00e3o do Imposto sobre a Renda Retido na Fonte (DIRF) ser\u00e1 extinta a partir de 2025.\u00a0<\/span><\/p>\n<p><span style=\"font-weight: 400;\">Isso significa que a DIRF de 2023, 2024 e 2025 ainda ser\u00e1 feita por meio do programa, mas a DIRF de 2026 em diante, referente ao calend\u00e1rio de 2025, ser\u00e1 feita por meio do envio de informa\u00e7\u00f5es ao eSocial\/EFD-Reinf.\u00a0<\/span><\/p>\n<p><span style=\"font-weight: 400;\">Essa mudan\u00e7a \u00e9 parte de um esfor\u00e7o para desburocratizar a rotina do Departamento Pessoal e centralizar as informa\u00e7\u00f5es que antes estavam dispersas na entrega de diversas outras obriga\u00e7\u00f5es acess\u00f3rias.<\/span><\/p>\n<h2><b>Qual o objetivo da substitui\u00e7\u00e3o da DIRF pelo eSocial?<\/b><\/h2>\n<p><span style=\"font-weight: 400;\">O objetivo dessa mudan\u00e7a, segundo o governo, \u00e9 simplificar e agilizar o processo de presta\u00e7\u00e3o de informa\u00e7\u00f5es sobre rendimentos pagos e reten\u00e7\u00f5es de tributos, trazendo benef\u00edcios para as empresas.<\/span><\/p>\n<h2><b>Quando a DIRF ser\u00e1 substitu\u00edda pelo eSocial?<\/b><\/h2>\n<p><span style=\"font-weight: 400;\">A Declara\u00e7\u00e3o do Imposto de Renda Retido na Fonte (DIRF) ser\u00e1 substitu\u00edda pelo eSocial para os fatos geradores ocorridos a partir de 2025.\u00a0<\/span><\/p>\n<p><span style=\"font-weight: 400;\">\n\t\t<!--HubSpot Call-to-Action Code -->\n\t\t<span class=\"hs-cta-wrapper\" id=\"hs-cta-wrapper-959cb07d-ca53-460c-a412-b4c81d2c1122\">\n\t\t<span class=\"hs-cta-node hs-cta-959cb07d-ca53-460c-a412-b4c81d2c1122\" id=\"959cb07d-ca53-460c-a412-b4c81d2c1122\">\n\t\t<!--[if lte IE 8]>\n\t\t<div id=\"hs-cta-ie-element\"><\/div>\n\t\t<![endif]-->\n\t\t<a href=\"https:\/\/cta-redirect.hubspot.com\/cta\/redirect\/20984162\/959cb07d-ca53-460c-a412-b4c81d2c1122\" >\n\t\t<img decoding=\"async\" class=\"hs-cta-img\" id=\"hs-cta-img-959cb07d-ca53-460c-a412-b4c81d2c1122\" style=\"border-width:0px;\" src=\"https:\/\/no-cache.hubspot.com\/cta\/default\/20984162\/959cb07d-ca53-460c-a412-b4c81d2c1122.png\"  alt=\"New call-to-action\"\/>\n\t\t<\/a>\n\t\t<\/span>\n\t\t<script charset=\"utf-8\" src=\"\/\/js.hubspot.com\/cta\/current.js\"><\/script>\n\t\t<script>\n\t\thbspt.cta.load(20984162, '959cb07d-ca53-460c-a412-b4c81d2c1122', {});\n\t\t<\/script>\n\t\t<\/span>\n\t\t<!-- end HubSpot Call-to-Action Code -->\n\t\t<\/span><\/p>\n<h2><b>Quais as vantagens da substitui\u00e7\u00e3o da DIRF pelo eSocial?<\/b><\/h2>\n<p><span style=\"font-weight: 400;\">A substitui\u00e7\u00e3o da DIRF pelo eSocial traz v\u00e1rias vantagens, incluindo:<\/span><\/p>\n<h3><b>Simplifica\u00e7\u00e3o do cumprimento das obriga\u00e7\u00f5es da empresa com o governo<\/b><\/h3>\n<p><span style=\"font-weight: 400;\">Com a substitui\u00e7\u00e3o da DIRF pelo eSocial, o governo tem o objetivo de oferecer mais praticidade e centralizar a presta\u00e7\u00e3o de informa\u00e7\u00f5es \u00e0 Receita Federal.\u00a0<\/span><\/p>\n<p><span style=\"font-weight: 400;\">Assim, a mudan\u00e7a faz com que as empresas a passem a prestar as informa\u00e7\u00f5es sobre a reten\u00e7\u00e3o do IR e das contribui\u00e7\u00f5es previdenci\u00e1rias em um \u00fanico documento.<\/span><\/p>\n<h3><b>Elimina\u00e7\u00e3o da redund\u00e2ncia e aprimoramento da qualidade das informa\u00e7\u00f5es prestadas<\/b><\/h3>\n<p><span style=\"font-weight: 400;\">O eSocial visa eliminar a redund\u00e2ncia e melhorar a qualidade das informa\u00e7\u00f5es prestadas.<\/span><\/p>\n<p><span style=\"font-weight: 400;\">Substitui\u00e7\u00e3o da entrega de formul\u00e1rios e declara\u00e7\u00f5es<\/span><\/p>\n<p><span style=\"font-weight: 400;\">O eSocial substituir\u00e1 a entrega de formul\u00e1rios e declara\u00e7\u00f5es, como:<\/span><\/p>\n<ul>\n<li style=\"font-weight: 400;\" aria-level=\"1\"><span style=\"font-weight: 400;\">GFIP;<\/span><\/li>\n<li style=\"font-weight: 400;\" aria-level=\"1\"><span style=\"font-weight: 400;\">RAIS;<\/span><\/li>\n<li style=\"font-weight: 400;\" aria-level=\"1\"><span style=\"font-weight: 400;\">CAGED;<\/span><\/li>\n<li style=\"font-weight: 400;\" aria-level=\"1\"><span style=\"font-weight: 400;\">DIRF.<\/span><\/li>\n<\/ul>\n<h3><b>Viabiliza\u00e7\u00e3o da garantia de direitos previdenci\u00e1rios e trabalhistas<\/b><\/h3>\n<p><span style=\"font-weight: 400;\">O eSocial tamb\u00e9m visa viabilizar a garantia de direitos previdenci\u00e1rios e trabalhistas.<\/span><\/p>\n<h2><b>Quais s\u00e3o as principais mudan\u00e7as previstas com o fim da DIRF?<\/b><\/h2>\n<p><span style=\"font-weight: 400;\">As principais mudan\u00e7as previstas com o fim da DIRF s\u00e3o:<\/span><\/p>\n<ul>\n<li style=\"font-weight: 400;\" aria-level=\"1\"><b>Frequ\u00eancia de declara\u00e7\u00e3o<\/b><span style=\"font-weight: 400;\">: a declara\u00e7\u00e3o passa a ser apresentada de forma mensal, ao inv\u00e9s de anualmente, tornando esta uma obriga\u00e7\u00e3o ainda mais frequente na rotina do RH;<\/span><\/li>\n<li style=\"font-weight: 400;\" aria-level=\"1\"><b>M\u00e9todo de apresenta\u00e7\u00e3o<\/b><span style=\"font-weight: 400;\">: as informa\u00e7\u00f5es ser\u00e3o prestadas exclusivamente por meio do eSocial, centralizando todo o envio e documenta\u00e7\u00e3o;<\/span><\/li>\n<li style=\"font-weight: 400;\" aria-level=\"1\"><b>Fiscaliza\u00e7\u00e3o<\/b><span style=\"font-weight: 400;\">: ser\u00e1 feita por meio do cruzamento de informa\u00e7\u00f5es apresentadas na EFD-Reinf e no eSocial.<\/span><\/li>\n<\/ul>\n<p><span style=\"font-weight: 400;\">Essas mudan\u00e7as visam simplificar e centralizar a presta\u00e7\u00e3o de informa\u00e7\u00f5es \u00e0 Receita Federal.<\/span><\/p>\n<h2><b>Como o RH pode se preparar para essa mudan\u00e7a?<\/b><\/h2>\n<p><span style=\"font-weight: 400;\">O RH pode se preparar para a substitui\u00e7\u00e3o da DIRF pelo eSocial de v\u00e1rias maneiras.\u00a0<\/span><\/p>\n<p><span style=\"font-weight: 400;\">Veja a seguir!<\/span><\/p>\n<h3><b>Capacita\u00e7\u00e3o dos colaboradores<\/b><\/h3>\n<p><span style=\"font-weight: 400;\">\u00c9 importante que os colaboradores sejam treinados para esse novo modelo de presta\u00e7\u00e3o de informa\u00e7\u00e3o.\u00a0<\/span><\/p>\n<p><span style=\"font-weight: 400;\">Assim, com a capacita\u00e7\u00e3o e a escolha dos profissionais que est\u00e3o habilitados para esse novo modelo, \u00e9 poss\u00edvel se adequar \u00e0s novas demandas com menos risco.<\/span><\/p>\n<h3><b>Entendimento das mudan\u00e7as<\/b><\/h3>\n<p><span style=\"font-weight: 400;\">\u00c9 crucial entender as mudan\u00e7as que est\u00e3o ocorrendo e como elas afetar\u00e3o a rotina do RH.\u00a0<\/span><\/p>\n<p><span style=\"font-weight: 400;\">Isso inclui compreender o que \u00e9 a DIRF, porque ela est\u00e1 sendo substitu\u00edda e quais s\u00e3o as principais mudan\u00e7as previstas com o fim da DIRF.<\/span><\/p>\n<h3><b>Prepara\u00e7\u00e3o para a entrega mensal de informa\u00e7\u00f5es<\/b><\/h3>\n<p><span style=\"font-weight: 400;\">Com a substitui\u00e7\u00e3o da DIRF pelo eSocial, as declara\u00e7\u00f5es passar\u00e3o a ser feitas mensalmente.\u00a0<\/span><\/p>\n<p><span style=\"font-weight: 400;\">Portanto, o RH deve se preparar para essa nova rotina.<\/span><\/p>\n<h3><b>Uso de tecnologia<\/b><\/h3>\n<p><span style=\"font-weight: 400;\">A tecnologia pode ser uma grande aliada nesse processo.\u00a0<\/span><\/p>\n<p><span style=\"font-weight: 400;\">Assim, existem sistemas completos de RH que podem ajudar a gerenciar essas mudan\u00e7as e garantir que as informa\u00e7\u00f5es sejam enviadas corretamente<\/span><\/p>\n<h2><b>Como fica a DIRF 2024?<\/b><\/h2>\n<p><span style=\"font-weight: 400;\">Com a publica\u00e7\u00e3o da Instru\u00e7\u00e3o Normativa (IN) 2.181\/2024 pela Receita Federal do Brasil, a entrega da Declara\u00e7\u00e3o do Imposto sobre a Renda Retido na Fonte (DIRF) referente ao ano de 2024 foi prorrogada para 2025.\u00a0<\/span><\/p>\n<p><span style=\"font-weight: 400;\">Isso significa que, para a DIRF 2024, os contribuintes e as empresas ter\u00e3o um prazo estendido para cumprir essa obriga\u00e7\u00e3o fiscal.<\/span><\/p>\n<p><span style=\"font-weight: 400;\">Quer saber sobre mais temas como este? Acompanhe o<\/span><a href=\"https:\/\/www.oitchau.com.br\/blog,\"><span style=\"font-weight: 400;\"> blog da Oitchau<\/span><\/a><span style=\"font-weight: 400;\">!<\/span><\/p>\n","protected":false},"excerpt":{"rendered":"<p>A DIRF tem desempenhado um papel crucial nas obriga\u00e7\u00f5es tribut\u00e1rias acess\u00f3rias no Brasil, sendo uma declara\u00e7\u00e3o essencial para pessoas jur\u00eddicas e f\u00edsicas que realizam pagamentos sujeitos \u00e0 reten\u00e7\u00e3o do Imposto de Renda na Fonte (IRRF).\u00a0 Contudo, o cen\u00e1rio est\u00e1 prestes a passar por uma transforma\u00e7\u00e3o significativa com a transi\u00e7\u00e3o da declara\u00e7\u00e3o para o eSocial, gerando [&hellip;]<\/p>\n","protected":false},"author":24,"featured_media":32481,"comment_status":"closed","ping_status":"open","sticky":false,"template":"","format":"standard","meta":{"content-type":"","footnotes":""},"categories":[17710],"tags":[],"yoast_head":"<!-- This site is optimized with the Yoast SEO Premium plugin v22.2 (Yoast SEO v22.2) - https:\/\/yoast.com\/wordpress\/plugins\/seo\/ -->\n<title>Substitui\u00e7\u00e3o da DIRF pelo eSocial: como vai funcionar? | Oitchau<\/title>\n<meta name=\"description\" content=\"Entenda o que \u00e9 a substitui\u00e7\u00e3o da DIRF pelo eSocial, quais os objetivos e como vai funcionar o processo de transi\u00e7\u00e3o no sistema e nas rotinas de RH.\" \/>\n<meta name=\"robots\" content=\"index, follow, max-snippet:-1, max-image-preview:large, max-video-preview:-1\" \/>\n<link rel=\"canonical\" href=\"https:\/\/www.oitchau.com.br\/blog\/substituicao-da-dirf-pelo-esocial\/\" \/>\n<meta property=\"og:locale\" content=\"pt_BR\" \/>\n<meta property=\"og:type\" content=\"article\" \/>\n<meta property=\"og:title\" content=\"Substitui\u00e7\u00e3o da DIRF pelo eSocial: como vai funcionar?\" \/>\n<meta property=\"og:description\" content=\"Entenda o que \u00e9 a substitui\u00e7\u00e3o da DIRF pelo eSocial, quais os objetivos e como vai funcionar o processo de transi\u00e7\u00e3o no sistema e nas rotinas de RH.\" \/>\n<meta property=\"og:url\" content=\"https:\/\/www.oitchau.com.br\/blog\/substituicao-da-dirf-pelo-esocial\/\" \/>\n<meta property=\"og:site_name\" content=\"Controle de Ponto &amp; Timesheets\" \/>\n<meta property=\"article:publisher\" content=\"https:\/\/www.facebook.com\/oitchaubr\/\" \/>\n<meta property=\"article:published_time\" content=\"2023-12-01T00:50:50+00:00\" \/>\n<meta property=\"article:modified_time\" content=\"2024-03-18T18:23:27+00:00\" \/>\n<meta property=\"og:image\" content=\"https:\/\/storage.googleapis.com\/oitchaublog\/2023\/12\/5eb82bbc-substituicao-da-dirf-pelo-esocial-1.png\" \/>\n\t<meta property=\"og:image:width\" content=\"1982\" \/>\n\t<meta property=\"og:image:height\" content=\"800\" \/>\n\t<meta property=\"og:image:type\" content=\"image\/png\" \/>\n<meta name=\"author\" content=\"Amanda Laranjeira\" \/>\n<meta name=\"twitter:card\" content=\"summary_large_image\" \/>\n<meta name=\"twitter:creator\" content=\"@oitchaubr\" \/>\n<meta name=\"twitter:site\" content=\"@oitchaubr\" \/>\n<meta name=\"twitter:label1\" content=\"Written by\" \/>\n\t<meta name=\"twitter:data1\" content=\"Amanda Laranjeira\" \/>\n\t<meta name=\"twitter:label2\" content=\"Est. reading time\" \/>\n\t<meta name=\"twitter:data2\" content=\"8 minutos\" \/>\n<script type=\"application\/ld+json\" class=\"yoast-schema-graph\">{\"@context\":\"https:\/\/schema.org\",\"@graph\":[{\"@type\":[\"Article\",\"BlogPosting\"],\"@id\":\"https:\/\/www.oitchau.com.br\/blog\/substituicao-da-dirf-pelo-esocial\/#article\",\"isPartOf\":{\"@id\":\"https:\/\/www.oitchau.com.br\/blog\/substituicao-da-dirf-pelo-esocial\/\"},\"author\":{\"name\":\"Amanda Laranjeira\",\"@id\":\"https:\/\/www.oitchau.com.br\/blog\/#\/schema\/person\/1041f3bd0e2490b50b5bee5d0fb9b533\"},\"headline\":\"Substitui\u00e7\u00e3o da DIRF pelo eSocial: como vai funcionar?\",\"datePublished\":\"2023-12-01T00:50:50+00:00\",\"dateModified\":\"2024-03-18T18:23:27+00:00\",\"mainEntityOfPage\":{\"@id\":\"https:\/\/www.oitchau.com.br\/blog\/substituicao-da-dirf-pelo-esocial\/\"},\"wordCount\":1567,\"publisher\":{\"@id\":\"https:\/\/www.oitchau.com.br\/blog\/#organization\"},\"image\":{\"@id\":\"https:\/\/www.oitchau.com.br\/blog\/substituicao-da-dirf-pelo-esocial\/#primaryimage\"},\"thumbnailUrl\":\"https:\/\/storage.googleapis.com\/oitchaublog\/2023\/12\/5eb82bbc-substituicao-da-dirf-pelo-esocial-1.png\",\"articleSection\":[\"Departamento pessoal\"],\"inLanguage\":\"pt-BR\"},{\"@type\":\"WebPage\",\"@id\":\"https:\/\/www.oitchau.com.br\/blog\/substituicao-da-dirf-pelo-esocial\/\",\"url\":\"https:\/\/www.oitchau.com.br\/blog\/substituicao-da-dirf-pelo-esocial\/\",\"name\":\"Substitui\u00e7\u00e3o da DIRF pelo eSocial: como vai funcionar? | Oitchau\",\"isPartOf\":{\"@id\":\"https:\/\/www.oitchau.com.br\/blog\/#website\"},\"primaryImageOfPage\":{\"@id\":\"https:\/\/www.oitchau.com.br\/blog\/substituicao-da-dirf-pelo-esocial\/#primaryimage\"},\"image\":{\"@id\":\"https:\/\/www.oitchau.com.br\/blog\/substituicao-da-dirf-pelo-esocial\/#primaryimage\"},\"thumbnailUrl\":\"https:\/\/storage.googleapis.com\/oitchaublog\/2023\/12\/5eb82bbc-substituicao-da-dirf-pelo-esocial-1.png\",\"datePublished\":\"2023-12-01T00:50:50+00:00\",\"dateModified\":\"2024-03-18T18:23:27+00:00\",\"description\":\"Entenda o que \u00e9 a substitui\u00e7\u00e3o da DIRF pelo eSocial, quais os objetivos e como vai funcionar o processo de transi\u00e7\u00e3o no sistema e nas rotinas de RH.\",\"breadcrumb\":{\"@id\":\"https:\/\/www.oitchau.com.br\/blog\/substituicao-da-dirf-pelo-esocial\/#breadcrumb\"},\"inLanguage\":\"pt-BR\",\"potentialAction\":[{\"@type\":\"ReadAction\",\"target\":[\"https:\/\/www.oitchau.com.br\/blog\/substituicao-da-dirf-pelo-esocial\/\"]}]},{\"@type\":\"ImageObject\",\"inLanguage\":\"pt-BR\",\"@id\":\"https:\/\/www.oitchau.com.br\/blog\/substituicao-da-dirf-pelo-esocial\/#primaryimage\",\"url\":\"https:\/\/storage.googleapis.com\/oitchaublog\/2023\/12\/5eb82bbc-substituicao-da-dirf-pelo-esocial-1.png\",\"contentUrl\":\"https:\/\/storage.googleapis.com\/oitchaublog\/2023\/12\/5eb82bbc-substituicao-da-dirf-pelo-esocial-1.png\",\"width\":1982,\"height\":800,\"caption\":\"Substitui\u00e7\u00e3o da DIRF pelo eSocial\"},{\"@type\":\"BreadcrumbList\",\"@id\":\"https:\/\/www.oitchau.com.br\/blog\/substituicao-da-dirf-pelo-esocial\/#breadcrumb\",\"itemListElement\":[{\"@type\":\"ListItem\",\"position\":1,\"name\":\"Blog\",\"item\":\"https:\/\/www.oitchau.com.br\/blog\/\"},{\"@type\":\"ListItem\",\"position\":2,\"name\":\"Substitui\u00e7\u00e3o da DIRF pelo eSocial: como vai funcionar?\"}]},{\"@type\":\"WebSite\",\"@id\":\"https:\/\/www.oitchau.com.br\/blog\/#website\",\"url\":\"https:\/\/www.oitchau.com.br\/blog\/\",\"name\":\"Controle de Ponto & Timesheets\",\"description\":\"\",\"publisher\":{\"@id\":\"https:\/\/www.oitchau.com.br\/blog\/#organization\"},\"potentialAction\":[{\"@type\":\"SearchAction\",\"target\":{\"@type\":\"EntryPoint\",\"urlTemplate\":\"https:\/\/www.oitchau.com.br\/blog\/?s={search_term_string}\"},\"query-input\":\"required name=search_term_string\"}],\"inLanguage\":\"pt-BR\"},{\"@type\":\"Organization\",\"@id\":\"https:\/\/www.oitchau.com.br\/blog\/#organization\",\"name\":\"Oitchau\",\"url\":\"https:\/\/www.oitchau.com.br\/blog\/\",\"logo\":{\"@type\":\"ImageObject\",\"inLanguage\":\"pt-BR\",\"@id\":\"https:\/\/www.oitchau.com.br\/blog\/#\/schema\/logo\/image\/\",\"url\":\"https:\/\/storage.googleapis.com\/oitchaublog\/2024\/03\/a0e65c6f-design-sem-nome-20.png\",\"contentUrl\":\"https:\/\/storage.googleapis.com\/oitchaublog\/2024\/03\/a0e65c6f-design-sem-nome-20.png\",\"width\":696,\"height\":696,\"caption\":\"Oitchau\"},\"image\":{\"@id\":\"https:\/\/www.oitchau.com.br\/blog\/#\/schema\/logo\/image\/\"},\"sameAs\":[\"https:\/\/www.facebook.com\/oitchaubr\/\",\"https:\/\/twitter.com\/oitchaubr\",\"https:\/\/instagram.com\/oitchaubr\"],\"description\":\"A Oitchau \u00e9 uma solu\u00e7\u00e3o completa para gest\u00e3o de tempo dos colaboradores, atrav\u00e9s de suas solu\u00e7\u00f5es de controle de ponto & timesheets, ela permite que gestores, RH e DP possam gerenciar desde a jornada de trabalho de funcion\u00e1rios at\u00e9 a gest\u00e3o de tempo em projetos. Elevando o n\u00edvel estrat\u00e9gico do neg\u00f3cio de forma inteligente e assertiva, potencializando seus resultados e garantindo compliance com a Lei.\",\"email\":\"contato@oitchau.com.br\",\"telephone\":\"+551142102846\",\"foundingDate\":\"2016-01-01\",\"numberOfEmployees\":{\"@type\":\"QuantitativeValue\",\"minValue\":\"51\",\"maxValue\":\"200\"}},{\"@type\":\"Person\",\"@id\":\"https:\/\/www.oitchau.com.br\/blog\/#\/schema\/person\/1041f3bd0e2490b50b5bee5d0fb9b533\",\"name\":\"Amanda Laranjeira\",\"url\":\"https:\/\/www.oitchau.com.br\/blog\/author\/amanda\/\"}]}<\/script>\n<!-- \/ Yoast SEO Premium plugin. -->","yoast_head_json":{"title":"Substitui\u00e7\u00e3o da DIRF pelo eSocial: como vai funcionar? | Oitchau","description":"Entenda o que \u00e9 a substitui\u00e7\u00e3o da DIRF pelo eSocial, quais os objetivos e como vai funcionar o processo de transi\u00e7\u00e3o no sistema e nas rotinas de RH.","robots":{"index":"index","follow":"follow","max-snippet":"max-snippet:-1","max-image-preview":"max-image-preview:large","max-video-preview":"max-video-preview:-1"},"canonical":"https:\/\/www.oitchau.com.br\/blog\/substituicao-da-dirf-pelo-esocial\/","og_locale":"pt_BR","og_type":"article","og_title":"Substitui\u00e7\u00e3o da DIRF pelo eSocial: como vai funcionar?","og_description":"Entenda o que \u00e9 a substitui\u00e7\u00e3o da DIRF pelo eSocial, quais os objetivos e como vai funcionar o processo de transi\u00e7\u00e3o no sistema e nas rotinas de RH.","og_url":"https:\/\/www.oitchau.com.br\/blog\/substituicao-da-dirf-pelo-esocial\/","og_site_name":"Controle de Ponto &amp; Timesheets","article_publisher":"https:\/\/www.facebook.com\/oitchaubr\/","article_published_time":"2023-12-01T00:50:50+00:00","article_modified_time":"2024-03-18T18:23:27+00:00","og_image":[{"width":1982,"height":800,"url":"https:\/\/storage.googleapis.com\/oitchaublog\/2023\/12\/5eb82bbc-substituicao-da-dirf-pelo-esocial-1.png","type":"image\/png"}],"author":"Amanda Laranjeira","twitter_card":"summary_large_image","twitter_creator":"@oitchaubr","twitter_site":"@oitchaubr","twitter_misc":{"Written by":"Amanda Laranjeira","Est. reading time":"8 minutos"},"schema":{"@context":"https:\/\/schema.org","@graph":[{"@type":["Article","BlogPosting"],"@id":"https:\/\/www.oitchau.com.br\/blog\/substituicao-da-dirf-pelo-esocial\/#article","isPartOf":{"@id":"https:\/\/www.oitchau.com.br\/blog\/substituicao-da-dirf-pelo-esocial\/"},"author":{"name":"Amanda Laranjeira","@id":"https:\/\/www.oitchau.com.br\/blog\/#\/schema\/person\/1041f3bd0e2490b50b5bee5d0fb9b533"},"headline":"Substitui\u00e7\u00e3o da DIRF pelo eSocial: como vai funcionar?","datePublished":"2023-12-01T00:50:50+00:00","dateModified":"2024-03-18T18:23:27+00:00","mainEntityOfPage":{"@id":"https:\/\/www.oitchau.com.br\/blog\/substituicao-da-dirf-pelo-esocial\/"},"wordCount":1567,"publisher":{"@id":"https:\/\/www.oitchau.com.br\/blog\/#organization"},"image":{"@id":"https:\/\/www.oitchau.com.br\/blog\/substituicao-da-dirf-pelo-esocial\/#primaryimage"},"thumbnailUrl":"https:\/\/storage.googleapis.com\/oitchaublog\/2023\/12\/5eb82bbc-substituicao-da-dirf-pelo-esocial-1.png","articleSection":["Departamento pessoal"],"inLanguage":"pt-BR"},{"@type":"WebPage","@id":"https:\/\/www.oitchau.com.br\/blog\/substituicao-da-dirf-pelo-esocial\/","url":"https:\/\/www.oitchau.com.br\/blog\/substituicao-da-dirf-pelo-esocial\/","name":"Substitui\u00e7\u00e3o da DIRF pelo eSocial: como vai funcionar? | Oitchau","isPartOf":{"@id":"https:\/\/www.oitchau.com.br\/blog\/#website"},"primaryImageOfPage":{"@id":"https:\/\/www.oitchau.com.br\/blog\/substituicao-da-dirf-pelo-esocial\/#primaryimage"},"image":{"@id":"https:\/\/www.oitchau.com.br\/blog\/substituicao-da-dirf-pelo-esocial\/#primaryimage"},"thumbnailUrl":"https:\/\/storage.googleapis.com\/oitchaublog\/2023\/12\/5eb82bbc-substituicao-da-dirf-pelo-esocial-1.png","datePublished":"2023-12-01T00:50:50+00:00","dateModified":"2024-03-18T18:23:27+00:00","description":"Entenda o que \u00e9 a substitui\u00e7\u00e3o da DIRF pelo eSocial, quais os objetivos e como vai funcionar o processo de transi\u00e7\u00e3o no sistema e nas rotinas de RH.","breadcrumb":{"@id":"https:\/\/www.oitchau.com.br\/blog\/substituicao-da-dirf-pelo-esocial\/#breadcrumb"},"inLanguage":"pt-BR","potentialAction":[{"@type":"ReadAction","target":["https:\/\/www.oitchau.com.br\/blog\/substituicao-da-dirf-pelo-esocial\/"]}]},{"@type":"ImageObject","inLanguage":"pt-BR","@id":"https:\/\/www.oitchau.com.br\/blog\/substituicao-da-dirf-pelo-esocial\/#primaryimage","url":"https:\/\/storage.googleapis.com\/oitchaublog\/2023\/12\/5eb82bbc-substituicao-da-dirf-pelo-esocial-1.png","contentUrl":"https:\/\/storage.googleapis.com\/oitchaublog\/2023\/12\/5eb82bbc-substituicao-da-dirf-pelo-esocial-1.png","width":1982,"height":800,"caption":"Substitui\u00e7\u00e3o da DIRF pelo eSocial"},{"@type":"BreadcrumbList","@id":"https:\/\/www.oitchau.com.br\/blog\/substituicao-da-dirf-pelo-esocial\/#breadcrumb","itemListElement":[{"@type":"ListItem","position":1,"name":"Blog","item":"https:\/\/www.oitchau.com.br\/blog\/"},{"@type":"ListItem","position":2,"name":"Substitui\u00e7\u00e3o da DIRF pelo eSocial: como vai funcionar?"}]},{"@type":"WebSite","@id":"https:\/\/www.oitchau.com.br\/blog\/#website","url":"https:\/\/www.oitchau.com.br\/blog\/","name":"Controle de Ponto & Timesheets","description":"","publisher":{"@id":"https:\/\/www.oitchau.com.br\/blog\/#organization"},"potentialAction":[{"@type":"SearchAction","target":{"@type":"EntryPoint","urlTemplate":"https:\/\/www.oitchau.com.br\/blog\/?s={search_term_string}"},"query-input":"required name=search_term_string"}],"inLanguage":"pt-BR"},{"@type":"Organization","@id":"https:\/\/www.oitchau.com.br\/blog\/#organization","name":"Oitchau","url":"https:\/\/www.oitchau.com.br\/blog\/","logo":{"@type":"ImageObject","inLanguage":"pt-BR","@id":"https:\/\/www.oitchau.com.br\/blog\/#\/schema\/logo\/image\/","url":"https:\/\/storage.googleapis.com\/oitchaublog\/2024\/03\/a0e65c6f-design-sem-nome-20.png","contentUrl":"https:\/\/storage.googleapis.com\/oitchaublog\/2024\/03\/a0e65c6f-design-sem-nome-20.png","width":696,"height":696,"caption":"Oitchau"},"image":{"@id":"https:\/\/www.oitchau.com.br\/blog\/#\/schema\/logo\/image\/"},"sameAs":["https:\/\/www.facebook.com\/oitchaubr\/","https:\/\/twitter.com\/oitchaubr","https:\/\/instagram.com\/oitchaubr"],"description":"A Oitchau \u00e9 uma solu\u00e7\u00e3o completa para gest\u00e3o de tempo dos colaboradores, atrav\u00e9s de suas solu\u00e7\u00f5es de controle de ponto & timesheets, ela permite que gestores, RH e DP possam gerenciar desde a jornada de trabalho de funcion\u00e1rios at\u00e9 a gest\u00e3o de tempo em projetos. Elevando o n\u00edvel estrat\u00e9gico do neg\u00f3cio de forma inteligente e assertiva, potencializando seus resultados e garantindo compliance com a Lei.","email":"contato@oitchau.com.br","telephone":"+551142102846","foundingDate":"2016-01-01","numberOfEmployees":{"@type":"QuantitativeValue","minValue":"51","maxValue":"200"}},{"@type":"Person","@id":"https:\/\/www.oitchau.com.br\/blog\/#\/schema\/person\/1041f3bd0e2490b50b5bee5d0fb9b533","name":"Amanda Laranjeira","url":"https:\/\/www.oitchau.com.br\/blog\/author\/amanda\/"}]}},"_links":{"self":[{"href":"https:\/\/www.oitchau.com.br\/blog\/wp-json\/wp\/v2\/posts\/32478"}],"collection":[{"href":"https:\/\/www.oitchau.com.br\/blog\/wp-json\/wp\/v2\/posts"}],"about":[{"href":"https:\/\/www.oitchau.com.br\/blog\/wp-json\/wp\/v2\/types\/post"}],"author":[{"embeddable":true,"href":"https:\/\/www.oitchau.com.br\/blog\/wp-json\/wp\/v2\/users\/24"}],"replies":[{"embeddable":true,"href":"https:\/\/www.oitchau.com.br\/blog\/wp-json\/wp\/v2\/comments?post=32478"}],"version-history":[{"count":2,"href":"https:\/\/www.oitchau.com.br\/blog\/wp-json\/wp\/v2\/posts\/32478\/revisions"}],"predecessor-version":[{"id":33385,"href":"https:\/\/www.oitchau.com.br\/blog\/wp-json\/wp\/v2\/posts\/32478\/revisions\/33385"}],"wp:featuredmedia":[{"embeddable":true,"href":"https:\/\/www.oitchau.com.br\/blog\/wp-json\/wp\/v2\/media\/32481"}],"wp:attachment":[{"href":"https:\/\/www.oitchau.com.br\/blog\/wp-json\/wp\/v2\/media?parent=32478"}],"wp:term":[{"taxonomy":"category","embeddable":true,"href":"https:\/\/www.oitchau.com.br\/blog\/wp-json\/wp\/v2\/categories?post=32478"},{"taxonomy":"post_tag","embeddable":true,"href":"https:\/\/www.oitchau.com.br\/blog\/wp-json\/wp\/v2\/tags?post=32478"}],"curies":[{"name":"wp","href":"https:\/\/api.w.org\/{rel}","templated":true}]}}