{"id":32154,"date":"2023-10-24T22:52:57","date_gmt":"2023-10-24T19:52:57","guid":{"rendered":"https:\/\/www.oitchau.com.br\/blog\/?p=32154"},"modified":"2023-10-24T22:52:57","modified_gmt":"2023-10-24T19:52:57","slug":"outubro-rosa","status":"publish","type":"post","link":"https:\/\/www.oitchau.com.br\/blog\/outubro-rosa\/","title":{"rendered":"Outubro Rosa: por que \u00e9 importante a empresa falar sobre o tema?"},"content":{"rendered":"<p><span style=\"font-weight: 400;\">Este m\u00eas \u00e9 marcado pela campanha Outubro Rosa, que desde 2008 \u00e9 promovido e celebrado em todo o pa\u00eds. Participam dela as institui\u00e7\u00f5es p\u00fablicas, organiza\u00e7\u00f5es sem fins lucrativos e, tamb\u00e9m, as empresas.<\/span><\/p>\n<p><span style=\"font-weight: 400;\">Cada vez mais empresas aderem \u00e0 campanha, uma vez que ela possui grande import\u00e2ncia especialmente para a popula\u00e7\u00e3o feminina, mas tamb\u00e9m traz reflexos positivos para a pr\u00f3pria institui\u00e7\u00e3o privada.<\/span><\/p>\n<p><span style=\"font-weight: 400;\">Conhe\u00e7a mais sobre a campanha! Continue a leitura e saiba mais sobre sua origem e hist\u00f3ria, a promo\u00e7\u00e3o dela e porque a sua empresa tamb\u00e9m deve aderir a ela e atuar em prol do combate e preven\u00e7\u00e3o ao c\u00e2ncer de mama.<\/span><\/p>\n<h2><strong>O que significa o Outubro Rosa?<\/strong><\/h2>\n<p><span style=\"font-weight: 400;\">Outubro Rosa \u00e9 um movimento que visa informar e conscientizar a popula\u00e7\u00e3o sobre o c\u00e2ncer de mama. <\/span><\/p>\n<p><span style=\"font-weight: 400;\">Ele envolve diversas campanhas, tanto de vi\u00e9s p\u00fablico quanto privado, quanto \u00e0 import\u00e2ncia da realiza\u00e7\u00e3o de exames para diagn\u00f3stico precoce da doen\u00e7a.<\/span><\/p>\n<p><span style=\"font-weight: 400;\">Al\u00e9m disso, a campanha tamb\u00e9m tem como objetivo afastar os tabus que incidem sobre essa doen\u00e7a. Desse modo, re\u00fane importantes iniciativas que beneficiam milh\u00f5es de homens e mulheres anualmente.<\/span><\/p>\n<p><span style=\"font-weight: 400;\">Simbolizada pelo la\u00e7o cor de rosa, a campanha faz grande uso desta cor a fim de criar tanto a identifica\u00e7\u00e3o visual quanto para impactar quem se depara com ela.<\/span><\/p>\n<p><span style=\"font-weight: 400;\">Apesar da campanha ter como principal alvo as mulheres, ela tamb\u00e9m se volta para os homens, que tamb\u00e9m podem desenvolver a doen\u00e7a. Por isso, ela \u00e9 de grande import\u00e2ncia e j\u00e1 se tornou um marco no calend\u00e1rio anual.\u00a0<\/span><\/p>\n<h2><strong>Como surgiu o Outubro Rosa?<\/strong><\/h2>\n<p><span style=\"font-weight: 400;\">Considera-se que os primeiros sinais da presen\u00e7a da campanha, no Brasil, tenham se dado em 2002. Todavia, ela ganhou for\u00e7a e espa\u00e7o no calend\u00e1rio anual de empresas e institui\u00e7\u00f5es p\u00fablicas ou privadas especialmente a partir de 2008.<\/span><\/p>\n<p><span style=\"font-weight: 400;\">Fora do Brasil, por outro lado, ela deu seus primeiros passos na d\u00e9cada de 1990. Originada nos Estados Unidos, a campanha teve como marco inicial a distribui\u00e7\u00e3o de la\u00e7os na cor rosa pela Funda\u00e7\u00e3o Susan G. Komen for the Cure.<\/span><\/p>\n<p><span style=\"font-weight: 400;\">Essa funda\u00e7\u00e3o, uma organiza\u00e7\u00e3o sem fins lucrativos, dedica-se desde 1982 ao financiamento de pesquisas contra o c\u00e2ncer de mama, apoio \u00e0s pacientes e sobreviventes, arrecada\u00e7\u00e3o de fundos e conscientiza\u00e7\u00e3o.<\/span><\/p>\n<h2><strong>Por que falar do Outubro Rosa na empresa?<\/strong><\/h2>\n<p><span style=\"font-weight: 400;\">Ainda que o Outubro Rosa fa\u00e7a parte do calend\u00e1rio de institui\u00e7\u00f5es p\u00fablicas &#8211; tais como o Minist\u00e9rio da Sa\u00fade &#8211; \u00e9 cada vez mais comum que organiza\u00e7\u00f5es privadas tamb\u00e9m fa\u00e7am parte da campanha, em um esfor\u00e7o conjunto.<\/span><\/p>\n<p><span style=\"font-weight: 400;\">\u00c9 por esse motivo, ali\u00e1s, que cada vez mais empresas reservam \u00e0 campanha tempo e espa\u00e7o para palestras, rodas de conversa e outros tipos de iniciativas que demonstram apoio \u00e0 causa. Nos itens abaixo, entenda a import\u00e2ncia disso.<\/span><\/p>\n<h3><strong>Papel social da empresa<\/strong><\/h3>\n<p><span style=\"font-weight: 400;\">Em primeiro lugar, participar da campanha Outubro Rosa \u00e9 uma maneira que a empresa possui de cumprir com seu papel social, o qual est\u00e1 previsto na Constitui\u00e7\u00e3o Federal.\u00a0<\/span><\/p>\n<p><span style=\"font-weight: 400;\">Igualmente, de promover a sa\u00fade, seguran\u00e7a e bem-estar dos colaboradores, conforme prev\u00ea a <a target=\"_blank\" href=\"https:\/\/www.oitchau.com.br\/blog\/leis-da-clt-conheca-a-historia-do-seu-surgimento\/\" rel=\"noopener\">Consolida\u00e7\u00e3o das Leis do Trabalho (CLT).<\/a><\/span><\/p>\n<p><span style=\"font-weight: 400;\">A empresa faz parte da vida de seus colaboradores n\u00e3o apenas como uma fonte de dinheiro que surge em troca da presta\u00e7\u00e3o de servi\u00e7os.\u00a0<\/span><\/p>\n<p><span style=\"font-weight: 400;\">Ela tamb\u00e9m deve trabalhar em prol do desenvolvimento saud\u00e1vel dos trabalhadores, e conscientizar sobre doen\u00e7as \u00e9 uma forma de faz\u00ea-lo.<\/span><\/p>\n<h3><strong>Promo\u00e7\u00e3o do autocuidado<\/strong><\/h3>\n<p><span style=\"font-weight: 400;\">A promo\u00e7\u00e3o do autocuidado tamb\u00e9m \u00e9 um dos motivos pelos quais as empresas aderem \u00e0 Campanha Outubro Rosa. Neste caso, \u00e9 uma oportunidade de garantir uma vida mais saud\u00e1vel e, tamb\u00e9m, de evitar defasagens nas equipes em raz\u00e3o de tratamentos.<\/span><\/p>\n<p><span style=\"font-weight: 400;\">Ali\u00e1s, isso tamb\u00e9m tende a <a target=\"_blank\" href=\"https:\/\/www.oitchau.com.br\/blog\/ferramentas-para-aumento-de-produtividade\/\" rel=\"noopener\">aumentar o engajamento e a produtividade<\/a> dos colaboradores, tanto por diminuir as necessidades de aus\u00eancia por tratamento contra o c\u00e2ncer quanto por demonstrar que a empresa realmente se importa com o bem-estar dos trabalhadores.<\/span><\/p>\n<h3><strong>Promo\u00e7\u00e3o da empatia<\/strong><\/h3>\n<p><span style=\"font-weight: 400;\">A empatia tamb\u00e9m \u00e9 um dos fatores que surgem naturalmente por meio das campanhas do Outubro Rosa.\u00a0<\/span><\/p>\n<p><span style=\"font-weight: 400;\">Isso ocorre especialmente porque durante o movimento h\u00e1 compartilhamento de hist\u00f3rias de tratamentos e supera\u00e7\u00f5es, bem como das cicatrizes e traumas que podem acompanh\u00e1-los.<\/span><\/p>\n<p><span style=\"font-weight: 400;\">Portanto, \u00e9 uma forma de aproximar as pessoas do tema a fim de que elas realmente possam compreend\u00ea-lo e ver, de maneira l\u00edmpida, sua import\u00e2ncia e seus reflexos.<\/span><\/p>\n<p><span style=\"font-weight: 400;\">A partir da campanha, \u00e9 poss\u00edvel que os colaboradores entendam as melhores maneiras de apoiar quem luta contra doen\u00e7as deste tipo. Igualmente, de muni-los com informa\u00e7\u00f5es que possam auxili\u00e1-los a agir diante destas situa\u00e7\u00f5es e atuarem como agentes de preven\u00e7\u00e3o.<\/span><\/p>\n<h3><strong>Imagem e posicionamento empresarial perante p\u00fablico e colaboradores<\/strong><\/h3>\n<p><span style=\"font-weight: 400;\">Por fim, promover o Outubro Rosa na empresa tamb\u00e9m auxilia na melhoria da imagem empresarial perante os colaboradores, os consumidores e o mercado, em si.<\/span><\/p>\n<p><span style=\"font-weight: 400;\">A partir da promo\u00e7\u00e3o de campanhas bem estruturadas e informativas, a empresa tem a chance de demonstrar que realmente atua em prol do bem-estar de quem se relaciona com ela. Igualmente, que assume seu papel social e atua sobre ele com maestria.<\/span><\/p>\n<p><span style=\"font-weight: 400;\">Ali\u00e1s, uma boa maneira de colocar a campanha em pr\u00e1tica \u00e9 ao n\u00e3o limit\u00e1-la aos colaboradores internos. Estend\u00ea-la a parceiros externos, bem como aos consumidores, \u00e9 de grande import\u00e2ncia.<\/span><\/p>\n<h2><strong>Como promover a campanha Outubro Rosa na empresa?<\/strong><\/h2>\n<p><span style=\"font-weight: 400;\">Existem diversas formas pelas quais a sua empresa pode participar do Outubro Rosa e da campanha de preven\u00e7\u00e3o e conscientiza\u00e7\u00e3o sobre o c\u00e2ncer de mama. Dentre elas est\u00e3o:<\/span><\/p>\n<ul>\n<li style=\"font-weight: 400;\" aria-level=\"1\"><span style=\"font-weight: 400;\">Palestras e rodas de conversa com especialistas;<\/span><\/li>\n<li style=\"font-weight: 400;\" aria-level=\"1\"><span style=\"font-weight: 400;\">Desenvolvimento e distribui\u00e7\u00e3o de materiais sobre o c\u00e2ncer de mama;<\/span><\/li>\n<li style=\"font-weight: 400;\" aria-level=\"1\"><span style=\"font-weight: 400;\">Oferecimento de <a target=\"_blank\" href=\"https:\/\/www.oitchau.com.br\/blog\/plano-de-saude-para-funcionarios-conheca-a-legislacao\/\" rel=\"noopener\">planos de sa\u00fade<\/a>;<\/span><\/li>\n<li style=\"font-weight: 400;\" aria-level=\"1\"><span style=\"font-weight: 400;\">Disponibiliza\u00e7\u00e3o de dias de folga voltados exclusivamente \u00e0 realiza\u00e7\u00e3o de consultas e de exames preventivos;<\/span><\/li>\n<li style=\"font-weight: 400;\" aria-level=\"1\"><span style=\"font-weight: 400;\">Distribui\u00e7\u00f5es de s\u00edmbolos da campanha, tais como camisetas e broches com o la\u00e7o-s\u00edmbolo;<\/span><\/li>\n<li style=\"font-weight: 400;\" aria-level=\"1\"><span style=\"font-weight: 400;\">Realiza\u00e7\u00e3o de corridas de rua com tema da campanha;<\/span><\/li>\n<li style=\"font-weight: 400;\" aria-level=\"1\"><span style=\"font-weight: 400;\">Proje\u00e7\u00f5es do s\u00edmbolo e das cores da campanha, etc.<\/span><\/li>\n<\/ul>\n<p><span style=\"font-weight: 400;\">Fazer parte do Outubro Rosa \u00e9 um ato de cidadania. <\/span><\/p>\n<p><span style=\"font-weight: 400;\">Ao promover a campanha dentro da empresa, \u00e9 poss\u00edvel compartilhar informa\u00e7\u00f5es de qualidade com seus colaboradores e ajud\u00e1-los a se prevenir contra uma doen\u00e7a que vitima milh\u00f5es de pessoas todos os anos.<\/span><\/p>\n<p><span style=\"font-weight: 400;\">Por isso, n\u00e3o deixe de aderir \u00e0 campanha e de atuar como um agente de preven\u00e7\u00e3o ao c\u00e2ncer de mama. Participe dos eventos, palestras, e fa\u00e7a sua parte mantendo seus exames em dia!\u00a0<\/span><\/p>\n","protected":false},"excerpt":{"rendered":"<p>Este m\u00eas \u00e9 marcado pela campanha Outubro Rosa, que desde 2008 \u00e9 promovido e celebrado em todo o pa\u00eds. Participam dela as institui\u00e7\u00f5es p\u00fablicas, organiza\u00e7\u00f5es sem fins lucrativos e, tamb\u00e9m, as empresas. Cada vez mais empresas aderem \u00e0 campanha, uma vez que ela possui grande import\u00e2ncia especialmente para a popula\u00e7\u00e3o feminina, mas tamb\u00e9m traz reflexos [&hellip;]<\/p>\n","protected":false},"author":11,"featured_media":32228,"comment_status":"closed","ping_status":"open","sticky":false,"template":"","format":"standard","meta":{"content-type":"","footnotes":""},"categories":[17677],"tags":[10887,18006,18007],"yoast_head":"<!-- This site is optimized with the Yoast SEO Premium plugin v22.2 (Yoast SEO v22.2) - https:\/\/yoast.com\/wordpress\/plugins\/seo\/ -->\n<title>Outubro Rosa: por que \u00e9 importante a empresa falar sobre o tema? | Oitchau<\/title>\n<meta name=\"description\" content=\"O Outubro Rosa \u00e9 uma data importante de cidadania e conscientiza\u00e7\u00e3o sobre o c\u00e2ncer de mama. Entenda mais a seguir sobre o tema!\" \/>\n<meta name=\"robots\" content=\"index, follow, max-snippet:-1, max-image-preview:large, max-video-preview:-1\" \/>\n<link rel=\"canonical\" href=\"https:\/\/www.oitchau.com.br\/blog\/outubro-rosa\/\" \/>\n<meta property=\"og:locale\" content=\"pt_BR\" \/>\n<meta property=\"og:type\" content=\"article\" \/>\n<meta property=\"og:title\" content=\"Outubro Rosa: por que \u00e9 importante a empresa falar sobre o tema?\" \/>\n<meta property=\"og:description\" content=\"O Outubro Rosa \u00e9 uma data importante de cidadania e conscientiza\u00e7\u00e3o sobre o c\u00e2ncer de mama. Entenda mais a seguir sobre o tema!\" \/>\n<meta property=\"og:url\" content=\"https:\/\/www.oitchau.com.br\/blog\/outubro-rosa\/\" \/>\n<meta property=\"og:site_name\" content=\"Controle de Ponto &amp; Timesheets\" \/>\n<meta property=\"article:publisher\" content=\"https:\/\/www.facebook.com\/oitchaubr\/\" \/>\n<meta property=\"article:published_time\" content=\"2023-10-24T19:52:57+00:00\" \/>\n<meta property=\"og:image\" content=\"https:\/\/storage.googleapis.com\/oitchaublog\/2023\/10\/819bcf3b-outubro-rosa.png\" \/>\n\t<meta property=\"og:image:width\" content=\"1982\" \/>\n\t<meta property=\"og:image:height\" content=\"800\" \/>\n\t<meta property=\"og:image:type\" content=\"image\/png\" \/>\n<meta name=\"author\" content=\"Aline Mesquita\" \/>\n<meta name=\"twitter:card\" content=\"summary_large_image\" \/>\n<meta name=\"twitter:creator\" content=\"@oitchaubr\" \/>\n<meta name=\"twitter:site\" content=\"@oitchaubr\" \/>\n<meta name=\"twitter:label1\" content=\"Written by\" \/>\n\t<meta name=\"twitter:data1\" content=\"Aline Mesquita\" \/>\n\t<meta name=\"twitter:label2\" content=\"Est. reading time\" \/>\n\t<meta name=\"twitter:data2\" content=\"6 minutos\" \/>\n<script type=\"application\/ld+json\" class=\"yoast-schema-graph\">{\"@context\":\"https:\/\/schema.org\",\"@graph\":[{\"@type\":[\"Article\",\"BlogPosting\"],\"@id\":\"https:\/\/www.oitchau.com.br\/blog\/outubro-rosa\/#article\",\"isPartOf\":{\"@id\":\"https:\/\/www.oitchau.com.br\/blog\/outubro-rosa\/\"},\"author\":{\"name\":\"Aline Mesquita\",\"@id\":\"https:\/\/www.oitchau.com.br\/blog\/#\/schema\/person\/40ba65f8664531ffe1465f6cb9d82430\"},\"headline\":\"Outubro Rosa: por que \u00e9 importante a empresa falar sobre o tema?\",\"datePublished\":\"2023-10-24T19:52:57+00:00\",\"dateModified\":\"2023-10-24T19:52:57+00:00\",\"mainEntityOfPage\":{\"@id\":\"https:\/\/www.oitchau.com.br\/blog\/outubro-rosa\/\"},\"wordCount\":1125,\"publisher\":{\"@id\":\"https:\/\/www.oitchau.com.br\/blog\/#organization\"},\"image\":{\"@id\":\"https:\/\/www.oitchau.com.br\/blog\/outubro-rosa\/#primaryimage\"},\"thumbnailUrl\":\"https:\/\/storage.googleapis.com\/oitchaublog\/2023\/10\/819bcf3b-outubro-rosa.png\",\"keywords\":[\"gest\u00e3o de pessoas\",\"outubro rosa\",\"preven\u00e7\u00e3o ao c\u00e2ncer de mama\"],\"articleSection\":[\"Gest\u00e3o de Projetos\"],\"inLanguage\":\"pt-BR\"},{\"@type\":\"WebPage\",\"@id\":\"https:\/\/www.oitchau.com.br\/blog\/outubro-rosa\/\",\"url\":\"https:\/\/www.oitchau.com.br\/blog\/outubro-rosa\/\",\"name\":\"Outubro Rosa: por que \u00e9 importante a empresa falar sobre o tema? | Oitchau\",\"isPartOf\":{\"@id\":\"https:\/\/www.oitchau.com.br\/blog\/#website\"},\"primaryImageOfPage\":{\"@id\":\"https:\/\/www.oitchau.com.br\/blog\/outubro-rosa\/#primaryimage\"},\"image\":{\"@id\":\"https:\/\/www.oitchau.com.br\/blog\/outubro-rosa\/#primaryimage\"},\"thumbnailUrl\":\"https:\/\/storage.googleapis.com\/oitchaublog\/2023\/10\/819bcf3b-outubro-rosa.png\",\"datePublished\":\"2023-10-24T19:52:57+00:00\",\"dateModified\":\"2023-10-24T19:52:57+00:00\",\"description\":\"O Outubro Rosa \u00e9 uma data importante de cidadania e conscientiza\u00e7\u00e3o sobre o c\u00e2ncer de mama. Entenda mais a seguir sobre o tema!\",\"breadcrumb\":{\"@id\":\"https:\/\/www.oitchau.com.br\/blog\/outubro-rosa\/#breadcrumb\"},\"inLanguage\":\"pt-BR\",\"potentialAction\":[{\"@type\":\"ReadAction\",\"target\":[\"https:\/\/www.oitchau.com.br\/blog\/outubro-rosa\/\"]}]},{\"@type\":\"ImageObject\",\"inLanguage\":\"pt-BR\",\"@id\":\"https:\/\/www.oitchau.com.br\/blog\/outubro-rosa\/#primaryimage\",\"url\":\"https:\/\/storage.googleapis.com\/oitchaublog\/2023\/10\/819bcf3b-outubro-rosa.png\",\"contentUrl\":\"https:\/\/storage.googleapis.com\/oitchaublog\/2023\/10\/819bcf3b-outubro-rosa.png\",\"width\":1982,\"height\":800,\"caption\":\"ilustra\u00e7\u00e3o de outubro rosa\"},{\"@type\":\"BreadcrumbList\",\"@id\":\"https:\/\/www.oitchau.com.br\/blog\/outubro-rosa\/#breadcrumb\",\"itemListElement\":[{\"@type\":\"ListItem\",\"position\":1,\"name\":\"Blog\",\"item\":\"https:\/\/www.oitchau.com.br\/blog\/\"},{\"@type\":\"ListItem\",\"position\":2,\"name\":\"Outubro Rosa: por que \u00e9 importante a empresa falar sobre o tema?\"}]},{\"@type\":\"WebSite\",\"@id\":\"https:\/\/www.oitchau.com.br\/blog\/#website\",\"url\":\"https:\/\/www.oitchau.com.br\/blog\/\",\"name\":\"Controle de Ponto & Timesheets\",\"description\":\"\",\"publisher\":{\"@id\":\"https:\/\/www.oitchau.com.br\/blog\/#organization\"},\"potentialAction\":[{\"@type\":\"SearchAction\",\"target\":{\"@type\":\"EntryPoint\",\"urlTemplate\":\"https:\/\/www.oitchau.com.br\/blog\/?s={search_term_string}\"},\"query-input\":\"required name=search_term_string\"}],\"inLanguage\":\"pt-BR\"},{\"@type\":\"Organization\",\"@id\":\"https:\/\/www.oitchau.com.br\/blog\/#organization\",\"name\":\"Oitchau\",\"url\":\"https:\/\/www.oitchau.com.br\/blog\/\",\"logo\":{\"@type\":\"ImageObject\",\"inLanguage\":\"pt-BR\",\"@id\":\"https:\/\/www.oitchau.com.br\/blog\/#\/schema\/logo\/image\/\",\"url\":\"https:\/\/storage.googleapis.com\/oitchaublog\/2024\/03\/a0e65c6f-design-sem-nome-20.png\",\"contentUrl\":\"https:\/\/storage.googleapis.com\/oitchaublog\/2024\/03\/a0e65c6f-design-sem-nome-20.png\",\"width\":696,\"height\":696,\"caption\":\"Oitchau\"},\"image\":{\"@id\":\"https:\/\/www.oitchau.com.br\/blog\/#\/schema\/logo\/image\/\"},\"sameAs\":[\"https:\/\/www.facebook.com\/oitchaubr\/\",\"https:\/\/twitter.com\/oitchaubr\",\"https:\/\/instagram.com\/oitchaubr\"],\"description\":\"A Oitchau \u00e9 uma solu\u00e7\u00e3o completa para gest\u00e3o de tempo dos colaboradores, atrav\u00e9s de suas solu\u00e7\u00f5es de controle de ponto & timesheets, ela permite que gestores, RH e DP possam gerenciar desde a jornada de trabalho de funcion\u00e1rios at\u00e9 a gest\u00e3o de tempo em projetos. Elevando o n\u00edvel estrat\u00e9gico do neg\u00f3cio de forma inteligente e assertiva, potencializando seus resultados e garantindo compliance com a Lei.\",\"email\":\"contato@oitchau.com.br\",\"telephone\":\"+551142102846\",\"foundingDate\":\"2016-01-01\",\"numberOfEmployees\":{\"@type\":\"QuantitativeValue\",\"minValue\":\"51\",\"maxValue\":\"200\"}},{\"@type\":\"Person\",\"@id\":\"https:\/\/www.oitchau.com.br\/blog\/#\/schema\/person\/40ba65f8664531ffe1465f6cb9d82430\",\"name\":\"Aline Mesquita\",\"url\":\"https:\/\/www.oitchau.com.br\/blog\/author\/aline\/\"}]}<\/script>\n<!-- \/ Yoast SEO Premium plugin. -->","yoast_head_json":{"title":"Outubro Rosa: por que \u00e9 importante a empresa falar sobre o tema? | Oitchau","description":"O Outubro Rosa \u00e9 uma data importante de cidadania e conscientiza\u00e7\u00e3o sobre o c\u00e2ncer de mama. Entenda mais a seguir sobre o tema!","robots":{"index":"index","follow":"follow","max-snippet":"max-snippet:-1","max-image-preview":"max-image-preview:large","max-video-preview":"max-video-preview:-1"},"canonical":"https:\/\/www.oitchau.com.br\/blog\/outubro-rosa\/","og_locale":"pt_BR","og_type":"article","og_title":"Outubro Rosa: por que \u00e9 importante a empresa falar sobre o tema?","og_description":"O Outubro Rosa \u00e9 uma data importante de cidadania e conscientiza\u00e7\u00e3o sobre o c\u00e2ncer de mama. Entenda mais a seguir sobre o tema!","og_url":"https:\/\/www.oitchau.com.br\/blog\/outubro-rosa\/","og_site_name":"Controle de Ponto &amp; Timesheets","article_publisher":"https:\/\/www.facebook.com\/oitchaubr\/","article_published_time":"2023-10-24T19:52:57+00:00","og_image":[{"width":1982,"height":800,"url":"https:\/\/storage.googleapis.com\/oitchaublog\/2023\/10\/819bcf3b-outubro-rosa.png","type":"image\/png"}],"author":"Aline Mesquita","twitter_card":"summary_large_image","twitter_creator":"@oitchaubr","twitter_site":"@oitchaubr","twitter_misc":{"Written by":"Aline Mesquita","Est. reading time":"6 minutos"},"schema":{"@context":"https:\/\/schema.org","@graph":[{"@type":["Article","BlogPosting"],"@id":"https:\/\/www.oitchau.com.br\/blog\/outubro-rosa\/#article","isPartOf":{"@id":"https:\/\/www.oitchau.com.br\/blog\/outubro-rosa\/"},"author":{"name":"Aline Mesquita","@id":"https:\/\/www.oitchau.com.br\/blog\/#\/schema\/person\/40ba65f8664531ffe1465f6cb9d82430"},"headline":"Outubro Rosa: por que \u00e9 importante a empresa falar sobre o tema?","datePublished":"2023-10-24T19:52:57+00:00","dateModified":"2023-10-24T19:52:57+00:00","mainEntityOfPage":{"@id":"https:\/\/www.oitchau.com.br\/blog\/outubro-rosa\/"},"wordCount":1125,"publisher":{"@id":"https:\/\/www.oitchau.com.br\/blog\/#organization"},"image":{"@id":"https:\/\/www.oitchau.com.br\/blog\/outubro-rosa\/#primaryimage"},"thumbnailUrl":"https:\/\/storage.googleapis.com\/oitchaublog\/2023\/10\/819bcf3b-outubro-rosa.png","keywords":["gest\u00e3o de pessoas","outubro rosa","preven\u00e7\u00e3o ao c\u00e2ncer de mama"],"articleSection":["Gest\u00e3o de Projetos"],"inLanguage":"pt-BR"},{"@type":"WebPage","@id":"https:\/\/www.oitchau.com.br\/blog\/outubro-rosa\/","url":"https:\/\/www.oitchau.com.br\/blog\/outubro-rosa\/","name":"Outubro Rosa: por que \u00e9 importante a empresa falar sobre o tema? | Oitchau","isPartOf":{"@id":"https:\/\/www.oitchau.com.br\/blog\/#website"},"primaryImageOfPage":{"@id":"https:\/\/www.oitchau.com.br\/blog\/outubro-rosa\/#primaryimage"},"image":{"@id":"https:\/\/www.oitchau.com.br\/blog\/outubro-rosa\/#primaryimage"},"thumbnailUrl":"https:\/\/storage.googleapis.com\/oitchaublog\/2023\/10\/819bcf3b-outubro-rosa.png","datePublished":"2023-10-24T19:52:57+00:00","dateModified":"2023-10-24T19:52:57+00:00","description":"O Outubro Rosa \u00e9 uma data importante de cidadania e conscientiza\u00e7\u00e3o sobre o c\u00e2ncer de mama. Entenda mais a seguir sobre o tema!","breadcrumb":{"@id":"https:\/\/www.oitchau.com.br\/blog\/outubro-rosa\/#breadcrumb"},"inLanguage":"pt-BR","potentialAction":[{"@type":"ReadAction","target":["https:\/\/www.oitchau.com.br\/blog\/outubro-rosa\/"]}]},{"@type":"ImageObject","inLanguage":"pt-BR","@id":"https:\/\/www.oitchau.com.br\/blog\/outubro-rosa\/#primaryimage","url":"https:\/\/storage.googleapis.com\/oitchaublog\/2023\/10\/819bcf3b-outubro-rosa.png","contentUrl":"https:\/\/storage.googleapis.com\/oitchaublog\/2023\/10\/819bcf3b-outubro-rosa.png","width":1982,"height":800,"caption":"ilustra\u00e7\u00e3o de outubro rosa"},{"@type":"BreadcrumbList","@id":"https:\/\/www.oitchau.com.br\/blog\/outubro-rosa\/#breadcrumb","itemListElement":[{"@type":"ListItem","position":1,"name":"Blog","item":"https:\/\/www.oitchau.com.br\/blog\/"},{"@type":"ListItem","position":2,"name":"Outubro Rosa: por que \u00e9 importante a empresa falar sobre o tema?"}]},{"@type":"WebSite","@id":"https:\/\/www.oitchau.com.br\/blog\/#website","url":"https:\/\/www.oitchau.com.br\/blog\/","name":"Controle de Ponto & Timesheets","description":"","publisher":{"@id":"https:\/\/www.oitchau.com.br\/blog\/#organization"},"potentialAction":[{"@type":"SearchAction","target":{"@type":"EntryPoint","urlTemplate":"https:\/\/www.oitchau.com.br\/blog\/?s={search_term_string}"},"query-input":"required name=search_term_string"}],"inLanguage":"pt-BR"},{"@type":"Organization","@id":"https:\/\/www.oitchau.com.br\/blog\/#organization","name":"Oitchau","url":"https:\/\/www.oitchau.com.br\/blog\/","logo":{"@type":"ImageObject","inLanguage":"pt-BR","@id":"https:\/\/www.oitchau.com.br\/blog\/#\/schema\/logo\/image\/","url":"https:\/\/storage.googleapis.com\/oitchaublog\/2024\/03\/a0e65c6f-design-sem-nome-20.png","contentUrl":"https:\/\/storage.googleapis.com\/oitchaublog\/2024\/03\/a0e65c6f-design-sem-nome-20.png","width":696,"height":696,"caption":"Oitchau"},"image":{"@id":"https:\/\/www.oitchau.com.br\/blog\/#\/schema\/logo\/image\/"},"sameAs":["https:\/\/www.facebook.com\/oitchaubr\/","https:\/\/twitter.com\/oitchaubr","https:\/\/instagram.com\/oitchaubr"],"description":"A Oitchau \u00e9 uma solu\u00e7\u00e3o completa para gest\u00e3o de tempo dos colaboradores, atrav\u00e9s de suas solu\u00e7\u00f5es de controle de ponto & timesheets, ela permite que gestores, RH e DP possam gerenciar desde a jornada de trabalho de funcion\u00e1rios at\u00e9 a gest\u00e3o de tempo em projetos. Elevando o n\u00edvel estrat\u00e9gico do neg\u00f3cio de forma inteligente e assertiva, potencializando seus resultados e garantindo compliance com a Lei.","email":"contato@oitchau.com.br","telephone":"+551142102846","foundingDate":"2016-01-01","numberOfEmployees":{"@type":"QuantitativeValue","minValue":"51","maxValue":"200"}},{"@type":"Person","@id":"https:\/\/www.oitchau.com.br\/blog\/#\/schema\/person\/40ba65f8664531ffe1465f6cb9d82430","name":"Aline Mesquita","url":"https:\/\/www.oitchau.com.br\/blog\/author\/aline\/"}]}},"_links":{"self":[{"href":"https:\/\/www.oitchau.com.br\/blog\/wp-json\/wp\/v2\/posts\/32154"}],"collection":[{"href":"https:\/\/www.oitchau.com.br\/blog\/wp-json\/wp\/v2\/posts"}],"about":[{"href":"https:\/\/www.oitchau.com.br\/blog\/wp-json\/wp\/v2\/types\/post"}],"author":[{"embeddable":true,"href":"https:\/\/www.oitchau.com.br\/blog\/wp-json\/wp\/v2\/users\/11"}],"replies":[{"embeddable":true,"href":"https:\/\/www.oitchau.com.br\/blog\/wp-json\/wp\/v2\/comments?post=32154"}],"version-history":[{"count":2,"href":"https:\/\/www.oitchau.com.br\/blog\/wp-json\/wp\/v2\/posts\/32154\/revisions"}],"predecessor-version":[{"id":32230,"href":"https:\/\/www.oitchau.com.br\/blog\/wp-json\/wp\/v2\/posts\/32154\/revisions\/32230"}],"wp:featuredmedia":[{"embeddable":true,"href":"https:\/\/www.oitchau.com.br\/blog\/wp-json\/wp\/v2\/media\/32228"}],"wp:attachment":[{"href":"https:\/\/www.oitchau.com.br\/blog\/wp-json\/wp\/v2\/media?parent=32154"}],"wp:term":[{"taxonomy":"category","embeddable":true,"href":"https:\/\/www.oitchau.com.br\/blog\/wp-json\/wp\/v2\/categories?post=32154"},{"taxonomy":"post_tag","embeddable":true,"href":"https:\/\/www.oitchau.com.br\/blog\/wp-json\/wp\/v2\/tags?post=32154"}],"curies":[{"name":"wp","href":"https:\/\/api.w.org\/{rel}","templated":true}]}}