{"id":32081,"date":"2023-10-09T17:15:36","date_gmt":"2023-10-09T14:15:36","guid":{"rendered":"https:\/\/www.oitchau.com.br\/blog\/?p=32081"},"modified":"2024-01-23T19:32:22","modified_gmt":"2024-01-23T16:32:22","slug":"calendario-do-pis","status":"publish","type":"post","link":"https:\/\/www.oitchau.com.br\/blog\/calendario-do-pis\/","title":{"rendered":"Calend\u00e1rio do PIS 2024: Confira as datas mais importantes"},"content":{"rendered":"<p><span style=\"font-weight: 400;\">O benef\u00edcio do PIS \u00e9 pago anualmente, com raras exce\u00e7\u00f5es, e divulga previamente as datas de libera\u00e7\u00e3o para os trabalhadores de baixa renda. Assim, \u00e9 importante estar por dentro do calend\u00e1rio do PIS 2024.<\/span><\/p>\n<p><span style=\"font-weight: 400;\">Confira o que j\u00e1 se sabe sobre as pr\u00f3ximas libera\u00e7\u00f5es e tire todas as suas d\u00favidas sobre o PIS. Saiba quem tem direito a ele e obriga\u00e7\u00f5es dos empregadores!<\/span><\/p>\n<ul>\n<li><a href=\"https:\/\/www.oitchau.com.br\/blog\/calendario-do-pis\/#:~:text=calend%C3%A1rio%20PIS%202024%3F-,O%20que%20%C3%A9%20PIS%3F,-Antes%20de%20vermos\"><span style=\"font-weight: 400;\">O que \u00e9 PIS?<\/span><\/a>\n<ul>\n<li><a href=\"https:\/\/www.oitchau.com.br\/blog\/calendario-do-pis\/#:~:text=do%20Servidor%20P%C3%BAblico).-,O%20que%20%C3%A9%20PASEP%3F,-O%20PASEP%20(Programa\"><span style=\"font-weight: 400;\">O que \u00e9 PASEP?<\/span><\/a><\/li>\n<\/ul>\n<\/li>\n<li><a href=\"https:\/\/www.oitchau.com.br\/blog\/calendario-do-pis\/#:~:text=Banco%20do%20Brasil.-,O%20que%20%C3%A9%20ano%2Dbase%20do%20PIS%3F,-Ano%2Dbase%20do\"><span style=\"font-weight: 400;\">O que \u00e9 ano-base do PIS?<\/span><\/a><\/li>\n<li><a href=\"https:\/\/www.oitchau.com.br\/blog\/calendario-do-pis\/#:~:text=o%20Aux%C3%ADlio%20Emergencial.-,Quem%20tem%20direito%20a%20receber%20o%20PIS%3F,-N%C3%A3o%20s%C3%A3o%20todos\"><span style=\"font-weight: 400;\">Quem tem direito a receber o PIS?<\/span><\/a>\n<ul>\n<li><a href=\"https:\/\/www.oitchau.com.br\/blog\/calendario-do-pis\/#:~:text=Veja%20quais%20s%C3%A3o.-,Cadastro%20no%20PIS,-O%20trabalhador%20deve\"><span style=\"font-weight: 400;\">Cadastro no PIS<\/span><\/a><\/li>\n<li><a href=\"https:\/\/www.oitchau.com.br\/blog\/calendario-do-pis\/#:~:text=programa%20at%C3%A9%202019.-,Remunera%C3%A7%C3%A3o%20m%C3%A9dia,-No%20ano%2Dbase\"><span style=\"font-weight: 400;\">Remunera\u00e7\u00e3o m\u00e9dia<\/span><\/a><\/li>\n<li><a href=\"https:\/\/www.oitchau.com.br\/blog\/calendario-do-pis\/#:~:text=m%C3%ADnimos%20por%20m%C3%AAs.-,Tempo%20de%20trabalho,-%C3%89%20necess%C3%A1rio%20ter\"><span style=\"font-weight: 400;\">Tempo de trabalho<\/span><\/a><\/li>\n<li><a href=\"https:\/\/www.oitchau.com.br\/blog\/calendario-do-pis\/#:~:text=precisam%20ser%20consecutivos.-,Informa%C3%A7%C3%B5es%20na%20RAIS,-As%20informa%C3%A7%C3%B5es%20referentes\"><span style=\"font-weight: 400;\">Informa\u00e7\u00f5es na RAIS<\/span><\/a><\/li>\n<li><a href=\"https:\/\/www.oitchau.com.br\/blog\/calendario-do-pis\/#:~:text=ano%2Dbase%20anterior.-,Regime%20de%20contrata%C3%A7%C3%A3o,-O%20benef%C3%ADcio%20se\"><span style=\"font-weight: 400;\">Regime de contrata\u00e7\u00e3o<\/span><\/a><\/li>\n<\/ul>\n<\/li>\n<li><a href=\"https:\/\/www.oitchau.com.br\/blog\/calendario-do-pis\/#:~:text=regime%20da%20CLT.-,Quem%20n%C3%A3o%20tem%20direito%20ao%20PIS%3F,-Algumas%20categorias%20de\"><span style=\"font-weight: 400;\">Quem n\u00e3o tem direito ao PIS?<\/span><\/a><\/li>\n<li><a href=\"https:\/\/www.oitchau.com.br\/blog\/calendario-do-pis\/#:~:text=direito%20ao%20PIS.-,Qual%20%C3%A9%20o%20valor%20do%20PIS%3F,-O%20valor%20do\"><span style=\"font-weight: 400;\">Qual \u00e9 o valor do PIS?<\/span><\/a><\/li>\n<li><a href=\"https:\/\/www.oitchau.com.br\/blog\/calendario-do-pis\/#:~:text=nas%20proje%C3%A7%C3%B5es%20financeiras.-,Quais%20s%C3%A3o%20as%20responsabilidades%20do%20empregador%20com%20o%20PIS%202024%3F,-O%20empregador%20tem\"><span style=\"font-weight: 400;\">Quais s\u00e3o as responsabilidades do empregador com o PIS 2024?<\/span><\/a>\n<ul>\n<li><a href=\"https:\/\/www.oitchau.com.br\/blog\/calendario-do-pis\/#:~:text=quais%20s%C3%A3o%20eles.-,Registro%20dos%20colaboradores,-Primeiramente%2C%20o%20empregador\"><span style=\"font-weight: 400;\">Registro dos colaboradores<\/span><\/a><\/li>\n<li><a href=\"https:\/\/www.oitchau.com.br\/blog\/calendario-do-pis\/#:~:text=tempo%20de%20servi%C3%A7o.-,Informa%C3%A7%C3%B5es%20sobre%20altera%C3%A7%C3%B5es%20contratuais,-Aos%20empregadores%20tamb%C3%A9m\"><span style=\"font-weight: 400;\">Informa\u00e7\u00f5es sobre altera\u00e7\u00f5es contratuais<\/span><\/a><\/li>\n<li><a href=\"https:\/\/www.oitchau.com.br\/blog\/calendario-do-pis\/#:~:text=salarial%20do%20trabalhador.-,Entrega%20da%20RAIS,-Por%20fim%2C%20ao\"><span style=\"font-weight: 400;\">Entrega da RAIS<\/span><\/a><\/li>\n<\/ul>\n<\/li>\n<li><a href=\"https:\/\/www.oitchau.com.br\/blog\/calendario-do-pis\/#:~:text=do%20PIS.-,Quais%20s%C3%A3o%20as%20datas%20do%20calend%C3%A1rio%20PIS%202024%3F,-No%20ano%20de\"><span style=\"font-weight: 400;\">Quais s\u00e3o as datas do calend\u00e1rio PIS 2024?<\/span><\/a><\/li>\n<\/ul>\n<h2><b>O que \u00e9 PIS?<\/b><\/h2>\n<p><span style=\"font-weight: 400;\">Antes de vermos o calend\u00e1rio do PIS 2024, \u00e9 importante determinar o que \u00e9 essa sigla. Ela representa o<\/span><a href=\"https:\/\/www.oitchau.com.br\/blog\/pis-o-que-e-e-por-que-seus-colaboradores-precisam\/\"> <span style=\"font-weight: 400;\">Programa de Integra\u00e7\u00e3o Social<\/span><\/a><span style=\"font-weight: 400;\">.\u00a0<\/span><\/p>\n<p><span style=\"font-weight: 400;\">Do mesmo modo, tamb\u00e9m representa um b\u00f4nus salarial que \u00e9 pago, anualmente, aos trabalhadores de baixa renda.<\/span><\/p>\n<p><span style=\"font-weight: 400;\">\n\t\t<!--HubSpot Call-to-Action Code -->\n\t\t<span class=\"hs-cta-wrapper\" id=\"hs-cta-wrapper-86cee452-bec2-49bb-aa7c-a99f6a93f20f\">\n\t\t<span class=\"hs-cta-node hs-cta-86cee452-bec2-49bb-aa7c-a99f6a93f20f\" id=\"86cee452-bec2-49bb-aa7c-a99f6a93f20f\">\n\t\t<!--[if lte IE 8]>\n\t\t<div id=\"hs-cta-ie-element\"><\/div>\n\t\t<![endif]-->\n\t\t<a href=\"https:\/\/cta-redirect.hubspot.com\/cta\/redirect\/20984162\/86cee452-bec2-49bb-aa7c-a99f6a93f20f\" >\n\t\t<img decoding=\"async\" class=\"hs-cta-img\" id=\"hs-cta-img-86cee452-bec2-49bb-aa7c-a99f6a93f20f\" style=\"border-width:0px;\" src=\"https:\/\/no-cache.hubspot.com\/cta\/default\/20984162\/86cee452-bec2-49bb-aa7c-a99f6a93f20f.png\"  alt=\"New call-to-action\"\/>\n\t\t<\/a>\n\t\t<\/span>\n\t\t<script charset=\"utf-8\" src=\"\/\/js.hubspot.com\/cta\/current.js\"><\/script>\n\t\t<script>\n\t\thbspt.cta.load(20984162, '86cee452-bec2-49bb-aa7c-a99f6a93f20f', {});\n\t\t<\/script>\n\t\t<\/span>\n\t\t<!-- end HubSpot Call-to-Action Code -->\n\t\t<\/span><\/p>\n<p><span style=\"font-weight: 400;\">Com isso, \u00e9 como se ele garantisse aos empregados que cumpram com as regras do abono, um d\u00e9cimo quarto sal\u00e1rio. O pagamento \u00e9 anual, embora n\u00e3o tenha acontecido em 2021.<\/span><\/p>\n<p><span style=\"font-weight: 400;\">O PIS se volta aos trabalhadores da iniciativa privada. Por outro lado, os servidores p\u00fablicos de baixa renda tamb\u00e9m possuem um abono, que \u00e9 o PASEP (Programa de Forma\u00e7\u00e3o do Patrim\u00f4nio do Servidor P\u00fablico).<\/span><\/p>\n<h3><strong>O que \u00e9 PASEP?<\/strong><\/h3>\n<p><span style=\"font-weight: 400;\">O PASEP (Programa de Forma\u00e7\u00e3o do Patrim\u00f4nio do Servidor P\u00fablico) \u00e9 um programa brasileiro que funcionava de maneira semelhante ao PIS (Programa de Integra\u00e7\u00e3o Social).\u00a0<\/span><\/p>\n<p><span style=\"font-weight: 400;\">Ambos os programas foram criados com o objetivo de integrar o empregado na vida e no desenvolvimento das empresas, permitindo que participassem da distribui\u00e7\u00e3o dos lucros das empresas e contribu\u00edssem para o financiamento do desenvolvimento econ\u00f4mico do pa\u00eds.<\/span><\/p>\n<p><span style=\"font-weight: 400;\">Assim, diferente do PIS, que \u00e9 destinado aos trabalhadores do setor privado, o PASEP \u00e9 voltado para servidores p\u00fablicos federais, estaduais e municipais.\u00a0<\/span><\/p>\n<p><span style=\"font-weight: 400;\">Al\u00e9m disso, enquanto o PIS \u00e9 administrado pela Caixa Econ\u00f4mica Federal, o PASEP \u00e9 gerido pelo Banco do Brasil.<\/span><\/p>\n<h2><b>O que \u00e9 ano-base do PIS?<\/b><\/h2>\n<p><span style=\"font-weight: 400;\">Ano-base do abono salarial corresponde ao ano ao qual o pagamento do<\/span><a href=\"https:\/\/www.oitchau.com.br\/blog\/abono-salarial-o-que-e-e-quem-tem-direito\/\"> <span style=\"font-weight: 400;\">abono salarial<\/span><\/a><span style=\"font-weight: 400;\"> diz respeito. Ele \u00e9 importante para a defini\u00e7\u00e3o de quem recebe e das datas, inclusive do calend\u00e1rio do PIS 2024.<\/span><\/p>\n<p><span style=\"font-weight: 400;\">O pagamento do abono salarial n\u00e3o ocorre no mesmo ano ao qual ele diz respeito, mas sim a um ano anterior \u00e0 libera\u00e7\u00e3o dele.<\/span><\/p>\n<p><span style=\"font-weight: 400;\">Isso \u00e9 necess\u00e1rio para que ele ocorra com base em informa\u00e7\u00f5es completas (an\u00e1lise salarial, tempo de trabalho, etc.).<\/span><\/p>\n<p><span style=\"font-weight: 400;\">Assim, geralmente os pagamentos dizem respeito ao ano imediatamente anterior. Por exemplo, em 2020 a libera\u00e7\u00e3o tinha como ano-base 2019.<\/span><\/p>\n<p><span style=\"font-weight: 400;\">Todavia, \u00e9 poss\u00edvel que haja atrasos no pagamento. Esse \u00e9 o caso do que aconteceu em 2021, quando houve adiamento dele pela necessidade de recursos para o Aux\u00edlio Emergencial.<\/span><\/p>\n<h2><b>Quem tem direito a receber o PIS 2024?<\/b><\/h2>\n<p><span style=\"font-weight: 400;\">N\u00e3o s\u00e3o todos os trabalhadores que podem receber o abono salarial, mas apenas aqueles que preencherem os requisitos do benef\u00edcio.\u00a0<\/span><\/p>\n<p><span style=\"font-weight: 400;\">Veja quais s\u00e3o.<\/span><\/p>\n<h3><span style=\"font-weight: 400;\">Cadastro no PIS<\/span><\/h3>\n<p><span style=\"font-weight: 400;\">O trabalhador deve estar cadastrado no PIS h\u00e1 pelo menos cinco anos. Isso significa que, para receber o PIS em 2024, o trabalhador precisa ter sido cadastrado no programa at\u00e9 2019.<\/span><\/p>\n<h3><span style=\"font-weight: 400;\">Remunera\u00e7\u00e3o m\u00e9dia<\/span><\/h3>\n<p><span style=\"font-weight: 400;\">No ano-base, a remunera\u00e7\u00e3o m\u00e9dia do trabalhador n\u00e3o deve ter ultrapassado dois sal\u00e1rios m\u00ednimos por m\u00eas.<\/span><\/p>\n<h3><span style=\"font-weight: 400;\">Tempo de trabalho<\/span><\/h3>\n<p><span style=\"font-weight: 400;\">\u00c9 necess\u00e1rio ter exercido atividade remunerada por pelo menos 30 dias no ano-base. Esses dias de trabalho n\u00e3o precisam ser consecutivos.<\/span><\/p>\n<h3><span style=\"font-weight: 400;\">Informa\u00e7\u00f5es na RAIS<\/span><\/h3>\n<p><span style=\"font-weight: 400;\">As informa\u00e7\u00f5es referentes ao trabalhador devem ter sido corretamente informadas pelo empregador na RAIS (Rela\u00e7\u00e3o Anual de Informa\u00e7\u00f5es Sociais) do ano-base anterior.<\/span><\/p>\n<h3><span style=\"font-weight: 400;\">Regime de contrata\u00e7\u00e3o<\/span><\/h3>\n<p><span style=\"font-weight: 400;\">O benef\u00edcio se aplica a trabalhadores de empresas privadas contratados sob o regime da CLT.<\/span><\/p>\n<h2><span style=\"font-weight: 400;\">Quem n\u00e3o tem direito ao PIS?<\/span><\/h2>\n<p><span style=\"font-weight: 400;\">Algumas categorias de trabalhadores n\u00e3o t\u00eam direito ao recebimento do PIS, conforme definido pela legisla\u00e7\u00e3o brasileira. Estas incluem:<\/span><\/p>\n<ul>\n<li style=\"font-weight: 400;\" aria-level=\"1\"><span style=\"font-weight: 400;\">Trabalhadores urbanos e rurais vinculados a empregador pessoa f\u00edsica: trabalhadores que prestam servi\u00e7os a pessoas f\u00edsicas n\u00e3o s\u00e3o eleg\u00edveis ao PIS;<\/span><\/li>\n<li style=\"font-weight: 400;\" aria-level=\"1\"><span style=\"font-weight: 400;\">Trabalhadores dom\u00e9sticos: mesmo que formalizados, n\u00e3o possuem direito ao PIS, pois s\u00e3o vinculados a empregadores pessoa f\u00edsica;<\/span><\/li>\n<li style=\"font-weight: 400;\" aria-level=\"1\"><span style=\"font-weight: 400;\">Menores aprendizes: embora estejam formalizados, os menores aprendizes n\u00e3o t\u00eam direito ao PIS devido \u00e0 natureza espec\u00edfica de seu contrato de trabalho;<\/span><\/li>\n<li style=\"font-weight: 400;\" aria-level=\"1\"><span style=\"font-weight: 400;\">Trabalhadores sem cadastro no PIS por no m\u00ednimo cinco anos: o trabalhador deve estar inscrito no PIS\/PASEP h\u00e1 pelo menos cinco anos para ter direito ao benef\u00edcio;<\/span><\/li>\n<li style=\"font-weight: 400;\" aria-level=\"1\"><span style=\"font-weight: 400;\">Trabalhadores que n\u00e3o trabalharam com carteira assinada por pelo menos 30 dias no ano-base: \u00e9 necess\u00e1rio ter trabalhado formalmente por no m\u00ednimo 30 dias no ano anterior ao pagamento para ter direito ao PIS.<\/span><\/li>\n<\/ul>\n<h2><b>Qual \u00e9 o valor do PIS?<\/b><\/h2>\n<p><span style=\"font-weight: 400;\">O valor do PIS em 2024 \u00e9 determinado com base no sal\u00e1rio m\u00ednimo vigente e na quantidade de meses trabalhados no ano-base anterior. Assim, o c\u00e1lculo do valor do PIS segue a seguinte regra:<\/span><\/p>\n<ul>\n<li style=\"font-weight: 400;\" aria-level=\"1\"><span style=\"font-weight: 400;\">O valor m\u00e1ximo \u00e9 igual a um sal\u00e1rio m\u00ednimo;<\/span><\/li>\n<li style=\"font-weight: 400;\" aria-level=\"1\"><span style=\"font-weight: 400;\">O valor \u00e9 proporcional ao n\u00famero de meses trabalhados no ano-base. Por exemplo, se um trabalhador atuou durante 6 meses no ano-base, ele receber\u00e1 metade do valor do sal\u00e1rio m\u00ednimo;<\/span><\/li>\n<\/ul>\n<p><span style=\"font-weight: 400;\">No entanto, apesar do valor do sal\u00e1rio m\u00ednimo em 2024 j\u00e1 ter sido aprovado em R$ 1412, ainda existem d\u00favidas sobre o c\u00e1lculo do valor do PIS com base nas proje\u00e7\u00f5es financeiras.<\/span><\/p>\n<h2><b>Quais s\u00e3o as responsabilidades do empregador com o PIS 2024?<\/b><\/h2>\n<p><span style=\"font-weight: 400;\">O empregador tem importantes deveres em rela\u00e7\u00e3o ao abono salarial que o trabalhador recebe. Veja quais s\u00e3o eles.<\/span><\/p>\n<h3><b>Registro dos colaboradores<\/b><\/h3>\n<p><span style=\"font-weight: 400;\">Primeiramente, o empregador deve manter o registro correto dos trabalhadores nos canais de comunica\u00e7\u00e3o com as autoridades trabalhistas.<\/span><\/p>\n<p><span style=\"font-weight: 400;\">Isto \u00e9, no<\/span><a href=\"https:\/\/www.oitchau.com.br\/blog\/conectividade-social-icp\/\"> <span style=\"font-weight: 400;\">Conectividade Social<\/span><\/a><span style=\"font-weight: 400;\"> e, tamb\u00e9m, no eSocial. Esses dados s\u00e3o relevantes para determinar quem tem direito ao PIS, como em rela\u00e7\u00e3o \u00e0s quest\u00f5es salariais e de tempo de servi\u00e7o.<\/span><\/p>\n<h3><b>Informa\u00e7\u00f5es sobre altera\u00e7\u00f5es contratuais<\/b><\/h3>\n<p><span style=\"font-weight: 400;\">Aos empregadores tamb\u00e9m cabe realizar a informa\u00e7\u00e3o de toda e qualquer altera\u00e7\u00e3o contratual.<\/span><\/p>\n<p><span style=\"font-weight: 400;\">Isso impacta no direito ao PIS, especialmente no que se refere \u00e0 manuten\u00e7\u00e3o do contrato e \u00e0 m\u00e9dia salarial do trabalhador.<\/span><\/p>\n<h3><b>Entrega da RAIS<\/b><\/h3>\n<p><span style=\"font-weight: 400;\">Por fim, ao empregador cabe entregar anualmente a RAIS para as autoridades trabalhistas. Esse documento traz uma rela\u00e7\u00e3o de trabalhadores e direciona o<\/span><a href=\"https:\/\/www.oitchau.com.br\/blog\/cofins-e-pis-como-devem-ser-calculados\/\"> <span style=\"font-weight: 400;\">pagamento do PIS<\/span><\/a><span style=\"font-weight: 400;\">.<\/span><\/p>\n<h2><b>Quais s\u00e3o as datas do calend\u00e1rio PIS 2024?<\/b><\/h2>\n<p><span style=\"font-weight: 400;\">No ano de 2024 pr\u00f3ximo ano v\u00e3o ocorrer as libera\u00e7\u00f5es das parcelas do PIS e do Pasep com ano-base 2022, com este calend\u00e1rio de pagamentos:<\/span><\/p>\n<table>\n<tbody>\n<tr>\n<td><b>M\u00eas de Nascimento<\/b><\/td>\n<td><b>Recebem a partir de<\/b><\/td>\n<td><b>Recebem at\u00e9<\/b><\/td>\n<\/tr>\n<tr>\n<td><span style=\"font-weight: 400;\">Janeiro<\/span><\/td>\n<td><span style=\"font-weight: 400;\">15 de Fevereiro<\/span><\/td>\n<td><span style=\"font-weight: 400;\">27 de Dezembro<\/span><\/td>\n<\/tr>\n<tr>\n<td><span style=\"font-weight: 400;\">Fevereiro<\/span><\/td>\n<td><span style=\"font-weight: 400;\">15 de Mar\u00e7o<\/span><\/td>\n<td><span style=\"font-weight: 400;\">27 de Dezembro<\/span><\/td>\n<\/tr>\n<tr>\n<td><span style=\"font-weight: 400;\">Mar\u00e7o<\/span><\/td>\n<td><span style=\"font-weight: 400;\">15 de Abril<\/span><\/td>\n<td><span style=\"font-weight: 400;\">27 de Dezembro<\/span><\/td>\n<\/tr>\n<tr>\n<td><span style=\"font-weight: 400;\">Abril<\/span><\/td>\n<td><span style=\"font-weight: 400;\">15 de Abril<\/span><\/td>\n<td><span style=\"font-weight: 400;\">27 de Dezembro<\/span><\/td>\n<\/tr>\n<tr>\n<td><span style=\"font-weight: 400;\">Maio<\/span><\/td>\n<td><span style=\"font-weight: 400;\">15 de Maio<\/span><\/td>\n<td><span style=\"font-weight: 400;\">27 de Dezembro<\/span><\/td>\n<\/tr>\n<tr>\n<td><span style=\"font-weight: 400;\">Junho<\/span><\/td>\n<td><span style=\"font-weight: 400;\">15 de Maio<\/span><\/td>\n<td><span style=\"font-weight: 400;\">27 de Dezembro<\/span><\/td>\n<\/tr>\n<tr>\n<td><span style=\"font-weight: 400;\">Julho<\/span><\/td>\n<td><span style=\"font-weight: 400;\">17 de Junho<\/span><\/td>\n<td><span style=\"font-weight: 400;\">27 de Dezembro<\/span><\/td>\n<\/tr>\n<tr>\n<td><span style=\"font-weight: 400;\">Agosto<\/span><\/td>\n<td><span style=\"font-weight: 400;\">17 de Junho<\/span><\/td>\n<td><span style=\"font-weight: 400;\">27 de Dezembro<\/span><\/td>\n<\/tr>\n<tr>\n<td><span style=\"font-weight: 400;\">Setembro<\/span><\/td>\n<td><span style=\"font-weight: 400;\">15 de Julho<\/span><\/td>\n<td><span style=\"font-weight: 400;\">27 de Dezembro<\/span><\/td>\n<\/tr>\n<tr>\n<td><span style=\"font-weight: 400;\">Outubro<\/span><\/td>\n<td><span style=\"font-weight: 400;\">15 de Julho<\/span><\/td>\n<td><span style=\"font-weight: 400;\">27 de Dezembro<\/span><\/td>\n<\/tr>\n<tr>\n<td><span style=\"font-weight: 400;\">Novembro<\/span><\/td>\n<td><span style=\"font-weight: 400;\">15 de Agosto<\/span><\/td>\n<td><span style=\"font-weight: 400;\">27 de Dezembro<\/span><\/td>\n<\/tr>\n<tr>\n<td><span style=\"font-weight: 400;\">Dezembro<\/span><\/td>\n<td><span style=\"font-weight: 400;\">15 de Agosto<\/span><\/td>\n<td><span style=\"font-weight: 400;\">27 de Dezembro<\/span><\/td>\n<\/tr>\n<\/tbody>\n<\/table>\n<p><span style=\"font-weight: 400;\">\n\t\t<!--HubSpot Call-to-Action Code -->\n\t\t<span class=\"hs-cta-wrapper\" id=\"hs-cta-wrapper-959cb07d-ca53-460c-a412-b4c81d2c1122\">\n\t\t<span class=\"hs-cta-node hs-cta-959cb07d-ca53-460c-a412-b4c81d2c1122\" id=\"959cb07d-ca53-460c-a412-b4c81d2c1122\">\n\t\t<!--[if lte IE 8]>\n\t\t<div id=\"hs-cta-ie-element\"><\/div>\n\t\t<![endif]-->\n\t\t<a href=\"https:\/\/cta-redirect.hubspot.com\/cta\/redirect\/20984162\/959cb07d-ca53-460c-a412-b4c81d2c1122\" >\n\t\t<img decoding=\"async\" class=\"hs-cta-img\" id=\"hs-cta-img-959cb07d-ca53-460c-a412-b4c81d2c1122\" style=\"border-width:0px;\" src=\"https:\/\/no-cache.hubspot.com\/cta\/default\/20984162\/959cb07d-ca53-460c-a412-b4c81d2c1122.png\"  alt=\"New call-to-action\"\/>\n\t\t<\/a>\n\t\t<\/span>\n\t\t<script charset=\"utf-8\" src=\"\/\/js.hubspot.com\/cta\/current.js\"><\/script>\n\t\t<script>\n\t\thbspt.cta.load(20984162, '959cb07d-ca53-460c-a412-b4c81d2c1122', {});\n\t\t<\/script>\n\t\t<\/span>\n\t\t<!-- end HubSpot Call-to-Action Code -->\n\t\t<\/span><\/p>\n","protected":false},"excerpt":{"rendered":"<p>O benef\u00edcio do PIS \u00e9 pago anualmente, com raras exce\u00e7\u00f5es, e divulga previamente as datas de libera\u00e7\u00e3o para os trabalhadores de baixa renda. Assim, \u00e9 importante estar por dentro do calend\u00e1rio do PIS 2024. Confira o que j\u00e1 se sabe sobre as pr\u00f3ximas libera\u00e7\u00f5es e tire todas as suas d\u00favidas sobre o PIS. Saiba quem [&hellip;]<\/p>\n","protected":false},"author":11,"featured_media":32143,"comment_status":"closed","ping_status":"open","sticky":false,"template":"","format":"standard","meta":{"content-type":"","footnotes":""},"categories":[1789],"tags":[],"yoast_head":"<!-- This site is optimized with the Yoast SEO Premium plugin v22.2 (Yoast SEO v22.2) - https:\/\/yoast.com\/wordpress\/plugins\/seo\/ -->\n<title>Calend\u00e1rio do PIS 2024: Confira as datas mais importantes | Oitchau<\/title>\n<meta name=\"description\" content=\"O calend\u00e1rio do PIS 2024 \u00e9 uma data importante que deve ser lembrada e acompanhada pelos colaboradores e pelas empresas tamb\u00e9m. Saiba mais a seguir!\" \/>\n<meta name=\"robots\" content=\"index, follow, max-snippet:-1, max-image-preview:large, max-video-preview:-1\" \/>\n<link rel=\"canonical\" href=\"https:\/\/www.oitchau.com.br\/blog\/calendario-do-pis\/\" \/>\n<meta property=\"og:locale\" content=\"pt_BR\" \/>\n<meta property=\"og:type\" content=\"article\" \/>\n<meta property=\"og:title\" content=\"Calend\u00e1rio do PIS 2024: Confira as datas mais importantes\" \/>\n<meta property=\"og:description\" content=\"O calend\u00e1rio do PIS 2024 \u00e9 uma data importante que deve ser lembrada e acompanhada pelos colaboradores e pelas empresas tamb\u00e9m. Saiba mais a seguir!\" \/>\n<meta property=\"og:url\" content=\"https:\/\/www.oitchau.com.br\/blog\/calendario-do-pis\/\" \/>\n<meta property=\"og:site_name\" content=\"Controle de Ponto &amp; Timesheets\" \/>\n<meta property=\"article:publisher\" content=\"https:\/\/www.facebook.com\/oitchaubr\/\" \/>\n<meta property=\"article:published_time\" content=\"2023-10-09T14:15:36+00:00\" \/>\n<meta property=\"article:modified_time\" content=\"2024-01-23T16:32:22+00:00\" \/>\n<meta property=\"og:image\" content=\"https:\/\/storage.googleapis.com\/oitchaublog\/2023\/10\/e8413897-calendario-do-pis.png\" \/>\n\t<meta property=\"og:image:width\" content=\"1982\" \/>\n\t<meta property=\"og:image:height\" content=\"800\" \/>\n\t<meta property=\"og:image:type\" content=\"image\/png\" \/>\n<meta name=\"author\" content=\"Aline Mesquita\" \/>\n<meta name=\"twitter:card\" content=\"summary_large_image\" \/>\n<meta name=\"twitter:creator\" content=\"@oitchaubr\" \/>\n<meta name=\"twitter:site\" content=\"@oitchaubr\" \/>\n<meta name=\"twitter:label1\" content=\"Written by\" \/>\n\t<meta name=\"twitter:data1\" content=\"Aline Mesquita\" \/>\n\t<meta name=\"twitter:label2\" content=\"Est. reading time\" \/>\n\t<meta name=\"twitter:data2\" content=\"6 minutos\" \/>\n<script type=\"application\/ld+json\" class=\"yoast-schema-graph\">{\"@context\":\"https:\/\/schema.org\",\"@graph\":[{\"@type\":[\"Article\",\"BlogPosting\"],\"@id\":\"https:\/\/www.oitchau.com.br\/blog\/calendario-do-pis\/#article\",\"isPartOf\":{\"@id\":\"https:\/\/www.oitchau.com.br\/blog\/calendario-do-pis\/\"},\"author\":{\"name\":\"Aline Mesquita\",\"@id\":\"https:\/\/www.oitchau.com.br\/blog\/#\/schema\/person\/40ba65f8664531ffe1465f6cb9d82430\"},\"headline\":\"Calend\u00e1rio do PIS 2024: Confira as datas mais importantes\",\"datePublished\":\"2023-10-09T14:15:36+00:00\",\"dateModified\":\"2024-01-23T16:32:22+00:00\",\"mainEntityOfPage\":{\"@id\":\"https:\/\/www.oitchau.com.br\/blog\/calendario-do-pis\/\"},\"wordCount\":1253,\"publisher\":{\"@id\":\"https:\/\/www.oitchau.com.br\/blog\/#organization\"},\"image\":{\"@id\":\"https:\/\/www.oitchau.com.br\/blog\/calendario-do-pis\/#primaryimage\"},\"thumbnailUrl\":\"https:\/\/storage.googleapis.com\/oitchaublog\/2023\/10\/e8413897-calendario-do-pis.png\",\"articleSection\":[\"Contabilidade\"],\"inLanguage\":\"pt-BR\"},{\"@type\":\"WebPage\",\"@id\":\"https:\/\/www.oitchau.com.br\/blog\/calendario-do-pis\/\",\"url\":\"https:\/\/www.oitchau.com.br\/blog\/calendario-do-pis\/\",\"name\":\"Calend\u00e1rio do PIS 2024: Confira as datas mais importantes | Oitchau\",\"isPartOf\":{\"@id\":\"https:\/\/www.oitchau.com.br\/blog\/#website\"},\"primaryImageOfPage\":{\"@id\":\"https:\/\/www.oitchau.com.br\/blog\/calendario-do-pis\/#primaryimage\"},\"image\":{\"@id\":\"https:\/\/www.oitchau.com.br\/blog\/calendario-do-pis\/#primaryimage\"},\"thumbnailUrl\":\"https:\/\/storage.googleapis.com\/oitchaublog\/2023\/10\/e8413897-calendario-do-pis.png\",\"datePublished\":\"2023-10-09T14:15:36+00:00\",\"dateModified\":\"2024-01-23T16:32:22+00:00\",\"description\":\"O calend\u00e1rio do PIS 2024 \u00e9 uma data importante que deve ser lembrada e acompanhada pelos colaboradores e pelas empresas tamb\u00e9m. Saiba mais a seguir!\",\"breadcrumb\":{\"@id\":\"https:\/\/www.oitchau.com.br\/blog\/calendario-do-pis\/#breadcrumb\"},\"inLanguage\":\"pt-BR\",\"potentialAction\":[{\"@type\":\"ReadAction\",\"target\":[\"https:\/\/www.oitchau.com.br\/blog\/calendario-do-pis\/\"]}]},{\"@type\":\"ImageObject\",\"inLanguage\":\"pt-BR\",\"@id\":\"https:\/\/www.oitchau.com.br\/blog\/calendario-do-pis\/#primaryimage\",\"url\":\"https:\/\/storage.googleapis.com\/oitchaublog\/2023\/10\/e8413897-calendario-do-pis.png\",\"contentUrl\":\"https:\/\/storage.googleapis.com\/oitchaublog\/2023\/10\/e8413897-calendario-do-pis.png\",\"width\":1982,\"height\":800,\"caption\":\"ilustra\u00e7\u00e3o de calend\u00e1rio do pis\"},{\"@type\":\"BreadcrumbList\",\"@id\":\"https:\/\/www.oitchau.com.br\/blog\/calendario-do-pis\/#breadcrumb\",\"itemListElement\":[{\"@type\":\"ListItem\",\"position\":1,\"name\":\"Blog\",\"item\":\"https:\/\/www.oitchau.com.br\/blog\/\"},{\"@type\":\"ListItem\",\"position\":2,\"name\":\"Calend\u00e1rio do PIS 2024: Confira as datas mais importantes\"}]},{\"@type\":\"WebSite\",\"@id\":\"https:\/\/www.oitchau.com.br\/blog\/#website\",\"url\":\"https:\/\/www.oitchau.com.br\/blog\/\",\"name\":\"Controle de Ponto & Timesheets\",\"description\":\"\",\"publisher\":{\"@id\":\"https:\/\/www.oitchau.com.br\/blog\/#organization\"},\"potentialAction\":[{\"@type\":\"SearchAction\",\"target\":{\"@type\":\"EntryPoint\",\"urlTemplate\":\"https:\/\/www.oitchau.com.br\/blog\/?s={search_term_string}\"},\"query-input\":\"required name=search_term_string\"}],\"inLanguage\":\"pt-BR\"},{\"@type\":\"Organization\",\"@id\":\"https:\/\/www.oitchau.com.br\/blog\/#organization\",\"name\":\"Oitchau\",\"url\":\"https:\/\/www.oitchau.com.br\/blog\/\",\"logo\":{\"@type\":\"ImageObject\",\"inLanguage\":\"pt-BR\",\"@id\":\"https:\/\/www.oitchau.com.br\/blog\/#\/schema\/logo\/image\/\",\"url\":\"https:\/\/storage.googleapis.com\/oitchaublog\/2024\/03\/a0e65c6f-design-sem-nome-20.png\",\"contentUrl\":\"https:\/\/storage.googleapis.com\/oitchaublog\/2024\/03\/a0e65c6f-design-sem-nome-20.png\",\"width\":696,\"height\":696,\"caption\":\"Oitchau\"},\"image\":{\"@id\":\"https:\/\/www.oitchau.com.br\/blog\/#\/schema\/logo\/image\/\"},\"sameAs\":[\"https:\/\/www.facebook.com\/oitchaubr\/\",\"https:\/\/twitter.com\/oitchaubr\",\"https:\/\/instagram.com\/oitchaubr\"],\"description\":\"A Oitchau \u00e9 uma solu\u00e7\u00e3o completa para gest\u00e3o de tempo dos colaboradores, atrav\u00e9s de suas solu\u00e7\u00f5es de controle de ponto & timesheets, ela permite que gestores, RH e DP possam gerenciar desde a jornada de trabalho de funcion\u00e1rios at\u00e9 a gest\u00e3o de tempo em projetos. Elevando o n\u00edvel estrat\u00e9gico do neg\u00f3cio de forma inteligente e assertiva, potencializando seus resultados e garantindo compliance com a Lei.\",\"email\":\"contato@oitchau.com.br\",\"telephone\":\"+551142102846\",\"foundingDate\":\"2016-01-01\",\"numberOfEmployees\":{\"@type\":\"QuantitativeValue\",\"minValue\":\"51\",\"maxValue\":\"200\"}},{\"@type\":\"Person\",\"@id\":\"https:\/\/www.oitchau.com.br\/blog\/#\/schema\/person\/40ba65f8664531ffe1465f6cb9d82430\",\"name\":\"Aline Mesquita\",\"url\":\"https:\/\/www.oitchau.com.br\/blog\/author\/aline\/\"}]}<\/script>\n<!-- \/ Yoast SEO Premium plugin. -->","yoast_head_json":{"title":"Calend\u00e1rio do PIS 2024: Confira as datas mais importantes | Oitchau","description":"O calend\u00e1rio do PIS 2024 \u00e9 uma data importante que deve ser lembrada e acompanhada pelos colaboradores e pelas empresas tamb\u00e9m. Saiba mais a seguir!","robots":{"index":"index","follow":"follow","max-snippet":"max-snippet:-1","max-image-preview":"max-image-preview:large","max-video-preview":"max-video-preview:-1"},"canonical":"https:\/\/www.oitchau.com.br\/blog\/calendario-do-pis\/","og_locale":"pt_BR","og_type":"article","og_title":"Calend\u00e1rio do PIS 2024: Confira as datas mais importantes","og_description":"O calend\u00e1rio do PIS 2024 \u00e9 uma data importante que deve ser lembrada e acompanhada pelos colaboradores e pelas empresas tamb\u00e9m. Saiba mais a seguir!","og_url":"https:\/\/www.oitchau.com.br\/blog\/calendario-do-pis\/","og_site_name":"Controle de Ponto &amp; Timesheets","article_publisher":"https:\/\/www.facebook.com\/oitchaubr\/","article_published_time":"2023-10-09T14:15:36+00:00","article_modified_time":"2024-01-23T16:32:22+00:00","og_image":[{"width":1982,"height":800,"url":"https:\/\/storage.googleapis.com\/oitchaublog\/2023\/10\/e8413897-calendario-do-pis.png","type":"image\/png"}],"author":"Aline Mesquita","twitter_card":"summary_large_image","twitter_creator":"@oitchaubr","twitter_site":"@oitchaubr","twitter_misc":{"Written by":"Aline Mesquita","Est. reading time":"6 minutos"},"schema":{"@context":"https:\/\/schema.org","@graph":[{"@type":["Article","BlogPosting"],"@id":"https:\/\/www.oitchau.com.br\/blog\/calendario-do-pis\/#article","isPartOf":{"@id":"https:\/\/www.oitchau.com.br\/blog\/calendario-do-pis\/"},"author":{"name":"Aline Mesquita","@id":"https:\/\/www.oitchau.com.br\/blog\/#\/schema\/person\/40ba65f8664531ffe1465f6cb9d82430"},"headline":"Calend\u00e1rio do PIS 2024: Confira as datas mais importantes","datePublished":"2023-10-09T14:15:36+00:00","dateModified":"2024-01-23T16:32:22+00:00","mainEntityOfPage":{"@id":"https:\/\/www.oitchau.com.br\/blog\/calendario-do-pis\/"},"wordCount":1253,"publisher":{"@id":"https:\/\/www.oitchau.com.br\/blog\/#organization"},"image":{"@id":"https:\/\/www.oitchau.com.br\/blog\/calendario-do-pis\/#primaryimage"},"thumbnailUrl":"https:\/\/storage.googleapis.com\/oitchaublog\/2023\/10\/e8413897-calendario-do-pis.png","articleSection":["Contabilidade"],"inLanguage":"pt-BR"},{"@type":"WebPage","@id":"https:\/\/www.oitchau.com.br\/blog\/calendario-do-pis\/","url":"https:\/\/www.oitchau.com.br\/blog\/calendario-do-pis\/","name":"Calend\u00e1rio do PIS 2024: Confira as datas mais importantes | Oitchau","isPartOf":{"@id":"https:\/\/www.oitchau.com.br\/blog\/#website"},"primaryImageOfPage":{"@id":"https:\/\/www.oitchau.com.br\/blog\/calendario-do-pis\/#primaryimage"},"image":{"@id":"https:\/\/www.oitchau.com.br\/blog\/calendario-do-pis\/#primaryimage"},"thumbnailUrl":"https:\/\/storage.googleapis.com\/oitchaublog\/2023\/10\/e8413897-calendario-do-pis.png","datePublished":"2023-10-09T14:15:36+00:00","dateModified":"2024-01-23T16:32:22+00:00","description":"O calend\u00e1rio do PIS 2024 \u00e9 uma data importante que deve ser lembrada e acompanhada pelos colaboradores e pelas empresas tamb\u00e9m. Saiba mais a seguir!","breadcrumb":{"@id":"https:\/\/www.oitchau.com.br\/blog\/calendario-do-pis\/#breadcrumb"},"inLanguage":"pt-BR","potentialAction":[{"@type":"ReadAction","target":["https:\/\/www.oitchau.com.br\/blog\/calendario-do-pis\/"]}]},{"@type":"ImageObject","inLanguage":"pt-BR","@id":"https:\/\/www.oitchau.com.br\/blog\/calendario-do-pis\/#primaryimage","url":"https:\/\/storage.googleapis.com\/oitchaublog\/2023\/10\/e8413897-calendario-do-pis.png","contentUrl":"https:\/\/storage.googleapis.com\/oitchaublog\/2023\/10\/e8413897-calendario-do-pis.png","width":1982,"height":800,"caption":"ilustra\u00e7\u00e3o de calend\u00e1rio do pis"},{"@type":"BreadcrumbList","@id":"https:\/\/www.oitchau.com.br\/blog\/calendario-do-pis\/#breadcrumb","itemListElement":[{"@type":"ListItem","position":1,"name":"Blog","item":"https:\/\/www.oitchau.com.br\/blog\/"},{"@type":"ListItem","position":2,"name":"Calend\u00e1rio do PIS 2024: Confira as datas mais importantes"}]},{"@type":"WebSite","@id":"https:\/\/www.oitchau.com.br\/blog\/#website","url":"https:\/\/www.oitchau.com.br\/blog\/","name":"Controle de Ponto & Timesheets","description":"","publisher":{"@id":"https:\/\/www.oitchau.com.br\/blog\/#organization"},"potentialAction":[{"@type":"SearchAction","target":{"@type":"EntryPoint","urlTemplate":"https:\/\/www.oitchau.com.br\/blog\/?s={search_term_string}"},"query-input":"required name=search_term_string"}],"inLanguage":"pt-BR"},{"@type":"Organization","@id":"https:\/\/www.oitchau.com.br\/blog\/#organization","name":"Oitchau","url":"https:\/\/www.oitchau.com.br\/blog\/","logo":{"@type":"ImageObject","inLanguage":"pt-BR","@id":"https:\/\/www.oitchau.com.br\/blog\/#\/schema\/logo\/image\/","url":"https:\/\/storage.googleapis.com\/oitchaublog\/2024\/03\/a0e65c6f-design-sem-nome-20.png","contentUrl":"https:\/\/storage.googleapis.com\/oitchaublog\/2024\/03\/a0e65c6f-design-sem-nome-20.png","width":696,"height":696,"caption":"Oitchau"},"image":{"@id":"https:\/\/www.oitchau.com.br\/blog\/#\/schema\/logo\/image\/"},"sameAs":["https:\/\/www.facebook.com\/oitchaubr\/","https:\/\/twitter.com\/oitchaubr","https:\/\/instagram.com\/oitchaubr"],"description":"A Oitchau \u00e9 uma solu\u00e7\u00e3o completa para gest\u00e3o de tempo dos colaboradores, atrav\u00e9s de suas solu\u00e7\u00f5es de controle de ponto & timesheets, ela permite que gestores, RH e DP possam gerenciar desde a jornada de trabalho de funcion\u00e1rios at\u00e9 a gest\u00e3o de tempo em projetos. Elevando o n\u00edvel estrat\u00e9gico do neg\u00f3cio de forma inteligente e assertiva, potencializando seus resultados e garantindo compliance com a Lei.","email":"contato@oitchau.com.br","telephone":"+551142102846","foundingDate":"2016-01-01","numberOfEmployees":{"@type":"QuantitativeValue","minValue":"51","maxValue":"200"}},{"@type":"Person","@id":"https:\/\/www.oitchau.com.br\/blog\/#\/schema\/person\/40ba65f8664531ffe1465f6cb9d82430","name":"Aline Mesquita","url":"https:\/\/www.oitchau.com.br\/blog\/author\/aline\/"}]}},"_links":{"self":[{"href":"https:\/\/www.oitchau.com.br\/blog\/wp-json\/wp\/v2\/posts\/32081"}],"collection":[{"href":"https:\/\/www.oitchau.com.br\/blog\/wp-json\/wp\/v2\/posts"}],"about":[{"href":"https:\/\/www.oitchau.com.br\/blog\/wp-json\/wp\/v2\/types\/post"}],"author":[{"embeddable":true,"href":"https:\/\/www.oitchau.com.br\/blog\/wp-json\/wp\/v2\/users\/11"}],"replies":[{"embeddable":true,"href":"https:\/\/www.oitchau.com.br\/blog\/wp-json\/wp\/v2\/comments?post=32081"}],"version-history":[{"count":3,"href":"https:\/\/www.oitchau.com.br\/blog\/wp-json\/wp\/v2\/posts\/32081\/revisions"}],"predecessor-version":[{"id":32784,"href":"https:\/\/www.oitchau.com.br\/blog\/wp-json\/wp\/v2\/posts\/32081\/revisions\/32784"}],"wp:featuredmedia":[{"embeddable":true,"href":"https:\/\/www.oitchau.com.br\/blog\/wp-json\/wp\/v2\/media\/32143"}],"wp:attachment":[{"href":"https:\/\/www.oitchau.com.br\/blog\/wp-json\/wp\/v2\/media?parent=32081"}],"wp:term":[{"taxonomy":"category","embeddable":true,"href":"https:\/\/www.oitchau.com.br\/blog\/wp-json\/wp\/v2\/categories?post=32081"},{"taxonomy":"post_tag","embeddable":true,"href":"https:\/\/www.oitchau.com.br\/blog\/wp-json\/wp\/v2\/tags?post=32081"}],"curies":[{"name":"wp","href":"https:\/\/api.w.org\/{rel}","templated":true}]}}