{"id":31964,"date":"2023-09-15T02:25:33","date_gmt":"2023-09-14T23:25:33","guid":{"rendered":"https:\/\/www.oitchau.com.br\/blog\/?p=31964"},"modified":"2024-12-10T20:04:19","modified_gmt":"2024-12-10T17:04:19","slug":"portabilidade-do-vale-refeicao-agora-e-lei-conheca-tudo-sobre-a-lei-14-442-de-2022","status":"publish","type":"post","link":"https:\/\/www.oitchau.com.br\/blog\/portabilidade-do-vale-refeicao-agora-e-lei-conheca-tudo-sobre-a-lei-14-442-de-2022\/","title":{"rendered":"Portabilidade do vale-refei\u00e7\u00e3o agora \u00e9 lei! Conhe\u00e7a tudo sobre a lei 14.442 de 2022"},"content":{"rendered":"<p><span style=\"font-weight: 400;\">A portabilidade dos cr\u00e9ditos do <a href=\"https:\/\/www.oitchau.com.br\/blog\/vale-refeicao-vr-o-que-e-e-quanto-pagar\/\">vale-refei\u00e7\u00e3o<\/a> e alimenta\u00e7\u00e3o gerou grandes d\u00favidas a trabalhadores e profissionais de RH, que passaram a n\u00e3o entender como o processo deveria funcionar e quais os direitos e deveres das empresas fornecedoras do vale.<\/span><\/p>\n<p><span style=\"font-weight: 400;\">E para esclarecer algumas das principais d\u00favidas sobre o tema, preparamos este conte\u00fado para te ajudar.<\/span><\/p>\n<p><span style=\"font-weight: 400;\">Acompanhe!<\/span><\/p>\n<h2><b>O que \u00e9 o PAT (Programa de Alimenta\u00e7\u00e3o do Trabalhador)?<\/b><\/h2>\n<p><span style=\"font-weight: 400;\">O Programa de Alimenta\u00e7\u00e3o do Trabalhador (PAT) \u00e9 um programa do governo federal que incentiva as empresas a oferecerem benef\u00edcios de alimenta\u00e7\u00e3o aos seus colaboradores.\u00a0<\/span><\/p>\n<p><span style=\"font-weight: 400;\">Assim, o PAT oferece benef\u00edcios fiscais \u00e0s empresas que oferecem benef\u00edcios de alimenta\u00e7\u00e3o aos seus colaboradores, incluindo:<\/span><\/p>\n<ul>\n<li style=\"font-weight: 400;\" aria-level=\"1\"><span style=\"font-weight: 400;\">Vale-refei\u00e7\u00e3o;<\/span><\/li>\n<li style=\"font-weight: 400;\" aria-level=\"1\"><span style=\"font-weight: 400;\">Vale-alimenta\u00e7\u00e3o;<\/span><\/li>\n<li style=\"font-weight: 400;\" aria-level=\"1\"><span style=\"font-weight: 400;\">Refeit\u00f3rios no local de trabalho;<\/span><\/li>\n<li style=\"font-weight: 400;\" aria-level=\"1\"><span style=\"font-weight: 400;\">Cestas b\u00e1sicas.<\/span><\/li>\n<\/ul>\n<p><span style=\"font-weight: 400;\">Al\u00e9m disso, as empresas que oferecem benef\u00edcios de alimenta\u00e7\u00e3o aos seus funcion\u00e1rios podem deduzir do Imposto de Renda Pessoa Jur\u00eddica (IRPJ) em at\u00e9 4% do valor total gasto com esses benef\u00edcios.<\/span><\/p>\n<p><span style=\"font-weight: 400;\">Dentre os principais benef\u00edcios do PAT para as empresas, est\u00e3o:<\/span><\/p>\n<ul>\n<li style=\"font-weight: 400;\" aria-level=\"1\"><span style=\"font-weight: 400;\">Redu\u00e7\u00e3o dos custos com alimenta\u00e7\u00e3o dos funcion\u00e1rios;<\/span><\/li>\n<li style=\"font-weight: 400;\" aria-level=\"1\"><span style=\"font-weight: 400;\">Melhoria da produtividade e do bem-estar dos funcion\u00e1rios;<\/span><\/li>\n<li style=\"font-weight: 400;\" aria-level=\"1\"><span style=\"font-weight: 400;\">Redu\u00e7\u00e3o do absente\u00edsmo e do turnover;<\/span><\/li>\n<li style=\"font-weight: 400;\" aria-level=\"1\"><span style=\"font-weight: 400;\">Melhoria da imagem da empresa.<\/span><\/li>\n<\/ul>\n<h2><b>O que \u00e9 o vale-refei\u00e7\u00e3o?<\/b><\/h2>\n<p><span style=\"font-weight: 400;\">O vale-refei\u00e7\u00e3o \u00e9 um benef\u00edcio que permite ao trabalhador adquirir refei\u00e7\u00f5es prontas para o consumo, em estabelecimentos como:<\/span><\/p>\n<ul>\n<li style=\"font-weight: 400;\" aria-level=\"1\"><span style=\"font-weight: 400;\">Restaurantes;<\/span><\/li>\n<li style=\"font-weight: 400;\" aria-level=\"1\"><span style=\"font-weight: 400;\">Padarias;<\/span><\/li>\n<li style=\"font-weight: 400;\" aria-level=\"1\"><span style=\"font-weight: 400;\">Lanchonetes.<\/span><\/li>\n<\/ul>\n<p><span style=\"font-weight: 400;\">Assim, ele \u00e9 oferecido pelas empresas aos seus funcion\u00e1rios como forma de melhorar a qualidade de vida e a produtividade no trabalho, sendo essa uma forma de garantir que os colaboradores tenham acesso a uma alimenta\u00e7\u00e3o saud\u00e1vel e nutritiva, mesmo quando trabalham fora de casa.<\/span><\/p>\n<p><span style=\"font-weight: 400;\">Dessa forma, o valor do vale-refei\u00e7\u00e3o \u00e9 definido pelas empresas, sendo um benef\u00edcio fiscal dedut\u00edvel do Imposto de Renda Pessoa Jur\u00eddica (IRPJ).<\/span><\/p>\n<p><span style=\"font-weight: 400;\">Os trabalhadores podem utilizar o vale-refei\u00e7\u00e3o para comprar refei\u00e7\u00f5es prontas para o consumo em estabelecimentos credenciados. Os estabelecimentos credenciados s\u00e3o aqueles que assinaram contrato com a empresa emissora do vale-refei\u00e7\u00e3o.<\/span><\/p>\n<p><span style=\"font-weight: 400;\">O valor do vale-refei\u00e7\u00e3o \u00e9 descontado do sal\u00e1rio do colaborador, com limite de at\u00e9 20% de desconto, mas ele n\u00e3o \u00e9 considerado como sal\u00e1rio ou remunera\u00e7\u00e3o.<\/span><\/p>\n<h3><b>O colaborador paga pelo vale-refei\u00e7\u00e3o?<\/b><\/h3>\n<p><span style=\"font-weight: 400;\">O vale-refei\u00e7\u00e3o \u00e9 um benef\u00edcio de car\u00e1ter indenizat\u00f3rio, ou seja, ele \u00e9 pago ao funcion\u00e1rio para compensar despesas que ele teria com alimenta\u00e7\u00e3o e pode ser abatido do sal\u00e1rio em um percentual de at\u00e9 20% do valor do benef\u00edcio.<\/span><\/p>\n<h2><b>O que \u00e9 o vale-alimenta\u00e7\u00e3o?<\/b><\/h2>\n<p><span style=\"font-weight: 400;\">J\u00e1 o vale-alimenta\u00e7\u00e3o \u00e9 um benef\u00edcio que permite ao trabalhador adquirir alimentos em estabelecimentos com:<\/span><\/p>\n<ul>\n<li style=\"font-weight: 400;\" aria-level=\"1\"><span style=\"font-weight: 400;\">Supermercados;<\/span><\/li>\n<li style=\"font-weight: 400;\" aria-level=\"1\"><span style=\"font-weight: 400;\">A\u00e7ougues;<\/span><\/li>\n<li style=\"font-weight: 400;\" aria-level=\"1\"><span style=\"font-weight: 400;\">Mercearias;<\/span><\/li>\n<li style=\"font-weight: 400;\" aria-level=\"1\"><span style=\"font-weight: 400;\">Entre outros locais credenciados.<\/span><\/li>\n<\/ul>\n<p><span style=\"font-weight: 400;\">Assim como o vale-refei\u00e7\u00e3o, o vale-alimenta\u00e7\u00e3o \u00e9 um benef\u00edcio fiscal dedut\u00edvel do Imposto de Renda Pessoa Jur\u00eddica (IRPJ).<\/span><\/p>\n<p><span style=\"font-weight: 400;\">O valor do vale-alimenta\u00e7\u00e3o \u00e9 descontado do sal\u00e1rio do funcion\u00e1rio, com o mesmo limite de at\u00e9 20% de desconto, mas ele n\u00e3o \u00e9 considerado como sal\u00e1rio ou remunera\u00e7\u00e3o.<\/span><\/p>\n<p><span style=\"font-weight: 400;\">Assim, ele \u00e9 um benef\u00edcio de car\u00e1ter indenizat\u00f3rio.<\/span><\/p>\n<h3><b>Qual a diferen\u00e7a entre vale-refei\u00e7\u00e3o e vale-alimenta\u00e7\u00e3o?<\/b><\/h3>\n<p><span style=\"font-weight: 400;\">A principal diferen\u00e7a entre o vale-refei\u00e7\u00e3o e o vale-alimenta\u00e7\u00e3o \u00e9 que o vale-refei\u00e7\u00e3o \u00e9 usado para comprar refei\u00e7\u00f5es prontas para o consumo, enquanto o vale-alimenta\u00e7\u00e3o \u00e9 usado para comprar de itens de mercado.<\/span><\/p>\n<p><span style=\"font-weight: 400;\">Por exemplo, caso um colaborador deseje realizar a feira do m\u00eas, ser\u00e1 usado o vale-alimenta\u00e7\u00e3o. Caso deseje visitar um restaurante, aqui se aplica o vale-refei\u00e7\u00e3o.<\/span><\/p>\n<h2><b>O que \u00e9 a lei 14.442 de 2022?<\/b><\/h2>\n<p><span style=\"font-weight: 400;\">A Lei 14.442 de 2022 regulamenta o teletrabalho e tamb\u00e9m altera regras do aux\u00edlio-alimenta\u00e7\u00e3o. Assim, ela \u00e9 a respons\u00e1vel por regulamentar a portabilidade do vale-refei\u00e7\u00e3o e alimenta\u00e7\u00e3o.<\/span><\/p>\n<p><span style=\"font-weight: 400;\">Dessa forma, estabelece que a portabilidade do vale-refei\u00e7\u00e3o e alimenta\u00e7\u00e3o deve ser feita de forma gratuita para o colaborador.\u00a0<\/span><\/p>\n<p><span style=\"font-weight: 400;\">Al\u00e9m disso, tamb\u00e9m define que a empresa de benef\u00edcios atual deve transferir o saldo e os valores futuros para a empresa de benef\u00edcios escolhida pelo colaborador sem cobran\u00e7as de taxas pela portabilidade e sem a oferta de descontos ou cashbacks pela compra com o cart\u00e3o.<\/span><\/p>\n<p><i><span style=\"font-weight: 400;\">Art. 1\u00ba-A. Os servi\u00e7os de pagamentos de alimenta\u00e7\u00e3o contratados para execu\u00e7\u00e3o dos programas de alimenta\u00e7\u00e3o de que trata esta Lei observar\u00e3o o seguinte:<\/span><\/i><\/p>\n<p><i><span style=\"font-weight: 400;\">I &#8211; a operacionaliza\u00e7\u00e3o por meio de arranjo de pagamento fechado ou aberto, devendo as empresas organizadas na forma de arranjo de pagamento fechado permitir a interoperabilidade entre si e com arranjos abertos, indistintamente, com o objetivo de compartilhar a rede credenciada de estabelecimentos comerciais, a partir de 1\u00ba de maio de 2023;<\/span><\/i><\/p>\n<p><i><span style=\"font-weight: 400;\">II &#8211; a portabilidade gratuita do servi\u00e7o, mediante solicita\u00e7\u00e3o expressa do trabalhador, al\u00e9m de outras normas fixadas em decreto do Poder Executivo, a partir de 1\u00ba de maio de 2023;<\/span><\/i><\/p>\n<h2><b>O que \u00e9 a portabilidade do vale-refei\u00e7\u00e3o e alimenta\u00e7\u00e3o?<\/b><\/h2>\n<p><span style=\"font-weight: 400;\">A portabilidade dos vales de alimenta\u00e7\u00e3o e refei\u00e7\u00e3o \u00e9 uma nova possibilidade para o trabalhador.<\/span><\/p>\n<p><span style=\"font-weight: 400;\">Definida na Lei 14.442, ela \u00e9 uma medida importante para os trabalhadores, pois oferece mais liberdade e flexibilidade na escolha do benef\u00edcio.\u00a0<\/span><\/p>\n<p><span style=\"font-weight: 400;\">Dessa forma, os colaboradores podem escolher a empresa de vale que oferece os melhores servi\u00e7os, as melhores condi\u00e7\u00f5es e os melhores pre\u00e7os.<\/span><\/p>\n<h2><b>Como vai funcionar a portabilidade do vale-refei\u00e7\u00e3o e alimenta\u00e7\u00e3o?<\/b><\/h2>\n<p><span style=\"font-weight: 400;\">Para solicitar a portabilidade do vale-refei\u00e7\u00e3o e alimenta\u00e7\u00e3o, o trabalhador deve entrar em contato com a empresa de benef\u00edcios para a qual deseja migrar.\u00a0<\/span><\/p>\n<p><span style=\"font-weight: 400;\">Assim, a empresa de benef\u00edcios atual deve transferir o saldo e os valores futuros para a empresa de benef\u00edcios escolhida pelo trabalhador, sem cobrar qualquer taxa sobre a portabilidade.<\/span><\/p>\n<h2><b>Quais as vantagens da portabilidade para os colaboradores?<\/b><\/h2>\n<p><span style=\"font-weight: 400;\">Segundo dados do Minist\u00e9rio do Trabalho, mais de 24 milh\u00f5es de colaboradores podem se beneficiar com a portabilidade.<\/span><\/p>\n<p><span style=\"font-weight: 400;\">Dentre os pontos que levaram ao desenvolvimento da lei, est\u00e3o:<\/span><\/p>\n<ul>\n<li style=\"font-weight: 400;\" aria-level=\"1\"><span style=\"font-weight: 400;\">Gerar mais autonomia para o colaborador;<\/span><\/li>\n<li style=\"font-weight: 400;\" aria-level=\"1\"><span style=\"font-weight: 400;\">Oferecer maior flexibilidade;<\/span><\/li>\n<li style=\"font-weight: 400;\" aria-level=\"1\"><span style=\"font-weight: 400;\">Ter acesso a um maior n\u00famero de estabelecimentos que oferecem o seu vale.<\/span><\/li>\n<\/ul>\n<h2><b>A empresa pode exigir que o colaborador realize a portabilidade do vale-refei\u00e7\u00e3o?<\/b><\/h2>\n<p><span style=\"font-weight: 400;\">N\u00e3o. Todo o processo deve partir da vontade do colaborador em solicitar a portabilidade dos cr\u00e9ditos do vale para uma outra empresa fornecedora dos servi\u00e7os.<\/span><\/p>\n<p><span style=\"font-weight: 400;\">Assim, nem o empregador nem a empresa fornecedora do vale podem influenciar na decis\u00e3o do colaborador.<\/span><\/p>\n<h2><b>Fim do cashback<\/b><\/h2>\n<p><span style=\"font-weight: 400;\">Outra grande mudan\u00e7a com a nova legisla\u00e7\u00e3o \u00e9 o fim do oferecimento de cashbacks ou outros b\u00f4nus e descontos para que os colaboradores sejam atra\u00eddos a negociar com as empresas fornecedoras.<\/span><\/p>\n<p><span style=\"font-weight: 400;\">Isso vem como uma forma de manter a competitividade entre as empresas de forma igualit\u00e1ria.<\/span><\/p>\n<ul>\n<li><i><span style=\"font-weight: 400;\"> 4\u00ba As pessoas jur\u00eddicas benefici\u00e1rias n\u00e3o poder\u00e3o exigir ou receber:<\/span><\/i><\/li>\n<\/ul>\n<p><i><span style=\"font-weight: 400;\">I &#8211; qualquer tipo de des\u00e1gio ou imposi\u00e7\u00e3o de descontos sobre o valor contratado;<\/span><\/i><\/p>\n<h2><b>Os estabelecimentos podem aplicar valores extras ao receber o vale-refei\u00e7\u00e3o?<\/b><\/h2>\n<p><span style=\"font-weight: 400;\">N\u00e3o.\u00a0<\/span><\/p>\n<p><span style=\"font-weight: 400;\">De acordo com a Lei 14.442, os estabelecimentos que realizarem a venda de produtos n\u00e3o relacionados \u00e0 alimenta\u00e7\u00e3o do colaborador ou aplicarem o repasse de valores extras sobre os pagamentos feitos com o vale podem receber multas que v\u00e3o de R$5 mil at\u00e9 R$50 mil.<\/span><\/p>\n<p><span style=\"font-weight: 400;\">Al\u00e9m disso, os valores das multas podem ser cobrados em dobro em caso de reincid\u00eancia.<\/span><\/p>\n<h2><b>Quando come\u00e7a a valer a portabilidade do vale-refei\u00e7\u00e3o e alimenta\u00e7\u00e3o?<\/b><\/h2>\n<p><span style=\"font-weight: 400;\">Inicialmente, o projeto era de que a portabilidade passasse a valer a partir do dia 1\u00ba de maio de 2023.<\/span><\/p>\n<p><span style=\"font-weight: 400;\">No entanto, considerando o funcionamento pr\u00e1tico de como a portabilidade deve ser aplicada, como as empresas fornecedoras do servi\u00e7o devem atuar e como o pr\u00f3prio colaborador poderia realizar a solicita\u00e7\u00e3o n\u00e3o ficaram claras o bastante.<\/span><\/p>\n<p><span style=\"font-weight: 400;\">Dessa forma, o Governo solicitou o adiamento para que todos estes pontos possam ser avaliados. Como a altera\u00e7\u00e3o n\u00e3o foi votada, a lei j\u00e1 est\u00e1 valendo.<\/span><\/p>\n<p>No entanto, ainda \u00e9 preciso mais esclarecimentos sobre como as empresas do benef\u00edcio devem operar e como o colaborador pode solicitar a portabilidade.<\/p>\n","protected":false},"excerpt":{"rendered":"<p>A portabilidade dos cr\u00e9ditos do vale-refei\u00e7\u00e3o e alimenta\u00e7\u00e3o gerou grandes d\u00favidas a trabalhadores e profissionais de RH, que passaram a n\u00e3o entender como o processo deveria funcionar e quais os direitos e deveres das empresas fornecedoras do vale. E para esclarecer algumas das principais d\u00favidas sobre o tema, preparamos este conte\u00fado para te ajudar. Acompanhe! [&hellip;]<\/p>\n","protected":false},"author":24,"featured_media":32033,"comment_status":"closed","ping_status":"open","sticky":false,"template":"","format":"standard","meta":{"content-type":"","footnotes":""},"categories":[17710],"tags":[],"yoast_head":"<!-- This site is optimized with the Yoast SEO Premium plugin v22.2 (Yoast SEO v22.2) - https:\/\/yoast.com\/wordpress\/plugins\/seo\/ -->\n<title>Portabilidade do vale-refei\u00e7\u00e3o agora \u00e9 lei! Conhe\u00e7a tudo sobre a lei 14.442 de 2022 | Oitchau<\/title>\n<meta name=\"description\" content=\"A portabilidade do vale-refei\u00e7\u00e3o e alimenta\u00e7\u00e3o \u00e9 lei! Descubra como vai funcionar e quais os direitos dos colaboradores com a mudan\u00e7a.\" \/>\n<meta name=\"robots\" content=\"index, follow, max-snippet:-1, max-image-preview:large, max-video-preview:-1\" \/>\n<link rel=\"canonical\" href=\"https:\/\/www.oitchau.com.br\/blog\/portabilidade-do-vale-refeicao-agora-e-lei-conheca-tudo-sobre-a-lei-14-442-de-2022\/\" \/>\n<meta property=\"og:locale\" content=\"pt_BR\" \/>\n<meta property=\"og:type\" content=\"article\" \/>\n<meta property=\"og:title\" content=\"Portabilidade do vale-refei\u00e7\u00e3o agora \u00e9 lei! Conhe\u00e7a tudo sobre a lei 14.442 de 2022\" \/>\n<meta property=\"og:description\" content=\"A portabilidade do vale-refei\u00e7\u00e3o e alimenta\u00e7\u00e3o \u00e9 lei! Descubra como vai funcionar e quais os direitos dos colaboradores com a mudan\u00e7a.\" \/>\n<meta property=\"og:url\" content=\"https:\/\/www.oitchau.com.br\/blog\/portabilidade-do-vale-refeicao-agora-e-lei-conheca-tudo-sobre-a-lei-14-442-de-2022\/\" \/>\n<meta property=\"og:site_name\" content=\"Controle de Ponto &amp; Timesheets\" \/>\n<meta property=\"article:publisher\" content=\"https:\/\/www.facebook.com\/oitchaubr\/\" \/>\n<meta property=\"article:published_time\" content=\"2023-09-14T23:25:33+00:00\" \/>\n<meta property=\"article:modified_time\" content=\"2024-12-10T17:04:19+00:00\" \/>\n<meta property=\"og:image\" content=\"https:\/\/storage.googleapis.com\/oitchaublog\/2023\/09\/910e3207-portabilidade-do-vale-refeicao.png\" \/>\n\t<meta property=\"og:image:width\" content=\"1982\" \/>\n\t<meta property=\"og:image:height\" content=\"800\" \/>\n\t<meta property=\"og:image:type\" content=\"image\/png\" \/>\n<meta name=\"author\" content=\"Amanda Laranjeira\" \/>\n<meta name=\"twitter:card\" content=\"summary_large_image\" \/>\n<meta name=\"twitter:creator\" content=\"@oitchaubr\" \/>\n<meta name=\"twitter:site\" content=\"@oitchaubr\" \/>\n<meta name=\"twitter:label1\" content=\"Written by\" \/>\n\t<meta name=\"twitter:data1\" content=\"Amanda Laranjeira\" \/>\n\t<meta name=\"twitter:label2\" content=\"Est. reading time\" \/>\n\t<meta name=\"twitter:data2\" content=\"7 minutos\" \/>\n<script type=\"application\/ld+json\" class=\"yoast-schema-graph\">{\"@context\":\"https:\/\/schema.org\",\"@graph\":[{\"@type\":[\"Article\",\"BlogPosting\"],\"@id\":\"https:\/\/www.oitchau.com.br\/blog\/portabilidade-do-vale-refeicao-agora-e-lei-conheca-tudo-sobre-a-lei-14-442-de-2022\/#article\",\"isPartOf\":{\"@id\":\"https:\/\/www.oitchau.com.br\/blog\/portabilidade-do-vale-refeicao-agora-e-lei-conheca-tudo-sobre-a-lei-14-442-de-2022\/\"},\"author\":{\"name\":\"Amanda Laranjeira\",\"@id\":\"https:\/\/www.oitchau.com.br\/blog\/#\/schema\/person\/1041f3bd0e2490b50b5bee5d0fb9b533\"},\"headline\":\"Portabilidade do vale-refei\u00e7\u00e3o agora \u00e9 lei! Conhe\u00e7a tudo sobre a lei 14.442 de 2022\",\"datePublished\":\"2023-09-14T23:25:33+00:00\",\"dateModified\":\"2024-12-10T17:04:19+00:00\",\"mainEntityOfPage\":{\"@id\":\"https:\/\/www.oitchau.com.br\/blog\/portabilidade-do-vale-refeicao-agora-e-lei-conheca-tudo-sobre-a-lei-14-442-de-2022\/\"},\"wordCount\":1361,\"publisher\":{\"@id\":\"https:\/\/www.oitchau.com.br\/blog\/#organization\"},\"image\":{\"@id\":\"https:\/\/www.oitchau.com.br\/blog\/portabilidade-do-vale-refeicao-agora-e-lei-conheca-tudo-sobre-a-lei-14-442-de-2022\/#primaryimage\"},\"thumbnailUrl\":\"https:\/\/storage.googleapis.com\/oitchaublog\/2023\/09\/910e3207-portabilidade-do-vale-refeicao.png\",\"articleSection\":[\"Departamento pessoal\"],\"inLanguage\":\"pt-BR\"},{\"@type\":\"WebPage\",\"@id\":\"https:\/\/www.oitchau.com.br\/blog\/portabilidade-do-vale-refeicao-agora-e-lei-conheca-tudo-sobre-a-lei-14-442-de-2022\/\",\"url\":\"https:\/\/www.oitchau.com.br\/blog\/portabilidade-do-vale-refeicao-agora-e-lei-conheca-tudo-sobre-a-lei-14-442-de-2022\/\",\"name\":\"Portabilidade do vale-refei\u00e7\u00e3o agora \u00e9 lei! Conhe\u00e7a tudo sobre a lei 14.442 de 2022 | Oitchau\",\"isPartOf\":{\"@id\":\"https:\/\/www.oitchau.com.br\/blog\/#website\"},\"primaryImageOfPage\":{\"@id\":\"https:\/\/www.oitchau.com.br\/blog\/portabilidade-do-vale-refeicao-agora-e-lei-conheca-tudo-sobre-a-lei-14-442-de-2022\/#primaryimage\"},\"image\":{\"@id\":\"https:\/\/www.oitchau.com.br\/blog\/portabilidade-do-vale-refeicao-agora-e-lei-conheca-tudo-sobre-a-lei-14-442-de-2022\/#primaryimage\"},\"thumbnailUrl\":\"https:\/\/storage.googleapis.com\/oitchaublog\/2023\/09\/910e3207-portabilidade-do-vale-refeicao.png\",\"datePublished\":\"2023-09-14T23:25:33+00:00\",\"dateModified\":\"2024-12-10T17:04:19+00:00\",\"description\":\"A portabilidade do vale-refei\u00e7\u00e3o e alimenta\u00e7\u00e3o \u00e9 lei! Descubra como vai funcionar e quais os direitos dos colaboradores com a mudan\u00e7a.\",\"breadcrumb\":{\"@id\":\"https:\/\/www.oitchau.com.br\/blog\/portabilidade-do-vale-refeicao-agora-e-lei-conheca-tudo-sobre-a-lei-14-442-de-2022\/#breadcrumb\"},\"inLanguage\":\"pt-BR\",\"potentialAction\":[{\"@type\":\"ReadAction\",\"target\":[\"https:\/\/www.oitchau.com.br\/blog\/portabilidade-do-vale-refeicao-agora-e-lei-conheca-tudo-sobre-a-lei-14-442-de-2022\/\"]}]},{\"@type\":\"ImageObject\",\"inLanguage\":\"pt-BR\",\"@id\":\"https:\/\/www.oitchau.com.br\/blog\/portabilidade-do-vale-refeicao-agora-e-lei-conheca-tudo-sobre-a-lei-14-442-de-2022\/#primaryimage\",\"url\":\"https:\/\/storage.googleapis.com\/oitchaublog\/2023\/09\/910e3207-portabilidade-do-vale-refeicao.png\",\"contentUrl\":\"https:\/\/storage.googleapis.com\/oitchaublog\/2023\/09\/910e3207-portabilidade-do-vale-refeicao.png\",\"width\":1982,\"height\":800,\"caption\":\"portabilidade do vale refei\u00e7\u00e3o\"},{\"@type\":\"BreadcrumbList\",\"@id\":\"https:\/\/www.oitchau.com.br\/blog\/portabilidade-do-vale-refeicao-agora-e-lei-conheca-tudo-sobre-a-lei-14-442-de-2022\/#breadcrumb\",\"itemListElement\":[{\"@type\":\"ListItem\",\"position\":1,\"name\":\"Blog\",\"item\":\"https:\/\/www.oitchau.com.br\/blog\/\"},{\"@type\":\"ListItem\",\"position\":2,\"name\":\"Portabilidade do vale-refei\u00e7\u00e3o agora \u00e9 lei! Conhe\u00e7a tudo sobre a lei 14.442 de 2022\"}]},{\"@type\":\"WebSite\",\"@id\":\"https:\/\/www.oitchau.com.br\/blog\/#website\",\"url\":\"https:\/\/www.oitchau.com.br\/blog\/\",\"name\":\"Controle de Ponto & Timesheets\",\"description\":\"\",\"publisher\":{\"@id\":\"https:\/\/www.oitchau.com.br\/blog\/#organization\"},\"potentialAction\":[{\"@type\":\"SearchAction\",\"target\":{\"@type\":\"EntryPoint\",\"urlTemplate\":\"https:\/\/www.oitchau.com.br\/blog\/?s={search_term_string}\"},\"query-input\":\"required name=search_term_string\"}],\"inLanguage\":\"pt-BR\"},{\"@type\":\"Organization\",\"@id\":\"https:\/\/www.oitchau.com.br\/blog\/#organization\",\"name\":\"Oitchau\",\"url\":\"https:\/\/www.oitchau.com.br\/blog\/\",\"logo\":{\"@type\":\"ImageObject\",\"inLanguage\":\"pt-BR\",\"@id\":\"https:\/\/www.oitchau.com.br\/blog\/#\/schema\/logo\/image\/\",\"url\":\"https:\/\/storage.googleapis.com\/oitchaublog\/2024\/03\/a0e65c6f-design-sem-nome-20.png\",\"contentUrl\":\"https:\/\/storage.googleapis.com\/oitchaublog\/2024\/03\/a0e65c6f-design-sem-nome-20.png\",\"width\":696,\"height\":696,\"caption\":\"Oitchau\"},\"image\":{\"@id\":\"https:\/\/www.oitchau.com.br\/blog\/#\/schema\/logo\/image\/\"},\"sameAs\":[\"https:\/\/www.facebook.com\/oitchaubr\/\",\"https:\/\/twitter.com\/oitchaubr\",\"https:\/\/instagram.com\/oitchaubr\"],\"description\":\"A Oitchau \u00e9 uma solu\u00e7\u00e3o completa para gest\u00e3o de tempo dos colaboradores, atrav\u00e9s de suas solu\u00e7\u00f5es de controle de ponto & timesheets, ela permite que gestores, RH e DP possam gerenciar desde a jornada de trabalho de funcion\u00e1rios at\u00e9 a gest\u00e3o de tempo em projetos. Elevando o n\u00edvel estrat\u00e9gico do neg\u00f3cio de forma inteligente e assertiva, potencializando seus resultados e garantindo compliance com a Lei.\",\"email\":\"contato@oitchau.com.br\",\"telephone\":\"+551142102846\",\"foundingDate\":\"2016-01-01\",\"numberOfEmployees\":{\"@type\":\"QuantitativeValue\",\"minValue\":\"51\",\"maxValue\":\"200\"}},{\"@type\":\"Person\",\"@id\":\"https:\/\/www.oitchau.com.br\/blog\/#\/schema\/person\/1041f3bd0e2490b50b5bee5d0fb9b533\",\"name\":\"Amanda Laranjeira\",\"url\":\"https:\/\/www.oitchau.com.br\/blog\/author\/amanda\/\"}]}<\/script>\n<!-- \/ Yoast SEO Premium plugin. -->","yoast_head_json":{"title":"Portabilidade do vale-refei\u00e7\u00e3o agora \u00e9 lei! Conhe\u00e7a tudo sobre a lei 14.442 de 2022 | Oitchau","description":"A portabilidade do vale-refei\u00e7\u00e3o e alimenta\u00e7\u00e3o \u00e9 lei! Descubra como vai funcionar e quais os direitos dos colaboradores com a mudan\u00e7a.","robots":{"index":"index","follow":"follow","max-snippet":"max-snippet:-1","max-image-preview":"max-image-preview:large","max-video-preview":"max-video-preview:-1"},"canonical":"https:\/\/www.oitchau.com.br\/blog\/portabilidade-do-vale-refeicao-agora-e-lei-conheca-tudo-sobre-a-lei-14-442-de-2022\/","og_locale":"pt_BR","og_type":"article","og_title":"Portabilidade do vale-refei\u00e7\u00e3o agora \u00e9 lei! Conhe\u00e7a tudo sobre a lei 14.442 de 2022","og_description":"A portabilidade do vale-refei\u00e7\u00e3o e alimenta\u00e7\u00e3o \u00e9 lei! Descubra como vai funcionar e quais os direitos dos colaboradores com a mudan\u00e7a.","og_url":"https:\/\/www.oitchau.com.br\/blog\/portabilidade-do-vale-refeicao-agora-e-lei-conheca-tudo-sobre-a-lei-14-442-de-2022\/","og_site_name":"Controle de Ponto &amp; Timesheets","article_publisher":"https:\/\/www.facebook.com\/oitchaubr\/","article_published_time":"2023-09-14T23:25:33+00:00","article_modified_time":"2024-12-10T17:04:19+00:00","og_image":[{"width":1982,"height":800,"url":"https:\/\/storage.googleapis.com\/oitchaublog\/2023\/09\/910e3207-portabilidade-do-vale-refeicao.png","type":"image\/png"}],"author":"Amanda Laranjeira","twitter_card":"summary_large_image","twitter_creator":"@oitchaubr","twitter_site":"@oitchaubr","twitter_misc":{"Written by":"Amanda Laranjeira","Est. reading time":"7 minutos"},"schema":{"@context":"https:\/\/schema.org","@graph":[{"@type":["Article","BlogPosting"],"@id":"https:\/\/www.oitchau.com.br\/blog\/portabilidade-do-vale-refeicao-agora-e-lei-conheca-tudo-sobre-a-lei-14-442-de-2022\/#article","isPartOf":{"@id":"https:\/\/www.oitchau.com.br\/blog\/portabilidade-do-vale-refeicao-agora-e-lei-conheca-tudo-sobre-a-lei-14-442-de-2022\/"},"author":{"name":"Amanda Laranjeira","@id":"https:\/\/www.oitchau.com.br\/blog\/#\/schema\/person\/1041f3bd0e2490b50b5bee5d0fb9b533"},"headline":"Portabilidade do vale-refei\u00e7\u00e3o agora \u00e9 lei! Conhe\u00e7a tudo sobre a lei 14.442 de 2022","datePublished":"2023-09-14T23:25:33+00:00","dateModified":"2024-12-10T17:04:19+00:00","mainEntityOfPage":{"@id":"https:\/\/www.oitchau.com.br\/blog\/portabilidade-do-vale-refeicao-agora-e-lei-conheca-tudo-sobre-a-lei-14-442-de-2022\/"},"wordCount":1361,"publisher":{"@id":"https:\/\/www.oitchau.com.br\/blog\/#organization"},"image":{"@id":"https:\/\/www.oitchau.com.br\/blog\/portabilidade-do-vale-refeicao-agora-e-lei-conheca-tudo-sobre-a-lei-14-442-de-2022\/#primaryimage"},"thumbnailUrl":"https:\/\/storage.googleapis.com\/oitchaublog\/2023\/09\/910e3207-portabilidade-do-vale-refeicao.png","articleSection":["Departamento pessoal"],"inLanguage":"pt-BR"},{"@type":"WebPage","@id":"https:\/\/www.oitchau.com.br\/blog\/portabilidade-do-vale-refeicao-agora-e-lei-conheca-tudo-sobre-a-lei-14-442-de-2022\/","url":"https:\/\/www.oitchau.com.br\/blog\/portabilidade-do-vale-refeicao-agora-e-lei-conheca-tudo-sobre-a-lei-14-442-de-2022\/","name":"Portabilidade do vale-refei\u00e7\u00e3o agora \u00e9 lei! Conhe\u00e7a tudo sobre a lei 14.442 de 2022 | Oitchau","isPartOf":{"@id":"https:\/\/www.oitchau.com.br\/blog\/#website"},"primaryImageOfPage":{"@id":"https:\/\/www.oitchau.com.br\/blog\/portabilidade-do-vale-refeicao-agora-e-lei-conheca-tudo-sobre-a-lei-14-442-de-2022\/#primaryimage"},"image":{"@id":"https:\/\/www.oitchau.com.br\/blog\/portabilidade-do-vale-refeicao-agora-e-lei-conheca-tudo-sobre-a-lei-14-442-de-2022\/#primaryimage"},"thumbnailUrl":"https:\/\/storage.googleapis.com\/oitchaublog\/2023\/09\/910e3207-portabilidade-do-vale-refeicao.png","datePublished":"2023-09-14T23:25:33+00:00","dateModified":"2024-12-10T17:04:19+00:00","description":"A portabilidade do vale-refei\u00e7\u00e3o e alimenta\u00e7\u00e3o \u00e9 lei! Descubra como vai funcionar e quais os direitos dos colaboradores com a mudan\u00e7a.","breadcrumb":{"@id":"https:\/\/www.oitchau.com.br\/blog\/portabilidade-do-vale-refeicao-agora-e-lei-conheca-tudo-sobre-a-lei-14-442-de-2022\/#breadcrumb"},"inLanguage":"pt-BR","potentialAction":[{"@type":"ReadAction","target":["https:\/\/www.oitchau.com.br\/blog\/portabilidade-do-vale-refeicao-agora-e-lei-conheca-tudo-sobre-a-lei-14-442-de-2022\/"]}]},{"@type":"ImageObject","inLanguage":"pt-BR","@id":"https:\/\/www.oitchau.com.br\/blog\/portabilidade-do-vale-refeicao-agora-e-lei-conheca-tudo-sobre-a-lei-14-442-de-2022\/#primaryimage","url":"https:\/\/storage.googleapis.com\/oitchaublog\/2023\/09\/910e3207-portabilidade-do-vale-refeicao.png","contentUrl":"https:\/\/storage.googleapis.com\/oitchaublog\/2023\/09\/910e3207-portabilidade-do-vale-refeicao.png","width":1982,"height":800,"caption":"portabilidade do vale refei\u00e7\u00e3o"},{"@type":"BreadcrumbList","@id":"https:\/\/www.oitchau.com.br\/blog\/portabilidade-do-vale-refeicao-agora-e-lei-conheca-tudo-sobre-a-lei-14-442-de-2022\/#breadcrumb","itemListElement":[{"@type":"ListItem","position":1,"name":"Blog","item":"https:\/\/www.oitchau.com.br\/blog\/"},{"@type":"ListItem","position":2,"name":"Portabilidade do vale-refei\u00e7\u00e3o agora \u00e9 lei! Conhe\u00e7a tudo sobre a lei 14.442 de 2022"}]},{"@type":"WebSite","@id":"https:\/\/www.oitchau.com.br\/blog\/#website","url":"https:\/\/www.oitchau.com.br\/blog\/","name":"Controle de Ponto & Timesheets","description":"","publisher":{"@id":"https:\/\/www.oitchau.com.br\/blog\/#organization"},"potentialAction":[{"@type":"SearchAction","target":{"@type":"EntryPoint","urlTemplate":"https:\/\/www.oitchau.com.br\/blog\/?s={search_term_string}"},"query-input":"required name=search_term_string"}],"inLanguage":"pt-BR"},{"@type":"Organization","@id":"https:\/\/www.oitchau.com.br\/blog\/#organization","name":"Oitchau","url":"https:\/\/www.oitchau.com.br\/blog\/","logo":{"@type":"ImageObject","inLanguage":"pt-BR","@id":"https:\/\/www.oitchau.com.br\/blog\/#\/schema\/logo\/image\/","url":"https:\/\/storage.googleapis.com\/oitchaublog\/2024\/03\/a0e65c6f-design-sem-nome-20.png","contentUrl":"https:\/\/storage.googleapis.com\/oitchaublog\/2024\/03\/a0e65c6f-design-sem-nome-20.png","width":696,"height":696,"caption":"Oitchau"},"image":{"@id":"https:\/\/www.oitchau.com.br\/blog\/#\/schema\/logo\/image\/"},"sameAs":["https:\/\/www.facebook.com\/oitchaubr\/","https:\/\/twitter.com\/oitchaubr","https:\/\/instagram.com\/oitchaubr"],"description":"A Oitchau \u00e9 uma solu\u00e7\u00e3o completa para gest\u00e3o de tempo dos colaboradores, atrav\u00e9s de suas solu\u00e7\u00f5es de controle de ponto & timesheets, ela permite que gestores, RH e DP possam gerenciar desde a jornada de trabalho de funcion\u00e1rios at\u00e9 a gest\u00e3o de tempo em projetos. Elevando o n\u00edvel estrat\u00e9gico do neg\u00f3cio de forma inteligente e assertiva, potencializando seus resultados e garantindo compliance com a Lei.","email":"contato@oitchau.com.br","telephone":"+551142102846","foundingDate":"2016-01-01","numberOfEmployees":{"@type":"QuantitativeValue","minValue":"51","maxValue":"200"}},{"@type":"Person","@id":"https:\/\/www.oitchau.com.br\/blog\/#\/schema\/person\/1041f3bd0e2490b50b5bee5d0fb9b533","name":"Amanda Laranjeira","url":"https:\/\/www.oitchau.com.br\/blog\/author\/amanda\/"}]}},"_links":{"self":[{"href":"https:\/\/www.oitchau.com.br\/blog\/wp-json\/wp\/v2\/posts\/31964"}],"collection":[{"href":"https:\/\/www.oitchau.com.br\/blog\/wp-json\/wp\/v2\/posts"}],"about":[{"href":"https:\/\/www.oitchau.com.br\/blog\/wp-json\/wp\/v2\/types\/post"}],"author":[{"embeddable":true,"href":"https:\/\/www.oitchau.com.br\/blog\/wp-json\/wp\/v2\/users\/24"}],"replies":[{"embeddable":true,"href":"https:\/\/www.oitchau.com.br\/blog\/wp-json\/wp\/v2\/comments?post=31964"}],"version-history":[{"count":1,"href":"https:\/\/www.oitchau.com.br\/blog\/wp-json\/wp\/v2\/posts\/31964\/revisions"}],"predecessor-version":[{"id":36461,"href":"https:\/\/www.oitchau.com.br\/blog\/wp-json\/wp\/v2\/posts\/31964\/revisions\/36461"}],"wp:featuredmedia":[{"embeddable":true,"href":"https:\/\/www.oitchau.com.br\/blog\/wp-json\/wp\/v2\/media\/32033"}],"wp:attachment":[{"href":"https:\/\/www.oitchau.com.br\/blog\/wp-json\/wp\/v2\/media?parent=31964"}],"wp:term":[{"taxonomy":"category","embeddable":true,"href":"https:\/\/www.oitchau.com.br\/blog\/wp-json\/wp\/v2\/categories?post=31964"},{"taxonomy":"post_tag","embeddable":true,"href":"https:\/\/www.oitchau.com.br\/blog\/wp-json\/wp\/v2\/tags?post=31964"}],"curies":[{"name":"wp","href":"https:\/\/api.w.org\/{rel}","templated":true}]}}