{"id":31618,"date":"2023-07-26T15:51:31","date_gmt":"2023-07-26T12:51:31","guid":{"rendered":"https:\/\/www.oitchau.com.br\/blog\/?p=31618"},"modified":"2024-05-28T15:13:31","modified_gmt":"2024-05-28T12:13:31","slug":"layoff","status":"publish","type":"post","link":"https:\/\/www.oitchau.com.br\/blog\/layoff\/","title":{"rendered":"Layoff: O que \u00e9 e como gerir essa crise?"},"content":{"rendered":"<p><span style=\"font-weight: 400;\">Com as constantes mudan\u00e7as econ\u00f4micas e a necessidade de ajustes internos, o conceito de layoff tornou-se uma ferramenta importante para as empresas.\u00a0<\/span><\/p>\n<p><span style=\"font-weight: 400;\">Assim, o layoff permite a suspens\u00e3o tempor\u00e1ria dos contratos de trabalho, oferecendo uma alternativa \u00e0s demiss\u00f5es em massa. Esse mecanismo pode ser essencial para preservar talentos e ajustar custos em tempos de <\/span><a href=\"https:\/\/www.oitchau.com.br\/blog\/crise-economica-como-sobreviver-sem-cortes-de-funcionarios\/\"><span style=\"font-weight: 400;\">crise econ\u00f4mica<\/span><\/a><span style=\"font-weight: 400;\">.\u00a0<\/span><\/p>\n<p><span style=\"font-weight: 400;\">No entanto, para ser corretamente aplicado, \u00e9 preciso conhecer as regras e direitos do colaborador neste per\u00edodo.<\/span><\/p>\n<p><span style=\"font-weight: 400;\">Acompanhe!<\/span><\/p>\n<h2><span style=\"font-weight: 400;\">O que quer dizer Layoff?<\/span><\/h2>\n<p><span style=\"font-weight: 400;\">Layoff \u00e9 um conceito utilizado para descrever a suspens\u00e3o tempor\u00e1ria dos contratos de trabalho sem a rescis\u00e3o dos mesmos.\u00a0<\/span><\/p>\n<p><span style=\"font-weight: 400;\">Durante o per\u00edodo de layoff, os colaboradores n\u00e3o trabalham e n\u00e3o recebem sal\u00e1rio, mas mant\u00eam o v\u00ednculo empregat\u00edcio com a empresa.\u00a0<\/span><\/p>\n<p><span style=\"font-weight: 400;\">Assim, esse mecanismo \u00e9 utilizado como uma alternativa \u00e0s demiss\u00f5es em momentos de crise econ\u00f4mica ou necessidade de reestrutura\u00e7\u00e3o interna.<\/span><\/p>\n<p><span style=\"font-weight: 400;\">No contexto da legisla\u00e7\u00e3o trabalhista, o layoff permite que as empresas suspendam contratos de trabalho por um per\u00edodo determinado, de dois a cinco meses, conforme acordado com os sindicatos e autorizado pelo Minist\u00e9rio do Trabalho.\u00a0<\/span><\/p>\n<p><span style=\"font-weight: 400;\">Durante esse per\u00edodo, os colaboradores podem receber um aux\u00edlio do governo, como o <\/span><a href=\"https:\/\/www.oitchau.com.br\/blog\/seguro-desemprego-tudo-o-que-voce-precisa-saber\/\"><span style=\"font-weight: 400;\">seguro-desemprego<\/span><\/a><span style=\"font-weight: 400;\">, para minimizar os impactos financeiros.<\/span><\/p>\n<p><span style=\"font-weight: 400;\">\n\t\t<!--HubSpot Call-to-Action Code -->\n\t\t<span class=\"hs-cta-wrapper\" id=\"hs-cta-wrapper-6acdca5c-9f99-442a-86c3-8dc79fc2915e\">\n\t\t<span class=\"hs-cta-node hs-cta-6acdca5c-9f99-442a-86c3-8dc79fc2915e\" id=\"6acdca5c-9f99-442a-86c3-8dc79fc2915e\">\n\t\t<!--[if lte IE 8]>\n\t\t<div id=\"hs-cta-ie-element\"><\/div>\n\t\t<![endif]-->\n\t\t<a href=\"https:\/\/cta-redirect.hubspot.com\/cta\/redirect\/20984162\/6acdca5c-9f99-442a-86c3-8dc79fc2915e\" >\n\t\t<img decoding=\"async\" class=\"hs-cta-img\" id=\"hs-cta-img-6acdca5c-9f99-442a-86c3-8dc79fc2915e\" style=\"border-width:0px;\" src=\"https:\/\/no-cache.hubspot.com\/cta\/default\/20984162\/6acdca5c-9f99-442a-86c3-8dc79fc2915e.png\"  alt=\"New call-to-action\"\/>\n\t\t<\/a>\n\t\t<\/span>\n\t\t<script charset=\"utf-8\" src=\"\/\/js.hubspot.com\/cta\/current.js\"><\/script>\n\t\t<script>\n\t\thbspt.cta.load(20984162, '6acdca5c-9f99-442a-86c3-8dc79fc2915e', {});\n\t\t<\/script>\n\t\t<\/span>\n\t\t<!-- end HubSpot Call-to-Action Code -->\n\t\t<\/span><\/p>\n<h2><span style=\"font-weight: 400;\">O que diz a CLT sobre layoff?<\/span><\/h2>\n<p><span style=\"font-weight: 400;\">A CLT trata do layoff no artigo 476-A:\u00a0<\/span><\/p>\n<p><i><span style=\"font-weight: 400;\">\u00a0\u00a0Art. 476-A.\u00a0 O contrato de trabalho poder\u00e1 ser suspenso, por um per\u00edodo de dois a cinco meses, para participa\u00e7\u00e3o do empregado em curso ou programa de qualifica\u00e7\u00e3o profissional oferecido pelo empregador, com dura\u00e7\u00e3o equivalente \u00e0 suspens\u00e3o contratual, mediante previs\u00e3o em conven\u00e7\u00e3o ou acordo coletivo de trabalho e aquiesc\u00eancia formal do empregado, observado o disposto no art. 471 desta Consolida\u00e7\u00e3o.<\/span><\/i><\/p>\n<p><span style=\"font-weight: 400;\">Em resumo aos par\u00e1grafos descritos no conte\u00fado do artigo:<\/span><\/p>\n<ul>\n<li style=\"font-weight: 400;\" aria-level=\"1\"><span style=\"font-weight: 400;\">O <\/span><a href=\"https:\/\/www.oitchau.com.br\/blog\/tipos-de-contrato-de-trabalho-reconhecidos-pela-clt\/\"><span style=\"font-weight: 400;\">contrato de trabalho<\/span><\/a><span style=\"font-weight: 400;\"> pode ser suspenso de 2 a 5 meses para cursos de qualifica\u00e7\u00e3o profissional;<\/span><\/li>\n<li style=\"font-weight: 400;\" aria-level=\"1\"><span style=\"font-weight: 400;\">A suspens\u00e3o requer previs\u00e3o em conven\u00e7\u00e3o ou acordo coletivo e concord\u00e2ncia formal do empregado;<\/span><\/li>\n<li style=\"font-weight: 400;\" aria-level=\"1\"><span style=\"font-weight: 400;\">O sindicato deve ser notificado com 15 dias de anteced\u00eancia;<\/span><\/li>\n<li style=\"font-weight: 400;\" aria-level=\"1\"><span style=\"font-weight: 400;\">A suspens\u00e3o s\u00f3 pode ocorrer uma vez a cada 16 meses;<\/span><\/li>\n<li style=\"font-weight: 400;\" aria-level=\"1\"><span style=\"font-weight: 400;\">O empregador pode oferecer ajuda compensat\u00f3ria mensal, sem natureza salarial;<\/span><\/li>\n<li style=\"font-weight: 400;\" aria-level=\"1\"><span style=\"font-weight: 400;\">Os benef\u00edcios concedidos voluntariamente pelo empregador s\u00e3o mantidos durante a suspens\u00e3o;<\/span><\/li>\n<li style=\"font-weight: 400;\" aria-level=\"1\"><span style=\"font-weight: 400;\">Se o empregado for dispensado durante ou at\u00e9 tr\u00eas meses ap\u00f3s a suspens\u00e3o, h\u00e1 multa a ser paga pelo empregador;<\/span><\/li>\n<li style=\"font-weight: 400;\" aria-level=\"1\"><span style=\"font-weight: 400;\">A suspens\u00e3o \u00e9 descaracterizada se o curso n\u00e3o for ministrado ou se o empregado trabalhar;<\/span><\/li>\n<li style=\"font-weight: 400;\" aria-level=\"1\"><span style=\"font-weight: 400;\">O prazo de suspens\u00e3o pode ser prorrogado com acordo coletivo, com o empregador arcando com a bolsa de qualifica\u00e7\u00e3o profissional.<\/span><\/li>\n<\/ul>\n<h3><span style=\"font-weight: 400;\">Qual a diferen\u00e7a do layoff para demiss\u00f5es em massa?<\/span><\/h3>\n<p><span style=\"font-weight: 400;\">A diferen\u00e7a entre layoff e demiss\u00f5es em massa reside principalmente na natureza tempor\u00e1ria do layoff em compara\u00e7\u00e3o \u00e0 rescis\u00e3o permanente dos contratos nas demiss\u00f5es em massa.\u00a0<\/span><\/p>\n<p><span style=\"font-weight: 400;\">No layoff, os contratos de trabalho s\u00e3o suspensos temporariamente, mantendo o v\u00ednculo empregat\u00edcio, enquanto nas demiss\u00f5es em massa, h\u00e1 a rescis\u00e3o definitiva dos contratos, encerrando o v\u00ednculo.\u00a0<\/span><\/p>\n<p><span style=\"font-weight: 400;\">Al\u00e9m disso, a implementa\u00e7\u00e3o do layoff requer negocia\u00e7\u00e3o e acordo com os <\/span><a href=\"https:\/\/www.oitchau.com.br\/blog\/sindicato-de-categoria-o-que-voce-precisa-saber\/\"><span style=\"font-weight: 400;\">sindicatos<\/span><\/a><span style=\"font-weight: 400;\">, ao passo que as demiss\u00f5es em massa seguem a legisla\u00e7\u00e3o trabalhista sem necessidade de aprova\u00e7\u00e3o sindical.<\/span><\/p>\n<p><span style=\"font-weight: 400;\">\n\t\t<!--HubSpot Call-to-Action Code -->\n\t\t<span class=\"hs-cta-wrapper\" id=\"hs-cta-wrapper-6acdca5c-9f99-442a-86c3-8dc79fc2915e\">\n\t\t<span class=\"hs-cta-node hs-cta-6acdca5c-9f99-442a-86c3-8dc79fc2915e\" id=\"6acdca5c-9f99-442a-86c3-8dc79fc2915e\">\n\t\t<!--[if lte IE 8]>\n\t\t<div id=\"hs-cta-ie-element\"><\/div>\n\t\t<![endif]-->\n\t\t<a href=\"https:\/\/cta-redirect.hubspot.com\/cta\/redirect\/20984162\/6acdca5c-9f99-442a-86c3-8dc79fc2915e\" >\n\t\t<img decoding=\"async\" class=\"hs-cta-img\" id=\"hs-cta-img-6acdca5c-9f99-442a-86c3-8dc79fc2915e\" style=\"border-width:0px;\" src=\"https:\/\/no-cache.hubspot.com\/cta\/default\/20984162\/6acdca5c-9f99-442a-86c3-8dc79fc2915e.png\"  alt=\"New call-to-action\"\/>\n\t\t<\/a>\n\t\t<\/span>\n\t\t<script charset=\"utf-8\" src=\"\/\/js.hubspot.com\/cta\/current.js\"><\/script>\n\t\t<script>\n\t\thbspt.cta.load(20984162, '6acdca5c-9f99-442a-86c3-8dc79fc2915e', {});\n\t\t<\/script>\n\t\t<\/span>\n\t\t<!-- end HubSpot Call-to-Action Code -->\n\t\t<\/span><\/p>\n<h2><span style=\"font-weight: 400;\">Qual a rela\u00e7\u00e3o do layoff com os sindicatos?<\/span><\/h2>\n<p><span style=\"font-weight: 400;\">A rela\u00e7\u00e3o do layoff com os sindicatos \u00e9 essencial, pois a implementa\u00e7\u00e3o do layoff requer negocia\u00e7\u00e3o e acordo com essas entidades.\u00a0<\/span><\/p>\n<p><span style=\"font-weight: 400;\">Aqui, os sindicatos representam os interesses dos colaboradores, garantindo que seus direitos sejam respeitados durante a suspens\u00e3o tempor\u00e1ria dos contratos de trabalho.\u00a0<\/span><\/p>\n<p><span style=\"font-weight: 400;\">Assim, o processo de layoff deve ser previamente acordado com os sindicatos, incluindo?:<\/span><\/p>\n<ul>\n<li style=\"font-weight: 400;\" aria-level=\"1\"><span style=\"font-weight: 400;\">Proposta inicial: a empresa apresenta uma proposta detalhada de layoff, incluindo motivos, dura\u00e7\u00e3o e benef\u00edcios;<\/span><\/li>\n<li style=\"font-weight: 400;\" aria-level=\"1\"><span style=\"font-weight: 400;\">Negocia\u00e7\u00e3o: os sindicatos analisam e negociam os termos para garantir suporte financeiro e prote\u00e7\u00e3o aos colaboradores;<\/span><\/li>\n<li style=\"font-weight: 400;\" aria-level=\"1\"><span style=\"font-weight: 400;\">Acordo coletivo: um acordo coletivo \u00e9 firmado, regulamentando o layoff com cl\u00e1usulas sobre aux\u00edlio financeiro, retorno ao trabalho e estabilidade p\u00f3s-layoff.<\/span><\/li>\n<\/ul>\n<h2><span style=\"font-weight: 400;\">Por que as empresas fazem Layoff?<\/span><\/h2>\n<p><span style=\"font-weight: 400;\">As empresas fazem layoff por diversos motivos, principalmente para ajustar a for\u00e7a de trabalho temporariamente sem recorrer a demiss\u00f5es definitivas.\u00a0<\/span><\/p>\n<p><span style=\"font-weight: 400;\">Assim, os motivos mais comuns incluem:<\/span><\/p>\n<ul>\n<li style=\"font-weight: 400;\" aria-level=\"1\"><span style=\"font-weight: 400;\">Crise econ\u00f4mica: reduzir custos durante per\u00edodos de recess\u00e3o ou dificuldades financeiras;<\/span><\/li>\n<li style=\"font-weight: 400;\" aria-level=\"1\"><span style=\"font-weight: 400;\">Reestrutura\u00e7\u00e3o: implementar novas estrat\u00e9gias ou tecnologias sem perder talentos;<\/span><\/li>\n<li style=\"font-weight: 400;\" aria-level=\"1\"><span style=\"font-weight: 400;\">Queda na demanda: ajustar a produ\u00e7\u00e3o em setores com varia\u00e7\u00f5es sazonais na demanda.<\/span><\/li>\n<\/ul>\n<p><span style=\"font-weight: 400;\">Dessa forma, o layoff permite \u00e0s empresas manterem seus colaboradores vinculados e preparados para retomar o trabalho quando a situa\u00e7\u00e3o melhorar.<\/span><\/p>\n<h2><span style=\"font-weight: 400;\">Quais empresas podem aplicar o layoff?<\/span><\/h2>\n<p><span style=\"font-weight: 400;\">Como descrito no art. 476, qualquer empresa pode aplicar o layoff, desde que siga alguns crit\u00e9rios espec\u00edficos:<\/span><\/p>\n<ul>\n<li style=\"font-weight: 400;\" aria-level=\"1\"><span style=\"font-weight: 400;\">Justificativa econ\u00f4mica: a empresa deve apresentar motivos claros, como crises econ\u00f4micas ou necessidade de reestrutura\u00e7\u00e3o;<\/span><\/li>\n<li style=\"font-weight: 400;\" aria-level=\"1\"><span style=\"font-weight: 400;\">Negocia\u00e7\u00e3o com sindicatos: a empresa precisa negociar e obter um <\/span><a href=\"https:\/\/www.oitchau.com.br\/blog\/acordo-coletivo-como-fazer\/\"><span style=\"font-weight: 400;\">acordo coletivo <\/span><\/a><span style=\"font-weight: 400;\">com os sindicatos que representam os colaboradores;<\/span><\/li>\n<li style=\"font-weight: 400;\" aria-level=\"1\"><span style=\"font-weight: 400;\">Autoriza\u00e7\u00e3o do MTE: a implementa\u00e7\u00e3o do layoff requer a autoriza\u00e7\u00e3o do Minist\u00e9rio do Trabalho, conforme a legisla\u00e7\u00e3o vigente.<\/span><\/li>\n<\/ul>\n<p><span style=\"font-weight: 400;\">Assim, esses crit\u00e9rios garantem que o layoff seja uma medida tempor\u00e1ria e acordada, protegendo os direitos dos colaboradores enquanto a empresa atravessa per\u00edodos de dificuldade.<\/span><\/p>\n<p><span style=\"font-weight: 400;\">Al\u00e9m disso, \u00e9 importante lembrar que as medidas de layoff s\u00f3 devem ser aplicadas em casos excepcionais, e n\u00e3o como uma estrat\u00e9gia para afastar determinados grupos de colaboradores.<\/span><\/p>\n<p><span style=\"font-weight: 400;\">Um exemplo \u00e9 o caso do colaborador PCD que foi afastado em layoff pela empresa. No entanto, a partir de an\u00e1lises do grupo de colaboradores afastados com a mesma medida, o <\/span><a href=\"https:\/\/trt15.jus.br\/noticia\/2024\/empresa-e-condenada-indenizar-empregado-com-deficiencia-afastado-em-layoff\"><span style=\"font-weight: 400;\">TRT<\/span><\/a><span style=\"font-weight: 400;\"> condenou a empresa por discrimina\u00e7\u00e3o.<\/span><\/p>\n<p><span style=\"font-weight: 400;\">Desse modo, \u00e9 papel do RH intervir e apresentar as motiva\u00e7\u00f5es, necessidades e penalidades cab\u00edveis em caso de layoff.<\/span><\/p>\n<h2><span style=\"font-weight: 400;\">Quais os direitos de quem est\u00e1 em layoff?<\/span><\/h2>\n<p><span style=\"font-weight: 400;\">Durante o layoff, os colaboradores t\u00eam v\u00e1rios direitos para garantir sua prote\u00e7\u00e3o durante o per\u00edodo de suspens\u00e3o dos contratos de trabalho:<\/span><\/p>\n<ul>\n<li style=\"font-weight: 400;\" aria-level=\"1\"><span style=\"font-weight: 400;\">Aux\u00edlio financeiro: os colaboradores podem receber um aux\u00edlio financeiro, geralmente equivalente ao seguro-desemprego. Esse aux\u00edlio ajuda a cobrir suas necessidades b\u00e1sicas durante o per\u00edodo em que n\u00e3o est\u00e3o trabalhando.<\/span><\/li>\n<li style=\"font-weight: 400;\" aria-level=\"1\"><span style=\"font-weight: 400;\">Manuten\u00e7\u00e3o de benef\u00edcios: benef\u00edcios como plano de sa\u00fade, assist\u00eancia odontol\u00f3gica e outros acordos coletivos continuam v\u00e1lidos durante o layoff.<\/span><\/li>\n<li style=\"font-weight: 400;\" aria-level=\"1\"><span style=\"font-weight: 400;\">Estabilidade no emprego: ap\u00f3s o t\u00e9rmino do layoff, os colaboradores t\u00eam garantia de estabilidade no emprego por um per\u00edodo determinado, normalmente equivalente \u00e0 dura\u00e7\u00e3o do layoff. Isso significa que eles n\u00e3o podem ser demitidos imediatamente ap\u00f3s o retorno ao trabalho, oferecendo uma seguran\u00e7a adicional.<\/span><\/li>\n<li style=\"font-weight: 400;\" aria-level=\"1\"><span style=\"font-weight: 400;\">Participa\u00e7\u00e3o em programas de qualifica\u00e7\u00e3o: em alguns casos, durante o per\u00edodo de layoff, os colaboradores podem ser inclu\u00eddos em programas de qualifica\u00e7\u00e3o ou treinamento, visando aprimorar suas habilidades e aumentar sua empregabilidade.<\/span><\/li>\n<li style=\"font-weight: 400;\" aria-level=\"1\"><span style=\"font-weight: 400;\">Comunica\u00e7\u00e3o e informa\u00e7\u00e3o: as empresas s\u00e3o obrigadas a informar os colaboradores sobre os detalhes do layoff, incluindo dura\u00e7\u00e3o, benef\u00edcios durante o per\u00edodo e os procedimentos para o retorno ao trabalho.<\/span><\/li>\n<\/ul>\n<p><span style=\"font-weight: 400;\">Esses direitos s\u00e3o estabelecidos para proteger os colaboradores durante a suspens\u00e3o tempor\u00e1ria de seus contratos de trabalho, garantindo suporte financeiro e manuten\u00e7\u00e3o de benef\u00edcios essenciais.<\/span><\/p>\n<p><span style=\"font-weight: 400;\">\n\t\t<!--HubSpot Call-to-Action Code -->\n\t\t<span class=\"hs-cta-wrapper\" id=\"hs-cta-wrapper-6acdca5c-9f99-442a-86c3-8dc79fc2915e\">\n\t\t<span class=\"hs-cta-node hs-cta-6acdca5c-9f99-442a-86c3-8dc79fc2915e\" id=\"6acdca5c-9f99-442a-86c3-8dc79fc2915e\">\n\t\t<!--[if lte IE 8]>\n\t\t<div id=\"hs-cta-ie-element\"><\/div>\n\t\t<![endif]-->\n\t\t<a href=\"https:\/\/cta-redirect.hubspot.com\/cta\/redirect\/20984162\/6acdca5c-9f99-442a-86c3-8dc79fc2915e\" >\n\t\t<img decoding=\"async\" class=\"hs-cta-img\" id=\"hs-cta-img-6acdca5c-9f99-442a-86c3-8dc79fc2915e\" style=\"border-width:0px;\" src=\"https:\/\/no-cache.hubspot.com\/cta\/default\/20984162\/6acdca5c-9f99-442a-86c3-8dc79fc2915e.png\"  alt=\"New call-to-action\"\/>\n\t\t<\/a>\n\t\t<\/span>\n\t\t<script charset=\"utf-8\" src=\"\/\/js.hubspot.com\/cta\/current.js\"><\/script>\n\t\t<script>\n\t\thbspt.cta.load(20984162, '6acdca5c-9f99-442a-86c3-8dc79fc2915e', {});\n\t\t<\/script>\n\t\t<\/span>\n\t\t<!-- end HubSpot Call-to-Action Code -->\n\t\t<\/span><\/p>\n<h2><span style=\"font-weight: 400;\">Quanto tempo dura Layoff?<\/span><\/h2>\n<p><span style=\"font-weight: 400;\">A dura\u00e7\u00e3o do layoff pode variar, mas geralmente segue os seguintes crit\u00e9rios:<\/span><\/p>\n<ul>\n<li style=\"font-weight: 400;\" aria-level=\"1\"><span style=\"font-weight: 400;\">Per\u00edodo inicial: o layoff dura entre dois a cinco meses;<\/span><\/li>\n<li style=\"font-weight: 400;\" aria-level=\"1\"><span style=\"font-weight: 400;\">Prorroga\u00e7\u00e3o: pode ser prorrogado mediante acordo coletivo e autoriza\u00e7\u00e3o dos sindicatos;<\/span><\/li>\n<li style=\"font-weight: 400;\" aria-level=\"1\"><span style=\"font-weight: 400;\">Frequ\u00eancia: a suspens\u00e3o do contrato s\u00f3 pode ocorrer uma vez a cada 16 meses;<\/span><\/li>\n<li style=\"font-weight: 400;\" aria-level=\"1\"><span style=\"font-weight: 400;\">Estabilidade: ap\u00f3s o t\u00e9rmino do layoff, os colaboradores t\u00eam garantia de estabilidade no emprego por um per\u00edodo determinado, normalmente equivalente \u00e0 dura\u00e7\u00e3o da suspens\u00e3o.<\/span><\/li>\n<\/ul>\n<p><span style=\"font-weight: 400;\">Esses crit\u00e9rios s\u00e3o estabelecidos para garantir que o layoff seja uma medida tempor\u00e1ria e acordada entre as partes.<\/span><\/p>\n<p><span style=\"font-weight: 400;\">Para saber mais sobre conte\u00fados como este, acompanhe o nosso <a href=\"https:\/\/www.oitchau.com.br\/blog\">blog<\/a>!<\/span><\/p>\n","protected":false},"excerpt":{"rendered":"<p>Com as constantes mudan\u00e7as econ\u00f4micas e a necessidade de ajustes internos, o conceito de layoff tornou-se uma ferramenta importante para as empresas.\u00a0 Assim, o layoff permite a suspens\u00e3o tempor\u00e1ria dos contratos de trabalho, oferecendo uma alternativa \u00e0s demiss\u00f5es em massa. Esse mecanismo pode ser essencial para preservar talentos e ajustar custos em tempos de crise [&hellip;]<\/p>\n","protected":false},"author":11,"featured_media":33936,"comment_status":"closed","ping_status":"open","sticky":false,"template":"","format":"standard","meta":{"content-type":"","footnotes":""},"categories":[17657],"tags":[268,17865,11439,17991],"yoast_head":"<!-- This site is optimized with the Yoast SEO Premium plugin v22.2 (Yoast SEO v22.2) - https:\/\/yoast.com\/wordpress\/plugins\/seo\/ -->\n<title>Layoff: O que \u00e9 e como gerir essa crise? | Oitchau<\/title>\n<meta name=\"description\" content=\"O Layoff esteve em pauta nos \u00faltimos meses devido ao processo de demiss\u00e3o em grandes empresas. Se quer saber mais sobre o assunto, veja aqui!\" \/>\n<meta name=\"robots\" content=\"index, follow, max-snippet:-1, max-image-preview:large, max-video-preview:-1\" \/>\n<link rel=\"canonical\" href=\"https:\/\/www.oitchau.com.br\/blog\/layoff\/\" \/>\n<meta property=\"og:locale\" content=\"pt_BR\" \/>\n<meta property=\"og:type\" content=\"article\" \/>\n<meta property=\"og:title\" content=\"Layoff: O que \u00e9 e como gerir essa crise?\" \/>\n<meta property=\"og:description\" content=\"O Layoff esteve em pauta nos \u00faltimos meses devido ao processo de demiss\u00e3o em grandes empresas. Se quer saber mais sobre o assunto, veja aqui!\" \/>\n<meta property=\"og:url\" content=\"https:\/\/www.oitchau.com.br\/blog\/layoff\/\" \/>\n<meta property=\"og:site_name\" content=\"Controle de Ponto &amp; Timesheets\" \/>\n<meta property=\"article:publisher\" content=\"https:\/\/www.facebook.com\/oitchaubr\/\" \/>\n<meta property=\"article:published_time\" content=\"2023-07-26T12:51:31+00:00\" \/>\n<meta property=\"article:modified_time\" content=\"2024-05-28T12:13:31+00:00\" \/>\n<meta property=\"og:image\" content=\"https:\/\/storage.googleapis.com\/oitchaublog\/2023\/07\/6226a8a5-layoff.png\" \/>\n\t<meta property=\"og:image:width\" content=\"1982\" \/>\n\t<meta property=\"og:image:height\" content=\"800\" \/>\n\t<meta property=\"og:image:type\" content=\"image\/png\" \/>\n<meta name=\"author\" content=\"Aline Mesquita\" \/>\n<meta name=\"twitter:card\" content=\"summary_large_image\" \/>\n<meta name=\"twitter:creator\" content=\"@oitchaubr\" \/>\n<meta name=\"twitter:site\" content=\"@oitchaubr\" \/>\n<meta name=\"twitter:label1\" content=\"Written by\" \/>\n\t<meta name=\"twitter:data1\" content=\"Aline Mesquita\" \/>\n\t<meta name=\"twitter:label2\" content=\"Est. reading time\" \/>\n\t<meta name=\"twitter:data2\" content=\"7 minutos\" \/>\n<script type=\"application\/ld+json\" class=\"yoast-schema-graph\">{\"@context\":\"https:\/\/schema.org\",\"@graph\":[{\"@type\":[\"Article\",\"BlogPosting\"],\"@id\":\"https:\/\/www.oitchau.com.br\/blog\/layoff\/#article\",\"isPartOf\":{\"@id\":\"https:\/\/www.oitchau.com.br\/blog\/layoff\/\"},\"author\":{\"name\":\"Aline Mesquita\",\"@id\":\"https:\/\/www.oitchau.com.br\/blog\/#\/schema\/person\/40ba65f8664531ffe1465f6cb9d82430\"},\"headline\":\"Layoff: O que \u00e9 e como gerir essa crise?\",\"datePublished\":\"2023-07-26T12:51:31+00:00\",\"dateModified\":\"2024-05-28T12:13:31+00:00\",\"mainEntityOfPage\":{\"@id\":\"https:\/\/www.oitchau.com.br\/blog\/layoff\/\"},\"wordCount\":1404,\"publisher\":{\"@id\":\"https:\/\/www.oitchau.com.br\/blog\/#organization\"},\"image\":{\"@id\":\"https:\/\/www.oitchau.com.br\/blog\/layoff\/#primaryimage\"},\"thumbnailUrl\":\"https:\/\/storage.googleapis.com\/oitchaublog\/2023\/07\/6226a8a5-layoff.png\",\"keywords\":[\"demiss\u00e3o\",\"demiss\u00e3o em massa\",\"gest\u00e3o empresarial\",\"layoff\"],\"articleSection\":[\"Gest\u00e3o empresarial\"],\"inLanguage\":\"pt-BR\"},{\"@type\":\"WebPage\",\"@id\":\"https:\/\/www.oitchau.com.br\/blog\/layoff\/\",\"url\":\"https:\/\/www.oitchau.com.br\/blog\/layoff\/\",\"name\":\"Layoff: O que \u00e9 e como gerir essa crise? | Oitchau\",\"isPartOf\":{\"@id\":\"https:\/\/www.oitchau.com.br\/blog\/#website\"},\"primaryImageOfPage\":{\"@id\":\"https:\/\/www.oitchau.com.br\/blog\/layoff\/#primaryimage\"},\"image\":{\"@id\":\"https:\/\/www.oitchau.com.br\/blog\/layoff\/#primaryimage\"},\"thumbnailUrl\":\"https:\/\/storage.googleapis.com\/oitchaublog\/2023\/07\/6226a8a5-layoff.png\",\"datePublished\":\"2023-07-26T12:51:31+00:00\",\"dateModified\":\"2024-05-28T12:13:31+00:00\",\"description\":\"O Layoff esteve em pauta nos \u00faltimos meses devido ao processo de demiss\u00e3o em grandes empresas. Se quer saber mais sobre o assunto, veja aqui!\",\"breadcrumb\":{\"@id\":\"https:\/\/www.oitchau.com.br\/blog\/layoff\/#breadcrumb\"},\"inLanguage\":\"pt-BR\",\"potentialAction\":[{\"@type\":\"ReadAction\",\"target\":[\"https:\/\/www.oitchau.com.br\/blog\/layoff\/\"]}]},{\"@type\":\"ImageObject\",\"inLanguage\":\"pt-BR\",\"@id\":\"https:\/\/www.oitchau.com.br\/blog\/layoff\/#primaryimage\",\"url\":\"https:\/\/storage.googleapis.com\/oitchaublog\/2023\/07\/6226a8a5-layoff.png\",\"contentUrl\":\"https:\/\/storage.googleapis.com\/oitchaublog\/2023\/07\/6226a8a5-layoff.png\",\"width\":1982,\"height\":800,\"caption\":\"layoff\"},{\"@type\":\"BreadcrumbList\",\"@id\":\"https:\/\/www.oitchau.com.br\/blog\/layoff\/#breadcrumb\",\"itemListElement\":[{\"@type\":\"ListItem\",\"position\":1,\"name\":\"Blog\",\"item\":\"https:\/\/www.oitchau.com.br\/blog\/\"},{\"@type\":\"ListItem\",\"position\":2,\"name\":\"Layoff: O que \u00e9 e como gerir essa crise?\"}]},{\"@type\":\"WebSite\",\"@id\":\"https:\/\/www.oitchau.com.br\/blog\/#website\",\"url\":\"https:\/\/www.oitchau.com.br\/blog\/\",\"name\":\"Controle de Ponto & Timesheets\",\"description\":\"\",\"publisher\":{\"@id\":\"https:\/\/www.oitchau.com.br\/blog\/#organization\"},\"potentialAction\":[{\"@type\":\"SearchAction\",\"target\":{\"@type\":\"EntryPoint\",\"urlTemplate\":\"https:\/\/www.oitchau.com.br\/blog\/?s={search_term_string}\"},\"query-input\":\"required name=search_term_string\"}],\"inLanguage\":\"pt-BR\"},{\"@type\":\"Organization\",\"@id\":\"https:\/\/www.oitchau.com.br\/blog\/#organization\",\"name\":\"Oitchau\",\"url\":\"https:\/\/www.oitchau.com.br\/blog\/\",\"logo\":{\"@type\":\"ImageObject\",\"inLanguage\":\"pt-BR\",\"@id\":\"https:\/\/www.oitchau.com.br\/blog\/#\/schema\/logo\/image\/\",\"url\":\"https:\/\/storage.googleapis.com\/oitchaublog\/2024\/03\/a0e65c6f-design-sem-nome-20.png\",\"contentUrl\":\"https:\/\/storage.googleapis.com\/oitchaublog\/2024\/03\/a0e65c6f-design-sem-nome-20.png\",\"width\":696,\"height\":696,\"caption\":\"Oitchau\"},\"image\":{\"@id\":\"https:\/\/www.oitchau.com.br\/blog\/#\/schema\/logo\/image\/\"},\"sameAs\":[\"https:\/\/www.facebook.com\/oitchaubr\/\",\"https:\/\/twitter.com\/oitchaubr\",\"https:\/\/instagram.com\/oitchaubr\"],\"description\":\"A Oitchau \u00e9 uma solu\u00e7\u00e3o completa para gest\u00e3o de tempo dos colaboradores, atrav\u00e9s de suas solu\u00e7\u00f5es de controle de ponto & timesheets, ela permite que gestores, RH e DP possam gerenciar desde a jornada de trabalho de funcion\u00e1rios at\u00e9 a gest\u00e3o de tempo em projetos. Elevando o n\u00edvel estrat\u00e9gico do neg\u00f3cio de forma inteligente e assertiva, potencializando seus resultados e garantindo compliance com a Lei.\",\"email\":\"contato@oitchau.com.br\",\"telephone\":\"+551142102846\",\"foundingDate\":\"2016-01-01\",\"numberOfEmployees\":{\"@type\":\"QuantitativeValue\",\"minValue\":\"51\",\"maxValue\":\"200\"}},{\"@type\":\"Person\",\"@id\":\"https:\/\/www.oitchau.com.br\/blog\/#\/schema\/person\/40ba65f8664531ffe1465f6cb9d82430\",\"name\":\"Aline Mesquita\",\"url\":\"https:\/\/www.oitchau.com.br\/blog\/author\/aline\/\"}]}<\/script>\n<!-- \/ Yoast SEO Premium plugin. -->","yoast_head_json":{"title":"Layoff: O que \u00e9 e como gerir essa crise? | Oitchau","description":"O Layoff esteve em pauta nos \u00faltimos meses devido ao processo de demiss\u00e3o em grandes empresas. Se quer saber mais sobre o assunto, veja aqui!","robots":{"index":"index","follow":"follow","max-snippet":"max-snippet:-1","max-image-preview":"max-image-preview:large","max-video-preview":"max-video-preview:-1"},"canonical":"https:\/\/www.oitchau.com.br\/blog\/layoff\/","og_locale":"pt_BR","og_type":"article","og_title":"Layoff: O que \u00e9 e como gerir essa crise?","og_description":"O Layoff esteve em pauta nos \u00faltimos meses devido ao processo de demiss\u00e3o em grandes empresas. Se quer saber mais sobre o assunto, veja aqui!","og_url":"https:\/\/www.oitchau.com.br\/blog\/layoff\/","og_site_name":"Controle de Ponto &amp; Timesheets","article_publisher":"https:\/\/www.facebook.com\/oitchaubr\/","article_published_time":"2023-07-26T12:51:31+00:00","article_modified_time":"2024-05-28T12:13:31+00:00","og_image":[{"width":1982,"height":800,"url":"https:\/\/storage.googleapis.com\/oitchaublog\/2023\/07\/6226a8a5-layoff.png","type":"image\/png"}],"author":"Aline Mesquita","twitter_card":"summary_large_image","twitter_creator":"@oitchaubr","twitter_site":"@oitchaubr","twitter_misc":{"Written by":"Aline Mesquita","Est. reading time":"7 minutos"},"schema":{"@context":"https:\/\/schema.org","@graph":[{"@type":["Article","BlogPosting"],"@id":"https:\/\/www.oitchau.com.br\/blog\/layoff\/#article","isPartOf":{"@id":"https:\/\/www.oitchau.com.br\/blog\/layoff\/"},"author":{"name":"Aline Mesquita","@id":"https:\/\/www.oitchau.com.br\/blog\/#\/schema\/person\/40ba65f8664531ffe1465f6cb9d82430"},"headline":"Layoff: O que \u00e9 e como gerir essa crise?","datePublished":"2023-07-26T12:51:31+00:00","dateModified":"2024-05-28T12:13:31+00:00","mainEntityOfPage":{"@id":"https:\/\/www.oitchau.com.br\/blog\/layoff\/"},"wordCount":1404,"publisher":{"@id":"https:\/\/www.oitchau.com.br\/blog\/#organization"},"image":{"@id":"https:\/\/www.oitchau.com.br\/blog\/layoff\/#primaryimage"},"thumbnailUrl":"https:\/\/storage.googleapis.com\/oitchaublog\/2023\/07\/6226a8a5-layoff.png","keywords":["demiss\u00e3o","demiss\u00e3o em massa","gest\u00e3o empresarial","layoff"],"articleSection":["Gest\u00e3o empresarial"],"inLanguage":"pt-BR"},{"@type":"WebPage","@id":"https:\/\/www.oitchau.com.br\/blog\/layoff\/","url":"https:\/\/www.oitchau.com.br\/blog\/layoff\/","name":"Layoff: O que \u00e9 e como gerir essa crise? | Oitchau","isPartOf":{"@id":"https:\/\/www.oitchau.com.br\/blog\/#website"},"primaryImageOfPage":{"@id":"https:\/\/www.oitchau.com.br\/blog\/layoff\/#primaryimage"},"image":{"@id":"https:\/\/www.oitchau.com.br\/blog\/layoff\/#primaryimage"},"thumbnailUrl":"https:\/\/storage.googleapis.com\/oitchaublog\/2023\/07\/6226a8a5-layoff.png","datePublished":"2023-07-26T12:51:31+00:00","dateModified":"2024-05-28T12:13:31+00:00","description":"O Layoff esteve em pauta nos \u00faltimos meses devido ao processo de demiss\u00e3o em grandes empresas. Se quer saber mais sobre o assunto, veja aqui!","breadcrumb":{"@id":"https:\/\/www.oitchau.com.br\/blog\/layoff\/#breadcrumb"},"inLanguage":"pt-BR","potentialAction":[{"@type":"ReadAction","target":["https:\/\/www.oitchau.com.br\/blog\/layoff\/"]}]},{"@type":"ImageObject","inLanguage":"pt-BR","@id":"https:\/\/www.oitchau.com.br\/blog\/layoff\/#primaryimage","url":"https:\/\/storage.googleapis.com\/oitchaublog\/2023\/07\/6226a8a5-layoff.png","contentUrl":"https:\/\/storage.googleapis.com\/oitchaublog\/2023\/07\/6226a8a5-layoff.png","width":1982,"height":800,"caption":"layoff"},{"@type":"BreadcrumbList","@id":"https:\/\/www.oitchau.com.br\/blog\/layoff\/#breadcrumb","itemListElement":[{"@type":"ListItem","position":1,"name":"Blog","item":"https:\/\/www.oitchau.com.br\/blog\/"},{"@type":"ListItem","position":2,"name":"Layoff: O que \u00e9 e como gerir essa crise?"}]},{"@type":"WebSite","@id":"https:\/\/www.oitchau.com.br\/blog\/#website","url":"https:\/\/www.oitchau.com.br\/blog\/","name":"Controle de Ponto & Timesheets","description":"","publisher":{"@id":"https:\/\/www.oitchau.com.br\/blog\/#organization"},"potentialAction":[{"@type":"SearchAction","target":{"@type":"EntryPoint","urlTemplate":"https:\/\/www.oitchau.com.br\/blog\/?s={search_term_string}"},"query-input":"required name=search_term_string"}],"inLanguage":"pt-BR"},{"@type":"Organization","@id":"https:\/\/www.oitchau.com.br\/blog\/#organization","name":"Oitchau","url":"https:\/\/www.oitchau.com.br\/blog\/","logo":{"@type":"ImageObject","inLanguage":"pt-BR","@id":"https:\/\/www.oitchau.com.br\/blog\/#\/schema\/logo\/image\/","url":"https:\/\/storage.googleapis.com\/oitchaublog\/2024\/03\/a0e65c6f-design-sem-nome-20.png","contentUrl":"https:\/\/storage.googleapis.com\/oitchaublog\/2024\/03\/a0e65c6f-design-sem-nome-20.png","width":696,"height":696,"caption":"Oitchau"},"image":{"@id":"https:\/\/www.oitchau.com.br\/blog\/#\/schema\/logo\/image\/"},"sameAs":["https:\/\/www.facebook.com\/oitchaubr\/","https:\/\/twitter.com\/oitchaubr","https:\/\/instagram.com\/oitchaubr"],"description":"A Oitchau \u00e9 uma solu\u00e7\u00e3o completa para gest\u00e3o de tempo dos colaboradores, atrav\u00e9s de suas solu\u00e7\u00f5es de controle de ponto & timesheets, ela permite que gestores, RH e DP possam gerenciar desde a jornada de trabalho de funcion\u00e1rios at\u00e9 a gest\u00e3o de tempo em projetos. Elevando o n\u00edvel estrat\u00e9gico do neg\u00f3cio de forma inteligente e assertiva, potencializando seus resultados e garantindo compliance com a Lei.","email":"contato@oitchau.com.br","telephone":"+551142102846","foundingDate":"2016-01-01","numberOfEmployees":{"@type":"QuantitativeValue","minValue":"51","maxValue":"200"}},{"@type":"Person","@id":"https:\/\/www.oitchau.com.br\/blog\/#\/schema\/person\/40ba65f8664531ffe1465f6cb9d82430","name":"Aline Mesquita","url":"https:\/\/www.oitchau.com.br\/blog\/author\/aline\/"}]}},"_links":{"self":[{"href":"https:\/\/www.oitchau.com.br\/blog\/wp-json\/wp\/v2\/posts\/31618"}],"collection":[{"href":"https:\/\/www.oitchau.com.br\/blog\/wp-json\/wp\/v2\/posts"}],"about":[{"href":"https:\/\/www.oitchau.com.br\/blog\/wp-json\/wp\/v2\/types\/post"}],"author":[{"embeddable":true,"href":"https:\/\/www.oitchau.com.br\/blog\/wp-json\/wp\/v2\/users\/11"}],"replies":[{"embeddable":true,"href":"https:\/\/www.oitchau.com.br\/blog\/wp-json\/wp\/v2\/comments?post=31618"}],"version-history":[{"count":3,"href":"https:\/\/www.oitchau.com.br\/blog\/wp-json\/wp\/v2\/posts\/31618\/revisions"}],"predecessor-version":[{"id":33937,"href":"https:\/\/www.oitchau.com.br\/blog\/wp-json\/wp\/v2\/posts\/31618\/revisions\/33937"}],"wp:featuredmedia":[{"embeddable":true,"href":"https:\/\/www.oitchau.com.br\/blog\/wp-json\/wp\/v2\/media\/33936"}],"wp:attachment":[{"href":"https:\/\/www.oitchau.com.br\/blog\/wp-json\/wp\/v2\/media?parent=31618"}],"wp:term":[{"taxonomy":"category","embeddable":true,"href":"https:\/\/www.oitchau.com.br\/blog\/wp-json\/wp\/v2\/categories?post=31618"},{"taxonomy":"post_tag","embeddable":true,"href":"https:\/\/www.oitchau.com.br\/blog\/wp-json\/wp\/v2\/tags?post=31618"}],"curies":[{"name":"wp","href":"https:\/\/api.w.org\/{rel}","templated":true}]}}