{"id":28564,"date":"2023-05-12T20:00:32","date_gmt":"2023-05-12T17:00:32","guid":{"rendered":"https:\/\/www.oitchau.com.br\/blog\/?p=28564"},"modified":"2024-05-16T15:25:58","modified_gmt":"2024-05-16T12:25:58","slug":"gestao-empresarial","status":"publish","type":"post","link":"https:\/\/www.oitchau.com.br\/blog\/gestao-empresarial\/","title":{"rendered":"Gest\u00e3o empresarial: o que \u00e9 e como aplicar?"},"content":{"rendered":"<p><span style=\"font-weight: 400;\">A <a target=\"_blank\" href=\"https:\/\/www.oitchau.com.br\/blog\/dicas-de-boas-praticas-para-melhorar-a-gestao-empresarial\/\" rel=\"noopener\">gest\u00e3o empresarial<\/a> \u00e9 um tema bastante abordado, mas nem sempre aplicado da melhor forma nas empresas, indo muito al\u00e9m da <\/span><span style=\"font-weight: 400;\">gest\u00e3o de custos<\/span><span style=\"font-weight: 400;\"> ou acompanhamentos financeiros mais simples.<\/span><\/p>\n<p><span style=\"font-weight: 400;\">Afinal, mesmo sendo fundamental para o sucesso do neg\u00f3cio, nem todos os profissionais e empreendedores sabem como lev\u00e1-lo de forma pr\u00e1tica para a empresa.<\/span><\/p>\n<p><span style=\"font-weight: 400;\">Em muitos casos, isso ocorre pelo fato de que a gest\u00e3o aborda in\u00fameros fatores, setores e recursos em um mesmo neg\u00f3cio, tornando a sua aplica\u00e7\u00e3o mais complexa quando n\u00e3o existe um respons\u00e1vel ou uma estrat\u00e9gia clara.<\/span><\/p>\n<p><span style=\"font-weight: 400;\">Mas se voc\u00ea quer entender o que a gest\u00e3o empresarial, como aplicar na sua empresa e em quais pontos voc\u00ea deve focar, continue por aqui!<\/span><\/p>\n<h2>Gest\u00e3o empresarial o que \u00e9?<\/h2>\n<p><span style=\"font-weight: 400;\">A gest\u00e3o empresarial \u00e9 um conjunto de pr\u00e1ticas, t\u00e9cnicas e <a target=\"_blank\" href=\"https:\/\/www.oitchau.com.br\/blog\/gestao-estrategica\/\" rel=\"noopener\">ferramentas utilizadas para gerir uma empresa<\/a>, envolvendo a tomada de decis\u00f5es estrat\u00e9gicas, operacionais e t\u00e1ticas, baseadas em informa\u00e7\u00f5es precisas e atualizadas sobre o mercado e o neg\u00f3cio.\u00a0<\/span><\/p>\n<p><span style=\"font-weight: 400;\">Neste formato, o conceito pode parecer bastante complexo. Por isso, para simplificar, basta entender que a gest\u00e3o empresarial <\/span><b>\u00e9 um conjunto de a\u00e7\u00f5es que servem para definir os melhores caminhos para o sucesso do neg\u00f3cio<\/b><span style=\"font-weight: 400;\">.<\/span><\/p>\n<p><span style=\"font-weight: 400;\">E para isso, ela vai trabalhar quatro princ\u00edpios b\u00e1sicos da administra\u00e7\u00e3o de uma empresa:<\/span><\/p>\n<ul>\n<li style=\"font-weight: 400;\" aria-level=\"1\"><span style=\"font-weight: 400;\">Planejar;<\/span><\/li>\n<li style=\"font-weight: 400;\" aria-level=\"1\"><span style=\"font-weight: 400;\">Organizar;<\/span><\/li>\n<li style=\"font-weight: 400;\" aria-level=\"1\"><span style=\"font-weight: 400;\">Dirigir;<\/span><\/li>\n<li style=\"font-weight: 400;\" aria-level=\"1\"><span style=\"font-weight: 400;\">Controlar.<\/span><\/li>\n<\/ul>\n<h2><strong>Gest\u00e3o empresarial o que faz?<\/strong><\/h2>\n<p><span style=\"font-weight: 400;\">Como explicamos acima, a gest\u00e3o empresarial \u00e9 a respons\u00e1vel por definir os melhores caminhos para o sucesso de um neg\u00f3cio. E para isso, \u00e9 preciso aplicar o que conhecemos como modelo de gest\u00e3o, que \u00e9 o formato como as atividades de uma empresa s\u00e3o desenvolvidas.<\/span><\/p>\n<p><span style=\"font-weight: 400;\">Assim, ela busca trabalhar com alguns objetivos, como:<\/span><\/p>\n<ul>\n<li style=\"font-weight: 400;\" aria-level=\"1\"><span style=\"font-weight: 400;\">Otimizar os processos;<\/span><\/li>\n<li style=\"font-weight: 400;\" aria-level=\"1\"><span style=\"font-weight: 400;\">Aprimorar a qualidade dos produtos ou servi\u00e7os;<\/span><\/li>\n<li style=\"font-weight: 400;\" aria-level=\"1\"><span style=\"font-weight: 400;\">Reduzir custos;<\/span><\/li>\n<li style=\"font-weight: 400;\" aria-level=\"1\"><span style=\"font-weight: 400;\"><a target=\"_blank\" href=\"https:\/\/www.oitchau.com.br\/blog\/produtividade-no-trello\/\" rel=\"noopener\">Aumentar a produtividade<\/a>;<\/span><\/li>\n<li style=\"font-weight: 400;\" aria-level=\"1\"><span style=\"font-weight: 400;\">Garantir melhores resultados financeiros para a empresa.<\/span><\/li>\n<\/ul>\n<h2><strong>Quais os pilares da gest\u00e3o empresarial?<\/strong><\/h2>\n<p><span style=\"font-weight: 400;\">Para simplificar e melhor direcionar os esfor\u00e7os da gest\u00e3o empresarial, ela pode ser percebida a partir da an\u00e1lise dos principais pilares para o sucesso de um neg\u00f3cio.<\/span><\/p>\n<p><span style=\"font-weight: 400;\">Veja a seguir.<\/span><\/p>\n<h3><strong>Estrat\u00e9gia<\/strong><\/h3>\n<p><span style=\"font-weight: 400;\">Nem sempre ele \u00e9 o primeiro a ser trabalhado nas empresas, mas \u00e9 o ponto de partida para o alcance dos melhores resultados.<\/span><\/p>\n<p><span style=\"font-weight: 400;\">A estrat\u00e9gia \u00e9 a defini\u00e7\u00e3o do caminho que a empresa deve seguir para atingir seus objetivos de curto, m\u00e9dio e longo prazo.\u00a0<\/span><\/p>\n<p><span style=\"font-weight: 400;\">Ela envolve todo o processo que vai desde a defini\u00e7\u00e3o da <a target=\"_blank\" href=\"https:\/\/www.oitchau.com.br\/blog\/missao-visao-e-valores-organizacionais-e-a-sua-importancia\/\" rel=\"noopener\">identidade organizacional<\/a> \u2014 miss\u00e3o, vis\u00e3o, valores e pol\u00edticas \u2014 at\u00e9 a defini\u00e7\u00e3o de metas e objetivos a serem alcan\u00e7ados.<\/span><\/p>\n<p><span style=\"font-weight: 400;\">Ao trabalhar a estrat\u00e9gia de uma empresa, algumas ferramentas s\u00e3o aplicadas, como:<\/span><\/p>\n<ul>\n<li style=\"font-weight: 400;\" aria-level=\"1\"><span style=\"font-weight: 400;\">An\u00e1lise SWOT<\/span><span style=\"font-weight: 400;\">;<\/span><\/li>\n<li style=\"font-weight: 400;\" aria-level=\"1\"><span style=\"font-weight: 400;\">PDCA<\/span><span style=\"font-weight: 400;\">;<\/span><\/li>\n<li style=\"font-weight: 400;\" aria-level=\"1\"><span style=\"font-weight: 400;\">BSC<\/span><span style=\"font-weight: 400;\">;<\/span><\/li>\n<li style=\"font-weight: 400;\" aria-level=\"1\"><span style=\"font-weight: 400;\">Matriz GUT;<\/span><\/li>\n<li style=\"font-weight: 400;\" aria-level=\"1\"><span style=\"font-weight: 400;\">5W2H.<\/span><\/li>\n<\/ul>\n<h3><strong>Financeiro<\/strong><\/h3>\n<p><span style=\"font-weight: 400;\">Seguindo a estrat\u00e9gia, vem o pilar financeiro, um dos mais analisados, \u2014 mesmo que de maneira informal \u2014 observados e trabalhados nas empresas. Afinal, ele \u00e9 o respons\u00e1vel por gerenciar as finan\u00e7as da empresa.\u00a0<\/span><\/p>\n<p><span data-sheets-value=\"{&quot;1&quot;:2,&quot;2&quot;:&quot;\n\t\t&lt;!--HubSpot Call-to-Action Code --&gt;\n\t\t&lt;span class=&quot;hs-cta-wrapper&quot; id=&quot;hs-cta-wrapper-87190347-c414-4d3f-8646-18211b103ff9&quot;&gt;\n\t\t&lt;span class=&quot;hs-cta-node hs-cta-87190347-c414-4d3f-8646-18211b103ff9&quot; id=&quot;87190347-c414-4d3f-8646-18211b103ff9&quot;&gt;\n\t\t&lt;!--[if lte IE 8]&gt;\n\t\t&lt;div id=&quot;hs-cta-ie-element&quot;&gt;&lt;\/div&gt;\n\t\t&lt;![endif]--&gt;\n\t\t&lt;a href=&quot;https:\/\/cta-redirect.hubspot.com\/cta\/redirect\/20984162\/87190347-c414-4d3f-8646-18211b103ff9&quot; &gt;\n\t\t&lt;img class=&quot;hs-cta-img&quot; id=&quot;hs-cta-img-87190347-c414-4d3f-8646-18211b103ff9&quot; style=&quot;border-width:0px;&quot; src=&quot;https:\/\/no-cache.hubspot.com\/cta\/default\/20984162\/87190347-c414-4d3f-8646-18211b103ff9.png&quot;  alt=&quot;New call-to-action&quot;\/&gt;\n\t\t&lt;\/a&gt;\n\t\t&lt;\/span&gt;\n\t\t&lt;script charset=&quot;utf-8&quot; src=&quot;\/\/js.hubspot.com\/cta\/current.js&quot;&gt;&lt;\/script&gt;\n\t\t&lt;script&gt;\n\t\thbspt.cta.load(20984162, &#039;87190347-c414-4d3f-8646-18211b103ff9&#039;, {});\n\t\t&lt;\/script&gt;\n\t\t&lt;\/span&gt;\n\t\t&lt;!-- end HubSpot Call-to-Action Code --&gt;\n\t\t&quot;}\" data-sheets-userformat=\"{&quot;2&quot;:897,&quot;3&quot;:{&quot;1&quot;:0},&quot;10&quot;:1,&quot;11&quot;:4,&quot;12&quot;:0}\">\n\t\t<!--HubSpot Call-to-Action Code -->\n\t\t<span class=\"hs-cta-wrapper\" id=\"hs-cta-wrapper-87190347-c414-4d3f-8646-18211b103ff9\">\n\t\t<span class=\"hs-cta-node hs-cta-87190347-c414-4d3f-8646-18211b103ff9\" id=\"87190347-c414-4d3f-8646-18211b103ff9\">\n\t\t<!--[if lte IE 8]>\n\t\t<div id=\"hs-cta-ie-element\"><\/div>\n\t\t<![endif]-->\n\t\t<a href=\"https:\/\/cta-redirect.hubspot.com\/cta\/redirect\/20984162\/87190347-c414-4d3f-8646-18211b103ff9\" >\n\t\t<img decoding=\"async\" class=\"hs-cta-img\" id=\"hs-cta-img-87190347-c414-4d3f-8646-18211b103ff9\" style=\"border-width:0px;\" src=\"https:\/\/no-cache.hubspot.com\/cta\/default\/20984162\/87190347-c414-4d3f-8646-18211b103ff9.png\"  alt=\"New call-to-action\"\/>\n\t\t<\/a>\n\t\t<\/span>\n\t\t<script charset=\"utf-8\" src=\"\/\/js.hubspot.com\/cta\/current.js\"><\/script>\n\t\t<script>\n\t\thbspt.cta.load(20984162, '87190347-c414-4d3f-8646-18211b103ff9', {});\n\t\t<\/script>\n\t\t<\/span>\n\t\t<!-- end HubSpot Call-to-Action Code -->\n\t\t<\/span><\/p>\n<p><span style=\"font-weight: 400;\">Para isso, ele engloba in\u00fameras atividades, como:<\/span><\/p>\n<ul>\n<li style=\"font-weight: 400;\" aria-level=\"1\"><span style=\"font-weight: 400;\">Controle do <\/span><span style=\"font-weight: 400;\">fluxo de caixa<\/span><span style=\"font-weight: 400;\">;<\/span><\/li>\n<li style=\"font-weight: 400;\" aria-level=\"1\"><span style=\"font-weight: 400;\">Gest\u00e3o de contas a pagar e a receber;\u00a0<\/span><\/li>\n<li style=\"font-weight: 400;\" aria-level=\"1\"><span style=\"font-weight: 400;\">An\u00e1lise dos indicadores financeiros, como lucratividade, rentabilidade e margem de contribui\u00e7\u00e3o;<\/span><\/li>\n<li style=\"font-weight: 400;\" aria-level=\"1\"><span style=\"font-weight: 400;\">Pagamentos;<\/span><\/li>\n<li style=\"font-weight: 400;\" aria-level=\"1\"><span style=\"font-weight: 400;\">Cobran\u00e7as.<\/span><\/li>\n<\/ul>\n<p><span style=\"font-weight: 400;\">\u00c9 poss\u00edvel definir este pilar como um dos mais sens\u00edveis do neg\u00f3cio. Isso porque ele pode definir o sucesso ou fracasso da empresa, bem como \u00e9 o respons\u00e1vel por guiar todas as a\u00e7\u00f5es dos demais pilares.<\/span><\/p>\n<h3><strong>Clientes<\/strong><\/h3>\n<p><span style=\"font-weight: 400;\">O pilar de clientes \u00e9 focado na satisfa\u00e7\u00e3o do cliente, e aqui \u00e9 poss\u00edvel perceber todos os processos que envolvem a \u00e1rea comercial e de atendimento.<\/span><\/p>\n<p><span style=\"font-weight: 400;\">Para isso, ele abrange estrat\u00e9gias como:<\/span><\/p>\n<ul>\n<li style=\"font-weight: 400;\" aria-level=\"1\"><span style=\"font-weight: 400;\">Conhecimento do perfil da <\/span><a href=\"https:\/\/www.oitchau.com.br\/blog\/buyer-persona\/\"><span style=\"font-weight: 400;\">buyer persona<\/span><\/a><span style=\"font-weight: 400;\">;<\/span><\/li>\n<li style=\"font-weight: 400;\" aria-level=\"1\"><span style=\"font-weight: 400;\">Defini\u00e7\u00e3o de estrat\u00e9gias de marketing;<\/span><\/li>\n<li style=\"font-weight: 400;\" aria-level=\"1\"><span style=\"font-weight: 400;\">Gest\u00e3o do relacionamento com o cliente;<\/span><\/li>\n<li style=\"font-weight: 400;\" aria-level=\"1\"><span style=\"font-weight: 400;\">Atendimento, capta\u00e7\u00e3o e a busca pela fideliza\u00e7\u00e3o.<\/span><\/li>\n<\/ul>\n<h3><strong>Processos<\/strong><\/h3>\n<p><span style=\"font-weight: 400;\">Agora partimos para um dos pilares que exigem uma grande capacidade anal\u00edtica e vis\u00e3o sist\u00eamica, o pilar de processos.<\/span><\/p>\n<p><span style=\"font-weight: 400;\">Ele \u00e9 respons\u00e1vel por gerenciar as atividades e opera\u00e7\u00f5es da empresa. Isso significa que esta \u00e9 a \u00e1rea respons\u00e1vel por desenhar, analisar, mudar e otimizar todas as atividades que envolvem o operacional.<\/span><\/p>\n<p><span style=\"font-weight: 400;\">De forma simplificada, o pilar de processos tem o objetivo de definir como a empresa pode gerar ainda mais resultados, utilizando menos recursos, garantindo a qualidade de seus produtos ou servi\u00e7os e a satisfa\u00e7\u00e3o do cliente.<\/span><\/p>\n<p><span style=\"font-weight: 400;\">Neste ponto, contar com uma boa estrat\u00e9gia de gest\u00e3o da qualidade \u00e9 fundamental.<\/span><\/p>\n<h3><strong>Pessoas<\/strong><\/h3>\n<p><span style=\"font-weight: 400;\">Por fim, o pilar de pessoas, que tamb\u00e9m \u00e9 a base de todo o processo de gest\u00e3o empresarial. Este \u00e9 o pilar respons\u00e1vel pela gest\u00e3o dos colaboradores da empresa. Ele envolve processos como:<\/span><\/p>\n<ul>\n<li style=\"font-weight: 400;\" aria-level=\"1\"><span style=\"font-weight: 400;\">Sele\u00e7\u00e3o;<\/span><\/li>\n<li style=\"font-weight: 400;\" aria-level=\"1\"><span style=\"font-weight: 400;\">Treinamento;<\/span><\/li>\n<li style=\"font-weight: 400;\" aria-level=\"1\"><span style=\"font-weight: 400;\">Desenvolvimento;<\/span><\/li>\n<li style=\"font-weight: 400;\" aria-level=\"1\"><span style=\"font-weight: 400;\">Motiva\u00e7\u00e3o dos funcion\u00e1rios;<\/span><\/li>\n<li style=\"font-weight: 400;\" aria-level=\"1\"><span style=\"font-weight: 400;\">Cria\u00e7\u00e3o de pol\u00edticas de remunera\u00e7\u00e3o e benef\u00edcios;<\/span><\/li>\n<li style=\"font-weight: 400;\" aria-level=\"1\"><span style=\"font-weight: 400;\">Defini\u00e7\u00e3o de cargos e responsabilidades;<\/span><\/li>\n<li style=\"font-weight: 400;\" aria-level=\"1\"><span style=\"font-weight: 400;\">Acompanhamento da <\/span><span style=\"font-weight: 400;\">jornada de trabalho<\/span><span style=\"font-weight: 400;\">.<\/span><\/li>\n<\/ul>\n<p><span style=\"font-weight: 400;\">Voc\u00ea deve ter percebido que cada um dos pilares est\u00e1 conectado. E para esclarecer como eles atuam na gest\u00e3o empresarial, perceba que:<\/span><\/p>\n<ul>\n<li style=\"font-weight: 400;\" aria-level=\"1\"><span style=\"font-weight: 400;\">Pessoas capacitadas desenvolvem melhores processos;<\/span><\/li>\n<li style=\"font-weight: 400;\" aria-level=\"1\"><span style=\"font-weight: 400;\">Processos de qualidade atraem mais clientes;<\/span><\/li>\n<li style=\"font-weight: 400;\" aria-level=\"1\"><span style=\"font-weight: 400;\">Clientes geram aumento de faturamento para o neg\u00f3cio.<\/span><\/li>\n<\/ul>\n<p><span style=\"font-weight: 400;\">E todos estes pontos est\u00e3o desenvolvidos na estrat\u00e9gia da empresa.<\/span><\/p>\n<h2><strong>Como aplicar a gest\u00e3o empresarial?<\/strong><\/h2>\n<p><span style=\"font-weight: 400;\">\u00c9 importante destacar que n\u00e3o existe uma \u201cf\u00f3rmula m\u00e1gica\u201d para aplica\u00e7\u00e3o de um modelo de gest\u00e3o em uma empresa.\u00a0<\/span><\/p>\n<p><span style=\"font-weight: 400;\">Para os neg\u00f3cios que ainda n\u00e3o trabalham com nenhum processo voltado para a gest\u00e3o, existem direcionamentos e formatos iniciais que podem ser implementados como uma forma de dar o pontap\u00e9 inicial nos processos.<\/span><\/p>\n<p><span style=\"font-weight: 400;\">Dessa forma, ap\u00f3s os primeiros passos serem aplicados, a empresa ter\u00e1 uma base para definir o que pode ou n\u00e3o funcionar no seu formato de neg\u00f3cio. Afinal, nenhuma empresa \u00e9 igual a outra, por mais semelhan\u00e7as que possam apresentar.<\/span><\/p>\n<p><span style=\"font-weight: 400;\">Isso significa que o \u201cfazer gest\u00e3o\u201d em um neg\u00f3cio pode ser diferente do outro.<\/span><\/p>\n<p><span style=\"font-weight: 400;\">A seguir, voc\u00ea vai conferir algumas estrat\u00e9gias b\u00e1sicas para iniciar o processo de implementa\u00e7\u00e3o da gest\u00e3o empresarial na sua empresa.<\/span><\/p>\n<h3><strong>An\u00e1lise do cen\u00e1rio atual<\/strong><\/h3>\n<p><span style=\"font-weight: 400;\">Antes de iniciar qualquer plano de gest\u00e3o empresarial, \u00e9 fundamental que se fa\u00e7a uma an\u00e1lise do cen\u00e1rio atual da empresa.\u00a0<\/span><\/p>\n<p><span style=\"font-weight: 400;\">Nessa an\u00e1lise, \u00e9 importante avaliar os pontos fortes e fracos da empresa, bem como as oportunidades e amea\u00e7as do mercado. Aqui, \u00e9 poss\u00edvel aplicar a ferramenta de an\u00e1lise SWOT.<\/span><\/p>\n<p><span style=\"font-weight: 400;\">Desse modo, antes de definir o cen\u00e1rio desejado, voc\u00ea vai entender qual a realidade da empresa. A partir disso, \u00e9 poss\u00edvel definir metas realistas e estrat\u00e9gias eficientes para alcan\u00e7\u00e1-las.<\/span><\/p>\n<h3><strong>Identifica\u00e7\u00e3o das principais necessidades<\/strong><\/h3>\n<p><span style=\"font-weight: 400;\">Ap\u00f3s a an\u00e1lise do cen\u00e1rio e identifica\u00e7\u00e3o dos pontos de melhoria, amea\u00e7as e oportunidades, \u00e9 importante identificar quais s\u00e3o as principais necessidades da empresa.\u00a0<\/span><\/p>\n<p><span style=\"font-weight: 400;\">Isso significa que voc\u00ea deve definir em quais fatores ir\u00e1 focar para trabalhar no momento. Afinal, n\u00e3o adianta manter a aten\u00e7\u00e3o em diversos pontos no mesmo per\u00edodo, j\u00e1 que isso pode exigir um grande esfor\u00e7o e poucos resultados.<\/span><\/p>\n<p><span style=\"font-weight: 400;\">Essas necessidades podem variar de acordo com a situa\u00e7\u00e3o da empresa, mas geralmente incluem melhorias na qualidade do produto ou servi\u00e7o, aumento de vendas, redu\u00e7\u00e3o de custos e aumento da produtividade.<\/span><\/p>\n<h3><strong>Prioriza\u00e7\u00e3o das mudan\u00e7as<\/strong><\/h3>\n<p><span style=\"font-weight: 400;\">Com as principais necessidades identificadas, \u00e9 necess\u00e1rio prioriz\u00e1-las de acordo com sua import\u00e2ncia e impacto na empresa. Dessa forma, \u00e9 poss\u00edvel direcionar os esfor\u00e7os e recursos para as \u00e1reas mais cr\u00edticas e urgentes.<\/span><\/p>\n<p><span style=\"font-weight: 400;\">E para este ponto, \u00e9 poss\u00edvel utilizar a <\/span><a href=\"https:\/\/www.oitchau.com.br\/blog\/aumentando-a-fluidez-dos-projetos-pela-pratica-de-matriz-de-priorizacao\/\"><span style=\"font-weight: 400;\">matriz GUT<\/span><\/a><span style=\"font-weight: 400;\">, que define a prioridade de uma a\u00e7\u00e3o de acordo com a avalia\u00e7\u00e3o da:<\/span><\/p>\n<ul>\n<li style=\"font-weight: 400;\" aria-level=\"1\"><span style=\"font-weight: 400;\">Gravidade: avalia o impacto que o problema pode gerar para a empresa;<\/span><\/li>\n<li style=\"font-weight: 400;\" aria-level=\"1\"><span style=\"font-weight: 400;\">Urg\u00eancia: mede o tempo em que este problema deve ser resolvido;<\/span><\/li>\n<li style=\"font-weight: 400;\" aria-level=\"1\"><span style=\"font-weight: 400;\">Tend\u00eancia: analisa a possibilidade do problema aumentar.<\/span><\/li>\n<\/ul>\n<h3><strong>Elabora\u00e7\u00e3o de um plano de a\u00e7\u00e3o<\/strong><\/h3>\n<p><span style=\"font-weight: 400;\">Com as mudan\u00e7as priorizadas, \u00e9 hora de elaborar um plano de a\u00e7\u00e3o para alcan\u00e7\u00e1-las. O plano deve incluir atividades espec\u00edficas, prazos e respons\u00e1veis por sua execu\u00e7\u00e3o.\u00a0<\/span><\/p>\n<p><span style=\"font-weight: 400;\">Para isso, existem algumas ferramentas que podem tornar este processo ainda mais simples, como o 5W2H, que vai definir a estrutura do seu plano de a\u00e7\u00e3o de acordo com 7 pontos principais:<\/span><\/p>\n<ul>\n<li style=\"font-weight: 400;\" aria-level=\"1\"><span style=\"font-weight: 400;\">What: o que deve ser feito?<\/span><\/li>\n<li style=\"font-weight: 400;\" aria-level=\"1\"><span style=\"font-weight: 400;\">Why: por que precisa ser realizado?<\/span><\/li>\n<li style=\"font-weight: 400;\" aria-level=\"1\"><span style=\"font-weight: 400;\">Who: quem \u00e9 o respons\u00e1vel?<\/span><\/li>\n<li style=\"font-weight: 400;\" aria-level=\"1\"><span style=\"font-weight: 400;\">Where: onde?<\/span><\/li>\n<li style=\"font-weight: 400;\" aria-level=\"1\"><span style=\"font-weight: 400;\">When: at\u00e9 quando deve ser feito?<\/span><\/li>\n<li style=\"font-weight: 400;\" aria-level=\"1\"><span style=\"font-weight: 400;\">How: como ser\u00e1 realizado?<\/span><\/li>\n<li style=\"font-weight: 400;\" aria-level=\"1\"><span style=\"font-weight: 400;\">How much: quanto vai custar?<\/span><\/li>\n<\/ul>\n<h3><strong>Defini\u00e7\u00e3o de indicadores<\/strong><\/h3>\n<p><span style=\"font-weight: 400;\">Se voc\u00ea muda as atividades da sua empresa, mas n\u00e3o acompanha os resultados, \u00e9 imposs\u00edvel saber com clareza em quais pontos est\u00e3o melhorando ou n\u00e3o.<\/span><\/p>\n<p><span style=\"font-weight: 400;\">Para medir o progresso e o sucesso das mudan\u00e7as implementadas, \u00e9 fundamental definir indicadores de desempenho.\u00a0<\/span><\/p>\n<p><span style=\"font-weight: 400;\">Esses indicadores devem ser mensur\u00e1veis e refletir os objetivos da empresa, permitindo avaliar se as a\u00e7\u00f5es est\u00e3o gerando os resultados esperados por meio de dados concretos.<\/span><\/p>\n<p><span style=\"font-weight: 400;\">Por exemplo, se um dos objetivos da gest\u00e3o empresarial na sua empresa \u00e9 aumentar a produtividade do time, o controle de ponto ser\u00e1 a principal ferramenta para o acompanhamento de indicadores como o de horas extras.<\/span><\/p>\n<p><span style=\"font-weight: 400;\">Desse modo, para cada uma das prioridades definidas acima, voc\u00ea precisa definir quais ser\u00e3o os indicadores de acompanhamento.<\/span><\/p>\n<p><span style=\"font-weight: 400;\">Para as empresas que est\u00e3o iniciando, uma dica \u00e9 definir poucos indicadores para cada um dos pilares de gest\u00e3o organizacional, elaborando 2 ou 3, no m\u00e1ximo.\u00a0<\/span><\/p>\n<p><span style=\"font-weight: 400;\">Assim, voc\u00ea evita concentrar esfor\u00e7os e an\u00e1lises em muitos pontos de uma \u00fanica vez e foca no que \u00e9 mais importante para o cen\u00e1rio.<\/span><\/p>\n<h2><strong>Como o Oitchau pode ajudar o gerenciamento de empresas?<\/strong><\/h2>\n<p><span style=\"font-weight: 400;\">O <\/span><span style=\"font-weight: 400;\">Oitchau<\/span><span style=\"font-weight: 400;\"> \u00e9 um sistema de <a target=\"_blank\" href=\"https:\/\/www.oitchau.com.br\/\" rel=\"noopener\">controle de ponto<\/a> digital, feito para empresas que desejam trabalhar a gest\u00e3o empresarial voltada para dados e resultados.<\/span><\/p>\n<p><span data-sheets-value=\"{&quot;1&quot;:2,&quot;2&quot;:&quot;\n\t\t&lt;!--HubSpot Call-to-Action Code --&gt;\n\t\t&lt;span class=&quot;hs-cta-wrapper&quot; id=&quot;hs-cta-wrapper-68acec24-1642-4b04-a249-1845cd830d4c&quot;&gt;\n\t\t&lt;span class=&quot;hs-cta-node hs-cta-68acec24-1642-4b04-a249-1845cd830d4c&quot; id=&quot;68acec24-1642-4b04-a249-1845cd830d4c&quot;&gt;\n\t\t&lt;!--[if lte IE 8]&gt;\n\t\t&lt;div id=&quot;hs-cta-ie-element&quot;&gt;&lt;\/div&gt;\n\t\t&lt;![endif]--&gt;\n\t\t&lt;a href=&quot;https:\/\/cta-redirect.hubspot.com\/cta\/redirect\/20984162\/68acec24-1642-4b04-a249-1845cd830d4c&quot; &gt;\n\t\t&lt;img class=&quot;hs-cta-img&quot; id=&quot;hs-cta-img-68acec24-1642-4b04-a249-1845cd830d4c&quot; style=&quot;border-width:0px;&quot; src=&quot;https:\/\/no-cache.hubspot.com\/cta\/default\/20984162\/68acec24-1642-4b04-a249-1845cd830d4c.png&quot;  alt=&quot;New call-to-action&quot;\/&gt;\n\t\t&lt;\/a&gt;\n\t\t&lt;\/span&gt;\n\t\t&lt;script charset=&quot;utf-8&quot; src=&quot;\/\/js.hubspot.com\/cta\/current.js&quot;&gt;&lt;\/script&gt;\n\t\t&lt;script&gt;\n\t\thbspt.cta.load(20984162, &#039;68acec24-1642-4b04-a249-1845cd830d4c&#039;, {});\n\t\t&lt;\/script&gt;\n\t\t&lt;\/span&gt;\n\t\t&lt;!-- end HubSpot Call-to-Action Code --&gt;\n\t\t&quot;}\" data-sheets-userformat=\"{&quot;2&quot;:897,&quot;3&quot;:{&quot;1&quot;:0},&quot;10&quot;:1,&quot;11&quot;:4,&quot;12&quot;:0}\">\n\t\t<!--HubSpot Call-to-Action Code -->\n\t\t<span class=\"hs-cta-wrapper\" id=\"hs-cta-wrapper-68acec24-1642-4b04-a249-1845cd830d4c\">\n\t\t<span class=\"hs-cta-node hs-cta-68acec24-1642-4b04-a249-1845cd830d4c\" id=\"68acec24-1642-4b04-a249-1845cd830d4c\">\n\t\t<!--[if lte IE 8]>\n\t\t<div id=\"hs-cta-ie-element\"><\/div>\n\t\t<![endif]-->\n\t\t<a href=\"https:\/\/cta-redirect.hubspot.com\/cta\/redirect\/20984162\/68acec24-1642-4b04-a249-1845cd830d4c\" >\n\t\t<img decoding=\"async\" class=\"hs-cta-img\" id=\"hs-cta-img-68acec24-1642-4b04-a249-1845cd830d4c\" style=\"border-width:0px;\" src=\"https:\/\/no-cache.hubspot.com\/cta\/default\/20984162\/68acec24-1642-4b04-a249-1845cd830d4c.png\"  alt=\"New call-to-action\"\/>\n\t\t<\/a>\n\t\t<\/span>\n\t\t<script charset=\"utf-8\" src=\"\/\/js.hubspot.com\/cta\/current.js\"><\/script>\n\t\t<script>\n\t\thbspt.cta.load(20984162, '68acec24-1642-4b04-a249-1845cd830d4c', {});\n\t\t<\/script>\n\t\t<\/span>\n\t\t<!-- end HubSpot Call-to-Action Code -->\n\t\t<\/span><\/p>\n<p><span style=\"font-weight: 400;\">Assim, ele vai muito al\u00e9m do simples gerenciamento de apontamentos de horas dos colaboradores. Por ser uma plataforma din\u00e2mica e completa, com ele voc\u00ea poder\u00e1 alinhar os principais objetivos da empresa:<\/span><\/p>\n<ul>\n<li style=\"font-weight: 400;\" aria-level=\"1\"><span style=\"font-weight: 400;\">Acompanhando a jornada do time;<\/span><\/li>\n<li style=\"font-weight: 400;\" aria-level=\"1\"><span style=\"font-weight: 400;\">Analisando indicadores em tempo real;<\/span><\/li>\n<li style=\"font-weight: 400;\" aria-level=\"1\"><span style=\"font-weight: 400;\">Monitorando custos de folha de pagamento e horas extras;<\/span><\/li>\n<li style=\"font-weight: 400;\" aria-level=\"1\"><span style=\"font-weight: 400;\">Otimizando os processos de gest\u00e3o de equipes;<\/span><\/li>\n<li style=\"font-weight: 400;\" aria-level=\"1\"><span style=\"font-weight: 400;\">Integrando dados entre as \u00e1reas da empresa.<\/span><\/li>\n<\/ul>\n<p><span style=\"font-weight: 400;\">Teste gratuitamente<\/span><span style=\"font-weight: 400;\"> e confira todas as vantagens da ferramenta!<\/span><\/p>\n","protected":false},"excerpt":{"rendered":"<p>A gest\u00e3o empresarial \u00e9 um tema bastante abordado, mas nem sempre aplicado da melhor forma nas empresas, indo muito al\u00e9m da gest\u00e3o de custos ou acompanhamentos financeiros mais simples. Afinal, mesmo sendo fundamental para o sucesso do neg\u00f3cio, nem todos os profissionais e empreendedores sabem como lev\u00e1-lo de forma pr\u00e1tica para a empresa. Em muitos [&hellip;]<\/p>\n","protected":false},"author":24,"featured_media":33899,"comment_status":"closed","ping_status":"open","sticky":false,"template":"","format":"standard","meta":{"content-type":"","footnotes":""},"categories":[1],"tags":[],"yoast_head":"<!-- This site is optimized with the Yoast SEO Premium plugin v22.2 (Yoast SEO v22.2) - https:\/\/yoast.com\/wordpress\/plugins\/seo\/ -->\n<title>Gest\u00e3o empresarial: o que \u00e9 e como aplicar? | Oitchau<\/title>\n<meta name=\"description\" content=\"Entenda o que \u00e9 a gest\u00e3o empresarial, quais os principais pilares e o que voc\u00ea deve fazer para implementar na sua empresa! Venha conferir!\" \/>\n<meta name=\"robots\" content=\"index, follow, max-snippet:-1, max-image-preview:large, max-video-preview:-1\" \/>\n<link rel=\"canonical\" href=\"https:\/\/www.oitchau.com.br\/blog\/gestao-empresarial\/\" \/>\n<meta property=\"og:locale\" content=\"pt_BR\" \/>\n<meta property=\"og:type\" content=\"article\" \/>\n<meta property=\"og:title\" content=\"Gest\u00e3o empresarial: o que \u00e9 e como aplicar?\" \/>\n<meta property=\"og:description\" content=\"Entenda o que \u00e9 a gest\u00e3o empresarial, quais os principais pilares e o que voc\u00ea deve fazer para implementar na sua empresa! Venha conferir!\" \/>\n<meta property=\"og:url\" content=\"https:\/\/www.oitchau.com.br\/blog\/gestao-empresarial\/\" \/>\n<meta property=\"og:site_name\" content=\"Controle de Ponto &amp; Timesheets\" \/>\n<meta property=\"article:publisher\" content=\"https:\/\/www.facebook.com\/oitchaubr\/\" \/>\n<meta property=\"article:published_time\" content=\"2023-05-12T17:00:32+00:00\" \/>\n<meta property=\"article:modified_time\" content=\"2024-05-16T12:25:58+00:00\" \/>\n<meta property=\"og:image\" content=\"https:\/\/storage.googleapis.com\/oitchaublog\/2023\/05\/54f3c6e6-gestao-empresarial.png\" \/>\n\t<meta property=\"og:image:width\" content=\"1982\" \/>\n\t<meta property=\"og:image:height\" content=\"800\" \/>\n\t<meta property=\"og:image:type\" content=\"image\/png\" \/>\n<meta name=\"author\" content=\"Amanda Laranjeira\" \/>\n<meta name=\"twitter:card\" content=\"summary_large_image\" \/>\n<meta name=\"twitter:creator\" content=\"@oitchaubr\" \/>\n<meta name=\"twitter:site\" content=\"@oitchaubr\" \/>\n<meta name=\"twitter:label1\" content=\"Written by\" \/>\n\t<meta name=\"twitter:data1\" content=\"Amanda Laranjeira\" \/>\n\t<meta name=\"twitter:label2\" content=\"Est. reading time\" \/>\n\t<meta name=\"twitter:data2\" content=\"9 minutos\" \/>\n<script type=\"application\/ld+json\" class=\"yoast-schema-graph\">{\"@context\":\"https:\/\/schema.org\",\"@graph\":[{\"@type\":[\"Article\",\"BlogPosting\"],\"@id\":\"https:\/\/www.oitchau.com.br\/blog\/gestao-empresarial\/#article\",\"isPartOf\":{\"@id\":\"https:\/\/www.oitchau.com.br\/blog\/gestao-empresarial\/\"},\"author\":{\"name\":\"Amanda Laranjeira\",\"@id\":\"https:\/\/www.oitchau.com.br\/blog\/#\/schema\/person\/1041f3bd0e2490b50b5bee5d0fb9b533\"},\"headline\":\"Gest\u00e3o empresarial: o que \u00e9 e como aplicar?\",\"datePublished\":\"2023-05-12T17:00:32+00:00\",\"dateModified\":\"2024-05-16T12:25:58+00:00\",\"mainEntityOfPage\":{\"@id\":\"https:\/\/www.oitchau.com.br\/blog\/gestao-empresarial\/\"},\"wordCount\":1749,\"publisher\":{\"@id\":\"https:\/\/www.oitchau.com.br\/blog\/#organization\"},\"image\":{\"@id\":\"https:\/\/www.oitchau.com.br\/blog\/gestao-empresarial\/#primaryimage\"},\"thumbnailUrl\":\"https:\/\/storage.googleapis.com\/oitchaublog\/2023\/05\/54f3c6e6-gestao-empresarial.png\",\"articleSection\":[\"Uncategorized\"],\"inLanguage\":\"pt-BR\"},{\"@type\":\"WebPage\",\"@id\":\"https:\/\/www.oitchau.com.br\/blog\/gestao-empresarial\/\",\"url\":\"https:\/\/www.oitchau.com.br\/blog\/gestao-empresarial\/\",\"name\":\"Gest\u00e3o empresarial: o que \u00e9 e como aplicar? | Oitchau\",\"isPartOf\":{\"@id\":\"https:\/\/www.oitchau.com.br\/blog\/#website\"},\"primaryImageOfPage\":{\"@id\":\"https:\/\/www.oitchau.com.br\/blog\/gestao-empresarial\/#primaryimage\"},\"image\":{\"@id\":\"https:\/\/www.oitchau.com.br\/blog\/gestao-empresarial\/#primaryimage\"},\"thumbnailUrl\":\"https:\/\/storage.googleapis.com\/oitchaublog\/2023\/05\/54f3c6e6-gestao-empresarial.png\",\"datePublished\":\"2023-05-12T17:00:32+00:00\",\"dateModified\":\"2024-05-16T12:25:58+00:00\",\"description\":\"Entenda o que \u00e9 a gest\u00e3o empresarial, quais os principais pilares e o que voc\u00ea deve fazer para implementar na sua empresa! Venha conferir!\",\"breadcrumb\":{\"@id\":\"https:\/\/www.oitchau.com.br\/blog\/gestao-empresarial\/#breadcrumb\"},\"inLanguage\":\"pt-BR\",\"potentialAction\":[{\"@type\":\"ReadAction\",\"target\":[\"https:\/\/www.oitchau.com.br\/blog\/gestao-empresarial\/\"]}]},{\"@type\":\"ImageObject\",\"inLanguage\":\"pt-BR\",\"@id\":\"https:\/\/www.oitchau.com.br\/blog\/gestao-empresarial\/#primaryimage\",\"url\":\"https:\/\/storage.googleapis.com\/oitchaublog\/2023\/05\/54f3c6e6-gestao-empresarial.png\",\"contentUrl\":\"https:\/\/storage.googleapis.com\/oitchaublog\/2023\/05\/54f3c6e6-gestao-empresarial.png\",\"width\":1982,\"height\":800,\"caption\":\"ilustra\u00e7\u00e3o de gest\u00e3o empresarial\"},{\"@type\":\"BreadcrumbList\",\"@id\":\"https:\/\/www.oitchau.com.br\/blog\/gestao-empresarial\/#breadcrumb\",\"itemListElement\":[{\"@type\":\"ListItem\",\"position\":1,\"name\":\"Blog\",\"item\":\"https:\/\/www.oitchau.com.br\/blog\/\"},{\"@type\":\"ListItem\",\"position\":2,\"name\":\"Gest\u00e3o empresarial: o que \u00e9 e como aplicar?\"}]},{\"@type\":\"WebSite\",\"@id\":\"https:\/\/www.oitchau.com.br\/blog\/#website\",\"url\":\"https:\/\/www.oitchau.com.br\/blog\/\",\"name\":\"Controle de Ponto & Timesheets\",\"description\":\"\",\"publisher\":{\"@id\":\"https:\/\/www.oitchau.com.br\/blog\/#organization\"},\"potentialAction\":[{\"@type\":\"SearchAction\",\"target\":{\"@type\":\"EntryPoint\",\"urlTemplate\":\"https:\/\/www.oitchau.com.br\/blog\/?s={search_term_string}\"},\"query-input\":\"required name=search_term_string\"}],\"inLanguage\":\"pt-BR\"},{\"@type\":\"Organization\",\"@id\":\"https:\/\/www.oitchau.com.br\/blog\/#organization\",\"name\":\"Oitchau\",\"url\":\"https:\/\/www.oitchau.com.br\/blog\/\",\"logo\":{\"@type\":\"ImageObject\",\"inLanguage\":\"pt-BR\",\"@id\":\"https:\/\/www.oitchau.com.br\/blog\/#\/schema\/logo\/image\/\",\"url\":\"https:\/\/storage.googleapis.com\/oitchaublog\/2024\/03\/a0e65c6f-design-sem-nome-20.png\",\"contentUrl\":\"https:\/\/storage.googleapis.com\/oitchaublog\/2024\/03\/a0e65c6f-design-sem-nome-20.png\",\"width\":696,\"height\":696,\"caption\":\"Oitchau\"},\"image\":{\"@id\":\"https:\/\/www.oitchau.com.br\/blog\/#\/schema\/logo\/image\/\"},\"sameAs\":[\"https:\/\/www.facebook.com\/oitchaubr\/\",\"https:\/\/twitter.com\/oitchaubr\",\"https:\/\/instagram.com\/oitchaubr\"],\"description\":\"A Oitchau \u00e9 uma solu\u00e7\u00e3o completa para gest\u00e3o de tempo dos colaboradores, atrav\u00e9s de suas solu\u00e7\u00f5es de controle de ponto & timesheets, ela permite que gestores, RH e DP possam gerenciar desde a jornada de trabalho de funcion\u00e1rios at\u00e9 a gest\u00e3o de tempo em projetos. Elevando o n\u00edvel estrat\u00e9gico do neg\u00f3cio de forma inteligente e assertiva, potencializando seus resultados e garantindo compliance com a Lei.\",\"email\":\"contato@oitchau.com.br\",\"telephone\":\"+551142102846\",\"foundingDate\":\"2016-01-01\",\"numberOfEmployees\":{\"@type\":\"QuantitativeValue\",\"minValue\":\"51\",\"maxValue\":\"200\"}},{\"@type\":\"Person\",\"@id\":\"https:\/\/www.oitchau.com.br\/blog\/#\/schema\/person\/1041f3bd0e2490b50b5bee5d0fb9b533\",\"name\":\"Amanda Laranjeira\",\"url\":\"https:\/\/www.oitchau.com.br\/blog\/author\/amanda\/\"}]}<\/script>\n<!-- \/ Yoast SEO Premium plugin. -->","yoast_head_json":{"title":"Gest\u00e3o empresarial: o que \u00e9 e como aplicar? | Oitchau","description":"Entenda o que \u00e9 a gest\u00e3o empresarial, quais os principais pilares e o que voc\u00ea deve fazer para implementar na sua empresa! Venha conferir!","robots":{"index":"index","follow":"follow","max-snippet":"max-snippet:-1","max-image-preview":"max-image-preview:large","max-video-preview":"max-video-preview:-1"},"canonical":"https:\/\/www.oitchau.com.br\/blog\/gestao-empresarial\/","og_locale":"pt_BR","og_type":"article","og_title":"Gest\u00e3o empresarial: o que \u00e9 e como aplicar?","og_description":"Entenda o que \u00e9 a gest\u00e3o empresarial, quais os principais pilares e o que voc\u00ea deve fazer para implementar na sua empresa! Venha conferir!","og_url":"https:\/\/www.oitchau.com.br\/blog\/gestao-empresarial\/","og_site_name":"Controle de Ponto &amp; Timesheets","article_publisher":"https:\/\/www.facebook.com\/oitchaubr\/","article_published_time":"2023-05-12T17:00:32+00:00","article_modified_time":"2024-05-16T12:25:58+00:00","og_image":[{"width":1982,"height":800,"url":"https:\/\/storage.googleapis.com\/oitchaublog\/2023\/05\/54f3c6e6-gestao-empresarial.png","type":"image\/png"}],"author":"Amanda Laranjeira","twitter_card":"summary_large_image","twitter_creator":"@oitchaubr","twitter_site":"@oitchaubr","twitter_misc":{"Written by":"Amanda Laranjeira","Est. reading time":"9 minutos"},"schema":{"@context":"https:\/\/schema.org","@graph":[{"@type":["Article","BlogPosting"],"@id":"https:\/\/www.oitchau.com.br\/blog\/gestao-empresarial\/#article","isPartOf":{"@id":"https:\/\/www.oitchau.com.br\/blog\/gestao-empresarial\/"},"author":{"name":"Amanda Laranjeira","@id":"https:\/\/www.oitchau.com.br\/blog\/#\/schema\/person\/1041f3bd0e2490b50b5bee5d0fb9b533"},"headline":"Gest\u00e3o empresarial: o que \u00e9 e como aplicar?","datePublished":"2023-05-12T17:00:32+00:00","dateModified":"2024-05-16T12:25:58+00:00","mainEntityOfPage":{"@id":"https:\/\/www.oitchau.com.br\/blog\/gestao-empresarial\/"},"wordCount":1749,"publisher":{"@id":"https:\/\/www.oitchau.com.br\/blog\/#organization"},"image":{"@id":"https:\/\/www.oitchau.com.br\/blog\/gestao-empresarial\/#primaryimage"},"thumbnailUrl":"https:\/\/storage.googleapis.com\/oitchaublog\/2023\/05\/54f3c6e6-gestao-empresarial.png","articleSection":["Uncategorized"],"inLanguage":"pt-BR"},{"@type":"WebPage","@id":"https:\/\/www.oitchau.com.br\/blog\/gestao-empresarial\/","url":"https:\/\/www.oitchau.com.br\/blog\/gestao-empresarial\/","name":"Gest\u00e3o empresarial: o que \u00e9 e como aplicar? | Oitchau","isPartOf":{"@id":"https:\/\/www.oitchau.com.br\/blog\/#website"},"primaryImageOfPage":{"@id":"https:\/\/www.oitchau.com.br\/blog\/gestao-empresarial\/#primaryimage"},"image":{"@id":"https:\/\/www.oitchau.com.br\/blog\/gestao-empresarial\/#primaryimage"},"thumbnailUrl":"https:\/\/storage.googleapis.com\/oitchaublog\/2023\/05\/54f3c6e6-gestao-empresarial.png","datePublished":"2023-05-12T17:00:32+00:00","dateModified":"2024-05-16T12:25:58+00:00","description":"Entenda o que \u00e9 a gest\u00e3o empresarial, quais os principais pilares e o que voc\u00ea deve fazer para implementar na sua empresa! Venha conferir!","breadcrumb":{"@id":"https:\/\/www.oitchau.com.br\/blog\/gestao-empresarial\/#breadcrumb"},"inLanguage":"pt-BR","potentialAction":[{"@type":"ReadAction","target":["https:\/\/www.oitchau.com.br\/blog\/gestao-empresarial\/"]}]},{"@type":"ImageObject","inLanguage":"pt-BR","@id":"https:\/\/www.oitchau.com.br\/blog\/gestao-empresarial\/#primaryimage","url":"https:\/\/storage.googleapis.com\/oitchaublog\/2023\/05\/54f3c6e6-gestao-empresarial.png","contentUrl":"https:\/\/storage.googleapis.com\/oitchaublog\/2023\/05\/54f3c6e6-gestao-empresarial.png","width":1982,"height":800,"caption":"ilustra\u00e7\u00e3o de gest\u00e3o empresarial"},{"@type":"BreadcrumbList","@id":"https:\/\/www.oitchau.com.br\/blog\/gestao-empresarial\/#breadcrumb","itemListElement":[{"@type":"ListItem","position":1,"name":"Blog","item":"https:\/\/www.oitchau.com.br\/blog\/"},{"@type":"ListItem","position":2,"name":"Gest\u00e3o empresarial: o que \u00e9 e como aplicar?"}]},{"@type":"WebSite","@id":"https:\/\/www.oitchau.com.br\/blog\/#website","url":"https:\/\/www.oitchau.com.br\/blog\/","name":"Controle de Ponto & Timesheets","description":"","publisher":{"@id":"https:\/\/www.oitchau.com.br\/blog\/#organization"},"potentialAction":[{"@type":"SearchAction","target":{"@type":"EntryPoint","urlTemplate":"https:\/\/www.oitchau.com.br\/blog\/?s={search_term_string}"},"query-input":"required name=search_term_string"}],"inLanguage":"pt-BR"},{"@type":"Organization","@id":"https:\/\/www.oitchau.com.br\/blog\/#organization","name":"Oitchau","url":"https:\/\/www.oitchau.com.br\/blog\/","logo":{"@type":"ImageObject","inLanguage":"pt-BR","@id":"https:\/\/www.oitchau.com.br\/blog\/#\/schema\/logo\/image\/","url":"https:\/\/storage.googleapis.com\/oitchaublog\/2024\/03\/a0e65c6f-design-sem-nome-20.png","contentUrl":"https:\/\/storage.googleapis.com\/oitchaublog\/2024\/03\/a0e65c6f-design-sem-nome-20.png","width":696,"height":696,"caption":"Oitchau"},"image":{"@id":"https:\/\/www.oitchau.com.br\/blog\/#\/schema\/logo\/image\/"},"sameAs":["https:\/\/www.facebook.com\/oitchaubr\/","https:\/\/twitter.com\/oitchaubr","https:\/\/instagram.com\/oitchaubr"],"description":"A Oitchau \u00e9 uma solu\u00e7\u00e3o completa para gest\u00e3o de tempo dos colaboradores, atrav\u00e9s de suas solu\u00e7\u00f5es de controle de ponto & timesheets, ela permite que gestores, RH e DP possam gerenciar desde a jornada de trabalho de funcion\u00e1rios at\u00e9 a gest\u00e3o de tempo em projetos. Elevando o n\u00edvel estrat\u00e9gico do neg\u00f3cio de forma inteligente e assertiva, potencializando seus resultados e garantindo compliance com a Lei.","email":"contato@oitchau.com.br","telephone":"+551142102846","foundingDate":"2016-01-01","numberOfEmployees":{"@type":"QuantitativeValue","minValue":"51","maxValue":"200"}},{"@type":"Person","@id":"https:\/\/www.oitchau.com.br\/blog\/#\/schema\/person\/1041f3bd0e2490b50b5bee5d0fb9b533","name":"Amanda Laranjeira","url":"https:\/\/www.oitchau.com.br\/blog\/author\/amanda\/"}]}},"_links":{"self":[{"href":"https:\/\/www.oitchau.com.br\/blog\/wp-json\/wp\/v2\/posts\/28564"}],"collection":[{"href":"https:\/\/www.oitchau.com.br\/blog\/wp-json\/wp\/v2\/posts"}],"about":[{"href":"https:\/\/www.oitchau.com.br\/blog\/wp-json\/wp\/v2\/types\/post"}],"author":[{"embeddable":true,"href":"https:\/\/www.oitchau.com.br\/blog\/wp-json\/wp\/v2\/users\/24"}],"replies":[{"embeddable":true,"href":"https:\/\/www.oitchau.com.br\/blog\/wp-json\/wp\/v2\/comments?post=28564"}],"version-history":[{"count":2,"href":"https:\/\/www.oitchau.com.br\/blog\/wp-json\/wp\/v2\/posts\/28564\/revisions"}],"predecessor-version":[{"id":33900,"href":"https:\/\/www.oitchau.com.br\/blog\/wp-json\/wp\/v2\/posts\/28564\/revisions\/33900"}],"wp:featuredmedia":[{"embeddable":true,"href":"https:\/\/www.oitchau.com.br\/blog\/wp-json\/wp\/v2\/media\/33899"}],"wp:attachment":[{"href":"https:\/\/www.oitchau.com.br\/blog\/wp-json\/wp\/v2\/media?parent=28564"}],"wp:term":[{"taxonomy":"category","embeddable":true,"href":"https:\/\/www.oitchau.com.br\/blog\/wp-json\/wp\/v2\/categories?post=28564"},{"taxonomy":"post_tag","embeddable":true,"href":"https:\/\/www.oitchau.com.br\/blog\/wp-json\/wp\/v2\/tags?post=28564"}],"curies":[{"name":"wp","href":"https:\/\/api.w.org\/{rel}","templated":true}]}}