{"id":2770,"date":"2019-05-15T19:58:56","date_gmt":"2019-05-15T16:58:56","guid":{"rendered":"https:\/\/www.oitchau.com.br\/blog\/?p=2770"},"modified":"2024-03-28T14:38:55","modified_gmt":"2024-03-28T11:38:55","slug":"licenca-militar-tudo-o-que-voce-precisa-saber","status":"publish","type":"post","link":"https:\/\/www.oitchau.com.br\/blog\/licenca-militar-tudo-o-que-voce-precisa-saber\/","title":{"rendered":"Licen\u00e7a Militar: tudo o que voc\u00ea precisa saber"},"content":{"rendered":"<p><span style=\"font-weight: 400;\">A licen\u00e7a militar n\u00e3o \u00e9 motivo para que os contratos de trabalhos sejam rescindidos. Ao completar 18 anos de idade, todo jovem brasileiro deve se alistar no servi\u00e7o militar e se apresentar aos devidos \u00f3rg\u00e3os para exames referentes ao alistamento.<\/span><\/p>\n<p><span style=\"font-weight: 400;\">A obrigatoriedade do alistamento est\u00e1 prevista na Lei 4.375\/64, que diz: <\/span><i><span style=\"font-weight: 400;\">&#8220;Todos os brasileiros naturalizados ou por op\u00e7\u00e3o s\u00e3o obrigados ao Servi\u00e7o Militar no ano em que completar 18 (dezoito) anos de idade, apresentando-se na Junta de Alistamento Militar do Munic\u00edpio independente de avisos ou notifica\u00e7\u00f5es na \u00e9poca pr\u00f3pria.&#8221;<\/span><\/i><\/p>\n<p><span style=\"font-weight: 400;\">Por\u00e9m, se o jovem j\u00e1 est\u00e1 trabalhando sob os termos de um<\/span><a href=\"https:\/\/www.oitchau.com.br\/blog\/tipos-de-contrato-de-trabalho-reconhecidos-pela-clt\/\"> <span style=\"font-weight: 400;\">contrato de trabalho<\/span><\/a><span style=\"font-weight: 400;\">, seu alistamento n\u00e3o \u00e9 motivo para que este contrato seja terminado ou tenha suas cl\u00e1usulas alteradas.<\/span><\/p>\n<p><span style=\"font-weight: 400;\">\n\t\t<!--HubSpot Call-to-Action Code -->\n\t\t<span class=\"hs-cta-wrapper\" id=\"hs-cta-wrapper-96076816-f212-465a-af54-a08f74320c76\">\n\t\t<span class=\"hs-cta-node hs-cta-96076816-f212-465a-af54-a08f74320c76\" id=\"96076816-f212-465a-af54-a08f74320c76\">\n\t\t<!--[if lte IE 8]>\n\t\t<div id=\"hs-cta-ie-element\"><\/div>\n\t\t<![endif]-->\n\t\t<a href=\"https:\/\/cta-redirect.hubspot.com\/cta\/redirect\/20984162\/96076816-f212-465a-af54-a08f74320c76\" >\n\t\t<img decoding=\"async\" class=\"hs-cta-img\" id=\"hs-cta-img-96076816-f212-465a-af54-a08f74320c76\" style=\"border-width:0px;\" src=\"https:\/\/no-cache.hubspot.com\/cta\/default\/20984162\/96076816-f212-465a-af54-a08f74320c76.png\"  alt=\"New call-to-action\"\/>\n\t\t<\/a>\n\t\t<\/span>\n\t\t<script charset=\"utf-8\" src=\"\/\/js.hubspot.com\/cta\/current.js\"><\/script>\n\t\t<script>\n\t\thbspt.cta.load(20984162, '96076816-f212-465a-af54-a08f74320c76', {});\n\t\t<\/script>\n\t\t<\/span>\n\t\t<!-- end HubSpot Call-to-Action Code -->\n\t\t<\/span><\/p>\n<p><span style=\"font-weight: 400;\">O jovem brasileiro que n\u00e3o se apresentar ao servi\u00e7o militar no per\u00edodo entre 1 de janeiro do ano em que completar 19 anos e 31 de dezembro do ano em que completar 45 anos, perder\u00e1 o direito a alguns<\/span><a href=\"https:\/\/www.oitchau.com.br\/blog\/os-principais-beneficios-do-colaborador-clt\/\"> <span style=\"font-weight: 400;\">benef\u00edcios concedidos aos trabalhadores<\/span><\/a><span style=\"font-weight: 400;\">, como o FGTS e o direito \u00e0s f\u00e9rias.<\/span><\/p>\n<p><span style=\"font-weight: 400;\">O direito \u00e0 licen\u00e7a militar \u00e9 garantido pelo artigo 472 das Consolida\u00e7\u00f5es das Leis Trabalhistas.\u00a0<\/span><\/p>\n<p><span style=\"font-weight: 400;\">Veja mais sobre a licen\u00e7a militar a seguir.<\/span><\/p>\n<ul>\n<li><a href=\"https:\/\/www.oitchau.com.br\/blog\/licenca-militar-tudo-o-que-voce-precisa-saber\/#:~:text=de%20um%20militar%3F-,O%20que%20%C3%A9%20a%20licen%C3%A7a%20militar%3F,-A%20licen%C3%A7a%20militar\"><span style=\"font-weight: 400;\">O que \u00e9 a licen\u00e7a militar?<\/span><\/a><\/li>\n<li><a href=\"https:\/\/www.oitchau.com.br\/blog\/licenca-militar-tudo-o-que-voce-precisa-saber\/#:~:text=estivesse%20trabalhando%20normalmente.-,Licen%C3%A7a%20militar%3A%20o%20que%20diz%20a%20lei%3F,-Como%20descrito%20no\"><span style=\"font-weight: 400;\">Licen\u00e7a militar: o que diz a lei?<\/span><\/a>\n<ul>\n<li><a href=\"https:\/\/www.oitchau.com.br\/blog\/licenca-militar-tudo-o-que-voce-precisa-saber\/#:~:text=t%C3%A9rmino%20do%20contrato.-,A%20licen%C3%A7a%20para%20servi%C3%A7o%20militar%20%C3%A9%20remunerada%3F,-Sim%2C%20a%20licen%C3%A7a\"><span style=\"font-weight: 400;\">A licen\u00e7a para servi\u00e7o militar \u00e9 remunerada?<\/span><\/a><\/li>\n<\/ul>\n<\/li>\n<li><a href=\"https:\/\/www.oitchau.com.br\/blog\/licenca-militar-tudo-o-que-voce-precisa-saber\/#:~:text=suas%20obriga%C3%A7%C3%B5es%20militares.-,Como%20funciona%20a%20licen%C3%A7a%20militar%3F,-A%20licen%C3%A7a%20militar\"><span style=\"font-weight: 400;\">Como funciona a licen\u00e7a militar?<\/span><\/a>\n<ul>\n<li><a href=\"https:\/\/www.oitchau.com.br\/blog\/licenca-militar-tudo-o-que-voce-precisa-saber\/#:~:text=da%20seguinte%20forma%3A-,Convoca%C3%A7%C3%A3o,-Quando%20um%20trabalhador\"><span style=\"font-weight: 400;\">Convoca\u00e7\u00e3o<\/span><\/a><\/li>\n<li><a href=\"https:\/\/www.oitchau.com.br\/blog\/licenca-militar-tudo-o-que-voce-precisa-saber\/#:~:text=apresentado%20%C3%A0%20empresa.-,Comunica%C3%A7%C3%A3o,-O%20trabalhador%20convocado\"><span style=\"font-weight: 400;\">Comunica\u00e7\u00e3o<\/span><\/a><\/li>\n<li><a href=\"https:\/\/www.oitchau.com.br\/blog\/licenca-militar-tudo-o-que-voce-precisa-saber\/#:~:text=documento%20de%20convoca%C3%A7%C3%A3o.-,Licen%C3%A7a%20remunerada,-Uma%20vez%20que\"><span style=\"font-weight: 400;\">Licen\u00e7a remunerada<\/span><\/a><\/li>\n<li><a href=\"https:\/\/www.oitchau.com.br\/blog\/licenca-militar-tudo-o-que-voce-precisa-saber\/#:~:text=estivesse%20trabalhando%20normalmente.-,Dura%C3%A7%C3%A3o%20da%20licen%C3%A7a,-A%20dura%C3%A7%C3%A3o%20da\"><span style=\"font-weight: 400;\">Dura\u00e7\u00e3o da licen\u00e7a<\/span><\/a><\/li>\n<li><a href=\"https:\/\/www.oitchau.com.br\/blog\/licenca-militar-tudo-o-que-voce-precisa-saber\/#:~:text=dependendo%20do%20caso.-,Retorno%20ao%20trabalho,-Ap%C3%B3s%20o%20t%C3%A9rmino\"><span style=\"font-weight: 400;\">Retorno ao trabalho<\/span><\/a><\/li>\n<\/ul>\n<\/li>\n<li><a href=\"https:\/\/www.oitchau.com.br\/blog\/licenca-militar-tudo-o-que-voce-precisa-saber\/#:~:text=%C3%A0%20licen%C3%A7a%20militar.-,Quanto%20tempo%20o%20militar%20pode%20ficar%20afastado%3F,-O%20per%C3%ADodo%20de\"><span style=\"font-weight: 400;\">Quanto tempo o militar pode ficar afastado?<\/span><\/a><\/li>\n<li><a href=\"https:\/\/www.oitchau.com.br\/blog\/licenca-militar-tudo-o-que-voce-precisa-saber\/#:~:text=em%20cada%20situa%C3%A7%C3%A3o.-,O%20que%20%C3%A9%20um%20atestado%20de%20situa%C3%A7%C3%A3o%20militar%3F,-O%20atestado%20de\"><span style=\"font-weight: 400;\">O que \u00e9 um atestado de situa\u00e7\u00e3o militar?<\/span><\/a><\/li>\n<li><a href=\"https:\/\/www.oitchau.com.br\/blog\/licenca-militar-tudo-o-que-voce-precisa-saber\/#:~:text=Obten%C3%A7%C3%A3o%20de%20passaporte.-,Quantos%20dias%20de%20luto%20o%20militar%20tem%20direito%3F,-Os%20militares%20t%C3%AAm\"><span style=\"font-weight: 400;\">Quantos dias de luto o militar tem direito?<\/span><\/a><\/li>\n<li><a href=\"https:\/\/www.oitchau.com.br\/blog\/licenca-militar-tudo-o-que-voce-precisa-saber\/#:~:text=individuais%20do%20militar.-,Quais%20s%C3%A3o%20os%20direitos%20de%20um%20militar%3F,-De%20forma%20geral\"><span style=\"font-weight: 400;\">Quais s\u00e3o os direitos de um militar?<\/span><\/a><\/li>\n<li><a href=\"https:\/\/www.oitchau.com.br\/blog\/licenca-militar-tudo-o-que-voce-precisa-saber\/#:~:text=de%20servi%C3%A7o%20ativo.-,Quais%20os%20benef%C3%ADcios%20de%20um%20militar%3F,-Assim%20como%20os\"><span style=\"font-weight: 400;\">Quais os benef\u00edcios de um militar?<\/span><\/a><\/li>\n<\/ul>\n<h2><b>O que \u00e9 a licen\u00e7a militar?<\/b><\/h2>\n<p><span style=\"font-weight: 400;\">A licen\u00e7a militar se refere a um direito concedido aos trabalhadores que prestam servi\u00e7o militar obrigat\u00f3rio.<\/span><\/p>\n<p><span style=\"font-weight: 400;\">Nesse caso, quando um colaborador \u00e9 convocado para servir temporariamente nas For\u00e7as Armadas ou em outros \u00f3rg\u00e3os militares, ele tem o direito de se ausentar do trabalho sem preju\u00edzo de seu emprego ou sal\u00e1rio.<\/span><\/p>\n<p><span style=\"font-weight: 400;\">A Lei n\u00ba 4.375\/64, conhecida como Lei do Servi\u00e7o Militar, estabelece que os trabalhadores convocados para o servi\u00e7o militar obrigat\u00f3rio t\u00eam direito \u00e0<\/span><a href=\"https:\/\/www.oitchau.com.br\/blog\/licenca-remunerada-tudo-que-voce-precisa-saber\/\"><span style=\"font-weight: 400;\"> licen\u00e7a remunerada<\/span><\/a><span style=\"font-weight: 400;\"> durante o per\u00edodo em que estiverem cumprindo suas obriga\u00e7\u00f5es militares.<\/span><\/p>\n<p><span style=\"font-weight: 400;\">Durante esse per\u00edodo, a empresa deve continuar pagando o sal\u00e1rio do colaborador como se ele estivesse trabalhando normalmente.<\/span><\/p>\n<h2><span style=\"font-weight: 400;\">Licen\u00e7a militar: o que diz a lei?<\/span><\/h2>\n<p><span style=\"font-weight: 400;\">Como descrito no par\u00e1grafo primeiro do artigo 472 da CLT, quando o colaborador \u00e9 obrigado a se afastar do trabalho por causa das exig\u00eancias do servi\u00e7o militar, ele precisa notificar a empresa que pretende voltar ao seu cargo quando estes compromissos estiverem finalizados.<\/span><\/p>\n<p><i><span style=\"font-weight: 400;\">Artigo 472 &#8211; CLT<\/span><\/i><\/p>\n<p><i><span style=\"font-weight: 400;\">&#8220;O afastamento do empregado em virtude das exig\u00eancias do servi\u00e7o militar ou de outro encargo p\u00fablico, n\u00e3o constituir\u00e1 motivo para a altera\u00e7\u00e3o ou<\/span><\/i><a href=\"https:\/\/www.oitchau.com.br\/blog\/rescisao-de-contrato-regulamentacao-e-verbas-rescisorias\/\"> <i><span style=\"font-weight: 400;\">rescis\u00e3o do contrato<\/span><\/i><\/a><i><span style=\"font-weight: 400;\"> de trabalho por parte do empregador.<\/span><\/i><\/p>\n<p><i><span style=\"font-weight: 400;\">1\u00ba. Para que o empregado tenha direito a voltar a exercer o cargo do qual se afastou em virtude de exig\u00eancia do servi\u00e7o militar ou de encargo p\u00fablico, \u00e9 indispens\u00e1vel que notifique o empregador dessa inten\u00e7\u00e3o, por telegrama ou carta registrada, dentro do prazo m\u00e1ximo de trinta dias, contados da data em que se verificar a respectiva baixa ou a termina\u00e7\u00e3o do encargo a que estava obrigado.<\/span><\/i><\/p>\n<p><span style=\"font-weight: 400;\">Essa notifica\u00e7\u00e3o precisa ser feita por escrito, preferencialmente por meio de telegrama ou carta registradas, e dentro de um prazo de 30 dias corridos a contar da data em que sua obriga\u00e7\u00e3o com o servi\u00e7o militar terminou.<\/span><\/p>\n<p><i><span style=\"font-weight: 400;\">2\u00ba. Nos contratos por prazo determinado, o tempo de afastamento, se assim acordarem as partes interessadas, n\u00e3o ser\u00e1 computado na contagem do prazo para a respectiva termina\u00e7\u00e3o.<\/span><\/i><\/p>\n<p><span style=\"font-weight: 400;\">O par\u00e1grafo segundo do artigo 472, que trata sobre a licen\u00e7a, deixa claro que, no caso de o jovem estar trabalhando sob as determina\u00e7\u00f5es de um contrato por tempo determinado no momento em que \u00e9 convocado pelo servi\u00e7o militar, a empresa pode n\u00e3o computar o tempo de afastamento na contagem para o t\u00e9rmino do contrato de trabalho.<\/span><\/p>\n<p><span style=\"font-weight: 400;\">Assim, no momento em que ele retornar ao trabalho, seu contrato continuar\u00e1 a ser contado de onde parou antes da licen\u00e7a militar.<\/span><\/p>\n<p><span style=\"font-weight: 400;\">Por\u00e9m, para que isso seja poss\u00edvel, a lei deixa claro que deve haver um acordo entre as partes permitindo o retorno sem preju\u00edzo na contagem do prazo de validade do contrato.<\/span><\/p>\n<p><i><span style=\"font-weight: 400;\">3\u00ba. Ocorrendo motivo relevante de interesse para a seguran\u00e7a nacional poder\u00e1 a autoridade competente solicitar o afastamento do empregado do servi\u00e7o ou do<\/span><\/i><a href=\"https:\/\/www.oitchau.com.br\/blog\/bullying-no-ambiente-de-trabalho-o-que-fazer\/\"> <i><span style=\"font-weight: 400;\">local de trabalho<\/span><\/i><\/a><i><span style=\"font-weight: 400;\">, sem que se configure a suspens\u00e3o do contrato de trabalho.<\/span><\/i><\/p>\n<p><i><span style=\"font-weight: 400;\">4\u00ba. O afastamento a que se refere o par\u00e1grafo anterior ser\u00e1 solicitado pela autoridade competente diretamente ao empregador, em representa\u00e7\u00e3o fundamentada, com audi\u00eancia da Procuradoria Regional do Trabalho, que providenciar\u00e1, desde logo, a instala\u00e7\u00e3o do competente inqu\u00e9rito administrativo.<\/span><\/i><\/p>\n<p><i><span style=\"font-weight: 400;\">5\u00ba. Durante os primeiros 90 (noventa) dias desse afastamento, o empregado continuar\u00e1 percebendo sua remunera\u00e7\u00e3o.<\/span><\/i><\/p>\n<p><span style=\"font-weight: 400;\">De acordo com os par\u00e1grafos terceiro, quarto e quinto do artigo 472 da CLT, em caso de necessidade nacional, o colaborador poder\u00e1 ser afastado por tempo indeterminado. Por\u00e9m, este afastamento est\u00e1 atrelado \u00e0 algumas regras.<\/span><\/p>\n<p><span style=\"font-weight: 400;\">A convoca\u00e7\u00e3o para o afastamento em que se refere o par\u00e1grafo terceiro \u00e9 feita pelos \u00f3rg\u00e3os oficiais respons\u00e1veis por ela diretamente \u00e0 empresa.<\/span><\/p>\n<p><span style=\"font-weight: 400;\">\u00c9 importante ressaltar que, nestes casos, o colaborador continua a receber o seu sal\u00e1rio normalmente durante os primeiros 90 dias de<\/span><a href=\"https:\/\/www.oitchau.com.br\/blog\/licenca-nojo-voce-sabe-o-que-e\/\"> <span style=\"font-weight: 400;\">afastamento do trabalho<\/span><\/a><span style=\"font-weight: 400;\">. Por\u00e9m, n\u00e3o h\u00e1 t\u00e9rmino do contrato.<\/span><\/p>\n<p><span style=\"font-weight: 400;\">\n\t\t<!--HubSpot Call-to-Action Code -->\n\t\t<span class=\"hs-cta-wrapper\" id=\"hs-cta-wrapper-96076816-f212-465a-af54-a08f74320c76\">\n\t\t<span class=\"hs-cta-node hs-cta-96076816-f212-465a-af54-a08f74320c76\" id=\"96076816-f212-465a-af54-a08f74320c76\">\n\t\t<!--[if lte IE 8]>\n\t\t<div id=\"hs-cta-ie-element\"><\/div>\n\t\t<![endif]-->\n\t\t<a href=\"https:\/\/cta-redirect.hubspot.com\/cta\/redirect\/20984162\/96076816-f212-465a-af54-a08f74320c76\" >\n\t\t<img decoding=\"async\" class=\"hs-cta-img\" id=\"hs-cta-img-96076816-f212-465a-af54-a08f74320c76\" style=\"border-width:0px;\" src=\"https:\/\/no-cache.hubspot.com\/cta\/default\/20984162\/96076816-f212-465a-af54-a08f74320c76.png\"  alt=\"New call-to-action\"\/>\n\t\t<\/a>\n\t\t<\/span>\n\t\t<script charset=\"utf-8\" src=\"\/\/js.hubspot.com\/cta\/current.js\"><\/script>\n\t\t<script>\n\t\thbspt.cta.load(20984162, '96076816-f212-465a-af54-a08f74320c76', {});\n\t\t<\/script>\n\t\t<\/span>\n\t\t<!-- end HubSpot Call-to-Action Code -->\n\t\t<\/span><\/p>\n<h3><b>A licen\u00e7a para servi\u00e7o militar \u00e9 remunerada?<\/b><\/h3>\n<p><span style=\"font-weight: 400;\">Sim, a licen\u00e7a para servi\u00e7o militar \u00e9 remunerada. Quando um trabalhador \u00e9 convocado para o servi\u00e7o militar obrigat\u00f3rio, ele tem direito a receber seu sal\u00e1rio normalmente durante o per\u00edodo de licen\u00e7a, como se estivesse trabalhando normalmente.<\/span><\/p>\n<p><span style=\"font-weight: 400;\">Nesse contexto, a Lei n\u00ba 4.375\/64, que trata do Servi\u00e7o Militar no Brasil, estabelece que as empresas s\u00e3o obrigadas a continuar pagando o sal\u00e1rio dos colaboradores convocados para o servi\u00e7o militar obrigat\u00f3rio durante todo o per\u00edodo da licen\u00e7a militar.<\/span><\/p>\n<p><span style=\"font-weight: 400;\">Isso significa que o trabalhador n\u00e3o ter\u00e1 preju\u00edzos financeiros enquanto estiver cumprindo suas obriga\u00e7\u00f5es militares.<\/span><\/p>\n<h2><b>Como funciona a licen\u00e7a militar?<\/b><\/h2>\n<p><span style=\"font-weight: 400;\">A licen\u00e7a militar \u00e9 um direito garantido por lei aos trabalhadores brasileiros que s\u00e3o convocados para prestar servi\u00e7o militar obrigat\u00f3rio.\u00a0<\/span><\/p>\n<p><span style=\"font-weight: 400;\">Em resumo, a licen\u00e7a funciona da seguinte forma:<\/span><\/p>\n<h3><b>Convoca\u00e7\u00e3o<\/b><\/h3>\n<p><span style=\"font-weight: 400;\">Quando um trabalhador \u00e9 convocado para o servi\u00e7o militar obrigat\u00f3rio pelas For\u00e7as Armadas ou outros \u00f3rg\u00e3os militares, ele recebe um documento oficial de convoca\u00e7\u00e3o, que deve ser apresentado \u00e0 empresa.<\/span><\/p>\n<h3><b>Comunica\u00e7\u00e3o<\/b><\/h3>\n<p><span style=\"font-weight: 400;\">O trabalhador convocado deve informar imediatamente \u00e0 empresa sobre a convoca\u00e7\u00e3o para o servi\u00e7o militar.<\/span><\/p>\n<p><span style=\"font-weight: 400;\">Isso \u00e9 feito por meio da apresenta\u00e7\u00e3o do documento de convoca\u00e7\u00e3o.<\/span><\/p>\n<h3><b>Licen\u00e7a remunerada<\/b><\/h3>\n<p><span style=\"font-weight: 400;\">Uma vez que a empresa \u00e9 informada sobre a convoca\u00e7\u00e3o, o trabalhador tem direito a uma licen\u00e7a remunerada durante todo o per\u00edodo em que estiver cumprindo suas obriga\u00e7\u00f5es militares.<\/span><\/p>\n<p><span style=\"font-weight: 400;\">Durante essa licen\u00e7a, a empresa \u00e9 obrigada a continuar pagando o sal\u00e1rio, como se o colaborador estivesse trabalhando normalmente.<\/span><\/p>\n<h3><b>Dura\u00e7\u00e3o da licen\u00e7a<\/b><\/h3>\n<p><span style=\"font-weight: 400;\">A dura\u00e7\u00e3o da licen\u00e7a militar pode variar de acordo com a natureza do servi\u00e7o militar e as leis espec\u00edficas relacionadas ao servi\u00e7o militar obrigat\u00f3rio.<\/span><\/p>\n<p><span style=\"font-weight: 400;\">Assim, a licen\u00e7a \u00e9 concedida pelo tempo necess\u00e1rio para o cumprimento das obriga\u00e7\u00f5es militares, podendo variar de alguns dias a meses, dependendo do caso.<\/span><\/p>\n<h3><b>Retorno ao trabalho<\/b><\/h3>\n<p><span style=\"font-weight: 400;\">Ap\u00f3s o t\u00e9rmino do per\u00edodo de servi\u00e7o militar obrigat\u00f3rio, o trabalhador deve informar \u00e0 empresa sobre seu retorno ao trabalho.<\/span><\/p>\n<p><span style=\"font-weight: 400;\">Feito isso, a empresa deve receber o trabalhador de volta ao emprego sem qualquer preju\u00edzo ou discrimina\u00e7\u00e3o devido \u00e0 licen\u00e7a militar.<\/span><\/p>\n<h2><b>Quanto tempo o militar pode ficar afastado?<\/b><\/h2>\n<p><span style=\"font-weight: 400;\">O per\u00edodo de afastamento para servi\u00e7o militar obrigat\u00f3rio pode variar dependendo das necessidades e exig\u00eancias das For\u00e7as Armadas ou \u00f3rg\u00e3os militares respons\u00e1veis pelo servi\u00e7o.<\/span><\/p>\n<p><span style=\"font-weight: 400;\">Dessa forma, o tempo de afastamento \u00e9 determinado pela dura\u00e7\u00e3o do servi\u00e7o militar obrigat\u00f3rio estabelecido pelas autoridades competentes.<\/span><\/p>\n<p><span style=\"font-weight: 400;\">Assim, o tempo de servi\u00e7o militar obrigat\u00f3rio pode ser de alguns meses a um ano, podendo variar de acordo com diferentes fatores, como a modalidade do servi\u00e7o (ex\u00e9rcito, marinha, aeron\u00e1utica), a fun\u00e7\u00e3o desempenhada e as pol\u00edticas governamentais em vigor.<\/span><\/p>\n<p><span style=\"font-weight: 400;\">\u00c9 importante ressaltar que os detalhes espec\u00edficos sobre a dura\u00e7\u00e3o do servi\u00e7o militar obrigat\u00f3rio e os direitos do militar durante o per\u00edodo de afastamento podem variar e devem ser verificados de acordo com a legisla\u00e7\u00e3o e regulamenta\u00e7\u00f5es aplic\u00e1veis em cada situa\u00e7\u00e3o.<\/span><\/p>\n<p><span style=\"font-weight: 400;\">\n\t\t<!--HubSpot Call-to-Action Code -->\n\t\t<span class=\"hs-cta-wrapper\" id=\"hs-cta-wrapper-96076816-f212-465a-af54-a08f74320c76\">\n\t\t<span class=\"hs-cta-node hs-cta-96076816-f212-465a-af54-a08f74320c76\" id=\"96076816-f212-465a-af54-a08f74320c76\">\n\t\t<!--[if lte IE 8]>\n\t\t<div id=\"hs-cta-ie-element\"><\/div>\n\t\t<![endif]-->\n\t\t<a href=\"https:\/\/cta-redirect.hubspot.com\/cta\/redirect\/20984162\/96076816-f212-465a-af54-a08f74320c76\" >\n\t\t<img decoding=\"async\" class=\"hs-cta-img\" id=\"hs-cta-img-96076816-f212-465a-af54-a08f74320c76\" style=\"border-width:0px;\" src=\"https:\/\/no-cache.hubspot.com\/cta\/default\/20984162\/96076816-f212-465a-af54-a08f74320c76.png\"  alt=\"New call-to-action\"\/>\n\t\t<\/a>\n\t\t<\/span>\n\t\t<script charset=\"utf-8\" src=\"\/\/js.hubspot.com\/cta\/current.js\"><\/script>\n\t\t<script>\n\t\thbspt.cta.load(20984162, '96076816-f212-465a-af54-a08f74320c76', {});\n\t\t<\/script>\n\t\t<\/span>\n\t\t<!-- end HubSpot Call-to-Action Code -->\n\t\t<\/span><\/p>\n<h2><b>O que \u00e9 um atestado de situa\u00e7\u00e3o militar?<\/b><\/h2>\n<p><span style=\"font-weight: 400;\">O atestado de situa\u00e7\u00e3o militar \u00e9 um documento emitido pelas For\u00e7as Armadas ou \u00f3rg\u00e3os respons\u00e1veis pelo servi\u00e7o militar para comprovar a situa\u00e7\u00e3o militar de um cidad\u00e3o.<\/span><\/p>\n<p><span style=\"font-weight: 400;\">Em geral, esse documento \u00e9 utilizado para verificar se o indiv\u00edduo est\u00e1 em dia com suas obriga\u00e7\u00f5es militares, como o alistamento militar, o servi\u00e7o militar obrigat\u00f3rio ou outras quest\u00f5es relacionadas ao servi\u00e7o militar.<\/span><\/p>\n<p><span style=\"font-weight: 400;\">O atestado de situa\u00e7\u00e3o militar pode ser solicitado em diversas situa\u00e7\u00f5es, como:<\/span><\/p>\n<ul>\n<li style=\"font-weight: 400;\" aria-level=\"1\"><span style=\"font-weight: 400;\">Processos de sele\u00e7\u00e3o para empregos;<\/span><\/li>\n<li style=\"font-weight: 400;\" aria-level=\"1\"><span style=\"font-weight: 400;\">Concursos p\u00fablicos;<\/span><\/li>\n<li style=\"font-weight: 400;\" aria-level=\"1\"><span style=\"font-weight: 400;\">Matr\u00edculas em institui\u00e7\u00f5es de ensino superior;<\/span><\/li>\n<li style=\"font-weight: 400;\" aria-level=\"1\"><span style=\"font-weight: 400;\">Obten\u00e7\u00e3o de passaporte.<\/span><\/li>\n<\/ul>\n<h2><b>Quantos dias de luto o militar tem direito?<\/b><\/h2>\n<p><span style=\"font-weight: 400;\">Os militares t\u00eam o direito de solicitar<\/span><a href=\"https:\/\/www.oitchau.com.br\/blog\/licenca-obito\/\"><span style=\"font-weight: 400;\"> licen\u00e7as por motivo de luto pelo faleciment<\/span><\/a><span style=\"font-weight: 400;\">o de familiares pr\u00f3ximos, como c\u00f4njuge, filhos, pais, irm\u00e3os, av\u00f3s.<\/span><\/p>\n<p><span style=\"font-weight: 400;\">A dura\u00e7\u00e3o dessas licen\u00e7as pode variar de acordo com os regulamentos internos de cada ramo das For\u00e7as Armadas e tamb\u00e9m pode depender das circunst\u00e2ncias espec\u00edficas do caso.<\/span><\/p>\n<p><span style=\"font-weight: 400;\">Normalmente, os militares s\u00e3o orientados a informar imediatamente seus superiores sobre o falecimento de um familiar e a solicitar a licen\u00e7a por motivo de luto.<\/span><\/p>\n<p><span style=\"font-weight: 400;\">A partir disso, a concess\u00e3o dessa licen\u00e7a e a sua dura\u00e7\u00e3o s\u00e3o analisadas caso a caso, levando em considera\u00e7\u00e3o as necessidades operacionais e as circunst\u00e2ncias individuais do militar.<\/span><\/p>\n<h2><b>Quais s\u00e3o os direitos de um militar?<\/b><\/h2>\n<p><span style=\"font-weight: 400;\">De forma geral, os direitos dos militares podem variar dependendo do ramo das For\u00e7as Armadas e das regulamenta\u00e7\u00f5es internas de cada um.<\/span><\/p>\n<p><span style=\"font-weight: 400;\">No entanto, em linhas gerais, os militares t\u00eam uma s\u00e9rie de direitos garantidos, que podem incluir:<\/span><\/p>\n<ul>\n<li style=\"font-weight: 400;\" aria-level=\"1\"><span style=\"font-weight: 400;\">Remunera\u00e7\u00e3o: os militares t\u00eam direito a receber uma remunera\u00e7\u00e3o pelo servi\u00e7o prestado, que pode variar dependendo do posto, tempo de servi\u00e7o, e outras vari\u00e1veis;<\/span><\/li>\n<li style=\"font-weight: 400;\" aria-level=\"1\"><span style=\"font-weight: 400;\">Benef\u00edcios sociais: os militares podem ter acesso a uma variedade de benef\u00edcios sociais, como assist\u00eancia m\u00e9dica, odontol\u00f3gica, psicol\u00f3gica, previd\u00eancia social;<\/span><\/li>\n<li style=\"font-weight: 400;\" aria-level=\"1\"><span style=\"font-weight: 400;\">Licen\u00e7as e folgas: os militares t\u00eam direito a licen\u00e7as remuneradas por diversos motivos, como <\/span><a href=\"https:\/\/www.oitchau.com.br\/features\/vacations\/\"><span style=\"font-weight: 400;\">f\u00e9rias<\/span><\/a><span style=\"font-weight: 400;\">, licen\u00e7a-paternidade, licen\u00e7a por motivo de sa\u00fade, licen\u00e7a por motivo de luto;<\/span><\/li>\n<li style=\"font-weight: 400;\" aria-level=\"1\"><span style=\"font-weight: 400;\">Previd\u00eancia e aposentadoria: os militares podem ter acesso a regimes especiais de previd\u00eancia e aposentadoria, que levam em considera\u00e7\u00e3o as peculiaridades da carreira militar;<\/span><\/li>\n<li style=\"font-weight: 400;\" aria-level=\"1\"><span style=\"font-weight: 400;\">Educa\u00e7\u00e3o e treinamento: as For\u00e7as Armadas costumam oferecer oportunidades de educa\u00e7\u00e3o e treinamento para seus membros, visando o aprimoramento profissional e pessoal;<\/span><\/li>\n<li style=\"font-weight: 400;\" aria-level=\"1\"><span style=\"font-weight: 400;\">Moradia e alimenta\u00e7\u00e3o: os militares t\u00eam direito a moradia e alimenta\u00e7\u00e3o fornecidas pelas For\u00e7as Armadas, especialmente durante o per\u00edodo de servi\u00e7o ativo.<\/span><\/li>\n<\/ul>\n<h2><b>Quais os benef\u00edcios de um militar?<\/b><\/h2>\n<p><span style=\"font-weight: 400;\">Assim como os direitos, os benef\u00edcios oferecidos aos militares podem variar conforme o ramo das For\u00e7as Armadas e o posto ocupado pelo militar.\u00a0<\/span><\/p>\n<p><span style=\"font-weight: 400;\">No entanto, alguns benef\u00edcios comuns incluem:<\/span><\/p>\n<ul>\n<li style=\"font-weight: 400;\" aria-level=\"1\"><span style=\"font-weight: 400;\">Assist\u00eancia m\u00e9dica e odontol\u00f3gica;<\/span><\/li>\n<li style=\"font-weight: 400;\" aria-level=\"1\"><span style=\"font-weight: 400;\">Alojamento e alimenta\u00e7\u00e3o;<\/span><\/li>\n<li style=\"font-weight: 400;\" aria-level=\"1\"><span style=\"font-weight: 400;\">Licen\u00e7as e folgas;<\/span><\/li>\n<li style=\"font-weight: 400;\" aria-level=\"1\"><span style=\"font-weight: 400;\">Previd\u00eancia e aposentadoria;<\/span><\/li>\n<li style=\"font-weight: 400;\" aria-level=\"1\"><span style=\"font-weight: 400;\">Educa\u00e7\u00e3o e treinamento;<\/span><\/li>\n<li style=\"font-weight: 400;\" aria-level=\"1\"><span style=\"font-weight: 400;\">Benef\u00edcios sociais.<\/span><\/li>\n<\/ul>\n<p><span style=\"font-weight: 400;\">Estes s\u00e3o apenas alguns exemplos de benef\u00edcios comuns oferecidos aos militares. \u00c9 importante ressaltar que os benef\u00edcios podem variar significativamente de acordo com as pol\u00edticas e regulamenta\u00e7\u00f5es de cada ramo das For\u00e7as Armadas.<\/span><\/p>\n<p><span style=\"font-weight: 400;\">Para saber mais sobre licen\u00e7as, baixe o nosso material!<\/span><\/p>\n<p><span style=\"font-weight: 400;\">\n\t\t<!--HubSpot Call-to-Action Code -->\n\t\t<span class=\"hs-cta-wrapper\" id=\"hs-cta-wrapper-96076816-f212-465a-af54-a08f74320c76\">\n\t\t<span class=\"hs-cta-node hs-cta-96076816-f212-465a-af54-a08f74320c76\" id=\"96076816-f212-465a-af54-a08f74320c76\">\n\t\t<!--[if lte IE 8]>\n\t\t<div id=\"hs-cta-ie-element\"><\/div>\n\t\t<![endif]-->\n\t\t<a href=\"https:\/\/cta-redirect.hubspot.com\/cta\/redirect\/20984162\/96076816-f212-465a-af54-a08f74320c76\" >\n\t\t<img decoding=\"async\" class=\"hs-cta-img\" id=\"hs-cta-img-96076816-f212-465a-af54-a08f74320c76\" style=\"border-width:0px;\" src=\"https:\/\/no-cache.hubspot.com\/cta\/default\/20984162\/96076816-f212-465a-af54-a08f74320c76.png\"  alt=\"New call-to-action\"\/>\n\t\t<\/a>\n\t\t<\/span>\n\t\t<script charset=\"utf-8\" src=\"\/\/js.hubspot.com\/cta\/current.js\"><\/script>\n\t\t<script>\n\t\thbspt.cta.load(20984162, '96076816-f212-465a-af54-a08f74320c76', {});\n\t\t<\/script>\n\t\t<\/span>\n\t\t<!-- end HubSpot Call-to-Action Code -->\n\t\t<\/span><\/p>\n","protected":false},"excerpt":{"rendered":"<p>A licen\u00e7a militar n\u00e3o \u00e9 motivo para que os contratos de trabalhos sejam rescindidos. Ao completar 18 anos de idade, todo jovem brasileiro deve se alistar no servi\u00e7o militar e se apresentar aos devidos \u00f3rg\u00e3os para exames referentes ao alistamento. A obrigatoriedade do alistamento est\u00e1 prevista na Lei 4.375\/64, que diz: &#8220;Todos os brasileiros naturalizados [&hellip;]<\/p>\n","protected":false},"author":16,"featured_media":33540,"comment_status":"closed","ping_status":"open","sticky":false,"template":"","format":"standard","meta":{"content-type":"","footnotes":""},"categories":[17643],"tags":[],"yoast_head":"<!-- This site is optimized with the Yoast SEO Premium plugin v22.2 (Yoast SEO v22.2) - https:\/\/yoast.com\/wordpress\/plugins\/seo\/ -->\n<title>Licen\u00e7a Militar: tudo o que voc\u00ea precisa saber | Oitchau<\/title>\n<meta name=\"description\" content=\"Ao completar 18 anos de idade, todo jovem brasileiro deve se alistar no servi\u00e7o militar. Mas como funciona a licen\u00e7a militar? O que diz a lei?\" \/>\n<meta name=\"robots\" content=\"index, follow, max-snippet:-1, max-image-preview:large, max-video-preview:-1\" \/>\n<link rel=\"canonical\" href=\"https:\/\/www.oitchau.com.br\/blog\/licenca-militar-tudo-o-que-voce-precisa-saber\/\" \/>\n<meta property=\"og:locale\" content=\"pt_BR\" \/>\n<meta property=\"og:type\" content=\"article\" \/>\n<meta property=\"og:title\" content=\"Licen\u00e7a Militar: tudo o que voc\u00ea precisa saber\" \/>\n<meta property=\"og:description\" content=\"Ao completar 18 anos de idade, todo jovem brasileiro deve se alistar no servi\u00e7o militar. Mas como funciona a licen\u00e7a militar? O que diz a lei?\" \/>\n<meta property=\"og:url\" content=\"https:\/\/www.oitchau.com.br\/blog\/licenca-militar-tudo-o-que-voce-precisa-saber\/\" \/>\n<meta property=\"og:site_name\" content=\"Controle de Ponto &amp; Timesheets\" \/>\n<meta property=\"article:publisher\" content=\"https:\/\/www.facebook.com\/oitchaubr\/\" \/>\n<meta property=\"article:published_time\" content=\"2019-05-15T16:58:56+00:00\" \/>\n<meta property=\"article:modified_time\" content=\"2024-03-28T11:38:55+00:00\" \/>\n<meta property=\"og:image\" content=\"https:\/\/storage.googleapis.com\/oitchaublog\/2019\/05\/f0b64980-licenca-militar.png\" \/>\n\t<meta property=\"og:image:width\" content=\"1982\" \/>\n\t<meta property=\"og:image:height\" content=\"800\" \/>\n\t<meta property=\"og:image:type\" content=\"image\/png\" \/>\n<meta name=\"author\" content=\"Julia Neves\" \/>\n<meta name=\"twitter:card\" content=\"summary_large_image\" \/>\n<meta name=\"twitter:creator\" content=\"@oitchaubr\" \/>\n<meta name=\"twitter:site\" content=\"@oitchaubr\" \/>\n<meta name=\"twitter:label1\" content=\"Written by\" \/>\n\t<meta name=\"twitter:data1\" content=\"Julia Neves\" \/>\n\t<meta name=\"twitter:label2\" content=\"Est. reading time\" \/>\n\t<meta name=\"twitter:data2\" content=\"11 minutos\" \/>\n<script type=\"application\/ld+json\" class=\"yoast-schema-graph\">{\"@context\":\"https:\/\/schema.org\",\"@graph\":[{\"@type\":[\"Article\",\"BlogPosting\"],\"@id\":\"https:\/\/www.oitchau.com.br\/blog\/licenca-militar-tudo-o-que-voce-precisa-saber\/#article\",\"isPartOf\":{\"@id\":\"https:\/\/www.oitchau.com.br\/blog\/licenca-militar-tudo-o-que-voce-precisa-saber\/\"},\"author\":{\"name\":\"Julia Neves\",\"@id\":\"https:\/\/www.oitchau.com.br\/blog\/#\/schema\/person\/2d537dd5d364d6364dbe306bf11644f3\"},\"headline\":\"Licen\u00e7a Militar: tudo o que voc\u00ea precisa saber\",\"datePublished\":\"2019-05-15T16:58:56+00:00\",\"dateModified\":\"2024-03-28T11:38:55+00:00\",\"mainEntityOfPage\":{\"@id\":\"https:\/\/www.oitchau.com.br\/blog\/licenca-militar-tudo-o-que-voce-precisa-saber\/\"},\"wordCount\":2109,\"publisher\":{\"@id\":\"https:\/\/www.oitchau.com.br\/blog\/#organization\"},\"image\":{\"@id\":\"https:\/\/www.oitchau.com.br\/blog\/licenca-militar-tudo-o-que-voce-precisa-saber\/#primaryimage\"},\"thumbnailUrl\":\"https:\/\/storage.googleapis.com\/oitchaublog\/2019\/05\/f0b64980-licenca-militar.png\",\"articleSection\":[\"Recursos Humanos\"],\"inLanguage\":\"pt-BR\"},{\"@type\":\"WebPage\",\"@id\":\"https:\/\/www.oitchau.com.br\/blog\/licenca-militar-tudo-o-que-voce-precisa-saber\/\",\"url\":\"https:\/\/www.oitchau.com.br\/blog\/licenca-militar-tudo-o-que-voce-precisa-saber\/\",\"name\":\"Licen\u00e7a Militar: tudo o que voc\u00ea precisa saber | Oitchau\",\"isPartOf\":{\"@id\":\"https:\/\/www.oitchau.com.br\/blog\/#website\"},\"primaryImageOfPage\":{\"@id\":\"https:\/\/www.oitchau.com.br\/blog\/licenca-militar-tudo-o-que-voce-precisa-saber\/#primaryimage\"},\"image\":{\"@id\":\"https:\/\/www.oitchau.com.br\/blog\/licenca-militar-tudo-o-que-voce-precisa-saber\/#primaryimage\"},\"thumbnailUrl\":\"https:\/\/storage.googleapis.com\/oitchaublog\/2019\/05\/f0b64980-licenca-militar.png\",\"datePublished\":\"2019-05-15T16:58:56+00:00\",\"dateModified\":\"2024-03-28T11:38:55+00:00\",\"description\":\"Ao completar 18 anos de idade, todo jovem brasileiro deve se alistar no servi\u00e7o militar. Mas como funciona a licen\u00e7a militar? O que diz a lei?\",\"breadcrumb\":{\"@id\":\"https:\/\/www.oitchau.com.br\/blog\/licenca-militar-tudo-o-que-voce-precisa-saber\/#breadcrumb\"},\"inLanguage\":\"pt-BR\",\"potentialAction\":[{\"@type\":\"ReadAction\",\"target\":[\"https:\/\/www.oitchau.com.br\/blog\/licenca-militar-tudo-o-que-voce-precisa-saber\/\"]}]},{\"@type\":\"ImageObject\",\"inLanguage\":\"pt-BR\",\"@id\":\"https:\/\/www.oitchau.com.br\/blog\/licenca-militar-tudo-o-que-voce-precisa-saber\/#primaryimage\",\"url\":\"https:\/\/storage.googleapis.com\/oitchaublog\/2019\/05\/f0b64980-licenca-militar.png\",\"contentUrl\":\"https:\/\/storage.googleapis.com\/oitchaublog\/2019\/05\/f0b64980-licenca-militar.png\",\"width\":1982,\"height\":800,\"caption\":\"Licen\u00e7a Militar\"},{\"@type\":\"BreadcrumbList\",\"@id\":\"https:\/\/www.oitchau.com.br\/blog\/licenca-militar-tudo-o-que-voce-precisa-saber\/#breadcrumb\",\"itemListElement\":[{\"@type\":\"ListItem\",\"position\":1,\"name\":\"Blog\",\"item\":\"https:\/\/www.oitchau.com.br\/blog\/\"},{\"@type\":\"ListItem\",\"position\":2,\"name\":\"Licen\u00e7a Militar: tudo o que voc\u00ea precisa saber\"}]},{\"@type\":\"WebSite\",\"@id\":\"https:\/\/www.oitchau.com.br\/blog\/#website\",\"url\":\"https:\/\/www.oitchau.com.br\/blog\/\",\"name\":\"Controle de Ponto & Timesheets\",\"description\":\"\",\"publisher\":{\"@id\":\"https:\/\/www.oitchau.com.br\/blog\/#organization\"},\"potentialAction\":[{\"@type\":\"SearchAction\",\"target\":{\"@type\":\"EntryPoint\",\"urlTemplate\":\"https:\/\/www.oitchau.com.br\/blog\/?s={search_term_string}\"},\"query-input\":\"required name=search_term_string\"}],\"inLanguage\":\"pt-BR\"},{\"@type\":\"Organization\",\"@id\":\"https:\/\/www.oitchau.com.br\/blog\/#organization\",\"name\":\"Oitchau\",\"url\":\"https:\/\/www.oitchau.com.br\/blog\/\",\"logo\":{\"@type\":\"ImageObject\",\"inLanguage\":\"pt-BR\",\"@id\":\"https:\/\/www.oitchau.com.br\/blog\/#\/schema\/logo\/image\/\",\"url\":\"https:\/\/storage.googleapis.com\/oitchaublog\/2024\/03\/a0e65c6f-design-sem-nome-20.png\",\"contentUrl\":\"https:\/\/storage.googleapis.com\/oitchaublog\/2024\/03\/a0e65c6f-design-sem-nome-20.png\",\"width\":696,\"height\":696,\"caption\":\"Oitchau\"},\"image\":{\"@id\":\"https:\/\/www.oitchau.com.br\/blog\/#\/schema\/logo\/image\/\"},\"sameAs\":[\"https:\/\/www.facebook.com\/oitchaubr\/\",\"https:\/\/twitter.com\/oitchaubr\",\"https:\/\/instagram.com\/oitchaubr\"],\"description\":\"A Oitchau \u00e9 uma solu\u00e7\u00e3o completa para gest\u00e3o de tempo dos colaboradores, atrav\u00e9s de suas solu\u00e7\u00f5es de controle de ponto & timesheets, ela permite que gestores, RH e DP possam gerenciar desde a jornada de trabalho de funcion\u00e1rios at\u00e9 a gest\u00e3o de tempo em projetos. Elevando o n\u00edvel estrat\u00e9gico do neg\u00f3cio de forma inteligente e assertiva, potencializando seus resultados e garantindo compliance com a Lei.\",\"email\":\"contato@oitchau.com.br\",\"telephone\":\"+551142102846\",\"foundingDate\":\"2016-01-01\",\"numberOfEmployees\":{\"@type\":\"QuantitativeValue\",\"minValue\":\"51\",\"maxValue\":\"200\"}},{\"@type\":\"Person\",\"@id\":\"https:\/\/www.oitchau.com.br\/blog\/#\/schema\/person\/2d537dd5d364d6364dbe306bf11644f3\",\"name\":\"Julia Neves\",\"url\":\"https:\/\/www.oitchau.com.br\/blog\/author\/julia\/\"}]}<\/script>\n<!-- \/ Yoast SEO Premium plugin. -->","yoast_head_json":{"title":"Licen\u00e7a Militar: tudo o que voc\u00ea precisa saber | Oitchau","description":"Ao completar 18 anos de idade, todo jovem brasileiro deve se alistar no servi\u00e7o militar. Mas como funciona a licen\u00e7a militar? O que diz a lei?","robots":{"index":"index","follow":"follow","max-snippet":"max-snippet:-1","max-image-preview":"max-image-preview:large","max-video-preview":"max-video-preview:-1"},"canonical":"https:\/\/www.oitchau.com.br\/blog\/licenca-militar-tudo-o-que-voce-precisa-saber\/","og_locale":"pt_BR","og_type":"article","og_title":"Licen\u00e7a Militar: tudo o que voc\u00ea precisa saber","og_description":"Ao completar 18 anos de idade, todo jovem brasileiro deve se alistar no servi\u00e7o militar. Mas como funciona a licen\u00e7a militar? O que diz a lei?","og_url":"https:\/\/www.oitchau.com.br\/blog\/licenca-militar-tudo-o-que-voce-precisa-saber\/","og_site_name":"Controle de Ponto &amp; Timesheets","article_publisher":"https:\/\/www.facebook.com\/oitchaubr\/","article_published_time":"2019-05-15T16:58:56+00:00","article_modified_time":"2024-03-28T11:38:55+00:00","og_image":[{"width":1982,"height":800,"url":"https:\/\/storage.googleapis.com\/oitchaublog\/2019\/05\/f0b64980-licenca-militar.png","type":"image\/png"}],"author":"Julia Neves","twitter_card":"summary_large_image","twitter_creator":"@oitchaubr","twitter_site":"@oitchaubr","twitter_misc":{"Written by":"Julia Neves","Est. reading time":"11 minutos"},"schema":{"@context":"https:\/\/schema.org","@graph":[{"@type":["Article","BlogPosting"],"@id":"https:\/\/www.oitchau.com.br\/blog\/licenca-militar-tudo-o-que-voce-precisa-saber\/#article","isPartOf":{"@id":"https:\/\/www.oitchau.com.br\/blog\/licenca-militar-tudo-o-que-voce-precisa-saber\/"},"author":{"name":"Julia Neves","@id":"https:\/\/www.oitchau.com.br\/blog\/#\/schema\/person\/2d537dd5d364d6364dbe306bf11644f3"},"headline":"Licen\u00e7a Militar: tudo o que voc\u00ea precisa saber","datePublished":"2019-05-15T16:58:56+00:00","dateModified":"2024-03-28T11:38:55+00:00","mainEntityOfPage":{"@id":"https:\/\/www.oitchau.com.br\/blog\/licenca-militar-tudo-o-que-voce-precisa-saber\/"},"wordCount":2109,"publisher":{"@id":"https:\/\/www.oitchau.com.br\/blog\/#organization"},"image":{"@id":"https:\/\/www.oitchau.com.br\/blog\/licenca-militar-tudo-o-que-voce-precisa-saber\/#primaryimage"},"thumbnailUrl":"https:\/\/storage.googleapis.com\/oitchaublog\/2019\/05\/f0b64980-licenca-militar.png","articleSection":["Recursos Humanos"],"inLanguage":"pt-BR"},{"@type":"WebPage","@id":"https:\/\/www.oitchau.com.br\/blog\/licenca-militar-tudo-o-que-voce-precisa-saber\/","url":"https:\/\/www.oitchau.com.br\/blog\/licenca-militar-tudo-o-que-voce-precisa-saber\/","name":"Licen\u00e7a Militar: tudo o que voc\u00ea precisa saber | Oitchau","isPartOf":{"@id":"https:\/\/www.oitchau.com.br\/blog\/#website"},"primaryImageOfPage":{"@id":"https:\/\/www.oitchau.com.br\/blog\/licenca-militar-tudo-o-que-voce-precisa-saber\/#primaryimage"},"image":{"@id":"https:\/\/www.oitchau.com.br\/blog\/licenca-militar-tudo-o-que-voce-precisa-saber\/#primaryimage"},"thumbnailUrl":"https:\/\/storage.googleapis.com\/oitchaublog\/2019\/05\/f0b64980-licenca-militar.png","datePublished":"2019-05-15T16:58:56+00:00","dateModified":"2024-03-28T11:38:55+00:00","description":"Ao completar 18 anos de idade, todo jovem brasileiro deve se alistar no servi\u00e7o militar. Mas como funciona a licen\u00e7a militar? O que diz a lei?","breadcrumb":{"@id":"https:\/\/www.oitchau.com.br\/blog\/licenca-militar-tudo-o-que-voce-precisa-saber\/#breadcrumb"},"inLanguage":"pt-BR","potentialAction":[{"@type":"ReadAction","target":["https:\/\/www.oitchau.com.br\/blog\/licenca-militar-tudo-o-que-voce-precisa-saber\/"]}]},{"@type":"ImageObject","inLanguage":"pt-BR","@id":"https:\/\/www.oitchau.com.br\/blog\/licenca-militar-tudo-o-que-voce-precisa-saber\/#primaryimage","url":"https:\/\/storage.googleapis.com\/oitchaublog\/2019\/05\/f0b64980-licenca-militar.png","contentUrl":"https:\/\/storage.googleapis.com\/oitchaublog\/2019\/05\/f0b64980-licenca-militar.png","width":1982,"height":800,"caption":"Licen\u00e7a Militar"},{"@type":"BreadcrumbList","@id":"https:\/\/www.oitchau.com.br\/blog\/licenca-militar-tudo-o-que-voce-precisa-saber\/#breadcrumb","itemListElement":[{"@type":"ListItem","position":1,"name":"Blog","item":"https:\/\/www.oitchau.com.br\/blog\/"},{"@type":"ListItem","position":2,"name":"Licen\u00e7a Militar: tudo o que voc\u00ea precisa saber"}]},{"@type":"WebSite","@id":"https:\/\/www.oitchau.com.br\/blog\/#website","url":"https:\/\/www.oitchau.com.br\/blog\/","name":"Controle de Ponto & Timesheets","description":"","publisher":{"@id":"https:\/\/www.oitchau.com.br\/blog\/#organization"},"potentialAction":[{"@type":"SearchAction","target":{"@type":"EntryPoint","urlTemplate":"https:\/\/www.oitchau.com.br\/blog\/?s={search_term_string}"},"query-input":"required name=search_term_string"}],"inLanguage":"pt-BR"},{"@type":"Organization","@id":"https:\/\/www.oitchau.com.br\/blog\/#organization","name":"Oitchau","url":"https:\/\/www.oitchau.com.br\/blog\/","logo":{"@type":"ImageObject","inLanguage":"pt-BR","@id":"https:\/\/www.oitchau.com.br\/blog\/#\/schema\/logo\/image\/","url":"https:\/\/storage.googleapis.com\/oitchaublog\/2024\/03\/a0e65c6f-design-sem-nome-20.png","contentUrl":"https:\/\/storage.googleapis.com\/oitchaublog\/2024\/03\/a0e65c6f-design-sem-nome-20.png","width":696,"height":696,"caption":"Oitchau"},"image":{"@id":"https:\/\/www.oitchau.com.br\/blog\/#\/schema\/logo\/image\/"},"sameAs":["https:\/\/www.facebook.com\/oitchaubr\/","https:\/\/twitter.com\/oitchaubr","https:\/\/instagram.com\/oitchaubr"],"description":"A Oitchau \u00e9 uma solu\u00e7\u00e3o completa para gest\u00e3o de tempo dos colaboradores, atrav\u00e9s de suas solu\u00e7\u00f5es de controle de ponto & timesheets, ela permite que gestores, RH e DP possam gerenciar desde a jornada de trabalho de funcion\u00e1rios at\u00e9 a gest\u00e3o de tempo em projetos. Elevando o n\u00edvel estrat\u00e9gico do neg\u00f3cio de forma inteligente e assertiva, potencializando seus resultados e garantindo compliance com a Lei.","email":"contato@oitchau.com.br","telephone":"+551142102846","foundingDate":"2016-01-01","numberOfEmployees":{"@type":"QuantitativeValue","minValue":"51","maxValue":"200"}},{"@type":"Person","@id":"https:\/\/www.oitchau.com.br\/blog\/#\/schema\/person\/2d537dd5d364d6364dbe306bf11644f3","name":"Julia Neves","url":"https:\/\/www.oitchau.com.br\/blog\/author\/julia\/"}]}},"_links":{"self":[{"href":"https:\/\/www.oitchau.com.br\/blog\/wp-json\/wp\/v2\/posts\/2770"}],"collection":[{"href":"https:\/\/www.oitchau.com.br\/blog\/wp-json\/wp\/v2\/posts"}],"about":[{"href":"https:\/\/www.oitchau.com.br\/blog\/wp-json\/wp\/v2\/types\/post"}],"author":[{"embeddable":true,"href":"https:\/\/www.oitchau.com.br\/blog\/wp-json\/wp\/v2\/users\/16"}],"replies":[{"embeddable":true,"href":"https:\/\/www.oitchau.com.br\/blog\/wp-json\/wp\/v2\/comments?post=2770"}],"version-history":[{"count":3,"href":"https:\/\/www.oitchau.com.br\/blog\/wp-json\/wp\/v2\/posts\/2770\/revisions"}],"predecessor-version":[{"id":33542,"href":"https:\/\/www.oitchau.com.br\/blog\/wp-json\/wp\/v2\/posts\/2770\/revisions\/33542"}],"wp:featuredmedia":[{"embeddable":true,"href":"https:\/\/www.oitchau.com.br\/blog\/wp-json\/wp\/v2\/media\/33540"}],"wp:attachment":[{"href":"https:\/\/www.oitchau.com.br\/blog\/wp-json\/wp\/v2\/media?parent=2770"}],"wp:term":[{"taxonomy":"category","embeddable":true,"href":"https:\/\/www.oitchau.com.br\/blog\/wp-json\/wp\/v2\/categories?post=2770"},{"taxonomy":"post_tag","embeddable":true,"href":"https:\/\/www.oitchau.com.br\/blog\/wp-json\/wp\/v2\/tags?post=2770"}],"curies":[{"name":"wp","href":"https:\/\/api.w.org\/{rel}","templated":true}]}}