{"id":26063,"date":"2022-09-23T15:23:11","date_gmt":"2022-09-23T12:23:11","guid":{"rendered":"https:\/\/www.oitchau.com.br\/blog\/?p=26063"},"modified":"2024-08-22T21:35:59","modified_gmt":"2024-08-22T18:35:59","slug":"competencias-do-profissional-de-rh","status":"publish","type":"post","link":"https:\/\/www.oitchau.com.br\/blog\/competencias-do-profissional-de-rh\/","title":{"rendered":"5 compet\u00eancias que todo profissional de RH deve ter"},"content":{"rendered":"<p><span style=\"font-weight: 400;\">Existem compet\u00eancias que todo profissional de RH deve ter, pois s\u00e3o indispens\u00e1veis \u00e0 execu\u00e7\u00e3o das atividades do dia a dia do setor.<\/span><\/p>\n<p><span style=\"font-weight: 400;\">Elas se referem justamente \u00e0s habilidades e conhecimentos indispens\u00e1veis no trabalho de gest\u00e3o de pessoas, em que as atividades ocorrem com elas e para elas.<\/span><\/p>\n<p><span style=\"font-weight: 400;\">Aqui entram tanto as hard skills quanto as soft skills, pois envolvem conhecimentos objetivos e subjetivos. Para saber quais s\u00e3o as principais, continue lendo e veja 5 delas!<\/span><\/p>\n<h2><strong>Conhe\u00e7a 5 compet\u00eancias indispens\u00e1veis para o profissional de RH<\/strong><\/h2>\n<p><span style=\"font-weight: 400;\">Abaixo n\u00f3s separamos 5 compet\u00eancias que s\u00e3o cruciais para os colaboradores que trabalham com a gest\u00e3o de pessoas.<\/span><\/p>\n<p><span style=\"font-weight: 400;\">Elas variam em rela\u00e7\u00e3o ao conhecimento objetivo e subjetivo, mas todas s\u00e3o indispens\u00e1veis para um bom trabalho de desenvolvimento de projetos e de pessoas.<\/span><\/p>\n<p><span style=\"font-weight: 400;\">Confira cada uma delas, veja como funcionam e como impactam no trabalho do RH.\u00a0<\/span><\/p>\n<h3><strong>1. Capacidade anal\u00edtica<\/strong><\/h3>\n<p><span style=\"font-weight: 400;\">Uma das principais habilidades que um colaborador do RH deve ter se refere \u00e0 capacidade anal\u00edtica. Ela se revela na possibilidade de analisar com cuidado o ambiente ao redor.<\/span><\/p>\n<p><span style=\"font-weight: 400;\">Essa an\u00e1lise, \u00e9 claro, n\u00e3o se d\u00e1 de qualquer forma. Ela considera dados e informa\u00e7\u00f5es que s\u00e3o colhidos dentro da empresa e que permitem uma vis\u00e3o ampla das estrat\u00e9gias.<\/span><\/p>\n<p><span style=\"font-weight: 400;\">Portanto, essa capacidade envolve o acesso aos dados, a leitura deles e o entendimento de como eles impactam na empresa.<\/span><\/p>\n<p><span style=\"font-weight: 400;\">Essa capacidade anal\u00edtica necess\u00e1ria ao colaborador do RH \u00e9 importante para alinhar planos e estrat\u00e9gias, assim como para se antever a problemas.<\/span><\/p>\n<p><span style=\"font-weight: 400;\">Considere, por exemplo, que a diretoria da empresa possui um plano que impactar\u00e1 no dia a dia dos colaboradores.<\/span><\/p>\n<p><span style=\"font-weight: 400;\">O RH n\u00e3o pode ser um agente passivo aqui. Com base em todos os dados que ele possui, deve analisar como esse novo plano afetar\u00e1 na sa\u00fade, desenvolvimento e engajamento.<\/span><\/p>\n<p><span style=\"font-weight: 400;\">Tamb\u00e9m, deve estudar outros impactos e reflexos indiretos, eventuais problemas que podem surgir e qual \u00e9 o saldo positivo das a\u00e7\u00f5es.<\/span><\/p>\n<p><span style=\"font-weight: 400;\">Por isso, \u00e9 indispens\u00e1vel que o profissional do RH tenha capacidade de an\u00e1lise, assim como acesso aos dados e saiba como lidar com eles e como ler e estudar relat\u00f3rios.<\/span><\/p>\n<p><span style=\"font-weight: 400;\">N\u00e3o por acaso, ali\u00e1s, uma das compet\u00eancias do futuro do RH se refere ao <a href=\"https:\/\/www.oitchau.com.br\/blog\/people-analytics-como-ferramenta-para-otimizar-a-gestao-de-rh\/\">People Analytics<\/a>, que justamente se volta \u00e0 jun\u00e7\u00e3o e an\u00e1lise de dados com aux\u00edlio de intelig\u00eancia artificial.<\/span><\/p>\n<h3><strong>2. Flexibilidade e adaptabilidade<\/strong><\/h3>\n<p><span style=\"font-weight: 400;\">Outra das compet\u00eancias que um colaborador de RH deve ter \u00e9 a de flexibilidade e adaptabilidade.<\/span><\/p>\n<p><span style=\"font-weight: 400;\">Isso se resume em uma palavra amplamente difundida nos \u00faltimos anos: a resili\u00eancia. Ou seja, a capacidade de se adaptar em diferentes cen\u00e1rios.<\/span><\/p>\n<p><span style=\"font-weight: 400;\">Uma vez que o profissional de RH trabalha com pessoas e que elas s\u00e3o seres inconstantes, \u00e9 preciso ter em mente que essa capacidade ser\u00e1 colocada em pr\u00e1tica constantemente.<\/span><\/p>\n<p><span style=\"font-weight: 400;\">Erros e problemas di\u00e1rios acontecem nas empresas. Imprevistos, assim como riscos, se materializam diariamente.<\/span><\/p>\n<p><span style=\"font-weight: 400;\">Portanto, cabe ao RH e aos seus profissionais saber como se adaptar para resolver a situa\u00e7\u00e3o sem que isso afete a empresa.<\/span><\/p>\n<p><span style=\"font-weight: 400;\">Al\u00e9m disso, o RH tamb\u00e9m precisa saber rever suas a\u00e7\u00f5es. Uma estrat\u00e9gia n\u00e3o deu certo? Esteja preparado para suspend\u00ea-la para substitu\u00ed-la ou adapt\u00e1-la conforme necess\u00e1rio.<\/span><\/p>\n<p><span style=\"font-weight: 400;\">Ainda, \u00e9 importante destacar que a pr\u00f3pria no\u00e7\u00e3o de trabalho e de forma de presta\u00e7\u00e3o de atividades passa por uma constante flexibiliza\u00e7\u00e3o. Veja exemplos:<\/span><\/p>\n<ul>\n<li style=\"font-weight: 400;\" aria-level=\"1\"><span style=\"font-weight: 400;\">Ado\u00e7\u00e3o do <a href=\"https:\/\/www.oitchau.com.br\/blog\/beneficios-customizados-para-home-office\/\">home office<\/a>;<\/span><\/li>\n<li style=\"font-weight: 400;\" aria-level=\"1\"><span style=\"font-weight: 400;\">Hor\u00e1rios flex\u00edveis;<\/span><\/li>\n<li style=\"font-weight: 400;\" aria-level=\"1\"><span style=\"font-weight: 400;\">Contrata\u00e7\u00e3o por atividade e n\u00e3o por jornada, etc.<\/span><\/li>\n<\/ul>\n<h3><strong>3. Conhecimento tecnol\u00f3gico<\/strong><\/h3>\n\n\t\t<!--HubSpot Call-to-Action Code -->\n\t\t<span class=\"hs-cta-wrapper\" id=\"hs-cta-wrapper-96076816-f212-465a-af54-a08f74320c76\">\n\t\t<span class=\"hs-cta-node hs-cta-96076816-f212-465a-af54-a08f74320c76\" id=\"96076816-f212-465a-af54-a08f74320c76\">\n\t\t<!--[if lte IE 8]>\n\t\t<div id=\"hs-cta-ie-element\"><\/div>\n\t\t<![endif]-->\n\t\t<a href=\"https:\/\/cta-redirect.hubspot.com\/cta\/redirect\/20984162\/96076816-f212-465a-af54-a08f74320c76\" >\n\t\t<img decoding=\"async\" class=\"hs-cta-img\" id=\"hs-cta-img-96076816-f212-465a-af54-a08f74320c76\" style=\"border-width:0px;\" src=\"https:\/\/no-cache.hubspot.com\/cta\/default\/20984162\/96076816-f212-465a-af54-a08f74320c76.png\"  alt=\"New call-to-action\"\/>\n\t\t<\/a>\n\t\t<\/span>\n\t\t<script charset=\"utf-8\" src=\"\/\/js.hubspot.com\/cta\/current.js\"><\/script>\n\t\t<script>\n\t\thbspt.cta.load(20984162, '96076816-f212-465a-af54-a08f74320c76', {});\n\t\t<\/script>\n\t\t<\/span>\n\t\t<!-- end HubSpot Call-to-Action Code -->\n\t\t\n<p><span style=\"font-weight: 400;\">Continuando com a nossa lista de compet\u00eancias indispens\u00e1veis ao colaborador do RH, temos o conhecimento tecnol\u00f3gico.<\/span><\/p>\n<p><span style=\"font-weight: 400;\">Foi-se o tempo em que o departamento de recursos humanos se resumia ao preenchimento manual de dados, c\u00e1lculos de cart\u00e3o ponto e relat\u00f3rios burocr\u00e1ticos.<\/span><\/p>\n<p><span style=\"font-weight: 400;\">O setor \u00e9 o principal respons\u00e1vel pela gest\u00e3o de pessoas, por promover o bem-estar do colaborador, seu desenvolvimento, manter a produtividade e desenvolver a imagem de empresa-modelo.<\/span><\/p>\n<p><span style=\"font-weight: 400;\">Para isso, \u00e9 indispens\u00e1vel que a empresa tenha acesso \u00e0 tecnologia de qualidade, com softwares e ferramentas que facilitem o seu trabalho.<\/span><\/p>\n<p><span style=\"font-weight: 400;\">O colaborador do RH deve estar preparado para trabalhar com essas ferramentas.<\/span><\/p>\n<p><span style=\"font-weight: 400;\">Por exemplo, ao adotar um controle de ponto digital de jornada, o RH deixa de ter tarefas burocr\u00e1ticas como:<\/span><\/p>\n<ul>\n<li style=\"font-weight: 400;\" aria-level=\"1\"><span style=\"font-weight: 400;\">Elabora\u00e7\u00e3o manual dos holerites;<\/span><\/li>\n<li style=\"font-weight: 400;\" aria-level=\"1\"><span style=\"font-weight: 400;\">Confer\u00eancia manual de c\u00e1lculos de horas extras e banco de horas;<\/span><\/li>\n<li style=\"font-weight: 400;\" aria-level=\"1\"><span style=\"font-weight: 400;\">Recebimento pessoal de atestados m\u00e9dicos;<\/span><\/li>\n<li style=\"font-weight: 400;\" aria-level=\"1\"><span style=\"font-weight: 400;\">Colhimento presencial de assinaturas, etc.<\/span><\/li>\n<\/ul>\n<p><span style=\"font-weight: 400;\">Tudo isso ocorre automaticamente dentro de um sistema. Aos colaboradores do setor, ent\u00e3o, disponibiliza-se tempo para projetos mais importantes e que precisa deles.<\/span><\/p>\n<p><span style=\"font-weight: 400;\">Dentro desse exemplo, note que hoje softwares modernos como o da Oitchau cumprem os requisitos do cart\u00e3o de ponto ao mesmo tempo em que melhoram a gest\u00e3o de horas.<\/span><\/p>\n<p><span style=\"font-weight: 400;\">Por outro lado, n\u00e3o h\u00e1 como substituir os colaboradores quando o assunto \u00e9 o desenvolvimento de projetos de gest\u00e3o de pessoas, certo?!<\/span><\/p>\n<h3><strong>4. Intelig\u00eancia emocional<\/strong><\/h3>\n<p><span style=\"font-weight: 400;\">A <a href=\"https:\/\/www.oitchau.com.br\/blog\/inteligencia-emocional-a-habilidade-mais-buscada-pelas-empresas\/\">intelig\u00eancia emocional<\/a> \u00e9 uma das soft skills mais famosas e importantes do momento e cuja import\u00e2ncia somente tende a crescer.<\/span><\/p>\n<p><span style=\"font-weight: 400;\">Ela \u00e9 uma das compet\u00eancias indispens\u00e1veis ao colaborador de RH na medida em que \u00e9 ela que lhe permite lidar com pessoas, emo\u00e7\u00f5es, sentimentos, dissabores, etc.<\/span><\/p>\n<p><span style=\"font-weight: 400;\">Afinal, ao lidar com a gest\u00e3o de pessoas, o colaborador do RH lidar\u00e1, necessariamente, com pessoas.<\/span><\/p>\n<p><span style=\"font-weight: 400;\">E elas s\u00e3o seres complexos que reagem sentimentalmente a fatos, passam por dificuldades na vida social e familiar que refletem no trabalho e que requerem empatia.<\/span><\/p>\n<p><span style=\"font-weight: 400;\">O profissional do RH deve saber como se posicionar, como lidar com problemas e como se colocar no lugar das pessoas cuja gest\u00e3o realiza.<\/span><\/p>\n<h3><strong>5. Criatividade<\/strong><\/h3>\n<p><span style=\"font-weight: 400;\">Fecha nossa lista de compet\u00eancias indispens\u00e1veis ao colaborador do RH a criatividade. Ela \u00e9 importante justamente por permitir que ele encontre solu\u00e7\u00f5es para o dia a dia.<\/span><\/p>\n<p><span style=\"font-weight: 400;\">O desenvolvimento de novos projetos, assim como o ajuste deles de acordo com os resultados desejados, depende do pensamento criativo.<\/span><\/p>\n<p><span style=\"font-weight: 400;\">Isso, \u00e9 claro, sem se tirar um olho da realidade, pois de nada adianta o colaborador ter planos grandiosos que se limitam ao mundo das ideias.<\/span><\/p>\n<p><span style=\"font-weight: 400;\">Portanto, o profissional de RH deve praticar diariamente a sua criatividade e o pensamento criativo, que fazem toda a diferen\u00e7a dentro da sua rotina de trabalho.<\/span><\/p>\n<p><span style=\"font-weight: 400;\">Com essas compet\u00eancias, ent\u00e3o, o colaborador conseguir\u00e1 realizar as atividades de trabalho di\u00e1rias sem problemas e com sucesso.<\/span><\/p>\n","protected":false},"excerpt":{"rendered":"<p>Existem compet\u00eancias que todo profissional de RH deve ter, pois s\u00e3o indispens\u00e1veis \u00e0 execu\u00e7\u00e3o das atividades do dia a dia do setor. Elas se referem justamente \u00e0s habilidades e conhecimentos indispens\u00e1veis no trabalho de gest\u00e3o de pessoas, em que as atividades ocorrem com elas e para elas. Aqui entram tanto as hard skills quanto as [&hellip;]<\/p>\n","protected":false},"author":11,"featured_media":36060,"comment_status":"closed","ping_status":"open","sticky":false,"template":"","format":"standard","meta":{"content-type":"","footnotes":""},"categories":[17643],"tags":[17894,17893,240,228],"yoast_head":"<!-- This site is optimized with the Yoast SEO Premium plugin v22.2 (Yoast SEO v22.2) - https:\/\/yoast.com\/wordpress\/plugins\/seo\/ -->\n<title>5 compet\u00eancias que todo profissional de RH deve ter | Oitchau<\/title>\n<meta name=\"description\" content=\"Existem v\u00e1rias compet\u00eancias do profissional de RH que s\u00e3o indispens\u00e1veis para o desenvolvimento das atividades, e para a empresa. Veja quais s\u00e3o a seguir!\" \/>\n<meta name=\"robots\" content=\"index, follow, max-snippet:-1, max-image-preview:large, max-video-preview:-1\" \/>\n<link rel=\"canonical\" href=\"https:\/\/www.oitchau.com.br\/blog\/competencias-do-profissional-de-rh\/\" \/>\n<meta property=\"og:locale\" content=\"pt_BR\" \/>\n<meta property=\"og:type\" content=\"article\" \/>\n<meta property=\"og:title\" content=\"5 compet\u00eancias que todo profissional de RH deve ter\" \/>\n<meta property=\"og:description\" content=\"Existem v\u00e1rias compet\u00eancias do profissional de RH que s\u00e3o indispens\u00e1veis para o desenvolvimento das atividades, e para a empresa. Veja quais s\u00e3o a seguir!\" \/>\n<meta property=\"og:url\" content=\"https:\/\/www.oitchau.com.br\/blog\/competencias-do-profissional-de-rh\/\" \/>\n<meta property=\"og:site_name\" content=\"Controle de Ponto &amp; Timesheets\" \/>\n<meta property=\"article:publisher\" content=\"https:\/\/www.facebook.com\/oitchaubr\/\" \/>\n<meta property=\"article:published_time\" content=\"2022-09-23T12:23:11+00:00\" \/>\n<meta property=\"article:modified_time\" content=\"2024-08-22T18:35:59+00:00\" \/>\n<meta property=\"og:image\" content=\"https:\/\/storage.googleapis.com\/oitchaublog\/2022\/09\/f030e16e-competencias-do-profissional-de-rh.png\" \/>\n\t<meta property=\"og:image:width\" content=\"1982\" \/>\n\t<meta property=\"og:image:height\" content=\"800\" \/>\n\t<meta property=\"og:image:type\" content=\"image\/png\" \/>\n<meta name=\"author\" content=\"Aline Mesquita\" \/>\n<meta name=\"twitter:card\" content=\"summary_large_image\" \/>\n<meta name=\"twitter:creator\" content=\"@oitchaubr\" \/>\n<meta name=\"twitter:site\" content=\"@oitchaubr\" \/>\n<meta name=\"twitter:label1\" content=\"Written by\" \/>\n\t<meta name=\"twitter:data1\" content=\"Aline Mesquita\" \/>\n\t<meta name=\"twitter:label2\" content=\"Est. reading time\" \/>\n\t<meta name=\"twitter:data2\" content=\"6 minutos\" \/>\n<script type=\"application\/ld+json\" class=\"yoast-schema-graph\">{\"@context\":\"https:\/\/schema.org\",\"@graph\":[{\"@type\":[\"Article\",\"BlogPosting\"],\"@id\":\"https:\/\/www.oitchau.com.br\/blog\/competencias-do-profissional-de-rh\/#article\",\"isPartOf\":{\"@id\":\"https:\/\/www.oitchau.com.br\/blog\/competencias-do-profissional-de-rh\/\"},\"author\":{\"name\":\"Aline Mesquita\",\"@id\":\"https:\/\/www.oitchau.com.br\/blog\/#\/schema\/person\/40ba65f8664531ffe1465f6cb9d82430\"},\"headline\":\"5 compet\u00eancias que todo profissional de RH deve ter\",\"datePublished\":\"2022-09-23T12:23:11+00:00\",\"dateModified\":\"2024-08-22T18:35:59+00:00\",\"mainEntityOfPage\":{\"@id\":\"https:\/\/www.oitchau.com.br\/blog\/competencias-do-profissional-de-rh\/\"},\"wordCount\":1099,\"publisher\":{\"@id\":\"https:\/\/www.oitchau.com.br\/blog\/#organization\"},\"image\":{\"@id\":\"https:\/\/www.oitchau.com.br\/blog\/competencias-do-profissional-de-rh\/#primaryimage\"},\"thumbnailUrl\":\"https:\/\/storage.googleapis.com\/oitchaublog\/2022\/09\/f030e16e-competencias-do-profissional-de-rh.png\",\"keywords\":[\"compet\u00eancias do profissional de RH\",\"compet\u00eancias para RH\",\"recursos humanos\",\"rh\"],\"articleSection\":[\"Recursos Humanos\"],\"inLanguage\":\"pt-BR\"},{\"@type\":\"WebPage\",\"@id\":\"https:\/\/www.oitchau.com.br\/blog\/competencias-do-profissional-de-rh\/\",\"url\":\"https:\/\/www.oitchau.com.br\/blog\/competencias-do-profissional-de-rh\/\",\"name\":\"5 compet\u00eancias que todo profissional de RH deve ter | Oitchau\",\"isPartOf\":{\"@id\":\"https:\/\/www.oitchau.com.br\/blog\/#website\"},\"primaryImageOfPage\":{\"@id\":\"https:\/\/www.oitchau.com.br\/blog\/competencias-do-profissional-de-rh\/#primaryimage\"},\"image\":{\"@id\":\"https:\/\/www.oitchau.com.br\/blog\/competencias-do-profissional-de-rh\/#primaryimage\"},\"thumbnailUrl\":\"https:\/\/storage.googleapis.com\/oitchaublog\/2022\/09\/f030e16e-competencias-do-profissional-de-rh.png\",\"datePublished\":\"2022-09-23T12:23:11+00:00\",\"dateModified\":\"2024-08-22T18:35:59+00:00\",\"description\":\"Existem v\u00e1rias compet\u00eancias do profissional de RH que s\u00e3o indispens\u00e1veis para o desenvolvimento das atividades, e para a empresa. Veja quais s\u00e3o a seguir!\",\"breadcrumb\":{\"@id\":\"https:\/\/www.oitchau.com.br\/blog\/competencias-do-profissional-de-rh\/#breadcrumb\"},\"inLanguage\":\"pt-BR\",\"potentialAction\":[{\"@type\":\"ReadAction\",\"target\":[\"https:\/\/www.oitchau.com.br\/blog\/competencias-do-profissional-de-rh\/\"]}]},{\"@type\":\"ImageObject\",\"inLanguage\":\"pt-BR\",\"@id\":\"https:\/\/www.oitchau.com.br\/blog\/competencias-do-profissional-de-rh\/#primaryimage\",\"url\":\"https:\/\/storage.googleapis.com\/oitchaublog\/2022\/09\/f030e16e-competencias-do-profissional-de-rh.png\",\"contentUrl\":\"https:\/\/storage.googleapis.com\/oitchaublog\/2022\/09\/f030e16e-competencias-do-profissional-de-rh.png\",\"width\":1982,\"height\":800,\"caption\":\"compet\u00eancias do profissional de RH\"},{\"@type\":\"BreadcrumbList\",\"@id\":\"https:\/\/www.oitchau.com.br\/blog\/competencias-do-profissional-de-rh\/#breadcrumb\",\"itemListElement\":[{\"@type\":\"ListItem\",\"position\":1,\"name\":\"Blog\",\"item\":\"https:\/\/www.oitchau.com.br\/blog\/\"},{\"@type\":\"ListItem\",\"position\":2,\"name\":\"5 compet\u00eancias que todo profissional de RH deve ter\"}]},{\"@type\":\"WebSite\",\"@id\":\"https:\/\/www.oitchau.com.br\/blog\/#website\",\"url\":\"https:\/\/www.oitchau.com.br\/blog\/\",\"name\":\"Controle de Ponto & Timesheets\",\"description\":\"\",\"publisher\":{\"@id\":\"https:\/\/www.oitchau.com.br\/blog\/#organization\"},\"potentialAction\":[{\"@type\":\"SearchAction\",\"target\":{\"@type\":\"EntryPoint\",\"urlTemplate\":\"https:\/\/www.oitchau.com.br\/blog\/?s={search_term_string}\"},\"query-input\":\"required name=search_term_string\"}],\"inLanguage\":\"pt-BR\"},{\"@type\":\"Organization\",\"@id\":\"https:\/\/www.oitchau.com.br\/blog\/#organization\",\"name\":\"Oitchau\",\"url\":\"https:\/\/www.oitchau.com.br\/blog\/\",\"logo\":{\"@type\":\"ImageObject\",\"inLanguage\":\"pt-BR\",\"@id\":\"https:\/\/www.oitchau.com.br\/blog\/#\/schema\/logo\/image\/\",\"url\":\"https:\/\/storage.googleapis.com\/oitchaublog\/2024\/03\/a0e65c6f-design-sem-nome-20.png\",\"contentUrl\":\"https:\/\/storage.googleapis.com\/oitchaublog\/2024\/03\/a0e65c6f-design-sem-nome-20.png\",\"width\":696,\"height\":696,\"caption\":\"Oitchau\"},\"image\":{\"@id\":\"https:\/\/www.oitchau.com.br\/blog\/#\/schema\/logo\/image\/\"},\"sameAs\":[\"https:\/\/www.facebook.com\/oitchaubr\/\",\"https:\/\/twitter.com\/oitchaubr\",\"https:\/\/instagram.com\/oitchaubr\"],\"description\":\"A Oitchau \u00e9 uma solu\u00e7\u00e3o completa para gest\u00e3o de tempo dos colaboradores, atrav\u00e9s de suas solu\u00e7\u00f5es de controle de ponto & timesheets, ela permite que gestores, RH e DP possam gerenciar desde a jornada de trabalho de funcion\u00e1rios at\u00e9 a gest\u00e3o de tempo em projetos. Elevando o n\u00edvel estrat\u00e9gico do neg\u00f3cio de forma inteligente e assertiva, potencializando seus resultados e garantindo compliance com a Lei.\",\"email\":\"contato@oitchau.com.br\",\"telephone\":\"+551142102846\",\"foundingDate\":\"2016-01-01\",\"numberOfEmployees\":{\"@type\":\"QuantitativeValue\",\"minValue\":\"51\",\"maxValue\":\"200\"}},{\"@type\":\"Person\",\"@id\":\"https:\/\/www.oitchau.com.br\/blog\/#\/schema\/person\/40ba65f8664531ffe1465f6cb9d82430\",\"name\":\"Aline Mesquita\",\"url\":\"https:\/\/www.oitchau.com.br\/blog\/author\/aline\/\"}]}<\/script>\n<!-- \/ Yoast SEO Premium plugin. -->","yoast_head_json":{"title":"5 compet\u00eancias que todo profissional de RH deve ter | Oitchau","description":"Existem v\u00e1rias compet\u00eancias do profissional de RH que s\u00e3o indispens\u00e1veis para o desenvolvimento das atividades, e para a empresa. Veja quais s\u00e3o a seguir!","robots":{"index":"index","follow":"follow","max-snippet":"max-snippet:-1","max-image-preview":"max-image-preview:large","max-video-preview":"max-video-preview:-1"},"canonical":"https:\/\/www.oitchau.com.br\/blog\/competencias-do-profissional-de-rh\/","og_locale":"pt_BR","og_type":"article","og_title":"5 compet\u00eancias que todo profissional de RH deve ter","og_description":"Existem v\u00e1rias compet\u00eancias do profissional de RH que s\u00e3o indispens\u00e1veis para o desenvolvimento das atividades, e para a empresa. Veja quais s\u00e3o a seguir!","og_url":"https:\/\/www.oitchau.com.br\/blog\/competencias-do-profissional-de-rh\/","og_site_name":"Controle de Ponto &amp; Timesheets","article_publisher":"https:\/\/www.facebook.com\/oitchaubr\/","article_published_time":"2022-09-23T12:23:11+00:00","article_modified_time":"2024-08-22T18:35:59+00:00","og_image":[{"width":1982,"height":800,"url":"https:\/\/storage.googleapis.com\/oitchaublog\/2022\/09\/f030e16e-competencias-do-profissional-de-rh.png","type":"image\/png"}],"author":"Aline Mesquita","twitter_card":"summary_large_image","twitter_creator":"@oitchaubr","twitter_site":"@oitchaubr","twitter_misc":{"Written by":"Aline Mesquita","Est. reading time":"6 minutos"},"schema":{"@context":"https:\/\/schema.org","@graph":[{"@type":["Article","BlogPosting"],"@id":"https:\/\/www.oitchau.com.br\/blog\/competencias-do-profissional-de-rh\/#article","isPartOf":{"@id":"https:\/\/www.oitchau.com.br\/blog\/competencias-do-profissional-de-rh\/"},"author":{"name":"Aline Mesquita","@id":"https:\/\/www.oitchau.com.br\/blog\/#\/schema\/person\/40ba65f8664531ffe1465f6cb9d82430"},"headline":"5 compet\u00eancias que todo profissional de RH deve ter","datePublished":"2022-09-23T12:23:11+00:00","dateModified":"2024-08-22T18:35:59+00:00","mainEntityOfPage":{"@id":"https:\/\/www.oitchau.com.br\/blog\/competencias-do-profissional-de-rh\/"},"wordCount":1099,"publisher":{"@id":"https:\/\/www.oitchau.com.br\/blog\/#organization"},"image":{"@id":"https:\/\/www.oitchau.com.br\/blog\/competencias-do-profissional-de-rh\/#primaryimage"},"thumbnailUrl":"https:\/\/storage.googleapis.com\/oitchaublog\/2022\/09\/f030e16e-competencias-do-profissional-de-rh.png","keywords":["compet\u00eancias do profissional de RH","compet\u00eancias para RH","recursos humanos","rh"],"articleSection":["Recursos Humanos"],"inLanguage":"pt-BR"},{"@type":"WebPage","@id":"https:\/\/www.oitchau.com.br\/blog\/competencias-do-profissional-de-rh\/","url":"https:\/\/www.oitchau.com.br\/blog\/competencias-do-profissional-de-rh\/","name":"5 compet\u00eancias que todo profissional de RH deve ter | Oitchau","isPartOf":{"@id":"https:\/\/www.oitchau.com.br\/blog\/#website"},"primaryImageOfPage":{"@id":"https:\/\/www.oitchau.com.br\/blog\/competencias-do-profissional-de-rh\/#primaryimage"},"image":{"@id":"https:\/\/www.oitchau.com.br\/blog\/competencias-do-profissional-de-rh\/#primaryimage"},"thumbnailUrl":"https:\/\/storage.googleapis.com\/oitchaublog\/2022\/09\/f030e16e-competencias-do-profissional-de-rh.png","datePublished":"2022-09-23T12:23:11+00:00","dateModified":"2024-08-22T18:35:59+00:00","description":"Existem v\u00e1rias compet\u00eancias do profissional de RH que s\u00e3o indispens\u00e1veis para o desenvolvimento das atividades, e para a empresa. Veja quais s\u00e3o a seguir!","breadcrumb":{"@id":"https:\/\/www.oitchau.com.br\/blog\/competencias-do-profissional-de-rh\/#breadcrumb"},"inLanguage":"pt-BR","potentialAction":[{"@type":"ReadAction","target":["https:\/\/www.oitchau.com.br\/blog\/competencias-do-profissional-de-rh\/"]}]},{"@type":"ImageObject","inLanguage":"pt-BR","@id":"https:\/\/www.oitchau.com.br\/blog\/competencias-do-profissional-de-rh\/#primaryimage","url":"https:\/\/storage.googleapis.com\/oitchaublog\/2022\/09\/f030e16e-competencias-do-profissional-de-rh.png","contentUrl":"https:\/\/storage.googleapis.com\/oitchaublog\/2022\/09\/f030e16e-competencias-do-profissional-de-rh.png","width":1982,"height":800,"caption":"compet\u00eancias do profissional de RH"},{"@type":"BreadcrumbList","@id":"https:\/\/www.oitchau.com.br\/blog\/competencias-do-profissional-de-rh\/#breadcrumb","itemListElement":[{"@type":"ListItem","position":1,"name":"Blog","item":"https:\/\/www.oitchau.com.br\/blog\/"},{"@type":"ListItem","position":2,"name":"5 compet\u00eancias que todo profissional de RH deve ter"}]},{"@type":"WebSite","@id":"https:\/\/www.oitchau.com.br\/blog\/#website","url":"https:\/\/www.oitchau.com.br\/blog\/","name":"Controle de Ponto & Timesheets","description":"","publisher":{"@id":"https:\/\/www.oitchau.com.br\/blog\/#organization"},"potentialAction":[{"@type":"SearchAction","target":{"@type":"EntryPoint","urlTemplate":"https:\/\/www.oitchau.com.br\/blog\/?s={search_term_string}"},"query-input":"required name=search_term_string"}],"inLanguage":"pt-BR"},{"@type":"Organization","@id":"https:\/\/www.oitchau.com.br\/blog\/#organization","name":"Oitchau","url":"https:\/\/www.oitchau.com.br\/blog\/","logo":{"@type":"ImageObject","inLanguage":"pt-BR","@id":"https:\/\/www.oitchau.com.br\/blog\/#\/schema\/logo\/image\/","url":"https:\/\/storage.googleapis.com\/oitchaublog\/2024\/03\/a0e65c6f-design-sem-nome-20.png","contentUrl":"https:\/\/storage.googleapis.com\/oitchaublog\/2024\/03\/a0e65c6f-design-sem-nome-20.png","width":696,"height":696,"caption":"Oitchau"},"image":{"@id":"https:\/\/www.oitchau.com.br\/blog\/#\/schema\/logo\/image\/"},"sameAs":["https:\/\/www.facebook.com\/oitchaubr\/","https:\/\/twitter.com\/oitchaubr","https:\/\/instagram.com\/oitchaubr"],"description":"A Oitchau \u00e9 uma solu\u00e7\u00e3o completa para gest\u00e3o de tempo dos colaboradores, atrav\u00e9s de suas solu\u00e7\u00f5es de controle de ponto & timesheets, ela permite que gestores, RH e DP possam gerenciar desde a jornada de trabalho de funcion\u00e1rios at\u00e9 a gest\u00e3o de tempo em projetos. Elevando o n\u00edvel estrat\u00e9gico do neg\u00f3cio de forma inteligente e assertiva, potencializando seus resultados e garantindo compliance com a Lei.","email":"contato@oitchau.com.br","telephone":"+551142102846","foundingDate":"2016-01-01","numberOfEmployees":{"@type":"QuantitativeValue","minValue":"51","maxValue":"200"}},{"@type":"Person","@id":"https:\/\/www.oitchau.com.br\/blog\/#\/schema\/person\/40ba65f8664531ffe1465f6cb9d82430","name":"Aline Mesquita","url":"https:\/\/www.oitchau.com.br\/blog\/author\/aline\/"}]}},"_links":{"self":[{"href":"https:\/\/www.oitchau.com.br\/blog\/wp-json\/wp\/v2\/posts\/26063"}],"collection":[{"href":"https:\/\/www.oitchau.com.br\/blog\/wp-json\/wp\/v2\/posts"}],"about":[{"href":"https:\/\/www.oitchau.com.br\/blog\/wp-json\/wp\/v2\/types\/post"}],"author":[{"embeddable":true,"href":"https:\/\/www.oitchau.com.br\/blog\/wp-json\/wp\/v2\/users\/11"}],"replies":[{"embeddable":true,"href":"https:\/\/www.oitchau.com.br\/blog\/wp-json\/wp\/v2\/comments?post=26063"}],"version-history":[{"count":1,"href":"https:\/\/www.oitchau.com.br\/blog\/wp-json\/wp\/v2\/posts\/26063\/revisions"}],"predecessor-version":[{"id":36061,"href":"https:\/\/www.oitchau.com.br\/blog\/wp-json\/wp\/v2\/posts\/26063\/revisions\/36061"}],"wp:featuredmedia":[{"embeddable":true,"href":"https:\/\/www.oitchau.com.br\/blog\/wp-json\/wp\/v2\/media\/36060"}],"wp:attachment":[{"href":"https:\/\/www.oitchau.com.br\/blog\/wp-json\/wp\/v2\/media?parent=26063"}],"wp:term":[{"taxonomy":"category","embeddable":true,"href":"https:\/\/www.oitchau.com.br\/blog\/wp-json\/wp\/v2\/categories?post=26063"},{"taxonomy":"post_tag","embeddable":true,"href":"https:\/\/www.oitchau.com.br\/blog\/wp-json\/wp\/v2\/tags?post=26063"}],"curies":[{"name":"wp","href":"https:\/\/api.w.org\/{rel}","templated":true}]}}