{"id":26003,"date":"2022-09-21T17:46:45","date_gmt":"2022-09-21T14:46:45","guid":{"rendered":"https:\/\/www.oitchau.com.br\/blog\/?p=26003"},"modified":"2024-08-22T21:45:21","modified_gmt":"2024-08-22T18:45:21","slug":"passivos-trabalhistas","status":"publish","type":"post","link":"https:\/\/www.oitchau.com.br\/blog\/passivos-trabalhistas\/","title":{"rendered":"Passivos trabalhistas: o que s\u00e3o e como evit\u00e1-los"},"content":{"rendered":"<p><span style=\"font-weight: 400;\">Manter uma empresa requer muitos cuidados, entre eles, a manuten\u00e7\u00e3o de boas rela\u00e7\u00f5es trabalhistas, garantindo que os contratos elaborados com cada colaborador sejam respeitados e que as leis seguidas, caso contr\u00e1rio a marca pode se ver meio a um turbilh\u00e3o de passivos trabalhistas.<\/span><\/p>\n<p><span style=\"font-weight: 400;\">Para evit\u00e1-los, \u00e9 necess\u00e1rio que a empresa, junto aos seus setores Jur\u00eddico e de Recursos Humanos, trabalhem em conjunto e de maneira empenhada.\u00a0<\/span><\/p>\n<p><span style=\"font-weight: 400;\">Sabendo disso, elaboramos esse conte\u00fado para que voc\u00ea saiba o que s\u00e3o os passivos trabalhistas e como a empresa pode atuar com rela\u00e7\u00e3o a eles, reconhecendo as suas principais causas e mecanismos para evit\u00e1-los.<\/span><\/p>\n<h2><span style=\"font-weight: 400;\">O que \u00e9 passivo trabalhista?<\/span><\/h2>\n<p><span style=\"font-weight: 400;\">O passivo trabalhista \u00e9 a soma de todas as despesas que uma empresa tem relacionada a suas d\u00edvidas trabalhistas, ou seja, aquilo que \u00e9 devido por conta do n\u00e3o cumprimento das leis de trabalho, que podem implicar em pagamento retroativos e multas.<\/span><\/p>\n<p><span style=\"font-weight: 400;\">Por exemplo, quando um trabalhador <\/span><a target=\"_blank\" href=\"https:\/\/www.oitchau.com.br\/blog\/horas-extras-voce-sabe-como-calcular-veja-aqui\/\" rel=\"noopener\"><span style=\"font-weight: 400;\">realiza horas extras<\/span><\/a><span style=\"font-weight: 400;\"> de maneira informal, sem receber por elas, e ao sair da empresa decide entrar na justi\u00e7a cobrando o pagamento delas, essa d\u00edvida que a empresa ter\u00e1 de assumir configura um passivo trabalhista.<\/span><\/p>\n<p><span style=\"font-weight: 400;\">Esse nome vem da rela\u00e7\u00e3o entre o polo ativo e passivo trabalhista. Onde o polo ativo \u00e9 quem promove a a\u00e7\u00e3o contra empresa, e o passivo a marca que responde pelas supostas faltas.<\/span><\/p>\n<h2><span style=\"font-weight: 400;\">Quais s\u00e3o os riscos de possuir passivos trabalhistas?<\/span><\/h2>\n<p><span style=\"font-weight: 400;\">Evitar passivos trabalhistas \u00e9 uma pr\u00e1tica fundamental e que deve ser feita conscientemente pelas empresas que querem evitar riscos, confira quais s\u00e3o os principais deles.<\/span><\/p>\n<h3><span style=\"font-weight: 400;\">Fal\u00eancia<\/span><\/h3>\n<p><span style=\"font-weight: 400;\">Pode parecer exagerado, mas empresas que acumulam passivos trabalhistas de maneira desordenada, e principalmente, sem quitar os seus saldos, podem acabar tendo que decretar fal\u00eancia para se adequarem \u00e0 justi\u00e7a do trabalho.<\/span><\/p>\n<p><span style=\"font-weight: 400;\">Esse caso \u00e9 voltado para todos os tamanhos de empresa, j\u00e1 que grandes marcas podem sofrer com in\u00fameros processos que somados chegam a um grande montante.<\/span><\/p>\n<p><span style=\"font-weight: 400;\">J\u00e1 as pequenas e m\u00e9dias empresas devem tomar cuidado, pois dependendo da falta cometido ou do processo recebido, poucos casos s\u00e3o necess\u00e1rios para que ela tenha de fechar as portas para conseguir arcar com seus passivos.<\/span><\/p>\n<h3><span style=\"font-weight: 400;\">Instabilidade nas finan\u00e7as da empresa<\/span><\/h3>\n<p><span style=\"font-weight: 400;\">Mesmo sem chegar \u00e0 fal\u00eancia, as empresas que devem passivos trabalhistas e n\u00e3o est\u00e3o preparadas para ele podem sofrer com instabilidades financeiras, sendo obrigadas a fazer um balan\u00e7o or\u00e7ament\u00e1rio.<\/span><\/p>\n<p><span style=\"font-weight: 400;\">Esse balan\u00e7o pode incluir uma retra\u00e7\u00e3o, com a demiss\u00e3o de alguns colaboradores, fechamento de setores e a retirada de investimentos em inova\u00e7\u00e3o.<\/span><\/p>\n<h3><span style=\"font-weight: 400;\">Vis\u00e3o negativa externa<\/span><\/h3>\n<p><span style=\"font-weight: 400;\">Ao acumular casos de passivos trabalhistas, a vis\u00e3o externa passa a se voltar negativamente para a empresa.<\/span><\/p>\n<p><span style=\"font-weight: 400;\">O primeiro pacto que pode ser sentido com rela\u00e7\u00e3o a isso \u00e9 nas vendas, j\u00e1 que como as d\u00edvidas est\u00e3o relacionadas aos trabalhadores, existe margem para a interpreta\u00e7\u00e3o de que a marca n\u00e3o os respeita.<\/span><\/p>\n<p><span style=\"font-weight: 400;\">Outro impacto \u00e9 sobre os investidores, que ao perceberem a vis\u00e3o do p\u00fablico se afastar\u00e3o da empresa, evitando o envolvimento com ela.<\/span><\/p>\n<h3><span style=\"font-weight: 400;\">Vis\u00e3o negativa interna<\/span><\/h3>\n<p><span style=\"font-weight: 400;\">N\u00e3o \u00e9 apenas a vis\u00e3o externa que sofre o impacto por conta dos passivos, a interna tamb\u00e9m \u00e9 prejudicada.<\/span><\/p>\n<p><span style=\"font-weight: 400;\">Os colaboradores est\u00e3o vendo o \u201cproblema\u201d de dentro, o que diminui drasticamente <\/span><a target=\"_blank\" href=\"https:\/\/www.oitchau.com.br\/blog\/retencao-de-talentos-conheca-8-boas-praticas\/\" rel=\"noopener\"><span style=\"font-weight: 400;\">a reten\u00e7\u00e3o de talentos<\/span><\/a><span style=\"font-weight: 400;\">.<\/span><\/p>\n<p><span style=\"font-weight: 400;\">Al\u00e9m disso, outros profissionais que poderiam integrar o quadro da empresa, passam a descartar a marca como um de seus poss\u00edveis locais de atua\u00e7\u00e3o.<\/span><\/p>\n<p><span style=\"font-weight: 400;\">\n\t\t<!--HubSpot Call-to-Action Code -->\n\t\t<span class=\"hs-cta-wrapper\" id=\"hs-cta-wrapper-87190347-c414-4d3f-8646-18211b103ff9\">\n\t\t<span class=\"hs-cta-node hs-cta-87190347-c414-4d3f-8646-18211b103ff9\" id=\"87190347-c414-4d3f-8646-18211b103ff9\">\n\t\t<!--[if lte IE 8]>\n\t\t<div id=\"hs-cta-ie-element\"><\/div>\n\t\t<![endif]-->\n\t\t<a href=\"https:\/\/cta-redirect.hubspot.com\/cta\/redirect\/20984162\/87190347-c414-4d3f-8646-18211b103ff9\" >\n\t\t<img decoding=\"async\" class=\"hs-cta-img\" id=\"hs-cta-img-87190347-c414-4d3f-8646-18211b103ff9\" style=\"border-width:0px;\" src=\"https:\/\/no-cache.hubspot.com\/cta\/default\/20984162\/87190347-c414-4d3f-8646-18211b103ff9.png\"  alt=\"New call-to-action\"\/>\n\t\t<\/a>\n\t\t<\/span>\n\t\t<script charset=\"utf-8\" src=\"\/\/js.hubspot.com\/cta\/current.js\"><\/script>\n\t\t<script>\n\t\thbspt.cta.load(20984162, '87190347-c414-4d3f-8646-18211b103ff9', {});\n\t\t<\/script>\n\t\t<\/span>\n\t\t<!-- end HubSpot Call-to-Action Code -->\n\t\t<\/span><\/p>\n<h2><span style=\"font-weight: 400;\">Principais causadores de passivos trabalhistas<\/span><\/h2>\n<p><span style=\"font-weight: 400;\">Agora que voc\u00ea j\u00e1 sabe o tamanho das dores de cabe\u00e7a que os passivos trabalhistas podem trazer para a sua empresa, conhe\u00e7a os seus principais causadores.<\/span><\/p>\n<h3><span style=\"font-weight: 400;\">Horas extras<\/span><\/h3>\n<p><span style=\"font-weight: 400;\">A principal causa dos passivos trabalhistas \u00e9 a falta de pagamento das horas extras, por conta disso, a empresa junto ao seu setor de Recursos Humanos deve prestar aten\u00e7\u00e3o para n\u00e3o a negligenciar.<\/span><\/p>\n<p><span style=\"font-weight: 400;\">A primeira situa\u00e7\u00e3o a ser observada \u00e9 que as horas extras n\u00e3o s\u00e3o contabilizadas apenas quando solicitadas. Se o trabalhador permanece por mais tempo no trabalho e marca o seu ponto de sa\u00edda posteriormente ao combinado, esse tempo \u00e9 contabilizado como hora extra.<\/span><\/p>\n<p><span style=\"font-weight: 400;\">Ao n\u00e3o observar um detalhe como esse, a empresa acaba tendo de arcar com os passivos, j\u00e1 que basta ao colaborador comprovar que trabalhava al\u00e9m do seu hor\u00e1rio combinado sem receber a mais para isso.<\/span><\/p>\n<p><span style=\"font-weight: 400;\">Uma op\u00e7\u00e3o para tornar as horas extras mais controladas e de acordo com a lei s\u00e3o <\/span><a target=\"_blank\" href=\"https:\/\/www.oitchau.com.br\/blog\/banco-de-horas\/\" rel=\"noopener\"><span style=\"font-weight: 400;\">os bancos de horas<\/span><\/a><span style=\"font-weight: 400;\">, que eliminam inclusive a necessidade de pagamentos.<\/span><\/p>\n<h3><span style=\"font-weight: 400;\">Devolu\u00e7\u00e3o da carteira de trabalho<\/span><\/h3>\n<p><span style=\"font-weight: 400;\">Alguns artigos expostos na <\/span><a target=\"_blank\" href=\"http:\/\/www.planalto.gov.br\/ccivil_03\/decreto-lei\/del5452.htm\" rel=\"noopener\"><span style=\"font-weight: 400;\">CLT &#8211; Consolida\u00e7\u00e3o das Leis do Trabalho<\/span><\/a><span style=\"font-weight: 400;\"> &#8211; trazem conte\u00fados que podem passar despercebidos e acabar comprometendo a empresa.<\/span><\/p>\n<p><span style=\"font-weight: 400;\">Entre esses artigos est\u00e1 o de n\u00famero 29, que estabelece o tempo dispon\u00edvel para empresa fazer anota\u00e7\u00f5es na carteira de trabalho e devolver o documento ao trabalhador:<\/span><\/p>\n<p><i><span style=\"font-weight: 400;\">\u201cArtigo 29 &#8211; A Carteira de Trabalho e Previd\u00eancia Social ser\u00e1 obrigatoriamente apresentada, contra recibo, pelo trabalhador ao empregador que o admitir, o qual ter\u00e1 o prazo de quarenta e oito horas para nela anotar, especificamente, a data de admiss\u00e3o, a remunera\u00e7\u00e3o e as condi\u00e7\u00f5es especiais, se houver, sendo facultada a ado\u00e7\u00e3o de sistema manual, mec\u00e2nico ou eletr\u00f4nico, conforme instru\u00e7\u00f5es a serem expedidas pelo Minist\u00e9rio do Trabalho.\u201d<\/span><\/i><\/p>\n<p><span style=\"font-weight: 400;\">Ou seja, a empresa que reter por mais de 48 horas a carteira de trabalho dos seus colaboradores agir\u00e1 ilegalmente e corre riscos jur\u00eddicos.<\/span><\/p>\n<h3><span style=\"font-weight: 400;\">Pagamento de adicionais<\/span><\/h3>\n<p><span style=\"font-weight: 400;\">Assim como as horas extras, outros pagamentos extras podem ser somados ao montante devido ao trabalhador no final de cada m\u00eas, entre eles os adicionais, onde n\u00e3o \u00e9 necess\u00e1rio que os trabalhadores trabalhem al\u00e9m do acordado para terem direito a receb\u00ea-los.<\/span><\/p>\n<p><span style=\"font-weight: 400;\">Entre os principais adicionais previstos na lei est\u00e3o o de insalubridade <\/span><a target=\"_blank\" href=\"https:\/\/www.oitchau.com.br\/blog\/calcular-adicional-noturno\/\" rel=\"noopener\"><span style=\"font-weight: 400;\">e o adicional noturno<\/span><\/a><span style=\"font-weight: 400;\">.<\/span><\/p>\n<p><span style=\"font-weight: 400;\">A empresa deve se atentar ao seu ambiente de trabalho e o hor\u00e1rio de atua\u00e7\u00e3o, garantindo que esses adicionais sejam pagos quando necess\u00e1rio.<\/span><\/p>\n<p><span style=\"font-weight: 400;\">Caso contr\u00e1rio, novamente, o trabalhador poder\u00e1 entrar com um processo solicitando o pagamento retroativo de seus direitos e eventualmente outros valores, aumentando os passivos trabalhistas.<\/span><\/p>\n<h3><span style=\"font-weight: 400;\">Processos por danos morais<\/span><\/h3>\n<p><span style=\"font-weight: 400;\">O dano moral \u00e9 configurado quando h\u00e1 viola\u00e7\u00e3o da ordem moral de uma pessoa, se conectando a sua liberdade, honra, sa\u00fade mental ou f\u00edsica e a sua imagem.<\/span><\/p>\n<p><span style=\"font-weight: 400;\">Portanto, a empresa deve evitar ao m\u00e1ximo que esse comportamento ocorra em seu ambiente de trabalho, principalmente quando ela vem de uma lideran\u00e7a para um subordinado.<\/span><\/p>\n<p><span style=\"font-weight: 400;\">Em casos onde os danos morais foram cometidos por outros colaboradores, e a empresa tomou as medidas necess\u00e1rias para contar a situa\u00e7\u00e3o, e mesmo assim o trabalhador decidiu processar a marca, pode haver ilegitimidade passiva trabalhista.<\/span><\/p>\n<p><span style=\"font-weight: 400;\">A ilegitimidade passiva trabalhista acontece quando a empresa que est\u00e1 sendo processada n\u00e3o \u00e9 a causadora ou respons\u00e1vel pelos problemas apresentados na a\u00e7\u00e3o.<\/span><\/p>\n<h3><span style=\"font-weight: 400;\">Pagamento de rescis\u00f5es contratuais<\/span><\/h3>\n<p><span style=\"font-weight: 400;\">Existem diferentes formatos de <\/span><a target=\"_blank\" href=\"https:\/\/www.oitchau.com.br\/blog\/rescisao-de-contrato-de-trabalho-passo-a-passo-para-fazer-corretamente\/\" rel=\"noopener\"><span style=\"font-weight: 400;\">rescis\u00e3o de contrato de trabalho<\/span><\/a><span style=\"font-weight: 400;\">, entre eles aqueles onde a empresa \u00e9 obrigada a realizar alguns pagamentos para os colaboradores, como o FGTS e o aviso-pr\u00e9vio.<\/span><\/p>\n<p><span style=\"font-weight: 400;\">Caso n\u00e3o os pague, a empresa pode se ver novamente com problemas na justi\u00e7a, e quanto maior o n\u00famero de colaboradores que n\u00e3o receberam os seus direitos, maior o montante do passivo trabalhista devido pela empresa.<\/span><\/p>\n<h3><span style=\"font-weight: 400;\">Erro no controle de ponto<\/span><\/h3>\n<p><span style=\"font-weight: 400;\">Como primeiro item deste t\u00f3pico, voc\u00ea viu que as horas extras s\u00e3o o principal causador de passivos trabalhistas, e essa falta de organiza\u00e7\u00e3o com rela\u00e7\u00e3o pode ser gerada pela falta do controle de ponto.<\/span><\/p>\n<p><span style=\"font-weight: 400;\">\u00c9 importante lembrar que a empresa deve contar com um sistema adequado e capaz de registrar fielmente, sendo esse controle fundamental para a apresenta\u00e7\u00e3o de poss\u00edveis provas em um processo.<\/span><\/p>\n<p><span style=\"font-weight: 400;\">Al\u00e9m disso, o <\/span><a target=\"_blank\" href=\"https:\/\/www.oitchau.com.br\/blog\/fazer-controle-de-ponto-e-obrigatorio-em-toda-empresa\/\" rel=\"noopener\"><span style=\"font-weight: 400;\">controle de ponto \u00e9 obrigat\u00f3rio<\/span><\/a><span style=\"font-weight: 400;\"> em empresas que contam com mais de 20 colaboradores.<\/span><\/p>\n<h3><span style=\"font-weight: 400;\">Ac\u00famulo ou desvio de fun\u00e7\u00e3o<\/span><\/h3>\n<p><span style=\"font-weight: 400;\">Aquilo que foi determinado na carteira de trabalho e no contrato realizado com um colaborador deve ser seguido.<\/span><\/p>\n<p><span style=\"font-weight: 400;\">Caso seja necess\u00e1rio que ele mude de cargo ou expanda suas fun\u00e7\u00f5es, os documentos devem ser atualizados.<\/span><\/p>\n<p><span style=\"font-weight: 400;\">Se isso n\u00e3o acontecer, o trabalhador poder\u00e1 abrir um processo contra a empresa, gerando mais passivos trabalhistas.<\/span><\/p>\n<h3><span style=\"font-weight: 400;\">Interpreta\u00e7\u00e3o ou uso da legisla\u00e7\u00e3o desatualizada<\/span><\/h3>\n<p><span style=\"font-weight: 400;\">As leis de trabalho s\u00e3o constantemente adaptadas e recebem novas interpreta\u00e7\u00f5es pela justi\u00e7a com o passar do tempo.<\/span><\/p>\n<p><span style=\"font-weight: 400;\">Cabe \u00e0 empresa junto ao seu setor jur\u00eddico prestar aten\u00e7\u00e3o nessas mudan\u00e7as e garantir que o trabalho realizado dentro de seus dom\u00ednios est\u00e1 seguindo a legisla\u00e7\u00e3o, as determina\u00e7\u00f5es sindicais e os acordos coletivos.<\/span><\/p>\n<h3><span style=\"font-weight: 400;\">N\u00e3o recolhimento de encargos sociais<\/span><\/h3>\n<p><span style=\"font-weight: 400;\">Ao contratar um trabalhador, a empresa deve recolher os seus encargos sociais, impostos a serem pagos cuja fun\u00e7\u00e3o \u00e9 garantir benef\u00edcios aos colaboradores a longo prazo.<\/span><\/p>\n<p><span style=\"font-weight: 400;\">Entre os encargos sociais est\u00e3o o INSS e o FGTS.<\/span><\/p>\n<h2><span style=\"font-weight: 400;\">Como evitar passivos trabalhistas<\/span><\/h2>\n<p><span style=\"font-weight: 400;\">Al\u00e9m de conhecer os principais geradores de passivos trabalhistas, \u00e9 fundamental saber como evit\u00e1-los.<\/span><\/p>\n<h3><span style=\"font-weight: 400;\">Conhecimento sobre as principais leis trabalhistas<\/span><\/h3>\n<p><span style=\"font-weight: 400;\">A primeira maneira de garantir que a sua empresa n\u00e3o entrar\u00e1 em um ciclo vicioso de passivos trabalhistas \u00e9 ter o conhecimento sobre as <\/span><a target=\"_blank\" href=\"https:\/\/www.oitchau.com.br\/blog\/os-principais-direitos-trabalhistas-garantidos-pela-clt\/\" rel=\"noopener\"><span style=\"font-weight: 400;\">principais leis trabalhistas<\/span><\/a><span style=\"font-weight: 400;\">, sendo os setores jur\u00eddicos e de Recursos Humanos fundamentais para que essa tarefa seja cumprida.<\/span><\/p>\n<p><span style=\"font-weight: 400;\">Dentro dessas leis que a empresa deve seguir, temos a CLT como a principal, mas al\u00e9m dela, \u00e9 fundamental ficar atento \u00e0s conven\u00e7\u00f5es e acordos coletivos que delimitam os direitos de classes espec\u00edficas.<\/span><\/p>\n<h3><span style=\"font-weight: 400;\">Organiza\u00e7\u00e3o<\/span><\/h3>\n<p><span style=\"font-weight: 400;\">A organiza\u00e7\u00e3o evita poss\u00edveis passivos trabalhistas. Dois exemplos s\u00e3o o da carteira de trabalho e o controle de horas extras.<\/span><\/p>\n<p><span style=\"font-weight: 400;\">Os colaboradores do setor respons\u00e1veis pelo registro na carteira podem acabar n\u00e3o devolvendo o documento ao trabalhador n\u00e3o por m\u00e1-f\u00e9, mas sim por n\u00e3o se atentarem e se organizarem para tal.<\/span><\/p>\n<p><span style=\"font-weight: 400;\">Assim como as horas extras que podem gerar posteriores passivos, quando feitas de maneira desordenada e sem o controle das lideran\u00e7as.<\/span><\/p>\n<h3><span style=\"font-weight: 400;\">Compliance<\/span><\/h3>\n<p><a target=\"_blank\" href=\"https:\/\/www.oitchau.com.br\/blog\/programa-de-compliance-como-implantar-na-sua-empresa\/\" rel=\"noopener\"><span style=\"font-weight: 400;\">O compliance<\/span><\/a><span style=\"font-weight: 400;\"> \u00e9 o conjunto de procedimentos disciplinares estabelecidos por uma empresa com a finalidade de garantir que as leis e as suas normas internas sejam seguidas.<\/span><\/p>\n<p><span style=\"font-weight: 400;\">Por tanto, a empresa deve inserir esses procedimentos na sua cultura organizacional, fazendo com que todos os colaboradores envolvidos se responsabilizem pelo seguimento das leis.<\/span><\/p>\n<h3><span style=\"font-weight: 400;\">Manuten\u00e7\u00e3o de um bom ambiente de trabalho<\/span><\/h3>\n<p><span style=\"font-weight: 400;\">Possuir uma boa avalia\u00e7\u00e3o interna do ambiente de trabalho \u00e9 um fator-chave para diminuir os passivos trabalhistas, afinal, isso representar\u00e1 que os colaboradores est\u00e3o satisfeitos com a forma como a gest\u00e3o acontece.<\/span><\/p>\n<h3><span style=\"font-weight: 400;\">Documenta\u00e7\u00e3o<\/span><\/h3>\n<p><span style=\"font-weight: 400;\">Assim como o trabalhador ter\u00e1 de apresentar provas para entrar com um processo trabalhista contra a empresa, a marca tamb\u00e9m deve possuir os seus meios de se defender e provar que age dentro da legalidade.<\/span><\/p>\n<p><span style=\"font-weight: 400;\">Para isso, \u00e9 necess\u00e1rio documentar todos os passos da rela\u00e7\u00e3o de trabalho, e armazen\u00e1-los em local seguro e com o acesso controlado.<\/span><\/p>\n<h3><span style=\"font-weight: 400;\">Auditorias<\/span><\/h3>\n<p><span style=\"font-weight: 400;\">Caso a empresa esteja com dificuldades para encontrar a origem de seus passivos trabalhistas, ela pode recorrer a terceiriza\u00e7\u00e3o dessa etapa, contratando auditorias judiciais especializadas em identificar quais s\u00e3o as a\u00e7\u00f5es que geram as d\u00edvidas.<\/span><\/p>\n<p><span style=\"font-weight: 400;\">A partir disso, ser\u00e1 mais f\u00e1cil saber onde investir para que os erros sejam reparados.<\/span><\/p>\n<h3><span style=\"font-weight: 400;\">Sistema de ponto eletr\u00f4nico<\/span><\/h3>\n<p><span style=\"font-weight: 400;\">Lembra que falamos que a falta de um <\/span><a target=\"_blank\" href=\"https:\/\/www.oitchau.com.br\/features\/punching\/\" rel=\"noopener\"><span style=\"font-weight: 400;\">controle de ponto adequado<\/span><\/a><span style=\"font-weight: 400;\"> pode acabar gerando passivos trabalhistas? Ent\u00e3o, a melhor forma de fazer isso \u00e9 investindo em sistemas modernos, com tecnologia empregada e muita seguran\u00e7a de dados.<\/span><\/p>\n<p><span style=\"font-weight: 400;\">Entre as funcionalidades que podem garantir melhores resultados com rela\u00e7\u00e3o \u00e0 organiza\u00e7\u00e3o das horas trabalhadas est\u00e3o controle de ponto para empresas que atuam de maneira h\u00edbrida.<\/span><\/p>\n<h3><span style=\"font-weight: 400;\">Reserva financeira<\/span><\/h3>\n<p><span style=\"font-weight: 400;\">Como \u00faltima dica para evitar os passivos trabalhistas, temos a constru\u00e7\u00e3o de uma reserva financeira.<\/span><\/p>\n<p><span style=\"font-weight: 400;\">Mesmo que a empresa mantenha excelentes rela\u00e7\u00f5es com os seus trabalhadores e siga todas as leis, imprevistos podem acontecer.<\/span><\/p>\n<p><span style=\"font-weight: 400;\">\u00c9 importante que o neg\u00f3cio esteja preparado para eles, possuindo meios de arcar com as suas d\u00edvidas.<\/span><\/p>\n<h2><span style=\"font-weight: 400;\">Como calcular passivo trabalhista?<\/span><\/h2>\n<p><span style=\"font-weight: 400;\">Voc\u00ea j\u00e1 sabe o que s\u00e3o os passivos trabalhistas, quais s\u00e3o os seus principais tipos e como evit\u00e1-los, \u00e9 hora de saber como calcular esse importante dado.<\/span><\/p>\n<p><span style=\"font-weight: 400;\">Existem 3 maneiras principais de realizar essa a\u00e7\u00e3o:<\/span><\/p>\n<ul>\n<li style=\"font-weight: 400;\" aria-level=\"1\"><span style=\"font-weight: 400;\">Atrav\u00e9s de ferramentas pr\u00f3prias: voc\u00ea pode encontrar softwares que prometem facilitar o c\u00e1lculo dos passivos trabalhistas, de maneira automatizada eles trazem os dados necess\u00e1rios para saber qual \u00e9 o montante das d\u00edvidas;<\/span><\/li>\n<li style=\"font-weight: 400;\" aria-level=\"1\"><span style=\"font-weight: 400;\">C\u00e1lculo terceirizado: outra parte dos passivos trabalhistas que pode ser terceirizada \u00e9 o seu c\u00e1lculo. Empresas de contabilidade podem ajudar nesse momento, atuando com o setor jur\u00eddico na hora de responder aos processos e estabelecer os meios de pagamento;<\/span><\/li>\n<li style=\"font-weight: 400;\" aria-level=\"1\"><span style=\"font-weight: 400;\">C\u00e1lculo manual: empresas de pequeno e m\u00e9dio porte podem realizar o c\u00e1lculo dos passivos trabalhistas de maneira manual, tomado cuidado para n\u00e3o se perder nas contas e deixar escapar algumas d\u00edvidas.<\/span><\/li>\n<\/ul>\n<h2><span style=\"font-weight: 400;\">Cuide das suas rela\u00e7\u00f5es com os colaboradores<\/span><\/h2>\n<p><span style=\"font-weight: 400;\">Os passivos trabalhistas s\u00e3o despesas que n\u00e3o precisam fazer parte da realidade da empresa.<\/span><\/p>\n<p><span style=\"font-weight: 400;\">Para isso, \u00e9 necess\u00e1rio investir no seu combate, garantindo boas condi\u00e7\u00f5es de trabalho e o seguimento das leis.<\/span><\/p>\n<p><span style=\"font-weight: 400;\">Se voc\u00ea deseja aprimorar o seu conhecimento sobre gest\u00e3o empresarial, n\u00e3o deixe de conferir outros artigos como esse no <\/span><a target=\"_blank\" href=\"https:\/\/www.oitchau.com.br\/blog\/\" rel=\"noopener\"><span style=\"font-weight: 400;\">blog da Oitchau<\/span><\/a><span style=\"font-weight: 400;\">.<\/span><\/p>\n","protected":false},"excerpt":{"rendered":"<p>Manter uma empresa requer muitos cuidados, entre eles, a manuten\u00e7\u00e3o de boas rela\u00e7\u00f5es trabalhistas, garantindo que os contratos elaborados com cada colaborador sejam respeitados e que as leis seguidas, caso contr\u00e1rio a marca pode se ver meio a um turbilh\u00e3o de passivos trabalhistas. Para evit\u00e1-los, \u00e9 necess\u00e1rio que a empresa, junto aos seus setores Jur\u00eddico [&hellip;]<\/p>\n","protected":false},"author":16,"featured_media":36067,"comment_status":"closed","ping_status":"open","sticky":false,"template":"","format":"standard","meta":{"content-type":"","footnotes":""},"categories":[17657],"tags":[],"yoast_head":"<!-- This site is optimized with the Yoast SEO Premium plugin v22.2 (Yoast SEO v22.2) - https:\/\/yoast.com\/wordpress\/plugins\/seo\/ -->\n<title>Passivos trabalhistas: o que fazer para evit\u00e1-los? - Oitchau<\/title>\n<meta name=\"description\" content=\"Saiba o que s\u00e3o passivos trabalhistas, os seus principais causadores e quais medidas a empresa pode tomar para que eles n\u00e3o atrapalhem suas finan\u00e7as.\" \/>\n<meta name=\"robots\" content=\"index, follow, max-snippet:-1, max-image-preview:large, max-video-preview:-1\" \/>\n<link rel=\"canonical\" href=\"https:\/\/www.oitchau.com.br\/blog\/passivos-trabalhistas\/\" \/>\n<meta property=\"og:locale\" content=\"pt_BR\" \/>\n<meta property=\"og:type\" content=\"article\" \/>\n<meta property=\"og:title\" content=\"Passivos trabalhistas: o que s\u00e3o e como evit\u00e1-los\" \/>\n<meta property=\"og:description\" content=\"Saiba o que s\u00e3o passivos trabalhistas, os seus principais causadores e quais medidas a empresa pode tomar para que eles n\u00e3o atrapalhem suas finan\u00e7as.\" \/>\n<meta property=\"og:url\" content=\"https:\/\/www.oitchau.com.br\/blog\/passivos-trabalhistas\/\" \/>\n<meta property=\"og:site_name\" content=\"Controle de Ponto &amp; Timesheets\" \/>\n<meta property=\"article:publisher\" content=\"https:\/\/www.facebook.com\/oitchaubr\/\" \/>\n<meta property=\"article:published_time\" content=\"2022-09-21T14:46:45+00:00\" \/>\n<meta property=\"article:modified_time\" content=\"2024-08-22T18:45:21+00:00\" \/>\n<meta property=\"og:image\" content=\"https:\/\/storage.googleapis.com\/oitchaublog\/2022\/09\/f2222995-passivos-trabalhistas.png\" \/>\n\t<meta property=\"og:image:width\" content=\"1982\" \/>\n\t<meta property=\"og:image:height\" content=\"800\" \/>\n\t<meta property=\"og:image:type\" content=\"image\/png\" \/>\n<meta name=\"author\" content=\"Julia Neves\" \/>\n<meta name=\"twitter:card\" content=\"summary_large_image\" \/>\n<meta name=\"twitter:creator\" content=\"@oitchaubr\" \/>\n<meta name=\"twitter:site\" content=\"@oitchaubr\" \/>\n<meta name=\"twitter:label1\" content=\"Written by\" \/>\n\t<meta name=\"twitter:data1\" content=\"Julia Neves\" \/>\n\t<meta name=\"twitter:label2\" content=\"Est. reading time\" \/>\n\t<meta name=\"twitter:data2\" content=\"12 minutos\" \/>\n<script type=\"application\/ld+json\" class=\"yoast-schema-graph\">{\"@context\":\"https:\/\/schema.org\",\"@graph\":[{\"@type\":[\"Article\",\"BlogPosting\"],\"@id\":\"https:\/\/www.oitchau.com.br\/blog\/passivos-trabalhistas\/#article\",\"isPartOf\":{\"@id\":\"https:\/\/www.oitchau.com.br\/blog\/passivos-trabalhistas\/\"},\"author\":{\"name\":\"Julia Neves\",\"@id\":\"https:\/\/www.oitchau.com.br\/blog\/#\/schema\/person\/2d537dd5d364d6364dbe306bf11644f3\"},\"headline\":\"Passivos trabalhistas: o que s\u00e3o e como evit\u00e1-los\",\"datePublished\":\"2022-09-21T14:46:45+00:00\",\"dateModified\":\"2024-08-22T18:45:21+00:00\",\"mainEntityOfPage\":{\"@id\":\"https:\/\/www.oitchau.com.br\/blog\/passivos-trabalhistas\/\"},\"wordCount\":2277,\"publisher\":{\"@id\":\"https:\/\/www.oitchau.com.br\/blog\/#organization\"},\"image\":{\"@id\":\"https:\/\/www.oitchau.com.br\/blog\/passivos-trabalhistas\/#primaryimage\"},\"thumbnailUrl\":\"https:\/\/storage.googleapis.com\/oitchaublog\/2022\/09\/f2222995-passivos-trabalhistas.png\",\"articleSection\":[\"Gest\u00e3o empresarial\"],\"inLanguage\":\"pt-BR\"},{\"@type\":\"WebPage\",\"@id\":\"https:\/\/www.oitchau.com.br\/blog\/passivos-trabalhistas\/\",\"url\":\"https:\/\/www.oitchau.com.br\/blog\/passivos-trabalhistas\/\",\"name\":\"Passivos trabalhistas: o que fazer para evit\u00e1-los? - Oitchau\",\"isPartOf\":{\"@id\":\"https:\/\/www.oitchau.com.br\/blog\/#website\"},\"primaryImageOfPage\":{\"@id\":\"https:\/\/www.oitchau.com.br\/blog\/passivos-trabalhistas\/#primaryimage\"},\"image\":{\"@id\":\"https:\/\/www.oitchau.com.br\/blog\/passivos-trabalhistas\/#primaryimage\"},\"thumbnailUrl\":\"https:\/\/storage.googleapis.com\/oitchaublog\/2022\/09\/f2222995-passivos-trabalhistas.png\",\"datePublished\":\"2022-09-21T14:46:45+00:00\",\"dateModified\":\"2024-08-22T18:45:21+00:00\",\"description\":\"Saiba o que s\u00e3o passivos trabalhistas, os seus principais causadores e quais medidas a empresa pode tomar para que eles n\u00e3o atrapalhem suas finan\u00e7as.\",\"breadcrumb\":{\"@id\":\"https:\/\/www.oitchau.com.br\/blog\/passivos-trabalhistas\/#breadcrumb\"},\"inLanguage\":\"pt-BR\",\"potentialAction\":[{\"@type\":\"ReadAction\",\"target\":[\"https:\/\/www.oitchau.com.br\/blog\/passivos-trabalhistas\/\"]}]},{\"@type\":\"ImageObject\",\"inLanguage\":\"pt-BR\",\"@id\":\"https:\/\/www.oitchau.com.br\/blog\/passivos-trabalhistas\/#primaryimage\",\"url\":\"https:\/\/storage.googleapis.com\/oitchaublog\/2022\/09\/f2222995-passivos-trabalhistas.png\",\"contentUrl\":\"https:\/\/storage.googleapis.com\/oitchaublog\/2022\/09\/f2222995-passivos-trabalhistas.png\",\"width\":1982,\"height\":800,\"caption\":\"passivos trabalhistas\"},{\"@type\":\"BreadcrumbList\",\"@id\":\"https:\/\/www.oitchau.com.br\/blog\/passivos-trabalhistas\/#breadcrumb\",\"itemListElement\":[{\"@type\":\"ListItem\",\"position\":1,\"name\":\"Blog\",\"item\":\"https:\/\/www.oitchau.com.br\/blog\/\"},{\"@type\":\"ListItem\",\"position\":2,\"name\":\"Passivos trabalhistas: o que s\u00e3o e como evit\u00e1-los\"}]},{\"@type\":\"WebSite\",\"@id\":\"https:\/\/www.oitchau.com.br\/blog\/#website\",\"url\":\"https:\/\/www.oitchau.com.br\/blog\/\",\"name\":\"Controle de Ponto & Timesheets\",\"description\":\"\",\"publisher\":{\"@id\":\"https:\/\/www.oitchau.com.br\/blog\/#organization\"},\"potentialAction\":[{\"@type\":\"SearchAction\",\"target\":{\"@type\":\"EntryPoint\",\"urlTemplate\":\"https:\/\/www.oitchau.com.br\/blog\/?s={search_term_string}\"},\"query-input\":\"required name=search_term_string\"}],\"inLanguage\":\"pt-BR\"},{\"@type\":\"Organization\",\"@id\":\"https:\/\/www.oitchau.com.br\/blog\/#organization\",\"name\":\"Oitchau\",\"url\":\"https:\/\/www.oitchau.com.br\/blog\/\",\"logo\":{\"@type\":\"ImageObject\",\"inLanguage\":\"pt-BR\",\"@id\":\"https:\/\/www.oitchau.com.br\/blog\/#\/schema\/logo\/image\/\",\"url\":\"https:\/\/storage.googleapis.com\/oitchaublog\/2024\/03\/a0e65c6f-design-sem-nome-20.png\",\"contentUrl\":\"https:\/\/storage.googleapis.com\/oitchaublog\/2024\/03\/a0e65c6f-design-sem-nome-20.png\",\"width\":696,\"height\":696,\"caption\":\"Oitchau\"},\"image\":{\"@id\":\"https:\/\/www.oitchau.com.br\/blog\/#\/schema\/logo\/image\/\"},\"sameAs\":[\"https:\/\/www.facebook.com\/oitchaubr\/\",\"https:\/\/twitter.com\/oitchaubr\",\"https:\/\/instagram.com\/oitchaubr\"],\"description\":\"A Oitchau \u00e9 uma solu\u00e7\u00e3o completa para gest\u00e3o de tempo dos colaboradores, atrav\u00e9s de suas solu\u00e7\u00f5es de controle de ponto & timesheets, ela permite que gestores, RH e DP possam gerenciar desde a jornada de trabalho de funcion\u00e1rios at\u00e9 a gest\u00e3o de tempo em projetos. Elevando o n\u00edvel estrat\u00e9gico do neg\u00f3cio de forma inteligente e assertiva, potencializando seus resultados e garantindo compliance com a Lei.\",\"email\":\"contato@oitchau.com.br\",\"telephone\":\"+551142102846\",\"foundingDate\":\"2016-01-01\",\"numberOfEmployees\":{\"@type\":\"QuantitativeValue\",\"minValue\":\"51\",\"maxValue\":\"200\"}},{\"@type\":\"Person\",\"@id\":\"https:\/\/www.oitchau.com.br\/blog\/#\/schema\/person\/2d537dd5d364d6364dbe306bf11644f3\",\"name\":\"Julia Neves\",\"url\":\"https:\/\/www.oitchau.com.br\/blog\/author\/julia\/\"}]}<\/script>\n<!-- \/ Yoast SEO Premium plugin. -->","yoast_head_json":{"title":"Passivos trabalhistas: o que fazer para evit\u00e1-los? - Oitchau","description":"Saiba o que s\u00e3o passivos trabalhistas, os seus principais causadores e quais medidas a empresa pode tomar para que eles n\u00e3o atrapalhem suas finan\u00e7as.","robots":{"index":"index","follow":"follow","max-snippet":"max-snippet:-1","max-image-preview":"max-image-preview:large","max-video-preview":"max-video-preview:-1"},"canonical":"https:\/\/www.oitchau.com.br\/blog\/passivos-trabalhistas\/","og_locale":"pt_BR","og_type":"article","og_title":"Passivos trabalhistas: o que s\u00e3o e como evit\u00e1-los","og_description":"Saiba o que s\u00e3o passivos trabalhistas, os seus principais causadores e quais medidas a empresa pode tomar para que eles n\u00e3o atrapalhem suas finan\u00e7as.","og_url":"https:\/\/www.oitchau.com.br\/blog\/passivos-trabalhistas\/","og_site_name":"Controle de Ponto &amp; Timesheets","article_publisher":"https:\/\/www.facebook.com\/oitchaubr\/","article_published_time":"2022-09-21T14:46:45+00:00","article_modified_time":"2024-08-22T18:45:21+00:00","og_image":[{"width":1982,"height":800,"url":"https:\/\/storage.googleapis.com\/oitchaublog\/2022\/09\/f2222995-passivos-trabalhistas.png","type":"image\/png"}],"author":"Julia Neves","twitter_card":"summary_large_image","twitter_creator":"@oitchaubr","twitter_site":"@oitchaubr","twitter_misc":{"Written by":"Julia Neves","Est. reading time":"12 minutos"},"schema":{"@context":"https:\/\/schema.org","@graph":[{"@type":["Article","BlogPosting"],"@id":"https:\/\/www.oitchau.com.br\/blog\/passivos-trabalhistas\/#article","isPartOf":{"@id":"https:\/\/www.oitchau.com.br\/blog\/passivos-trabalhistas\/"},"author":{"name":"Julia Neves","@id":"https:\/\/www.oitchau.com.br\/blog\/#\/schema\/person\/2d537dd5d364d6364dbe306bf11644f3"},"headline":"Passivos trabalhistas: o que s\u00e3o e como evit\u00e1-los","datePublished":"2022-09-21T14:46:45+00:00","dateModified":"2024-08-22T18:45:21+00:00","mainEntityOfPage":{"@id":"https:\/\/www.oitchau.com.br\/blog\/passivos-trabalhistas\/"},"wordCount":2277,"publisher":{"@id":"https:\/\/www.oitchau.com.br\/blog\/#organization"},"image":{"@id":"https:\/\/www.oitchau.com.br\/blog\/passivos-trabalhistas\/#primaryimage"},"thumbnailUrl":"https:\/\/storage.googleapis.com\/oitchaublog\/2022\/09\/f2222995-passivos-trabalhistas.png","articleSection":["Gest\u00e3o empresarial"],"inLanguage":"pt-BR"},{"@type":"WebPage","@id":"https:\/\/www.oitchau.com.br\/blog\/passivos-trabalhistas\/","url":"https:\/\/www.oitchau.com.br\/blog\/passivos-trabalhistas\/","name":"Passivos trabalhistas: o que fazer para evit\u00e1-los? - Oitchau","isPartOf":{"@id":"https:\/\/www.oitchau.com.br\/blog\/#website"},"primaryImageOfPage":{"@id":"https:\/\/www.oitchau.com.br\/blog\/passivos-trabalhistas\/#primaryimage"},"image":{"@id":"https:\/\/www.oitchau.com.br\/blog\/passivos-trabalhistas\/#primaryimage"},"thumbnailUrl":"https:\/\/storage.googleapis.com\/oitchaublog\/2022\/09\/f2222995-passivos-trabalhistas.png","datePublished":"2022-09-21T14:46:45+00:00","dateModified":"2024-08-22T18:45:21+00:00","description":"Saiba o que s\u00e3o passivos trabalhistas, os seus principais causadores e quais medidas a empresa pode tomar para que eles n\u00e3o atrapalhem suas finan\u00e7as.","breadcrumb":{"@id":"https:\/\/www.oitchau.com.br\/blog\/passivos-trabalhistas\/#breadcrumb"},"inLanguage":"pt-BR","potentialAction":[{"@type":"ReadAction","target":["https:\/\/www.oitchau.com.br\/blog\/passivos-trabalhistas\/"]}]},{"@type":"ImageObject","inLanguage":"pt-BR","@id":"https:\/\/www.oitchau.com.br\/blog\/passivos-trabalhistas\/#primaryimage","url":"https:\/\/storage.googleapis.com\/oitchaublog\/2022\/09\/f2222995-passivos-trabalhistas.png","contentUrl":"https:\/\/storage.googleapis.com\/oitchaublog\/2022\/09\/f2222995-passivos-trabalhistas.png","width":1982,"height":800,"caption":"passivos trabalhistas"},{"@type":"BreadcrumbList","@id":"https:\/\/www.oitchau.com.br\/blog\/passivos-trabalhistas\/#breadcrumb","itemListElement":[{"@type":"ListItem","position":1,"name":"Blog","item":"https:\/\/www.oitchau.com.br\/blog\/"},{"@type":"ListItem","position":2,"name":"Passivos trabalhistas: o que s\u00e3o e como evit\u00e1-los"}]},{"@type":"WebSite","@id":"https:\/\/www.oitchau.com.br\/blog\/#website","url":"https:\/\/www.oitchau.com.br\/blog\/","name":"Controle de Ponto & Timesheets","description":"","publisher":{"@id":"https:\/\/www.oitchau.com.br\/blog\/#organization"},"potentialAction":[{"@type":"SearchAction","target":{"@type":"EntryPoint","urlTemplate":"https:\/\/www.oitchau.com.br\/blog\/?s={search_term_string}"},"query-input":"required name=search_term_string"}],"inLanguage":"pt-BR"},{"@type":"Organization","@id":"https:\/\/www.oitchau.com.br\/blog\/#organization","name":"Oitchau","url":"https:\/\/www.oitchau.com.br\/blog\/","logo":{"@type":"ImageObject","inLanguage":"pt-BR","@id":"https:\/\/www.oitchau.com.br\/blog\/#\/schema\/logo\/image\/","url":"https:\/\/storage.googleapis.com\/oitchaublog\/2024\/03\/a0e65c6f-design-sem-nome-20.png","contentUrl":"https:\/\/storage.googleapis.com\/oitchaublog\/2024\/03\/a0e65c6f-design-sem-nome-20.png","width":696,"height":696,"caption":"Oitchau"},"image":{"@id":"https:\/\/www.oitchau.com.br\/blog\/#\/schema\/logo\/image\/"},"sameAs":["https:\/\/www.facebook.com\/oitchaubr\/","https:\/\/twitter.com\/oitchaubr","https:\/\/instagram.com\/oitchaubr"],"description":"A Oitchau \u00e9 uma solu\u00e7\u00e3o completa para gest\u00e3o de tempo dos colaboradores, atrav\u00e9s de suas solu\u00e7\u00f5es de controle de ponto & timesheets, ela permite que gestores, RH e DP possam gerenciar desde a jornada de trabalho de funcion\u00e1rios at\u00e9 a gest\u00e3o de tempo em projetos. Elevando o n\u00edvel estrat\u00e9gico do neg\u00f3cio de forma inteligente e assertiva, potencializando seus resultados e garantindo compliance com a Lei.","email":"contato@oitchau.com.br","telephone":"+551142102846","foundingDate":"2016-01-01","numberOfEmployees":{"@type":"QuantitativeValue","minValue":"51","maxValue":"200"}},{"@type":"Person","@id":"https:\/\/www.oitchau.com.br\/blog\/#\/schema\/person\/2d537dd5d364d6364dbe306bf11644f3","name":"Julia Neves","url":"https:\/\/www.oitchau.com.br\/blog\/author\/julia\/"}]}},"_links":{"self":[{"href":"https:\/\/www.oitchau.com.br\/blog\/wp-json\/wp\/v2\/posts\/26003"}],"collection":[{"href":"https:\/\/www.oitchau.com.br\/blog\/wp-json\/wp\/v2\/posts"}],"about":[{"href":"https:\/\/www.oitchau.com.br\/blog\/wp-json\/wp\/v2\/types\/post"}],"author":[{"embeddable":true,"href":"https:\/\/www.oitchau.com.br\/blog\/wp-json\/wp\/v2\/users\/16"}],"replies":[{"embeddable":true,"href":"https:\/\/www.oitchau.com.br\/blog\/wp-json\/wp\/v2\/comments?post=26003"}],"version-history":[{"count":1,"href":"https:\/\/www.oitchau.com.br\/blog\/wp-json\/wp\/v2\/posts\/26003\/revisions"}],"predecessor-version":[{"id":36068,"href":"https:\/\/www.oitchau.com.br\/blog\/wp-json\/wp\/v2\/posts\/26003\/revisions\/36068"}],"wp:featuredmedia":[{"embeddable":true,"href":"https:\/\/www.oitchau.com.br\/blog\/wp-json\/wp\/v2\/media\/36067"}],"wp:attachment":[{"href":"https:\/\/www.oitchau.com.br\/blog\/wp-json\/wp\/v2\/media?parent=26003"}],"wp:term":[{"taxonomy":"category","embeddable":true,"href":"https:\/\/www.oitchau.com.br\/blog\/wp-json\/wp\/v2\/categories?post=26003"},{"taxonomy":"post_tag","embeddable":true,"href":"https:\/\/www.oitchau.com.br\/blog\/wp-json\/wp\/v2\/tags?post=26003"}],"curies":[{"name":"wp","href":"https:\/\/api.w.org\/{rel}","templated":true}]}}