{"id":25448,"date":"2022-08-26T16:59:22","date_gmt":"2022-08-26T13:59:22","guid":{"rendered":"https:\/\/www.oitchau.com.br\/blog\/?p=25448"},"modified":"2024-08-22T16:33:29","modified_gmt":"2024-08-22T13:33:29","slug":"autonomia-no-trabalho","status":"publish","type":"post","link":"https:\/\/www.oitchau.com.br\/blog\/autonomia-no-trabalho\/","title":{"rendered":"Autonomia no trabalho: entenda como a liberdade do profissional beneficia a sua empresa"},"content":{"rendered":"<p><span style=\"font-weight: 400;\">A autonomia no trabalho \u00e9 um assunto que ganhou mais relev\u00e2ncia nos \u00faltimos anos. <\/span><\/p>\n<p><span style=\"font-weight: 400;\">Isso decorre de uma nova postura do mercado perante ele, bem como pelo reconhecimento dos benef\u00edcios que a aplica\u00e7\u00e3o pr\u00e1tica dele oferece \u00e0s corpora\u00e7\u00f5es.<\/span><\/p>\n<p><span style=\"font-weight: 400;\">Ter colaboradores que trabalham com autonomia pode trazer muitos bons frutos \u00e0s empresas, inclusive no que diz respeito \u00e0 produtividade e \u00e0 reten\u00e7\u00e3o de talentos.<\/span><\/p>\n<p><span data-sheets-value=\"{&quot;1&quot;:2,&quot;2&quot;:&quot;\n\t\t&lt;!--HubSpot Call-to-Action Code --&gt;\n\t\t&lt;span class=&quot;hs-cta-wrapper&quot; id=&quot;hs-cta-wrapper-2d58bf85-20cb-45a8-b326-b8b7f3d549ea&quot;&gt;\n\t\t&lt;span class=&quot;hs-cta-node hs-cta-2d58bf85-20cb-45a8-b326-b8b7f3d549ea&quot; id=&quot;2d58bf85-20cb-45a8-b326-b8b7f3d549ea&quot;&gt;\n\t\t&lt;!--[if lte IE 8]&gt;\n\t\t&lt;div id=&quot;hs-cta-ie-element&quot;&gt;&lt;\/div&gt;\n\t\t&lt;![endif]--&gt;\n\t\t&lt;a href=&quot;https:\/\/cta-redirect.hubspot.com\/cta\/redirect\/20984162\/2d58bf85-20cb-45a8-b326-b8b7f3d549ea&quot; &gt;\n\t\t&lt;img class=&quot;hs-cta-img&quot; id=&quot;hs-cta-img-2d58bf85-20cb-45a8-b326-b8b7f3d549ea&quot; style=&quot;border-width:0px;&quot; src=&quot;https:\/\/no-cache.hubspot.com\/cta\/default\/20984162\/2d58bf85-20cb-45a8-b326-b8b7f3d549ea.png&quot;  alt=&quot;New call-to-action&quot;\/&gt;\n\t\t&lt;\/a&gt;\n\t\t&lt;\/span&gt;\n\t\t&lt;script charset=&quot;utf-8&quot; src=&quot;\/\/js.hubspot.com\/cta\/current.js&quot;&gt;&lt;\/script&gt;\n\t\t&lt;script&gt;\n\t\thbspt.cta.load(20984162, &#039;2d58bf85-20cb-45a8-b326-b8b7f3d549ea&#039;, {});\n\t\t&lt;\/script&gt;\n\t\t&lt;\/span&gt;\n\t\t&lt;!-- end HubSpot Call-to-Action Code --&gt;\n\t\t&quot;}\" data-sheets-userformat=\"{&quot;2&quot;:899,&quot;3&quot;:{&quot;1&quot;:0},&quot;4&quot;:{&quot;1&quot;:2,&quot;2&quot;:16777215},&quot;10&quot;:1,&quot;11&quot;:4,&quot;12&quot;:0}\">\n\t\t<!--HubSpot Call-to-Action Code -->\n\t\t<span class=\"hs-cta-wrapper\" id=\"hs-cta-wrapper-2d58bf85-20cb-45a8-b326-b8b7f3d549ea\">\n\t\t<span class=\"hs-cta-node hs-cta-2d58bf85-20cb-45a8-b326-b8b7f3d549ea\" id=\"2d58bf85-20cb-45a8-b326-b8b7f3d549ea\">\n\t\t<!--[if lte IE 8]>\n\t\t<div id=\"hs-cta-ie-element\"><\/div>\n\t\t<![endif]-->\n\t\t<a href=\"https:\/\/cta-redirect.hubspot.com\/cta\/redirect\/20984162\/2d58bf85-20cb-45a8-b326-b8b7f3d549ea\" >\n\t\t<img decoding=\"async\" class=\"hs-cta-img\" id=\"hs-cta-img-2d58bf85-20cb-45a8-b326-b8b7f3d549ea\" style=\"border-width:0px;\" src=\"https:\/\/no-cache.hubspot.com\/cta\/default\/20984162\/2d58bf85-20cb-45a8-b326-b8b7f3d549ea.png\"  alt=\"New call-to-action\"\/>\n\t\t<\/a>\n\t\t<\/span>\n\t\t<script charset=\"utf-8\" src=\"\/\/js.hubspot.com\/cta\/current.js\"><\/script>\n\t\t<script>\n\t\thbspt.cta.load(20984162, '2d58bf85-20cb-45a8-b326-b8b7f3d549ea', {});\n\t\t<\/script>\n\t\t<\/span>\n\t\t<!-- end HubSpot Call-to-Action Code -->\n\t\t<\/span><\/p>\n<p><span style=\"font-weight: 400;\">Mas o que faz dela t\u00e3o importante e como ela opera tais efeitos?<\/span><\/p>\n<p><span style=\"font-weight: 400;\">As respostas para essas perguntas \u00e9 o que voc\u00ea confere neste artigo. <\/span><\/p>\n<p><span style=\"font-weight: 400;\">Conhe\u00e7a as vantagens de promover a autonomia dentro da sua empresa e, tamb\u00e9m, dicas de como coloc\u00e1-la em pr\u00e1tica. Assim, veja bons resultados virarem uma realidade constante.<\/span><\/p>\n<h2><strong>O que \u00e9 autonomia no trabalho?<\/strong><\/h2>\n<p><span style=\"font-weight: 400;\">Dizer que uma empresa d\u00e1 autonomia aos colaboradores \u00e9 dizer que eles t\u00eam a liberdade de prestar suas atividades como melhor acharem. <\/span><\/p>\n<p><span style=\"font-weight: 400;\">Nesse caso, seguem premissas relacionadas \u00e0 experi\u00eancia e conhecimento na \u00e1rea, mas s\u00e3o aptos a organizar a execu\u00e7\u00e3o.<\/span><\/p>\n<p><span style=\"font-weight: 400;\">Em outras palavras, quando falamos de autonomia no trabalho estamos nos referindo \u00e0s equipes cujos colaboradores conseguem tomar decis\u00f5es sobre as suas atividades di\u00e1rias. <\/span><\/p>\n<p><span style=\"font-weight: 400;\">Al\u00e9m disso, a capacidade de se antever a problemas e resolv\u00ea-los antecipadamente.<\/span><\/p>\n<p><span style=\"font-weight: 400;\">Desse modo, uma empresa que adota esse tipo de liberdade para o colaborador n\u00e3o depende de ordens constantes, nem de autoriza\u00e7\u00e3o para organizar e executar as atividades sob a sua responsabilidade.<\/span><\/p>\n<h2><strong>Como se caracteriza um ambiente de trabalho aut\u00f4nomo?<\/strong><\/h2>\n<p><span style=\"font-weight: 400;\">Um ambiente de trabalho que pratica a autonomia se caracteriza pelos colaboradores tomando a dianteira para solucionar problemas. <\/span><\/p>\n<p><span style=\"font-weight: 400;\">Tamb\u00e9m, para organizar, priorizar e executar suas atividades.<\/span><\/p>\n<p><span style=\"font-weight: 400;\">Desse modo, elimina-se a necessidade de autoriza\u00e7\u00f5es constantes. <\/span><\/p>\n<p><span style=\"font-weight: 400;\">Igualmente, permite-se ao colaborador praticar seus conhecimentos e experi\u00eancias, o que pode ser bastante enriquecedor para a empresa como um todo.<\/span><\/p>\n<p><span style=\"font-weight: 400;\">Portanto, nada mais \u00e9 do que um ambiente em que a pr\u00f3 atividade passa de express\u00e3o comum para uma pr\u00e1tica.<\/span><\/p>\n<h3><strong>Falta de autonomia \u00e9 prejudicial \u00e0s empresas<\/strong><\/h3>\n<p><span style=\"font-weight: 400;\">A autonomia nas empresas pode trazer muitos benef\u00edcios. <\/span><\/p>\n<p><span style=\"font-weight: 400;\">Ali\u00e1s, saiba que a n\u00e3o promo\u00e7\u00e3o dela \u00e9 prejudicial. Ou seja, n\u00e3o apenas \u00e9 interessante coloc\u00e1-la em pr\u00e1tica pelas vantagens que oferta, mas tamb\u00e9m porque sua aus\u00eancia \u00e9 negativa.<\/span><\/p>\n<p><span style=\"font-weight: 400;\">Confira alguns dos problemas que acompanham a aus\u00eancia de autonomia nas empresas:<\/span><\/p>\n<ul>\n<li style=\"font-weight: 400;\" aria-level=\"1\"><span style=\"font-weight: 400;\">Queda de produtividade;<\/span><\/li>\n<li style=\"font-weight: 400;\" aria-level=\"1\"><span style=\"font-weight: 400;\">Perda excessiva de tempo com atividades comuns;<\/span><\/li>\n<li style=\"font-weight: 400;\" aria-level=\"1\"><span style=\"font-weight: 400;\">Sobrecarregamento dos l\u00edderes;<\/span><\/li>\n<li style=\"font-weight: 400;\" aria-level=\"1\"><span style=\"font-weight: 400;\">Aumento da rotatividade;<\/span><\/li>\n<li style=\"font-weight: 400;\" aria-level=\"1\"><span style=\"font-weight: 400;\">Aus\u00eancia de confian\u00e7a;<\/span><\/li>\n<li style=\"font-weight: 400;\" aria-level=\"1\"><span style=\"font-weight: 400;\">Estagna\u00e7\u00e3o da empresa.<\/span><\/li>\n<\/ul>\n<h2><strong>Quais s\u00e3o os benef\u00edcios da autonomia no trabalho para as empresas e para os colaboradores?<\/strong><\/h2>\n<p><span style=\"font-weight: 400;\">Como visto acima, a aus\u00eancia de autonomia no ambiente profissional \u00e9 bastante prejudicial. <\/span><\/p>\n<p><span style=\"font-weight: 400;\">Ao mesmo tempo, coloc\u00e1-la em pr\u00e1tica n\u00e3o apenas soluciona os problemas decorrentes de sua falta, mas tamb\u00e9m traz novos benef\u00edcios. Saiba quais s\u00e3o eles!<\/span><\/p>\n<h3><strong>Economia de tempo<\/strong><\/h3>\n<p><span style=\"font-weight: 400;\">Pode parecer \u00f3bvio, mas \u00e9 importante ressaltar: a autonomia no trabalho promove a economia de tempo e o melhor uso dele. <\/span><\/p>\n<p><span style=\"font-weight: 400;\">Economizam-se minutos preciosos que seriam gastos em liga\u00e7\u00f5es para autoriza\u00e7\u00f5es ou direcionamento de ordens.<\/span><\/p>\n<p><span style=\"font-weight: 400;\">Igualmente, torna-se poss\u00edvel eliminar uma s\u00e9rie de reuni\u00f5es que s\u00e3o desnecess\u00e1rias e que s\u00e3o supridas quando se d\u00e1 ao colaborador a chance de que ele coloque em pr\u00e1tica seu conhecimento e experi\u00eancia.<\/span><\/p>\n<h3><strong>Senso de responsabilidade<\/strong><\/h3>\n<p><span style=\"font-weight: 400;\">A autonomia no trabalho tamb\u00e9m cria um senso de responsabilidade. <\/span><\/p>\n<p><span style=\"font-weight: 400;\">Afinal, o colaborador sabe exatamente quais s\u00e3o as suas atribui\u00e7\u00f5es e os problemas que podem decorrer delas. <\/span><\/p>\n<p><span style=\"font-weight: 400;\">Por isso, tamb\u00e9m as assume de maneira natural e procura evit\u00e1-las no futuro.<\/span><\/p>\n<h3><strong>Engajamento<\/strong><\/h3>\n<p><span style=\"font-weight: 400;\">Trabalhadores com autonomia na execu\u00e7\u00e3o das suas tarefas tamb\u00e9m s\u00e3o mais engajados. <\/span><\/p>\n<p><span style=\"font-weight: 400;\">Isso se d\u00e1 pelo reconhecimento da confian\u00e7a que a empresa deposita neles. Com isso, eles se sentem mais seguros em tomar decis\u00f5es, assim como se veem como parte da empresa.<\/span><\/p>\n<h3><strong>Produtividade<\/strong><\/h3>\n<p><span style=\"font-weight: 400;\">A produtividade tamb\u00e9m tende a aumentar quando a autonomia no trabalho \u00e9 uma realidade. <\/span><\/p>\n<p><span style=\"font-weight: 400;\">Isso resulta da soma de uma s\u00e9rie de fatores, tais como maior engajamento e menos perda de tempo.<\/span><\/p>\n<h3><strong>Novas ideias e solu\u00e7\u00f5es<\/strong><\/h3>\n<p><span style=\"font-weight: 400;\">Um dos pontos que mais revela a import\u00e2ncia da autonomia no trabalho \u00e9 que ela d\u00e1 aos colaboradores a chance de proporem novas solu\u00e7\u00f5es. <\/span><\/p>\n<p><span style=\"font-weight: 400;\">Eles podem se antever aos problemas, bem como solucion\u00e1-los de maneira isolada.<\/span><\/p>\n<p><span style=\"font-weight: 400;\">Com isso, encontram novas ideias que podem ser colocadas em pr\u00e1tica na empresa e melhorar v\u00e1rias quest\u00f5es operacionais. <\/span><\/p>\n<p><span style=\"font-weight: 400;\">Por isso, \u00e9 um modo de colocar o conhecimento deles em pr\u00e1tica e, com isso, colher bons resultados e novas resolu\u00e7\u00f5es na empresa.<\/span><\/p>\n<h3><strong>Diminui\u00e7\u00e3o do n\u00famero de problemas<\/strong><\/h3>\n<p><span style=\"font-weight: 400;\">Uma vez que os colaboradores t\u00eam liberdade de executar suas atividades da melhor forma que entenderem, eles tamb\u00e9m ganham mais intimidade com suas responsabilidades. <\/span><\/p>\n<p><span style=\"font-weight: 400;\">Isso lhes d\u00e1 arsenal suficiente para anteverem problemas e os solucionarem.<\/span><\/p>\n<p><span style=\"font-weight: 400;\">Com isso, obviamente a empresa se torna capaz de evitar problemas que poderiam criar diversos obst\u00e1culos para o desenvolvimento natural das atividades.<\/span><\/p>\n<h2><strong>Como promover a autonomia no trabalho?<\/strong><\/h2>\n<p><span style=\"font-weight: 400;\">Para isso a empresa pode tomar uma s\u00e9rie de cuidados. Conhe\u00e7a alguns deles e veja como a gest\u00e3o de pessoas pode promover a autonomia no ambiente de trabalho!<\/span><\/p>\n<h3><strong>Promova atividades que desenvolvam a criatividade<\/strong><\/h3>\n<p><span style=\"font-weight: 400;\">Uma \u00f3tima maneira de colocar a autonomia no trabalho em pr\u00e1tica \u00e9 fomentando a criatividade dos colaboradores. <\/span><\/p>\n<p><span style=\"font-weight: 400;\">Portanto, procure atividades que trabalhem a parte criativa dos colaboradores. Isso os ajudar\u00e1 no momento de tomadas de decis\u00f5es e solu\u00e7\u00f5es.<\/span><\/p>\n<h3><strong>Treinamento<\/strong><\/h3>\n<p><span style=\"font-weight: 400;\">Outra quest\u00e3o que \u00e9 bastante importante para que haja a promo\u00e7\u00e3o da autonomia no trabalho \u00e9 realizar treinamentos. <\/span><\/p>\n<p><span style=\"font-weight: 400;\">Com isso, voc\u00ea aumenta os conhecimentos dos colaboradores sobre a \u00e1rea em que est\u00e3o inseridos.<\/span><\/p>\n<p><span style=\"font-weight: 400;\">Ou seja, aumenta a base te\u00f3rica e pr\u00e1tica que eles possuem. <\/span><\/p>\n<p><span style=\"font-weight: 400;\">Desse modo, tornam-se mais preparados para encarar as responsabilidades das atividades que promovem diariamente. Tamb\u00e9m, tornam-se naturalmente aut\u00f4nomos.<\/span><\/p>\n<p><span data-sheets-value=\"{&quot;1&quot;:2,&quot;2&quot;:&quot;\n\t\t&lt;!--HubSpot Call-to-Action Code --&gt;\n\t\t&lt;span class=&quot;hs-cta-wrapper&quot; id=&quot;hs-cta-wrapper-c9b3d4d3-5a6e-401a-9bcf-f1e22b13c93f&quot;&gt;\n\t\t&lt;span class=&quot;hs-cta-node hs-cta-c9b3d4d3-5a6e-401a-9bcf-f1e22b13c93f&quot; id=&quot;c9b3d4d3-5a6e-401a-9bcf-f1e22b13c93f&quot;&gt;\n\t\t&lt;!--[if lte IE 8]&gt;\n\t\t&lt;div id=&quot;hs-cta-ie-element&quot;&gt;&lt;\/div&gt;\n\t\t&lt;![endif]--&gt;\n\t\t&lt;a href=&quot;https:\/\/cta-redirect.hubspot.com\/cta\/redirect\/20984162\/c9b3d4d3-5a6e-401a-9bcf-f1e22b13c93f&quot; &gt;\n\t\t&lt;img class=&quot;hs-cta-img&quot; id=&quot;hs-cta-img-c9b3d4d3-5a6e-401a-9bcf-f1e22b13c93f&quot; style=&quot;border-width:0px;&quot; src=&quot;https:\/\/no-cache.hubspot.com\/cta\/default\/20984162\/c9b3d4d3-5a6e-401a-9bcf-f1e22b13c93f.png&quot;  alt=&quot;New call-to-action&quot;\/&gt;\n\t\t&lt;\/a&gt;\n\t\t&lt;\/span&gt;\n\t\t&lt;script charset=&quot;utf-8&quot; src=&quot;\/\/js.hubspot.com\/cta\/current.js&quot;&gt;&lt;\/script&gt;\n\t\t&lt;script&gt;\n\t\thbspt.cta.load(20984162, &#039;c9b3d4d3-5a6e-401a-9bcf-f1e22b13c93f&#039;, {});\n\t\t&lt;\/script&gt;\n\t\t&lt;\/span&gt;\n\t\t&lt;!-- end HubSpot Call-to-Action Code --&gt;\n\t\t&quot;}\" data-sheets-userformat=\"{&quot;2&quot;:899,&quot;3&quot;:{&quot;1&quot;:0},&quot;4&quot;:{&quot;1&quot;:2,&quot;2&quot;:16777215},&quot;10&quot;:1,&quot;11&quot;:4,&quot;12&quot;:0}\">\n\t\t<!--HubSpot Call-to-Action Code -->\n\t\t<span class=\"hs-cta-wrapper\" id=\"hs-cta-wrapper-c9b3d4d3-5a6e-401a-9bcf-f1e22b13c93f\">\n\t\t<span class=\"hs-cta-node hs-cta-c9b3d4d3-5a6e-401a-9bcf-f1e22b13c93f\" id=\"c9b3d4d3-5a6e-401a-9bcf-f1e22b13c93f\">\n\t\t<!--[if lte IE 8]>\n\t\t<div id=\"hs-cta-ie-element\"><\/div>\n\t\t<![endif]-->\n\t\t<a href=\"https:\/\/cta-redirect.hubspot.com\/cta\/redirect\/20984162\/c9b3d4d3-5a6e-401a-9bcf-f1e22b13c93f\" >\n\t\t<img decoding=\"async\" class=\"hs-cta-img\" id=\"hs-cta-img-c9b3d4d3-5a6e-401a-9bcf-f1e22b13c93f\" style=\"border-width:0px;\" src=\"https:\/\/no-cache.hubspot.com\/cta\/default\/20984162\/c9b3d4d3-5a6e-401a-9bcf-f1e22b13c93f.png\"  alt=\"New call-to-action\"\/>\n\t\t<\/a>\n\t\t<\/span>\n\t\t<script charset=\"utf-8\" src=\"\/\/js.hubspot.com\/cta\/current.js\"><\/script>\n\t\t<script>\n\t\thbspt.cta.load(20984162, 'c9b3d4d3-5a6e-401a-9bcf-f1e22b13c93f', {});\n\t\t<\/script>\n\t\t<\/span>\n\t\t<!-- end HubSpot Call-to-Action Code -->\n\t\t<\/span><\/p>\n<h3><strong>Indicadores e metas<\/strong><\/h3>\n<p><span style=\"font-weight: 400;\">\u00c9 poss\u00edvel fazer uso de indicadores de desempenho e de metas coletivas &#8211; tra\u00e7adas junto aos colaboradores &#8211; para que haja o direcionamento do trabalho. <\/span><\/p>\n<p><span style=\"font-weight: 400;\">Isso, veja, n\u00e3o retira a autonomia dos colaboradores, apenas lhes d\u00e3o as bases sobre as quais trabalhar\u00e3o.<\/span><\/p>\n<h3><strong>Ponto eletr\u00f4nico digital Oitchau<\/strong><\/h3>\n<p><span style=\"font-weight: 400;\">Por fim, saiba que usar um <a href=\"https:\/\/www.oitchau.com.br\/blog\/sistema-de-ponto-eletronico-vantagens\/\">ponto eletr\u00f4nico<\/a> como o da Oitchau \u00e9 uma excelente forma de promover a autonomia dos colaboradores. <\/span><\/p>\n<p><span style=\"font-weight: 400;\">Com ele, \u00e9 poss\u00edvel permitir aos trabalhadores que cumpram a jornada contratual nos hor\u00e1rios que lhes forem melhores.<\/span><\/p>\n","protected":false},"excerpt":{"rendered":"<p>A autonomia no trabalho \u00e9 um assunto que ganhou mais relev\u00e2ncia nos \u00faltimos anos. Isso decorre de uma nova postura do mercado perante ele, bem como pelo reconhecimento dos benef\u00edcios que a aplica\u00e7\u00e3o pr\u00e1tica dele oferece \u00e0s corpora\u00e7\u00f5es. Ter colaboradores que trabalham com autonomia pode trazer muitos bons frutos \u00e0s empresas, inclusive no que diz [&hellip;]<\/p>\n","protected":false},"author":11,"featured_media":36003,"comment_status":"closed","ping_status":"open","sticky":false,"template":"","format":"standard","meta":{"content-type":"","footnotes":""},"categories":[17643],"tags":[17869,17870,240],"yoast_head":"<!-- This site is optimized with the Yoast SEO Premium plugin v22.2 (Yoast SEO v22.2) - https:\/\/yoast.com\/wordpress\/plugins\/seo\/ -->\n<title>Autonomia no trabalho: entenda como a liberdade do profissional beneficia a sua empresa | Oitchau<\/title>\n<meta name=\"description\" content=\"A autonomia no trabalho \u00e9 um assunto que ganhou mais relev\u00e2ncia nos \u00faltimos anos, devido as transforma\u00e7\u00f5es que ocorreram no mercado. Veja mais sobre isso!\" \/>\n<meta name=\"robots\" content=\"index, follow, max-snippet:-1, max-image-preview:large, max-video-preview:-1\" \/>\n<link rel=\"canonical\" href=\"https:\/\/www.oitchau.com.br\/blog\/autonomia-no-trabalho\/\" \/>\n<meta property=\"og:locale\" content=\"pt_BR\" \/>\n<meta property=\"og:type\" content=\"article\" \/>\n<meta property=\"og:title\" content=\"Autonomia no trabalho: entenda como a liberdade do profissional beneficia a sua empresa\" \/>\n<meta property=\"og:description\" content=\"A autonomia no trabalho \u00e9 um assunto que ganhou mais relev\u00e2ncia nos \u00faltimos anos, devido as transforma\u00e7\u00f5es que ocorreram no mercado. Veja mais sobre isso!\" \/>\n<meta property=\"og:url\" content=\"https:\/\/www.oitchau.com.br\/blog\/autonomia-no-trabalho\/\" \/>\n<meta property=\"og:site_name\" content=\"Controle de Ponto &amp; Timesheets\" \/>\n<meta property=\"article:publisher\" content=\"https:\/\/www.facebook.com\/oitchaubr\/\" \/>\n<meta property=\"article:published_time\" content=\"2022-08-26T13:59:22+00:00\" \/>\n<meta property=\"article:modified_time\" content=\"2024-08-22T13:33:29+00:00\" \/>\n<meta property=\"og:image\" content=\"https:\/\/storage.googleapis.com\/oitchaublog\/2022\/08\/7c37f22d-autonomia-no-trabalho.png\" \/>\n\t<meta property=\"og:image:width\" content=\"1982\" \/>\n\t<meta property=\"og:image:height\" content=\"800\" \/>\n\t<meta property=\"og:image:type\" content=\"image\/png\" \/>\n<meta name=\"author\" content=\"Aline Mesquita\" \/>\n<meta name=\"twitter:card\" content=\"summary_large_image\" \/>\n<meta name=\"twitter:creator\" content=\"@oitchaubr\" \/>\n<meta name=\"twitter:site\" content=\"@oitchaubr\" \/>\n<meta name=\"twitter:label1\" content=\"Written by\" \/>\n\t<meta name=\"twitter:data1\" content=\"Aline Mesquita\" \/>\n\t<meta name=\"twitter:label2\" content=\"Est. reading time\" \/>\n\t<meta name=\"twitter:data2\" content=\"6 minutos\" \/>\n<script type=\"application\/ld+json\" class=\"yoast-schema-graph\">{\"@context\":\"https:\/\/schema.org\",\"@graph\":[{\"@type\":[\"Article\",\"BlogPosting\"],\"@id\":\"https:\/\/www.oitchau.com.br\/blog\/autonomia-no-trabalho\/#article\",\"isPartOf\":{\"@id\":\"https:\/\/www.oitchau.com.br\/blog\/autonomia-no-trabalho\/\"},\"author\":{\"name\":\"Aline Mesquita\",\"@id\":\"https:\/\/www.oitchau.com.br\/blog\/#\/schema\/person\/40ba65f8664531ffe1465f6cb9d82430\"},\"headline\":\"Autonomia no trabalho: entenda como a liberdade do profissional beneficia a sua empresa\",\"datePublished\":\"2022-08-26T13:59:22+00:00\",\"dateModified\":\"2024-08-22T13:33:29+00:00\",\"mainEntityOfPage\":{\"@id\":\"https:\/\/www.oitchau.com.br\/blog\/autonomia-no-trabalho\/\"},\"wordCount\":1135,\"publisher\":{\"@id\":\"https:\/\/www.oitchau.com.br\/blog\/#organization\"},\"image\":{\"@id\":\"https:\/\/www.oitchau.com.br\/blog\/autonomia-no-trabalho\/#primaryimage\"},\"thumbnailUrl\":\"https:\/\/storage.googleapis.com\/oitchaublog\/2022\/08\/7c37f22d-autonomia-no-trabalho.png\",\"keywords\":[\"autonomia\",\"autonomia no trabalho\",\"recursos humanos\"],\"articleSection\":[\"Recursos Humanos\"],\"inLanguage\":\"pt-BR\"},{\"@type\":\"WebPage\",\"@id\":\"https:\/\/www.oitchau.com.br\/blog\/autonomia-no-trabalho\/\",\"url\":\"https:\/\/www.oitchau.com.br\/blog\/autonomia-no-trabalho\/\",\"name\":\"Autonomia no trabalho: entenda como a liberdade do profissional beneficia a sua empresa | Oitchau\",\"isPartOf\":{\"@id\":\"https:\/\/www.oitchau.com.br\/blog\/#website\"},\"primaryImageOfPage\":{\"@id\":\"https:\/\/www.oitchau.com.br\/blog\/autonomia-no-trabalho\/#primaryimage\"},\"image\":{\"@id\":\"https:\/\/www.oitchau.com.br\/blog\/autonomia-no-trabalho\/#primaryimage\"},\"thumbnailUrl\":\"https:\/\/storage.googleapis.com\/oitchaublog\/2022\/08\/7c37f22d-autonomia-no-trabalho.png\",\"datePublished\":\"2022-08-26T13:59:22+00:00\",\"dateModified\":\"2024-08-22T13:33:29+00:00\",\"description\":\"A autonomia no trabalho \u00e9 um assunto que ganhou mais relev\u00e2ncia nos \u00faltimos anos, devido as transforma\u00e7\u00f5es que ocorreram no mercado. Veja mais sobre isso!\",\"breadcrumb\":{\"@id\":\"https:\/\/www.oitchau.com.br\/blog\/autonomia-no-trabalho\/#breadcrumb\"},\"inLanguage\":\"pt-BR\",\"potentialAction\":[{\"@type\":\"ReadAction\",\"target\":[\"https:\/\/www.oitchau.com.br\/blog\/autonomia-no-trabalho\/\"]}]},{\"@type\":\"ImageObject\",\"inLanguage\":\"pt-BR\",\"@id\":\"https:\/\/www.oitchau.com.br\/blog\/autonomia-no-trabalho\/#primaryimage\",\"url\":\"https:\/\/storage.googleapis.com\/oitchaublog\/2022\/08\/7c37f22d-autonomia-no-trabalho.png\",\"contentUrl\":\"https:\/\/storage.googleapis.com\/oitchaublog\/2022\/08\/7c37f22d-autonomia-no-trabalho.png\",\"width\":1982,\"height\":800,\"caption\":\"autonomia no trabalho\"},{\"@type\":\"BreadcrumbList\",\"@id\":\"https:\/\/www.oitchau.com.br\/blog\/autonomia-no-trabalho\/#breadcrumb\",\"itemListElement\":[{\"@type\":\"ListItem\",\"position\":1,\"name\":\"Blog\",\"item\":\"https:\/\/www.oitchau.com.br\/blog\/\"},{\"@type\":\"ListItem\",\"position\":2,\"name\":\"Autonomia no trabalho: entenda como a liberdade do profissional beneficia a sua empresa\"}]},{\"@type\":\"WebSite\",\"@id\":\"https:\/\/www.oitchau.com.br\/blog\/#website\",\"url\":\"https:\/\/www.oitchau.com.br\/blog\/\",\"name\":\"Controle de Ponto & Timesheets\",\"description\":\"\",\"publisher\":{\"@id\":\"https:\/\/www.oitchau.com.br\/blog\/#organization\"},\"potentialAction\":[{\"@type\":\"SearchAction\",\"target\":{\"@type\":\"EntryPoint\",\"urlTemplate\":\"https:\/\/www.oitchau.com.br\/blog\/?s={search_term_string}\"},\"query-input\":\"required name=search_term_string\"}],\"inLanguage\":\"pt-BR\"},{\"@type\":\"Organization\",\"@id\":\"https:\/\/www.oitchau.com.br\/blog\/#organization\",\"name\":\"Oitchau\",\"url\":\"https:\/\/www.oitchau.com.br\/blog\/\",\"logo\":{\"@type\":\"ImageObject\",\"inLanguage\":\"pt-BR\",\"@id\":\"https:\/\/www.oitchau.com.br\/blog\/#\/schema\/logo\/image\/\",\"url\":\"https:\/\/storage.googleapis.com\/oitchaublog\/2024\/03\/a0e65c6f-design-sem-nome-20.png\",\"contentUrl\":\"https:\/\/storage.googleapis.com\/oitchaublog\/2024\/03\/a0e65c6f-design-sem-nome-20.png\",\"width\":696,\"height\":696,\"caption\":\"Oitchau\"},\"image\":{\"@id\":\"https:\/\/www.oitchau.com.br\/blog\/#\/schema\/logo\/image\/\"},\"sameAs\":[\"https:\/\/www.facebook.com\/oitchaubr\/\",\"https:\/\/twitter.com\/oitchaubr\",\"https:\/\/instagram.com\/oitchaubr\"],\"description\":\"A Oitchau \u00e9 uma solu\u00e7\u00e3o completa para gest\u00e3o de tempo dos colaboradores, atrav\u00e9s de suas solu\u00e7\u00f5es de controle de ponto & timesheets, ela permite que gestores, RH e DP possam gerenciar desde a jornada de trabalho de funcion\u00e1rios at\u00e9 a gest\u00e3o de tempo em projetos. Elevando o n\u00edvel estrat\u00e9gico do neg\u00f3cio de forma inteligente e assertiva, potencializando seus resultados e garantindo compliance com a Lei.\",\"email\":\"contato@oitchau.com.br\",\"telephone\":\"+551142102846\",\"foundingDate\":\"2016-01-01\",\"numberOfEmployees\":{\"@type\":\"QuantitativeValue\",\"minValue\":\"51\",\"maxValue\":\"200\"}},{\"@type\":\"Person\",\"@id\":\"https:\/\/www.oitchau.com.br\/blog\/#\/schema\/person\/40ba65f8664531ffe1465f6cb9d82430\",\"name\":\"Aline Mesquita\",\"url\":\"https:\/\/www.oitchau.com.br\/blog\/author\/aline\/\"}]}<\/script>\n<!-- \/ Yoast SEO Premium plugin. -->","yoast_head_json":{"title":"Autonomia no trabalho: entenda como a liberdade do profissional beneficia a sua empresa | Oitchau","description":"A autonomia no trabalho \u00e9 um assunto que ganhou mais relev\u00e2ncia nos \u00faltimos anos, devido as transforma\u00e7\u00f5es que ocorreram no mercado. Veja mais sobre isso!","robots":{"index":"index","follow":"follow","max-snippet":"max-snippet:-1","max-image-preview":"max-image-preview:large","max-video-preview":"max-video-preview:-1"},"canonical":"https:\/\/www.oitchau.com.br\/blog\/autonomia-no-trabalho\/","og_locale":"pt_BR","og_type":"article","og_title":"Autonomia no trabalho: entenda como a liberdade do profissional beneficia a sua empresa","og_description":"A autonomia no trabalho \u00e9 um assunto que ganhou mais relev\u00e2ncia nos \u00faltimos anos, devido as transforma\u00e7\u00f5es que ocorreram no mercado. Veja mais sobre isso!","og_url":"https:\/\/www.oitchau.com.br\/blog\/autonomia-no-trabalho\/","og_site_name":"Controle de Ponto &amp; Timesheets","article_publisher":"https:\/\/www.facebook.com\/oitchaubr\/","article_published_time":"2022-08-26T13:59:22+00:00","article_modified_time":"2024-08-22T13:33:29+00:00","og_image":[{"width":1982,"height":800,"url":"https:\/\/storage.googleapis.com\/oitchaublog\/2022\/08\/7c37f22d-autonomia-no-trabalho.png","type":"image\/png"}],"author":"Aline Mesquita","twitter_card":"summary_large_image","twitter_creator":"@oitchaubr","twitter_site":"@oitchaubr","twitter_misc":{"Written by":"Aline Mesquita","Est. reading time":"6 minutos"},"schema":{"@context":"https:\/\/schema.org","@graph":[{"@type":["Article","BlogPosting"],"@id":"https:\/\/www.oitchau.com.br\/blog\/autonomia-no-trabalho\/#article","isPartOf":{"@id":"https:\/\/www.oitchau.com.br\/blog\/autonomia-no-trabalho\/"},"author":{"name":"Aline Mesquita","@id":"https:\/\/www.oitchau.com.br\/blog\/#\/schema\/person\/40ba65f8664531ffe1465f6cb9d82430"},"headline":"Autonomia no trabalho: entenda como a liberdade do profissional beneficia a sua empresa","datePublished":"2022-08-26T13:59:22+00:00","dateModified":"2024-08-22T13:33:29+00:00","mainEntityOfPage":{"@id":"https:\/\/www.oitchau.com.br\/blog\/autonomia-no-trabalho\/"},"wordCount":1135,"publisher":{"@id":"https:\/\/www.oitchau.com.br\/blog\/#organization"},"image":{"@id":"https:\/\/www.oitchau.com.br\/blog\/autonomia-no-trabalho\/#primaryimage"},"thumbnailUrl":"https:\/\/storage.googleapis.com\/oitchaublog\/2022\/08\/7c37f22d-autonomia-no-trabalho.png","keywords":["autonomia","autonomia no trabalho","recursos humanos"],"articleSection":["Recursos Humanos"],"inLanguage":"pt-BR"},{"@type":"WebPage","@id":"https:\/\/www.oitchau.com.br\/blog\/autonomia-no-trabalho\/","url":"https:\/\/www.oitchau.com.br\/blog\/autonomia-no-trabalho\/","name":"Autonomia no trabalho: entenda como a liberdade do profissional beneficia a sua empresa | Oitchau","isPartOf":{"@id":"https:\/\/www.oitchau.com.br\/blog\/#website"},"primaryImageOfPage":{"@id":"https:\/\/www.oitchau.com.br\/blog\/autonomia-no-trabalho\/#primaryimage"},"image":{"@id":"https:\/\/www.oitchau.com.br\/blog\/autonomia-no-trabalho\/#primaryimage"},"thumbnailUrl":"https:\/\/storage.googleapis.com\/oitchaublog\/2022\/08\/7c37f22d-autonomia-no-trabalho.png","datePublished":"2022-08-26T13:59:22+00:00","dateModified":"2024-08-22T13:33:29+00:00","description":"A autonomia no trabalho \u00e9 um assunto que ganhou mais relev\u00e2ncia nos \u00faltimos anos, devido as transforma\u00e7\u00f5es que ocorreram no mercado. Veja mais sobre isso!","breadcrumb":{"@id":"https:\/\/www.oitchau.com.br\/blog\/autonomia-no-trabalho\/#breadcrumb"},"inLanguage":"pt-BR","potentialAction":[{"@type":"ReadAction","target":["https:\/\/www.oitchau.com.br\/blog\/autonomia-no-trabalho\/"]}]},{"@type":"ImageObject","inLanguage":"pt-BR","@id":"https:\/\/www.oitchau.com.br\/blog\/autonomia-no-trabalho\/#primaryimage","url":"https:\/\/storage.googleapis.com\/oitchaublog\/2022\/08\/7c37f22d-autonomia-no-trabalho.png","contentUrl":"https:\/\/storage.googleapis.com\/oitchaublog\/2022\/08\/7c37f22d-autonomia-no-trabalho.png","width":1982,"height":800,"caption":"autonomia no trabalho"},{"@type":"BreadcrumbList","@id":"https:\/\/www.oitchau.com.br\/blog\/autonomia-no-trabalho\/#breadcrumb","itemListElement":[{"@type":"ListItem","position":1,"name":"Blog","item":"https:\/\/www.oitchau.com.br\/blog\/"},{"@type":"ListItem","position":2,"name":"Autonomia no trabalho: entenda como a liberdade do profissional beneficia a sua empresa"}]},{"@type":"WebSite","@id":"https:\/\/www.oitchau.com.br\/blog\/#website","url":"https:\/\/www.oitchau.com.br\/blog\/","name":"Controle de Ponto & Timesheets","description":"","publisher":{"@id":"https:\/\/www.oitchau.com.br\/blog\/#organization"},"potentialAction":[{"@type":"SearchAction","target":{"@type":"EntryPoint","urlTemplate":"https:\/\/www.oitchau.com.br\/blog\/?s={search_term_string}"},"query-input":"required name=search_term_string"}],"inLanguage":"pt-BR"},{"@type":"Organization","@id":"https:\/\/www.oitchau.com.br\/blog\/#organization","name":"Oitchau","url":"https:\/\/www.oitchau.com.br\/blog\/","logo":{"@type":"ImageObject","inLanguage":"pt-BR","@id":"https:\/\/www.oitchau.com.br\/blog\/#\/schema\/logo\/image\/","url":"https:\/\/storage.googleapis.com\/oitchaublog\/2024\/03\/a0e65c6f-design-sem-nome-20.png","contentUrl":"https:\/\/storage.googleapis.com\/oitchaublog\/2024\/03\/a0e65c6f-design-sem-nome-20.png","width":696,"height":696,"caption":"Oitchau"},"image":{"@id":"https:\/\/www.oitchau.com.br\/blog\/#\/schema\/logo\/image\/"},"sameAs":["https:\/\/www.facebook.com\/oitchaubr\/","https:\/\/twitter.com\/oitchaubr","https:\/\/instagram.com\/oitchaubr"],"description":"A Oitchau \u00e9 uma solu\u00e7\u00e3o completa para gest\u00e3o de tempo dos colaboradores, atrav\u00e9s de suas solu\u00e7\u00f5es de controle de ponto & timesheets, ela permite que gestores, RH e DP possam gerenciar desde a jornada de trabalho de funcion\u00e1rios at\u00e9 a gest\u00e3o de tempo em projetos. Elevando o n\u00edvel estrat\u00e9gico do neg\u00f3cio de forma inteligente e assertiva, potencializando seus resultados e garantindo compliance com a Lei.","email":"contato@oitchau.com.br","telephone":"+551142102846","foundingDate":"2016-01-01","numberOfEmployees":{"@type":"QuantitativeValue","minValue":"51","maxValue":"200"}},{"@type":"Person","@id":"https:\/\/www.oitchau.com.br\/blog\/#\/schema\/person\/40ba65f8664531ffe1465f6cb9d82430","name":"Aline Mesquita","url":"https:\/\/www.oitchau.com.br\/blog\/author\/aline\/"}]}},"_links":{"self":[{"href":"https:\/\/www.oitchau.com.br\/blog\/wp-json\/wp\/v2\/posts\/25448"}],"collection":[{"href":"https:\/\/www.oitchau.com.br\/blog\/wp-json\/wp\/v2\/posts"}],"about":[{"href":"https:\/\/www.oitchau.com.br\/blog\/wp-json\/wp\/v2\/types\/post"}],"author":[{"embeddable":true,"href":"https:\/\/www.oitchau.com.br\/blog\/wp-json\/wp\/v2\/users\/11"}],"replies":[{"embeddable":true,"href":"https:\/\/www.oitchau.com.br\/blog\/wp-json\/wp\/v2\/comments?post=25448"}],"version-history":[{"count":1,"href":"https:\/\/www.oitchau.com.br\/blog\/wp-json\/wp\/v2\/posts\/25448\/revisions"}],"predecessor-version":[{"id":36004,"href":"https:\/\/www.oitchau.com.br\/blog\/wp-json\/wp\/v2\/posts\/25448\/revisions\/36004"}],"wp:featuredmedia":[{"embeddable":true,"href":"https:\/\/www.oitchau.com.br\/blog\/wp-json\/wp\/v2\/media\/36003"}],"wp:attachment":[{"href":"https:\/\/www.oitchau.com.br\/blog\/wp-json\/wp\/v2\/media?parent=25448"}],"wp:term":[{"taxonomy":"category","embeddable":true,"href":"https:\/\/www.oitchau.com.br\/blog\/wp-json\/wp\/v2\/categories?post=25448"},{"taxonomy":"post_tag","embeddable":true,"href":"https:\/\/www.oitchau.com.br\/blog\/wp-json\/wp\/v2\/tags?post=25448"}],"curies":[{"name":"wp","href":"https:\/\/api.w.org\/{rel}","templated":true}]}}