{"id":25305,"date":"2022-08-18T06:21:58","date_gmt":"2022-08-18T03:21:58","guid":{"rendered":"https:\/\/www.oitchau.com.br\/blog\/?p=25305"},"modified":"2024-08-22T16:39:06","modified_gmt":"2024-08-22T13:39:06","slug":"demissao-em-massa","status":"publish","type":"post","link":"https:\/\/www.oitchau.com.br\/blog\/demissao-em-massa\/","title":{"rendered":"Demiss\u00e3o em massa: o que \u00e9? Como lidar?"},"content":{"rendered":"<p><span style=\"font-weight: 400;\">A demiss\u00e3o em massa virou um assunto s\u00e9rio, no Brasil, na d\u00e9cada de 1990. \u00c0 \u00e9poca eram recorrentes os casos de dispensa coletiva especialmente em raz\u00e3o de fus\u00f5es e privatiza\u00e7\u00f5es. Contudo, esse tipo de rescis\u00e3o n\u00e3o se limitou aos anos 90.<\/span><\/p>\n<p><span style=\"font-weight: 400;\">Afinal, at\u00e9 hoje as rescis\u00f5es coletivas ocorrem, sendo que tiveram um boom nos dois \u00faltimos anos em raz\u00e3o dos efeitos da pandemia de Covid-19 sobre a economia. Portanto, elas ainda s\u00e3o uma alternativa, embora possam ser traum\u00e1ticas.<\/span><\/p>\n<p><span style=\"font-weight: 400;\">Mas o que exatamente \u00e9 uma dispensa em massa e como ela funciona? Descubra isso no texto de hoje. Conhe\u00e7a as regras que regulam esse tipo de rescis\u00e3o e, tamb\u00e9m, como tornar o momento menos traum\u00e1tico e impactante aos envolvidos.<\/span><\/p>\n<h2><strong>O que \u00e9 demiss\u00e3o em massa?<\/strong><\/h2>\n<p><span style=\"font-weight: 400;\">Quando falamos em demiss\u00e3o em massa estamos nos referindo \u00e0 dispensa coletiva. Ou seja, \u00e9 a rescis\u00e3o feita por uma empresa com diversos trabalhadores ao mesmo tempo.<\/span><\/p>\n<p><span style=\"font-weight: 400;\">Nesse caso, o motivo de demiss\u00e3o deve ser o mesmo para todos. Portanto, \u00e9 comum que isso ocorra em momentos de crise econ\u00f4mica. Ou, ent\u00e3o, na fus\u00e3o entre empresas ou diante de problemas relacionados \u00e0 fal\u00eancia, ou imin\u00eancia dela.<\/span><\/p>\n<p><span style=\"font-weight: 400;\">N\u00e3o h\u00e1 um n\u00famero m\u00ednimo de colaboradores que deve ser dispensado para que se entenda que a rescis\u00e3o foi em massa. Desse modo, a classifica\u00e7\u00e3o como tal sempre depende da situa\u00e7\u00e3o concreta.<\/span><\/p>\n<p><span style=\"font-weight: 400;\">Esse \u00e9 um tema importante, especialmente porque especialistas da \u00e1rea jur\u00eddica trabalhista entendem que tal evento \u00e9 traumatizante. Al\u00e9m disso, cria um cen\u00e1rio de caos, ang\u00fastia e de incertezas, afetando diretamente tanto os colaboradores dispensados quanto suas fam\u00edlias.<\/span><\/p>\n<p><span style=\"font-weight: 400;\">Cabe \u00e0 empresa que se veja obrigada a aderir \u00e0 dispensa em massa, ent\u00e3o, torn\u00e1-la o menos impactante poss\u00edvel.<\/span><\/p>\n<h2><strong>H\u00e1 necessidade de negocia\u00e7\u00e3o sindical antes da ado\u00e7\u00e3o da demiss\u00e3o em massa?<\/strong><\/h2>\n<p><span style=\"font-weight: 400;\">Essa \u00e9 uma d\u00favida comum. Afinal, at\u00e9 2017 n\u00e3o havia regulamenta\u00e7\u00e3o da dispensa em massa na CLT, o que somente ocorreu com a Reforma Trabalhista, que entrou em vigor ao final daquele ano.<\/span><\/p>\n<p><span style=\"font-weight: 400;\">At\u00e9 ent\u00e3o o regulamento trabalhista &#8211; aqui obtido por meio da consolida\u00e7\u00e3o jurisprudencial &#8211; determinava que qualquer dispensa coletiva deveria ter negocia\u00e7\u00e3o e autoriza\u00e7\u00e3o pr\u00e9via dos sindicatos dos trabalhadores.<\/span><\/p>\n<p><span style=\"font-weight: 400;\">Contudo, essa necessidade n\u00e3o existe mais. Com a <a href=\"http:\/\/www.planalto.gov.br\/ccivil_03\/_ato2015-2018\/2017\/lei\/L13427.htm\">Lei 13427\/2017 (Reforma Trabalhista)<\/a> surgiu o artigo 477-A da CLT, que regulamenta a dispensa coletiva. Ele afasta qualquer necessidade de autoriza\u00e7\u00e3o pr\u00e9via ou de acordos e conven\u00e7\u00f5es para sua aplica\u00e7\u00e3o. Veja:<\/span><\/p>\n<p><span style=\"font-weight: 400;\">Art. 477-A.\u00a0 As dispensas imotivadas individuais, pl\u00farimas ou coletivas equiparam-se para todos os fins, n\u00e3o havendo necessidade de autoriza\u00e7\u00e3o pr\u00e9via de entidade sindical ou de celebra\u00e7\u00e3o de conven\u00e7\u00e3o coletiva ou acordo coletivo de trabalho para sua efetiva\u00e7\u00e3o.\u00a0<\/span><\/p>\n<p><span style=\"font-weight: 400;\">O Supremo Tribunal Federal, por sua vez, trouxe o entendimento de que, ainda que n\u00e3o haja a necessidade de autoriza\u00e7\u00e3o sindical, o sindicato deve ser envolvido nos di\u00e1logos que precedem a dispensa em massa. Confira:<\/span><\/p>\n<blockquote><p><span style=\"font-weight: 400;\">\u201cInterven\u00e7\u00e3o sindical pr\u00e9via \u00e9 exig\u00eancia procedimental imprescind\u00edvel para dispensa em massa de trabalhadores, que n\u00e3o se confunde com autoriza\u00e7\u00e3o pr\u00e9via por parte da entidade sindical ou celebra\u00e7\u00e3o de conven\u00e7\u00e3o, ou acordo coletivo\u201d.<\/span><\/p><\/blockquote>\n<p><span style=\"font-weight: 400;\">Mas como fica, ent\u00e3o? Pois bem, ainda que n\u00e3o haja necessidade de negocia\u00e7\u00e3o e autoriza\u00e7\u00e3o do sindicato, a empresa deve ter di\u00e1logo com ele, antes da ado\u00e7\u00e3o da dispensa coletiva, para que ela se d\u00ea da maneira mais tranquila poss\u00edvel.<\/span><\/p>\n<h2><strong>Quais s\u00e3o os direitos dos trabalhadores em caso de demiss\u00e3o em massa?<\/strong><\/h2>\n\n\t\t<!--HubSpot Call-to-Action Code -->\n\t\t<span class=\"hs-cta-wrapper\" id=\"hs-cta-wrapper-6acdca5c-9f99-442a-86c3-8dc79fc2915e\">\n\t\t<span class=\"hs-cta-node hs-cta-6acdca5c-9f99-442a-86c3-8dc79fc2915e\" id=\"6acdca5c-9f99-442a-86c3-8dc79fc2915e\">\n\t\t<!--[if lte IE 8]>\n\t\t<div id=\"hs-cta-ie-element\"><\/div>\n\t\t<![endif]-->\n\t\t<a href=\"https:\/\/cta-redirect.hubspot.com\/cta\/redirect\/20984162\/6acdca5c-9f99-442a-86c3-8dc79fc2915e\" >\n\t\t<img decoding=\"async\" class=\"hs-cta-img\" id=\"hs-cta-img-6acdca5c-9f99-442a-86c3-8dc79fc2915e\" style=\"border-width:0px;\" src=\"https:\/\/no-cache.hubspot.com\/cta\/default\/20984162\/6acdca5c-9f99-442a-86c3-8dc79fc2915e.png\"  alt=\"New call-to-action\"\/>\n\t\t<\/a>\n\t\t<\/span>\n\t\t<script charset=\"utf-8\" src=\"\/\/js.hubspot.com\/cta\/current.js\"><\/script>\n\t\t<script>\n\t\thbspt.cta.load(20984162, '6acdca5c-9f99-442a-86c3-8dc79fc2915e', {});\n\t\t<\/script>\n\t\t<\/span>\n\t\t<!-- end HubSpot Call-to-Action Code -->\n\t\t\n<p><span style=\"font-weight: 400;\">Os direitos dos trabalhadores que s\u00e3o alvo de dispensa coletiva s\u00e3o os mesmos que se aplicam nas rescis\u00f5es individuais sem justa causa. Confira quais s\u00e3o:<\/span><\/p>\n<ul>\n<li style=\"font-weight: 400;\" aria-level=\"1\"><span style=\"font-weight: 400;\">13\u00b0 sal\u00e1rio proporcional;<\/span><\/li>\n<li style=\"font-weight: 400;\" aria-level=\"1\"><span style=\"font-weight: 400;\">F\u00e9rias vencidas e proporcionais com adicional de \u2153;<\/span><\/li>\n<li style=\"font-weight: 400;\" aria-level=\"1\"><span style=\"font-weight: 400;\">Aviso pr\u00e9vio;<\/span><\/li>\n<li style=\"font-weight: 400;\" aria-level=\"1\"><span style=\"font-weight: 400;\">Libera\u00e7\u00e3o das guias de <a href=\"https:\/\/www.oitchau.com.br\/blog\/web-stories\/saiba-mais-sobre-seguro-desemprego\/\">seguro-desemprego<\/a>;<\/span><\/li>\n<li style=\"font-weight: 400;\" aria-level=\"1\"><span style=\"font-weight: 400;\">Saque do FGTS com multa de 40%;<\/span><\/li>\n<li style=\"font-weight: 400;\" aria-level=\"1\"><span style=\"font-weight: 400;\">Saldo de sal\u00e1rio.<\/span><\/li>\n<\/ul>\n<h2><strong>Quando n\u00e3o \u00e9 poss\u00edvel realizar a demiss\u00e3o em massa?<\/strong><\/h2>\n<p><span style=\"font-weight: 400;\">Os casos de impedimento de dispensa sem justa causa gerais tamb\u00e9m valem para a dispensa coletiva. <\/span><\/p>\n<p><span style=\"font-weight: 400;\">Por exemplo, quando pessoas possuem estabilidade como a decorrente de acidente de trabalho (1 ano ap\u00f3s o retorno \u00e0s atividades).<\/span><\/p>\n<p><span style=\"font-weight: 400;\">Ou, ent\u00e3o, no caso de trabalhadoras gestantes, que tamb\u00e9m possuem estabilidade empregat\u00edcia durante toda a gesta\u00e7\u00e3o at\u00e9 5 meses ap\u00f3s o parto. Por isso, essas pessoas n\u00e3o podem participar de uma demiss\u00e3o em massa.<\/span><\/p>\n<p><span style=\"font-weight: 400;\">Outros casos se referem \u00e0s pessoas que est\u00e3o afastadas em raz\u00e3o de benef\u00edcio previdenci\u00e1rio como aux\u00edlio-doen\u00e7a ou acident\u00e1rio. <\/span><\/p>\n<p><span style=\"font-weight: 400;\">Afinal, nessas hip\u00f3teses o contrato de trabalho est\u00e1 suspenso.<\/span><\/p>\n<h2><strong>O que fazer para amenizar essa situa\u00e7\u00e3o?<\/strong><\/h2>\n<p><span style=\"font-weight: 400;\">A demiss\u00e3o em massa sempre ser\u00e1 um momento delicado. Contudo, existem maneiras de deixar essa situa\u00e7\u00e3o um pouco menos traum\u00e1tica. Confira algumas dicas.<\/span><\/p>\n<h3><strong>Tenha um porta-voz<\/strong><\/h3>\n<p><span style=\"font-weight: 400;\">Primeiramente, \u00e9 importante que a demiss\u00e3o em massa tenha um porta-voz. <\/span><\/p>\n<p><span style=\"font-weight: 400;\">Isto \u00e9, uma pessoa designada para informar aos trabalhadores a decis\u00e3o da empresa.<\/span><\/p>\n<h3><strong>Haja com transpar\u00eancia<\/strong><\/h3>\n<p><span style=\"font-weight: 400;\">\u00c9 imprescind\u00edvel que nesse momento o encarregado pelas demiss\u00f5es, assim como demais gestores, sejam transparentes.<\/span><\/p>\n<p><span style=\"font-weight: 400;\">Isso envolve tanto na justificativa da dispensa, na escolha dos colaboradores e na situa\u00e7\u00e3o em que a empresa se encontra.\u00a0<\/span><\/p>\n<p><span style=\"font-weight: 400;\">Tamb\u00e9m, lembre-se de ser transparente com os colaboradores que permanecer\u00e3o, uma vez que a demiss\u00e3o em massa tende a refletir neles causando inseguran\u00e7a.<\/span><\/p>\n<h3><strong>Busque oferecer recompensas<\/strong><\/h3>\n<p><span style=\"font-weight: 400;\">Caso a empresa tenha condi\u00e7\u00f5es, procure oferecer recompensas e aux\u00edlios aos colaboradores desligados. <\/span><\/p>\n<p><span style=\"font-weight: 400;\">Por exemplo, um pr\u00eamio simb\u00f3lico em dinheiro. Ou, ent\u00e3o, ofere\u00e7a a manuten\u00e7\u00e3o do vale-alimenta\u00e7\u00e3o por alguns meses, ou do plano de sa\u00fade.<\/span><\/p>\n<p>A oferta de benef\u00edcios adicionais ap\u00f3s o desligamento repentino pode fazer a diferen\u00e7a na vida daquele profissional, que n\u00e3o estava esperando tal fato.<\/p>\n<h3><strong>Ofere\u00e7a ajuda para a realoca\u00e7\u00e3o no mercado de trabalho<\/strong><\/h3>\n<p><span style=\"font-weight: 400;\">A empresa tamb\u00e9m pode amenizar esse momento ao se oferecer para ajudar os colaboradores dispensados na realoca\u00e7\u00e3o no mercado. Isto \u00e9, a encontrarem novas vagas.\u00a0<\/span><\/p>\n<p><span style=\"font-weight: 400;\">Para isso, o RH pode se oferecer para auxiliar na reorganiza\u00e7\u00e3o do curr\u00edculo. Tamb\u00e9m, fazendo carta de refer\u00eancia e entrando em contato com outros gestores de outras empresas que fa\u00e7am parte do seu c\u00edrculo de contatos.<\/span><\/p>\n<h3><strong>Prepare-se para receber pedidos de demiss\u00e3o<\/strong><\/h3>\n<p><span style=\"font-weight: 400;\">\u00c9 muito comum que em situa\u00e7\u00f5es que envolvam a demiss\u00e3o em massa colaboradores que n\u00e3o foram dispensados pe\u00e7am dispensa em pouco tempo.\u00a0<\/span><\/p>\n<p><span style=\"font-weight: 400;\">Isso decorre do cen\u00e1rio de incertezas que a demiss\u00e3o coletiva cria, o que faz com que os profissionais busquem outros empregos quanto antes para n\u00e3o serem pegos de surpresa.<\/span><\/p>\n","protected":false},"excerpt":{"rendered":"<p>A demiss\u00e3o em massa virou um assunto s\u00e9rio, no Brasil, na d\u00e9cada de 1990. \u00c0 \u00e9poca eram recorrentes os casos de dispensa coletiva especialmente em raz\u00e3o de fus\u00f5es e privatiza\u00e7\u00f5es. Contudo, esse tipo de rescis\u00e3o n\u00e3o se limitou aos anos 90. Afinal, at\u00e9 hoje as rescis\u00f5es coletivas ocorrem, sendo que tiveram um boom nos dois [&hellip;]<\/p>\n","protected":false},"author":11,"featured_media":36015,"comment_status":"closed","ping_status":"open","sticky":false,"template":"","format":"standard","meta":{"content-type":"","footnotes":""},"categories":[17643],"tags":[268,17865,240],"yoast_head":"<!-- This site is optimized with the Yoast SEO Premium plugin v22.2 (Yoast SEO v22.2) - https:\/\/yoast.com\/wordpress\/plugins\/seo\/ -->\n<title>Demiss\u00e3o em massa: o que \u00e9? Como lidar? | Oitchau<\/title>\n<meta name=\"description\" content=\"A demiss\u00e3o em massa \u00e9 um processo que pode ocorrer por diversas raz\u00f5es, mas cabe as empresas criar a\u00e7\u00f5es para mitigar os efeitos em seus profissionais.\" \/>\n<meta name=\"robots\" content=\"index, follow, max-snippet:-1, max-image-preview:large, max-video-preview:-1\" \/>\n<link rel=\"canonical\" href=\"https:\/\/www.oitchau.com.br\/blog\/demissao-em-massa\/\" \/>\n<meta property=\"og:locale\" content=\"pt_BR\" \/>\n<meta property=\"og:type\" content=\"article\" \/>\n<meta property=\"og:title\" content=\"Demiss\u00e3o em massa: o que \u00e9? Como lidar?\" \/>\n<meta property=\"og:description\" content=\"A demiss\u00e3o em massa \u00e9 um processo que pode ocorrer por diversas raz\u00f5es, mas cabe as empresas criar a\u00e7\u00f5es para mitigar os efeitos em seus profissionais.\" \/>\n<meta property=\"og:url\" content=\"https:\/\/www.oitchau.com.br\/blog\/demissao-em-massa\/\" \/>\n<meta property=\"og:site_name\" content=\"Controle de Ponto &amp; Timesheets\" \/>\n<meta property=\"article:publisher\" content=\"https:\/\/www.facebook.com\/oitchaubr\/\" \/>\n<meta property=\"article:published_time\" content=\"2022-08-18T03:21:58+00:00\" \/>\n<meta property=\"article:modified_time\" content=\"2024-08-22T13:39:06+00:00\" \/>\n<meta property=\"og:image\" content=\"https:\/\/storage.googleapis.com\/oitchaublog\/2022\/08\/149a40c2-demissao-em-massa.png\" \/>\n\t<meta property=\"og:image:width\" content=\"1982\" \/>\n\t<meta property=\"og:image:height\" content=\"800\" \/>\n\t<meta property=\"og:image:type\" content=\"image\/png\" \/>\n<meta name=\"author\" content=\"Aline Mesquita\" \/>\n<meta name=\"twitter:card\" content=\"summary_large_image\" \/>\n<meta name=\"twitter:creator\" content=\"@oitchaubr\" \/>\n<meta name=\"twitter:site\" content=\"@oitchaubr\" \/>\n<meta name=\"twitter:label1\" content=\"Written by\" \/>\n\t<meta name=\"twitter:data1\" content=\"Aline Mesquita\" \/>\n\t<meta name=\"twitter:label2\" content=\"Est. reading time\" \/>\n\t<meta name=\"twitter:data2\" content=\"6 minutos\" \/>\n<script type=\"application\/ld+json\" class=\"yoast-schema-graph\">{\"@context\":\"https:\/\/schema.org\",\"@graph\":[{\"@type\":[\"Article\",\"BlogPosting\"],\"@id\":\"https:\/\/www.oitchau.com.br\/blog\/demissao-em-massa\/#article\",\"isPartOf\":{\"@id\":\"https:\/\/www.oitchau.com.br\/blog\/demissao-em-massa\/\"},\"author\":{\"name\":\"Aline Mesquita\",\"@id\":\"https:\/\/www.oitchau.com.br\/blog\/#\/schema\/person\/40ba65f8664531ffe1465f6cb9d82430\"},\"headline\":\"Demiss\u00e3o em massa: o que \u00e9? Como lidar?\",\"datePublished\":\"2022-08-18T03:21:58+00:00\",\"dateModified\":\"2024-08-22T13:39:06+00:00\",\"mainEntityOfPage\":{\"@id\":\"https:\/\/www.oitchau.com.br\/blog\/demissao-em-massa\/\"},\"wordCount\":1165,\"publisher\":{\"@id\":\"https:\/\/www.oitchau.com.br\/blog\/#organization\"},\"image\":{\"@id\":\"https:\/\/www.oitchau.com.br\/blog\/demissao-em-massa\/#primaryimage\"},\"thumbnailUrl\":\"https:\/\/storage.googleapis.com\/oitchaublog\/2022\/08\/149a40c2-demissao-em-massa.png\",\"keywords\":[\"demiss\u00e3o\",\"demiss\u00e3o em massa\",\"recursos humanos\"],\"articleSection\":[\"Recursos Humanos\"],\"inLanguage\":\"pt-BR\"},{\"@type\":\"WebPage\",\"@id\":\"https:\/\/www.oitchau.com.br\/blog\/demissao-em-massa\/\",\"url\":\"https:\/\/www.oitchau.com.br\/blog\/demissao-em-massa\/\",\"name\":\"Demiss\u00e3o em massa: o que \u00e9? Como lidar? | Oitchau\",\"isPartOf\":{\"@id\":\"https:\/\/www.oitchau.com.br\/blog\/#website\"},\"primaryImageOfPage\":{\"@id\":\"https:\/\/www.oitchau.com.br\/blog\/demissao-em-massa\/#primaryimage\"},\"image\":{\"@id\":\"https:\/\/www.oitchau.com.br\/blog\/demissao-em-massa\/#primaryimage\"},\"thumbnailUrl\":\"https:\/\/storage.googleapis.com\/oitchaublog\/2022\/08\/149a40c2-demissao-em-massa.png\",\"datePublished\":\"2022-08-18T03:21:58+00:00\",\"dateModified\":\"2024-08-22T13:39:06+00:00\",\"description\":\"A demiss\u00e3o em massa \u00e9 um processo que pode ocorrer por diversas raz\u00f5es, mas cabe as empresas criar a\u00e7\u00f5es para mitigar os efeitos em seus profissionais.\",\"breadcrumb\":{\"@id\":\"https:\/\/www.oitchau.com.br\/blog\/demissao-em-massa\/#breadcrumb\"},\"inLanguage\":\"pt-BR\",\"potentialAction\":[{\"@type\":\"ReadAction\",\"target\":[\"https:\/\/www.oitchau.com.br\/blog\/demissao-em-massa\/\"]}]},{\"@type\":\"ImageObject\",\"inLanguage\":\"pt-BR\",\"@id\":\"https:\/\/www.oitchau.com.br\/blog\/demissao-em-massa\/#primaryimage\",\"url\":\"https:\/\/storage.googleapis.com\/oitchaublog\/2022\/08\/149a40c2-demissao-em-massa.png\",\"contentUrl\":\"https:\/\/storage.googleapis.com\/oitchaublog\/2022\/08\/149a40c2-demissao-em-massa.png\",\"width\":1982,\"height\":800,\"caption\":\"demiss\u00e3o em massa\"},{\"@type\":\"BreadcrumbList\",\"@id\":\"https:\/\/www.oitchau.com.br\/blog\/demissao-em-massa\/#breadcrumb\",\"itemListElement\":[{\"@type\":\"ListItem\",\"position\":1,\"name\":\"Blog\",\"item\":\"https:\/\/www.oitchau.com.br\/blog\/\"},{\"@type\":\"ListItem\",\"position\":2,\"name\":\"Demiss\u00e3o em massa: o que \u00e9? Como lidar?\"}]},{\"@type\":\"WebSite\",\"@id\":\"https:\/\/www.oitchau.com.br\/blog\/#website\",\"url\":\"https:\/\/www.oitchau.com.br\/blog\/\",\"name\":\"Controle de Ponto & Timesheets\",\"description\":\"\",\"publisher\":{\"@id\":\"https:\/\/www.oitchau.com.br\/blog\/#organization\"},\"potentialAction\":[{\"@type\":\"SearchAction\",\"target\":{\"@type\":\"EntryPoint\",\"urlTemplate\":\"https:\/\/www.oitchau.com.br\/blog\/?s={search_term_string}\"},\"query-input\":\"required name=search_term_string\"}],\"inLanguage\":\"pt-BR\"},{\"@type\":\"Organization\",\"@id\":\"https:\/\/www.oitchau.com.br\/blog\/#organization\",\"name\":\"Oitchau\",\"url\":\"https:\/\/www.oitchau.com.br\/blog\/\",\"logo\":{\"@type\":\"ImageObject\",\"inLanguage\":\"pt-BR\",\"@id\":\"https:\/\/www.oitchau.com.br\/blog\/#\/schema\/logo\/image\/\",\"url\":\"https:\/\/storage.googleapis.com\/oitchaublog\/2024\/03\/a0e65c6f-design-sem-nome-20.png\",\"contentUrl\":\"https:\/\/storage.googleapis.com\/oitchaublog\/2024\/03\/a0e65c6f-design-sem-nome-20.png\",\"width\":696,\"height\":696,\"caption\":\"Oitchau\"},\"image\":{\"@id\":\"https:\/\/www.oitchau.com.br\/blog\/#\/schema\/logo\/image\/\"},\"sameAs\":[\"https:\/\/www.facebook.com\/oitchaubr\/\",\"https:\/\/twitter.com\/oitchaubr\",\"https:\/\/instagram.com\/oitchaubr\"],\"description\":\"A Oitchau \u00e9 uma solu\u00e7\u00e3o completa para gest\u00e3o de tempo dos colaboradores, atrav\u00e9s de suas solu\u00e7\u00f5es de controle de ponto & timesheets, ela permite que gestores, RH e DP possam gerenciar desde a jornada de trabalho de funcion\u00e1rios at\u00e9 a gest\u00e3o de tempo em projetos. Elevando o n\u00edvel estrat\u00e9gico do neg\u00f3cio de forma inteligente e assertiva, potencializando seus resultados e garantindo compliance com a Lei.\",\"email\":\"contato@oitchau.com.br\",\"telephone\":\"+551142102846\",\"foundingDate\":\"2016-01-01\",\"numberOfEmployees\":{\"@type\":\"QuantitativeValue\",\"minValue\":\"51\",\"maxValue\":\"200\"}},{\"@type\":\"Person\",\"@id\":\"https:\/\/www.oitchau.com.br\/blog\/#\/schema\/person\/40ba65f8664531ffe1465f6cb9d82430\",\"name\":\"Aline Mesquita\",\"url\":\"https:\/\/www.oitchau.com.br\/blog\/author\/aline\/\"}]}<\/script>\n<!-- \/ Yoast SEO Premium plugin. -->","yoast_head_json":{"title":"Demiss\u00e3o em massa: o que \u00e9? Como lidar? | Oitchau","description":"A demiss\u00e3o em massa \u00e9 um processo que pode ocorrer por diversas raz\u00f5es, mas cabe as empresas criar a\u00e7\u00f5es para mitigar os efeitos em seus profissionais.","robots":{"index":"index","follow":"follow","max-snippet":"max-snippet:-1","max-image-preview":"max-image-preview:large","max-video-preview":"max-video-preview:-1"},"canonical":"https:\/\/www.oitchau.com.br\/blog\/demissao-em-massa\/","og_locale":"pt_BR","og_type":"article","og_title":"Demiss\u00e3o em massa: o que \u00e9? Como lidar?","og_description":"A demiss\u00e3o em massa \u00e9 um processo que pode ocorrer por diversas raz\u00f5es, mas cabe as empresas criar a\u00e7\u00f5es para mitigar os efeitos em seus profissionais.","og_url":"https:\/\/www.oitchau.com.br\/blog\/demissao-em-massa\/","og_site_name":"Controle de Ponto &amp; Timesheets","article_publisher":"https:\/\/www.facebook.com\/oitchaubr\/","article_published_time":"2022-08-18T03:21:58+00:00","article_modified_time":"2024-08-22T13:39:06+00:00","og_image":[{"width":1982,"height":800,"url":"https:\/\/storage.googleapis.com\/oitchaublog\/2022\/08\/149a40c2-demissao-em-massa.png","type":"image\/png"}],"author":"Aline Mesquita","twitter_card":"summary_large_image","twitter_creator":"@oitchaubr","twitter_site":"@oitchaubr","twitter_misc":{"Written by":"Aline Mesquita","Est. reading time":"6 minutos"},"schema":{"@context":"https:\/\/schema.org","@graph":[{"@type":["Article","BlogPosting"],"@id":"https:\/\/www.oitchau.com.br\/blog\/demissao-em-massa\/#article","isPartOf":{"@id":"https:\/\/www.oitchau.com.br\/blog\/demissao-em-massa\/"},"author":{"name":"Aline Mesquita","@id":"https:\/\/www.oitchau.com.br\/blog\/#\/schema\/person\/40ba65f8664531ffe1465f6cb9d82430"},"headline":"Demiss\u00e3o em massa: o que \u00e9? Como lidar?","datePublished":"2022-08-18T03:21:58+00:00","dateModified":"2024-08-22T13:39:06+00:00","mainEntityOfPage":{"@id":"https:\/\/www.oitchau.com.br\/blog\/demissao-em-massa\/"},"wordCount":1165,"publisher":{"@id":"https:\/\/www.oitchau.com.br\/blog\/#organization"},"image":{"@id":"https:\/\/www.oitchau.com.br\/blog\/demissao-em-massa\/#primaryimage"},"thumbnailUrl":"https:\/\/storage.googleapis.com\/oitchaublog\/2022\/08\/149a40c2-demissao-em-massa.png","keywords":["demiss\u00e3o","demiss\u00e3o em massa","recursos humanos"],"articleSection":["Recursos Humanos"],"inLanguage":"pt-BR"},{"@type":"WebPage","@id":"https:\/\/www.oitchau.com.br\/blog\/demissao-em-massa\/","url":"https:\/\/www.oitchau.com.br\/blog\/demissao-em-massa\/","name":"Demiss\u00e3o em massa: o que \u00e9? Como lidar? | Oitchau","isPartOf":{"@id":"https:\/\/www.oitchau.com.br\/blog\/#website"},"primaryImageOfPage":{"@id":"https:\/\/www.oitchau.com.br\/blog\/demissao-em-massa\/#primaryimage"},"image":{"@id":"https:\/\/www.oitchau.com.br\/blog\/demissao-em-massa\/#primaryimage"},"thumbnailUrl":"https:\/\/storage.googleapis.com\/oitchaublog\/2022\/08\/149a40c2-demissao-em-massa.png","datePublished":"2022-08-18T03:21:58+00:00","dateModified":"2024-08-22T13:39:06+00:00","description":"A demiss\u00e3o em massa \u00e9 um processo que pode ocorrer por diversas raz\u00f5es, mas cabe as empresas criar a\u00e7\u00f5es para mitigar os efeitos em seus profissionais.","breadcrumb":{"@id":"https:\/\/www.oitchau.com.br\/blog\/demissao-em-massa\/#breadcrumb"},"inLanguage":"pt-BR","potentialAction":[{"@type":"ReadAction","target":["https:\/\/www.oitchau.com.br\/blog\/demissao-em-massa\/"]}]},{"@type":"ImageObject","inLanguage":"pt-BR","@id":"https:\/\/www.oitchau.com.br\/blog\/demissao-em-massa\/#primaryimage","url":"https:\/\/storage.googleapis.com\/oitchaublog\/2022\/08\/149a40c2-demissao-em-massa.png","contentUrl":"https:\/\/storage.googleapis.com\/oitchaublog\/2022\/08\/149a40c2-demissao-em-massa.png","width":1982,"height":800,"caption":"demiss\u00e3o em massa"},{"@type":"BreadcrumbList","@id":"https:\/\/www.oitchau.com.br\/blog\/demissao-em-massa\/#breadcrumb","itemListElement":[{"@type":"ListItem","position":1,"name":"Blog","item":"https:\/\/www.oitchau.com.br\/blog\/"},{"@type":"ListItem","position":2,"name":"Demiss\u00e3o em massa: o que \u00e9? Como lidar?"}]},{"@type":"WebSite","@id":"https:\/\/www.oitchau.com.br\/blog\/#website","url":"https:\/\/www.oitchau.com.br\/blog\/","name":"Controle de Ponto & Timesheets","description":"","publisher":{"@id":"https:\/\/www.oitchau.com.br\/blog\/#organization"},"potentialAction":[{"@type":"SearchAction","target":{"@type":"EntryPoint","urlTemplate":"https:\/\/www.oitchau.com.br\/blog\/?s={search_term_string}"},"query-input":"required name=search_term_string"}],"inLanguage":"pt-BR"},{"@type":"Organization","@id":"https:\/\/www.oitchau.com.br\/blog\/#organization","name":"Oitchau","url":"https:\/\/www.oitchau.com.br\/blog\/","logo":{"@type":"ImageObject","inLanguage":"pt-BR","@id":"https:\/\/www.oitchau.com.br\/blog\/#\/schema\/logo\/image\/","url":"https:\/\/storage.googleapis.com\/oitchaublog\/2024\/03\/a0e65c6f-design-sem-nome-20.png","contentUrl":"https:\/\/storage.googleapis.com\/oitchaublog\/2024\/03\/a0e65c6f-design-sem-nome-20.png","width":696,"height":696,"caption":"Oitchau"},"image":{"@id":"https:\/\/www.oitchau.com.br\/blog\/#\/schema\/logo\/image\/"},"sameAs":["https:\/\/www.facebook.com\/oitchaubr\/","https:\/\/twitter.com\/oitchaubr","https:\/\/instagram.com\/oitchaubr"],"description":"A Oitchau \u00e9 uma solu\u00e7\u00e3o completa para gest\u00e3o de tempo dos colaboradores, atrav\u00e9s de suas solu\u00e7\u00f5es de controle de ponto & timesheets, ela permite que gestores, RH e DP possam gerenciar desde a jornada de trabalho de funcion\u00e1rios at\u00e9 a gest\u00e3o de tempo em projetos. Elevando o n\u00edvel estrat\u00e9gico do neg\u00f3cio de forma inteligente e assertiva, potencializando seus resultados e garantindo compliance com a Lei.","email":"contato@oitchau.com.br","telephone":"+551142102846","foundingDate":"2016-01-01","numberOfEmployees":{"@type":"QuantitativeValue","minValue":"51","maxValue":"200"}},{"@type":"Person","@id":"https:\/\/www.oitchau.com.br\/blog\/#\/schema\/person\/40ba65f8664531ffe1465f6cb9d82430","name":"Aline Mesquita","url":"https:\/\/www.oitchau.com.br\/blog\/author\/aline\/"}]}},"_links":{"self":[{"href":"https:\/\/www.oitchau.com.br\/blog\/wp-json\/wp\/v2\/posts\/25305"}],"collection":[{"href":"https:\/\/www.oitchau.com.br\/blog\/wp-json\/wp\/v2\/posts"}],"about":[{"href":"https:\/\/www.oitchau.com.br\/blog\/wp-json\/wp\/v2\/types\/post"}],"author":[{"embeddable":true,"href":"https:\/\/www.oitchau.com.br\/blog\/wp-json\/wp\/v2\/users\/11"}],"replies":[{"embeddable":true,"href":"https:\/\/www.oitchau.com.br\/blog\/wp-json\/wp\/v2\/comments?post=25305"}],"version-history":[{"count":1,"href":"https:\/\/www.oitchau.com.br\/blog\/wp-json\/wp\/v2\/posts\/25305\/revisions"}],"predecessor-version":[{"id":36016,"href":"https:\/\/www.oitchau.com.br\/blog\/wp-json\/wp\/v2\/posts\/25305\/revisions\/36016"}],"wp:featuredmedia":[{"embeddable":true,"href":"https:\/\/www.oitchau.com.br\/blog\/wp-json\/wp\/v2\/media\/36015"}],"wp:attachment":[{"href":"https:\/\/www.oitchau.com.br\/blog\/wp-json\/wp\/v2\/media?parent=25305"}],"wp:term":[{"taxonomy":"category","embeddable":true,"href":"https:\/\/www.oitchau.com.br\/blog\/wp-json\/wp\/v2\/categories?post=25305"},{"taxonomy":"post_tag","embeddable":true,"href":"https:\/\/www.oitchau.com.br\/blog\/wp-json\/wp\/v2\/tags?post=25305"}],"curies":[{"name":"wp","href":"https:\/\/api.w.org\/{rel}","templated":true}]}}