{"id":25255,"date":"2022-08-12T15:00:02","date_gmt":"2022-08-12T12:00:02","guid":{"rendered":"https:\/\/www.oitchau.com.br\/blog\/?p=25255"},"modified":"2024-08-21T20:31:06","modified_gmt":"2024-08-21T17:31:06","slug":"datas-comemorativas-na-empresa","status":"publish","type":"post","link":"https:\/\/www.oitchau.com.br\/blog\/datas-comemorativas-na-empresa\/","title":{"rendered":"Celebrar datas comemorativas na empresa: veja dicas!"},"content":{"rendered":"<p><span style=\"font-weight: 400;\">Celebrar as datas comemorativas na empresa \u00e9 uma estrat\u00e9gia que traz in\u00fameros benef\u00edcios para a organiza\u00e7\u00e3o. <\/span><\/p>\n<p><span style=\"font-weight: 400;\">Por isso, \u00e9 muito importante que a corpora\u00e7\u00e3o se organize para n\u00e3o deixar que as mais importantes passem em branco.<\/span><\/p>\n<p><span data-sheets-value=\"{&quot;1&quot;:2,&quot;2&quot;:&quot;\n\t\t&lt;!--HubSpot Call-to-Action Code --&gt;\n\t\t&lt;span class=&quot;hs-cta-wrapper&quot; id=&quot;hs-cta-wrapper-7a711a71-c0f8-4e4f-b8a1-05b3bcd6d331&quot;&gt;\n\t\t&lt;span class=&quot;hs-cta-node hs-cta-7a711a71-c0f8-4e4f-b8a1-05b3bcd6d331&quot; id=&quot;7a711a71-c0f8-4e4f-b8a1-05b3bcd6d331&quot;&gt;\n\t\t&lt;!--[if lte IE 8]&gt;\n\t\t&lt;div id=&quot;hs-cta-ie-element&quot;&gt;&lt;\/div&gt;\n\t\t&lt;![endif]--&gt;\n\t\t&lt;a href=&quot;https:\/\/cta-redirect.hubspot.com\/cta\/redirect\/20984162\/7a711a71-c0f8-4e4f-b8a1-05b3bcd6d331&quot; &gt;\n\t\t&lt;img class=&quot;hs-cta-img&quot; id=&quot;hs-cta-img-7a711a71-c0f8-4e4f-b8a1-05b3bcd6d331&quot; style=&quot;border-width:0px;&quot; src=&quot;https:\/\/no-cache.hubspot.com\/cta\/default\/20984162\/7a711a71-c0f8-4e4f-b8a1-05b3bcd6d331.png&quot;  alt=&quot;New call-to-action&quot;\/&gt;\n\t\t&lt;\/a&gt;\n\t\t&lt;\/span&gt;\n\t\t&lt;script charset=&quot;utf-8&quot; src=&quot;\/\/js.hubspot.com\/cta\/current.js&quot;&gt;&lt;\/script&gt;\n\t\t&lt;script&gt;\n\t\thbspt.cta.load(20984162, &#039;7a711a71-c0f8-4e4f-b8a1-05b3bcd6d331&#039;, {});\n\t\t&lt;\/script&gt;\n\t\t&lt;\/span&gt;\n\t\t&lt;!-- end HubSpot Call-to-Action Code --&gt;\n\t\t&quot;}\" data-sheets-userformat=\"{&quot;2&quot;:899,&quot;3&quot;:{&quot;1&quot;:0},&quot;4&quot;:{&quot;1&quot;:2,&quot;2&quot;:16777215},&quot;10&quot;:1,&quot;11&quot;:4,&quot;12&quot;:0}\">\n\t\t<!--HubSpot Call-to-Action Code -->\n\t\t<span class=\"hs-cta-wrapper\" id=\"hs-cta-wrapper-7a711a71-c0f8-4e4f-b8a1-05b3bcd6d331\">\n\t\t<span class=\"hs-cta-node hs-cta-7a711a71-c0f8-4e4f-b8a1-05b3bcd6d331\" id=\"7a711a71-c0f8-4e4f-b8a1-05b3bcd6d331\">\n\t\t<!--[if lte IE 8]>\n\t\t<div id=\"hs-cta-ie-element\"><\/div>\n\t\t<![endif]-->\n\t\t<a href=\"https:\/\/cta-redirect.hubspot.com\/cta\/redirect\/20984162\/7a711a71-c0f8-4e4f-b8a1-05b3bcd6d331\" >\n\t\t<img decoding=\"async\" class=\"hs-cta-img\" id=\"hs-cta-img-7a711a71-c0f8-4e4f-b8a1-05b3bcd6d331\" style=\"border-width:0px;\" src=\"https:\/\/no-cache.hubspot.com\/cta\/default\/20984162\/7a711a71-c0f8-4e4f-b8a1-05b3bcd6d331.png\"  alt=\"New call-to-action\"\/>\n\t\t<\/a>\n\t\t<\/span>\n\t\t<script charset=\"utf-8\" src=\"\/\/js.hubspot.com\/cta\/current.js\"><\/script>\n\t\t<script>\n\t\thbspt.cta.load(20984162, '7a711a71-c0f8-4e4f-b8a1-05b3bcd6d331', {});\n\t\t<\/script>\n\t\t<\/span>\n\t\t<!-- end HubSpot Call-to-Action Code -->\n\t\t<\/span><\/p>\n<p><span style=\"font-weight: 400;\">Mas como organizar essas celebra\u00e7\u00f5es, o que incluir nelas e quais s\u00e3o as que merecem maior aten\u00e7\u00e3o? <\/span><\/p>\n<p><span style=\"font-weight: 400;\">Essas s\u00e3o d\u00favidas bastante comuns. Por isso, hoje nos propusemos a respond\u00ea-las com algumas dicas que podem facilitar a organiza\u00e7\u00e3o delas.<\/span><\/p>\n<p><span style=\"font-weight: 400;\">Continue lendo e confira, no texto de hoje, tudo sobre as celebra\u00e7\u00f5es dentro da empresa, bem como usar as comemora\u00e7\u00f5es em favor da imagem corporativa.<\/span><\/p>\n<h2><strong>Por que celebrar datas comemorativas na empresa?<\/strong><\/h2>\n<p><span style=\"font-weight: 400;\">Antes de vermos como organizar e celebrar datas importantes na empresa \u00e9 crucial analisarmos por tais celebra\u00e7\u00f5es serem importantes. E desde j\u00e1 saiba que isso se deve a in\u00fameros motivos.<\/span><\/p>\n<p><span style=\"font-weight: 400;\">Ou seja, n\u00e3o existe apenas um motivo ou benef\u00edcio. A empresa tende a ganhar de v\u00e1rios lados ao optar por comemorar datas importantes.<\/span><\/p>\n<p><span style=\"font-weight: 400;\">Primeiramente, considere que eventos comemorativos na empresa tendem a gerar intera\u00e7\u00e3o entre colaboradores e equipes. Com isso, voc\u00ea consegue gerar o entrosamento, que \u00e9 essencial para um bom clima organizacional.<\/span><\/p>\n<p><span style=\"font-weight: 400;\">Ainda, tais eventos tamb\u00e9m auxiliam a promover a sensa\u00e7\u00e3o de pertencimento nos colaboradores. Afinal, aqui eles est\u00e3o participando de um evento e se enxergam como parte de um contexto geral.<\/span><\/p>\n<p><span style=\"font-weight: 400;\">Outros motivos que justificam as celebra\u00e7\u00f5es internas se referem \u00e0 possibilidade de humanizar as rela\u00e7\u00f5es profissionais. <\/span><\/p>\n<p><span style=\"font-weight: 400;\">Isto \u00e9, a ver os participantes como humanos e n\u00e3o apenas como for\u00e7a de trabalho.<\/span><\/p>\n<p><span style=\"font-weight: 400;\">Tudo isso, ent\u00e3o, auxilia a <a href=\"https:\/\/www.oitchau.com.br\/blog\/colaboradores-remotos-como-engaja-los\/\">engajar seus colaboradores<\/a>, bem como a ret\u00ea-los e motiv\u00e1-los. Isso se deve em muito ao desenvolvimento da imagem da empresa como local leve para se trabalhar. <\/span><\/p>\n<p><span style=\"font-weight: 400;\">Tamb\u00e9m, como um local em que \u00e9 poss\u00edvel se desenvolver enquanto profissional, mas tamb\u00e9m como humano.<\/span><\/p>\n<p><span style=\"font-weight: 400;\">Desse modo, n\u00e3o faltam motivos para promover celebra\u00e7\u00f5es na empresa em datas importantes. Mas como fazer isso de maneira organizada e como programar essas celebra\u00e7\u00f5es? A resposta para isso voc\u00ea encontra no pr\u00f3ximo t\u00f3pico.<\/span><\/p>\n<h2><strong>Saiba como celebrar datas comemorativas na empresa<\/strong><\/h2>\n<p><span style=\"font-weight: 400;\">Confira o passo a passo para garantir a celebra\u00e7\u00e3o de datas comemorativas dentro da empresa!<\/span><\/p>\n<h3><strong>Mapeie as principais datas e escolha aquelas que ter\u00e3o comemora\u00e7\u00e3o<\/strong><\/h3>\n<p><span style=\"font-weight: 400;\">Primeiramente, \u00e9 indispens\u00e1vel que o RH mapeie quais s\u00e3o as principais datas comemorativas dentro da empresa. <\/span><\/p>\n<p><span style=\"font-weight: 400;\">Com isso se torna poss\u00edvel o desenvolvimento de um calend\u00e1rio de celebra\u00e7\u00f5es, facilitando a organiza\u00e7\u00e3o dos eventos.<\/span><\/p>\n<p><span style=\"font-weight: 400;\">No momento de determinar quais s\u00e3o as datas, busque faz\u00ea-lo de acordo com o tema. Veja exemplos:<\/span><\/p>\n<ul>\n<li style=\"font-weight: 400;\" aria-level=\"1\"><span style=\"font-weight: 400;\">Celebra\u00e7\u00f5es tradicionais: Natal, P\u00e1scoa, Dia do Trabalhador, Dia das M\u00e3es, Dia Internacional da Mulher, Dia dos Pais, Ano Novo, etc.;<\/span><\/li>\n<li style=\"font-weight: 400;\" aria-level=\"1\"><span style=\"font-weight: 400;\">Datas importantes para a empresa: funda\u00e7\u00e3o e outras ocasi\u00f5es que foram marcantes na hist\u00f3ria da corpora\u00e7\u00e3o e essenciais ao seu desenvolvimento ou \u00e0 conquista de objetivos;<\/span><\/li>\n<li style=\"font-weight: 400;\" aria-level=\"1\"><span style=\"font-weight: 400;\">Datas pessoais: anivers\u00e1rios dos colaboradores;<\/span><\/li>\n<li style=\"font-weight: 400;\" aria-level=\"1\"><span style=\"font-weight: 400;\">Datas de conscientiza\u00e7\u00e3o e campanhas: Setembro Amarelo, Outubro Rosa, Novembro Azul, etc.<\/span><\/li>\n<\/ul>\n<h3><strong>Determine o objetivo de cada comemora\u00e7\u00e3o<\/strong><\/h3>\n<p><span style=\"font-weight: 400;\">Depois de elencar quais s\u00e3o as principais datas comemorativas para a empresa \u00e9 necess\u00e1rio determinar o objetivo de cada uma delas. Afinal, enquanto algumas s\u00e3o festivas, outras possuem natureza educacional e de conscientiza\u00e7\u00e3o.<\/span><\/p>\n<p><span style=\"font-weight: 400;\">Confira alguns exemplos:<\/span><\/p>\n<ul>\n<li style=\"font-weight: 400;\" aria-level=\"1\"><span style=\"font-weight: 400;\">Festejar: anivers\u00e1rios, Natal, P\u00e1scoa, Ano Novo, etc.;<\/span><\/li>\n<li style=\"font-weight: 400;\" aria-level=\"1\"><span style=\"font-weight: 400;\">Conscientizar: Outubro Rosa, Dia Internacional da Mulher, etc.;<\/span><\/li>\n<li style=\"font-weight: 400;\" aria-level=\"1\"><span style=\"font-weight: 400;\">Homenagear: marcos importantes da empresa e conquistas pessoais dos colaboradores (por exemplo, nascimento de filho ou conquista do diploma).<\/span><\/li>\n<\/ul>\n<h3><strong>Planejamento de or\u00e7amento para celebrar datas comemorativas na empresa<\/strong><\/h3>\n<p><span style=\"font-weight: 400;\">Agora que voc\u00ea j\u00e1 sabe quais s\u00e3o as datas comemorativas e o objetivo de cada uma, \u00e9 hora de planejar o or\u00e7amento. <\/span><\/p>\n<p><span style=\"font-weight: 400;\">\u00c9 a partir dele que voc\u00ea poder\u00e1 planejar as a\u00e7\u00f5es para cada uma das festividades. Em caso contr\u00e1rio, trabalhar\u00e1 no escuro.<\/span><\/p>\n<p><span style=\"font-weight: 400;\">Ent\u00e3o, com o financeiro e seus gestores, consiga definir um valor dispon\u00edvel para cada uma das datas. <\/span><\/p>\n<p><span style=\"font-weight: 400;\">Por exemplo, para compra de comidas e bebidas. Igualmente, para presentear os colaboradores (no anivers\u00e1rio, Natal, etc.).<\/span><\/p>\n<p><span style=\"font-weight: 400;\">Tamb\u00e9m, h\u00e1 o investimento para atividades divertidas, como \u00e9 o caso de aluguel de equipamentos como karaok\u00ea, mesa de sinuca ou mesmo de um campo para atividades f\u00edsicas.<\/span><\/p>\n<p><span style=\"font-weight: 400;\">Outro investimento que cabe se refere \u00e0 contrata\u00e7\u00e3o ou convite de palestrantes para datas comemorativas que tenham como objetivo a conscientiza\u00e7\u00e3o.<\/span><\/p>\n<p><span style=\"font-weight: 400;\">Portanto, \u00e9 indispens\u00e1vel ter em m\u00e3os um n\u00famero que estabele\u00e7a o valor dispon\u00edvel para cada a\u00e7\u00e3o.<\/span><\/p>\n<h3><strong>Planeje as a\u00e7\u00f5es de cada festividade<\/strong><\/h3>\n<p><span style=\"font-weight: 400;\">Depois de ter o or\u00e7amento em m\u00e3os \u00e9 poss\u00edvel definir as atividades de cada uma das celebra\u00e7\u00f5es. Lembre-se sempre de determin\u00e1-las de acordo com a ocasi\u00e3o.<\/span><\/p>\n<p><span style=\"font-weight: 400;\">Nesse sentido, considere que em anivers\u00e1rios o or\u00e7amento pode se voltar para a compra de um presente e\/ou de comes e bebes para uma celebra\u00e7\u00e3o dentro da empresa. <\/span><\/p>\n<p><span style=\"font-weight: 400;\">J\u00e1 no Natal \u00e9 poss\u00edvel investir em itens para lazer, comes e bebes na confraterniza\u00e7\u00e3o e lembrancinhas.<\/span><\/p>\n<p><span style=\"font-weight: 400;\">Por outro lado, nas datas de conscientiza\u00e7\u00e3o \u00e9 poss\u00edvel, sim, conceder materiais e outros tipos de brindes. Contudo, o essencial \u00e9 dar aos colaboradores a possibilidade de acesso a eventos educacionais que possam somar ao desenvolvimento deles.<\/span><\/p>\n<h3><strong>Envolva os colaboradores nas tarefas<\/strong><\/h3>\n<p><span style=\"font-weight: 400;\">Uma boa ideia ao celebrar datas comemorativas na empresa \u00e9 incluir os colaboradores nas tarefas. <\/span><\/p>\n<p><span style=\"font-weight: 400;\">Por exemplo, muitas pessoas t\u00eam apre\u00e7o por desenvolvimento de decora\u00e7\u00f5es ou de organizar espa\u00e7os. Ainda, podem ajudar na realiza\u00e7\u00e3o de encomendas, etc.<\/span><\/p>\n<p><span style=\"font-weight: 400;\">No caso das palestras, busque usar ao m\u00e1ximo as capacidades que existem na sua empresa. <\/span><\/p>\n<p><span style=\"font-weight: 400;\">Nesse sentido, um bom exemplo \u00e9 convidar algu\u00e9m com especializa\u00e7\u00e3o em psicologia ou em g\u00eanero para palestras do Dia Internacional da Mulher.<\/span><\/p>\n<p><span style=\"font-weight: 400;\">Ainda, considere eventos em que algumas atividades se pautem na intera\u00e7\u00e3o dos colaboradores.<\/span><\/p>\n<p><span data-sheets-value=\"{&quot;1&quot;:2,&quot;2&quot;:&quot;\n\t\t&lt;!--HubSpot Call-to-Action Code --&gt;\n\t\t&lt;span class=&quot;hs-cta-wrapper&quot; id=&quot;hs-cta-wrapper-81566fb5-4d0b-42f9-9a61-1de0874dcc44&quot;&gt;\n\t\t&lt;span class=&quot;hs-cta-node hs-cta-81566fb5-4d0b-42f9-9a61-1de0874dcc44&quot; id=&quot;81566fb5-4d0b-42f9-9a61-1de0874dcc44&quot;&gt;\n\t\t&lt;!--[if lte IE 8]&gt;\n\t\t&lt;div id=&quot;hs-cta-ie-element&quot;&gt;&lt;\/div&gt;\n\t\t&lt;![endif]--&gt;\n\t\t&lt;a href=&quot;https:\/\/cta-redirect.hubspot.com\/cta\/redirect\/20984162\/81566fb5-4d0b-42f9-9a61-1de0874dcc44&quot; &gt;\n\t\t&lt;img class=&quot;hs-cta-img&quot; id=&quot;hs-cta-img-81566fb5-4d0b-42f9-9a61-1de0874dcc44&quot; style=&quot;border-width:0px;&quot; src=&quot;https:\/\/no-cache.hubspot.com\/cta\/default\/20984162\/81566fb5-4d0b-42f9-9a61-1de0874dcc44.png&quot;  alt=&quot;New call-to-action&quot;\/&gt;\n\t\t&lt;\/a&gt;\n\t\t&lt;\/span&gt;\n\t\t&lt;script charset=&quot;utf-8&quot; src=&quot;\/\/js.hubspot.com\/cta\/current.js&quot;&gt;&lt;\/script&gt;\n\t\t&lt;script&gt;\n\t\thbspt.cta.load(20984162, &#039;81566fb5-4d0b-42f9-9a61-1de0874dcc44&#039;, {});\n\t\t&lt;\/script&gt;\n\t\t&lt;\/span&gt;\n\t\t&lt;!-- end HubSpot Call-to-Action Code --&gt;\n\t\t&quot;}\" data-sheets-userformat=\"{&quot;2&quot;:899,&quot;3&quot;:{&quot;1&quot;:0},&quot;4&quot;:{&quot;1&quot;:2,&quot;2&quot;:16777215},&quot;10&quot;:1,&quot;11&quot;:4,&quot;12&quot;:0}\">\n\t\t<!--HubSpot Call-to-Action Code -->\n\t\t<span class=\"hs-cta-wrapper\" id=\"hs-cta-wrapper-81566fb5-4d0b-42f9-9a61-1de0874dcc44\">\n\t\t<span class=\"hs-cta-node hs-cta-81566fb5-4d0b-42f9-9a61-1de0874dcc44\" id=\"81566fb5-4d0b-42f9-9a61-1de0874dcc44\">\n\t\t<!--[if lte IE 8]>\n\t\t<div id=\"hs-cta-ie-element\"><\/div>\n\t\t<![endif]-->\n\t\t<a href=\"https:\/\/cta-redirect.hubspot.com\/cta\/redirect\/20984162\/81566fb5-4d0b-42f9-9a61-1de0874dcc44\" >\n\t\t<img decoding=\"async\" class=\"hs-cta-img\" id=\"hs-cta-img-81566fb5-4d0b-42f9-9a61-1de0874dcc44\" style=\"border-width:0px;\" src=\"https:\/\/no-cache.hubspot.com\/cta\/default\/20984162\/81566fb5-4d0b-42f9-9a61-1de0874dcc44.png\"  alt=\"New call-to-action\"\/>\n\t\t<\/a>\n\t\t<\/span>\n\t\t<script charset=\"utf-8\" src=\"\/\/js.hubspot.com\/cta\/current.js\"><\/script>\n\t\t<script>\n\t\thbspt.cta.load(20984162, '81566fb5-4d0b-42f9-9a61-1de0874dcc44', {});\n\t\t<\/script>\n\t\t<\/span>\n\t\t<!-- end HubSpot Call-to-Action Code -->\n\t\t<\/span><\/p>\n<p><span style=\"font-weight: 400;\">Nos de conscientiza\u00e7\u00e3o as rodas de conversa s\u00e3o boas alternativas. J\u00e1 nas comemorativas, brincadeiras e atividades tamb\u00e9m exemplificam bem.<\/span><\/p>\n<h3><strong>Registre os momentos partilhados<\/strong><\/h3>\n<p><span style=\"font-weight: 400;\">Por fim, n\u00e3o deixe de registrar os momentos ao celebrar datas comemorativas. <\/span><\/p>\n<p><span style=\"font-weight: 400;\">Antes, \u00e9 claro, certifique-se de que os colaboradores se sentem bem em participar de registros fotogr\u00e1ficos e em v\u00eddeo.<\/span><\/p>\n<p><span style=\"font-weight: 400;\">Assim, use as imagens em redes sociais e, tamb\u00e9m, compartilhe-as com os pr\u00f3prios colaboradores. <\/span><\/p>\n<p><span style=\"font-weight: 400;\">Uma outra ideia \u00e9 criar murais dentro da empresa, expondo bons momentos que podem inspirar a todos!<\/span><\/p>\n","protected":false},"excerpt":{"rendered":"<p>Celebrar as datas comemorativas na empresa \u00e9 uma estrat\u00e9gia que traz in\u00fameros benef\u00edcios para a organiza\u00e7\u00e3o. Por isso, \u00e9 muito importante que a corpora\u00e7\u00e3o se organize para n\u00e3o deixar que as mais importantes passem em branco. Mas como organizar essas celebra\u00e7\u00f5es, o que incluir nelas e quais s\u00e3o as que merecem maior aten\u00e7\u00e3o? Essas s\u00e3o [&hellip;]<\/p>\n","protected":false},"author":11,"featured_media":35993,"comment_status":"closed","ping_status":"open","sticky":false,"template":"","format":"standard","meta":{"content-type":"","footnotes":""},"categories":[17643],"tags":[17861,17862,17860],"yoast_head":"<!-- This site is optimized with the Yoast SEO Premium plugin v22.2 (Yoast SEO v22.2) - https:\/\/yoast.com\/wordpress\/plugins\/seo\/ -->\n<title>Celebrar datas comemorativas na empresa: veja dicas! | Oitchau<\/title>\n<meta name=\"description\" content=\"Celebrar as datas comemorativas na empresa \u00e9 uma estrat\u00e9gia que traz in\u00fameros benef\u00edcios para a organiza\u00e7\u00e3o. Saiba mais sobre isso aqui e tire suas d\u00favidas!\" \/>\n<meta name=\"robots\" content=\"index, follow, max-snippet:-1, max-image-preview:large, max-video-preview:-1\" \/>\n<link rel=\"canonical\" href=\"https:\/\/www.oitchau.com.br\/blog\/datas-comemorativas-na-empresa\/\" \/>\n<meta property=\"og:locale\" content=\"pt_BR\" \/>\n<meta property=\"og:type\" content=\"article\" \/>\n<meta property=\"og:title\" content=\"Celebrar datas comemorativas na empresa: veja dicas!\" \/>\n<meta property=\"og:description\" content=\"Celebrar as datas comemorativas na empresa \u00e9 uma estrat\u00e9gia que traz in\u00fameros benef\u00edcios para a organiza\u00e7\u00e3o. Saiba mais sobre isso aqui e tire suas d\u00favidas!\" \/>\n<meta property=\"og:url\" content=\"https:\/\/www.oitchau.com.br\/blog\/datas-comemorativas-na-empresa\/\" \/>\n<meta property=\"og:site_name\" content=\"Controle de Ponto &amp; Timesheets\" \/>\n<meta property=\"article:publisher\" content=\"https:\/\/www.facebook.com\/oitchaubr\/\" \/>\n<meta property=\"article:published_time\" content=\"2022-08-12T12:00:02+00:00\" \/>\n<meta property=\"article:modified_time\" content=\"2024-08-21T17:31:06+00:00\" \/>\n<meta property=\"og:image\" content=\"https:\/\/storage.googleapis.com\/oitchaublog\/2022\/08\/86533ed9-datas-comemorativas-na-empresa.png\" \/>\n\t<meta property=\"og:image:width\" content=\"1982\" \/>\n\t<meta property=\"og:image:height\" content=\"800\" \/>\n\t<meta property=\"og:image:type\" content=\"image\/png\" \/>\n<meta name=\"author\" content=\"Aline Mesquita\" \/>\n<meta name=\"twitter:card\" content=\"summary_large_image\" \/>\n<meta name=\"twitter:creator\" content=\"@oitchaubr\" \/>\n<meta name=\"twitter:site\" content=\"@oitchaubr\" \/>\n<meta name=\"twitter:label1\" content=\"Written by\" \/>\n\t<meta name=\"twitter:data1\" content=\"Aline Mesquita\" \/>\n\t<meta name=\"twitter:label2\" content=\"Est. reading time\" \/>\n\t<meta name=\"twitter:data2\" content=\"6 minutos\" \/>\n<script type=\"application\/ld+json\" class=\"yoast-schema-graph\">{\"@context\":\"https:\/\/schema.org\",\"@graph\":[{\"@type\":[\"Article\",\"BlogPosting\"],\"@id\":\"https:\/\/www.oitchau.com.br\/blog\/datas-comemorativas-na-empresa\/#article\",\"isPartOf\":{\"@id\":\"https:\/\/www.oitchau.com.br\/blog\/datas-comemorativas-na-empresa\/\"},\"author\":{\"name\":\"Aline Mesquita\",\"@id\":\"https:\/\/www.oitchau.com.br\/blog\/#\/schema\/person\/40ba65f8664531ffe1465f6cb9d82430\"},\"headline\":\"Celebrar datas comemorativas na empresa: veja dicas!\",\"datePublished\":\"2022-08-12T12:00:02+00:00\",\"dateModified\":\"2024-08-21T17:31:06+00:00\",\"mainEntityOfPage\":{\"@id\":\"https:\/\/www.oitchau.com.br\/blog\/datas-comemorativas-na-empresa\/\"},\"wordCount\":1127,\"publisher\":{\"@id\":\"https:\/\/www.oitchau.com.br\/blog\/#organization\"},\"image\":{\"@id\":\"https:\/\/www.oitchau.com.br\/blog\/datas-comemorativas-na-empresa\/#primaryimage\"},\"thumbnailUrl\":\"https:\/\/storage.googleapis.com\/oitchaublog\/2022\/08\/86533ed9-datas-comemorativas-na-empresa.png\",\"keywords\":[\"celebra\u00e7\u00e3o\",\"datas comemorativas\",\"datas comemorativas na empresa\"],\"articleSection\":[\"Recursos Humanos\"],\"inLanguage\":\"pt-BR\"},{\"@type\":\"WebPage\",\"@id\":\"https:\/\/www.oitchau.com.br\/blog\/datas-comemorativas-na-empresa\/\",\"url\":\"https:\/\/www.oitchau.com.br\/blog\/datas-comemorativas-na-empresa\/\",\"name\":\"Celebrar datas comemorativas na empresa: veja dicas! | Oitchau\",\"isPartOf\":{\"@id\":\"https:\/\/www.oitchau.com.br\/blog\/#website\"},\"primaryImageOfPage\":{\"@id\":\"https:\/\/www.oitchau.com.br\/blog\/datas-comemorativas-na-empresa\/#primaryimage\"},\"image\":{\"@id\":\"https:\/\/www.oitchau.com.br\/blog\/datas-comemorativas-na-empresa\/#primaryimage\"},\"thumbnailUrl\":\"https:\/\/storage.googleapis.com\/oitchaublog\/2022\/08\/86533ed9-datas-comemorativas-na-empresa.png\",\"datePublished\":\"2022-08-12T12:00:02+00:00\",\"dateModified\":\"2024-08-21T17:31:06+00:00\",\"description\":\"Celebrar as datas comemorativas na empresa \u00e9 uma estrat\u00e9gia que traz in\u00fameros benef\u00edcios para a organiza\u00e7\u00e3o. Saiba mais sobre isso aqui e tire suas d\u00favidas!\",\"breadcrumb\":{\"@id\":\"https:\/\/www.oitchau.com.br\/blog\/datas-comemorativas-na-empresa\/#breadcrumb\"},\"inLanguage\":\"pt-BR\",\"potentialAction\":[{\"@type\":\"ReadAction\",\"target\":[\"https:\/\/www.oitchau.com.br\/blog\/datas-comemorativas-na-empresa\/\"]}]},{\"@type\":\"ImageObject\",\"inLanguage\":\"pt-BR\",\"@id\":\"https:\/\/www.oitchau.com.br\/blog\/datas-comemorativas-na-empresa\/#primaryimage\",\"url\":\"https:\/\/storage.googleapis.com\/oitchaublog\/2022\/08\/86533ed9-datas-comemorativas-na-empresa.png\",\"contentUrl\":\"https:\/\/storage.googleapis.com\/oitchaublog\/2022\/08\/86533ed9-datas-comemorativas-na-empresa.png\",\"width\":1982,\"height\":800,\"caption\":\"datas comemorativas na empresa\"},{\"@type\":\"BreadcrumbList\",\"@id\":\"https:\/\/www.oitchau.com.br\/blog\/datas-comemorativas-na-empresa\/#breadcrumb\",\"itemListElement\":[{\"@type\":\"ListItem\",\"position\":1,\"name\":\"Blog\",\"item\":\"https:\/\/www.oitchau.com.br\/blog\/\"},{\"@type\":\"ListItem\",\"position\":2,\"name\":\"Celebrar datas comemorativas na empresa: veja dicas!\"}]},{\"@type\":\"WebSite\",\"@id\":\"https:\/\/www.oitchau.com.br\/blog\/#website\",\"url\":\"https:\/\/www.oitchau.com.br\/blog\/\",\"name\":\"Controle de Ponto & Timesheets\",\"description\":\"\",\"publisher\":{\"@id\":\"https:\/\/www.oitchau.com.br\/blog\/#organization\"},\"potentialAction\":[{\"@type\":\"SearchAction\",\"target\":{\"@type\":\"EntryPoint\",\"urlTemplate\":\"https:\/\/www.oitchau.com.br\/blog\/?s={search_term_string}\"},\"query-input\":\"required name=search_term_string\"}],\"inLanguage\":\"pt-BR\"},{\"@type\":\"Organization\",\"@id\":\"https:\/\/www.oitchau.com.br\/blog\/#organization\",\"name\":\"Oitchau\",\"url\":\"https:\/\/www.oitchau.com.br\/blog\/\",\"logo\":{\"@type\":\"ImageObject\",\"inLanguage\":\"pt-BR\",\"@id\":\"https:\/\/www.oitchau.com.br\/blog\/#\/schema\/logo\/image\/\",\"url\":\"https:\/\/storage.googleapis.com\/oitchaublog\/2024\/03\/a0e65c6f-design-sem-nome-20.png\",\"contentUrl\":\"https:\/\/storage.googleapis.com\/oitchaublog\/2024\/03\/a0e65c6f-design-sem-nome-20.png\",\"width\":696,\"height\":696,\"caption\":\"Oitchau\"},\"image\":{\"@id\":\"https:\/\/www.oitchau.com.br\/blog\/#\/schema\/logo\/image\/\"},\"sameAs\":[\"https:\/\/www.facebook.com\/oitchaubr\/\",\"https:\/\/twitter.com\/oitchaubr\",\"https:\/\/instagram.com\/oitchaubr\"],\"description\":\"A Oitchau \u00e9 uma solu\u00e7\u00e3o completa para gest\u00e3o de tempo dos colaboradores, atrav\u00e9s de suas solu\u00e7\u00f5es de controle de ponto & timesheets, ela permite que gestores, RH e DP possam gerenciar desde a jornada de trabalho de funcion\u00e1rios at\u00e9 a gest\u00e3o de tempo em projetos. Elevando o n\u00edvel estrat\u00e9gico do neg\u00f3cio de forma inteligente e assertiva, potencializando seus resultados e garantindo compliance com a Lei.\",\"email\":\"contato@oitchau.com.br\",\"telephone\":\"+551142102846\",\"foundingDate\":\"2016-01-01\",\"numberOfEmployees\":{\"@type\":\"QuantitativeValue\",\"minValue\":\"51\",\"maxValue\":\"200\"}},{\"@type\":\"Person\",\"@id\":\"https:\/\/www.oitchau.com.br\/blog\/#\/schema\/person\/40ba65f8664531ffe1465f6cb9d82430\",\"name\":\"Aline Mesquita\",\"url\":\"https:\/\/www.oitchau.com.br\/blog\/author\/aline\/\"}]}<\/script>\n<!-- \/ Yoast SEO Premium plugin. -->","yoast_head_json":{"title":"Celebrar datas comemorativas na empresa: veja dicas! | Oitchau","description":"Celebrar as datas comemorativas na empresa \u00e9 uma estrat\u00e9gia que traz in\u00fameros benef\u00edcios para a organiza\u00e7\u00e3o. Saiba mais sobre isso aqui e tire suas d\u00favidas!","robots":{"index":"index","follow":"follow","max-snippet":"max-snippet:-1","max-image-preview":"max-image-preview:large","max-video-preview":"max-video-preview:-1"},"canonical":"https:\/\/www.oitchau.com.br\/blog\/datas-comemorativas-na-empresa\/","og_locale":"pt_BR","og_type":"article","og_title":"Celebrar datas comemorativas na empresa: veja dicas!","og_description":"Celebrar as datas comemorativas na empresa \u00e9 uma estrat\u00e9gia que traz in\u00fameros benef\u00edcios para a organiza\u00e7\u00e3o. Saiba mais sobre isso aqui e tire suas d\u00favidas!","og_url":"https:\/\/www.oitchau.com.br\/blog\/datas-comemorativas-na-empresa\/","og_site_name":"Controle de Ponto &amp; Timesheets","article_publisher":"https:\/\/www.facebook.com\/oitchaubr\/","article_published_time":"2022-08-12T12:00:02+00:00","article_modified_time":"2024-08-21T17:31:06+00:00","og_image":[{"width":1982,"height":800,"url":"https:\/\/storage.googleapis.com\/oitchaublog\/2022\/08\/86533ed9-datas-comemorativas-na-empresa.png","type":"image\/png"}],"author":"Aline Mesquita","twitter_card":"summary_large_image","twitter_creator":"@oitchaubr","twitter_site":"@oitchaubr","twitter_misc":{"Written by":"Aline Mesquita","Est. reading time":"6 minutos"},"schema":{"@context":"https:\/\/schema.org","@graph":[{"@type":["Article","BlogPosting"],"@id":"https:\/\/www.oitchau.com.br\/blog\/datas-comemorativas-na-empresa\/#article","isPartOf":{"@id":"https:\/\/www.oitchau.com.br\/blog\/datas-comemorativas-na-empresa\/"},"author":{"name":"Aline Mesquita","@id":"https:\/\/www.oitchau.com.br\/blog\/#\/schema\/person\/40ba65f8664531ffe1465f6cb9d82430"},"headline":"Celebrar datas comemorativas na empresa: veja dicas!","datePublished":"2022-08-12T12:00:02+00:00","dateModified":"2024-08-21T17:31:06+00:00","mainEntityOfPage":{"@id":"https:\/\/www.oitchau.com.br\/blog\/datas-comemorativas-na-empresa\/"},"wordCount":1127,"publisher":{"@id":"https:\/\/www.oitchau.com.br\/blog\/#organization"},"image":{"@id":"https:\/\/www.oitchau.com.br\/blog\/datas-comemorativas-na-empresa\/#primaryimage"},"thumbnailUrl":"https:\/\/storage.googleapis.com\/oitchaublog\/2022\/08\/86533ed9-datas-comemorativas-na-empresa.png","keywords":["celebra\u00e7\u00e3o","datas comemorativas","datas comemorativas na empresa"],"articleSection":["Recursos Humanos"],"inLanguage":"pt-BR"},{"@type":"WebPage","@id":"https:\/\/www.oitchau.com.br\/blog\/datas-comemorativas-na-empresa\/","url":"https:\/\/www.oitchau.com.br\/blog\/datas-comemorativas-na-empresa\/","name":"Celebrar datas comemorativas na empresa: veja dicas! | Oitchau","isPartOf":{"@id":"https:\/\/www.oitchau.com.br\/blog\/#website"},"primaryImageOfPage":{"@id":"https:\/\/www.oitchau.com.br\/blog\/datas-comemorativas-na-empresa\/#primaryimage"},"image":{"@id":"https:\/\/www.oitchau.com.br\/blog\/datas-comemorativas-na-empresa\/#primaryimage"},"thumbnailUrl":"https:\/\/storage.googleapis.com\/oitchaublog\/2022\/08\/86533ed9-datas-comemorativas-na-empresa.png","datePublished":"2022-08-12T12:00:02+00:00","dateModified":"2024-08-21T17:31:06+00:00","description":"Celebrar as datas comemorativas na empresa \u00e9 uma estrat\u00e9gia que traz in\u00fameros benef\u00edcios para a organiza\u00e7\u00e3o. Saiba mais sobre isso aqui e tire suas d\u00favidas!","breadcrumb":{"@id":"https:\/\/www.oitchau.com.br\/blog\/datas-comemorativas-na-empresa\/#breadcrumb"},"inLanguage":"pt-BR","potentialAction":[{"@type":"ReadAction","target":["https:\/\/www.oitchau.com.br\/blog\/datas-comemorativas-na-empresa\/"]}]},{"@type":"ImageObject","inLanguage":"pt-BR","@id":"https:\/\/www.oitchau.com.br\/blog\/datas-comemorativas-na-empresa\/#primaryimage","url":"https:\/\/storage.googleapis.com\/oitchaublog\/2022\/08\/86533ed9-datas-comemorativas-na-empresa.png","contentUrl":"https:\/\/storage.googleapis.com\/oitchaublog\/2022\/08\/86533ed9-datas-comemorativas-na-empresa.png","width":1982,"height":800,"caption":"datas comemorativas na empresa"},{"@type":"BreadcrumbList","@id":"https:\/\/www.oitchau.com.br\/blog\/datas-comemorativas-na-empresa\/#breadcrumb","itemListElement":[{"@type":"ListItem","position":1,"name":"Blog","item":"https:\/\/www.oitchau.com.br\/blog\/"},{"@type":"ListItem","position":2,"name":"Celebrar datas comemorativas na empresa: veja dicas!"}]},{"@type":"WebSite","@id":"https:\/\/www.oitchau.com.br\/blog\/#website","url":"https:\/\/www.oitchau.com.br\/blog\/","name":"Controle de Ponto & Timesheets","description":"","publisher":{"@id":"https:\/\/www.oitchau.com.br\/blog\/#organization"},"potentialAction":[{"@type":"SearchAction","target":{"@type":"EntryPoint","urlTemplate":"https:\/\/www.oitchau.com.br\/blog\/?s={search_term_string}"},"query-input":"required name=search_term_string"}],"inLanguage":"pt-BR"},{"@type":"Organization","@id":"https:\/\/www.oitchau.com.br\/blog\/#organization","name":"Oitchau","url":"https:\/\/www.oitchau.com.br\/blog\/","logo":{"@type":"ImageObject","inLanguage":"pt-BR","@id":"https:\/\/www.oitchau.com.br\/blog\/#\/schema\/logo\/image\/","url":"https:\/\/storage.googleapis.com\/oitchaublog\/2024\/03\/a0e65c6f-design-sem-nome-20.png","contentUrl":"https:\/\/storage.googleapis.com\/oitchaublog\/2024\/03\/a0e65c6f-design-sem-nome-20.png","width":696,"height":696,"caption":"Oitchau"},"image":{"@id":"https:\/\/www.oitchau.com.br\/blog\/#\/schema\/logo\/image\/"},"sameAs":["https:\/\/www.facebook.com\/oitchaubr\/","https:\/\/twitter.com\/oitchaubr","https:\/\/instagram.com\/oitchaubr"],"description":"A Oitchau \u00e9 uma solu\u00e7\u00e3o completa para gest\u00e3o de tempo dos colaboradores, atrav\u00e9s de suas solu\u00e7\u00f5es de controle de ponto & timesheets, ela permite que gestores, RH e DP possam gerenciar desde a jornada de trabalho de funcion\u00e1rios at\u00e9 a gest\u00e3o de tempo em projetos. Elevando o n\u00edvel estrat\u00e9gico do neg\u00f3cio de forma inteligente e assertiva, potencializando seus resultados e garantindo compliance com a Lei.","email":"contato@oitchau.com.br","telephone":"+551142102846","foundingDate":"2016-01-01","numberOfEmployees":{"@type":"QuantitativeValue","minValue":"51","maxValue":"200"}},{"@type":"Person","@id":"https:\/\/www.oitchau.com.br\/blog\/#\/schema\/person\/40ba65f8664531ffe1465f6cb9d82430","name":"Aline Mesquita","url":"https:\/\/www.oitchau.com.br\/blog\/author\/aline\/"}]}},"_links":{"self":[{"href":"https:\/\/www.oitchau.com.br\/blog\/wp-json\/wp\/v2\/posts\/25255"}],"collection":[{"href":"https:\/\/www.oitchau.com.br\/blog\/wp-json\/wp\/v2\/posts"}],"about":[{"href":"https:\/\/www.oitchau.com.br\/blog\/wp-json\/wp\/v2\/types\/post"}],"author":[{"embeddable":true,"href":"https:\/\/www.oitchau.com.br\/blog\/wp-json\/wp\/v2\/users\/11"}],"replies":[{"embeddable":true,"href":"https:\/\/www.oitchau.com.br\/blog\/wp-json\/wp\/v2\/comments?post=25255"}],"version-history":[{"count":2,"href":"https:\/\/www.oitchau.com.br\/blog\/wp-json\/wp\/v2\/posts\/25255\/revisions"}],"predecessor-version":[{"id":35994,"href":"https:\/\/www.oitchau.com.br\/blog\/wp-json\/wp\/v2\/posts\/25255\/revisions\/35994"}],"wp:featuredmedia":[{"embeddable":true,"href":"https:\/\/www.oitchau.com.br\/blog\/wp-json\/wp\/v2\/media\/35993"}],"wp:attachment":[{"href":"https:\/\/www.oitchau.com.br\/blog\/wp-json\/wp\/v2\/media?parent=25255"}],"wp:term":[{"taxonomy":"category","embeddable":true,"href":"https:\/\/www.oitchau.com.br\/blog\/wp-json\/wp\/v2\/categories?post=25255"},{"taxonomy":"post_tag","embeddable":true,"href":"https:\/\/www.oitchau.com.br\/blog\/wp-json\/wp\/v2\/tags?post=25255"}],"curies":[{"name":"wp","href":"https:\/\/api.w.org\/{rel}","templated":true}]}}