{"id":24989,"date":"2022-08-04T17:24:16","date_gmt":"2022-08-04T14:24:16","guid":{"rendered":"https:\/\/www.oitchau.com.br\/blog\/?p=24989"},"modified":"2024-08-21T20:15:29","modified_gmt":"2024-08-21T17:15:29","slug":"trabalhador-autonomo-exclusivo","status":"publish","type":"post","link":"https:\/\/www.oitchau.com.br\/blog\/trabalhador-autonomo-exclusivo\/","title":{"rendered":"Como funciona a contrata\u00e7\u00e3o de trabalhador aut\u00f4nomo exclusivo na nova reforma trabalhista?"},"content":{"rendered":"<p><strong>Alvo de <a target=\"_blank\" href=\"https:\/\/www.camara.leg.br\/noticias\/794573-comissao-de-trabalho-aprova-fim-de-contrato-autonomo-exclusivo\/\" rel=\"noopener\">debates e pol\u00eamicas<\/a>, a caracteriza\u00e7\u00e3o do trabalhador aut\u00f4nomo exclusivo pela reforma trabalhista de 2017 trouxe uma nova interpreta\u00e7\u00e3o para um dos artigos CLT &#8211; Consolida\u00e7\u00e3o das leis de trabalho.<\/strong><\/p>\n<p><!--more--><\/p>\n<p><span style=\"font-weight: 400;\">Saiba o que diz a lei, como ela pode ser interpretada e como a empresa pode contratar um trabalhador aut\u00f4nomo exclusivo. Boa leitura!<\/span><\/p>\n<h2>O que \u00e9 um trabalhador aut\u00f4nomo exclusivo?<\/h2>\n<p>Trabalhador aut\u00f4nomo exclusivo \u00e9 a denomina\u00e7\u00e3o dada a um profissional que presta servi\u00e7os de forma aut\u00f4noma para uma \u00fanica empresa, sem ter v\u00ednculo empregat\u00edcio.<\/p>\n<p><span data-sheets-value=\"{&quot;1&quot;:2,&quot;2&quot;:&quot;\n\t\t&lt;!--HubSpot Call-to-Action Code --&gt;\n\t\t&lt;span class=&quot;hs-cta-wrapper&quot; id=&quot;hs-cta-wrapper-185aa72c-8a6f-48f2-9ad7-b99651976528&quot;&gt;\n\t\t&lt;span class=&quot;hs-cta-node hs-cta-185aa72c-8a6f-48f2-9ad7-b99651976528&quot; id=&quot;185aa72c-8a6f-48f2-9ad7-b99651976528&quot;&gt;\n\t\t&lt;!--[if lte IE 8]&gt;\n\t\t&lt;div id=&quot;hs-cta-ie-element&quot;&gt;&lt;\/div&gt;\n\t\t&lt;![endif]--&gt;\n\t\t&lt;a href=&quot;https:\/\/cta-redirect.hubspot.com\/cta\/redirect\/20984162\/185aa72c-8a6f-48f2-9ad7-b99651976528&quot; &gt;\n\t\t&lt;img class=&quot;hs-cta-img&quot; id=&quot;hs-cta-img-185aa72c-8a6f-48f2-9ad7-b99651976528&quot; style=&quot;border-width:0px;&quot; src=&quot;https:\/\/no-cache.hubspot.com\/cta\/default\/20984162\/185aa72c-8a6f-48f2-9ad7-b99651976528.png&quot;  alt=&quot;New call-to-action&quot;\/&gt;\n\t\t&lt;\/a&gt;\n\t\t&lt;\/span&gt;\n\t\t&lt;script charset=&quot;utf-8&quot; src=&quot;\/\/js.hubspot.com\/cta\/current.js&quot;&gt;&lt;\/script&gt;\n\t\t&lt;script&gt;\n\t\thbspt.cta.load(20984162, &#039;185aa72c-8a6f-48f2-9ad7-b99651976528&#039;, {});\n\t\t&lt;\/script&gt;\n\t\t&lt;\/span&gt;\n\t\t&lt;!-- end HubSpot Call-to-Action Code --&gt;\n\t\t&quot;}\" data-sheets-userformat=\"{&quot;2&quot;:899,&quot;3&quot;:{&quot;1&quot;:0},&quot;4&quot;:{&quot;1&quot;:2,&quot;2&quot;:16777215},&quot;10&quot;:1,&quot;11&quot;:4,&quot;12&quot;:0}\">\n\t\t<!--HubSpot Call-to-Action Code -->\n\t\t<span class=\"hs-cta-wrapper\" id=\"hs-cta-wrapper-185aa72c-8a6f-48f2-9ad7-b99651976528\">\n\t\t<span class=\"hs-cta-node hs-cta-185aa72c-8a6f-48f2-9ad7-b99651976528\" id=\"185aa72c-8a6f-48f2-9ad7-b99651976528\">\n\t\t<!--[if lte IE 8]>\n\t\t<div id=\"hs-cta-ie-element\"><\/div>\n\t\t<![endif]-->\n\t\t<a href=\"https:\/\/cta-redirect.hubspot.com\/cta\/redirect\/20984162\/185aa72c-8a6f-48f2-9ad7-b99651976528\" >\n\t\t<img decoding=\"async\" class=\"hs-cta-img\" id=\"hs-cta-img-185aa72c-8a6f-48f2-9ad7-b99651976528\" style=\"border-width:0px;\" src=\"https:\/\/no-cache.hubspot.com\/cta\/default\/20984162\/185aa72c-8a6f-48f2-9ad7-b99651976528.png\"  alt=\"New call-to-action\"\/>\n\t\t<\/a>\n\t\t<\/span>\n\t\t<script charset=\"utf-8\" src=\"\/\/js.hubspot.com\/cta\/current.js\"><\/script>\n\t\t<script>\n\t\thbspt.cta.load(20984162, '185aa72c-8a6f-48f2-9ad7-b99651976528', {});\n\t\t<\/script>\n\t\t<\/span>\n\t\t<!-- end HubSpot Call-to-Action Code -->\n\t\t<\/span><\/p>\n<p>Isso significa que o trabalhador \u00e9 respons\u00e1vel por sua pr\u00f3pria gest\u00e3o de neg\u00f3cios, incluindo quest\u00f5es financeiras e administrativas, mas \u00e9 exclusivo a uma empresa, ou seja, n\u00e3o pode prestar servi\u00e7os para outras empresas sem a autoriza\u00e7\u00e3o da contratante.<\/p>\n<h2>Qual a diferen\u00e7a entre um profissional aut\u00f4nomo e um profissional aut\u00f4nomo exclusivo?<\/h2>\n<p>A principal diferen\u00e7a entre um profissional aut\u00f4nomo e um profissional aut\u00f4nomo exclusivo \u00e9 a forma como eles prestam servi\u00e7os.<\/p>\n<p>Um profissional aut\u00f4nomo \u00e9 uma pessoa que presta servi\u00e7os de forma independente, sem v\u00ednculo empregat\u00edcio, e pode ter m\u00faltiplos clientes ou contratantes. Ele \u00e9 respons\u00e1vel por sua pr\u00f3pria gest\u00e3o de neg\u00f3cios, incluindo quest\u00f5es financeiras e administrativas, e pode aceitar ou recusar trabalhos conforme sua disponibilidade e interesse.<\/p>\n<p>J\u00e1 um trabalhador aut\u00f4nomo com contrata\u00e7\u00e3o exclusiva presta servi\u00e7os de forma aut\u00f4noma para uma \u00fanica empresa, sem ter v\u00ednculo empregat\u00edcio. Ele tamb\u00e9m \u00e9 respons\u00e1vel por sua pr\u00f3pria gest\u00e3o de neg\u00f3cios, mas \u00e9 exclusivo a uma empresa, ou seja, n\u00e3o pode prestar servi\u00e7os para outras empresas sem a autoriza\u00e7\u00e3o da contratante.<\/p>\n<p>Anteriormente o enquadramento de um profissional como &#8220;trabalhador aut\u00f4nomo exclusivo&#8221; n\u00e3o era poss\u00edvel, j\u00e1 que a empresa que contratava um trabalho aut\u00f4nomo para a presta\u00e7\u00e3o de servi\u00e7o n\u00e3o poderia exigir dele a exclusividade, mas isso mudou nos \u00faltimos anos, como voc\u00ea pode ver abaixo.<\/p>\n<h2><span style=\"font-weight: 400;\">O que diz a lei sobre o trabalhador aut\u00f4nomo exclusivo?\u00a0<\/span><\/h2>\n<p><span style=\"font-weight: 400;\">O artigo <\/span><a href=\"http:\/\/www.planalto.gov.br\/ccivil_03\/decreto-lei\/del5452.htm\"><span style=\"font-weight: 400;\">da CLT<\/span><\/a><span style=\"font-weight: 400;\"> que possibilitou \u00e0s empresas a regulariza\u00e7\u00e3o desse tipo de trabalho \u00e9 442-B, que traz a seguinte frase:<\/span><\/p>\n<p><i><span style=\"font-weight: 400;\">\u201cArt. 442-B. A contrata\u00e7\u00e3o do aut\u00f4nomo, cumpridas por este todas as formalidades legais, com ou sem exclusividade, de forma cont\u00ednua ou n\u00e3o, afasta a qualidade de empregado prevista no art. 3o desta Consolida\u00e7\u00e3o\u201d\u00a0<\/span><\/i><\/p>\n<p><span style=\"font-weight: 400;\">A brecha da <\/span><a target=\"_blank\" href=\"https:\/\/www.oitchau.com.br\/blog\/a-nova-lei-trabalhista-e-todas-as-suas-mudancas\/\" rel=\"noopener\"><span style=\"font-weight: 400;\">nova lei de 2017<\/span><\/a><span style=\"font-weight: 400;\"> \u00e9 justamente a inser\u00e7\u00e3o do termo \u201ccom ou sem exclusividade\u201d determinando, que caso a empresa solicite, o aut\u00f4nomo pode desempenhar as suas fun\u00e7\u00f5es de maneira exclusiva para ela, criando tamb\u00e9m tipos de contrato de trabalho aut\u00f4nomo.<\/span><\/p>\n<p><span style=\"font-weight: 400;\">J\u00e1 o citado artigo de n\u00famero 3 da Consolida\u00e7\u00e3o diz o seguinte:<\/span><\/p>\n<p><i><span style=\"font-weight: 400;\">\u201cConsidera-se empregado toda pessoa f\u00edsica que prestar servi\u00e7os de natureza n\u00e3o eventual a empregador, sob a depend\u00eancia deste e mediante sal\u00e1rio.\u201d<\/span><\/i><\/p>\n<p><span style=\"font-weight: 400;\">O artigo 3 se refere aos elementos que caracterizam o v\u00ednculo empregat\u00edcio, por tanto se uma empresa contrata um profissional aut\u00f4nomo, mas solicita dele os seguintes itens, ela est\u00e1 infringindo a lei atrav\u00e9s do crime de pejotiza\u00e7\u00e3o:<\/span><\/p>\n<ul>\n<li style=\"font-weight: 400;\" aria-level=\"1\"><span style=\"font-weight: 400;\">Pessoalidade: quando a pessoa que est\u00e1 exercendo a fun\u00e7\u00e3o \u00e9 insubstitu\u00edvel;<\/span><\/li>\n<li style=\"font-weight: 400;\" aria-level=\"1\"><span style=\"font-weight: 400;\">N\u00e3o eventualidade: presta\u00e7\u00e3o de servi\u00e7o de forma cont\u00ednua;<\/span><\/li>\n<li style=\"font-weight: 400;\" aria-level=\"1\"><span style=\"font-weight: 400;\">Subordina\u00e7\u00e3o: ordens a serem cumpridas pelo empregado;<\/span><\/li>\n<li style=\"font-weight: 400;\" aria-level=\"1\"><span style=\"font-weight: 400;\">Remunera\u00e7\u00e3o: atrav\u00e9s de um sal\u00e1rio, sem a assun\u00e7\u00e3o de riscos por parte do empregado.<\/span><\/li>\n<\/ul>\n<p><span style=\"font-weight: 400;\">Nessa lista, a exclusividade tamb\u00e9m era adicionada por alguns juristas, por tanto havia o entendimento que ao se dedicar exclusivamente para uma empresa, o trabalho estava descaracterizado <a target=\"_blank\" href=\"https:\/\/www.oitchau.com.br\/blog\/prestador-de-servicos-o-que-e\/\" rel=\"noopener\">como prestador de servi\u00e7o<\/a> e a empresa devia ao trabalhador seus encargos.<\/span><\/p>\n<p><span style=\"font-weight: 400;\">Por\u00e9m, com a nova reda\u00e7\u00e3o do artigo 442-B, a exclusividade n\u00e3o pode mais ser considerada como uma das caracter\u00edsticas do v\u00ednculo empregat\u00edcio, e o trabalhador aut\u00f4nomo com contrata\u00e7\u00e3o exclusiva passa a &#8220;existir&#8221;.<\/span><\/p>\n<h2><span style=\"font-weight: 400;\">Como a empresa deve agir ao contratar um trabalhador aut\u00f4nomo exclusivo?<\/span><\/h2>\n<p><span style=\"font-weight: 400;\">Para contratar um trabalhador aut\u00f4nomo exclusivo, o setor de RH pode dar continuidade ao processo de maneira normal, assim como faria com um trabalhador aut\u00f4nomo n\u00e3o exclusivo.<\/span><\/p>\n<p><span style=\"font-weight: 400;\">Por\u00e9m, no contrato deve ficar claro que a presta\u00e7\u00e3o de servi\u00e7os ocorrer\u00e1 apenas para a sua empresa. Tendo assim dois tipos de contrato de trabalho aut\u00f4nomo, um em que a exclusividade n\u00e3o est\u00e1 especificada e n\u00e3o precisa acontecer, e outro em que ela est\u00e1 especificada e deve acontecer.<\/span><\/p>\n<p><span style=\"font-weight: 400;\">Ademais, as partes devem combinar em conjunto o trabalho a ser desenvolvido, os prazos de entrega e a remunera\u00e7\u00e3o.<\/span><\/p>\n<p><span data-sheets-value=\"{&quot;1&quot;:2,&quot;2&quot;:&quot;\n\t\t&lt;!--HubSpot Call-to-Action Code --&gt;\n\t\t&lt;span class=&quot;hs-cta-wrapper&quot; id=&quot;hs-cta-wrapper-959cb07d-ca53-460c-a412-b4c81d2c1122&quot;&gt;\n\t\t&lt;span class=&quot;hs-cta-node hs-cta-959cb07d-ca53-460c-a412-b4c81d2c1122&quot; id=&quot;959cb07d-ca53-460c-a412-b4c81d2c1122&quot;&gt;\n\t\t&lt;!--[if lte IE 8]&gt;\n\t\t&lt;div id=&quot;hs-cta-ie-element&quot;&gt;&lt;\/div&gt;\n\t\t&lt;![endif]--&gt;\n\t\t&lt;a href=&quot;https:\/\/cta-redirect.hubspot.com\/cta\/redirect\/20984162\/959cb07d-ca53-460c-a412-b4c81d2c1122&quot; &gt;\n\t\t&lt;img class=&quot;hs-cta-img&quot; id=&quot;hs-cta-img-959cb07d-ca53-460c-a412-b4c81d2c1122&quot; style=&quot;border-width:0px;&quot; src=&quot;https:\/\/no-cache.hubspot.com\/cta\/default\/20984162\/959cb07d-ca53-460c-a412-b4c81d2c1122.png&quot;  alt=&quot;New call-to-action&quot;\/&gt;\n\t\t&lt;\/a&gt;\n\t\t&lt;\/span&gt;\n\t\t&lt;script charset=&quot;utf-8&quot; src=&quot;\/\/js.hubspot.com\/cta\/current.js&quot;&gt;&lt;\/script&gt;\n\t\t&lt;script&gt;\n\t\thbspt.cta.load(20984162, &#039;959cb07d-ca53-460c-a412-b4c81d2c1122&#039;, {});\n\t\t&lt;\/script&gt;\n\t\t&lt;\/span&gt;\n\t\t&lt;!-- end HubSpot Call-to-Action Code --&gt;\n\t\t&quot;}\" data-sheets-userformat=\"{&quot;2&quot;:899,&quot;3&quot;:{&quot;1&quot;:0},&quot;4&quot;:{&quot;1&quot;:2,&quot;2&quot;:16777215},&quot;10&quot;:1,&quot;11&quot;:4,&quot;12&quot;:0}\">\n\t\t<!--HubSpot Call-to-Action Code -->\n\t\t<span class=\"hs-cta-wrapper\" id=\"hs-cta-wrapper-959cb07d-ca53-460c-a412-b4c81d2c1122\">\n\t\t<span class=\"hs-cta-node hs-cta-959cb07d-ca53-460c-a412-b4c81d2c1122\" id=\"959cb07d-ca53-460c-a412-b4c81d2c1122\">\n\t\t<!--[if lte IE 8]>\n\t\t<div id=\"hs-cta-ie-element\"><\/div>\n\t\t<![endif]-->\n\t\t<a href=\"https:\/\/cta-redirect.hubspot.com\/cta\/redirect\/20984162\/959cb07d-ca53-460c-a412-b4c81d2c1122\" >\n\t\t<img decoding=\"async\" class=\"hs-cta-img\" id=\"hs-cta-img-959cb07d-ca53-460c-a412-b4c81d2c1122\" style=\"border-width:0px;\" src=\"https:\/\/no-cache.hubspot.com\/cta\/default\/20984162\/959cb07d-ca53-460c-a412-b4c81d2c1122.png\"  alt=\"New call-to-action\"\/>\n\t\t<\/a>\n\t\t<\/span>\n\t\t<script charset=\"utf-8\" src=\"\/\/js.hubspot.com\/cta\/current.js\"><\/script>\n\t\t<script>\n\t\thbspt.cta.load(20984162, '959cb07d-ca53-460c-a412-b4c81d2c1122', {});\n\t\t<\/script>\n\t\t<\/span>\n\t\t<!-- end HubSpot Call-to-Action Code -->\n\t\t<\/span><\/p>\n<p><span style=\"font-weight: 400;\">Outras negocia\u00e7\u00f5es como o hor\u00e1rio em que o trabalhador desempenha o seu papel e o cumprimento de ordens n\u00e3o cabem neste contrato, pois caracterizam um v\u00ednculo empregat\u00edcio.<\/span><\/p>\n<h2><span style=\"font-weight: 400;\">Continue aprimorando os seus processos de Recursos Humanos<\/span><\/h2>\n<p><span style=\"font-weight: 400;\">Como voc\u00ea viu, a empresa tem o respaldo legal para realizar a contrata\u00e7\u00e3o de um trabalhador aut\u00f4nomo exclusivo, mas tomando o cuidado para n\u00e3o imputar a ele outros pap\u00e9is que configurem o v\u00ednculo.<\/span><\/p>\n<p><span style=\"font-weight: 400;\">Se voc\u00ea deseja continuar aprimorando o seu conhecimento sobre o setor de RH, n\u00e3o deixe de conferir outros artigos como esse no <\/span><a target=\"_blank\" href=\"https:\/\/www.oitchau.com.br\/blog\/\" rel=\"noopener\"><span style=\"font-weight: 400;\">blog da Oitchau<\/span><\/a><span style=\"font-weight: 400;\">.<\/span><\/p>\n","protected":false},"excerpt":{"rendered":"<p>Alvo de debates e pol\u00eamicas, a caracteriza\u00e7\u00e3o do trabalhador aut\u00f4nomo exclusivo pela reforma trabalhista de 2017 trouxe uma nova interpreta\u00e7\u00e3o para um dos artigos CLT &#8211; Consolida\u00e7\u00e3o das leis de trabalho.<\/p>\n","protected":false},"author":16,"featured_media":35977,"comment_status":"closed","ping_status":"open","sticky":false,"template":"","format":"standard","meta":{"content-type":"","footnotes":""},"categories":[17643],"tags":[],"yoast_head":"<!-- This site is optimized with the Yoast SEO Premium plugin v22.2 (Yoast SEO v22.2) - https:\/\/yoast.com\/wordpress\/plugins\/seo\/ -->\n<title>Trabalhador aut\u00f4nomo exclusivo: o que \u00e9 e como contratar - Oitchau<\/title>\n<meta name=\"description\" content=\"Saiba o que \u00e9 o trabalhador aut\u00f4nomo exclusivo e como a reforma trabalhista de 2017 permitiu a inclus\u00e3o desse modelo de trabalho.\" \/>\n<meta name=\"robots\" content=\"index, follow, max-snippet:-1, max-image-preview:large, max-video-preview:-1\" \/>\n<link rel=\"canonical\" href=\"https:\/\/www.oitchau.com.br\/blog\/trabalhador-autonomo-exclusivo\/\" \/>\n<meta property=\"og:locale\" content=\"pt_BR\" \/>\n<meta property=\"og:type\" content=\"article\" \/>\n<meta property=\"og:title\" content=\"Como funciona a contrata\u00e7\u00e3o de trabalhador aut\u00f4nomo exclusivo na nova reforma trabalhista?\" \/>\n<meta property=\"og:description\" content=\"Saiba o que \u00e9 o trabalhador aut\u00f4nomo exclusivo e como a reforma trabalhista de 2017 permitiu a inclus\u00e3o desse modelo de trabalho.\" \/>\n<meta property=\"og:url\" content=\"https:\/\/www.oitchau.com.br\/blog\/trabalhador-autonomo-exclusivo\/\" \/>\n<meta property=\"og:site_name\" content=\"Controle de Ponto &amp; Timesheets\" \/>\n<meta property=\"article:publisher\" content=\"https:\/\/www.facebook.com\/oitchaubr\/\" \/>\n<meta property=\"article:published_time\" content=\"2022-08-04T14:24:16+00:00\" \/>\n<meta property=\"article:modified_time\" content=\"2024-08-21T17:15:29+00:00\" \/>\n<meta property=\"og:image\" content=\"https:\/\/storage.googleapis.com\/oitchaublog\/2022\/08\/61b61a33-trabalhador-autonomo-exclusivo.png\" \/>\n\t<meta property=\"og:image:width\" content=\"1982\" \/>\n\t<meta property=\"og:image:height\" content=\"800\" \/>\n\t<meta property=\"og:image:type\" content=\"image\/png\" \/>\n<meta name=\"author\" content=\"Julia Neves\" \/>\n<meta name=\"twitter:card\" content=\"summary_large_image\" \/>\n<meta name=\"twitter:creator\" content=\"@oitchaubr\" \/>\n<meta name=\"twitter:site\" content=\"@oitchaubr\" \/>\n<meta name=\"twitter:label1\" content=\"Written by\" \/>\n\t<meta name=\"twitter:data1\" content=\"Julia Neves\" \/>\n\t<meta name=\"twitter:label2\" content=\"Est. reading time\" \/>\n\t<meta name=\"twitter:data2\" content=\"5 minutos\" \/>\n<script type=\"application\/ld+json\" class=\"yoast-schema-graph\">{\"@context\":\"https:\/\/schema.org\",\"@graph\":[{\"@type\":[\"Article\",\"BlogPosting\"],\"@id\":\"https:\/\/www.oitchau.com.br\/blog\/trabalhador-autonomo-exclusivo\/#article\",\"isPartOf\":{\"@id\":\"https:\/\/www.oitchau.com.br\/blog\/trabalhador-autonomo-exclusivo\/\"},\"author\":{\"name\":\"Julia Neves\",\"@id\":\"https:\/\/www.oitchau.com.br\/blog\/#\/schema\/person\/2d537dd5d364d6364dbe306bf11644f3\"},\"headline\":\"Como funciona a contrata\u00e7\u00e3o de trabalhador aut\u00f4nomo exclusivo na nova reforma trabalhista?\",\"datePublished\":\"2022-08-04T14:24:16+00:00\",\"dateModified\":\"2024-08-21T17:15:29+00:00\",\"mainEntityOfPage\":{\"@id\":\"https:\/\/www.oitchau.com.br\/blog\/trabalhador-autonomo-exclusivo\/\"},\"wordCount\":931,\"publisher\":{\"@id\":\"https:\/\/www.oitchau.com.br\/blog\/#organization\"},\"image\":{\"@id\":\"https:\/\/www.oitchau.com.br\/blog\/trabalhador-autonomo-exclusivo\/#primaryimage\"},\"thumbnailUrl\":\"https:\/\/storage.googleapis.com\/oitchaublog\/2022\/08\/61b61a33-trabalhador-autonomo-exclusivo.png\",\"articleSection\":[\"Recursos Humanos\"],\"inLanguage\":\"pt-BR\"},{\"@type\":\"WebPage\",\"@id\":\"https:\/\/www.oitchau.com.br\/blog\/trabalhador-autonomo-exclusivo\/\",\"url\":\"https:\/\/www.oitchau.com.br\/blog\/trabalhador-autonomo-exclusivo\/\",\"name\":\"Trabalhador aut\u00f4nomo exclusivo: o que \u00e9 e como contratar - Oitchau\",\"isPartOf\":{\"@id\":\"https:\/\/www.oitchau.com.br\/blog\/#website\"},\"primaryImageOfPage\":{\"@id\":\"https:\/\/www.oitchau.com.br\/blog\/trabalhador-autonomo-exclusivo\/#primaryimage\"},\"image\":{\"@id\":\"https:\/\/www.oitchau.com.br\/blog\/trabalhador-autonomo-exclusivo\/#primaryimage\"},\"thumbnailUrl\":\"https:\/\/storage.googleapis.com\/oitchaublog\/2022\/08\/61b61a33-trabalhador-autonomo-exclusivo.png\",\"datePublished\":\"2022-08-04T14:24:16+00:00\",\"dateModified\":\"2024-08-21T17:15:29+00:00\",\"description\":\"Saiba o que \u00e9 o trabalhador aut\u00f4nomo exclusivo e como a reforma trabalhista de 2017 permitiu a inclus\u00e3o desse modelo de trabalho.\",\"breadcrumb\":{\"@id\":\"https:\/\/www.oitchau.com.br\/blog\/trabalhador-autonomo-exclusivo\/#breadcrumb\"},\"inLanguage\":\"pt-BR\",\"potentialAction\":[{\"@type\":\"ReadAction\",\"target\":[\"https:\/\/www.oitchau.com.br\/blog\/trabalhador-autonomo-exclusivo\/\"]}]},{\"@type\":\"ImageObject\",\"inLanguage\":\"pt-BR\",\"@id\":\"https:\/\/www.oitchau.com.br\/blog\/trabalhador-autonomo-exclusivo\/#primaryimage\",\"url\":\"https:\/\/storage.googleapis.com\/oitchaublog\/2022\/08\/61b61a33-trabalhador-autonomo-exclusivo.png\",\"contentUrl\":\"https:\/\/storage.googleapis.com\/oitchaublog\/2022\/08\/61b61a33-trabalhador-autonomo-exclusivo.png\",\"width\":1982,\"height\":800,\"caption\":\"Trabalhador aut\u00f4nomo exclusivo\"},{\"@type\":\"BreadcrumbList\",\"@id\":\"https:\/\/www.oitchau.com.br\/blog\/trabalhador-autonomo-exclusivo\/#breadcrumb\",\"itemListElement\":[{\"@type\":\"ListItem\",\"position\":1,\"name\":\"Blog\",\"item\":\"https:\/\/www.oitchau.com.br\/blog\/\"},{\"@type\":\"ListItem\",\"position\":2,\"name\":\"Como funciona a contrata\u00e7\u00e3o de trabalhador aut\u00f4nomo exclusivo na nova reforma trabalhista?\"}]},{\"@type\":\"WebSite\",\"@id\":\"https:\/\/www.oitchau.com.br\/blog\/#website\",\"url\":\"https:\/\/www.oitchau.com.br\/blog\/\",\"name\":\"Controle de Ponto & Timesheets\",\"description\":\"\",\"publisher\":{\"@id\":\"https:\/\/www.oitchau.com.br\/blog\/#organization\"},\"potentialAction\":[{\"@type\":\"SearchAction\",\"target\":{\"@type\":\"EntryPoint\",\"urlTemplate\":\"https:\/\/www.oitchau.com.br\/blog\/?s={search_term_string}\"},\"query-input\":\"required name=search_term_string\"}],\"inLanguage\":\"pt-BR\"},{\"@type\":\"Organization\",\"@id\":\"https:\/\/www.oitchau.com.br\/blog\/#organization\",\"name\":\"Oitchau\",\"url\":\"https:\/\/www.oitchau.com.br\/blog\/\",\"logo\":{\"@type\":\"ImageObject\",\"inLanguage\":\"pt-BR\",\"@id\":\"https:\/\/www.oitchau.com.br\/blog\/#\/schema\/logo\/image\/\",\"url\":\"https:\/\/storage.googleapis.com\/oitchaublog\/2024\/03\/a0e65c6f-design-sem-nome-20.png\",\"contentUrl\":\"https:\/\/storage.googleapis.com\/oitchaublog\/2024\/03\/a0e65c6f-design-sem-nome-20.png\",\"width\":696,\"height\":696,\"caption\":\"Oitchau\"},\"image\":{\"@id\":\"https:\/\/www.oitchau.com.br\/blog\/#\/schema\/logo\/image\/\"},\"sameAs\":[\"https:\/\/www.facebook.com\/oitchaubr\/\",\"https:\/\/twitter.com\/oitchaubr\",\"https:\/\/instagram.com\/oitchaubr\"],\"description\":\"A Oitchau \u00e9 uma solu\u00e7\u00e3o completa para gest\u00e3o de tempo dos colaboradores, atrav\u00e9s de suas solu\u00e7\u00f5es de controle de ponto & timesheets, ela permite que gestores, RH e DP possam gerenciar desde a jornada de trabalho de funcion\u00e1rios at\u00e9 a gest\u00e3o de tempo em projetos. Elevando o n\u00edvel estrat\u00e9gico do neg\u00f3cio de forma inteligente e assertiva, potencializando seus resultados e garantindo compliance com a Lei.\",\"email\":\"contato@oitchau.com.br\",\"telephone\":\"+551142102846\",\"foundingDate\":\"2016-01-01\",\"numberOfEmployees\":{\"@type\":\"QuantitativeValue\",\"minValue\":\"51\",\"maxValue\":\"200\"}},{\"@type\":\"Person\",\"@id\":\"https:\/\/www.oitchau.com.br\/blog\/#\/schema\/person\/2d537dd5d364d6364dbe306bf11644f3\",\"name\":\"Julia Neves\",\"url\":\"https:\/\/www.oitchau.com.br\/blog\/author\/julia\/\"}]}<\/script>\n<!-- \/ Yoast SEO Premium plugin. -->","yoast_head_json":{"title":"Trabalhador aut\u00f4nomo exclusivo: o que \u00e9 e como contratar - Oitchau","description":"Saiba o que \u00e9 o trabalhador aut\u00f4nomo exclusivo e como a reforma trabalhista de 2017 permitiu a inclus\u00e3o desse modelo de trabalho.","robots":{"index":"index","follow":"follow","max-snippet":"max-snippet:-1","max-image-preview":"max-image-preview:large","max-video-preview":"max-video-preview:-1"},"canonical":"https:\/\/www.oitchau.com.br\/blog\/trabalhador-autonomo-exclusivo\/","og_locale":"pt_BR","og_type":"article","og_title":"Como funciona a contrata\u00e7\u00e3o de trabalhador aut\u00f4nomo exclusivo na nova reforma trabalhista?","og_description":"Saiba o que \u00e9 o trabalhador aut\u00f4nomo exclusivo e como a reforma trabalhista de 2017 permitiu a inclus\u00e3o desse modelo de trabalho.","og_url":"https:\/\/www.oitchau.com.br\/blog\/trabalhador-autonomo-exclusivo\/","og_site_name":"Controle de Ponto &amp; Timesheets","article_publisher":"https:\/\/www.facebook.com\/oitchaubr\/","article_published_time":"2022-08-04T14:24:16+00:00","article_modified_time":"2024-08-21T17:15:29+00:00","og_image":[{"width":1982,"height":800,"url":"https:\/\/storage.googleapis.com\/oitchaublog\/2022\/08\/61b61a33-trabalhador-autonomo-exclusivo.png","type":"image\/png"}],"author":"Julia Neves","twitter_card":"summary_large_image","twitter_creator":"@oitchaubr","twitter_site":"@oitchaubr","twitter_misc":{"Written by":"Julia Neves","Est. reading time":"5 minutos"},"schema":{"@context":"https:\/\/schema.org","@graph":[{"@type":["Article","BlogPosting"],"@id":"https:\/\/www.oitchau.com.br\/blog\/trabalhador-autonomo-exclusivo\/#article","isPartOf":{"@id":"https:\/\/www.oitchau.com.br\/blog\/trabalhador-autonomo-exclusivo\/"},"author":{"name":"Julia Neves","@id":"https:\/\/www.oitchau.com.br\/blog\/#\/schema\/person\/2d537dd5d364d6364dbe306bf11644f3"},"headline":"Como funciona a contrata\u00e7\u00e3o de trabalhador aut\u00f4nomo exclusivo na nova reforma trabalhista?","datePublished":"2022-08-04T14:24:16+00:00","dateModified":"2024-08-21T17:15:29+00:00","mainEntityOfPage":{"@id":"https:\/\/www.oitchau.com.br\/blog\/trabalhador-autonomo-exclusivo\/"},"wordCount":931,"publisher":{"@id":"https:\/\/www.oitchau.com.br\/blog\/#organization"},"image":{"@id":"https:\/\/www.oitchau.com.br\/blog\/trabalhador-autonomo-exclusivo\/#primaryimage"},"thumbnailUrl":"https:\/\/storage.googleapis.com\/oitchaublog\/2022\/08\/61b61a33-trabalhador-autonomo-exclusivo.png","articleSection":["Recursos Humanos"],"inLanguage":"pt-BR"},{"@type":"WebPage","@id":"https:\/\/www.oitchau.com.br\/blog\/trabalhador-autonomo-exclusivo\/","url":"https:\/\/www.oitchau.com.br\/blog\/trabalhador-autonomo-exclusivo\/","name":"Trabalhador aut\u00f4nomo exclusivo: o que \u00e9 e como contratar - Oitchau","isPartOf":{"@id":"https:\/\/www.oitchau.com.br\/blog\/#website"},"primaryImageOfPage":{"@id":"https:\/\/www.oitchau.com.br\/blog\/trabalhador-autonomo-exclusivo\/#primaryimage"},"image":{"@id":"https:\/\/www.oitchau.com.br\/blog\/trabalhador-autonomo-exclusivo\/#primaryimage"},"thumbnailUrl":"https:\/\/storage.googleapis.com\/oitchaublog\/2022\/08\/61b61a33-trabalhador-autonomo-exclusivo.png","datePublished":"2022-08-04T14:24:16+00:00","dateModified":"2024-08-21T17:15:29+00:00","description":"Saiba o que \u00e9 o trabalhador aut\u00f4nomo exclusivo e como a reforma trabalhista de 2017 permitiu a inclus\u00e3o desse modelo de trabalho.","breadcrumb":{"@id":"https:\/\/www.oitchau.com.br\/blog\/trabalhador-autonomo-exclusivo\/#breadcrumb"},"inLanguage":"pt-BR","potentialAction":[{"@type":"ReadAction","target":["https:\/\/www.oitchau.com.br\/blog\/trabalhador-autonomo-exclusivo\/"]}]},{"@type":"ImageObject","inLanguage":"pt-BR","@id":"https:\/\/www.oitchau.com.br\/blog\/trabalhador-autonomo-exclusivo\/#primaryimage","url":"https:\/\/storage.googleapis.com\/oitchaublog\/2022\/08\/61b61a33-trabalhador-autonomo-exclusivo.png","contentUrl":"https:\/\/storage.googleapis.com\/oitchaublog\/2022\/08\/61b61a33-trabalhador-autonomo-exclusivo.png","width":1982,"height":800,"caption":"Trabalhador aut\u00f4nomo exclusivo"},{"@type":"BreadcrumbList","@id":"https:\/\/www.oitchau.com.br\/blog\/trabalhador-autonomo-exclusivo\/#breadcrumb","itemListElement":[{"@type":"ListItem","position":1,"name":"Blog","item":"https:\/\/www.oitchau.com.br\/blog\/"},{"@type":"ListItem","position":2,"name":"Como funciona a contrata\u00e7\u00e3o de trabalhador aut\u00f4nomo exclusivo na nova reforma trabalhista?"}]},{"@type":"WebSite","@id":"https:\/\/www.oitchau.com.br\/blog\/#website","url":"https:\/\/www.oitchau.com.br\/blog\/","name":"Controle de Ponto & Timesheets","description":"","publisher":{"@id":"https:\/\/www.oitchau.com.br\/blog\/#organization"},"potentialAction":[{"@type":"SearchAction","target":{"@type":"EntryPoint","urlTemplate":"https:\/\/www.oitchau.com.br\/blog\/?s={search_term_string}"},"query-input":"required name=search_term_string"}],"inLanguage":"pt-BR"},{"@type":"Organization","@id":"https:\/\/www.oitchau.com.br\/blog\/#organization","name":"Oitchau","url":"https:\/\/www.oitchau.com.br\/blog\/","logo":{"@type":"ImageObject","inLanguage":"pt-BR","@id":"https:\/\/www.oitchau.com.br\/blog\/#\/schema\/logo\/image\/","url":"https:\/\/storage.googleapis.com\/oitchaublog\/2024\/03\/a0e65c6f-design-sem-nome-20.png","contentUrl":"https:\/\/storage.googleapis.com\/oitchaublog\/2024\/03\/a0e65c6f-design-sem-nome-20.png","width":696,"height":696,"caption":"Oitchau"},"image":{"@id":"https:\/\/www.oitchau.com.br\/blog\/#\/schema\/logo\/image\/"},"sameAs":["https:\/\/www.facebook.com\/oitchaubr\/","https:\/\/twitter.com\/oitchaubr","https:\/\/instagram.com\/oitchaubr"],"description":"A Oitchau \u00e9 uma solu\u00e7\u00e3o completa para gest\u00e3o de tempo dos colaboradores, atrav\u00e9s de suas solu\u00e7\u00f5es de controle de ponto & timesheets, ela permite que gestores, RH e DP possam gerenciar desde a jornada de trabalho de funcion\u00e1rios at\u00e9 a gest\u00e3o de tempo em projetos. Elevando o n\u00edvel estrat\u00e9gico do neg\u00f3cio de forma inteligente e assertiva, potencializando seus resultados e garantindo compliance com a Lei.","email":"contato@oitchau.com.br","telephone":"+551142102846","foundingDate":"2016-01-01","numberOfEmployees":{"@type":"QuantitativeValue","minValue":"51","maxValue":"200"}},{"@type":"Person","@id":"https:\/\/www.oitchau.com.br\/blog\/#\/schema\/person\/2d537dd5d364d6364dbe306bf11644f3","name":"Julia Neves","url":"https:\/\/www.oitchau.com.br\/blog\/author\/julia\/"}]}},"_links":{"self":[{"href":"https:\/\/www.oitchau.com.br\/blog\/wp-json\/wp\/v2\/posts\/24989"}],"collection":[{"href":"https:\/\/www.oitchau.com.br\/blog\/wp-json\/wp\/v2\/posts"}],"about":[{"href":"https:\/\/www.oitchau.com.br\/blog\/wp-json\/wp\/v2\/types\/post"}],"author":[{"embeddable":true,"href":"https:\/\/www.oitchau.com.br\/blog\/wp-json\/wp\/v2\/users\/16"}],"replies":[{"embeddable":true,"href":"https:\/\/www.oitchau.com.br\/blog\/wp-json\/wp\/v2\/comments?post=24989"}],"version-history":[{"count":2,"href":"https:\/\/www.oitchau.com.br\/blog\/wp-json\/wp\/v2\/posts\/24989\/revisions"}],"predecessor-version":[{"id":35978,"href":"https:\/\/www.oitchau.com.br\/blog\/wp-json\/wp\/v2\/posts\/24989\/revisions\/35978"}],"wp:featuredmedia":[{"embeddable":true,"href":"https:\/\/www.oitchau.com.br\/blog\/wp-json\/wp\/v2\/media\/35977"}],"wp:attachment":[{"href":"https:\/\/www.oitchau.com.br\/blog\/wp-json\/wp\/v2\/media?parent=24989"}],"wp:term":[{"taxonomy":"category","embeddable":true,"href":"https:\/\/www.oitchau.com.br\/blog\/wp-json\/wp\/v2\/categories?post=24989"},{"taxonomy":"post_tag","embeddable":true,"href":"https:\/\/www.oitchau.com.br\/blog\/wp-json\/wp\/v2\/tags?post=24989"}],"curies":[{"name":"wp","href":"https:\/\/api.w.org\/{rel}","templated":true}]}}