{"id":24805,"date":"2022-07-29T13:11:23","date_gmt":"2022-07-29T10:11:23","guid":{"rendered":"https:\/\/www.oitchau.com.br\/blog\/?p=24805"},"modified":"2024-05-16T15:55:35","modified_gmt":"2024-05-16T12:55:35","slug":"oferecer-auxilio-creche-para-funcionarios","status":"publish","type":"post","link":"https:\/\/www.oitchau.com.br\/blog\/oferecer-auxilio-creche-para-funcionarios\/","title":{"rendered":"Aux\u00edlio creche: por que oferec\u00ea-lo? Veja aqui!"},"content":{"rendered":"<p><span style=\"font-weight: 400;\">O aux\u00edlio creche pode ser uma excelente escolha de vantagens trabalhistas.<\/span><\/p>\n<p><span style=\"font-weight: 400;\">Os benef\u00edcios que uma empresa oferece aos colaboradores operam em favor da atra\u00e7\u00e3o que ela possui sobre talentos do mercado. <\/span><\/p>\n<p><span style=\"font-weight: 400;\">Essa modalidade de benef\u00edcio n\u00e3o \u00e9 uma novidade, mas voltou a ser foco de muitas empresas.<\/span><\/p>\n<p><span data-sheets-value=\"{&quot;1&quot;:2,&quot;2&quot;:&quot;\n\t\t&lt;!--HubSpot Call-to-Action Code --&gt;\n\t\t&lt;span class=&quot;hs-cta-wrapper&quot; id=&quot;hs-cta-wrapper-959cb07d-ca53-460c-a412-b4c81d2c1122&quot;&gt;\n\t\t&lt;span class=&quot;hs-cta-node hs-cta-959cb07d-ca53-460c-a412-b4c81d2c1122&quot; id=&quot;959cb07d-ca53-460c-a412-b4c81d2c1122&quot;&gt;\n\t\t&lt;!--[if lte IE 8]&gt;\n\t\t&lt;div id=&quot;hs-cta-ie-element&quot;&gt;&lt;\/div&gt;\n\t\t&lt;![endif]--&gt;\n\t\t&lt;a href=&quot;https:\/\/cta-redirect.hubspot.com\/cta\/redirect\/20984162\/959cb07d-ca53-460c-a412-b4c81d2c1122&quot; &gt;\n\t\t&lt;img class=&quot;hs-cta-img&quot; id=&quot;hs-cta-img-959cb07d-ca53-460c-a412-b4c81d2c1122&quot; style=&quot;border-width:0px;&quot; src=&quot;https:\/\/no-cache.hubspot.com\/cta\/default\/20984162\/959cb07d-ca53-460c-a412-b4c81d2c1122.png&quot;  alt=&quot;New call-to-action&quot;\/&gt;\n\t\t&lt;\/a&gt;\n\t\t&lt;\/span&gt;\n\t\t&lt;script charset=&quot;utf-8&quot; src=&quot;\/\/js.hubspot.com\/cta\/current.js&quot;&gt;&lt;\/script&gt;\n\t\t&lt;script&gt;\n\t\thbspt.cta.load(20984162, &#039;959cb07d-ca53-460c-a412-b4c81d2c1122&#039;, {});\n\t\t&lt;\/script&gt;\n\t\t&lt;\/span&gt;\n\t\t&lt;!-- end HubSpot Call-to-Action Code --&gt;\n\t\t&quot;}\" data-sheets-userformat=\"{&quot;2&quot;:899,&quot;3&quot;:{&quot;1&quot;:0},&quot;4&quot;:{&quot;1&quot;:2,&quot;2&quot;:16777215},&quot;10&quot;:1,&quot;11&quot;:4,&quot;12&quot;:0}\">\n\t\t<!--HubSpot Call-to-Action Code -->\n\t\t<span class=\"hs-cta-wrapper\" id=\"hs-cta-wrapper-959cb07d-ca53-460c-a412-b4c81d2c1122\">\n\t\t<span class=\"hs-cta-node hs-cta-959cb07d-ca53-460c-a412-b4c81d2c1122\" id=\"959cb07d-ca53-460c-a412-b4c81d2c1122\">\n\t\t<!--[if lte IE 8]>\n\t\t<div id=\"hs-cta-ie-element\"><\/div>\n\t\t<![endif]-->\n\t\t<a href=\"https:\/\/cta-redirect.hubspot.com\/cta\/redirect\/20984162\/959cb07d-ca53-460c-a412-b4c81d2c1122\" >\n\t\t<img decoding=\"async\" class=\"hs-cta-img\" id=\"hs-cta-img-959cb07d-ca53-460c-a412-b4c81d2c1122\" style=\"border-width:0px;\" src=\"https:\/\/no-cache.hubspot.com\/cta\/default\/20984162\/959cb07d-ca53-460c-a412-b4c81d2c1122.png\"  alt=\"New call-to-action\"\/>\n\t\t<\/a>\n\t\t<\/span>\n\t\t<script charset=\"utf-8\" src=\"\/\/js.hubspot.com\/cta\/current.js\"><\/script>\n\t\t<script>\n\t\thbspt.cta.load(20984162, '959cb07d-ca53-460c-a412-b4c81d2c1122', {});\n\t\t<\/script>\n\t\t<\/span>\n\t\t<!-- end HubSpot Call-to-Action Code -->\n\t\t<\/span><\/p>\n<p><span style=\"font-weight: 400;\">Continue lendo e conhe\u00e7a como oferec\u00ea-la pode ser uma excelente escolha para a sua empresa e como implementar.<\/span><\/p>\n<h2><b>O que \u00e9 aux\u00edlio creche?<\/b><\/h2>\n<p><span style=\"font-weight: 400;\">Esse \u00e9 um benef\u00edcio que se volta \u00e0 concess\u00e3o ou custeamento de vaga em creche para filhos de colaboradores da empresa. <\/span><\/p>\n<p><span style=\"font-weight: 400;\">Ele pode se apresentar de formas diversas, mas em todas elas objetiva garantir o acesso da crian\u00e7a \u00e0 creche de forma menos custosa aos pais.<\/span><\/p>\n<p><span style=\"font-weight: 400;\">Empresas grandes, por exemplo, podem optar por constru\u00edrem e manterem toda a estrutura de uma creche. <\/span><\/p>\n<p><span style=\"font-weight: 400;\">Por outro lado, tamb\u00e9m \u00e9 poss\u00edvel conceder o benef\u00edcio custeando parcialmente ou de forma integral a mensalidade de creches.<\/span><\/p>\n<p><span style=\"font-weight: 400;\">Portanto, \u00e9 um benef\u00edcio que pode se apresentar de diversas maneiras. Cabe \u00e0 empresa, ent\u00e3o, analisar sua realidade e as possibilidades que ela oferta.<\/span><\/p>\n<h2><b>Como funciona o aux\u00edlio creche na empresa?<\/b><\/h2>\n<p><span style=\"font-weight: 400;\">Esse benef\u00edcio pode ser oferecido de diversas maneiras, como vimos acima. Al\u00e9m disso, a empresa pode estipular a faixa et\u00e1ria que ser\u00e1 abrangida pelo benef\u00edcio. <\/span><\/p>\n<p><span style=\"font-weight: 400;\">Outra op\u00e7\u00e3o \u00e9 complement\u00e1-lo com aux\u00edlio para manuten\u00e7\u00e3o de escola, para crian\u00e7as maiores.<\/span><\/p>\n<p><span style=\"font-weight: 400;\">A empresa pode optar por conceder o valor diretamente ao colaborador \u2013 seja para custeamento integral ou parcial da creche \u2013 ou diretamente para a creche particular. <\/span><\/p>\n<p><span style=\"font-weight: 400;\">Nesse \u00faltimo caso \u00e9 poss\u00edvel at\u00e9 mesmo obter parcerias com descontos.<\/span><\/p>\n<h3><strong>Quem tem direito ao aux\u00edlio creche?<\/strong><\/h3>\n<p><span style=\"font-weight: 400;\">Cabe \u00e0 empresa estipular quem ter\u00e1 direito ao benef\u00edcio de acordo com a idade da crian\u00e7a. <\/span><\/p>\n<p><span style=\"font-weight: 400;\">Assim, deve-se desenvolver um manual de pol\u00edticas internas que estabele\u00e7a claramente quem pode obter o benef\u00edcio.<\/span><\/p>\n<h2><b>Por que oferecer aux\u00edlio creche?<\/b><\/h2>\n<p><span style=\"font-weight: 400;\">Confira, nos itens que seguem, motivos para oferecer o aux\u00edlio creche aos seus colaboradores!<\/span><\/p>\n<h3><strong>Tenha benef\u00edcios mais robustos<\/strong><\/h3>\n<p><span style=\"font-weight: 400;\">O primeiro ponto que justifica a concess\u00e3o do aux\u00edlio creche aos seus colaboradores \u00e9 que ele soma muito bem aos benef\u00edcios trabalhistas. <\/span><\/p>\n<p><span style=\"font-weight: 400;\">Com um mercado concorrido, as empresas precisam se destacar para atrair talentos.<\/span><\/p>\n<p><span style=\"font-weight: 400;\">E, para isso, os benef\u00edcios s\u00e3o essenciais. <\/span><\/p>\n<p><span style=\"font-weight: 400;\">E eles n\u00e3o devem se limitar aos de alimenta\u00e7\u00e3o e transporte, pois s\u00e3o comuns e gerais. <\/span><\/p>\n<p><span style=\"font-weight: 400;\">Portanto, a concess\u00e3o de creche pode tornar as suas vagas mais atrativas aos olhos dos profissionais.<\/span><\/p>\n<h3><strong>Garanta a produtividade<\/strong><\/h3>\n<p><span style=\"font-weight: 400;\">Outro ponto importante da concess\u00e3o do aux\u00edlio creche \u00e9 que ele trabalha em favor da produtividade. <\/span><\/p>\n<p><span style=\"font-weight: 400;\">Por exemplo, considere que hoje muitas pessoas trabalham de forma h\u00edbrida ou em home office.<\/span><\/p>\n<p><span style=\"font-weight: 400;\">Assim, quando n\u00e3o h\u00e1 acesso \u00e0 creche, pais de filhos pequenos precisam ficar de olho nas crian\u00e7as ao mesmo tempo em que fazem as atividades. <\/span><\/p>\n<p><span style=\"font-weight: 400;\">E isso, claramente, prejudica a produtividade.<\/span><\/p>\n<p><span style=\"font-weight: 400;\">Mesmo para quem trabalha de forma presencial a produtividade pode ser afetada em raz\u00e3o de cansa\u00e7o extremo ou de chamadas constantes para assist\u00eancia aos filhos. <\/span><\/p>\n<p><span style=\"font-weight: 400;\">Com o benef\u00edcio de creche, os pais ficam tranquilos durante o expediente e garantem que os filhos est\u00e3o em seguran\u00e7a.<\/span><\/p>\n<h3><strong>Engajamento e clima organizacional<\/strong><\/h3>\n<p><span style=\"font-weight: 400;\">O terceiro motivo para oferecer aux\u00edlio creche \u00e9 que ele ajuda no engajamento dos colaboradores. <\/span><\/p>\n<p><span style=\"font-weight: 400;\">Afinal, benef\u00edcios, no geral, fazem com que os trabalhadores se sintam valorizados. E isso se reflete na presta\u00e7\u00e3o das atividades.<\/span><\/p>\n<p><span style=\"font-weight: 400;\">Al\u00e9m disso, ao ter acesso \u00e0 creche os pais de filhos pequenos tendem a ficar menos estressados ou preocupados. <\/span><\/p>\n<p><span style=\"font-weight: 400;\">Isso, ent\u00e3o, impacta o clima organizacional como um todo.<\/span><\/p>\n<h3><strong>Tenha uma empresa mais diversa<\/strong><\/h3>\n<p><span style=\"font-weight: 400;\">Muitas pessoas precisam escolher entre carreira e fam\u00edlia, especialmente perante a falta de vagas suficientes em creches p\u00fablicas. Isso atinge especialmente as mulheres.<\/span><\/p>\n<p><span style=\"font-weight: 400;\">Portanto, ao investir em aux\u00edlio creche a sua empresa promove a\u00e7\u00f5es que aumentam a presen\u00e7a feminina no mercado de trabalho. <\/span><\/p>\n<p><span style=\"font-weight: 400;\">Al\u00e9m disso, pode criar um ambiente mais diverso, atraindo pessoas que at\u00e9 ent\u00e3o n\u00e3o teriam condi\u00e7\u00f5es de prestar servi\u00e7os.<\/span><\/p>\n<h2><b>Como implementar o aux\u00edlio creche?\u00a0\u00a0\u00a0\u00a0\u00a0\u00a0\u00a0\u00a0\u00a0\u00a0\u00a0\u00a0\u00a0\u00a0\u00a0\u00a0\u00a0\u00a0\u00a0\u00a0\u00a0\u00a0\u00a0\u00a0\u00a0\u00a0\u00a0\u00a0\u00a0\u00a0\u00a0\u00a0\u00a0\u00a0\u00a0\u00a0\u00a0\u00a0\u00a0\u00a0\u00a0\u00a0\u00a0\u00a0\u00a0\u00a0\u00a0\u00a0\u00a0\u00a0\u00a0\u00a0\u00a0\u00a0\u00a0\u00a0\u00a0\u00a0\u00a0\u00a0\u00a0\u00a0\u00a0\u00a0\u00a0\u00a0\u00a0\u00a0\u00a0\u00a0\u00a0\u00a0\u00a0\u00a0\u00a0\u00a0<\/b><\/h2>\n<p><span style=\"font-weight: 400;\">Como vimos at\u00e9 aqui, n\u00e3o faltam motivos para implementar o benef\u00edcio que custeia (integralmente ou de forma parcial) o acesso \u00e0 creche para filhos de colaboradores. <\/span><\/p>\n<p><span style=\"font-weight: 400;\">Mas como colocar em pr\u00e1tica? Confira, abaixo, os passos cruciais para isso!<\/span><\/p>\n<h3><strong>Determine como ser\u00e1 o aux\u00edlio creche<\/strong><\/h3>\n<p><span style=\"font-weight: 400;\">Primeiramente, \u00e9 importante que a empresa defina como ser\u00e1 o benef\u00edcio. Isto \u00e9, se ela construir\u00e1 uma creche pr\u00f3pria ou se custear\u00e1, integralmente ou de forma parcial, as mensalidades.<\/span><\/p>\n<p><span style=\"font-weight: 400;\">No caso da constru\u00e7\u00e3o de uma creche \u2013 possibilidade que se volta \u00e0s empresas de grande porte.\u00a0<\/span><\/p>\n<p><span style=\"font-weight: 400;\">\u00c9 importante que haja o desenvolvimento das estruturas, a contrata\u00e7\u00e3o de profissionais e, tamb\u00e9m, a observa\u00e7\u00e3o de normas legais municipais.<\/span><\/p>\n<p><span style=\"font-weight: 400;\">Por outro lado, quando a empresa custear\u00e1 a mensalidade \u2013 de forma parcial ou n\u00e3o \u2013 deve definir se ter\u00e1 um conv\u00eanio com creches espec\u00edficas ou se deixar\u00e1 por conta dos colaboradores a escolha da escola.<\/span><\/p>\n<p><span style=\"font-weight: 400;\">O conv\u00eanio pode ser interessante por trazer descontos e tornar o benef\u00edcio menos custoso. Contudo, \u00e9 necess\u00e1rio que nesse caso a creche seja pr\u00f3xima da empresa. <\/span><\/p>\n<p><span style=\"font-weight: 400;\">Pois em caso contr\u00e1rio a escolha dela poder\u00e1 prejudicar colaboradores que morem em regi\u00f5es mais afastadas do munic\u00edpio.<\/span><\/p>\n<h3><strong>Convide colaboradores que tenham filhos para participarem do desenvolvimento do benef\u00edcio<\/strong><\/h3>\n<p>Caso a empresa ainda n\u00e3o conte com esse benef\u00edcio, ou se conta, mas deseja melhor\u00e1-lo, crie mecanismos para ouvir o que os colaboradores interessados tem a dizer.<\/p>\n<p>Entenda quais s\u00e3o suas necessidades, dores e preocupa\u00e7\u00f5es, para busc\u00e1-los atender da melhor forma poss\u00edvel.<\/p>\n<p><span style=\"font-weight: 400;\">Por isso, n\u00e3o deixe de convidar alguns colaboradores que seriam beneficiados pelo aux\u00edlio para participarem do desenvolvimento dele. <\/span><\/p>\n<p><span style=\"font-weight: 400;\">Eles certamente ir\u00e3o agregar informa\u00e7\u00f5es relevantes e valiosas para a composi\u00e7\u00e3o desse benef\u00edcio.\u00a0<\/span><\/p>\n<h3><strong>Crie pol\u00edticas internas que determinem quem tem direito ao benef\u00edcio e como ele come\u00e7ar\u00e1<\/strong><\/h3>\n<p><span style=\"font-weight: 400;\">Por fim, o terceiro e \u00faltimo passo \u00e9 formalizar o benef\u00edcio. <\/span><\/p>\n<p><span style=\"font-weight: 400;\">Para isso, construa pol\u00edticas internas que determinem quem ter\u00e1 direito, como ser\u00e1 o pagamento, o valor e o tempo pelo qual ficar\u00e1 \u00e0 disposi\u00e7\u00e3o.<\/span><\/p>\n<p><span style=\"font-weight: 400;\">Com isso, \u00e9 poss\u00edvel esclarecer a todos o benef\u00edcio, bem como garantir que existam diretrizes claras que n\u00e3o excluam colaboradores que eventualmente poderiam se beneficiar.<\/span><\/p>\n<p><span data-sheets-value=\"{&quot;1&quot;:2,&quot;2&quot;:&quot;\n\t\t&lt;!--HubSpot Call-to-Action Code --&gt;\n\t\t&lt;span class=&quot;hs-cta-wrapper&quot; id=&quot;hs-cta-wrapper-185aa72c-8a6f-48f2-9ad7-b99651976528&quot;&gt;\n\t\t&lt;span class=&quot;hs-cta-node hs-cta-185aa72c-8a6f-48f2-9ad7-b99651976528&quot; id=&quot;185aa72c-8a6f-48f2-9ad7-b99651976528&quot;&gt;\n\t\t&lt;!--[if lte IE 8]&gt;\n\t\t&lt;div id=&quot;hs-cta-ie-element&quot;&gt;&lt;\/div&gt;\n\t\t&lt;![endif]--&gt;\n\t\t&lt;a href=&quot;https:\/\/cta-redirect.hubspot.com\/cta\/redirect\/20984162\/185aa72c-8a6f-48f2-9ad7-b99651976528&quot; &gt;\n\t\t&lt;img class=&quot;hs-cta-img&quot; id=&quot;hs-cta-img-185aa72c-8a6f-48f2-9ad7-b99651976528&quot; style=&quot;border-width:0px;&quot; src=&quot;https:\/\/no-cache.hubspot.com\/cta\/default\/20984162\/185aa72c-8a6f-48f2-9ad7-b99651976528.png&quot;  alt=&quot;New call-to-action&quot;\/&gt;\n\t\t&lt;\/a&gt;\n\t\t&lt;\/span&gt;\n\t\t&lt;script charset=&quot;utf-8&quot; src=&quot;\/\/js.hubspot.com\/cta\/current.js&quot;&gt;&lt;\/script&gt;\n\t\t&lt;script&gt;\n\t\thbspt.cta.load(20984162, &#039;185aa72c-8a6f-48f2-9ad7-b99651976528&#039;, {});\n\t\t&lt;\/script&gt;\n\t\t&lt;\/span&gt;\n\t\t&lt;!-- end HubSpot Call-to-Action Code --&gt;\n\t\t&quot;}\" data-sheets-userformat=\"{&quot;2&quot;:899,&quot;3&quot;:{&quot;1&quot;:0},&quot;4&quot;:{&quot;1&quot;:2,&quot;2&quot;:16777215},&quot;10&quot;:1,&quot;11&quot;:4,&quot;12&quot;:0}\">\n\t\t<!--HubSpot Call-to-Action Code -->\n\t\t<span class=\"hs-cta-wrapper\" id=\"hs-cta-wrapper-185aa72c-8a6f-48f2-9ad7-b99651976528\">\n\t\t<span class=\"hs-cta-node hs-cta-185aa72c-8a6f-48f2-9ad7-b99651976528\" id=\"185aa72c-8a6f-48f2-9ad7-b99651976528\">\n\t\t<!--[if lte IE 8]>\n\t\t<div id=\"hs-cta-ie-element\"><\/div>\n\t\t<![endif]-->\n\t\t<a href=\"https:\/\/cta-redirect.hubspot.com\/cta\/redirect\/20984162\/185aa72c-8a6f-48f2-9ad7-b99651976528\" >\n\t\t<img decoding=\"async\" class=\"hs-cta-img\" id=\"hs-cta-img-185aa72c-8a6f-48f2-9ad7-b99651976528\" style=\"border-width:0px;\" src=\"https:\/\/no-cache.hubspot.com\/cta\/default\/20984162\/185aa72c-8a6f-48f2-9ad7-b99651976528.png\"  alt=\"New call-to-action\"\/>\n\t\t<\/a>\n\t\t<\/span>\n\t\t<script charset=\"utf-8\" src=\"\/\/js.hubspot.com\/cta\/current.js\"><\/script>\n\t\t<script>\n\t\thbspt.cta.load(20984162, '185aa72c-8a6f-48f2-9ad7-b99651976528', {});\n\t\t<\/script>\n\t\t<\/span>\n\t\t<!-- end HubSpot Call-to-Action Code -->\n\t\t<\/span><\/p>\n<p><span style=\"font-weight: 400;\">Tamb\u00e9m, para que eventuais d\u00favidas sejam rapidamente sanadas.<\/span><\/p>\n<h2><strong>Ent\u00e3o, sua empresa vai aderir ao aux\u00edlio creche?<\/strong><\/h2>\n<p>Ao ofertar aos colaboradores o aux\u00edlio creche, ela pode melhorar diversos aspectos na companhia, como aumento da produtividade e competitividade no mercado, por exemplo.<\/p>\n<p><span style=\"font-weight: 400;\">Al\u00e9m disso, existem outros benef\u00edcios ao mesmo tempo em que trabalha em favor da sociedade e dos seus colaboradores, assumindo realmente o seu papel social previsto na <a href=\"http:\/\/www.planalto.gov.br\/ccivil_03\/constituicao\/constituicao.htm\">Constitui\u00e7\u00e3o Federal<\/a>.<\/span><\/p>\n<p>Por isso, \u00e9 t\u00e3o importante que a empresa pense em benef\u00edcios como o aux\u00edlio creche, para melhorar a qualidade de vida do colaborador e cuidados com a sua fam\u00edlia.<\/p>\n","protected":false},"excerpt":{"rendered":"<p>O aux\u00edlio creche pode ser uma excelente escolha de vantagens trabalhistas. Os benef\u00edcios que uma empresa oferece aos colaboradores operam em favor da atra\u00e7\u00e3o que ela possui sobre talentos do mercado. Essa modalidade de benef\u00edcio n\u00e3o \u00e9 uma novidade, mas voltou a ser foco de muitas empresas. Continue lendo e conhe\u00e7a como oferec\u00ea-la pode ser [&hellip;]<\/p>\n","protected":false},"author":11,"featured_media":33903,"comment_status":"closed","ping_status":"open","sticky":false,"template":"","format":"standard","meta":{"content-type":"","footnotes":""},"categories":[17710],"tags":[17847,17848,17849],"yoast_head":"<!-- This site is optimized with the Yoast SEO Premium plugin v22.2 (Yoast SEO v22.2) - https:\/\/yoast.com\/wordpress\/plugins\/seo\/ -->\n<title>Aux\u00edlio Creche: Como funciona? Guia Completo - Oitchau<\/title>\n<meta name=\"description\" content=\"Descubra como funciona o Aux\u00edlio Creche e garanta o suporte necess\u00e1rio para conciliar maternidade\/paternidade e trabalho. Leia nosso guia completo agora!\" \/>\n<meta name=\"robots\" content=\"index, follow, max-snippet:-1, max-image-preview:large, max-video-preview:-1\" \/>\n<link rel=\"canonical\" href=\"https:\/\/www.oitchau.com.br\/blog\/oferecer-auxilio-creche-para-funcionarios\/\" \/>\n<meta property=\"og:locale\" content=\"pt_BR\" \/>\n<meta property=\"og:type\" content=\"article\" \/>\n<meta property=\"og:title\" content=\"Aux\u00edlio creche: por que oferec\u00ea-lo? Veja aqui!\" \/>\n<meta property=\"og:description\" content=\"Descubra como funciona o Aux\u00edlio Creche e garanta o suporte necess\u00e1rio para conciliar maternidade\/paternidade e trabalho. Leia nosso guia completo agora!\" \/>\n<meta property=\"og:url\" content=\"https:\/\/www.oitchau.com.br\/blog\/oferecer-auxilio-creche-para-funcionarios\/\" \/>\n<meta property=\"og:site_name\" content=\"Controle de Ponto &amp; Timesheets\" \/>\n<meta property=\"article:publisher\" content=\"https:\/\/www.facebook.com\/oitchaubr\/\" \/>\n<meta property=\"article:published_time\" content=\"2022-07-29T10:11:23+00:00\" \/>\n<meta property=\"article:modified_time\" content=\"2024-05-16T12:55:35+00:00\" \/>\n<meta property=\"og:image\" content=\"https:\/\/storage.googleapis.com\/oitchaublog\/2022\/07\/e246482e-auxilio-creche.png\" \/>\n\t<meta property=\"og:image:width\" content=\"1982\" \/>\n\t<meta property=\"og:image:height\" content=\"800\" \/>\n\t<meta property=\"og:image:type\" content=\"image\/png\" \/>\n<meta name=\"author\" content=\"Aline Mesquita\" \/>\n<meta name=\"twitter:card\" content=\"summary_large_image\" \/>\n<meta name=\"twitter:creator\" content=\"@oitchaubr\" \/>\n<meta name=\"twitter:site\" content=\"@oitchaubr\" \/>\n<meta name=\"twitter:label1\" content=\"Written by\" \/>\n\t<meta name=\"twitter:data1\" content=\"Aline Mesquita\" \/>\n\t<meta name=\"twitter:label2\" content=\"Est. reading time\" \/>\n\t<meta name=\"twitter:data2\" content=\"7 minutos\" \/>\n<script type=\"application\/ld+json\" class=\"yoast-schema-graph\">{\"@context\":\"https:\/\/schema.org\",\"@graph\":[{\"@type\":[\"Article\",\"BlogPosting\"],\"@id\":\"https:\/\/www.oitchau.com.br\/blog\/oferecer-auxilio-creche-para-funcionarios\/#article\",\"isPartOf\":{\"@id\":\"https:\/\/www.oitchau.com.br\/blog\/oferecer-auxilio-creche-para-funcionarios\/\"},\"author\":{\"name\":\"Aline Mesquita\",\"@id\":\"https:\/\/www.oitchau.com.br\/blog\/#\/schema\/person\/40ba65f8664531ffe1465f6cb9d82430\"},\"headline\":\"Aux\u00edlio creche: por que oferec\u00ea-lo? Veja aqui!\",\"datePublished\":\"2022-07-29T10:11:23+00:00\",\"dateModified\":\"2024-05-16T12:55:35+00:00\",\"mainEntityOfPage\":{\"@id\":\"https:\/\/www.oitchau.com.br\/blog\/oferecer-auxilio-creche-para-funcionarios\/\"},\"wordCount\":1220,\"publisher\":{\"@id\":\"https:\/\/www.oitchau.com.br\/blog\/#organization\"},\"image\":{\"@id\":\"https:\/\/www.oitchau.com.br\/blog\/oferecer-auxilio-creche-para-funcionarios\/#primaryimage\"},\"thumbnailUrl\":\"https:\/\/storage.googleapis.com\/oitchaublog\/2022\/07\/e246482e-auxilio-creche.png\",\"keywords\":[\"aux\u00edlio creche\",\"benef\u00edcios corporativos\",\"oferecer aux\u00edlio creche\"],\"articleSection\":[\"Departamento pessoal\"],\"inLanguage\":\"pt-BR\"},{\"@type\":\"WebPage\",\"@id\":\"https:\/\/www.oitchau.com.br\/blog\/oferecer-auxilio-creche-para-funcionarios\/\",\"url\":\"https:\/\/www.oitchau.com.br\/blog\/oferecer-auxilio-creche-para-funcionarios\/\",\"name\":\"Aux\u00edlio Creche: Como funciona? Guia Completo - Oitchau\",\"isPartOf\":{\"@id\":\"https:\/\/www.oitchau.com.br\/blog\/#website\"},\"primaryImageOfPage\":{\"@id\":\"https:\/\/www.oitchau.com.br\/blog\/oferecer-auxilio-creche-para-funcionarios\/#primaryimage\"},\"image\":{\"@id\":\"https:\/\/www.oitchau.com.br\/blog\/oferecer-auxilio-creche-para-funcionarios\/#primaryimage\"},\"thumbnailUrl\":\"https:\/\/storage.googleapis.com\/oitchaublog\/2022\/07\/e246482e-auxilio-creche.png\",\"datePublished\":\"2022-07-29T10:11:23+00:00\",\"dateModified\":\"2024-05-16T12:55:35+00:00\",\"description\":\"Descubra como funciona o Aux\u00edlio Creche e garanta o suporte necess\u00e1rio para conciliar maternidade\/paternidade e trabalho. Leia nosso guia completo agora!\",\"breadcrumb\":{\"@id\":\"https:\/\/www.oitchau.com.br\/blog\/oferecer-auxilio-creche-para-funcionarios\/#breadcrumb\"},\"inLanguage\":\"pt-BR\",\"potentialAction\":[{\"@type\":\"ReadAction\",\"target\":[\"https:\/\/www.oitchau.com.br\/blog\/oferecer-auxilio-creche-para-funcionarios\/\"]}]},{\"@type\":\"ImageObject\",\"inLanguage\":\"pt-BR\",\"@id\":\"https:\/\/www.oitchau.com.br\/blog\/oferecer-auxilio-creche-para-funcionarios\/#primaryimage\",\"url\":\"https:\/\/storage.googleapis.com\/oitchaublog\/2022\/07\/e246482e-auxilio-creche.png\",\"contentUrl\":\"https:\/\/storage.googleapis.com\/oitchaublog\/2022\/07\/e246482e-auxilio-creche.png\",\"width\":1982,\"height\":800,\"caption\":\"ilustra\u00e7\u00e3o de aux\u00edlio creche\"},{\"@type\":\"BreadcrumbList\",\"@id\":\"https:\/\/www.oitchau.com.br\/blog\/oferecer-auxilio-creche-para-funcionarios\/#breadcrumb\",\"itemListElement\":[{\"@type\":\"ListItem\",\"position\":1,\"name\":\"Blog\",\"item\":\"https:\/\/www.oitchau.com.br\/blog\/\"},{\"@type\":\"ListItem\",\"position\":2,\"name\":\"Aux\u00edlio creche: por que oferec\u00ea-lo? Veja aqui!\"}]},{\"@type\":\"WebSite\",\"@id\":\"https:\/\/www.oitchau.com.br\/blog\/#website\",\"url\":\"https:\/\/www.oitchau.com.br\/blog\/\",\"name\":\"Controle de Ponto & Timesheets\",\"description\":\"\",\"publisher\":{\"@id\":\"https:\/\/www.oitchau.com.br\/blog\/#organization\"},\"potentialAction\":[{\"@type\":\"SearchAction\",\"target\":{\"@type\":\"EntryPoint\",\"urlTemplate\":\"https:\/\/www.oitchau.com.br\/blog\/?s={search_term_string}\"},\"query-input\":\"required name=search_term_string\"}],\"inLanguage\":\"pt-BR\"},{\"@type\":\"Organization\",\"@id\":\"https:\/\/www.oitchau.com.br\/blog\/#organization\",\"name\":\"Oitchau\",\"url\":\"https:\/\/www.oitchau.com.br\/blog\/\",\"logo\":{\"@type\":\"ImageObject\",\"inLanguage\":\"pt-BR\",\"@id\":\"https:\/\/www.oitchau.com.br\/blog\/#\/schema\/logo\/image\/\",\"url\":\"https:\/\/storage.googleapis.com\/oitchaublog\/2024\/03\/a0e65c6f-design-sem-nome-20.png\",\"contentUrl\":\"https:\/\/storage.googleapis.com\/oitchaublog\/2024\/03\/a0e65c6f-design-sem-nome-20.png\",\"width\":696,\"height\":696,\"caption\":\"Oitchau\"},\"image\":{\"@id\":\"https:\/\/www.oitchau.com.br\/blog\/#\/schema\/logo\/image\/\"},\"sameAs\":[\"https:\/\/www.facebook.com\/oitchaubr\/\",\"https:\/\/twitter.com\/oitchaubr\",\"https:\/\/instagram.com\/oitchaubr\"],\"description\":\"A Oitchau \u00e9 uma solu\u00e7\u00e3o completa para gest\u00e3o de tempo dos colaboradores, atrav\u00e9s de suas solu\u00e7\u00f5es de controle de ponto & timesheets, ela permite que gestores, RH e DP possam gerenciar desde a jornada de trabalho de funcion\u00e1rios at\u00e9 a gest\u00e3o de tempo em projetos. Elevando o n\u00edvel estrat\u00e9gico do neg\u00f3cio de forma inteligente e assertiva, potencializando seus resultados e garantindo compliance com a Lei.\",\"email\":\"contato@oitchau.com.br\",\"telephone\":\"+551142102846\",\"foundingDate\":\"2016-01-01\",\"numberOfEmployees\":{\"@type\":\"QuantitativeValue\",\"minValue\":\"51\",\"maxValue\":\"200\"}},{\"@type\":\"Person\",\"@id\":\"https:\/\/www.oitchau.com.br\/blog\/#\/schema\/person\/40ba65f8664531ffe1465f6cb9d82430\",\"name\":\"Aline Mesquita\",\"url\":\"https:\/\/www.oitchau.com.br\/blog\/author\/aline\/\"}]}<\/script>\n<!-- \/ Yoast SEO Premium plugin. -->","yoast_head_json":{"title":"Aux\u00edlio Creche: Como funciona? Guia Completo - Oitchau","description":"Descubra como funciona o Aux\u00edlio Creche e garanta o suporte necess\u00e1rio para conciliar maternidade\/paternidade e trabalho. Leia nosso guia completo agora!","robots":{"index":"index","follow":"follow","max-snippet":"max-snippet:-1","max-image-preview":"max-image-preview:large","max-video-preview":"max-video-preview:-1"},"canonical":"https:\/\/www.oitchau.com.br\/blog\/oferecer-auxilio-creche-para-funcionarios\/","og_locale":"pt_BR","og_type":"article","og_title":"Aux\u00edlio creche: por que oferec\u00ea-lo? Veja aqui!","og_description":"Descubra como funciona o Aux\u00edlio Creche e garanta o suporte necess\u00e1rio para conciliar maternidade\/paternidade e trabalho. Leia nosso guia completo agora!","og_url":"https:\/\/www.oitchau.com.br\/blog\/oferecer-auxilio-creche-para-funcionarios\/","og_site_name":"Controle de Ponto &amp; Timesheets","article_publisher":"https:\/\/www.facebook.com\/oitchaubr\/","article_published_time":"2022-07-29T10:11:23+00:00","article_modified_time":"2024-05-16T12:55:35+00:00","og_image":[{"width":1982,"height":800,"url":"https:\/\/storage.googleapis.com\/oitchaublog\/2022\/07\/e246482e-auxilio-creche.png","type":"image\/png"}],"author":"Aline Mesquita","twitter_card":"summary_large_image","twitter_creator":"@oitchaubr","twitter_site":"@oitchaubr","twitter_misc":{"Written by":"Aline Mesquita","Est. reading time":"7 minutos"},"schema":{"@context":"https:\/\/schema.org","@graph":[{"@type":["Article","BlogPosting"],"@id":"https:\/\/www.oitchau.com.br\/blog\/oferecer-auxilio-creche-para-funcionarios\/#article","isPartOf":{"@id":"https:\/\/www.oitchau.com.br\/blog\/oferecer-auxilio-creche-para-funcionarios\/"},"author":{"name":"Aline Mesquita","@id":"https:\/\/www.oitchau.com.br\/blog\/#\/schema\/person\/40ba65f8664531ffe1465f6cb9d82430"},"headline":"Aux\u00edlio creche: por que oferec\u00ea-lo? Veja aqui!","datePublished":"2022-07-29T10:11:23+00:00","dateModified":"2024-05-16T12:55:35+00:00","mainEntityOfPage":{"@id":"https:\/\/www.oitchau.com.br\/blog\/oferecer-auxilio-creche-para-funcionarios\/"},"wordCount":1220,"publisher":{"@id":"https:\/\/www.oitchau.com.br\/blog\/#organization"},"image":{"@id":"https:\/\/www.oitchau.com.br\/blog\/oferecer-auxilio-creche-para-funcionarios\/#primaryimage"},"thumbnailUrl":"https:\/\/storage.googleapis.com\/oitchaublog\/2022\/07\/e246482e-auxilio-creche.png","keywords":["aux\u00edlio creche","benef\u00edcios corporativos","oferecer aux\u00edlio creche"],"articleSection":["Departamento pessoal"],"inLanguage":"pt-BR"},{"@type":"WebPage","@id":"https:\/\/www.oitchau.com.br\/blog\/oferecer-auxilio-creche-para-funcionarios\/","url":"https:\/\/www.oitchau.com.br\/blog\/oferecer-auxilio-creche-para-funcionarios\/","name":"Aux\u00edlio Creche: Como funciona? Guia Completo - Oitchau","isPartOf":{"@id":"https:\/\/www.oitchau.com.br\/blog\/#website"},"primaryImageOfPage":{"@id":"https:\/\/www.oitchau.com.br\/blog\/oferecer-auxilio-creche-para-funcionarios\/#primaryimage"},"image":{"@id":"https:\/\/www.oitchau.com.br\/blog\/oferecer-auxilio-creche-para-funcionarios\/#primaryimage"},"thumbnailUrl":"https:\/\/storage.googleapis.com\/oitchaublog\/2022\/07\/e246482e-auxilio-creche.png","datePublished":"2022-07-29T10:11:23+00:00","dateModified":"2024-05-16T12:55:35+00:00","description":"Descubra como funciona o Aux\u00edlio Creche e garanta o suporte necess\u00e1rio para conciliar maternidade\/paternidade e trabalho. Leia nosso guia completo agora!","breadcrumb":{"@id":"https:\/\/www.oitchau.com.br\/blog\/oferecer-auxilio-creche-para-funcionarios\/#breadcrumb"},"inLanguage":"pt-BR","potentialAction":[{"@type":"ReadAction","target":["https:\/\/www.oitchau.com.br\/blog\/oferecer-auxilio-creche-para-funcionarios\/"]}]},{"@type":"ImageObject","inLanguage":"pt-BR","@id":"https:\/\/www.oitchau.com.br\/blog\/oferecer-auxilio-creche-para-funcionarios\/#primaryimage","url":"https:\/\/storage.googleapis.com\/oitchaublog\/2022\/07\/e246482e-auxilio-creche.png","contentUrl":"https:\/\/storage.googleapis.com\/oitchaublog\/2022\/07\/e246482e-auxilio-creche.png","width":1982,"height":800,"caption":"ilustra\u00e7\u00e3o de aux\u00edlio creche"},{"@type":"BreadcrumbList","@id":"https:\/\/www.oitchau.com.br\/blog\/oferecer-auxilio-creche-para-funcionarios\/#breadcrumb","itemListElement":[{"@type":"ListItem","position":1,"name":"Blog","item":"https:\/\/www.oitchau.com.br\/blog\/"},{"@type":"ListItem","position":2,"name":"Aux\u00edlio creche: por que oferec\u00ea-lo? Veja aqui!"}]},{"@type":"WebSite","@id":"https:\/\/www.oitchau.com.br\/blog\/#website","url":"https:\/\/www.oitchau.com.br\/blog\/","name":"Controle de Ponto & Timesheets","description":"","publisher":{"@id":"https:\/\/www.oitchau.com.br\/blog\/#organization"},"potentialAction":[{"@type":"SearchAction","target":{"@type":"EntryPoint","urlTemplate":"https:\/\/www.oitchau.com.br\/blog\/?s={search_term_string}"},"query-input":"required name=search_term_string"}],"inLanguage":"pt-BR"},{"@type":"Organization","@id":"https:\/\/www.oitchau.com.br\/blog\/#organization","name":"Oitchau","url":"https:\/\/www.oitchau.com.br\/blog\/","logo":{"@type":"ImageObject","inLanguage":"pt-BR","@id":"https:\/\/www.oitchau.com.br\/blog\/#\/schema\/logo\/image\/","url":"https:\/\/storage.googleapis.com\/oitchaublog\/2024\/03\/a0e65c6f-design-sem-nome-20.png","contentUrl":"https:\/\/storage.googleapis.com\/oitchaublog\/2024\/03\/a0e65c6f-design-sem-nome-20.png","width":696,"height":696,"caption":"Oitchau"},"image":{"@id":"https:\/\/www.oitchau.com.br\/blog\/#\/schema\/logo\/image\/"},"sameAs":["https:\/\/www.facebook.com\/oitchaubr\/","https:\/\/twitter.com\/oitchaubr","https:\/\/instagram.com\/oitchaubr"],"description":"A Oitchau \u00e9 uma solu\u00e7\u00e3o completa para gest\u00e3o de tempo dos colaboradores, atrav\u00e9s de suas solu\u00e7\u00f5es de controle de ponto & timesheets, ela permite que gestores, RH e DP possam gerenciar desde a jornada de trabalho de funcion\u00e1rios at\u00e9 a gest\u00e3o de tempo em projetos. Elevando o n\u00edvel estrat\u00e9gico do neg\u00f3cio de forma inteligente e assertiva, potencializando seus resultados e garantindo compliance com a Lei.","email":"contato@oitchau.com.br","telephone":"+551142102846","foundingDate":"2016-01-01","numberOfEmployees":{"@type":"QuantitativeValue","minValue":"51","maxValue":"200"}},{"@type":"Person","@id":"https:\/\/www.oitchau.com.br\/blog\/#\/schema\/person\/40ba65f8664531ffe1465f6cb9d82430","name":"Aline Mesquita","url":"https:\/\/www.oitchau.com.br\/blog\/author\/aline\/"}]}},"_links":{"self":[{"href":"https:\/\/www.oitchau.com.br\/blog\/wp-json\/wp\/v2\/posts\/24805"}],"collection":[{"href":"https:\/\/www.oitchau.com.br\/blog\/wp-json\/wp\/v2\/posts"}],"about":[{"href":"https:\/\/www.oitchau.com.br\/blog\/wp-json\/wp\/v2\/types\/post"}],"author":[{"embeddable":true,"href":"https:\/\/www.oitchau.com.br\/blog\/wp-json\/wp\/v2\/users\/11"}],"replies":[{"embeddable":true,"href":"https:\/\/www.oitchau.com.br\/blog\/wp-json\/wp\/v2\/comments?post=24805"}],"version-history":[{"count":3,"href":"https:\/\/www.oitchau.com.br\/blog\/wp-json\/wp\/v2\/posts\/24805\/revisions"}],"predecessor-version":[{"id":33904,"href":"https:\/\/www.oitchau.com.br\/blog\/wp-json\/wp\/v2\/posts\/24805\/revisions\/33904"}],"wp:featuredmedia":[{"embeddable":true,"href":"https:\/\/www.oitchau.com.br\/blog\/wp-json\/wp\/v2\/media\/33903"}],"wp:attachment":[{"href":"https:\/\/www.oitchau.com.br\/blog\/wp-json\/wp\/v2\/media?parent=24805"}],"wp:term":[{"taxonomy":"category","embeddable":true,"href":"https:\/\/www.oitchau.com.br\/blog\/wp-json\/wp\/v2\/categories?post=24805"},{"taxonomy":"post_tag","embeddable":true,"href":"https:\/\/www.oitchau.com.br\/blog\/wp-json\/wp\/v2\/tags?post=24805"}],"curies":[{"name":"wp","href":"https:\/\/api.w.org\/{rel}","templated":true}]}}