{"id":23463,"date":"2022-07-19T05:54:58","date_gmt":"2022-07-19T02:54:58","guid":{"rendered":"https:\/\/www.oitchau.com.br\/blog\/?p=23463"},"modified":"2024-08-21T20:13:21","modified_gmt":"2024-08-21T17:13:21","slug":"melhorar-a-comunicao-interna","status":"publish","type":"post","link":"https:\/\/www.oitchau.com.br\/blog\/melhorar-a-comunicao-interna\/","title":{"rendered":"Dicas para melhorar a comunica\u00e7\u00e3o interna na empresa"},"content":{"rendered":"<p><span style=\"font-weight: 400;\">Quanto o seu setor de Recursos Humanos investe para melhorar a comunica\u00e7\u00e3o interna da sua empresa?<\/span><\/p>\n<p><span style=\"font-weight: 400;\">Se a resposta para essa pergunta \u00e9 pouco, ou que o investimento existe, por\u00e9m, sem grandes retornos, \u00e9 necess\u00e1rio dar uma aten\u00e7\u00e3o especial para essa m\u00e9trica t\u00e3o importante para o andamento da empresa.<\/span><\/p>\n<p><span style=\"font-weight: 400;\">Pensando nisso, elaboramos um conte\u00fado contendo dicas pr\u00e1ticas para que a comunica\u00e7\u00e3o interna se torne um ponto forte na sua empresa.<\/span><\/p>\n<h2><span style=\"font-weight: 400;\">Qual a import\u00e2ncia da comunica\u00e7\u00e3o interna?<\/span><\/h2>\n<p><span style=\"font-weight: 400;\">Antes de partir para as dicas, \u00e9 necess\u00e1rio que voc\u00ea saiba por que \u00e9 t\u00e3o importante coloc\u00e1-las em pr\u00e1tica.<\/span><\/p>\n<p><span style=\"font-weight: 400;\">A resposta mais direta poss\u00edvel para esse questionamento \u00e9 que sem uma boa comunica\u00e7\u00e3o interna os colaboradores dificilmente propagar\u00e3o a cultura da marca para os consumidores, diminuindo a sua atratividade.<\/span><\/p>\n<p><span style=\"font-weight: 400;\">Pense com a gente, uma comunica\u00e7\u00e3o interna clara consegue tornar os profissionais mais engajados, pois eles saber\u00e3o exatamente qual a mensagem que a empresa deve transmitir.<\/span><\/p>\n<p><span style=\"font-weight: 400;\">Al\u00e9m disso, investir nesse quesito significa ter um canal aberto com os colaboradores, tornando os ru\u00eddos na comunica\u00e7\u00e3o cada vez menores e possibilitando uma troca genu\u00edna.<\/span><\/p>\n<h2><span style=\"font-weight: 400;\">Em que momentos a comunica\u00e7\u00e3o interna \u00e9 utilizada?<\/span><\/h2>\n<p><span style=\"font-weight: 400;\">Se voc\u00ea ainda est\u00e1 com d\u00favidas para entender o que \u00e9 e por que voc\u00ea deve melhorar a comunica\u00e7\u00e3o interna da sua empresa, confira algumas ocasi\u00f5es em que ela \u00e9 utilizada e pode representar a diferen\u00e7a no engajamento:<\/span><\/p>\n<ul>\n<li style=\"font-weight: 400;\" aria-level=\"1\"><span style=\"font-weight: 400;\">Comunica\u00e7\u00e3o das metas do m\u00eas ou semana;<\/span><\/li>\n<li style=\"font-weight: 400;\" aria-level=\"1\"><span style=\"font-weight: 400;\">Informa\u00e7\u00f5es sobre eventos da empresa, como happy hours e festas de aniversariantes do m\u00eas;<\/span><\/li>\n<li style=\"font-weight: 400;\" aria-level=\"1\"><span style=\"font-weight: 400;\">Orienta\u00e7\u00f5es sobre conduta no ambiente de trabalho;<\/span><\/li>\n<li style=\"font-weight: 400;\" aria-level=\"1\"><span style=\"font-weight: 400;\">Orienta\u00e7\u00f5es sobre os canais de <\/span><a target=\"_blank\" href=\"https:\/\/www.oitchau.com.br\/blog\/comunicacao-assincrona-e-sincrona\/\" rel=\"noopener\"><span style=\"font-weight: 400;\">comunica\u00e7\u00e3o s\u00edncrona e ass\u00edncronas<\/span><\/a><span style=\"font-weight: 400;\"> utilizados pela empresa;<\/span><\/li>\n<li style=\"font-weight: 400;\" aria-level=\"1\"><span style=\"font-weight: 400;\">Comunica\u00e7\u00e3o dos resultados atingindo em um per\u00edodo.<\/span><\/li>\n<\/ul>\n<p><span data-sheets-value=\"{&quot;1&quot;:2,&quot;2&quot;:&quot;\n\t\t&lt;!--HubSpot Call-to-Action Code --&gt;\n\t\t&lt;span class=&quot;hs-cta-wrapper&quot; id=&quot;hs-cta-wrapper-86cee452-bec2-49bb-aa7c-a99f6a93f20f&quot;&gt;\n\t\t&lt;span class=&quot;hs-cta-node hs-cta-86cee452-bec2-49bb-aa7c-a99f6a93f20f&quot; id=&quot;86cee452-bec2-49bb-aa7c-a99f6a93f20f&quot;&gt;\n\t\t&lt;!--[if lte IE 8]&gt;\n\t\t&lt;div id=&quot;hs-cta-ie-element&quot;&gt;&lt;\/div&gt;\n\t\t&lt;![endif]--&gt;\n\t\t&lt;a href=&quot;https:\/\/cta-redirect.hubspot.com\/cta\/redirect\/20984162\/86cee452-bec2-49bb-aa7c-a99f6a93f20f&quot; &gt;\n\t\t&lt;img class=&quot;hs-cta-img&quot; id=&quot;hs-cta-img-86cee452-bec2-49bb-aa7c-a99f6a93f20f&quot; style=&quot;border-width:0px;&quot; src=&quot;https:\/\/no-cache.hubspot.com\/cta\/default\/20984162\/86cee452-bec2-49bb-aa7c-a99f6a93f20f.png&quot;  alt=&quot;New call-to-action&quot;\/&gt;\n\t\t&lt;\/a&gt;\n\t\t&lt;\/span&gt;\n\t\t&lt;script charset=&quot;utf-8&quot; src=&quot;\/\/js.hubspot.com\/cta\/current.js&quot;&gt;&lt;\/script&gt;\n\t\t&lt;script&gt;\n\t\thbspt.cta.load(20984162, &#039;86cee452-bec2-49bb-aa7c-a99f6a93f20f&#039;, {});\n\t\t&lt;\/script&gt;\n\t\t&lt;\/span&gt;\n\t\t&lt;!-- end HubSpot Call-to-Action Code --&gt;\n\t\t&quot;}\" data-sheets-userformat=\"{&quot;2&quot;:9089,&quot;3&quot;:{&quot;1&quot;:0},&quot;10&quot;:1,&quot;11&quot;:4,&quot;12&quot;:0,&quot;16&quot;:9}\">\n\t\t<!--HubSpot Call-to-Action Code -->\n\t\t<span class=\"hs-cta-wrapper\" id=\"hs-cta-wrapper-86cee452-bec2-49bb-aa7c-a99f6a93f20f\">\n\t\t<span class=\"hs-cta-node hs-cta-86cee452-bec2-49bb-aa7c-a99f6a93f20f\" id=\"86cee452-bec2-49bb-aa7c-a99f6a93f20f\">\n\t\t<!--[if lte IE 8]>\n\t\t<div id=\"hs-cta-ie-element\"><\/div>\n\t\t<![endif]-->\n\t\t<a href=\"https:\/\/cta-redirect.hubspot.com\/cta\/redirect\/20984162\/86cee452-bec2-49bb-aa7c-a99f6a93f20f\" >\n\t\t<img decoding=\"async\" class=\"hs-cta-img\" id=\"hs-cta-img-86cee452-bec2-49bb-aa7c-a99f6a93f20f\" style=\"border-width:0px;\" src=\"https:\/\/no-cache.hubspot.com\/cta\/default\/20984162\/86cee452-bec2-49bb-aa7c-a99f6a93f20f.png\"  alt=\"New call-to-action\"\/>\n\t\t<\/a>\n\t\t<\/span>\n\t\t<script charset=\"utf-8\" src=\"\/\/js.hubspot.com\/cta\/current.js\"><\/script>\n\t\t<script>\n\t\thbspt.cta.load(20984162, '86cee452-bec2-49bb-aa7c-a99f6a93f20f', {});\n\t\t<\/script>\n\t\t<\/span>\n\t\t<!-- end HubSpot Call-to-Action Code -->\n\t\t<\/span><\/p>\n<h2><span style=\"font-weight: 400;\">6 dicas para melhorar a comunica\u00e7\u00e3o interna<\/span><\/h2>\n<p><span style=\"font-weight: 400;\">Agora que voc\u00ea j\u00e1 sabe o que \u00e9 e qual \u00e9 a import\u00e2ncia da comunica\u00e7\u00e3o interna, confira as dicas que permitir\u00e3o que voc\u00ea tenha sucesso em sua melhora:<\/span><\/p>\n<h3><span style=\"font-weight: 400;\">1 &#8211; Invista na cultura organizacional<\/span><\/h3>\n<p><span style=\"font-weight: 400;\">Se voc\u00ea deseja melhorar a comunica\u00e7\u00e3o interna, primeiro invista na cria\u00e7\u00e3o e <\/span><a target=\"_blank\" href=\"https:\/\/www.oitchau.com.br\/blog\/cultura-organizacional-da-empresa\/\" rel=\"noopener\"><span style=\"font-weight: 400;\">consolida\u00e7\u00e3o da cultura organizacional<\/span><\/a><span style=\"font-weight: 400;\">.<\/span><\/p>\n<p><span style=\"font-weight: 400;\">A cultura organizacional de uma empresa \u00e9 o conjunto de cren\u00e7as, h\u00e1bitos, valores e atitudes incorporados em cada a\u00e7\u00e3o da empresa.<\/span><\/p>\n<p><span style=\"font-weight: 400;\">Trazendo ela para a comunica\u00e7\u00e3o interna, vamos utilizar o exemplo dos canais utilizados para que as mensagens cheguem at\u00e9 os colaboradores.<\/span><\/p>\n<p><span style=\"font-weight: 400;\">Se um dos valores da empresa \u00e9 a praticidade e a agilidade, os canais devem corresponder a isso, sendo utilizados para uma comunica\u00e7\u00e3o mais clara poss\u00edvel.<\/span><\/p>\n<h3><span style=\"font-weight: 400;\">2 &#8211; Certifique-se de que a comunica\u00e7\u00e3o est\u00e1 acontecendo<\/span><\/h3>\n<p><span style=\"font-weight: 400;\">Agora pouco falamos dos ru\u00eddos que atrapalham a comunica\u00e7\u00e3o interna, ou seja, itens que impedem a propaga\u00e7\u00e3o da mensagem que a empresa gostaria que fosse transmitida.<\/span><\/p>\n<p><span style=\"font-weight: 400;\">Para saber se a comunica\u00e7\u00e3o est\u00e1 acontecendo ou n\u00e3o, o RH pode recorrer \u00e0 an\u00e1lise de dados e pesquisas de satisfa\u00e7\u00e3o.<\/span><\/p>\n<p><span style=\"font-weight: 400;\">Algumas informa\u00e7\u00f5es podem ser obtidas sem a necessidade de que pesquisas espec\u00edficas voltadas \u00e0 comunica\u00e7\u00e3o interna sejam feitas, por exemplo, quantas metas propostas foram atingidas.<\/span><\/p>\n<p><span style=\"font-weight: 400;\">J\u00e1 as pesquisas espec\u00edficas devem focar em dados relevantes, como o conhecimento dos profissionais sobre os elementos que comp\u00f5em a cultura organizacional e como eles devem agir quando encontram uma dificuldade.<\/span><\/p>\n<p><span style=\"font-weight: 400;\">Os resultados de ambos os formatos ajudam a delimitar os principais pontos a serem considerados para melhorar a comunica\u00e7\u00e3o interna.<\/span><\/p>\n<h3><span style=\"font-weight: 400;\">3 &#8211; Engaje as lideran\u00e7as<\/span><\/h3>\n<p><span style=\"font-weight: 400;\">Na maior parte dos casos, a comunica\u00e7\u00e3o direcionada aos colaboradores partir\u00e1 das lideran\u00e7as, por conta disso \u00e9 fundamental que eles estejam engajados em dar o seu melhor.<\/span><\/p>\n<p><span style=\"font-weight: 400;\">Isso n\u00e3o significa apenas transmitir a mensagem de maneira clara, mas tamb\u00e9m deixar claro que os profissionais t\u00eam um canal aberto para tirar d\u00favidas e apresentar as suas propostas.<\/span><\/p>\n<p><span style=\"font-weight: 400;\">O que acabar\u00e1 se conectando com a pr\u00f3xima dica.<\/span><\/p>\n<h3><span style=\"font-weight: 400;\">4 &#8211; Crie um ambiente onde o colaborador se sente valorizado<\/span><\/h3>\n<p><span style=\"font-weight: 400;\">O colaborador ouvido e que recebe feedbacks frequentes acaba por se sentir mais valorizado, impactando diretamente em sua produtividade e vis\u00e3o sobre a empresa.<\/span><\/p>\n<p><span style=\"font-weight: 400;\">Dentre os pap\u00e9is da comunica\u00e7\u00e3o para que essa valoriza\u00e7\u00e3o ocorra est\u00e1 a implementa\u00e7\u00e3o de uma comunica\u00e7\u00e3o de m\u00e3o dupla.<\/span><\/p>\n<p><span style=\"font-weight: 400;\">Ou seja, a comunica\u00e7\u00e3o interna n\u00e3o deve ser apenas da empresa para o colaborador, mas tamb\u00e9m do colaborador para a empresa, uma verdadeira troca.<\/span><\/p>\n<p><span style=\"font-weight: 400;\">Logicamente, as pautas s\u00e3o trazidas pelo setor de RH e as lideran\u00e7as, mas os profissionais devem ter sempre o seu espa\u00e7o para respostas e d\u00favidas.<\/span><\/p>\n<h3><span style=\"font-weight: 400;\">5 &#8211; Use ferramentas que se encaixam na cultura da empresa e no perfil dos profissionais<\/span><\/h3>\n<p><span style=\"font-weight: 400;\">Como j\u00e1 falamos anteriormente, a cultura organizacional auxilia na escolha das ferramentas que ser\u00e3o utilizadas para a comunica\u00e7\u00e3o.<\/span><\/p>\n<p><span style=\"font-weight: 400;\">\u00c9 fundamental considerar o perfil dos colaboradores e a sua familiaridade com a solu\u00e7\u00e3o, por exemplo, uma empresa que possui funcion\u00e1rios mais jovens e com facilidade no de tecnologias pode usar sem problemas ferramentas como o Slack e chamadas de v\u00eddeo.<\/span><\/p>\n<p><span style=\"font-weight: 400;\">J\u00e1 aquelas que detectam resist\u00eancia dos profissionais quanto a formas n\u00e3o usuais de comunica\u00e7\u00e3o podem focar no email e nas reuni\u00f5es presenciais.<\/span><\/p>\n<h3><span style=\"font-weight: 400;\">6 &#8211; Monitore a qualidade da comunica\u00e7\u00e3o constantemente<\/span><\/h3>\n<p><span style=\"font-weight: 400;\">Por fim, o setor de RH deve ter em mente que melhorar a comunica\u00e7\u00e3o interna \u00e9 um trabalho constante.<\/span><\/p>\n<p><span style=\"font-weight: 400;\">As estrat\u00e9gias devem ser implementadas e analisadas conforme o passar do tempo, sem esquecer de contar sempre com a opini\u00e3o dos colaboradores.<\/span><\/p>\n<p><span style=\"font-weight: 400;\">Dessa forma a comunica\u00e7\u00e3o interna pode deixar de ser uma dor de cabe\u00e7a para sua marca e passar a ser um dos fatores determinantes para o seu sucesso.<\/span><\/p>\n<p><span style=\"font-weight: 400;\">Continue o seu aprendizado sobre a gest\u00e3o de pessoas, confira outros conte\u00fados como esse no <\/span><a target=\"_blank\" href=\"https:\/\/www.oitchau.com.br\/blog\/\" rel=\"noopener\"><span style=\"font-weight: 400;\">blog da Oitchau<\/span><\/a><span style=\"font-weight: 400;\">.<\/span><\/p>\n","protected":false},"excerpt":{"rendered":"<p>Quanto o seu setor de Recursos Humanos investe para melhorar a comunica\u00e7\u00e3o interna da sua empresa? Se a resposta para essa pergunta \u00e9 pouco, ou que o investimento existe, por\u00e9m, sem grandes retornos, \u00e9 necess\u00e1rio dar uma aten\u00e7\u00e3o especial para essa m\u00e9trica t\u00e3o importante para o andamento da empresa. Pensando nisso, elaboramos um conte\u00fado contendo [&hellip;]<\/p>\n","protected":false},"author":16,"featured_media":35973,"comment_status":"closed","ping_status":"open","sticky":false,"template":"","format":"standard","meta":{"content-type":"","footnotes":""},"categories":[224],"tags":[],"yoast_head":"<!-- This site is optimized with the Yoast SEO Premium plugin v22.2 (Yoast SEO v22.2) - https:\/\/yoast.com\/wordpress\/plugins\/seo\/ -->\n<title>Melhorar a comunica\u00e7\u00e3o interna: 6 dicas pr\u00e1ticas - Oitchau<\/title>\n<meta name=\"description\" content=\"Saiba como melhorar a comunica\u00e7\u00e3o interna da sua empresa a partir de 6 dicas que v\u00e3o mudar a forma como os colaboradores veem a marca.\" \/>\n<meta name=\"robots\" content=\"index, follow, max-snippet:-1, max-image-preview:large, max-video-preview:-1\" \/>\n<link rel=\"canonical\" href=\"https:\/\/www.oitchau.com.br\/blog\/melhorar-a-comunicao-interna\/\" \/>\n<meta property=\"og:locale\" content=\"pt_BR\" \/>\n<meta property=\"og:type\" content=\"article\" \/>\n<meta property=\"og:title\" content=\"Dicas para melhorar a comunica\u00e7\u00e3o interna na empresa\" \/>\n<meta property=\"og:description\" content=\"Saiba como melhorar a comunica\u00e7\u00e3o interna da sua empresa a partir de 6 dicas que v\u00e3o mudar a forma como os colaboradores veem a marca.\" \/>\n<meta property=\"og:url\" content=\"https:\/\/www.oitchau.com.br\/blog\/melhorar-a-comunicao-interna\/\" \/>\n<meta property=\"og:site_name\" content=\"Controle de Ponto &amp; Timesheets\" \/>\n<meta property=\"article:publisher\" content=\"https:\/\/www.facebook.com\/oitchaubr\/\" \/>\n<meta property=\"article:published_time\" content=\"2022-07-19T02:54:58+00:00\" \/>\n<meta property=\"article:modified_time\" content=\"2024-08-21T17:13:21+00:00\" \/>\n<meta property=\"og:image\" content=\"https:\/\/storage.googleapis.com\/oitchaublog\/2022\/07\/46c63690-melhorar-a-comunicacao-interna.png\" \/>\n\t<meta property=\"og:image:width\" content=\"1982\" \/>\n\t<meta property=\"og:image:height\" content=\"800\" \/>\n\t<meta property=\"og:image:type\" content=\"image\/png\" \/>\n<meta name=\"author\" content=\"Julia Neves\" \/>\n<meta name=\"twitter:card\" content=\"summary_large_image\" \/>\n<meta name=\"twitter:creator\" content=\"@oitchaubr\" \/>\n<meta name=\"twitter:site\" content=\"@oitchaubr\" \/>\n<meta name=\"twitter:label1\" content=\"Written by\" \/>\n\t<meta name=\"twitter:data1\" content=\"Julia Neves\" \/>\n\t<meta name=\"twitter:label2\" content=\"Est. reading time\" \/>\n\t<meta name=\"twitter:data2\" content=\"6 minutos\" \/>\n<script type=\"application\/ld+json\" class=\"yoast-schema-graph\">{\"@context\":\"https:\/\/schema.org\",\"@graph\":[{\"@type\":[\"Article\",\"BlogPosting\"],\"@id\":\"https:\/\/www.oitchau.com.br\/blog\/melhorar-a-comunicao-interna\/#article\",\"isPartOf\":{\"@id\":\"https:\/\/www.oitchau.com.br\/blog\/melhorar-a-comunicao-interna\/\"},\"author\":{\"name\":\"Julia Neves\",\"@id\":\"https:\/\/www.oitchau.com.br\/blog\/#\/schema\/person\/2d537dd5d364d6364dbe306bf11644f3\"},\"headline\":\"Dicas para melhorar a comunica\u00e7\u00e3o interna na empresa\",\"datePublished\":\"2022-07-19T02:54:58+00:00\",\"dateModified\":\"2024-08-21T17:13:21+00:00\",\"mainEntityOfPage\":{\"@id\":\"https:\/\/www.oitchau.com.br\/blog\/melhorar-a-comunicao-interna\/\"},\"wordCount\":997,\"publisher\":{\"@id\":\"https:\/\/www.oitchau.com.br\/blog\/#organization\"},\"image\":{\"@id\":\"https:\/\/www.oitchau.com.br\/blog\/melhorar-a-comunicao-interna\/#primaryimage\"},\"thumbnailUrl\":\"https:\/\/storage.googleapis.com\/oitchaublog\/2022\/07\/46c63690-melhorar-a-comunicacao-interna.png\",\"articleSection\":[\"Gest\u00e3o de Pessoas\"],\"inLanguage\":\"pt-BR\"},{\"@type\":\"WebPage\",\"@id\":\"https:\/\/www.oitchau.com.br\/blog\/melhorar-a-comunicao-interna\/\",\"url\":\"https:\/\/www.oitchau.com.br\/blog\/melhorar-a-comunicao-interna\/\",\"name\":\"Melhorar a comunica\u00e7\u00e3o interna: 6 dicas pr\u00e1ticas - Oitchau\",\"isPartOf\":{\"@id\":\"https:\/\/www.oitchau.com.br\/blog\/#website\"},\"primaryImageOfPage\":{\"@id\":\"https:\/\/www.oitchau.com.br\/blog\/melhorar-a-comunicao-interna\/#primaryimage\"},\"image\":{\"@id\":\"https:\/\/www.oitchau.com.br\/blog\/melhorar-a-comunicao-interna\/#primaryimage\"},\"thumbnailUrl\":\"https:\/\/storage.googleapis.com\/oitchaublog\/2022\/07\/46c63690-melhorar-a-comunicacao-interna.png\",\"datePublished\":\"2022-07-19T02:54:58+00:00\",\"dateModified\":\"2024-08-21T17:13:21+00:00\",\"description\":\"Saiba como melhorar a comunica\u00e7\u00e3o interna da sua empresa a partir de 6 dicas que v\u00e3o mudar a forma como os colaboradores veem a marca.\",\"breadcrumb\":{\"@id\":\"https:\/\/www.oitchau.com.br\/blog\/melhorar-a-comunicao-interna\/#breadcrumb\"},\"inLanguage\":\"pt-BR\",\"potentialAction\":[{\"@type\":\"ReadAction\",\"target\":[\"https:\/\/www.oitchau.com.br\/blog\/melhorar-a-comunicao-interna\/\"]}]},{\"@type\":\"ImageObject\",\"inLanguage\":\"pt-BR\",\"@id\":\"https:\/\/www.oitchau.com.br\/blog\/melhorar-a-comunicao-interna\/#primaryimage\",\"url\":\"https:\/\/storage.googleapis.com\/oitchaublog\/2022\/07\/46c63690-melhorar-a-comunicacao-interna.png\",\"contentUrl\":\"https:\/\/storage.googleapis.com\/oitchaublog\/2022\/07\/46c63690-melhorar-a-comunicacao-interna.png\",\"width\":1982,\"height\":800,\"caption\":\"melhorar a comunica\u00e7\u00e3o interna\"},{\"@type\":\"BreadcrumbList\",\"@id\":\"https:\/\/www.oitchau.com.br\/blog\/melhorar-a-comunicao-interna\/#breadcrumb\",\"itemListElement\":[{\"@type\":\"ListItem\",\"position\":1,\"name\":\"Blog\",\"item\":\"https:\/\/www.oitchau.com.br\/blog\/\"},{\"@type\":\"ListItem\",\"position\":2,\"name\":\"Dicas para melhorar a comunica\u00e7\u00e3o interna na empresa\"}]},{\"@type\":\"WebSite\",\"@id\":\"https:\/\/www.oitchau.com.br\/blog\/#website\",\"url\":\"https:\/\/www.oitchau.com.br\/blog\/\",\"name\":\"Controle de Ponto & Timesheets\",\"description\":\"\",\"publisher\":{\"@id\":\"https:\/\/www.oitchau.com.br\/blog\/#organization\"},\"potentialAction\":[{\"@type\":\"SearchAction\",\"target\":{\"@type\":\"EntryPoint\",\"urlTemplate\":\"https:\/\/www.oitchau.com.br\/blog\/?s={search_term_string}\"},\"query-input\":\"required name=search_term_string\"}],\"inLanguage\":\"pt-BR\"},{\"@type\":\"Organization\",\"@id\":\"https:\/\/www.oitchau.com.br\/blog\/#organization\",\"name\":\"Oitchau\",\"url\":\"https:\/\/www.oitchau.com.br\/blog\/\",\"logo\":{\"@type\":\"ImageObject\",\"inLanguage\":\"pt-BR\",\"@id\":\"https:\/\/www.oitchau.com.br\/blog\/#\/schema\/logo\/image\/\",\"url\":\"https:\/\/storage.googleapis.com\/oitchaublog\/2024\/03\/a0e65c6f-design-sem-nome-20.png\",\"contentUrl\":\"https:\/\/storage.googleapis.com\/oitchaublog\/2024\/03\/a0e65c6f-design-sem-nome-20.png\",\"width\":696,\"height\":696,\"caption\":\"Oitchau\"},\"image\":{\"@id\":\"https:\/\/www.oitchau.com.br\/blog\/#\/schema\/logo\/image\/\"},\"sameAs\":[\"https:\/\/www.facebook.com\/oitchaubr\/\",\"https:\/\/twitter.com\/oitchaubr\",\"https:\/\/instagram.com\/oitchaubr\"],\"description\":\"A Oitchau \u00e9 uma solu\u00e7\u00e3o completa para gest\u00e3o de tempo dos colaboradores, atrav\u00e9s de suas solu\u00e7\u00f5es de controle de ponto & timesheets, ela permite que gestores, RH e DP possam gerenciar desde a jornada de trabalho de funcion\u00e1rios at\u00e9 a gest\u00e3o de tempo em projetos. Elevando o n\u00edvel estrat\u00e9gico do neg\u00f3cio de forma inteligente e assertiva, potencializando seus resultados e garantindo compliance com a Lei.\",\"email\":\"contato@oitchau.com.br\",\"telephone\":\"+551142102846\",\"foundingDate\":\"2016-01-01\",\"numberOfEmployees\":{\"@type\":\"QuantitativeValue\",\"minValue\":\"51\",\"maxValue\":\"200\"}},{\"@type\":\"Person\",\"@id\":\"https:\/\/www.oitchau.com.br\/blog\/#\/schema\/person\/2d537dd5d364d6364dbe306bf11644f3\",\"name\":\"Julia Neves\",\"url\":\"https:\/\/www.oitchau.com.br\/blog\/author\/julia\/\"}]}<\/script>\n<!-- \/ Yoast SEO Premium plugin. -->","yoast_head_json":{"title":"Melhorar a comunica\u00e7\u00e3o interna: 6 dicas pr\u00e1ticas - Oitchau","description":"Saiba como melhorar a comunica\u00e7\u00e3o interna da sua empresa a partir de 6 dicas que v\u00e3o mudar a forma como os colaboradores veem a marca.","robots":{"index":"index","follow":"follow","max-snippet":"max-snippet:-1","max-image-preview":"max-image-preview:large","max-video-preview":"max-video-preview:-1"},"canonical":"https:\/\/www.oitchau.com.br\/blog\/melhorar-a-comunicao-interna\/","og_locale":"pt_BR","og_type":"article","og_title":"Dicas para melhorar a comunica\u00e7\u00e3o interna na empresa","og_description":"Saiba como melhorar a comunica\u00e7\u00e3o interna da sua empresa a partir de 6 dicas que v\u00e3o mudar a forma como os colaboradores veem a marca.","og_url":"https:\/\/www.oitchau.com.br\/blog\/melhorar-a-comunicao-interna\/","og_site_name":"Controle de Ponto &amp; Timesheets","article_publisher":"https:\/\/www.facebook.com\/oitchaubr\/","article_published_time":"2022-07-19T02:54:58+00:00","article_modified_time":"2024-08-21T17:13:21+00:00","og_image":[{"width":1982,"height":800,"url":"https:\/\/storage.googleapis.com\/oitchaublog\/2022\/07\/46c63690-melhorar-a-comunicacao-interna.png","type":"image\/png"}],"author":"Julia Neves","twitter_card":"summary_large_image","twitter_creator":"@oitchaubr","twitter_site":"@oitchaubr","twitter_misc":{"Written by":"Julia Neves","Est. reading time":"6 minutos"},"schema":{"@context":"https:\/\/schema.org","@graph":[{"@type":["Article","BlogPosting"],"@id":"https:\/\/www.oitchau.com.br\/blog\/melhorar-a-comunicao-interna\/#article","isPartOf":{"@id":"https:\/\/www.oitchau.com.br\/blog\/melhorar-a-comunicao-interna\/"},"author":{"name":"Julia Neves","@id":"https:\/\/www.oitchau.com.br\/blog\/#\/schema\/person\/2d537dd5d364d6364dbe306bf11644f3"},"headline":"Dicas para melhorar a comunica\u00e7\u00e3o interna na empresa","datePublished":"2022-07-19T02:54:58+00:00","dateModified":"2024-08-21T17:13:21+00:00","mainEntityOfPage":{"@id":"https:\/\/www.oitchau.com.br\/blog\/melhorar-a-comunicao-interna\/"},"wordCount":997,"publisher":{"@id":"https:\/\/www.oitchau.com.br\/blog\/#organization"},"image":{"@id":"https:\/\/www.oitchau.com.br\/blog\/melhorar-a-comunicao-interna\/#primaryimage"},"thumbnailUrl":"https:\/\/storage.googleapis.com\/oitchaublog\/2022\/07\/46c63690-melhorar-a-comunicacao-interna.png","articleSection":["Gest\u00e3o de Pessoas"],"inLanguage":"pt-BR"},{"@type":"WebPage","@id":"https:\/\/www.oitchau.com.br\/blog\/melhorar-a-comunicao-interna\/","url":"https:\/\/www.oitchau.com.br\/blog\/melhorar-a-comunicao-interna\/","name":"Melhorar a comunica\u00e7\u00e3o interna: 6 dicas pr\u00e1ticas - Oitchau","isPartOf":{"@id":"https:\/\/www.oitchau.com.br\/blog\/#website"},"primaryImageOfPage":{"@id":"https:\/\/www.oitchau.com.br\/blog\/melhorar-a-comunicao-interna\/#primaryimage"},"image":{"@id":"https:\/\/www.oitchau.com.br\/blog\/melhorar-a-comunicao-interna\/#primaryimage"},"thumbnailUrl":"https:\/\/storage.googleapis.com\/oitchaublog\/2022\/07\/46c63690-melhorar-a-comunicacao-interna.png","datePublished":"2022-07-19T02:54:58+00:00","dateModified":"2024-08-21T17:13:21+00:00","description":"Saiba como melhorar a comunica\u00e7\u00e3o interna da sua empresa a partir de 6 dicas que v\u00e3o mudar a forma como os colaboradores veem a marca.","breadcrumb":{"@id":"https:\/\/www.oitchau.com.br\/blog\/melhorar-a-comunicao-interna\/#breadcrumb"},"inLanguage":"pt-BR","potentialAction":[{"@type":"ReadAction","target":["https:\/\/www.oitchau.com.br\/blog\/melhorar-a-comunicao-interna\/"]}]},{"@type":"ImageObject","inLanguage":"pt-BR","@id":"https:\/\/www.oitchau.com.br\/blog\/melhorar-a-comunicao-interna\/#primaryimage","url":"https:\/\/storage.googleapis.com\/oitchaublog\/2022\/07\/46c63690-melhorar-a-comunicacao-interna.png","contentUrl":"https:\/\/storage.googleapis.com\/oitchaublog\/2022\/07\/46c63690-melhorar-a-comunicacao-interna.png","width":1982,"height":800,"caption":"melhorar a comunica\u00e7\u00e3o interna"},{"@type":"BreadcrumbList","@id":"https:\/\/www.oitchau.com.br\/blog\/melhorar-a-comunicao-interna\/#breadcrumb","itemListElement":[{"@type":"ListItem","position":1,"name":"Blog","item":"https:\/\/www.oitchau.com.br\/blog\/"},{"@type":"ListItem","position":2,"name":"Dicas para melhorar a comunica\u00e7\u00e3o interna na empresa"}]},{"@type":"WebSite","@id":"https:\/\/www.oitchau.com.br\/blog\/#website","url":"https:\/\/www.oitchau.com.br\/blog\/","name":"Controle de Ponto & Timesheets","description":"","publisher":{"@id":"https:\/\/www.oitchau.com.br\/blog\/#organization"},"potentialAction":[{"@type":"SearchAction","target":{"@type":"EntryPoint","urlTemplate":"https:\/\/www.oitchau.com.br\/blog\/?s={search_term_string}"},"query-input":"required name=search_term_string"}],"inLanguage":"pt-BR"},{"@type":"Organization","@id":"https:\/\/www.oitchau.com.br\/blog\/#organization","name":"Oitchau","url":"https:\/\/www.oitchau.com.br\/blog\/","logo":{"@type":"ImageObject","inLanguage":"pt-BR","@id":"https:\/\/www.oitchau.com.br\/blog\/#\/schema\/logo\/image\/","url":"https:\/\/storage.googleapis.com\/oitchaublog\/2024\/03\/a0e65c6f-design-sem-nome-20.png","contentUrl":"https:\/\/storage.googleapis.com\/oitchaublog\/2024\/03\/a0e65c6f-design-sem-nome-20.png","width":696,"height":696,"caption":"Oitchau"},"image":{"@id":"https:\/\/www.oitchau.com.br\/blog\/#\/schema\/logo\/image\/"},"sameAs":["https:\/\/www.facebook.com\/oitchaubr\/","https:\/\/twitter.com\/oitchaubr","https:\/\/instagram.com\/oitchaubr"],"description":"A Oitchau \u00e9 uma solu\u00e7\u00e3o completa para gest\u00e3o de tempo dos colaboradores, atrav\u00e9s de suas solu\u00e7\u00f5es de controle de ponto & timesheets, ela permite que gestores, RH e DP possam gerenciar desde a jornada de trabalho de funcion\u00e1rios at\u00e9 a gest\u00e3o de tempo em projetos. Elevando o n\u00edvel estrat\u00e9gico do neg\u00f3cio de forma inteligente e assertiva, potencializando seus resultados e garantindo compliance com a Lei.","email":"contato@oitchau.com.br","telephone":"+551142102846","foundingDate":"2016-01-01","numberOfEmployees":{"@type":"QuantitativeValue","minValue":"51","maxValue":"200"}},{"@type":"Person","@id":"https:\/\/www.oitchau.com.br\/blog\/#\/schema\/person\/2d537dd5d364d6364dbe306bf11644f3","name":"Julia Neves","url":"https:\/\/www.oitchau.com.br\/blog\/author\/julia\/"}]}},"_links":{"self":[{"href":"https:\/\/www.oitchau.com.br\/blog\/wp-json\/wp\/v2\/posts\/23463"}],"collection":[{"href":"https:\/\/www.oitchau.com.br\/blog\/wp-json\/wp\/v2\/posts"}],"about":[{"href":"https:\/\/www.oitchau.com.br\/blog\/wp-json\/wp\/v2\/types\/post"}],"author":[{"embeddable":true,"href":"https:\/\/www.oitchau.com.br\/blog\/wp-json\/wp\/v2\/users\/16"}],"replies":[{"embeddable":true,"href":"https:\/\/www.oitchau.com.br\/blog\/wp-json\/wp\/v2\/comments?post=23463"}],"version-history":[{"count":2,"href":"https:\/\/www.oitchau.com.br\/blog\/wp-json\/wp\/v2\/posts\/23463\/revisions"}],"predecessor-version":[{"id":35974,"href":"https:\/\/www.oitchau.com.br\/blog\/wp-json\/wp\/v2\/posts\/23463\/revisions\/35974"}],"wp:featuredmedia":[{"embeddable":true,"href":"https:\/\/www.oitchau.com.br\/blog\/wp-json\/wp\/v2\/media\/35973"}],"wp:attachment":[{"href":"https:\/\/www.oitchau.com.br\/blog\/wp-json\/wp\/v2\/media?parent=23463"}],"wp:term":[{"taxonomy":"category","embeddable":true,"href":"https:\/\/www.oitchau.com.br\/blog\/wp-json\/wp\/v2\/categories?post=23463"},{"taxonomy":"post_tag","embeddable":true,"href":"https:\/\/www.oitchau.com.br\/blog\/wp-json\/wp\/v2\/tags?post=23463"}],"curies":[{"name":"wp","href":"https:\/\/api.w.org\/{rel}","templated":true}]}}