{"id":2342,"date":"2019-04-22T22:40:40","date_gmt":"2019-04-22T19:40:40","guid":{"rendered":"https:\/\/www.oitchau.com.br\/blog\/?p=2342"},"modified":"2024-07-17T21:40:52","modified_gmt":"2024-07-17T18:40:52","slug":"pmes-e-esocial-quais-multas-podem-ser-aplicadas","status":"publish","type":"post","link":"https:\/\/www.oitchau.com.br\/blog\/pmes-e-esocial-quais-multas-podem-ser-aplicadas\/","title":{"rendered":"eSocial e PMEs &#8211; Quais multas podem ser aplicadas?"},"content":{"rendered":"<p><span style=\"font-weight: 400;\">O per\u00edodo de adequa\u00e7\u00e3o do eSocial \u00e0s pequenas e m\u00e9dias empresas brasileiras come\u00e7ou em julho de 2018 e foi implantado por fases. Atualmente, todas as empresas cujo faturamento \u00e9 inferior a R$78 milh\u00f5es j\u00e1 precisam estar adequadas \u00e0s normas do programa.<\/span><\/p>\n<p><span data-sheets-value=\"{&quot;1&quot;:2,&quot;2&quot;:&quot;\n\t\t&lt;!--HubSpot Call-to-Action Code --&gt;\n\t\t&lt;span class=&quot;hs-cta-wrapper&quot; id=&quot;hs-cta-wrapper-f79d34fa-00bd-4f8a-baa1-490acb57550e&quot;&gt;\n\t\t&lt;span class=&quot;hs-cta-node hs-cta-f79d34fa-00bd-4f8a-baa1-490acb57550e&quot; id=&quot;f79d34fa-00bd-4f8a-baa1-490acb57550e&quot;&gt;\n\t\t&lt;!--[if lte IE 8]&gt;\n\t\t&lt;div id=&quot;hs-cta-ie-element&quot;&gt;&lt;\/div&gt;\n\t\t&lt;![endif]--&gt;\n\t\t&lt;a href=&quot;https:\/\/cta-redirect.hubspot.com\/cta\/redirect\/20984162\/f79d34fa-00bd-4f8a-baa1-490acb57550e&quot; &gt;\n\t\t&lt;img class=&quot;hs-cta-img&quot; id=&quot;hs-cta-img-f79d34fa-00bd-4f8a-baa1-490acb57550e&quot; style=&quot;border-width:0px;&quot; src=&quot;https:\/\/no-cache.hubspot.com\/cta\/default\/20984162\/f79d34fa-00bd-4f8a-baa1-490acb57550e.png&quot;  alt=&quot;New call-to-action&quot;\/&gt;\n\t\t&lt;\/a&gt;\n\t\t&lt;\/span&gt;\n\t\t&lt;script charset=&quot;utf-8&quot; src=&quot;\/\/js.hubspot.com\/cta\/current.js&quot;&gt;&lt;\/script&gt;\n\t\t&lt;script&gt;\n\t\thbspt.cta.load(20984162, &#039;f79d34fa-00bd-4f8a-baa1-490acb57550e&#039;, {});\n\t\t&lt;\/script&gt;\n\t\t&lt;\/span&gt;\n\t\t&lt;!-- end HubSpot Call-to-Action Code --&gt;\n\t\t&quot;}\" data-sheets-userformat=\"{&quot;2&quot;:899,&quot;3&quot;:{&quot;1&quot;:0},&quot;4&quot;:{&quot;1&quot;:2,&quot;2&quot;:16777215},&quot;10&quot;:1,&quot;11&quot;:4,&quot;12&quot;:0}\">\n\t\t<!--HubSpot Call-to-Action Code -->\n\t\t<span class=\"hs-cta-wrapper\" id=\"hs-cta-wrapper-f79d34fa-00bd-4f8a-baa1-490acb57550e\">\n\t\t<span class=\"hs-cta-node hs-cta-f79d34fa-00bd-4f8a-baa1-490acb57550e\" id=\"f79d34fa-00bd-4f8a-baa1-490acb57550e\">\n\t\t<!--[if lte IE 8]>\n\t\t<div id=\"hs-cta-ie-element\"><\/div>\n\t\t<![endif]-->\n\t\t<a href=\"https:\/\/cta-redirect.hubspot.com\/cta\/redirect\/20984162\/f79d34fa-00bd-4f8a-baa1-490acb57550e\" >\n\t\t<img decoding=\"async\" class=\"hs-cta-img\" id=\"hs-cta-img-f79d34fa-00bd-4f8a-baa1-490acb57550e\" style=\"border-width:0px;\" src=\"https:\/\/no-cache.hubspot.com\/cta\/default\/20984162\/f79d34fa-00bd-4f8a-baa1-490acb57550e.png\"  alt=\"New call-to-action\"\/>\n\t\t<\/a>\n\t\t<\/span>\n\t\t<script charset=\"utf-8\" src=\"\/\/js.hubspot.com\/cta\/current.js\"><\/script>\n\t\t<script>\n\t\thbspt.cta.load(20984162, 'f79d34fa-00bd-4f8a-baa1-490acb57550e', {});\n\t\t<\/script>\n\t\t<\/span>\n\t\t<!-- end HubSpot Call-to-Action Code -->\n\t\t<\/span><\/p>\n<p><span style=\"font-weight: 400;\">Entretanto, mesmo com tantas informa\u00e7\u00f5es dispon\u00edveis, o eSocial ainda gera algumas d\u00favidas aos gestores. Por esse motivo, neste artigo explicaremos mais sobre o programa e quais as multas que podem ser aplicadas \u00e0s empresas que ainda n\u00e3o se adequaram \u00e0s regras.<\/span><\/p>\n<p><span style=\"font-weight: 400;\">Confira!<\/span><\/p>\n<h2><span style=\"font-weight: 400;\">O que \u00e9 o eSocial ?<\/span><\/h2>\n<p><span style=\"font-weight: 400;\">\u00c9 um programa<\/span><span style=\"font-weight: 400;\"> cujo objetivo \u00e9 simplificar a vida do pequeno e m\u00e9dio empres\u00e1rio brasileiro, unificando o envio de informa\u00e7\u00f5es previdenci\u00e1rias e trabalhistas. Ele permite, tamb\u00e9m, que a fiscaliza\u00e7\u00e3o por parte do governo seja feita de maneira mais eficiente.<\/span><\/p>\n<p><span style=\"font-weight: 400;\">Desde seu surgimento, o programa vem passando por modifica\u00e7\u00f5es t\u00e9cnicas para que o envio unificado seja feito com mais agilidade. Mas para isso, muitas empresas precisaram alterar seus processos internos e as ferramentas utilizadas para a coleta e envio destas informa\u00e7\u00f5es.<\/span><\/p>\n<p><span style=\"font-weight: 400;\">As empresas que ainda n\u00e3o est\u00e3o operando conforme as regras est\u00e3o sujeitas a receberem multas e \u00e9 sobre estas que vamos falar a seguir.<\/span><\/p>\n<h2><span style=\"font-weight: 400;\">Multas que podem ser aplicadas \u00e0s PMEs por conta do eSocial<\/span><\/h2>\n<h3><span style=\"font-weight: 400;\">Multas por folha de pagamento n\u00e3o adequada \u00e0s regras<\/span><\/h3>\n<p><span style=\"font-weight: 400;\">As informa\u00e7\u00f5es sobre a folha de pagamento que devem ser enviadas mensalmente precisam seguir um padr\u00e3o. <\/span><\/p>\n<p><span style=\"font-weight: 400;\">Na <\/span><a href=\"https:\/\/www.oitchau.com.br\/blog\/folha-de-pagamento-quais-sao-os-impostos-atrelados-ao-documento\/\"><span style=\"font-weight: 400;\">folha de pagamento<\/span><\/a><span style=\"font-weight: 400;\"> digital devem constar os seguintes dados: sal\u00e1rio mensal, valor de vale-transporte, vale-alimenta\u00e7\u00e3o (ou <\/span><a href=\"https:\/\/www.oitchau.com.br\/blog\/vale-refeicao-vr-o-que-e-e-quanto-pagar\/\"><span style=\"font-weight: 400;\">vale-refei\u00e7\u00e3o<\/span><\/a><span style=\"font-weight: 400;\">), INSS, \u00a0quaisquer tipos de b\u00f4nus que o colaborador receba, entre outros.<\/span><\/p>\n<p><span style=\"font-weight: 400;\">As folhas de pagamento que n\u00e3o apresentarem todas as informa\u00e7\u00f5es solicitadas est\u00e3o sujeitas ao pagamento de multa no valor m\u00ednimo de R$1.812,87.<\/span><\/p>\n<p><span style=\"font-weight: 400;\">Uma maneira eficiente de evitar esta multa \u00e9 utilizar os softwares que montam a folha de pagamento automaticamente conforme \u00e0s exig\u00eancias.<\/span><\/p>\n<h3><span style=\"font-weight: 400;\">Multa por irregularidade no Atestado de Sa\u00fade Ocupacional (ASO)<\/span><\/h3>\n<p><span style=\"font-weight: 400;\">Todos os colaboradores precisam passar por exames m\u00e9dicos obrigat\u00f3rios por lei (artigo 168 das Consolida\u00e7\u00f5es das <\/span><span style=\"font-weight: 400;\">Leis Trabalhistas<\/span><span style=\"font-weight: 400;\"> e normas regulamentadoras emitidas pelo Minist\u00e9rio do Trabalho) no momento da admiss\u00e3o e da demiss\u00e3o e, em alguns casos, ao longo do tempo em que exercem fun\u00e7\u00f5es insalubres.<\/span><\/p>\n<p><span style=\"font-weight: 400;\">Estes exames s\u00e3o:<\/span><\/p>\n<ul>\n<li style=\"font-weight: 400;\"><a href=\"https:\/\/www.oitchau.com.br\/blog\/documentos-admissionais-o-que-e-preciso-para-realizar-a-contratacao-de-um-profissional\/\"><span style=\"font-weight: 400;\">Exame admissional<\/span><\/a><span style=\"font-weight: 400;\"> e demissional;<\/span><\/li>\n<li style=\"font-weight: 400;\"><span style=\"font-weight: 400;\">Exame peri\u00f3dico (atividades insalubres);<\/span><\/li>\n<li style=\"font-weight: 400;\"><span style=\"font-weight: 400;\">Exame para mudan\u00e7a de fun\u00e7\u00e3o dentro da empresa;<\/span><\/li>\n<li style=\"font-weight: 400;\"><span style=\"font-weight: 400;\">Exame de retorno ao trabalho ap\u00f3s per\u00edodo de afastamento, entre outros.<\/span><\/li>\n<\/ul>\n<p><span style=\"font-weight: 400;\">A empresa que n\u00e3o estiver em conformidade com o ASO est\u00e1 sujeita a pagar multas que podem variar de R$402,53 a mais de R$4 mil.<\/span><\/p>\n<h3><span style=\"font-weight: 400;\">Multa por dados cadastrais desatualizados<\/span><\/h3>\n<p><span style=\"font-weight: 400;\">De acordo com a CLT, a empresa deve manter os dados cadastrais sempre atualizados. As empresas que n\u00e3o cumprem esta regra podem arcar com uma multa que varia de R$201,27 a R$402,54 por colaborador.<\/span><\/p>\n<p><span style=\"font-weight: 400;\">No caso da falta de comunica\u00e7\u00e3o ou atrasos para comunicar <\/span><a href=\"https:\/\/www.oitchau.com.br\/blog\/sipat-prevenindo-acidentes-no-ambiente-de-trabalho\/\"><span style=\"font-weight: 400;\">acidentes de trabalho<\/span><\/a><span style=\"font-weight: 400;\"> (incluindo o falecimento de um colaborador) e admiss\u00e3o de novos colaboradores, por exemplo, a empresa est\u00e1 sujeita a pagar multas que podem chegar ao valor de um sal\u00e1rio ou mesmo o dobro, no caso de reincid\u00eancia do erro.<\/span><\/p>\n<h3><span style=\"font-weight: 400;\">Outras irregularidades nas documenta\u00e7\u00f5es<\/span><\/h3>\n<h4><strong>Perfil Profissiogr\u00e1fico Previdenci\u00e1rio (PPP)<\/strong><\/h4>\n<p><span style=\"font-weight: 400;\">As empresas em que os colaboradores ficam expostos a condi\u00e7\u00f5es de <\/span><a href=\"https:\/\/www.oitchau.com.br\/blog\/insalubridade-x-periculosidade-qual-a-diferenca\/\"><span style=\"font-weight: 400;\">trabalho insalubres ou de periculosidade<\/span><\/a><span style=\"font-weight: 400;\"> precisam disponibilizar as informa\u00e7\u00f5es necess\u00e1rias para o PPP. <\/span><\/p>\n<p><span style=\"font-weight: 400;\">A empresa que n\u00e3o cumpre esta regra estar\u00e1 sujeita \u00e0 multa, cujo valor varia de pouco mais de R$1.800 a R$180.000.<\/span><\/p>\n<h4><strong>Rela\u00e7\u00e3o anual de Informa\u00e7\u00f5es Sociais (RAIS)<\/strong><\/h4>\n<p><span style=\"font-weight: 400;\">A RAIS foi substitu\u00edda pelo eSocial. Portanto, todas as informa\u00e7\u00f5es pertinentes dever\u00e3o ser enviadas no prazo estipulado pelo governo federal.<\/span><\/p>\n<p><span style=\"font-weight: 400;\">A empresa que n\u00e3o entregar as informa\u00e7\u00f5es no prazo correto corre o risco de receber uma multa cujo valor pode variar de R$425,64 a R$42.564.<\/span><\/p>\n<p><span style=\"font-weight: 400;\">Todas as multas relacionadas podem ser facilmente evitadas quando o gestor conhece as regras e os prazos do programa de unifica\u00e7\u00e3o do governo.<\/span><\/p>\n<p><span data-sheets-value=\"{&quot;1&quot;:2,&quot;2&quot;:&quot;\n\t\t&lt;!--HubSpot Call-to-Action Code --&gt;\n\t\t&lt;span class=&quot;hs-cta-wrapper&quot; id=&quot;hs-cta-wrapper-959cb07d-ca53-460c-a412-b4c81d2c1122&quot;&gt;\n\t\t&lt;span class=&quot;hs-cta-node hs-cta-959cb07d-ca53-460c-a412-b4c81d2c1122&quot; id=&quot;959cb07d-ca53-460c-a412-b4c81d2c1122&quot;&gt;\n\t\t&lt;!--[if lte IE 8]&gt;\n\t\t&lt;div id=&quot;hs-cta-ie-element&quot;&gt;&lt;\/div&gt;\n\t\t&lt;![endif]--&gt;\n\t\t&lt;a href=&quot;https:\/\/cta-redirect.hubspot.com\/cta\/redirect\/20984162\/959cb07d-ca53-460c-a412-b4c81d2c1122&quot; &gt;\n\t\t&lt;img class=&quot;hs-cta-img&quot; id=&quot;hs-cta-img-959cb07d-ca53-460c-a412-b4c81d2c1122&quot; style=&quot;border-width:0px;&quot; src=&quot;https:\/\/no-cache.hubspot.com\/cta\/default\/20984162\/959cb07d-ca53-460c-a412-b4c81d2c1122.png&quot;  alt=&quot;New call-to-action&quot;\/&gt;\n\t\t&lt;\/a&gt;\n\t\t&lt;\/span&gt;\n\t\t&lt;script charset=&quot;utf-8&quot; src=&quot;\/\/js.hubspot.com\/cta\/current.js&quot;&gt;&lt;\/script&gt;\n\t\t&lt;script&gt;\n\t\thbspt.cta.load(20984162, &#039;959cb07d-ca53-460c-a412-b4c81d2c1122&#039;, {});\n\t\t&lt;\/script&gt;\n\t\t&lt;\/span&gt;\n\t\t&lt;!-- end HubSpot Call-to-Action Code --&gt;\n\t\t&quot;}\" data-sheets-userformat=\"{&quot;2&quot;:899,&quot;3&quot;:{&quot;1&quot;:0},&quot;4&quot;:{&quot;1&quot;:2,&quot;2&quot;:16777215},&quot;10&quot;:1,&quot;11&quot;:4,&quot;12&quot;:0}\">\n\t\t<!--HubSpot Call-to-Action Code -->\n\t\t<span class=\"hs-cta-wrapper\" id=\"hs-cta-wrapper-959cb07d-ca53-460c-a412-b4c81d2c1122\">\n\t\t<span class=\"hs-cta-node hs-cta-959cb07d-ca53-460c-a412-b4c81d2c1122\" id=\"959cb07d-ca53-460c-a412-b4c81d2c1122\">\n\t\t<!--[if lte IE 8]>\n\t\t<div id=\"hs-cta-ie-element\"><\/div>\n\t\t<![endif]-->\n\t\t<a href=\"https:\/\/cta-redirect.hubspot.com\/cta\/redirect\/20984162\/959cb07d-ca53-460c-a412-b4c81d2c1122\" >\n\t\t<img decoding=\"async\" class=\"hs-cta-img\" id=\"hs-cta-img-959cb07d-ca53-460c-a412-b4c81d2c1122\" style=\"border-width:0px;\" src=\"https:\/\/no-cache.hubspot.com\/cta\/default\/20984162\/959cb07d-ca53-460c-a412-b4c81d2c1122.png\"  alt=\"New call-to-action\"\/>\n\t\t<\/a>\n\t\t<\/span>\n\t\t<script charset=\"utf-8\" src=\"\/\/js.hubspot.com\/cta\/current.js\"><\/script>\n\t\t<script>\n\t\thbspt.cta.load(20984162, '959cb07d-ca53-460c-a412-b4c81d2c1122', {});\n\t\t<\/script>\n\t\t<\/span>\n\t\t<!-- end HubSpot Call-to-Action Code -->\n\t\t<\/span><\/p>\n<p><span style=\"font-weight: 400;\">Proteja o or\u00e7amento de sua empresa e estabele\u00e7a uma rela\u00e7\u00e3o transparente com seus colaboradores adotando solu\u00e7\u00f5es que contribuam para a coleta de todas as informa\u00e7\u00f5es necess\u00e1rias para serem enviadas ao eSocial dentro dos prazos estipulados.<\/span><\/p>\n","protected":false},"excerpt":{"rendered":"<p>O per\u00edodo de adequa\u00e7\u00e3o do eSocial \u00e0s pequenas e m\u00e9dias empresas brasileiras come\u00e7ou em julho de 2018 e foi implantado por fases. Atualmente, todas as empresas cujo faturamento \u00e9 inferior a R$78 milh\u00f5es j\u00e1 precisam estar adequadas \u00e0s normas do programa. Entretanto, mesmo com tantas informa\u00e7\u00f5es dispon\u00edveis, o eSocial ainda gera algumas d\u00favidas aos gestores. [&hellip;]<\/p>\n","protected":false},"author":16,"featured_media":34220,"comment_status":"closed","ping_status":"open","sticky":false,"template":"","format":"standard","meta":{"content-type":"","footnotes":""},"categories":[1789],"tags":[],"yoast_head":"<!-- This site is optimized with the Yoast SEO Premium plugin v22.2 (Yoast SEO v22.2) - https:\/\/yoast.com\/wordpress\/plugins\/seo\/ -->\n<title>eSocial e PMEs - Quais multas podem ser aplicadas? | Oitchau<\/title>\n<meta name=\"description\" content=\"A implanta\u00e7\u00e3o do eSocial est\u00e1 em suas fases finais e todas as empresas que faturam abaixo de R$78 milh\u00f5es por ano j\u00e1 precisam estar adequadas \u00e0s normas.\" \/>\n<meta name=\"robots\" content=\"index, follow, max-snippet:-1, max-image-preview:large, max-video-preview:-1\" \/>\n<link rel=\"canonical\" href=\"https:\/\/www.oitchau.com.br\/blog\/pmes-e-esocial-quais-multas-podem-ser-aplicadas\/\" \/>\n<meta property=\"og:locale\" content=\"pt_BR\" \/>\n<meta property=\"og:type\" content=\"article\" \/>\n<meta property=\"og:title\" content=\"eSocial e PMEs - Quais multas podem ser aplicadas?\" \/>\n<meta property=\"og:description\" content=\"A implanta\u00e7\u00e3o do eSocial est\u00e1 em suas fases finais e todas as empresas que faturam abaixo de R$78 milh\u00f5es por ano j\u00e1 precisam estar adequadas \u00e0s normas.\" \/>\n<meta property=\"og:url\" content=\"https:\/\/www.oitchau.com.br\/blog\/pmes-e-esocial-quais-multas-podem-ser-aplicadas\/\" \/>\n<meta property=\"og:site_name\" content=\"Controle de Ponto &amp; Timesheets\" \/>\n<meta property=\"article:publisher\" content=\"https:\/\/www.facebook.com\/oitchaubr\/\" \/>\n<meta property=\"article:published_time\" content=\"2019-04-22T19:40:40+00:00\" \/>\n<meta property=\"article:modified_time\" content=\"2024-07-17T18:40:52+00:00\" \/>\n<meta property=\"og:image\" content=\"https:\/\/storage.googleapis.com\/oitchaublog\/2019\/04\/c91d044a-esocial-1.png\" \/>\n\t<meta property=\"og:image:width\" content=\"1982\" \/>\n\t<meta property=\"og:image:height\" content=\"800\" \/>\n\t<meta property=\"og:image:type\" content=\"image\/png\" \/>\n<meta name=\"author\" content=\"Julia Neves\" \/>\n<meta name=\"twitter:card\" content=\"summary_large_image\" \/>\n<meta name=\"twitter:creator\" content=\"@oitchaubr\" \/>\n<meta name=\"twitter:site\" content=\"@oitchaubr\" \/>\n<meta name=\"twitter:label1\" content=\"Written by\" \/>\n\t<meta name=\"twitter:data1\" content=\"Julia Neves\" \/>\n\t<meta name=\"twitter:label2\" content=\"Est. reading time\" \/>\n\t<meta name=\"twitter:data2\" content=\"4 minutos\" \/>\n<script type=\"application\/ld+json\" class=\"yoast-schema-graph\">{\"@context\":\"https:\/\/schema.org\",\"@graph\":[{\"@type\":[\"Article\",\"BlogPosting\"],\"@id\":\"https:\/\/www.oitchau.com.br\/blog\/pmes-e-esocial-quais-multas-podem-ser-aplicadas\/#article\",\"isPartOf\":{\"@id\":\"https:\/\/www.oitchau.com.br\/blog\/pmes-e-esocial-quais-multas-podem-ser-aplicadas\/\"},\"author\":{\"name\":\"Julia Neves\",\"@id\":\"https:\/\/www.oitchau.com.br\/blog\/#\/schema\/person\/2d537dd5d364d6364dbe306bf11644f3\"},\"headline\":\"eSocial e PMEs &#8211; Quais multas podem ser aplicadas?\",\"datePublished\":\"2019-04-22T19:40:40+00:00\",\"dateModified\":\"2024-07-17T18:40:52+00:00\",\"mainEntityOfPage\":{\"@id\":\"https:\/\/www.oitchau.com.br\/blog\/pmes-e-esocial-quais-multas-podem-ser-aplicadas\/\"},\"wordCount\":763,\"publisher\":{\"@id\":\"https:\/\/www.oitchau.com.br\/blog\/#organization\"},\"image\":{\"@id\":\"https:\/\/www.oitchau.com.br\/blog\/pmes-e-esocial-quais-multas-podem-ser-aplicadas\/#primaryimage\"},\"thumbnailUrl\":\"https:\/\/storage.googleapis.com\/oitchaublog\/2019\/04\/c91d044a-esocial-1.png\",\"articleSection\":[\"Contabilidade\"],\"inLanguage\":\"pt-BR\"},{\"@type\":\"WebPage\",\"@id\":\"https:\/\/www.oitchau.com.br\/blog\/pmes-e-esocial-quais-multas-podem-ser-aplicadas\/\",\"url\":\"https:\/\/www.oitchau.com.br\/blog\/pmes-e-esocial-quais-multas-podem-ser-aplicadas\/\",\"name\":\"eSocial e PMEs - Quais multas podem ser aplicadas? | Oitchau\",\"isPartOf\":{\"@id\":\"https:\/\/www.oitchau.com.br\/blog\/#website\"},\"primaryImageOfPage\":{\"@id\":\"https:\/\/www.oitchau.com.br\/blog\/pmes-e-esocial-quais-multas-podem-ser-aplicadas\/#primaryimage\"},\"image\":{\"@id\":\"https:\/\/www.oitchau.com.br\/blog\/pmes-e-esocial-quais-multas-podem-ser-aplicadas\/#primaryimage\"},\"thumbnailUrl\":\"https:\/\/storage.googleapis.com\/oitchaublog\/2019\/04\/c91d044a-esocial-1.png\",\"datePublished\":\"2019-04-22T19:40:40+00:00\",\"dateModified\":\"2024-07-17T18:40:52+00:00\",\"description\":\"A implanta\u00e7\u00e3o do eSocial est\u00e1 em suas fases finais e todas as empresas que faturam abaixo de R$78 milh\u00f5es por ano j\u00e1 precisam estar adequadas \u00e0s normas.\",\"breadcrumb\":{\"@id\":\"https:\/\/www.oitchau.com.br\/blog\/pmes-e-esocial-quais-multas-podem-ser-aplicadas\/#breadcrumb\"},\"inLanguage\":\"pt-BR\",\"potentialAction\":[{\"@type\":\"ReadAction\",\"target\":[\"https:\/\/www.oitchau.com.br\/blog\/pmes-e-esocial-quais-multas-podem-ser-aplicadas\/\"]}]},{\"@type\":\"ImageObject\",\"inLanguage\":\"pt-BR\",\"@id\":\"https:\/\/www.oitchau.com.br\/blog\/pmes-e-esocial-quais-multas-podem-ser-aplicadas\/#primaryimage\",\"url\":\"https:\/\/storage.googleapis.com\/oitchaublog\/2019\/04\/c91d044a-esocial-1.png\",\"contentUrl\":\"https:\/\/storage.googleapis.com\/oitchaublog\/2019\/04\/c91d044a-esocial-1.png\",\"width\":1982,\"height\":800,\"caption\":\"eSocial\"},{\"@type\":\"BreadcrumbList\",\"@id\":\"https:\/\/www.oitchau.com.br\/blog\/pmes-e-esocial-quais-multas-podem-ser-aplicadas\/#breadcrumb\",\"itemListElement\":[{\"@type\":\"ListItem\",\"position\":1,\"name\":\"Blog\",\"item\":\"https:\/\/www.oitchau.com.br\/blog\/\"},{\"@type\":\"ListItem\",\"position\":2,\"name\":\"eSocial e PMEs &#8211; Quais multas podem ser aplicadas?\"}]},{\"@type\":\"WebSite\",\"@id\":\"https:\/\/www.oitchau.com.br\/blog\/#website\",\"url\":\"https:\/\/www.oitchau.com.br\/blog\/\",\"name\":\"Controle de Ponto & Timesheets\",\"description\":\"\",\"publisher\":{\"@id\":\"https:\/\/www.oitchau.com.br\/blog\/#organization\"},\"potentialAction\":[{\"@type\":\"SearchAction\",\"target\":{\"@type\":\"EntryPoint\",\"urlTemplate\":\"https:\/\/www.oitchau.com.br\/blog\/?s={search_term_string}\"},\"query-input\":\"required name=search_term_string\"}],\"inLanguage\":\"pt-BR\"},{\"@type\":\"Organization\",\"@id\":\"https:\/\/www.oitchau.com.br\/blog\/#organization\",\"name\":\"Oitchau\",\"url\":\"https:\/\/www.oitchau.com.br\/blog\/\",\"logo\":{\"@type\":\"ImageObject\",\"inLanguage\":\"pt-BR\",\"@id\":\"https:\/\/www.oitchau.com.br\/blog\/#\/schema\/logo\/image\/\",\"url\":\"https:\/\/storage.googleapis.com\/oitchaublog\/2024\/03\/a0e65c6f-design-sem-nome-20.png\",\"contentUrl\":\"https:\/\/storage.googleapis.com\/oitchaublog\/2024\/03\/a0e65c6f-design-sem-nome-20.png\",\"width\":696,\"height\":696,\"caption\":\"Oitchau\"},\"image\":{\"@id\":\"https:\/\/www.oitchau.com.br\/blog\/#\/schema\/logo\/image\/\"},\"sameAs\":[\"https:\/\/www.facebook.com\/oitchaubr\/\",\"https:\/\/twitter.com\/oitchaubr\",\"https:\/\/instagram.com\/oitchaubr\"],\"description\":\"A Oitchau \u00e9 uma solu\u00e7\u00e3o completa para gest\u00e3o de tempo dos colaboradores, atrav\u00e9s de suas solu\u00e7\u00f5es de controle de ponto & timesheets, ela permite que gestores, RH e DP possam gerenciar desde a jornada de trabalho de funcion\u00e1rios at\u00e9 a gest\u00e3o de tempo em projetos. Elevando o n\u00edvel estrat\u00e9gico do neg\u00f3cio de forma inteligente e assertiva, potencializando seus resultados e garantindo compliance com a Lei.\",\"email\":\"contato@oitchau.com.br\",\"telephone\":\"+551142102846\",\"foundingDate\":\"2016-01-01\",\"numberOfEmployees\":{\"@type\":\"QuantitativeValue\",\"minValue\":\"51\",\"maxValue\":\"200\"}},{\"@type\":\"Person\",\"@id\":\"https:\/\/www.oitchau.com.br\/blog\/#\/schema\/person\/2d537dd5d364d6364dbe306bf11644f3\",\"name\":\"Julia Neves\",\"url\":\"https:\/\/www.oitchau.com.br\/blog\/author\/julia\/\"}]}<\/script>\n<!-- \/ Yoast SEO Premium plugin. -->","yoast_head_json":{"title":"eSocial e PMEs - Quais multas podem ser aplicadas? | Oitchau","description":"A implanta\u00e7\u00e3o do eSocial est\u00e1 em suas fases finais e todas as empresas que faturam abaixo de R$78 milh\u00f5es por ano j\u00e1 precisam estar adequadas \u00e0s normas.","robots":{"index":"index","follow":"follow","max-snippet":"max-snippet:-1","max-image-preview":"max-image-preview:large","max-video-preview":"max-video-preview:-1"},"canonical":"https:\/\/www.oitchau.com.br\/blog\/pmes-e-esocial-quais-multas-podem-ser-aplicadas\/","og_locale":"pt_BR","og_type":"article","og_title":"eSocial e PMEs - Quais multas podem ser aplicadas?","og_description":"A implanta\u00e7\u00e3o do eSocial est\u00e1 em suas fases finais e todas as empresas que faturam abaixo de R$78 milh\u00f5es por ano j\u00e1 precisam estar adequadas \u00e0s normas.","og_url":"https:\/\/www.oitchau.com.br\/blog\/pmes-e-esocial-quais-multas-podem-ser-aplicadas\/","og_site_name":"Controle de Ponto &amp; Timesheets","article_publisher":"https:\/\/www.facebook.com\/oitchaubr\/","article_published_time":"2019-04-22T19:40:40+00:00","article_modified_time":"2024-07-17T18:40:52+00:00","og_image":[{"width":1982,"height":800,"url":"https:\/\/storage.googleapis.com\/oitchaublog\/2019\/04\/c91d044a-esocial-1.png","type":"image\/png"}],"author":"Julia Neves","twitter_card":"summary_large_image","twitter_creator":"@oitchaubr","twitter_site":"@oitchaubr","twitter_misc":{"Written by":"Julia Neves","Est. reading time":"4 minutos"},"schema":{"@context":"https:\/\/schema.org","@graph":[{"@type":["Article","BlogPosting"],"@id":"https:\/\/www.oitchau.com.br\/blog\/pmes-e-esocial-quais-multas-podem-ser-aplicadas\/#article","isPartOf":{"@id":"https:\/\/www.oitchau.com.br\/blog\/pmes-e-esocial-quais-multas-podem-ser-aplicadas\/"},"author":{"name":"Julia Neves","@id":"https:\/\/www.oitchau.com.br\/blog\/#\/schema\/person\/2d537dd5d364d6364dbe306bf11644f3"},"headline":"eSocial e PMEs &#8211; Quais multas podem ser aplicadas?","datePublished":"2019-04-22T19:40:40+00:00","dateModified":"2024-07-17T18:40:52+00:00","mainEntityOfPage":{"@id":"https:\/\/www.oitchau.com.br\/blog\/pmes-e-esocial-quais-multas-podem-ser-aplicadas\/"},"wordCount":763,"publisher":{"@id":"https:\/\/www.oitchau.com.br\/blog\/#organization"},"image":{"@id":"https:\/\/www.oitchau.com.br\/blog\/pmes-e-esocial-quais-multas-podem-ser-aplicadas\/#primaryimage"},"thumbnailUrl":"https:\/\/storage.googleapis.com\/oitchaublog\/2019\/04\/c91d044a-esocial-1.png","articleSection":["Contabilidade"],"inLanguage":"pt-BR"},{"@type":"WebPage","@id":"https:\/\/www.oitchau.com.br\/blog\/pmes-e-esocial-quais-multas-podem-ser-aplicadas\/","url":"https:\/\/www.oitchau.com.br\/blog\/pmes-e-esocial-quais-multas-podem-ser-aplicadas\/","name":"eSocial e PMEs - Quais multas podem ser aplicadas? | Oitchau","isPartOf":{"@id":"https:\/\/www.oitchau.com.br\/blog\/#website"},"primaryImageOfPage":{"@id":"https:\/\/www.oitchau.com.br\/blog\/pmes-e-esocial-quais-multas-podem-ser-aplicadas\/#primaryimage"},"image":{"@id":"https:\/\/www.oitchau.com.br\/blog\/pmes-e-esocial-quais-multas-podem-ser-aplicadas\/#primaryimage"},"thumbnailUrl":"https:\/\/storage.googleapis.com\/oitchaublog\/2019\/04\/c91d044a-esocial-1.png","datePublished":"2019-04-22T19:40:40+00:00","dateModified":"2024-07-17T18:40:52+00:00","description":"A implanta\u00e7\u00e3o do eSocial est\u00e1 em suas fases finais e todas as empresas que faturam abaixo de R$78 milh\u00f5es por ano j\u00e1 precisam estar adequadas \u00e0s normas.","breadcrumb":{"@id":"https:\/\/www.oitchau.com.br\/blog\/pmes-e-esocial-quais-multas-podem-ser-aplicadas\/#breadcrumb"},"inLanguage":"pt-BR","potentialAction":[{"@type":"ReadAction","target":["https:\/\/www.oitchau.com.br\/blog\/pmes-e-esocial-quais-multas-podem-ser-aplicadas\/"]}]},{"@type":"ImageObject","inLanguage":"pt-BR","@id":"https:\/\/www.oitchau.com.br\/blog\/pmes-e-esocial-quais-multas-podem-ser-aplicadas\/#primaryimage","url":"https:\/\/storage.googleapis.com\/oitchaublog\/2019\/04\/c91d044a-esocial-1.png","contentUrl":"https:\/\/storage.googleapis.com\/oitchaublog\/2019\/04\/c91d044a-esocial-1.png","width":1982,"height":800,"caption":"eSocial"},{"@type":"BreadcrumbList","@id":"https:\/\/www.oitchau.com.br\/blog\/pmes-e-esocial-quais-multas-podem-ser-aplicadas\/#breadcrumb","itemListElement":[{"@type":"ListItem","position":1,"name":"Blog","item":"https:\/\/www.oitchau.com.br\/blog\/"},{"@type":"ListItem","position":2,"name":"eSocial e PMEs &#8211; Quais multas podem ser aplicadas?"}]},{"@type":"WebSite","@id":"https:\/\/www.oitchau.com.br\/blog\/#website","url":"https:\/\/www.oitchau.com.br\/blog\/","name":"Controle de Ponto & Timesheets","description":"","publisher":{"@id":"https:\/\/www.oitchau.com.br\/blog\/#organization"},"potentialAction":[{"@type":"SearchAction","target":{"@type":"EntryPoint","urlTemplate":"https:\/\/www.oitchau.com.br\/blog\/?s={search_term_string}"},"query-input":"required name=search_term_string"}],"inLanguage":"pt-BR"},{"@type":"Organization","@id":"https:\/\/www.oitchau.com.br\/blog\/#organization","name":"Oitchau","url":"https:\/\/www.oitchau.com.br\/blog\/","logo":{"@type":"ImageObject","inLanguage":"pt-BR","@id":"https:\/\/www.oitchau.com.br\/blog\/#\/schema\/logo\/image\/","url":"https:\/\/storage.googleapis.com\/oitchaublog\/2024\/03\/a0e65c6f-design-sem-nome-20.png","contentUrl":"https:\/\/storage.googleapis.com\/oitchaublog\/2024\/03\/a0e65c6f-design-sem-nome-20.png","width":696,"height":696,"caption":"Oitchau"},"image":{"@id":"https:\/\/www.oitchau.com.br\/blog\/#\/schema\/logo\/image\/"},"sameAs":["https:\/\/www.facebook.com\/oitchaubr\/","https:\/\/twitter.com\/oitchaubr","https:\/\/instagram.com\/oitchaubr"],"description":"A Oitchau \u00e9 uma solu\u00e7\u00e3o completa para gest\u00e3o de tempo dos colaboradores, atrav\u00e9s de suas solu\u00e7\u00f5es de controle de ponto & timesheets, ela permite que gestores, RH e DP possam gerenciar desde a jornada de trabalho de funcion\u00e1rios at\u00e9 a gest\u00e3o de tempo em projetos. Elevando o n\u00edvel estrat\u00e9gico do neg\u00f3cio de forma inteligente e assertiva, potencializando seus resultados e garantindo compliance com a Lei.","email":"contato@oitchau.com.br","telephone":"+551142102846","foundingDate":"2016-01-01","numberOfEmployees":{"@type":"QuantitativeValue","minValue":"51","maxValue":"200"}},{"@type":"Person","@id":"https:\/\/www.oitchau.com.br\/blog\/#\/schema\/person\/2d537dd5d364d6364dbe306bf11644f3","name":"Julia Neves","url":"https:\/\/www.oitchau.com.br\/blog\/author\/julia\/"}]}},"_links":{"self":[{"href":"https:\/\/www.oitchau.com.br\/blog\/wp-json\/wp\/v2\/posts\/2342"}],"collection":[{"href":"https:\/\/www.oitchau.com.br\/blog\/wp-json\/wp\/v2\/posts"}],"about":[{"href":"https:\/\/www.oitchau.com.br\/blog\/wp-json\/wp\/v2\/types\/post"}],"author":[{"embeddable":true,"href":"https:\/\/www.oitchau.com.br\/blog\/wp-json\/wp\/v2\/users\/16"}],"replies":[{"embeddable":true,"href":"https:\/\/www.oitchau.com.br\/blog\/wp-json\/wp\/v2\/comments?post=2342"}],"version-history":[{"count":1,"href":"https:\/\/www.oitchau.com.br\/blog\/wp-json\/wp\/v2\/posts\/2342\/revisions"}],"predecessor-version":[{"id":33470,"href":"https:\/\/www.oitchau.com.br\/blog\/wp-json\/wp\/v2\/posts\/2342\/revisions\/33470"}],"wp:featuredmedia":[{"embeddable":true,"href":"https:\/\/www.oitchau.com.br\/blog\/wp-json\/wp\/v2\/media\/34220"}],"wp:attachment":[{"href":"https:\/\/www.oitchau.com.br\/blog\/wp-json\/wp\/v2\/media?parent=2342"}],"wp:term":[{"taxonomy":"category","embeddable":true,"href":"https:\/\/www.oitchau.com.br\/blog\/wp-json\/wp\/v2\/categories?post=2342"},{"taxonomy":"post_tag","embeddable":true,"href":"https:\/\/www.oitchau.com.br\/blog\/wp-json\/wp\/v2\/tags?post=2342"}],"curies":[{"name":"wp","href":"https:\/\/api.w.org\/{rel}","templated":true}]}}