{"id":22568,"date":"2022-06-10T04:05:55","date_gmt":"2022-06-10T01:05:55","guid":{"rendered":"https:\/\/www.oitchau.com.br\/blog\/?p=22568"},"modified":"2024-08-21T15:35:37","modified_gmt":"2024-08-21T12:35:37","slug":"realizar-campanhas-de-conscientizacao","status":"publish","type":"post","link":"https:\/\/www.oitchau.com.br\/blog\/realizar-campanhas-de-conscientizacao\/","title":{"rendered":"Realizar campanhas de conscientiza\u00e7\u00e3o: como criar o calend\u00e1rio?"},"content":{"rendered":"<p><span style=\"font-weight: 400;\">Realizar campanhas de conscientiza\u00e7\u00e3o \u00e9 uma \u00f3tima forma de n\u00e3o deixar nenhuma passar em branco. Afinal, apesar das setembro, outubro e novembro serem as mais famosas, elas existem o ano todo.<\/span><\/p>\n<p><span data-sheets-value=\"{&quot;1&quot;:2,&quot;2&quot;:&quot;\n\t\t&lt;!--HubSpot Call-to-Action Code --&gt;\n\t\t&lt;span class=&quot;hs-cta-wrapper&quot; id=&quot;hs-cta-wrapper-7a711a71-c0f8-4e4f-b8a1-05b3bcd6d331&quot;&gt;\n\t\t&lt;span class=&quot;hs-cta-node hs-cta-7a711a71-c0f8-4e4f-b8a1-05b3bcd6d331&quot; id=&quot;7a711a71-c0f8-4e4f-b8a1-05b3bcd6d331&quot;&gt;\n\t\t&lt;!--[if lte IE 8]&gt;\n\t\t&lt;div id=&quot;hs-cta-ie-element&quot;&gt;&lt;\/div&gt;\n\t\t&lt;![endif]--&gt;\n\t\t&lt;a href=&quot;https:\/\/cta-redirect.hubspot.com\/cta\/redirect\/20984162\/7a711a71-c0f8-4e4f-b8a1-05b3bcd6d331&quot; &gt;\n\t\t&lt;img class=&quot;hs-cta-img&quot; id=&quot;hs-cta-img-7a711a71-c0f8-4e4f-b8a1-05b3bcd6d331&quot; style=&quot;border-width:0px;&quot; src=&quot;https:\/\/no-cache.hubspot.com\/cta\/default\/20984162\/7a711a71-c0f8-4e4f-b8a1-05b3bcd6d331.png&quot;  alt=&quot;New call-to-action&quot;\/&gt;\n\t\t&lt;\/a&gt;\n\t\t&lt;\/span&gt;\n\t\t&lt;script charset=&quot;utf-8&quot; src=&quot;\/\/js.hubspot.com\/cta\/current.js&quot;&gt;&lt;\/script&gt;\n\t\t&lt;script&gt;\n\t\thbspt.cta.load(20984162, &#039;7a711a71-c0f8-4e4f-b8a1-05b3bcd6d331&#039;, {});\n\t\t&lt;\/script&gt;\n\t\t&lt;\/span&gt;\n\t\t&lt;!-- end HubSpot Call-to-Action Code --&gt;\n\t\t&quot;}\" data-sheets-userformat=\"{&quot;2&quot;:899,&quot;3&quot;:{&quot;1&quot;:0},&quot;4&quot;:{&quot;1&quot;:2,&quot;2&quot;:16777215},&quot;10&quot;:1,&quot;11&quot;:4,&quot;12&quot;:0}\">\n\t\t<!--HubSpot Call-to-Action Code -->\n\t\t<span class=\"hs-cta-wrapper\" id=\"hs-cta-wrapper-7a711a71-c0f8-4e4f-b8a1-05b3bcd6d331\">\n\t\t<span class=\"hs-cta-node hs-cta-7a711a71-c0f8-4e4f-b8a1-05b3bcd6d331\" id=\"7a711a71-c0f8-4e4f-b8a1-05b3bcd6d331\">\n\t\t<!--[if lte IE 8]>\n\t\t<div id=\"hs-cta-ie-element\"><\/div>\n\t\t<![endif]-->\n\t\t<a href=\"https:\/\/cta-redirect.hubspot.com\/cta\/redirect\/20984162\/7a711a71-c0f8-4e4f-b8a1-05b3bcd6d331\" >\n\t\t<img decoding=\"async\" class=\"hs-cta-img\" id=\"hs-cta-img-7a711a71-c0f8-4e4f-b8a1-05b3bcd6d331\" style=\"border-width:0px;\" src=\"https:\/\/no-cache.hubspot.com\/cta\/default\/20984162\/7a711a71-c0f8-4e4f-b8a1-05b3bcd6d331.png\"  alt=\"New call-to-action\"\/>\n\t\t<\/a>\n\t\t<\/span>\n\t\t<script charset=\"utf-8\" src=\"\/\/js.hubspot.com\/cta\/current.js\"><\/script>\n\t\t<script>\n\t\thbspt.cta.load(20984162, '7a711a71-c0f8-4e4f-b8a1-05b3bcd6d331', {});\n\t\t<\/script>\n\t\t<\/span>\n\t\t<!-- end HubSpot Call-to-Action Code -->\n\t\t<\/span><\/p>\n<p><span style=\"font-weight: 400;\">E cada uma delas tem sua pr\u00f3pria import\u00e2ncia e se volta a uma quest\u00e3o de cuidados cruciais. <\/span><\/p>\n<p><span style=\"font-weight: 400;\">Por isso, \u00e9 essencial que todas elas contem com a aten\u00e7\u00e3o necess\u00e1ria e com campanhas internas empresariais.<\/span><\/p>\n<p><span style=\"font-weight: 400;\">Abaixo, ent\u00e3o, veja como organizar o calend\u00e1rio da empresa e outras informa\u00e7\u00f5es relevantes sobre o assunto!<\/span><\/p>\n<h2><b>O que s\u00e3o as campanhas de conscientiza\u00e7\u00e3o?<\/b><\/h2>\n<p><span style=\"font-weight: 400;\">As campanhas de conscientiza\u00e7\u00e3o nada mais s\u00e3o do que aquelas que buscam informar sobre doen\u00e7as e condi\u00e7\u00f5es de sa\u00fade. Com isso, h\u00e1 o incentivo para exames peri\u00f3dicos e preventivos, bem como para conhecimento sobre ind\u00edcios e sinais.<\/span><\/p>\n<p><span style=\"font-weight: 400;\">Mas por que o RH deve se dedicar a isso? <\/span>Porque ele faz a gest\u00e3o de pessoas.<\/p>\n<p><span style=\"font-weight: 400;\">E ao faz\u00ea-lo deve garantir o bem-estar e a sa\u00fade dos colaboradores. Por isso, inform\u00e1-los e conscientiz\u00e1-los sobre doen\u00e7as e condi\u00e7\u00f5es de sa\u00fade \u00e9 essencial.<\/span><\/p>\n<h2><b>Por que o RH deve realizar campanhas de conscientiza\u00e7\u00e3o?<\/b><\/h2>\n<p><span style=\"font-weight: 400;\">A empresa possui papel social e deve cuidar de seus colaboradores, bem como promover sua sa\u00fade. <\/span><\/p>\n<p><span style=\"font-weight: 400;\">Al\u00e9m disso, \u00e9 importante considerar que colaboradores n\u00e3o saud\u00e1veis n\u00e3o mant\u00e9m uma boa produtividade, bem como tendem a diminuir a aten\u00e7\u00e3o nas atividades.<\/span><\/p>\n<p><span style=\"font-weight: 400;\">Quando a empresa promove a conscientiza\u00e7\u00e3o sobre doen\u00e7as e outras condi\u00e7\u00f5es, ent\u00e3o, est\u00e1 informando os colaboradores. <\/span><\/p>\n<p><span style=\"font-weight: 400;\">Estes estendem tais informa\u00e7\u00f5es para al\u00e9m deles, compartilhando com suas fam\u00edlias e promovem mais conhecimento.<\/span><\/p>\n<p><span style=\"font-weight: 400;\">Portanto, \u00e9 essencial que o RH tenha um calend\u00e1rio de campanhas de conscientiza\u00e7\u00e3o. Abaixo, ent\u00e3o, confira como desenvolv\u00ea-lo e quais s\u00e3o os destaques de cada m\u00eas.<\/span><\/p>\n<h2><b>Montando o calend\u00e1rio para realizar campanhas de conscientiza\u00e7\u00e3o para sua empresa<\/b><\/h2>\n<p><span style=\"font-weight: 400;\">Confira quais s\u00e3o as campanhas referentes a cada m\u00eas e, tamb\u00e9m, como \u00e9 poss\u00edvel promover a\u00e7\u00f5es de conscientiza\u00e7\u00e3o interna na empresa para cada um deles.<\/span><\/p>\n<h3><b>Janeiro Branco<\/b><\/h3>\n<p><span style=\"font-weight: 400;\">O janeiro branco se refere \u00e0 <a href=\"https:\/\/www.oitchau.com.br\/blog\/saude-mental-dos-colaboradores-como-avaliar\/\">sa\u00fade mental<\/a>, e realizar campanhas de conscientiza\u00e7\u00e3o \u00e9 muito importante. Para que os profissionais entendam sobre os males do estresse, da ansiedade e da depress\u00e3o. Todos eles s\u00e3o nocivos e podem levar a consequ\u00eancias extremas.<\/span><\/p>\n<p><span style=\"font-weight: 400;\">O RH pode, ent\u00e3o, promover a\u00e7\u00f5es tais como:<\/span><\/p>\n<ul>\n<li style=\"font-weight: 400;\" aria-level=\"1\"><span style=\"font-weight: 400;\">Est\u00edmulo \u00e0 pr\u00e1tica de exerc\u00edcios f\u00edsicos;<\/span><\/li>\n<li style=\"font-weight: 400;\" aria-level=\"1\"><span style=\"font-weight: 400;\">Disponibiliza\u00e7\u00e3o de profissional psic\u00f3logo para os colaboradores;<\/span><\/li>\n<li style=\"font-weight: 400;\" aria-level=\"1\"><span style=\"font-weight: 400;\">Rodas de conversa sobre o assunto, a fim de combater os estigmas que o rodeiam;<\/span><\/li>\n<li style=\"font-weight: 400;\" aria-level=\"1\"><span style=\"font-weight: 400;\">Cria\u00e7\u00e3o de outros intervalos em meio \u00e0s jornadas para descanso.<\/span><\/li>\n<\/ul>\n<h3><b>Fevereiro Roxo<\/b><\/h3>\n<p><span style=\"font-weight: 400;\">Fevereiro \u00e9 o m\u00eas que se dedica a tr\u00eas doen\u00e7as: fibromialgia, l\u00fapus e mal de alzheimer. Embora n\u00e3o tenham cura, essas doen\u00e7as podem ter tratamento de qualidade caso o diagn\u00f3stico ocorra de maneira precoce.<\/span><\/p>\n<p><span style=\"font-weight: 400;\">Al\u00e9m disso, a campanha \u00e9 importante por auxiliar as pessoas a lidarem com essa situa\u00e7\u00e3o caso ela surja no ambiente familiar ou social. Nesse caso, o melhor \u00e9 conscientizar sobre os exames peri\u00f3dicos e como conviver e ajudar quem encara tais doen\u00e7as.<\/span><\/p>\n<h3><b>Mar\u00e7o Azul-Marinho<\/b><\/h3>\n<p><span style=\"font-weight: 400;\">O m\u00eas de mar\u00e7o se dedica \u00e0 conscientiza\u00e7\u00e3o do c\u00e2ncer de colorretal. Essa doen\u00e7a, apesar de muito comum, geralmente tem seus sintomas confundidos com outras condi\u00e7\u00f5es, o que posterga o diagn\u00f3stico e tratamento.<\/span><\/p>\n<p><span style=\"font-weight: 400;\">Aqui o RH deve trabalhar com a conscientiza\u00e7\u00e3o tanto dos sintomas e exames preventivos quanto dos h\u00e1bitos que podem evitar o desenvolvimento da doen\u00e7a. Por exemplo, o est\u00edmulo da pr\u00e1tica de exerc\u00edcios f\u00edsicos.<\/span><\/p>\n<p><span style=\"font-weight: 400;\">Confira algumas a\u00e7\u00f5es poss\u00edveis:<\/span><\/p>\n<ul>\n<li style=\"font-weight: 400;\" aria-level=\"1\"><span style=\"font-weight: 400;\">Promo\u00e7\u00e3o da gin\u00e1stica laboral;<\/span><\/li>\n<li style=\"font-weight: 400;\" aria-level=\"1\"><span style=\"font-weight: 400;\">Realiza\u00e7\u00e3o de lanches saud\u00e1veis e ricos em fibras;<\/span><\/li>\n<li style=\"font-weight: 400;\" aria-level=\"1\"><span style=\"font-weight: 400;\">Distribui\u00e7\u00e3o de garrafas de \u00e1gua para melhor hidrata\u00e7\u00e3o, etc.<\/span><\/li>\n<\/ul>\n<h3><b>Abril Verde e Azul<\/b><\/h3>\n<p><span style=\"font-weight: 400;\">O quarto m\u00eas do ano \u00e9 poss\u00edvel realizar v\u00e1rias campanhas de conscientiza\u00e7\u00e3o diversas que incluem o Transtorno do Espectro Autista, bem como a seguran\u00e7a do trabalho. Aqui, ent\u00e3o, s\u00e3o condi\u00e7\u00f5es diferentes.<\/span><\/p>\n<p><span style=\"font-weight: 400;\">O RH, em rela\u00e7\u00e3o ao espectro autista, deve trabalhar com a conscientiza\u00e7\u00e3o sobre ele e diagn\u00f3stico, bem como sobre a inclus\u00e3o social. Do mesmo modo, a inclus\u00e3o no ambiente de trabalho.<\/span><\/p>\n<p><span style=\"font-weight: 400;\">Em rela\u00e7\u00e3o \u00e0 sa\u00fade e seguran\u00e7a no trabalho boas ideias envolvem conversas e instru\u00e7\u00f5es sobre o uso de equipamentos de seguran\u00e7a, bem como sobre a import\u00e2ncia do uso deles.<\/span><\/p>\n<h3><b>Maio Amarelo<\/b><\/h3>\n<p><span style=\"font-weight: 400;\">O m\u00eas de maio n\u00e3o se refere \u00e0s doen\u00e7as, mas sim \u00e0 conscientiza\u00e7\u00e3o sobre a seguran\u00e7a no tr\u00e2nsito. As poss\u00edveis a\u00e7\u00f5es envolvem n\u00fameros sobre acidentes de tr\u00e2nsito, pr\u00e1ticas seguras, etc.<\/span><\/p>\n<h3><b>Junho Vermelho e Laranja<\/b><\/h3>\n<p><span style=\"font-weight: 400;\">O m\u00eas de junho envolve duas a\u00e7\u00f5es. A primeira delas, \u00e9 para a doa\u00e7\u00e3o de sangue; a segunda, para conscientiza\u00e7\u00e3o da luta contra anemia e leucemia.<\/span><\/p>\n<p><span style=\"font-weight: 400;\">O RH, ent\u00e3o, deve organizar o calend\u00e1rio de modo a promover iniciativas de doa\u00e7\u00e3o de sangue e de plasma. Em contrapartida, deve oferecer a folga garantida por lei para quem faz tal doa\u00e7\u00e3o. Igualmente, deve estimular a realiza\u00e7\u00e3o de exames preventivos.<\/span><\/p>\n<h3><b>Julho Amarelo<\/b><\/h3>\n<p><span style=\"font-weight: 400;\">O m\u00eas de julho serve para preven\u00e7\u00e3o da hepatite. Por isso, \u00e9 importante que o RH distribua informa\u00e7\u00f5es sobre preven\u00e7\u00e3o, tratamento e sintomas. Igualmente, da promo\u00e7\u00e3o de a\u00e7\u00f5es de higiene e de n\u00e3o compartilhamento de objetos pessoais.<\/span><\/p>\n<p><span style=\"font-weight: 400;\">O RH pode, ent\u00e3o, distribuir copos individuais e reutiliz\u00e1veis, bem como \u00e1lcool em gel e outros objetos do tipo.<\/span><\/p>\n<h3><b>Agosto Dourado<\/b><\/h3>\n<p><span style=\"font-weight: 400;\">As campanhas de conscientiza\u00e7\u00e3o de agosto se referem \u00e0 amamenta\u00e7\u00e3o. Uma empresa que queira participar pode praticar a realiza\u00e7\u00e3o de pausas maiores para mulheres lactantes, bem como investir em creches perto da empresa.<\/span><\/p>\n<p><span style=\"font-weight: 400;\">Igualmente, promover o home office para mulheres mesmo ap\u00f3s da <a href=\"https:\/\/www.oitchau.com.br\/blog\/salario-maternidade-como-funciona-este-beneficio\/\">licen\u00e7a maternidade<\/a>. Tamb\u00e9m, podem aderir \u00e0 licen\u00e7a-maternidade de 180 dias ao fazerem parte do Programa Empresa Cidad\u00e3.<\/span><\/p>\n<h3><b>Setembro Amarelo<\/b><\/h3>\n<p><span style=\"font-weight: 400;\">O <a href=\"https:\/\/www.oitchau.com.br\/blog\/setembro-amarelo-como-promover-saude-menta-na-sua-empresa\/\">setembro amarelo<\/a> \u00e9 um dos mais famosos, por isso n\u00e3o \u00e9 poss\u00edvel de realizar campanhas de conscientiza\u00e7\u00e3o. Refere-se \u00e0 conscientiza\u00e7\u00e3o sobre o suic\u00eddio. <\/span><\/p>\n<p><span style=\"font-weight: 400;\">Portanto, suas a\u00e7\u00f5es envolvem reconhecimento de sinais de doen\u00e7as mental, bate-papo com especialistas em sa\u00fade mental, etc. <\/span><span style=\"font-weight: 400;\">Desse modo, pode repetir a\u00e7\u00f5es semelhantes ao do Janeiro Branco.<\/span><\/p>\n<h3><b>Outubro Rosa<\/b><\/h3>\n<p><span style=\"font-weight: 400;\">As campanhas de outubro se voltam ao c\u00e2ncer de mama. Dessa forma, elas devem unir informa\u00e7\u00f5es sobre a doen\u00e7a, dados sobre casos, bem como o est\u00edmulo \u00e0 realiza\u00e7\u00e3o de exames preventivos.<\/span><\/p>\n<p><span data-sheets-value=\"{&quot;1&quot;:2,&quot;2&quot;:&quot;\n\t\t&lt;!--HubSpot Call-to-Action Code --&gt;\n\t\t&lt;span class=&quot;hs-cta-wrapper&quot; id=&quot;hs-cta-wrapper-3abae1c4-c415-4a64-85f6-a77616aa6cf3&quot;&gt;\n\t\t&lt;span class=&quot;hs-cta-node hs-cta-3abae1c4-c415-4a64-85f6-a77616aa6cf3&quot; id=&quot;3abae1c4-c415-4a64-85f6-a77616aa6cf3&quot;&gt;\n\t\t&lt;!--[if lte IE 8]&gt;\n\t\t&lt;div id=&quot;hs-cta-ie-element&quot;&gt;&lt;\/div&gt;\n\t\t&lt;![endif]--&gt;\n\t\t&lt;a href=&quot;https:\/\/cta-redirect.hubspot.com\/cta\/redirect\/20984162\/3abae1c4-c415-4a64-85f6-a77616aa6cf3&quot; &gt;\n\t\t&lt;img class=&quot;hs-cta-img&quot; id=&quot;hs-cta-img-3abae1c4-c415-4a64-85f6-a77616aa6cf3&quot; style=&quot;border-width:0px;&quot; src=&quot;https:\/\/no-cache.hubspot.com\/cta\/default\/20984162\/3abae1c4-c415-4a64-85f6-a77616aa6cf3.png&quot;  alt=&quot;New call-to-action&quot;\/&gt;\n\t\t&lt;\/a&gt;\n\t\t&lt;\/span&gt;\n\t\t&lt;script charset=&quot;utf-8&quot; src=&quot;\/\/js.hubspot.com\/cta\/current.js&quot;&gt;&lt;\/script&gt;\n\t\t&lt;script&gt;\n\t\thbspt.cta.load(20984162, &#039;3abae1c4-c415-4a64-85f6-a77616aa6cf3&#039;, {});\n\t\t&lt;\/script&gt;\n\t\t&lt;\/span&gt;\n\t\t&lt;!-- end HubSpot Call-to-Action Code --&gt;\n\t\t&quot;}\" data-sheets-userformat=\"{&quot;2&quot;:899,&quot;3&quot;:{&quot;1&quot;:0},&quot;4&quot;:{&quot;1&quot;:2,&quot;2&quot;:16777215},&quot;10&quot;:1,&quot;11&quot;:4,&quot;12&quot;:0}\">\n\t\t<!--HubSpot Call-to-Action Code -->\n\t\t<span class=\"hs-cta-wrapper\" id=\"hs-cta-wrapper-3abae1c4-c415-4a64-85f6-a77616aa6cf3\">\n\t\t<span class=\"hs-cta-node hs-cta-3abae1c4-c415-4a64-85f6-a77616aa6cf3\" id=\"3abae1c4-c415-4a64-85f6-a77616aa6cf3\">\n\t\t<!--[if lte IE 8]>\n\t\t<div id=\"hs-cta-ie-element\"><\/div>\n\t\t<![endif]-->\n\t\t<a href=\"https:\/\/cta-redirect.hubspot.com\/cta\/redirect\/20984162\/3abae1c4-c415-4a64-85f6-a77616aa6cf3\" >\n\t\t<img decoding=\"async\" class=\"hs-cta-img\" id=\"hs-cta-img-3abae1c4-c415-4a64-85f6-a77616aa6cf3\" style=\"border-width:0px;\" src=\"https:\/\/no-cache.hubspot.com\/cta\/default\/20984162\/3abae1c4-c415-4a64-85f6-a77616aa6cf3.png\"  alt=\"New call-to-action\"\/>\n\t\t<\/a>\n\t\t<\/span>\n\t\t<script charset=\"utf-8\" src=\"\/\/js.hubspot.com\/cta\/current.js\"><\/script>\n\t\t<script>\n\t\thbspt.cta.load(20984162, '3abae1c4-c415-4a64-85f6-a77616aa6cf3', {});\n\t\t<\/script>\n\t\t<\/span>\n\t\t<!-- end HubSpot Call-to-Action Code -->\n\t\t<\/span><\/p>\n<p><span style=\"font-weight: 400;\">Para isso, considere rodas de conversa, bem como o est\u00edmulo para que as consultas ao ginecologista ocorram ao menos 1 vez ao ano.<\/span><\/p>\n<h3><b>Novembro Azul<\/b><\/h3>\n<p><span style=\"font-weight: 400;\">O m\u00eas de novembro se volta ao c\u00e2ncer de pr\u00f3stata. Assim como no caso de outubro, deve servir para conscientizar sobre a doen\u00e7a, seus tratamentos e preven\u00e7\u00f5es. Portanto, as a\u00e7\u00f5es podem ser parecidas com as de outubro, mas voltadas aos homens.<\/span><\/p>\n<h3><b>Dezembro Laranja<\/b><\/h3>\n<p><span style=\"font-weight: 400;\">Por fim, o ano termina com a conscientiza\u00e7\u00e3o sobre o c\u00e2ncer de pele. Dentre as a\u00e7\u00f5es que a empresa pode adotar est\u00e3o palestras e indica\u00e7\u00e3o de n\u00fameros da doen\u00e7a. <\/span><\/p>\n<p><span style=\"font-weight: 400;\">Tamb\u00e9m, a promo\u00e7\u00e3o de distribui\u00e7\u00e3o de protetores solares e outros materiais de prote\u00e7\u00e3o contra os raios.<\/span><\/p>\n","protected":false},"excerpt":{"rendered":"<p>Realizar campanhas de conscientiza\u00e7\u00e3o \u00e9 uma \u00f3tima forma de n\u00e3o deixar nenhuma passar em branco. Afinal, apesar das setembro, outubro e novembro serem as mais famosas, elas existem o ano todo. E cada uma delas tem sua pr\u00f3pria import\u00e2ncia e se volta a uma quest\u00e3o de cuidados cruciais. Por isso, \u00e9 essencial que todas elas [&hellip;]<\/p>\n","protected":false},"author":11,"featured_media":35898,"comment_status":"closed","ping_status":"open","sticky":false,"template":"","format":"standard","meta":{"content-type":"","footnotes":""},"categories":[17643],"tags":[17821,10887,240],"yoast_head":"<!-- This site is optimized with the Yoast SEO Premium plugin v22.2 (Yoast SEO v22.2) - https:\/\/yoast.com\/wordpress\/plugins\/seo\/ -->\n<title>Realizar campanhas de conscientiza\u00e7\u00e3o: como criar o calend\u00e1rio? | Oitchau<\/title>\n<meta name=\"description\" content=\"Realizar campanhas de conscientiza\u00e7\u00e3o \u00e9 muito importante dentro das empresas, pois possibilita a abordagem de temas mais delicados, que envolve a sa\u00fade.\" \/>\n<meta name=\"robots\" content=\"index, follow, max-snippet:-1, max-image-preview:large, max-video-preview:-1\" \/>\n<link rel=\"canonical\" href=\"https:\/\/www.oitchau.com.br\/blog\/realizar-campanhas-de-conscientizacao\/\" \/>\n<meta property=\"og:locale\" content=\"pt_BR\" \/>\n<meta property=\"og:type\" content=\"article\" \/>\n<meta property=\"og:title\" content=\"Realizar campanhas de conscientiza\u00e7\u00e3o: como criar o calend\u00e1rio?\" \/>\n<meta property=\"og:description\" content=\"Realizar campanhas de conscientiza\u00e7\u00e3o \u00e9 muito importante dentro das empresas, pois possibilita a abordagem de temas mais delicados, que envolve a sa\u00fade.\" \/>\n<meta property=\"og:url\" content=\"https:\/\/www.oitchau.com.br\/blog\/realizar-campanhas-de-conscientizacao\/\" \/>\n<meta property=\"og:site_name\" content=\"Controle de Ponto &amp; Timesheets\" \/>\n<meta property=\"article:publisher\" content=\"https:\/\/www.facebook.com\/oitchaubr\/\" \/>\n<meta property=\"article:published_time\" content=\"2022-06-10T01:05:55+00:00\" \/>\n<meta property=\"article:modified_time\" content=\"2024-08-21T12:35:37+00:00\" \/>\n<meta property=\"og:image\" content=\"https:\/\/storage.googleapis.com\/oitchaublog\/2022\/06\/bb50049e-realizar-campanhas-de-conscientizacao.png\" \/>\n\t<meta property=\"og:image:width\" content=\"1982\" \/>\n\t<meta property=\"og:image:height\" content=\"800\" \/>\n\t<meta property=\"og:image:type\" content=\"image\/png\" \/>\n<meta name=\"author\" content=\"Aline Mesquita\" \/>\n<meta name=\"twitter:card\" content=\"summary_large_image\" \/>\n<meta name=\"twitter:creator\" content=\"@oitchaubr\" \/>\n<meta name=\"twitter:site\" content=\"@oitchaubr\" \/>\n<meta name=\"twitter:label1\" content=\"Written by\" \/>\n\t<meta name=\"twitter:data1\" content=\"Aline Mesquita\" \/>\n\t<meta name=\"twitter:label2\" content=\"Est. reading time\" \/>\n\t<meta name=\"twitter:data2\" content=\"7 minutos\" \/>\n<script type=\"application\/ld+json\" class=\"yoast-schema-graph\">{\"@context\":\"https:\/\/schema.org\",\"@graph\":[{\"@type\":[\"Article\",\"BlogPosting\"],\"@id\":\"https:\/\/www.oitchau.com.br\/blog\/realizar-campanhas-de-conscientizacao\/#article\",\"isPartOf\":{\"@id\":\"https:\/\/www.oitchau.com.br\/blog\/realizar-campanhas-de-conscientizacao\/\"},\"author\":{\"name\":\"Aline Mesquita\",\"@id\":\"https:\/\/www.oitchau.com.br\/blog\/#\/schema\/person\/40ba65f8664531ffe1465f6cb9d82430\"},\"headline\":\"Realizar campanhas de conscientiza\u00e7\u00e3o: como criar o calend\u00e1rio?\",\"datePublished\":\"2022-06-10T01:05:55+00:00\",\"dateModified\":\"2024-08-21T12:35:37+00:00\",\"mainEntityOfPage\":{\"@id\":\"https:\/\/www.oitchau.com.br\/blog\/realizar-campanhas-de-conscientizacao\/\"},\"wordCount\":1292,\"publisher\":{\"@id\":\"https:\/\/www.oitchau.com.br\/blog\/#organization\"},\"image\":{\"@id\":\"https:\/\/www.oitchau.com.br\/blog\/realizar-campanhas-de-conscientizacao\/#primaryimage\"},\"thumbnailUrl\":\"https:\/\/storage.googleapis.com\/oitchaublog\/2022\/06\/bb50049e-realizar-campanhas-de-conscientizacao.png\",\"keywords\":[\"campanhas de conscientiza\u00e7\u00e3o\",\"gest\u00e3o de pessoas\",\"recursos humanos\"],\"articleSection\":[\"Recursos Humanos\"],\"inLanguage\":\"pt-BR\"},{\"@type\":\"WebPage\",\"@id\":\"https:\/\/www.oitchau.com.br\/blog\/realizar-campanhas-de-conscientizacao\/\",\"url\":\"https:\/\/www.oitchau.com.br\/blog\/realizar-campanhas-de-conscientizacao\/\",\"name\":\"Realizar campanhas de conscientiza\u00e7\u00e3o: como criar o calend\u00e1rio? | Oitchau\",\"isPartOf\":{\"@id\":\"https:\/\/www.oitchau.com.br\/blog\/#website\"},\"primaryImageOfPage\":{\"@id\":\"https:\/\/www.oitchau.com.br\/blog\/realizar-campanhas-de-conscientizacao\/#primaryimage\"},\"image\":{\"@id\":\"https:\/\/www.oitchau.com.br\/blog\/realizar-campanhas-de-conscientizacao\/#primaryimage\"},\"thumbnailUrl\":\"https:\/\/storage.googleapis.com\/oitchaublog\/2022\/06\/bb50049e-realizar-campanhas-de-conscientizacao.png\",\"datePublished\":\"2022-06-10T01:05:55+00:00\",\"dateModified\":\"2024-08-21T12:35:37+00:00\",\"description\":\"Realizar campanhas de conscientiza\u00e7\u00e3o \u00e9 muito importante dentro das empresas, pois possibilita a abordagem de temas mais delicados, que envolve a sa\u00fade.\",\"breadcrumb\":{\"@id\":\"https:\/\/www.oitchau.com.br\/blog\/realizar-campanhas-de-conscientizacao\/#breadcrumb\"},\"inLanguage\":\"pt-BR\",\"potentialAction\":[{\"@type\":\"ReadAction\",\"target\":[\"https:\/\/www.oitchau.com.br\/blog\/realizar-campanhas-de-conscientizacao\/\"]}]},{\"@type\":\"ImageObject\",\"inLanguage\":\"pt-BR\",\"@id\":\"https:\/\/www.oitchau.com.br\/blog\/realizar-campanhas-de-conscientizacao\/#primaryimage\",\"url\":\"https:\/\/storage.googleapis.com\/oitchaublog\/2022\/06\/bb50049e-realizar-campanhas-de-conscientizacao.png\",\"contentUrl\":\"https:\/\/storage.googleapis.com\/oitchaublog\/2022\/06\/bb50049e-realizar-campanhas-de-conscientizacao.png\",\"width\":1982,\"height\":800,\"caption\":\"realizar campanhas de conscientiza\u00e7\u00e3o\"},{\"@type\":\"BreadcrumbList\",\"@id\":\"https:\/\/www.oitchau.com.br\/blog\/realizar-campanhas-de-conscientizacao\/#breadcrumb\",\"itemListElement\":[{\"@type\":\"ListItem\",\"position\":1,\"name\":\"Blog\",\"item\":\"https:\/\/www.oitchau.com.br\/blog\/\"},{\"@type\":\"ListItem\",\"position\":2,\"name\":\"Realizar campanhas de conscientiza\u00e7\u00e3o: como criar o calend\u00e1rio?\"}]},{\"@type\":\"WebSite\",\"@id\":\"https:\/\/www.oitchau.com.br\/blog\/#website\",\"url\":\"https:\/\/www.oitchau.com.br\/blog\/\",\"name\":\"Controle de Ponto & Timesheets\",\"description\":\"\",\"publisher\":{\"@id\":\"https:\/\/www.oitchau.com.br\/blog\/#organization\"},\"potentialAction\":[{\"@type\":\"SearchAction\",\"target\":{\"@type\":\"EntryPoint\",\"urlTemplate\":\"https:\/\/www.oitchau.com.br\/blog\/?s={search_term_string}\"},\"query-input\":\"required name=search_term_string\"}],\"inLanguage\":\"pt-BR\"},{\"@type\":\"Organization\",\"@id\":\"https:\/\/www.oitchau.com.br\/blog\/#organization\",\"name\":\"Oitchau\",\"url\":\"https:\/\/www.oitchau.com.br\/blog\/\",\"logo\":{\"@type\":\"ImageObject\",\"inLanguage\":\"pt-BR\",\"@id\":\"https:\/\/www.oitchau.com.br\/blog\/#\/schema\/logo\/image\/\",\"url\":\"https:\/\/storage.googleapis.com\/oitchaublog\/2024\/03\/a0e65c6f-design-sem-nome-20.png\",\"contentUrl\":\"https:\/\/storage.googleapis.com\/oitchaublog\/2024\/03\/a0e65c6f-design-sem-nome-20.png\",\"width\":696,\"height\":696,\"caption\":\"Oitchau\"},\"image\":{\"@id\":\"https:\/\/www.oitchau.com.br\/blog\/#\/schema\/logo\/image\/\"},\"sameAs\":[\"https:\/\/www.facebook.com\/oitchaubr\/\",\"https:\/\/twitter.com\/oitchaubr\",\"https:\/\/instagram.com\/oitchaubr\"],\"description\":\"A Oitchau \u00e9 uma solu\u00e7\u00e3o completa para gest\u00e3o de tempo dos colaboradores, atrav\u00e9s de suas solu\u00e7\u00f5es de controle de ponto & timesheets, ela permite que gestores, RH e DP possam gerenciar desde a jornada de trabalho de funcion\u00e1rios at\u00e9 a gest\u00e3o de tempo em projetos. Elevando o n\u00edvel estrat\u00e9gico do neg\u00f3cio de forma inteligente e assertiva, potencializando seus resultados e garantindo compliance com a Lei.\",\"email\":\"contato@oitchau.com.br\",\"telephone\":\"+551142102846\",\"foundingDate\":\"2016-01-01\",\"numberOfEmployees\":{\"@type\":\"QuantitativeValue\",\"minValue\":\"51\",\"maxValue\":\"200\"}},{\"@type\":\"Person\",\"@id\":\"https:\/\/www.oitchau.com.br\/blog\/#\/schema\/person\/40ba65f8664531ffe1465f6cb9d82430\",\"name\":\"Aline Mesquita\",\"url\":\"https:\/\/www.oitchau.com.br\/blog\/author\/aline\/\"}]}<\/script>\n<!-- \/ Yoast SEO Premium plugin. -->","yoast_head_json":{"title":"Realizar campanhas de conscientiza\u00e7\u00e3o: como criar o calend\u00e1rio? | Oitchau","description":"Realizar campanhas de conscientiza\u00e7\u00e3o \u00e9 muito importante dentro das empresas, pois possibilita a abordagem de temas mais delicados, que envolve a sa\u00fade.","robots":{"index":"index","follow":"follow","max-snippet":"max-snippet:-1","max-image-preview":"max-image-preview:large","max-video-preview":"max-video-preview:-1"},"canonical":"https:\/\/www.oitchau.com.br\/blog\/realizar-campanhas-de-conscientizacao\/","og_locale":"pt_BR","og_type":"article","og_title":"Realizar campanhas de conscientiza\u00e7\u00e3o: como criar o calend\u00e1rio?","og_description":"Realizar campanhas de conscientiza\u00e7\u00e3o \u00e9 muito importante dentro das empresas, pois possibilita a abordagem de temas mais delicados, que envolve a sa\u00fade.","og_url":"https:\/\/www.oitchau.com.br\/blog\/realizar-campanhas-de-conscientizacao\/","og_site_name":"Controle de Ponto &amp; Timesheets","article_publisher":"https:\/\/www.facebook.com\/oitchaubr\/","article_published_time":"2022-06-10T01:05:55+00:00","article_modified_time":"2024-08-21T12:35:37+00:00","og_image":[{"width":1982,"height":800,"url":"https:\/\/storage.googleapis.com\/oitchaublog\/2022\/06\/bb50049e-realizar-campanhas-de-conscientizacao.png","type":"image\/png"}],"author":"Aline Mesquita","twitter_card":"summary_large_image","twitter_creator":"@oitchaubr","twitter_site":"@oitchaubr","twitter_misc":{"Written by":"Aline Mesquita","Est. reading time":"7 minutos"},"schema":{"@context":"https:\/\/schema.org","@graph":[{"@type":["Article","BlogPosting"],"@id":"https:\/\/www.oitchau.com.br\/blog\/realizar-campanhas-de-conscientizacao\/#article","isPartOf":{"@id":"https:\/\/www.oitchau.com.br\/blog\/realizar-campanhas-de-conscientizacao\/"},"author":{"name":"Aline Mesquita","@id":"https:\/\/www.oitchau.com.br\/blog\/#\/schema\/person\/40ba65f8664531ffe1465f6cb9d82430"},"headline":"Realizar campanhas de conscientiza\u00e7\u00e3o: como criar o calend\u00e1rio?","datePublished":"2022-06-10T01:05:55+00:00","dateModified":"2024-08-21T12:35:37+00:00","mainEntityOfPage":{"@id":"https:\/\/www.oitchau.com.br\/blog\/realizar-campanhas-de-conscientizacao\/"},"wordCount":1292,"publisher":{"@id":"https:\/\/www.oitchau.com.br\/blog\/#organization"},"image":{"@id":"https:\/\/www.oitchau.com.br\/blog\/realizar-campanhas-de-conscientizacao\/#primaryimage"},"thumbnailUrl":"https:\/\/storage.googleapis.com\/oitchaublog\/2022\/06\/bb50049e-realizar-campanhas-de-conscientizacao.png","keywords":["campanhas de conscientiza\u00e7\u00e3o","gest\u00e3o de pessoas","recursos humanos"],"articleSection":["Recursos Humanos"],"inLanguage":"pt-BR"},{"@type":"WebPage","@id":"https:\/\/www.oitchau.com.br\/blog\/realizar-campanhas-de-conscientizacao\/","url":"https:\/\/www.oitchau.com.br\/blog\/realizar-campanhas-de-conscientizacao\/","name":"Realizar campanhas de conscientiza\u00e7\u00e3o: como criar o calend\u00e1rio? | Oitchau","isPartOf":{"@id":"https:\/\/www.oitchau.com.br\/blog\/#website"},"primaryImageOfPage":{"@id":"https:\/\/www.oitchau.com.br\/blog\/realizar-campanhas-de-conscientizacao\/#primaryimage"},"image":{"@id":"https:\/\/www.oitchau.com.br\/blog\/realizar-campanhas-de-conscientizacao\/#primaryimage"},"thumbnailUrl":"https:\/\/storage.googleapis.com\/oitchaublog\/2022\/06\/bb50049e-realizar-campanhas-de-conscientizacao.png","datePublished":"2022-06-10T01:05:55+00:00","dateModified":"2024-08-21T12:35:37+00:00","description":"Realizar campanhas de conscientiza\u00e7\u00e3o \u00e9 muito importante dentro das empresas, pois possibilita a abordagem de temas mais delicados, que envolve a sa\u00fade.","breadcrumb":{"@id":"https:\/\/www.oitchau.com.br\/blog\/realizar-campanhas-de-conscientizacao\/#breadcrumb"},"inLanguage":"pt-BR","potentialAction":[{"@type":"ReadAction","target":["https:\/\/www.oitchau.com.br\/blog\/realizar-campanhas-de-conscientizacao\/"]}]},{"@type":"ImageObject","inLanguage":"pt-BR","@id":"https:\/\/www.oitchau.com.br\/blog\/realizar-campanhas-de-conscientizacao\/#primaryimage","url":"https:\/\/storage.googleapis.com\/oitchaublog\/2022\/06\/bb50049e-realizar-campanhas-de-conscientizacao.png","contentUrl":"https:\/\/storage.googleapis.com\/oitchaublog\/2022\/06\/bb50049e-realizar-campanhas-de-conscientizacao.png","width":1982,"height":800,"caption":"realizar campanhas de conscientiza\u00e7\u00e3o"},{"@type":"BreadcrumbList","@id":"https:\/\/www.oitchau.com.br\/blog\/realizar-campanhas-de-conscientizacao\/#breadcrumb","itemListElement":[{"@type":"ListItem","position":1,"name":"Blog","item":"https:\/\/www.oitchau.com.br\/blog\/"},{"@type":"ListItem","position":2,"name":"Realizar campanhas de conscientiza\u00e7\u00e3o: como criar o calend\u00e1rio?"}]},{"@type":"WebSite","@id":"https:\/\/www.oitchau.com.br\/blog\/#website","url":"https:\/\/www.oitchau.com.br\/blog\/","name":"Controle de Ponto & Timesheets","description":"","publisher":{"@id":"https:\/\/www.oitchau.com.br\/blog\/#organization"},"potentialAction":[{"@type":"SearchAction","target":{"@type":"EntryPoint","urlTemplate":"https:\/\/www.oitchau.com.br\/blog\/?s={search_term_string}"},"query-input":"required name=search_term_string"}],"inLanguage":"pt-BR"},{"@type":"Organization","@id":"https:\/\/www.oitchau.com.br\/blog\/#organization","name":"Oitchau","url":"https:\/\/www.oitchau.com.br\/blog\/","logo":{"@type":"ImageObject","inLanguage":"pt-BR","@id":"https:\/\/www.oitchau.com.br\/blog\/#\/schema\/logo\/image\/","url":"https:\/\/storage.googleapis.com\/oitchaublog\/2024\/03\/a0e65c6f-design-sem-nome-20.png","contentUrl":"https:\/\/storage.googleapis.com\/oitchaublog\/2024\/03\/a0e65c6f-design-sem-nome-20.png","width":696,"height":696,"caption":"Oitchau"},"image":{"@id":"https:\/\/www.oitchau.com.br\/blog\/#\/schema\/logo\/image\/"},"sameAs":["https:\/\/www.facebook.com\/oitchaubr\/","https:\/\/twitter.com\/oitchaubr","https:\/\/instagram.com\/oitchaubr"],"description":"A Oitchau \u00e9 uma solu\u00e7\u00e3o completa para gest\u00e3o de tempo dos colaboradores, atrav\u00e9s de suas solu\u00e7\u00f5es de controle de ponto & timesheets, ela permite que gestores, RH e DP possam gerenciar desde a jornada de trabalho de funcion\u00e1rios at\u00e9 a gest\u00e3o de tempo em projetos. Elevando o n\u00edvel estrat\u00e9gico do neg\u00f3cio de forma inteligente e assertiva, potencializando seus resultados e garantindo compliance com a Lei.","email":"contato@oitchau.com.br","telephone":"+551142102846","foundingDate":"2016-01-01","numberOfEmployees":{"@type":"QuantitativeValue","minValue":"51","maxValue":"200"}},{"@type":"Person","@id":"https:\/\/www.oitchau.com.br\/blog\/#\/schema\/person\/40ba65f8664531ffe1465f6cb9d82430","name":"Aline Mesquita","url":"https:\/\/www.oitchau.com.br\/blog\/author\/aline\/"}]}},"_links":{"self":[{"href":"https:\/\/www.oitchau.com.br\/blog\/wp-json\/wp\/v2\/posts\/22568"}],"collection":[{"href":"https:\/\/www.oitchau.com.br\/blog\/wp-json\/wp\/v2\/posts"}],"about":[{"href":"https:\/\/www.oitchau.com.br\/blog\/wp-json\/wp\/v2\/types\/post"}],"author":[{"embeddable":true,"href":"https:\/\/www.oitchau.com.br\/blog\/wp-json\/wp\/v2\/users\/11"}],"replies":[{"embeddable":true,"href":"https:\/\/www.oitchau.com.br\/blog\/wp-json\/wp\/v2\/comments?post=22568"}],"version-history":[{"count":2,"href":"https:\/\/www.oitchau.com.br\/blog\/wp-json\/wp\/v2\/posts\/22568\/revisions"}],"predecessor-version":[{"id":35900,"href":"https:\/\/www.oitchau.com.br\/blog\/wp-json\/wp\/v2\/posts\/22568\/revisions\/35900"}],"wp:featuredmedia":[{"embeddable":true,"href":"https:\/\/www.oitchau.com.br\/blog\/wp-json\/wp\/v2\/media\/35898"}],"wp:attachment":[{"href":"https:\/\/www.oitchau.com.br\/blog\/wp-json\/wp\/v2\/media?parent=22568"}],"wp:term":[{"taxonomy":"category","embeddable":true,"href":"https:\/\/www.oitchau.com.br\/blog\/wp-json\/wp\/v2\/categories?post=22568"},{"taxonomy":"post_tag","embeddable":true,"href":"https:\/\/www.oitchau.com.br\/blog\/wp-json\/wp\/v2\/tags?post=22568"}],"curies":[{"name":"wp","href":"https:\/\/api.w.org\/{rel}","templated":true}]}}