{"id":22113,"date":"2022-05-06T00:44:00","date_gmt":"2022-05-05T21:44:00","guid":{"rendered":"https:\/\/www.oitchau.com.br\/blog\/?p=22113"},"modified":"2024-08-14T15:23:38","modified_gmt":"2024-08-14T12:23:38","slug":"capacidade-produtiva","status":"publish","type":"post","link":"https:\/\/www.oitchau.com.br\/blog\/capacidade-produtiva\/","title":{"rendered":"Capacidade produtiva: como calcular?"},"content":{"rendered":"<p><span style=\"font-weight: 400;\">Na gest\u00e3o de projetos existem diversos indicadores para medir e calcular metas, identificar poss\u00edveis falhas e mostrar o retorno de investimento. Um deles \u00e9 sobre medir a capacidade produtiva dos colaboradores.<\/span><\/p>\n<p><span style=\"font-weight: 400;\"><span data-sheets-value=\"{&quot;1&quot;:2,&quot;2&quot;:&quot;\n\t\t&lt;!--HubSpot Call-to-Action Code --&gt;\n\t\t&lt;span class=&quot;hs-cta-wrapper&quot; id=&quot;hs-cta-wrapper-7a711a71-c0f8-4e4f-b8a1-05b3bcd6d331&quot;&gt;\n\t\t&lt;span class=&quot;hs-cta-node hs-cta-7a711a71-c0f8-4e4f-b8a1-05b3bcd6d331&quot; id=&quot;7a711a71-c0f8-4e4f-b8a1-05b3bcd6d331&quot;&gt;\n\t\t&lt;!--[if lte IE 8]&gt;\n\t\t&lt;div id=&quot;hs-cta-ie-element&quot;&gt;&lt;\/div&gt;\n\t\t&lt;![endif]--&gt;\n\t\t&lt;a href=&quot;https:\/\/cta-redirect.hubspot.com\/cta\/redirect\/20984162\/7a711a71-c0f8-4e4f-b8a1-05b3bcd6d331&quot; &gt;\n\t\t&lt;img class=&quot;hs-cta-img&quot; id=&quot;hs-cta-img-7a711a71-c0f8-4e4f-b8a1-05b3bcd6d331&quot; style=&quot;border-width:0px;&quot; src=&quot;https:\/\/no-cache.hubspot.com\/cta\/default\/20984162\/7a711a71-c0f8-4e4f-b8a1-05b3bcd6d331.png&quot;  alt=&quot;New call-to-action&quot;\/&gt;\n\t\t&lt;\/a&gt;\n\t\t&lt;\/span&gt;\n\t\t&lt;script charset=&quot;utf-8&quot; src=&quot;\/\/js.hubspot.com\/cta\/current.js&quot;&gt;&lt;\/script&gt;\n\t\t&lt;script&gt;\n\t\thbspt.cta.load(20984162, &#039;7a711a71-c0f8-4e4f-b8a1-05b3bcd6d331&#039;, {});\n\t\t&lt;\/script&gt;\n\t\t&lt;\/span&gt;\n\t\t&lt;!-- end HubSpot Call-to-Action Code --&gt;\n\t\t&quot;}\" data-sheets-userformat=\"{&quot;2&quot;:899,&quot;3&quot;:{&quot;1&quot;:0},&quot;4&quot;:{&quot;1&quot;:2,&quot;2&quot;:16777215},&quot;10&quot;:1,&quot;11&quot;:4,&quot;12&quot;:0}\">\n\t\t<!--HubSpot Call-to-Action Code -->\n\t\t<span class=\"hs-cta-wrapper\" id=\"hs-cta-wrapper-7a711a71-c0f8-4e4f-b8a1-05b3bcd6d331\">\n\t\t<span class=\"hs-cta-node hs-cta-7a711a71-c0f8-4e4f-b8a1-05b3bcd6d331\" id=\"7a711a71-c0f8-4e4f-b8a1-05b3bcd6d331\">\n\t\t<!--[if lte IE 8]>\n\t\t<div id=\"hs-cta-ie-element\"><\/div>\n\t\t<![endif]-->\n\t\t<a href=\"https:\/\/cta-redirect.hubspot.com\/cta\/redirect\/20984162\/7a711a71-c0f8-4e4f-b8a1-05b3bcd6d331\" >\n\t\t<img decoding=\"async\" class=\"hs-cta-img\" id=\"hs-cta-img-7a711a71-c0f8-4e4f-b8a1-05b3bcd6d331\" style=\"border-width:0px;\" src=\"https:\/\/no-cache.hubspot.com\/cta\/default\/20984162\/7a711a71-c0f8-4e4f-b8a1-05b3bcd6d331.png\"  alt=\"New call-to-action\"\/>\n\t\t<\/a>\n\t\t<\/span>\n\t\t<script charset=\"utf-8\" src=\"\/\/js.hubspot.com\/cta\/current.js\"><\/script>\n\t\t<script>\n\t\thbspt.cta.load(20984162, '7a711a71-c0f8-4e4f-b8a1-05b3bcd6d331', {});\n\t\t<\/script>\n\t\t<\/span>\n\t\t<!-- end HubSpot Call-to-Action Code -->\n\t\t<\/span><\/span><span style=\"font-weight: 400;\"><br \/>\n<\/span><span style=\"font-weight: 400;\">Assim ficar\u00e1 evidente qual o \u00edndice de desempenho da equipe, se ocorre desvio de tarefas ou o ac\u00famulo delas. Desta maneira \u00e9 mais f\u00e1cil criar alinhamentos com a equipe e obter resultados de qualidade dentro do prazo.<\/span><span style=\"font-weight: 400;\"><br \/>\n<\/span><span style=\"font-weight: 400;\"><br \/>\n<\/span><span style=\"font-weight: 400;\">Mas como calcular a produtividade de uma equipe, com base na sua capacita\u00e7\u00e3o geral?<\/span><span style=\"font-weight: 400;\"><br \/>\n<\/span><span style=\"font-weight: 400;\">\u00c9 sobre isso que iremos falar, continuar a sua leitura para saber como efetuar este c\u00e1lculo.<\/span><\/p>\n<h2><span style=\"font-weight: 400;\">O que \u00e9 capacidade produtiva?<\/span><\/h2>\n<p><span style=\"font-weight: 400;\">Capacidade produtiva \u00e9 o limite m\u00e1ximo que uma empresa consegue de produ\u00e7\u00e3o, diante dos recursos e investimentos fornecidos, com base no cronograma e entregas dos colaboradores que s\u00e3o feitas dentro de um prazo determinado.<\/span><span style=\"font-weight: 400;\"><br \/>\n<\/span><span style=\"font-weight: 400;\"><br \/>\n<\/span><span style=\"font-weight: 400;\">Pode analisar o fluxo operacional, faturamento e o lucro, pois quando a empresa insere seus investimentos em um projeto, est\u00e1 acreditando nas estrat\u00e9gias e no seu time, com foco total nos resultados.<\/span><\/p>\n<p><span style=\"font-weight: 400;\">Para isso precisa ter um retorno que se alinhe com esse investimento, gerando mais lucro e faturamento, por isso \u00e9 importante manter alinhado todos os indicadores e a capacidade produtiva, para que a equipe n\u00e3o seja desmotivada e a qualidade das entregas n\u00e3o declinar.<\/span><\/p>\n<h3><span style=\"font-weight: 400;\">Como calcular a<\/span><span style=\"font-weight: 400;\"> capacidade produtiva ?<\/span><\/h3>\n<p><span style=\"font-weight: 400;\">A maneira que uma empresa vai medir a sua capacidade reprodutiva vai de acordo com o seu segmento, como os de:: <\/span><\/p>\n<ul>\n<li style=\"font-weight: 400;\" aria-level=\"1\"><span style=\"font-weight: 400;\">Lojas de roupas v\u00e3o de acordo com a quantidade de vendas;<\/span><\/li>\n<li style=\"font-weight: 400;\" aria-level=\"1\"><span style=\"font-weight: 400;\">Deliverys pelos n\u00fameros de pedidos;<\/span><\/li>\n<li style=\"font-weight: 400;\" aria-level=\"1\"><span style=\"font-weight: 400;\">Dentistas pelos agendamentos lotados;<\/span><\/li>\n<li style=\"font-weight: 400;\" aria-level=\"1\"><span style=\"font-weight: 400;\">Palestrantes pelas solicita\u00e7\u00f5es de participa\u00e7\u00e3o.<\/span><\/li>\n<\/ul>\n<p><span style=\"font-weight: 400;\">Mas todos envolvem quest\u00f5es relacionadas a sua produtividade, entrega e a capacidade de suprir todas as demandas que foram destinadas, e que precisam alcan\u00e7ar as metas estabelecidas, para o constante crescimento persistir.<\/span><\/p>\n<p><b><i>Capacidade produtiva = quantidade de entregas ou produtos x horas trabalhadas<\/i><\/b><\/p>\n<p><span style=\"font-weight: 400;\">Por exemplo: uma loja de roupas vende em m\u00e9dia 50 pe\u00e7a por dia, a equipe atua em 9 horas di\u00e1rias a conta ficaria:<\/span><\/p>\n<p style=\"text-align: center;\"><b>CP =\u00a0 50 X 9 <\/b><b><br \/>\n<\/b><b>Capacidade de Produ\u00e7\u00e3o = 450<\/b><\/p>\n<p><span style=\"font-weight: 400;\">Sendo assim, a capacidade produtiva da equipe por semana \u00e9 de 450 vendas, ent\u00e3o deve ser analisado quais a\u00e7\u00f5es podem ser feitas para que essa quantidade seja mantida ou aumentada.<\/span><\/p>\n<h4><span style=\"font-weight: 400;\">Como saber se o c\u00e1lculo est\u00e1 funcionando?<\/span><\/h4>\n<p><span style=\"font-weight: 400;\">Caso diminua, esta n\u00e3o \u00e9 a real capacidade do time, e caso aumente o time pode entregar mais do que a empresa o prop\u00f5e. E assim o c\u00e1lculo deve ser refeito, o ideal \u00e9 que seja reavaliado semanalmente, para ter uma m\u00e9trica mais apurada e realista.<\/span><\/p>\n<p><span style=\"font-weight: 400;\">Posterior pode avaliar qual foi a capacidade di\u00e1ria e mensal tamb\u00e9m, para que sejam alinhadas a um novo planejamento, sempre respeitando a capacidade do time, para que se mantenham motivados e dispostos a entregar mais.<\/span><\/p>\n<p><span style=\"font-weight: 400;\">Pois se propor um valor exorbitante e fora da realidade, a equipe tem grandes chances de n\u00e3o cumpri-lo e isso acaba em frustra\u00e7\u00e3o e decai as entregas. Agora se seguir um ciclo semanal, os valores passam a ser refletidos naturalmente.<\/span><\/p>\n<h2><span style=\"font-weight: 400;\">Como a metodologia \u00e1gil pode ajudar na <\/span><span style=\"font-weight: 400;\">capacidade produtiva<\/span><span style=\"font-weight: 400;\">?<\/span><\/h2>\n<p><span style=\"font-weight: 400;\">Para manter uma organiza\u00e7\u00e3o alinhada aos resultados reais da equipe, a <\/span><a href=\"https:\/\/www.oitchau.com.br\/blog\/metodologia-agil-o-que-voce-precisa-saber-sobre-ela\/\"><span style=\"font-weight: 400;\">metodologia \u00e1gil<\/span><\/a><span style=\"font-weight: 400;\"> pois nela \u00e9 poss\u00edvel manter organizado em plataforma quais ser\u00e3o as a\u00e7\u00f5es realizadas de acordo com a capacidade que o time precisa cumprir.<\/span><\/p>\n<p><span style=\"font-weight: 400;\">E atrav\u00e9s das m\u00e9tricas estipuladas \u00e9 poss\u00edvel definir se na pr\u00f3xima semana a meta de entregas ser\u00e1 aumentada, mantida ou reduzida, seguindo o scrum, kanban e lean.<\/span><span style=\"font-weight: 400;\"><br \/>\n<\/span><span style=\"font-weight: 400;\">Ao aplicar o scrum, s\u00e3o programas pequenos ciclos de atividades com todas as a\u00e7\u00f5es que dever\u00e3o ser feitas, e para manter o alinhamento \u00e9 importante ter diariamente um bate-papo r\u00e1pido de at\u00e9 15 minutos para tirar d\u00favidas ou realinhar as tarefas.<\/span><\/p>\n<p><span style=\"font-weight: 400;\">O Kanban \u00e9 um quadro que mostra quais tarefas ser\u00e3o iniciadas, quais est\u00e3o em progresso\u00a0 e as que foram finalizadas.<\/span><\/p>\n<p><span style=\"font-weight: 400;\">J\u00e1 o Lean, faz as melhorias necess\u00e1rias no processo, seja de reduzir tarefas, exclu\u00ed-las para priorizar apenas as que agregam valor \u00e0 empresa, ao cliente e que possuem uma boa efetividade.<\/span><\/p>\n<h2><span style=\"font-weight: 400;\">Qual a import\u00e2ncia da <\/span><span style=\"font-weight: 400;\">capacidade produtiva?<\/span><\/h2>\n<p><span style=\"font-weight: 400;\">A capacidade produtiva contribui para a gest\u00e3o saber o que falta no estoque, os custos de produ\u00e7\u00e3o, como est\u00e1 o fluxo de caixa, quais\u00a0 produtos ou servi\u00e7os tem mais sa\u00edda, quais colaboradores conseguem cumprir a meta e quais est\u00e3o longe da m\u00e9trica.<\/span><\/p>\n<p><span data-sheets-value=\"{&quot;1&quot;:2,&quot;2&quot;:&quot;\n\t\t&lt;!--HubSpot Call-to-Action Code --&gt;\n\t\t&lt;span class=&quot;hs-cta-wrapper&quot; id=&quot;hs-cta-wrapper-3abae1c4-c415-4a64-85f6-a77616aa6cf3&quot;&gt;\n\t\t&lt;span class=&quot;hs-cta-node hs-cta-3abae1c4-c415-4a64-85f6-a77616aa6cf3&quot; id=&quot;3abae1c4-c415-4a64-85f6-a77616aa6cf3&quot;&gt;\n\t\t&lt;!--[if lte IE 8]&gt;\n\t\t&lt;div id=&quot;hs-cta-ie-element&quot;&gt;&lt;\/div&gt;\n\t\t&lt;![endif]--&gt;\n\t\t&lt;a href=&quot;https:\/\/cta-redirect.hubspot.com\/cta\/redirect\/20984162\/3abae1c4-c415-4a64-85f6-a77616aa6cf3&quot; &gt;\n\t\t&lt;img class=&quot;hs-cta-img&quot; id=&quot;hs-cta-img-3abae1c4-c415-4a64-85f6-a77616aa6cf3&quot; style=&quot;border-width:0px;&quot; src=&quot;https:\/\/no-cache.hubspot.com\/cta\/default\/20984162\/3abae1c4-c415-4a64-85f6-a77616aa6cf3.png&quot;  alt=&quot;New call-to-action&quot;\/&gt;\n\t\t&lt;\/a&gt;\n\t\t&lt;\/span&gt;\n\t\t&lt;script charset=&quot;utf-8&quot; src=&quot;\/\/js.hubspot.com\/cta\/current.js&quot;&gt;&lt;\/script&gt;\n\t\t&lt;script&gt;\n\t\thbspt.cta.load(20984162, &#039;3abae1c4-c415-4a64-85f6-a77616aa6cf3&#039;, {});\n\t\t&lt;\/script&gt;\n\t\t&lt;\/span&gt;\n\t\t&lt;!-- end HubSpot Call-to-Action Code --&gt;\n\t\t&quot;}\" data-sheets-userformat=\"{&quot;2&quot;:899,&quot;3&quot;:{&quot;1&quot;:0},&quot;4&quot;:{&quot;1&quot;:2,&quot;2&quot;:16777215},&quot;10&quot;:1,&quot;11&quot;:4,&quot;12&quot;:0}\">\n\t\t<!--HubSpot Call-to-Action Code -->\n\t\t<span class=\"hs-cta-wrapper\" id=\"hs-cta-wrapper-3abae1c4-c415-4a64-85f6-a77616aa6cf3\">\n\t\t<span class=\"hs-cta-node hs-cta-3abae1c4-c415-4a64-85f6-a77616aa6cf3\" id=\"3abae1c4-c415-4a64-85f6-a77616aa6cf3\">\n\t\t<!--[if lte IE 8]>\n\t\t<div id=\"hs-cta-ie-element\"><\/div>\n\t\t<![endif]-->\n\t\t<a href=\"https:\/\/cta-redirect.hubspot.com\/cta\/redirect\/20984162\/3abae1c4-c415-4a64-85f6-a77616aa6cf3\" >\n\t\t<img decoding=\"async\" class=\"hs-cta-img\" id=\"hs-cta-img-3abae1c4-c415-4a64-85f6-a77616aa6cf3\" style=\"border-width:0px;\" src=\"https:\/\/no-cache.hubspot.com\/cta\/default\/20984162\/3abae1c4-c415-4a64-85f6-a77616aa6cf3.png\"  alt=\"New call-to-action\"\/>\n\t\t<\/a>\n\t\t<\/span>\n\t\t<script charset=\"utf-8\" src=\"\/\/js.hubspot.com\/cta\/current.js\"><\/script>\n\t\t<script>\n\t\thbspt.cta.load(20984162, '3abae1c4-c415-4a64-85f6-a77616aa6cf3', {});\n\t\t<\/script>\n\t\t<\/span>\n\t\t<!-- end HubSpot Call-to-Action Code -->\n\t\t<\/span><\/p>\n<p><span style=\"font-weight: 400;\">Al\u00e9m de poder economizar o dinheiro, otimizar o tempo da equipe e promover mais autonomia dos colaboradores, gerando mais satisfa\u00e7\u00e3o dos clientes e por consequ\u00eancia obter mais lucro.<\/span><\/p>\n<p><span style=\"font-weight: 400;\">Ao aplicar na rotina corporativa, estar\u00e1 mantendo sob controle o desenvolvimento dos colaboradores e garantindo que poss\u00edveis falhas sejam arrumadas mais rapidamente.<\/span><\/p>\n<p><span style=\"font-weight: 400;\">Gostou das dicas? Acompanhe o <\/span><a href=\"https:\/\/www.oitchau.com.br\/blog\/\"><span style=\"font-weight: 400;\">Blog da Oitchau<\/span><span style=\"font-weight: 400;\"><br \/>\n<\/span><\/a><a href=\"https:\/\/www.oitchau.com.br\/blog\/indicadores-de-projetos-de-ti\/\"><span style=\"font-weight: 400;\">Leia tamb\u00e9m: Indicadores de projeto TI: quais monitorar?<\/span><\/a><\/p>\n","protected":false},"excerpt":{"rendered":"<p>Na gest\u00e3o de projetos existem diversos indicadores para medir e calcular metas, identificar poss\u00edveis falhas e mostrar o retorno de investimento. Um deles \u00e9 sobre medir a capacidade produtiva dos colaboradores.<\/p>\n","protected":false},"author":16,"featured_media":35799,"comment_status":"closed","ping_status":"open","sticky":false,"template":"","format":"standard","meta":{"content-type":"","footnotes":""},"categories":[224],"tags":[10887],"yoast_head":"<!-- This site is optimized with the Yoast SEO Premium plugin v22.2 (Yoast SEO v22.2) - https:\/\/yoast.com\/wordpress\/plugins\/seo\/ -->\n<title>Capacidade produtiva: como calcular? | Oitchau<\/title>\n<meta name=\"description\" content=\"Na gest\u00e3o de projetos existem diversos indicadores para medir e calcular metas, identificar poss\u00edveis falhas, um deles \u00e9 sobre medir a capacidade produtiva.\" \/>\n<meta name=\"robots\" content=\"index, follow, max-snippet:-1, max-image-preview:large, max-video-preview:-1\" \/>\n<link rel=\"canonical\" href=\"https:\/\/www.oitchau.com.br\/blog\/capacidade-produtiva\/\" \/>\n<meta property=\"og:locale\" content=\"pt_BR\" \/>\n<meta property=\"og:type\" content=\"article\" \/>\n<meta property=\"og:title\" content=\"Capacidade produtiva: como calcular?\" \/>\n<meta property=\"og:description\" content=\"Na gest\u00e3o de projetos existem diversos indicadores para medir e calcular metas, identificar poss\u00edveis falhas, um deles \u00e9 sobre medir a capacidade produtiva.\" \/>\n<meta property=\"og:url\" content=\"https:\/\/www.oitchau.com.br\/blog\/capacidade-produtiva\/\" \/>\n<meta property=\"og:site_name\" content=\"Controle de Ponto &amp; Timesheets\" \/>\n<meta property=\"article:publisher\" content=\"https:\/\/www.facebook.com\/oitchaubr\/\" \/>\n<meta property=\"article:published_time\" content=\"2022-05-05T21:44:00+00:00\" \/>\n<meta property=\"article:modified_time\" content=\"2024-08-14T12:23:38+00:00\" \/>\n<meta property=\"og:image\" content=\"https:\/\/storage.googleapis.com\/oitchaublog\/2022\/05\/954a957b-capacidade-produtiva.png\" \/>\n\t<meta property=\"og:image:width\" content=\"1982\" \/>\n\t<meta property=\"og:image:height\" content=\"800\" \/>\n\t<meta property=\"og:image:type\" content=\"image\/png\" \/>\n<meta name=\"author\" content=\"Julia Neves\" \/>\n<meta name=\"twitter:card\" content=\"summary_large_image\" \/>\n<meta name=\"twitter:creator\" content=\"@oitchaubr\" \/>\n<meta name=\"twitter:site\" content=\"@oitchaubr\" \/>\n<meta name=\"twitter:label1\" content=\"Written by\" \/>\n\t<meta name=\"twitter:data1\" content=\"Julia Neves\" \/>\n\t<meta name=\"twitter:label2\" content=\"Est. reading time\" \/>\n\t<meta name=\"twitter:data2\" content=\"5 minutos\" \/>\n<script type=\"application\/ld+json\" class=\"yoast-schema-graph\">{\"@context\":\"https:\/\/schema.org\",\"@graph\":[{\"@type\":[\"Article\",\"BlogPosting\"],\"@id\":\"https:\/\/www.oitchau.com.br\/blog\/capacidade-produtiva\/#article\",\"isPartOf\":{\"@id\":\"https:\/\/www.oitchau.com.br\/blog\/capacidade-produtiva\/\"},\"author\":{\"name\":\"Julia Neves\",\"@id\":\"https:\/\/www.oitchau.com.br\/blog\/#\/schema\/person\/2d537dd5d364d6364dbe306bf11644f3\"},\"headline\":\"Capacidade produtiva: como calcular?\",\"datePublished\":\"2022-05-05T21:44:00+00:00\",\"dateModified\":\"2024-08-14T12:23:38+00:00\",\"mainEntityOfPage\":{\"@id\":\"https:\/\/www.oitchau.com.br\/blog\/capacidade-produtiva\/\"},\"wordCount\":850,\"publisher\":{\"@id\":\"https:\/\/www.oitchau.com.br\/blog\/#organization\"},\"image\":{\"@id\":\"https:\/\/www.oitchau.com.br\/blog\/capacidade-produtiva\/#primaryimage\"},\"thumbnailUrl\":\"https:\/\/storage.googleapis.com\/oitchaublog\/2022\/05\/954a957b-capacidade-produtiva.png\",\"keywords\":[\"gest\u00e3o de pessoas\"],\"articleSection\":[\"Gest\u00e3o de Pessoas\"],\"inLanguage\":\"pt-BR\"},{\"@type\":\"WebPage\",\"@id\":\"https:\/\/www.oitchau.com.br\/blog\/capacidade-produtiva\/\",\"url\":\"https:\/\/www.oitchau.com.br\/blog\/capacidade-produtiva\/\",\"name\":\"Capacidade produtiva: como calcular? | Oitchau\",\"isPartOf\":{\"@id\":\"https:\/\/www.oitchau.com.br\/blog\/#website\"},\"primaryImageOfPage\":{\"@id\":\"https:\/\/www.oitchau.com.br\/blog\/capacidade-produtiva\/#primaryimage\"},\"image\":{\"@id\":\"https:\/\/www.oitchau.com.br\/blog\/capacidade-produtiva\/#primaryimage\"},\"thumbnailUrl\":\"https:\/\/storage.googleapis.com\/oitchaublog\/2022\/05\/954a957b-capacidade-produtiva.png\",\"datePublished\":\"2022-05-05T21:44:00+00:00\",\"dateModified\":\"2024-08-14T12:23:38+00:00\",\"description\":\"Na gest\u00e3o de projetos existem diversos indicadores para medir e calcular metas, identificar poss\u00edveis falhas, um deles \u00e9 sobre medir a capacidade produtiva.\",\"breadcrumb\":{\"@id\":\"https:\/\/www.oitchau.com.br\/blog\/capacidade-produtiva\/#breadcrumb\"},\"inLanguage\":\"pt-BR\",\"potentialAction\":[{\"@type\":\"ReadAction\",\"target\":[\"https:\/\/www.oitchau.com.br\/blog\/capacidade-produtiva\/\"]}]},{\"@type\":\"ImageObject\",\"inLanguage\":\"pt-BR\",\"@id\":\"https:\/\/www.oitchau.com.br\/blog\/capacidade-produtiva\/#primaryimage\",\"url\":\"https:\/\/storage.googleapis.com\/oitchaublog\/2022\/05\/954a957b-capacidade-produtiva.png\",\"contentUrl\":\"https:\/\/storage.googleapis.com\/oitchaublog\/2022\/05\/954a957b-capacidade-produtiva.png\",\"width\":1982,\"height\":800,\"caption\":\"capacidade produtiva\"},{\"@type\":\"BreadcrumbList\",\"@id\":\"https:\/\/www.oitchau.com.br\/blog\/capacidade-produtiva\/#breadcrumb\",\"itemListElement\":[{\"@type\":\"ListItem\",\"position\":1,\"name\":\"Blog\",\"item\":\"https:\/\/www.oitchau.com.br\/blog\/\"},{\"@type\":\"ListItem\",\"position\":2,\"name\":\"Capacidade produtiva: como calcular?\"}]},{\"@type\":\"WebSite\",\"@id\":\"https:\/\/www.oitchau.com.br\/blog\/#website\",\"url\":\"https:\/\/www.oitchau.com.br\/blog\/\",\"name\":\"Controle de Ponto & Timesheets\",\"description\":\"\",\"publisher\":{\"@id\":\"https:\/\/www.oitchau.com.br\/blog\/#organization\"},\"potentialAction\":[{\"@type\":\"SearchAction\",\"target\":{\"@type\":\"EntryPoint\",\"urlTemplate\":\"https:\/\/www.oitchau.com.br\/blog\/?s={search_term_string}\"},\"query-input\":\"required name=search_term_string\"}],\"inLanguage\":\"pt-BR\"},{\"@type\":\"Organization\",\"@id\":\"https:\/\/www.oitchau.com.br\/blog\/#organization\",\"name\":\"Oitchau\",\"url\":\"https:\/\/www.oitchau.com.br\/blog\/\",\"logo\":{\"@type\":\"ImageObject\",\"inLanguage\":\"pt-BR\",\"@id\":\"https:\/\/www.oitchau.com.br\/blog\/#\/schema\/logo\/image\/\",\"url\":\"https:\/\/storage.googleapis.com\/oitchaublog\/2024\/03\/a0e65c6f-design-sem-nome-20.png\",\"contentUrl\":\"https:\/\/storage.googleapis.com\/oitchaublog\/2024\/03\/a0e65c6f-design-sem-nome-20.png\",\"width\":696,\"height\":696,\"caption\":\"Oitchau\"},\"image\":{\"@id\":\"https:\/\/www.oitchau.com.br\/blog\/#\/schema\/logo\/image\/\"},\"sameAs\":[\"https:\/\/www.facebook.com\/oitchaubr\/\",\"https:\/\/twitter.com\/oitchaubr\",\"https:\/\/instagram.com\/oitchaubr\"],\"description\":\"A Oitchau \u00e9 uma solu\u00e7\u00e3o completa para gest\u00e3o de tempo dos colaboradores, atrav\u00e9s de suas solu\u00e7\u00f5es de controle de ponto & timesheets, ela permite que gestores, RH e DP possam gerenciar desde a jornada de trabalho de funcion\u00e1rios at\u00e9 a gest\u00e3o de tempo em projetos. Elevando o n\u00edvel estrat\u00e9gico do neg\u00f3cio de forma inteligente e assertiva, potencializando seus resultados e garantindo compliance com a Lei.\",\"email\":\"contato@oitchau.com.br\",\"telephone\":\"+551142102846\",\"foundingDate\":\"2016-01-01\",\"numberOfEmployees\":{\"@type\":\"QuantitativeValue\",\"minValue\":\"51\",\"maxValue\":\"200\"}},{\"@type\":\"Person\",\"@id\":\"https:\/\/www.oitchau.com.br\/blog\/#\/schema\/person\/2d537dd5d364d6364dbe306bf11644f3\",\"name\":\"Julia Neves\",\"url\":\"https:\/\/www.oitchau.com.br\/blog\/author\/julia\/\"}]}<\/script>\n<!-- \/ Yoast SEO Premium plugin. -->","yoast_head_json":{"title":"Capacidade produtiva: como calcular? | Oitchau","description":"Na gest\u00e3o de projetos existem diversos indicadores para medir e calcular metas, identificar poss\u00edveis falhas, um deles \u00e9 sobre medir a capacidade produtiva.","robots":{"index":"index","follow":"follow","max-snippet":"max-snippet:-1","max-image-preview":"max-image-preview:large","max-video-preview":"max-video-preview:-1"},"canonical":"https:\/\/www.oitchau.com.br\/blog\/capacidade-produtiva\/","og_locale":"pt_BR","og_type":"article","og_title":"Capacidade produtiva: como calcular?","og_description":"Na gest\u00e3o de projetos existem diversos indicadores para medir e calcular metas, identificar poss\u00edveis falhas, um deles \u00e9 sobre medir a capacidade produtiva.","og_url":"https:\/\/www.oitchau.com.br\/blog\/capacidade-produtiva\/","og_site_name":"Controle de Ponto &amp; Timesheets","article_publisher":"https:\/\/www.facebook.com\/oitchaubr\/","article_published_time":"2022-05-05T21:44:00+00:00","article_modified_time":"2024-08-14T12:23:38+00:00","og_image":[{"width":1982,"height":800,"url":"https:\/\/storage.googleapis.com\/oitchaublog\/2022\/05\/954a957b-capacidade-produtiva.png","type":"image\/png"}],"author":"Julia Neves","twitter_card":"summary_large_image","twitter_creator":"@oitchaubr","twitter_site":"@oitchaubr","twitter_misc":{"Written by":"Julia Neves","Est. reading time":"5 minutos"},"schema":{"@context":"https:\/\/schema.org","@graph":[{"@type":["Article","BlogPosting"],"@id":"https:\/\/www.oitchau.com.br\/blog\/capacidade-produtiva\/#article","isPartOf":{"@id":"https:\/\/www.oitchau.com.br\/blog\/capacidade-produtiva\/"},"author":{"name":"Julia Neves","@id":"https:\/\/www.oitchau.com.br\/blog\/#\/schema\/person\/2d537dd5d364d6364dbe306bf11644f3"},"headline":"Capacidade produtiva: como calcular?","datePublished":"2022-05-05T21:44:00+00:00","dateModified":"2024-08-14T12:23:38+00:00","mainEntityOfPage":{"@id":"https:\/\/www.oitchau.com.br\/blog\/capacidade-produtiva\/"},"wordCount":850,"publisher":{"@id":"https:\/\/www.oitchau.com.br\/blog\/#organization"},"image":{"@id":"https:\/\/www.oitchau.com.br\/blog\/capacidade-produtiva\/#primaryimage"},"thumbnailUrl":"https:\/\/storage.googleapis.com\/oitchaublog\/2022\/05\/954a957b-capacidade-produtiva.png","keywords":["gest\u00e3o de pessoas"],"articleSection":["Gest\u00e3o de Pessoas"],"inLanguage":"pt-BR"},{"@type":"WebPage","@id":"https:\/\/www.oitchau.com.br\/blog\/capacidade-produtiva\/","url":"https:\/\/www.oitchau.com.br\/blog\/capacidade-produtiva\/","name":"Capacidade produtiva: como calcular? | Oitchau","isPartOf":{"@id":"https:\/\/www.oitchau.com.br\/blog\/#website"},"primaryImageOfPage":{"@id":"https:\/\/www.oitchau.com.br\/blog\/capacidade-produtiva\/#primaryimage"},"image":{"@id":"https:\/\/www.oitchau.com.br\/blog\/capacidade-produtiva\/#primaryimage"},"thumbnailUrl":"https:\/\/storage.googleapis.com\/oitchaublog\/2022\/05\/954a957b-capacidade-produtiva.png","datePublished":"2022-05-05T21:44:00+00:00","dateModified":"2024-08-14T12:23:38+00:00","description":"Na gest\u00e3o de projetos existem diversos indicadores para medir e calcular metas, identificar poss\u00edveis falhas, um deles \u00e9 sobre medir a capacidade produtiva.","breadcrumb":{"@id":"https:\/\/www.oitchau.com.br\/blog\/capacidade-produtiva\/#breadcrumb"},"inLanguage":"pt-BR","potentialAction":[{"@type":"ReadAction","target":["https:\/\/www.oitchau.com.br\/blog\/capacidade-produtiva\/"]}]},{"@type":"ImageObject","inLanguage":"pt-BR","@id":"https:\/\/www.oitchau.com.br\/blog\/capacidade-produtiva\/#primaryimage","url":"https:\/\/storage.googleapis.com\/oitchaublog\/2022\/05\/954a957b-capacidade-produtiva.png","contentUrl":"https:\/\/storage.googleapis.com\/oitchaublog\/2022\/05\/954a957b-capacidade-produtiva.png","width":1982,"height":800,"caption":"capacidade produtiva"},{"@type":"BreadcrumbList","@id":"https:\/\/www.oitchau.com.br\/blog\/capacidade-produtiva\/#breadcrumb","itemListElement":[{"@type":"ListItem","position":1,"name":"Blog","item":"https:\/\/www.oitchau.com.br\/blog\/"},{"@type":"ListItem","position":2,"name":"Capacidade produtiva: como calcular?"}]},{"@type":"WebSite","@id":"https:\/\/www.oitchau.com.br\/blog\/#website","url":"https:\/\/www.oitchau.com.br\/blog\/","name":"Controle de Ponto & Timesheets","description":"","publisher":{"@id":"https:\/\/www.oitchau.com.br\/blog\/#organization"},"potentialAction":[{"@type":"SearchAction","target":{"@type":"EntryPoint","urlTemplate":"https:\/\/www.oitchau.com.br\/blog\/?s={search_term_string}"},"query-input":"required name=search_term_string"}],"inLanguage":"pt-BR"},{"@type":"Organization","@id":"https:\/\/www.oitchau.com.br\/blog\/#organization","name":"Oitchau","url":"https:\/\/www.oitchau.com.br\/blog\/","logo":{"@type":"ImageObject","inLanguage":"pt-BR","@id":"https:\/\/www.oitchau.com.br\/blog\/#\/schema\/logo\/image\/","url":"https:\/\/storage.googleapis.com\/oitchaublog\/2024\/03\/a0e65c6f-design-sem-nome-20.png","contentUrl":"https:\/\/storage.googleapis.com\/oitchaublog\/2024\/03\/a0e65c6f-design-sem-nome-20.png","width":696,"height":696,"caption":"Oitchau"},"image":{"@id":"https:\/\/www.oitchau.com.br\/blog\/#\/schema\/logo\/image\/"},"sameAs":["https:\/\/www.facebook.com\/oitchaubr\/","https:\/\/twitter.com\/oitchaubr","https:\/\/instagram.com\/oitchaubr"],"description":"A Oitchau \u00e9 uma solu\u00e7\u00e3o completa para gest\u00e3o de tempo dos colaboradores, atrav\u00e9s de suas solu\u00e7\u00f5es de controle de ponto & timesheets, ela permite que gestores, RH e DP possam gerenciar desde a jornada de trabalho de funcion\u00e1rios at\u00e9 a gest\u00e3o de tempo em projetos. Elevando o n\u00edvel estrat\u00e9gico do neg\u00f3cio de forma inteligente e assertiva, potencializando seus resultados e garantindo compliance com a Lei.","email":"contato@oitchau.com.br","telephone":"+551142102846","foundingDate":"2016-01-01","numberOfEmployees":{"@type":"QuantitativeValue","minValue":"51","maxValue":"200"}},{"@type":"Person","@id":"https:\/\/www.oitchau.com.br\/blog\/#\/schema\/person\/2d537dd5d364d6364dbe306bf11644f3","name":"Julia Neves","url":"https:\/\/www.oitchau.com.br\/blog\/author\/julia\/"}]}},"_links":{"self":[{"href":"https:\/\/www.oitchau.com.br\/blog\/wp-json\/wp\/v2\/posts\/22113"}],"collection":[{"href":"https:\/\/www.oitchau.com.br\/blog\/wp-json\/wp\/v2\/posts"}],"about":[{"href":"https:\/\/www.oitchau.com.br\/blog\/wp-json\/wp\/v2\/types\/post"}],"author":[{"embeddable":true,"href":"https:\/\/www.oitchau.com.br\/blog\/wp-json\/wp\/v2\/users\/16"}],"replies":[{"embeddable":true,"href":"https:\/\/www.oitchau.com.br\/blog\/wp-json\/wp\/v2\/comments?post=22113"}],"version-history":[{"count":1,"href":"https:\/\/www.oitchau.com.br\/blog\/wp-json\/wp\/v2\/posts\/22113\/revisions"}],"predecessor-version":[{"id":35800,"href":"https:\/\/www.oitchau.com.br\/blog\/wp-json\/wp\/v2\/posts\/22113\/revisions\/35800"}],"wp:featuredmedia":[{"embeddable":true,"href":"https:\/\/www.oitchau.com.br\/blog\/wp-json\/wp\/v2\/media\/35799"}],"wp:attachment":[{"href":"https:\/\/www.oitchau.com.br\/blog\/wp-json\/wp\/v2\/media?parent=22113"}],"wp:term":[{"taxonomy":"category","embeddable":true,"href":"https:\/\/www.oitchau.com.br\/blog\/wp-json\/wp\/v2\/categories?post=22113"},{"taxonomy":"post_tag","embeddable":true,"href":"https:\/\/www.oitchau.com.br\/blog\/wp-json\/wp\/v2\/tags?post=22113"}],"curies":[{"name":"wp","href":"https:\/\/api.w.org\/{rel}","templated":true}]}}