{"id":1924,"date":"2019-03-01T20:37:04","date_gmt":"2019-03-01T17:37:04","guid":{"rendered":"https:\/\/www.oitchau.com.br\/blog\/?p=1924"},"modified":"2024-07-17T19:35:49","modified_gmt":"2024-07-17T16:35:49","slug":"aprenda-tudo-sobre-horas-in-itinere","status":"publish","type":"post","link":"https:\/\/www.oitchau.com.br\/blog\/aprenda-tudo-sobre-horas-in-itinere\/","title":{"rendered":"Horas in itinere: Aprenda tudo sobre o assunto!"},"content":{"rendered":"<p><span style=\"font-weight: 400;\">O pagamento de horas in itinere foi um dos itens modificados pela reforma trabalhista: desde quando foi promulgada, em 2017, ela causou mudan\u00e7as expressivas nas <a href=\"https:\/\/www.oitchau.com.br\/blog\/escalas-de-trabalho-pela-clt-quais-sao-permitidas\/\">Consolida\u00e7\u00f5es das Leis do Trabalho (CLT)<\/a>. Com isso, apesar de alguns direitos trabalhistas n\u00e3o sofreram quaisquer altera\u00e7\u00f5es, esta modalidade est\u00e1 entre aqueles temas que, de fato, valem a pena serem revisitados. Vamos discorrer mais sobre o assunto a seguir.<\/span><\/p>\n<p><span data-sheets-value=\"{&quot;1&quot;:2,&quot;2&quot;:&quot;\n\t\t&lt;!--HubSpot Call-to-Action Code --&gt;\n\t\t&lt;span class=&quot;hs-cta-wrapper&quot; id=&quot;hs-cta-wrapper-3abae1c4-c415-4a64-85f6-a77616aa6cf3&quot;&gt;\n\t\t&lt;span class=&quot;hs-cta-node hs-cta-3abae1c4-c415-4a64-85f6-a77616aa6cf3&quot; id=&quot;3abae1c4-c415-4a64-85f6-a77616aa6cf3&quot;&gt;\n\t\t&lt;!--[if lte IE 8]&gt;\n\t\t&lt;div id=&quot;hs-cta-ie-element&quot;&gt;&lt;\/div&gt;\n\t\t&lt;![endif]--&gt;\n\t\t&lt;a href=&quot;https:\/\/cta-redirect.hubspot.com\/cta\/redirect\/20984162\/3abae1c4-c415-4a64-85f6-a77616aa6cf3&quot; &gt;\n\t\t&lt;img class=&quot;hs-cta-img&quot; id=&quot;hs-cta-img-3abae1c4-c415-4a64-85f6-a77616aa6cf3&quot; style=&quot;border-width:0px;&quot; src=&quot;https:\/\/no-cache.hubspot.com\/cta\/default\/20984162\/3abae1c4-c415-4a64-85f6-a77616aa6cf3.png&quot;  alt=&quot;New call-to-action&quot;\/&gt;\n\t\t&lt;\/a&gt;\n\t\t&lt;\/span&gt;\n\t\t&lt;script charset=&quot;utf-8&quot; src=&quot;\/\/js.hubspot.com\/cta\/current.js&quot;&gt;&lt;\/script&gt;\n\t\t&lt;script&gt;\n\t\thbspt.cta.load(20984162, &#039;3abae1c4-c415-4a64-85f6-a77616aa6cf3&#039;, {});\n\t\t&lt;\/script&gt;\n\t\t&lt;\/span&gt;\n\t\t&lt;!-- end HubSpot Call-to-Action Code --&gt;\n\t\t&quot;}\" data-sheets-userformat=\"{&quot;2&quot;:899,&quot;3&quot;:{&quot;1&quot;:0},&quot;4&quot;:{&quot;1&quot;:2,&quot;2&quot;:16777215},&quot;10&quot;:1,&quot;11&quot;:4,&quot;12&quot;:0}\">\n\t\t<!--HubSpot Call-to-Action Code -->\n\t\t<span class=\"hs-cta-wrapper\" id=\"hs-cta-wrapper-3abae1c4-c415-4a64-85f6-a77616aa6cf3\">\n\t\t<span class=\"hs-cta-node hs-cta-3abae1c4-c415-4a64-85f6-a77616aa6cf3\" id=\"3abae1c4-c415-4a64-85f6-a77616aa6cf3\">\n\t\t<!--[if lte IE 8]>\n\t\t<div id=\"hs-cta-ie-element\"><\/div>\n\t\t<![endif]-->\n\t\t<a href=\"https:\/\/cta-redirect.hubspot.com\/cta\/redirect\/20984162\/3abae1c4-c415-4a64-85f6-a77616aa6cf3\" >\n\t\t<img decoding=\"async\" class=\"hs-cta-img\" id=\"hs-cta-img-3abae1c4-c415-4a64-85f6-a77616aa6cf3\" style=\"border-width:0px;\" src=\"https:\/\/no-cache.hubspot.com\/cta\/default\/20984162\/3abae1c4-c415-4a64-85f6-a77616aa6cf3.png\"  alt=\"New call-to-action\"\/>\n\t\t<\/a>\n\t\t<\/span>\n\t\t<script charset=\"utf-8\" src=\"\/\/js.hubspot.com\/cta\/current.js\"><\/script>\n\t\t<script>\n\t\thbspt.cta.load(20984162, '3abae1c4-c415-4a64-85f6-a77616aa6cf3', {});\n\t\t<\/script>\n\t\t<\/span>\n\t\t<!-- end HubSpot Call-to-Action Code -->\n\t\t<\/span><\/p>\n<h2><b>O que s\u00e3o horas in itinere?<\/b><\/h2>\n<p><span style=\"font-weight: 400;\">O termo vem do latim e tem tradu\u00e7\u00e3o livre de \u201choras em itiner\u00e1rio\u201d, ou ainda, numa adapta\u00e7\u00e3o abrasileirada, \u201choras no caminho\u201d. Refere-se ao per\u00edodo de tempo de locomo\u00e7\u00e3o gasto pelo colaborador ao se dirigir at\u00e9 o posto de trabalho, e, ao t\u00e9rmino do expediente, retornar para casa.<\/span><\/p>\n<p><span style=\"font-weight: 400;\">Tanto antes, quanto depois da <a href=\"https:\/\/www.oitchau.com.br\/blog\/mudancas-na-marcacao-de-ponto-apos-reforma-trabalhista\/\">reforma trabalhista<\/a>, a regra geral n\u00e3o mudou: o tempo gasto pelo trabalhador n\u00e3o \u00e9 computado em sua jornada de trabalho.<\/span><\/p>\n<p><span style=\"font-weight: 400;\">Para quem trabalha em grandes cidades, isso parece ser uma quest\u00e3o bastante \u00f3bvia. Entretanto, quando o trabalho \u00e9 exercido em locais distantes e de dif\u00edcil acesso, n\u00e3o atendidos por transporte p\u00fablico regular, o cen\u00e1rio muda radicalmente.<\/span><\/p>\n<p><span style=\"font-weight: 400;\">Para caracterizar-se como horas in itinere, existem dois requisitos exigidos:<\/span><\/p>\n<ul>\n<li style=\"font-weight: 400;\"><span style=\"font-weight: 400;\">Que o transporte seja fornecido pela empresa;<\/span><\/li>\n<li style=\"font-weight: 400;\"><span style=\"font-weight: 400;\">Que o local de trabalho seja de dif\u00edcil acesso ou n\u00e3o ser servido por transporte p\u00fablico.<\/span><\/li>\n<\/ul>\n<p><span style=\"font-weight: 400;\">Na pr\u00e1tica, se o tempo que o colaborador leva para chegar e retornar do seu trabalho, somado as suas horas de expediente, exceder as oito horas di\u00e1rias (ou a <a href=\"https:\/\/www.oitchau.com.br\/features\/schedules\/\">jornada de trabalho<\/a> estabelecida em contrato)<\/span><span style=\"font-weight: 400;\">,<\/span><span style=\"font-weight: 400;\"> o per\u00edodo<\/span><span style=\"font-weight: 400;\"> excedente dever\u00e1 ser pago <\/span><span style=\"font-weight: 400;\">pela empresa<\/span><span style=\"font-weight: 400;\"> como<\/span><span style=\"font-weight: 400;\"> horas <\/span><span style=\"font-weight: 400;\">extras.<\/span><\/p>\n<p><span style=\"font-weight: 400;\">Caso o empregador ofere\u00e7a transporte at\u00e9 o local ou parte dele, as horas ser\u00e3o pagas apenas sobre o tempo gasto pelo trajeto que n\u00e3o \u00e9 servido por transporte p\u00fablico.\u00a0<\/span><\/p>\n<p><span style=\"font-weight: 400;\">No entanto, existe<\/span><span style=\"font-weight: 400;\"> um outro fator importante que deve ser levado em considera\u00e7\u00e3o: casos <\/span><span style=\"font-weight: 400;\">nos quais <\/span><span style=\"font-weight: 400;\">o colaborador precisa ficar esperando pelo transporte da empresa, o tempo de espera tamb\u00e9m<\/span><span style=\"font-weight: 400;\"> \u00e9 <\/span><span style=\"font-weight: 400;\">computado como jornada de trabalho.<\/span><\/p>\n<p><span style=\"font-weight: 400;\">Ainda de acordo com a antiga regra, as horas in itinere<\/span><span style=\"font-weight: 400;\"> j\u00e1 <\/span><span style=\"font-weight: 400;\">eram<\/span><span style=\"font-weight: 400;\"> configuradas somente levando em considera\u00e7\u00e3o <\/span><span style=\"font-weight: 400;\">quando o local do trabalho <\/span><span style=\"font-weight: 400;\">possu\u00eda <\/span><span style=\"font-weight: 400;\">dif\u00edcil acess<\/span><span style=\"font-weight: 400;\">o, n\u00e3o importando, ent\u00e3o, o lugar o qual o colaborador estava se deslocando.<\/span><\/p>\n<h2><b>N\u00e3o ficou claro o que significa o termo? Veja o exemplo.<\/b><\/h2>\n<p><span style=\"font-weight: 400;\">\u00c9 comum a maioria das empresas disponibilizar um \u00f4nibus para buscar todos os colaboradores em suas resid\u00eancias e lev\u00e1-los, juntos, ao local de trabalho.<\/span><\/p>\n<p><span style=\"font-weight: 400;\">O problema em rela\u00e7\u00e3o a contabiliza\u00e7\u00e3o dessas horas come\u00e7a a aparecer quando o primeiro empregado a ser buscado passa mais tempo \u00e0 disposi\u00e7\u00e3o do empregador do que o \u00faltimo.\u00a0<\/span><\/p>\n<p><span style=\"font-weight: 400;\">Imagine a seguinte situa\u00e7\u00e3o: um trabalhador mora a 15 km do local de trabalho, mas devido a log\u00edstica implementada pela empresa, \u00e9 o primeiro a ser buscado em casa. Assim, mesmo morando \u201cperto\u201d do trabalho, ele ter\u00e1 que estar no transporte 2h30 antes do in\u00edcio de sua jornada. O \u00faltimo funcion\u00e1rio, precisa estar a disposi\u00e7\u00e3o com apenas com 40 minutos\u00a0 de anteced\u00eancia.<\/span><\/p>\n<p><span style=\"font-weight: 400;\">E tendo em evid\u00eancia esse tipo de situa\u00e7\u00e3o como base, a CLT resguardou a necessidade de pagamento deste \u2018tempo \u00e0 disposi\u00e7\u00e3o\u2019 do empregador, desde que, claro, fossem respeitados alguns requisitos.<\/span><\/p>\n<h2><b>Mudan\u00e7as ap\u00f3s a reforma<\/b><\/h2>\n<p><span style=\"font-weight: 400;\">A\u00a0 reforma trabalhista alterou significativamente a contabiliza\u00e7\u00e3o das horas in itinere na jornada do empregado. Na verdade, ela acabou eliminando a responsabilidade do empregador em remunerar seus colaboradores por essas horas a mais.<\/span><\/p>\n<p><span style=\"font-weight: 400;\">Para analisar as movimenta\u00e7\u00f5es, separamos um trecho da reda\u00e7\u00e3o atual do par\u00e1grafo segundo do artigo 58 da CLT:\u00a0<\/span><\/p>\n<p style=\"padding-left: 40px;\"><i><span style=\"font-weight: 400;\">\u201cO tempo despendido pelo empregado desde a sua resid\u00eancia at\u00e9 a efetiva ocupa\u00e7\u00e3o do posto de trabalho e para o seu retorno, caminhando ou por qualquer meio de transporte, inclusive o fornecido pelo empregador, n\u00e3o ser\u00e1 computado na jornada de trabalho, por n\u00e3o ser tempo \u00e0 disposi\u00e7\u00e3o do empregador\u201d.<\/span><\/i><\/p>\n<p><span style=\"font-weight: 400;\">A partir desse trecho podemos observar que a mudan\u00e7a mais efetiva \u00e9 na defini\u00e7\u00e3o de que o tempo de locomo\u00e7\u00e3o j\u00e1 n\u00e3o \u00e9 mais de responsabilidade do empregador e n\u00e3o \u00e9 mais considerado um per\u00edodo \u00e0 sua disposi\u00e7\u00e3o.<\/span><\/p>\n<p><span style=\"font-weight: 400;\">Al\u00e9m disso, a express\u00e3o \u201cat\u00e9 a efetiva ocupa\u00e7\u00e3o do posto de trabalho\u201d foi devidamente enfatizada para que n\u00e3o haja d\u00favidas a respeito do efetivo in\u00edcio da jornada do empregado.<\/span><\/p>\n<p><span style=\"font-weight: 400;\">Por fim, o trecho explica o motivo das altera\u00e7\u00f5es: \u201cpor n\u00e3o ser tempo \u00e0 disposi\u00e7\u00e3o do empregado\u201d.<\/span><\/p>\n<p><span style=\"font-weight: 400;\">Veja e compare os textos completos:<\/span><\/p>\n<p><span style=\"font-weight: 400;\">Texto sobre horas in itinere antes da Reforma Trabalhista<\/span><\/p>\n<p style=\"padding-left: 40px;\"><span style=\"font-weight: 400;\">Art. 58 \u00a7 2\u00ba O tempo despendido pelo empregado at\u00e9 o local de trabalho e para o seu retorno, por qualquer meio de transporte, n\u00e3o ser\u00e1 computado na jornada de trabalho, salvo quando, tratando-se de local de dif\u00edcil acesso ou n\u00e3o servido por transporte p\u00fablico, o empregador fornecer a condu\u00e7\u00e3o (Lei 10.243\/01).<\/span><\/p>\n<p style=\"padding-left: 40px;\"><span style=\"font-weight: 400;\">3\u00ba Poder\u00e3o ser fixados, para as microempresas e empresas de pequeno porte, por meio de <a href=\"https:\/\/www.oitchau.com.br\/blog\/acordo-coletivo-e-convencao-coletiva-saiba-tudo-sobre\/\">acordo ou conven\u00e7\u00e3o coletiva<\/a>, em caso de transporte fornecido pelo empregador, em local de dif\u00edcil acesso ou n\u00e3o servido por transporte p\u00fablico, o tempo m\u00e9dio despendido pelo empregado, bem como a forma e a natureza da remunera\u00e7\u00e3o (LC 123\/06).<\/span><\/p>\n<p><span style=\"font-weight: 400;\">Texto sobre horas in itinere ap\u00f3s a Reforma Trabalhista:<\/span><\/p>\n<p style=\"padding-left: 40px;\"><span style=\"font-weight: 400;\">Lei 13.467\/17 \u2013 Reforma Trabalhista<\/span><\/p>\n<p style=\"padding-left: 40px;\"><span style=\"font-weight: 400;\">Art. 58. \u00a7 2\u00ba O tempo despendido pelo empregado desde a sua resid\u00eancia at\u00e9 a efetiva ocupa\u00e7\u00e3o do posto de trabalho e para o seu retorno, caminhando ou por qualquer meio de transporte, inclusive o fornecido pelo empregador, n\u00e3o ser\u00e1 computado na jornada de trabalho, por n\u00e3o ser tempo \u00e0 disposi\u00e7\u00e3o do empregador.<\/span><\/p>\n<p style=\"padding-left: 40px;\"><span style=\"font-weight: 400;\">O \u00a7 3\u00ba foi revogado pela Lei 13.467\/17.<\/span><\/p>\n<h2>Considera\u00e7\u00f5es finais: Extin\u00e7\u00e3o das horas in itinere<\/h2>\n<p>\u00c9 poss\u00edvel afirmar que desde novembro de 2017, quando teve in\u00edcio a aplicabilidade da Reforma Trabalhista, as horas in itinere n\u00e3o mais existem, pois foram completamente exclu\u00eddas do texto legal.<\/p>\n<p>N\u00e3o h\u00e1 que se considerar o tempo decorrido durante o trajeto do empregado at\u00e9 a empresa como tempo trabalhado. Esse per\u00edodo n\u00e3o precisa ser computado na jornada e sequer pago como extra quando a sua soma \u00e0 jornada prestada na empresa ultrapassar o limite de horas contratuais.<\/p>\n<p>Cabe ressaltar que s\u00e3o raros os locais que possu\u00edam horas in itinere at\u00e9 a reforma trabalhista. Poucas empresas se enquadravam nas situa\u00e7\u00f5es previstas em lei, que exigiam que o local fosse distante ou de dif\u00edcil acesso e que n\u00e3o fosse instrumentalizado com transporte p\u00fablico.<\/p>\n<p>Em muitas situa\u00e7\u00f5es que se enquadravam no requisito de local de dif\u00edcil acesso sem transporte p\u00fablico as empresas optavam por disponibilizar aos empregados o transporte, como \u00f4nibus e vans.<\/p>\n<p>A exclus\u00e3o das horas in itinere n\u00e3o significam grandes perdas aos trabalhadores, mesmo porque o enquadramento nas situa\u00e7\u00f5es que exigiam o pagamento delas raramente eram preenchidas.<\/p>\n<p>Os acidentes sofridos por colaborador formalmente registrado no trajeto entre sua resid\u00eancia e a empresa ou vice versa s\u00e3o considerados como de natureza trabalhista.<\/p>\n<p>Caso um empregado venha a sofrer algum acidente no trajeto que percorre para a realiza\u00e7\u00e3o de servi\u00e7os ao empregador, este ser\u00e1 responsabilizado pelos danos materiais e morais eventualmente sofridos pelo colaborador, assim como pelos danos de natureza est\u00e9tica.<\/p>\n<p>A extin\u00e7\u00e3o das horas in itinere em nada tem a ver com a possibilidade de responsabiliza\u00e7\u00e3o da empresa pelos preju\u00edzos decorrentes em raz\u00e3o de acidente em trajeto. Isso pode causar confus\u00e3o na medida em que embora o tempo de deslocamento n\u00e3o seja considerado como expediente de trabalho, acidentes ocorridos nesse per\u00edodo s\u00e3o atribu\u00eddos ao empregador.<\/p>\n<p>A responsabilidade \u00e9 atribu\u00edda aos empregadores porque o deslocamento do empregado se fez necess\u00e1rio t\u00e3o somente para a presta\u00e7\u00e3o de servi\u00e7os.<\/p>\n<p>No final do ano passado uma Medida Provis\u00f3ria extinguia a responsabilidade dos empregadores por danos materiais, morais e est\u00e9ticos decorrentes de acidente de trajeto. Ela perdeu validade nesse ano, uma vez que n\u00e3o foi votada a tempo pelo Congresso Nacional.<\/p>\n<p><span data-sheets-value=\"{&quot;1&quot;:2,&quot;2&quot;:&quot;\n\t\t&lt;!--HubSpot Call-to-Action Code --&gt;\n\t\t&lt;span class=&quot;hs-cta-wrapper&quot; id=&quot;hs-cta-wrapper-68acec24-1642-4b04-a249-1845cd830d4c&quot;&gt;\n\t\t&lt;span class=&quot;hs-cta-node hs-cta-68acec24-1642-4b04-a249-1845cd830d4c&quot; id=&quot;68acec24-1642-4b04-a249-1845cd830d4c&quot;&gt;\n\t\t&lt;!--[if lte IE 8]&gt;\n\t\t&lt;div id=&quot;hs-cta-ie-element&quot;&gt;&lt;\/div&gt;\n\t\t&lt;![endif]--&gt;\n\t\t&lt;a href=&quot;https:\/\/cta-redirect.hubspot.com\/cta\/redirect\/20984162\/68acec24-1642-4b04-a249-1845cd830d4c&quot; &gt;\n\t\t&lt;img class=&quot;hs-cta-img&quot; id=&quot;hs-cta-img-68acec24-1642-4b04-a249-1845cd830d4c&quot; style=&quot;border-width:0px;&quot; src=&quot;https:\/\/no-cache.hubspot.com\/cta\/default\/20984162\/68acec24-1642-4b04-a249-1845cd830d4c.png&quot;  alt=&quot;New call-to-action&quot;\/&gt;\n\t\t&lt;\/a&gt;\n\t\t&lt;\/span&gt;\n\t\t&lt;script charset=&quot;utf-8&quot; src=&quot;\/\/js.hubspot.com\/cta\/current.js&quot;&gt;&lt;\/script&gt;\n\t\t&lt;script&gt;\n\t\thbspt.cta.load(20984162, &#039;68acec24-1642-4b04-a249-1845cd830d4c&#039;, {});\n\t\t&lt;\/script&gt;\n\t\t&lt;\/span&gt;\n\t\t&lt;!-- end HubSpot Call-to-Action Code --&gt;\n\t\t&quot;}\" data-sheets-userformat=\"{&quot;2&quot;:899,&quot;3&quot;:{&quot;1&quot;:0},&quot;4&quot;:{&quot;1&quot;:2,&quot;2&quot;:16777215},&quot;10&quot;:1,&quot;11&quot;:4,&quot;12&quot;:0}\">\n\t\t<!--HubSpot Call-to-Action Code -->\n\t\t<span class=\"hs-cta-wrapper\" id=\"hs-cta-wrapper-68acec24-1642-4b04-a249-1845cd830d4c\">\n\t\t<span class=\"hs-cta-node hs-cta-68acec24-1642-4b04-a249-1845cd830d4c\" id=\"68acec24-1642-4b04-a249-1845cd830d4c\">\n\t\t<!--[if lte IE 8]>\n\t\t<div id=\"hs-cta-ie-element\"><\/div>\n\t\t<![endif]-->\n\t\t<a href=\"https:\/\/cta-redirect.hubspot.com\/cta\/redirect\/20984162\/68acec24-1642-4b04-a249-1845cd830d4c\" >\n\t\t<img decoding=\"async\" class=\"hs-cta-img\" id=\"hs-cta-img-68acec24-1642-4b04-a249-1845cd830d4c\" style=\"border-width:0px;\" src=\"https:\/\/no-cache.hubspot.com\/cta\/default\/20984162\/68acec24-1642-4b04-a249-1845cd830d4c.png\"  alt=\"New call-to-action\"\/>\n\t\t<\/a>\n\t\t<\/span>\n\t\t<script charset=\"utf-8\" src=\"\/\/js.hubspot.com\/cta\/current.js\"><\/script>\n\t\t<script>\n\t\thbspt.cta.load(20984162, '68acec24-1642-4b04-a249-1845cd830d4c', {});\n\t\t<\/script>\n\t\t<\/span>\n\t\t<!-- end HubSpot Call-to-Action Code -->\n\t\t<\/span><\/p>\n<p>Isso significa que desde a queda da MP 905\/2019 o acidente de trajeto novamente voltou a ser considerado como acidente de trabalho. As horas in itinere, novamente, n\u00e3o sofreram qualquer nova altera\u00e7\u00e3o, sendo consideradas inexistentes desde o final de 2017.<\/p>\n<p>Essa MP era a mesma que havia criado e institu\u00eddo a <a href=\"https:\/\/www.oitchau.com.br\/blog\/carteira-de-trabalho-verde-e-amarela-entenda-seu-funcionamento\/\">Carteira de Trabalho Verde e Amarela<\/a> e uma s\u00e9rie de altera\u00e7\u00f5es sobre o contrato de trabalho. Terminada sua validade, ela n\u00e3o pode mais ser aplicada, assim como os acidentes em trajeto voltam a ser considerados de natureza trabalhista.<\/p>\n<p><em>Gostou das dicas? Deixe o seu coment\u00e1rio e compartilhe estas dicas em suas redes sociais! Siga-nos tamb\u00e9m no\u00a0<\/em><a href=\"https:\/\/www.instagram.com\/oitchaubr\/\"><em>Instagram<\/em><\/a><em>!<\/em><\/p>\n","protected":false},"excerpt":{"rendered":"<p>O pagamento de horas in itinere foi um dos itens modificados pela reforma trabalhista: desde quando foi promulgada, em 2017, ela causou mudan\u00e7as expressivas nas Consolida\u00e7\u00f5es das Leis do Trabalho (CLT). Com isso, apesar de alguns direitos trabalhistas n\u00e3o sofreram quaisquer altera\u00e7\u00f5es, esta modalidade est\u00e1 entre aqueles temas que, de fato, valem a pena serem [&hellip;]<\/p>\n","protected":false},"author":16,"featured_media":34162,"comment_status":"closed","ping_status":"open","sticky":false,"template":"","format":"standard","meta":{"content-type":"","footnotes":""},"categories":[15965],"tags":[],"yoast_head":"<!-- This site is optimized with the Yoast SEO Premium plugin v22.2 (Yoast SEO v22.2) - https:\/\/yoast.com\/wordpress\/plugins\/seo\/ -->\n<title>Horas in itinere: Aprenda tudo sobre o assunto! | Oitchau<\/title>\n<meta name=\"description\" content=\"O tempo gasto para que o colaborador v\u00e1 e volte de um local de dif\u00edcil acesso tamb\u00e9m \u00e9 considerado como jornada de trabalho. Saiba sobre horas in itinere!\" \/>\n<meta name=\"robots\" content=\"index, follow, max-snippet:-1, max-image-preview:large, max-video-preview:-1\" \/>\n<link rel=\"canonical\" href=\"https:\/\/www.oitchau.com.br\/blog\/aprenda-tudo-sobre-horas-in-itinere\/\" \/>\n<meta property=\"og:locale\" content=\"pt_BR\" \/>\n<meta property=\"og:type\" content=\"article\" \/>\n<meta property=\"og:title\" content=\"Horas in itinere: Aprenda tudo sobre o assunto!\" \/>\n<meta property=\"og:description\" content=\"O tempo gasto para que o colaborador v\u00e1 e volte de um local de dif\u00edcil acesso tamb\u00e9m \u00e9 considerado como jornada de trabalho. Saiba sobre horas in itinere!\" \/>\n<meta property=\"og:url\" content=\"https:\/\/www.oitchau.com.br\/blog\/aprenda-tudo-sobre-horas-in-itinere\/\" \/>\n<meta property=\"og:site_name\" content=\"Controle de Ponto &amp; Timesheets\" \/>\n<meta property=\"article:publisher\" content=\"https:\/\/www.facebook.com\/oitchaubr\/\" \/>\n<meta property=\"article:published_time\" content=\"2019-03-01T17:37:04+00:00\" \/>\n<meta property=\"article:modified_time\" content=\"2024-07-17T16:35:49+00:00\" \/>\n<meta property=\"og:image\" content=\"https:\/\/storage.googleapis.com\/oitchaublog\/2019\/03\/1e016426-horas-in-itinere.png\" \/>\n\t<meta property=\"og:image:width\" content=\"1982\" \/>\n\t<meta property=\"og:image:height\" content=\"800\" \/>\n\t<meta property=\"og:image:type\" content=\"image\/png\" \/>\n<meta name=\"author\" content=\"Julia Neves\" \/>\n<meta name=\"twitter:card\" content=\"summary_large_image\" \/>\n<meta name=\"twitter:creator\" content=\"@oitchaubr\" \/>\n<meta name=\"twitter:site\" content=\"@oitchaubr\" \/>\n<meta name=\"twitter:label1\" content=\"Written by\" \/>\n\t<meta name=\"twitter:data1\" content=\"Julia Neves\" \/>\n\t<meta name=\"twitter:label2\" content=\"Est. reading time\" \/>\n\t<meta name=\"twitter:data2\" content=\"8 minutos\" \/>\n<script type=\"application\/ld+json\" class=\"yoast-schema-graph\">{\"@context\":\"https:\/\/schema.org\",\"@graph\":[{\"@type\":[\"Article\",\"BlogPosting\"],\"@id\":\"https:\/\/www.oitchau.com.br\/blog\/aprenda-tudo-sobre-horas-in-itinere\/#article\",\"isPartOf\":{\"@id\":\"https:\/\/www.oitchau.com.br\/blog\/aprenda-tudo-sobre-horas-in-itinere\/\"},\"author\":{\"name\":\"Julia Neves\",\"@id\":\"https:\/\/www.oitchau.com.br\/blog\/#\/schema\/person\/2d537dd5d364d6364dbe306bf11644f3\"},\"headline\":\"Horas in itinere: Aprenda tudo sobre o assunto!\",\"datePublished\":\"2019-03-01T17:37:04+00:00\",\"dateModified\":\"2024-07-17T16:35:49+00:00\",\"mainEntityOfPage\":{\"@id\":\"https:\/\/www.oitchau.com.br\/blog\/aprenda-tudo-sobre-horas-in-itinere\/\"},\"wordCount\":1515,\"publisher\":{\"@id\":\"https:\/\/www.oitchau.com.br\/blog\/#organization\"},\"image\":{\"@id\":\"https:\/\/www.oitchau.com.br\/blog\/aprenda-tudo-sobre-horas-in-itinere\/#primaryimage\"},\"thumbnailUrl\":\"https:\/\/storage.googleapis.com\/oitchaublog\/2019\/03\/1e016426-horas-in-itinere.png\",\"articleSection\":[\"Jornada &amp; Ponto\"],\"inLanguage\":\"pt-BR\"},{\"@type\":\"WebPage\",\"@id\":\"https:\/\/www.oitchau.com.br\/blog\/aprenda-tudo-sobre-horas-in-itinere\/\",\"url\":\"https:\/\/www.oitchau.com.br\/blog\/aprenda-tudo-sobre-horas-in-itinere\/\",\"name\":\"Horas in itinere: Aprenda tudo sobre o assunto! | Oitchau\",\"isPartOf\":{\"@id\":\"https:\/\/www.oitchau.com.br\/blog\/#website\"},\"primaryImageOfPage\":{\"@id\":\"https:\/\/www.oitchau.com.br\/blog\/aprenda-tudo-sobre-horas-in-itinere\/#primaryimage\"},\"image\":{\"@id\":\"https:\/\/www.oitchau.com.br\/blog\/aprenda-tudo-sobre-horas-in-itinere\/#primaryimage\"},\"thumbnailUrl\":\"https:\/\/storage.googleapis.com\/oitchaublog\/2019\/03\/1e016426-horas-in-itinere.png\",\"datePublished\":\"2019-03-01T17:37:04+00:00\",\"dateModified\":\"2024-07-17T16:35:49+00:00\",\"description\":\"O tempo gasto para que o colaborador v\u00e1 e volte de um local de dif\u00edcil acesso tamb\u00e9m \u00e9 considerado como jornada de trabalho. Saiba sobre horas in itinere!\",\"breadcrumb\":{\"@id\":\"https:\/\/www.oitchau.com.br\/blog\/aprenda-tudo-sobre-horas-in-itinere\/#breadcrumb\"},\"inLanguage\":\"pt-BR\",\"potentialAction\":[{\"@type\":\"ReadAction\",\"target\":[\"https:\/\/www.oitchau.com.br\/blog\/aprenda-tudo-sobre-horas-in-itinere\/\"]}]},{\"@type\":\"ImageObject\",\"inLanguage\":\"pt-BR\",\"@id\":\"https:\/\/www.oitchau.com.br\/blog\/aprenda-tudo-sobre-horas-in-itinere\/#primaryimage\",\"url\":\"https:\/\/storage.googleapis.com\/oitchaublog\/2019\/03\/1e016426-horas-in-itinere.png\",\"contentUrl\":\"https:\/\/storage.googleapis.com\/oitchaublog\/2019\/03\/1e016426-horas-in-itinere.png\",\"width\":1982,\"height\":800,\"caption\":\"horas in itinere\"},{\"@type\":\"BreadcrumbList\",\"@id\":\"https:\/\/www.oitchau.com.br\/blog\/aprenda-tudo-sobre-horas-in-itinere\/#breadcrumb\",\"itemListElement\":[{\"@type\":\"ListItem\",\"position\":1,\"name\":\"Blog\",\"item\":\"https:\/\/www.oitchau.com.br\/blog\/\"},{\"@type\":\"ListItem\",\"position\":2,\"name\":\"Horas in itinere: Aprenda tudo sobre o assunto!\"}]},{\"@type\":\"WebSite\",\"@id\":\"https:\/\/www.oitchau.com.br\/blog\/#website\",\"url\":\"https:\/\/www.oitchau.com.br\/blog\/\",\"name\":\"Controle de Ponto & Timesheets\",\"description\":\"\",\"publisher\":{\"@id\":\"https:\/\/www.oitchau.com.br\/blog\/#organization\"},\"potentialAction\":[{\"@type\":\"SearchAction\",\"target\":{\"@type\":\"EntryPoint\",\"urlTemplate\":\"https:\/\/www.oitchau.com.br\/blog\/?s={search_term_string}\"},\"query-input\":\"required name=search_term_string\"}],\"inLanguage\":\"pt-BR\"},{\"@type\":\"Organization\",\"@id\":\"https:\/\/www.oitchau.com.br\/blog\/#organization\",\"name\":\"Oitchau\",\"url\":\"https:\/\/www.oitchau.com.br\/blog\/\",\"logo\":{\"@type\":\"ImageObject\",\"inLanguage\":\"pt-BR\",\"@id\":\"https:\/\/www.oitchau.com.br\/blog\/#\/schema\/logo\/image\/\",\"url\":\"https:\/\/storage.googleapis.com\/oitchaublog\/2024\/03\/a0e65c6f-design-sem-nome-20.png\",\"contentUrl\":\"https:\/\/storage.googleapis.com\/oitchaublog\/2024\/03\/a0e65c6f-design-sem-nome-20.png\",\"width\":696,\"height\":696,\"caption\":\"Oitchau\"},\"image\":{\"@id\":\"https:\/\/www.oitchau.com.br\/blog\/#\/schema\/logo\/image\/\"},\"sameAs\":[\"https:\/\/www.facebook.com\/oitchaubr\/\",\"https:\/\/twitter.com\/oitchaubr\",\"https:\/\/instagram.com\/oitchaubr\"],\"description\":\"A Oitchau \u00e9 uma solu\u00e7\u00e3o completa para gest\u00e3o de tempo dos colaboradores, atrav\u00e9s de suas solu\u00e7\u00f5es de controle de ponto & timesheets, ela permite que gestores, RH e DP possam gerenciar desde a jornada de trabalho de funcion\u00e1rios at\u00e9 a gest\u00e3o de tempo em projetos. Elevando o n\u00edvel estrat\u00e9gico do neg\u00f3cio de forma inteligente e assertiva, potencializando seus resultados e garantindo compliance com a Lei.\",\"email\":\"contato@oitchau.com.br\",\"telephone\":\"+551142102846\",\"foundingDate\":\"2016-01-01\",\"numberOfEmployees\":{\"@type\":\"QuantitativeValue\",\"minValue\":\"51\",\"maxValue\":\"200\"}},{\"@type\":\"Person\",\"@id\":\"https:\/\/www.oitchau.com.br\/blog\/#\/schema\/person\/2d537dd5d364d6364dbe306bf11644f3\",\"name\":\"Julia Neves\",\"url\":\"https:\/\/www.oitchau.com.br\/blog\/author\/julia\/\"}]}<\/script>\n<!-- \/ Yoast SEO Premium plugin. -->","yoast_head_json":{"title":"Horas in itinere: Aprenda tudo sobre o assunto! | Oitchau","description":"O tempo gasto para que o colaborador v\u00e1 e volte de um local de dif\u00edcil acesso tamb\u00e9m \u00e9 considerado como jornada de trabalho. Saiba sobre horas in itinere!","robots":{"index":"index","follow":"follow","max-snippet":"max-snippet:-1","max-image-preview":"max-image-preview:large","max-video-preview":"max-video-preview:-1"},"canonical":"https:\/\/www.oitchau.com.br\/blog\/aprenda-tudo-sobre-horas-in-itinere\/","og_locale":"pt_BR","og_type":"article","og_title":"Horas in itinere: Aprenda tudo sobre o assunto!","og_description":"O tempo gasto para que o colaborador v\u00e1 e volte de um local de dif\u00edcil acesso tamb\u00e9m \u00e9 considerado como jornada de trabalho. Saiba sobre horas in itinere!","og_url":"https:\/\/www.oitchau.com.br\/blog\/aprenda-tudo-sobre-horas-in-itinere\/","og_site_name":"Controle de Ponto &amp; Timesheets","article_publisher":"https:\/\/www.facebook.com\/oitchaubr\/","article_published_time":"2019-03-01T17:37:04+00:00","article_modified_time":"2024-07-17T16:35:49+00:00","og_image":[{"width":1982,"height":800,"url":"https:\/\/storage.googleapis.com\/oitchaublog\/2019\/03\/1e016426-horas-in-itinere.png","type":"image\/png"}],"author":"Julia Neves","twitter_card":"summary_large_image","twitter_creator":"@oitchaubr","twitter_site":"@oitchaubr","twitter_misc":{"Written by":"Julia Neves","Est. reading time":"8 minutos"},"schema":{"@context":"https:\/\/schema.org","@graph":[{"@type":["Article","BlogPosting"],"@id":"https:\/\/www.oitchau.com.br\/blog\/aprenda-tudo-sobre-horas-in-itinere\/#article","isPartOf":{"@id":"https:\/\/www.oitchau.com.br\/blog\/aprenda-tudo-sobre-horas-in-itinere\/"},"author":{"name":"Julia Neves","@id":"https:\/\/www.oitchau.com.br\/blog\/#\/schema\/person\/2d537dd5d364d6364dbe306bf11644f3"},"headline":"Horas in itinere: Aprenda tudo sobre o assunto!","datePublished":"2019-03-01T17:37:04+00:00","dateModified":"2024-07-17T16:35:49+00:00","mainEntityOfPage":{"@id":"https:\/\/www.oitchau.com.br\/blog\/aprenda-tudo-sobre-horas-in-itinere\/"},"wordCount":1515,"publisher":{"@id":"https:\/\/www.oitchau.com.br\/blog\/#organization"},"image":{"@id":"https:\/\/www.oitchau.com.br\/blog\/aprenda-tudo-sobre-horas-in-itinere\/#primaryimage"},"thumbnailUrl":"https:\/\/storage.googleapis.com\/oitchaublog\/2019\/03\/1e016426-horas-in-itinere.png","articleSection":["Jornada &amp; Ponto"],"inLanguage":"pt-BR"},{"@type":"WebPage","@id":"https:\/\/www.oitchau.com.br\/blog\/aprenda-tudo-sobre-horas-in-itinere\/","url":"https:\/\/www.oitchau.com.br\/blog\/aprenda-tudo-sobre-horas-in-itinere\/","name":"Horas in itinere: Aprenda tudo sobre o assunto! | Oitchau","isPartOf":{"@id":"https:\/\/www.oitchau.com.br\/blog\/#website"},"primaryImageOfPage":{"@id":"https:\/\/www.oitchau.com.br\/blog\/aprenda-tudo-sobre-horas-in-itinere\/#primaryimage"},"image":{"@id":"https:\/\/www.oitchau.com.br\/blog\/aprenda-tudo-sobre-horas-in-itinere\/#primaryimage"},"thumbnailUrl":"https:\/\/storage.googleapis.com\/oitchaublog\/2019\/03\/1e016426-horas-in-itinere.png","datePublished":"2019-03-01T17:37:04+00:00","dateModified":"2024-07-17T16:35:49+00:00","description":"O tempo gasto para que o colaborador v\u00e1 e volte de um local de dif\u00edcil acesso tamb\u00e9m \u00e9 considerado como jornada de trabalho. Saiba sobre horas in itinere!","breadcrumb":{"@id":"https:\/\/www.oitchau.com.br\/blog\/aprenda-tudo-sobre-horas-in-itinere\/#breadcrumb"},"inLanguage":"pt-BR","potentialAction":[{"@type":"ReadAction","target":["https:\/\/www.oitchau.com.br\/blog\/aprenda-tudo-sobre-horas-in-itinere\/"]}]},{"@type":"ImageObject","inLanguage":"pt-BR","@id":"https:\/\/www.oitchau.com.br\/blog\/aprenda-tudo-sobre-horas-in-itinere\/#primaryimage","url":"https:\/\/storage.googleapis.com\/oitchaublog\/2019\/03\/1e016426-horas-in-itinere.png","contentUrl":"https:\/\/storage.googleapis.com\/oitchaublog\/2019\/03\/1e016426-horas-in-itinere.png","width":1982,"height":800,"caption":"horas in itinere"},{"@type":"BreadcrumbList","@id":"https:\/\/www.oitchau.com.br\/blog\/aprenda-tudo-sobre-horas-in-itinere\/#breadcrumb","itemListElement":[{"@type":"ListItem","position":1,"name":"Blog","item":"https:\/\/www.oitchau.com.br\/blog\/"},{"@type":"ListItem","position":2,"name":"Horas in itinere: Aprenda tudo sobre o assunto!"}]},{"@type":"WebSite","@id":"https:\/\/www.oitchau.com.br\/blog\/#website","url":"https:\/\/www.oitchau.com.br\/blog\/","name":"Controle de Ponto & Timesheets","description":"","publisher":{"@id":"https:\/\/www.oitchau.com.br\/blog\/#organization"},"potentialAction":[{"@type":"SearchAction","target":{"@type":"EntryPoint","urlTemplate":"https:\/\/www.oitchau.com.br\/blog\/?s={search_term_string}"},"query-input":"required name=search_term_string"}],"inLanguage":"pt-BR"},{"@type":"Organization","@id":"https:\/\/www.oitchau.com.br\/blog\/#organization","name":"Oitchau","url":"https:\/\/www.oitchau.com.br\/blog\/","logo":{"@type":"ImageObject","inLanguage":"pt-BR","@id":"https:\/\/www.oitchau.com.br\/blog\/#\/schema\/logo\/image\/","url":"https:\/\/storage.googleapis.com\/oitchaublog\/2024\/03\/a0e65c6f-design-sem-nome-20.png","contentUrl":"https:\/\/storage.googleapis.com\/oitchaublog\/2024\/03\/a0e65c6f-design-sem-nome-20.png","width":696,"height":696,"caption":"Oitchau"},"image":{"@id":"https:\/\/www.oitchau.com.br\/blog\/#\/schema\/logo\/image\/"},"sameAs":["https:\/\/www.facebook.com\/oitchaubr\/","https:\/\/twitter.com\/oitchaubr","https:\/\/instagram.com\/oitchaubr"],"description":"A Oitchau \u00e9 uma solu\u00e7\u00e3o completa para gest\u00e3o de tempo dos colaboradores, atrav\u00e9s de suas solu\u00e7\u00f5es de controle de ponto & timesheets, ela permite que gestores, RH e DP possam gerenciar desde a jornada de trabalho de funcion\u00e1rios at\u00e9 a gest\u00e3o de tempo em projetos. Elevando o n\u00edvel estrat\u00e9gico do neg\u00f3cio de forma inteligente e assertiva, potencializando seus resultados e garantindo compliance com a Lei.","email":"contato@oitchau.com.br","telephone":"+551142102846","foundingDate":"2016-01-01","numberOfEmployees":{"@type":"QuantitativeValue","minValue":"51","maxValue":"200"}},{"@type":"Person","@id":"https:\/\/www.oitchau.com.br\/blog\/#\/schema\/person\/2d537dd5d364d6364dbe306bf11644f3","name":"Julia Neves","url":"https:\/\/www.oitchau.com.br\/blog\/author\/julia\/"}]}},"_links":{"self":[{"href":"https:\/\/www.oitchau.com.br\/blog\/wp-json\/wp\/v2\/posts\/1924"}],"collection":[{"href":"https:\/\/www.oitchau.com.br\/blog\/wp-json\/wp\/v2\/posts"}],"about":[{"href":"https:\/\/www.oitchau.com.br\/blog\/wp-json\/wp\/v2\/types\/post"}],"author":[{"embeddable":true,"href":"https:\/\/www.oitchau.com.br\/blog\/wp-json\/wp\/v2\/users\/16"}],"replies":[{"embeddable":true,"href":"https:\/\/www.oitchau.com.br\/blog\/wp-json\/wp\/v2\/comments?post=1924"}],"version-history":[{"count":1,"href":"https:\/\/www.oitchau.com.br\/blog\/wp-json\/wp\/v2\/posts\/1924\/revisions"}],"predecessor-version":[{"id":33748,"href":"https:\/\/www.oitchau.com.br\/blog\/wp-json\/wp\/v2\/posts\/1924\/revisions\/33748"}],"wp:featuredmedia":[{"embeddable":true,"href":"https:\/\/www.oitchau.com.br\/blog\/wp-json\/wp\/v2\/media\/34162"}],"wp:attachment":[{"href":"https:\/\/www.oitchau.com.br\/blog\/wp-json\/wp\/v2\/media?parent=1924"}],"wp:term":[{"taxonomy":"category","embeddable":true,"href":"https:\/\/www.oitchau.com.br\/blog\/wp-json\/wp\/v2\/categories?post=1924"},{"taxonomy":"post_tag","embeddable":true,"href":"https:\/\/www.oitchau.com.br\/blog\/wp-json\/wp\/v2\/tags?post=1924"}],"curies":[{"name":"wp","href":"https:\/\/api.w.org\/{rel}","templated":true}]}}