{"id":17325,"date":"2021-11-18T07:53:19","date_gmt":"2021-11-18T04:53:19","guid":{"rendered":"https:\/\/www.oitchau.com.br\/blog\/?p=17325"},"modified":"2024-08-09T18:01:27","modified_gmt":"2024-08-09T15:01:27","slug":"employee-value-proposition","status":"publish","type":"post","link":"https:\/\/www.oitchau.com.br\/blog\/employee-value-proposition\/","title":{"rendered":"Employee Value Proposition (EVP): o que \u00e9? Quais s\u00e3o os benef\u00edcios?"},"content":{"rendered":"\r\n<p>O Employee Value Proposition ou EVP \u00e9 um conceito de gest\u00e3o de pessoas que \u00e9 crucial para qualquer empresa que deseje manter seus profissionais bem como atrair os melhores talentos do mercado.<\/p>\r\n\r\n\r\n\r\n<p>E, afinal, quem n\u00e3o quer isso? O trabalho de colaboradores \u00e9 essencial para o sucesso de qualquer empresa. Somente quando eles est\u00e3o alinhados com a corpora\u00e7\u00e3o e com sua cultura organizacional, bem como est\u00e3o engajados isso \u00e9 poss\u00edvel.<\/p>\r\n<p><span data-sheets-value=\"{&quot;1&quot;:2,&quot;2&quot;:&quot;\n\t\t&lt;!--HubSpot Call-to-Action Code --&gt;\n\t\t&lt;span class=&quot;hs-cta-wrapper&quot; id=&quot;hs-cta-wrapper-3abae1c4-c415-4a64-85f6-a77616aa6cf3&quot;&gt;\n\t\t&lt;span class=&quot;hs-cta-node hs-cta-3abae1c4-c415-4a64-85f6-a77616aa6cf3&quot; id=&quot;3abae1c4-c415-4a64-85f6-a77616aa6cf3&quot;&gt;\n\t\t&lt;!--[if lte IE 8]&gt;\n\t\t&lt;div id=&quot;hs-cta-ie-element&quot;&gt;&lt;\/div&gt;\n\t\t&lt;![endif]--&gt;\n\t\t&lt;a href=&quot;https:\/\/cta-redirect.hubspot.com\/cta\/redirect\/20984162\/3abae1c4-c415-4a64-85f6-a77616aa6cf3&quot; &gt;\n\t\t&lt;img class=&quot;hs-cta-img&quot; id=&quot;hs-cta-img-3abae1c4-c415-4a64-85f6-a77616aa6cf3&quot; style=&quot;border-width:0px;&quot; src=&quot;https:\/\/no-cache.hubspot.com\/cta\/default\/20984162\/3abae1c4-c415-4a64-85f6-a77616aa6cf3.png&quot;  alt=&quot;New call-to-action&quot;\/&gt;\n\t\t&lt;\/a&gt;\n\t\t&lt;\/span&gt;\n\t\t&lt;script charset=&quot;utf-8&quot; src=&quot;\/\/js.hubspot.com\/cta\/current.js&quot;&gt;&lt;\/script&gt;\n\t\t&lt;script&gt;\n\t\thbspt.cta.load(20984162, &#039;3abae1c4-c415-4a64-85f6-a77616aa6cf3&#039;, {});\n\t\t&lt;\/script&gt;\n\t\t&lt;\/span&gt;\n\t\t&lt;!-- end HubSpot Call-to-Action Code --&gt;\n\t\t&quot;}\" data-sheets-userformat=\"{&quot;2&quot;:899,&quot;3&quot;:{&quot;1&quot;:0},&quot;4&quot;:{&quot;1&quot;:2,&quot;2&quot;:16777215},&quot;10&quot;:1,&quot;11&quot;:4,&quot;12&quot;:0}\">\n\t\t<!--HubSpot Call-to-Action Code -->\n\t\t<span class=\"hs-cta-wrapper\" id=\"hs-cta-wrapper-3abae1c4-c415-4a64-85f6-a77616aa6cf3\">\n\t\t<span class=\"hs-cta-node hs-cta-3abae1c4-c415-4a64-85f6-a77616aa6cf3\" id=\"3abae1c4-c415-4a64-85f6-a77616aa6cf3\">\n\t\t<!--[if lte IE 8]>\n\t\t<div id=\"hs-cta-ie-element\"><\/div>\n\t\t<![endif]-->\n\t\t<a href=\"https:\/\/cta-redirect.hubspot.com\/cta\/redirect\/20984162\/3abae1c4-c415-4a64-85f6-a77616aa6cf3\" >\n\t\t<img decoding=\"async\" class=\"hs-cta-img\" id=\"hs-cta-img-3abae1c4-c415-4a64-85f6-a77616aa6cf3\" style=\"border-width:0px;\" src=\"https:\/\/no-cache.hubspot.com\/cta\/default\/20984162\/3abae1c4-c415-4a64-85f6-a77616aa6cf3.png\"  alt=\"New call-to-action\"\/>\n\t\t<\/a>\n\t\t<\/span>\n\t\t<script charset=\"utf-8\" src=\"\/\/js.hubspot.com\/cta\/current.js\"><\/script>\n\t\t<script>\n\t\thbspt.cta.load(20984162, '3abae1c4-c415-4a64-85f6-a77616aa6cf3', {});\n\t\t<\/script>\n\t\t<\/span>\n\t\t<!-- end HubSpot Call-to-Action Code -->\n\t\t<\/span><\/p>\r\n\r\n\r\n\r\n<p>Pois saiba que \u00e9 exatamente isso que o EVP oferta. Por isso, n\u00e3o deixe de continuar sua leitura e ver mais sobre esse conceito e como ele pode ajudar a sua empresa! Abaixo voc\u00ea encontra sua defini\u00e7\u00e3o, serventias, benef\u00edcios e como desenvolver.<\/p>\r\n\r\n\r\n\r\n\r\n\r\n<h2 class=\"wp-block-heading\" id=\"ancora01\"><strong>O que \u00e9 Employee Value Proposition?<\/strong><\/h2>\r\n\r\n\r\n\r\n\r\n\r\n<p>Esse \u00e9 um conceito de gest\u00e3o de pessoas que \u00e9 muito importante para as empresas. Conforme Isadora Marque, pesquisadora do LAB SSJ, o Employee Value Proposition \u00e9:<\/p>\r\n\r\n\r\n\r\n<blockquote class=\"wp-block-quote\">\r\n<p><em>\u201ca proposta de valor de emprego de uma empresa, \u00e9 a estrat\u00e9gia que uma empresa segue para atrair m\u00e3o de obra que se enquadre ao perfil e tributos da corpora\u00e7\u00e3o\u201d.<\/em><\/p>\r\n<\/blockquote>\r\n\r\n\r\n\r\n<p>Para compreender melhor do que se trata, considere o seguinte:<\/p>\r\n\r\n\r\n\r\n<ul>\r\n<li>o que faz da sua empresa atrativa para os profissionais do mercado?<\/li>\r\n<li>A sua corpora\u00e7\u00e3o \u00e9 vista pelos talentos como um objeto de desejo no que se refere ao local de trabalho?<\/li>\r\n<\/ul>\r\n\r\n\r\n\r\n<p>Essas s\u00e3o perguntas que podem ser bem complexas. Mas, em suma, elas buscam saber como a sua empresa atrai profissionais. E, para isso, pense que n\u00e3o estamos falando apenas de sal\u00e1rios e benef\u00edcios b\u00e1sicos. Afinal, isso \u00e9 realmente o b\u00e1sico.<\/p>\r\n\r\n\r\n\r\n<p>\u00c9 nesse sentido que o EVP se apresenta. Segundo Marina Cury, especialista de aquisi\u00e7\u00e3o de talentos da empresa AMBEV:<\/p>\r\n\r\n\r\n\r\n<blockquote class=\"wp-block-quote\">\r\n<p><em>\u201cO EVP descreve como uma empresa quer ser vista como empregadora, servindo assim como ponto de partida para suas comunica\u00e7\u00f5es e refletindo diretamente na sua reputa\u00e7\u00e3o. (\u2026) Tem impacto direto na percep\u00e7\u00e3o do mercado (leads) em rela\u00e7\u00e3o \u00e0 empresa e, consequentemente, a influ\u00eancia que essa marca\/empresa tem enquanto atra\u00e7\u00e3o.\u201d<\/em><\/p>\r\n<\/blockquote>\r\n\r\n\r\n\r\n<p>Um outro bom exemplo para melhor compreens\u00e3o \u00e9 considerar a seguinte situa\u00e7\u00e3o: quando um candidato possui uma proposta da sua empresa e, simultaneamente, de outra corpora\u00e7\u00e3o, o que pode pesar em seu favor para que ele a escolha? Pois bem, aqui est\u00e1 o EVP.<\/p>\r\n\r\n\r\n\r\n<h2 class=\"wp-block-heading\" id=\"ancora02\"><strong>Para que serve o Employee Value Proposition (EVP)?<\/strong><\/h2>\r\n\r\n\r\n\r\n<p>Os conceitos que o EVP resguarda servem justamente para diferenciar a sua empresa das demais da concorr\u00eancia perante os profissionais do mercado. Com isso, voc\u00ea consegue demonstrar o porqu\u00ea a sua empresa \u00e9 perfeita para aquele talento.<\/p>\r\n\r\n\r\n\r\n<p>\u00c9 o EVP que faz da sua empresa algo \u00fanico na vis\u00e3o dos profissionais. Afinal, n\u00e3o basta que sua corpora\u00e7\u00e3o seja refer\u00eancia de qualidade e para fins de consumo. Ela tamb\u00e9m deve brilhar aos olhos dos profissionais.<\/p>\r\n\r\n\r\n\r\n<p>Os dados que o EVP re\u00fane, ent\u00e3o, podem ser comparados aqueles que s\u00e3o elencados quando se quer demonstrar o valor de um produto para o consumidor. Nesse caso, ent\u00e3o, o produto \u00e9 a pr\u00f3pria empresa, enquanto o consumidor \u00e9 o profissional.<\/p>\r\n\r\n\r\n\r\n<p>Conforme explica Caio Infante, especialista em EVP,<\/p>\r\n\r\n\r\n\r\n<blockquote class=\"wp-block-quote\">\r\n<p><em>\u201cA autenticidade \u00e9 uma palavra importante, assim como entender o que torna a empresa \u00fanica, mais uma vez, baseada no que as pessoas sentem, vivem e dizem\u201d. <\/em><\/p>\r\n<\/blockquote>\r\n\r\n\r\n\r\n<p>E, saiba: o EVP considera especialmente a experi\u00eancia dos colaboradores e dos candidatos.<\/p>\r\n\r\n\r\n\r\n<p>Portanto, o EVP serve para tornar a sua empresa algo \u00fanico e aut\u00eantico. Igualmente, para melhorar na atra\u00e7\u00e3o dos profissionais, bem como para reter talentos. Ainda, para garantir uma boa experi\u00eancia profissional dentro da sua empresa, considerando-se os deveres sociais empresariais.<\/p>\r\n\r\n\r\n\r\n<h2 class=\"wp-block-heading\" id=\"ancora03\"><strong>Qual \u00e9 a import\u00e2ncia do EVP para minha empresa?<\/strong><\/h2>\r\n\r\n\r\n\r\n\r\n\r\n<p>Segundo Miriam Marcilio, profissional da \u00e1rea de Employer Branding:<\/p>\r\n\r\n\r\n\r\n<blockquote class=\"wp-block-quote\">\r\n<p><em> \u201cum EVP bem estruturado consegue nos suportar para criarmos a\u00e7\u00f5es pensando na experi\u00eancia dos colaboradores e dos candidatos, transmitindo a ess\u00eancia da marca empregadora de dentro para fora\u201d.\u00a0<\/em><\/p>\r\n<\/blockquote>\r\n\r\n\r\n\r\n<p>Ainda, veja o que ressalta a especialista em gest\u00e3o de pessoas e em EVP, Tatiana Porto:\u00a0<\/p>\r\n\r\n\r\n\r\n<blockquote class=\"wp-block-quote\">\r\n<p><em>\u201cQuando as empresas se mostram preocupadas com os seus colaboradores, apresentando a\u00e7\u00f5es de sa\u00fade, bem-estar e cuidados dentro e fora do trabalho, as pessoas se sentem mais felizes e motivadas. O investimento em equipes alinhadas ao prop\u00f3sito da marca tamb\u00e9m ajuda a criar um ambiente leve e agrad\u00e1vel no trabalho. Todos esses fatores contribuem para a humaniza\u00e7\u00e3o da empresa e a reten\u00e7\u00e3o de talentos\u201d.<\/em><\/p>\r\n<\/blockquote>\r\n\r\n\r\n\r\n<p>Portanto, \u00e9 poss\u00edvel concluir que apostar no Employee Value Proposition \u00e9 importante pelos seguintes fatores:<\/p>\r\n\r\n\r\n\r\n<ul>\r\n<li>Reten\u00e7\u00e3o de talentos;<\/li>\r\n<li>Engajamento dos seus colaboradores;<\/li>\r\n<li>Diminui\u00e7\u00e3o do tornover;<\/li>\r\n<li>Melhoria da gest\u00e3o interna;<\/li>\r\n<li>Maior atra\u00e7\u00e3o sobre os profissionais que est\u00e3o no mercado;<\/li>\r\n<li>Aumento da produtividade;<\/li>\r\n<li>Melhoria do clima organizacional;<\/li>\r\n<li>Constru\u00e7\u00e3o de uma boa imagem empresarial enquanto empregadora, de forma que a corpora\u00e7\u00e3o passa a ser um objeto de desejo dos profissionais da \u00e1rea.<\/li>\r\n<\/ul>\r\n\r\n\r\n\r\n<h2 class=\"wp-block-heading\" id=\"ancora04\"><strong>Como desenvolver meu Employee Value Proposition?<\/strong><\/h2>\r\n\r\n\r\n\r\n<p>Como vimos acima, o EVP \u00e9 um conceito que \u00e9 de suma import\u00e2ncia para as empresas. Dessa forma, como desenvolver um e por onde come\u00e7ar? Para responder essas perguntas, novamente trouxemos opini\u00f5es de especialistas da \u00e1rea.<\/p>\r\n\r\n\r\n\r\n<p>Veja o que diz sobre o assunto o especialista Caio Infante:<\/p>\r\n\r\n\r\n\r\n<blockquote class=\"wp-block-quote\">\r\n<p><em>\u201cO ponto inicial da implanta\u00e7\u00e3o do EVP \u00e9 compreender as principais necessidades e desejos do seu p\u00fablico interno para evidenciar as vantagens e os benef\u00edcios que atendem \u00e0s expectativas dos funcion\u00e1rios. A proposta de valor deve ser vivida no dia a dia da organiza\u00e7\u00e3o, caso contr\u00e1rio, se torna s\u00f3 mais um discurso (\u2026) Deve haver boa comunica\u00e7\u00e3o, feedback constante e transpar\u00eancia. Quando os colaboradores se sentem valorizados e respeitados, naturalmente, criam condi\u00e7\u00f5es prop\u00edcias para desempenhar suas fun\u00e7\u00f5es da melhor forma poss\u00edvel\u201d.<\/em><\/p>\r\n<\/blockquote>\r\n\r\n\r\n\r\n<p>Ainda, saiba que a implementa\u00e7\u00e3o desse tipo de estrat\u00e9gia de gest\u00e3o e de desenvolvimento de atrativos para os profissionais em rela\u00e7\u00e3o \u00e0 sua empresa n\u00e3o ocorre de forma isolada. Em verdade, s\u00e3o diversos os esfor\u00e7os que se somam.<\/p>\r\n<p><span data-sheets-value=\"{&quot;1&quot;:2,&quot;2&quot;:&quot;\n\t\t&lt;!--HubSpot Call-to-Action Code --&gt;\n\t\t&lt;span class=&quot;hs-cta-wrapper&quot; id=&quot;hs-cta-wrapper-ec397c35-df8c-47f2-ac98-58378522ad1f&quot;&gt;\n\t\t&lt;span class=&quot;hs-cta-node hs-cta-ec397c35-df8c-47f2-ac98-58378522ad1f&quot; id=&quot;ec397c35-df8c-47f2-ac98-58378522ad1f&quot;&gt;\n\t\t&lt;!--[if lte IE 8]&gt;\n\t\t&lt;div id=&quot;hs-cta-ie-element&quot;&gt;&lt;\/div&gt;\n\t\t&lt;![endif]--&gt;\n\t\t&lt;a href=&quot;https:\/\/cta-redirect.hubspot.com\/cta\/redirect\/20984162\/ec397c35-df8c-47f2-ac98-58378522ad1f&quot; &gt;\n\t\t&lt;img class=&quot;hs-cta-img&quot; id=&quot;hs-cta-img-ec397c35-df8c-47f2-ac98-58378522ad1f&quot; style=&quot;border-width:0px;&quot; src=&quot;https:\/\/no-cache.hubspot.com\/cta\/default\/20984162\/ec397c35-df8c-47f2-ac98-58378522ad1f.png&quot;  alt=&quot;New call-to-action&quot;\/&gt;\n\t\t&lt;\/a&gt;\n\t\t&lt;\/span&gt;\n\t\t&lt;script charset=&quot;utf-8&quot; src=&quot;\/\/js.hubspot.com\/cta\/current.js&quot;&gt;&lt;\/script&gt;\n\t\t&lt;script&gt;\n\t\thbspt.cta.load(20984162, &#039;ec397c35-df8c-47f2-ac98-58378522ad1f&#039;, {});\n\t\t&lt;\/script&gt;\n\t\t&lt;\/span&gt;\n\t\t&lt;!-- end HubSpot Call-to-Action Code --&gt;\n\t\t&quot;}\" data-sheets-userformat=\"{&quot;2&quot;:899,&quot;3&quot;:{&quot;1&quot;:0},&quot;4&quot;:{&quot;1&quot;:2,&quot;2&quot;:16777215},&quot;10&quot;:1,&quot;11&quot;:4,&quot;12&quot;:0}\">\n\t\t<!--HubSpot Call-to-Action Code -->\n\t\t<span class=\"hs-cta-wrapper\" id=\"hs-cta-wrapper-ec397c35-df8c-47f2-ac98-58378522ad1f\">\n\t\t<span class=\"hs-cta-node hs-cta-ec397c35-df8c-47f2-ac98-58378522ad1f\" id=\"ec397c35-df8c-47f2-ac98-58378522ad1f\">\n\t\t<!--[if lte IE 8]>\n\t\t<div id=\"hs-cta-ie-element\"><\/div>\n\t\t<![endif]-->\n\t\t<a href=\"https:\/\/cta-redirect.hubspot.com\/cta\/redirect\/20984162\/ec397c35-df8c-47f2-ac98-58378522ad1f\" >\n\t\t<img decoding=\"async\" class=\"hs-cta-img\" id=\"hs-cta-img-ec397c35-df8c-47f2-ac98-58378522ad1f\" style=\"border-width:0px;\" src=\"https:\/\/no-cache.hubspot.com\/cta\/default\/20984162\/ec397c35-df8c-47f2-ac98-58378522ad1f.png\"  alt=\"New call-to-action\"\/>\n\t\t<\/a>\n\t\t<\/span>\n\t\t<script charset=\"utf-8\" src=\"\/\/js.hubspot.com\/cta\/current.js\"><\/script>\n\t\t<script>\n\t\thbspt.cta.load(20984162, 'ec397c35-df8c-47f2-ac98-58378522ad1f', {});\n\t\t<\/script>\n\t\t<\/span>\n\t\t<!-- end HubSpot Call-to-Action Code -->\n\t\t<\/span><\/p>\r\n\r\n\r\n\r\n<p>Conforme explica Tatiana Porto, especialista de gest\u00e3o da empresa Cognizant,<\/p>\r\n\r\n\r\n\r\n<blockquote class=\"wp-block-quote\">\r\n<p><em>\u201cEle n\u00e3o \u00e9 feito sozinho, precisa atuar em conjunto e estar ligado na cultura organizacional. Al\u00e9m de fomentar o trabalho em equipe, ter a lideran\u00e7a na linha de frente para esclarecer a nossa marca entregadora, o prop\u00f3sito e objetivo\u201d.<\/em><\/p>\r\n<\/blockquote>\r\n\r\n\r\n\r\n<p>Dessa forma, \u00e9 poss\u00edvel perceber que existe um forte papel que deve ser estabelecido na cultura organizacional, para possibilitar o desenvolvimento dos colaboradores.<\/p>\r\n","protected":false},"excerpt":{"rendered":"<p>O Employee Value Proposition ou EVP \u00e9 um conceito de gest\u00e3o de pessoas que \u00e9 crucial para qualquer empresa que deseje manter seus profissionais bem como atrair os melhores talentos do mercado. E, afinal, quem n\u00e3o quer isso? O trabalho de colaboradores \u00e9 essencial para o sucesso de qualquer empresa. Somente quando eles est\u00e3o alinhados [&hellip;]<\/p>\n","protected":false},"author":11,"featured_media":35583,"comment_status":"closed","ping_status":"open","sticky":false,"template":"","format":"standard","meta":{"content-type":"","footnotes":""},"categories":[224,17643],"tags":[17669,17631,10887,11332],"yoast_head":"<!-- This site is optimized with the Yoast SEO Premium plugin v22.2 (Yoast SEO v22.2) - https:\/\/yoast.com\/wordpress\/plugins\/seo\/ -->\n<title>Employee Value Proposition (EVP): Quais s\u00e3o os benef\u00edcios? | Oitchau<\/title>\n<meta name=\"description\" content=\"O Employee Value Proposition ou EVP \u00e9 um conceito de gest\u00e3o de pessoas que \u00e9 crucial para qualquer empresa que deseje manter seus profissionais. Veja aqui!\" \/>\n<meta name=\"robots\" content=\"index, follow, max-snippet:-1, max-image-preview:large, max-video-preview:-1\" \/>\n<link rel=\"canonical\" href=\"https:\/\/www.oitchau.com.br\/blog\/employee-value-proposition\/\" \/>\n<meta property=\"og:locale\" content=\"pt_BR\" \/>\n<meta property=\"og:type\" content=\"article\" \/>\n<meta property=\"og:title\" content=\"Employee Value Proposition (EVP): o que \u00e9? Quais s\u00e3o os benef\u00edcios?\" \/>\n<meta property=\"og:description\" content=\"O Employee Value Proposition ou EVP \u00e9 um conceito de gest\u00e3o de pessoas que \u00e9 crucial para qualquer empresa que deseje manter seus profissionais. Veja aqui!\" \/>\n<meta property=\"og:url\" content=\"https:\/\/www.oitchau.com.br\/blog\/employee-value-proposition\/\" \/>\n<meta property=\"og:site_name\" content=\"Controle de Ponto &amp; Timesheets\" \/>\n<meta property=\"article:publisher\" content=\"https:\/\/www.facebook.com\/oitchaubr\/\" \/>\n<meta property=\"article:published_time\" content=\"2021-11-18T04:53:19+00:00\" \/>\n<meta property=\"article:modified_time\" content=\"2024-08-09T15:01:27+00:00\" \/>\n<meta property=\"og:image\" content=\"https:\/\/storage.googleapis.com\/oitchaublog\/2021\/11\/81bf332d-employee-value-proposition.png\" \/>\n\t<meta property=\"og:image:width\" content=\"1982\" \/>\n\t<meta property=\"og:image:height\" content=\"800\" \/>\n\t<meta property=\"og:image:type\" content=\"image\/png\" \/>\n<meta name=\"author\" content=\"Aline Mesquita\" \/>\n<meta name=\"twitter:card\" content=\"summary_large_image\" \/>\n<meta name=\"twitter:creator\" content=\"@oitchaubr\" \/>\n<meta name=\"twitter:site\" content=\"@oitchaubr\" \/>\n<meta name=\"twitter:label1\" content=\"Written by\" \/>\n\t<meta name=\"twitter:data1\" content=\"Aline Mesquita\" \/>\n\t<meta name=\"twitter:label2\" content=\"Est. reading time\" \/>\n\t<meta name=\"twitter:data2\" content=\"5 minutos\" \/>\n<script type=\"application\/ld+json\" class=\"yoast-schema-graph\">{\"@context\":\"https:\/\/schema.org\",\"@graph\":[{\"@type\":[\"Article\",\"BlogPosting\"],\"@id\":\"https:\/\/www.oitchau.com.br\/blog\/employee-value-proposition\/#article\",\"isPartOf\":{\"@id\":\"https:\/\/www.oitchau.com.br\/blog\/employee-value-proposition\/\"},\"author\":{\"name\":\"Aline Mesquita\",\"@id\":\"https:\/\/www.oitchau.com.br\/blog\/#\/schema\/person\/40ba65f8664531ffe1465f6cb9d82430\"},\"headline\":\"Employee Value Proposition (EVP): o que \u00e9? Quais s\u00e3o os benef\u00edcios?\",\"datePublished\":\"2021-11-18T04:53:19+00:00\",\"dateModified\":\"2024-08-09T15:01:27+00:00\",\"mainEntityOfPage\":{\"@id\":\"https:\/\/www.oitchau.com.br\/blog\/employee-value-proposition\/\"},\"wordCount\":1123,\"publisher\":{\"@id\":\"https:\/\/www.oitchau.com.br\/blog\/#organization\"},\"image\":{\"@id\":\"https:\/\/www.oitchau.com.br\/blog\/employee-value-proposition\/#primaryimage\"},\"thumbnailUrl\":\"https:\/\/storage.googleapis.com\/oitchaublog\/2021\/11\/81bf332d-employee-value-proposition.png\",\"keywords\":[\"Employee Value Proposition\",\"evp\",\"gest\u00e3o de pessoas\",\"jornada de trabalho\"],\"articleSection\":[\"Gest\u00e3o de Pessoas\",\"Recursos Humanos\"],\"inLanguage\":\"pt-BR\"},{\"@type\":\"WebPage\",\"@id\":\"https:\/\/www.oitchau.com.br\/blog\/employee-value-proposition\/\",\"url\":\"https:\/\/www.oitchau.com.br\/blog\/employee-value-proposition\/\",\"name\":\"Employee Value Proposition (EVP): Quais s\u00e3o os benef\u00edcios? | Oitchau\",\"isPartOf\":{\"@id\":\"https:\/\/www.oitchau.com.br\/blog\/#website\"},\"primaryImageOfPage\":{\"@id\":\"https:\/\/www.oitchau.com.br\/blog\/employee-value-proposition\/#primaryimage\"},\"image\":{\"@id\":\"https:\/\/www.oitchau.com.br\/blog\/employee-value-proposition\/#primaryimage\"},\"thumbnailUrl\":\"https:\/\/storage.googleapis.com\/oitchaublog\/2021\/11\/81bf332d-employee-value-proposition.png\",\"datePublished\":\"2021-11-18T04:53:19+00:00\",\"dateModified\":\"2024-08-09T15:01:27+00:00\",\"description\":\"O Employee Value Proposition ou EVP \u00e9 um conceito de gest\u00e3o de pessoas que \u00e9 crucial para qualquer empresa que deseje manter seus profissionais. Veja aqui!\",\"breadcrumb\":{\"@id\":\"https:\/\/www.oitchau.com.br\/blog\/employee-value-proposition\/#breadcrumb\"},\"inLanguage\":\"pt-BR\",\"potentialAction\":[{\"@type\":\"ReadAction\",\"target\":[\"https:\/\/www.oitchau.com.br\/blog\/employee-value-proposition\/\"]}]},{\"@type\":\"ImageObject\",\"inLanguage\":\"pt-BR\",\"@id\":\"https:\/\/www.oitchau.com.br\/blog\/employee-value-proposition\/#primaryimage\",\"url\":\"https:\/\/storage.googleapis.com\/oitchaublog\/2021\/11\/81bf332d-employee-value-proposition.png\",\"contentUrl\":\"https:\/\/storage.googleapis.com\/oitchaublog\/2021\/11\/81bf332d-employee-value-proposition.png\",\"width\":1982,\"height\":800,\"caption\":\"Employee Value Proposition\"},{\"@type\":\"BreadcrumbList\",\"@id\":\"https:\/\/www.oitchau.com.br\/blog\/employee-value-proposition\/#breadcrumb\",\"itemListElement\":[{\"@type\":\"ListItem\",\"position\":1,\"name\":\"Blog\",\"item\":\"https:\/\/www.oitchau.com.br\/blog\/\"},{\"@type\":\"ListItem\",\"position\":2,\"name\":\"Employee Value Proposition (EVP): o que \u00e9? Quais s\u00e3o os benef\u00edcios?\"}]},{\"@type\":\"WebSite\",\"@id\":\"https:\/\/www.oitchau.com.br\/blog\/#website\",\"url\":\"https:\/\/www.oitchau.com.br\/blog\/\",\"name\":\"Controle de Ponto & Timesheets\",\"description\":\"\",\"publisher\":{\"@id\":\"https:\/\/www.oitchau.com.br\/blog\/#organization\"},\"potentialAction\":[{\"@type\":\"SearchAction\",\"target\":{\"@type\":\"EntryPoint\",\"urlTemplate\":\"https:\/\/www.oitchau.com.br\/blog\/?s={search_term_string}\"},\"query-input\":\"required name=search_term_string\"}],\"inLanguage\":\"pt-BR\"},{\"@type\":\"Organization\",\"@id\":\"https:\/\/www.oitchau.com.br\/blog\/#organization\",\"name\":\"Oitchau\",\"url\":\"https:\/\/www.oitchau.com.br\/blog\/\",\"logo\":{\"@type\":\"ImageObject\",\"inLanguage\":\"pt-BR\",\"@id\":\"https:\/\/www.oitchau.com.br\/blog\/#\/schema\/logo\/image\/\",\"url\":\"https:\/\/storage.googleapis.com\/oitchaublog\/2024\/03\/a0e65c6f-design-sem-nome-20.png\",\"contentUrl\":\"https:\/\/storage.googleapis.com\/oitchaublog\/2024\/03\/a0e65c6f-design-sem-nome-20.png\",\"width\":696,\"height\":696,\"caption\":\"Oitchau\"},\"image\":{\"@id\":\"https:\/\/www.oitchau.com.br\/blog\/#\/schema\/logo\/image\/\"},\"sameAs\":[\"https:\/\/www.facebook.com\/oitchaubr\/\",\"https:\/\/twitter.com\/oitchaubr\",\"https:\/\/instagram.com\/oitchaubr\"],\"description\":\"A Oitchau \u00e9 uma solu\u00e7\u00e3o completa para gest\u00e3o de tempo dos colaboradores, atrav\u00e9s de suas solu\u00e7\u00f5es de controle de ponto & timesheets, ela permite que gestores, RH e DP possam gerenciar desde a jornada de trabalho de funcion\u00e1rios at\u00e9 a gest\u00e3o de tempo em projetos. Elevando o n\u00edvel estrat\u00e9gico do neg\u00f3cio de forma inteligente e assertiva, potencializando seus resultados e garantindo compliance com a Lei.\",\"email\":\"contato@oitchau.com.br\",\"telephone\":\"+551142102846\",\"foundingDate\":\"2016-01-01\",\"numberOfEmployees\":{\"@type\":\"QuantitativeValue\",\"minValue\":\"51\",\"maxValue\":\"200\"}},{\"@type\":\"Person\",\"@id\":\"https:\/\/www.oitchau.com.br\/blog\/#\/schema\/person\/40ba65f8664531ffe1465f6cb9d82430\",\"name\":\"Aline Mesquita\",\"url\":\"https:\/\/www.oitchau.com.br\/blog\/author\/aline\/\"}]}<\/script>\n<!-- \/ Yoast SEO Premium plugin. -->","yoast_head_json":{"title":"Employee Value Proposition (EVP): Quais s\u00e3o os benef\u00edcios? | Oitchau","description":"O Employee Value Proposition ou EVP \u00e9 um conceito de gest\u00e3o de pessoas que \u00e9 crucial para qualquer empresa que deseje manter seus profissionais. Veja aqui!","robots":{"index":"index","follow":"follow","max-snippet":"max-snippet:-1","max-image-preview":"max-image-preview:large","max-video-preview":"max-video-preview:-1"},"canonical":"https:\/\/www.oitchau.com.br\/blog\/employee-value-proposition\/","og_locale":"pt_BR","og_type":"article","og_title":"Employee Value Proposition (EVP): o que \u00e9? Quais s\u00e3o os benef\u00edcios?","og_description":"O Employee Value Proposition ou EVP \u00e9 um conceito de gest\u00e3o de pessoas que \u00e9 crucial para qualquer empresa que deseje manter seus profissionais. Veja aqui!","og_url":"https:\/\/www.oitchau.com.br\/blog\/employee-value-proposition\/","og_site_name":"Controle de Ponto &amp; Timesheets","article_publisher":"https:\/\/www.facebook.com\/oitchaubr\/","article_published_time":"2021-11-18T04:53:19+00:00","article_modified_time":"2024-08-09T15:01:27+00:00","og_image":[{"width":1982,"height":800,"url":"https:\/\/storage.googleapis.com\/oitchaublog\/2021\/11\/81bf332d-employee-value-proposition.png","type":"image\/png"}],"author":"Aline Mesquita","twitter_card":"summary_large_image","twitter_creator":"@oitchaubr","twitter_site":"@oitchaubr","twitter_misc":{"Written by":"Aline Mesquita","Est. reading time":"5 minutos"},"schema":{"@context":"https:\/\/schema.org","@graph":[{"@type":["Article","BlogPosting"],"@id":"https:\/\/www.oitchau.com.br\/blog\/employee-value-proposition\/#article","isPartOf":{"@id":"https:\/\/www.oitchau.com.br\/blog\/employee-value-proposition\/"},"author":{"name":"Aline Mesquita","@id":"https:\/\/www.oitchau.com.br\/blog\/#\/schema\/person\/40ba65f8664531ffe1465f6cb9d82430"},"headline":"Employee Value Proposition (EVP): o que \u00e9? Quais s\u00e3o os benef\u00edcios?","datePublished":"2021-11-18T04:53:19+00:00","dateModified":"2024-08-09T15:01:27+00:00","mainEntityOfPage":{"@id":"https:\/\/www.oitchau.com.br\/blog\/employee-value-proposition\/"},"wordCount":1123,"publisher":{"@id":"https:\/\/www.oitchau.com.br\/blog\/#organization"},"image":{"@id":"https:\/\/www.oitchau.com.br\/blog\/employee-value-proposition\/#primaryimage"},"thumbnailUrl":"https:\/\/storage.googleapis.com\/oitchaublog\/2021\/11\/81bf332d-employee-value-proposition.png","keywords":["Employee Value Proposition","evp","gest\u00e3o de pessoas","jornada de trabalho"],"articleSection":["Gest\u00e3o de Pessoas","Recursos Humanos"],"inLanguage":"pt-BR"},{"@type":"WebPage","@id":"https:\/\/www.oitchau.com.br\/blog\/employee-value-proposition\/","url":"https:\/\/www.oitchau.com.br\/blog\/employee-value-proposition\/","name":"Employee Value Proposition (EVP): Quais s\u00e3o os benef\u00edcios? | Oitchau","isPartOf":{"@id":"https:\/\/www.oitchau.com.br\/blog\/#website"},"primaryImageOfPage":{"@id":"https:\/\/www.oitchau.com.br\/blog\/employee-value-proposition\/#primaryimage"},"image":{"@id":"https:\/\/www.oitchau.com.br\/blog\/employee-value-proposition\/#primaryimage"},"thumbnailUrl":"https:\/\/storage.googleapis.com\/oitchaublog\/2021\/11\/81bf332d-employee-value-proposition.png","datePublished":"2021-11-18T04:53:19+00:00","dateModified":"2024-08-09T15:01:27+00:00","description":"O Employee Value Proposition ou EVP \u00e9 um conceito de gest\u00e3o de pessoas que \u00e9 crucial para qualquer empresa que deseje manter seus profissionais. Veja aqui!","breadcrumb":{"@id":"https:\/\/www.oitchau.com.br\/blog\/employee-value-proposition\/#breadcrumb"},"inLanguage":"pt-BR","potentialAction":[{"@type":"ReadAction","target":["https:\/\/www.oitchau.com.br\/blog\/employee-value-proposition\/"]}]},{"@type":"ImageObject","inLanguage":"pt-BR","@id":"https:\/\/www.oitchau.com.br\/blog\/employee-value-proposition\/#primaryimage","url":"https:\/\/storage.googleapis.com\/oitchaublog\/2021\/11\/81bf332d-employee-value-proposition.png","contentUrl":"https:\/\/storage.googleapis.com\/oitchaublog\/2021\/11\/81bf332d-employee-value-proposition.png","width":1982,"height":800,"caption":"Employee Value Proposition"},{"@type":"BreadcrumbList","@id":"https:\/\/www.oitchau.com.br\/blog\/employee-value-proposition\/#breadcrumb","itemListElement":[{"@type":"ListItem","position":1,"name":"Blog","item":"https:\/\/www.oitchau.com.br\/blog\/"},{"@type":"ListItem","position":2,"name":"Employee Value Proposition (EVP): o que \u00e9? Quais s\u00e3o os benef\u00edcios?"}]},{"@type":"WebSite","@id":"https:\/\/www.oitchau.com.br\/blog\/#website","url":"https:\/\/www.oitchau.com.br\/blog\/","name":"Controle de Ponto & Timesheets","description":"","publisher":{"@id":"https:\/\/www.oitchau.com.br\/blog\/#organization"},"potentialAction":[{"@type":"SearchAction","target":{"@type":"EntryPoint","urlTemplate":"https:\/\/www.oitchau.com.br\/blog\/?s={search_term_string}"},"query-input":"required name=search_term_string"}],"inLanguage":"pt-BR"},{"@type":"Organization","@id":"https:\/\/www.oitchau.com.br\/blog\/#organization","name":"Oitchau","url":"https:\/\/www.oitchau.com.br\/blog\/","logo":{"@type":"ImageObject","inLanguage":"pt-BR","@id":"https:\/\/www.oitchau.com.br\/blog\/#\/schema\/logo\/image\/","url":"https:\/\/storage.googleapis.com\/oitchaublog\/2024\/03\/a0e65c6f-design-sem-nome-20.png","contentUrl":"https:\/\/storage.googleapis.com\/oitchaublog\/2024\/03\/a0e65c6f-design-sem-nome-20.png","width":696,"height":696,"caption":"Oitchau"},"image":{"@id":"https:\/\/www.oitchau.com.br\/blog\/#\/schema\/logo\/image\/"},"sameAs":["https:\/\/www.facebook.com\/oitchaubr\/","https:\/\/twitter.com\/oitchaubr","https:\/\/instagram.com\/oitchaubr"],"description":"A Oitchau \u00e9 uma solu\u00e7\u00e3o completa para gest\u00e3o de tempo dos colaboradores, atrav\u00e9s de suas solu\u00e7\u00f5es de controle de ponto & timesheets, ela permite que gestores, RH e DP possam gerenciar desde a jornada de trabalho de funcion\u00e1rios at\u00e9 a gest\u00e3o de tempo em projetos. Elevando o n\u00edvel estrat\u00e9gico do neg\u00f3cio de forma inteligente e assertiva, potencializando seus resultados e garantindo compliance com a Lei.","email":"contato@oitchau.com.br","telephone":"+551142102846","foundingDate":"2016-01-01","numberOfEmployees":{"@type":"QuantitativeValue","minValue":"51","maxValue":"200"}},{"@type":"Person","@id":"https:\/\/www.oitchau.com.br\/blog\/#\/schema\/person\/40ba65f8664531ffe1465f6cb9d82430","name":"Aline Mesquita","url":"https:\/\/www.oitchau.com.br\/blog\/author\/aline\/"}]}},"_links":{"self":[{"href":"https:\/\/www.oitchau.com.br\/blog\/wp-json\/wp\/v2\/posts\/17325"}],"collection":[{"href":"https:\/\/www.oitchau.com.br\/blog\/wp-json\/wp\/v2\/posts"}],"about":[{"href":"https:\/\/www.oitchau.com.br\/blog\/wp-json\/wp\/v2\/types\/post"}],"author":[{"embeddable":true,"href":"https:\/\/www.oitchau.com.br\/blog\/wp-json\/wp\/v2\/users\/11"}],"replies":[{"embeddable":true,"href":"https:\/\/www.oitchau.com.br\/blog\/wp-json\/wp\/v2\/comments?post=17325"}],"version-history":[{"count":1,"href":"https:\/\/www.oitchau.com.br\/blog\/wp-json\/wp\/v2\/posts\/17325\/revisions"}],"predecessor-version":[{"id":35584,"href":"https:\/\/www.oitchau.com.br\/blog\/wp-json\/wp\/v2\/posts\/17325\/revisions\/35584"}],"wp:featuredmedia":[{"embeddable":true,"href":"https:\/\/www.oitchau.com.br\/blog\/wp-json\/wp\/v2\/media\/35583"}],"wp:attachment":[{"href":"https:\/\/www.oitchau.com.br\/blog\/wp-json\/wp\/v2\/media?parent=17325"}],"wp:term":[{"taxonomy":"category","embeddable":true,"href":"https:\/\/www.oitchau.com.br\/blog\/wp-json\/wp\/v2\/categories?post=17325"},{"taxonomy":"post_tag","embeddable":true,"href":"https:\/\/www.oitchau.com.br\/blog\/wp-json\/wp\/v2\/tags?post=17325"}],"curies":[{"name":"wp","href":"https:\/\/api.w.org\/{rel}","templated":true}]}}