{"id":16396,"date":"2021-07-27T22:39:54","date_gmt":"2021-07-27T19:39:54","guid":{"rendered":"https:\/\/www.oitchau.com.br\/blog\/?p=16396"},"modified":"2024-08-08T23:19:13","modified_gmt":"2024-08-08T20:19:13","slug":"jornada-do-candidato","status":"publish","type":"post","link":"https:\/\/www.oitchau.com.br\/blog\/jornada-do-candidato\/","title":{"rendered":"Jornada do candidato: quais s\u00e3o as etapas?"},"content":{"rendered":"\r\n<p>O processo de sele\u00e7\u00e3o e recrutamento envolve a jornada do candidato, um conceito que ajuda cada vez mais empresas a melhorarem a contrata\u00e7\u00e3o de novos talentos e profissionais para comporem seus quadros e setores.<\/p>\r\n\r\n\r\n\r\n<p>Hoje separamos especialmente para voc\u00ea um manual completo do que \u00e9 essa jornada e como ela se desenvolve.<\/p>\r\n<p>Continue lendo para entend\u00ea-la e ver como atentar-se a ela pode melhorar enormemente os seus processos de contrata\u00e7\u00e3o!<\/p>\r\n\r\n\r\n\r\n\r\n\r\n<h2 class=\"wp-block-heading\" id=\"ancora01\">O que \u00e9 jornada do candidato?<\/h2>\r\n\r\n\r\n\r\n<p>Essa jornada nada mais \u00e9 do que os passos que um profissional d\u00e1 enquanto candidato para preencher uma vaga na sua empresa. Da mesma forma que a jornada do her\u00f3i, os talentos tamb\u00e9m t\u00eam a sua.<\/p>\r\n\r\n\r\n\r\n<p>E se chama jornada justamente porque esses passos se repetem em todas as situa\u00e7\u00f5es e em todas as contrata\u00e7\u00f5es. Cada acontecimento segue uma ordem natural e que sempre se imp\u00f5e.<\/p>\r\n\r\n\r\n\r\n<p>A jornada \u00e9 o caminho desde que o candidato conhece a empresa ou vaga at\u00e9 o final do procedimento de <a href=\"https:\/\/www.oitchau.com.br\/blog\/recrutamento-e-selecao-de-pessoas-guia-completo\/\" data-type=\"URL\" data-id=\"https:\/\/www.oitchau.com.br\/blog\/recrutamento-e-selecao-de-pessoas-guia-completo\/\">recrutamento e sele\u00e7\u00e3o<\/a>, com sua contrata\u00e7\u00e3o ou n\u00e3o.<\/p>\r\n\r\n\r\n\r\n<p>Entre esse ponto inicial e o final o trajeto inclui in\u00fameros detalhes que n\u00e3o uma constante em candidaturas.<\/p>\r\n\r\n\r\n\r\n<p>Abaixo, conhe\u00e7a o quais s\u00e3o essas etapas, como a empresa pode utiliz\u00e1-las e como a jornada de candidatura se tornou um conceito inafast\u00e1vel dos procedimentos de sele\u00e7\u00e3o de novos profissionais para a empresa.<\/p>\r\n<h2><strong>O que significa a jornada do candidato?<\/strong><\/h2>\r\n<p><span style=\"font-weight: 400;\">Esse termo representa a experi\u00eancia que um candidato possui diante da abertura de uma vaga de emprego em uma empresa.<\/span><\/p>\r\n<p><span style=\"font-weight: 400;\">Afinal, s\u00e3o muitos passos desde a abertura e a divulga\u00e7\u00e3o da vaga e a contrata\u00e7\u00e3o de um trabalhador para ocup\u00e1-lo. Em cada um deles existem necessidades envolvidas &#8211; tanto do candidato quanto do contratante &#8211; bem como estrat\u00e9gias para atrair os melhores talentos.<\/span><\/p>\r\n<p><span style=\"font-weight: 400;\">A jornada do candidato \u00e9 importante, especialmente porque nela a empresa pode atrair bons trabalhadores para somarem ao seu quadro. Igualmente, porque a experi\u00eancia que os candidatos t\u00eam reflete diretamente na imagem empresarial.<\/span><\/p>\r\n\r\n\r\n\r\n<h2 class=\"wp-block-heading\" id=\"ancora02\">Etapas da jornada do candidato<\/h2>\r\n\r\n\r\n\r\n\r\n\r\n<p>A candidatura de um candidato passa por v\u00e1rias fases, de forma que a jornada se d\u00e1 apenas com a supera\u00e7\u00e3o desses passos. Abaixo, conhe\u00e7a cada um deles e como a empresa pode aproveit\u00e1-los.<\/p>\r\n\r\n\r\n\r\n<h3 class=\"wp-block-heading\" id=\"ancora03\">Descoberta da vaga<\/h3>\r\n\r\n\r\n\r\n<p>A jornada do candidato somente se inicia quando o profissional toma conhecimento da vaga de emprego que existe em uma empresa. Antes disso sequer h\u00e1 a chance de ele se tornar um candidato.<\/p>\r\n\r\n\r\n\r\n<p>A descoberta da vaga \u00e9 o conhecimento de que aquela empresa possui um cargo vago que procura profissionais para preench\u00ea-lo.<\/p>\r\n\r\n\r\n\r\n<p>E o que isso significa para a empresa? Que essa fase da jornada pode fazer com que chegue ou n\u00e3o aos talentos.<\/p>\r\n\r\n\r\n\r\n<p>Para que a descoberta da vaga seja poss\u00edvel a empresa deve:<\/p>\r\n\r\n\r\n\r\n<ul>\r\n<li>Divulgar a vaga em diversos canais, como no site institucional, em newsletter, nas redes sociais e no LinkedIn;<\/li>\r\n<li>Contar com seus pr\u00f3prios colaboradores para fazerem indica\u00e7\u00f5es, utilizando-os tamb\u00e9m como uma forma de divulgar a empresa e os cargos. Isso nada mais \u00e9 do que o aproveitamento corporativo do networking dos seus empregados.<\/li>\r\n<\/ul>\r\n\r\n\r\n\r\n<h3 class=\"wp-block-heading\" id=\"ancora04\">Interesse em se candidatar<\/h3>\r\n\r\n\r\n\r\n<p>O segundo passo da jornada do candidato \u00e9 quando ele desenvolve o interesse por se candidatar. Nesse caso ele j\u00e1 pode ou n\u00e3o estar empregado em outra institui\u00e7\u00e3o, isso n\u00e3o importa.<\/p>\r\n\r\n\r\n\r\n<p>O despertar do interesse depende de uma s\u00e9rie de quest\u00f5es, como:<\/p>\r\n\r\n\r\n\r\n<ul>\r\n<li>Descri\u00e7\u00e3o chamativa da vaga;<\/li>\r\n<li>Oferecimento de benef\u00edcios e vantagens aos profissionais;<\/li>\r\n<li>Imagem da empresa perante o p\u00fablico e o mercado de trabalho;<\/li>\r\n<li>Cria\u00e7\u00e3o de pol\u00edticas diferenciadas e que realmente permitam \u00e0 empresa se destacar das demais enquanto empregadora.<\/li>\r\n<\/ul>\r\n\r\n\r\n\r\n<p>Todos esses pontos devem ter a aten\u00e7\u00e3o do RH e dos respons\u00e1veis por divulgar a vaga. Em caso contr\u00e1rio a empresa poder\u00e1 n\u00e3o obter sucesso ao atrair bons profissionais.<\/p>\r\n\r\n\r\n\r\n<h3 class=\"wp-block-heading\" id=\"ancora05\">Candidatura<\/h3>\r\n\r\n\r\n\r\n<p>Continuando a jornada do candidato temos a candidatura, efetivamente, em si. Ela se d\u00e1 pela inscri\u00e7\u00e3o do profissional a uma vaga espec\u00edfica. Nesse caso, geralmente h\u00e1 ado\u00e7\u00e3o de envio online de curr\u00edculo ou de portf\u00f3lio profissional.<\/p>\r\n\r\n\r\n\r\n<p>Outras op\u00e7\u00f5es requerem o preenchimento de dados e formul\u00e1rios no site de empresas e at\u00e9 mesmo a realiza\u00e7\u00e3o de testes pr\u00e9vios de avalia\u00e7\u00e3o. As op\u00e7\u00f5es s\u00e3o in\u00fameras.<\/p>\r\n\r\n\r\n\r\n<p>S\u00e3o duas quest\u00f5es que devem ganhar a aten\u00e7\u00e3o do RH nesse momento. A primeira delas \u00e9 a confirma\u00e7\u00e3o do recebimento da candidatura ao candidato que a fez. Isso evite que o RH perca tempo com liga\u00e7\u00f5es e e-mails recorrentes quanto a isso.<\/p>\r\n\r\n\r\n\r\n<p>A resposta com confirma\u00e7\u00e3o de recebimento da candidatura tamb\u00e9m demonstra que a empresa tem respeito pelo profissional, o que ajuda na cria\u00e7\u00e3o da corpora\u00e7\u00e3o de sua imagem enquanto empregador.<\/p>\r\n\r\n\r\n\r\n<p>O segundo fator relevante da candidatura se refere, para o RH, \u00e0 an\u00e1lise de curr\u00edculos e de candidaturas. Aqui \u00e9 imprescind\u00edvel que haja a listagem pr\u00e9via de quais s\u00e3o requisitos cruciais \u00e0 vaga e quais s\u00e3o as habilidades superiores desejadas.<\/p>\r\n\r\n\r\n\r\n<p>Nesse caso, os requisitos correspondem ao m\u00ednimo que o candidato deve apresentar para que possa preencher a vaga em aberto. J\u00e1 as habilidades superiores s\u00e3o os conhecimentos e capacidades adicionais.<\/p>\r\n\r\n\r\n\r\n<p>Caso as habilidades superiores n\u00e3o estejam presentes, tudo bem. Caso estejam presentes, elas demonstram um ponto de destaque daquele candidato.<\/p>\r\n\r\n\r\n\r\n<p>Tudo isso deve ficar bem claro a todos que est\u00e3o trabalhando no processo de sele\u00e7\u00e3o. Outra forma de faz\u00ea-lo \u00e9 com um software de sele\u00e7\u00e3o que ajuda na an\u00e1lise dos curr\u00edculos e os seleciona de acordo com predefini\u00e7\u00f5es.<\/p>\r\n\r\n\r\n\r\n<h3 class=\"wp-block-heading\" id=\"ancora06\">Triagem<\/h3>\r\n\r\n\r\n\r\n<p>O pen\u00faltimo passo que comp\u00f5e a jornada do candidato \u00e9 a triagem. Ela nada mais \u00e9 do que o processo em que a empresa conhece o candidato e come\u00e7a a selecionar aqueles que mais se destacam.<\/p>\r\n\r\n\r\n\r\n<p>A triagem se d\u00e1 ap\u00f3s a sele\u00e7\u00e3o inicial de curr\u00edculos. Ela continua com o uso de din\u00e2micas, entrevistas, testes e outros exerc\u00edcios. Detalhe bem a import\u00e2ncia de cada fase aos candidatos e seja claro com ele.<\/p>\r\n\r\n\r\n\r\n<p>Outro ponto interessante \u00e9 que a triagem deve, preferencialmente, acompanhar um feedback. Caso um candidato seja descartado ap\u00f3s alguma das a\u00e7\u00f5es, informe-o que isso aconteceu e o motivo.<\/p>\r\n\r\n\r\n\r\n<p>Isso o ajuda enquanto profissional e nada impede que ele, no futuro, candidate-se novamente \u00e0 empresa, agora com os requisitos que lhe faltava anteriormente.<\/p>\r\n\r\n\r\n\r\n<h3 class=\"wp-block-heading\" id=\"ancora07\">Contrata\u00e7\u00e3o<\/h3>\r\n\r\n\r\n\r\n<p>O \u00faltimo ponto que comp\u00f5e a jornada de candidatura \u00e9 a contrata\u00e7\u00e3o. Ela fecha essa jornada, eis que depois dela n\u00e3o se tem mais um candidato e sim um colaborador. A efetiva\u00e7\u00e3o do contrato requer acompanhamento da equipe jur\u00eddica e dos gestores.<\/p>\r\n<h2><strong>Como montar uma jornada do candidato?<\/strong><\/h2>\r\n<p><span style=\"font-weight: 400;\">Para montar uma jornada \u00e9 necess\u00e1rio que o RH considere todas as fases listadas no item anterior. Elas devem ser vistas como uma esp\u00e9cie de funil, de modo que a cada passo o profissional est\u00e1 mais envolvido com a empresa e mais interessado nela.<\/span><\/p>\r\n<p><span style=\"font-weight: 400;\">Portanto, \u00e9 como se houvesse uma adapta\u00e7\u00e3o do funil de vendas &#8211; amplamente utilizado no marketing &#8211; para a experi\u00eancia do candidato que est\u00e1 atr\u00e1s de uma vaga.<\/span><\/p>\r\n<p><span style=\"font-weight: 400;\">Desse modo, para colocar a jornada do candidato em pr\u00e1tica \u00e9 importante:<\/span><\/p>\r\n<ul>\r\n<li style=\"font-weight: 400;\" aria-level=\"1\"><span style=\"font-weight: 400;\">Definir a persona, isto \u00e9, o candidato ideal para a vaga em aberto;<\/span><\/li>\r\n<li style=\"font-weight: 400;\" aria-level=\"1\"><span style=\"font-weight: 400;\">Estruturar as etapas, conforme visto acima;<\/span><\/li>\r\n<li style=\"font-weight: 400;\" aria-level=\"1\"><span style=\"font-weight: 400;\">Determinar quais s\u00e3o os est\u00e1gios em que o candidato se encontra em cada etapa em rela\u00e7\u00e3o \u00e0 empresa. Por exemplo, na descoberta \u00e9 poss\u00edvel entender as motiva\u00e7\u00f5es; j\u00e1 no interesse, saber o que os atrai para aquela vaga;<\/span><\/li>\r\n<li style=\"font-weight: 400;\" aria-level=\"1\"><span style=\"font-weight: 400;\">Fa\u00e7a uma representa\u00e7\u00e3o gr\u00e1fica da jornada para entender como o funil funciona, obter e comparar dados e melhorar constantemente seus processos.<\/span><\/li>\r\n<\/ul>\r\n<h2><strong>Como melhorar a jornada do candidato?<\/strong><\/h2>\r\n<p><span style=\"font-weight: 400;\">Existem v\u00e1rias estrat\u00e9gias para garantir que os candidatos \u00e0s vagas da sua empresa (presentes e futuras) tenham a melhor experi\u00eancia poss\u00edvel.<\/span><\/p>\r\n<p><span style=\"font-weight: 400;\">Isso \u00e9 importante especialmente porque essa jornada refletir\u00e1 na imagem da empresa enquanto empregadora, bem como na atra\u00e7\u00e3o que ela exerce sobre talentos que procuram oportunidades no mercado.<\/span><\/p>\r\n<p><span style=\"font-weight: 400;\">Por isso, colocar essas estrat\u00e9gias em pr\u00e1tica \u00e9 essencial para uma empresa se manter relevante. Conhe\u00e7a algumas delas:<\/span><\/p>\r\n<ul>\r\n<li style=\"font-weight: 400;\" aria-level=\"1\"><span style=\"font-weight: 400;\">Qualquer vaga de emprego na sua empresa deve acompanhar uma descri\u00e7\u00e3o clara dos atributos exigidos do colaborador, bem como de suas atividades. Evite surpresas: coloque as coisas em pratos limpos desde o in\u00edcio;<\/span><\/li>\r\n<li style=\"font-weight: 400;\" aria-level=\"1\"><span style=\"font-weight: 400;\">Busque simplificar ao m\u00e1ximo poss\u00edvel o processo de candidatura. Quanto mais complicado e longo ele for, maiores as chances de desist\u00eancia de um candidato talentoso;<\/span><\/li>\r\n<li style=\"font-weight: 400;\" aria-level=\"1\"><span style=\"font-weight: 400;\">Mantenha uma boa comunica\u00e7\u00e3o com os candidatos durante todo o processo de recrutamento. Garanta mensagens que informem que a inscri\u00e7\u00e3o foi recebida, se houve aprova\u00e7\u00e3o nas novas fases e quais s\u00e3o os pr\u00f3ximos passos;<\/span><\/li>\r\n<li style=\"font-weight: 400;\" aria-level=\"1\"><span style=\"font-weight: 400;\">Permita aos candidatos conhecerem mais sobre a empresa. Fa\u00e7a visitas guiadas (presenciais ou digitais), compartilhe informa\u00e7\u00f5es sobre a cultura e sobre a hist\u00f3ria empresarial;<\/span><\/li>\r\n<li style=\"font-weight: 400;\" aria-level=\"1\"><span style=\"font-weight: 400;\">Garanta que os entrevistadores estejam preparados para uma comunica\u00e7\u00e3o aberta, n\u00e3o-agressiva e clara com os colaboradores.<\/span><\/li>\r\n<\/ul>\r\n<p><span style=\"font-weight: 400;\">Com essas dicas \u00e9 poss\u00edvel aprimorar a experi\u00eancia do candidato e, tamb\u00e9m, a imagem da empresa, de modo a aumentar sua for\u00e7a de atra\u00e7\u00e3o sobre talentos.<\/span><\/p>\r\n\r\n\r\n\r\n<h2 class=\"wp-block-heading\" id=\"ancora08\">Import\u00e2ncia da jornada do candidato<\/h2>\r\n\r\n\r\n\r\n\r\n\r\n<p>A jornada de candidatura de um profissional \u00e9 de extrema import\u00e2ncia e os principais fatores disso j\u00e1 devem ter ficado claros ao longo da leitura.<\/p>\r\n\r\n\r\n\r\n<p>Ao considerar caso passo de um candidato entre o conhecimento da vaga e contrata\u00e7\u00e3o sua empresa pode:<\/p>\r\n\r\n\r\n\r\n<ul>\r\n<li>Melhorar os canais de divulga\u00e7\u00e3o de vagas;<\/li>\r\n<li>Procurar sempre se colocar onde os melhores profissionais est\u00e3o;<\/li>\r\n<li>Utilizar-se do networking dos seus colaboradores;<\/li>\r\n<li>Saber como atrair candidatos;<\/li>\r\n<li>Melhorar a divulga\u00e7\u00e3o dos cargos e suas descri\u00e7\u00f5es;<\/li>\r\n<li>Usar melhores ferramentas de sele\u00e7\u00e3o de curr\u00edculos;<\/li>\r\n<li>Notar quais s\u00e3o as capacidades imprescind\u00edveis em cada setor e atividade;<\/li>\r\n<li>Tornar os processos de sele\u00e7\u00e3o mais objetivos;<\/li>\r\n<li>Melhorar a imagem da empresa perante os profissionais;<\/li>\r\n<li>Estreitar rela\u00e7\u00f5es com os talentos do mercado e da sua empresa.<\/li>\r\n<\/ul>\r\n","protected":false},"excerpt":{"rendered":"<p>O processo de sele\u00e7\u00e3o e recrutamento envolve a jornada do candidato, um conceito que ajuda cada vez mais empresas a melhorarem a contrata\u00e7\u00e3o de novos talentos e profissionais para comporem seus quadros e setores. Hoje separamos especialmente para voc\u00ea um manual completo do que \u00e9 essa jornada e como ela se desenvolve. Continue lendo para [&hellip;]<\/p>\n","protected":false},"author":11,"featured_media":35525,"comment_status":"closed","ping_status":"open","sticky":false,"template":"","format":"standard","meta":{"content-type":"","footnotes":""},"categories":[15965],"tags":[10887,17628,11070],"yoast_head":"<!-- This site is optimized with the Yoast SEO Premium plugin v22.2 (Yoast SEO v22.2) - https:\/\/yoast.com\/wordpress\/plugins\/seo\/ -->\n<title>Jornada do candidato: quais s\u00e3o as etapas? | Oitchau<\/title>\n<meta name=\"description\" content=\"O processo de sele\u00e7\u00e3o e recrutamento envolve a jornada do candidato, um conceito que ajuda as empresas a melhorarem a contrata\u00e7\u00e3o de novos talentos.\" \/>\n<meta name=\"robots\" content=\"index, follow, max-snippet:-1, max-image-preview:large, max-video-preview:-1\" \/>\n<link rel=\"canonical\" href=\"https:\/\/www.oitchau.com.br\/blog\/jornada-do-candidato\/\" \/>\n<meta property=\"og:locale\" content=\"pt_BR\" \/>\n<meta property=\"og:type\" content=\"article\" \/>\n<meta property=\"og:title\" content=\"Jornada do candidato: quais s\u00e3o as etapas?\" \/>\n<meta property=\"og:description\" content=\"O processo de sele\u00e7\u00e3o e recrutamento envolve a jornada do candidato, um conceito que ajuda as empresas a melhorarem a contrata\u00e7\u00e3o de novos talentos.\" \/>\n<meta property=\"og:url\" content=\"https:\/\/www.oitchau.com.br\/blog\/jornada-do-candidato\/\" \/>\n<meta property=\"og:site_name\" content=\"Controle de Ponto &amp; Timesheets\" \/>\n<meta property=\"article:publisher\" content=\"https:\/\/www.facebook.com\/oitchaubr\/\" \/>\n<meta property=\"article:published_time\" content=\"2021-07-27T19:39:54+00:00\" \/>\n<meta property=\"article:modified_time\" content=\"2024-08-08T20:19:13+00:00\" \/>\n<meta property=\"og:image\" content=\"https:\/\/storage.googleapis.com\/oitchaublog\/2021\/07\/337adba9-jornada-do-candidato.png\" \/>\n\t<meta property=\"og:image:width\" content=\"1982\" \/>\n\t<meta property=\"og:image:height\" content=\"800\" \/>\n\t<meta property=\"og:image:type\" content=\"image\/png\" \/>\n<meta name=\"author\" content=\"Aline Mesquita\" \/>\n<meta name=\"twitter:card\" content=\"summary_large_image\" \/>\n<meta name=\"twitter:creator\" content=\"@oitchaubr\" \/>\n<meta name=\"twitter:site\" content=\"@oitchaubr\" \/>\n<meta name=\"twitter:label1\" content=\"Written by\" \/>\n\t<meta name=\"twitter:data1\" content=\"Aline Mesquita\" \/>\n\t<meta name=\"twitter:label2\" content=\"Est. reading time\" \/>\n\t<meta name=\"twitter:data2\" content=\"9 minutos\" \/>\n<script type=\"application\/ld+json\" class=\"yoast-schema-graph\">{\"@context\":\"https:\/\/schema.org\",\"@graph\":[{\"@type\":[\"Article\",\"BlogPosting\"],\"@id\":\"https:\/\/www.oitchau.com.br\/blog\/jornada-do-candidato\/#article\",\"isPartOf\":{\"@id\":\"https:\/\/www.oitchau.com.br\/blog\/jornada-do-candidato\/\"},\"author\":{\"name\":\"Aline Mesquita\",\"@id\":\"https:\/\/www.oitchau.com.br\/blog\/#\/schema\/person\/40ba65f8664531ffe1465f6cb9d82430\"},\"headline\":\"Jornada do candidato: quais s\u00e3o as etapas?\",\"datePublished\":\"2021-07-27T19:39:54+00:00\",\"dateModified\":\"2024-08-08T20:19:13+00:00\",\"mainEntityOfPage\":{\"@id\":\"https:\/\/www.oitchau.com.br\/blog\/jornada-do-candidato\/\"},\"wordCount\":1742,\"publisher\":{\"@id\":\"https:\/\/www.oitchau.com.br\/blog\/#organization\"},\"image\":{\"@id\":\"https:\/\/www.oitchau.com.br\/blog\/jornada-do-candidato\/#primaryimage\"},\"thumbnailUrl\":\"https:\/\/storage.googleapis.com\/oitchaublog\/2021\/07\/337adba9-jornada-do-candidato.png\",\"keywords\":[\"gest\u00e3o de pessoas\",\"jornada do candidato\",\"recrutamento e sele\u00e7\u00e3o\"],\"articleSection\":[\"Jornada &amp; Ponto\"],\"inLanguage\":\"pt-BR\"},{\"@type\":\"WebPage\",\"@id\":\"https:\/\/www.oitchau.com.br\/blog\/jornada-do-candidato\/\",\"url\":\"https:\/\/www.oitchau.com.br\/blog\/jornada-do-candidato\/\",\"name\":\"Jornada do candidato: quais s\u00e3o as etapas? | Oitchau\",\"isPartOf\":{\"@id\":\"https:\/\/www.oitchau.com.br\/blog\/#website\"},\"primaryImageOfPage\":{\"@id\":\"https:\/\/www.oitchau.com.br\/blog\/jornada-do-candidato\/#primaryimage\"},\"image\":{\"@id\":\"https:\/\/www.oitchau.com.br\/blog\/jornada-do-candidato\/#primaryimage\"},\"thumbnailUrl\":\"https:\/\/storage.googleapis.com\/oitchaublog\/2021\/07\/337adba9-jornada-do-candidato.png\",\"datePublished\":\"2021-07-27T19:39:54+00:00\",\"dateModified\":\"2024-08-08T20:19:13+00:00\",\"description\":\"O processo de sele\u00e7\u00e3o e recrutamento envolve a jornada do candidato, um conceito que ajuda as empresas a melhorarem a contrata\u00e7\u00e3o de novos talentos.\",\"breadcrumb\":{\"@id\":\"https:\/\/www.oitchau.com.br\/blog\/jornada-do-candidato\/#breadcrumb\"},\"inLanguage\":\"pt-BR\",\"potentialAction\":[{\"@type\":\"ReadAction\",\"target\":[\"https:\/\/www.oitchau.com.br\/blog\/jornada-do-candidato\/\"]}]},{\"@type\":\"ImageObject\",\"inLanguage\":\"pt-BR\",\"@id\":\"https:\/\/www.oitchau.com.br\/blog\/jornada-do-candidato\/#primaryimage\",\"url\":\"https:\/\/storage.googleapis.com\/oitchaublog\/2021\/07\/337adba9-jornada-do-candidato.png\",\"contentUrl\":\"https:\/\/storage.googleapis.com\/oitchaublog\/2021\/07\/337adba9-jornada-do-candidato.png\",\"width\":1982,\"height\":800,\"caption\":\"jornada do candidato\"},{\"@type\":\"BreadcrumbList\",\"@id\":\"https:\/\/www.oitchau.com.br\/blog\/jornada-do-candidato\/#breadcrumb\",\"itemListElement\":[{\"@type\":\"ListItem\",\"position\":1,\"name\":\"Blog\",\"item\":\"https:\/\/www.oitchau.com.br\/blog\/\"},{\"@type\":\"ListItem\",\"position\":2,\"name\":\"Jornada do candidato: quais s\u00e3o as etapas?\"}]},{\"@type\":\"WebSite\",\"@id\":\"https:\/\/www.oitchau.com.br\/blog\/#website\",\"url\":\"https:\/\/www.oitchau.com.br\/blog\/\",\"name\":\"Controle de Ponto & Timesheets\",\"description\":\"\",\"publisher\":{\"@id\":\"https:\/\/www.oitchau.com.br\/blog\/#organization\"},\"potentialAction\":[{\"@type\":\"SearchAction\",\"target\":{\"@type\":\"EntryPoint\",\"urlTemplate\":\"https:\/\/www.oitchau.com.br\/blog\/?s={search_term_string}\"},\"query-input\":\"required name=search_term_string\"}],\"inLanguage\":\"pt-BR\"},{\"@type\":\"Organization\",\"@id\":\"https:\/\/www.oitchau.com.br\/blog\/#organization\",\"name\":\"Oitchau\",\"url\":\"https:\/\/www.oitchau.com.br\/blog\/\",\"logo\":{\"@type\":\"ImageObject\",\"inLanguage\":\"pt-BR\",\"@id\":\"https:\/\/www.oitchau.com.br\/blog\/#\/schema\/logo\/image\/\",\"url\":\"https:\/\/storage.googleapis.com\/oitchaublog\/2024\/03\/a0e65c6f-design-sem-nome-20.png\",\"contentUrl\":\"https:\/\/storage.googleapis.com\/oitchaublog\/2024\/03\/a0e65c6f-design-sem-nome-20.png\",\"width\":696,\"height\":696,\"caption\":\"Oitchau\"},\"image\":{\"@id\":\"https:\/\/www.oitchau.com.br\/blog\/#\/schema\/logo\/image\/\"},\"sameAs\":[\"https:\/\/www.facebook.com\/oitchaubr\/\",\"https:\/\/twitter.com\/oitchaubr\",\"https:\/\/instagram.com\/oitchaubr\"],\"description\":\"A Oitchau \u00e9 uma solu\u00e7\u00e3o completa para gest\u00e3o de tempo dos colaboradores, atrav\u00e9s de suas solu\u00e7\u00f5es de controle de ponto & timesheets, ela permite que gestores, RH e DP possam gerenciar desde a jornada de trabalho de funcion\u00e1rios at\u00e9 a gest\u00e3o de tempo em projetos. Elevando o n\u00edvel estrat\u00e9gico do neg\u00f3cio de forma inteligente e assertiva, potencializando seus resultados e garantindo compliance com a Lei.\",\"email\":\"contato@oitchau.com.br\",\"telephone\":\"+551142102846\",\"foundingDate\":\"2016-01-01\",\"numberOfEmployees\":{\"@type\":\"QuantitativeValue\",\"minValue\":\"51\",\"maxValue\":\"200\"}},{\"@type\":\"Person\",\"@id\":\"https:\/\/www.oitchau.com.br\/blog\/#\/schema\/person\/40ba65f8664531ffe1465f6cb9d82430\",\"name\":\"Aline Mesquita\",\"url\":\"https:\/\/www.oitchau.com.br\/blog\/author\/aline\/\"}]}<\/script>\n<!-- \/ Yoast SEO Premium plugin. -->","yoast_head_json":{"title":"Jornada do candidato: quais s\u00e3o as etapas? | Oitchau","description":"O processo de sele\u00e7\u00e3o e recrutamento envolve a jornada do candidato, um conceito que ajuda as empresas a melhorarem a contrata\u00e7\u00e3o de novos talentos.","robots":{"index":"index","follow":"follow","max-snippet":"max-snippet:-1","max-image-preview":"max-image-preview:large","max-video-preview":"max-video-preview:-1"},"canonical":"https:\/\/www.oitchau.com.br\/blog\/jornada-do-candidato\/","og_locale":"pt_BR","og_type":"article","og_title":"Jornada do candidato: quais s\u00e3o as etapas?","og_description":"O processo de sele\u00e7\u00e3o e recrutamento envolve a jornada do candidato, um conceito que ajuda as empresas a melhorarem a contrata\u00e7\u00e3o de novos talentos.","og_url":"https:\/\/www.oitchau.com.br\/blog\/jornada-do-candidato\/","og_site_name":"Controle de Ponto &amp; Timesheets","article_publisher":"https:\/\/www.facebook.com\/oitchaubr\/","article_published_time":"2021-07-27T19:39:54+00:00","article_modified_time":"2024-08-08T20:19:13+00:00","og_image":[{"width":1982,"height":800,"url":"https:\/\/storage.googleapis.com\/oitchaublog\/2021\/07\/337adba9-jornada-do-candidato.png","type":"image\/png"}],"author":"Aline Mesquita","twitter_card":"summary_large_image","twitter_creator":"@oitchaubr","twitter_site":"@oitchaubr","twitter_misc":{"Written by":"Aline Mesquita","Est. reading time":"9 minutos"},"schema":{"@context":"https:\/\/schema.org","@graph":[{"@type":["Article","BlogPosting"],"@id":"https:\/\/www.oitchau.com.br\/blog\/jornada-do-candidato\/#article","isPartOf":{"@id":"https:\/\/www.oitchau.com.br\/blog\/jornada-do-candidato\/"},"author":{"name":"Aline Mesquita","@id":"https:\/\/www.oitchau.com.br\/blog\/#\/schema\/person\/40ba65f8664531ffe1465f6cb9d82430"},"headline":"Jornada do candidato: quais s\u00e3o as etapas?","datePublished":"2021-07-27T19:39:54+00:00","dateModified":"2024-08-08T20:19:13+00:00","mainEntityOfPage":{"@id":"https:\/\/www.oitchau.com.br\/blog\/jornada-do-candidato\/"},"wordCount":1742,"publisher":{"@id":"https:\/\/www.oitchau.com.br\/blog\/#organization"},"image":{"@id":"https:\/\/www.oitchau.com.br\/blog\/jornada-do-candidato\/#primaryimage"},"thumbnailUrl":"https:\/\/storage.googleapis.com\/oitchaublog\/2021\/07\/337adba9-jornada-do-candidato.png","keywords":["gest\u00e3o de pessoas","jornada do candidato","recrutamento e sele\u00e7\u00e3o"],"articleSection":["Jornada &amp; Ponto"],"inLanguage":"pt-BR"},{"@type":"WebPage","@id":"https:\/\/www.oitchau.com.br\/blog\/jornada-do-candidato\/","url":"https:\/\/www.oitchau.com.br\/blog\/jornada-do-candidato\/","name":"Jornada do candidato: quais s\u00e3o as etapas? | Oitchau","isPartOf":{"@id":"https:\/\/www.oitchau.com.br\/blog\/#website"},"primaryImageOfPage":{"@id":"https:\/\/www.oitchau.com.br\/blog\/jornada-do-candidato\/#primaryimage"},"image":{"@id":"https:\/\/www.oitchau.com.br\/blog\/jornada-do-candidato\/#primaryimage"},"thumbnailUrl":"https:\/\/storage.googleapis.com\/oitchaublog\/2021\/07\/337adba9-jornada-do-candidato.png","datePublished":"2021-07-27T19:39:54+00:00","dateModified":"2024-08-08T20:19:13+00:00","description":"O processo de sele\u00e7\u00e3o e recrutamento envolve a jornada do candidato, um conceito que ajuda as empresas a melhorarem a contrata\u00e7\u00e3o de novos talentos.","breadcrumb":{"@id":"https:\/\/www.oitchau.com.br\/blog\/jornada-do-candidato\/#breadcrumb"},"inLanguage":"pt-BR","potentialAction":[{"@type":"ReadAction","target":["https:\/\/www.oitchau.com.br\/blog\/jornada-do-candidato\/"]}]},{"@type":"ImageObject","inLanguage":"pt-BR","@id":"https:\/\/www.oitchau.com.br\/blog\/jornada-do-candidato\/#primaryimage","url":"https:\/\/storage.googleapis.com\/oitchaublog\/2021\/07\/337adba9-jornada-do-candidato.png","contentUrl":"https:\/\/storage.googleapis.com\/oitchaublog\/2021\/07\/337adba9-jornada-do-candidato.png","width":1982,"height":800,"caption":"jornada do candidato"},{"@type":"BreadcrumbList","@id":"https:\/\/www.oitchau.com.br\/blog\/jornada-do-candidato\/#breadcrumb","itemListElement":[{"@type":"ListItem","position":1,"name":"Blog","item":"https:\/\/www.oitchau.com.br\/blog\/"},{"@type":"ListItem","position":2,"name":"Jornada do candidato: quais s\u00e3o as etapas?"}]},{"@type":"WebSite","@id":"https:\/\/www.oitchau.com.br\/blog\/#website","url":"https:\/\/www.oitchau.com.br\/blog\/","name":"Controle de Ponto & Timesheets","description":"","publisher":{"@id":"https:\/\/www.oitchau.com.br\/blog\/#organization"},"potentialAction":[{"@type":"SearchAction","target":{"@type":"EntryPoint","urlTemplate":"https:\/\/www.oitchau.com.br\/blog\/?s={search_term_string}"},"query-input":"required name=search_term_string"}],"inLanguage":"pt-BR"},{"@type":"Organization","@id":"https:\/\/www.oitchau.com.br\/blog\/#organization","name":"Oitchau","url":"https:\/\/www.oitchau.com.br\/blog\/","logo":{"@type":"ImageObject","inLanguage":"pt-BR","@id":"https:\/\/www.oitchau.com.br\/blog\/#\/schema\/logo\/image\/","url":"https:\/\/storage.googleapis.com\/oitchaublog\/2024\/03\/a0e65c6f-design-sem-nome-20.png","contentUrl":"https:\/\/storage.googleapis.com\/oitchaublog\/2024\/03\/a0e65c6f-design-sem-nome-20.png","width":696,"height":696,"caption":"Oitchau"},"image":{"@id":"https:\/\/www.oitchau.com.br\/blog\/#\/schema\/logo\/image\/"},"sameAs":["https:\/\/www.facebook.com\/oitchaubr\/","https:\/\/twitter.com\/oitchaubr","https:\/\/instagram.com\/oitchaubr"],"description":"A Oitchau \u00e9 uma solu\u00e7\u00e3o completa para gest\u00e3o de tempo dos colaboradores, atrav\u00e9s de suas solu\u00e7\u00f5es de controle de ponto & timesheets, ela permite que gestores, RH e DP possam gerenciar desde a jornada de trabalho de funcion\u00e1rios at\u00e9 a gest\u00e3o de tempo em projetos. Elevando o n\u00edvel estrat\u00e9gico do neg\u00f3cio de forma inteligente e assertiva, potencializando seus resultados e garantindo compliance com a Lei.","email":"contato@oitchau.com.br","telephone":"+551142102846","foundingDate":"2016-01-01","numberOfEmployees":{"@type":"QuantitativeValue","minValue":"51","maxValue":"200"}},{"@type":"Person","@id":"https:\/\/www.oitchau.com.br\/blog\/#\/schema\/person\/40ba65f8664531ffe1465f6cb9d82430","name":"Aline Mesquita","url":"https:\/\/www.oitchau.com.br\/blog\/author\/aline\/"}]}},"_links":{"self":[{"href":"https:\/\/www.oitchau.com.br\/blog\/wp-json\/wp\/v2\/posts\/16396"}],"collection":[{"href":"https:\/\/www.oitchau.com.br\/blog\/wp-json\/wp\/v2\/posts"}],"about":[{"href":"https:\/\/www.oitchau.com.br\/blog\/wp-json\/wp\/v2\/types\/post"}],"author":[{"embeddable":true,"href":"https:\/\/www.oitchau.com.br\/blog\/wp-json\/wp\/v2\/users\/11"}],"replies":[{"embeddable":true,"href":"https:\/\/www.oitchau.com.br\/blog\/wp-json\/wp\/v2\/comments?post=16396"}],"version-history":[{"count":2,"href":"https:\/\/www.oitchau.com.br\/blog\/wp-json\/wp\/v2\/posts\/16396\/revisions"}],"predecessor-version":[{"id":35526,"href":"https:\/\/www.oitchau.com.br\/blog\/wp-json\/wp\/v2\/posts\/16396\/revisions\/35526"}],"wp:featuredmedia":[{"embeddable":true,"href":"https:\/\/www.oitchau.com.br\/blog\/wp-json\/wp\/v2\/media\/35525"}],"wp:attachment":[{"href":"https:\/\/www.oitchau.com.br\/blog\/wp-json\/wp\/v2\/media?parent=16396"}],"wp:term":[{"taxonomy":"category","embeddable":true,"href":"https:\/\/www.oitchau.com.br\/blog\/wp-json\/wp\/v2\/categories?post=16396"},{"taxonomy":"post_tag","embeddable":true,"href":"https:\/\/www.oitchau.com.br\/blog\/wp-json\/wp\/v2\/tags?post=16396"}],"curies":[{"name":"wp","href":"https:\/\/api.w.org\/{rel}","templated":true}]}}