{"id":15729,"date":"2021-05-28T20:51:32","date_gmt":"2021-05-28T17:51:32","guid":{"rendered":"https:\/\/www.oitchau.com.br\/blog\/?p=15729"},"modified":"2024-08-02T20:44:20","modified_gmt":"2024-08-02T17:44:20","slug":"qual-papel-do-ceo-na-gestao-de-pessoas","status":"publish","type":"post","link":"https:\/\/www.oitchau.com.br\/blog\/qual-papel-do-ceo-na-gestao-de-pessoas\/","title":{"rendered":"Qual \u00e9 o papel do CEO na gest\u00e3o de pessoas?"},"content":{"rendered":"\r\n<p>O papel do CEO nas empresas \u00e9 bastante importante. Ele \u00e9 o porta-voz empresarial, representa a corpora\u00e7\u00e3o e se responsabiliza por tomadas de decis\u00f5es bastante complexas que na maioria das vezes inclui riscos.<\/p>\r\n<p><span data-sheets-value=\"{&quot;1&quot;:2,&quot;2&quot;:&quot;\n\t\t&lt;!--HubSpot Call-to-Action Code --&gt;\n\t\t&lt;span class=&quot;hs-cta-wrapper&quot; id=&quot;hs-cta-wrapper-0a81e71c-ac04-48ac-a589-583bc4edd49e&quot;&gt;\n\t\t&lt;span class=&quot;hs-cta-node hs-cta-0a81e71c-ac04-48ac-a589-583bc4edd49e&quot; id=&quot;0a81e71c-ac04-48ac-a589-583bc4edd49e&quot;&gt;\n\t\t&lt;!--[if lte IE 8]&gt;\n\t\t&lt;div id=&quot;hs-cta-ie-element&quot;&gt;&lt;\/div&gt;\n\t\t&lt;![endif]--&gt;\n\t\t&lt;a href=&quot;https:\/\/cta-redirect.hubspot.com\/cta\/redirect\/20984162\/0a81e71c-ac04-48ac-a589-583bc4edd49e&quot; &gt;\n\t\t&lt;img class=&quot;hs-cta-img&quot; id=&quot;hs-cta-img-0a81e71c-ac04-48ac-a589-583bc4edd49e&quot; style=&quot;border-width:0px;&quot; src=&quot;https:\/\/no-cache.hubspot.com\/cta\/default\/20984162\/0a81e71c-ac04-48ac-a589-583bc4edd49e.png&quot;  alt=&quot;New call-to-action&quot;\/&gt;\n\t\t&lt;\/a&gt;\n\t\t&lt;\/span&gt;\n\t\t&lt;script charset=&quot;utf-8&quot; src=&quot;\/\/js.hubspot.com\/cta\/current.js&quot;&gt;&lt;\/script&gt;\n\t\t&lt;script&gt;\n\t\thbspt.cta.load(20984162, &#039;0a81e71c-ac04-48ac-a589-583bc4edd49e&#039;, {});\n\t\t&lt;\/script&gt;\n\t\t&lt;\/span&gt;\n\t\t&lt;!-- end HubSpot Call-to-Action Code --&gt;\n\t\t&quot;}\" data-sheets-userformat=\"{&quot;2&quot;:899,&quot;3&quot;:{&quot;1&quot;:0},&quot;4&quot;:{&quot;1&quot;:2,&quot;2&quot;:16777215},&quot;10&quot;:1,&quot;11&quot;:4,&quot;12&quot;:0}\">\n\t\t<!--HubSpot Call-to-Action Code -->\n\t\t<span class=\"hs-cta-wrapper\" id=\"hs-cta-wrapper-0a81e71c-ac04-48ac-a589-583bc4edd49e\">\n\t\t<span class=\"hs-cta-node hs-cta-0a81e71c-ac04-48ac-a589-583bc4edd49e\" id=\"0a81e71c-ac04-48ac-a589-583bc4edd49e\">\n\t\t<!--[if lte IE 8]>\n\t\t<div id=\"hs-cta-ie-element\"><\/div>\n\t\t<![endif]-->\n\t\t<a href=\"https:\/\/cta-redirect.hubspot.com\/cta\/redirect\/20984162\/0a81e71c-ac04-48ac-a589-583bc4edd49e\" >\n\t\t<img decoding=\"async\" class=\"hs-cta-img\" id=\"hs-cta-img-0a81e71c-ac04-48ac-a589-583bc4edd49e\" style=\"border-width:0px;\" src=\"https:\/\/no-cache.hubspot.com\/cta\/default\/20984162\/0a81e71c-ac04-48ac-a589-583bc4edd49e.png\"  alt=\"New call-to-action\"\/>\n\t\t<\/a>\n\t\t<\/span>\n\t\t<script charset=\"utf-8\" src=\"\/\/js.hubspot.com\/cta\/current.js\"><\/script>\n\t\t<script>\n\t\thbspt.cta.load(20984162, '0a81e71c-ac04-48ac-a589-583bc4edd49e', {});\n\t\t<\/script>\n\t\t<\/span>\n\t\t<!-- end HubSpot Call-to-Action Code -->\n\t\t<\/span><\/p>\r\n\r\n\r\n\r\n<p>Esse profissional tamb\u00e9m assume um papel perante a gest\u00e3o de pessoas. \u00c9 essencial que ele trabalhe junto ao RH e saiba como sua figura \u00e9 influente e importante diante do gerenciamento humano.<\/p>\r\n\r\n\r\n\r\n<p>Conhe\u00e7a, hoje, mais sobre o assunto.<\/p>\r\n\r\n\r\n\r\n\r\n\r\n<h2 class=\"wp-block-heading\" id=\"ancora01\">Qual \u00e9 o papel do CEO em uma empresa?<\/h2>\r\n\r\n\r\n\r\n<p>CEO \u00e9 a sigla que corresponde a \u201cChief Executive Officer\u201d que em bom portugu\u00eas nada mais \u00e9 do que o Diretor-Executivo da corpora\u00e7\u00e3o. Esse \u00e9 o mais alto grau na hierarquia de uma empresa.<\/p>\r\n\r\n\r\n\r\n\r\n\r\n<p>Esse profissional \u00e9 respons\u00e1vel por uma s\u00e9rie de quest\u00f5es. Por ele passam, dentre outras atividades e responsabilidades:<\/p>\r\n\r\n\r\n\r\n<ul>\r\n<li>Decis\u00f5es estrat\u00e9gicas e que muitas vezes envolvem risco;<\/li>\r\n<li>Gerenciamento e destino dos recursos financeiros e humanos;<\/li>\r\n<li><a href=\"https:\/\/www.oitchau.com.br\/blog\/comunicacao-corporativa\/\">Comunica\u00e7\u00e3o interna<\/a>, entre a \u00e1rea operacional e a administra\u00e7\u00e3o;<\/li>\r\n<li>Representar os gestores e os colaboradores, enquanto grupo, perante conselhos de acionistas;<\/li>\r\n<li>Refletir a imagem da empresa.<\/li>\r\n<\/ul>\r\n\r\n\r\n\r\n<p>Veja que s\u00e3o v\u00e1rias atividades e todas elas com alto grau de responsabilidade. E n\u00e3o \u00e9 s\u00f3 isso. Atualmente o papel dom CEO passa por mudan\u00e7as que s\u00e3o causadas principalmente pelo novo olhar que se d\u00e1 \u00e0s empresas.<\/p>\r\n\r\n\r\n\r\n<p>A valoriza\u00e7\u00e3o do capital humano e da import\u00e2ncia dele para as corpora\u00e7\u00f5es faz com que o CEO se aproxime da <a href=\"https:\/\/www.oitchau.com.br\/blog\/gestao-de-pessoas-como-se-adaptar-ao-futuro\/\" data-type=\"URL\" data-id=\"https:\/\/www.oitchau.com.br\/blog\/gestao-de-pessoas-como-se-adaptar-ao-futuro\/\">gest\u00e3o de pessoas<\/a>. Isso n\u00e3o significa que ele estar\u00e1 no dia a dia do RH e sim que ele passa a ter conhecimento e influencia nessa gest\u00e3o.<\/p>\r\n\r\n\r\n\r\n<p>Veja o que diz Eduardo Machiori, CEO da Mercer no Brasil, que resume bem esse novo papel do Diretor-Executivo mediante os colaboradores da empresa:<\/p>\r\n\r\n\r\n\r\n<figure class=\"wp-block-pullquote has-background is-style-solid-color\" style=\"background-color: #f4f4f4;\">\r\n<blockquote>\r\n<p><em>\u201c(&#8230;) meu objetivo hoje continua sendo o mesmo: alinhar incentivos, colocar as pessoas certas nos lugares certos e destravar os n\u00f3s para que o neg\u00f3cio prospere\u201d.<\/em><\/p>\r\n<\/blockquote>\r\n<\/figure>\r\n\r\n\r\n\r\n<p>Note que essa declara\u00e7\u00e3o j\u00e1 revela muito sobre como a gest\u00e3o de pessoas est\u00e1 entrando nas responsabilidades do CEO e como o radar desse profissional deve se voltar para os colaboradores e as pol\u00edticas que lhes envolvem.<\/p>\r\n\r\n\r\n\r\n<p>Continue lendo para ver mais sobre o papel que o CEO de uma empresa assume perante a gest\u00e3o de pessoas e como isso pode ser positivo para a empresa e para o desenvolvimento da imagem e <a href=\"https:\/\/www.oitchau.com.br\/blog\/cultura-organizacional-da-empresa\/\">cultura organizacional<\/a> dela.<\/p>\r\n\r\n\r\n\r\n<h2 class=\"wp-block-heading\" id=\"ancora02\">Papel do CEO junto \u00e0 gest\u00e3o de pessoas<\/h2>\r\n\r\n\r\n\r\n<p>Como falamos brevemente, hoje o CEO deve se envolver com quest\u00f5es que v\u00e3o al\u00e9m da tomada de decis\u00f5es estrat\u00e9gicas e do gerenciamento de recursos. Como algu\u00e9m que representa a imagem empresarial, ele deve us\u00e1-la internamente tamb\u00e9m.<\/p>\r\n\r\n\r\n\r\n<p>Isso \u00e9 poss\u00edvel nos casos em que ele utiliza, realmente, sua influ\u00eancia. Demonstra comportamentos em frente aos colaboradores como intelig\u00eancia emocional para a resolu\u00e7\u00e3o de conflitos.<\/p>\r\n\r\n\r\n\r\n\r\n\r\n<p>Outros exemplos s\u00e3o a forma de comunica\u00e7\u00e3o, a abertura para conversar e para ouvir novas ideias. Nesse mesmo sentido, ele deve se preocupar com seus colaboradores de forma a buscar a melhor experi\u00eancia para ele.<\/p>\r\n\r\n\r\n\r\n<p>Ao ser questionado sobre a influ\u00eancia do CEO na \u00e1rea de gest\u00e3o de pessoas, Machiori destaca a import\u00e2ncia da rela\u00e7\u00e3o entre esse profissional e essas atividades justamente nesse sentido:<\/p>\r\n\r\n\r\n\r\n<figure class=\"wp-block-pullquote has-background is-style-solid-color\" style=\"background-color: #f4f4f4;\">\r\n<blockquote>\r\n<p><em>\u201c\u00c9 meu principal assunto atualmente. E o que torna maior meu desafio \u00e9 que nosso p\u00fablico interno \u00e9 muito cr\u00edtico e exige uma postura diferente de mim e de nosso RH. Ent\u00e3o preciso ficar atento para ter, dentro de casa, a mesma excel\u00eancia do que entrego a meu cliente.<\/em>&#8220;<\/p>\r\n<\/blockquote>\r\n<\/figure>\r\n\r\n\r\n\r\n<p>Veja abaixo como \u00e9 o papel do CEO na gest\u00e3o de pessoas.<\/p>\r\n\r\n\r\n\r\n<h3 class=\"wp-block-heading\" id=\"ancora03\">Apoio e fomento \u00e0s atividades do RH<\/h3>\r\n\r\n\r\n\r\n<p>Um RH forte e capaz de tomar decis\u00f5es para estrat\u00e9gias de gest\u00e3o de pessoas \u00e9 importante dentro das empresas. Para isso ele precisa de ferramentas tecnol\u00f3gicas e de autonomia para agir (de acordo com objetivos pr\u00e9-estabelecidos, \u00e9 claro).<\/p>\r\n\r\n\r\n\r\n<p>O RH precisa ter recursos para melhorar a gest\u00e3o dos colaboradores. Isso \u00e9 poss\u00edvel pela automatiza\u00e7\u00e3o de algumas atividades e pela capta\u00e7\u00e3o de informa\u00e7\u00f5es em tempo real. Um bom exemplo disso \u00e9 o <a href=\"https:\/\/www.oitchau.com.br\/\" data-type=\"URL\" data-id=\"https:\/\/www.oitchau.com.br\/\">controle de ponto digital<\/a>.<\/p>\r\n\r\n\r\n\r\n<p>Eles evitam que o RH tenha que fechar manualmente, ao final do m\u00eas, o cart\u00e3o ponto, o <a href=\"https:\/\/www.oitchau.com.br\/features\/banco-de-horas\/\" data-type=\"URL\" data-id=\"https:\/\/www.oitchau.com.br\/features\/banco-de-horas\/\">banco de horas<\/a> e os c\u00e1lculos de pagamentos de horas extras. Isso d\u00e1 mais tempo ao departamento e causa menos estresse.<\/p>\r\n\r\n\r\n\r\n<p>E onde o CEO entra aqui? Ele \u00e9 quem d\u00e1 essa liberdade para o RH agir. Ele tamb\u00e9m deve acompanhar o setor, conhecer as falhas e os pontos positivos do setor e da pr\u00f3pria gest\u00e3o de pessoas e ajudar nas solu\u00e7\u00f5es.<\/p>\r\n\r\n\r\n\r\n<p>Conhecer quais s\u00e3o os entraves que suas equipes encaram permite que o CEO se aproxime delas e da equipe de gest\u00e3o. Veja o que diz Daiane Andognini, CEO da Hug:<\/p>\r\n\r\n\r\n\r\n<figure class=\"wp-block-pullquote has-background is-style-solid-color\" style=\"background-color: #f4f4f4;\">\r\n<blockquote>\r\n<p><em>\u00a0\u201cA transforma\u00e7\u00e3o vem das pessoas e elas s\u00e3o cruciais nesse momento de virada para as empresas, em que \u00e9 preciso se reinventar de forma r\u00e1pida e constante para se manter relevante e competitiva, sob o risco de n\u00e3o sobreviver a este cen\u00e1rio. As lideran\u00e7as, aliadas a um time de gest\u00e3o de pessoas atento aos desafios e mudan\u00e7as necess\u00e1rias nos \u00faltimos meses, ser\u00e3o respons\u00e1veis por redefinir rotas e apontar novos caminhos para o neg\u00f3cio\u201d.<\/em><\/p>\r\n<\/blockquote>\r\n<\/figure>\r\n\r\n\r\n\r\n<h3 class=\"wp-block-heading\" id=\"ancora04\">Exemplo de conduta<\/h3>\r\n\r\n\r\n\r\n<p>A conduta dos colaboradores \u00e9 muito importante. E de nada serve visar uma cultura organizacional se os l\u00edderes n\u00e3o a respeitam. O papel do CEO, aqui, \u00e9 influenciar positivamente e ser exemplo de condutas.<\/p>\r\n\r\n\r\n\r\n<h3 class=\"wp-block-heading\" id=\"ancora05\">Resolu\u00e7\u00e3o de conflitos<\/h3>\r\n\r\n\r\n\r\n<p>A <a href=\"https:\/\/www.oitchau.com.br\/blog\/inteligencia-emocional-a-habilidade-mais-buscada-pelas-empresas\/\">intelig\u00eancia emocional<\/a> \u00e9 uma vantagem que ganha a cada dia mais holofotes. Ela \u00e9 uma das grandes capacidades que ser\u00e3o essenciais ao profissional do futuro. E ela deve estar presente no trabalho do CEO.<\/p>\r\n\r\n\r\n\r\n\r\n\r\n<p>Como ele toma decis\u00f5es importantes e estrat\u00e9gicas, deve ter pleno controle para resolver imprevistos e problemas sem que isso saia do controle. A mesma coisa ocorre em rela\u00e7\u00e3o \u00e0 resolu\u00e7\u00e3o de conflitos internos.<\/p>\r\n\r\n\r\n\r\n<p>O papel do CEO na gest\u00e3o \u00e9 demonstrar como utilizar a raz\u00e3o mesmo quando a situa\u00e7\u00e3o est\u00e1 saindo do controle.<\/p>\r\n\r\n\r\n\r\n<h3 class=\"wp-block-heading\">Pol\u00edtica de Feedbacks<\/h3>\r\n\r\n\r\n\r\n<p>O CEO pode se envolver na gest\u00e3o em rela\u00e7\u00e3o \u00e0 ado\u00e7\u00e3o de pol\u00edticas de feedback. Ele deve ter no\u00e7\u00f5es de como os colaboradores est\u00e3o se saindo, quem s\u00e3o os destaques de cada equipe e quais s\u00e3o as dificuldades dos l\u00edderes.<\/p>\r\n<p><span data-sheets-value=\"{&quot;1&quot;:2,&quot;2&quot;:&quot;\n\t\t&lt;!--HubSpot Call-to-Action Code --&gt;\n\t\t&lt;span class=&quot;hs-cta-wrapper&quot; id=&quot;hs-cta-wrapper-c9b3d4d3-5a6e-401a-9bcf-f1e22b13c93f&quot;&gt;\n\t\t&lt;span class=&quot;hs-cta-node hs-cta-c9b3d4d3-5a6e-401a-9bcf-f1e22b13c93f&quot; id=&quot;c9b3d4d3-5a6e-401a-9bcf-f1e22b13c93f&quot;&gt;\n\t\t&lt;!--[if lte IE 8]&gt;\n\t\t&lt;div id=&quot;hs-cta-ie-element&quot;&gt;&lt;\/div&gt;\n\t\t&lt;![endif]--&gt;\n\t\t&lt;a href=&quot;https:\/\/cta-redirect.hubspot.com\/cta\/redirect\/20984162\/c9b3d4d3-5a6e-401a-9bcf-f1e22b13c93f&quot; &gt;\n\t\t&lt;img class=&quot;hs-cta-img&quot; id=&quot;hs-cta-img-c9b3d4d3-5a6e-401a-9bcf-f1e22b13c93f&quot; style=&quot;border-width:0px;&quot; src=&quot;https:\/\/no-cache.hubspot.com\/cta\/default\/20984162\/c9b3d4d3-5a6e-401a-9bcf-f1e22b13c93f.png&quot;  alt=&quot;New call-to-action&quot;\/&gt;\n\t\t&lt;\/a&gt;\n\t\t&lt;\/span&gt;\n\t\t&lt;script charset=&quot;utf-8&quot; src=&quot;\/\/js.hubspot.com\/cta\/current.js&quot;&gt;&lt;\/script&gt;\n\t\t&lt;script&gt;\n\t\thbspt.cta.load(20984162, &#039;c9b3d4d3-5a6e-401a-9bcf-f1e22b13c93f&#039;, {});\n\t\t&lt;\/script&gt;\n\t\t&lt;\/span&gt;\n\t\t&lt;!-- end HubSpot Call-to-Action Code --&gt;\n\t\t&quot;}\" data-sheets-userformat=\"{&quot;2&quot;:899,&quot;3&quot;:{&quot;1&quot;:0},&quot;4&quot;:{&quot;1&quot;:2,&quot;2&quot;:16777215},&quot;10&quot;:1,&quot;11&quot;:4,&quot;12&quot;:0}\">\n\t\t<!--HubSpot Call-to-Action Code -->\n\t\t<span class=\"hs-cta-wrapper\" id=\"hs-cta-wrapper-c9b3d4d3-5a6e-401a-9bcf-f1e22b13c93f\">\n\t\t<span class=\"hs-cta-node hs-cta-c9b3d4d3-5a6e-401a-9bcf-f1e22b13c93f\" id=\"c9b3d4d3-5a6e-401a-9bcf-f1e22b13c93f\">\n\t\t<!--[if lte IE 8]>\n\t\t<div id=\"hs-cta-ie-element\"><\/div>\n\t\t<![endif]-->\n\t\t<a href=\"https:\/\/cta-redirect.hubspot.com\/cta\/redirect\/20984162\/c9b3d4d3-5a6e-401a-9bcf-f1e22b13c93f\" >\n\t\t<img decoding=\"async\" class=\"hs-cta-img\" id=\"hs-cta-img-c9b3d4d3-5a6e-401a-9bcf-f1e22b13c93f\" style=\"border-width:0px;\" src=\"https:\/\/no-cache.hubspot.com\/cta\/default\/20984162\/c9b3d4d3-5a6e-401a-9bcf-f1e22b13c93f.png\"  alt=\"New call-to-action\"\/>\n\t\t<\/a>\n\t\t<\/span>\n\t\t<script charset=\"utf-8\" src=\"\/\/js.hubspot.com\/cta\/current.js\"><\/script>\n\t\t<script>\n\t\thbspt.cta.load(20984162, 'c9b3d4d3-5a6e-401a-9bcf-f1e22b13c93f', {});\n\t\t<\/script>\n\t\t<\/span>\n\t\t<!-- end HubSpot Call-to-Action Code -->\n\t\t<\/span><\/p>\r\n\r\n\r\n\r\n<p>A partir disso ele deve auxiliar no desenvolvimento de uma pol\u00edtica de gest\u00e3o que resolva esses problemas, contorne os obst\u00e1culos nas atividades di\u00e1rias e fomente os colaboradores.<\/p>\r\n\r\n\r\n\r\n<p>&nbsp;<\/p>\r\n","protected":false},"excerpt":{"rendered":"<p>O papel do CEO nas empresas \u00e9 bastante importante. Ele \u00e9 o porta-voz empresarial, representa a corpora\u00e7\u00e3o e se responsabiliza por tomadas de decis\u00f5es bastante complexas que na maioria das vezes inclui riscos. Esse profissional tamb\u00e9m assume um papel perante a gest\u00e3o de pessoas. \u00c9 essencial que ele trabalhe junto ao RH e saiba como [&hellip;]<\/p>\n","protected":false},"author":11,"featured_media":35412,"comment_status":"closed","ping_status":"open","sticky":false,"template":"","format":"standard","meta":{"content-type":"","footnotes":""},"categories":[224],"tags":[17565,17566,10887],"yoast_head":"<!-- This site is optimized with the Yoast SEO Premium plugin v22.2 (Yoast SEO v22.2) - https:\/\/yoast.com\/wordpress\/plugins\/seo\/ -->\n<title>Qual \u00e9 o papel do CEO na gest\u00e3o de pessoas? | Oitchau<\/title>\n<meta name=\"description\" content=\"O papel do CEO nas empresas \u00e9 bastante importante. Ele \u00e9 o porta-voz empresarial, representa a corpora\u00e7\u00e3o e se responsabiliza por tomadas de decis\u00f5es.\" \/>\n<meta name=\"robots\" content=\"index, follow, max-snippet:-1, max-image-preview:large, max-video-preview:-1\" \/>\n<link rel=\"canonical\" href=\"https:\/\/www.oitchau.com.br\/blog\/qual-papel-do-ceo-na-gestao-de-pessoas\/\" \/>\n<meta property=\"og:locale\" content=\"pt_BR\" \/>\n<meta property=\"og:type\" content=\"article\" \/>\n<meta property=\"og:title\" content=\"Qual \u00e9 o papel do CEO na gest\u00e3o de pessoas?\" \/>\n<meta property=\"og:description\" content=\"O papel do CEO nas empresas \u00e9 bastante importante. Ele \u00e9 o porta-voz empresarial, representa a corpora\u00e7\u00e3o e se responsabiliza por tomadas de decis\u00f5es.\" \/>\n<meta property=\"og:url\" content=\"https:\/\/www.oitchau.com.br\/blog\/qual-papel-do-ceo-na-gestao-de-pessoas\/\" \/>\n<meta property=\"og:site_name\" content=\"Controle de Ponto &amp; Timesheets\" \/>\n<meta property=\"article:publisher\" content=\"https:\/\/www.facebook.com\/oitchaubr\/\" \/>\n<meta property=\"article:published_time\" content=\"2021-05-28T17:51:32+00:00\" \/>\n<meta property=\"article:modified_time\" content=\"2024-08-02T17:44:20+00:00\" \/>\n<meta property=\"og:image\" content=\"https:\/\/storage.googleapis.com\/oitchaublog\/2021\/05\/b92c4773-papel-do-ceo.png\" \/>\n\t<meta property=\"og:image:width\" content=\"1982\" \/>\n\t<meta property=\"og:image:height\" content=\"800\" \/>\n\t<meta property=\"og:image:type\" content=\"image\/png\" \/>\n<meta name=\"author\" content=\"Aline Mesquita\" \/>\n<meta name=\"twitter:card\" content=\"summary_large_image\" \/>\n<meta name=\"twitter:creator\" content=\"@oitchaubr\" \/>\n<meta name=\"twitter:site\" content=\"@oitchaubr\" \/>\n<meta name=\"twitter:label1\" content=\"Written by\" \/>\n\t<meta name=\"twitter:data1\" content=\"Aline Mesquita\" \/>\n\t<meta name=\"twitter:label2\" content=\"Est. reading time\" \/>\n\t<meta name=\"twitter:data2\" content=\"6 minutos\" \/>\n<script type=\"application\/ld+json\" class=\"yoast-schema-graph\">{\"@context\":\"https:\/\/schema.org\",\"@graph\":[{\"@type\":[\"Article\",\"BlogPosting\"],\"@id\":\"https:\/\/www.oitchau.com.br\/blog\/qual-papel-do-ceo-na-gestao-de-pessoas\/#article\",\"isPartOf\":{\"@id\":\"https:\/\/www.oitchau.com.br\/blog\/qual-papel-do-ceo-na-gestao-de-pessoas\/\"},\"author\":{\"name\":\"Aline Mesquita\",\"@id\":\"https:\/\/www.oitchau.com.br\/blog\/#\/schema\/person\/40ba65f8664531ffe1465f6cb9d82430\"},\"headline\":\"Qual \u00e9 o papel do CEO na gest\u00e3o de pessoas?\",\"datePublished\":\"2021-05-28T17:51:32+00:00\",\"dateModified\":\"2024-08-02T17:44:20+00:00\",\"mainEntityOfPage\":{\"@id\":\"https:\/\/www.oitchau.com.br\/blog\/qual-papel-do-ceo-na-gestao-de-pessoas\/\"},\"wordCount\":1167,\"publisher\":{\"@id\":\"https:\/\/www.oitchau.com.br\/blog\/#organization\"},\"image\":{\"@id\":\"https:\/\/www.oitchau.com.br\/blog\/qual-papel-do-ceo-na-gestao-de-pessoas\/#primaryimage\"},\"thumbnailUrl\":\"https:\/\/storage.googleapis.com\/oitchaublog\/2021\/05\/b92c4773-papel-do-ceo.png\",\"keywords\":[\"CEO\",\"CEO na gest\u00e3o\",\"gest\u00e3o de pessoas\"],\"articleSection\":[\"Gest\u00e3o de Pessoas\"],\"inLanguage\":\"pt-BR\"},{\"@type\":\"WebPage\",\"@id\":\"https:\/\/www.oitchau.com.br\/blog\/qual-papel-do-ceo-na-gestao-de-pessoas\/\",\"url\":\"https:\/\/www.oitchau.com.br\/blog\/qual-papel-do-ceo-na-gestao-de-pessoas\/\",\"name\":\"Qual \u00e9 o papel do CEO na gest\u00e3o de pessoas? | Oitchau\",\"isPartOf\":{\"@id\":\"https:\/\/www.oitchau.com.br\/blog\/#website\"},\"primaryImageOfPage\":{\"@id\":\"https:\/\/www.oitchau.com.br\/blog\/qual-papel-do-ceo-na-gestao-de-pessoas\/#primaryimage\"},\"image\":{\"@id\":\"https:\/\/www.oitchau.com.br\/blog\/qual-papel-do-ceo-na-gestao-de-pessoas\/#primaryimage\"},\"thumbnailUrl\":\"https:\/\/storage.googleapis.com\/oitchaublog\/2021\/05\/b92c4773-papel-do-ceo.png\",\"datePublished\":\"2021-05-28T17:51:32+00:00\",\"dateModified\":\"2024-08-02T17:44:20+00:00\",\"description\":\"O papel do CEO nas empresas \u00e9 bastante importante. Ele \u00e9 o porta-voz empresarial, representa a corpora\u00e7\u00e3o e se responsabiliza por tomadas de decis\u00f5es.\",\"breadcrumb\":{\"@id\":\"https:\/\/www.oitchau.com.br\/blog\/qual-papel-do-ceo-na-gestao-de-pessoas\/#breadcrumb\"},\"inLanguage\":\"pt-BR\",\"potentialAction\":[{\"@type\":\"ReadAction\",\"target\":[\"https:\/\/www.oitchau.com.br\/blog\/qual-papel-do-ceo-na-gestao-de-pessoas\/\"]}]},{\"@type\":\"ImageObject\",\"inLanguage\":\"pt-BR\",\"@id\":\"https:\/\/www.oitchau.com.br\/blog\/qual-papel-do-ceo-na-gestao-de-pessoas\/#primaryimage\",\"url\":\"https:\/\/storage.googleapis.com\/oitchaublog\/2021\/05\/b92c4773-papel-do-ceo.png\",\"contentUrl\":\"https:\/\/storage.googleapis.com\/oitchaublog\/2021\/05\/b92c4773-papel-do-ceo.png\",\"width\":1982,\"height\":800,\"caption\":\"papel do CEO\"},{\"@type\":\"BreadcrumbList\",\"@id\":\"https:\/\/www.oitchau.com.br\/blog\/qual-papel-do-ceo-na-gestao-de-pessoas\/#breadcrumb\",\"itemListElement\":[{\"@type\":\"ListItem\",\"position\":1,\"name\":\"Blog\",\"item\":\"https:\/\/www.oitchau.com.br\/blog\/\"},{\"@type\":\"ListItem\",\"position\":2,\"name\":\"Qual \u00e9 o papel do CEO na gest\u00e3o de pessoas?\"}]},{\"@type\":\"WebSite\",\"@id\":\"https:\/\/www.oitchau.com.br\/blog\/#website\",\"url\":\"https:\/\/www.oitchau.com.br\/blog\/\",\"name\":\"Controle de Ponto & Timesheets\",\"description\":\"\",\"publisher\":{\"@id\":\"https:\/\/www.oitchau.com.br\/blog\/#organization\"},\"potentialAction\":[{\"@type\":\"SearchAction\",\"target\":{\"@type\":\"EntryPoint\",\"urlTemplate\":\"https:\/\/www.oitchau.com.br\/blog\/?s={search_term_string}\"},\"query-input\":\"required name=search_term_string\"}],\"inLanguage\":\"pt-BR\"},{\"@type\":\"Organization\",\"@id\":\"https:\/\/www.oitchau.com.br\/blog\/#organization\",\"name\":\"Oitchau\",\"url\":\"https:\/\/www.oitchau.com.br\/blog\/\",\"logo\":{\"@type\":\"ImageObject\",\"inLanguage\":\"pt-BR\",\"@id\":\"https:\/\/www.oitchau.com.br\/blog\/#\/schema\/logo\/image\/\",\"url\":\"https:\/\/storage.googleapis.com\/oitchaublog\/2024\/03\/a0e65c6f-design-sem-nome-20.png\",\"contentUrl\":\"https:\/\/storage.googleapis.com\/oitchaublog\/2024\/03\/a0e65c6f-design-sem-nome-20.png\",\"width\":696,\"height\":696,\"caption\":\"Oitchau\"},\"image\":{\"@id\":\"https:\/\/www.oitchau.com.br\/blog\/#\/schema\/logo\/image\/\"},\"sameAs\":[\"https:\/\/www.facebook.com\/oitchaubr\/\",\"https:\/\/twitter.com\/oitchaubr\",\"https:\/\/instagram.com\/oitchaubr\"],\"description\":\"A Oitchau \u00e9 uma solu\u00e7\u00e3o completa para gest\u00e3o de tempo dos colaboradores, atrav\u00e9s de suas solu\u00e7\u00f5es de controle de ponto & timesheets, ela permite que gestores, RH e DP possam gerenciar desde a jornada de trabalho de funcion\u00e1rios at\u00e9 a gest\u00e3o de tempo em projetos. Elevando o n\u00edvel estrat\u00e9gico do neg\u00f3cio de forma inteligente e assertiva, potencializando seus resultados e garantindo compliance com a Lei.\",\"email\":\"contato@oitchau.com.br\",\"telephone\":\"+551142102846\",\"foundingDate\":\"2016-01-01\",\"numberOfEmployees\":{\"@type\":\"QuantitativeValue\",\"minValue\":\"51\",\"maxValue\":\"200\"}},{\"@type\":\"Person\",\"@id\":\"https:\/\/www.oitchau.com.br\/blog\/#\/schema\/person\/40ba65f8664531ffe1465f6cb9d82430\",\"name\":\"Aline Mesquita\",\"url\":\"https:\/\/www.oitchau.com.br\/blog\/author\/aline\/\"}]}<\/script>\n<!-- \/ Yoast SEO Premium plugin. -->","yoast_head_json":{"title":"Qual \u00e9 o papel do CEO na gest\u00e3o de pessoas? | Oitchau","description":"O papel do CEO nas empresas \u00e9 bastante importante. Ele \u00e9 o porta-voz empresarial, representa a corpora\u00e7\u00e3o e se responsabiliza por tomadas de decis\u00f5es.","robots":{"index":"index","follow":"follow","max-snippet":"max-snippet:-1","max-image-preview":"max-image-preview:large","max-video-preview":"max-video-preview:-1"},"canonical":"https:\/\/www.oitchau.com.br\/blog\/qual-papel-do-ceo-na-gestao-de-pessoas\/","og_locale":"pt_BR","og_type":"article","og_title":"Qual \u00e9 o papel do CEO na gest\u00e3o de pessoas?","og_description":"O papel do CEO nas empresas \u00e9 bastante importante. Ele \u00e9 o porta-voz empresarial, representa a corpora\u00e7\u00e3o e se responsabiliza por tomadas de decis\u00f5es.","og_url":"https:\/\/www.oitchau.com.br\/blog\/qual-papel-do-ceo-na-gestao-de-pessoas\/","og_site_name":"Controle de Ponto &amp; Timesheets","article_publisher":"https:\/\/www.facebook.com\/oitchaubr\/","article_published_time":"2021-05-28T17:51:32+00:00","article_modified_time":"2024-08-02T17:44:20+00:00","og_image":[{"width":1982,"height":800,"url":"https:\/\/storage.googleapis.com\/oitchaublog\/2021\/05\/b92c4773-papel-do-ceo.png","type":"image\/png"}],"author":"Aline Mesquita","twitter_card":"summary_large_image","twitter_creator":"@oitchaubr","twitter_site":"@oitchaubr","twitter_misc":{"Written by":"Aline Mesquita","Est. reading time":"6 minutos"},"schema":{"@context":"https:\/\/schema.org","@graph":[{"@type":["Article","BlogPosting"],"@id":"https:\/\/www.oitchau.com.br\/blog\/qual-papel-do-ceo-na-gestao-de-pessoas\/#article","isPartOf":{"@id":"https:\/\/www.oitchau.com.br\/blog\/qual-papel-do-ceo-na-gestao-de-pessoas\/"},"author":{"name":"Aline Mesquita","@id":"https:\/\/www.oitchau.com.br\/blog\/#\/schema\/person\/40ba65f8664531ffe1465f6cb9d82430"},"headline":"Qual \u00e9 o papel do CEO na gest\u00e3o de pessoas?","datePublished":"2021-05-28T17:51:32+00:00","dateModified":"2024-08-02T17:44:20+00:00","mainEntityOfPage":{"@id":"https:\/\/www.oitchau.com.br\/blog\/qual-papel-do-ceo-na-gestao-de-pessoas\/"},"wordCount":1167,"publisher":{"@id":"https:\/\/www.oitchau.com.br\/blog\/#organization"},"image":{"@id":"https:\/\/www.oitchau.com.br\/blog\/qual-papel-do-ceo-na-gestao-de-pessoas\/#primaryimage"},"thumbnailUrl":"https:\/\/storage.googleapis.com\/oitchaublog\/2021\/05\/b92c4773-papel-do-ceo.png","keywords":["CEO","CEO na gest\u00e3o","gest\u00e3o de pessoas"],"articleSection":["Gest\u00e3o de Pessoas"],"inLanguage":"pt-BR"},{"@type":"WebPage","@id":"https:\/\/www.oitchau.com.br\/blog\/qual-papel-do-ceo-na-gestao-de-pessoas\/","url":"https:\/\/www.oitchau.com.br\/blog\/qual-papel-do-ceo-na-gestao-de-pessoas\/","name":"Qual \u00e9 o papel do CEO na gest\u00e3o de pessoas? | Oitchau","isPartOf":{"@id":"https:\/\/www.oitchau.com.br\/blog\/#website"},"primaryImageOfPage":{"@id":"https:\/\/www.oitchau.com.br\/blog\/qual-papel-do-ceo-na-gestao-de-pessoas\/#primaryimage"},"image":{"@id":"https:\/\/www.oitchau.com.br\/blog\/qual-papel-do-ceo-na-gestao-de-pessoas\/#primaryimage"},"thumbnailUrl":"https:\/\/storage.googleapis.com\/oitchaublog\/2021\/05\/b92c4773-papel-do-ceo.png","datePublished":"2021-05-28T17:51:32+00:00","dateModified":"2024-08-02T17:44:20+00:00","description":"O papel do CEO nas empresas \u00e9 bastante importante. Ele \u00e9 o porta-voz empresarial, representa a corpora\u00e7\u00e3o e se responsabiliza por tomadas de decis\u00f5es.","breadcrumb":{"@id":"https:\/\/www.oitchau.com.br\/blog\/qual-papel-do-ceo-na-gestao-de-pessoas\/#breadcrumb"},"inLanguage":"pt-BR","potentialAction":[{"@type":"ReadAction","target":["https:\/\/www.oitchau.com.br\/blog\/qual-papel-do-ceo-na-gestao-de-pessoas\/"]}]},{"@type":"ImageObject","inLanguage":"pt-BR","@id":"https:\/\/www.oitchau.com.br\/blog\/qual-papel-do-ceo-na-gestao-de-pessoas\/#primaryimage","url":"https:\/\/storage.googleapis.com\/oitchaublog\/2021\/05\/b92c4773-papel-do-ceo.png","contentUrl":"https:\/\/storage.googleapis.com\/oitchaublog\/2021\/05\/b92c4773-papel-do-ceo.png","width":1982,"height":800,"caption":"papel do CEO"},{"@type":"BreadcrumbList","@id":"https:\/\/www.oitchau.com.br\/blog\/qual-papel-do-ceo-na-gestao-de-pessoas\/#breadcrumb","itemListElement":[{"@type":"ListItem","position":1,"name":"Blog","item":"https:\/\/www.oitchau.com.br\/blog\/"},{"@type":"ListItem","position":2,"name":"Qual \u00e9 o papel do CEO na gest\u00e3o de pessoas?"}]},{"@type":"WebSite","@id":"https:\/\/www.oitchau.com.br\/blog\/#website","url":"https:\/\/www.oitchau.com.br\/blog\/","name":"Controle de Ponto & Timesheets","description":"","publisher":{"@id":"https:\/\/www.oitchau.com.br\/blog\/#organization"},"potentialAction":[{"@type":"SearchAction","target":{"@type":"EntryPoint","urlTemplate":"https:\/\/www.oitchau.com.br\/blog\/?s={search_term_string}"},"query-input":"required name=search_term_string"}],"inLanguage":"pt-BR"},{"@type":"Organization","@id":"https:\/\/www.oitchau.com.br\/blog\/#organization","name":"Oitchau","url":"https:\/\/www.oitchau.com.br\/blog\/","logo":{"@type":"ImageObject","inLanguage":"pt-BR","@id":"https:\/\/www.oitchau.com.br\/blog\/#\/schema\/logo\/image\/","url":"https:\/\/storage.googleapis.com\/oitchaublog\/2024\/03\/a0e65c6f-design-sem-nome-20.png","contentUrl":"https:\/\/storage.googleapis.com\/oitchaublog\/2024\/03\/a0e65c6f-design-sem-nome-20.png","width":696,"height":696,"caption":"Oitchau"},"image":{"@id":"https:\/\/www.oitchau.com.br\/blog\/#\/schema\/logo\/image\/"},"sameAs":["https:\/\/www.facebook.com\/oitchaubr\/","https:\/\/twitter.com\/oitchaubr","https:\/\/instagram.com\/oitchaubr"],"description":"A Oitchau \u00e9 uma solu\u00e7\u00e3o completa para gest\u00e3o de tempo dos colaboradores, atrav\u00e9s de suas solu\u00e7\u00f5es de controle de ponto & timesheets, ela permite que gestores, RH e DP possam gerenciar desde a jornada de trabalho de funcion\u00e1rios at\u00e9 a gest\u00e3o de tempo em projetos. Elevando o n\u00edvel estrat\u00e9gico do neg\u00f3cio de forma inteligente e assertiva, potencializando seus resultados e garantindo compliance com a Lei.","email":"contato@oitchau.com.br","telephone":"+551142102846","foundingDate":"2016-01-01","numberOfEmployees":{"@type":"QuantitativeValue","minValue":"51","maxValue":"200"}},{"@type":"Person","@id":"https:\/\/www.oitchau.com.br\/blog\/#\/schema\/person\/40ba65f8664531ffe1465f6cb9d82430","name":"Aline Mesquita","url":"https:\/\/www.oitchau.com.br\/blog\/author\/aline\/"}]}},"_links":{"self":[{"href":"https:\/\/www.oitchau.com.br\/blog\/wp-json\/wp\/v2\/posts\/15729"}],"collection":[{"href":"https:\/\/www.oitchau.com.br\/blog\/wp-json\/wp\/v2\/posts"}],"about":[{"href":"https:\/\/www.oitchau.com.br\/blog\/wp-json\/wp\/v2\/types\/post"}],"author":[{"embeddable":true,"href":"https:\/\/www.oitchau.com.br\/blog\/wp-json\/wp\/v2\/users\/11"}],"replies":[{"embeddable":true,"href":"https:\/\/www.oitchau.com.br\/blog\/wp-json\/wp\/v2\/comments?post=15729"}],"version-history":[{"count":2,"href":"https:\/\/www.oitchau.com.br\/blog\/wp-json\/wp\/v2\/posts\/15729\/revisions"}],"predecessor-version":[{"id":35413,"href":"https:\/\/www.oitchau.com.br\/blog\/wp-json\/wp\/v2\/posts\/15729\/revisions\/35413"}],"wp:featuredmedia":[{"embeddable":true,"href":"https:\/\/www.oitchau.com.br\/blog\/wp-json\/wp\/v2\/media\/35412"}],"wp:attachment":[{"href":"https:\/\/www.oitchau.com.br\/blog\/wp-json\/wp\/v2\/media?parent=15729"}],"wp:term":[{"taxonomy":"category","embeddable":true,"href":"https:\/\/www.oitchau.com.br\/blog\/wp-json\/wp\/v2\/categories?post=15729"},{"taxonomy":"post_tag","embeddable":true,"href":"https:\/\/www.oitchau.com.br\/blog\/wp-json\/wp\/v2\/tags?post=15729"}],"curies":[{"name":"wp","href":"https:\/\/api.w.org\/{rel}","templated":true}]}}