{"id":15439,"date":"2021-05-14T19:38:44","date_gmt":"2021-05-14T16:38:44","guid":{"rendered":"https:\/\/www.oitchau.com.br\/blog\/?p=15439"},"modified":"2024-08-02T20:35:46","modified_gmt":"2024-08-02T17:35:46","slug":"doencas-ocupacionais","status":"publish","type":"post","link":"https:\/\/www.oitchau.com.br\/blog\/doencas-ocupacionais\/","title":{"rendered":"Doen\u00e7as Ocupacionais: quais as principais? Como prevenir na sua empresa?"},"content":{"rendered":"\r\n<p>Doen\u00e7as ocupacionais s\u00e3o aquelas que possuem rela\u00e7\u00e3o com as atividades que o colaborador presta para seu empregador.<\/p>\r\n<p>Elas podem ser de ordem ps\u00edquica e f\u00edsica e s\u00e3o muito comuns, seja por repeti\u00e7\u00e3o de movimentos ou condi\u00e7\u00f5es de trabalho.<\/p>\r\n\r\n\r\n\r\n<p>Esse tipo de doen\u00e7a gera uma s\u00e9rie de responsabilidade aos empregadores.<\/p>\r\n<p>Elas s\u00e3o de ordem preventiva, para evit\u00e1-las, e indenizat\u00f3ria, quando a empresa pode ser responsabilizada pelo pagamento de indeniza\u00e7\u00f5es por danos morais e materiais.<\/p>\r\n\r\n\r\n\r\n<p>Saiba mais sobre o assunto a seguir!<\/p>\r\n\r\n\r\n\r\n\r\n\r\n<h2 class=\"wp-block-heading\">O que s\u00e3o doen\u00e7as ocupacionais?<\/h2>\r\n\r\n\r\n\r\n<p>Esse \u00e9 o tipo de doen\u00e7a que se desenvolve em raz\u00e3o das atividades de trabalho. Nesse caso o desenvolvimento da mesma tem rela\u00e7\u00e3o com o emprego e as a\u00e7\u00f5es nele exercidas diariamente.<\/p>\r\n\r\n\r\n\r\n<p>As doen\u00e7as ocupacionais s\u00e3o divididas em dois grupos:<\/p>\r\n\r\n\r\n\r\n<ul>\r\n<li><strong>Profissionais<\/strong>: quando se desenvolvem pela exposi\u00e7\u00e3o a agentes mal\u00e9ficos \u00e0 sa\u00fade ou por movimentos repetitivos necess\u00e1rios nas atividades laborais do dia a dia;<\/li>\r\n<li><strong>Doen\u00e7a do trabalho<\/strong>: nesse caso elas s\u00e3o t\u00edpicas de uma categoria ou das atividades de uma profiss\u00e3o, como no caso de carregamento excessivo de peso, exposi\u00e7\u00e3o a mudan\u00e7as de temperaturas constantes, etc.<\/li>\r\n<\/ul>\r\n\r\n\r\n\r\n\r\n\r\n<p>Note que as atividades da <a href=\"https:\/\/www.oitchau.com.br\/features\/schedules\/\">jornada de trabalho<\/a> s\u00e3o essenciais para o desenvolvimento dessas doen\u00e7as. As mol\u00e9stias necessariamente t\u00eam rela\u00e7\u00e3o com as atividades que o indiv\u00edduo realiza em um emprego.<\/p>\r\n\r\n\r\n\r\n<p>Mesmo quando houver outros motivos para o desenvolvimento que v\u00e3o al\u00e9m das atividades laborais, a doen\u00e7a ser\u00e1 ocupacional. Nessa hip\u00f3tese h\u00e1 uma concausa, cen\u00e1rio em que o trabalho atuou junto a outras condi\u00e7\u00f5es para o desenvolvimento.<\/p>\r\n\r\n\r\n\r\n<h2 class=\"wp-block-heading\" id=\"ancora02\">Qual a responsabilidade do empregador sobre doen\u00e7as ocupacionais?<\/h2>\r\n\r\n\r\n\r\n<p>A <a href=\"http:\/\/www.planalto.gov.br\/ccivil_03\/decreto-lei\/del5452.htm\" data-type=\"URL\" data-id=\"http:\/\/www.planalto.gov.br\/ccivil_03\/decreto-lei\/del5452.htm\">Consolida\u00e7\u00e3o das Leis do Trabalho (CLT)<\/a> determina que o empregador \u00e9 respons\u00e1vel pela integridade f\u00edsica e ps\u00edquica dos seus colaboradores e que ele deve prestar condi\u00e7\u00f5es e informa\u00e7\u00f5es para a seguran\u00e7a deles, veja:<\/p>\r\n\r\n\r\n\r\n<figure class=\"wp-block-pullquote has-background is-style-solid-color\" style=\"background-color: #f4f4f4;\">\r\n<blockquote>\r\n<p><em>Art. 157 &#8211; Cabe \u00e0s empresas:<\/em><\/p>\r\n<p><em>I &#8211; cumprir e fazer cumprir as normas de seguran\u00e7a e medicina do trabalho;\u00a0<\/em><\/p>\r\n<p><em>II &#8211; instruir os empregados, atrav\u00e9s de ordens de servi\u00e7o, quanto \u00e0s precau\u00e7\u00f5es a tomar no sentido de evitar acidentes do trabalho ou doen\u00e7as ocupacionais;<\/em><\/p>\r\n<\/blockquote>\r\n<\/figure>\r\n\r\n\r\n\r\n<p>Isso \u00e9 refor\u00e7ado pela previs\u00e3o sobre as indeniza\u00e7\u00f5es por danos morais em caso de doen\u00e7a com causa relacionada ao trabalho:<\/p>\r\n\r\n\r\n\r\n<figure class=\"wp-block-pullquote has-background is-style-solid-color\" style=\"background-color: #f4f4f4;\">\r\n<blockquote>\r\n<p><em>\u00a0Art. 223-B. \u00a0Causa dano de natureza extrapatrimonial a a\u00e7\u00e3o ou omiss\u00e3o que ofenda a esfera moral ou existencial da pessoa f\u00edsica ou jur\u00eddica, as quais s\u00e3o as titulares exclusivas do direito \u00e0 repara\u00e7\u00e3o.\u00a0<\/em><\/p>\r\n<\/blockquote>\r\n<\/figure>\r\n\r\n\r\n\r\n<p>O empregador possui responsabilidade sobre qualquer influ\u00eancia negativa que suas atividades possam causar sobre os seus colaboradores. Isso significa que em caso de doen\u00e7a ocupacional, a v\u00edtima pode ajuizar a\u00e7\u00e3o contra a empresa.<\/p>\r\n\r\n\r\n\r\n<p>Nesse caso est\u00e3o em jogo indeniza\u00e7\u00f5es por dano moral e por dano material. Este segundo ocorre especialmente por gastos com medicamento, interna\u00e7\u00f5es e sess\u00f5es terap\u00eauticas e at\u00e9 de adapta\u00e7\u00f5es de instala\u00e7\u00f5es de acordo com exig\u00eancias da doen\u00e7a.<\/p>\r\n\r\n\r\n\r\n<p>Outro ponto importante \u00e9 que a doen\u00e7a ocupacional se compara ao acidente de trabalho. Essa determina\u00e7\u00e3o decorre de lei e est\u00e1 na Lei 8213\/91:<\/p>\r\n\r\n\r\n\r\n<figure class=\"wp-block-pullquote has-background is-style-solid-color\" style=\"background-color: #f4f4f4;\">\r\n<blockquote>\r\n<p><em>Art. 20. Consideram-se acidente do trabalho, nos termos do artigo anterior, as seguintes entidades m\u00f3rbidas:<\/em><\/p>\r\n<p><em>I &#8211; doen\u00e7a profissional, assim entendida a produzida ou desencadeada pelo exerc\u00edcio do trabalho peculiar a determinada atividade e constante da respectiva rela\u00e7\u00e3o elaborada pelo Minist\u00e9rio do Trabalho e da Previd\u00eancia Social;<\/em><\/p>\r\n<p><em>II &#8211; doen\u00e7a do trabalho, assim entendida a adquirida ou desencadeada em fun\u00e7\u00e3o de condi\u00e7\u00f5es especiais em que o trabalho \u00e9 realizado e com ele se relacione diretamente, constante da rela\u00e7\u00e3o mencionada no inciso I.<\/em><\/p>\r\n<\/blockquote>\r\n<\/figure>\r\n\r\n\r\n\r\n<p>Isso significa que o colaborador tem direito ao afastamento por aux\u00edlio-acident\u00e1rio. Ao retornar ao trabalho, tem estabilidade de 01 ano. Durante esse per\u00edodo ele n\u00e3o pode ser dispensado sem justa causa.<\/p>\r\n\r\n\r\n\r\n<h2 class=\"wp-block-heading\" id=\"ancora03\">Quais s\u00e3o os principais tipos de doen\u00e7as ocupacionais?<\/h2>\r\n\r\n\r\n\r\n<p>Veja agora quais s\u00e3o os principais tipos de doen\u00e7as que se desenvolvem por causa das condi\u00e7\u00f5es de trabalho ou atividades realizadas profissionalmente:<\/p>\r\n\r\n\r\n\r\n\r\n\r\n<h3 class=\"wp-block-heading\" id=\"ancora04\">1. LER\/ Dort<\/h3>\r\n<p>A LER (Les\u00e3o por Esfor\u00e7o Repetitivo) e a Dort (Dist\u00farbio Osteomuscular Relacionado ao Trabalho) est\u00e3o entre as doen\u00e7as ocupacionais mais comuns entre os trabalhadores.\u00a0<\/p>\r\n<p>Alguns exemplos de doen\u00e7as ocupacionais de LER\/Dort, s\u00e3o:\u00a0<\/p>\r\n<ul>\r\n<li>Tendinites;<\/li>\r\n<li>Les\u00f5es de ombro;<\/li>\r\n<li>Les\u00f5es de pulso.\u00a0<\/li>\r\n<\/ul>\r\n<p>S\u00e3o causadas por atividades que exija esfor\u00e7o que se repete. Relaciona-se com ergonomia e fortalecimento de musculaturas.<\/p>\r\n\r\n\r\n\r\n<p>Ela causada dores, incha\u00e7o, e redu\u00e7\u00e3o na mobilidade dos membros superiores e\/ou inferiores.<\/p>\r\n\r\n\r\n\r\n<p>O principal tratamento \u00e9 a imobiliza\u00e7\u00e3o da regi\u00e3o, at\u00e9 que a inflama\u00e7\u00e3o melhore, e em alguns casos, pode incluir fisioterapia, para evitar danos maiores \u00e0 musculatura da regi\u00e3o.<\/p>\r\n\r\n\r\n\r\n<h3 class=\"wp-block-heading\" id=\"ancora05\">2. Transtornos psicossociais<\/h3>\r\n\r\n\r\n\r\n<p>Incluem estresse p\u00f3s-traum\u00e1tico, ansiedade, depress\u00e3o, estresse e s\u00edndrome de Burnout.<\/p>\r\n<p>Eles surgem em ambientes corporativos com muita press\u00e3o, comunica\u00e7\u00e3o violenta, m\u00e1s condi\u00e7\u00f5es de trabalho ou ap\u00f3s incidentes traum\u00e1ticos como assaltos na empresa.<\/p>\r\n\r\n\r\n\r\n<p>Os ambientes corporativos est\u00e3o cada vez mais competitivos, levando os colaboradores \u00e0 ambientes estressantes, muitas horas de trabalho, falta de reconhecimento, entre outros problemas que podem motivar o aparecimento dos problemas citados acima.<\/p>\r\n\r\n\r\n\r\n<p>Os principais sintomas s\u00e3o:\u00a0<\/p>\r\n<ul>\r\n<li>irrita\u00e7\u00e3o constante,<\/li>\r\n<li>diminui\u00e7\u00e3o do \u00e2nimo,<\/li>\r\n<li>dores de cabe\u00e7a constantes,<\/li>\r\n<li>dores musculares,<\/li>\r\n<li>mudan\u00e7as bruscas no humor,<\/li>\r\n<li>p\u00e2nico,<\/li>\r\n<li>tens\u00e3o,<\/li>\r\n<li>choro, entre outros.<\/li>\r\n<\/ul>\r\n<p>O colaborador que apresenta esses sintomas, ele tem sua produtividade reduzida, afetando tamb\u00e9m sua vida pessoal.<\/p>\r\n\r\n\r\n\r\n<p>Para evitar o surgimento desses problemas, \u00e9 importante que a empresa promova campanhas de conscientiza\u00e7\u00e3o para a lideran\u00e7a promover um ambiente saud\u00e1vel de trabalho.\u00a0<\/p>\r\n<p>Al\u00e9m de criar espa\u00e7os onde os colaboradores possam descontrair e aliviar a press\u00e3o di\u00e1ria, e criar um ambiente mais flex\u00edvel.<\/p>\r\n\r\n\r\n\r\n<h3 class=\"wp-block-heading\" id=\"ancora06\">3. Dorsalgias<\/h3>\r\n\r\n\r\n\r\n<p>As dorsalgias s\u00e3o marcadas pelas constantes dores nas costas, que podem estar relacionadas com quest\u00f5es posturais, ergonomia e\/ou atividades que tenha um esfor\u00e7o maior, ou ainda que necessite carregar peso constantemente.<\/p>\r\n\r\n\r\n\r\n<p>\u00c9 importante que a empresa preze por um ambiente de trabalho seguro, incluindo equipamentos ergon\u00f4micos, e que atenda a necessidade de cada colaborador em particular, cadeiras confort\u00e1veis, regulagem de altura.<\/p>\r\n\r\n\r\n\r\n<p>E se o labor envolver atividades f\u00edsicas, como carregamento de peso, que a empresa forne\u00e7a equipamentos de seguran\u00e7a para evitar o surgimento das dores nas costas, prevenindo poss\u00edveis les\u00f5es.<\/p>\r\n\r\n\r\n\r\n<h3 class=\"wp-block-heading\" id=\"ancora07\">4. Asma ocupacional<\/h3>\r\n\r\n\r\n\r\n<p>Ela \u00e9 causada pela constante inala\u00e7\u00e3o de agentes que s\u00e3o t\u00f3xicos para sa\u00fade, que causam alergias. A asma, nesse caso, \u00e9 caracterizada pela obstru\u00e7\u00e3o das vidas respirat\u00f3rias do colaborador.<\/p>\r\n<p>Os sintomas incluem falta de ar, dificuldade respirat\u00f3ria, tosses, espirros, entre outros.<\/p>\r\n\r\n\r\n\r\n\r\n\r\n<p>Em ambientes com muita poeira ou outros agentes no ar, ela \u00e9 a doen\u00e7a respirat\u00f3ria mais comum!<\/p>\r\n<p>A empresa deve estabelecer pol\u00edticas mais r\u00edgidas sobre o uso adequado dos EPIs, e criar rotinas para certificar o uso dos equipamentos.<\/p>\r\n\r\n\r\n\r\n<h3 class=\"wp-block-heading\" id=\"ancora08\">5. Dermatose ocupacional<\/h3>\r\n\r\n\r\n\r\n<p>Considerada uma doen\u00e7a do trabalho, caracterizada por les\u00f5es na pele, e na mucosa do colaborador.<\/p>\r\n<p>Que s\u00e3o causadas pela exposi\u00e7\u00e3o sem os equipamentos de prote\u00e7\u00e3o necess\u00e1rios aos agentes nocivos ao longo da jornada de trabalho, como por exemplo o \u00f3leo mec\u00e2nico.<\/p>\r\n\r\n\r\n\r\n<p>Os EPIs podem prevenir a ocorr\u00eancia da dermatose ocupacional. Contudo, \u00e9 necess\u00e1rio que a empresa tenha uma pol\u00edtica para certificar de que todos os colaboradores est\u00e3o fazendo uso dos equipamentos necess\u00e1rios.<\/p>\r\n\r\n\r\n\r\n<h3 class=\"wp-block-heading\" id=\"ancora09\">6. Surdez (definitiva ou tempor\u00e1ria)<\/h3>\r\n\r\n\r\n\r\n<p>\u00c9 um tipo de surdez que pode causar a perda da audi\u00e7\u00e3o, de forma parcial ou total, gra\u00e7as \u00e0 exposi\u00e7\u00e3o prolongada a ru\u00eddos sem a prote\u00e7\u00e3o adequada.<\/p>\r\n\r\n\r\n\r\n<p>A exposi\u00e7\u00e3o \u00e0 ru\u00eddos sem a prote\u00e7\u00e3o adequada pode causar a surdez, que na maioria das vezes, ela n\u00e3o \u00e9 percebida pelo colaborador.<\/p>\r\n<p>Mas, os sintomas s\u00e3o s\u00fateis, mas com efeitos prolongados, a cada dia o colaborador escuta um pouco menos, por\u00e9m sutilmente, e quando vai perceber, est\u00e1 perto de perder a audi\u00e7\u00e3o para sempre.<\/p>\r\n\r\n\r\n\r\n<p>Por isso, \u00e9 importante que a empresa forne\u00e7a todos os equipamentos necess\u00e1rios para garantir a seguran\u00e7a do colaborador, al\u00e9m de investir em equipamentos com menos riscos.\u00a0<\/p>\r\n<p>E se n\u00e3o for poss\u00edvel, certificar de que todos os colaboradores est\u00e3o protegidos e seguros.<\/p>\r\n<h2><b>Quais s\u00e3o os direitos do trabalhador para situa\u00e7\u00f5es de doen\u00e7as ocupacionais?<\/b><\/h2>\r\n<p><span style=\"font-weight: 400;\">Em casos em que for comprovado a ocorr\u00eancia de doen\u00e7as ocupacionais, os trabalhadores possuem seus direitos garantidos pela CLT. Por isso, confira a seguir.\u00a0<\/span><\/p>\r\n<h3><b>Despesas m\u00e9dicas<\/b><\/h3>\r\n<p><span style=\"font-weight: 400;\">Todas as despesas m\u00e9dicas devem ser cobertas pela empresa em caso de comprova\u00e7\u00e3o de doen\u00e7a ocupacional.\u00a0<\/span><\/p>\r\n<p><span style=\"font-weight: 400;\">No entanto, caso o profissional n\u00e3o tenha plano de sa\u00fade como benef\u00edcio, a empresa deve reembolsar todos os pagamentos realizados.\u00a0<\/span><\/p>\r\n<p><span style=\"font-weight: 400;\">E at\u00e9 mesmo em casos de coberturas que n\u00e3o s\u00e3o concedidas pelo plano, a empresa deve arcar com o reembolso.\u00a0<\/span><\/p>\r\n<h3><b>Aux\u00edlio-doen\u00e7a\u00a0<\/b><\/h3>\r\n<p><span style=\"font-weight: 400;\">Em casos em que o trabalhador necessitar ficar afastado da empresa, \u00e9 direito dele ter acesso ao aux\u00edlio-doen\u00e7a, onde os primeiros 15 dias s\u00e3o pagos pela empresa, e o restante deve ser coberto pelo INSS.\u00a0<\/span><\/p>\r\n<p><span style=\"font-weight: 400;\">Onde o procedimento deve ser o trabalhador passar por uma per\u00edcia m\u00e9dica para ter o benef\u00edcio garantido, de acordo com a avalia\u00e7\u00e3o do m\u00e9dico\/p\u00e9rito do INSS.\u00a0<\/span><\/p>\r\n<p><span style=\"font-weight: 400;\">Ele s\u00f3 poder\u00e1 retornar ao trabalho ap\u00f3s uma nova avalia\u00e7\u00e3o no t\u00e9rmino da sua licen\u00e7a.\u00a0<\/span><\/p>\r\n<h3><b>Aux\u00edlio-acidente<\/b><\/h3>\r\n<p><span style=\"font-weight: 400;\">Em casos de trabalhadores que tiveram algum tipo de sequela causada por acidente de trabalho ou doen\u00e7as ocupacionais,a empresa deve pagar o aux\u00edlio-acidente.\u00a0<\/span><\/p>\r\n<p><span style=\"font-weight: 400;\">No entanto, ele pode ser reintegrado ao trabalho, mas em uma fun\u00e7\u00e3o readaptada, de acordo com suas condi\u00e7\u00f5es cl\u00ednicas.<\/span><\/p>\r\n<p><span style=\"font-weight: 400;\">Nesta situa\u00e7\u00e3o, o INSS ser\u00e1 respons\u00e1vel pelo pagamento de 50% do sal\u00e1rio do trabalhador.\u00a0<\/span><\/p>\r\n<h3><b>Pagamento de danos morais<\/b><\/h3>\r\n<p><span style=\"font-weight: 400;\">O pagamento de danos morais pode ser necess\u00e1rio em casos onde o profissional tenha sofrido com danos psicol\u00f3gicos em decorr\u00eancia do trabalho.\u00a0<\/span><\/p>\r\n<p><span style=\"font-weight: 400;\">Os danos morais ainda pode ser aplicado em casos onde a empresa n\u00e3o deu o devido suporte ao profissional, ou tenha feito com ele fosse exposto de alguma forma.\u00a0<\/span><\/p>\r\n<h3><b>Pagamento de danos est\u00e9ticos\u00a0<\/b><\/h3>\r\n<p><span style=\"font-weight: 400;\">Na situa\u00e7\u00e3o de danos est\u00e9ticos, a empresa fica respons\u00e1vel pelo pagamento de corre\u00e7\u00f5es est\u00e9ticas, em casos onde o profissional ficou com algum tipo de marca, cicatriz ou deformidade.\u00a0<\/span><\/p>\r\n<p><span style=\"font-weight: 400;\">No entanto, nessa situa\u00e7\u00e3o, \u00e9 necess\u00e1rio a comprova\u00e7\u00e3o de acidente de trabalho, para que a empresa possa arcar com todos os custos devidos.\u00a0<\/span><\/p>\r\n<h3><b>Pens\u00e3o<\/b><span style=\"font-weight: 400;\">\u00a0<\/span><\/h3>\r\n<p><span style=\"font-weight: 400;\">A empresa pode ser responsabilizada ao pagamento vital\u00edcio ou tempor\u00e1rio em casos onde o profissional ficar incapacitado ao exerc\u00edcio da fun\u00e7\u00e3o.\u00a0<\/span><\/p>\r\n<p><span style=\"font-weight: 400;\">Em alguns casos, para a incapacidade total, a empresa far\u00e1 o pagamento vital\u00edcio ao profissional. Mas se for parcial, \u00e9 necess\u00e1rio uma avalia\u00e7\u00e3o das condi\u00e7\u00f5es de acordo com as previs\u00f5es m\u00e9dicas e per\u00edcias para estabelecer o pagamento da pens\u00e3o.\u00a0<\/span><\/p>\r\n<h3><b>Estabilidade provis\u00f3ria<\/b><\/h3>\r\n<p><span style=\"font-weight: 400;\">Por fim, temos a estabilidade provis\u00f3ria, que \u00e9 a condi\u00e7\u00e3o onde o colaborador tem direito \u00e0 estabilidade profissional ap\u00f3s o retorno \u00e0s suas atividades.\u00a0<\/span><\/p>\r\n<p><span style=\"font-weight: 400;\">Ela tem dura\u00e7\u00e3o m\u00ednima de 12 meses, e s\u00f3 se inicia ap\u00f3s o cumprimento do per\u00edodo de afastamento do aux\u00edlio-doen\u00e7a.\u00a0<\/span><\/p>\r\n<p><span style=\"font-weight: 400;\">A estabilidade \u00e9 concedida ap\u00f3s a per\u00edcia do INSS, onde o perito investiga as causas do acidente, e as enquadra de acordo com as determina\u00e7\u00f5es legais previstas na CLT.\u00a0<\/span><\/p>\r\n<p><span style=\"font-weight: 400;\">Ao longo do per\u00edodo de estabilidade, o profissional n\u00e3o pode ser dispensado pela empresa, mesmo em situa\u00e7\u00f5es de justa causa.\u00a0<\/span><\/p>\r\n\r\n\r\n\r\n<h2 class=\"wp-block-heading\" id=\"ancora10\">Como prevenir o desenvolvimento de doen\u00e7as ocupacionais?<\/h2>\r\n\r\n\r\n\r\n<p>Separamos nos itens abaixo algumas das possibilidades de melhoria da sa\u00fade dos seus colaboradores e das condi\u00e7\u00f5es de trabalho que eles possuem e que podem prejudicar sua integridade f\u00edsica e mental.<\/p>\r\n\r\n\r\n\r\n<p>Junto aos itens existem algumas observa\u00e7\u00f5es com artigos de lei.<\/p>\r\n<p>Isso permita que voc\u00ea veja como as solu\u00e7\u00f5es indicadas t\u00eam rela\u00e7\u00e3o com as previs\u00f5es legais de responsabilidades das empresas para com o bem-estar dos colaboradores.<\/p>\r\n\r\n\r\n\r\n<h3 class=\"wp-block-heading\" id=\"ancora11\">1. Garantir a execu\u00e7\u00e3o e regularidade dos exames ocupacionais<\/h3>\r\n\r\n\r\n\r\n<p>As empresas precisam se preocupar n\u00e3o apenas na admiss\u00e3o, com o exame admissional, mas tamb\u00e9m ao longo da trajet\u00f3ria do colaborador, incluindo no momento da demiss\u00e3o, e \u00e9 um ponto que est\u00e1 previsto em Lei.<\/p>\r\n\r\n\r\n\r\n<figure class=\"wp-block-pullquote has-background is-style-solid-color\" style=\"background-color: #f4f4f4;\">\r\n<blockquote>\r\n<p><em>Art. 168 &#8211; Ser\u00e1 obrigat\u00f3rio exame m\u00e9dico, por conta do empregador, nas condi\u00e7\u00f5es estabelecidas neste artigo e nas instru\u00e7\u00f5es complementares a serem expedidas pelo Minist\u00e9rio do Trabalho:\u00a0<\/em><\/p>\r\n<p><em>I &#8211; a admiss\u00e3o;\u00a0<\/em><\/p>\r\n<p><em>II &#8211; na demiss\u00e3o;<\/em><\/p>\r\n<p><em>III &#8211; periodicamente.\u00a0<\/em><\/p>\r\n<\/blockquote>\r\n<\/figure>\r\n\r\n\r\n\r\n<h3 class=\"wp-block-heading\" id=\"ancora12\">2. Oferecer EPIs e materiais de qualidade para o trabalho<\/h3>\r\n\r\n\r\n\r\n<p>O colaborador precisa ter todo o material necess\u00e1rio para execu\u00e7\u00e3o das atividades laborais, principalmente se for em trabalho remoto. E n\u00e3o pode faltar, os EPIs para manter os colaboradores seguros ao longo da jornada de trabalho.<\/p>\r\n<p><span data-sheets-value=\"{&quot;1&quot;:2,&quot;2&quot;:&quot;\n\t\t&lt;!--HubSpot Call-to-Action Code --&gt;\n\t\t&lt;span class=&quot;hs-cta-wrapper&quot; id=&quot;hs-cta-wrapper-4ff276ab-526e-46a7-83a6-a6f180f5e544&quot;&gt;\n\t\t&lt;span class=&quot;hs-cta-node hs-cta-4ff276ab-526e-46a7-83a6-a6f180f5e544&quot; id=&quot;4ff276ab-526e-46a7-83a6-a6f180f5e544&quot;&gt;\n\t\t&lt;!--[if lte IE 8]&gt;\n\t\t&lt;div id=&quot;hs-cta-ie-element&quot;&gt;&lt;\/div&gt;\n\t\t&lt;![endif]--&gt;\n\t\t&lt;a href=&quot;https:\/\/cta-redirect.hubspot.com\/cta\/redirect\/20984162\/4ff276ab-526e-46a7-83a6-a6f180f5e544&quot; &gt;\n\t\t&lt;img class=&quot;hs-cta-img&quot; id=&quot;hs-cta-img-4ff276ab-526e-46a7-83a6-a6f180f5e544&quot; style=&quot;border-width:0px;&quot; src=&quot;https:\/\/no-cache.hubspot.com\/cta\/default\/20984162\/4ff276ab-526e-46a7-83a6-a6f180f5e544.png&quot;  alt=&quot;New call-to-action&quot;\/&gt;\n\t\t&lt;\/a&gt;\n\t\t&lt;\/span&gt;\n\t\t&lt;script charset=&quot;utf-8&quot; src=&quot;\/\/js.hubspot.com\/cta\/current.js&quot;&gt;&lt;\/script&gt;\n\t\t&lt;script&gt;\n\t\thbspt.cta.load(20984162, &#039;4ff276ab-526e-46a7-83a6-a6f180f5e544&#039;, {});\n\t\t&lt;\/script&gt;\n\t\t&lt;\/span&gt;\n\t\t&lt;!-- end HubSpot Call-to-Action Code --&gt;\n\t\t&quot;}\" data-sheets-userformat=\"{&quot;2&quot;:899,&quot;3&quot;:{&quot;1&quot;:0},&quot;4&quot;:{&quot;1&quot;:2,&quot;2&quot;:16777215},&quot;10&quot;:1,&quot;11&quot;:4,&quot;12&quot;:0}\">\n\t\t<!--HubSpot Call-to-Action Code -->\n\t\t<span class=\"hs-cta-wrapper\" id=\"hs-cta-wrapper-4ff276ab-526e-46a7-83a6-a6f180f5e544\">\n\t\t<span class=\"hs-cta-node hs-cta-4ff276ab-526e-46a7-83a6-a6f180f5e544\" id=\"4ff276ab-526e-46a7-83a6-a6f180f5e544\">\n\t\t<!--[if lte IE 8]>\n\t\t<div id=\"hs-cta-ie-element\"><\/div>\n\t\t<![endif]-->\n\t\t<a href=\"https:\/\/cta-redirect.hubspot.com\/cta\/redirect\/20984162\/4ff276ab-526e-46a7-83a6-a6f180f5e544\" >\n\t\t<img decoding=\"async\" class=\"hs-cta-img\" id=\"hs-cta-img-4ff276ab-526e-46a7-83a6-a6f180f5e544\" style=\"border-width:0px;\" src=\"https:\/\/no-cache.hubspot.com\/cta\/default\/20984162\/4ff276ab-526e-46a7-83a6-a6f180f5e544.png\"  alt=\"New call-to-action\"\/>\n\t\t<\/a>\n\t\t<\/span>\n\t\t<script charset=\"utf-8\" src=\"\/\/js.hubspot.com\/cta\/current.js\"><\/script>\n\t\t<script>\n\t\thbspt.cta.load(20984162, '4ff276ab-526e-46a7-83a6-a6f180f5e544', {});\n\t\t<\/script>\n\t\t<\/span>\n\t\t<!-- end HubSpot Call-to-Action Code -->\n\t\t<\/span><\/p>\r\n\r\n\r\n\r\n<p>N\u00e3o se esque\u00e7a dos colaboradores do home office. Cogite conceder materiais ergom\u00e9tricos, como cadeiras e apoiadores de pulso e p\u00e9s.<\/p>\r\n\r\n\r\n\r\n<p>Outras possibilidades s\u00e3o o oferecimento de momentos para gin\u00e1stica laboral \u00e0 dist\u00e2ncia, manuais de exerc\u00edcios e sess\u00f5es de terapia online e individuais.<\/p>\r\n\r\n\r\n\r\n<figure class=\"wp-block-pullquote has-background is-style-solid-color\" style=\"background-color: #f4f4f4;\">\r\n<blockquote>\r\n<p><em>Art. 75-D. As disposi\u00e7\u00f5es relativas \u00e0 responsabilidade pela aquisi\u00e7\u00e3o, manuten\u00e7\u00e3o ou fornecimento dos equipamentos tecnol\u00f3gicos e da infraestrutura necess\u00e1ria e adequada \u00e0 presta\u00e7\u00e3o do trabalho remoto, bem como ao reembolso de despesas arcadas pelo empregado, ser\u00e3o previstas em contrato escrito.<\/em><\/p>\r\n<\/blockquote>\r\n<\/figure>\r\n\r\n\r\n\r\n<h3 class=\"wp-block-heading\" id=\"ancora13\">3. Ofertar plano de sa\u00fade para os seus colaboradores<\/h3>\r\n\r\n\r\n\r\n<p>O plano de sa\u00fade \u00e9 fundamental para que os colaboradores possam cuidar da sua sa\u00fade, prevenindo problemas de sa\u00fade e melhorando sua qualidade de vida.<\/p>\r\n<p>E principalmente, se houver algum acidente ou desenvolvimento de alguma doen\u00e7a relacionada ao trabalho, ele possa obter o melhor tratamento, e suporte da empresa.<\/p>\r\n\r\n\r\n\r\n<h2 class=\"wp-block-heading\" id=\"ancora14\">Conclus\u00e3o<\/h2>\r\n\r\n\r\n\r\n<p>As doen\u00e7as ocupacionais est\u00e3o presentes na realidade das empresas, mas \u00e9 importante que a empresa compreenda que a ado\u00e7\u00e3o de algumas pr\u00e1ticas, e mudan\u00e7as na sua cultura, pode promover uma vida muito mais saud\u00e1vel para seus colaboradores, e na maioria dos casos, evitar o desenvolvimento de tais doen\u00e7as.<\/p>\r\n\r\n\r\n","protected":false},"excerpt":{"rendered":"<p>Doen\u00e7as ocupacionais s\u00e3o aquelas que possuem rela\u00e7\u00e3o com as atividades que o colaborador presta para seu empregador. Elas podem ser de ordem ps\u00edquica e f\u00edsica e s\u00e3o muito comuns, seja por repeti\u00e7\u00e3o de movimentos ou condi\u00e7\u00f5es de trabalho. Esse tipo de doen\u00e7a gera uma s\u00e9rie de responsabilidade aos empregadores. Elas s\u00e3o de ordem preventiva, para [&hellip;]<\/p>\n","protected":false},"author":11,"featured_media":35402,"comment_status":"closed","ping_status":"open","sticky":false,"template":"","format":"standard","meta":{"content-type":"","footnotes":""},"categories":[224],"tags":[14426,14427,14794],"yoast_head":"<!-- This site is optimized with the Yoast SEO Premium plugin v22.2 (Yoast SEO v22.2) - https:\/\/yoast.com\/wordpress\/plugins\/seo\/ -->\n<title>Doen\u00e7as Ocupacionais: quais as principais? Como prevenir na sua empresa? | Oitchau<\/title>\n<meta name=\"description\" content=\"Doen\u00e7as ocupacionais s\u00e3o aquelas que possuem rela\u00e7\u00e3o com as atividades que o colaborador presta para seu empregador. Saiba mais aqui!\" \/>\n<meta name=\"robots\" content=\"index, follow, max-snippet:-1, max-image-preview:large, max-video-preview:-1\" \/>\n<link rel=\"canonical\" href=\"https:\/\/www.oitchau.com.br\/blog\/doencas-ocupacionais\/\" \/>\n<meta property=\"og:locale\" content=\"pt_BR\" \/>\n<meta property=\"og:type\" content=\"article\" \/>\n<meta property=\"og:title\" content=\"Doen\u00e7as Ocupacionais: quais as principais? Como prevenir na sua empresa?\" \/>\n<meta property=\"og:description\" content=\"Doen\u00e7as ocupacionais s\u00e3o aquelas que possuem rela\u00e7\u00e3o com as atividades que o colaborador presta para seu empregador. Saiba mais aqui!\" \/>\n<meta property=\"og:url\" content=\"https:\/\/www.oitchau.com.br\/blog\/doencas-ocupacionais\/\" \/>\n<meta property=\"og:site_name\" content=\"Controle de Ponto &amp; Timesheets\" \/>\n<meta property=\"article:publisher\" content=\"https:\/\/www.facebook.com\/oitchaubr\/\" \/>\n<meta property=\"article:published_time\" content=\"2021-05-14T16:38:44+00:00\" \/>\n<meta property=\"article:modified_time\" content=\"2024-08-02T17:35:46+00:00\" \/>\n<meta property=\"og:image\" content=\"https:\/\/storage.googleapis.com\/oitchaublog\/2021\/05\/ec97e7ba-doencas-ocupacionais.png\" \/>\n\t<meta property=\"og:image:width\" content=\"1982\" \/>\n\t<meta property=\"og:image:height\" content=\"800\" \/>\n\t<meta property=\"og:image:type\" content=\"image\/png\" \/>\n<meta name=\"author\" content=\"Aline Mesquita\" \/>\n<meta name=\"twitter:card\" content=\"summary_large_image\" \/>\n<meta name=\"twitter:creator\" content=\"@oitchaubr\" \/>\n<meta name=\"twitter:site\" content=\"@oitchaubr\" \/>\n<meta name=\"twitter:label1\" content=\"Written by\" \/>\n\t<meta name=\"twitter:data1\" content=\"Aline Mesquita\" \/>\n\t<meta name=\"twitter:label2\" content=\"Est. reading time\" \/>\n\t<meta name=\"twitter:data2\" content=\"11 minutos\" \/>\n<script type=\"application\/ld+json\" class=\"yoast-schema-graph\">{\"@context\":\"https:\/\/schema.org\",\"@graph\":[{\"@type\":[\"Article\",\"BlogPosting\"],\"@id\":\"https:\/\/www.oitchau.com.br\/blog\/doencas-ocupacionais\/#article\",\"isPartOf\":{\"@id\":\"https:\/\/www.oitchau.com.br\/blog\/doencas-ocupacionais\/\"},\"author\":{\"name\":\"Aline Mesquita\",\"@id\":\"https:\/\/www.oitchau.com.br\/blog\/#\/schema\/person\/40ba65f8664531ffe1465f6cb9d82430\"},\"headline\":\"Doen\u00e7as Ocupacionais: quais as principais? Como prevenir na sua empresa?\",\"datePublished\":\"2021-05-14T16:38:44+00:00\",\"dateModified\":\"2024-08-02T17:35:46+00:00\",\"mainEntityOfPage\":{\"@id\":\"https:\/\/www.oitchau.com.br\/blog\/doencas-ocupacionais\/\"},\"wordCount\":2461,\"publisher\":{\"@id\":\"https:\/\/www.oitchau.com.br\/blog\/#organization\"},\"image\":{\"@id\":\"https:\/\/www.oitchau.com.br\/blog\/doencas-ocupacionais\/#primaryimage\"},\"thumbnailUrl\":\"https:\/\/storage.googleapis.com\/oitchaublog\/2021\/05\/ec97e7ba-doencas-ocupacionais.png\",\"keywords\":[\"doen\u00e7as ocupacionais\",\"LER\",\"Sa\u00fade mental\"],\"articleSection\":[\"Gest\u00e3o de Pessoas\"],\"inLanguage\":\"pt-BR\"},{\"@type\":\"WebPage\",\"@id\":\"https:\/\/www.oitchau.com.br\/blog\/doencas-ocupacionais\/\",\"url\":\"https:\/\/www.oitchau.com.br\/blog\/doencas-ocupacionais\/\",\"name\":\"Doen\u00e7as Ocupacionais: quais as principais? Como prevenir na sua empresa? | Oitchau\",\"isPartOf\":{\"@id\":\"https:\/\/www.oitchau.com.br\/blog\/#website\"},\"primaryImageOfPage\":{\"@id\":\"https:\/\/www.oitchau.com.br\/blog\/doencas-ocupacionais\/#primaryimage\"},\"image\":{\"@id\":\"https:\/\/www.oitchau.com.br\/blog\/doencas-ocupacionais\/#primaryimage\"},\"thumbnailUrl\":\"https:\/\/storage.googleapis.com\/oitchaublog\/2021\/05\/ec97e7ba-doencas-ocupacionais.png\",\"datePublished\":\"2021-05-14T16:38:44+00:00\",\"dateModified\":\"2024-08-02T17:35:46+00:00\",\"description\":\"Doen\u00e7as ocupacionais s\u00e3o aquelas que possuem rela\u00e7\u00e3o com as atividades que o colaborador presta para seu empregador. Saiba mais aqui!\",\"breadcrumb\":{\"@id\":\"https:\/\/www.oitchau.com.br\/blog\/doencas-ocupacionais\/#breadcrumb\"},\"inLanguage\":\"pt-BR\",\"potentialAction\":[{\"@type\":\"ReadAction\",\"target\":[\"https:\/\/www.oitchau.com.br\/blog\/doencas-ocupacionais\/\"]}]},{\"@type\":\"ImageObject\",\"inLanguage\":\"pt-BR\",\"@id\":\"https:\/\/www.oitchau.com.br\/blog\/doencas-ocupacionais\/#primaryimage\",\"url\":\"https:\/\/storage.googleapis.com\/oitchaublog\/2021\/05\/ec97e7ba-doencas-ocupacionais.png\",\"contentUrl\":\"https:\/\/storage.googleapis.com\/oitchaublog\/2021\/05\/ec97e7ba-doencas-ocupacionais.png\",\"width\":1982,\"height\":800,\"caption\":\"Doen\u00e7as ocupacionais\"},{\"@type\":\"BreadcrumbList\",\"@id\":\"https:\/\/www.oitchau.com.br\/blog\/doencas-ocupacionais\/#breadcrumb\",\"itemListElement\":[{\"@type\":\"ListItem\",\"position\":1,\"name\":\"Blog\",\"item\":\"https:\/\/www.oitchau.com.br\/blog\/\"},{\"@type\":\"ListItem\",\"position\":2,\"name\":\"Doen\u00e7as Ocupacionais: quais as principais? Como prevenir na sua empresa?\"}]},{\"@type\":\"WebSite\",\"@id\":\"https:\/\/www.oitchau.com.br\/blog\/#website\",\"url\":\"https:\/\/www.oitchau.com.br\/blog\/\",\"name\":\"Controle de Ponto & Timesheets\",\"description\":\"\",\"publisher\":{\"@id\":\"https:\/\/www.oitchau.com.br\/blog\/#organization\"},\"potentialAction\":[{\"@type\":\"SearchAction\",\"target\":{\"@type\":\"EntryPoint\",\"urlTemplate\":\"https:\/\/www.oitchau.com.br\/blog\/?s={search_term_string}\"},\"query-input\":\"required name=search_term_string\"}],\"inLanguage\":\"pt-BR\"},{\"@type\":\"Organization\",\"@id\":\"https:\/\/www.oitchau.com.br\/blog\/#organization\",\"name\":\"Oitchau\",\"url\":\"https:\/\/www.oitchau.com.br\/blog\/\",\"logo\":{\"@type\":\"ImageObject\",\"inLanguage\":\"pt-BR\",\"@id\":\"https:\/\/www.oitchau.com.br\/blog\/#\/schema\/logo\/image\/\",\"url\":\"https:\/\/storage.googleapis.com\/oitchaublog\/2024\/03\/a0e65c6f-design-sem-nome-20.png\",\"contentUrl\":\"https:\/\/storage.googleapis.com\/oitchaublog\/2024\/03\/a0e65c6f-design-sem-nome-20.png\",\"width\":696,\"height\":696,\"caption\":\"Oitchau\"},\"image\":{\"@id\":\"https:\/\/www.oitchau.com.br\/blog\/#\/schema\/logo\/image\/\"},\"sameAs\":[\"https:\/\/www.facebook.com\/oitchaubr\/\",\"https:\/\/twitter.com\/oitchaubr\",\"https:\/\/instagram.com\/oitchaubr\"],\"description\":\"A Oitchau \u00e9 uma solu\u00e7\u00e3o completa para gest\u00e3o de tempo dos colaboradores, atrav\u00e9s de suas solu\u00e7\u00f5es de controle de ponto & timesheets, ela permite que gestores, RH e DP possam gerenciar desde a jornada de trabalho de funcion\u00e1rios at\u00e9 a gest\u00e3o de tempo em projetos. Elevando o n\u00edvel estrat\u00e9gico do neg\u00f3cio de forma inteligente e assertiva, potencializando seus resultados e garantindo compliance com a Lei.\",\"email\":\"contato@oitchau.com.br\",\"telephone\":\"+551142102846\",\"foundingDate\":\"2016-01-01\",\"numberOfEmployees\":{\"@type\":\"QuantitativeValue\",\"minValue\":\"51\",\"maxValue\":\"200\"}},{\"@type\":\"Person\",\"@id\":\"https:\/\/www.oitchau.com.br\/blog\/#\/schema\/person\/40ba65f8664531ffe1465f6cb9d82430\",\"name\":\"Aline Mesquita\",\"url\":\"https:\/\/www.oitchau.com.br\/blog\/author\/aline\/\"}]}<\/script>\n<!-- \/ Yoast SEO Premium plugin. -->","yoast_head_json":{"title":"Doen\u00e7as Ocupacionais: quais as principais? Como prevenir na sua empresa? | Oitchau","description":"Doen\u00e7as ocupacionais s\u00e3o aquelas que possuem rela\u00e7\u00e3o com as atividades que o colaborador presta para seu empregador. Saiba mais aqui!","robots":{"index":"index","follow":"follow","max-snippet":"max-snippet:-1","max-image-preview":"max-image-preview:large","max-video-preview":"max-video-preview:-1"},"canonical":"https:\/\/www.oitchau.com.br\/blog\/doencas-ocupacionais\/","og_locale":"pt_BR","og_type":"article","og_title":"Doen\u00e7as Ocupacionais: quais as principais? Como prevenir na sua empresa?","og_description":"Doen\u00e7as ocupacionais s\u00e3o aquelas que possuem rela\u00e7\u00e3o com as atividades que o colaborador presta para seu empregador. Saiba mais aqui!","og_url":"https:\/\/www.oitchau.com.br\/blog\/doencas-ocupacionais\/","og_site_name":"Controle de Ponto &amp; Timesheets","article_publisher":"https:\/\/www.facebook.com\/oitchaubr\/","article_published_time":"2021-05-14T16:38:44+00:00","article_modified_time":"2024-08-02T17:35:46+00:00","og_image":[{"width":1982,"height":800,"url":"https:\/\/storage.googleapis.com\/oitchaublog\/2021\/05\/ec97e7ba-doencas-ocupacionais.png","type":"image\/png"}],"author":"Aline Mesquita","twitter_card":"summary_large_image","twitter_creator":"@oitchaubr","twitter_site":"@oitchaubr","twitter_misc":{"Written by":"Aline Mesquita","Est. reading time":"11 minutos"},"schema":{"@context":"https:\/\/schema.org","@graph":[{"@type":["Article","BlogPosting"],"@id":"https:\/\/www.oitchau.com.br\/blog\/doencas-ocupacionais\/#article","isPartOf":{"@id":"https:\/\/www.oitchau.com.br\/blog\/doencas-ocupacionais\/"},"author":{"name":"Aline Mesquita","@id":"https:\/\/www.oitchau.com.br\/blog\/#\/schema\/person\/40ba65f8664531ffe1465f6cb9d82430"},"headline":"Doen\u00e7as Ocupacionais: quais as principais? Como prevenir na sua empresa?","datePublished":"2021-05-14T16:38:44+00:00","dateModified":"2024-08-02T17:35:46+00:00","mainEntityOfPage":{"@id":"https:\/\/www.oitchau.com.br\/blog\/doencas-ocupacionais\/"},"wordCount":2461,"publisher":{"@id":"https:\/\/www.oitchau.com.br\/blog\/#organization"},"image":{"@id":"https:\/\/www.oitchau.com.br\/blog\/doencas-ocupacionais\/#primaryimage"},"thumbnailUrl":"https:\/\/storage.googleapis.com\/oitchaublog\/2021\/05\/ec97e7ba-doencas-ocupacionais.png","keywords":["doen\u00e7as ocupacionais","LER","Sa\u00fade mental"],"articleSection":["Gest\u00e3o de Pessoas"],"inLanguage":"pt-BR"},{"@type":"WebPage","@id":"https:\/\/www.oitchau.com.br\/blog\/doencas-ocupacionais\/","url":"https:\/\/www.oitchau.com.br\/blog\/doencas-ocupacionais\/","name":"Doen\u00e7as Ocupacionais: quais as principais? Como prevenir na sua empresa? | Oitchau","isPartOf":{"@id":"https:\/\/www.oitchau.com.br\/blog\/#website"},"primaryImageOfPage":{"@id":"https:\/\/www.oitchau.com.br\/blog\/doencas-ocupacionais\/#primaryimage"},"image":{"@id":"https:\/\/www.oitchau.com.br\/blog\/doencas-ocupacionais\/#primaryimage"},"thumbnailUrl":"https:\/\/storage.googleapis.com\/oitchaublog\/2021\/05\/ec97e7ba-doencas-ocupacionais.png","datePublished":"2021-05-14T16:38:44+00:00","dateModified":"2024-08-02T17:35:46+00:00","description":"Doen\u00e7as ocupacionais s\u00e3o aquelas que possuem rela\u00e7\u00e3o com as atividades que o colaborador presta para seu empregador. Saiba mais aqui!","breadcrumb":{"@id":"https:\/\/www.oitchau.com.br\/blog\/doencas-ocupacionais\/#breadcrumb"},"inLanguage":"pt-BR","potentialAction":[{"@type":"ReadAction","target":["https:\/\/www.oitchau.com.br\/blog\/doencas-ocupacionais\/"]}]},{"@type":"ImageObject","inLanguage":"pt-BR","@id":"https:\/\/www.oitchau.com.br\/blog\/doencas-ocupacionais\/#primaryimage","url":"https:\/\/storage.googleapis.com\/oitchaublog\/2021\/05\/ec97e7ba-doencas-ocupacionais.png","contentUrl":"https:\/\/storage.googleapis.com\/oitchaublog\/2021\/05\/ec97e7ba-doencas-ocupacionais.png","width":1982,"height":800,"caption":"Doen\u00e7as ocupacionais"},{"@type":"BreadcrumbList","@id":"https:\/\/www.oitchau.com.br\/blog\/doencas-ocupacionais\/#breadcrumb","itemListElement":[{"@type":"ListItem","position":1,"name":"Blog","item":"https:\/\/www.oitchau.com.br\/blog\/"},{"@type":"ListItem","position":2,"name":"Doen\u00e7as Ocupacionais: quais as principais? Como prevenir na sua empresa?"}]},{"@type":"WebSite","@id":"https:\/\/www.oitchau.com.br\/blog\/#website","url":"https:\/\/www.oitchau.com.br\/blog\/","name":"Controle de Ponto & Timesheets","description":"","publisher":{"@id":"https:\/\/www.oitchau.com.br\/blog\/#organization"},"potentialAction":[{"@type":"SearchAction","target":{"@type":"EntryPoint","urlTemplate":"https:\/\/www.oitchau.com.br\/blog\/?s={search_term_string}"},"query-input":"required name=search_term_string"}],"inLanguage":"pt-BR"},{"@type":"Organization","@id":"https:\/\/www.oitchau.com.br\/blog\/#organization","name":"Oitchau","url":"https:\/\/www.oitchau.com.br\/blog\/","logo":{"@type":"ImageObject","inLanguage":"pt-BR","@id":"https:\/\/www.oitchau.com.br\/blog\/#\/schema\/logo\/image\/","url":"https:\/\/storage.googleapis.com\/oitchaublog\/2024\/03\/a0e65c6f-design-sem-nome-20.png","contentUrl":"https:\/\/storage.googleapis.com\/oitchaublog\/2024\/03\/a0e65c6f-design-sem-nome-20.png","width":696,"height":696,"caption":"Oitchau"},"image":{"@id":"https:\/\/www.oitchau.com.br\/blog\/#\/schema\/logo\/image\/"},"sameAs":["https:\/\/www.facebook.com\/oitchaubr\/","https:\/\/twitter.com\/oitchaubr","https:\/\/instagram.com\/oitchaubr"],"description":"A Oitchau \u00e9 uma solu\u00e7\u00e3o completa para gest\u00e3o de tempo dos colaboradores, atrav\u00e9s de suas solu\u00e7\u00f5es de controle de ponto & timesheets, ela permite que gestores, RH e DP possam gerenciar desde a jornada de trabalho de funcion\u00e1rios at\u00e9 a gest\u00e3o de tempo em projetos. Elevando o n\u00edvel estrat\u00e9gico do neg\u00f3cio de forma inteligente e assertiva, potencializando seus resultados e garantindo compliance com a Lei.","email":"contato@oitchau.com.br","telephone":"+551142102846","foundingDate":"2016-01-01","numberOfEmployees":{"@type":"QuantitativeValue","minValue":"51","maxValue":"200"}},{"@type":"Person","@id":"https:\/\/www.oitchau.com.br\/blog\/#\/schema\/person\/40ba65f8664531ffe1465f6cb9d82430","name":"Aline Mesquita","url":"https:\/\/www.oitchau.com.br\/blog\/author\/aline\/"}]}},"_links":{"self":[{"href":"https:\/\/www.oitchau.com.br\/blog\/wp-json\/wp\/v2\/posts\/15439"}],"collection":[{"href":"https:\/\/www.oitchau.com.br\/blog\/wp-json\/wp\/v2\/posts"}],"about":[{"href":"https:\/\/www.oitchau.com.br\/blog\/wp-json\/wp\/v2\/types\/post"}],"author":[{"embeddable":true,"href":"https:\/\/www.oitchau.com.br\/blog\/wp-json\/wp\/v2\/users\/11"}],"replies":[{"embeddable":true,"href":"https:\/\/www.oitchau.com.br\/blog\/wp-json\/wp\/v2\/comments?post=15439"}],"version-history":[{"count":2,"href":"https:\/\/www.oitchau.com.br\/blog\/wp-json\/wp\/v2\/posts\/15439\/revisions"}],"predecessor-version":[{"id":35403,"href":"https:\/\/www.oitchau.com.br\/blog\/wp-json\/wp\/v2\/posts\/15439\/revisions\/35403"}],"wp:featuredmedia":[{"embeddable":true,"href":"https:\/\/www.oitchau.com.br\/blog\/wp-json\/wp\/v2\/media\/35402"}],"wp:attachment":[{"href":"https:\/\/www.oitchau.com.br\/blog\/wp-json\/wp\/v2\/media?parent=15439"}],"wp:term":[{"taxonomy":"category","embeddable":true,"href":"https:\/\/www.oitchau.com.br\/blog\/wp-json\/wp\/v2\/categories?post=15439"},{"taxonomy":"post_tag","embeddable":true,"href":"https:\/\/www.oitchau.com.br\/blog\/wp-json\/wp\/v2\/tags?post=15439"}],"curies":[{"name":"wp","href":"https:\/\/api.w.org\/{rel}","templated":true}]}}