{"id":15195,"date":"2021-05-05T22:52:17","date_gmt":"2021-05-05T19:52:17","guid":{"rendered":"https:\/\/www.oitchau.com.br\/blog\/?p=15195"},"modified":"2024-08-02T15:22:30","modified_gmt":"2024-08-02T12:22:30","slug":"inclusao-de-pessoas-surdas-nas-empresas","status":"publish","type":"post","link":"https:\/\/www.oitchau.com.br\/blog\/inclusao-de-pessoas-surdas-nas-empresas\/","title":{"rendered":"Boas pr\u00e1ticas para inclus\u00e3o de pessoas surdas nas empresas"},"content":{"rendered":"\r\n<p>A inclus\u00e3o de pessoas surdas no ambiente de trabalho \u00e9 uma das obriga\u00e7\u00f5es das empresas quando o assunto \u00e9 <a href=\"https:\/\/www.oitchau.com.br\/blog\/acessibilidade-na-empresa\/\" data-type=\"URL\" data-id=\"https:\/\/www.oitchau.com.br\/blog\/acessibilidade-na-empresa\/\">acessibilidade<\/a>. E para que isso ocorra de acordo com a lei e com as boas pr\u00e1ticas, \u00e9 preciso seguir algumas diretrizes.<\/p>\r\n\r\n\r\n\r\n<p>Sendo essa uma quest\u00e3o t\u00e3o cara \u00e0 sociedade em geral e ao desenvolvimento de um pa\u00eds mais justo, \u00e9 imprescind\u00edvel que a sua empresa esteja \u00e0 par de tais diretrizes.\u00a0<\/p>\r\n\r\n\r\n\r\n<p>Para ajudar, separamos algumas boas pr\u00e1ticas de inclus\u00e3o de colaboradores surdos.<\/p>\r\n\r\n\r\n\r\n\r\n\r\n<h2 class=\"wp-block-heading\" id=\"ancora01\">Acessibilidade e inclus\u00e3o: Entenda import\u00e2ncia<\/h2>\r\n\r\n\r\n\r\n<p>Hoje existe mais de 10 milh\u00f5es de pessoas surdas no Brasil, o que representa quase 5% da popula\u00e7\u00e3o do nosso pa\u00eds, de acordo com o \u00faltimo censo. Os graus de surdez variam, podendo ser totais, m\u00e9dio ou baixos.<\/p>\r\n\r\n\r\n\r\n\r\n\r\n<p>A regulamenta\u00e7\u00e3o da contrata\u00e7\u00e3o de pessoas com defici\u00eancia se d\u00e1 pela <a href=\"http:\/\/www.planalto.gov.br\/ccivil_03\/_ato2015-2018\/2015\/lei\/l13146.htm\" data-type=\"URL\" data-id=\"http:\/\/www.planalto.gov.br\/ccivil_03\/_ato2015-2018\/2015\/lei\/l13146.htm\">Lei 13146\/2015<\/a>. Ela \u00e9 conhecida como Lei de Acessibilidade e sua responsabilidade \u00e9 determinar a acessibilidade (e defini-la), o que ocorre em seu artigo 3\u00ba:<\/p>\r\n\r\n\r\n\r\n<blockquote class=\"wp-block-quote\">\r\n<p><em>Art. 3\u00ba Para fins de aplica\u00e7\u00e3o desta Lei, consideram-se:<\/em><\/p>\r\n<p><em>I &#8211; acessibilidade: possibilidade e condi\u00e7\u00e3o de alcance para utiliza\u00e7\u00e3o, com seguran\u00e7a e autonomia, de espa\u00e7os, mobili\u00e1rios, equipamentos urbanos, edifica\u00e7\u00f5es, transportes, informa\u00e7\u00e3o e comunica\u00e7\u00e3o, inclusive seus sistemas e tecnologias, bem como de outros servi\u00e7os e instala\u00e7\u00f5es abertos ao p\u00fablico, de uso p\u00fablico ou privados de uso coletivo, tanto na zona urbana como na rural, por pessoa com defici\u00eancia ou com mobilidade reduzida;<\/em><\/p>\r\n<\/blockquote>\r\n\r\n\r\n\r\n<p>Essa lei se refere a todos os tipos de defici\u00eancia, que podem ser ps\u00edquicas, f\u00edsicas, de audi\u00e7\u00e3o, vis\u00e3o ou fala.<\/p>\r\n\r\n\r\n\r\n<p>Cada uma delas tem suas pr\u00f3prias necessidades que se revelam em adapta\u00e7\u00f5es que por sua vez s\u00e3o instrumentos de acessibilidade.<\/p>\r\n\r\n\r\n\r\n<p>A lei n\u00e3o se limita apenas a definir o que \u00e9 acessibilidade.<\/p>\r\n\r\n\r\n\r\n<p>Ela tamb\u00e9m traz um rol de respons\u00e1veis por promov\u00ea-las e entre eles est\u00e3o as empresas em rela\u00e7\u00e3o aos colaboradores, que devem adaptar seus espa\u00e7os e contratar pessoas com defici\u00eancia:<\/p>\r\n\r\n\r\n\r\n<blockquote class=\"wp-block-quote\">\r\n<p><em>Art. 34. A pessoa com defici\u00eancia tem direito ao trabalho de sua livre escolha e aceita\u00e7\u00e3o, em ambiente acess\u00edvel e inclusivo, em igualdade de oportunidades com as demais pessoas.<\/em><\/p>\r\n<p><em>\u00a7 1\u00ba <strong>As pessoas jur\u00eddicas de direito p\u00fablico, privado ou de qualquer natureza s\u00e3o obrigadas a garantir ambientes de trabalho acess\u00edveis e inclusivos<\/strong>.<\/em><\/p>\r\n<p><em>\u00a7 2\u00ba A pessoa com defici\u00eancia tem direito, em igualdade de oportunidades com as demais pessoas, a condi\u00e7\u00f5es justas e favor\u00e1veis de trabalho, incluindo igual remunera\u00e7\u00e3o por trabalho de igual valor.<\/em><\/p>\r\n<p><em>\u00a7 3\u00ba \u00c9 vedada restri\u00e7\u00e3o ao trabalho da pessoa com defici\u00eancia e qualquer discrimina\u00e7\u00e3o em raz\u00e3o de sua condi\u00e7\u00e3o, inclusive nas etapas de recrutamento, sele\u00e7\u00e3o, contrata\u00e7\u00e3o, admiss\u00e3o, exames admissional e peri\u00f3dico, perman\u00eancia no emprego, ascens\u00e3o profissional e reabilita\u00e7\u00e3o profissional, bem como exig\u00eancia de aptid\u00e3o plena.<\/em><\/p>\r\n<p><em>\u00a7 4\u00ba A pessoa com defici\u00eancia tem direito \u00e0 participa\u00e7\u00e3o e ao acesso a cursos, treinamentos, educa\u00e7\u00e3o continuada, planos de carreira, promo\u00e7\u00f5es, bonifica\u00e7\u00f5es e incentivos profissionais oferecidos pelo empregador, em igualdade de oportunidades com os demais empregados.<\/em><\/p>\r\n<p><em>\u00a7 5\u00ba \u00c9 garantida aos trabalhadores com defici\u00eancia acessibilidade em cursos de forma\u00e7\u00e3o e de capacita\u00e7\u00e3o.<\/em><\/p>\r\n<p><em>Art. 35. <strong>\u00c9 finalidade primordial das pol\u00edticas p\u00fablicas de trabalho e emprego promover e garantir condi\u00e7\u00f5es de acesso e de perman\u00eancia da pessoa com defici\u00eancia no campo de trabalho<\/strong>.<\/em><\/p>\r\n<p><em>Par\u00e1grafo \u00fanico. Os programas de est\u00edmulo ao empreendedorismo e ao trabalho aut\u00f4nomo, inclu\u00eddos o cooperativismo e o associativismo, devem prever a participa\u00e7\u00e3o da pessoa com defici\u00eancia e a disponibiliza\u00e7\u00e3o de linhas de cr\u00e9dito, quando necess\u00e1rias.<\/em><\/p>\r\n<\/blockquote>\r\n\r\n\r\n\r\n<p>Caso voc\u00ea tenha d\u00favidas sobre como \u00e9 poss\u00edvel realizar a inclus\u00e3o de pessoas surdas na sua empresa, n\u00e3o se preocupe.<\/p>\r\n\r\n\r\n\r\n<p>Abaixo voc\u00ea encontra dicas essenciais para promover essa acessibilidade e contrata\u00e7\u00f5es com base em boas pr\u00e1ticas de RH.<\/p>\r\n\r\n\r\n\r\n<h3 class=\"wp-block-heading\" id=\"ancora02\">Torne os seus processos seletivos acess\u00edveis<\/h3>\r\n\r\n\r\n\r\n<p>A primeira quest\u00e3o que envolve a inclus\u00e3o de pessoas surdas na sua empresa se refere aos pr\u00f3prios <a href=\"https:\/\/www.oitchau.com.br\/blog\/discriminacao-racial-no-processo-seletivo\/\">processos seletivos<\/a>. S\u00e3o eles quem defini quem ser\u00e3o as pessoas contratadas para ocupar cargos na corpora\u00e7\u00e3o.<\/p>\r\n\r\n\r\n\r\n<p>Isso leva \u00e0 conclus\u00e3o de que eles devem dar a oportunidade para que pessoas com defici\u00eancia auditiva possam participar deles. Esse fator resulta nas necessidades de adapta\u00e7\u00e3o considerando as suas limita\u00e7\u00f5es.<\/p>\r\n\r\n\r\n\r\n<p>Dentre as adapta\u00e7\u00f5es, considere os meios de divulga\u00e7\u00e3o das vagas e se o seu site possui ferramentas de tradu\u00e7\u00e3o para libras (apenas 1% das p\u00e1ginas atualmente possuem e isso \u00e9 important\u00edssimo).<\/p>\r\n\r\n\r\n\r\n<p>Outra quest\u00e3o que envolve as adapta\u00e7\u00f5es \u00e9 a presen\u00e7a de pessoas fluentes na linguagem de libras para as entrevistas. Voc\u00ea deve dar a oportunidade de comunica\u00e7\u00e3o e fazer com que ela realmente ocorra de maneira correta.<\/p>\r\n\r\n\r\n\r\n<p>Todas as fases de sele\u00e7\u00e3o devem ser revisadas para que falhas para a inclus\u00e3o sejam reconhecidas e contornadas.<\/p>\r\n\r\n\r\n\r\n<p>Considere a comunica\u00e7\u00e3o, a divulga\u00e7\u00e3o e adapta\u00e7\u00e3o de ferramentas de trabalho, sobre as quais veremos no pr\u00f3ximo item.<\/p>\r\n\r\n\r\n\r\n<p>O \u00faltimo ponto que levantamos em rela\u00e7\u00e3o \u00e0 inclus\u00e3o de pessoas surdas nas empresas \u00e9 que isso deve ocorrer para al\u00e9m das cotas e para diversas fun\u00e7\u00f5es e setores. O capacitismo deve ser deixado de lado.<\/p>\r\n\r\n\r\n\r\n<h3 class=\"wp-block-heading\" id=\"ancora03\">Obtenha materiais que se adaptem \u00e0s libras<\/h3>\r\n\r\n\r\n\r\n<p>N\u00e3o basta que o processo seletivo seja inclusivo se a entrada no colaborador na empresa n\u00e3o encontre materiais adaptados \u00e0 sua situa\u00e7\u00e3o. Uma das adapta\u00e7\u00f5es \u00e9 online, no seu site e ferramentas de trabalho.<\/p>\r\n<p><span data-sheets-value=\"{&quot;1&quot;:2,&quot;2&quot;:&quot;\n\t\t&lt;!--HubSpot Call-to-Action Code --&gt;\n\t\t&lt;span class=&quot;hs-cta-wrapper&quot; id=&quot;hs-cta-wrapper-959cb07d-ca53-460c-a412-b4c81d2c1122&quot;&gt;\n\t\t&lt;span class=&quot;hs-cta-node hs-cta-959cb07d-ca53-460c-a412-b4c81d2c1122&quot; id=&quot;959cb07d-ca53-460c-a412-b4c81d2c1122&quot;&gt;\n\t\t&lt;!--[if lte IE 8]&gt;\n\t\t&lt;div id=&quot;hs-cta-ie-element&quot;&gt;&lt;\/div&gt;\n\t\t&lt;![endif]--&gt;\n\t\t&lt;a href=&quot;https:\/\/cta-redirect.hubspot.com\/cta\/redirect\/20984162\/959cb07d-ca53-460c-a412-b4c81d2c1122&quot; &gt;\n\t\t&lt;img class=&quot;hs-cta-img&quot; id=&quot;hs-cta-img-959cb07d-ca53-460c-a412-b4c81d2c1122&quot; style=&quot;border-width:0px;&quot; src=&quot;https:\/\/no-cache.hubspot.com\/cta\/default\/20984162\/959cb07d-ca53-460c-a412-b4c81d2c1122.png&quot;  alt=&quot;New call-to-action&quot;\/&gt;\n\t\t&lt;\/a&gt;\n\t\t&lt;\/span&gt;\n\t\t&lt;script charset=&quot;utf-8&quot; src=&quot;\/\/js.hubspot.com\/cta\/current.js&quot;&gt;&lt;\/script&gt;\n\t\t&lt;script&gt;\n\t\thbspt.cta.load(20984162, &#039;959cb07d-ca53-460c-a412-b4c81d2c1122&#039;, {});\n\t\t&lt;\/script&gt;\n\t\t&lt;\/span&gt;\n\t\t&lt;!-- end HubSpot Call-to-Action Code --&gt;\n\t\t&quot;}\" data-sheets-userformat=\"{&quot;2&quot;:899,&quot;3&quot;:{&quot;1&quot;:0},&quot;4&quot;:{&quot;1&quot;:2,&quot;2&quot;:16777215},&quot;10&quot;:1,&quot;11&quot;:4,&quot;12&quot;:0}\">\n\t\t<!--HubSpot Call-to-Action Code -->\n\t\t<span class=\"hs-cta-wrapper\" id=\"hs-cta-wrapper-959cb07d-ca53-460c-a412-b4c81d2c1122\">\n\t\t<span class=\"hs-cta-node hs-cta-959cb07d-ca53-460c-a412-b4c81d2c1122\" id=\"959cb07d-ca53-460c-a412-b4c81d2c1122\">\n\t\t<!--[if lte IE 8]>\n\t\t<div id=\"hs-cta-ie-element\"><\/div>\n\t\t<![endif]-->\n\t\t<a href=\"https:\/\/cta-redirect.hubspot.com\/cta\/redirect\/20984162\/959cb07d-ca53-460c-a412-b4c81d2c1122\" >\n\t\t<img decoding=\"async\" class=\"hs-cta-img\" id=\"hs-cta-img-959cb07d-ca53-460c-a412-b4c81d2c1122\" style=\"border-width:0px;\" src=\"https:\/\/no-cache.hubspot.com\/cta\/default\/20984162\/959cb07d-ca53-460c-a412-b4c81d2c1122.png\"  alt=\"New call-to-action\"\/>\n\t\t<\/a>\n\t\t<\/span>\n\t\t<script charset=\"utf-8\" src=\"\/\/js.hubspot.com\/cta\/current.js\"><\/script>\n\t\t<script>\n\t\thbspt.cta.load(20984162, '959cb07d-ca53-460c-a412-b4c81d2c1122', {});\n\t\t<\/script>\n\t\t<\/span>\n\t\t<!-- end HubSpot Call-to-Action Code -->\n\t\t<\/span><\/p>\r\n\r\n\r\n\r\n<p>\u00c9 importante que as p\u00e1ginas e ferramentas tenham sinaliza\u00e7\u00e3o e boa tradu\u00e7\u00e3o para libras. Somente assim o colaborador ser\u00e1 capaz de se comunicar e obter as informa\u00e7\u00f5es que precisa para desenvolver o seu trabalho.<\/p>\r\n\r\n\r\n\r\n<h3 class=\"wp-block-heading\" id=\"ancora04\">Prepare a sua equipe<\/h3>\r\n\r\n\r\n\r\n<p>As suas equipes devem estar preparadas para receber pessoas com defici\u00eancia e isso abarca a inclus\u00e3o de pessoas surdas. Existem aqui quest\u00f5es b\u00e1sicas como respeito \u00e0s limita\u00e7\u00f5es, integra\u00e7\u00e3o e no\u00e7\u00f5es sobre essa defici\u00eancia.<\/p>\r\n\r\n\r\n\r\n<p>Um bom exemplo \u00e9 que nem toda pessoa com surdez n\u00e3o escuta. Ela somente tem a audi\u00e7\u00e3o limitada, o que pode ser contornado pelo uso de aparelhos. Isso \u00e9 um fato desconhecido por muitas pessoas.<\/p>\r\n\r\n\r\n\r\n<p>\u00c9 preciso evitar pr\u00e1ticas preconceituosas como falar como se a pessoa n\u00e3o estivesse ali ou de costas para ela. Esse \u00faltimo ponto impede que o colaborador surdo fa\u00e7a leitura labial, algo essencial para o seu entendimento.<\/p>\r\n\r\n\r\n\r\n<p>Falar alto tamb\u00e9m \u00e9 desnecess\u00e1rio, eis que a surdez n\u00e3o \u00e9 uma quest\u00e3o de volume e sim de frequ\u00eancia. Essas s\u00e3o no\u00e7\u00f5es b\u00e1sicas e boas pr\u00e1ticas que devem ser repassadas para que a inclus\u00e3o de pessoas surdas ocorra devidamente.<\/p>\r\n\r\n\r\n\r\n<p>Outras boas pr\u00e1ticas s\u00e3o:<\/p>\r\n\r\n\r\n\r\n<ul>\r\n<li>Fa\u00e7a palestras sobre o assunto;<\/li>\r\n<li>Promova no\u00e7\u00f5es de inclus\u00e3o;<\/li>\r\n<li>Demonstre quais pr\u00e1ticas s\u00e3o consideradas inadequadas;<\/li>\r\n<li>Disponibilize cursos de libras para quem tiver interesse em aprender.<\/li>\r\n<\/ul>\r\n\r\n\r\n\r\n<p>&nbsp;<\/p>\r\n","protected":false},"excerpt":{"rendered":"<p>A inclus\u00e3o de pessoas surdas no ambiente de trabalho \u00e9 uma das obriga\u00e7\u00f5es das empresas quando o assunto \u00e9 acessibilidade. E para que isso ocorra de acordo com a lei e com as boas pr\u00e1ticas, \u00e9 preciso seguir algumas diretrizes. Sendo essa uma quest\u00e3o t\u00e3o cara \u00e0 sociedade em geral e ao desenvolvimento de um [&hellip;]<\/p>\n","protected":false},"author":11,"featured_media":35393,"comment_status":"closed","ping_status":"open","sticky":false,"template":"","format":"standard","meta":{"content-type":"","footnotes":""},"categories":[224],"tags":[17504,10887,17527],"yoast_head":"<!-- This site is optimized with the Yoast SEO Premium plugin v22.2 (Yoast SEO v22.2) - https:\/\/yoast.com\/wordpress\/plugins\/seo\/ -->\n<title>Boas pr\u00e1ticas para inclus\u00e3o de pessoas surdas nas empresas | Oitchau<\/title>\n<meta name=\"description\" content=\"A inclus\u00e3o de pessoas surdas no ambiente de trabalho \u00e9 uma das obriga\u00e7\u00f5es das empresas quando o assunto \u00e9 acessibilidade. Veja mais sobre esse assunto aqui!\" \/>\n<meta name=\"robots\" content=\"index, follow, max-snippet:-1, max-image-preview:large, max-video-preview:-1\" \/>\n<link rel=\"canonical\" href=\"https:\/\/www.oitchau.com.br\/blog\/inclusao-de-pessoas-surdas-nas-empresas\/\" \/>\n<meta property=\"og:locale\" content=\"pt_BR\" \/>\n<meta property=\"og:type\" content=\"article\" \/>\n<meta property=\"og:title\" content=\"Boas pr\u00e1ticas para inclus\u00e3o de pessoas surdas nas empresas\" \/>\n<meta property=\"og:description\" content=\"A inclus\u00e3o de pessoas surdas no ambiente de trabalho \u00e9 uma das obriga\u00e7\u00f5es das empresas quando o assunto \u00e9 acessibilidade. Veja mais sobre esse assunto aqui!\" \/>\n<meta property=\"og:url\" content=\"https:\/\/www.oitchau.com.br\/blog\/inclusao-de-pessoas-surdas-nas-empresas\/\" \/>\n<meta property=\"og:site_name\" content=\"Controle de Ponto &amp; Timesheets\" \/>\n<meta property=\"article:publisher\" content=\"https:\/\/www.facebook.com\/oitchaubr\/\" \/>\n<meta property=\"article:published_time\" content=\"2021-05-05T19:52:17+00:00\" \/>\n<meta property=\"article:modified_time\" content=\"2024-08-02T12:22:30+00:00\" \/>\n<meta property=\"og:image\" content=\"https:\/\/storage.googleapis.com\/oitchaublog\/2021\/05\/76caffa2-inclusao-de-pessoas-surdas.png\" \/>\n\t<meta property=\"og:image:width\" content=\"1982\" \/>\n\t<meta property=\"og:image:height\" content=\"800\" \/>\n\t<meta property=\"og:image:type\" content=\"image\/png\" \/>\n<meta name=\"author\" content=\"Aline Mesquita\" \/>\n<meta name=\"twitter:card\" content=\"summary_large_image\" \/>\n<meta name=\"twitter:creator\" content=\"@oitchaubr\" \/>\n<meta name=\"twitter:site\" content=\"@oitchaubr\" \/>\n<meta name=\"twitter:label1\" content=\"Written by\" \/>\n\t<meta name=\"twitter:data1\" content=\"Aline Mesquita\" \/>\n\t<meta name=\"twitter:label2\" content=\"Est. reading time\" \/>\n\t<meta name=\"twitter:data2\" content=\"5 minutos\" \/>\n<script type=\"application\/ld+json\" class=\"yoast-schema-graph\">{\"@context\":\"https:\/\/schema.org\",\"@graph\":[{\"@type\":[\"Article\",\"BlogPosting\"],\"@id\":\"https:\/\/www.oitchau.com.br\/blog\/inclusao-de-pessoas-surdas-nas-empresas\/#article\",\"isPartOf\":{\"@id\":\"https:\/\/www.oitchau.com.br\/blog\/inclusao-de-pessoas-surdas-nas-empresas\/\"},\"author\":{\"name\":\"Aline Mesquita\",\"@id\":\"https:\/\/www.oitchau.com.br\/blog\/#\/schema\/person\/40ba65f8664531ffe1465f6cb9d82430\"},\"headline\":\"Boas pr\u00e1ticas para inclus\u00e3o de pessoas surdas nas empresas\",\"datePublished\":\"2021-05-05T19:52:17+00:00\",\"dateModified\":\"2024-08-02T12:22:30+00:00\",\"mainEntityOfPage\":{\"@id\":\"https:\/\/www.oitchau.com.br\/blog\/inclusao-de-pessoas-surdas-nas-empresas\/\"},\"wordCount\":1219,\"publisher\":{\"@id\":\"https:\/\/www.oitchau.com.br\/blog\/#organization\"},\"image\":{\"@id\":\"https:\/\/www.oitchau.com.br\/blog\/inclusao-de-pessoas-surdas-nas-empresas\/#primaryimage\"},\"thumbnailUrl\":\"https:\/\/storage.googleapis.com\/oitchaublog\/2021\/05\/76caffa2-inclusao-de-pessoas-surdas.png\",\"keywords\":[\"acessibilidade\",\"gest\u00e3o de pessoas\",\"inclus\u00e3o de pessoas surdas\"],\"articleSection\":[\"Gest\u00e3o de Pessoas\"],\"inLanguage\":\"pt-BR\"},{\"@type\":\"WebPage\",\"@id\":\"https:\/\/www.oitchau.com.br\/blog\/inclusao-de-pessoas-surdas-nas-empresas\/\",\"url\":\"https:\/\/www.oitchau.com.br\/blog\/inclusao-de-pessoas-surdas-nas-empresas\/\",\"name\":\"Boas pr\u00e1ticas para inclus\u00e3o de pessoas surdas nas empresas | Oitchau\",\"isPartOf\":{\"@id\":\"https:\/\/www.oitchau.com.br\/blog\/#website\"},\"primaryImageOfPage\":{\"@id\":\"https:\/\/www.oitchau.com.br\/blog\/inclusao-de-pessoas-surdas-nas-empresas\/#primaryimage\"},\"image\":{\"@id\":\"https:\/\/www.oitchau.com.br\/blog\/inclusao-de-pessoas-surdas-nas-empresas\/#primaryimage\"},\"thumbnailUrl\":\"https:\/\/storage.googleapis.com\/oitchaublog\/2021\/05\/76caffa2-inclusao-de-pessoas-surdas.png\",\"datePublished\":\"2021-05-05T19:52:17+00:00\",\"dateModified\":\"2024-08-02T12:22:30+00:00\",\"description\":\"A inclus\u00e3o de pessoas surdas no ambiente de trabalho \u00e9 uma das obriga\u00e7\u00f5es das empresas quando o assunto \u00e9 acessibilidade. Veja mais sobre esse assunto aqui!\",\"breadcrumb\":{\"@id\":\"https:\/\/www.oitchau.com.br\/blog\/inclusao-de-pessoas-surdas-nas-empresas\/#breadcrumb\"},\"inLanguage\":\"pt-BR\",\"potentialAction\":[{\"@type\":\"ReadAction\",\"target\":[\"https:\/\/www.oitchau.com.br\/blog\/inclusao-de-pessoas-surdas-nas-empresas\/\"]}]},{\"@type\":\"ImageObject\",\"inLanguage\":\"pt-BR\",\"@id\":\"https:\/\/www.oitchau.com.br\/blog\/inclusao-de-pessoas-surdas-nas-empresas\/#primaryimage\",\"url\":\"https:\/\/storage.googleapis.com\/oitchaublog\/2021\/05\/76caffa2-inclusao-de-pessoas-surdas.png\",\"contentUrl\":\"https:\/\/storage.googleapis.com\/oitchaublog\/2021\/05\/76caffa2-inclusao-de-pessoas-surdas.png\",\"width\":1982,\"height\":800,\"caption\":\"inclus\u00e3o de pessoas surdas\"},{\"@type\":\"BreadcrumbList\",\"@id\":\"https:\/\/www.oitchau.com.br\/blog\/inclusao-de-pessoas-surdas-nas-empresas\/#breadcrumb\",\"itemListElement\":[{\"@type\":\"ListItem\",\"position\":1,\"name\":\"Blog\",\"item\":\"https:\/\/www.oitchau.com.br\/blog\/\"},{\"@type\":\"ListItem\",\"position\":2,\"name\":\"Boas pr\u00e1ticas para inclus\u00e3o de pessoas surdas nas empresas\"}]},{\"@type\":\"WebSite\",\"@id\":\"https:\/\/www.oitchau.com.br\/blog\/#website\",\"url\":\"https:\/\/www.oitchau.com.br\/blog\/\",\"name\":\"Controle de Ponto & Timesheets\",\"description\":\"\",\"publisher\":{\"@id\":\"https:\/\/www.oitchau.com.br\/blog\/#organization\"},\"potentialAction\":[{\"@type\":\"SearchAction\",\"target\":{\"@type\":\"EntryPoint\",\"urlTemplate\":\"https:\/\/www.oitchau.com.br\/blog\/?s={search_term_string}\"},\"query-input\":\"required name=search_term_string\"}],\"inLanguage\":\"pt-BR\"},{\"@type\":\"Organization\",\"@id\":\"https:\/\/www.oitchau.com.br\/blog\/#organization\",\"name\":\"Oitchau\",\"url\":\"https:\/\/www.oitchau.com.br\/blog\/\",\"logo\":{\"@type\":\"ImageObject\",\"inLanguage\":\"pt-BR\",\"@id\":\"https:\/\/www.oitchau.com.br\/blog\/#\/schema\/logo\/image\/\",\"url\":\"https:\/\/storage.googleapis.com\/oitchaublog\/2024\/03\/a0e65c6f-design-sem-nome-20.png\",\"contentUrl\":\"https:\/\/storage.googleapis.com\/oitchaublog\/2024\/03\/a0e65c6f-design-sem-nome-20.png\",\"width\":696,\"height\":696,\"caption\":\"Oitchau\"},\"image\":{\"@id\":\"https:\/\/www.oitchau.com.br\/blog\/#\/schema\/logo\/image\/\"},\"sameAs\":[\"https:\/\/www.facebook.com\/oitchaubr\/\",\"https:\/\/twitter.com\/oitchaubr\",\"https:\/\/instagram.com\/oitchaubr\"],\"description\":\"A Oitchau \u00e9 uma solu\u00e7\u00e3o completa para gest\u00e3o de tempo dos colaboradores, atrav\u00e9s de suas solu\u00e7\u00f5es de controle de ponto & timesheets, ela permite que gestores, RH e DP possam gerenciar desde a jornada de trabalho de funcion\u00e1rios at\u00e9 a gest\u00e3o de tempo em projetos. Elevando o n\u00edvel estrat\u00e9gico do neg\u00f3cio de forma inteligente e assertiva, potencializando seus resultados e garantindo compliance com a Lei.\",\"email\":\"contato@oitchau.com.br\",\"telephone\":\"+551142102846\",\"foundingDate\":\"2016-01-01\",\"numberOfEmployees\":{\"@type\":\"QuantitativeValue\",\"minValue\":\"51\",\"maxValue\":\"200\"}},{\"@type\":\"Person\",\"@id\":\"https:\/\/www.oitchau.com.br\/blog\/#\/schema\/person\/40ba65f8664531ffe1465f6cb9d82430\",\"name\":\"Aline Mesquita\",\"url\":\"https:\/\/www.oitchau.com.br\/blog\/author\/aline\/\"}]}<\/script>\n<!-- \/ Yoast SEO Premium plugin. -->","yoast_head_json":{"title":"Boas pr\u00e1ticas para inclus\u00e3o de pessoas surdas nas empresas | Oitchau","description":"A inclus\u00e3o de pessoas surdas no ambiente de trabalho \u00e9 uma das obriga\u00e7\u00f5es das empresas quando o assunto \u00e9 acessibilidade. Veja mais sobre esse assunto aqui!","robots":{"index":"index","follow":"follow","max-snippet":"max-snippet:-1","max-image-preview":"max-image-preview:large","max-video-preview":"max-video-preview:-1"},"canonical":"https:\/\/www.oitchau.com.br\/blog\/inclusao-de-pessoas-surdas-nas-empresas\/","og_locale":"pt_BR","og_type":"article","og_title":"Boas pr\u00e1ticas para inclus\u00e3o de pessoas surdas nas empresas","og_description":"A inclus\u00e3o de pessoas surdas no ambiente de trabalho \u00e9 uma das obriga\u00e7\u00f5es das empresas quando o assunto \u00e9 acessibilidade. Veja mais sobre esse assunto aqui!","og_url":"https:\/\/www.oitchau.com.br\/blog\/inclusao-de-pessoas-surdas-nas-empresas\/","og_site_name":"Controle de Ponto &amp; Timesheets","article_publisher":"https:\/\/www.facebook.com\/oitchaubr\/","article_published_time":"2021-05-05T19:52:17+00:00","article_modified_time":"2024-08-02T12:22:30+00:00","og_image":[{"width":1982,"height":800,"url":"https:\/\/storage.googleapis.com\/oitchaublog\/2021\/05\/76caffa2-inclusao-de-pessoas-surdas.png","type":"image\/png"}],"author":"Aline Mesquita","twitter_card":"summary_large_image","twitter_creator":"@oitchaubr","twitter_site":"@oitchaubr","twitter_misc":{"Written by":"Aline Mesquita","Est. reading time":"5 minutos"},"schema":{"@context":"https:\/\/schema.org","@graph":[{"@type":["Article","BlogPosting"],"@id":"https:\/\/www.oitchau.com.br\/blog\/inclusao-de-pessoas-surdas-nas-empresas\/#article","isPartOf":{"@id":"https:\/\/www.oitchau.com.br\/blog\/inclusao-de-pessoas-surdas-nas-empresas\/"},"author":{"name":"Aline Mesquita","@id":"https:\/\/www.oitchau.com.br\/blog\/#\/schema\/person\/40ba65f8664531ffe1465f6cb9d82430"},"headline":"Boas pr\u00e1ticas para inclus\u00e3o de pessoas surdas nas empresas","datePublished":"2021-05-05T19:52:17+00:00","dateModified":"2024-08-02T12:22:30+00:00","mainEntityOfPage":{"@id":"https:\/\/www.oitchau.com.br\/blog\/inclusao-de-pessoas-surdas-nas-empresas\/"},"wordCount":1219,"publisher":{"@id":"https:\/\/www.oitchau.com.br\/blog\/#organization"},"image":{"@id":"https:\/\/www.oitchau.com.br\/blog\/inclusao-de-pessoas-surdas-nas-empresas\/#primaryimage"},"thumbnailUrl":"https:\/\/storage.googleapis.com\/oitchaublog\/2021\/05\/76caffa2-inclusao-de-pessoas-surdas.png","keywords":["acessibilidade","gest\u00e3o de pessoas","inclus\u00e3o de pessoas surdas"],"articleSection":["Gest\u00e3o de Pessoas"],"inLanguage":"pt-BR"},{"@type":"WebPage","@id":"https:\/\/www.oitchau.com.br\/blog\/inclusao-de-pessoas-surdas-nas-empresas\/","url":"https:\/\/www.oitchau.com.br\/blog\/inclusao-de-pessoas-surdas-nas-empresas\/","name":"Boas pr\u00e1ticas para inclus\u00e3o de pessoas surdas nas empresas | Oitchau","isPartOf":{"@id":"https:\/\/www.oitchau.com.br\/blog\/#website"},"primaryImageOfPage":{"@id":"https:\/\/www.oitchau.com.br\/blog\/inclusao-de-pessoas-surdas-nas-empresas\/#primaryimage"},"image":{"@id":"https:\/\/www.oitchau.com.br\/blog\/inclusao-de-pessoas-surdas-nas-empresas\/#primaryimage"},"thumbnailUrl":"https:\/\/storage.googleapis.com\/oitchaublog\/2021\/05\/76caffa2-inclusao-de-pessoas-surdas.png","datePublished":"2021-05-05T19:52:17+00:00","dateModified":"2024-08-02T12:22:30+00:00","description":"A inclus\u00e3o de pessoas surdas no ambiente de trabalho \u00e9 uma das obriga\u00e7\u00f5es das empresas quando o assunto \u00e9 acessibilidade. Veja mais sobre esse assunto aqui!","breadcrumb":{"@id":"https:\/\/www.oitchau.com.br\/blog\/inclusao-de-pessoas-surdas-nas-empresas\/#breadcrumb"},"inLanguage":"pt-BR","potentialAction":[{"@type":"ReadAction","target":["https:\/\/www.oitchau.com.br\/blog\/inclusao-de-pessoas-surdas-nas-empresas\/"]}]},{"@type":"ImageObject","inLanguage":"pt-BR","@id":"https:\/\/www.oitchau.com.br\/blog\/inclusao-de-pessoas-surdas-nas-empresas\/#primaryimage","url":"https:\/\/storage.googleapis.com\/oitchaublog\/2021\/05\/76caffa2-inclusao-de-pessoas-surdas.png","contentUrl":"https:\/\/storage.googleapis.com\/oitchaublog\/2021\/05\/76caffa2-inclusao-de-pessoas-surdas.png","width":1982,"height":800,"caption":"inclus\u00e3o de pessoas surdas"},{"@type":"BreadcrumbList","@id":"https:\/\/www.oitchau.com.br\/blog\/inclusao-de-pessoas-surdas-nas-empresas\/#breadcrumb","itemListElement":[{"@type":"ListItem","position":1,"name":"Blog","item":"https:\/\/www.oitchau.com.br\/blog\/"},{"@type":"ListItem","position":2,"name":"Boas pr\u00e1ticas para inclus\u00e3o de pessoas surdas nas empresas"}]},{"@type":"WebSite","@id":"https:\/\/www.oitchau.com.br\/blog\/#website","url":"https:\/\/www.oitchau.com.br\/blog\/","name":"Controle de Ponto & Timesheets","description":"","publisher":{"@id":"https:\/\/www.oitchau.com.br\/blog\/#organization"},"potentialAction":[{"@type":"SearchAction","target":{"@type":"EntryPoint","urlTemplate":"https:\/\/www.oitchau.com.br\/blog\/?s={search_term_string}"},"query-input":"required name=search_term_string"}],"inLanguage":"pt-BR"},{"@type":"Organization","@id":"https:\/\/www.oitchau.com.br\/blog\/#organization","name":"Oitchau","url":"https:\/\/www.oitchau.com.br\/blog\/","logo":{"@type":"ImageObject","inLanguage":"pt-BR","@id":"https:\/\/www.oitchau.com.br\/blog\/#\/schema\/logo\/image\/","url":"https:\/\/storage.googleapis.com\/oitchaublog\/2024\/03\/a0e65c6f-design-sem-nome-20.png","contentUrl":"https:\/\/storage.googleapis.com\/oitchaublog\/2024\/03\/a0e65c6f-design-sem-nome-20.png","width":696,"height":696,"caption":"Oitchau"},"image":{"@id":"https:\/\/www.oitchau.com.br\/blog\/#\/schema\/logo\/image\/"},"sameAs":["https:\/\/www.facebook.com\/oitchaubr\/","https:\/\/twitter.com\/oitchaubr","https:\/\/instagram.com\/oitchaubr"],"description":"A Oitchau \u00e9 uma solu\u00e7\u00e3o completa para gest\u00e3o de tempo dos colaboradores, atrav\u00e9s de suas solu\u00e7\u00f5es de controle de ponto & timesheets, ela permite que gestores, RH e DP possam gerenciar desde a jornada de trabalho de funcion\u00e1rios at\u00e9 a gest\u00e3o de tempo em projetos. Elevando o n\u00edvel estrat\u00e9gico do neg\u00f3cio de forma inteligente e assertiva, potencializando seus resultados e garantindo compliance com a Lei.","email":"contato@oitchau.com.br","telephone":"+551142102846","foundingDate":"2016-01-01","numberOfEmployees":{"@type":"QuantitativeValue","minValue":"51","maxValue":"200"}},{"@type":"Person","@id":"https:\/\/www.oitchau.com.br\/blog\/#\/schema\/person\/40ba65f8664531ffe1465f6cb9d82430","name":"Aline Mesquita","url":"https:\/\/www.oitchau.com.br\/blog\/author\/aline\/"}]}},"_links":{"self":[{"href":"https:\/\/www.oitchau.com.br\/blog\/wp-json\/wp\/v2\/posts\/15195"}],"collection":[{"href":"https:\/\/www.oitchau.com.br\/blog\/wp-json\/wp\/v2\/posts"}],"about":[{"href":"https:\/\/www.oitchau.com.br\/blog\/wp-json\/wp\/v2\/types\/post"}],"author":[{"embeddable":true,"href":"https:\/\/www.oitchau.com.br\/blog\/wp-json\/wp\/v2\/users\/11"}],"replies":[{"embeddable":true,"href":"https:\/\/www.oitchau.com.br\/blog\/wp-json\/wp\/v2\/comments?post=15195"}],"version-history":[{"count":1,"href":"https:\/\/www.oitchau.com.br\/blog\/wp-json\/wp\/v2\/posts\/15195\/revisions"}],"predecessor-version":[{"id":35394,"href":"https:\/\/www.oitchau.com.br\/blog\/wp-json\/wp\/v2\/posts\/15195\/revisions\/35394"}],"wp:featuredmedia":[{"embeddable":true,"href":"https:\/\/www.oitchau.com.br\/blog\/wp-json\/wp\/v2\/media\/35393"}],"wp:attachment":[{"href":"https:\/\/www.oitchau.com.br\/blog\/wp-json\/wp\/v2\/media?parent=15195"}],"wp:term":[{"taxonomy":"category","embeddable":true,"href":"https:\/\/www.oitchau.com.br\/blog\/wp-json\/wp\/v2\/categories?post=15195"},{"taxonomy":"post_tag","embeddable":true,"href":"https:\/\/www.oitchau.com.br\/blog\/wp-json\/wp\/v2\/tags?post=15195"}],"curies":[{"name":"wp","href":"https:\/\/api.w.org\/{rel}","templated":true}]}}