{"id":12373,"date":"2020-10-05T20:50:19","date_gmt":"2020-10-05T17:50:19","guid":{"rendered":"https:\/\/www.oitchau.com.br\/blog\/?p=12373"},"modified":"2024-07-29T15:01:18","modified_gmt":"2024-07-29T12:01:18","slug":"como-melhorar-a-comunicacao-interna-da-empresa","status":"publish","type":"post","link":"https:\/\/www.oitchau.com.br\/blog\/como-melhorar-a-comunicacao-interna-da-empresa\/","title":{"rendered":"Comunica\u00e7\u00e3o interna: como melhorar na empresa?"},"content":{"rendered":"\r\n<p>Uma das principais dificuldades ainda encontradas pelas empresas diz respeito \u00e0 comunica\u00e7\u00e3o interna. Infelizmente as organiza\u00e7\u00f5es n\u00e3o raro se deparam com percal\u00e7os em que o di\u00e1logo n\u00e3o \u00e9 efetivo ou a sua aus\u00eancia causou problemas.<\/p>\r\n\r\n\r\n\r\n<p>A comunica\u00e7\u00e3o \u00e9 essencial para que os servi\u00e7os sejam prestados pelos colaboradores com a sintonia necess\u00e1ria. Ele permite o debate, a constru\u00e7\u00e3o de novas ideias e solu\u00e7\u00f5es e o crescimento profissional e pessoal de cada um dos empregados, sejam eles subalternos ou gestores.<\/p>\r\n<p><span data-sheets-value=\"{&quot;1&quot;:2,&quot;2&quot;:&quot;\n\t\t&lt;!--HubSpot Call-to-Action Code --&gt;\n\t\t&lt;span class=&quot;hs-cta-wrapper&quot; id=&quot;hs-cta-wrapper-0a81e71c-ac04-48ac-a589-583bc4edd49e&quot;&gt;\n\t\t&lt;span class=&quot;hs-cta-node hs-cta-0a81e71c-ac04-48ac-a589-583bc4edd49e&quot; id=&quot;0a81e71c-ac04-48ac-a589-583bc4edd49e&quot;&gt;\n\t\t&lt;!--[if lte IE 8]&gt;\n\t\t&lt;div id=&quot;hs-cta-ie-element&quot;&gt;&lt;\/div&gt;\n\t\t&lt;![endif]--&gt;\n\t\t&lt;a href=&quot;https:\/\/cta-redirect.hubspot.com\/cta\/redirect\/20984162\/0a81e71c-ac04-48ac-a589-583bc4edd49e&quot; &gt;\n\t\t&lt;img class=&quot;hs-cta-img&quot; id=&quot;hs-cta-img-0a81e71c-ac04-48ac-a589-583bc4edd49e&quot; style=&quot;border-width:0px;&quot; src=&quot;https:\/\/no-cache.hubspot.com\/cta\/default\/20984162\/0a81e71c-ac04-48ac-a589-583bc4edd49e.png&quot;  alt=&quot;New call-to-action&quot;\/&gt;\n\t\t&lt;\/a&gt;\n\t\t&lt;\/span&gt;\n\t\t&lt;script charset=&quot;utf-8&quot; src=&quot;\/\/js.hubspot.com\/cta\/current.js&quot;&gt;&lt;\/script&gt;\n\t\t&lt;script&gt;\n\t\thbspt.cta.load(20984162, &#039;0a81e71c-ac04-48ac-a589-583bc4edd49e&#039;, {});\n\t\t&lt;\/script&gt;\n\t\t&lt;\/span&gt;\n\t\t&lt;!-- end HubSpot Call-to-Action Code --&gt;\n\t\t&quot;}\" data-sheets-userformat=\"{&quot;2&quot;:899,&quot;3&quot;:{&quot;1&quot;:0},&quot;4&quot;:{&quot;1&quot;:2,&quot;2&quot;:16777215},&quot;10&quot;:1,&quot;11&quot;:4,&quot;12&quot;:0}\">\n\t\t<!--HubSpot Call-to-Action Code -->\n\t\t<span class=\"hs-cta-wrapper\" id=\"hs-cta-wrapper-0a81e71c-ac04-48ac-a589-583bc4edd49e\">\n\t\t<span class=\"hs-cta-node hs-cta-0a81e71c-ac04-48ac-a589-583bc4edd49e\" id=\"0a81e71c-ac04-48ac-a589-583bc4edd49e\">\n\t\t<!--[if lte IE 8]>\n\t\t<div id=\"hs-cta-ie-element\"><\/div>\n\t\t<![endif]-->\n\t\t<a href=\"https:\/\/cta-redirect.hubspot.com\/cta\/redirect\/20984162\/0a81e71c-ac04-48ac-a589-583bc4edd49e\" >\n\t\t<img decoding=\"async\" class=\"hs-cta-img\" id=\"hs-cta-img-0a81e71c-ac04-48ac-a589-583bc4edd49e\" style=\"border-width:0px;\" src=\"https:\/\/no-cache.hubspot.com\/cta\/default\/20984162\/0a81e71c-ac04-48ac-a589-583bc4edd49e.png\"  alt=\"New call-to-action\"\/>\n\t\t<\/a>\n\t\t<\/span>\n\t\t<script charset=\"utf-8\" src=\"\/\/js.hubspot.com\/cta\/current.js\"><\/script>\n\t\t<script>\n\t\thbspt.cta.load(20984162, '0a81e71c-ac04-48ac-a589-583bc4edd49e', {});\n\t\t<\/script>\n\t\t<\/span>\n\t\t<!-- end HubSpot Call-to-Action Code -->\n\t\t<\/span><\/p>\r\n\r\n\r\n\r\n<p>Ela \u00e9 igualmente respons\u00e1vel pela obten\u00e7\u00e3o de dados e informa\u00e7\u00f5es importantes pelos funcion\u00e1rios de maneira organizada.<\/p>\r\n\r\n\r\n\r\n<p>Existem algumas formas de melhorar a comunica\u00e7\u00e3o dentro de suas equipes e ente elas.<\/p>\r\n<p>Abaixo, confira as dicas que separamos especialmente para voc\u00ea e se livre de problemas causados pela comunicabilidade falha eventualmente existente na sua empresa.<\/p>\r\n<h2><b>O que significa comunica\u00e7\u00e3o interna?<\/b><\/h2>\r\n<figure id=\"attachment_12374\" aria-describedby=\"caption-attachment-12374\" style=\"width: 759px\" class=\"wp-caption alignnone\"><img decoding=\"async\" class=\"size-full wp-image-12374\" src=\"https:\/\/storage.googleapis.com\/oitchaublog\/2020\/10\/eab201e6-01.10_04.jpg\" alt=\"comunica\u00e7\u00e3o interna\" width=\"759\" height=\"533\" srcset=\"https:\/\/storage.googleapis.com\/oitchaublog\/2020\/10\/eab201e6-01.10_04.jpg 759w, https:\/\/storage.googleapis.com\/oitchaublog\/2020\/10\/eab201e6-01.10_04-300x211.jpg 300w, https:\/\/storage.googleapis.com\/oitchaublog\/2020\/10\/eab201e6-01.10_04-370x260.jpg 370w, https:\/\/storage.googleapis.com\/oitchaublog\/2020\/10\/eab201e6-01.10_04-270x190.jpg 270w, https:\/\/storage.googleapis.com\/oitchaublog\/2020\/10\/eab201e6-01.10_04-570x400.jpg 570w, https:\/\/storage.googleapis.com\/oitchaublog\/2020\/10\/eab201e6-01.10_04-740x520.jpg 740w\" sizes=\"(max-width: 759px) 100vw, 759px\" \/><figcaption id=\"caption-attachment-12374\" class=\"wp-caption-text\">comunica\u00e7\u00e3o interna<\/figcaption><\/figure>\r\n<p><span style=\"font-weight: 400;\">Chama-se de comunica\u00e7\u00e3o interna a troca de informa\u00e7\u00f5es e de conhecimentos dentro de uma organiza\u00e7\u00e3o. <\/span><\/p>\r\n<p><span style=\"font-weight: 400;\">Portanto, dentro de uma empresa ela nada mais \u00e9 a forma como dados s\u00e3o compartilhados, o tipo de linguagem utilizada e os canais usados para isso.<\/span><\/p>\r\n<p><span style=\"font-weight: 400;\">Por meio da comunica\u00e7\u00e3o interna \u00e9 poss\u00edvel criar conex\u00f5es entre a empresa e os colaboradores. Al\u00e9m disso, estes tendem a conhecer mais e se aproximar da cultura organizacional, de seus valores e pol\u00edticas.<\/span><\/p>\r\n<p><span style=\"font-weight: 400;\">A comunica\u00e7\u00e3o interna \u00e9 formada por uma s\u00e9rie de coisas, tais como:<\/span><\/p>\r\n<ul>\r\n<li style=\"font-weight: 400;\" aria-level=\"1\"><span style=\"font-weight: 400;\">Canais de comunica\u00e7\u00e3o interna: aplicativos de mensagens, redes sociais da corpora\u00e7\u00e3o, etc.;<\/span><\/li>\r\n<li style=\"font-weight: 400;\" aria-level=\"1\"><span style=\"font-weight: 400;\">E-mails internos;<\/span><\/li>\r\n<li style=\"font-weight: 400;\" aria-level=\"1\"><span style=\"font-weight: 400;\">Not\u00edcias internas da empresa, como em jornais e publica\u00e7\u00f5es feitas da empresa para seus membros;<\/span><\/li>\r\n<li style=\"font-weight: 400;\" aria-level=\"1\"><span style=\"font-weight: 400;\">Mensagens da lideran\u00e7a, com comunicados e discursos;<\/span><\/li>\r\n<li style=\"font-weight: 400;\" aria-level=\"1\"><span style=\"font-weight: 400;\">Reuni\u00f5es, etc.<\/span><\/li>\r\n<\/ul>\r\n<p><span style=\"font-weight: 400;\">A comunica\u00e7\u00e3o interna envolve, al\u00e9m das diferentes formas de se comunicar, o estabelecimento de como elas devem ser utilizadas.<\/span><\/p>\r\n<p><span style=\"font-weight: 400;\">Por exemplo, \u00e9 poss\u00edvel estabelecer qual \u00e9 o canal ideal para cada tipo de comunica\u00e7\u00e3o quanto ao destinat\u00e1rio, \u00e0 mensagem e a urg\u00eancia dela.<\/span><\/p>\r\n<h2><b>Quais s\u00e3o os benef\u00edcios da comunica\u00e7\u00e3o interna?<\/b><\/h2>\r\n<p><span style=\"font-weight: 400;\">O desenvolvimento de uma boa comunica\u00e7\u00e3o interna \u00e9 capaz de trazer muitos benef\u00edcios para uma empresa.\u00a0<\/span><\/p>\r\n<p><span style=\"font-weight: 400;\">Saiba quais s\u00e3o os principais deles e, na sequ\u00eancia, como melhorar a comunica\u00e7\u00e3o interna na empresa.<\/span><\/p>\r\n<p><b>Agilidade<\/b><\/p>\r\n<p><span style=\"font-weight: 400;\">Quando a comunica\u00e7\u00e3o \u00e9 eficiente e feita da maneira correta, a empresa ganha agilidade. Afinal, os destinat\u00e1rios das informa\u00e7\u00f5es as recebem de maneira mais r\u00e1pida e clara.<\/span><\/p>\r\n<p><span style=\"font-weight: 400;\">Com isso, a tomada de decis\u00f5es \u00e9 melhorada. Consequentemente, ordens, reuni\u00f5es e a\u00e7\u00f5es da empresa tamb\u00e9m s\u00e3o mais r\u00e1pidas.<\/span><\/p>\r\n<p><b>Produtividade<\/b><\/p>\r\n<p><span style=\"font-weight: 400;\">Empresas que mant\u00eam uma boa comunica\u00e7\u00e3o interna alcan\u00e7am maior produtividade.\u00a0<\/span><\/p>\r\n<p><span style=\"font-weight: 400;\">A produ\u00e7\u00e3o tende a melhorar na medida em que as mensagens ganham clareza e s\u00e3o passadas pelos canais corretos.<\/span><\/p>\r\n<p><span style=\"font-weight: 400;\">Com isso, as pessoas t\u00eam acesso a elas de maneira mais r\u00e1pida e n\u00e3o perdem tempo com mensagens sem urg\u00eancia ou passados por canais incorretos.<\/span><\/p>\r\n<p><b>Melhoria do clima organizacional<\/b><\/p>\r\n<p><span style=\"font-weight: 400;\">O clima organizacional depende completamente de uma comunica\u00e7\u00e3o de qualidade. Em caso contr\u00e1rio, ele nunca alcan\u00e7ar\u00e1 o seu potencial, bem como ser\u00e1 falho.<\/span><\/p>\r\n<p><span style=\"font-weight: 400;\">A comunica\u00e7\u00e3o \u00e9 a forma como as pessoas trocam informa\u00e7\u00f5es entre si. Igualmente, \u00e9 essencial ao conv\u00edvio. Por isso, se ela \u00e9 falha, essa conviv\u00eancia tamb\u00e9m o ser\u00e1. Desse modo, a empresa ganha ao trabalhar sobre a comunica\u00e7\u00e3o.<\/span><\/p>\r\n<p><b>Cultura organizacional<\/b><\/p>\r\n<p><span style=\"font-weight: 400;\">Os colaboradores tendem a compreender melhor e a se aproximar da cultura da organiza\u00e7\u00e3o, tanto em rela\u00e7\u00e3o aos seus valores quanto aos princ\u00edpios e objetivos.<\/span><\/p>\r\n<p><b>Reten\u00e7\u00e3o de talentos<\/b><\/p>\r\n<p><span style=\"font-weight: 400;\">Uma empresa com uma boa comunica\u00e7\u00e3o interna tamb\u00e9m \u00e9 mais pr\u00f3xima de seus colaboradores.\u00a0<\/span><\/p>\r\n<p><span style=\"font-weight: 400;\">Eles se sentem \u00e0 parte do que acontece ali e, por isso, t\u00eam o sentimento de pertencimento.<\/span><\/p>\r\n<p><span style=\"font-weight: 400;\">Al\u00e9m disso, a comunica\u00e7\u00e3o interna os auxilia no exerc\u00edcio de suas atividades e na qualidade dos resultados.\u00a0<\/span><\/p>\r\n<p><span style=\"font-weight: 400;\">Isso \u00e9 importante n\u00e3o apenas para a organiza\u00e7\u00e3o, mas tamb\u00e9m para o profissional que passa a dar mais valor para suas atividades.<\/span><\/p>\r\n<p><span style=\"font-weight: 400;\">Tudo isso faz com que haja a reten\u00e7\u00e3o de talentos. As taxas de turnover tendem a melhorar, pois os profissionais que se sentem bem na empresa pretendem permanecer nela.\u00a0<\/span><\/p>\r\n<p><span style=\"font-weight: 400;\">Isso tamb\u00e9m reflete na diminui\u00e7\u00e3o de gastos com processos de sele\u00e7\u00e3o e recrutamento e, tamb\u00e9m, de rescis\u00e3o.<\/span><\/p>\r\n\r\n\r\n\r\n\r\n\r\n<h2 class=\"wp-block-heading\" id=\"ancora01\"><strong>Como melhorar a comunica\u00e7\u00e3o interna de uma empresa?<\/strong><\/h2>\r\n\r\n\r\n\r\n\r\n\r\n<p>Quantas vezes algum problema na sua empresa n\u00e3o decorreu da falha na comunica\u00e7\u00e3o entre os colaboradores ao longo da <strong><a href=\"https:\/\/www.oitchau.com.br\/features\/schedules\/\">jornada de trabalho<\/a><\/strong>?<\/p>\r\n<p>Nesses casos podem ocorrer perdas de prazos, tomadas de decis\u00f5es n\u00e3o indicadas para a situa\u00e7\u00e3o e v\u00e1rios outros desentendimentos que poderiam ser evitados de maneira f\u00e1cil.<\/p>\r\n\r\n\r\n\r\n<p>O di\u00e1logo n\u00e3o \u00e9 importante apenas nas rela\u00e7\u00f5es sociais e familiares, sendo imprescind\u00edvel dentro de uma empresa. \u00c9 por meio dele que se torna poss\u00edvel o desenvolvimento de novas ideias e a constru\u00e7\u00e3o de uma verdadeira coes\u00e3o entre a equipe.<\/p>\r\n\r\n\r\n\r\n<p>A comunica\u00e7\u00e3o \u00e9 um elemento que deve ser estudado com cuidado para que flua e alcance seus objetivos de compartilhamento de ideias e desenvolvimento conjunto dos colaboradores.<\/p>\r\n\r\n\r\n\r\n<p>Para ajudar a sua empresa a melhorar ainda mais a comunicabilidade n\u00f3s separamos algumas dicas que podem fazer toda a diferen\u00e7a para o alcance dos seus objetivos, a produtividade e o sucesso empresarial.<\/p>\r\n\r\n\r\n\r\n<h3 class=\"wp-block-heading\" id=\"ancora02\"><strong>Centraliza\u00e7\u00e3o das informa\u00e7\u00f5es<\/strong><\/h3>\r\n\r\n\r\n\r\n<p>Uma medida que \u00e9 crucial para a qualidade da comunica\u00e7\u00e3o interna de uma empresa \u00e9 centralizar-se as informa\u00e7\u00f5es referentes \u00e0s equipes.<\/p>\r\n\r\n\r\n\r\n<p>Considere que quando as informa\u00e7\u00f5es se encontram de forma esparsa torna-se muito mais dif\u00edcil alcan\u00e7\u00e1-las integralmente e a\u00ed h\u00e1 o perigo de que algum dado importante n\u00e3o seja considerado na hora da tomada de decis\u00e3o ou cumprimento de alguma tarefa.<\/p>\r\n\r\n\r\n\r\n<p>Ao centralizar informa\u00e7\u00f5es os colaboradores n\u00e3o precisam acessar diversos meios (como sistema interno rede, e-mail e agenda compartilhada) para obt\u00ea-las.<\/p>\r\n<p>Basta que ele se dirija a um lugar para obt\u00ea-las de maneira completa sem o perigo de incorrer em erro pela aus\u00eancia de dados.<\/p>\r\n\r\n\r\n\r\n<h3 class=\"wp-block-heading\" id=\"ancora03\"><strong>Transpar\u00eancia \u00e9 essencial<\/strong><\/h3>\r\n\r\n\r\n\r\n<p>Conforme j\u00e1 citado a comunica\u00e7\u00e3o interna das empresas se refere ao mesmo tempo \u00e0 organiza\u00e7\u00e3o das informa\u00e7\u00f5es e ao di\u00e1logo dentro das equipes e entre os setores.<\/p>\r\n<p>Ela demanda transpar\u00eancia dos envolvidos para que ocorra de forma a obter o sucesso desejado.<\/p>\r\n\r\n\r\n\r\n<p>Imagine a hip\u00f3tese, que j\u00e1 foi t\u00e3o comum nas empresas, em que o gestor guarda a maioria das informa\u00e7\u00f5es para si mesmo, apenas delegando tarefas sem esclarecimento.<\/p>\r\n\r\n\r\n\r\n<p>Nesse caso existem diversos problemas, relacionados \u00e0 mecaniza\u00e7\u00e3o do trabalho, ao impedimento de desenvolvimento dos funcion\u00e1rios da equipe e do pr\u00f3prio desconhecimento sobre o que realmente se est\u00e1 executando.<\/p>\r\n\r\n\r\n\r\n<p>Quando a equipe est\u00e1 conectada com seu gestor e n\u00e3o existem medidas e planos sendo feitos por baixos dos panos a chance de que a opera\u00e7\u00e3o seja bem sucedida aumenta em grande escala.<\/p>\r\n\r\n\r\n\r\n<p>Todos os trabalhadores t\u00eam consci\u00eancia do que est\u00e3o fazendo e onde querem chegar e como podem auxiliar a equipe nessa busca.<\/p>\r\n\r\n\r\n\r\n<p>Outro ponto relevante \u00e9 que essa transpar\u00eancia permite que os funcion\u00e1rios de uma equipe possam efetivamente participar de decis\u00f5es e de desenvolvimento de ideias.<\/p>\r\n\r\n\r\n\r\n<p>Muitas vezes eles t\u00eam experi\u00eancia e conhecimentos que podem trazer uma nova vis\u00e3o \u00e0 equipe com novas solu\u00e7\u00f5es visando o mesmo fim.<\/p>\r\n\r\n\r\n\r\n<h3 class=\"wp-block-heading\" id=\"ancora04\"><strong>Elimine a burocracia para a troca de informa\u00e7\u00f5es<\/strong><\/h3>\r\n\r\n\r\n\r\n<p>Considere informa\u00e7\u00f5es que os colaboradores necessitam para realizar seus trabalhos diariamente. A partir disso \u00e9 importante que haja a facilita\u00e7\u00e3o do acesso delas, diminuindo a burocracia para isso.<\/p>\r\n\r\n\r\n\r\n<p>Essa \u00e9 uma a\u00e7\u00e3o que leva \u00e0 diminui\u00e7\u00e3o da perda de tempo com processos burocr\u00e1ticos e desnecess\u00e1rios.<\/p>\r\n<p>N\u00e3o \u00e9 poss\u00edvel deixar de considerar igualmente que a forma de comunica\u00e7\u00e3o deve ser pensada em rela\u00e7\u00e3o \u00e0 burocracia que ela demanda.<\/p>\r\n\r\n\r\n\r\n<p>Um bom exemplo se refere \u00e0 troca de e-mails. Dentro de um ambiente formal \u00e9 normal que haja uma sauda\u00e7\u00e3o inicial, uso de termos que acabam \u201cenrolando\u201d o assunto e outros tipos de v\u00edcios.<\/p>\r\n<p>A sua empresa pode estipular, desde logo, estipular a elimina\u00e7\u00e3o deste tipo de formalidade para a comunica\u00e7\u00e3o interna.<\/p>\r\n\r\n\r\n\r\n<p>Pode parecer algo pequeno, mas economiza muito tempo do trabalhador em longo prazo e permite que o di\u00e1logo se desenrole de maneira mais r\u00e1pida e direta.<\/p>\r\n\r\n\r\n\r\n<h3 class=\"wp-block-heading\" id=\"ancora05\"><strong>Torne seus gestores acess\u00edveis<\/strong><\/h3>\r\n\r\n\r\n\r\n<p>De nada adianta a elimina\u00e7\u00e3o da burocracia e formalidade interna se ela se limitar ao meio digital. Tenha em mente que a comunica\u00e7\u00e3o com os colaboradores depende de um gestor que se mostre aberto ao di\u00e1logo.<\/p>\r\n\r\n\r\n\r\n<p>E n\u00e3o basta tentar criar o di\u00e1logo, \u00e9 preciso que ele se mostre atento ao que o colaborador tem a dizer independentemente do grau hier\u00e1rquico.<\/p>\r\n\r\n\r\n\r\n<p>Uma boa forma de colocar isso em pr\u00e1tica \u00e9, no mesmo sentido do item anterior, desburocratizar e eliminar formalidades desnecess\u00e1rias.<\/p>\r\n\r\n\r\n\r\n<p>\u00a0Termos como \u201cdoutor\u201d e \u201csenhor\u201d podem ser afastados sem que isso afaste o respeito. Um ambiente em que todos s\u00e3o chamados pelo nome, sem qualquer tipo de prenome, demonstra que todos est\u00e3o falando de igual para igual.<\/p>\r\n\r\n\r\n\r\n<p>Os colaboradores tendem a se sentir mais dispostos a puxar conversas e procurar os gestores para oferecer ideias e novas estrat\u00e9gias quando esses cuidados s\u00e3o tomados.<\/p>\r\n\r\n\r\n\r\n<h3 class=\"wp-block-heading\" id=\"ancora06\"><strong>Invista em canais estrat\u00e9gicos de comunica\u00e7\u00e3o interna<\/strong><\/h3>\r\n\r\n\r\n\r\n<p>Nossa \u00faltima dica se refere aos meios que s\u00e3o utilizados por sua empresa para promover a comunica\u00e7\u00e3o entre os colaboradores de uma equipe e entre os pr\u00f3prios setores.<\/p>\r\n\r\n\r\n\r\n<p>Existem diversos softwares que podem ser contratados pela sua empresa, que permitem o compartilhamento interno de arquivos e as conversas em tempo real.<\/p>\r\n<p>Muitos deles d\u00e3o acesso a ambientes de trabalho conjunto realizado \u00e0 dist\u00e2ncia, com uso simult\u00e2neo de uma mesma planilha.<\/p>\r\n\r\n\r\n\r\n<p>\u00c9 importante que a forma de comunica\u00e7\u00e3o seja \u00e1gil e acess\u00edvel. \u00c9 poss\u00edvel evitar o uso de telefonemas que podem demandar mais tempo do que uma mensagem em tempo real.<\/p>\r\n<p>E-mails e outros tipos de comunica\u00e7\u00e3o do tipo devem ser reservadas para quest\u00f5es espec\u00edficas.<\/p>\r\n\r\n\r\n\r\n<p>Considere contratar uma plataforma que ofere\u00e7a comunica\u00e7\u00e3o r\u00e1pida e que demonstre quais mensagens possuem teor de urg\u00eancia, dentre outras facilidades que podem ser encontradas nos programas do tipo.<\/p>\r\n\r\n\r\n\r\n<p>N\u00e3o deixe de colocar em pr\u00e1tica as dicas que listamos acima e garanta a melhoria na comunica\u00e7\u00e3o interna da sua empresa!<\/p>\r\n\r\n\r\n\r\n<h2 class=\"wp-block-heading\" id=\"ancora07\"><strong>Aposte no controle de ponto Oitchau para melhorar a comunica\u00e7\u00e3o interna<\/strong><\/h2>\r\n\r\n\r\n\r\n\r\n\r\n<p>Por fim, nossa \u00faltima dica para melhorar a comunica\u00e7\u00e3o que ocorre internamente nas empresas \u00e9 apostar no controle de ponto Oitchau.<\/p>\r\n<p>E, sim, sabemos que em um primeiro momento essa indica\u00e7\u00e3o pode parecer perdida e sem conex\u00e3o com as demais.<\/p>\r\n\r\n\r\n\r\n<p>Contudo, \u00e9 a\u00ed que voc\u00ea se engana!<\/p>\r\n<p>O <strong><a href=\"https:\/\/www.oitchau.com.br\/\" data-type=\"URL\" data-id=\"https:\/\/www.oitchau.com.br\/\">controle de ponto<\/a><\/strong> Oitchau \u00e9 uma ferramenta digital que faz uso de tecnologias modernas, como intelig\u00eancia artificial (AI). Com isso, n\u00e3o se presta apenas \u00e0 gest\u00e3o de jornada, mas ajuda em in\u00fameras outras frentes.<\/p>\r\n\r\n\r\n\r\n<p>Esse controle, antes de tudo, \u00e9 digital e ocorre em tempo real. Dessa maneira, ele capta todos os dados de marca\u00e7\u00e3o no mesmo momento em que s\u00e3o concedidos. Da mesma forma, ele realiza o c\u00e1lculo autom\u00e1tico de horas extras, faltas e banco de horas.<\/p>\r\n\r\n\r\n\r\n<p>Isso, por si s\u00f3, j\u00e1 \u00e9 incr\u00edvel, especialmente para o RH, mas tamb\u00e9m para o relacionamento entre os colaboradores e a pr\u00f3pria empresa, bem como para o cumprimento das leis trabalhistas.<\/p>\r\n\r\n\r\n\r\n<p>Mas esses n\u00e3o s\u00e3o os \u00fanicos benef\u00edcios que o controle de ponto Oitchau oferta \u00e0s empresas. Ele, em verdade, pode atuar diretamente sobre a melhoria da comunica\u00e7\u00e3o interna. Os motivos disso \u00e9 o que voc\u00ea confere nos itens que seguem.<\/p>\r\n\r\n\r\n\r\n<h3 class=\"wp-block-heading\" id=\"ancora08\"><strong>Faltas programadas<\/strong><\/h3>\r\n\r\n\r\n\r\n<p>Primeiramente, o sistema digital de controle de jornada Oitchau melhora a comunica\u00e7\u00e3o interna na medida em que permite a negocia\u00e7\u00e3o e informa\u00e7\u00e3o de faltas programadas, independentemente do motivo delas.<\/p>\r\n\r\n\r\n\r\n<p>Assim, o colaborador e o gestor possuem um espa\u00e7o onde podem conversar, dentro do sistema de controle de ponto, quanto \u00e0s aus\u00eancias necess\u00e1rias. Dessa forma, \u00e9 poss\u00edvel promover a organiza\u00e7\u00e3o da empresa.<\/p>\r\n\r\n\r\n\r\n<p>Mas n\u00e3o s\u00f3 isso, tamb\u00e9m se garante em m\u00e3os um hist\u00f3rico sobre as aus\u00eancias e negocia\u00e7\u00f5es entre colaborador e gestor.<\/p>\r\n\r\n\r\n\r\n<h3 class=\"wp-block-heading\" id=\"ancora09\"><strong>Comprova\u00e7\u00e3o de justificativa abonadora de falta<\/strong><\/h3>\r\n\r\n\r\n\r\n<p>Da mesma forma, o sistema de <a href=\"https:\/\/www.oitchau.com.br\/\"><strong>controle de ponto<\/strong><\/a> Oitchau tamb\u00e9m possui um espa\u00e7o no qual os colaboradores podem apresentar as justificativas de suas faltas.<\/p>\r\n<p>Por exemplo, atestado m\u00e9dico ou de acompanhamento de filho menor de idade.<\/p>\r\n\r\n\r\n\r\n<p>E, com isso, novamente a empresa det\u00e9m um hist\u00f3rico sobre a falta, bem como sobre o aceite do documento e o abono da aus\u00eancia, se for o caso. Da mesma forma, note que com isso o trabalhador fica em posse da via original do documento.<\/p>\r\n\r\n\r\n\r\n<p>Afinal, a apresenta\u00e7\u00e3o do documento que justifica a falta ao trabalho se d\u00e1 de forma digital e online. Por isso, n\u00e3o h\u00e1 perigo de extravio do documento original e f\u00edsico, o que \u00e9 interessante para a empresa e para o pr\u00f3prio colaborador.<\/p>\r\n\r\n\r\n\r\n<h3 class=\"wp-block-heading\" id=\"ancora10\"><strong>Negocia\u00e7\u00e3o de f\u00e9rias<\/strong><\/h3>\r\n\r\n\r\n\r\n<p>Da mesma forma que para as aus\u00eancias justificadas e apresenta\u00e7\u00e3o de documento que justifique e abono faltas, o sistema Oitchau tamb\u00e9m possui um espa\u00e7o que se volta \u00e0 negocia\u00e7\u00e3o de f\u00e9rias entre o colaborador e o gestor.<\/p>\r\n<p><span data-sheets-value=\"{&quot;1&quot;:2,&quot;2&quot;:&quot;\n\t\t&lt;!--HubSpot Call-to-Action Code --&gt;\n\t\t&lt;span class=&quot;hs-cta-wrapper&quot; id=&quot;hs-cta-wrapper-c9b3d4d3-5a6e-401a-9bcf-f1e22b13c93f&quot;&gt;\n\t\t&lt;span class=&quot;hs-cta-node hs-cta-c9b3d4d3-5a6e-401a-9bcf-f1e22b13c93f&quot; id=&quot;c9b3d4d3-5a6e-401a-9bcf-f1e22b13c93f&quot;&gt;\n\t\t&lt;!--[if lte IE 8]&gt;\n\t\t&lt;div id=&quot;hs-cta-ie-element&quot;&gt;&lt;\/div&gt;\n\t\t&lt;![endif]--&gt;\n\t\t&lt;a href=&quot;https:\/\/cta-redirect.hubspot.com\/cta\/redirect\/20984162\/c9b3d4d3-5a6e-401a-9bcf-f1e22b13c93f&quot; &gt;\n\t\t&lt;img class=&quot;hs-cta-img&quot; id=&quot;hs-cta-img-c9b3d4d3-5a6e-401a-9bcf-f1e22b13c93f&quot; style=&quot;border-width:0px;&quot; src=&quot;https:\/\/no-cache.hubspot.com\/cta\/default\/20984162\/c9b3d4d3-5a6e-401a-9bcf-f1e22b13c93f.png&quot;  alt=&quot;New call-to-action&quot;\/&gt;\n\t\t&lt;\/a&gt;\n\t\t&lt;\/span&gt;\n\t\t&lt;script charset=&quot;utf-8&quot; src=&quot;\/\/js.hubspot.com\/cta\/current.js&quot;&gt;&lt;\/script&gt;\n\t\t&lt;script&gt;\n\t\thbspt.cta.load(20984162, &#039;c9b3d4d3-5a6e-401a-9bcf-f1e22b13c93f&#039;, {});\n\t\t&lt;\/script&gt;\n\t\t&lt;\/span&gt;\n\t\t&lt;!-- end HubSpot Call-to-Action Code --&gt;\n\t\t&quot;}\" data-sheets-userformat=\"{&quot;2&quot;:899,&quot;3&quot;:{&quot;1&quot;:0},&quot;4&quot;:{&quot;1&quot;:2,&quot;2&quot;:16777215},&quot;10&quot;:1,&quot;11&quot;:4,&quot;12&quot;:0}\">\n\t\t<!--HubSpot Call-to-Action Code -->\n\t\t<span class=\"hs-cta-wrapper\" id=\"hs-cta-wrapper-c9b3d4d3-5a6e-401a-9bcf-f1e22b13c93f\">\n\t\t<span class=\"hs-cta-node hs-cta-c9b3d4d3-5a6e-401a-9bcf-f1e22b13c93f\" id=\"c9b3d4d3-5a6e-401a-9bcf-f1e22b13c93f\">\n\t\t<!--[if lte IE 8]>\n\t\t<div id=\"hs-cta-ie-element\"><\/div>\n\t\t<![endif]-->\n\t\t<a href=\"https:\/\/cta-redirect.hubspot.com\/cta\/redirect\/20984162\/c9b3d4d3-5a6e-401a-9bcf-f1e22b13c93f\" >\n\t\t<img decoding=\"async\" class=\"hs-cta-img\" id=\"hs-cta-img-c9b3d4d3-5a6e-401a-9bcf-f1e22b13c93f\" style=\"border-width:0px;\" src=\"https:\/\/no-cache.hubspot.com\/cta\/default\/20984162\/c9b3d4d3-5a6e-401a-9bcf-f1e22b13c93f.png\"  alt=\"New call-to-action\"\/>\n\t\t<\/a>\n\t\t<\/span>\n\t\t<script charset=\"utf-8\" src=\"\/\/js.hubspot.com\/cta\/current.js\"><\/script>\n\t\t<script>\n\t\thbspt.cta.load(20984162, 'c9b3d4d3-5a6e-401a-9bcf-f1e22b13c93f', {});\n\t\t<\/script>\n\t\t<\/span>\n\t\t<!-- end HubSpot Call-to-Action Code -->\n\t\t<\/span><\/p>\r\n\r\n\r\n\r\n<p>Mais uma vez, ent\u00e3o, estamos diante de uma ferramenta que permite um hist\u00f3rico \u00e0 empresa. Ainda, facilita em muito a comunica\u00e7\u00e3o interna.<\/p>\r\n\r\n\r\n\r\n<h3 class=\"wp-block-heading\" id=\"ancora11\"><strong>Clareza e transpar\u00eancia com os colaboradores<\/strong><\/h3>\r\n\r\n\r\n\r\n<p>Por fim, o sistema Oitchau \u00e9 importante para a comunica\u00e7\u00e3o interna da empresa na medida em que oferece clareza e transpar\u00eancia aos colaboradores em rela\u00e7\u00e3o \u00e0s horas extras, marca\u00e7\u00f5es e banco de horas.<\/p>\r\n\r\n\r\n\r\n<p>O sistema tem atualiza\u00e7\u00e3o autom\u00e1tica assim que uma nova informa\u00e7\u00e3o \u00e9 registrada.<\/p>\r\n<p>Ao faz\u00ea-lo, atualiza todos os dados que s\u00e3o impactados por ela, como o n\u00famero de horas extraordin\u00e1rias que dever\u00e1 receber ou horas para compensa\u00e7\u00e3o.<\/p>\r\n","protected":false},"excerpt":{"rendered":"<p>Uma das principais dificuldades ainda encontradas pelas empresas diz respeito \u00e0 comunica\u00e7\u00e3o interna. Infelizmente as organiza\u00e7\u00f5es n\u00e3o raro se deparam com percal\u00e7os em que o di\u00e1logo n\u00e3o \u00e9 efetivo ou a sua aus\u00eancia causou problemas. A comunica\u00e7\u00e3o \u00e9 essencial para que os servi\u00e7os sejam prestados pelos colaboradores com a sintonia necess\u00e1ria. Ele permite o debate, [&hellip;]<\/p>\n","protected":false},"author":11,"featured_media":35115,"comment_status":"closed","ping_status":"open","sticky":false,"template":"","format":"standard","meta":{"content-type":"","footnotes":""},"categories":[15965],"tags":[11729,14062,10887],"yoast_head":"<!-- This site is optimized with the Yoast SEO Premium plugin v22.2 (Yoast SEO v22.2) - https:\/\/yoast.com\/wordpress\/plugins\/seo\/ -->\n<title>Comunica\u00e7\u00e3o interna: como melhorar na empresa? | Oitchau<\/title>\n<meta name=\"description\" content=\"Uma das principais dificuldades ainda encontradas pelas empresas diz respeito \u00e0 comunica\u00e7\u00e3o interna. Entenda mais sobre o tema aqui!\" \/>\n<meta name=\"robots\" content=\"index, follow, max-snippet:-1, max-image-preview:large, max-video-preview:-1\" \/>\n<link rel=\"canonical\" href=\"https:\/\/www.oitchau.com.br\/blog\/como-melhorar-a-comunicacao-interna-da-empresa\/\" \/>\n<meta property=\"og:locale\" content=\"pt_BR\" \/>\n<meta property=\"og:type\" content=\"article\" \/>\n<meta property=\"og:title\" content=\"Comunica\u00e7\u00e3o interna: como melhorar na empresa?\" \/>\n<meta property=\"og:description\" content=\"Uma das principais dificuldades ainda encontradas pelas empresas diz respeito \u00e0 comunica\u00e7\u00e3o interna. Entenda mais sobre o tema aqui!\" \/>\n<meta property=\"og:url\" content=\"https:\/\/www.oitchau.com.br\/blog\/como-melhorar-a-comunicacao-interna-da-empresa\/\" \/>\n<meta property=\"og:site_name\" content=\"Controle de Ponto &amp; Timesheets\" \/>\n<meta property=\"article:publisher\" content=\"https:\/\/www.facebook.com\/oitchaubr\/\" \/>\n<meta property=\"article:published_time\" content=\"2020-10-05T17:50:19+00:00\" \/>\n<meta property=\"article:modified_time\" content=\"2024-07-29T12:01:18+00:00\" \/>\n<meta property=\"og:image\" content=\"https:\/\/storage.googleapis.com\/oitchaublog\/2020\/10\/07be85c5-comunicacao-interna.png\" \/>\n\t<meta property=\"og:image:width\" content=\"1982\" \/>\n\t<meta property=\"og:image:height\" content=\"800\" \/>\n\t<meta property=\"og:image:type\" content=\"image\/png\" \/>\n<meta name=\"author\" content=\"Aline Mesquita\" \/>\n<meta name=\"twitter:card\" content=\"summary_large_image\" \/>\n<meta name=\"twitter:creator\" content=\"@oitchaubr\" \/>\n<meta name=\"twitter:site\" content=\"@oitchaubr\" \/>\n<meta name=\"twitter:label1\" content=\"Written by\" \/>\n\t<meta name=\"twitter:data1\" content=\"Aline Mesquita\" \/>\n\t<meta name=\"twitter:label2\" content=\"Est. reading time\" \/>\n\t<meta name=\"twitter:data2\" content=\"13 minutos\" \/>\n<script type=\"application\/ld+json\" class=\"yoast-schema-graph\">{\"@context\":\"https:\/\/schema.org\",\"@graph\":[{\"@type\":[\"Article\",\"BlogPosting\"],\"@id\":\"https:\/\/www.oitchau.com.br\/blog\/como-melhorar-a-comunicacao-interna-da-empresa\/#article\",\"isPartOf\":{\"@id\":\"https:\/\/www.oitchau.com.br\/blog\/como-melhorar-a-comunicacao-interna-da-empresa\/\"},\"author\":{\"name\":\"Aline Mesquita\",\"@id\":\"https:\/\/www.oitchau.com.br\/blog\/#\/schema\/person\/40ba65f8664531ffe1465f6cb9d82430\"},\"headline\":\"Comunica\u00e7\u00e3o interna: como melhorar na empresa?\",\"datePublished\":\"2020-10-05T17:50:19+00:00\",\"dateModified\":\"2024-07-29T12:01:18+00:00\",\"mainEntityOfPage\":{\"@id\":\"https:\/\/www.oitchau.com.br\/blog\/como-melhorar-a-comunicacao-interna-da-empresa\/\"},\"wordCount\":2416,\"publisher\":{\"@id\":\"https:\/\/www.oitchau.com.br\/blog\/#organization\"},\"image\":{\"@id\":\"https:\/\/www.oitchau.com.br\/blog\/como-melhorar-a-comunicacao-interna-da-empresa\/#primaryimage\"},\"thumbnailUrl\":\"https:\/\/storage.googleapis.com\/oitchaublog\/2020\/10\/07be85c5-comunicacao-interna.png\",\"keywords\":[\"comunica\u00e7\u00e3o\",\"comunica\u00e7\u00e3o interna\",\"gest\u00e3o de pessoas\"],\"articleSection\":[\"Jornada &amp; Ponto\"],\"inLanguage\":\"pt-BR\"},{\"@type\":\"WebPage\",\"@id\":\"https:\/\/www.oitchau.com.br\/blog\/como-melhorar-a-comunicacao-interna-da-empresa\/\",\"url\":\"https:\/\/www.oitchau.com.br\/blog\/como-melhorar-a-comunicacao-interna-da-empresa\/\",\"name\":\"Comunica\u00e7\u00e3o interna: como melhorar na empresa? | Oitchau\",\"isPartOf\":{\"@id\":\"https:\/\/www.oitchau.com.br\/blog\/#website\"},\"primaryImageOfPage\":{\"@id\":\"https:\/\/www.oitchau.com.br\/blog\/como-melhorar-a-comunicacao-interna-da-empresa\/#primaryimage\"},\"image\":{\"@id\":\"https:\/\/www.oitchau.com.br\/blog\/como-melhorar-a-comunicacao-interna-da-empresa\/#primaryimage\"},\"thumbnailUrl\":\"https:\/\/storage.googleapis.com\/oitchaublog\/2020\/10\/07be85c5-comunicacao-interna.png\",\"datePublished\":\"2020-10-05T17:50:19+00:00\",\"dateModified\":\"2024-07-29T12:01:18+00:00\",\"description\":\"Uma das principais dificuldades ainda encontradas pelas empresas diz respeito \u00e0 comunica\u00e7\u00e3o interna. Entenda mais sobre o tema aqui!\",\"breadcrumb\":{\"@id\":\"https:\/\/www.oitchau.com.br\/blog\/como-melhorar-a-comunicacao-interna-da-empresa\/#breadcrumb\"},\"inLanguage\":\"pt-BR\",\"potentialAction\":[{\"@type\":\"ReadAction\",\"target\":[\"https:\/\/www.oitchau.com.br\/blog\/como-melhorar-a-comunicacao-interna-da-empresa\/\"]}]},{\"@type\":\"ImageObject\",\"inLanguage\":\"pt-BR\",\"@id\":\"https:\/\/www.oitchau.com.br\/blog\/como-melhorar-a-comunicacao-interna-da-empresa\/#primaryimage\",\"url\":\"https:\/\/storage.googleapis.com\/oitchaublog\/2020\/10\/07be85c5-comunicacao-interna.png\",\"contentUrl\":\"https:\/\/storage.googleapis.com\/oitchaublog\/2020\/10\/07be85c5-comunicacao-interna.png\",\"width\":1982,\"height\":800,\"caption\":\"comunica\u00e7\u00e3o interna\"},{\"@type\":\"BreadcrumbList\",\"@id\":\"https:\/\/www.oitchau.com.br\/blog\/como-melhorar-a-comunicacao-interna-da-empresa\/#breadcrumb\",\"itemListElement\":[{\"@type\":\"ListItem\",\"position\":1,\"name\":\"Blog\",\"item\":\"https:\/\/www.oitchau.com.br\/blog\/\"},{\"@type\":\"ListItem\",\"position\":2,\"name\":\"Comunica\u00e7\u00e3o interna: como melhorar na empresa?\"}]},{\"@type\":\"WebSite\",\"@id\":\"https:\/\/www.oitchau.com.br\/blog\/#website\",\"url\":\"https:\/\/www.oitchau.com.br\/blog\/\",\"name\":\"Controle de Ponto & Timesheets\",\"description\":\"\",\"publisher\":{\"@id\":\"https:\/\/www.oitchau.com.br\/blog\/#organization\"},\"potentialAction\":[{\"@type\":\"SearchAction\",\"target\":{\"@type\":\"EntryPoint\",\"urlTemplate\":\"https:\/\/www.oitchau.com.br\/blog\/?s={search_term_string}\"},\"query-input\":\"required name=search_term_string\"}],\"inLanguage\":\"pt-BR\"},{\"@type\":\"Organization\",\"@id\":\"https:\/\/www.oitchau.com.br\/blog\/#organization\",\"name\":\"Oitchau\",\"url\":\"https:\/\/www.oitchau.com.br\/blog\/\",\"logo\":{\"@type\":\"ImageObject\",\"inLanguage\":\"pt-BR\",\"@id\":\"https:\/\/www.oitchau.com.br\/blog\/#\/schema\/logo\/image\/\",\"url\":\"https:\/\/storage.googleapis.com\/oitchaublog\/2024\/03\/a0e65c6f-design-sem-nome-20.png\",\"contentUrl\":\"https:\/\/storage.googleapis.com\/oitchaublog\/2024\/03\/a0e65c6f-design-sem-nome-20.png\",\"width\":696,\"height\":696,\"caption\":\"Oitchau\"},\"image\":{\"@id\":\"https:\/\/www.oitchau.com.br\/blog\/#\/schema\/logo\/image\/\"},\"sameAs\":[\"https:\/\/www.facebook.com\/oitchaubr\/\",\"https:\/\/twitter.com\/oitchaubr\",\"https:\/\/instagram.com\/oitchaubr\"],\"description\":\"A Oitchau \u00e9 uma solu\u00e7\u00e3o completa para gest\u00e3o de tempo dos colaboradores, atrav\u00e9s de suas solu\u00e7\u00f5es de controle de ponto & timesheets, ela permite que gestores, RH e DP possam gerenciar desde a jornada de trabalho de funcion\u00e1rios at\u00e9 a gest\u00e3o de tempo em projetos. Elevando o n\u00edvel estrat\u00e9gico do neg\u00f3cio de forma inteligente e assertiva, potencializando seus resultados e garantindo compliance com a Lei.\",\"email\":\"contato@oitchau.com.br\",\"telephone\":\"+551142102846\",\"foundingDate\":\"2016-01-01\",\"numberOfEmployees\":{\"@type\":\"QuantitativeValue\",\"minValue\":\"51\",\"maxValue\":\"200\"}},{\"@type\":\"Person\",\"@id\":\"https:\/\/www.oitchau.com.br\/blog\/#\/schema\/person\/40ba65f8664531ffe1465f6cb9d82430\",\"name\":\"Aline Mesquita\",\"url\":\"https:\/\/www.oitchau.com.br\/blog\/author\/aline\/\"}]}<\/script>\n<!-- \/ Yoast SEO Premium plugin. -->","yoast_head_json":{"title":"Comunica\u00e7\u00e3o interna: como melhorar na empresa? | Oitchau","description":"Uma das principais dificuldades ainda encontradas pelas empresas diz respeito \u00e0 comunica\u00e7\u00e3o interna. Entenda mais sobre o tema aqui!","robots":{"index":"index","follow":"follow","max-snippet":"max-snippet:-1","max-image-preview":"max-image-preview:large","max-video-preview":"max-video-preview:-1"},"canonical":"https:\/\/www.oitchau.com.br\/blog\/como-melhorar-a-comunicacao-interna-da-empresa\/","og_locale":"pt_BR","og_type":"article","og_title":"Comunica\u00e7\u00e3o interna: como melhorar na empresa?","og_description":"Uma das principais dificuldades ainda encontradas pelas empresas diz respeito \u00e0 comunica\u00e7\u00e3o interna. Entenda mais sobre o tema aqui!","og_url":"https:\/\/www.oitchau.com.br\/blog\/como-melhorar-a-comunicacao-interna-da-empresa\/","og_site_name":"Controle de Ponto &amp; Timesheets","article_publisher":"https:\/\/www.facebook.com\/oitchaubr\/","article_published_time":"2020-10-05T17:50:19+00:00","article_modified_time":"2024-07-29T12:01:18+00:00","og_image":[{"width":1982,"height":800,"url":"https:\/\/storage.googleapis.com\/oitchaublog\/2020\/10\/07be85c5-comunicacao-interna.png","type":"image\/png"}],"author":"Aline Mesquita","twitter_card":"summary_large_image","twitter_creator":"@oitchaubr","twitter_site":"@oitchaubr","twitter_misc":{"Written by":"Aline Mesquita","Est. reading time":"13 minutos"},"schema":{"@context":"https:\/\/schema.org","@graph":[{"@type":["Article","BlogPosting"],"@id":"https:\/\/www.oitchau.com.br\/blog\/como-melhorar-a-comunicacao-interna-da-empresa\/#article","isPartOf":{"@id":"https:\/\/www.oitchau.com.br\/blog\/como-melhorar-a-comunicacao-interna-da-empresa\/"},"author":{"name":"Aline Mesquita","@id":"https:\/\/www.oitchau.com.br\/blog\/#\/schema\/person\/40ba65f8664531ffe1465f6cb9d82430"},"headline":"Comunica\u00e7\u00e3o interna: como melhorar na empresa?","datePublished":"2020-10-05T17:50:19+00:00","dateModified":"2024-07-29T12:01:18+00:00","mainEntityOfPage":{"@id":"https:\/\/www.oitchau.com.br\/blog\/como-melhorar-a-comunicacao-interna-da-empresa\/"},"wordCount":2416,"publisher":{"@id":"https:\/\/www.oitchau.com.br\/blog\/#organization"},"image":{"@id":"https:\/\/www.oitchau.com.br\/blog\/como-melhorar-a-comunicacao-interna-da-empresa\/#primaryimage"},"thumbnailUrl":"https:\/\/storage.googleapis.com\/oitchaublog\/2020\/10\/07be85c5-comunicacao-interna.png","keywords":["comunica\u00e7\u00e3o","comunica\u00e7\u00e3o interna","gest\u00e3o de pessoas"],"articleSection":["Jornada &amp; Ponto"],"inLanguage":"pt-BR"},{"@type":"WebPage","@id":"https:\/\/www.oitchau.com.br\/blog\/como-melhorar-a-comunicacao-interna-da-empresa\/","url":"https:\/\/www.oitchau.com.br\/blog\/como-melhorar-a-comunicacao-interna-da-empresa\/","name":"Comunica\u00e7\u00e3o interna: como melhorar na empresa? | Oitchau","isPartOf":{"@id":"https:\/\/www.oitchau.com.br\/blog\/#website"},"primaryImageOfPage":{"@id":"https:\/\/www.oitchau.com.br\/blog\/como-melhorar-a-comunicacao-interna-da-empresa\/#primaryimage"},"image":{"@id":"https:\/\/www.oitchau.com.br\/blog\/como-melhorar-a-comunicacao-interna-da-empresa\/#primaryimage"},"thumbnailUrl":"https:\/\/storage.googleapis.com\/oitchaublog\/2020\/10\/07be85c5-comunicacao-interna.png","datePublished":"2020-10-05T17:50:19+00:00","dateModified":"2024-07-29T12:01:18+00:00","description":"Uma das principais dificuldades ainda encontradas pelas empresas diz respeito \u00e0 comunica\u00e7\u00e3o interna. Entenda mais sobre o tema aqui!","breadcrumb":{"@id":"https:\/\/www.oitchau.com.br\/blog\/como-melhorar-a-comunicacao-interna-da-empresa\/#breadcrumb"},"inLanguage":"pt-BR","potentialAction":[{"@type":"ReadAction","target":["https:\/\/www.oitchau.com.br\/blog\/como-melhorar-a-comunicacao-interna-da-empresa\/"]}]},{"@type":"ImageObject","inLanguage":"pt-BR","@id":"https:\/\/www.oitchau.com.br\/blog\/como-melhorar-a-comunicacao-interna-da-empresa\/#primaryimage","url":"https:\/\/storage.googleapis.com\/oitchaublog\/2020\/10\/07be85c5-comunicacao-interna.png","contentUrl":"https:\/\/storage.googleapis.com\/oitchaublog\/2020\/10\/07be85c5-comunicacao-interna.png","width":1982,"height":800,"caption":"comunica\u00e7\u00e3o interna"},{"@type":"BreadcrumbList","@id":"https:\/\/www.oitchau.com.br\/blog\/como-melhorar-a-comunicacao-interna-da-empresa\/#breadcrumb","itemListElement":[{"@type":"ListItem","position":1,"name":"Blog","item":"https:\/\/www.oitchau.com.br\/blog\/"},{"@type":"ListItem","position":2,"name":"Comunica\u00e7\u00e3o interna: como melhorar na empresa?"}]},{"@type":"WebSite","@id":"https:\/\/www.oitchau.com.br\/blog\/#website","url":"https:\/\/www.oitchau.com.br\/blog\/","name":"Controle de Ponto & Timesheets","description":"","publisher":{"@id":"https:\/\/www.oitchau.com.br\/blog\/#organization"},"potentialAction":[{"@type":"SearchAction","target":{"@type":"EntryPoint","urlTemplate":"https:\/\/www.oitchau.com.br\/blog\/?s={search_term_string}"},"query-input":"required name=search_term_string"}],"inLanguage":"pt-BR"},{"@type":"Organization","@id":"https:\/\/www.oitchau.com.br\/blog\/#organization","name":"Oitchau","url":"https:\/\/www.oitchau.com.br\/blog\/","logo":{"@type":"ImageObject","inLanguage":"pt-BR","@id":"https:\/\/www.oitchau.com.br\/blog\/#\/schema\/logo\/image\/","url":"https:\/\/storage.googleapis.com\/oitchaublog\/2024\/03\/a0e65c6f-design-sem-nome-20.png","contentUrl":"https:\/\/storage.googleapis.com\/oitchaublog\/2024\/03\/a0e65c6f-design-sem-nome-20.png","width":696,"height":696,"caption":"Oitchau"},"image":{"@id":"https:\/\/www.oitchau.com.br\/blog\/#\/schema\/logo\/image\/"},"sameAs":["https:\/\/www.facebook.com\/oitchaubr\/","https:\/\/twitter.com\/oitchaubr","https:\/\/instagram.com\/oitchaubr"],"description":"A Oitchau \u00e9 uma solu\u00e7\u00e3o completa para gest\u00e3o de tempo dos colaboradores, atrav\u00e9s de suas solu\u00e7\u00f5es de controle de ponto & timesheets, ela permite que gestores, RH e DP possam gerenciar desde a jornada de trabalho de funcion\u00e1rios at\u00e9 a gest\u00e3o de tempo em projetos. Elevando o n\u00edvel estrat\u00e9gico do neg\u00f3cio de forma inteligente e assertiva, potencializando seus resultados e garantindo compliance com a Lei.","email":"contato@oitchau.com.br","telephone":"+551142102846","foundingDate":"2016-01-01","numberOfEmployees":{"@type":"QuantitativeValue","minValue":"51","maxValue":"200"}},{"@type":"Person","@id":"https:\/\/www.oitchau.com.br\/blog\/#\/schema\/person\/40ba65f8664531ffe1465f6cb9d82430","name":"Aline Mesquita","url":"https:\/\/www.oitchau.com.br\/blog\/author\/aline\/"}]}},"_links":{"self":[{"href":"https:\/\/www.oitchau.com.br\/blog\/wp-json\/wp\/v2\/posts\/12373"}],"collection":[{"href":"https:\/\/www.oitchau.com.br\/blog\/wp-json\/wp\/v2\/posts"}],"about":[{"href":"https:\/\/www.oitchau.com.br\/blog\/wp-json\/wp\/v2\/types\/post"}],"author":[{"embeddable":true,"href":"https:\/\/www.oitchau.com.br\/blog\/wp-json\/wp\/v2\/users\/11"}],"replies":[{"embeddable":true,"href":"https:\/\/www.oitchau.com.br\/blog\/wp-json\/wp\/v2\/comments?post=12373"}],"version-history":[{"count":2,"href":"https:\/\/www.oitchau.com.br\/blog\/wp-json\/wp\/v2\/posts\/12373\/revisions"}],"predecessor-version":[{"id":35116,"href":"https:\/\/www.oitchau.com.br\/blog\/wp-json\/wp\/v2\/posts\/12373\/revisions\/35116"}],"wp:featuredmedia":[{"embeddable":true,"href":"https:\/\/www.oitchau.com.br\/blog\/wp-json\/wp\/v2\/media\/35115"}],"wp:attachment":[{"href":"https:\/\/www.oitchau.com.br\/blog\/wp-json\/wp\/v2\/media?parent=12373"}],"wp:term":[{"taxonomy":"category","embeddable":true,"href":"https:\/\/www.oitchau.com.br\/blog\/wp-json\/wp\/v2\/categories?post=12373"},{"taxonomy":"post_tag","embeddable":true,"href":"https:\/\/www.oitchau.com.br\/blog\/wp-json\/wp\/v2\/tags?post=12373"}],"curies":[{"name":"wp","href":"https:\/\/api.w.org\/{rel}","templated":true}]}}