{"id":12283,"date":"2020-09-30T23:09:12","date_gmt":"2020-09-30T20:09:12","guid":{"rendered":"https:\/\/www.oitchau.com.br\/blog\/?p=12283"},"modified":"2024-07-29T14:54:38","modified_gmt":"2024-07-29T11:54:38","slug":"pat-programa-de-alimentacao-do-trabalho-saiba-mais","status":"publish","type":"post","link":"https:\/\/www.oitchau.com.br\/blog\/pat-programa-de-alimentacao-do-trabalho-saiba-mais\/","title":{"rendered":"Programa de alimenta\u00e7\u00e3o do trabalho- PAT: saiba mais!"},"content":{"rendered":"\r\n<p>Voc\u00ea conhece o Programa de Alimenta\u00e7\u00e3o do Trabalho? Ele \u00e9 conhecido popularmente pela sigla PAT e corresponde a um tipo de documenta\u00e7\u00e3o em que o empregador se compromete a pagar aux\u00edlio alimenta\u00e7\u00e3o e\/ou refei\u00e7\u00e3o que \u00e9 custeado na maior parte pela empresa, com pequenos descontos no sal\u00e1rio do trabalhador!<\/p>\r\n\r\n\r\n\r\n<p>Em compensa\u00e7\u00e3o o empregador garante que a parcela que comp\u00f5e o sal\u00e1rio n\u00e3o ter\u00e1 reflexos nas outras remunera\u00e7\u00f5es pagas, como <a href=\"https:\/\/www.caixa.gov.br\/beneficios-trabalhador\/fgts\/Paginas\/default.aspx\">FGTS (Fundo de Garantia por Tempo de Servi\u00e7o)<\/a>, INSS (recolhimentos \u00e0 Previd\u00eancia Social), d\u00e9cimo terceiro sal\u00e1rio e outros.<\/p>\r\n<p><span data-sheets-value=\"{&quot;1&quot;:2,&quot;2&quot;:&quot;\n\t\t&lt;!--HubSpot Call-to-Action Code --&gt;\n\t\t&lt;span class=&quot;hs-cta-wrapper&quot; id=&quot;hs-cta-wrapper-959cb07d-ca53-460c-a412-b4c81d2c1122&quot;&gt;\n\t\t&lt;span class=&quot;hs-cta-node hs-cta-959cb07d-ca53-460c-a412-b4c81d2c1122&quot; id=&quot;959cb07d-ca53-460c-a412-b4c81d2c1122&quot;&gt;\n\t\t&lt;!--[if lte IE 8]&gt;\n\t\t&lt;div id=&quot;hs-cta-ie-element&quot;&gt;&lt;\/div&gt;\n\t\t&lt;![endif]--&gt;\n\t\t&lt;a href=&quot;https:\/\/cta-redirect.hubspot.com\/cta\/redirect\/20984162\/959cb07d-ca53-460c-a412-b4c81d2c1122&quot; &gt;\n\t\t&lt;img class=&quot;hs-cta-img&quot; id=&quot;hs-cta-img-959cb07d-ca53-460c-a412-b4c81d2c1122&quot; style=&quot;border-width:0px;&quot; src=&quot;https:\/\/no-cache.hubspot.com\/cta\/default\/20984162\/959cb07d-ca53-460c-a412-b4c81d2c1122.png&quot;  alt=&quot;New call-to-action&quot;\/&gt;\n\t\t&lt;\/a&gt;\n\t\t&lt;\/span&gt;\n\t\t&lt;script charset=&quot;utf-8&quot; src=&quot;\/\/js.hubspot.com\/cta\/current.js&quot;&gt;&lt;\/script&gt;\n\t\t&lt;script&gt;\n\t\thbspt.cta.load(20984162, &#039;959cb07d-ca53-460c-a412-b4c81d2c1122&#039;, {});\n\t\t&lt;\/script&gt;\n\t\t&lt;\/span&gt;\n\t\t&lt;!-- end HubSpot Call-to-Action Code --&gt;\n\t\t&quot;}\" data-sheets-userformat=\"{&quot;2&quot;:899,&quot;3&quot;:{&quot;1&quot;:0},&quot;4&quot;:{&quot;1&quot;:2,&quot;2&quot;:16777215},&quot;10&quot;:1,&quot;11&quot;:4,&quot;12&quot;:0}\">\n\t\t<!--HubSpot Call-to-Action Code -->\n\t\t<span class=\"hs-cta-wrapper\" id=\"hs-cta-wrapper-959cb07d-ca53-460c-a412-b4c81d2c1122\">\n\t\t<span class=\"hs-cta-node hs-cta-959cb07d-ca53-460c-a412-b4c81d2c1122\" id=\"959cb07d-ca53-460c-a412-b4c81d2c1122\">\n\t\t<!--[if lte IE 8]>\n\t\t<div id=\"hs-cta-ie-element\"><\/div>\n\t\t<![endif]-->\n\t\t<a href=\"https:\/\/cta-redirect.hubspot.com\/cta\/redirect\/20984162\/959cb07d-ca53-460c-a412-b4c81d2c1122\" >\n\t\t<img decoding=\"async\" class=\"hs-cta-img\" id=\"hs-cta-img-959cb07d-ca53-460c-a412-b4c81d2c1122\" style=\"border-width:0px;\" src=\"https:\/\/no-cache.hubspot.com\/cta\/default\/20984162\/959cb07d-ca53-460c-a412-b4c81d2c1122.png\"  alt=\"New call-to-action\"\/>\n\t\t<\/a>\n\t\t<\/span>\n\t\t<script charset=\"utf-8\" src=\"\/\/js.hubspot.com\/cta\/current.js\"><\/script>\n\t\t<script>\n\t\thbspt.cta.load(20984162, '959cb07d-ca53-460c-a412-b4c81d2c1122', {});\n\t\t<\/script>\n\t\t<\/span>\n\t\t<!-- end HubSpot Call-to-Action Code -->\n\t\t<\/span><\/p>\r\n\r\n\r\n\r\n<p>Abaixo confira tudo sobre o PAT, como aplic\u00e1-lo e sua import\u00e2ncia para as empresas.<\/p>\r\n\r\n\r\n\r\n<h2 class=\"wp-block-heading\">Alimenta\u00e7\u00e3o do trabalho: Entenda<\/h2>\r\n\r\n\r\n\r\n<p>O Programa de Alimenta\u00e7\u00e3o do Trabalho foi estipulado pela lei 6.321\/1976. A partir de ent\u00e3o passou a se considerar que as empresas que fossem inscritas nele n\u00e3o precisariam pagar reflexos sobre adicionais de alimenta\u00e7\u00e3o ou refei\u00e7\u00e3o pagos ao trabalhador.<\/p>\r\n\r\n\r\n\r\n<p>At\u00e9 ent\u00e3o isso somente era poss\u00edvel para as empresas que previssem a natureza indenizat\u00f3ria da parcela na Conven\u00e7\u00e3o Coletiva de Trabalho de suas categorias.<\/p>\r\n\r\n\r\n\r\n<p>A CCT \u00e9 respons\u00e1vel pela negocia\u00e7\u00e3o entre as partes (sindicatos patronais e dos empregados) e pode dizer respeito ao controle de <strong><a href=\"https:\/\/www.oitchau.com.br\/features\/schedules\/\">jornada de trabalho<\/a><\/strong> e outras quest\u00f5es que s\u00e3o atinentes \u00e0 negocia\u00e7\u00e3o sobre o dia a dia da categoria.<\/p>\r\n\r\n\r\n\r\n<p>Com a ades\u00e3o ao PAT as empresas t\u00eam maior seguran\u00e7a quanto ao pagamento dessas parcelas que garantem sua natureza indenizat\u00f3ria (aux\u00edlio refei\u00e7\u00e3o e alimenta\u00e7\u00e3o).<\/p>\r\n\r\n\r\n\r\n<h3 class=\"wp-block-heading\">Programa de Alimenta\u00e7\u00e3o do Trabalho: Conhe\u00e7a a Lei 6.231\/1976<\/h3>\r\n\r\n\r\n\r\n<blockquote class=\"wp-block-quote\">\r\n<p><em>\u00a0Art 1\u00ba <strong>As pessoas jur\u00eddicas poder\u00e3o deduzir, do lucro tribut\u00e1vel para fins do imposto sobre a renda o dobro das despesas comprovadamente realizadas no per\u00edodo base, em programas de alimenta\u00e7\u00e3o do trabalhador, previamente aprovados pelo Minist\u00e9rio do Trabalho na forma em que dispuser o Regulamento desta Lei<\/strong>.\u00a0\u00a0\u00a0\u00a0\u00a0\u00a0\u00a0\u00a0\u00a0\u00a0\u00a0\u00a0\u00a0\u00a0\u00a0\u00a0\u00a0\u00a0 (Vide Decreto-Lei n\u00ba 2.397, de 1987)\u00a0\u00a0\u00a0\u00a0\u00a0\u00a0\u00a0\u00a0\u00a0\u00a0\u00a0\u00a0\u00a0\u00a0\u00a0 (Vide Lei n\u00ba 9.532, de 1997)<\/em><\/p>\r\n<p><em>\u00a7 1\u00ba A dedu\u00e7\u00e3o a que se refere o caput deste artigo n\u00e3o poder\u00e1 exceder em cada exerc\u00edcio financeiro, isoladamente, a 5% (cinco por cento) e cumulativamente com a dedu\u00e7\u00e3o de que trata a Lei n\u00ba 6.297, de 15 de dezembro de 1975, a 10% (dez por cento) do lucro tribut\u00e1vel.<\/em><\/p>\r\n<p><em>\u00a7 2\u00ba As despesas n\u00e3o deduzidas no exerc\u00edcio financeiro correspondente poder\u00e3o ser transferidas para dedu\u00e7\u00e3o nos dois exerc\u00edcios financeiros subsequentes.<\/em><\/p>\r\n<p><em>Art 2\u00ba Os programas de alimenta\u00e7\u00e3o a que se refere o artigo anterior dever\u00e3o conferir prioridade ao atendimento dos trabalhadores de baixa renda e limitar-se-\u00e3o aos contratados pela pessoa jur\u00eddica benefici\u00e1ria.<\/em><\/p>\r\n<p><em>\u00a7 1o O Minist\u00e9rio do Trabalho articular-se-\u00e1 com o Instituto Nacional de Alimenta\u00e7\u00e3o e Nutri\u00e7\u00e3o &#8211; INAN, para efeito do exame e aprova\u00e7\u00e3o dos programas a que se refere a presente Lei.\u00a0\u00a0\u00a0\u00a0\u00a0\u00a0\u00a0\u00a0\u00a0\u00a0\u00a0\u00a0\u00a0\u00a0\u00a0\u00a0\u00a0\u00a0 (Renumerado do par\u00e1grafo \u00fanico, pela Medida Provis\u00f3ria n\u00ba 2.164-41, de 2001)<\/em><\/p>\r\n<p><em>\u00a7 2o\u00a0 As pessoas jur\u00eddicas benefici\u00e1rias do Programa de Alimenta\u00e7\u00e3o do Trabalhador &#8211; PAT poder\u00e3o estender o benef\u00edcio previsto nesse Programa aos trabalhadores por elas dispensados, no per\u00edodo de transi\u00e7\u00e3o para um novo emprego, limitada a extens\u00e3o ao per\u00edodo de seis meses.\u00a0\u00a0\u00a0\u00a0\u00a0\u00a0\u00a0\u00a0\u00a0\u00a0\u00a0\u00a0\u00a0\u00a0\u00a0\u00a0\u00a0\u00a0\u00a0\u00a0\u00a0 (Inclu\u00eddo pela Medida Provis\u00f3ria n\u00ba 2.164-41, de 2001)<\/em><\/p>\r\n<p><em>\u00a7 3o\u00a0 As pessoas jur\u00eddicas benefici\u00e1rias do PAT poder\u00e3o estender o benef\u00edcio previsto nesse Programa aos empregados que estejam com contrato suspenso para participa\u00e7\u00e3o em curso ou programa de qualifica\u00e7\u00e3o profissional, limitada essa extens\u00e3o ao per\u00edodo de cinco meses.\u00a0\u00a0\u00a0\u00a0\u00a0\u00a0\u00a0\u00a0\u00a0\u00a0\u00a0\u00a0\u00a0\u00a0\u00a0\u00a0\u00a0\u00a0\u00a0\u00a0\u00a0 (Inclu\u00eddo pela Medida Provis\u00f3ria n\u00ba 2.164-41, de 2001)<\/em><\/p>\r\n<p><em>Art 3\u00ba <strong>N\u00e3o se inclui como sal\u00e1rio de contribui\u00e7\u00e3o a parcela paga in natura, pela empresa, nos programas de alimenta\u00e7\u00e3o aprovados pelo Minist\u00e9rio do Trabalho<\/strong>.<\/em><\/p>\r\n<p><em>Art 4\u00ba O Poder Executivo regulamentar\u00e1 a presente Lei no prazo de 60 (sessenta) dias.<\/em><\/p>\r\n<p><em>Art 5\u00ba Esta Lei entrar\u00e1 em vigor na data de sua publica\u00e7\u00e3o, revogadas as disposi\u00e7\u00f5es em contr\u00e1rio.<\/em><\/p>\r\n<\/blockquote>\r\n\r\n\r\n\r\n<h2 class=\"wp-block-heading\">S\u00famulas e Orienta\u00e7\u00f5es Jurisprudenciais sobre o Programa de Alimenta\u00e7\u00e3o do Trabalho<\/h2>\r\n\r\n\r\n\r\n<p>Outros pontos relevantes que levantaram discuss\u00f5es jur\u00eddicas sobre o PAT foram transformados em entendimentos consolidados pelo Tribunal Superior do Trabalho (TST). Isso significa que tais quest\u00f5es devem ser regidas por estes entendimentos:<\/p>\r\n\r\n\r\n\r\n<blockquote class=\"wp-block-quote\">\r\n<p><em>S\u00famula n\u00ba 241 do TST. SAL\u00c1RIO-UTILIDADE. ALIMENTA\u00c7\u00c3O (mantida) &#8211; Res. 121\/2003, DJ 19, 20 e 21.11.2003. O vale para refei\u00e7\u00e3o, fornecido por for\u00e7a do contrato de trabalho, tem car\u00e1ter salarial, integrando a remunera\u00e7\u00e3o do empregado, para todos os efeitos legais.<\/em><\/p>\r\n<p><em>133. AJUDA ALIMENTA\u00c7\u00c3O. PAT. LEI N\u00ba 6.321\/76. N\u00c3O INTEGRA\u00c7\u00c3O AO SAL\u00c1RIO (inserida em 27.11.1998). A ajuda alimenta\u00e7\u00e3o fornecida por empresa participante do programa de alimenta\u00e7\u00e3o ao trabalhador, institu\u00eddo pela Lei n\u00ba 6.321\/76, n\u00e3o tem car\u00e1ter salarial. Portanto, n\u00e3o integra o sal\u00e1rio para nenhum efeito legal.<\/em><\/p>\r\n<p><em>413.AUX\u00cdLIO-ALIMENTA\u00c7\u00c3O. ALTERA\u00c7\u00c3O DA NATUREZA JUR\u00cdDICA. NORMA COLETIVA OU ADES\u00c3O AO PAT. (DEJT divulgado em 14, 15 e 16.02.2012). A pactua\u00e7\u00e3o em norma coletiva conferindo car\u00e1ter indenizat\u00f3rio \u00e0 verba \u201caux\u00edlio-alimenta\u00e7\u00e3o\u201d ou a ades\u00e3o posterior do empregador ao Programa de Alimenta\u00e7\u00e3o do Trabalhador \u2014 PAT \u2014 n\u00e3o altera a natureza salarial da parcela, institu\u00edda anteriormente, para aqueles empregados que, habitualmente, j\u00e1 percebiam o benef\u00edcio, a teor das S\u00famulas n.os 51, I, e 241 do TST.<\/em><\/p>\r\n<\/blockquote>\r\n\r\n\r\n\r\n<h2 class=\"wp-block-heading\">Quais cuidados s\u00e3o necess\u00e1rios em rela\u00e7\u00e3o ao PAT?<\/h2>\r\n\r\n\r\n\r\n<p>O Tribunal Superior do Trabalho consolidou o entendimento de que empresas que tenham aderido ao PAT n\u00e3o precisam pagar reflexos do sal\u00e1rio-utilidade pago em formato de alimenta\u00e7\u00e3o (ou vale) para os empregados.<\/p>\r\n\r\n\r\n\r\n<p>Esse posicionamento deve ser visto com cautela na medida em que est\u00e1 atrelado a alguns conceitos.<\/p>\r\n\r\n\r\n\r\n<p>Dentre eles est\u00e1 a data em que a empresa aderiu ao programa. Ele somente pode fazer efeito sobre os contratos futuros. Isso significa que ele n\u00e3o altera aqueles contratos que j\u00e1 estavam ativos e que para esses trabalhadores deve continuar havendo o pagamento dos reflexos nas demais parcelas trabalhistas.<\/p>\r\n\r\n\r\n\r\n<p>Considere uma empresa que tenha iniciado seus servi\u00e7os em 2000, pagando desde sempre <a href=\"https:\/\/www.oitchau.com.br\/blog\/vale-refeicao-vr-o-que-e-e-quanto-pagar\/\">vale refei\u00e7\u00e3o<\/a> para seus empregados. Nessa hip\u00f3tese, imagine que La somente aderiu ao PAT em 2016.<\/p>\r\n\r\n\r\n\r\n<p>Nesse caso somente pode ser considerada a parcela com natureza indenizat\u00f3ria (sem pagamento de reflexos) para os empregados que foram contratados ap\u00f3s a ades\u00e3o. Para aqueles contratados antes dever\u00e1 ocorrer o pagamento de reflexos.<\/p>\r\n\r\n\r\n\r\n<p>Outro ponto relevante \u00e9 que se a empresa n\u00e3o pagava qualquer tipo de aux\u00edlio alimenta\u00e7\u00e3o e passou a pag\u00e1-lo ap\u00f3s a ades\u00e3o ao Programa de Alimenta\u00e7\u00e3o do Trabalho, a\u00ed ent\u00e3o poder\u00e1 ser considerado que para todos os empregados ela tem natureza indenizat\u00f3ria.<\/p>\r\n<p><span data-sheets-value=\"{&quot;1&quot;:2,&quot;2&quot;:&quot;\n\t\t&lt;!--HubSpot Call-to-Action Code --&gt;\n\t\t&lt;span class=&quot;hs-cta-wrapper&quot; id=&quot;hs-cta-wrapper-185aa72c-8a6f-48f2-9ad7-b99651976528&quot;&gt;\n\t\t&lt;span class=&quot;hs-cta-node hs-cta-185aa72c-8a6f-48f2-9ad7-b99651976528&quot; id=&quot;185aa72c-8a6f-48f2-9ad7-b99651976528&quot;&gt;\n\t\t&lt;!--[if lte IE 8]&gt;\n\t\t&lt;div id=&quot;hs-cta-ie-element&quot;&gt;&lt;\/div&gt;\n\t\t&lt;![endif]--&gt;\n\t\t&lt;a href=&quot;https:\/\/cta-redirect.hubspot.com\/cta\/redirect\/20984162\/185aa72c-8a6f-48f2-9ad7-b99651976528&quot; &gt;\n\t\t&lt;img class=&quot;hs-cta-img&quot; id=&quot;hs-cta-img-185aa72c-8a6f-48f2-9ad7-b99651976528&quot; style=&quot;border-width:0px;&quot; src=&quot;https:\/\/no-cache.hubspot.com\/cta\/default\/20984162\/185aa72c-8a6f-48f2-9ad7-b99651976528.png&quot;  alt=&quot;New call-to-action&quot;\/&gt;\n\t\t&lt;\/a&gt;\n\t\t&lt;\/span&gt;\n\t\t&lt;script charset=&quot;utf-8&quot; src=&quot;\/\/js.hubspot.com\/cta\/current.js&quot;&gt;&lt;\/script&gt;\n\t\t&lt;script&gt;\n\t\thbspt.cta.load(20984162, &#039;185aa72c-8a6f-48f2-9ad7-b99651976528&#039;, {});\n\t\t&lt;\/script&gt;\n\t\t&lt;\/span&gt;\n\t\t&lt;!-- end HubSpot Call-to-Action Code --&gt;\n\t\t&quot;}\" data-sheets-userformat=\"{&quot;2&quot;:899,&quot;3&quot;:{&quot;1&quot;:0},&quot;4&quot;:{&quot;1&quot;:2,&quot;2&quot;:16777215},&quot;10&quot;:1,&quot;11&quot;:4,&quot;12&quot;:0}\">\n\t\t<!--HubSpot Call-to-Action Code -->\n\t\t<span class=\"hs-cta-wrapper\" id=\"hs-cta-wrapper-185aa72c-8a6f-48f2-9ad7-b99651976528\">\n\t\t<span class=\"hs-cta-node hs-cta-185aa72c-8a6f-48f2-9ad7-b99651976528\" id=\"185aa72c-8a6f-48f2-9ad7-b99651976528\">\n\t\t<!--[if lte IE 8]>\n\t\t<div id=\"hs-cta-ie-element\"><\/div>\n\t\t<![endif]-->\n\t\t<a href=\"https:\/\/cta-redirect.hubspot.com\/cta\/redirect\/20984162\/185aa72c-8a6f-48f2-9ad7-b99651976528\" >\n\t\t<img decoding=\"async\" class=\"hs-cta-img\" id=\"hs-cta-img-185aa72c-8a6f-48f2-9ad7-b99651976528\" style=\"border-width:0px;\" src=\"https:\/\/no-cache.hubspot.com\/cta\/default\/20984162\/185aa72c-8a6f-48f2-9ad7-b99651976528.png\"  alt=\"New call-to-action\"\/>\n\t\t<\/a>\n\t\t<\/span>\n\t\t<script charset=\"utf-8\" src=\"\/\/js.hubspot.com\/cta\/current.js\"><\/script>\n\t\t<script>\n\t\thbspt.cta.load(20984162, '185aa72c-8a6f-48f2-9ad7-b99651976528', {});\n\t\t<\/script>\n\t\t<\/span>\n\t\t<!-- end HubSpot Call-to-Action Code -->\n\t\t<\/span><\/p>\r\n\r\n\r\n\r\n<p>S\u00e3o primordiais as quest\u00f5es: quando come\u00e7ou a ser pago o aux\u00edlio e quando foi a ades\u00e3o ao PAT. Caso tenham sido concomitantes a parcela possui natureza indenizat\u00f3ria para todos.<\/p>\r\n\r\n\r\n\r\n<p>Caso o pagamento j\u00e1 ocorresse e a ades\u00e3o ao programa foi posterior a parcela tem natureza indenizat\u00f3ria para novos empregados e salarial para aqueles que j\u00e1 prestavam servi\u00e7os.<\/p>\r\n","protected":false},"excerpt":{"rendered":"<p>Voc\u00ea conhece o Programa de Alimenta\u00e7\u00e3o do Trabalho? Ele \u00e9 conhecido popularmente pela sigla PAT e corresponde a um tipo de documenta\u00e7\u00e3o em que o empregador se compromete a pagar aux\u00edlio alimenta\u00e7\u00e3o e\/ou refei\u00e7\u00e3o que \u00e9 custeado na maior parte pela empresa, com pequenos descontos no sal\u00e1rio do trabalhador! Em compensa\u00e7\u00e3o o empregador garante que [&hellip;]<\/p>\n","protected":false},"author":11,"featured_media":35103,"comment_status":"closed","ping_status":"open","sticky":false,"template":"","format":"standard","meta":{"content-type":"","footnotes":""},"categories":[225],"tags":[12222,2067,17179],"yoast_head":"<!-- This site is optimized with the Yoast SEO Premium plugin v22.2 (Yoast SEO v22.2) - https:\/\/yoast.com\/wordpress\/plugins\/seo\/ -->\n<title>Programa de alimenta\u00e7\u00e3o do trabalho- PAT: saiba mais! | Oitchau<\/title>\n<meta name=\"description\" content=\"Voc\u00ea conhece o Programa de Alimenta\u00e7\u00e3o do Trabalho? Ele \u00e9 conhecido popularmente pela sigla PAT. Saiba tudo sobre o programa aqui!\" \/>\n<meta name=\"robots\" content=\"index, follow, max-snippet:-1, max-image-preview:large, max-video-preview:-1\" \/>\n<link rel=\"canonical\" href=\"https:\/\/www.oitchau.com.br\/blog\/pat-programa-de-alimentacao-do-trabalho-saiba-mais\/\" \/>\n<meta property=\"og:locale\" content=\"pt_BR\" \/>\n<meta property=\"og:type\" content=\"article\" \/>\n<meta property=\"og:title\" content=\"Programa de alimenta\u00e7\u00e3o do trabalho- PAT: saiba mais!\" \/>\n<meta property=\"og:description\" content=\"Voc\u00ea conhece o Programa de Alimenta\u00e7\u00e3o do Trabalho? Ele \u00e9 conhecido popularmente pela sigla PAT. Saiba tudo sobre o programa aqui!\" \/>\n<meta property=\"og:url\" content=\"https:\/\/www.oitchau.com.br\/blog\/pat-programa-de-alimentacao-do-trabalho-saiba-mais\/\" \/>\n<meta property=\"og:site_name\" content=\"Controle de Ponto &amp; Timesheets\" \/>\n<meta property=\"article:publisher\" content=\"https:\/\/www.facebook.com\/oitchaubr\/\" \/>\n<meta property=\"article:published_time\" content=\"2020-09-30T20:09:12+00:00\" \/>\n<meta property=\"article:modified_time\" content=\"2024-07-29T11:54:38+00:00\" \/>\n<meta property=\"og:image\" content=\"https:\/\/storage.googleapis.com\/oitchaublog\/2020\/09\/905283dd-programa-de-alimentacao-do-trabalho.png\" \/>\n\t<meta property=\"og:image:width\" content=\"1982\" \/>\n\t<meta property=\"og:image:height\" content=\"800\" \/>\n\t<meta property=\"og:image:type\" content=\"image\/png\" \/>\n<meta name=\"author\" content=\"Aline Mesquita\" \/>\n<meta name=\"twitter:card\" content=\"summary_large_image\" \/>\n<meta name=\"twitter:creator\" content=\"@oitchaubr\" \/>\n<meta name=\"twitter:site\" content=\"@oitchaubr\" \/>\n<meta name=\"twitter:label1\" content=\"Written by\" \/>\n\t<meta name=\"twitter:data1\" content=\"Aline Mesquita\" \/>\n\t<meta name=\"twitter:label2\" content=\"Est. reading time\" \/>\n\t<meta name=\"twitter:data2\" content=\"4 minutos\" \/>\n<script type=\"application\/ld+json\" class=\"yoast-schema-graph\">{\"@context\":\"https:\/\/schema.org\",\"@graph\":[{\"@type\":[\"Article\",\"BlogPosting\"],\"@id\":\"https:\/\/www.oitchau.com.br\/blog\/pat-programa-de-alimentacao-do-trabalho-saiba-mais\/#article\",\"isPartOf\":{\"@id\":\"https:\/\/www.oitchau.com.br\/blog\/pat-programa-de-alimentacao-do-trabalho-saiba-mais\/\"},\"author\":{\"name\":\"Aline Mesquita\",\"@id\":\"https:\/\/www.oitchau.com.br\/blog\/#\/schema\/person\/40ba65f8664531ffe1465f6cb9d82430\"},\"headline\":\"Programa de alimenta\u00e7\u00e3o do trabalho- PAT: saiba mais!\",\"datePublished\":\"2020-09-30T20:09:12+00:00\",\"dateModified\":\"2024-07-29T11:54:38+00:00\",\"mainEntityOfPage\":{\"@id\":\"https:\/\/www.oitchau.com.br\/blog\/pat-programa-de-alimentacao-do-trabalho-saiba-mais\/\"},\"wordCount\":1219,\"publisher\":{\"@id\":\"https:\/\/www.oitchau.com.br\/blog\/#organization\"},\"image\":{\"@id\":\"https:\/\/www.oitchau.com.br\/blog\/pat-programa-de-alimentacao-do-trabalho-saiba-mais\/#primaryimage\"},\"thumbnailUrl\":\"https:\/\/storage.googleapis.com\/oitchaublog\/2020\/09\/905283dd-programa-de-alimentacao-do-trabalho.png\",\"keywords\":[\"leis\",\"leis trabalhistas\",\"programa de alimenta\u00e7\u00e3o do trabalho\"],\"articleSection\":[\"Leis\"],\"inLanguage\":\"pt-BR\"},{\"@type\":\"WebPage\",\"@id\":\"https:\/\/www.oitchau.com.br\/blog\/pat-programa-de-alimentacao-do-trabalho-saiba-mais\/\",\"url\":\"https:\/\/www.oitchau.com.br\/blog\/pat-programa-de-alimentacao-do-trabalho-saiba-mais\/\",\"name\":\"Programa de alimenta\u00e7\u00e3o do trabalho- PAT: saiba mais! | Oitchau\",\"isPartOf\":{\"@id\":\"https:\/\/www.oitchau.com.br\/blog\/#website\"},\"primaryImageOfPage\":{\"@id\":\"https:\/\/www.oitchau.com.br\/blog\/pat-programa-de-alimentacao-do-trabalho-saiba-mais\/#primaryimage\"},\"image\":{\"@id\":\"https:\/\/www.oitchau.com.br\/blog\/pat-programa-de-alimentacao-do-trabalho-saiba-mais\/#primaryimage\"},\"thumbnailUrl\":\"https:\/\/storage.googleapis.com\/oitchaublog\/2020\/09\/905283dd-programa-de-alimentacao-do-trabalho.png\",\"datePublished\":\"2020-09-30T20:09:12+00:00\",\"dateModified\":\"2024-07-29T11:54:38+00:00\",\"description\":\"Voc\u00ea conhece o Programa de Alimenta\u00e7\u00e3o do Trabalho? Ele \u00e9 conhecido popularmente pela sigla PAT. Saiba tudo sobre o programa aqui!\",\"breadcrumb\":{\"@id\":\"https:\/\/www.oitchau.com.br\/blog\/pat-programa-de-alimentacao-do-trabalho-saiba-mais\/#breadcrumb\"},\"inLanguage\":\"pt-BR\",\"potentialAction\":[{\"@type\":\"ReadAction\",\"target\":[\"https:\/\/www.oitchau.com.br\/blog\/pat-programa-de-alimentacao-do-trabalho-saiba-mais\/\"]}]},{\"@type\":\"ImageObject\",\"inLanguage\":\"pt-BR\",\"@id\":\"https:\/\/www.oitchau.com.br\/blog\/pat-programa-de-alimentacao-do-trabalho-saiba-mais\/#primaryimage\",\"url\":\"https:\/\/storage.googleapis.com\/oitchaublog\/2020\/09\/905283dd-programa-de-alimentacao-do-trabalho.png\",\"contentUrl\":\"https:\/\/storage.googleapis.com\/oitchaublog\/2020\/09\/905283dd-programa-de-alimentacao-do-trabalho.png\",\"width\":1982,\"height\":800,\"caption\":\"programa de alimenta\u00e7\u00e3o do trabalho\"},{\"@type\":\"BreadcrumbList\",\"@id\":\"https:\/\/www.oitchau.com.br\/blog\/pat-programa-de-alimentacao-do-trabalho-saiba-mais\/#breadcrumb\",\"itemListElement\":[{\"@type\":\"ListItem\",\"position\":1,\"name\":\"Blog\",\"item\":\"https:\/\/www.oitchau.com.br\/blog\/\"},{\"@type\":\"ListItem\",\"position\":2,\"name\":\"Programa de alimenta\u00e7\u00e3o do trabalho- PAT: saiba mais!\"}]},{\"@type\":\"WebSite\",\"@id\":\"https:\/\/www.oitchau.com.br\/blog\/#website\",\"url\":\"https:\/\/www.oitchau.com.br\/blog\/\",\"name\":\"Controle de Ponto & Timesheets\",\"description\":\"\",\"publisher\":{\"@id\":\"https:\/\/www.oitchau.com.br\/blog\/#organization\"},\"potentialAction\":[{\"@type\":\"SearchAction\",\"target\":{\"@type\":\"EntryPoint\",\"urlTemplate\":\"https:\/\/www.oitchau.com.br\/blog\/?s={search_term_string}\"},\"query-input\":\"required name=search_term_string\"}],\"inLanguage\":\"pt-BR\"},{\"@type\":\"Organization\",\"@id\":\"https:\/\/www.oitchau.com.br\/blog\/#organization\",\"name\":\"Oitchau\",\"url\":\"https:\/\/www.oitchau.com.br\/blog\/\",\"logo\":{\"@type\":\"ImageObject\",\"inLanguage\":\"pt-BR\",\"@id\":\"https:\/\/www.oitchau.com.br\/blog\/#\/schema\/logo\/image\/\",\"url\":\"https:\/\/storage.googleapis.com\/oitchaublog\/2024\/03\/a0e65c6f-design-sem-nome-20.png\",\"contentUrl\":\"https:\/\/storage.googleapis.com\/oitchaublog\/2024\/03\/a0e65c6f-design-sem-nome-20.png\",\"width\":696,\"height\":696,\"caption\":\"Oitchau\"},\"image\":{\"@id\":\"https:\/\/www.oitchau.com.br\/blog\/#\/schema\/logo\/image\/\"},\"sameAs\":[\"https:\/\/www.facebook.com\/oitchaubr\/\",\"https:\/\/twitter.com\/oitchaubr\",\"https:\/\/instagram.com\/oitchaubr\"],\"description\":\"A Oitchau \u00e9 uma solu\u00e7\u00e3o completa para gest\u00e3o de tempo dos colaboradores, atrav\u00e9s de suas solu\u00e7\u00f5es de controle de ponto & timesheets, ela permite que gestores, RH e DP possam gerenciar desde a jornada de trabalho de funcion\u00e1rios at\u00e9 a gest\u00e3o de tempo em projetos. Elevando o n\u00edvel estrat\u00e9gico do neg\u00f3cio de forma inteligente e assertiva, potencializando seus resultados e garantindo compliance com a Lei.\",\"email\":\"contato@oitchau.com.br\",\"telephone\":\"+551142102846\",\"foundingDate\":\"2016-01-01\",\"numberOfEmployees\":{\"@type\":\"QuantitativeValue\",\"minValue\":\"51\",\"maxValue\":\"200\"}},{\"@type\":\"Person\",\"@id\":\"https:\/\/www.oitchau.com.br\/blog\/#\/schema\/person\/40ba65f8664531ffe1465f6cb9d82430\",\"name\":\"Aline Mesquita\",\"url\":\"https:\/\/www.oitchau.com.br\/blog\/author\/aline\/\"}]}<\/script>\n<!-- \/ Yoast SEO Premium plugin. -->","yoast_head_json":{"title":"Programa de alimenta\u00e7\u00e3o do trabalho- PAT: saiba mais! | Oitchau","description":"Voc\u00ea conhece o Programa de Alimenta\u00e7\u00e3o do Trabalho? Ele \u00e9 conhecido popularmente pela sigla PAT. Saiba tudo sobre o programa aqui!","robots":{"index":"index","follow":"follow","max-snippet":"max-snippet:-1","max-image-preview":"max-image-preview:large","max-video-preview":"max-video-preview:-1"},"canonical":"https:\/\/www.oitchau.com.br\/blog\/pat-programa-de-alimentacao-do-trabalho-saiba-mais\/","og_locale":"pt_BR","og_type":"article","og_title":"Programa de alimenta\u00e7\u00e3o do trabalho- PAT: saiba mais!","og_description":"Voc\u00ea conhece o Programa de Alimenta\u00e7\u00e3o do Trabalho? Ele \u00e9 conhecido popularmente pela sigla PAT. Saiba tudo sobre o programa aqui!","og_url":"https:\/\/www.oitchau.com.br\/blog\/pat-programa-de-alimentacao-do-trabalho-saiba-mais\/","og_site_name":"Controle de Ponto &amp; Timesheets","article_publisher":"https:\/\/www.facebook.com\/oitchaubr\/","article_published_time":"2020-09-30T20:09:12+00:00","article_modified_time":"2024-07-29T11:54:38+00:00","og_image":[{"width":1982,"height":800,"url":"https:\/\/storage.googleapis.com\/oitchaublog\/2020\/09\/905283dd-programa-de-alimentacao-do-trabalho.png","type":"image\/png"}],"author":"Aline Mesquita","twitter_card":"summary_large_image","twitter_creator":"@oitchaubr","twitter_site":"@oitchaubr","twitter_misc":{"Written by":"Aline Mesquita","Est. reading time":"4 minutos"},"schema":{"@context":"https:\/\/schema.org","@graph":[{"@type":["Article","BlogPosting"],"@id":"https:\/\/www.oitchau.com.br\/blog\/pat-programa-de-alimentacao-do-trabalho-saiba-mais\/#article","isPartOf":{"@id":"https:\/\/www.oitchau.com.br\/blog\/pat-programa-de-alimentacao-do-trabalho-saiba-mais\/"},"author":{"name":"Aline Mesquita","@id":"https:\/\/www.oitchau.com.br\/blog\/#\/schema\/person\/40ba65f8664531ffe1465f6cb9d82430"},"headline":"Programa de alimenta\u00e7\u00e3o do trabalho- PAT: saiba mais!","datePublished":"2020-09-30T20:09:12+00:00","dateModified":"2024-07-29T11:54:38+00:00","mainEntityOfPage":{"@id":"https:\/\/www.oitchau.com.br\/blog\/pat-programa-de-alimentacao-do-trabalho-saiba-mais\/"},"wordCount":1219,"publisher":{"@id":"https:\/\/www.oitchau.com.br\/blog\/#organization"},"image":{"@id":"https:\/\/www.oitchau.com.br\/blog\/pat-programa-de-alimentacao-do-trabalho-saiba-mais\/#primaryimage"},"thumbnailUrl":"https:\/\/storage.googleapis.com\/oitchaublog\/2020\/09\/905283dd-programa-de-alimentacao-do-trabalho.png","keywords":["leis","leis trabalhistas","programa de alimenta\u00e7\u00e3o do trabalho"],"articleSection":["Leis"],"inLanguage":"pt-BR"},{"@type":"WebPage","@id":"https:\/\/www.oitchau.com.br\/blog\/pat-programa-de-alimentacao-do-trabalho-saiba-mais\/","url":"https:\/\/www.oitchau.com.br\/blog\/pat-programa-de-alimentacao-do-trabalho-saiba-mais\/","name":"Programa de alimenta\u00e7\u00e3o do trabalho- PAT: saiba mais! | Oitchau","isPartOf":{"@id":"https:\/\/www.oitchau.com.br\/blog\/#website"},"primaryImageOfPage":{"@id":"https:\/\/www.oitchau.com.br\/blog\/pat-programa-de-alimentacao-do-trabalho-saiba-mais\/#primaryimage"},"image":{"@id":"https:\/\/www.oitchau.com.br\/blog\/pat-programa-de-alimentacao-do-trabalho-saiba-mais\/#primaryimage"},"thumbnailUrl":"https:\/\/storage.googleapis.com\/oitchaublog\/2020\/09\/905283dd-programa-de-alimentacao-do-trabalho.png","datePublished":"2020-09-30T20:09:12+00:00","dateModified":"2024-07-29T11:54:38+00:00","description":"Voc\u00ea conhece o Programa de Alimenta\u00e7\u00e3o do Trabalho? Ele \u00e9 conhecido popularmente pela sigla PAT. Saiba tudo sobre o programa aqui!","breadcrumb":{"@id":"https:\/\/www.oitchau.com.br\/blog\/pat-programa-de-alimentacao-do-trabalho-saiba-mais\/#breadcrumb"},"inLanguage":"pt-BR","potentialAction":[{"@type":"ReadAction","target":["https:\/\/www.oitchau.com.br\/blog\/pat-programa-de-alimentacao-do-trabalho-saiba-mais\/"]}]},{"@type":"ImageObject","inLanguage":"pt-BR","@id":"https:\/\/www.oitchau.com.br\/blog\/pat-programa-de-alimentacao-do-trabalho-saiba-mais\/#primaryimage","url":"https:\/\/storage.googleapis.com\/oitchaublog\/2020\/09\/905283dd-programa-de-alimentacao-do-trabalho.png","contentUrl":"https:\/\/storage.googleapis.com\/oitchaublog\/2020\/09\/905283dd-programa-de-alimentacao-do-trabalho.png","width":1982,"height":800,"caption":"programa de alimenta\u00e7\u00e3o do trabalho"},{"@type":"BreadcrumbList","@id":"https:\/\/www.oitchau.com.br\/blog\/pat-programa-de-alimentacao-do-trabalho-saiba-mais\/#breadcrumb","itemListElement":[{"@type":"ListItem","position":1,"name":"Blog","item":"https:\/\/www.oitchau.com.br\/blog\/"},{"@type":"ListItem","position":2,"name":"Programa de alimenta\u00e7\u00e3o do trabalho- PAT: saiba mais!"}]},{"@type":"WebSite","@id":"https:\/\/www.oitchau.com.br\/blog\/#website","url":"https:\/\/www.oitchau.com.br\/blog\/","name":"Controle de Ponto & Timesheets","description":"","publisher":{"@id":"https:\/\/www.oitchau.com.br\/blog\/#organization"},"potentialAction":[{"@type":"SearchAction","target":{"@type":"EntryPoint","urlTemplate":"https:\/\/www.oitchau.com.br\/blog\/?s={search_term_string}"},"query-input":"required name=search_term_string"}],"inLanguage":"pt-BR"},{"@type":"Organization","@id":"https:\/\/www.oitchau.com.br\/blog\/#organization","name":"Oitchau","url":"https:\/\/www.oitchau.com.br\/blog\/","logo":{"@type":"ImageObject","inLanguage":"pt-BR","@id":"https:\/\/www.oitchau.com.br\/blog\/#\/schema\/logo\/image\/","url":"https:\/\/storage.googleapis.com\/oitchaublog\/2024\/03\/a0e65c6f-design-sem-nome-20.png","contentUrl":"https:\/\/storage.googleapis.com\/oitchaublog\/2024\/03\/a0e65c6f-design-sem-nome-20.png","width":696,"height":696,"caption":"Oitchau"},"image":{"@id":"https:\/\/www.oitchau.com.br\/blog\/#\/schema\/logo\/image\/"},"sameAs":["https:\/\/www.facebook.com\/oitchaubr\/","https:\/\/twitter.com\/oitchaubr","https:\/\/instagram.com\/oitchaubr"],"description":"A Oitchau \u00e9 uma solu\u00e7\u00e3o completa para gest\u00e3o de tempo dos colaboradores, atrav\u00e9s de suas solu\u00e7\u00f5es de controle de ponto & timesheets, ela permite que gestores, RH e DP possam gerenciar desde a jornada de trabalho de funcion\u00e1rios at\u00e9 a gest\u00e3o de tempo em projetos. Elevando o n\u00edvel estrat\u00e9gico do neg\u00f3cio de forma inteligente e assertiva, potencializando seus resultados e garantindo compliance com a Lei.","email":"contato@oitchau.com.br","telephone":"+551142102846","foundingDate":"2016-01-01","numberOfEmployees":{"@type":"QuantitativeValue","minValue":"51","maxValue":"200"}},{"@type":"Person","@id":"https:\/\/www.oitchau.com.br\/blog\/#\/schema\/person\/40ba65f8664531ffe1465f6cb9d82430","name":"Aline Mesquita","url":"https:\/\/www.oitchau.com.br\/blog\/author\/aline\/"}]}},"_links":{"self":[{"href":"https:\/\/www.oitchau.com.br\/blog\/wp-json\/wp\/v2\/posts\/12283"}],"collection":[{"href":"https:\/\/www.oitchau.com.br\/blog\/wp-json\/wp\/v2\/posts"}],"about":[{"href":"https:\/\/www.oitchau.com.br\/blog\/wp-json\/wp\/v2\/types\/post"}],"author":[{"embeddable":true,"href":"https:\/\/www.oitchau.com.br\/blog\/wp-json\/wp\/v2\/users\/11"}],"replies":[{"embeddable":true,"href":"https:\/\/www.oitchau.com.br\/blog\/wp-json\/wp\/v2\/comments?post=12283"}],"version-history":[{"count":1,"href":"https:\/\/www.oitchau.com.br\/blog\/wp-json\/wp\/v2\/posts\/12283\/revisions"}],"predecessor-version":[{"id":35104,"href":"https:\/\/www.oitchau.com.br\/blog\/wp-json\/wp\/v2\/posts\/12283\/revisions\/35104"}],"wp:featuredmedia":[{"embeddable":true,"href":"https:\/\/www.oitchau.com.br\/blog\/wp-json\/wp\/v2\/media\/35103"}],"wp:attachment":[{"href":"https:\/\/www.oitchau.com.br\/blog\/wp-json\/wp\/v2\/media?parent=12283"}],"wp:term":[{"taxonomy":"category","embeddable":true,"href":"https:\/\/www.oitchau.com.br\/blog\/wp-json\/wp\/v2\/categories?post=12283"},{"taxonomy":"post_tag","embeddable":true,"href":"https:\/\/www.oitchau.com.br\/blog\/wp-json\/wp\/v2\/tags?post=12283"}],"curies":[{"name":"wp","href":"https:\/\/api.w.org\/{rel}","templated":true}]}}