{"id":12237,"date":"2020-09-25T20:15:28","date_gmt":"2020-09-25T17:15:28","guid":{"rendered":"https:\/\/www.oitchau.com.br\/blog\/?p=12237"},"modified":"2024-07-29T14:58:58","modified_gmt":"2024-07-29T11:58:58","slug":"como-dar-apoio-psicologico-aos-colaboradores-na-pandemia","status":"publish","type":"post","link":"https:\/\/www.oitchau.com.br\/blog\/como-dar-apoio-psicologico-aos-colaboradores-na-pandemia\/","title":{"rendered":"Apoio psicol\u00f3gico: como fornecer no fim da pandemia? Qual a import\u00e2ncia?"},"content":{"rendered":"\r\n<p><span style=\"font-weight: 400;\">O apoio psicol\u00f3gico foi essencial para os colaboradores ao longo da pandemia, e principalmente em decorr\u00eancia do home office, que era uma situa\u00e7\u00e3o diferente para muitos profissionais.\u00a0<\/span><\/p>\r\n<p><span style=\"font-weight: 400;\">No entanto, com o fim da pandemia, algumas empresas seguiram com o regime home office, ou em esquemas h\u00edbridos.<\/span><\/p>\r\n<p><span style=\"font-weight: 400;\">Mas investiram em pol\u00edticas para melhorar o apoio psicol\u00f3gico aos colaboradores, de forma a tornar o ambiente de trabalho mais saud\u00e1vel.\u00a0<\/span><\/p>\r\n<p><span style=\"font-weight: 400;\">Por isso, entenda um pouco mais sobre o tema a seguir!<\/span><\/p>\r\n<h2>O que \u00e9 o apoio psicol\u00f3gico nas empresas?\u00a0<\/h2>\r\n<p><span style=\"font-weight: 400;\">O apoio psicol\u00f3gico \u00e9 um atendimento que \u00e9 realizado dentro do ambiente empresarial, que pode ser presencial ou virtual, fornecido por psicol\u00f3gos que s\u00e3o especializados, para fornecer apoio aos colaboradores.\u00a0<\/span><\/p>\r\n<p><span style=\"font-weight: 400;\">Essa \u00e9 uma modalidade que oferece um suporte breve e focado, direcionado para quest\u00f5es corporativas.\u00a0<\/span><\/p>\r\n<p><span style=\"font-weight: 400;\">O principal objetivo \u00e9 orientar os colaboradores em quest\u00f5es que est\u00e3o ou podem atrapalhar o seu desempenho e a sa\u00fade na empresa, mas que podem ser trabalhadas.\u00a0<\/span><\/p>\r\n<p><span style=\"font-weight: 400;\">Situa\u00e7\u00f5es pessoais podem ser abordadas nesse apoio psicol\u00f3gico, visto que ele pode causar impactos negativos na vida profissional, bem como ao contr\u00e1rio.\u00a0<\/span><\/p>\r\n<p><span style=\"font-weight: 400;\">Todo o servi\u00e7o \u00e9 prestado em um ambiente reservado, quando presencialmente, ou em um hor\u00e1rio reservado e em um ambiente reservado, quando feito virtualmente, para garantir a discri\u00e7\u00e3o e sigilo de tudo que foi tratado ao longo do apoio.\u00a0<\/span><\/p>\r\n<p><span style=\"font-weight: 400;\">Al\u00e9m disso, o colaborador n\u00e3o deve se preocupar em rela\u00e7\u00e3o \u00e0 sua privacidade, uma vez que o psic\u00f3logo tem um compromisso \u00e9tico de respeitar a confidencialidade de seus pacientes.\u00a0<\/span><\/p>\r\n\r\n\r\n\r\n<h2 class=\"wp-block-heading\"><strong>Medidas adotadas pelas empresas para dar apoio psicol\u00f3gico aos seus colaboradores<\/strong><\/h2>\r\n\r\n\r\n\r\n<p><span style=\"font-weight: 400;\">No in\u00edcio e ao longo da pandemia, as empresas nacionais entenderam o momento em que o mundo estava passando, e buscaram por solu\u00e7\u00f5es para auxiliar seus profissionais ao longo do caminho.\u00a0<\/span><\/p>\r\n<p><span style=\"font-weight: 400;\">Muitos precisaram de apoio e acolhimento por parte das empresas, visto que foram tempos dif\u00edceis. Houveram muitas perdas de entes queridos, colaboradores enlutados, problemas financeiros, crise ec\u00f4nomica entre outros fatores.\u00a0<\/span><\/p>\r\n<p><span style=\"font-weight: 400;\">Al\u00e9m disso, ainda havia a necessidade de isolamento social, que potencializava os demais problemas. Por isso, o apoio psicol\u00f3gico foi uma solu\u00e7\u00e3o encontrada pelas empresas para confortar e apoiar seus colaboradores ao longo desse per\u00edodo.\u00a0<\/span><\/p>\r\n<p><span style=\"font-weight: 400;\">Mas, com o fim da pandemia, as empresas mantiveram os programas de apoio, visando a promo\u00e7\u00e3o de uma ambiente que valoriza a sa\u00fade mental e busca por solu\u00e7\u00f5es para apoia-los sempre que for necess\u00e1rio.\u00a0<\/span><\/p>\r\n\r\n\r\n\r\n<h3 class=\"wp-block-heading\"><strong>Cria\u00e7\u00e3o de programas de apoio psicol\u00f3gico<\/strong><\/h3>\r\n\r\n\r\n\r\n<p><span style=\"font-weight: 400;\">Mesmo que apoio psicol\u00f3gico fosse essencial durante a pandemia, existiam outras situa\u00e7\u00f5es que necessitam de apoio, principalmente em rela\u00e7\u00e3o \u00e0s quest\u00f5es financeiras.\u00a0<\/span><\/p>\r\n<p><span style=\"font-weight: 400;\">Por isso, as empresas investiram em solu\u00e7\u00f5es que pudessem apoiar de uma forma totalit\u00e1ria, oferecendo apoio psicol\u00f3gico e suporte para resolu\u00e7\u00e3o financeiras, para superar a crise.\u00a0<\/span><\/p>\r\n<p><span style=\"font-weight: 400;\">A Gerdau encontrou uma forma de auxiliar de uma forma mais completa os seus colaboradores, com o apoio psicol\u00f3gico para ajudar a entender e superar tudo que est\u00e1 acontecendo na vida, al\u00e9m de conselhos e sugest\u00f5es sobre finan\u00e7as, para conseguir driblar e superar a crise financeira.<\/span><\/p>\r\n<p><span style=\"font-weight: 400;\">J\u00e1 a Ambev teve uma iniciativa semelhante, com a inaugura\u00e7\u00e3o de um novo espa\u00e7o que est\u00e1 voltado para a sa\u00fade mental, diversidade e para a inclus\u00e3o. Os colaboradores relataram ao longo desse per\u00edodo um n\u00edvel de estresse mais alto, al\u00e9m de relataram mais cansa\u00e7o e mais ansiedade.<\/span><\/p>\r\n<p><span style=\"font-weight: 400;\">O espa\u00e7o criado pela Ambev conta com uma rede de apoio ao colaborador que est\u00e1 dispon\u00edvel 24h por dia, para que ele possa ser acolhido independente do hor\u00e1rio.<\/span><\/p>\r\n<p><span style=\"font-weight: 400;\">Outras empresas tamb\u00e9m investiram em outros programas, como a manuten\u00e7\u00e3o de plano de sa\u00fade para colaboradores desligados, envio de cestas b\u00e1sicas para colaboradores suspensos ou desligados, entre outros. <\/span><\/p>\r\n\r\n\r\n\r\n<h2 class=\"wp-block-heading\"><strong>Por que apenas os psic\u00f3logos n\u00e3o s\u00e3o suficientes? <\/strong><\/h2>\r\n\r\n\r\n\r\n<p>Assim como a Ambev e a Gerdau, outras empresas criaram espa\u00e7os direcionados para apoio psicol\u00f3gico ao colaborador, mas que vai muito al\u00e9m de consultas terap\u00eauticas.<\/p>\r\n<p>Apesar de uma parte importante dessa rede de apoio, a psicologia \u00e9 apenas uma das frentes que necessita de aten\u00e7\u00e3o.<\/p>\r\n\r\n\r\n\r\n<p>E para solu\u00e7\u00e3o do problema, o colaborador precisa ser ouvido por profissionais de outras \u00e1reas, como financeiro, e at\u00e9 mesmo pela sua pr\u00f3pria equipe e seu gestor.<\/p>\r\n\r\n\r\n\r\n<p>E os gestores ainda n\u00e3o est\u00e3o capacitados para conseguir trabalhar problemas pessoais dentro do ambiente de trabalho, mas com o Home Office est\u00e1 sendo necess\u00e1rio.<\/p>\r\n<p>E as empresas precisam ter essa preocupa\u00e7\u00e3o, e por isso a rede de apoio necessita de mais profissionais al\u00e9m do psic\u00f3logo.<\/p>\r\n\r\n\r\n\r\n<p>Os gestores precisam criar habilidades, para que seja poss\u00edvel, promover um ambiente acolhedor, mesmo que seja \u00e0 dist\u00e2ncia.<\/p>\r\n\r\n\r\n\r\n<p>Outras recomenda\u00e7\u00f5es fazem parte dessa rede de apoio, como ensinar, incentivar e motivar novos h\u00e1bitos de vida, como a pr\u00e1tica de exerc\u00edcios f\u00edsicos, medita\u00e7\u00e3o, ioga, alimenta\u00e7\u00e3o balanceada e saud\u00e1vel.<\/p>\r\n\r\n\r\n\r\n<p>Tudo isso para que seja poss\u00edvel conciliar a <a href=\"https:\/\/www.oitchau.com.br\/features\/schedules\/\">jornada de trabalho<\/a> com a vida pessoal, j\u00e1 que na grande parte dos casos, essa rotina ficou misturada com o escrit\u00f3rio sendo na pr\u00f3pria casa, e essa transi\u00e7\u00e3o n\u00e3o foi natural para muitos colaboradores, pois ainda n\u00e3o tinham esse h\u00e1bito. \u00a0<\/p>\r\n\r\n\r\n\r\n<h2 class=\"wp-block-heading\"><strong>Quais as vantagens de fornecer apoio psicol\u00f3gico nas empresas? <\/strong><\/h2>\r\n\r\n\r\n\r\n<p>O sucesso de uma empresa est\u00e1 diretamente relacionado com a produtividade dos colaboradores e com a sua motiva\u00e7\u00e3o di\u00e1ria.<\/p>\r\n<p>Quando eles est\u00e3o passando por problemas, e por conta da pandemia, acabou sendo um problema coletivo, a empresa perde produtividade.<\/p>\r\n\r\n\r\n\r\n<p>O aux\u00edlio psicol\u00f3gico ajuda os colaboradores a superar esses problemas, mas igualmente a empresa a sair de um momento de crise, voltando a se destacar no mercado. Entenda as principais vantagens.<\/p>\r\n\r\n\r\n\r\n<h3 class=\"wp-block-heading\"><strong>Resolu\u00e7\u00e3o de conflitos <\/strong><\/h3>\r\n\r\n\r\n\r\n<p>Esse \u00e9 um momento onde os colaboradores, de uma forma geral, est\u00e3o mais sens\u00edveis, com um n\u00edvel de estresse e ansiedade mais altos do que a normalidade.<\/p>\r\n<p>E mesmo em Home Office, pode ser que as ideias sejam divergentes e conflitantes, levando \u00e0s propor\u00e7\u00f5es que n\u00e3o agrad\u00e1veis.<\/p>\r\n\r\n\r\n\r\n<p>O psic\u00f3logo trabalhista pode auxiliar nesses momentos, utilizando t\u00e9cnicas de observa\u00e7\u00e3o, empatia e feedback, para contornar a situa\u00e7\u00e3o, entendemos onde a situa\u00e7\u00e3o come\u00e7ou e quais foram as motiva\u00e7\u00f5es dos conflitos, para que ent\u00e3o, possa ser trabalhado com a melhor abordagem a ser seguida.<\/p>\r\n\r\n\r\n\r\n<h3 class=\"wp-block-heading\"><strong>Aprimoramento de compet\u00eancias dos colaboradores <\/strong><\/h3>\r\n\r\n\r\n\r\n<p>Esse \u00e9 um per\u00edodo de incertezas para muitas pessoas, o que acaba gerando uma ansiedade muito maior. O psic\u00f3logo do trabalho pode \u201ccanalizar\u201d essas energias em prol do pr\u00f3prio colaborador.<\/p>\r\n\r\n\r\n\r\n<p>Atrav\u00e9s de treinamentos e capacita\u00e7\u00e3o dos colaboradores, de forma individual e em grupo, visando a conquista de novas compet\u00eancias, novas habilidades. Para que seja poss\u00edvel a ocupa\u00e7\u00e3o de um novo cargo, melhorar a fun\u00e7\u00e3o ou aprimorar as compet\u00eancias que ele j\u00e1 possui.<\/p>\r\n\r\n\r\n\r\n<p>Tudo isso atrav\u00e9s do mapeamento de compet\u00eancias, pois o profissional ter\u00e1 um panorama completo das compet\u00eancias de cada um dos colaboradores, e poder\u00e1 direcionar melhor os treinamentos e capacita\u00e7\u00f5es que s\u00e3o pertinentes para cada perfil.<\/p>\r\n\r\n\r\n\r\n<p>Para a empresa, \u00e9 um momento muito importante, pois ela estar\u00e1 em um curto prazo atuando com uma equipe muito mais capacitada, elevando sua competitividade no mercado.<\/p>\r\n<h2>Qual a import\u00e2ncia do apoio psicol\u00f3gico no fim da pandemia?<\/h2>\r\n<p><span style=\"font-weight: 400;\">O apoio psicol\u00f3gico \u00e9 muito importante para os colaboradores, mesmo o fim da pandemia, uma ves que \u00e9 poss\u00edvel identificar as causas prov\u00e1veis de baixa produtividade, problemas de relacionamento interpessoal, entre outras quest\u00f5es.\u00a0<\/span><\/p>\r\n<p><span style=\"font-weight: 400;\">Al\u00e9m disso, \u00e9 poss\u00edvel reduzir a aus\u00eancia dos colaboradores devido aos dist\u00farbios mentais, incluindo o burnout, que teve um aumento alarmante ap\u00f3s a pandemia.\u00a0<\/span><\/p>\r\n<p><span style=\"font-weight: 400;\">Mantendo os programas de apoio independente do cen\u00e1rio de pandemia, ela refor\u00e7a seu compromisso com o colaborador de que est\u00e1 em busca de medidas de valoriza\u00e7\u00e3o, promo\u00e7\u00e3o da sa\u00fade e cria\u00e7\u00e3o de uma cultura organizacional saud\u00e1vel. <\/span><\/p>\r\n","protected":false},"excerpt":{"rendered":"<p>O apoio psicol\u00f3gico foi essencial para os colaboradores ao longo da pandemia, e principalmente em decorr\u00eancia do home office, que era uma situa\u00e7\u00e3o diferente para muitos profissionais.\u00a0 No entanto, com o fim da pandemia, algumas empresas seguiram com o regime home office, ou em esquemas h\u00edbridos. Mas investiram em pol\u00edticas para melhorar o apoio psicol\u00f3gico [&hellip;]<\/p>\n","protected":false},"author":11,"featured_media":35111,"comment_status":"closed","ping_status":"open","sticky":false,"template":"","format":"standard","meta":{"content-type":"","footnotes":""},"categories":[224],"tags":[17154,10887,17155,14794],"yoast_head":"<!-- This site is optimized with the Yoast SEO Premium plugin v22.2 (Yoast SEO v22.2) - https:\/\/yoast.com\/wordpress\/plugins\/seo\/ -->\n<title>Apoio psicol\u00f3gico: como fornecer no fim da pandemia? Qual a import\u00e2ncia? | Oitchau<\/title>\n<meta name=\"description\" content=\"Com os colaboradores em home office, existe uma preocupa\u00e7\u00e3o que est\u00e1 circulando nas empresas, que \u00e9 referente ao apoio psicol\u00f3gico para os colaboradores.\" \/>\n<meta name=\"robots\" content=\"index, follow, max-snippet:-1, max-image-preview:large, max-video-preview:-1\" \/>\n<link rel=\"canonical\" href=\"https:\/\/www.oitchau.com.br\/blog\/como-dar-apoio-psicologico-aos-colaboradores-na-pandemia\/\" \/>\n<meta property=\"og:locale\" content=\"pt_BR\" \/>\n<meta property=\"og:type\" content=\"article\" \/>\n<meta property=\"og:title\" content=\"Apoio psicol\u00f3gico: como fornecer no fim da pandemia? Qual a import\u00e2ncia?\" \/>\n<meta property=\"og:description\" content=\"Com os colaboradores em home office, existe uma preocupa\u00e7\u00e3o que est\u00e1 circulando nas empresas, que \u00e9 referente ao apoio psicol\u00f3gico para os colaboradores.\" \/>\n<meta property=\"og:url\" content=\"https:\/\/www.oitchau.com.br\/blog\/como-dar-apoio-psicologico-aos-colaboradores-na-pandemia\/\" \/>\n<meta property=\"og:site_name\" content=\"Controle de Ponto &amp; Timesheets\" \/>\n<meta property=\"article:publisher\" content=\"https:\/\/www.facebook.com\/oitchaubr\/\" \/>\n<meta property=\"article:published_time\" content=\"2020-09-25T17:15:28+00:00\" \/>\n<meta property=\"article:modified_time\" content=\"2024-07-29T11:58:58+00:00\" \/>\n<meta property=\"og:image\" content=\"https:\/\/storage.googleapis.com\/oitchaublog\/2020\/09\/bf3f1689-apoio-psicologico.png\" \/>\n\t<meta property=\"og:image:width\" content=\"1982\" \/>\n\t<meta property=\"og:image:height\" content=\"800\" \/>\n\t<meta property=\"og:image:type\" content=\"image\/png\" \/>\n<meta name=\"author\" content=\"Aline Mesquita\" \/>\n<meta name=\"twitter:card\" content=\"summary_large_image\" \/>\n<meta name=\"twitter:creator\" content=\"@oitchaubr\" \/>\n<meta name=\"twitter:site\" content=\"@oitchaubr\" \/>\n<meta name=\"twitter:label1\" content=\"Written by\" \/>\n\t<meta name=\"twitter:data1\" content=\"Aline Mesquita\" \/>\n\t<meta name=\"twitter:label2\" content=\"Est. reading time\" \/>\n\t<meta name=\"twitter:data2\" content=\"7 minutos\" \/>\n<script type=\"application\/ld+json\" class=\"yoast-schema-graph\">{\"@context\":\"https:\/\/schema.org\",\"@graph\":[{\"@type\":[\"Article\",\"BlogPosting\"],\"@id\":\"https:\/\/www.oitchau.com.br\/blog\/como-dar-apoio-psicologico-aos-colaboradores-na-pandemia\/#article\",\"isPartOf\":{\"@id\":\"https:\/\/www.oitchau.com.br\/blog\/como-dar-apoio-psicologico-aos-colaboradores-na-pandemia\/\"},\"author\":{\"name\":\"Aline Mesquita\",\"@id\":\"https:\/\/www.oitchau.com.br\/blog\/#\/schema\/person\/40ba65f8664531ffe1465f6cb9d82430\"},\"headline\":\"Apoio psicol\u00f3gico: como fornecer no fim da pandemia? Qual a import\u00e2ncia?\",\"datePublished\":\"2020-09-25T17:15:28+00:00\",\"dateModified\":\"2024-07-29T11:58:58+00:00\",\"mainEntityOfPage\":{\"@id\":\"https:\/\/www.oitchau.com.br\/blog\/como-dar-apoio-psicologico-aos-colaboradores-na-pandemia\/\"},\"wordCount\":1380,\"publisher\":{\"@id\":\"https:\/\/www.oitchau.com.br\/blog\/#organization\"},\"image\":{\"@id\":\"https:\/\/www.oitchau.com.br\/blog\/como-dar-apoio-psicologico-aos-colaboradores-na-pandemia\/#primaryimage\"},\"thumbnailUrl\":\"https:\/\/storage.googleapis.com\/oitchaublog\/2020\/09\/bf3f1689-apoio-psicologico.png\",\"keywords\":[\"Apoio psicol\u00f3gico\",\"gest\u00e3o de pessoas\",\"psicologia\",\"Sa\u00fade mental\"],\"articleSection\":[\"Gest\u00e3o de Pessoas\"],\"inLanguage\":\"pt-BR\"},{\"@type\":\"WebPage\",\"@id\":\"https:\/\/www.oitchau.com.br\/blog\/como-dar-apoio-psicologico-aos-colaboradores-na-pandemia\/\",\"url\":\"https:\/\/www.oitchau.com.br\/blog\/como-dar-apoio-psicologico-aos-colaboradores-na-pandemia\/\",\"name\":\"Apoio psicol\u00f3gico: como fornecer no fim da pandemia? Qual a import\u00e2ncia? | Oitchau\",\"isPartOf\":{\"@id\":\"https:\/\/www.oitchau.com.br\/blog\/#website\"},\"primaryImageOfPage\":{\"@id\":\"https:\/\/www.oitchau.com.br\/blog\/como-dar-apoio-psicologico-aos-colaboradores-na-pandemia\/#primaryimage\"},\"image\":{\"@id\":\"https:\/\/www.oitchau.com.br\/blog\/como-dar-apoio-psicologico-aos-colaboradores-na-pandemia\/#primaryimage\"},\"thumbnailUrl\":\"https:\/\/storage.googleapis.com\/oitchaublog\/2020\/09\/bf3f1689-apoio-psicologico.png\",\"datePublished\":\"2020-09-25T17:15:28+00:00\",\"dateModified\":\"2024-07-29T11:58:58+00:00\",\"description\":\"Com os colaboradores em home office, existe uma preocupa\u00e7\u00e3o que est\u00e1 circulando nas empresas, que \u00e9 referente ao apoio psicol\u00f3gico para os colaboradores.\",\"breadcrumb\":{\"@id\":\"https:\/\/www.oitchau.com.br\/blog\/como-dar-apoio-psicologico-aos-colaboradores-na-pandemia\/#breadcrumb\"},\"inLanguage\":\"pt-BR\",\"potentialAction\":[{\"@type\":\"ReadAction\",\"target\":[\"https:\/\/www.oitchau.com.br\/blog\/como-dar-apoio-psicologico-aos-colaboradores-na-pandemia\/\"]}]},{\"@type\":\"ImageObject\",\"inLanguage\":\"pt-BR\",\"@id\":\"https:\/\/www.oitchau.com.br\/blog\/como-dar-apoio-psicologico-aos-colaboradores-na-pandemia\/#primaryimage\",\"url\":\"https:\/\/storage.googleapis.com\/oitchaublog\/2020\/09\/bf3f1689-apoio-psicologico.png\",\"contentUrl\":\"https:\/\/storage.googleapis.com\/oitchaublog\/2020\/09\/bf3f1689-apoio-psicologico.png\",\"width\":1982,\"height\":800,\"caption\":\"apoio psicol\u00f3gico\"},{\"@type\":\"BreadcrumbList\",\"@id\":\"https:\/\/www.oitchau.com.br\/blog\/como-dar-apoio-psicologico-aos-colaboradores-na-pandemia\/#breadcrumb\",\"itemListElement\":[{\"@type\":\"ListItem\",\"position\":1,\"name\":\"Blog\",\"item\":\"https:\/\/www.oitchau.com.br\/blog\/\"},{\"@type\":\"ListItem\",\"position\":2,\"name\":\"Apoio psicol\u00f3gico: como fornecer no fim da pandemia? Qual a import\u00e2ncia?\"}]},{\"@type\":\"WebSite\",\"@id\":\"https:\/\/www.oitchau.com.br\/blog\/#website\",\"url\":\"https:\/\/www.oitchau.com.br\/blog\/\",\"name\":\"Controle de Ponto & Timesheets\",\"description\":\"\",\"publisher\":{\"@id\":\"https:\/\/www.oitchau.com.br\/blog\/#organization\"},\"potentialAction\":[{\"@type\":\"SearchAction\",\"target\":{\"@type\":\"EntryPoint\",\"urlTemplate\":\"https:\/\/www.oitchau.com.br\/blog\/?s={search_term_string}\"},\"query-input\":\"required name=search_term_string\"}],\"inLanguage\":\"pt-BR\"},{\"@type\":\"Organization\",\"@id\":\"https:\/\/www.oitchau.com.br\/blog\/#organization\",\"name\":\"Oitchau\",\"url\":\"https:\/\/www.oitchau.com.br\/blog\/\",\"logo\":{\"@type\":\"ImageObject\",\"inLanguage\":\"pt-BR\",\"@id\":\"https:\/\/www.oitchau.com.br\/blog\/#\/schema\/logo\/image\/\",\"url\":\"https:\/\/storage.googleapis.com\/oitchaublog\/2024\/03\/a0e65c6f-design-sem-nome-20.png\",\"contentUrl\":\"https:\/\/storage.googleapis.com\/oitchaublog\/2024\/03\/a0e65c6f-design-sem-nome-20.png\",\"width\":696,\"height\":696,\"caption\":\"Oitchau\"},\"image\":{\"@id\":\"https:\/\/www.oitchau.com.br\/blog\/#\/schema\/logo\/image\/\"},\"sameAs\":[\"https:\/\/www.facebook.com\/oitchaubr\/\",\"https:\/\/twitter.com\/oitchaubr\",\"https:\/\/instagram.com\/oitchaubr\"],\"description\":\"A Oitchau \u00e9 uma solu\u00e7\u00e3o completa para gest\u00e3o de tempo dos colaboradores, atrav\u00e9s de suas solu\u00e7\u00f5es de controle de ponto & timesheets, ela permite que gestores, RH e DP possam gerenciar desde a jornada de trabalho de funcion\u00e1rios at\u00e9 a gest\u00e3o de tempo em projetos. Elevando o n\u00edvel estrat\u00e9gico do neg\u00f3cio de forma inteligente e assertiva, potencializando seus resultados e garantindo compliance com a Lei.\",\"email\":\"contato@oitchau.com.br\",\"telephone\":\"+551142102846\",\"foundingDate\":\"2016-01-01\",\"numberOfEmployees\":{\"@type\":\"QuantitativeValue\",\"minValue\":\"51\",\"maxValue\":\"200\"}},{\"@type\":\"Person\",\"@id\":\"https:\/\/www.oitchau.com.br\/blog\/#\/schema\/person\/40ba65f8664531ffe1465f6cb9d82430\",\"name\":\"Aline Mesquita\",\"url\":\"https:\/\/www.oitchau.com.br\/blog\/author\/aline\/\"}]}<\/script>\n<!-- \/ Yoast SEO Premium plugin. -->","yoast_head_json":{"title":"Apoio psicol\u00f3gico: como fornecer no fim da pandemia? Qual a import\u00e2ncia? | Oitchau","description":"Com os colaboradores em home office, existe uma preocupa\u00e7\u00e3o que est\u00e1 circulando nas empresas, que \u00e9 referente ao apoio psicol\u00f3gico para os colaboradores.","robots":{"index":"index","follow":"follow","max-snippet":"max-snippet:-1","max-image-preview":"max-image-preview:large","max-video-preview":"max-video-preview:-1"},"canonical":"https:\/\/www.oitchau.com.br\/blog\/como-dar-apoio-psicologico-aos-colaboradores-na-pandemia\/","og_locale":"pt_BR","og_type":"article","og_title":"Apoio psicol\u00f3gico: como fornecer no fim da pandemia? Qual a import\u00e2ncia?","og_description":"Com os colaboradores em home office, existe uma preocupa\u00e7\u00e3o que est\u00e1 circulando nas empresas, que \u00e9 referente ao apoio psicol\u00f3gico para os colaboradores.","og_url":"https:\/\/www.oitchau.com.br\/blog\/como-dar-apoio-psicologico-aos-colaboradores-na-pandemia\/","og_site_name":"Controle de Ponto &amp; Timesheets","article_publisher":"https:\/\/www.facebook.com\/oitchaubr\/","article_published_time":"2020-09-25T17:15:28+00:00","article_modified_time":"2024-07-29T11:58:58+00:00","og_image":[{"width":1982,"height":800,"url":"https:\/\/storage.googleapis.com\/oitchaublog\/2020\/09\/bf3f1689-apoio-psicologico.png","type":"image\/png"}],"author":"Aline Mesquita","twitter_card":"summary_large_image","twitter_creator":"@oitchaubr","twitter_site":"@oitchaubr","twitter_misc":{"Written by":"Aline Mesquita","Est. reading time":"7 minutos"},"schema":{"@context":"https:\/\/schema.org","@graph":[{"@type":["Article","BlogPosting"],"@id":"https:\/\/www.oitchau.com.br\/blog\/como-dar-apoio-psicologico-aos-colaboradores-na-pandemia\/#article","isPartOf":{"@id":"https:\/\/www.oitchau.com.br\/blog\/como-dar-apoio-psicologico-aos-colaboradores-na-pandemia\/"},"author":{"name":"Aline Mesquita","@id":"https:\/\/www.oitchau.com.br\/blog\/#\/schema\/person\/40ba65f8664531ffe1465f6cb9d82430"},"headline":"Apoio psicol\u00f3gico: como fornecer no fim da pandemia? Qual a import\u00e2ncia?","datePublished":"2020-09-25T17:15:28+00:00","dateModified":"2024-07-29T11:58:58+00:00","mainEntityOfPage":{"@id":"https:\/\/www.oitchau.com.br\/blog\/como-dar-apoio-psicologico-aos-colaboradores-na-pandemia\/"},"wordCount":1380,"publisher":{"@id":"https:\/\/www.oitchau.com.br\/blog\/#organization"},"image":{"@id":"https:\/\/www.oitchau.com.br\/blog\/como-dar-apoio-psicologico-aos-colaboradores-na-pandemia\/#primaryimage"},"thumbnailUrl":"https:\/\/storage.googleapis.com\/oitchaublog\/2020\/09\/bf3f1689-apoio-psicologico.png","keywords":["Apoio psicol\u00f3gico","gest\u00e3o de pessoas","psicologia","Sa\u00fade mental"],"articleSection":["Gest\u00e3o de Pessoas"],"inLanguage":"pt-BR"},{"@type":"WebPage","@id":"https:\/\/www.oitchau.com.br\/blog\/como-dar-apoio-psicologico-aos-colaboradores-na-pandemia\/","url":"https:\/\/www.oitchau.com.br\/blog\/como-dar-apoio-psicologico-aos-colaboradores-na-pandemia\/","name":"Apoio psicol\u00f3gico: como fornecer no fim da pandemia? Qual a import\u00e2ncia? | Oitchau","isPartOf":{"@id":"https:\/\/www.oitchau.com.br\/blog\/#website"},"primaryImageOfPage":{"@id":"https:\/\/www.oitchau.com.br\/blog\/como-dar-apoio-psicologico-aos-colaboradores-na-pandemia\/#primaryimage"},"image":{"@id":"https:\/\/www.oitchau.com.br\/blog\/como-dar-apoio-psicologico-aos-colaboradores-na-pandemia\/#primaryimage"},"thumbnailUrl":"https:\/\/storage.googleapis.com\/oitchaublog\/2020\/09\/bf3f1689-apoio-psicologico.png","datePublished":"2020-09-25T17:15:28+00:00","dateModified":"2024-07-29T11:58:58+00:00","description":"Com os colaboradores em home office, existe uma preocupa\u00e7\u00e3o que est\u00e1 circulando nas empresas, que \u00e9 referente ao apoio psicol\u00f3gico para os colaboradores.","breadcrumb":{"@id":"https:\/\/www.oitchau.com.br\/blog\/como-dar-apoio-psicologico-aos-colaboradores-na-pandemia\/#breadcrumb"},"inLanguage":"pt-BR","potentialAction":[{"@type":"ReadAction","target":["https:\/\/www.oitchau.com.br\/blog\/como-dar-apoio-psicologico-aos-colaboradores-na-pandemia\/"]}]},{"@type":"ImageObject","inLanguage":"pt-BR","@id":"https:\/\/www.oitchau.com.br\/blog\/como-dar-apoio-psicologico-aos-colaboradores-na-pandemia\/#primaryimage","url":"https:\/\/storage.googleapis.com\/oitchaublog\/2020\/09\/bf3f1689-apoio-psicologico.png","contentUrl":"https:\/\/storage.googleapis.com\/oitchaublog\/2020\/09\/bf3f1689-apoio-psicologico.png","width":1982,"height":800,"caption":"apoio psicol\u00f3gico"},{"@type":"BreadcrumbList","@id":"https:\/\/www.oitchau.com.br\/blog\/como-dar-apoio-psicologico-aos-colaboradores-na-pandemia\/#breadcrumb","itemListElement":[{"@type":"ListItem","position":1,"name":"Blog","item":"https:\/\/www.oitchau.com.br\/blog\/"},{"@type":"ListItem","position":2,"name":"Apoio psicol\u00f3gico: como fornecer no fim da pandemia? Qual a import\u00e2ncia?"}]},{"@type":"WebSite","@id":"https:\/\/www.oitchau.com.br\/blog\/#website","url":"https:\/\/www.oitchau.com.br\/blog\/","name":"Controle de Ponto & Timesheets","description":"","publisher":{"@id":"https:\/\/www.oitchau.com.br\/blog\/#organization"},"potentialAction":[{"@type":"SearchAction","target":{"@type":"EntryPoint","urlTemplate":"https:\/\/www.oitchau.com.br\/blog\/?s={search_term_string}"},"query-input":"required name=search_term_string"}],"inLanguage":"pt-BR"},{"@type":"Organization","@id":"https:\/\/www.oitchau.com.br\/blog\/#organization","name":"Oitchau","url":"https:\/\/www.oitchau.com.br\/blog\/","logo":{"@type":"ImageObject","inLanguage":"pt-BR","@id":"https:\/\/www.oitchau.com.br\/blog\/#\/schema\/logo\/image\/","url":"https:\/\/storage.googleapis.com\/oitchaublog\/2024\/03\/a0e65c6f-design-sem-nome-20.png","contentUrl":"https:\/\/storage.googleapis.com\/oitchaublog\/2024\/03\/a0e65c6f-design-sem-nome-20.png","width":696,"height":696,"caption":"Oitchau"},"image":{"@id":"https:\/\/www.oitchau.com.br\/blog\/#\/schema\/logo\/image\/"},"sameAs":["https:\/\/www.facebook.com\/oitchaubr\/","https:\/\/twitter.com\/oitchaubr","https:\/\/instagram.com\/oitchaubr"],"description":"A Oitchau \u00e9 uma solu\u00e7\u00e3o completa para gest\u00e3o de tempo dos colaboradores, atrav\u00e9s de suas solu\u00e7\u00f5es de controle de ponto & timesheets, ela permite que gestores, RH e DP possam gerenciar desde a jornada de trabalho de funcion\u00e1rios at\u00e9 a gest\u00e3o de tempo em projetos. Elevando o n\u00edvel estrat\u00e9gico do neg\u00f3cio de forma inteligente e assertiva, potencializando seus resultados e garantindo compliance com a Lei.","email":"contato@oitchau.com.br","telephone":"+551142102846","foundingDate":"2016-01-01","numberOfEmployees":{"@type":"QuantitativeValue","minValue":"51","maxValue":"200"}},{"@type":"Person","@id":"https:\/\/www.oitchau.com.br\/blog\/#\/schema\/person\/40ba65f8664531ffe1465f6cb9d82430","name":"Aline Mesquita","url":"https:\/\/www.oitchau.com.br\/blog\/author\/aline\/"}]}},"_links":{"self":[{"href":"https:\/\/www.oitchau.com.br\/blog\/wp-json\/wp\/v2\/posts\/12237"}],"collection":[{"href":"https:\/\/www.oitchau.com.br\/blog\/wp-json\/wp\/v2\/posts"}],"about":[{"href":"https:\/\/www.oitchau.com.br\/blog\/wp-json\/wp\/v2\/types\/post"}],"author":[{"embeddable":true,"href":"https:\/\/www.oitchau.com.br\/blog\/wp-json\/wp\/v2\/users\/11"}],"replies":[{"embeddable":true,"href":"https:\/\/www.oitchau.com.br\/blog\/wp-json\/wp\/v2\/comments?post=12237"}],"version-history":[{"count":2,"href":"https:\/\/www.oitchau.com.br\/blog\/wp-json\/wp\/v2\/posts\/12237\/revisions"}],"predecessor-version":[{"id":35112,"href":"https:\/\/www.oitchau.com.br\/blog\/wp-json\/wp\/v2\/posts\/12237\/revisions\/35112"}],"wp:featuredmedia":[{"embeddable":true,"href":"https:\/\/www.oitchau.com.br\/blog\/wp-json\/wp\/v2\/media\/35111"}],"wp:attachment":[{"href":"https:\/\/www.oitchau.com.br\/blog\/wp-json\/wp\/v2\/media?parent=12237"}],"wp:term":[{"taxonomy":"category","embeddable":true,"href":"https:\/\/www.oitchau.com.br\/blog\/wp-json\/wp\/v2\/categories?post=12237"},{"taxonomy":"post_tag","embeddable":true,"href":"https:\/\/www.oitchau.com.br\/blog\/wp-json\/wp\/v2\/tags?post=12237"}],"curies":[{"name":"wp","href":"https:\/\/api.w.org\/{rel}","templated":true}]}}