{"id":12062,"date":"2020-09-16T21:24:03","date_gmt":"2020-09-16T18:24:03","guid":{"rendered":"https:\/\/www.oitchau.com.br\/blog\/?p=12062"},"modified":"2025-01-28T14:52:53","modified_gmt":"2025-01-28T11:52:53","slug":"como-fazer-a-gestao-de-pontos-facultativos","status":"publish","type":"post","link":"https:\/\/www.oitchau.com.br\/blog\/como-fazer-a-gestao-de-pontos-facultativos\/","title":{"rendered":"Como fazer a gest\u00e3o de pontos facultativos?"},"content":{"rendered":"\r\n<p>O controle da <a href=\"https:\/\/www.oitchau.com.br\/features\/schedules\/\">jornada de trabalho<\/a> pode ser muito mais complicado do que aparenta, ela inclui diversos detalhes como jornada contratual, limites legais, conven\u00e7\u00f5es coletivas, minutos residuais, feriados, adicionais e pontos facultativos.<\/p>\r\n<p><span data-sheets-value=\"{&quot;1&quot;:2,&quot;2&quot;:&quot;\n\t\t&lt;!--HubSpot Call-to-Action Code --&gt;\n\t\t&lt;span class=&quot;hs-cta-wrapper&quot; id=&quot;hs-cta-wrapper-68acec24-1642-4b04-a249-1845cd830d4c&quot;&gt;\n\t\t&lt;span class=&quot;hs-cta-node hs-cta-68acec24-1642-4b04-a249-1845cd830d4c&quot; id=&quot;68acec24-1642-4b04-a249-1845cd830d4c&quot;&gt;\n\t\t&lt;!--[if lte IE 8]&gt;\n\t\t&lt;div id=&quot;hs-cta-ie-element&quot;&gt;&lt;\/div&gt;\n\t\t&lt;![endif]--&gt;\n\t\t&lt;a href=&quot;https:\/\/cta-redirect.hubspot.com\/cta\/redirect\/20984162\/68acec24-1642-4b04-a249-1845cd830d4c&quot; &gt;\n\t\t&lt;img class=&quot;hs-cta-img&quot; id=&quot;hs-cta-img-68acec24-1642-4b04-a249-1845cd830d4c&quot; style=&quot;border-width:0px;&quot; src=&quot;https:\/\/no-cache.hubspot.com\/cta\/default\/20984162\/68acec24-1642-4b04-a249-1845cd830d4c.png&quot;  alt=&quot;New call-to-action&quot;\/&gt;\n\t\t&lt;\/a&gt;\n\t\t&lt;\/span&gt;\n\t\t&lt;script charset=&quot;utf-8&quot; src=&quot;\/\/js.hubspot.com\/cta\/current.js&quot;&gt;&lt;\/script&gt;\n\t\t&lt;script&gt;\n\t\thbspt.cta.load(20984162, &#039;68acec24-1642-4b04-a249-1845cd830d4c&#039;, {});\n\t\t&lt;\/script&gt;\n\t\t&lt;\/span&gt;\n\t\t&lt;!-- end HubSpot Call-to-Action Code --&gt;\n\t\t&quot;}\" data-sheets-userformat=\"{&quot;2&quot;:899,&quot;3&quot;:{&quot;1&quot;:0},&quot;4&quot;:{&quot;1&quot;:2,&quot;2&quot;:16777215},&quot;10&quot;:1,&quot;11&quot;:4,&quot;12&quot;:0}\">\n\t\t<!--HubSpot Call-to-Action Code -->\n\t\t<span class=\"hs-cta-wrapper\" id=\"hs-cta-wrapper-68acec24-1642-4b04-a249-1845cd830d4c\">\n\t\t<span class=\"hs-cta-node hs-cta-68acec24-1642-4b04-a249-1845cd830d4c\" id=\"68acec24-1642-4b04-a249-1845cd830d4c\">\n\t\t<!--[if lte IE 8]>\n\t\t<div id=\"hs-cta-ie-element\"><\/div>\n\t\t<![endif]-->\n\t\t<a href=\"https:\/\/cta-redirect.hubspot.com\/cta\/redirect\/20984162\/68acec24-1642-4b04-a249-1845cd830d4c\" >\n\t\t<img decoding=\"async\" class=\"hs-cta-img\" id=\"hs-cta-img-68acec24-1642-4b04-a249-1845cd830d4c\" style=\"border-width:0px;\" src=\"https:\/\/no-cache.hubspot.com\/cta\/default\/20984162\/68acec24-1642-4b04-a249-1845cd830d4c.png\"  alt=\"New call-to-action\"\/>\n\t\t<\/a>\n\t\t<\/span>\n\t\t<script charset=\"utf-8\" src=\"\/\/js.hubspot.com\/cta\/current.js\"><\/script>\n\t\t<script>\n\t\thbspt.cta.load(20984162, '68acec24-1642-4b04-a249-1845cd830d4c', {});\n\t\t<\/script>\n\t\t<\/span>\n\t\t<!-- end HubSpot Call-to-Action Code -->\n\t\t<\/span><\/p>\r\n\r\n\r\n\r\n<p>Estes \u00faltimos est\u00e3o dentre as principais causas de d\u00favidas de gestores e empregados de RH que muitas vezes n\u00e3o sabem como lidar com eles.<\/p>\r\n\r\n\r\n\r\n<p>Os dias considerados facultativos s\u00e3o diferenciados. Eles n\u00e3o s\u00e3o feriados ao mesmo tempo em que comumente dispensam a presta\u00e7\u00e3o de servi\u00e7os dos empregados sem preju\u00edzo ao sal\u00e1rio.<\/p>\r\n\r\n\r\n\r\n<h2 class=\"wp-block-heading\">O que \u00e9 um ponto facultativo?<\/h2>\r\n\r\n\r\n\r\n<p>Conforme brevemente apontado um dia considerado facultativo n\u00e3o corresponde a um feriado. Ao mesmo tempo, por costume, as empresas costumam dispensar a presta\u00e7\u00e3o de labor nesses dias sem afetar o sal\u00e1rio do empregado.<\/p>\r\n\r\n\r\n\r\n<p>Um dos mais famosos dias facultativos corresponde \u00e0 ter\u00e7a-feira de carnaval! Isso mesmo: a festividade mais conhecida do Brasil n\u00e3o \u00e9 um feriado e normalmente leva \u00e0 dispensa da presta\u00e7\u00e3o de trabalho mesmo assim.<\/p>\r\n\r\n\r\n\r\n<p>Outro dia que pode ou n\u00e3o ser facultativo corresponde ao Corpus Christi, que ocorre anualmente em junho. N\u00e3o h\u00e1 estabelecimento federal desse dia como feriado.<\/p>\r\n\r\n\r\n\r\n<p>Muitos munic\u00edpios preveem a condi\u00e7\u00e3o de feriado em legisla\u00e7\u00e3o municipal que deve ser analisada caso a caso. Quando previsto como feriado na localidade de atua\u00e7\u00e3o da empresa esse dia n\u00e3o poder\u00e1 ser considerado facultativo.<\/p>\r\n\r\n\r\n\r\n<p>Uma hip\u00f3tese que tamb\u00e9m ilustra as quest\u00f5es dos dias facultativos se refere aos dias de final de ano entre o feriado de Natal e de Ano Novo. O mesmo ocorre com as v\u00e9speras desses feriados, respectivamente dias 24 e 31 de dezembro.<\/p>\r\n\r\n\r\n\r\n<h2 class=\"wp-block-heading\">O que diz a lei sobre os pontos facultativos?<\/h2>\r\n\r\n\r\n\r\n<p>A lei \u00e9 silente em rela\u00e7\u00e3o aos dias considerados facultativos. Em rela\u00e7\u00e3o aos feriados e dias de repouso semanal remunerado estabelece-se a necessidade de concess\u00e3o da folga ou, na aus\u00eancia disto, compensa\u00e7\u00e3o dela ou pagamento das horas com adicional de 100%, em dobro.<\/p>\r\n\r\n\r\n\r\n<p>Quanto aos dias facultativos n\u00e3o h\u00e1 estabelecimento de obrigatoriedade da concess\u00e3o da folga. Isso significa que h\u00e1 liberdade da empresa em faz\u00ea-lo ou n\u00e3o, sequer ocorrendo inclus\u00e3o do empregado nesta decis\u00e3o.<\/p>\r\n\r\n\r\n\r\n<h2 class=\"wp-block-heading\">\u00c9 obrigat\u00f3ria \u00e0 empresa a dispensa de labor?<\/h2>\r\n\r\n\r\n\r\n<p>N\u00e3o. H\u00e1 costume de libera\u00e7\u00e3o do ponto em alguns dias como no carnaval. A decis\u00e3o em faz\u00ea-lo cabe completamente \u00e0 empresa que caso venha a exigir a presta\u00e7\u00e3o de labor no dia considerado como ponto facultativo n\u00e3o ter\u00e1 obrigatoriedade de pagamento das horas em dobro ou de <a href=\"https:\/\/www.oitchau.com.br\/blog\/compensacao-de-horas-como-funciona-e-quem-pode\/\">compensa\u00e7\u00e3o de horas<\/a> deste dia.<\/p>\r\n\r\n\r\n\r\n<p>A razoabilidade deve ser considerada nesses casos. Sendo o carnaval um feriado extremamente importante para a cultura brasileira, \u00e9 indicado que haja a libera\u00e7\u00e3o do ponto e dispensa do labor.<\/p>\r\n\r\n\r\n\r\n<p>Quando realmente indispens\u00e1vel a presta\u00e7\u00e3o de servi\u00e7os a empresa pode exigir a presta\u00e7\u00e3o de labor sem maiores preocupa\u00e7\u00f5es, agindo conforme e lei e sem necessidade de compensa\u00e7\u00e3o de folga ou remunera\u00e7\u00e3o posterior.<\/p>\r\n\r\n\r\n\r\n<h2 class=\"wp-block-heading\">A presta\u00e7\u00e3o de trabalho em pontos facultativos demanda folga compensat\u00f3ria ou pagamento das horas em dobro?<\/h2>\r\n\r\n\r\n\r\n<p>Conforme apontado acima n\u00e3o h\u00e1 necessidade de pagamento das horas ou compensa\u00e7\u00e3o quando o dia laborado corresponder a ponto facultativo.<\/p>\r\n\r\n\r\n\r\n<p>O cuidado deve se dar em rela\u00e7\u00e3o \u00e0s legisla\u00e7\u00f5es municipais. Muitas vezes n\u00e3o h\u00e1 previs\u00e3o federal do dia como feriado, o que \u00e9 preenchido pelos munic\u00edpios com a edi\u00e7\u00e3o de normas que o fazem e dispensam a presta\u00e7\u00e3o de labor ou exigem o pagamento daquele que ocorrer nessas datas.<\/p>\r\n\r\n\r\n\r\n<h2 class=\"wp-block-heading\">O que deve ser feito quando o colaborador se negar a prestar servi\u00e7os nos dias de pontos facultativos?<\/h2>\r\n\r\n\r\n\r\n<p>A empresa possui liberdade em rela\u00e7\u00e3o aos dias facultativos para determinar se haver\u00e1 ou n\u00e3o presta\u00e7\u00e3o de servi\u00e7os nestas datas. Caso determine o trabalho de forma normal o empregado \u00e9 obrigado a aderir a essa decis\u00e3o.<\/p>\r\n\r\n\r\n\r\n<p>Na hip\u00f3tese em que mesmo assim o colaborador n\u00e3o compare\u00e7a \u00e0 presta\u00e7\u00e3o de servi\u00e7os a empresa poder\u00e1:<\/p>\r\n\r\n\r\n\r\n<ul>\r\n<li>Realizar o desconto das horas n\u00e3o trabalhadas;<\/li>\r\n<li>Aplicar pena ao empregado: ela poder\u00e1 ser uma simples advert\u00eancia ou no caso de faltas injustificadas e aplica\u00e7\u00e3o desta pena anteriormente, poder\u00e1 se optar pela suspens\u00e3o do empregado entre 01 e 03 dias. Nesse caso ele n\u00e3o trabalhar\u00e1 pelo tempo suspenso e n\u00e3o receber\u00e1 o sal\u00e1rio correspondente a ele.<\/li>\r\n<\/ul>\r\n\r\n\r\n\r\n<h2 class=\"wp-block-heading\">Como organizar um calend\u00e1rio e cart\u00e3o ponto de acordo com os dias facultativos?<\/h2>\r\n\r\n\r\n\r\n<p>\u00c9 muito importante que as empresa tenham um calend\u00e1rio organizado que preveja feriados e pontos facultativos. Esse calend\u00e1rio deve ser acompanhado de outras previs\u00f5es como a referente ao per\u00edodo de f\u00e9rias do colaborador.<\/p>\r\n\r\n\r\n\r\n<p>Para isso uma \u00f3tima op\u00e7\u00e3o \u00e9 a alternativa concedida pelos sistemas digitais de <a href=\"https:\/\/www.oitchau.com.br\/\"><strong>controle de ponto<\/strong><\/a>. Eles n\u00e3o se limitam ao registro de jornada, sendo aplic\u00e1veis igualmente para fins de previs\u00f5es referentes ao calend\u00e1rio anual.<\/p>\r\n<p><span data-sheets-value=\"{&quot;1&quot;:2,&quot;2&quot;:&quot;\n\t\t&lt;!--HubSpot Call-to-Action Code --&gt;\n\t\t&lt;span class=&quot;hs-cta-wrapper&quot; id=&quot;hs-cta-wrapper-a0b97fb3-64df-4fca-9711-c4db6ced94ec&quot;&gt;\n\t\t&lt;span class=&quot;hs-cta-node hs-cta-a0b97fb3-64df-4fca-9711-c4db6ced94ec&quot; id=&quot;a0b97fb3-64df-4fca-9711-c4db6ced94ec&quot;&gt;\n\t\t&lt;!--[if lte IE 8]&gt;\n\t\t&lt;div id=&quot;hs-cta-ie-element&quot;&gt;&lt;\/div&gt;\n\t\t&lt;![endif]--&gt;\n\t\t&lt;a href=&quot;https:\/\/cta-redirect.hubspot.com\/cta\/redirect\/20984162\/a0b97fb3-64df-4fca-9711-c4db6ced94ec&quot; &gt;\n\t\t&lt;img class=&quot;hs-cta-img&quot; id=&quot;hs-cta-img-a0b97fb3-64df-4fca-9711-c4db6ced94ec&quot; style=&quot;border-width:0px;&quot; src=&quot;https:\/\/no-cache.hubspot.com\/cta\/default\/20984162\/a0b97fb3-64df-4fca-9711-c4db6ced94ec.png&quot;  alt=&quot;New call-to-action&quot;\/&gt;\n\t\t&lt;\/a&gt;\n\t\t&lt;\/span&gt;\n\t\t&lt;script charset=&quot;utf-8&quot; src=&quot;\/\/js.hubspot.com\/cta\/current.js&quot;&gt;&lt;\/script&gt;\n\t\t&lt;script&gt;\n\t\thbspt.cta.load(20984162, &#039;a0b97fb3-64df-4fca-9711-c4db6ced94ec&#039;, {});\n\t\t&lt;\/script&gt;\n\t\t&lt;\/span&gt;\n\t\t&lt;!-- end HubSpot Call-to-Action Code --&gt;\n\t\t&quot;}\" data-sheets-userformat=\"{&quot;2&quot;:897,&quot;3&quot;:{&quot;1&quot;:0},&quot;10&quot;:1,&quot;11&quot;:4,&quot;12&quot;:0}\">\n\t\t<!--HubSpot Call-to-Action Code -->\n\t\t<span class=\"hs-cta-wrapper\" id=\"hs-cta-wrapper-a0b97fb3-64df-4fca-9711-c4db6ced94ec\">\n\t\t<span class=\"hs-cta-node hs-cta-a0b97fb3-64df-4fca-9711-c4db6ced94ec\" id=\"a0b97fb3-64df-4fca-9711-c4db6ced94ec\">\n\t\t<!--[if lte IE 8]>\n\t\t<div id=\"hs-cta-ie-element\"><\/div>\n\t\t<![endif]-->\n\t\t<a href=\"https:\/\/cta-redirect.hubspot.com\/cta\/redirect\/20984162\/a0b97fb3-64df-4fca-9711-c4db6ced94ec\" >\n\t\t<img decoding=\"async\" class=\"hs-cta-img\" id=\"hs-cta-img-a0b97fb3-64df-4fca-9711-c4db6ced94ec\" style=\"border-width:0px;\" src=\"https:\/\/no-cache.hubspot.com\/cta\/default\/20984162\/a0b97fb3-64df-4fca-9711-c4db6ced94ec.png\"  alt=\"New call-to-action\"\/>\n\t\t<\/a>\n\t\t<\/span>\n\t\t<script charset=\"utf-8\" src=\"\/\/js.hubspot.com\/cta\/current.js\"><\/script>\n\t\t<script>\n\t\thbspt.cta.load(20984162, 'a0b97fb3-64df-4fca-9711-c4db6ced94ec', {});\n\t\t<\/script>\n\t\t<\/span>\n\t\t<!-- end HubSpot Call-to-Action Code -->\n\t\t<\/span><\/p>\r\n\r\n\r\n\r\n<p>Com esse tipo de controle a empresa evita problemas referentes \u00e0 necessidade de suspens\u00e3o de trabalho por alguns dias. Outro ponto importante \u00e9 que ela pode se organizar.<\/p>\r\n\r\n\r\n\r\n<p>Imagine a situa\u00e7\u00e3o em que a empresa pretende conceder aos empregados o carnaval como folga, seja apenas para a ter\u00e7a-feira festiva ou em rela\u00e7\u00e3o \u00e0 festividade completa (entre o s\u00e1bado e o meio dia da quarta-feira de cinzas). Quando essa situa\u00e7\u00e3o est\u00e1 prevista, os gestores podem trabalhar de forma a adiantar prazos e deixar atividades engatilhadas.<\/p>\r\n\r\n\r\n\r\n<p>A empresa pode at\u00e9 mesmo firmar com os colaboradores a possibilidade de compensa\u00e7\u00e3o pr\u00e9via dos dias de carnaval. Isso significa a n\u00e3o presta\u00e7\u00e3o de labor nesse per\u00edodo decorre das horas que j\u00e1 foram adiantadas.<\/p>\r\n\r\n\r\n\r\n<p>Isso beneficia tanto a empresa quanto os colaboradores. Aquela garante que n\u00e3o h\u00e1 preju\u00edzo \u00e0s atividades realizadas e estes se sentem mais engajados e felizes em rela\u00e7\u00e3o \u00e0 organiza\u00e7\u00e3o empresarial que lhes concedeu a possibilidade de curtir as festividades.<\/p>\r\n\r\n\r\n\r\n<p>O mesmo se d\u00e1 em rela\u00e7\u00e3o \u00e0s v\u00e9speras de feriados do final de ano, recessos (dias \u00fateis entre um repouso semanal remunerado e um feriado) e outras situa\u00e7\u00f5es comuns ao longo do ano.<\/p>\r\n\r\n\r\n\r\n<p>Nossa dica \u00e9 que a empresa invista em um controle de jornada digital que seja efetivo e que possibilite sua programa\u00e7\u00e3o e organiza\u00e7\u00e3o de forma correta. Um dos melhores que existem no mercado \u00e9 o oferecido pela Oitchau.<\/p>\r\n\r\n\r\n\r\n<p>Ele concede \u00e0s empresas e gestores ferramentas em que ocorre a gest\u00e3o de dias correspondentes a feriados, eventos e pontos facultativos. Com isso, pode-se criar eventos para determinados grupos ou para a empresa inteira, conforme for o caso da sua institui\u00e7\u00e3o.<\/p>\r\n\r\n\r\n\r\n<p>Ao ser criado o evento o colaborador que \u00e9 incluso nele recebe em tempo real uma notifica\u00e7\u00e3o. Isso permite que a empresa e o pr\u00f3prio empregado possam se programar para essas datas. Prazos podem ser adiantados, pend\u00eancia ser colocadas em dia e viagens agendadas.<\/p>\r\n","protected":false},"excerpt":{"rendered":"<p>O controle da jornada de trabalho pode ser muito mais complicado do que aparenta, ela inclui diversos detalhes como jornada contratual, limites legais, conven\u00e7\u00f5es coletivas, minutos residuais, feriados, adicionais e pontos facultativos. Estes \u00faltimos est\u00e3o dentre as principais causas de d\u00favidas de gestores e empregados de RH que muitas vezes n\u00e3o sabem como lidar com [&hellip;]<\/p>\n","protected":false},"author":11,"featured_media":35056,"comment_status":"closed","ping_status":"open","sticky":false,"template":"","format":"standard","meta":{"content-type":"","footnotes":""},"categories":[15965],"tags":[16053,11332,16869],"yoast_head":"<!-- This site is optimized with the Yoast SEO Premium plugin v22.2 (Yoast SEO v22.2) - https:\/\/yoast.com\/wordpress\/plugins\/seo\/ -->\n<title>Como fazer a gest\u00e3o de pontos facultativos? | Oitchau<\/title>\n<meta name=\"description\" content=\"O controle da jornada de trabalho pode ser muito mais complicado do que aparenta, com detalhes sobre ponto, feriados, adicionais e pontos facultativos.\" \/>\n<meta name=\"robots\" content=\"index, follow, max-snippet:-1, max-image-preview:large, max-video-preview:-1\" \/>\n<link rel=\"canonical\" href=\"https:\/\/www.oitchau.com.br\/blog\/como-fazer-a-gestao-de-pontos-facultativos\/\" \/>\n<meta property=\"og:locale\" content=\"pt_BR\" \/>\n<meta property=\"og:type\" content=\"article\" \/>\n<meta property=\"og:title\" content=\"Como fazer a gest\u00e3o de pontos facultativos?\" \/>\n<meta property=\"og:description\" content=\"O controle da jornada de trabalho pode ser muito mais complicado do que aparenta, com detalhes sobre ponto, feriados, adicionais e pontos facultativos.\" \/>\n<meta property=\"og:url\" content=\"https:\/\/www.oitchau.com.br\/blog\/como-fazer-a-gestao-de-pontos-facultativos\/\" \/>\n<meta property=\"og:site_name\" content=\"Controle de Ponto &amp; Timesheets\" \/>\n<meta property=\"article:publisher\" content=\"https:\/\/www.facebook.com\/oitchaubr\/\" \/>\n<meta property=\"article:published_time\" content=\"2020-09-16T18:24:03+00:00\" \/>\n<meta property=\"article:modified_time\" content=\"2025-01-28T11:52:53+00:00\" \/>\n<meta property=\"og:image\" content=\"https:\/\/storage.googleapis.com\/oitchaublog\/2020\/09\/c4e79ef6-pontos-facultativos.png\" \/>\n\t<meta property=\"og:image:width\" content=\"1982\" \/>\n\t<meta property=\"og:image:height\" content=\"800\" \/>\n\t<meta property=\"og:image:type\" content=\"image\/png\" \/>\n<meta name=\"author\" content=\"Aline Mesquita\" \/>\n<meta name=\"twitter:card\" content=\"summary_large_image\" \/>\n<meta name=\"twitter:creator\" content=\"@oitchaubr\" \/>\n<meta name=\"twitter:site\" content=\"@oitchaubr\" \/>\n<meta name=\"twitter:label1\" content=\"Written by\" \/>\n\t<meta name=\"twitter:data1\" content=\"Aline Mesquita\" \/>\n\t<meta name=\"twitter:label2\" content=\"Est. reading time\" \/>\n\t<meta name=\"twitter:data2\" content=\"7 minutos\" \/>\n<script type=\"application\/ld+json\" class=\"yoast-schema-graph\">{\"@context\":\"https:\/\/schema.org\",\"@graph\":[{\"@type\":[\"Article\",\"BlogPosting\"],\"@id\":\"https:\/\/www.oitchau.com.br\/blog\/como-fazer-a-gestao-de-pontos-facultativos\/#article\",\"isPartOf\":{\"@id\":\"https:\/\/www.oitchau.com.br\/blog\/como-fazer-a-gestao-de-pontos-facultativos\/\"},\"author\":{\"name\":\"Aline Mesquita\",\"@id\":\"https:\/\/www.oitchau.com.br\/blog\/#\/schema\/person\/40ba65f8664531ffe1465f6cb9d82430\"},\"headline\":\"Como fazer a gest\u00e3o de pontos facultativos?\",\"datePublished\":\"2020-09-16T18:24:03+00:00\",\"dateModified\":\"2025-01-28T11:52:53+00:00\",\"mainEntityOfPage\":{\"@id\":\"https:\/\/www.oitchau.com.br\/blog\/como-fazer-a-gestao-de-pontos-facultativos\/\"},\"wordCount\":1200,\"publisher\":{\"@id\":\"https:\/\/www.oitchau.com.br\/blog\/#organization\"},\"image\":{\"@id\":\"https:\/\/www.oitchau.com.br\/blog\/como-fazer-a-gestao-de-pontos-facultativos\/#primaryimage\"},\"thumbnailUrl\":\"https:\/\/storage.googleapis.com\/oitchaublog\/2020\/09\/c4e79ef6-pontos-facultativos.png\",\"keywords\":[\"Gest\u00e3o de ponto\",\"jornada de trabalho\",\"pontos facultativos\"],\"articleSection\":[\"Jornada &amp; Ponto\"],\"inLanguage\":\"pt-BR\"},{\"@type\":\"WebPage\",\"@id\":\"https:\/\/www.oitchau.com.br\/blog\/como-fazer-a-gestao-de-pontos-facultativos\/\",\"url\":\"https:\/\/www.oitchau.com.br\/blog\/como-fazer-a-gestao-de-pontos-facultativos\/\",\"name\":\"Como fazer a gest\u00e3o de pontos facultativos? | Oitchau\",\"isPartOf\":{\"@id\":\"https:\/\/www.oitchau.com.br\/blog\/#website\"},\"primaryImageOfPage\":{\"@id\":\"https:\/\/www.oitchau.com.br\/blog\/como-fazer-a-gestao-de-pontos-facultativos\/#primaryimage\"},\"image\":{\"@id\":\"https:\/\/www.oitchau.com.br\/blog\/como-fazer-a-gestao-de-pontos-facultativos\/#primaryimage\"},\"thumbnailUrl\":\"https:\/\/storage.googleapis.com\/oitchaublog\/2020\/09\/c4e79ef6-pontos-facultativos.png\",\"datePublished\":\"2020-09-16T18:24:03+00:00\",\"dateModified\":\"2025-01-28T11:52:53+00:00\",\"description\":\"O controle da jornada de trabalho pode ser muito mais complicado do que aparenta, com detalhes sobre ponto, feriados, adicionais e pontos facultativos.\",\"breadcrumb\":{\"@id\":\"https:\/\/www.oitchau.com.br\/blog\/como-fazer-a-gestao-de-pontos-facultativos\/#breadcrumb\"},\"inLanguage\":\"pt-BR\",\"potentialAction\":[{\"@type\":\"ReadAction\",\"target\":[\"https:\/\/www.oitchau.com.br\/blog\/como-fazer-a-gestao-de-pontos-facultativos\/\"]}]},{\"@type\":\"ImageObject\",\"inLanguage\":\"pt-BR\",\"@id\":\"https:\/\/www.oitchau.com.br\/blog\/como-fazer-a-gestao-de-pontos-facultativos\/#primaryimage\",\"url\":\"https:\/\/storage.googleapis.com\/oitchaublog\/2020\/09\/c4e79ef6-pontos-facultativos.png\",\"contentUrl\":\"https:\/\/storage.googleapis.com\/oitchaublog\/2020\/09\/c4e79ef6-pontos-facultativos.png\",\"width\":1982,\"height\":800,\"caption\":\"pontos facultativos\"},{\"@type\":\"BreadcrumbList\",\"@id\":\"https:\/\/www.oitchau.com.br\/blog\/como-fazer-a-gestao-de-pontos-facultativos\/#breadcrumb\",\"itemListElement\":[{\"@type\":\"ListItem\",\"position\":1,\"name\":\"Blog\",\"item\":\"https:\/\/www.oitchau.com.br\/blog\/\"},{\"@type\":\"ListItem\",\"position\":2,\"name\":\"Como fazer a gest\u00e3o de pontos facultativos?\"}]},{\"@type\":\"WebSite\",\"@id\":\"https:\/\/www.oitchau.com.br\/blog\/#website\",\"url\":\"https:\/\/www.oitchau.com.br\/blog\/\",\"name\":\"Controle de Ponto & Timesheets\",\"description\":\"\",\"publisher\":{\"@id\":\"https:\/\/www.oitchau.com.br\/blog\/#organization\"},\"potentialAction\":[{\"@type\":\"SearchAction\",\"target\":{\"@type\":\"EntryPoint\",\"urlTemplate\":\"https:\/\/www.oitchau.com.br\/blog\/?s={search_term_string}\"},\"query-input\":\"required name=search_term_string\"}],\"inLanguage\":\"pt-BR\"},{\"@type\":\"Organization\",\"@id\":\"https:\/\/www.oitchau.com.br\/blog\/#organization\",\"name\":\"Oitchau\",\"url\":\"https:\/\/www.oitchau.com.br\/blog\/\",\"logo\":{\"@type\":\"ImageObject\",\"inLanguage\":\"pt-BR\",\"@id\":\"https:\/\/www.oitchau.com.br\/blog\/#\/schema\/logo\/image\/\",\"url\":\"https:\/\/storage.googleapis.com\/oitchaublog\/2024\/03\/a0e65c6f-design-sem-nome-20.png\",\"contentUrl\":\"https:\/\/storage.googleapis.com\/oitchaublog\/2024\/03\/a0e65c6f-design-sem-nome-20.png\",\"width\":696,\"height\":696,\"caption\":\"Oitchau\"},\"image\":{\"@id\":\"https:\/\/www.oitchau.com.br\/blog\/#\/schema\/logo\/image\/\"},\"sameAs\":[\"https:\/\/www.facebook.com\/oitchaubr\/\",\"https:\/\/twitter.com\/oitchaubr\",\"https:\/\/instagram.com\/oitchaubr\"],\"description\":\"A Oitchau \u00e9 uma solu\u00e7\u00e3o completa para gest\u00e3o de tempo dos colaboradores, atrav\u00e9s de suas solu\u00e7\u00f5es de controle de ponto & timesheets, ela permite que gestores, RH e DP possam gerenciar desde a jornada de trabalho de funcion\u00e1rios at\u00e9 a gest\u00e3o de tempo em projetos. Elevando o n\u00edvel estrat\u00e9gico do neg\u00f3cio de forma inteligente e assertiva, potencializando seus resultados e garantindo compliance com a Lei.\",\"email\":\"contato@oitchau.com.br\",\"telephone\":\"+551142102846\",\"foundingDate\":\"2016-01-01\",\"numberOfEmployees\":{\"@type\":\"QuantitativeValue\",\"minValue\":\"51\",\"maxValue\":\"200\"}},{\"@type\":\"Person\",\"@id\":\"https:\/\/www.oitchau.com.br\/blog\/#\/schema\/person\/40ba65f8664531ffe1465f6cb9d82430\",\"name\":\"Aline Mesquita\",\"url\":\"https:\/\/www.oitchau.com.br\/blog\/author\/aline\/\"}]}<\/script>\n<!-- \/ Yoast SEO Premium plugin. -->","yoast_head_json":{"title":"Como fazer a gest\u00e3o de pontos facultativos? | Oitchau","description":"O controle da jornada de trabalho pode ser muito mais complicado do que aparenta, com detalhes sobre ponto, feriados, adicionais e pontos facultativos.","robots":{"index":"index","follow":"follow","max-snippet":"max-snippet:-1","max-image-preview":"max-image-preview:large","max-video-preview":"max-video-preview:-1"},"canonical":"https:\/\/www.oitchau.com.br\/blog\/como-fazer-a-gestao-de-pontos-facultativos\/","og_locale":"pt_BR","og_type":"article","og_title":"Como fazer a gest\u00e3o de pontos facultativos?","og_description":"O controle da jornada de trabalho pode ser muito mais complicado do que aparenta, com detalhes sobre ponto, feriados, adicionais e pontos facultativos.","og_url":"https:\/\/www.oitchau.com.br\/blog\/como-fazer-a-gestao-de-pontos-facultativos\/","og_site_name":"Controle de Ponto &amp; Timesheets","article_publisher":"https:\/\/www.facebook.com\/oitchaubr\/","article_published_time":"2020-09-16T18:24:03+00:00","article_modified_time":"2025-01-28T11:52:53+00:00","og_image":[{"width":1982,"height":800,"url":"https:\/\/storage.googleapis.com\/oitchaublog\/2020\/09\/c4e79ef6-pontos-facultativos.png","type":"image\/png"}],"author":"Aline Mesquita","twitter_card":"summary_large_image","twitter_creator":"@oitchaubr","twitter_site":"@oitchaubr","twitter_misc":{"Written by":"Aline Mesquita","Est. reading time":"7 minutos"},"schema":{"@context":"https:\/\/schema.org","@graph":[{"@type":["Article","BlogPosting"],"@id":"https:\/\/www.oitchau.com.br\/blog\/como-fazer-a-gestao-de-pontos-facultativos\/#article","isPartOf":{"@id":"https:\/\/www.oitchau.com.br\/blog\/como-fazer-a-gestao-de-pontos-facultativos\/"},"author":{"name":"Aline Mesquita","@id":"https:\/\/www.oitchau.com.br\/blog\/#\/schema\/person\/40ba65f8664531ffe1465f6cb9d82430"},"headline":"Como fazer a gest\u00e3o de pontos facultativos?","datePublished":"2020-09-16T18:24:03+00:00","dateModified":"2025-01-28T11:52:53+00:00","mainEntityOfPage":{"@id":"https:\/\/www.oitchau.com.br\/blog\/como-fazer-a-gestao-de-pontos-facultativos\/"},"wordCount":1200,"publisher":{"@id":"https:\/\/www.oitchau.com.br\/blog\/#organization"},"image":{"@id":"https:\/\/www.oitchau.com.br\/blog\/como-fazer-a-gestao-de-pontos-facultativos\/#primaryimage"},"thumbnailUrl":"https:\/\/storage.googleapis.com\/oitchaublog\/2020\/09\/c4e79ef6-pontos-facultativos.png","keywords":["Gest\u00e3o de ponto","jornada de trabalho","pontos facultativos"],"articleSection":["Jornada &amp; Ponto"],"inLanguage":"pt-BR"},{"@type":"WebPage","@id":"https:\/\/www.oitchau.com.br\/blog\/como-fazer-a-gestao-de-pontos-facultativos\/","url":"https:\/\/www.oitchau.com.br\/blog\/como-fazer-a-gestao-de-pontos-facultativos\/","name":"Como fazer a gest\u00e3o de pontos facultativos? | Oitchau","isPartOf":{"@id":"https:\/\/www.oitchau.com.br\/blog\/#website"},"primaryImageOfPage":{"@id":"https:\/\/www.oitchau.com.br\/blog\/como-fazer-a-gestao-de-pontos-facultativos\/#primaryimage"},"image":{"@id":"https:\/\/www.oitchau.com.br\/blog\/como-fazer-a-gestao-de-pontos-facultativos\/#primaryimage"},"thumbnailUrl":"https:\/\/storage.googleapis.com\/oitchaublog\/2020\/09\/c4e79ef6-pontos-facultativos.png","datePublished":"2020-09-16T18:24:03+00:00","dateModified":"2025-01-28T11:52:53+00:00","description":"O controle da jornada de trabalho pode ser muito mais complicado do que aparenta, com detalhes sobre ponto, feriados, adicionais e pontos facultativos.","breadcrumb":{"@id":"https:\/\/www.oitchau.com.br\/blog\/como-fazer-a-gestao-de-pontos-facultativos\/#breadcrumb"},"inLanguage":"pt-BR","potentialAction":[{"@type":"ReadAction","target":["https:\/\/www.oitchau.com.br\/blog\/como-fazer-a-gestao-de-pontos-facultativos\/"]}]},{"@type":"ImageObject","inLanguage":"pt-BR","@id":"https:\/\/www.oitchau.com.br\/blog\/como-fazer-a-gestao-de-pontos-facultativos\/#primaryimage","url":"https:\/\/storage.googleapis.com\/oitchaublog\/2020\/09\/c4e79ef6-pontos-facultativos.png","contentUrl":"https:\/\/storage.googleapis.com\/oitchaublog\/2020\/09\/c4e79ef6-pontos-facultativos.png","width":1982,"height":800,"caption":"pontos facultativos"},{"@type":"BreadcrumbList","@id":"https:\/\/www.oitchau.com.br\/blog\/como-fazer-a-gestao-de-pontos-facultativos\/#breadcrumb","itemListElement":[{"@type":"ListItem","position":1,"name":"Blog","item":"https:\/\/www.oitchau.com.br\/blog\/"},{"@type":"ListItem","position":2,"name":"Como fazer a gest\u00e3o de pontos facultativos?"}]},{"@type":"WebSite","@id":"https:\/\/www.oitchau.com.br\/blog\/#website","url":"https:\/\/www.oitchau.com.br\/blog\/","name":"Controle de Ponto & Timesheets","description":"","publisher":{"@id":"https:\/\/www.oitchau.com.br\/blog\/#organization"},"potentialAction":[{"@type":"SearchAction","target":{"@type":"EntryPoint","urlTemplate":"https:\/\/www.oitchau.com.br\/blog\/?s={search_term_string}"},"query-input":"required name=search_term_string"}],"inLanguage":"pt-BR"},{"@type":"Organization","@id":"https:\/\/www.oitchau.com.br\/blog\/#organization","name":"Oitchau","url":"https:\/\/www.oitchau.com.br\/blog\/","logo":{"@type":"ImageObject","inLanguage":"pt-BR","@id":"https:\/\/www.oitchau.com.br\/blog\/#\/schema\/logo\/image\/","url":"https:\/\/storage.googleapis.com\/oitchaublog\/2024\/03\/a0e65c6f-design-sem-nome-20.png","contentUrl":"https:\/\/storage.googleapis.com\/oitchaublog\/2024\/03\/a0e65c6f-design-sem-nome-20.png","width":696,"height":696,"caption":"Oitchau"},"image":{"@id":"https:\/\/www.oitchau.com.br\/blog\/#\/schema\/logo\/image\/"},"sameAs":["https:\/\/www.facebook.com\/oitchaubr\/","https:\/\/twitter.com\/oitchaubr","https:\/\/instagram.com\/oitchaubr"],"description":"A Oitchau \u00e9 uma solu\u00e7\u00e3o completa para gest\u00e3o de tempo dos colaboradores, atrav\u00e9s de suas solu\u00e7\u00f5es de controle de ponto & timesheets, ela permite que gestores, RH e DP possam gerenciar desde a jornada de trabalho de funcion\u00e1rios at\u00e9 a gest\u00e3o de tempo em projetos. Elevando o n\u00edvel estrat\u00e9gico do neg\u00f3cio de forma inteligente e assertiva, potencializando seus resultados e garantindo compliance com a Lei.","email":"contato@oitchau.com.br","telephone":"+551142102846","foundingDate":"2016-01-01","numberOfEmployees":{"@type":"QuantitativeValue","minValue":"51","maxValue":"200"}},{"@type":"Person","@id":"https:\/\/www.oitchau.com.br\/blog\/#\/schema\/person\/40ba65f8664531ffe1465f6cb9d82430","name":"Aline Mesquita","url":"https:\/\/www.oitchau.com.br\/blog\/author\/aline\/"}]}},"_links":{"self":[{"href":"https:\/\/www.oitchau.com.br\/blog\/wp-json\/wp\/v2\/posts\/12062"}],"collection":[{"href":"https:\/\/www.oitchau.com.br\/blog\/wp-json\/wp\/v2\/posts"}],"about":[{"href":"https:\/\/www.oitchau.com.br\/blog\/wp-json\/wp\/v2\/types\/post"}],"author":[{"embeddable":true,"href":"https:\/\/www.oitchau.com.br\/blog\/wp-json\/wp\/v2\/users\/11"}],"replies":[{"embeddable":true,"href":"https:\/\/www.oitchau.com.br\/blog\/wp-json\/wp\/v2\/comments?post=12062"}],"version-history":[{"count":1,"href":"https:\/\/www.oitchau.com.br\/blog\/wp-json\/wp\/v2\/posts\/12062\/revisions"}],"predecessor-version":[{"id":36566,"href":"https:\/\/www.oitchau.com.br\/blog\/wp-json\/wp\/v2\/posts\/12062\/revisions\/36566"}],"wp:featuredmedia":[{"embeddable":true,"href":"https:\/\/www.oitchau.com.br\/blog\/wp-json\/wp\/v2\/media\/35056"}],"wp:attachment":[{"href":"https:\/\/www.oitchau.com.br\/blog\/wp-json\/wp\/v2\/media?parent=12062"}],"wp:term":[{"taxonomy":"category","embeddable":true,"href":"https:\/\/www.oitchau.com.br\/blog\/wp-json\/wp\/v2\/categories?post=12062"},{"taxonomy":"post_tag","embeddable":true,"href":"https:\/\/www.oitchau.com.br\/blog\/wp-json\/wp\/v2\/tags?post=12062"}],"curies":[{"name":"wp","href":"https:\/\/api.w.org\/{rel}","templated":true}]}}