{"id":11796,"date":"2020-08-25T22:57:57","date_gmt":"2020-08-25T19:57:57","guid":{"rendered":"https:\/\/www.oitchau.com.br\/blog\/?p=11796"},"modified":"2024-07-29T03:56:43","modified_gmt":"2024-07-29T00:56:43","slug":"13o-salario-solicitacao-da-1a-parcela-por-ocasiao-de-ferias","status":"publish","type":"post","link":"https:\/\/www.oitchau.com.br\/blog\/13o-salario-solicitacao-da-1a-parcela-por-ocasiao-de-ferias\/","title":{"rendered":"Solicita\u00e7\u00e3o da 1\u00aa parcela do 13\u00b0: quando o empregador \u00e9 obrigado a adiantar o benef\u00edcio?"},"content":{"rendered":"\r\n<p><strong>Descubra qual \u00e9 a ocasi\u00e3o que possibilita ao empregado a solicita\u00e7\u00e3o da 1\u00aa parcela do 13\u00ba sal\u00e1rio de maneira adiantada.<\/strong><\/p>\r\n<p>O 13\u00ba sal\u00e1rio \u00e9 um direito de todos os trabalhadores formais brasileiros e corresponde ao pagamento da remunera\u00e7\u00e3o de um sal\u00e1rio adicional ao empregado que completa 12 meses de presta\u00e7\u00e3o de servi\u00e7os para uma empresa no mesmo ano.<\/p>\r\n\r\n\r\n\r\n<p>Ele \u00e9 garantido de forma proporcional, com base no n\u00famero de meses trabalhados pelo colaborador naquele ano, em casa de pedido de demiss\u00e3o ou dispensa sem justa causa.<\/p>\r\n\r\n\r\n\r\n<p>Ele deve ser pago em duas parcelas: a primeira entre fevereiro e novembro e a segunda at\u00e9 20 de dezembro. Mas o que fazer quando o empregado faz a solicita\u00e7\u00e3o da 1\u00aa parcela do 13\u00ba a primeira parcela? Existe obrigatoriedade em conceder esse adiantamento? O que diz a lei?<\/p>\r\n\r\n\r\n\r\n<p>Para conferir a resposta destas e de outras perguntas relevantes sobre o assunto continue lendo e retire todas as suas d\u00favidas!<\/p>\r\n\r\n\r\n\r\n<h2 class=\"wp-block-heading\">13\u00ba Sal\u00e1rio: Conhe\u00e7a mais sobre a Gratifica\u00e7\u00e3o Natalina<\/h2>\r\n\r\n\r\n\r\n<p>O d\u00e9cimo terceiro sal\u00e1rio \u00e9 conhecido como gratifica\u00e7\u00e3o natalina. Ele corresponde a um plus pago anualmente ao trabalhador que tiver completado doze meses de <strong><a href=\"https:\/\/www.oitchau.com.br\/features\/schedules\/\">jornada de trabalho<\/a><\/strong> prestadas ao mesmo empregador.<\/p>\r\n\r\n\r\n\r\n<p>Para isso o funcion\u00e1rio deve ter prestado ao menos 15 dias em cada m\u00eas. Caso seu contrato termine antes de completar 12\/12 da parcela e n\u00e3o tiver sido rescindido por justa causa ele ter\u00e1 direito ao recebimento proporcional do valor extra.<\/p>\r\n\r\n\r\n\r\n<p>A cria\u00e7\u00e3o do benef\u00edcio e o c\u00e1lculo do 13\u00ba sal\u00e1rio s\u00e3o especificados pela <a href=\"http:\/\/www.planalto.gov.br\/ccivil_03\/leis\/l4090.htm#:~:text=LEI%20No%204.090%2C%20DE%2013%20DE%20JULHO%20DE%201962.&amp;text=Institui%20a%20Gratifica%C3%A7%C3%A3o%20de%20Natal,eu%20sanciono%20a%20seguinte%20Lei%3A&amp;text=%C2%A7%201%C2%BA%20%2D%20A%20gratifica%C3%A7%C3%A3o%20corresponder%C3%A1,de%20servi%C3%A7o%2C%20do%20ano%20correspondente.\">Lei 4.0990 de 1962<\/a>, que disp\u00f5e o seguinte:<\/p>\r\n\r\n\r\n\r\n<blockquote class=\"wp-block-quote\">\r\n<p><em>Art. 1\u00ba &#8211; No m\u00eas de dezembro de cada ano, a todo empregado ser\u00e1 paga, pelo empregador, uma gratifica\u00e7\u00e3o salarial, independentemente da remunera\u00e7\u00e3o a que fizer jus.<\/em><\/p>\r\n<p><em>\u00a7 1\u00ba &#8211; A gratifica\u00e7\u00e3o corresponder\u00e1 a 1\/12 avos da remunera\u00e7\u00e3o devida em dezembro, por m\u00eas de servi\u00e7o, do ano correspondente.<\/em><\/p>\r\n<p><em>\u00a7 2\u00ba &#8211; A fra\u00e7\u00e3o igual ou superior a 15 (quinze) dias de trabalho ser\u00e1 havida como m\u00eas integral para os efeitos do par\u00e1grafo anterior.<\/em><\/p>\r\n<p><em>\u00a7 3\u00ba &#8211; A gratifica\u00e7\u00e3o ser\u00e1 proporcional:\u00a0\u00a0\u00a0\u00a0\u00a0 (Inclu\u00eddo pela Lei n\u00ba 9.011, de 1995)<\/em><\/p>\r\n<p><em>I &#8211; na extin\u00e7\u00e3o dos contratos a prazo, entre estes inclu\u00eddos os de safra, ainda que a rela\u00e7\u00e3o de emprego haja findado antes de dezembro; e\u00a0\u00a0\u00a0\u00a0\u00a0\u00a0\u00a0\u00a0\u00a0 (Inclu\u00eddo pela Lei n\u00ba 9.011, de 1995)<\/em><\/p>\r\n<p><em>II &#8211; na cessa\u00e7\u00e3o da rela\u00e7\u00e3o de emprego resultante da aposentadoria do trabalhador, ainda que verificada antes de dezembro.\u00a0\u00a0\u00a0\u00a0\u00a0\u00a0\u00a0 (Inclu\u00eddo pela Lei n\u00ba 9.011, de 1995)<\/em><\/p>\r\n<p><em>Art. 2\u00ba &#8211; As faltas legais e justificadas ao servi\u00e7o n\u00e3o ser\u00e3o deduzidas para os fins previstos no \u00a7 1\u00ba do art. 1\u00ba desta Lei.<\/em><\/p>\r\n<p><em>Art. 3\u00ba &#8211; Ocorrendo rescis\u00e3o, sem justa causa, do contrato de trabalho, o empregado receber\u00e1 a gratifica\u00e7\u00e3o devida nos termos dos par\u00e1grafos 1\u00ba e 2\u00ba do art. 1\u00ba desta Lei, calculada sobre a remunera\u00e7\u00e3o do m\u00eas da rescis\u00e3o.<\/em><\/p>\r\n<p><em>Art. 4\u00ba &#8211; Esta Lei entrar\u00e1 em vigor na data de sua publica\u00e7\u00e3o, revogadas as disposi\u00e7\u00f5es em contr\u00e1rio.<\/em><\/p>\r\n<\/blockquote>\r\n\r\n\r\n\r\n<h2 class=\"wp-block-heading\">\u00c9poca de pagamento do d\u00e9cimo terceiro sal\u00e1rio<\/h2>\r\n\r\n\r\n\r\n<p>A Lei que criou a gratifica\u00e7\u00e3o natalina previa seu pagamento apenas em dezembro, o que foi alterado pela Lei n\u00ba 4.749\/65 que estabeleceu o pagamento em duas parcelas, sendo que <strong>a primeira deve ser paga at\u00e9 novembro do ano ao qual se refere<\/strong>.<\/p>\r\n\r\n\r\n\r\n<blockquote class=\"wp-block-quote\">\r\n<p><em>Art. 1\u00ba &#8211; A gratifica\u00e7\u00e3o salarial institu\u00edda pela Lei n\u00famero 4.090, de 13 de julho de 1962, ser\u00e1 paga pelo empregador at\u00e9 o dia 20 de dezembro de cada ano, compensada a import\u00e2ncia que, a t\u00edtulo de adiantamento, o empregado houver recebido na forma do artigo seguinte.<\/em><\/p>\r\n<p><em>Par\u00e1grafo \u00fanico. (Vetado).<\/em><\/p>\r\n<p><em>Art. 2\u00ba &#8211; Entre os meses de fevereiro e novembro de cada ano, o empregador pagar\u00e1, como adiantamento da gratifica\u00e7\u00e3o referida no artigo precedente, de uma s\u00f3 vez, metade do sal\u00e1rio recebido pelo respectivo empregado no m\u00eas anterior.<\/em><\/p>\r\n<p><em>\u00a7 1\u00ba &#8211; O empregador n\u00e3o estar\u00e1 obrigado a pagar o adiantamento, no mesmo m\u00eas, a todos os seus empregados.<\/em><\/p>\r\n<p><em>\u00a7 2\u00ba &#8211; O adiantamento ser\u00e1 pago ao ensejo das f\u00e9rias do empregado, sempre que este o requerer no m\u00eas de janeiro do correspondente ano.<\/em><\/p>\r\n<p><em>Art. 3\u00ba &#8211; Ocorrendo a extin\u00e7\u00e3o do contrato de trabalho antes do pagamento de que trata o Art. 1\u00ba desta Lei, o empregador poder\u00e1 compensar o adiantamento mencionado com a gratifica\u00e7\u00e3o devida nos termos do Art. 3\u00ba da Lei n\u00famero 4.090, de 13 de julho de 1962, e, se n\u00e3o bastar, com outro cr\u00e9dito de natureza trabalhista que possua o respectivo empregado.<\/em><\/p>\r\n<p><em>Art. 4\u00ba &#8211; As contribui\u00e7\u00f5es devidas ao Instituto Nacional de Previd\u00eancia Social, que incidem sobre a gratifica\u00e7\u00e3o salarial referida nesta Lei, ficam sujeitas ao limite estabelecido na legisla\u00e7\u00e3o da Previd\u00eancia Social.<\/em><\/p>\r\n<p><em>Art. 5 &#8211; Aplica-se, no corrente ano, a regra estatu\u00edda no Art. 2\u00ba desta Lei, podendo o empregado usar da faculdade estatu\u00edda no seu \u00a7 2\u00ba no curso dos primeiros 30 (trinta) dias de vig\u00eancia desta Lei.<\/em><\/p>\r\n<p><em>Art. 6\u00ba &#8211; O Poder Executivo, no prazo de 30 (trinta) dias, adaptar\u00e1 o Regulamento aprovado pelo Decreto n\u00famero 1.881, de 14 de dezembro de 1962, aos preceitos desta Lei.<\/em><\/p>\r\n<p><em>Art. 7\u00ba &#8211; Esta Lei entra em vigor na data de sua publica\u00e7\u00e3o.<\/em><\/p>\r\n<p><em>Art. 8\u00ba &#8211; Revogam-se as disposi\u00e7\u00f5es em contr\u00e1rio.<\/em><\/p>\r\n<\/blockquote>\r\n\r\n\r\n\r\n<h2 class=\"wp-block-heading\">Quando pode ocorrer a solicita\u00e7\u00e3o da 1\u00aa parcelo do 13\u00ba em car\u00e1ter adiantado?<\/h2>\r\n\r\n\r\n\r\n<p>Agora que voc\u00ea j\u00e1 conhece a legisla\u00e7\u00e3o no que se refere ao d\u00e9cimo terceiro sal\u00e1rio anual \u00e9 chegado o momento de vermos, em maiores detalhes, o que fazer em caso de solicita\u00e7\u00e3o da 1\u00aa parcela do 13\u00ba em car\u00e1ter adiantado.<\/p>\r\n\r\n\r\n\r\n<p>A Lei n\u00ba 4.749\/65, apresentada no t\u00f3pico acima, \u00e9 a respons\u00e1vel por prever as \u00e9pocas de pagamento do d\u00e9cimo terceiro sal\u00e1rio. Nela esta prevista a <strong>possibilidade de adiantamento do pagamento da primeira parcela do sal\u00e1rio extra conjuntamente ao pagamento do per\u00edodo de descanso anual<\/strong>.<\/p>\r\n\r\n\r\n\r\n<p>O par\u00e1grafo 2\u00ba do artigo 2\u00ba da Lei \u00e9 claro ao apontar que <strong>sempre que o empregado requerer o adiantamento da parcela junto \u00e0s f\u00e9rias lhe ser\u00e1 devido esse pagamento<\/strong>.<\/p>\r\n<p>Portanto, a empresa tem a obrigatoriedade de conceder o adiantamento da 1\u00aa parcela do 13\u00ba sal\u00e1rio quando o colaborador fizer a solicita\u00e7\u00e3o para receber o benef\u00edcio junto as suas f\u00e9rias.<\/p>\r\n<p><span data-sheets-value=\"{&quot;1&quot;:2,&quot;2&quot;:&quot;\n\t\t&lt;!--HubSpot Call-to-Action Code --&gt;\n\t\t&lt;span class=&quot;hs-cta-wrapper&quot; id=&quot;hs-cta-wrapper-ec397c35-df8c-47f2-ac98-58378522ad1f&quot;&gt;\n\t\t&lt;span class=&quot;hs-cta-node hs-cta-ec397c35-df8c-47f2-ac98-58378522ad1f&quot; id=&quot;ec397c35-df8c-47f2-ac98-58378522ad1f&quot;&gt;\n\t\t&lt;!--[if lte IE 8]&gt;\n\t\t&lt;div id=&quot;hs-cta-ie-element&quot;&gt;&lt;\/div&gt;\n\t\t&lt;![endif]--&gt;\n\t\t&lt;a href=&quot;https:\/\/cta-redirect.hubspot.com\/cta\/redirect\/20984162\/ec397c35-df8c-47f2-ac98-58378522ad1f&quot; &gt;\n\t\t&lt;img class=&quot;hs-cta-img&quot; id=&quot;hs-cta-img-ec397c35-df8c-47f2-ac98-58378522ad1f&quot; style=&quot;border-width:0px;&quot; src=&quot;https:\/\/no-cache.hubspot.com\/cta\/default\/20984162\/ec397c35-df8c-47f2-ac98-58378522ad1f.png&quot;  alt=&quot;New call-to-action&quot;\/&gt;\n\t\t&lt;\/a&gt;\n\t\t&lt;\/span&gt;\n\t\t&lt;script charset=&quot;utf-8&quot; src=&quot;\/\/js.hubspot.com\/cta\/current.js&quot;&gt;&lt;\/script&gt;\n\t\t&lt;script&gt;\n\t\thbspt.cta.load(20984162, &#039;ec397c35-df8c-47f2-ac98-58378522ad1f&#039;, {});\n\t\t&lt;\/script&gt;\n\t\t&lt;\/span&gt;\n\t\t&lt;!-- end HubSpot Call-to-Action Code --&gt;\n\t\t&quot;}\" data-sheets-userformat=\"{&quot;2&quot;:9089,&quot;3&quot;:{&quot;1&quot;:0},&quot;10&quot;:1,&quot;11&quot;:4,&quot;12&quot;:0,&quot;16&quot;:9}\">\n\t\t<!--HubSpot Call-to-Action Code -->\n\t\t<span class=\"hs-cta-wrapper\" id=\"hs-cta-wrapper-ec397c35-df8c-47f2-ac98-58378522ad1f\">\n\t\t<span class=\"hs-cta-node hs-cta-ec397c35-df8c-47f2-ac98-58378522ad1f\" id=\"ec397c35-df8c-47f2-ac98-58378522ad1f\">\n\t\t<!--[if lte IE 8]>\n\t\t<div id=\"hs-cta-ie-element\"><\/div>\n\t\t<![endif]-->\n\t\t<a href=\"https:\/\/cta-redirect.hubspot.com\/cta\/redirect\/20984162\/ec397c35-df8c-47f2-ac98-58378522ad1f\" >\n\t\t<img decoding=\"async\" class=\"hs-cta-img\" id=\"hs-cta-img-ec397c35-df8c-47f2-ac98-58378522ad1f\" style=\"border-width:0px;\" src=\"https:\/\/no-cache.hubspot.com\/cta\/default\/20984162\/ec397c35-df8c-47f2-ac98-58378522ad1f.png\"  alt=\"New call-to-action\"\/>\n\t\t<\/a>\n\t\t<\/span>\n\t\t<script charset=\"utf-8\" src=\"\/\/js.hubspot.com\/cta\/current.js\"><\/script>\n\t\t<script>\n\t\thbspt.cta.load(20984162, 'ec397c35-df8c-47f2-ac98-58378522ad1f', {});\n\t\t<\/script>\n\t\t<\/span>\n\t\t<!-- end HubSpot Call-to-Action Code -->\n\t\t<\/span><\/p>\r\n\r\n\r\n\r\n<h3 class=\"wp-block-heading\">Quando o pagamento do adiantamento de 13\u00ba sal\u00e1rio deve ser feito junto \u00e0 quita\u00e7\u00e3o das f\u00e9rias anuais?<\/h3>\r\n\r\n\r\n\r\n<p>Sempre que o empregado se manifestar em favor do pagamento da gratifica\u00e7\u00e3o junto \u00e0s f\u00e9rias.<\/p>\r\n\r\n\r\n\r\n<h3 class=\"wp-block-heading\">O empregador \u00e9 obrigado a pagar esse adiantamento na data de f\u00e9rias?<\/h3>\r\n\r\n\r\n\r\n<p>Apenas quando o empregado fizer o requerimento desse adiantamento em coincid\u00eancia \u00e0s f\u00e9rias. Caso n\u00e3o requeira, n\u00e3o \u00e9 necess\u00e1rio. No caso de solicita\u00e7\u00e3o n\u00e3o \u00e9 poss\u00edvel que a empresa negue esse pagamento.<\/p>\r\n\r\n\r\n\r\n<h3 class=\"wp-block-heading\">O que pode ocorrer \u00e0 empresa que se negar a solicita\u00e7\u00e3o da 1\u00aa parcela do 13\u00ba de forma adiantada?<\/h3>\r\n\r\n\r\n\r\n<p>Quando a empresa se nega a cumprir com a disposi\u00e7\u00e3o legal sobre a possibilidade de adiantamento do 13\u00ba sal\u00e1rio junto \u00e0s f\u00e9rias ela se coloca em perigo de condena\u00e7\u00e3o futura em a\u00e7\u00e3o judicial trabalhista.<\/p>\r\n","protected":false},"excerpt":{"rendered":"<p>Descubra qual \u00e9 a ocasi\u00e3o que possibilita ao empregado a solicita\u00e7\u00e3o da 1\u00aa parcela do 13\u00ba sal\u00e1rio de maneira adiantada. O 13\u00ba sal\u00e1rio \u00e9 um direito de todos os trabalhadores formais brasileiros e corresponde ao pagamento da remunera\u00e7\u00e3o de um sal\u00e1rio adicional ao empregado que completa 12 meses de presta\u00e7\u00e3o de servi\u00e7os para uma empresa [&hellip;]<\/p>\n","protected":false},"author":11,"featured_media":35025,"comment_status":"closed","ping_status":"open","sticky":false,"template":"","format":"standard","meta":{"content-type":"","footnotes":""},"categories":[225],"tags":[16395,258,2067],"yoast_head":"<!-- This site is optimized with the Yoast SEO Premium plugin v22.2 (Yoast SEO v22.2) - https:\/\/yoast.com\/wordpress\/plugins\/seo\/ -->\n<title>Solicita\u00e7\u00e3o da 1\u00aa parcela do 13\u00ba: o andiantamento \u00e9 obrigat\u00f3rio? - Oitchau<\/title>\n<meta name=\"description\" content=\"Saiba quando a solicita\u00e7\u00e3o da 1\u00aa parcela do 13\u00ba sal\u00e1rio pode ser feita pelo colaborador, tendo a empresa a obriga\u00e7\u00e3o de pagar o beneficio adiantadamente.\" \/>\n<meta name=\"robots\" content=\"index, follow, max-snippet:-1, max-image-preview:large, max-video-preview:-1\" \/>\n<link rel=\"canonical\" href=\"https:\/\/www.oitchau.com.br\/blog\/13o-salario-solicitacao-da-1a-parcela-por-ocasiao-de-ferias\/\" \/>\n<meta property=\"og:locale\" content=\"pt_BR\" \/>\n<meta property=\"og:type\" content=\"article\" \/>\n<meta property=\"og:title\" content=\"Solicita\u00e7\u00e3o da 1\u00aa parcela do 13\u00b0: quando o empregador \u00e9 obrigado a adiantar o benef\u00edcio?\" \/>\n<meta property=\"og:description\" content=\"Saiba quando a solicita\u00e7\u00e3o da 1\u00aa parcela do 13\u00ba sal\u00e1rio pode ser feita pelo colaborador, tendo a empresa a obriga\u00e7\u00e3o de pagar o beneficio adiantadamente.\" \/>\n<meta property=\"og:url\" content=\"https:\/\/www.oitchau.com.br\/blog\/13o-salario-solicitacao-da-1a-parcela-por-ocasiao-de-ferias\/\" \/>\n<meta property=\"og:site_name\" content=\"Controle de Ponto &amp; Timesheets\" \/>\n<meta property=\"article:publisher\" content=\"https:\/\/www.facebook.com\/oitchaubr\/\" \/>\n<meta property=\"article:published_time\" content=\"2020-08-25T19:57:57+00:00\" \/>\n<meta property=\"article:modified_time\" content=\"2024-07-29T00:56:43+00:00\" \/>\n<meta property=\"og:image\" content=\"https:\/\/storage.googleapis.com\/oitchaublog\/2020\/08\/12d03f97-solicitacao-da-1a-parcela-do-13o.png\" \/>\n\t<meta property=\"og:image:width\" content=\"1982\" \/>\n\t<meta property=\"og:image:height\" content=\"800\" \/>\n\t<meta property=\"og:image:type\" content=\"image\/png\" \/>\n<meta name=\"author\" content=\"Aline Mesquita\" \/>\n<meta name=\"twitter:card\" content=\"summary_large_image\" \/>\n<meta name=\"twitter:creator\" content=\"@oitchaubr\" \/>\n<meta name=\"twitter:site\" content=\"@oitchaubr\" \/>\n<meta name=\"twitter:label1\" content=\"Written by\" \/>\n\t<meta name=\"twitter:data1\" content=\"Aline Mesquita\" \/>\n\t<meta name=\"twitter:label2\" content=\"Est. reading time\" \/>\n\t<meta name=\"twitter:data2\" content=\"4 minutos\" \/>\n<script type=\"application\/ld+json\" class=\"yoast-schema-graph\">{\"@context\":\"https:\/\/schema.org\",\"@graph\":[{\"@type\":[\"Article\",\"BlogPosting\"],\"@id\":\"https:\/\/www.oitchau.com.br\/blog\/13o-salario-solicitacao-da-1a-parcela-por-ocasiao-de-ferias\/#article\",\"isPartOf\":{\"@id\":\"https:\/\/www.oitchau.com.br\/blog\/13o-salario-solicitacao-da-1a-parcela-por-ocasiao-de-ferias\/\"},\"author\":{\"name\":\"Aline Mesquita\",\"@id\":\"https:\/\/www.oitchau.com.br\/blog\/#\/schema\/person\/40ba65f8664531ffe1465f6cb9d82430\"},\"headline\":\"Solicita\u00e7\u00e3o da 1\u00aa parcela do 13\u00b0: quando o empregador \u00e9 obrigado a adiantar o benef\u00edcio?\",\"datePublished\":\"2020-08-25T19:57:57+00:00\",\"dateModified\":\"2024-07-29T00:56:43+00:00\",\"mainEntityOfPage\":{\"@id\":\"https:\/\/www.oitchau.com.br\/blog\/13o-salario-solicitacao-da-1a-parcela-por-ocasiao-de-ferias\/\"},\"wordCount\":1200,\"publisher\":{\"@id\":\"https:\/\/www.oitchau.com.br\/blog\/#organization\"},\"image\":{\"@id\":\"https:\/\/www.oitchau.com.br\/blog\/13o-salario-solicitacao-da-1a-parcela-por-ocasiao-de-ferias\/#primaryimage\"},\"thumbnailUrl\":\"https:\/\/storage.googleapis.com\/oitchaublog\/2020\/08\/12d03f97-solicitacao-da-1a-parcela-do-13o.png\",\"keywords\":[\"13\u00ba sal\u00e1rio\",\"CLT\",\"leis trabalhistas\"],\"articleSection\":[\"Leis\"],\"inLanguage\":\"pt-BR\"},{\"@type\":\"WebPage\",\"@id\":\"https:\/\/www.oitchau.com.br\/blog\/13o-salario-solicitacao-da-1a-parcela-por-ocasiao-de-ferias\/\",\"url\":\"https:\/\/www.oitchau.com.br\/blog\/13o-salario-solicitacao-da-1a-parcela-por-ocasiao-de-ferias\/\",\"name\":\"Solicita\u00e7\u00e3o da 1\u00aa parcela do 13\u00ba: o andiantamento \u00e9 obrigat\u00f3rio? - Oitchau\",\"isPartOf\":{\"@id\":\"https:\/\/www.oitchau.com.br\/blog\/#website\"},\"primaryImageOfPage\":{\"@id\":\"https:\/\/www.oitchau.com.br\/blog\/13o-salario-solicitacao-da-1a-parcela-por-ocasiao-de-ferias\/#primaryimage\"},\"image\":{\"@id\":\"https:\/\/www.oitchau.com.br\/blog\/13o-salario-solicitacao-da-1a-parcela-por-ocasiao-de-ferias\/#primaryimage\"},\"thumbnailUrl\":\"https:\/\/storage.googleapis.com\/oitchaublog\/2020\/08\/12d03f97-solicitacao-da-1a-parcela-do-13o.png\",\"datePublished\":\"2020-08-25T19:57:57+00:00\",\"dateModified\":\"2024-07-29T00:56:43+00:00\",\"description\":\"Saiba quando a solicita\u00e7\u00e3o da 1\u00aa parcela do 13\u00ba sal\u00e1rio pode ser feita pelo colaborador, tendo a empresa a obriga\u00e7\u00e3o de pagar o beneficio adiantadamente.\",\"breadcrumb\":{\"@id\":\"https:\/\/www.oitchau.com.br\/blog\/13o-salario-solicitacao-da-1a-parcela-por-ocasiao-de-ferias\/#breadcrumb\"},\"inLanguage\":\"pt-BR\",\"potentialAction\":[{\"@type\":\"ReadAction\",\"target\":[\"https:\/\/www.oitchau.com.br\/blog\/13o-salario-solicitacao-da-1a-parcela-por-ocasiao-de-ferias\/\"]}]},{\"@type\":\"ImageObject\",\"inLanguage\":\"pt-BR\",\"@id\":\"https:\/\/www.oitchau.com.br\/blog\/13o-salario-solicitacao-da-1a-parcela-por-ocasiao-de-ferias\/#primaryimage\",\"url\":\"https:\/\/storage.googleapis.com\/oitchaublog\/2020\/08\/12d03f97-solicitacao-da-1a-parcela-do-13o.png\",\"contentUrl\":\"https:\/\/storage.googleapis.com\/oitchaublog\/2020\/08\/12d03f97-solicitacao-da-1a-parcela-do-13o.png\",\"width\":1982,\"height\":800,\"caption\":\"solicita\u00e7\u00e3o da 1\u00aa parcela do 13\u00ba\"},{\"@type\":\"BreadcrumbList\",\"@id\":\"https:\/\/www.oitchau.com.br\/blog\/13o-salario-solicitacao-da-1a-parcela-por-ocasiao-de-ferias\/#breadcrumb\",\"itemListElement\":[{\"@type\":\"ListItem\",\"position\":1,\"name\":\"Blog\",\"item\":\"https:\/\/www.oitchau.com.br\/blog\/\"},{\"@type\":\"ListItem\",\"position\":2,\"name\":\"Solicita\u00e7\u00e3o da 1\u00aa parcela do 13\u00b0: quando o empregador \u00e9 obrigado a adiantar o benef\u00edcio?\"}]},{\"@type\":\"WebSite\",\"@id\":\"https:\/\/www.oitchau.com.br\/blog\/#website\",\"url\":\"https:\/\/www.oitchau.com.br\/blog\/\",\"name\":\"Controle de Ponto & Timesheets\",\"description\":\"\",\"publisher\":{\"@id\":\"https:\/\/www.oitchau.com.br\/blog\/#organization\"},\"potentialAction\":[{\"@type\":\"SearchAction\",\"target\":{\"@type\":\"EntryPoint\",\"urlTemplate\":\"https:\/\/www.oitchau.com.br\/blog\/?s={search_term_string}\"},\"query-input\":\"required name=search_term_string\"}],\"inLanguage\":\"pt-BR\"},{\"@type\":\"Organization\",\"@id\":\"https:\/\/www.oitchau.com.br\/blog\/#organization\",\"name\":\"Oitchau\",\"url\":\"https:\/\/www.oitchau.com.br\/blog\/\",\"logo\":{\"@type\":\"ImageObject\",\"inLanguage\":\"pt-BR\",\"@id\":\"https:\/\/www.oitchau.com.br\/blog\/#\/schema\/logo\/image\/\",\"url\":\"https:\/\/storage.googleapis.com\/oitchaublog\/2024\/03\/a0e65c6f-design-sem-nome-20.png\",\"contentUrl\":\"https:\/\/storage.googleapis.com\/oitchaublog\/2024\/03\/a0e65c6f-design-sem-nome-20.png\",\"width\":696,\"height\":696,\"caption\":\"Oitchau\"},\"image\":{\"@id\":\"https:\/\/www.oitchau.com.br\/blog\/#\/schema\/logo\/image\/\"},\"sameAs\":[\"https:\/\/www.facebook.com\/oitchaubr\/\",\"https:\/\/twitter.com\/oitchaubr\",\"https:\/\/instagram.com\/oitchaubr\"],\"description\":\"A Oitchau \u00e9 uma solu\u00e7\u00e3o completa para gest\u00e3o de tempo dos colaboradores, atrav\u00e9s de suas solu\u00e7\u00f5es de controle de ponto & timesheets, ela permite que gestores, RH e DP possam gerenciar desde a jornada de trabalho de funcion\u00e1rios at\u00e9 a gest\u00e3o de tempo em projetos. Elevando o n\u00edvel estrat\u00e9gico do neg\u00f3cio de forma inteligente e assertiva, potencializando seus resultados e garantindo compliance com a Lei.\",\"email\":\"contato@oitchau.com.br\",\"telephone\":\"+551142102846\",\"foundingDate\":\"2016-01-01\",\"numberOfEmployees\":{\"@type\":\"QuantitativeValue\",\"minValue\":\"51\",\"maxValue\":\"200\"}},{\"@type\":\"Person\",\"@id\":\"https:\/\/www.oitchau.com.br\/blog\/#\/schema\/person\/40ba65f8664531ffe1465f6cb9d82430\",\"name\":\"Aline Mesquita\",\"url\":\"https:\/\/www.oitchau.com.br\/blog\/author\/aline\/\"}]}<\/script>\n<!-- \/ Yoast SEO Premium plugin. -->","yoast_head_json":{"title":"Solicita\u00e7\u00e3o da 1\u00aa parcela do 13\u00ba: o andiantamento \u00e9 obrigat\u00f3rio? - Oitchau","description":"Saiba quando a solicita\u00e7\u00e3o da 1\u00aa parcela do 13\u00ba sal\u00e1rio pode ser feita pelo colaborador, tendo a empresa a obriga\u00e7\u00e3o de pagar o beneficio adiantadamente.","robots":{"index":"index","follow":"follow","max-snippet":"max-snippet:-1","max-image-preview":"max-image-preview:large","max-video-preview":"max-video-preview:-1"},"canonical":"https:\/\/www.oitchau.com.br\/blog\/13o-salario-solicitacao-da-1a-parcela-por-ocasiao-de-ferias\/","og_locale":"pt_BR","og_type":"article","og_title":"Solicita\u00e7\u00e3o da 1\u00aa parcela do 13\u00b0: quando o empregador \u00e9 obrigado a adiantar o benef\u00edcio?","og_description":"Saiba quando a solicita\u00e7\u00e3o da 1\u00aa parcela do 13\u00ba sal\u00e1rio pode ser feita pelo colaborador, tendo a empresa a obriga\u00e7\u00e3o de pagar o beneficio adiantadamente.","og_url":"https:\/\/www.oitchau.com.br\/blog\/13o-salario-solicitacao-da-1a-parcela-por-ocasiao-de-ferias\/","og_site_name":"Controle de Ponto &amp; Timesheets","article_publisher":"https:\/\/www.facebook.com\/oitchaubr\/","article_published_time":"2020-08-25T19:57:57+00:00","article_modified_time":"2024-07-29T00:56:43+00:00","og_image":[{"width":1982,"height":800,"url":"https:\/\/storage.googleapis.com\/oitchaublog\/2020\/08\/12d03f97-solicitacao-da-1a-parcela-do-13o.png","type":"image\/png"}],"author":"Aline Mesquita","twitter_card":"summary_large_image","twitter_creator":"@oitchaubr","twitter_site":"@oitchaubr","twitter_misc":{"Written by":"Aline Mesquita","Est. reading time":"4 minutos"},"schema":{"@context":"https:\/\/schema.org","@graph":[{"@type":["Article","BlogPosting"],"@id":"https:\/\/www.oitchau.com.br\/blog\/13o-salario-solicitacao-da-1a-parcela-por-ocasiao-de-ferias\/#article","isPartOf":{"@id":"https:\/\/www.oitchau.com.br\/blog\/13o-salario-solicitacao-da-1a-parcela-por-ocasiao-de-ferias\/"},"author":{"name":"Aline Mesquita","@id":"https:\/\/www.oitchau.com.br\/blog\/#\/schema\/person\/40ba65f8664531ffe1465f6cb9d82430"},"headline":"Solicita\u00e7\u00e3o da 1\u00aa parcela do 13\u00b0: quando o empregador \u00e9 obrigado a adiantar o benef\u00edcio?","datePublished":"2020-08-25T19:57:57+00:00","dateModified":"2024-07-29T00:56:43+00:00","mainEntityOfPage":{"@id":"https:\/\/www.oitchau.com.br\/blog\/13o-salario-solicitacao-da-1a-parcela-por-ocasiao-de-ferias\/"},"wordCount":1200,"publisher":{"@id":"https:\/\/www.oitchau.com.br\/blog\/#organization"},"image":{"@id":"https:\/\/www.oitchau.com.br\/blog\/13o-salario-solicitacao-da-1a-parcela-por-ocasiao-de-ferias\/#primaryimage"},"thumbnailUrl":"https:\/\/storage.googleapis.com\/oitchaublog\/2020\/08\/12d03f97-solicitacao-da-1a-parcela-do-13o.png","keywords":["13\u00ba sal\u00e1rio","CLT","leis trabalhistas"],"articleSection":["Leis"],"inLanguage":"pt-BR"},{"@type":"WebPage","@id":"https:\/\/www.oitchau.com.br\/blog\/13o-salario-solicitacao-da-1a-parcela-por-ocasiao-de-ferias\/","url":"https:\/\/www.oitchau.com.br\/blog\/13o-salario-solicitacao-da-1a-parcela-por-ocasiao-de-ferias\/","name":"Solicita\u00e7\u00e3o da 1\u00aa parcela do 13\u00ba: o andiantamento \u00e9 obrigat\u00f3rio? - Oitchau","isPartOf":{"@id":"https:\/\/www.oitchau.com.br\/blog\/#website"},"primaryImageOfPage":{"@id":"https:\/\/www.oitchau.com.br\/blog\/13o-salario-solicitacao-da-1a-parcela-por-ocasiao-de-ferias\/#primaryimage"},"image":{"@id":"https:\/\/www.oitchau.com.br\/blog\/13o-salario-solicitacao-da-1a-parcela-por-ocasiao-de-ferias\/#primaryimage"},"thumbnailUrl":"https:\/\/storage.googleapis.com\/oitchaublog\/2020\/08\/12d03f97-solicitacao-da-1a-parcela-do-13o.png","datePublished":"2020-08-25T19:57:57+00:00","dateModified":"2024-07-29T00:56:43+00:00","description":"Saiba quando a solicita\u00e7\u00e3o da 1\u00aa parcela do 13\u00ba sal\u00e1rio pode ser feita pelo colaborador, tendo a empresa a obriga\u00e7\u00e3o de pagar o beneficio adiantadamente.","breadcrumb":{"@id":"https:\/\/www.oitchau.com.br\/blog\/13o-salario-solicitacao-da-1a-parcela-por-ocasiao-de-ferias\/#breadcrumb"},"inLanguage":"pt-BR","potentialAction":[{"@type":"ReadAction","target":["https:\/\/www.oitchau.com.br\/blog\/13o-salario-solicitacao-da-1a-parcela-por-ocasiao-de-ferias\/"]}]},{"@type":"ImageObject","inLanguage":"pt-BR","@id":"https:\/\/www.oitchau.com.br\/blog\/13o-salario-solicitacao-da-1a-parcela-por-ocasiao-de-ferias\/#primaryimage","url":"https:\/\/storage.googleapis.com\/oitchaublog\/2020\/08\/12d03f97-solicitacao-da-1a-parcela-do-13o.png","contentUrl":"https:\/\/storage.googleapis.com\/oitchaublog\/2020\/08\/12d03f97-solicitacao-da-1a-parcela-do-13o.png","width":1982,"height":800,"caption":"solicita\u00e7\u00e3o da 1\u00aa parcela do 13\u00ba"},{"@type":"BreadcrumbList","@id":"https:\/\/www.oitchau.com.br\/blog\/13o-salario-solicitacao-da-1a-parcela-por-ocasiao-de-ferias\/#breadcrumb","itemListElement":[{"@type":"ListItem","position":1,"name":"Blog","item":"https:\/\/www.oitchau.com.br\/blog\/"},{"@type":"ListItem","position":2,"name":"Solicita\u00e7\u00e3o da 1\u00aa parcela do 13\u00b0: quando o empregador \u00e9 obrigado a adiantar o benef\u00edcio?"}]},{"@type":"WebSite","@id":"https:\/\/www.oitchau.com.br\/blog\/#website","url":"https:\/\/www.oitchau.com.br\/blog\/","name":"Controle de Ponto & Timesheets","description":"","publisher":{"@id":"https:\/\/www.oitchau.com.br\/blog\/#organization"},"potentialAction":[{"@type":"SearchAction","target":{"@type":"EntryPoint","urlTemplate":"https:\/\/www.oitchau.com.br\/blog\/?s={search_term_string}"},"query-input":"required name=search_term_string"}],"inLanguage":"pt-BR"},{"@type":"Organization","@id":"https:\/\/www.oitchau.com.br\/blog\/#organization","name":"Oitchau","url":"https:\/\/www.oitchau.com.br\/blog\/","logo":{"@type":"ImageObject","inLanguage":"pt-BR","@id":"https:\/\/www.oitchau.com.br\/blog\/#\/schema\/logo\/image\/","url":"https:\/\/storage.googleapis.com\/oitchaublog\/2024\/03\/a0e65c6f-design-sem-nome-20.png","contentUrl":"https:\/\/storage.googleapis.com\/oitchaublog\/2024\/03\/a0e65c6f-design-sem-nome-20.png","width":696,"height":696,"caption":"Oitchau"},"image":{"@id":"https:\/\/www.oitchau.com.br\/blog\/#\/schema\/logo\/image\/"},"sameAs":["https:\/\/www.facebook.com\/oitchaubr\/","https:\/\/twitter.com\/oitchaubr","https:\/\/instagram.com\/oitchaubr"],"description":"A Oitchau \u00e9 uma solu\u00e7\u00e3o completa para gest\u00e3o de tempo dos colaboradores, atrav\u00e9s de suas solu\u00e7\u00f5es de controle de ponto & timesheets, ela permite que gestores, RH e DP possam gerenciar desde a jornada de trabalho de funcion\u00e1rios at\u00e9 a gest\u00e3o de tempo em projetos. Elevando o n\u00edvel estrat\u00e9gico do neg\u00f3cio de forma inteligente e assertiva, potencializando seus resultados e garantindo compliance com a Lei.","email":"contato@oitchau.com.br","telephone":"+551142102846","foundingDate":"2016-01-01","numberOfEmployees":{"@type":"QuantitativeValue","minValue":"51","maxValue":"200"}},{"@type":"Person","@id":"https:\/\/www.oitchau.com.br\/blog\/#\/schema\/person\/40ba65f8664531ffe1465f6cb9d82430","name":"Aline Mesquita","url":"https:\/\/www.oitchau.com.br\/blog\/author\/aline\/"}]}},"_links":{"self":[{"href":"https:\/\/www.oitchau.com.br\/blog\/wp-json\/wp\/v2\/posts\/11796"}],"collection":[{"href":"https:\/\/www.oitchau.com.br\/blog\/wp-json\/wp\/v2\/posts"}],"about":[{"href":"https:\/\/www.oitchau.com.br\/blog\/wp-json\/wp\/v2\/types\/post"}],"author":[{"embeddable":true,"href":"https:\/\/www.oitchau.com.br\/blog\/wp-json\/wp\/v2\/users\/11"}],"replies":[{"embeddable":true,"href":"https:\/\/www.oitchau.com.br\/blog\/wp-json\/wp\/v2\/comments?post=11796"}],"version-history":[{"count":3,"href":"https:\/\/www.oitchau.com.br\/blog\/wp-json\/wp\/v2\/posts\/11796\/revisions"}],"predecessor-version":[{"id":35026,"href":"https:\/\/www.oitchau.com.br\/blog\/wp-json\/wp\/v2\/posts\/11796\/revisions\/35026"}],"wp:featuredmedia":[{"embeddable":true,"href":"https:\/\/www.oitchau.com.br\/blog\/wp-json\/wp\/v2\/media\/35025"}],"wp:attachment":[{"href":"https:\/\/www.oitchau.com.br\/blog\/wp-json\/wp\/v2\/media?parent=11796"}],"wp:term":[{"taxonomy":"category","embeddable":true,"href":"https:\/\/www.oitchau.com.br\/blog\/wp-json\/wp\/v2\/categories?post=11796"},{"taxonomy":"post_tag","embeddable":true,"href":"https:\/\/www.oitchau.com.br\/blog\/wp-json\/wp\/v2\/tags?post=11796"}],"curies":[{"name":"wp","href":"https:\/\/api.w.org\/{rel}","templated":true}]}}