{"id":11740,"date":"2020-08-24T21:53:19","date_gmt":"2020-08-24T18:53:19","guid":{"rendered":"https:\/\/www.oitchau.com.br\/blog\/?p=11740"},"modified":"2024-07-29T03:44:16","modified_gmt":"2024-07-29T00:44:16","slug":"contribuicao-confederativa-sindical-o-que-e-e-como-funciona","status":"publish","type":"post","link":"https:\/\/www.oitchau.com.br\/blog\/contribuicao-confederativa-sindical-o-que-e-e-como-funciona\/","title":{"rendered":"Contribui\u00e7\u00e3o Confederativa Sindical: O que \u00e9 e como funciona?"},"content":{"rendered":"\r\n<p>Existem diversas verbas que s\u00e3o previstas na Consolida\u00e7\u00e3o das Leis do Trabalho (CLT) e que dizem respeito aos sindicatos, dentre elas est\u00e1 a contribui\u00e7\u00e3o confederativa. Que \u00e9 muito confundida com as <a target=\"_blank\" href=\"https:\/\/www.oitchau.com.br\/blog\/contribuicao-assistencial-confira-agora-os-principais-detalhes\/\" rel=\"noopener\">contribui\u00e7\u00f5es do tipo assistencial<\/a> e sindical (chamado tamb\u00e9m de imposto sindical).<\/p>\r\n\r\n\r\n\r\n<p>\u00c9 obriga\u00e7\u00e3o das empresas saber exatamente como se deve lidar com esse tipo de pagamento que decorre do desconto salarial do empregado para repasse do valor aos sindicatos. Com as altera\u00e7\u00f5es legais ocorridas em 2017 a legisla\u00e7\u00e3o do trabalho mudou a forma de lidar com essas contribui\u00e7\u00f5es.<\/p>\r\n<p><span data-sheets-value=\"{&quot;1&quot;:2,&quot;2&quot;:&quot;\n\t\t&lt;!--HubSpot Call-to-Action Code --&gt;\n\t\t&lt;span class=&quot;hs-cta-wrapper&quot; id=&quot;hs-cta-wrapper-6acdca5c-9f99-442a-86c3-8dc79fc2915e&quot;&gt;\n\t\t&lt;span class=&quot;hs-cta-node hs-cta-6acdca5c-9f99-442a-86c3-8dc79fc2915e&quot; id=&quot;6acdca5c-9f99-442a-86c3-8dc79fc2915e&quot;&gt;\n\t\t&lt;!--[if lte IE 8]&gt;\n\t\t&lt;div id=&quot;hs-cta-ie-element&quot;&gt;&lt;\/div&gt;\n\t\t&lt;![endif]--&gt;\n\t\t&lt;a href=&quot;https:\/\/cta-redirect.hubspot.com\/cta\/redirect\/20984162\/6acdca5c-9f99-442a-86c3-8dc79fc2915e&quot; &gt;\n\t\t&lt;img class=&quot;hs-cta-img&quot; id=&quot;hs-cta-img-6acdca5c-9f99-442a-86c3-8dc79fc2915e&quot; style=&quot;border-width:0px;&quot; src=&quot;https:\/\/no-cache.hubspot.com\/cta\/default\/20984162\/6acdca5c-9f99-442a-86c3-8dc79fc2915e.png&quot;  alt=&quot;New call-to-action&quot;\/&gt;\n\t\t&lt;\/a&gt;\n\t\t&lt;\/span&gt;\n\t\t&lt;script charset=&quot;utf-8&quot; src=&quot;\/\/js.hubspot.com\/cta\/current.js&quot;&gt;&lt;\/script&gt;\n\t\t&lt;script&gt;\n\t\thbspt.cta.load(20984162, &#039;6acdca5c-9f99-442a-86c3-8dc79fc2915e&#039;, {});\n\t\t&lt;\/script&gt;\n\t\t&lt;\/span&gt;\n\t\t&lt;!-- end HubSpot Call-to-Action Code --&gt;\n\t\t&quot;}\" data-sheets-userformat=\"{&quot;2&quot;:897,&quot;3&quot;:{&quot;1&quot;:0},&quot;10&quot;:1,&quot;11&quot;:4,&quot;12&quot;:0}\">\n\t\t<!--HubSpot Call-to-Action Code -->\n\t\t<span class=\"hs-cta-wrapper\" id=\"hs-cta-wrapper-6acdca5c-9f99-442a-86c3-8dc79fc2915e\">\n\t\t<span class=\"hs-cta-node hs-cta-6acdca5c-9f99-442a-86c3-8dc79fc2915e\" id=\"6acdca5c-9f99-442a-86c3-8dc79fc2915e\">\n\t\t<!--[if lte IE 8]>\n\t\t<div id=\"hs-cta-ie-element\"><\/div>\n\t\t<![endif]-->\n\t\t<a href=\"https:\/\/cta-redirect.hubspot.com\/cta\/redirect\/20984162\/6acdca5c-9f99-442a-86c3-8dc79fc2915e\" >\n\t\t<img decoding=\"async\" class=\"hs-cta-img\" id=\"hs-cta-img-6acdca5c-9f99-442a-86c3-8dc79fc2915e\" style=\"border-width:0px;\" src=\"https:\/\/no-cache.hubspot.com\/cta\/default\/20984162\/6acdca5c-9f99-442a-86c3-8dc79fc2915e.png\"  alt=\"New call-to-action\"\/>\n\t\t<\/a>\n\t\t<\/span>\n\t\t<script charset=\"utf-8\" src=\"\/\/js.hubspot.com\/cta\/current.js\"><\/script>\n\t\t<script>\n\t\thbspt.cta.load(20984162, '6acdca5c-9f99-442a-86c3-8dc79fc2915e', {});\n\t\t<\/script>\n\t\t<\/span>\n\t\t<!-- end HubSpot Call-to-Action Code -->\n\t\t<\/span><\/p>\r\n\r\n\r\n\r\n<p>Entenda como funcionam o pagamento dessas contribui\u00e7\u00f5es, em especial a confederativa, e garanta que sua empresa esteja seguindo as previs\u00f5es legais corretamente, evitando problemas futuros com a Justi\u00e7a do Trabalho.<\/p>\r\n\r\n\r\n\r\n<h2 class=\"wp-block-heading\">Quem \u00e9 atingido pela Contribui\u00e7\u00e3o Confederativa?<\/h2>\r\n\r\n\r\n\r\n<p>Os sindicatos s\u00e3o importantes entes cuja atua\u00e7\u00e3o se d\u00e1 no \u00e2mbito trabalhista. Existe tanto o sindicato patronal, que defende os interesses das empresas, quanto o dos empregados, dedicado \u00e0 prote\u00e7\u00e3o dos trabalhadores da categoria de representa\u00e7\u00e3o.<\/p>\r\n\r\n\r\n\r\n<p>A manuten\u00e7\u00e3o dessas entidades depende de uma s\u00e9rie de contribui\u00e7\u00f5es que s\u00e3o feitas pelos pr\u00f3prios empregados representados, sendo que algumas delas s\u00e3o obrigat\u00f3rias a parte dos trabalhadores enquanto outras dependem necessariamente de autoriza\u00e7\u00e3o espec\u00edfica do empregado.<\/p>\r\n\r\n\r\n\r\n<p>Para entender quem \u00e9 atingido pela Contribui\u00e7\u00e3o Confederativa \u00e9 necess\u00e1ria a an\u00e1lise da legisla\u00e7\u00e3o. Nesse cen\u00e1rio as previs\u00f5es sobre esse tipo de pagamento est\u00e3o contidas tanto na Constitui\u00e7\u00e3o Federal quanto na CLT. Confira:<\/p>\r\n\r\n\r\n\r\n<ul>\r\n<li>\r\n<h3><strong><a target=\"_blank\" href=\"http:\/\/www.planalto.gov.br\/ccivil_03\/constituicao\/constituicao.htm\" rel=\"noopener\">Constitui\u00e7\u00e3o Federal<\/a><\/strong>:<\/h3>\r\n<\/li>\r\n<\/ul>\r\n\r\n\r\n\r\n<blockquote class=\"wp-block-quote\">\r\n<p><em>Art. 8\u00ba \u00c9 livre a associa\u00e7\u00e3o profissional ou sindical, observado o seguinte:<\/em><\/p>\r\n<p><em>I &#8211; a lei n\u00e3o poder\u00e1 exigir autoriza\u00e7\u00e3o do Estado para a funda\u00e7\u00e3o de sindicato, ressalvado o registro no \u00f3rg\u00e3o competente, vedadas ao Poder P\u00fablico a interfer\u00eancia e a interven\u00e7\u00e3o na organiza\u00e7\u00e3o sindical;<\/em><\/p>\r\n<p><em>II &#8211; \u00e9 vedada a cria\u00e7\u00e3o de mais de uma organiza\u00e7\u00e3o sindical, em qualquer grau, representativa de categoria profissional ou econ\u00f4mica, na mesma base territorial, que ser\u00e1 definida pelos trabalhadores ou empregadores interessados, n\u00e3o podendo ser inferior \u00e0 \u00e1rea de um Munic\u00edpio;<\/em><\/p>\r\n<p><em>III &#8211; ao sindicato cabe a defesa dos direitos e interesses coletivos ou individuais da categoria, inclusive em quest\u00f5es judiciais ou administrativas;<\/em><\/p>\r\n<p><em>IV &#8211; a assembleia\u00a0geral fixar\u00e1 a contribui\u00e7\u00e3o que, em se tratando de categoria profissional, ser\u00e1 descontada em <a target=\"_blank\" href=\"https:\/\/www.oitchau.com.br\/features\/punching\/\" rel=\"noopener\">folha de pagamento<\/a>, para custeio do sistema confederativo da representa\u00e7\u00e3o sindical respectiva, independentemente da contribui\u00e7\u00e3o prevista em lei;<\/em><\/p>\r\n<p><em>V &#8211; ningu\u00e9m ser\u00e1 obrigado a filiar-se ou a manter-se filiado a sindicato;<\/em><\/p>\r\n<p><em>VI &#8211; \u00e9 obrigat\u00f3ria a participa\u00e7\u00e3o dos sindicatos nas negocia\u00e7\u00f5es coletivas de trabalho;<\/em><\/p>\r\n<p><em>VII &#8211; o aposentado filiado tem direito a votar e ser votado nas organiza\u00e7\u00f5es sindicais;<\/em><\/p>\r\n<p><em>VIII &#8211; \u00e9 vedada a dispensa do empregado sindicalizado a partir do registro da candidatura a cargo de dire\u00e7\u00e3o ou representa\u00e7\u00e3o sindical e, se eleito, ainda que suplente, at\u00e9 um ano ap\u00f3s o final do mandato, salvo se cometer falta grave nos termos da lei.<\/em><\/p>\r\n<p><em>Par\u00e1grafo \u00fanico. As disposi\u00e7\u00f5es deste artigo aplicam-se \u00e0 organiza\u00e7\u00e3o de sindicatos rurais e de col\u00f4nias de pescadores, atendidas as condi\u00e7\u00f5es que a lei estabelecer.<\/em><\/p>\r\n<\/blockquote>\r\n\r\n\r\n\r\n<ul>\r\n<li>\r\n<h3><strong>CLT<\/strong>:<\/h3>\r\n<\/li>\r\n<\/ul>\r\n\r\n\r\n\r\n<blockquote class=\"wp-block-quote\">\r\n<p><em>Art. 513. S\u00e3o prerrogativas dos sindicatos :<\/em><\/p>\r\n<p><em>a) representar, perante as autoridades administrativas e judici\u00e1rias os interesses gerais da respectiva categoria ou profiss\u00e3o liberal ou interesses individuais dos associados relativos \u00e1 atividade ou profiss\u00e3o exercida;<\/em><\/p>\r\n<p><em>b) celebrar contratos coletivos de trabalho;<\/em><\/p>\r\n<p><em>c) eleger ou designar os representantes da respectiva categoria ou profiss\u00e3o liberal;<\/em><\/p>\r\n<p><em>d) colaborar com o Estado, como org\u00e3os t\u00e9cnicos e consultivos, na estudo e solu\u00e7\u00e3o dos problemas que se relacionam com a respectiva categoria ou profiss\u00e3o liberal;<\/em><\/p>\r\n<p><em>e) impor contribui\u00e7\u00f5es a todos aqueles que participam das categorias econ\u00f4micas ou profissionais ou das profiss\u00f5es liberais representadas.<\/em><\/p>\r\n<p><em>Art. 514. S\u00e3o deveres dos sindicatos :<\/em><\/p>\r\n<p><em>a) colaborar com os poderes p\u00fablicos no desenvolvimento da solidariedade social;<\/em><\/p>\r\n<p><em>b) manter servi\u00e7os de assist\u00eancia judici\u00e1ria para os associados;<\/em><\/p>\r\n<p><em>c) promover a concilia\u00e7\u00e3o nos diss\u00eddios de trabalho.<\/em><\/p>\r\n<p><em>d) sempre que poss\u00edvel, e de acordo com as suas possibilidades, manter no seu quadro de pessoal, em conv\u00eanio com entidades assistenciais ou por conta pr\u00f3pria, um assistente social com as atribui\u00e7\u00f5es espec\u00edficas de promover a coopera\u00e7\u00e3o operacional na empresa e a integra\u00e7\u00e3o profissional na Classe. (Inclu\u00edda pela Lei n\u00ba 6.200, de 16.4.1975)<\/em><\/p>\r\n<p><em>Par\u00e1grafo \u00fanico. Os sindicatos de empregados ter\u00e3o, outrossim, o dever de :<\/em><\/p>\r\n<p><em>a) promover a funda\u00e7\u00e3o de cooperativas de consumo e de cr\u00e9dito;<\/em><\/p>\r\n<p><em>b) fundar e manter escolas do alfabetiza\u00e7\u00e3o e prevocacionais.<\/em><\/p>\r\n<p><em>(&#8230;)<\/em><\/p>\r\n<p><em>\u00a0 Art. 579.\u00a0 O desconto da contribui\u00e7\u00e3o sindical est\u00e1 condicionado \u00e0 autoriza\u00e7\u00e3o pr\u00e9via e expressa dos que participarem de uma determinada categoria econ\u00f4mica ou profissional, ou de uma profiss\u00e3o liberal, em favor do sindicato representativo da mesma categoria ou profiss\u00e3o ou, inexistindo este, na conformidade do disposto no art. 591 desta Consolida\u00e7\u00e3o.\u00a0 <\/em><\/p>\r\n<\/blockquote>\r\n\r\n\r\n\r\n<h2 class=\"wp-block-heading\">Distinguindo as contribui\u00e7\u00f5es sindicais<\/h2>\r\n\r\n\r\n\r\n<p>Existem tr\u00eas tipos de contribui\u00e7\u00f5es aos sindicatos que devem ser distinguidas. Elas n\u00e3o s\u00e3o aplic\u00e1veis a todos os trabalhadores e se destinam a fins diversos. S\u00e3o elas:<\/p>\r\n\r\n\r\n\r\n<ul>\r\n<li><strong><a target=\"_blank\" href=\"https:\/\/www.oitchau.com.br\/blog\/contribuicao-sindical\/\" rel=\"noopener\">Contribui\u00e7\u00e3o sindical<\/a>, tamb\u00e9m conhecida como imposto sindical<\/strong>: anteriormente era aplicada a todos os empregados independentemente de autoriza\u00e7\u00e3o pr\u00e9via ao desconto do valor de 01 dia de trabalho anual para contribui\u00e7\u00e3o ao sindicato. N\u00e3o depende de que o empregado seja filiado \u00e0 entidade, mas deve ter a autoriza\u00e7\u00e3o expressa do colaborador para que ocorra;<\/li>\r\n<li><strong><a target=\"_blank\" href=\"https:\/\/www.oitchau.com.br\/blog\/contribuicao-assistencial-quando-e-devido-o-desconto-salarial\/\" rel=\"noopener\">Contribui\u00e7\u00e3o assistencial<\/a><\/strong>: taxa paga pelos empregados filiados ao sindicato para auxiliar na manuten\u00e7\u00e3o da entidade enquanto ela realiza negocia\u00e7\u00f5es coletivas;<\/li>\r\n<li><strong>Contribui\u00e7\u00e3o Confederativa<\/strong>: ela \u00e9 aplic\u00e1vel apenas aos empregados filiados ao sindicato e seu valor varia, sendo definido anualmente em uma assembl\u00e9ia conforme determina a Constitui\u00e7\u00e3o Federal. Destina-se \u00e0 manuten\u00e7\u00e3o dos servi\u00e7os prestados pela entidade aos trabalhadores.<\/li>\r\n<\/ul>\r\n\r\n\r\n\r\n<h2 class=\"wp-block-heading\">Contribui\u00e7\u00e3o Confederativa: Manuten\u00e7\u00e3o da estrutura sindical<\/h2>\r\n\r\n\r\n\r\n<p>Cada um dos tipos de contribui\u00e7\u00e3o sindical se destina para um fim determinado, sendo que a do estilo confederativa pretende auxiliar na manuten\u00e7\u00e3o sindical e na presta\u00e7\u00e3o de servi\u00e7os aos trabalhadores.<\/p>\r\n<p><span data-sheets-value=\"{&quot;1&quot;:2,&quot;2&quot;:&quot;\n\t\t&lt;!--HubSpot Call-to-Action Code --&gt;\n\t\t&lt;span class=&quot;hs-cta-wrapper&quot; id=&quot;hs-cta-wrapper-6acdca5c-9f99-442a-86c3-8dc79fc2915e&quot;&gt;\n\t\t&lt;span class=&quot;hs-cta-node hs-cta-6acdca5c-9f99-442a-86c3-8dc79fc2915e&quot; id=&quot;6acdca5c-9f99-442a-86c3-8dc79fc2915e&quot;&gt;\n\t\t&lt;!--[if lte IE 8]&gt;\n\t\t&lt;div id=&quot;hs-cta-ie-element&quot;&gt;&lt;\/div&gt;\n\t\t&lt;![endif]--&gt;\n\t\t&lt;a href=&quot;https:\/\/cta-redirect.hubspot.com\/cta\/redirect\/20984162\/6acdca5c-9f99-442a-86c3-8dc79fc2915e&quot; &gt;\n\t\t&lt;img class=&quot;hs-cta-img&quot; id=&quot;hs-cta-img-6acdca5c-9f99-442a-86c3-8dc79fc2915e&quot; style=&quot;border-width:0px;&quot; src=&quot;https:\/\/no-cache.hubspot.com\/cta\/default\/20984162\/6acdca5c-9f99-442a-86c3-8dc79fc2915e.png&quot;  alt=&quot;New call-to-action&quot;\/&gt;\n\t\t&lt;\/a&gt;\n\t\t&lt;\/span&gt;\n\t\t&lt;script charset=&quot;utf-8&quot; src=&quot;\/\/js.hubspot.com\/cta\/current.js&quot;&gt;&lt;\/script&gt;\n\t\t&lt;script&gt;\n\t\thbspt.cta.load(20984162, &#039;6acdca5c-9f99-442a-86c3-8dc79fc2915e&#039;, {});\n\t\t&lt;\/script&gt;\n\t\t&lt;\/span&gt;\n\t\t&lt;!-- end HubSpot Call-to-Action Code --&gt;\n\t\t&quot;}\" data-sheets-userformat=\"{&quot;2&quot;:897,&quot;3&quot;:{&quot;1&quot;:0},&quot;10&quot;:1,&quot;11&quot;:4,&quot;12&quot;:0}\">\n\t\t<!--HubSpot Call-to-Action Code -->\n\t\t<span class=\"hs-cta-wrapper\" id=\"hs-cta-wrapper-6acdca5c-9f99-442a-86c3-8dc79fc2915e\">\n\t\t<span class=\"hs-cta-node hs-cta-6acdca5c-9f99-442a-86c3-8dc79fc2915e\" id=\"6acdca5c-9f99-442a-86c3-8dc79fc2915e\">\n\t\t<!--[if lte IE 8]>\n\t\t<div id=\"hs-cta-ie-element\"><\/div>\n\t\t<![endif]-->\n\t\t<a href=\"https:\/\/cta-redirect.hubspot.com\/cta\/redirect\/20984162\/6acdca5c-9f99-442a-86c3-8dc79fc2915e\" >\n\t\t<img decoding=\"async\" class=\"hs-cta-img\" id=\"hs-cta-img-6acdca5c-9f99-442a-86c3-8dc79fc2915e\" style=\"border-width:0px;\" src=\"https:\/\/no-cache.hubspot.com\/cta\/default\/20984162\/6acdca5c-9f99-442a-86c3-8dc79fc2915e.png\"  alt=\"New call-to-action\"\/>\n\t\t<\/a>\n\t\t<\/span>\n\t\t<script charset=\"utf-8\" src=\"\/\/js.hubspot.com\/cta\/current.js\"><\/script>\n\t\t<script>\n\t\thbspt.cta.load(20984162, '6acdca5c-9f99-442a-86c3-8dc79fc2915e', {});\n\t\t<\/script>\n\t\t<\/span>\n\t\t<!-- end HubSpot Call-to-Action Code -->\n\t\t<\/span><\/p>\r\n\r\n\r\n\r\n<p>Ela somente \u00e9 exigida daqueles empregados que s\u00e3o filiados do sindicato representativo. Sua cobran\u00e7a se justifica nos in\u00fameros servi\u00e7os que uma unidade sindical pode prestar aos trabalhadores e que nem sempre s\u00e3o vis\u00edveis num primeiro momento.<\/p>\r\n\r\n\r\n\r\n<p>Confira alguns dos servi\u00e7os que justificam o pagamento desta taxa pelos filiados sindicais \u00e0 entidade de representa\u00e7\u00e3o:<\/p>\r\n\r\n\r\n\r\n<ul>\r\n<li><strong>Representa\u00e7\u00e3o judicial<\/strong>: tanto em a\u00e7\u00f5es coletivas quanto individuais os sindicatos costumam oferecer aos seus filiados apoio jur\u00eddico com a concess\u00e3o de advogado;<\/li>\r\n<li><strong>Representa\u00e7\u00e3o coletiva<\/strong>: as conven\u00e7\u00f5es e acordos coletivos geram uma s\u00e9rie de regras que s\u00e3o aplic\u00e1veis \u00e0s categorias que est\u00e3o negociando. O papel do sindicato \u00e9 essencial nesse tipo de evento para proteger os interesses dos empregados;<\/li>\r\n<li><strong>Den\u00fancias e fiscaliza\u00e7\u00f5es<\/strong>: o sindicato tamb\u00e9m \u00e9 uma unidade que trabalha de maneira a garantir que as leis trabalhistas est\u00e3o sendo cumpridas, podendo at\u00e9 mesmo promover fiscaliza\u00e7\u00f5es e atuar junto ao Minist\u00e9rio P\u00fablico do Trabalho (MPT).<\/li>\r\n<\/ul>\r\n","protected":false},"excerpt":{"rendered":"<p>Existem diversas verbas que s\u00e3o previstas na Consolida\u00e7\u00e3o das Leis do Trabalho (CLT) e que dizem respeito aos sindicatos, dentre elas est\u00e1 a contribui\u00e7\u00e3o confederativa. Que \u00e9 muito confundida com as contribui\u00e7\u00f5es do tipo assistencial e sindical (chamado tamb\u00e9m de imposto sindical). \u00c9 obriga\u00e7\u00e3o das empresas saber exatamente como se deve lidar com esse tipo [&hellip;]<\/p>\n","protected":false},"author":11,"featured_media":35001,"comment_status":"closed","ping_status":"open","sticky":false,"template":"","format":"standard","meta":{"content-type":"","footnotes":""},"categories":[225],"tags":[16337,2067,16338],"yoast_head":"<!-- This site is optimized with the Yoast SEO Premium plugin v22.2 (Yoast SEO v22.2) - https:\/\/yoast.com\/wordpress\/plugins\/seo\/ -->\n<title>O que \u00e9 Contribui\u00e7\u00e3o Confederativa e como funciona? | Oitchau<\/title>\n<meta name=\"description\" content=\"As verbas que s\u00e3o previstas na Consolida\u00e7\u00e3o das Leis do Trabalho (CLT) e que dizem respeito aos sindicatos, dentre elas est\u00e1 a contribui\u00e7\u00e3o confederativa.\" \/>\n<meta name=\"robots\" content=\"index, follow, max-snippet:-1, max-image-preview:large, max-video-preview:-1\" \/>\n<link rel=\"canonical\" href=\"https:\/\/www.oitchau.com.br\/blog\/contribuicao-confederativa-sindical-o-que-e-e-como-funciona\/\" \/>\n<meta property=\"og:locale\" content=\"pt_BR\" \/>\n<meta property=\"og:type\" content=\"article\" \/>\n<meta property=\"og:title\" content=\"Contribui\u00e7\u00e3o Confederativa Sindical: O que \u00e9 e como funciona?\" \/>\n<meta property=\"og:description\" content=\"As verbas que s\u00e3o previstas na Consolida\u00e7\u00e3o das Leis do Trabalho (CLT) e que dizem respeito aos sindicatos, dentre elas est\u00e1 a contribui\u00e7\u00e3o confederativa.\" \/>\n<meta property=\"og:url\" content=\"https:\/\/www.oitchau.com.br\/blog\/contribuicao-confederativa-sindical-o-que-e-e-como-funciona\/\" \/>\n<meta property=\"og:site_name\" content=\"Controle de Ponto &amp; Timesheets\" \/>\n<meta property=\"article:publisher\" content=\"https:\/\/www.facebook.com\/oitchaubr\/\" \/>\n<meta property=\"article:published_time\" content=\"2020-08-24T18:53:19+00:00\" \/>\n<meta property=\"article:modified_time\" content=\"2024-07-29T00:44:16+00:00\" \/>\n<meta property=\"og:image\" content=\"https:\/\/storage.googleapis.com\/oitchaublog\/2020\/08\/216e9302-contribuicao-confederativa.png\" \/>\n\t<meta property=\"og:image:width\" content=\"1982\" \/>\n\t<meta property=\"og:image:height\" content=\"800\" \/>\n\t<meta property=\"og:image:type\" content=\"image\/png\" \/>\n<meta name=\"author\" content=\"Aline Mesquita\" \/>\n<meta name=\"twitter:card\" content=\"summary_large_image\" \/>\n<meta name=\"twitter:creator\" content=\"@oitchaubr\" \/>\n<meta name=\"twitter:site\" content=\"@oitchaubr\" \/>\n<meta name=\"twitter:label1\" content=\"Written by\" \/>\n\t<meta name=\"twitter:data1\" content=\"Aline Mesquita\" \/>\n\t<meta name=\"twitter:label2\" content=\"Est. reading time\" \/>\n\t<meta name=\"twitter:data2\" content=\"4 minutos\" \/>\n<script type=\"application\/ld+json\" class=\"yoast-schema-graph\">{\"@context\":\"https:\/\/schema.org\",\"@graph\":[{\"@type\":[\"Article\",\"BlogPosting\"],\"@id\":\"https:\/\/www.oitchau.com.br\/blog\/contribuicao-confederativa-sindical-o-que-e-e-como-funciona\/#article\",\"isPartOf\":{\"@id\":\"https:\/\/www.oitchau.com.br\/blog\/contribuicao-confederativa-sindical-o-que-e-e-como-funciona\/\"},\"author\":{\"name\":\"Aline Mesquita\",\"@id\":\"https:\/\/www.oitchau.com.br\/blog\/#\/schema\/person\/40ba65f8664531ffe1465f6cb9d82430\"},\"headline\":\"Contribui\u00e7\u00e3o Confederativa Sindical: O que \u00e9 e como funciona?\",\"datePublished\":\"2020-08-24T18:53:19+00:00\",\"dateModified\":\"2024-07-29T00:44:16+00:00\",\"mainEntityOfPage\":{\"@id\":\"https:\/\/www.oitchau.com.br\/blog\/contribuicao-confederativa-sindical-o-que-e-e-como-funciona\/\"},\"wordCount\":1245,\"publisher\":{\"@id\":\"https:\/\/www.oitchau.com.br\/blog\/#organization\"},\"image\":{\"@id\":\"https:\/\/www.oitchau.com.br\/blog\/contribuicao-confederativa-sindical-o-que-e-e-como-funciona\/#primaryimage\"},\"thumbnailUrl\":\"https:\/\/storage.googleapis.com\/oitchaublog\/2020\/08\/216e9302-contribuicao-confederativa.png\",\"keywords\":[\"contribui\u00e7\u00e3o confederativa\",\"leis trabalhistas\",\"sindicato\"],\"articleSection\":[\"Leis\"],\"inLanguage\":\"pt-BR\"},{\"@type\":\"WebPage\",\"@id\":\"https:\/\/www.oitchau.com.br\/blog\/contribuicao-confederativa-sindical-o-que-e-e-como-funciona\/\",\"url\":\"https:\/\/www.oitchau.com.br\/blog\/contribuicao-confederativa-sindical-o-que-e-e-como-funciona\/\",\"name\":\"O que \u00e9 Contribui\u00e7\u00e3o Confederativa e como funciona? | Oitchau\",\"isPartOf\":{\"@id\":\"https:\/\/www.oitchau.com.br\/blog\/#website\"},\"primaryImageOfPage\":{\"@id\":\"https:\/\/www.oitchau.com.br\/blog\/contribuicao-confederativa-sindical-o-que-e-e-como-funciona\/#primaryimage\"},\"image\":{\"@id\":\"https:\/\/www.oitchau.com.br\/blog\/contribuicao-confederativa-sindical-o-que-e-e-como-funciona\/#primaryimage\"},\"thumbnailUrl\":\"https:\/\/storage.googleapis.com\/oitchaublog\/2020\/08\/216e9302-contribuicao-confederativa.png\",\"datePublished\":\"2020-08-24T18:53:19+00:00\",\"dateModified\":\"2024-07-29T00:44:16+00:00\",\"description\":\"As verbas que s\u00e3o previstas na Consolida\u00e7\u00e3o das Leis do Trabalho (CLT) e que dizem respeito aos sindicatos, dentre elas est\u00e1 a contribui\u00e7\u00e3o confederativa.\",\"breadcrumb\":{\"@id\":\"https:\/\/www.oitchau.com.br\/blog\/contribuicao-confederativa-sindical-o-que-e-e-como-funciona\/#breadcrumb\"},\"inLanguage\":\"pt-BR\",\"potentialAction\":[{\"@type\":\"ReadAction\",\"target\":[\"https:\/\/www.oitchau.com.br\/blog\/contribuicao-confederativa-sindical-o-que-e-e-como-funciona\/\"]}]},{\"@type\":\"ImageObject\",\"inLanguage\":\"pt-BR\",\"@id\":\"https:\/\/www.oitchau.com.br\/blog\/contribuicao-confederativa-sindical-o-que-e-e-como-funciona\/#primaryimage\",\"url\":\"https:\/\/storage.googleapis.com\/oitchaublog\/2020\/08\/216e9302-contribuicao-confederativa.png\",\"contentUrl\":\"https:\/\/storage.googleapis.com\/oitchaublog\/2020\/08\/216e9302-contribuicao-confederativa.png\",\"width\":1982,\"height\":800,\"caption\":\"contribui\u00e7\u00e3o confederativa\"},{\"@type\":\"BreadcrumbList\",\"@id\":\"https:\/\/www.oitchau.com.br\/blog\/contribuicao-confederativa-sindical-o-que-e-e-como-funciona\/#breadcrumb\",\"itemListElement\":[{\"@type\":\"ListItem\",\"position\":1,\"name\":\"Blog\",\"item\":\"https:\/\/www.oitchau.com.br\/blog\/\"},{\"@type\":\"ListItem\",\"position\":2,\"name\":\"Contribui\u00e7\u00e3o Confederativa Sindical: O que \u00e9 e como funciona?\"}]},{\"@type\":\"WebSite\",\"@id\":\"https:\/\/www.oitchau.com.br\/blog\/#website\",\"url\":\"https:\/\/www.oitchau.com.br\/blog\/\",\"name\":\"Controle de Ponto & Timesheets\",\"description\":\"\",\"publisher\":{\"@id\":\"https:\/\/www.oitchau.com.br\/blog\/#organization\"},\"potentialAction\":[{\"@type\":\"SearchAction\",\"target\":{\"@type\":\"EntryPoint\",\"urlTemplate\":\"https:\/\/www.oitchau.com.br\/blog\/?s={search_term_string}\"},\"query-input\":\"required name=search_term_string\"}],\"inLanguage\":\"pt-BR\"},{\"@type\":\"Organization\",\"@id\":\"https:\/\/www.oitchau.com.br\/blog\/#organization\",\"name\":\"Oitchau\",\"url\":\"https:\/\/www.oitchau.com.br\/blog\/\",\"logo\":{\"@type\":\"ImageObject\",\"inLanguage\":\"pt-BR\",\"@id\":\"https:\/\/www.oitchau.com.br\/blog\/#\/schema\/logo\/image\/\",\"url\":\"https:\/\/storage.googleapis.com\/oitchaublog\/2024\/03\/a0e65c6f-design-sem-nome-20.png\",\"contentUrl\":\"https:\/\/storage.googleapis.com\/oitchaublog\/2024\/03\/a0e65c6f-design-sem-nome-20.png\",\"width\":696,\"height\":696,\"caption\":\"Oitchau\"},\"image\":{\"@id\":\"https:\/\/www.oitchau.com.br\/blog\/#\/schema\/logo\/image\/\"},\"sameAs\":[\"https:\/\/www.facebook.com\/oitchaubr\/\",\"https:\/\/twitter.com\/oitchaubr\",\"https:\/\/instagram.com\/oitchaubr\"],\"description\":\"A Oitchau \u00e9 uma solu\u00e7\u00e3o completa para gest\u00e3o de tempo dos colaboradores, atrav\u00e9s de suas solu\u00e7\u00f5es de controle de ponto & timesheets, ela permite que gestores, RH e DP possam gerenciar desde a jornada de trabalho de funcion\u00e1rios at\u00e9 a gest\u00e3o de tempo em projetos. Elevando o n\u00edvel estrat\u00e9gico do neg\u00f3cio de forma inteligente e assertiva, potencializando seus resultados e garantindo compliance com a Lei.\",\"email\":\"contato@oitchau.com.br\",\"telephone\":\"+551142102846\",\"foundingDate\":\"2016-01-01\",\"numberOfEmployees\":{\"@type\":\"QuantitativeValue\",\"minValue\":\"51\",\"maxValue\":\"200\"}},{\"@type\":\"Person\",\"@id\":\"https:\/\/www.oitchau.com.br\/blog\/#\/schema\/person\/40ba65f8664531ffe1465f6cb9d82430\",\"name\":\"Aline Mesquita\",\"url\":\"https:\/\/www.oitchau.com.br\/blog\/author\/aline\/\"}]}<\/script>\n<!-- \/ Yoast SEO Premium plugin. -->","yoast_head_json":{"title":"O que \u00e9 Contribui\u00e7\u00e3o Confederativa e como funciona? | Oitchau","description":"As verbas que s\u00e3o previstas na Consolida\u00e7\u00e3o das Leis do Trabalho (CLT) e que dizem respeito aos sindicatos, dentre elas est\u00e1 a contribui\u00e7\u00e3o confederativa.","robots":{"index":"index","follow":"follow","max-snippet":"max-snippet:-1","max-image-preview":"max-image-preview:large","max-video-preview":"max-video-preview:-1"},"canonical":"https:\/\/www.oitchau.com.br\/blog\/contribuicao-confederativa-sindical-o-que-e-e-como-funciona\/","og_locale":"pt_BR","og_type":"article","og_title":"Contribui\u00e7\u00e3o Confederativa Sindical: O que \u00e9 e como funciona?","og_description":"As verbas que s\u00e3o previstas na Consolida\u00e7\u00e3o das Leis do Trabalho (CLT) e que dizem respeito aos sindicatos, dentre elas est\u00e1 a contribui\u00e7\u00e3o confederativa.","og_url":"https:\/\/www.oitchau.com.br\/blog\/contribuicao-confederativa-sindical-o-que-e-e-como-funciona\/","og_site_name":"Controle de Ponto &amp; Timesheets","article_publisher":"https:\/\/www.facebook.com\/oitchaubr\/","article_published_time":"2020-08-24T18:53:19+00:00","article_modified_time":"2024-07-29T00:44:16+00:00","og_image":[{"width":1982,"height":800,"url":"https:\/\/storage.googleapis.com\/oitchaublog\/2020\/08\/216e9302-contribuicao-confederativa.png","type":"image\/png"}],"author":"Aline Mesquita","twitter_card":"summary_large_image","twitter_creator":"@oitchaubr","twitter_site":"@oitchaubr","twitter_misc":{"Written by":"Aline Mesquita","Est. reading time":"4 minutos"},"schema":{"@context":"https:\/\/schema.org","@graph":[{"@type":["Article","BlogPosting"],"@id":"https:\/\/www.oitchau.com.br\/blog\/contribuicao-confederativa-sindical-o-que-e-e-como-funciona\/#article","isPartOf":{"@id":"https:\/\/www.oitchau.com.br\/blog\/contribuicao-confederativa-sindical-o-que-e-e-como-funciona\/"},"author":{"name":"Aline Mesquita","@id":"https:\/\/www.oitchau.com.br\/blog\/#\/schema\/person\/40ba65f8664531ffe1465f6cb9d82430"},"headline":"Contribui\u00e7\u00e3o Confederativa Sindical: O que \u00e9 e como funciona?","datePublished":"2020-08-24T18:53:19+00:00","dateModified":"2024-07-29T00:44:16+00:00","mainEntityOfPage":{"@id":"https:\/\/www.oitchau.com.br\/blog\/contribuicao-confederativa-sindical-o-que-e-e-como-funciona\/"},"wordCount":1245,"publisher":{"@id":"https:\/\/www.oitchau.com.br\/blog\/#organization"},"image":{"@id":"https:\/\/www.oitchau.com.br\/blog\/contribuicao-confederativa-sindical-o-que-e-e-como-funciona\/#primaryimage"},"thumbnailUrl":"https:\/\/storage.googleapis.com\/oitchaublog\/2020\/08\/216e9302-contribuicao-confederativa.png","keywords":["contribui\u00e7\u00e3o confederativa","leis trabalhistas","sindicato"],"articleSection":["Leis"],"inLanguage":"pt-BR"},{"@type":"WebPage","@id":"https:\/\/www.oitchau.com.br\/blog\/contribuicao-confederativa-sindical-o-que-e-e-como-funciona\/","url":"https:\/\/www.oitchau.com.br\/blog\/contribuicao-confederativa-sindical-o-que-e-e-como-funciona\/","name":"O que \u00e9 Contribui\u00e7\u00e3o Confederativa e como funciona? | Oitchau","isPartOf":{"@id":"https:\/\/www.oitchau.com.br\/blog\/#website"},"primaryImageOfPage":{"@id":"https:\/\/www.oitchau.com.br\/blog\/contribuicao-confederativa-sindical-o-que-e-e-como-funciona\/#primaryimage"},"image":{"@id":"https:\/\/www.oitchau.com.br\/blog\/contribuicao-confederativa-sindical-o-que-e-e-como-funciona\/#primaryimage"},"thumbnailUrl":"https:\/\/storage.googleapis.com\/oitchaublog\/2020\/08\/216e9302-contribuicao-confederativa.png","datePublished":"2020-08-24T18:53:19+00:00","dateModified":"2024-07-29T00:44:16+00:00","description":"As verbas que s\u00e3o previstas na Consolida\u00e7\u00e3o das Leis do Trabalho (CLT) e que dizem respeito aos sindicatos, dentre elas est\u00e1 a contribui\u00e7\u00e3o confederativa.","breadcrumb":{"@id":"https:\/\/www.oitchau.com.br\/blog\/contribuicao-confederativa-sindical-o-que-e-e-como-funciona\/#breadcrumb"},"inLanguage":"pt-BR","potentialAction":[{"@type":"ReadAction","target":["https:\/\/www.oitchau.com.br\/blog\/contribuicao-confederativa-sindical-o-que-e-e-como-funciona\/"]}]},{"@type":"ImageObject","inLanguage":"pt-BR","@id":"https:\/\/www.oitchau.com.br\/blog\/contribuicao-confederativa-sindical-o-que-e-e-como-funciona\/#primaryimage","url":"https:\/\/storage.googleapis.com\/oitchaublog\/2020\/08\/216e9302-contribuicao-confederativa.png","contentUrl":"https:\/\/storage.googleapis.com\/oitchaublog\/2020\/08\/216e9302-contribuicao-confederativa.png","width":1982,"height":800,"caption":"contribui\u00e7\u00e3o confederativa"},{"@type":"BreadcrumbList","@id":"https:\/\/www.oitchau.com.br\/blog\/contribuicao-confederativa-sindical-o-que-e-e-como-funciona\/#breadcrumb","itemListElement":[{"@type":"ListItem","position":1,"name":"Blog","item":"https:\/\/www.oitchau.com.br\/blog\/"},{"@type":"ListItem","position":2,"name":"Contribui\u00e7\u00e3o Confederativa Sindical: O que \u00e9 e como funciona?"}]},{"@type":"WebSite","@id":"https:\/\/www.oitchau.com.br\/blog\/#website","url":"https:\/\/www.oitchau.com.br\/blog\/","name":"Controle de Ponto & Timesheets","description":"","publisher":{"@id":"https:\/\/www.oitchau.com.br\/blog\/#organization"},"potentialAction":[{"@type":"SearchAction","target":{"@type":"EntryPoint","urlTemplate":"https:\/\/www.oitchau.com.br\/blog\/?s={search_term_string}"},"query-input":"required name=search_term_string"}],"inLanguage":"pt-BR"},{"@type":"Organization","@id":"https:\/\/www.oitchau.com.br\/blog\/#organization","name":"Oitchau","url":"https:\/\/www.oitchau.com.br\/blog\/","logo":{"@type":"ImageObject","inLanguage":"pt-BR","@id":"https:\/\/www.oitchau.com.br\/blog\/#\/schema\/logo\/image\/","url":"https:\/\/storage.googleapis.com\/oitchaublog\/2024\/03\/a0e65c6f-design-sem-nome-20.png","contentUrl":"https:\/\/storage.googleapis.com\/oitchaublog\/2024\/03\/a0e65c6f-design-sem-nome-20.png","width":696,"height":696,"caption":"Oitchau"},"image":{"@id":"https:\/\/www.oitchau.com.br\/blog\/#\/schema\/logo\/image\/"},"sameAs":["https:\/\/www.facebook.com\/oitchaubr\/","https:\/\/twitter.com\/oitchaubr","https:\/\/instagram.com\/oitchaubr"],"description":"A Oitchau \u00e9 uma solu\u00e7\u00e3o completa para gest\u00e3o de tempo dos colaboradores, atrav\u00e9s de suas solu\u00e7\u00f5es de controle de ponto & timesheets, ela permite que gestores, RH e DP possam gerenciar desde a jornada de trabalho de funcion\u00e1rios at\u00e9 a gest\u00e3o de tempo em projetos. Elevando o n\u00edvel estrat\u00e9gico do neg\u00f3cio de forma inteligente e assertiva, potencializando seus resultados e garantindo compliance com a Lei.","email":"contato@oitchau.com.br","telephone":"+551142102846","foundingDate":"2016-01-01","numberOfEmployees":{"@type":"QuantitativeValue","minValue":"51","maxValue":"200"}},{"@type":"Person","@id":"https:\/\/www.oitchau.com.br\/blog\/#\/schema\/person\/40ba65f8664531ffe1465f6cb9d82430","name":"Aline Mesquita","url":"https:\/\/www.oitchau.com.br\/blog\/author\/aline\/"}]}},"_links":{"self":[{"href":"https:\/\/www.oitchau.com.br\/blog\/wp-json\/wp\/v2\/posts\/11740"}],"collection":[{"href":"https:\/\/www.oitchau.com.br\/blog\/wp-json\/wp\/v2\/posts"}],"about":[{"href":"https:\/\/www.oitchau.com.br\/blog\/wp-json\/wp\/v2\/types\/post"}],"author":[{"embeddable":true,"href":"https:\/\/www.oitchau.com.br\/blog\/wp-json\/wp\/v2\/users\/11"}],"replies":[{"embeddable":true,"href":"https:\/\/www.oitchau.com.br\/blog\/wp-json\/wp\/v2\/comments?post=11740"}],"version-history":[{"count":2,"href":"https:\/\/www.oitchau.com.br\/blog\/wp-json\/wp\/v2\/posts\/11740\/revisions"}],"predecessor-version":[{"id":35002,"href":"https:\/\/www.oitchau.com.br\/blog\/wp-json\/wp\/v2\/posts\/11740\/revisions\/35002"}],"wp:featuredmedia":[{"embeddable":true,"href":"https:\/\/www.oitchau.com.br\/blog\/wp-json\/wp\/v2\/media\/35001"}],"wp:attachment":[{"href":"https:\/\/www.oitchau.com.br\/blog\/wp-json\/wp\/v2\/media?parent=11740"}],"wp:term":[{"taxonomy":"category","embeddable":true,"href":"https:\/\/www.oitchau.com.br\/blog\/wp-json\/wp\/v2\/categories?post=11740"},{"taxonomy":"post_tag","embeddable":true,"href":"https:\/\/www.oitchau.com.br\/blog\/wp-json\/wp\/v2\/tags?post=11740"}],"curies":[{"name":"wp","href":"https:\/\/api.w.org\/{rel}","templated":true}]}}