{"id":11351,"date":"2020-08-07T22:42:09","date_gmt":"2020-08-07T19:42:09","guid":{"rendered":"https:\/\/www.oitchau.com.br\/blog\/?p=11351"},"modified":"2024-07-26T14:54:27","modified_gmt":"2024-07-26T11:54:27","slug":"sustentabilidade-empresarial-como-ser-sustentavel-e-ecologico","status":"publish","type":"post","link":"https:\/\/www.oitchau.com.br\/blog\/sustentabilidade-empresarial-como-ser-sustentavel-e-ecologico\/","title":{"rendered":"Sustentabilidade empresarial: Como ser sustent\u00e1vel e ecol\u00f3gico?"},"content":{"rendered":"\r\n<p>Sustentabilidade empresarial, um tema que est\u00e1 direcionado para as preocupa\u00e7\u00f5es com o meio ambiente, e que n\u00e3o se limitam \u00e0s a\u00e7\u00f5es governamentais e pessoais, atingindo as organiza\u00e7\u00f5es privadas.<\/p>\r\n<p><span data-sheets-value=\"{&quot;1&quot;:2,&quot;2&quot;:&quot;\n\t\t&lt;!--HubSpot Call-to-Action Code --&gt;\n\t\t&lt;span class=&quot;hs-cta-wrapper&quot; id=&quot;hs-cta-wrapper-68acec24-1642-4b04-a249-1845cd830d4c&quot;&gt;\n\t\t&lt;span class=&quot;hs-cta-node hs-cta-68acec24-1642-4b04-a249-1845cd830d4c&quot; id=&quot;68acec24-1642-4b04-a249-1845cd830d4c&quot;&gt;\n\t\t&lt;!--[if lte IE 8]&gt;\n\t\t&lt;div id=&quot;hs-cta-ie-element&quot;&gt;&lt;\/div&gt;\n\t\t&lt;![endif]--&gt;\n\t\t&lt;a href=&quot;https:\/\/cta-redirect.hubspot.com\/cta\/redirect\/20984162\/68acec24-1642-4b04-a249-1845cd830d4c&quot; &gt;\n\t\t&lt;img class=&quot;hs-cta-img&quot; id=&quot;hs-cta-img-68acec24-1642-4b04-a249-1845cd830d4c&quot; style=&quot;border-width:0px;&quot; src=&quot;https:\/\/no-cache.hubspot.com\/cta\/default\/20984162\/68acec24-1642-4b04-a249-1845cd830d4c.png&quot;  alt=&quot;New call-to-action&quot;\/&gt;\n\t\t&lt;\/a&gt;\n\t\t&lt;\/span&gt;\n\t\t&lt;script charset=&quot;utf-8&quot; src=&quot;\/\/js.hubspot.com\/cta\/current.js&quot;&gt;&lt;\/script&gt;\n\t\t&lt;script&gt;\n\t\thbspt.cta.load(20984162, &#039;68acec24-1642-4b04-a249-1845cd830d4c&#039;, {});\n\t\t&lt;\/script&gt;\n\t\t&lt;\/span&gt;\n\t\t&lt;!-- end HubSpot Call-to-Action Code --&gt;\n\t\t&quot;}\" data-sheets-userformat=\"{&quot;2&quot;:899,&quot;3&quot;:{&quot;1&quot;:0},&quot;4&quot;:{&quot;1&quot;:2,&quot;2&quot;:16777215},&quot;10&quot;:1,&quot;11&quot;:4,&quot;12&quot;:0}\">\n\t\t<!--HubSpot Call-to-Action Code -->\n\t\t<span class=\"hs-cta-wrapper\" id=\"hs-cta-wrapper-68acec24-1642-4b04-a249-1845cd830d4c\">\n\t\t<span class=\"hs-cta-node hs-cta-68acec24-1642-4b04-a249-1845cd830d4c\" id=\"68acec24-1642-4b04-a249-1845cd830d4c\">\n\t\t<!--[if lte IE 8]>\n\t\t<div id=\"hs-cta-ie-element\"><\/div>\n\t\t<![endif]-->\n\t\t<a href=\"https:\/\/cta-redirect.hubspot.com\/cta\/redirect\/20984162\/68acec24-1642-4b04-a249-1845cd830d4c\" >\n\t\t<img decoding=\"async\" class=\"hs-cta-img\" id=\"hs-cta-img-68acec24-1642-4b04-a249-1845cd830d4c\" style=\"border-width:0px;\" src=\"https:\/\/no-cache.hubspot.com\/cta\/default\/20984162\/68acec24-1642-4b04-a249-1845cd830d4c.png\"  alt=\"New call-to-action\"\/>\n\t\t<\/a>\n\t\t<\/span>\n\t\t<script charset=\"utf-8\" src=\"\/\/js.hubspot.com\/cta\/current.js\"><\/script>\n\t\t<script>\n\t\thbspt.cta.load(20984162, '68acec24-1642-4b04-a249-1845cd830d4c', {});\n\t\t<\/script>\n\t\t<\/span>\n\t\t<!-- end HubSpot Call-to-Action Code -->\n\t\t<\/span><\/p>\r\n\r\n\r\n\r\n<p>Isso significa que \u00e9 uma obriga\u00e7\u00e3o da empresa buscar formas de atuar que sejam menos agressivas \u00e0 natureza. Esse cuidado n\u00e3o se limita \u00e0s grandes ind\u00fastrias e \u00e0 produ\u00e7\u00e3o e distribui\u00e7\u00e3o de produtos. Ele deve ser observado por todas as outras empresas que podem incluir h\u00e1bitos sustent\u00e1veis internamente.<\/p>\r\n\r\n\r\n\r\n<p>Continue lendo para entender como essa sustentabilidade se faz poss\u00edvel dentro das empresas, porque \u00e9 importante se atentar ao seu desenvolvimento e como coloc\u00e1-la em pr\u00e1tica.<\/p>\r\n\r\n\r\n\r\n<h2 class=\"wp-block-heading\">Sustentabilidade empresarial: O que \u00e9?<\/h2>\r\n\r\n\r\n\r\n<p>A ecologia est\u00e1 cada vez mais em voga. Sua import\u00e2ncia est\u00e1 relacionada \u00e0 preserva\u00e7\u00e3o do meio ambiente e a evitar que recursos naturais sejam esgotados e que o desequil\u00edbrio causado pelo mau uso da natureza seja limitado.<\/p>\r\n\r\n\r\n\r\n<p>Desastres naturais s\u00e3o diretamente ligados \u00e0s altera\u00e7\u00f5es naturais. Esse cen\u00e1rio faz com que existam cada vez mais exig\u00eancias que s\u00e3o destinadas aos governos, aos indiv\u00edduos e \u00e0s empresas.<\/p>\r\n\r\n\r\n\r\n<p>As empresas possuem papel social que \u00e9 previsto na Constitui\u00e7\u00e3o Federal e isso significa que ela deve atuar de forma a auxiliar no desenvolvimento da sociedade. A preserva\u00e7\u00e3o do meio ambiente e a tomada de atitudes sustent\u00e1veis que envolvem uso de recursos naturais sem esgot\u00e1-los \u00e9 essencial.<\/p>\r\n\r\n\r\n\r\n<p>\u00c9 nisso que se traduz a sustentabilidade empresarial que \u00e9 ilustrada pela tomada de medidas que visem tornar o processo produtivo e todas as atividades das empresas mais ecol\u00f3gicas.<\/p>\r\n\r\n\r\n\r\n<p>A sustentabilidade, segundo o consultor brit\u00e2nico John Elkington na d\u00e9cada de 1980, somente pode ser estabelecida quando h\u00e1 equil\u00edbrio em tr\u00eas aspectos:<\/p>\r\n\r\n\r\n\r\n<ul>\r\n<li>Econ\u00f4mica: o estabelecimento deve ser eficiente de forma financeira;<\/li>\r\n<li>Ambiental: o uso de recursos naturais para a produ\u00e7\u00e3o das mercadorias deve ser feito de forma a permitir a regenera\u00e7\u00e3o neles na natureza. S\u00e3o buscadas formas de uso da natureza sem que para isso ela seja esgotada;<\/li>\r\n<li>Social: a empresa toma atitudes que permitem que seus colaboradores possuem acesso \u00e0 vida saud\u00e1vel, buscando-se a erradica\u00e7\u00e3o da pobreza.<\/li>\r\n<\/ul>\r\n\r\n\r\n\r\n<p>Esses conceitos demonstram que a sustentabilidade n\u00e3o se limita ao uso da natureza, incluindo fatores sociais de desenvolvimento humano. Direitos humanos caminham de m\u00e3os dadas com a ecologia nesse caso.<\/p>\r\n\r\n\r\n\r\n<h2 class=\"wp-block-heading\">Por que uma organiza\u00e7\u00e3o deve buscar se tornar uma empresa sustent\u00e1vel?<\/h2>\r\n\r\n\r\n\r\n<p>Existem diversos motivos que traduzem a import\u00e2ncia da busca pela sustentabilidade empresarial.<\/p>\r\n\r\n\r\n\r\n<h3 class=\"wp-block-heading\">1. Marketing e vis\u00e3o da empresa pelo p\u00fablico e mercado<\/h3>\r\n\r\n\r\n\r\n<p>Quando uma empresa se mostra preocupada com a ecologia e com a preserva\u00e7\u00e3o do meio ambiente e toma atitudes que auxiliem nesse cuidado ela passa a ter uma imagem mais conceituada no mercado.<\/p>\r\n\r\n\r\n\r\n<p>Isso n\u00e3o engloba apenas os consumidores. A imagem da empresa se torna mais relevante perante a concorr\u00eancia e passa a atrair de forma mais efetiva os melhores profissionais do mercado que passam a se interessar em colaborar com uma organiza\u00e7\u00e3o que possua esse conceito.<\/p>\r\n\r\n\r\n\r\n<h3 class=\"wp-block-heading\">2. Incentivos governamentais e conquista de mercados<\/h3>\r\n\r\n\r\n\r\n<p>N\u00e3o raro a demonstra\u00e7\u00e3o com a preocupa\u00e7\u00e3o com a natureza e a sustentabilidade auxiliam a empresa a conquistar novos mercados e at\u00e9 mesmo a conseguir incentivos governamentais.<\/p>\r\n\r\n\r\n\r\n<p>Isso varia de acordo com o pa\u00eds, estado e munic\u00edpio. N\u00e3o raro governos estabelecem medidas que se alcan\u00e7adas pelas empresas em rela\u00e7\u00e3o \u00e0 sustentabilidade podem lhe gerar incentivos fiscais com descontos em impostos, por exemplo.<\/p>\r\n\r\n\r\n\r\n<p>Em rela\u00e7\u00e3o \u00e0 conquista de mercados isso ocorre perante a atra\u00e7\u00e3o de investidores que se atentam a essa quest\u00e3o e enxergam na empresa uma institui\u00e7\u00e3o que merece seu investimento e que promete desenvolvimento.<\/p>\r\n\r\n\r\n\r\n<h3 class=\"wp-block-heading\">3. Retorno para a sociedade<\/h3>\r\n\r\n\r\n\r\n<p>Empresas que investem em medidas sustent\u00e1veis geram vis\u00edveis retornos \u00e0 sociedade e ao desenvolvimento da qualidade de vida das pessoas que habitam os locais em que elas operam. \u00c9 garantido o papel social da organiza\u00e7\u00e3o que pode at\u00e9 mesmo garantir sua perman\u00eancia na localidade.<\/p>\r\n\r\n\r\n\r\n<h3 class=\"wp-block-heading\">4. Economia<\/h3>\r\n\r\n\r\n\r\n<p>S\u00e3o v\u00e1rias as formas de se colocar em pr\u00e1tica as no\u00e7\u00f5es de sustentabilidade empresarial. Elas envolvem o uso de energias renov\u00e1veis, a limita\u00e7\u00e3o do desperd\u00edcio e a busca de formas mais econ\u00f4micas e menos invasivas \u00e0 natureza.<\/p>\r\n\r\n\r\n\r\n<p>Isso tudo se traduz em economia \u00e0 empresa, em alguns casos a um curto prazo e em outros em longo prazo.<\/p>\r\n\r\n\r\n\r\n<p>Em um primeiro momento as medidas de car\u00e1ter sustent\u00e1vel demandam investimentos e gastos. Eles retornam passado algum tempo e gerando economia \u00e0s organiza\u00e7\u00f5es.<\/p>\r\n\r\n\r\n\r\n<h2 class=\"wp-block-heading\">Sustentabilidade empresarial na pr\u00e1tica<\/h2>\r\n\r\n\r\n\r\n<p>Sabendo-se da import\u00e2ncia da sustentabilidade para uma organiza\u00e7\u00e3o privada \u00e9 necess\u00e1rio entender como ela \u00e9 colocada em pr\u00e1tica. Para isso separamos 05 importantes passos que desenvolvem as no\u00e7\u00f5es de ambiente sustent\u00e1vel dentro da empresa e se traduzem em bons frutos para a institui\u00e7\u00e3o.<\/p>\r\n\r\n\r\n\r\n<h3 class=\"wp-block-heading\">1. Elimine o uso de copos descart\u00e1veis<\/h3>\r\n\r\n\r\n\r\n<p>\u00c9 cada vez mais comum que as empresas eliminem copos descart\u00e1veis destinados para \u00e1gua, caf\u00e9s e ch\u00e1s. Para isso a empresa pode investir nos chamados \u201cKit zero lixo\u201d que incluem a concess\u00e3o para cada colaborador de jogo de talheres, canudo e copo retr\u00e1til reutiliz\u00e1veis.<\/p>\r\n\r\n\r\n\r\n<p>\u00a0Investir-se nessa atitude \u00e9 importante por eliminar diversos riscos e fatores que exigem desperd\u00edcio e uso constante de recursos naturais. Dentre eles est\u00e3o:<\/p>\r\n\r\n\r\n\r\n<ul>\r\n<li>Polui\u00e7\u00e3o dos oceanos com pl\u00e1sticos;<\/li>\r\n<li>Gastos de \u00e1gua para a produ\u00e7\u00e3o dos gastos;<\/li>\r\n<li>Gera\u00e7\u00e3o intensa de lixo.<\/li>\r\n<\/ul>\r\n\r\n\r\n\r\n<p>Em longo prazo o investimento \u00e9 notado pela aus\u00eancia de gastos na compra constante dos materiais descart\u00e1veis.<\/p>\r\n\r\n\r\n\r\n<h3 class=\"wp-block-heading\">2. Respeito \u00e0s leis ambientais<\/h3>\r\n\r\n\r\n\r\n<p>\u00c9 imposs\u00edvel se considerar que uma empresa \u00e9 sustent\u00e1vel quando ela burla as leis ambientais estabelecidas no local em que ela opera.<\/p>\r\n\r\n\r\n\r\n<p>Saber quais s\u00e3o essas leis e como elas podem ser cumpridas \u00e9 essencial e al\u00e9m de proporcionais o desenvolvimento da sustentabilidade empresarial evita multas e at\u00e9 mesmo obstru\u00e7\u00e3o dos neg\u00f3cios realizados.<\/p>\r\n\r\n\r\n\r\n<h3 class=\"wp-block-heading\">3. Treinamentos para os colaboradores<\/h3>\r\n\r\n\r\n\r\n<p>A educa\u00e7\u00e3o \u00e9 essencial em qualquer aspecto e \u00e9 capaz de eliminar atos nocivos e de desenvolver a consci\u00eancia quanto aos reflexos que certas atitudes causam \u00e0 sociedade.<\/p>\r\n<p><span data-sheets-value=\"{&quot;1&quot;:2,&quot;2&quot;:&quot;\n\t\t&lt;!--HubSpot Call-to-Action Code --&gt;\n\t\t&lt;span class=&quot;hs-cta-wrapper&quot; id=&quot;hs-cta-wrapper-86cee452-bec2-49bb-aa7c-a99f6a93f20f&quot;&gt;\n\t\t&lt;span class=&quot;hs-cta-node hs-cta-86cee452-bec2-49bb-aa7c-a99f6a93f20f&quot; id=&quot;86cee452-bec2-49bb-aa7c-a99f6a93f20f&quot;&gt;\n\t\t&lt;!--[if lte IE 8]&gt;\n\t\t&lt;div id=&quot;hs-cta-ie-element&quot;&gt;&lt;\/div&gt;\n\t\t&lt;![endif]--&gt;\n\t\t&lt;a href=&quot;https:\/\/cta-redirect.hubspot.com\/cta\/redirect\/20984162\/86cee452-bec2-49bb-aa7c-a99f6a93f20f&quot; &gt;\n\t\t&lt;img class=&quot;hs-cta-img&quot; id=&quot;hs-cta-img-86cee452-bec2-49bb-aa7c-a99f6a93f20f&quot; style=&quot;border-width:0px;&quot; src=&quot;https:\/\/no-cache.hubspot.com\/cta\/default\/20984162\/86cee452-bec2-49bb-aa7c-a99f6a93f20f.png&quot;  alt=&quot;New call-to-action&quot;\/&gt;\n\t\t&lt;\/a&gt;\n\t\t&lt;\/span&gt;\n\t\t&lt;script charset=&quot;utf-8&quot; src=&quot;\/\/js.hubspot.com\/cta\/current.js&quot;&gt;&lt;\/script&gt;\n\t\t&lt;script&gt;\n\t\thbspt.cta.load(20984162, &#039;86cee452-bec2-49bb-aa7c-a99f6a93f20f&#039;, {});\n\t\t&lt;\/script&gt;\n\t\t&lt;\/span&gt;\n\t\t&lt;!-- end HubSpot Call-to-Action Code --&gt;\n\t\t&quot;}\" data-sheets-userformat=\"{&quot;2&quot;:963,&quot;3&quot;:{&quot;1&quot;:0},&quot;4&quot;:{&quot;1&quot;:2,&quot;2&quot;:16777215},&quot;9&quot;:0,&quot;10&quot;:1,&quot;11&quot;:4,&quot;12&quot;:0}\">\n\t\t<!--HubSpot Call-to-Action Code -->\n\t\t<span class=\"hs-cta-wrapper\" id=\"hs-cta-wrapper-86cee452-bec2-49bb-aa7c-a99f6a93f20f\">\n\t\t<span class=\"hs-cta-node hs-cta-86cee452-bec2-49bb-aa7c-a99f6a93f20f\" id=\"86cee452-bec2-49bb-aa7c-a99f6a93f20f\">\n\t\t<!--[if lte IE 8]>\n\t\t<div id=\"hs-cta-ie-element\"><\/div>\n\t\t<![endif]-->\n\t\t<a href=\"https:\/\/cta-redirect.hubspot.com\/cta\/redirect\/20984162\/86cee452-bec2-49bb-aa7c-a99f6a93f20f\" >\n\t\t<img decoding=\"async\" class=\"hs-cta-img\" id=\"hs-cta-img-86cee452-bec2-49bb-aa7c-a99f6a93f20f\" style=\"border-width:0px;\" src=\"https:\/\/no-cache.hubspot.com\/cta\/default\/20984162\/86cee452-bec2-49bb-aa7c-a99f6a93f20f.png\"  alt=\"New call-to-action\"\/>\n\t\t<\/a>\n\t\t<\/span>\n\t\t<script charset=\"utf-8\" src=\"\/\/js.hubspot.com\/cta\/current.js\"><\/script>\n\t\t<script>\n\t\thbspt.cta.load(20984162, '86cee452-bec2-49bb-aa7c-a99f6a93f20f', {});\n\t\t<\/script>\n\t\t<\/span>\n\t\t<!-- end HubSpot Call-to-Action Code -->\n\t\t<\/span><\/p>\r\n\r\n\r\n\r\n<p>Uma forma de garantir a sustentabilidade na empresa \u00e9 investindo em treinamentos sobre a import\u00e2ncia de cuidar dos recursos naturais, as consequ\u00eancias geradas pela destrui\u00e7\u00e3o da natureza.<\/p>\r\n\r\n\r\n\r\n<p>Neles devem ser inclu\u00eddas atitudes que possam ser tomadas no trabalho e na vida pessoal dos colaboradores.<\/p>\r\n\r\n\r\n\r\n<h3 class=\"wp-block-heading\">4. Investimento em energias sustent\u00e1veis<\/h3>\r\n\r\n\r\n\r\n<p>Caso seja poss\u00edvel, investir em energias sustent\u00e1veis pode auxiliar muito uma empresa a gerar economia de gastos com energia e o uso de recursos naturais. Uma das mais comumente utilizadas pelas institui\u00e7\u00f5es privadas \u00e9 a energia solar.<\/p>\r\n\r\n\r\n\r\n<h3>5. Gest\u00e3o de res\u00edduos<\/h3>\r\n<p>Outra maneira de promover a sustentabilidade empresarial \u00e9 por meio do desenvolvimento de programas de gest\u00e3o de res\u00edduos. Eles s\u00e3o pol\u00edticas que estabelecem normas que visam reduzir, reutilizar e reciclar materiais sempre que poss\u00edvel.<\/p>\r\n<p>Isso n\u00e3o apenas inclui a possibilidade de reutiliza\u00e7\u00e3o e reciclagem, mas tamb\u00e9m a pr\u00f3pria redu\u00e7\u00e3o no uso de res\u00edduos, bem como a separa\u00e7\u00e3o adequada deles para reciclagem e a busca de alternativas para a sua disposi\u00e7\u00e3o final.<\/p>\r\n<h3>6. Inova\u00e7\u00e3o sustent\u00e1vel<\/h3>\r\n<p>A inova\u00e7\u00e3o e o desenvolvimento de produtos e servi\u00e7os que tenham um impacto positivo no meio ambiente e na sociedade tamb\u00e9m \u00e9 uma maneira de promover a sustentabilidade empresarial.<\/p>\r\n<p>Afinal, n\u00e3o basta atuar para reduzir o uso de mat\u00e9rias-primas e energias n\u00e3o renov\u00e1veis. \u00c0s empresas tamb\u00e9m cabe criar a\u00e7\u00f5es que ofere\u00e7am alternativas tanto para a sua atua\u00e7\u00e3o quanto para uso pelo p\u00fablico.<\/p>\r\n<p>Isso pode ser feito de diferentes maneiras. Por exemplo, pela pesquisa e pelo desenvolvimento de tecnologias limpas. Tamb\u00e9m, pela cria\u00e7\u00e3o de produtos mais dur\u00e1veis, em que h\u00e1 redu\u00e7\u00e3o da obsolesc\u00eancia programada, e pela ado\u00e7\u00e3o de modelos de neg\u00f3cios circulares.<\/p>\r\n<h3>7. Avalia\u00e7\u00e3o e monitoramento do desempenho ambiental da empresa<\/h3>\r\n<p>A sustentabilidade empresarial requer conhecimento de como \u00e9 a atua\u00e7\u00e3o da empresa e qual \u00e9 o impacto que ela e suas atividades t\u00eam sobre o meio ambiente.<\/p>\r\n<p>Por isso, realizar uma avalia\u00e7\u00e3o abrangente do impacto ambiental das opera\u00e7\u00f5es da empresa \u00e9 um importante passo. Ele n\u00e3o deve se dar isoladamente, pois requer o desenvolvimento de estrat\u00e9gias que melhorem os resultados.<\/p>\r\n<p>Para tanto, a empresa pode estabelecer metas claras que visam reduzir seu impacto ambiental. Junto a isso, \u00e9 imprescind\u00edvel determinar indicadores de desempenho ambiental que auxiliem no monitoramento do progresso ao longo do tempo.<\/p>\r\n<h3>8. Certifica\u00e7\u00f5es e selos sustent\u00e1veis<\/h3>\r\n<p>Certifica\u00e7\u00f5es reconhecidas internacionalmente que atestem o compromisso da empresa com pr\u00e1ticas sustent\u00e1veis tamb\u00e9m s\u00e3o \u00fateis, especialmente para fins promocionais da corpora\u00e7\u00e3o.<\/p>\r\n<p>Dentre os selos de reconhecimento est\u00e3o o ISO 14001, referente \u00e0 gest\u00e3o ambiental, ISO 50001, concernente \u00e0 gest\u00e3o de energia e certifica\u00e7\u00f5es espec\u00edficas de produtos e processos sustent\u00e1veis.<\/p>\r\n<h3>9. Gest\u00e3o da \u00e1gua<\/h3>\r\n<p>A gest\u00e3o da \u00e1gua faz parte da atua\u00e7\u00e3o ambiental e, por isso, merece a aten\u00e7\u00e3o das empresas, especialmente daquelas que buscam reconhecimento de suas a\u00e7\u00f5es ambientais.<\/p>\r\n<p>Desenvolver medidas para conserva\u00e7\u00e3o e uso eficiente da \u00e1gua \u00e9 uma boa estrat\u00e9gia. Ela pode incluir a\u00e7\u00f5es como a instala\u00e7\u00e3o de dispositivos economizadores, reuso de \u00e1gua em processos industriais e a implementa\u00e7\u00e3o de pol\u00edticas de conserva\u00e7\u00e3o.<\/p>\r\n<h3>10. Pol\u00edticas de trabalho remoto<\/h3>\r\n<p>Promover o trabalho remoto, seja pelo home office ou pelo trabalho h\u00edbrido, tamb\u00e9m \u00e9 uma a\u00e7\u00e3o de sustentabilidade empresarial.<\/p>\r\n<p>Com isso, \u00e9 poss\u00edvel evitar deslocamentos constantes dos colaboradores e, consequentemente, a emiss\u00e3o de CO2 e outros poluentes relacionados aos motores automotivos.<\/p>\r\n<h3>11. Transporte sustent\u00e1vel<\/h3>\r\n<p>Sempre que poss\u00edvel, a empresa deve incentivar o uso de meios de transporte sustent\u00e1veis por parte dos funcion\u00e1rios, especialmente quando adotar o trabalho presencial ou h\u00edbrido.<\/p>\r\n<p>S\u00e3o v\u00e1rias as alternativas dispon\u00edveis, como transporte p\u00fablico, pol\u00edticas de caronas, incentivo ao uso de bicicletas ou de ve\u00edculos el\u00e9tricos. Pensar em incentivos financeiros ou de folgas para quem aderir \u00e0s alternativas pode promov\u00ea-las ainda mais.<\/p>\r\n<p>Al\u00e9m disso, a empresa deve otimizar suas rotas de entrega e transporte para reduzir as emiss\u00f5es de gases de efeito estufa.<\/p>\r\n","protected":false},"excerpt":{"rendered":"<p>Sustentabilidade empresarial, um tema que est\u00e1 direcionado para as preocupa\u00e7\u00f5es com o meio ambiente, e que n\u00e3o se limitam \u00e0s a\u00e7\u00f5es governamentais e pessoais, atingindo as organiza\u00e7\u00f5es privadas. Isso significa que \u00e9 uma obriga\u00e7\u00e3o da empresa buscar formas de atuar que sejam menos agressivas \u00e0 natureza. Esse cuidado n\u00e3o se limita \u00e0s grandes ind\u00fastrias e [&hellip;]<\/p>\n","protected":false},"author":11,"featured_media":34940,"comment_status":"closed","ping_status":"open","sticky":false,"template":"","format":"standard","meta":{"content-type":"","footnotes":""},"categories":[3103],"tags":[11264,11605,15802],"yoast_head":"<!-- This site is optimized with the Yoast SEO Premium plugin v22.2 (Yoast SEO v22.2) - https:\/\/yoast.com\/wordpress\/plugins\/seo\/ -->\n<title>Sustentabilidade empresarial: Como ser sustent\u00e1vel e ecol\u00f3gico? | Oitchau<\/title>\n<meta name=\"description\" content=\"Sustentabilidade empresarial, um tema que est\u00e1 direcionado para as preocupa\u00e7\u00f5es com o meio ambiente, e que n\u00e3o se limitam \u00e0s a\u00e7\u00f5es governamentais e pessoais\" \/>\n<meta name=\"robots\" content=\"index, follow, max-snippet:-1, max-image-preview:large, max-video-preview:-1\" \/>\n<link rel=\"canonical\" href=\"https:\/\/www.oitchau.com.br\/blog\/sustentabilidade-empresarial-como-ser-sustentavel-e-ecologico\/\" \/>\n<meta property=\"og:locale\" content=\"pt_BR\" \/>\n<meta property=\"og:type\" content=\"article\" \/>\n<meta property=\"og:title\" content=\"Sustentabilidade empresarial: Como ser sustent\u00e1vel e ecol\u00f3gico?\" \/>\n<meta property=\"og:description\" content=\"Sustentabilidade empresarial, um tema que est\u00e1 direcionado para as preocupa\u00e7\u00f5es com o meio ambiente, e que n\u00e3o se limitam \u00e0s a\u00e7\u00f5es governamentais e pessoais\" \/>\n<meta property=\"og:url\" content=\"https:\/\/www.oitchau.com.br\/blog\/sustentabilidade-empresarial-como-ser-sustentavel-e-ecologico\/\" \/>\n<meta property=\"og:site_name\" content=\"Controle de Ponto &amp; Timesheets\" \/>\n<meta property=\"article:publisher\" content=\"https:\/\/www.facebook.com\/oitchaubr\/\" \/>\n<meta property=\"article:published_time\" content=\"2020-08-07T19:42:09+00:00\" \/>\n<meta property=\"article:modified_time\" content=\"2024-07-26T11:54:27+00:00\" \/>\n<meta property=\"og:image\" content=\"https:\/\/storage.googleapis.com\/oitchaublog\/2020\/08\/873d1ae0-sustentabilidade-empresarial.png\" \/>\n\t<meta property=\"og:image:width\" content=\"1982\" \/>\n\t<meta property=\"og:image:height\" content=\"800\" \/>\n\t<meta property=\"og:image:type\" content=\"image\/png\" \/>\n<meta name=\"author\" content=\"Aline Mesquita\" \/>\n<meta name=\"twitter:card\" content=\"summary_large_image\" \/>\n<meta name=\"twitter:creator\" content=\"@oitchaubr\" \/>\n<meta name=\"twitter:site\" content=\"@oitchaubr\" \/>\n<meta name=\"twitter:label1\" content=\"Written by\" \/>\n\t<meta name=\"twitter:data1\" content=\"Aline Mesquita\" \/>\n\t<meta name=\"twitter:label2\" content=\"Est. reading time\" \/>\n\t<meta name=\"twitter:data2\" content=\"9 minutos\" \/>\n<script type=\"application\/ld+json\" class=\"yoast-schema-graph\">{\"@context\":\"https:\/\/schema.org\",\"@graph\":[{\"@type\":[\"Article\",\"BlogPosting\"],\"@id\":\"https:\/\/www.oitchau.com.br\/blog\/sustentabilidade-empresarial-como-ser-sustentavel-e-ecologico\/#article\",\"isPartOf\":{\"@id\":\"https:\/\/www.oitchau.com.br\/blog\/sustentabilidade-empresarial-como-ser-sustentavel-e-ecologico\/\"},\"author\":{\"name\":\"Aline Mesquita\",\"@id\":\"https:\/\/www.oitchau.com.br\/blog\/#\/schema\/person\/40ba65f8664531ffe1465f6cb9d82430\"},\"headline\":\"Sustentabilidade empresarial: Como ser sustent\u00e1vel e ecol\u00f3gico?\",\"datePublished\":\"2020-08-07T19:42:09+00:00\",\"dateModified\":\"2024-07-26T11:54:27+00:00\",\"mainEntityOfPage\":{\"@id\":\"https:\/\/www.oitchau.com.br\/blog\/sustentabilidade-empresarial-como-ser-sustentavel-e-ecologico\/\"},\"wordCount\":1759,\"publisher\":{\"@id\":\"https:\/\/www.oitchau.com.br\/blog\/#organization\"},\"image\":{\"@id\":\"https:\/\/www.oitchau.com.br\/blog\/sustentabilidade-empresarial-como-ser-sustentavel-e-ecologico\/#primaryimage\"},\"thumbnailUrl\":\"https:\/\/storage.googleapis.com\/oitchaublog\/2020\/08\/873d1ae0-sustentabilidade-empresarial.png\",\"keywords\":[\"inova\u00e7\u00e3o\",\"sustentabilidade do neg\u00f3cio\",\"Sustentabilidade empresarial\"],\"articleSection\":[\"Inova\u00e7\u00e3o\"],\"inLanguage\":\"pt-BR\"},{\"@type\":\"WebPage\",\"@id\":\"https:\/\/www.oitchau.com.br\/blog\/sustentabilidade-empresarial-como-ser-sustentavel-e-ecologico\/\",\"url\":\"https:\/\/www.oitchau.com.br\/blog\/sustentabilidade-empresarial-como-ser-sustentavel-e-ecologico\/\",\"name\":\"Sustentabilidade empresarial: Como ser sustent\u00e1vel e ecol\u00f3gico? | Oitchau\",\"isPartOf\":{\"@id\":\"https:\/\/www.oitchau.com.br\/blog\/#website\"},\"primaryImageOfPage\":{\"@id\":\"https:\/\/www.oitchau.com.br\/blog\/sustentabilidade-empresarial-como-ser-sustentavel-e-ecologico\/#primaryimage\"},\"image\":{\"@id\":\"https:\/\/www.oitchau.com.br\/blog\/sustentabilidade-empresarial-como-ser-sustentavel-e-ecologico\/#primaryimage\"},\"thumbnailUrl\":\"https:\/\/storage.googleapis.com\/oitchaublog\/2020\/08\/873d1ae0-sustentabilidade-empresarial.png\",\"datePublished\":\"2020-08-07T19:42:09+00:00\",\"dateModified\":\"2024-07-26T11:54:27+00:00\",\"description\":\"Sustentabilidade empresarial, um tema que est\u00e1 direcionado para as preocupa\u00e7\u00f5es com o meio ambiente, e que n\u00e3o se limitam \u00e0s a\u00e7\u00f5es governamentais e pessoais\",\"breadcrumb\":{\"@id\":\"https:\/\/www.oitchau.com.br\/blog\/sustentabilidade-empresarial-como-ser-sustentavel-e-ecologico\/#breadcrumb\"},\"inLanguage\":\"pt-BR\",\"potentialAction\":[{\"@type\":\"ReadAction\",\"target\":[\"https:\/\/www.oitchau.com.br\/blog\/sustentabilidade-empresarial-como-ser-sustentavel-e-ecologico\/\"]}]},{\"@type\":\"ImageObject\",\"inLanguage\":\"pt-BR\",\"@id\":\"https:\/\/www.oitchau.com.br\/blog\/sustentabilidade-empresarial-como-ser-sustentavel-e-ecologico\/#primaryimage\",\"url\":\"https:\/\/storage.googleapis.com\/oitchaublog\/2020\/08\/873d1ae0-sustentabilidade-empresarial.png\",\"contentUrl\":\"https:\/\/storage.googleapis.com\/oitchaublog\/2020\/08\/873d1ae0-sustentabilidade-empresarial.png\",\"width\":1982,\"height\":800,\"caption\":\"sustentabilidade empresarial\"},{\"@type\":\"BreadcrumbList\",\"@id\":\"https:\/\/www.oitchau.com.br\/blog\/sustentabilidade-empresarial-como-ser-sustentavel-e-ecologico\/#breadcrumb\",\"itemListElement\":[{\"@type\":\"ListItem\",\"position\":1,\"name\":\"Blog\",\"item\":\"https:\/\/www.oitchau.com.br\/blog\/\"},{\"@type\":\"ListItem\",\"position\":2,\"name\":\"Sustentabilidade empresarial: Como ser sustent\u00e1vel e ecol\u00f3gico?\"}]},{\"@type\":\"WebSite\",\"@id\":\"https:\/\/www.oitchau.com.br\/blog\/#website\",\"url\":\"https:\/\/www.oitchau.com.br\/blog\/\",\"name\":\"Controle de Ponto & Timesheets\",\"description\":\"\",\"publisher\":{\"@id\":\"https:\/\/www.oitchau.com.br\/blog\/#organization\"},\"potentialAction\":[{\"@type\":\"SearchAction\",\"target\":{\"@type\":\"EntryPoint\",\"urlTemplate\":\"https:\/\/www.oitchau.com.br\/blog\/?s={search_term_string}\"},\"query-input\":\"required name=search_term_string\"}],\"inLanguage\":\"pt-BR\"},{\"@type\":\"Organization\",\"@id\":\"https:\/\/www.oitchau.com.br\/blog\/#organization\",\"name\":\"Oitchau\",\"url\":\"https:\/\/www.oitchau.com.br\/blog\/\",\"logo\":{\"@type\":\"ImageObject\",\"inLanguage\":\"pt-BR\",\"@id\":\"https:\/\/www.oitchau.com.br\/blog\/#\/schema\/logo\/image\/\",\"url\":\"https:\/\/storage.googleapis.com\/oitchaublog\/2024\/03\/a0e65c6f-design-sem-nome-20.png\",\"contentUrl\":\"https:\/\/storage.googleapis.com\/oitchaublog\/2024\/03\/a0e65c6f-design-sem-nome-20.png\",\"width\":696,\"height\":696,\"caption\":\"Oitchau\"},\"image\":{\"@id\":\"https:\/\/www.oitchau.com.br\/blog\/#\/schema\/logo\/image\/\"},\"sameAs\":[\"https:\/\/www.facebook.com\/oitchaubr\/\",\"https:\/\/twitter.com\/oitchaubr\",\"https:\/\/instagram.com\/oitchaubr\"],\"description\":\"A Oitchau \u00e9 uma solu\u00e7\u00e3o completa para gest\u00e3o de tempo dos colaboradores, atrav\u00e9s de suas solu\u00e7\u00f5es de controle de ponto & timesheets, ela permite que gestores, RH e DP possam gerenciar desde a jornada de trabalho de funcion\u00e1rios at\u00e9 a gest\u00e3o de tempo em projetos. Elevando o n\u00edvel estrat\u00e9gico do neg\u00f3cio de forma inteligente e assertiva, potencializando seus resultados e garantindo compliance com a Lei.\",\"email\":\"contato@oitchau.com.br\",\"telephone\":\"+551142102846\",\"foundingDate\":\"2016-01-01\",\"numberOfEmployees\":{\"@type\":\"QuantitativeValue\",\"minValue\":\"51\",\"maxValue\":\"200\"}},{\"@type\":\"Person\",\"@id\":\"https:\/\/www.oitchau.com.br\/blog\/#\/schema\/person\/40ba65f8664531ffe1465f6cb9d82430\",\"name\":\"Aline Mesquita\",\"url\":\"https:\/\/www.oitchau.com.br\/blog\/author\/aline\/\"}]}<\/script>\n<!-- \/ Yoast SEO Premium plugin. -->","yoast_head_json":{"title":"Sustentabilidade empresarial: Como ser sustent\u00e1vel e ecol\u00f3gico? | Oitchau","description":"Sustentabilidade empresarial, um tema que est\u00e1 direcionado para as preocupa\u00e7\u00f5es com o meio ambiente, e que n\u00e3o se limitam \u00e0s a\u00e7\u00f5es governamentais e pessoais","robots":{"index":"index","follow":"follow","max-snippet":"max-snippet:-1","max-image-preview":"max-image-preview:large","max-video-preview":"max-video-preview:-1"},"canonical":"https:\/\/www.oitchau.com.br\/blog\/sustentabilidade-empresarial-como-ser-sustentavel-e-ecologico\/","og_locale":"pt_BR","og_type":"article","og_title":"Sustentabilidade empresarial: Como ser sustent\u00e1vel e ecol\u00f3gico?","og_description":"Sustentabilidade empresarial, um tema que est\u00e1 direcionado para as preocupa\u00e7\u00f5es com o meio ambiente, e que n\u00e3o se limitam \u00e0s a\u00e7\u00f5es governamentais e pessoais","og_url":"https:\/\/www.oitchau.com.br\/blog\/sustentabilidade-empresarial-como-ser-sustentavel-e-ecologico\/","og_site_name":"Controle de Ponto &amp; Timesheets","article_publisher":"https:\/\/www.facebook.com\/oitchaubr\/","article_published_time":"2020-08-07T19:42:09+00:00","article_modified_time":"2024-07-26T11:54:27+00:00","og_image":[{"width":1982,"height":800,"url":"https:\/\/storage.googleapis.com\/oitchaublog\/2020\/08\/873d1ae0-sustentabilidade-empresarial.png","type":"image\/png"}],"author":"Aline Mesquita","twitter_card":"summary_large_image","twitter_creator":"@oitchaubr","twitter_site":"@oitchaubr","twitter_misc":{"Written by":"Aline Mesquita","Est. reading time":"9 minutos"},"schema":{"@context":"https:\/\/schema.org","@graph":[{"@type":["Article","BlogPosting"],"@id":"https:\/\/www.oitchau.com.br\/blog\/sustentabilidade-empresarial-como-ser-sustentavel-e-ecologico\/#article","isPartOf":{"@id":"https:\/\/www.oitchau.com.br\/blog\/sustentabilidade-empresarial-como-ser-sustentavel-e-ecologico\/"},"author":{"name":"Aline Mesquita","@id":"https:\/\/www.oitchau.com.br\/blog\/#\/schema\/person\/40ba65f8664531ffe1465f6cb9d82430"},"headline":"Sustentabilidade empresarial: Como ser sustent\u00e1vel e ecol\u00f3gico?","datePublished":"2020-08-07T19:42:09+00:00","dateModified":"2024-07-26T11:54:27+00:00","mainEntityOfPage":{"@id":"https:\/\/www.oitchau.com.br\/blog\/sustentabilidade-empresarial-como-ser-sustentavel-e-ecologico\/"},"wordCount":1759,"publisher":{"@id":"https:\/\/www.oitchau.com.br\/blog\/#organization"},"image":{"@id":"https:\/\/www.oitchau.com.br\/blog\/sustentabilidade-empresarial-como-ser-sustentavel-e-ecologico\/#primaryimage"},"thumbnailUrl":"https:\/\/storage.googleapis.com\/oitchaublog\/2020\/08\/873d1ae0-sustentabilidade-empresarial.png","keywords":["inova\u00e7\u00e3o","sustentabilidade do neg\u00f3cio","Sustentabilidade empresarial"],"articleSection":["Inova\u00e7\u00e3o"],"inLanguage":"pt-BR"},{"@type":"WebPage","@id":"https:\/\/www.oitchau.com.br\/blog\/sustentabilidade-empresarial-como-ser-sustentavel-e-ecologico\/","url":"https:\/\/www.oitchau.com.br\/blog\/sustentabilidade-empresarial-como-ser-sustentavel-e-ecologico\/","name":"Sustentabilidade empresarial: Como ser sustent\u00e1vel e ecol\u00f3gico? | Oitchau","isPartOf":{"@id":"https:\/\/www.oitchau.com.br\/blog\/#website"},"primaryImageOfPage":{"@id":"https:\/\/www.oitchau.com.br\/blog\/sustentabilidade-empresarial-como-ser-sustentavel-e-ecologico\/#primaryimage"},"image":{"@id":"https:\/\/www.oitchau.com.br\/blog\/sustentabilidade-empresarial-como-ser-sustentavel-e-ecologico\/#primaryimage"},"thumbnailUrl":"https:\/\/storage.googleapis.com\/oitchaublog\/2020\/08\/873d1ae0-sustentabilidade-empresarial.png","datePublished":"2020-08-07T19:42:09+00:00","dateModified":"2024-07-26T11:54:27+00:00","description":"Sustentabilidade empresarial, um tema que est\u00e1 direcionado para as preocupa\u00e7\u00f5es com o meio ambiente, e que n\u00e3o se limitam \u00e0s a\u00e7\u00f5es governamentais e pessoais","breadcrumb":{"@id":"https:\/\/www.oitchau.com.br\/blog\/sustentabilidade-empresarial-como-ser-sustentavel-e-ecologico\/#breadcrumb"},"inLanguage":"pt-BR","potentialAction":[{"@type":"ReadAction","target":["https:\/\/www.oitchau.com.br\/blog\/sustentabilidade-empresarial-como-ser-sustentavel-e-ecologico\/"]}]},{"@type":"ImageObject","inLanguage":"pt-BR","@id":"https:\/\/www.oitchau.com.br\/blog\/sustentabilidade-empresarial-como-ser-sustentavel-e-ecologico\/#primaryimage","url":"https:\/\/storage.googleapis.com\/oitchaublog\/2020\/08\/873d1ae0-sustentabilidade-empresarial.png","contentUrl":"https:\/\/storage.googleapis.com\/oitchaublog\/2020\/08\/873d1ae0-sustentabilidade-empresarial.png","width":1982,"height":800,"caption":"sustentabilidade empresarial"},{"@type":"BreadcrumbList","@id":"https:\/\/www.oitchau.com.br\/blog\/sustentabilidade-empresarial-como-ser-sustentavel-e-ecologico\/#breadcrumb","itemListElement":[{"@type":"ListItem","position":1,"name":"Blog","item":"https:\/\/www.oitchau.com.br\/blog\/"},{"@type":"ListItem","position":2,"name":"Sustentabilidade empresarial: Como ser sustent\u00e1vel e ecol\u00f3gico?"}]},{"@type":"WebSite","@id":"https:\/\/www.oitchau.com.br\/blog\/#website","url":"https:\/\/www.oitchau.com.br\/blog\/","name":"Controle de Ponto & Timesheets","description":"","publisher":{"@id":"https:\/\/www.oitchau.com.br\/blog\/#organization"},"potentialAction":[{"@type":"SearchAction","target":{"@type":"EntryPoint","urlTemplate":"https:\/\/www.oitchau.com.br\/blog\/?s={search_term_string}"},"query-input":"required name=search_term_string"}],"inLanguage":"pt-BR"},{"@type":"Organization","@id":"https:\/\/www.oitchau.com.br\/blog\/#organization","name":"Oitchau","url":"https:\/\/www.oitchau.com.br\/blog\/","logo":{"@type":"ImageObject","inLanguage":"pt-BR","@id":"https:\/\/www.oitchau.com.br\/blog\/#\/schema\/logo\/image\/","url":"https:\/\/storage.googleapis.com\/oitchaublog\/2024\/03\/a0e65c6f-design-sem-nome-20.png","contentUrl":"https:\/\/storage.googleapis.com\/oitchaublog\/2024\/03\/a0e65c6f-design-sem-nome-20.png","width":696,"height":696,"caption":"Oitchau"},"image":{"@id":"https:\/\/www.oitchau.com.br\/blog\/#\/schema\/logo\/image\/"},"sameAs":["https:\/\/www.facebook.com\/oitchaubr\/","https:\/\/twitter.com\/oitchaubr","https:\/\/instagram.com\/oitchaubr"],"description":"A Oitchau \u00e9 uma solu\u00e7\u00e3o completa para gest\u00e3o de tempo dos colaboradores, atrav\u00e9s de suas solu\u00e7\u00f5es de controle de ponto & timesheets, ela permite que gestores, RH e DP possam gerenciar desde a jornada de trabalho de funcion\u00e1rios at\u00e9 a gest\u00e3o de tempo em projetos. Elevando o n\u00edvel estrat\u00e9gico do neg\u00f3cio de forma inteligente e assertiva, potencializando seus resultados e garantindo compliance com a Lei.","email":"contato@oitchau.com.br","telephone":"+551142102846","foundingDate":"2016-01-01","numberOfEmployees":{"@type":"QuantitativeValue","minValue":"51","maxValue":"200"}},{"@type":"Person","@id":"https:\/\/www.oitchau.com.br\/blog\/#\/schema\/person\/40ba65f8664531ffe1465f6cb9d82430","name":"Aline Mesquita","url":"https:\/\/www.oitchau.com.br\/blog\/author\/aline\/"}]}},"_links":{"self":[{"href":"https:\/\/www.oitchau.com.br\/blog\/wp-json\/wp\/v2\/posts\/11351"}],"collection":[{"href":"https:\/\/www.oitchau.com.br\/blog\/wp-json\/wp\/v2\/posts"}],"about":[{"href":"https:\/\/www.oitchau.com.br\/blog\/wp-json\/wp\/v2\/types\/post"}],"author":[{"embeddable":true,"href":"https:\/\/www.oitchau.com.br\/blog\/wp-json\/wp\/v2\/users\/11"}],"replies":[{"embeddable":true,"href":"https:\/\/www.oitchau.com.br\/blog\/wp-json\/wp\/v2\/comments?post=11351"}],"version-history":[{"count":2,"href":"https:\/\/www.oitchau.com.br\/blog\/wp-json\/wp\/v2\/posts\/11351\/revisions"}],"predecessor-version":[{"id":33299,"href":"https:\/\/www.oitchau.com.br\/blog\/wp-json\/wp\/v2\/posts\/11351\/revisions\/33299"}],"wp:featuredmedia":[{"embeddable":true,"href":"https:\/\/www.oitchau.com.br\/blog\/wp-json\/wp\/v2\/media\/34940"}],"wp:attachment":[{"href":"https:\/\/www.oitchau.com.br\/blog\/wp-json\/wp\/v2\/media?parent=11351"}],"wp:term":[{"taxonomy":"category","embeddable":true,"href":"https:\/\/www.oitchau.com.br\/blog\/wp-json\/wp\/v2\/categories?post=11351"},{"taxonomy":"post_tag","embeddable":true,"href":"https:\/\/www.oitchau.com.br\/blog\/wp-json\/wp\/v2\/tags?post=11351"}],"curies":[{"name":"wp","href":"https:\/\/api.w.org\/{rel}","templated":true}]}}