{"id":11059,"date":"2020-07-17T06:06:33","date_gmt":"2020-07-17T03:06:33","guid":{"rendered":"https:\/\/www.oitchau.com.br\/blog\/?p=11059"},"modified":"2024-07-26T14:46:18","modified_gmt":"2024-07-26T11:46:18","slug":"quais-as-vantagens-de-controlar-o-acesso-por-biometria-facial","status":"publish","type":"post","link":"https:\/\/www.oitchau.com.br\/blog\/quais-as-vantagens-de-controlar-o-acesso-por-biometria-facial\/","title":{"rendered":"Quais as vantagens de controlar o acesso por biometria facial?"},"content":{"rendered":"\r\n<p>O reconhecimento por biometria facial \u00e9 uma das op\u00e7\u00f5es que s\u00e3o dadas \u00e0s empresas para realizar o <a href=\"https:\/\/www.oitchau.com.br\/features\/schedules\/\">controle de jornada<\/a> de seus empregados. Ela nada mais \u00e9 que o uso de sistemas modernos que, com o aux\u00edlio de tablets, s\u00e3o capazes de fazer o reconhecimento do colaborador pela imagem do rosto dele.<\/p>\r\n\r\n\r\n\r\n<p>Esse tipo de reconhecimento pode ser feito para libera\u00e7\u00e3o de acesso a lugares no interior da empresa, por exemplo.<\/p>\r\n\r\n\r\n\r\n<p>Confira, abaixo, como funciona esse tipo de controle de ponto e quais s\u00e3o as vantagens para uma empresa em adot\u00e1-lo.<\/p>\r\n\r\n\r\n\r\n<h2 class=\"wp-block-heading\">Reconhecimento de biometria facial: Modernize o controle de jornada da sua empresa<\/h2>\r\n\r\n\r\n\r\n<p>\u00c9 dever de todas as empresas com mais de 20 funcion\u00e1rios a promo\u00e7\u00e3o do controle de jornada dos seus empregados. Isso pode ser feito de diversas formas, sendo que o rel\u00f3gio de ponto eletr\u00f4nico \u00e9 a forma mais comum.<\/p>\r\n\r\n\r\n\r\n<p>Nesse tipo de ferramenta, que \u00e9 conhecida como REP, ocorre a anota\u00e7\u00e3o de todos os hor\u00e1rios referentes \u00e0 jornada do empregado, inclusive dos intervalos.<\/p>\r\n<p><span data-sheets-value=\"{&quot;1&quot;:2,&quot;2&quot;:&quot;\n\t\t&lt;!--HubSpot Call-to-Action Code --&gt;\n\t\t&lt;span class=&quot;hs-cta-wrapper&quot; id=&quot;hs-cta-wrapper-68acec24-1642-4b04-a249-1845cd830d4c&quot;&gt;\n\t\t&lt;span class=&quot;hs-cta-node hs-cta-68acec24-1642-4b04-a249-1845cd830d4c&quot; id=&quot;68acec24-1642-4b04-a249-1845cd830d4c&quot;&gt;\n\t\t&lt;!--[if lte IE 8]&gt;\n\t\t&lt;div id=&quot;hs-cta-ie-element&quot;&gt;&lt;\/div&gt;\n\t\t&lt;![endif]--&gt;\n\t\t&lt;a href=&quot;https:\/\/cta-redirect.hubspot.com\/cta\/redirect\/20984162\/68acec24-1642-4b04-a249-1845cd830d4c&quot; &gt;\n\t\t&lt;img class=&quot;hs-cta-img&quot; id=&quot;hs-cta-img-68acec24-1642-4b04-a249-1845cd830d4c&quot; style=&quot;border-width:0px;&quot; src=&quot;https:\/\/no-cache.hubspot.com\/cta\/default\/20984162\/68acec24-1642-4b04-a249-1845cd830d4c.png&quot;  alt=&quot;New call-to-action&quot;\/&gt;\n\t\t&lt;\/a&gt;\n\t\t&lt;\/span&gt;\n\t\t&lt;script charset=&quot;utf-8&quot; src=&quot;\/\/js.hubspot.com\/cta\/current.js&quot;&gt;&lt;\/script&gt;\n\t\t&lt;script&gt;\n\t\thbspt.cta.load(20984162, &#039;68acec24-1642-4b04-a249-1845cd830d4c&#039;, {});\n\t\t&lt;\/script&gt;\n\t\t&lt;\/span&gt;\n\t\t&lt;!-- end HubSpot Call-to-Action Code --&gt;\n\t\t&quot;}\" data-sheets-userformat=\"{&quot;2&quot;:899,&quot;3&quot;:{&quot;1&quot;:0},&quot;4&quot;:{&quot;1&quot;:2,&quot;2&quot;:16777215},&quot;10&quot;:1,&quot;11&quot;:4,&quot;12&quot;:0}\">\n\t\t<!--HubSpot Call-to-Action Code -->\n\t\t<span class=\"hs-cta-wrapper\" id=\"hs-cta-wrapper-68acec24-1642-4b04-a249-1845cd830d4c\">\n\t\t<span class=\"hs-cta-node hs-cta-68acec24-1642-4b04-a249-1845cd830d4c\" id=\"68acec24-1642-4b04-a249-1845cd830d4c\">\n\t\t<!--[if lte IE 8]>\n\t\t<div id=\"hs-cta-ie-element\"><\/div>\n\t\t<![endif]-->\n\t\t<a href=\"https:\/\/cta-redirect.hubspot.com\/cta\/redirect\/20984162\/68acec24-1642-4b04-a249-1845cd830d4c\" >\n\t\t<img decoding=\"async\" class=\"hs-cta-img\" id=\"hs-cta-img-68acec24-1642-4b04-a249-1845cd830d4c\" style=\"border-width:0px;\" src=\"https:\/\/no-cache.hubspot.com\/cta\/default\/20984162\/68acec24-1642-4b04-a249-1845cd830d4c.png\"  alt=\"New call-to-action\"\/>\n\t\t<\/a>\n\t\t<\/span>\n\t\t<script charset=\"utf-8\" src=\"\/\/js.hubspot.com\/cta\/current.js\"><\/script>\n\t\t<script>\n\t\thbspt.cta.load(20984162, '68acec24-1642-4b04-a249-1845cd830d4c', {});\n\t\t<\/script>\n\t\t<\/span>\n\t\t<!-- end HubSpot Call-to-Action Code -->\n\t\t<\/span><\/p>\r\n\r\n\r\n\r\n<p>Existem diversos tipos de rel\u00f3gios de ponto e cada um deles aceita um tipo espec\u00edfico de identifica\u00e7\u00e3o do empregado. Alguns fazem uso da impress\u00e3o digital, enquanto outros necessitam da inser\u00e7\u00e3o de cart\u00f5es ou que senhas sejam digitadas.<\/p>\r\n\r\n\r\n\r\n<p>No caso do controle de ponto que se utiliza da biometria facial, por sua vez, o registro \u00e9 feito com o registro dos tra\u00e7os do rosto do colaborador, que s\u00e3o reconhecidos pelo sistema.<\/p>\r\n\r\n\r\n\r\n<h2 class=\"wp-block-heading\">Reconhecimento de biometria facial: O que diz a legisla\u00e7\u00e3o?<\/h2>\r\n\r\n\r\n\r\n<p>Confira o que diz a lei em rela\u00e7\u00e3o ao controle da jornada de trabalho para entender como ela trata o registro de ponto por uso de reconhecimento facial. Confira:<\/p>\r\n\r\n\r\n\r\n<blockquote class=\"wp-block-quote\">\r\n<p><em>Art. 74.\u00a0 O hor\u00e1rio de trabalho ser\u00e1 anotado em registro de empregados.\u00a0(Reda\u00e7\u00e3o dada pela Lei n\u00ba 13.874, de 2019)<\/em><\/p>\r\n<\/blockquote>\r\n\r\n\r\n\r\n<blockquote class=\"wp-block-quote\">\r\n<p><em>\u00a7 1\u00ba (Revogado).\u00a0(Reda\u00e7\u00e3o dada pela Lei n\u00ba 13.874, de 2019)<\/em><\/p>\r\n<p><em>\u00a7 2\u00ba\u00a0 Para os estabelecimentos com mais de 20 (vinte) trabalhadores ser\u00e1 obrigat\u00f3ria a anota\u00e7\u00e3o da hora de entrada e de sa\u00edda, em registro manual, mec\u00e2nico ou eletr\u00f4nico, conforme instru\u00e7\u00f5es expedidas pela Secretaria Especial de Previd\u00eancia e Trabalho do Minist\u00e9rio da Economia, permitida a pr\u00e9-assinala\u00e7\u00e3o do per\u00edodo de repouso.\u00a0(Reda\u00e7\u00e3o dada pela Lei n\u00ba 13.874, de 2019)<\/em><\/p>\r\n<p><em>\u00a7 3\u00ba\u00a0 Se o trabalho for executado fora do estabelecimento, o hor\u00e1rio dos empregados constar\u00e1 do registro manual, mec\u00e2nico ou eletr\u00f4nico em seu poder, sem preju\u00edzo do que disp\u00f5e o caput deste artigo. (Reda\u00e7\u00e3o dada pela Lei n\u00ba 13.874, de 2019)<\/em><\/p>\r\n<p><em>\u00a7 4\u00ba\u00a0 Fica permitida a utiliza\u00e7\u00e3o de registro de ponto por exce\u00e7\u00e3o \u00e0 jornada regular de trabalho, mediante acordo individual escrito, conven\u00e7\u00e3o coletiva ou acordo coletivo de trabalho.\u00a0\u00a0 <\/em><\/p>\r\n<\/blockquote>\r\n\r\n\r\n\r\n<p>A credibilidade das informa\u00e7\u00f5es do controle de ponto e a considera\u00e7\u00e3o da validade dos controles de ponto dependem da observa\u00e7\u00e3o das regulamenta\u00e7\u00f5es do Minist\u00e9rio do Trabalho e Emprego (MTE).<\/p>\r\n\r\n\r\n\r\n<p>Para entender se o controle por biometria facial \u00e9 reconhecido pela lei, \u00e9 necess\u00e1rio entender quais s\u00e3o as exig\u00eancias do \u00f3rg\u00e3o estatal.<\/p>\r\n\r\n\r\n\r\n<p>\u00a0S\u00e3o elas:<\/p>\r\n\r\n\r\n\r\n<ul>\r\n<li>O rel\u00f3gio interno de tempo real deve ter precis\u00e3o m\u00ednima de um minuto por ano, capacidade de funcionamento ininterrupto quando da queda do abastecimento de energia el\u00e9trica por um per\u00edodo de no m\u00ednimo mil quatrocentos e quarenta horas;<\/li>\r\n<li>Outro ponto importante \u00e9 que todos os sistemas de marca\u00e7\u00e3o devem conter mostrador do rel\u00f3gio de tempo real contendo hora, minutos e segundos;<\/li>\r\n<li>Em terceiro lugar, o MTE exige a disposi\u00e7\u00e3o, no sistema de ponto, de um mecanismo integrado e de uso exclusivo do equipamento dedicado \u00e0 impress\u00e3o do comprovante de registro. Esse mecanismo deve ter dura\u00e7\u00e3o m\u00ednima de cinco anos;<\/li>\r\n<li>Destaca-se, a necessidade de que os sistemas apresentem Mem\u00f3ria de Registro de Ponto \u2013 MRP, que corresponde ao local em que ser\u00e3o armazenados os dados de registro. Esses dados n\u00e3o podem ser apagados ou alterados, direta ou indiretamente;<\/li>\r\n<li>O sistema dever\u00e1 ser instrumentalizado com o que se chama de Mem\u00f3ria de Trabalho \u2013 MT, onde ficar\u00e3o armazenados os dados necess\u00e1rios \u00e0 opera\u00e7\u00e3o do REP;<\/li>\r\n<li>O aparelho utilizado para o controle de ponto, independentemente da forma de identifica\u00e7\u00e3o do empregado, deve conter uma entrada padr\u00e3o USB externa, denominada Porta Fiscal, para pronta captura dos dados armazenados na MRP pelo Auditor- Fiscal do Trabalho;<\/li>\r\n<li>O controle de ponto n\u00e3o dever\u00e1 depender de qualquer conex\u00e3o com outro equipamento externo para conseguir fazer as marca\u00e7\u00f5es, podendo atuar de maneira independente;<\/li>\r\n<li>Haver\u00e1 interrup\u00e7\u00e3o do controle de jornada pelo sistema eletr\u00f4nico quando for feita qualquer opera\u00e7\u00e3o que exija a comunica\u00e7\u00e3o do REP com qualquer outro equipamento, seja para carga ou leitura de dados.<\/li>\r\n<\/ul>\r\n\r\n\r\n\r\n<p>Embora existam muitas regras sobre o controle de ponto, nem a CLT nem a Portaria do MTE estipulam qual \u00e9, exatamente, o meio que deve ser utilizado para o reconhecimento do empregado, bastando que ele seja reconhecido e que o sistema contenha dados sobre ele, o empregador e outros.<\/p>\r\n\r\n\r\n\r\n<p>Pode-se concluir que n\u00e3o h\u00e1 \u00f3bice no uso do controle de acesso dos empregados \u00e0 empresa por meio de biometria facial. Confira, abaixo, algumas vantagens de faz\u00ea-lo.<\/p>\r\n\r\n\r\n\r\n<h2 class=\"wp-block-heading\">Vantagens do uso do reconhecimento facial<\/h2>\r\n\r\n\r\n\r\n<p>S\u00e3o v\u00e1rias as vantagens no uso de um sistema que use o reconhecimento da face, com c\u00e2mera, para o controle de jornada. Confira alguns e considere modernizar seu sistema!<\/p>\r\n\r\n\r\n\r\n<h3 class=\"wp-block-heading\">1.\u00a0\u00a0\u00a0\u00a0\u00a0 Praticidade para marca\u00e7\u00e3o de jornada<\/h3>\r\n\r\n\r\n\r\n<p>O controle de acesso e jornada pela empresa que \u00e9 feito pelo <a href=\"https:\/\/www.oitchau.com.br\/blog\/a-tecnologia-de-reconhecimento-facial-e-realmente-segura\/\">reconhecimento facial<\/a> \u00e9 muito interessante na medida em que n\u00e3o requer que o empregado esteja em posse de alguma outra coisa para identific\u00e1-lo.<\/p>\r\n\r\n\r\n\r\n<p>Ele n\u00e3o precisa se preocupar em portar um crach\u00e1 ou em decorar um c\u00f3digo ou senha, bastando que fique postado frente ao tablet.<\/p>\r\n\r\n\r\n\r\n<h3 class=\"wp-block-heading\">2.\u00a0\u00a0\u00a0\u00a0\u00a0 Agilidade e rapidez<\/h3>\r\n\r\n\r\n\r\n<p>O sistema de reconhecimento de biometria facial oferecido pelo OiTchau leva apenas 3 segundos para identificar um colaborador e realizar a marca\u00e7\u00e3o de sua jornada. Ele cumpre com rapidez o dever de registrar os hor\u00e1rios e filas s\u00e3o evitadas.<\/p>\r\n\r\n\r\n\r\n<p>Isso otimiza o tempo do empregado e evita maiores transtornos no momento das entradas e sa\u00eddas.<\/p>\r\n\r\n\r\n\r\n<h3 class=\"wp-block-heading\">3.\u00a0\u00a0\u00a0\u00a0\u00a0 Biometria facial aumenta a seguran\u00e7a<\/h3>\r\n\r\n\r\n\r\n<p>Outra das vantagens em adotar um desses sistemas modernos \u00e9 pela seguran\u00e7a conferida \u00e0 empresa, pois ele realmente permite saber quem circula pela sede empresarial.<\/p>\r\n\r\n\r\n\r\n<p>Ele evita fraudes na marca\u00e7\u00e3o de ponto como em casos em que empregados registram a jornada no lugar de outros, o que \u00e9 poss\u00edvel com sistemas baseados em c\u00f3digos e senhas, assim como de cart\u00e3o.<\/p>\r\n\r\n\r\n\r\n<h3 class=\"wp-block-heading\">4.\u00a0\u00a0\u00a0\u00a0\u00a0 Controle de espa\u00e7os internos<\/h3>\r\n\r\n\r\n\r\n<p>O reconhecimento facial n\u00e3o se restringe ao controle de jornada. Muito pelo contr\u00e1rio, ele pode ser usado para controlar o acesso a espa\u00e7os internos e restritos, permitindo, novamente, maior seguran\u00e7a \u00e0 organiza\u00e7\u00e3o e aos seus dados.<\/p>\r\n\r\n\r\n\r\n<h3 class=\"wp-block-heading\">5.\u00a0\u00a0\u00a0\u00a0\u00a0 Facilidade de acesso ao controle de jornada<\/h3>\r\n\r\n\r\n\r\n<p>O reconhecimento facial pode ser combinado a um moderno controle digital de jornada. Assim que informados os dados de hor\u00e1rios, diariamente, eles s\u00e3o processados e passam a constar automaticamente nos controles.<\/p>\r\n\r\n\r\n\r\n<p>\u00c9 poss\u00edvel acessar esses dados a qualquer momento e fazer um excelente controle de horas extras, por exemplo.<\/p>\r\n\r\n\r\n\r\n<h3 class=\"wp-block-heading\">6.\u00a0\u00a0\u00a0\u00a0\u00a0 Controle de jornada prestada remotamente<\/h3>\r\n\r\n\r\n\r\n<p>Outra das vantagens desse sistema de marca\u00e7\u00e3o de ponto que leva em considera\u00e7\u00e3o o processamento da imagem facial \u00e9 o fato de que ela pode ser usada para o controle da jornada remota, em <a href=\"https:\/\/www.oitchau.com.br\/blog\/home-office-como-ele-esta-mudando-as-rotinas-de-trabalho\/\">home office<\/a>.<\/p>\r\n<p><span data-sheets-value=\"{&quot;1&quot;:2,&quot;2&quot;:&quot;\n\t\t&lt;!--HubSpot Call-to-Action Code --&gt;\n\t\t&lt;span class=&quot;hs-cta-wrapper&quot; id=&quot;hs-cta-wrapper-86cee452-bec2-49bb-aa7c-a99f6a93f20f&quot;&gt;\n\t\t&lt;span class=&quot;hs-cta-node hs-cta-86cee452-bec2-49bb-aa7c-a99f6a93f20f&quot; id=&quot;86cee452-bec2-49bb-aa7c-a99f6a93f20f&quot;&gt;\n\t\t&lt;!--[if lte IE 8]&gt;\n\t\t&lt;div id=&quot;hs-cta-ie-element&quot;&gt;&lt;\/div&gt;\n\t\t&lt;![endif]--&gt;\n\t\t&lt;a href=&quot;https:\/\/cta-redirect.hubspot.com\/cta\/redirect\/20984162\/86cee452-bec2-49bb-aa7c-a99f6a93f20f&quot; &gt;\n\t\t&lt;img class=&quot;hs-cta-img&quot; id=&quot;hs-cta-img-86cee452-bec2-49bb-aa7c-a99f6a93f20f&quot; style=&quot;border-width:0px;&quot; src=&quot;https:\/\/no-cache.hubspot.com\/cta\/default\/20984162\/86cee452-bec2-49bb-aa7c-a99f6a93f20f.png&quot;  alt=&quot;New call-to-action&quot;\/&gt;\n\t\t&lt;\/a&gt;\n\t\t&lt;\/span&gt;\n\t\t&lt;script charset=&quot;utf-8&quot; src=&quot;\/\/js.hubspot.com\/cta\/current.js&quot;&gt;&lt;\/script&gt;\n\t\t&lt;script&gt;\n\t\thbspt.cta.load(20984162, &#039;86cee452-bec2-49bb-aa7c-a99f6a93f20f&#039;, {});\n\t\t&lt;\/script&gt;\n\t\t&lt;\/span&gt;\n\t\t&lt;!-- end HubSpot Call-to-Action Code --&gt;\n\t\t&quot;}\" data-sheets-userformat=\"{&quot;2&quot;:963,&quot;3&quot;:{&quot;1&quot;:0},&quot;4&quot;:{&quot;1&quot;:2,&quot;2&quot;:16777215},&quot;9&quot;:0,&quot;10&quot;:1,&quot;11&quot;:4,&quot;12&quot;:0}\">\n\t\t<!--HubSpot Call-to-Action Code -->\n\t\t<span class=\"hs-cta-wrapper\" id=\"hs-cta-wrapper-86cee452-bec2-49bb-aa7c-a99f6a93f20f\">\n\t\t<span class=\"hs-cta-node hs-cta-86cee452-bec2-49bb-aa7c-a99f6a93f20f\" id=\"86cee452-bec2-49bb-aa7c-a99f6a93f20f\">\n\t\t<!--[if lte IE 8]>\n\t\t<div id=\"hs-cta-ie-element\"><\/div>\n\t\t<![endif]-->\n\t\t<a href=\"https:\/\/cta-redirect.hubspot.com\/cta\/redirect\/20984162\/86cee452-bec2-49bb-aa7c-a99f6a93f20f\" >\n\t\t<img decoding=\"async\" class=\"hs-cta-img\" id=\"hs-cta-img-86cee452-bec2-49bb-aa7c-a99f6a93f20f\" style=\"border-width:0px;\" src=\"https:\/\/no-cache.hubspot.com\/cta\/default\/20984162\/86cee452-bec2-49bb-aa7c-a99f6a93f20f.png\"  alt=\"New call-to-action\"\/>\n\t\t<\/a>\n\t\t<\/span>\n\t\t<script charset=\"utf-8\" src=\"\/\/js.hubspot.com\/cta\/current.js\"><\/script>\n\t\t<script>\n\t\thbspt.cta.load(20984162, '86cee452-bec2-49bb-aa7c-a99f6a93f20f', {});\n\t\t<\/script>\n\t\t<\/span>\n\t\t<!-- end HubSpot Call-to-Action Code -->\n\t\t<\/span><\/p>\r\n\r\n\r\n\r\n<p>Para isso, basta que o empregado tenha uma extens\u00e3o, um aplicativo referente ao sistema acoplado em seu celular ou tablet. Assim, diariamente ele pode registrar os hor\u00e1rios de trabalho mesmo que as atividades deste sejam realizadas em casa, longe da sede empresarial.<\/p>\r\n\r\n\r\n\r\n<p>S\u00e3o v\u00e1rios os motivos, que enaltecem o uso de um sistema de reconhecimento facial para o registro de jornada e controle interno.<\/p>\r\n","protected":false},"excerpt":{"rendered":"<p>O reconhecimento por biometria facial \u00e9 uma das op\u00e7\u00f5es que s\u00e3o dadas \u00e0s empresas para realizar o controle de jornada de seus empregados. Ela nada mais \u00e9 que o uso de sistemas modernos que, com o aux\u00edlio de tablets, s\u00e3o capazes de fazer o reconhecimento do colaborador pela imagem do rosto dele. Esse tipo de [&hellip;]<\/p>\n","protected":false},"author":11,"featured_media":34921,"comment_status":"closed","ping_status":"open","sticky":false,"template":"","format":"standard","meta":{"content-type":"","footnotes":""},"categories":[15965],"tags":[15348,15349,13068],"yoast_head":"<!-- This site is optimized with the Yoast SEO Premium plugin v22.2 (Yoast SEO v22.2) - https:\/\/yoast.com\/wordpress\/plugins\/seo\/ -->\n<title>Quais as vantagens de controlar o acesso por biometria facial? | Oitchau<\/title>\n<meta name=\"description\" content=\"O reconhecimento por biometria facial \u00e9 uma das op\u00e7\u00f5es que s\u00e3o dadas \u00e0s empresas para realizar o controle de jornada de seus empregados.\" \/>\n<meta name=\"robots\" content=\"index, follow, max-snippet:-1, max-image-preview:large, max-video-preview:-1\" \/>\n<link rel=\"canonical\" href=\"https:\/\/www.oitchau.com.br\/blog\/quais-as-vantagens-de-controlar-o-acesso-por-biometria-facial\/\" \/>\n<meta property=\"og:locale\" content=\"pt_BR\" \/>\n<meta property=\"og:type\" content=\"article\" \/>\n<meta property=\"og:title\" content=\"Quais as vantagens de controlar o acesso por biometria facial?\" \/>\n<meta property=\"og:description\" content=\"O reconhecimento por biometria facial \u00e9 uma das op\u00e7\u00f5es que s\u00e3o dadas \u00e0s empresas para realizar o controle de jornada de seus empregados.\" \/>\n<meta property=\"og:url\" content=\"https:\/\/www.oitchau.com.br\/blog\/quais-as-vantagens-de-controlar-o-acesso-por-biometria-facial\/\" \/>\n<meta property=\"og:site_name\" content=\"Controle de Ponto &amp; Timesheets\" \/>\n<meta property=\"article:publisher\" content=\"https:\/\/www.facebook.com\/oitchaubr\/\" \/>\n<meta property=\"article:published_time\" content=\"2020-07-17T03:06:33+00:00\" \/>\n<meta property=\"article:modified_time\" content=\"2024-07-26T11:46:18+00:00\" \/>\n<meta property=\"og:image\" content=\"https:\/\/storage.googleapis.com\/oitchaublog\/2020\/07\/d1c2a576-biometria-facial-2.png\" \/>\n\t<meta property=\"og:image:width\" content=\"1982\" \/>\n\t<meta property=\"og:image:height\" content=\"800\" \/>\n\t<meta property=\"og:image:type\" content=\"image\/png\" \/>\n<meta name=\"author\" content=\"Aline Mesquita\" \/>\n<meta name=\"twitter:card\" content=\"summary_large_image\" \/>\n<meta name=\"twitter:creator\" content=\"@oitchaubr\" \/>\n<meta name=\"twitter:site\" content=\"@oitchaubr\" \/>\n<meta name=\"twitter:label1\" content=\"Written by\" \/>\n\t<meta name=\"twitter:data1\" content=\"Aline Mesquita\" \/>\n\t<meta name=\"twitter:label2\" content=\"Est. reading time\" \/>\n\t<meta name=\"twitter:data2\" content=\"7 minutos\" \/>\n<script type=\"application\/ld+json\" class=\"yoast-schema-graph\">{\"@context\":\"https:\/\/schema.org\",\"@graph\":[{\"@type\":[\"Article\",\"BlogPosting\"],\"@id\":\"https:\/\/www.oitchau.com.br\/blog\/quais-as-vantagens-de-controlar-o-acesso-por-biometria-facial\/#article\",\"isPartOf\":{\"@id\":\"https:\/\/www.oitchau.com.br\/blog\/quais-as-vantagens-de-controlar-o-acesso-por-biometria-facial\/\"},\"author\":{\"name\":\"Aline Mesquita\",\"@id\":\"https:\/\/www.oitchau.com.br\/blog\/#\/schema\/person\/40ba65f8664531ffe1465f6cb9d82430\"},\"headline\":\"Quais as vantagens de controlar o acesso por biometria facial?\",\"datePublished\":\"2020-07-17T03:06:33+00:00\",\"dateModified\":\"2024-07-26T11:46:18+00:00\",\"mainEntityOfPage\":{\"@id\":\"https:\/\/www.oitchau.com.br\/blog\/quais-as-vantagens-de-controlar-o-acesso-por-biometria-facial\/\"},\"wordCount\":1351,\"publisher\":{\"@id\":\"https:\/\/www.oitchau.com.br\/blog\/#organization\"},\"image\":{\"@id\":\"https:\/\/www.oitchau.com.br\/blog\/quais-as-vantagens-de-controlar-o-acesso-por-biometria-facial\/#primaryimage\"},\"thumbnailUrl\":\"https:\/\/storage.googleapis.com\/oitchaublog\/2020\/07\/d1c2a576-biometria-facial-2.png\",\"keywords\":[\"Biometria\",\"Biometria facial\",\"Ponto biom\u00e9trico\"],\"articleSection\":[\"Jornada &amp; Ponto\"],\"inLanguage\":\"pt-BR\"},{\"@type\":\"WebPage\",\"@id\":\"https:\/\/www.oitchau.com.br\/blog\/quais-as-vantagens-de-controlar-o-acesso-por-biometria-facial\/\",\"url\":\"https:\/\/www.oitchau.com.br\/blog\/quais-as-vantagens-de-controlar-o-acesso-por-biometria-facial\/\",\"name\":\"Quais as vantagens de controlar o acesso por biometria facial? | Oitchau\",\"isPartOf\":{\"@id\":\"https:\/\/www.oitchau.com.br\/blog\/#website\"},\"primaryImageOfPage\":{\"@id\":\"https:\/\/www.oitchau.com.br\/blog\/quais-as-vantagens-de-controlar-o-acesso-por-biometria-facial\/#primaryimage\"},\"image\":{\"@id\":\"https:\/\/www.oitchau.com.br\/blog\/quais-as-vantagens-de-controlar-o-acesso-por-biometria-facial\/#primaryimage\"},\"thumbnailUrl\":\"https:\/\/storage.googleapis.com\/oitchaublog\/2020\/07\/d1c2a576-biometria-facial-2.png\",\"datePublished\":\"2020-07-17T03:06:33+00:00\",\"dateModified\":\"2024-07-26T11:46:18+00:00\",\"description\":\"O reconhecimento por biometria facial \u00e9 uma das op\u00e7\u00f5es que s\u00e3o dadas \u00e0s empresas para realizar o controle de jornada de seus empregados.\",\"breadcrumb\":{\"@id\":\"https:\/\/www.oitchau.com.br\/blog\/quais-as-vantagens-de-controlar-o-acesso-por-biometria-facial\/#breadcrumb\"},\"inLanguage\":\"pt-BR\",\"potentialAction\":[{\"@type\":\"ReadAction\",\"target\":[\"https:\/\/www.oitchau.com.br\/blog\/quais-as-vantagens-de-controlar-o-acesso-por-biometria-facial\/\"]}]},{\"@type\":\"ImageObject\",\"inLanguage\":\"pt-BR\",\"@id\":\"https:\/\/www.oitchau.com.br\/blog\/quais-as-vantagens-de-controlar-o-acesso-por-biometria-facial\/#primaryimage\",\"url\":\"https:\/\/storage.googleapis.com\/oitchaublog\/2020\/07\/d1c2a576-biometria-facial-2.png\",\"contentUrl\":\"https:\/\/storage.googleapis.com\/oitchaublog\/2020\/07\/d1c2a576-biometria-facial-2.png\",\"width\":1982,\"height\":800,\"caption\":\"biometria facial\"},{\"@type\":\"BreadcrumbList\",\"@id\":\"https:\/\/www.oitchau.com.br\/blog\/quais-as-vantagens-de-controlar-o-acesso-por-biometria-facial\/#breadcrumb\",\"itemListElement\":[{\"@type\":\"ListItem\",\"position\":1,\"name\":\"Blog\",\"item\":\"https:\/\/www.oitchau.com.br\/blog\/\"},{\"@type\":\"ListItem\",\"position\":2,\"name\":\"Quais as vantagens de controlar o acesso por biometria facial?\"}]},{\"@type\":\"WebSite\",\"@id\":\"https:\/\/www.oitchau.com.br\/blog\/#website\",\"url\":\"https:\/\/www.oitchau.com.br\/blog\/\",\"name\":\"Controle de Ponto & Timesheets\",\"description\":\"\",\"publisher\":{\"@id\":\"https:\/\/www.oitchau.com.br\/blog\/#organization\"},\"potentialAction\":[{\"@type\":\"SearchAction\",\"target\":{\"@type\":\"EntryPoint\",\"urlTemplate\":\"https:\/\/www.oitchau.com.br\/blog\/?s={search_term_string}\"},\"query-input\":\"required name=search_term_string\"}],\"inLanguage\":\"pt-BR\"},{\"@type\":\"Organization\",\"@id\":\"https:\/\/www.oitchau.com.br\/blog\/#organization\",\"name\":\"Oitchau\",\"url\":\"https:\/\/www.oitchau.com.br\/blog\/\",\"logo\":{\"@type\":\"ImageObject\",\"inLanguage\":\"pt-BR\",\"@id\":\"https:\/\/www.oitchau.com.br\/blog\/#\/schema\/logo\/image\/\",\"url\":\"https:\/\/storage.googleapis.com\/oitchaublog\/2024\/03\/a0e65c6f-design-sem-nome-20.png\",\"contentUrl\":\"https:\/\/storage.googleapis.com\/oitchaublog\/2024\/03\/a0e65c6f-design-sem-nome-20.png\",\"width\":696,\"height\":696,\"caption\":\"Oitchau\"},\"image\":{\"@id\":\"https:\/\/www.oitchau.com.br\/blog\/#\/schema\/logo\/image\/\"},\"sameAs\":[\"https:\/\/www.facebook.com\/oitchaubr\/\",\"https:\/\/twitter.com\/oitchaubr\",\"https:\/\/instagram.com\/oitchaubr\"],\"description\":\"A Oitchau \u00e9 uma solu\u00e7\u00e3o completa para gest\u00e3o de tempo dos colaboradores, atrav\u00e9s de suas solu\u00e7\u00f5es de controle de ponto & timesheets, ela permite que gestores, RH e DP possam gerenciar desde a jornada de trabalho de funcion\u00e1rios at\u00e9 a gest\u00e3o de tempo em projetos. Elevando o n\u00edvel estrat\u00e9gico do neg\u00f3cio de forma inteligente e assertiva, potencializando seus resultados e garantindo compliance com a Lei.\",\"email\":\"contato@oitchau.com.br\",\"telephone\":\"+551142102846\",\"foundingDate\":\"2016-01-01\",\"numberOfEmployees\":{\"@type\":\"QuantitativeValue\",\"minValue\":\"51\",\"maxValue\":\"200\"}},{\"@type\":\"Person\",\"@id\":\"https:\/\/www.oitchau.com.br\/blog\/#\/schema\/person\/40ba65f8664531ffe1465f6cb9d82430\",\"name\":\"Aline Mesquita\",\"url\":\"https:\/\/www.oitchau.com.br\/blog\/author\/aline\/\"}]}<\/script>\n<!-- \/ Yoast SEO Premium plugin. -->","yoast_head_json":{"title":"Quais as vantagens de controlar o acesso por biometria facial? | Oitchau","description":"O reconhecimento por biometria facial \u00e9 uma das op\u00e7\u00f5es que s\u00e3o dadas \u00e0s empresas para realizar o controle de jornada de seus empregados.","robots":{"index":"index","follow":"follow","max-snippet":"max-snippet:-1","max-image-preview":"max-image-preview:large","max-video-preview":"max-video-preview:-1"},"canonical":"https:\/\/www.oitchau.com.br\/blog\/quais-as-vantagens-de-controlar-o-acesso-por-biometria-facial\/","og_locale":"pt_BR","og_type":"article","og_title":"Quais as vantagens de controlar o acesso por biometria facial?","og_description":"O reconhecimento por biometria facial \u00e9 uma das op\u00e7\u00f5es que s\u00e3o dadas \u00e0s empresas para realizar o controle de jornada de seus empregados.","og_url":"https:\/\/www.oitchau.com.br\/blog\/quais-as-vantagens-de-controlar-o-acesso-por-biometria-facial\/","og_site_name":"Controle de Ponto &amp; Timesheets","article_publisher":"https:\/\/www.facebook.com\/oitchaubr\/","article_published_time":"2020-07-17T03:06:33+00:00","article_modified_time":"2024-07-26T11:46:18+00:00","og_image":[{"width":1982,"height":800,"url":"https:\/\/storage.googleapis.com\/oitchaublog\/2020\/07\/d1c2a576-biometria-facial-2.png","type":"image\/png"}],"author":"Aline Mesquita","twitter_card":"summary_large_image","twitter_creator":"@oitchaubr","twitter_site":"@oitchaubr","twitter_misc":{"Written by":"Aline Mesquita","Est. reading time":"7 minutos"},"schema":{"@context":"https:\/\/schema.org","@graph":[{"@type":["Article","BlogPosting"],"@id":"https:\/\/www.oitchau.com.br\/blog\/quais-as-vantagens-de-controlar-o-acesso-por-biometria-facial\/#article","isPartOf":{"@id":"https:\/\/www.oitchau.com.br\/blog\/quais-as-vantagens-de-controlar-o-acesso-por-biometria-facial\/"},"author":{"name":"Aline Mesquita","@id":"https:\/\/www.oitchau.com.br\/blog\/#\/schema\/person\/40ba65f8664531ffe1465f6cb9d82430"},"headline":"Quais as vantagens de controlar o acesso por biometria facial?","datePublished":"2020-07-17T03:06:33+00:00","dateModified":"2024-07-26T11:46:18+00:00","mainEntityOfPage":{"@id":"https:\/\/www.oitchau.com.br\/blog\/quais-as-vantagens-de-controlar-o-acesso-por-biometria-facial\/"},"wordCount":1351,"publisher":{"@id":"https:\/\/www.oitchau.com.br\/blog\/#organization"},"image":{"@id":"https:\/\/www.oitchau.com.br\/blog\/quais-as-vantagens-de-controlar-o-acesso-por-biometria-facial\/#primaryimage"},"thumbnailUrl":"https:\/\/storage.googleapis.com\/oitchaublog\/2020\/07\/d1c2a576-biometria-facial-2.png","keywords":["Biometria","Biometria facial","Ponto biom\u00e9trico"],"articleSection":["Jornada &amp; Ponto"],"inLanguage":"pt-BR"},{"@type":"WebPage","@id":"https:\/\/www.oitchau.com.br\/blog\/quais-as-vantagens-de-controlar-o-acesso-por-biometria-facial\/","url":"https:\/\/www.oitchau.com.br\/blog\/quais-as-vantagens-de-controlar-o-acesso-por-biometria-facial\/","name":"Quais as vantagens de controlar o acesso por biometria facial? | Oitchau","isPartOf":{"@id":"https:\/\/www.oitchau.com.br\/blog\/#website"},"primaryImageOfPage":{"@id":"https:\/\/www.oitchau.com.br\/blog\/quais-as-vantagens-de-controlar-o-acesso-por-biometria-facial\/#primaryimage"},"image":{"@id":"https:\/\/www.oitchau.com.br\/blog\/quais-as-vantagens-de-controlar-o-acesso-por-biometria-facial\/#primaryimage"},"thumbnailUrl":"https:\/\/storage.googleapis.com\/oitchaublog\/2020\/07\/d1c2a576-biometria-facial-2.png","datePublished":"2020-07-17T03:06:33+00:00","dateModified":"2024-07-26T11:46:18+00:00","description":"O reconhecimento por biometria facial \u00e9 uma das op\u00e7\u00f5es que s\u00e3o dadas \u00e0s empresas para realizar o controle de jornada de seus empregados.","breadcrumb":{"@id":"https:\/\/www.oitchau.com.br\/blog\/quais-as-vantagens-de-controlar-o-acesso-por-biometria-facial\/#breadcrumb"},"inLanguage":"pt-BR","potentialAction":[{"@type":"ReadAction","target":["https:\/\/www.oitchau.com.br\/blog\/quais-as-vantagens-de-controlar-o-acesso-por-biometria-facial\/"]}]},{"@type":"ImageObject","inLanguage":"pt-BR","@id":"https:\/\/www.oitchau.com.br\/blog\/quais-as-vantagens-de-controlar-o-acesso-por-biometria-facial\/#primaryimage","url":"https:\/\/storage.googleapis.com\/oitchaublog\/2020\/07\/d1c2a576-biometria-facial-2.png","contentUrl":"https:\/\/storage.googleapis.com\/oitchaublog\/2020\/07\/d1c2a576-biometria-facial-2.png","width":1982,"height":800,"caption":"biometria facial"},{"@type":"BreadcrumbList","@id":"https:\/\/www.oitchau.com.br\/blog\/quais-as-vantagens-de-controlar-o-acesso-por-biometria-facial\/#breadcrumb","itemListElement":[{"@type":"ListItem","position":1,"name":"Blog","item":"https:\/\/www.oitchau.com.br\/blog\/"},{"@type":"ListItem","position":2,"name":"Quais as vantagens de controlar o acesso por biometria facial?"}]},{"@type":"WebSite","@id":"https:\/\/www.oitchau.com.br\/blog\/#website","url":"https:\/\/www.oitchau.com.br\/blog\/","name":"Controle de Ponto & Timesheets","description":"","publisher":{"@id":"https:\/\/www.oitchau.com.br\/blog\/#organization"},"potentialAction":[{"@type":"SearchAction","target":{"@type":"EntryPoint","urlTemplate":"https:\/\/www.oitchau.com.br\/blog\/?s={search_term_string}"},"query-input":"required name=search_term_string"}],"inLanguage":"pt-BR"},{"@type":"Organization","@id":"https:\/\/www.oitchau.com.br\/blog\/#organization","name":"Oitchau","url":"https:\/\/www.oitchau.com.br\/blog\/","logo":{"@type":"ImageObject","inLanguage":"pt-BR","@id":"https:\/\/www.oitchau.com.br\/blog\/#\/schema\/logo\/image\/","url":"https:\/\/storage.googleapis.com\/oitchaublog\/2024\/03\/a0e65c6f-design-sem-nome-20.png","contentUrl":"https:\/\/storage.googleapis.com\/oitchaublog\/2024\/03\/a0e65c6f-design-sem-nome-20.png","width":696,"height":696,"caption":"Oitchau"},"image":{"@id":"https:\/\/www.oitchau.com.br\/blog\/#\/schema\/logo\/image\/"},"sameAs":["https:\/\/www.facebook.com\/oitchaubr\/","https:\/\/twitter.com\/oitchaubr","https:\/\/instagram.com\/oitchaubr"],"description":"A Oitchau \u00e9 uma solu\u00e7\u00e3o completa para gest\u00e3o de tempo dos colaboradores, atrav\u00e9s de suas solu\u00e7\u00f5es de controle de ponto & timesheets, ela permite que gestores, RH e DP possam gerenciar desde a jornada de trabalho de funcion\u00e1rios at\u00e9 a gest\u00e3o de tempo em projetos. Elevando o n\u00edvel estrat\u00e9gico do neg\u00f3cio de forma inteligente e assertiva, potencializando seus resultados e garantindo compliance com a Lei.","email":"contato@oitchau.com.br","telephone":"+551142102846","foundingDate":"2016-01-01","numberOfEmployees":{"@type":"QuantitativeValue","minValue":"51","maxValue":"200"}},{"@type":"Person","@id":"https:\/\/www.oitchau.com.br\/blog\/#\/schema\/person\/40ba65f8664531ffe1465f6cb9d82430","name":"Aline Mesquita","url":"https:\/\/www.oitchau.com.br\/blog\/author\/aline\/"}]}},"_links":{"self":[{"href":"https:\/\/www.oitchau.com.br\/blog\/wp-json\/wp\/v2\/posts\/11059"}],"collection":[{"href":"https:\/\/www.oitchau.com.br\/blog\/wp-json\/wp\/v2\/posts"}],"about":[{"href":"https:\/\/www.oitchau.com.br\/blog\/wp-json\/wp\/v2\/types\/post"}],"author":[{"embeddable":true,"href":"https:\/\/www.oitchau.com.br\/blog\/wp-json\/wp\/v2\/users\/11"}],"replies":[{"embeddable":true,"href":"https:\/\/www.oitchau.com.br\/blog\/wp-json\/wp\/v2\/comments?post=11059"}],"version-history":[{"count":2,"href":"https:\/\/www.oitchau.com.br\/blog\/wp-json\/wp\/v2\/posts\/11059\/revisions"}],"predecessor-version":[{"id":34922,"href":"https:\/\/www.oitchau.com.br\/blog\/wp-json\/wp\/v2\/posts\/11059\/revisions\/34922"}],"wp:featuredmedia":[{"embeddable":true,"href":"https:\/\/www.oitchau.com.br\/blog\/wp-json\/wp\/v2\/media\/34921"}],"wp:attachment":[{"href":"https:\/\/www.oitchau.com.br\/blog\/wp-json\/wp\/v2\/media?parent=11059"}],"wp:term":[{"taxonomy":"category","embeddable":true,"href":"https:\/\/www.oitchau.com.br\/blog\/wp-json\/wp\/v2\/categories?post=11059"},{"taxonomy":"post_tag","embeddable":true,"href":"https:\/\/www.oitchau.com.br\/blog\/wp-json\/wp\/v2\/tags?post=11059"}],"curies":[{"name":"wp","href":"https:\/\/api.w.org\/{rel}","templated":true}]}}