{"id":10057,"date":"2020-05-14T08:09:46","date_gmt":"2020-05-14T05:09:46","guid":{"rendered":"https:\/\/www.oitchau.com.br\/blog\/?p=10057"},"modified":"2024-07-24T12:03:05","modified_gmt":"2024-07-24T09:03:05","slug":"calendario-dp-como-elaborar-de-forma-eficiente","status":"publish","type":"post","link":"https:\/\/www.oitchau.com.br\/blog\/calendario-dp-como-elaborar-de-forma-eficiente\/","title":{"rendered":"Calend\u00e1rio DP: Como elaborar de forma eficiente?"},"content":{"rendered":"\r\n<p>O Departamento Pessoal (DP) de uma empresa \u00e9 essencial para o funcionamento dela pelo fato de que \u00e9 respons\u00e1vel pela gest\u00e3o burocr\u00e1tica dos <a href=\"https:\/\/www.oitchau.com.br\/blog\/motivar-os-colaboradores-como-fazer-isso-na-sua-empresa\/\">colaboradores <\/a>que prestam servi\u00e7os a ela. Para que suas atividades sejam coordenadas e efetivas. \u00c9 muito importante que haja o desenvolvimento de um calend\u00e1rio DP pela institui\u00e7\u00e3o.<\/p>\r\n\r\n\r\n\r\n<p>Esse calend\u00e1rio nada mais \u00e9 do que a organiza\u00e7\u00e3o com as datas mais importantes que podem ser utilizadas para a realiza\u00e7\u00e3o de a\u00e7\u00f5es pela empresa, assim como relativas aos pagamentos de importantes taxas e remunera\u00e7\u00f5es e para a cess\u00e3o de documentos os \u00f3rg\u00e3os governamentais.<\/p>\r\n\r\n\r\n\r\n<p>Confira abaixo como organizar um calend\u00e1rio DP e aumentar a efetividade do setor de recursos humanos da sua empresa.<\/p>\r\n\r\n\r\n\r\n<h2 class=\"wp-block-heading\">O que \u00e9 Departamento Pessoal?<\/h2>\r\n\r\n\r\n\r\n<p>O departamento pessoal de uma empresa costuma compor o setor de recursos humanos, que por sua vez \u00e9 popularmente conhecido simplesmente como RH.<\/p>\r\n\r\n\r\n\r\n<p>O DP \u00e9 respons\u00e1vel por lidar com a parte burocr\u00e1tica relativa \u00e0 legisla\u00e7\u00e3o Trabalhista e Previdenci\u00e1ria de uma empresa. Isso \u00e9 importante uma vez que o funcionamento de uma empresa depende da observa\u00e7\u00e3o de diversos prazos para pagamentos referentes a taxas obrigat\u00f3rias a serem pagas para o governo e concess\u00e3o de informa\u00e7\u00f5es.<\/p>\r\n\r\n\r\n\r\n<p>Dentre suas fun\u00e7\u00f5es est\u00e3o a elabora\u00e7\u00e3o da folha de pagamento dos colaboradores e parceiros, o registro das carteiras de trabalho (CTPS) dos funcion\u00e1rios, o c\u00e1lculo e pagamento das guias do <a href=\"https:\/\/www.oitchau.com.br\/blog\/inss-tudo-sobre-o-instituto-nacional-do-seguro-social\/\">INSS <\/a>e <a href=\"https:\/\/www.oitchau.com.br\/blog\/tudo-o-que-voce-precisa-saber-sobre-fgts\/\">FGTS <\/a>e dos valores referentes \u00e0s despesas demissionais, dentre outros.<\/p>\r\n\r\n\r\n\r\n<p>Esses pagamentos e concess\u00f5es de dados devem respeitar prazos que s\u00e3o previamente estabelecidos. Dessa maneira, organizar o calend\u00e1rio para essas obriga\u00e7\u00f5es \u00e9 uma \u00f3tima forma de manter o departamento pessoal organizado e garantir que suas atividades sejam realizadas dentro do per\u00edodo necess\u00e1rio.<\/p>\r\n\r\n\r\n\r\n<p>O calend\u00e1rio DP deve conter os feriados anuais, cujo dia da semana se altera anualmente, assim como os dias de pagamento dos sal\u00e1rios e outras parcelas que s\u00e3o destinadas aos colaboradores.<\/p>\r\n\r\n\r\n\r\n<p>Diante da import\u00e2ncia dessa organiza\u00e7\u00e3o separamos, abaixo, algumas dicas para a organiza\u00e7\u00e3o do calend\u00e1rio DP anual de sua empresa. Confira!<\/p>\r\n\r\n\r\n\r\n\r\n\r\n<h2 class=\"wp-block-heading\">Como organizar o calend\u00e1rio DP?<\/h2>\r\n\r\n\r\n\r\n<p>Existem pagamentos e concess\u00f5es de dados que devem ser feitas mensalmente, enquanto outras possuem frequ\u00eancia anual. A elabora\u00e7\u00e3o de um calend\u00e1rio pode garantir a organiza\u00e7\u00e3o da empresa e evitar surpresas desagrad\u00e1veis em rela\u00e7\u00e3o aos prazos ou dias em que as atividades n\u00e3o ocorrer\u00e3o em raz\u00e3o de feriados.<\/p>\r\n\r\n\r\n\r\n<p>Abaixo listamos as principais parcelas e datas que devem chamar a aten\u00e7\u00e3o do departamento pessoal no momento da elabora\u00e7\u00e3o do calend\u00e1rio DP.<\/p>\r\n\r\n\r\n\r\n<h3 class=\"wp-block-heading\">1.\u00a0\u00a0\u00a0\u00a0\u00a0 CAGED<\/h3>\r\n\r\n\r\n\r\n<p>O <a href=\"https:\/\/www.oitchau.com.br\/blog\/caged-conheca-mais-sobre-este-medidor\/\">CAGED <\/a>corresponde ao Cadastro Geral de Empregados e Desempregados e corresponde a uma base de dados do Governo Federal cujo preenchimento de informa\u00e7\u00f5es depende da concess\u00e3o delas pelas empresas.<\/p>\r\n\r\n\r\n\r\n<p>Assim ele \u00e9 alimentado por declara\u00e7\u00f5es de admiss\u00f5es, demiss\u00f5es e transfer\u00eancias realizadas internamente pela empresa. Seu envio deve ser realizado com frequ\u00eancia mensal ao Minist\u00e9rio do Trabalho e Previd\u00eancia Social e cabe ao departamento pessoal da empresa.<\/p>\r\n\r\n\r\n\r\n<p>Essas informa\u00e7\u00f5es devem ser concedidas pela institui\u00e7\u00e3o privada mensalmente ao CAGED at\u00e9 o dia 07 do corrente m\u00eas.<\/p>\r\n\r\n\r\n\r\n<p>Caso esse prazo n\u00e3o seja respeitado a empresa ela ser\u00e1 submetida ao pagamento de multa calculada com base no n\u00famero de dias em atraso e o n\u00famero de funcion\u00e1rios cujo cadastro ficou pendente, seja ela de admiss\u00e3o, dispensa ou transfer\u00eancia.<\/p>\r\n\r\n\r\n\r\n<p>Uma boa maneira de organizar as informa\u00e7\u00f5es do CAGED \u00e9 que o seu calend\u00e1rio DP o programe para todo 5\u00ba dia \u00fatil de cada m\u00eas.<\/p>\r\n\r\n\r\n\r\n<h3 class=\"wp-block-heading\">2.\u00a0\u00a0\u00a0\u00a0\u00a0 GPS<\/h3>\r\n\r\n\r\n\r\n<p>Outra atividade que deve ser mensalmente observada pelo calend\u00e1rio DP \u00e9 referente \u00e0 CPD, ou seja, \u00e0 <a href=\"https:\/\/www.oitchau.com.br\/blog\/gps-em-atraso-o-que-fazer-saiba-aqui\/\">Guia da Previd\u00eancia Social &#8211; GPS<\/a>. Ela nada mais \u00e9 do que o valor que deve ser repassado ao INSS todo o m\u00eas, o qual \u00e9 descontado diretamente do holerite do trabalhador.<\/p>\r\n\r\n\r\n\r\n<p>\u00c9 esse valor que \u00e9 respons\u00e1vel por garantir ao contribuinte previdenci\u00e1rio os benef\u00edcios do INSS previstos por lei, como a aposentadoria, sal\u00e1rio-maternidade, aux\u00edlio doen\u00e7a e acident\u00e1rio, dentre outros.<\/p>\r\n\r\n\r\n\r\n<p>A contribui\u00e7\u00e3o concernente \u00e0 GPS deve ser realizada obrigatoriamente pelas empresas at\u00e9 o dia 20 do m\u00eas subsequente ao pagamento da remunera\u00e7\u00e3o ao trabalhador. O pagamento da GPS referente ao m\u00eas de maio deve ser realizado, por exemplo, at\u00e9 o dia 20 de junho.<\/p>\r\n\r\n\r\n\r\n<p>Assim, o calend\u00e1rio DP deve conter as previs\u00f5es referentes ao recolhimento previdenci\u00e1rio ilustrado pela GPS, preferencialmente junto ao pagamento dos sal\u00e1rios dos colaboradores nos primeiros dias do m\u00eas.<\/p>\r\n\r\n\r\n\r\n<h3 class=\"wp-block-heading\">3.\u00a0\u00a0\u00a0\u00a0\u00a0 DARF<\/h3>\r\n\r\n\r\n\r\n<p>Outra obriga\u00e7\u00e3o mensal relativa \u00e0s empresas e que \u00e9 de responsabilidade do departamento pessoal \u00e9 a elabora\u00e7\u00e3o do DARF, o Documento de Arrecada\u00e7\u00e3o de Receitas Federais.<\/p>\r\n\r\n\r\n\r\n<p>Uma vez que n\u00e3o h\u00e1 uma data fixa para sua quita\u00e7\u00e3o, esse \u00e9 um dos documentos que exige maior aten\u00e7\u00e3o no calend\u00e1rio DP. Sua elabora\u00e7\u00e3o deve ser realizada sempre que houver o pagamento dos impostos embutidos nas opera\u00e7\u00f5es de uma empresa, sendo que cada um deles possui uma data pr\u00f3pria conforme a Receita Federal.<\/p>\r\n\r\n\r\n\r\n<p>Dessa maneira, \u00e9 necess\u00e1rio analisar cada um dos impostos pagos pela empresa e analisar os prazos de pagamento, adicionando-os no calend\u00e1rio DP de sua empresa.<\/p>\r\n\r\n\r\n\r\n<h3 class=\"wp-block-heading\">4.\u00a0\u00a0\u00a0\u00a0\u00a0 e-Social<\/h3>\r\n\r\n\r\n\r\n<p>O <a href=\"https:\/\/www.oitchau.com.br\/blog\/veja-quais-os-principais-eventos-do-e-social\/\">e-Social<\/a> \u00e9 formado pela concess\u00e3o de diversas informa\u00e7\u00f5es pelas empresas a esse banco de dados.<\/p>\r\n\r\n\r\n\r\n<p>S\u00e3o diversos os dados que s\u00e3o abarcados pelo eSocial e eles s\u00e3o divididos mensalmente. A data de cada um deles varia de empresa para empresa, pois o estabelecimento deles se divide conforme o faturamento anual da institui\u00e7\u00e3o.<\/p>\r\n\r\n\r\n\r\n<p>Assim, com base no faturamento da institui\u00e7\u00e3o privada \u00e9 poss\u00edvel conferir no site do eSocial quando devem ser realizadas as concess\u00f5es de dados.<\/p>\r\n\r\n\r\n\r\n<p>Dentre os dados que devem ser concedidos ao eSocial e que devem ser contidos pelo calend\u00e1rio DP est\u00e3o:<\/p>\r\n\r\n\r\n\r\n<ul>\r\n<li>Envio do cadastro do empregador e tabelas;<\/li>\r\n<li>Apresenta\u00e7\u00e3o de informa\u00e7\u00f5es condizentes aos trabalhadores e seus v\u00ednculos com as empresas, como admiss\u00f5es, demiss\u00f5es, afastamentos ou transfer\u00eancias;<\/li>\r\n<li>Concess\u00e3o das folhas de pagamento;<\/li>\r\n<li>Envio de dados de seguran\u00e7a e sa\u00fade do trabalhador.<\/li>\r\n<\/ul>\r\n\r\n\r\n\r\n<p>Enquanto empresas com mais de 78 milh\u00f5es de faturamento anual devem organizar seu calend\u00e1rio em rela\u00e7\u00e3o a essas informa\u00e7\u00f5es entre janeiro e maio de cada ano, aos MEI, pessoas f\u00edsicas e empresas enquadradas no Simples o calend\u00e1rio DP deve consider\u00e1-los para o per\u00edodo entre julho e novembro, anualmente.<\/p>\r\n\r\n\r\n\r\n<h3 class=\"wp-block-heading\">5.\u00a0\u00a0\u00a0\u00a0\u00a0 DIRF<\/h3>\r\n\r\n\r\n\r\n<p>Outra obriga\u00e7\u00e3o empresarial que deve necessariamente constar no calend\u00e1rio DP da institui\u00e7\u00e3o \u00e9 a Declara\u00e7\u00e3o do Imposto sobre a Renda Retido na Fonte (DIRF).<\/p>\r\n\r\n\r\n\r\n<p>Essa declara\u00e7\u00e3o tem data estipulada anualmente, de forma que cabe ao departamento pessoal se organizar em rela\u00e7\u00e3o \u00e0s datas anuais. A aus\u00eancia de respeito aos prazos estabelecidos pela Receita Federal torna a empresa pass\u00edvel de multa.<\/p>\r\n\r\n\r\n\r\n<h3 class=\"wp-block-heading\">6.\u00a0\u00a0\u00a0\u00a0\u00a0 Pagamento salarial<\/h3>\r\n\r\n\r\n\r\n<p>Outro dado que deve ser observado na organiza\u00e7\u00e3o de um calend\u00e1rio DP diz respeito \u00e0s datas em que \u00e9 realizado o pagamento salarial dos empregados, assim como de demais parcelas remunerat\u00f3rias.<\/p>\r\n\r\n\r\n\r\n<p>Esse pagamento \u00e9 geralmente realizado at\u00e9 o 5\u00ba dia \u00fatil de cada m\u00eas, de forma que deve ser previsto para o in\u00edcio de todo m\u00eas.<\/p>\r\n\r\n\r\n\r\n<h3 class=\"wp-block-heading\">7.\u00a0\u00a0\u00a0\u00a0\u00a0 Feriados e pontos facultativos<\/h3>\r\n\r\n\r\n\r\n<p>A empresa deve observar no calend\u00e1rio DP a lista de feriados obrigat\u00f3rios. Isso porque nesse dia n\u00e3o haveria a obriga\u00e7\u00e3o de presta\u00e7\u00e3o de servi\u00e7o pelo trabalhador e, caso haja, \u00e9 devido a ele o pagamento em dobro da remunera\u00e7\u00e3o di\u00e1ria.<\/p>\r\n\r\n\r\n\r\n<p>A organiza\u00e7\u00e3o da empresa depende necessariamente do conhecimento pr\u00e9vio de tais datas. Comp\u00f5em os feriados que devem ser observados anualmente e constar no calend\u00e1rio DP:<\/p>\r\n\r\n\r\n\r\n<ul>\r\n<li>Janeiro: Confraterniza\u00e7\u00e3o Universal (1\u00ba de janeiro);<\/li>\r\n<li>Mar\u00e7o: Paix\u00e3o de Cristo (a data sofre altera\u00e7\u00f5es todos os anos);<\/li>\r\n<li>Abril: Tiradentes (dia 21);<\/li>\r\n<li>Maio: Dia Mundial do Trabalho (dia primeiro);<\/li>\r\n<li>Setembro: Independ\u00eancia do Brasil (dia 07);<\/li>\r\n<li>Outubro: Nossa Senhora Aparecida (dia 12);<\/li>\r\n<li>Novembro: Finados (dia 02) e Proclama\u00e7\u00e3o da Rep\u00fablica (dia 15);<\/li>\r\n<li>Dezembro: Natal (dia 25).<\/li>\r\n<\/ul>\r\n\r\n\r\n\r\n<p>Datas que s\u00e3o consideradas como feriados facultativos, como o carnaval ou feriados municipais e estaduais devem ser observados.<\/p>\r\n\r\n\r\n\r\n<p>\u00c9 necess\u00e1rio observar se eventual decreto municipal ou estadual n\u00e3o tornou o feriado obrigat\u00f3rio no territ\u00f3rio, como \u00e9 o caso do Corpus Christi, reconhecido como obrigat\u00f3rio na maioria das cidades brasileiras.<\/p>\r\n\r\n\r\n\r\n<p><strong>Veja tamb\u00e9m:<\/strong>\u00a0<a href=\"https:\/\/www.oitchau.com.br\/blog\/horas-trabalhadas-na-empresa-por-que-fazer-esse-controle\/\">Horas trabalhadas na empresa: por que fazer esse controle?<\/a><\/p>\r\n\r\n\r\n\r\n<p><em>Gostou das dicas sobre calend\u00e1rio DP? Deixe o seu coment\u00e1rio e compartilhe estas dicas em suas redes sociais! Siga-nos tamb\u00e9m no\u00a0<\/em><a href=\"https:\/\/www.instagram.com\/oitchaubr\/\"><em>Instagram<\/em><\/a><em>!<\/em><\/p>\r\n","protected":false},"excerpt":{"rendered":"<p>O Departamento Pessoal (DP) de uma empresa \u00e9 essencial para o funcionamento dela pelo fato de que \u00e9 respons\u00e1vel pela gest\u00e3o burocr\u00e1tica dos colaboradores que prestam servi\u00e7os a ela. Para que suas atividades sejam coordenadas e efetivas. \u00c9 muito importante que haja o desenvolvimento de um calend\u00e1rio DP pela institui\u00e7\u00e3o. Esse calend\u00e1rio nada mais \u00e9 [&hellip;]<\/p>\n","protected":false},"author":11,"featured_media":34806,"comment_status":"closed","ping_status":"open","sticky":false,"template":"","format":"standard","meta":{"content-type":"","footnotes":""},"categories":[224],"tags":[13958,12124,12114],"yoast_head":"<!-- This site is optimized with the Yoast SEO Premium plugin v22.2 (Yoast SEO v22.2) - https:\/\/yoast.com\/wordpress\/plugins\/seo\/ -->\n<title>Calend\u00e1rio DP: Como elaborar de forma eficiente? | Oitchau<\/title>\n<meta name=\"description\" content=\"\u00c9 necess\u00e1rio o desenvolvimento de um calend\u00e1rio DP pela institui\u00e7\u00e3o, para que as datas mais relevantes sejam lembradas, tanto para a\u00e7\u00f5es quanto pagamentos.\" \/>\n<meta name=\"robots\" content=\"index, follow, max-snippet:-1, max-image-preview:large, max-video-preview:-1\" \/>\n<link rel=\"canonical\" href=\"https:\/\/www.oitchau.com.br\/blog\/calendario-dp-como-elaborar-de-forma-eficiente\/\" \/>\n<meta property=\"og:locale\" content=\"pt_BR\" \/>\n<meta property=\"og:type\" content=\"article\" \/>\n<meta property=\"og:title\" content=\"Calend\u00e1rio DP: Como elaborar de forma eficiente?\" \/>\n<meta property=\"og:description\" content=\"\u00c9 necess\u00e1rio o desenvolvimento de um calend\u00e1rio DP pela institui\u00e7\u00e3o, para que as datas mais relevantes sejam lembradas, tanto para a\u00e7\u00f5es quanto pagamentos.\" \/>\n<meta property=\"og:url\" content=\"https:\/\/www.oitchau.com.br\/blog\/calendario-dp-como-elaborar-de-forma-eficiente\/\" \/>\n<meta property=\"og:site_name\" content=\"Controle de Ponto &amp; Timesheets\" \/>\n<meta property=\"article:publisher\" content=\"https:\/\/www.facebook.com\/oitchaubr\/\" \/>\n<meta property=\"article:published_time\" content=\"2020-05-14T05:09:46+00:00\" \/>\n<meta property=\"article:modified_time\" content=\"2024-07-24T09:03:05+00:00\" \/>\n<meta property=\"og:image\" content=\"https:\/\/storage.googleapis.com\/oitchaublog\/2020\/05\/eff9ef33-calendario-dp.jpg\" \/>\n\t<meta property=\"og:image:width\" content=\"1982\" \/>\n\t<meta property=\"og:image:height\" content=\"800\" \/>\n\t<meta property=\"og:image:type\" content=\"image\/jpeg\" \/>\n<meta name=\"author\" content=\"Aline Mesquita\" \/>\n<meta name=\"twitter:card\" content=\"summary_large_image\" \/>\n<meta name=\"twitter:creator\" content=\"@oitchaubr\" \/>\n<meta name=\"twitter:site\" content=\"@oitchaubr\" \/>\n<meta name=\"twitter:label1\" content=\"Written by\" \/>\n\t<meta name=\"twitter:data1\" content=\"Aline Mesquita\" \/>\n\t<meta name=\"twitter:label2\" content=\"Est. reading time\" \/>\n\t<meta name=\"twitter:data2\" content=\"8 minutos\" \/>\n<script type=\"application\/ld+json\" class=\"yoast-schema-graph\">{\"@context\":\"https:\/\/schema.org\",\"@graph\":[{\"@type\":[\"Article\",\"BlogPosting\"],\"@id\":\"https:\/\/www.oitchau.com.br\/blog\/calendario-dp-como-elaborar-de-forma-eficiente\/#article\",\"isPartOf\":{\"@id\":\"https:\/\/www.oitchau.com.br\/blog\/calendario-dp-como-elaborar-de-forma-eficiente\/\"},\"author\":{\"name\":\"Aline Mesquita\",\"@id\":\"https:\/\/www.oitchau.com.br\/blog\/#\/schema\/person\/40ba65f8664531ffe1465f6cb9d82430\"},\"headline\":\"Calend\u00e1rio DP: Como elaborar de forma eficiente?\",\"datePublished\":\"2020-05-14T05:09:46+00:00\",\"dateModified\":\"2024-07-24T09:03:05+00:00\",\"mainEntityOfPage\":{\"@id\":\"https:\/\/www.oitchau.com.br\/blog\/calendario-dp-como-elaborar-de-forma-eficiente\/\"},\"wordCount\":1455,\"publisher\":{\"@id\":\"https:\/\/www.oitchau.com.br\/blog\/#organization\"},\"image\":{\"@id\":\"https:\/\/www.oitchau.com.br\/blog\/calendario-dp-como-elaborar-de-forma-eficiente\/#primaryimage\"},\"thumbnailUrl\":\"https:\/\/storage.googleapis.com\/oitchaublog\/2020\/05\/eff9ef33-calendario-dp.jpg\",\"keywords\":[\"calend\u00e1rio\",\"departamento pessoal\",\"DP\"],\"articleSection\":[\"Gest\u00e3o de Pessoas\"],\"inLanguage\":\"pt-BR\"},{\"@type\":\"WebPage\",\"@id\":\"https:\/\/www.oitchau.com.br\/blog\/calendario-dp-como-elaborar-de-forma-eficiente\/\",\"url\":\"https:\/\/www.oitchau.com.br\/blog\/calendario-dp-como-elaborar-de-forma-eficiente\/\",\"name\":\"Calend\u00e1rio DP: Como elaborar de forma eficiente? | Oitchau\",\"isPartOf\":{\"@id\":\"https:\/\/www.oitchau.com.br\/blog\/#website\"},\"primaryImageOfPage\":{\"@id\":\"https:\/\/www.oitchau.com.br\/blog\/calendario-dp-como-elaborar-de-forma-eficiente\/#primaryimage\"},\"image\":{\"@id\":\"https:\/\/www.oitchau.com.br\/blog\/calendario-dp-como-elaborar-de-forma-eficiente\/#primaryimage\"},\"thumbnailUrl\":\"https:\/\/storage.googleapis.com\/oitchaublog\/2020\/05\/eff9ef33-calendario-dp.jpg\",\"datePublished\":\"2020-05-14T05:09:46+00:00\",\"dateModified\":\"2024-07-24T09:03:05+00:00\",\"description\":\"\u00c9 necess\u00e1rio o desenvolvimento de um calend\u00e1rio DP pela institui\u00e7\u00e3o, para que as datas mais relevantes sejam lembradas, tanto para a\u00e7\u00f5es quanto pagamentos.\",\"breadcrumb\":{\"@id\":\"https:\/\/www.oitchau.com.br\/blog\/calendario-dp-como-elaborar-de-forma-eficiente\/#breadcrumb\"},\"inLanguage\":\"pt-BR\",\"potentialAction\":[{\"@type\":\"ReadAction\",\"target\":[\"https:\/\/www.oitchau.com.br\/blog\/calendario-dp-como-elaborar-de-forma-eficiente\/\"]}]},{\"@type\":\"ImageObject\",\"inLanguage\":\"pt-BR\",\"@id\":\"https:\/\/www.oitchau.com.br\/blog\/calendario-dp-como-elaborar-de-forma-eficiente\/#primaryimage\",\"url\":\"https:\/\/storage.googleapis.com\/oitchaublog\/2020\/05\/eff9ef33-calendario-dp.jpg\",\"contentUrl\":\"https:\/\/storage.googleapis.com\/oitchaublog\/2020\/05\/eff9ef33-calendario-dp.jpg\",\"width\":1982,\"height\":800,\"caption\":\"calend\u00e1rio DP\"},{\"@type\":\"BreadcrumbList\",\"@id\":\"https:\/\/www.oitchau.com.br\/blog\/calendario-dp-como-elaborar-de-forma-eficiente\/#breadcrumb\",\"itemListElement\":[{\"@type\":\"ListItem\",\"position\":1,\"name\":\"Blog\",\"item\":\"https:\/\/www.oitchau.com.br\/blog\/\"},{\"@type\":\"ListItem\",\"position\":2,\"name\":\"Calend\u00e1rio DP: Como elaborar de forma eficiente?\"}]},{\"@type\":\"WebSite\",\"@id\":\"https:\/\/www.oitchau.com.br\/blog\/#website\",\"url\":\"https:\/\/www.oitchau.com.br\/blog\/\",\"name\":\"Controle de Ponto & Timesheets\",\"description\":\"\",\"publisher\":{\"@id\":\"https:\/\/www.oitchau.com.br\/blog\/#organization\"},\"potentialAction\":[{\"@type\":\"SearchAction\",\"target\":{\"@type\":\"EntryPoint\",\"urlTemplate\":\"https:\/\/www.oitchau.com.br\/blog\/?s={search_term_string}\"},\"query-input\":\"required name=search_term_string\"}],\"inLanguage\":\"pt-BR\"},{\"@type\":\"Organization\",\"@id\":\"https:\/\/www.oitchau.com.br\/blog\/#organization\",\"name\":\"Oitchau\",\"url\":\"https:\/\/www.oitchau.com.br\/blog\/\",\"logo\":{\"@type\":\"ImageObject\",\"inLanguage\":\"pt-BR\",\"@id\":\"https:\/\/www.oitchau.com.br\/blog\/#\/schema\/logo\/image\/\",\"url\":\"https:\/\/storage.googleapis.com\/oitchaublog\/2024\/03\/a0e65c6f-design-sem-nome-20.png\",\"contentUrl\":\"https:\/\/storage.googleapis.com\/oitchaublog\/2024\/03\/a0e65c6f-design-sem-nome-20.png\",\"width\":696,\"height\":696,\"caption\":\"Oitchau\"},\"image\":{\"@id\":\"https:\/\/www.oitchau.com.br\/blog\/#\/schema\/logo\/image\/\"},\"sameAs\":[\"https:\/\/www.facebook.com\/oitchaubr\/\",\"https:\/\/twitter.com\/oitchaubr\",\"https:\/\/instagram.com\/oitchaubr\"],\"description\":\"A Oitchau \u00e9 uma solu\u00e7\u00e3o completa para gest\u00e3o de tempo dos colaboradores, atrav\u00e9s de suas solu\u00e7\u00f5es de controle de ponto & timesheets, ela permite que gestores, RH e DP possam gerenciar desde a jornada de trabalho de funcion\u00e1rios at\u00e9 a gest\u00e3o de tempo em projetos. Elevando o n\u00edvel estrat\u00e9gico do neg\u00f3cio de forma inteligente e assertiva, potencializando seus resultados e garantindo compliance com a Lei.\",\"email\":\"contato@oitchau.com.br\",\"telephone\":\"+551142102846\",\"foundingDate\":\"2016-01-01\",\"numberOfEmployees\":{\"@type\":\"QuantitativeValue\",\"minValue\":\"51\",\"maxValue\":\"200\"}},{\"@type\":\"Person\",\"@id\":\"https:\/\/www.oitchau.com.br\/blog\/#\/schema\/person\/40ba65f8664531ffe1465f6cb9d82430\",\"name\":\"Aline Mesquita\",\"url\":\"https:\/\/www.oitchau.com.br\/blog\/author\/aline\/\"}]}<\/script>\n<!-- \/ Yoast SEO Premium plugin. -->","yoast_head_json":{"title":"Calend\u00e1rio DP: Como elaborar de forma eficiente? | Oitchau","description":"\u00c9 necess\u00e1rio o desenvolvimento de um calend\u00e1rio DP pela institui\u00e7\u00e3o, para que as datas mais relevantes sejam lembradas, tanto para a\u00e7\u00f5es quanto pagamentos.","robots":{"index":"index","follow":"follow","max-snippet":"max-snippet:-1","max-image-preview":"max-image-preview:large","max-video-preview":"max-video-preview:-1"},"canonical":"https:\/\/www.oitchau.com.br\/blog\/calendario-dp-como-elaborar-de-forma-eficiente\/","og_locale":"pt_BR","og_type":"article","og_title":"Calend\u00e1rio DP: Como elaborar de forma eficiente?","og_description":"\u00c9 necess\u00e1rio o desenvolvimento de um calend\u00e1rio DP pela institui\u00e7\u00e3o, para que as datas mais relevantes sejam lembradas, tanto para a\u00e7\u00f5es quanto pagamentos.","og_url":"https:\/\/www.oitchau.com.br\/blog\/calendario-dp-como-elaborar-de-forma-eficiente\/","og_site_name":"Controle de Ponto &amp; Timesheets","article_publisher":"https:\/\/www.facebook.com\/oitchaubr\/","article_published_time":"2020-05-14T05:09:46+00:00","article_modified_time":"2024-07-24T09:03:05+00:00","og_image":[{"width":1982,"height":800,"url":"https:\/\/storage.googleapis.com\/oitchaublog\/2020\/05\/eff9ef33-calendario-dp.jpg","type":"image\/jpeg"}],"author":"Aline Mesquita","twitter_card":"summary_large_image","twitter_creator":"@oitchaubr","twitter_site":"@oitchaubr","twitter_misc":{"Written by":"Aline Mesquita","Est. reading time":"8 minutos"},"schema":{"@context":"https:\/\/schema.org","@graph":[{"@type":["Article","BlogPosting"],"@id":"https:\/\/www.oitchau.com.br\/blog\/calendario-dp-como-elaborar-de-forma-eficiente\/#article","isPartOf":{"@id":"https:\/\/www.oitchau.com.br\/blog\/calendario-dp-como-elaborar-de-forma-eficiente\/"},"author":{"name":"Aline Mesquita","@id":"https:\/\/www.oitchau.com.br\/blog\/#\/schema\/person\/40ba65f8664531ffe1465f6cb9d82430"},"headline":"Calend\u00e1rio DP: Como elaborar de forma eficiente?","datePublished":"2020-05-14T05:09:46+00:00","dateModified":"2024-07-24T09:03:05+00:00","mainEntityOfPage":{"@id":"https:\/\/www.oitchau.com.br\/blog\/calendario-dp-como-elaborar-de-forma-eficiente\/"},"wordCount":1455,"publisher":{"@id":"https:\/\/www.oitchau.com.br\/blog\/#organization"},"image":{"@id":"https:\/\/www.oitchau.com.br\/blog\/calendario-dp-como-elaborar-de-forma-eficiente\/#primaryimage"},"thumbnailUrl":"https:\/\/storage.googleapis.com\/oitchaublog\/2020\/05\/eff9ef33-calendario-dp.jpg","keywords":["calend\u00e1rio","departamento pessoal","DP"],"articleSection":["Gest\u00e3o de Pessoas"],"inLanguage":"pt-BR"},{"@type":"WebPage","@id":"https:\/\/www.oitchau.com.br\/blog\/calendario-dp-como-elaborar-de-forma-eficiente\/","url":"https:\/\/www.oitchau.com.br\/blog\/calendario-dp-como-elaborar-de-forma-eficiente\/","name":"Calend\u00e1rio DP: Como elaborar de forma eficiente? | Oitchau","isPartOf":{"@id":"https:\/\/www.oitchau.com.br\/blog\/#website"},"primaryImageOfPage":{"@id":"https:\/\/www.oitchau.com.br\/blog\/calendario-dp-como-elaborar-de-forma-eficiente\/#primaryimage"},"image":{"@id":"https:\/\/www.oitchau.com.br\/blog\/calendario-dp-como-elaborar-de-forma-eficiente\/#primaryimage"},"thumbnailUrl":"https:\/\/storage.googleapis.com\/oitchaublog\/2020\/05\/eff9ef33-calendario-dp.jpg","datePublished":"2020-05-14T05:09:46+00:00","dateModified":"2024-07-24T09:03:05+00:00","description":"\u00c9 necess\u00e1rio o desenvolvimento de um calend\u00e1rio DP pela institui\u00e7\u00e3o, para que as datas mais relevantes sejam lembradas, tanto para a\u00e7\u00f5es quanto pagamentos.","breadcrumb":{"@id":"https:\/\/www.oitchau.com.br\/blog\/calendario-dp-como-elaborar-de-forma-eficiente\/#breadcrumb"},"inLanguage":"pt-BR","potentialAction":[{"@type":"ReadAction","target":["https:\/\/www.oitchau.com.br\/blog\/calendario-dp-como-elaborar-de-forma-eficiente\/"]}]},{"@type":"ImageObject","inLanguage":"pt-BR","@id":"https:\/\/www.oitchau.com.br\/blog\/calendario-dp-como-elaborar-de-forma-eficiente\/#primaryimage","url":"https:\/\/storage.googleapis.com\/oitchaublog\/2020\/05\/eff9ef33-calendario-dp.jpg","contentUrl":"https:\/\/storage.googleapis.com\/oitchaublog\/2020\/05\/eff9ef33-calendario-dp.jpg","width":1982,"height":800,"caption":"calend\u00e1rio DP"},{"@type":"BreadcrumbList","@id":"https:\/\/www.oitchau.com.br\/blog\/calendario-dp-como-elaborar-de-forma-eficiente\/#breadcrumb","itemListElement":[{"@type":"ListItem","position":1,"name":"Blog","item":"https:\/\/www.oitchau.com.br\/blog\/"},{"@type":"ListItem","position":2,"name":"Calend\u00e1rio DP: Como elaborar de forma eficiente?"}]},{"@type":"WebSite","@id":"https:\/\/www.oitchau.com.br\/blog\/#website","url":"https:\/\/www.oitchau.com.br\/blog\/","name":"Controle de Ponto & Timesheets","description":"","publisher":{"@id":"https:\/\/www.oitchau.com.br\/blog\/#organization"},"potentialAction":[{"@type":"SearchAction","target":{"@type":"EntryPoint","urlTemplate":"https:\/\/www.oitchau.com.br\/blog\/?s={search_term_string}"},"query-input":"required name=search_term_string"}],"inLanguage":"pt-BR"},{"@type":"Organization","@id":"https:\/\/www.oitchau.com.br\/blog\/#organization","name":"Oitchau","url":"https:\/\/www.oitchau.com.br\/blog\/","logo":{"@type":"ImageObject","inLanguage":"pt-BR","@id":"https:\/\/www.oitchau.com.br\/blog\/#\/schema\/logo\/image\/","url":"https:\/\/storage.googleapis.com\/oitchaublog\/2024\/03\/a0e65c6f-design-sem-nome-20.png","contentUrl":"https:\/\/storage.googleapis.com\/oitchaublog\/2024\/03\/a0e65c6f-design-sem-nome-20.png","width":696,"height":696,"caption":"Oitchau"},"image":{"@id":"https:\/\/www.oitchau.com.br\/blog\/#\/schema\/logo\/image\/"},"sameAs":["https:\/\/www.facebook.com\/oitchaubr\/","https:\/\/twitter.com\/oitchaubr","https:\/\/instagram.com\/oitchaubr"],"description":"A Oitchau \u00e9 uma solu\u00e7\u00e3o completa para gest\u00e3o de tempo dos colaboradores, atrav\u00e9s de suas solu\u00e7\u00f5es de controle de ponto & timesheets, ela permite que gestores, RH e DP possam gerenciar desde a jornada de trabalho de funcion\u00e1rios at\u00e9 a gest\u00e3o de tempo em projetos. Elevando o n\u00edvel estrat\u00e9gico do neg\u00f3cio de forma inteligente e assertiva, potencializando seus resultados e garantindo compliance com a Lei.","email":"contato@oitchau.com.br","telephone":"+551142102846","foundingDate":"2016-01-01","numberOfEmployees":{"@type":"QuantitativeValue","minValue":"51","maxValue":"200"}},{"@type":"Person","@id":"https:\/\/www.oitchau.com.br\/blog\/#\/schema\/person\/40ba65f8664531ffe1465f6cb9d82430","name":"Aline Mesquita","url":"https:\/\/www.oitchau.com.br\/blog\/author\/aline\/"}]}},"_links":{"self":[{"href":"https:\/\/www.oitchau.com.br\/blog\/wp-json\/wp\/v2\/posts\/10057"}],"collection":[{"href":"https:\/\/www.oitchau.com.br\/blog\/wp-json\/wp\/v2\/posts"}],"about":[{"href":"https:\/\/www.oitchau.com.br\/blog\/wp-json\/wp\/v2\/types\/post"}],"author":[{"embeddable":true,"href":"https:\/\/www.oitchau.com.br\/blog\/wp-json\/wp\/v2\/users\/11"}],"replies":[{"embeddable":true,"href":"https:\/\/www.oitchau.com.br\/blog\/wp-json\/wp\/v2\/comments?post=10057"}],"version-history":[{"count":1,"href":"https:\/\/www.oitchau.com.br\/blog\/wp-json\/wp\/v2\/posts\/10057\/revisions"}],"predecessor-version":[{"id":34807,"href":"https:\/\/www.oitchau.com.br\/blog\/wp-json\/wp\/v2\/posts\/10057\/revisions\/34807"}],"wp:featuredmedia":[{"embeddable":true,"href":"https:\/\/www.oitchau.com.br\/blog\/wp-json\/wp\/v2\/media\/34806"}],"wp:attachment":[{"href":"https:\/\/www.oitchau.com.br\/blog\/wp-json\/wp\/v2\/media?parent=10057"}],"wp:term":[{"taxonomy":"category","embeddable":true,"href":"https:\/\/www.oitchau.com.br\/blog\/wp-json\/wp\/v2\/categories?post=10057"},{"taxonomy":"post_tag","embeddable":true,"href":"https:\/\/www.oitchau.com.br\/blog\/wp-json\/wp\/v2\/tags?post=10057"}],"curies":[{"name":"wp","href":"https:\/\/api.w.org\/{rel}","templated":true}]}}